{"id":186714,"date":"2023-07-07T13:46:55","date_gmt":"2023-07-07T12:46:55","guid":{"rendered":"https:\/\/newsestlyonnais.fr\/site\/?p=186714"},"modified":"2023-07-07T13:54:06","modified_gmt":"2023-07-07T12:54:06","slug":"sara-marcelin-au-fur-et-a-mesure-le-contact-avec-les-chevaux-sest-impose-naturellement","status":"publish","type":"post","link":"https:\/\/newsestlyonnais.fr\/site\/2023\/07\/07\/sara-marcelin-au-fur-et-a-mesure-le-contact-avec-les-chevaux-sest-impose-naturellement\/","title":{"rendered":"Sara Marcelin \u00ab Au fur et \u00e0 mesure le contact avec les chevaux s\u2019est impos\u00e9 naturellement \u00bb"},"content":{"rendered":"<p><strong><span style=\"background-color: #000000; color: #ffffff;\">Pr\u00e9sentation sommaire<\/span><\/strong><\/p>\n<p>\u00bb J&rsquo;ai 34 ans, je suis originaire d&rsquo;Aix-en-Provence, et r\u00e9sidant \u00e0 Villefranche-sur-Sa\u00f4ne.<\/p>\n<p><strong>V\u00e9t\u00e9rinaire exclusivement \u00e9quin exer\u00e7ant en lib\u00e9ral<\/strong> : je ne fais que de la pratique ambulatoire, je me d\u00e9place chez les particuliers et professionnels avec mon v\u00e9hicule \u00e9quip\u00e9 mais ne poss\u00e8de pas de clinique <strong>\u00ab.<\/strong><\/p>\n<p><strong><span style=\"background-color: #000000; color: #ffffff;\">Votre formation scolaire et pro ? <\/span><\/strong><\/p>\n<p>\u00bb J\u2019ai fait un bac S g\u00e9n\u00e9ral \u00e0 Aix-en-Provence, puis trois ann\u00e9es de classes pr\u00e9paratoires \u00e0 Marseille (j\u2019ai pass\u00e9 deux fois le concours v\u00e9to), et enfin j\u2019ai fait 5 ans \u00e0 l\u2019\u00e9cole v\u00e9t\u00e9rinaire de Lyon (dont la derni\u00e8re ann\u00e9e en Erasmus au Canada \u00e0 Montr\u00e9al).<\/p>\n<p>Ensuite j\u2019ai int\u00e9gr\u00e9 une clinique \u00e9quine priv\u00e9e dans le sud de la France pendant 3 ans, o\u00f9 j\u2019ai d\u2019abord effectu\u00e9 une ann\u00e9e d\u2019internat (ann\u00e9e de sp\u00e9cialisation) et o\u00f9 je suis rest\u00e9e me former ensuite pendant 2 ans. Puis j\u2019ai rencontr\u00e9 mon mari et l\u2019ai rejoint \u00e0 Lyon ou je me suis lanc\u00e9e \u00e0 mon compte <strong>\u00ab.<\/strong><\/p>\n<hr \/>\n<p><span style=\"background-color: #000000; color: #ffffff;\"><strong>Depuis quand exercez-vous la profession de v\u00e9t\u00e9rinaire ? c&rsquo;\u00e9tait un r\u00eave d\u2019enfant ?<\/strong> <\/span><\/p>\n<p>\u00bb <strong>J\u2019exerce donc depuis 2015, mais \u00e0 mon compte donc en solo depuis 2018<\/strong>. Ce n\u2019\u00e9tait pas vraiment un r\u00eave d\u2019enfant, mais \u00e9tant bonne \u00e0 l\u2019\u00e9cole <strong>j\u2019ai pu choisir de m\u2019orienter vers les \u00e9tudes v\u00e9t\u00e9rinaires<\/strong>.<\/p>\n<p>Entr\u00e9e \u00e0 l\u2019\u00e9cole v\u00e9t\u00e9rinaire, j\u2019\u00e9tais ouverte \u00e0 soigner tous types d\u2019animaux. Puis au fur et \u00e0 mesure des stages et des ann\u00e9es d\u2019\u00e9cole, <strong>le contact avec les chevaux s\u2019est impos\u00e9 naturellement<\/strong> (\u00e9tant cavali\u00e8re et propri\u00e9taire de chevaux depuis toute petite) <strong>\u00ab.<\/strong><\/p>\n<p><span style=\"background-color: #000000; color: #ffffff;\"><strong>Vous travaillez \u00e0 l\u2019hippodrome de Bron-Parilly, en quoi consiste votre m\u00e9tier sur le site ? <\/strong><\/span><\/p>\n<p><img loading=\"lazy\" decoding=\"async\" class=\"alignleft wp-image-186755\" src=\"https:\/\/newsestlyonnais.fr\/site\/wp-content\/uploads\/2023\/07\/IMG_3751-1-400x600.jpg\" alt=\"\" width=\"267\" height=\"400\" srcset=\"https:\/\/newsestlyonnais.fr\/site\/wp-content\/uploads\/2023\/07\/IMG_3751-1-400x600.jpg 400w, https:\/\/newsestlyonnais.fr\/site\/wp-content\/uploads\/2023\/07\/IMG_3751-1-250x375.jpg 250w, https:\/\/newsestlyonnais.fr\/site\/wp-content\/uploads\/2023\/07\/IMG_3751-1-150x225.jpg 150w, https:\/\/newsestlyonnais.fr\/site\/wp-content\/uploads\/2023\/07\/IMG_3751-1-50x75.jpg 50w, https:\/\/newsestlyonnais.fr\/site\/wp-content\/uploads\/2023\/07\/IMG_3751-1-100x150.jpg 100w, https:\/\/newsestlyonnais.fr\/site\/wp-content\/uploads\/2023\/07\/IMG_3751-1-200x300.jpg 200w, https:\/\/newsestlyonnais.fr\/site\/wp-content\/uploads\/2023\/07\/IMG_3751-1-300x450.jpg 300w, https:\/\/newsestlyonnais.fr\/site\/wp-content\/uploads\/2023\/07\/IMG_3751-1-350x525.jpg 350w, https:\/\/newsestlyonnais.fr\/site\/wp-content\/uploads\/2023\/07\/IMG_3751-1-450x675.jpg 450w, https:\/\/newsestlyonnais.fr\/site\/wp-content\/uploads\/2023\/07\/IMG_3751-1-500x750.jpg 500w, https:\/\/newsestlyonnais.fr\/site\/wp-content\/uploads\/2023\/07\/IMG_3751-1-550x825.jpg 550w, https:\/\/newsestlyonnais.fr\/site\/wp-content\/uploads\/2023\/07\/IMG_3751-1.jpg 640w\" sizes=\"auto, (max-width: 267px) 100vw, 267px\" \/>\u00bb <strong>Je travaille sur les hippodromes de Lyon depuis maintenant 3 ans,<\/strong> dans le cadre d\u2019une collaboration entre les hippodromes de Lyon et l\u2019\u00e9cole nationale v\u00e9t\u00e9rinaire de Lyon.<\/p>\n<p>Notre mission sur site consiste \u00e0 <strong>effectuer les contr\u00f4les d\u2019identit\u00e9 des chevaux pr\u00e9sents sur l\u2019hippodrome avant les courses, et de contr\u00f4ler que la vaccination des chevaux soit parfaitement conforme avant qu\u2019ils courent.<\/strong><\/p>\n<p>Nous <strong>assurons aussi tous les soins v\u00e9t\u00e9rinaires n\u00e9cessaires<\/strong> pendant les courses et assurons les urgences sur place (chutes, blessures, perfusions, etc). Enfin, notre mission consiste \u00e0 contr\u00f4ler les chevaux \u00e0 l\u2019arriv\u00e9e des courses afin de confirmer leur bonne identit\u00e9 et de permettre une validation de l\u2019arriv\u00e9e.<\/p>\n<p>En revanche, <strong>nous ne prenons absolument pas part au contr\u00f4le anti dopage<\/strong>, cette mission \u00e9tant r\u00e9serv\u00e9e au v\u00e9t\u00e9rinaire du salivarium, dont nous sommes compl\u00e8tement ind\u00e9pendants <strong>\u00ab.<\/strong><\/p>\n<p><strong><span style=\"background-color: #000000; color: #ffffff;\">Vous oeuvrez avant les s\u00e9ances d\u2019entrainement et lors des courses ? Qu\u2019est-ce qui vous plait le plus dans cette activit\u00e9 ?<\/span><\/strong><\/p>\n<p>\u00bb J\u2019ai la chance d\u2019avoir pu cette ann\u00e9e participer aussi au partenariat entre le centre d\u2019entrainement de Chazey sur Ain et l\u2019Ecole V\u00e9t\u00e9rinaire de Lyon : par cons\u00e9quent je vois aussi les chevaux \u00e0 l\u2019entrainement, et je les retrouve pour beaucoup sur les courses lors des diverses r\u00e9unions de l\u2019ann\u00e9e \u00e0 la Soie et \u00e0 Parilly.<br \/>\n<strong>Les chevaux de course sont de v\u00e9ritables athl\u00e8tes (pur sang et trotteurs)<\/strong> et, contrairement aux pr\u00e9jug\u00e9s que beaucoup peuvent avoir, ils sont entrain\u00e9s et soign\u00e9s comme tel : c\u2019est tr\u00e8s int\u00e9ressant de voir la fa\u00e7on dont travaillent les entraineurs pour emmener leurs chevaux au plus haut niveau en prenant en compte les qualit\u00e9s et d\u00e9fauts de chacun.<\/p>\n<p><strong>Etant cavali\u00e8re d\u2019obstacle et de complet<\/strong>, je prends donc part \u00e0 un tout autre univers et c\u2019est un milieu incroyablement enrichissant ! Etre v\u00e9t\u00e9rinaire sur les courses et sur le centre d\u2019entrainement permet de contribuer, en collaboration avec les propri\u00e9taires et les entra\u00eeneurs, aux bons soins et \u00e0 la performance de ces athl\u00e8tes qui sont vraiment diff\u00e9rent des chevaux de sport.<\/p>\n<p><strong>Nous avons la chance d\u2019avoir une \u00e9quipe extraordinaire sur les hippodromes de Lyon<\/strong>, du directeur de l\u2019hippodrome jusqu\u2019aux collaborateurs qui assurent tout le fonctionnement des courses le jour J, en passant bien sur par le r\u00e9gisseur de piste qui nous a rejoint il y a deux ans et qui a fait un travail extraordinaire pour garantir des pistes de qualit\u00e9 pour les chevaux.<\/p>\n<p>En travaillant tous ensemble, en \u00e9changeant nos exp\u00e9riences au sein de nos diff\u00e9rents m\u00e9tiers, nous pouvons faire \u00e9voluer les pistes et les conditions de course et <strong>nous avons pu notamment faire consid\u00e9rablement baisser le taux d\u2019accidents les jours de course !<\/strong><\/p>\n<p>C\u2019est donc je pense ce travail commun, ces divers \u00e9changes, que ce soit avec les professionnels qui entourent directement les chevaux, ou les professionnels sur l\u2019hippodrome en lui m\u00eame qui me plaisent le plus : <strong>un r\u00e9el travail d\u2019\u00e9quipe dans un but commun : le bien \u00eatre des chevaux alli\u00e9 \u00e0 la performance sportive ! \u00ab<\/strong><\/p>\n<hr \/>\n<p><span style=\"background-color: #000000; color: #ffffff;\"><strong>Montez-vous \u00e9galement \u00e0 cheval ? V<\/strong><strong>os projets et ambitions dans votre profession ?<br \/>\n<\/strong><\/span><\/p>\n<p>\u00bb <strong>Je monte \u00e0 cheval depuis toute petite, plut\u00f4t en tant que cavali\u00e8re d\u2019obstacle<\/strong>, et j\u2019ai fait quelques concours complets. Je suis propri\u00e9taire de 3 chevaux, dont un avec lequel je tourne r\u00e9guli\u00e8rement en comp\u00e9tition, et un jeune cheval en cours de d\u00e9bourrage.<\/p>\n<p>Dans ma profession, je n\u2019ai pas de hautes ambitions: je veux rester proche de ma client\u00e8le et n\u2019ai pas de \u00ab grands \u00bb projets particuliers. J\u2019adore le contact et les relations que je cr\u00e9\u00e9e avec mes clients (autant les propri\u00e9taires que les chevaux).<\/p>\n<p>Evidemment soigner des chevaux \u00ab c\u00e9l\u00e8bres \u00bb est toujours valorisant, mais <strong>n\u2019importe quel cheval a de la valeur \u00e0 mes yeux<\/strong>, alors mon activit\u00e9 actuelle me satisfait enti\u00e8rement, et j\u2019esp\u00e8re continuer a avoir une client\u00e8le aussi chouette que celle que j\u2019ai actuellement !<\/p>\n<p>Si tout va bien, le partenariat avec les hippodromes devrait se prolonger pour encore de nombreuses ann\u00e9es et je l\u2019esp\u00e8re vraiment car c\u2019est super de travailler avec une \u00e9quipe comme celle des Hippodromes de Lyon.<\/p>\n<p>Je n\u2019ai pas encore pass\u00e9 le cap d\u2019investir moi m\u00eame dans un cheval de course, mais je crains que la tentation ne devienne de plus en plus grande en les c\u00f4toyant r\u00e9guli\u00e8rement, et <strong>il se peut qu\u2019un jour je tombe moi aussi sous le charme d\u2019un trotteur ou d\u2019un pur sang !<\/strong> <strong>\u00ab<\/strong><\/p>\n<hr \/>\n<p><strong><span style=\"background-color: #000000; color: #ffffff;\">Et pour conclure ?<\/span><\/strong><\/p>\n<p>\u00bb <strong>Je souhaiterai vraiment souligner la qualit\u00e9 des hippodromes lyonnais et de l\u2019\u00e9quipe<\/strong> : tous les acteurs de l\u2019hippodrome sont investis \u00e0 100 % dans le bien \u00eatre \u00e9quin, il y a beaucoup de projets autour de cette valeur, et \u00e9norm\u00e9ment de travail en \u00ab coulisses \u00bb sur le terrain !<\/p>\n<p><strong>Nous avons deux hippodromes de tr\u00e8s belle qualit\u00e9<\/strong> et si je ne me trompe pas, la PSF de la Soie a m\u00eame \u00e9t\u00e9 r\u00e9f\u00e9renc\u00e9e comme une des pistes (voir LA piste) les plus s\u00fbres de France cette ann\u00e9e.<\/p>\n<p>C\u2019est tr\u00e8s important de travailler avec des acteurs qui luttent sans arr\u00eat pour le bien \u00eatre des chevaux de course, et qui oeuvrent quotidiennement pour am\u00e9liorer les conditions de courses et pour redorer l\u2019image des courses. Il y a beaucoup de pr\u00e9jug\u00e9s \u00e0 propos des courses hippiques et pourtant \u2026 que c\u2019est beau de belles courses de trot ou de galop au soleil sur les pistes de Lyon !<\/p>\n<p><strong>Alors j\u2019encourage vraiment le public \u00e0 venir aux hippodromes<\/strong>, et \u00e0 d\u00e9passer les pr\u00e9jug\u00e9s pour venir d\u00e9couvrir ce milieu tr\u00e8s int\u00e9ressant par eux m\u00eames ! <strong>Ils ne seront pas d\u00e9\u00e7us de leur journ\u00e9e \u00e0 l\u2019hippodrome j\u2019en suis s\u00fbre<\/strong> ! <strong>\u00ab<\/strong><\/p>\n<hr \/>\n<p><span style=\"background-color: #000000; font-size: 14pt;\"><span style=\"color: #ffffff;\">Photos &gt;&gt;<\/span><a href=\"https:\/\/www.facebook.com\/JMBArtSport\"><span style=\"color: #ffcc00;\"> Jean-Marie Bazin<\/span><\/a><\/span><\/p>\n<hr \/>\n<div id='gallery-1' class='gallery galleryid-186714 gallery-columns-3 gallery-size-large'><figure class='gallery-item'>\n\t\t\t<div class='gallery-icon landscape'>\n\t\t\t\t<a href='https:\/\/newsestlyonnais.fr\/site\/2023\/07\/07\/sara-marcelin-au-fur-et-a-mesure-le-contact-avec-les-chevaux-sest-impose-naturellement\/img_1674\/'><img loading=\"lazy\" decoding=\"async\" width=\"640\" height=\"426\" src=\"https:\/\/newsestlyonnais.fr\/site\/wp-content\/uploads\/2023\/07\/IMG_1674-650x433.jpeg\" class=\"attachment-large size-large\" alt=\"\" srcset=\"https:\/\/newsestlyonnais.fr\/site\/wp-content\/uploads\/2023\/07\/IMG_1674-650x433.jpeg 650w, https:\/\/newsestlyonnais.fr\/site\/wp-content\/uploads\/2023\/07\/IMG_1674-400x267.jpeg 400w, https:\/\/newsestlyonnais.fr\/site\/wp-content\/uploads\/2023\/07\/IMG_1674-250x167.jpeg 250w, https:\/\/newsestlyonnais.fr\/site\/wp-content\/uploads\/2023\/07\/IMG_1674-768x512.jpeg 768w, https:\/\/newsestlyonnais.fr\/site\/wp-content\/uploads\/2023\/07\/IMG_1674-150x100.jpeg 150w, https:\/\/newsestlyonnais.fr\/site\/wp-content\/uploads\/2023\/07\/IMG_1674-50x33.jpeg 50w, https:\/\/newsestlyonnais.fr\/site\/wp-content\/uploads\/2023\/07\/IMG_1674-100x67.jpeg 100w, https:\/\/newsestlyonnais.fr\/site\/wp-content\/uploads\/2023\/07\/IMG_1674-200x133.jpeg 200w, https:\/\/newsestlyonnais.fr\/site\/wp-content\/uploads\/2023\/07\/IMG_1674-300x200.jpeg 300w, https:\/\/newsestlyonnais.fr\/site\/wp-content\/uploads\/2023\/07\/IMG_1674-350x233.jpeg 350w, https:\/\/newsestlyonnais.fr\/site\/wp-content\/uploads\/2023\/07\/IMG_1674-450x300.jpeg 450w, https:\/\/newsestlyonnais.fr\/site\/wp-content\/uploads\/2023\/07\/IMG_1674-500x333.jpeg 500w, https:\/\/newsestlyonnais.fr\/site\/wp-content\/uploads\/2023\/07\/IMG_1674-550x367.jpeg 550w, https:\/\/newsestlyonnais.fr\/site\/wp-content\/uploads\/2023\/07\/IMG_1674-800x533.jpeg 800w, https:\/\/newsestlyonnais.fr\/site\/wp-content\/uploads\/2023\/07\/IMG_1674.jpeg 1200w\" sizes=\"auto, (max-width: 640px) 100vw, 640px\" \/><\/a>\n\t\t\t<\/div><\/figure><figure class='gallery-item'>\n\t\t\t<div class='gallery-icon portrait'>\n\t\t\t\t<a href='https:\/\/newsestlyonnais.fr\/site\/2023\/07\/07\/sara-marcelin-au-fur-et-a-mesure-le-contact-avec-les-chevaux-sest-impose-naturellement\/img_1651\/'><img loading=\"lazy\" decoding=\"async\" width=\"500\" height=\"750\" src=\"https:\/\/newsestlyonnais.fr\/site\/wp-content\/uploads\/2023\/07\/IMG_1651-650x975.jpeg\" class=\"attachment-large size-large\" alt=\"\" srcset=\"https:\/\/newsestlyonnais.fr\/site\/wp-content\/uploads\/2023\/07\/IMG_1651-650x975.jpeg 650w, https:\/\/newsestlyonnais.fr\/site\/wp-content\/uploads\/2023\/07\/IMG_1651-400x600.jpeg 400w, https:\/\/newsestlyonnais.fr\/site\/wp-content\/uploads\/2023\/07\/IMG_1651-250x375.jpeg 250w, https:\/\/newsestlyonnais.fr\/site\/wp-content\/uploads\/2023\/07\/IMG_1651-768x1152.jpeg 768w, https:\/\/newsestlyonnais.fr\/site\/wp-content\/uploads\/2023\/07\/IMG_1651-150x225.jpeg 150w, https:\/\/newsestlyonnais.fr\/site\/wp-content\/uploads\/2023\/07\/IMG_1651-50x75.jpeg 50w, https:\/\/newsestlyonnais.fr\/site\/wp-content\/uploads\/2023\/07\/IMG_1651-100x150.jpeg 100w, https:\/\/newsestlyonnais.fr\/site\/wp-content\/uploads\/2023\/07\/IMG_1651-200x300.jpeg 200w, https:\/\/newsestlyonnais.fr\/site\/wp-content\/uploads\/2023\/07\/IMG_1651-300x450.jpeg 300w, https:\/\/newsestlyonnais.fr\/site\/wp-content\/uploads\/2023\/07\/IMG_1651-350x525.jpeg 350w, https:\/\/newsestlyonnais.fr\/site\/wp-content\/uploads\/2023\/07\/IMG_1651-450x675.jpeg 450w, https:\/\/newsestlyonnais.fr\/site\/wp-content\/uploads\/2023\/07\/IMG_1651-500x750.jpeg 500w, https:\/\/newsestlyonnais.fr\/site\/wp-content\/uploads\/2023\/07\/IMG_1651-550x825.jpeg 550w, https:\/\/newsestlyonnais.fr\/site\/wp-content\/uploads\/2023\/07\/IMG_1651.jpeg 800w\" sizes=\"auto, (max-width: 500px) 100vw, 500px\" \/><\/a>\n\t\t\t<\/div><\/figure><figure class='gallery-item'>\n\t\t\t<div class='gallery-icon landscape'>\n\t\t\t\t<a href='https:\/\/newsestlyonnais.fr\/site\/2023\/07\/07\/sara-marcelin-au-fur-et-a-mesure-le-contact-avec-les-chevaux-sest-impose-naturellement\/img_6411\/'><img loading=\"lazy\" decoding=\"async\" width=\"640\" height=\"426\" src=\"https:\/\/newsestlyonnais.fr\/site\/wp-content\/uploads\/2023\/07\/IMG_6411-650x433.jpeg\" class=\"attachment-large size-large\" alt=\"\" srcset=\"https:\/\/newsestlyonnais.fr\/site\/wp-content\/uploads\/2023\/07\/IMG_6411-650x433.jpeg 650w, https:\/\/newsestlyonnais.fr\/site\/wp-content\/uploads\/2023\/07\/IMG_6411-400x267.jpeg 400w, https:\/\/newsestlyonnais.fr\/site\/wp-content\/uploads\/2023\/07\/IMG_6411-250x167.jpeg 250w, https:\/\/newsestlyonnais.fr\/site\/wp-content\/uploads\/2023\/07\/IMG_6411-768x512.jpeg 768w, https:\/\/newsestlyonnais.fr\/site\/wp-content\/uploads\/2023\/07\/IMG_6411-150x100.jpeg 150w, https:\/\/newsestlyonnais.fr\/site\/wp-content\/uploads\/2023\/07\/IMG_6411-50x33.jpeg 50w, https:\/\/newsestlyonnais.fr\/site\/wp-content\/uploads\/2023\/07\/IMG_6411-100x67.jpeg 100w, https:\/\/newsestlyonnais.fr\/site\/wp-content\/uploads\/2023\/07\/IMG_6411-200x133.jpeg 200w, https:\/\/newsestlyonnais.fr\/site\/wp-content\/uploads\/2023\/07\/IMG_6411-300x200.jpeg 300w, https:\/\/newsestlyonnais.fr\/site\/wp-content\/uploads\/2023\/07\/IMG_6411-350x233.jpeg 350w, https:\/\/newsestlyonnais.fr\/site\/wp-content\/uploads\/2023\/07\/IMG_6411-450x300.jpeg 450w, https:\/\/newsestlyonnais.fr\/site\/wp-content\/uploads\/2023\/07\/IMG_6411-500x333.jpeg 500w, https:\/\/newsestlyonnais.fr\/site\/wp-content\/uploads\/2023\/07\/IMG_6411-550x367.jpeg 550w, https:\/\/newsestlyonnais.fr\/site\/wp-content\/uploads\/2023\/07\/IMG_6411-800x533.jpeg 800w, https:\/\/newsestlyonnais.fr\/site\/wp-content\/uploads\/2023\/07\/IMG_6411.jpeg 1200w\" sizes=\"auto, (max-width: 640px) 100vw, 640px\" \/><\/a>\n\t\t\t<\/div><\/figure>\n\t\t<\/div>\n\n","protected":false},"excerpt":{"rendered":"<p>Cette v\u00e9t\u00e9rinaire exclusivement \u00e9quin exer\u00e7ant depuis 2015, cavali\u00e8re et propri\u00e9taire de chevaux, intervient notamment depuis 3 ans sur les deux hippodromes lyonnais. <\/p>\n","protected":false},"author":4,"featured_media":186769,"comment_status":"open","ping_status":"open","sticky":false,"template":"","format":"standard","meta":{"footnotes":""},"categories":[19,3421,4286,137,1625,3010,18],"tags":[4811,2569,4809,4810],"class_list":["post-186714","post","type-post","status-publish","format-standard","has-post-thumbnail","hentry","category-bron","category-feminin-actu-au","category-interview-a-la-une","category-interviews","category-lyon","category-nature-environnement-culture-et-loisirs","category-sante-bien-etre-solidarite","tag-cheval","tag-hippodrome","tag-sara-marcelin","tag-veterinaire"],"yoast_head":"<!-- This site is optimized with the Yoast SEO plugin v27.2 - https:\/\/yoast.com\/product\/yoast-seo-wordpress\/ -->\n<title>Sara Marcelin \u00ab Au fur et \u00e0 mesure le contact avec les chevaux s\u2019est impos\u00e9 naturellement \u00bb - News Est Lyonnais<\/title>\n<meta name=\"description\" content=\"Sara Marcelin \u00ab Au fur et \u00e0 mesure le contact avec les chevaux s\u2019est impos\u00e9 naturellement \u00bb\" \/>\n<meta name=\"robots\" content=\"index, follow, max-snippet:-1, max-image-preview:large, max-video-preview:-1\" \/>\n<link rel=\"canonical\" href=\"https:\/\/newsestlyonnais.fr\/site\/2023\/07\/07\/sara-marcelin-au-fur-et-a-mesure-le-contact-avec-les-chevaux-sest-impose-naturellement\/\" \/>\n<meta property=\"og:locale\" content=\"fr_FR\" \/>\n<meta property=\"og:type\" content=\"article\" \/>\n<meta property=\"og:title\" content=\"Sara Marcelin \u00ab Au fur et \u00e0 mesure le contact avec les chevaux s\u2019est impos\u00e9 naturellement \u00bb - News Est Lyonnais\" \/>\n<meta property=\"og:description\" content=\"Sara Marcelin \u00ab Au fur et \u00e0 mesure le contact avec les chevaux s\u2019est impos\u00e9 naturellement \u00bb\" \/>\n<meta property=\"og:url\" content=\"https:\/\/newsestlyonnais.fr\/site\/2023\/07\/07\/sara-marcelin-au-fur-et-a-mesure-le-contact-avec-les-chevaux-sest-impose-naturellement\/\" \/>\n<meta property=\"og:site_name\" content=\"News Est Lyonnais\" \/>\n<meta property=\"article:author\" content=\"https:\/\/www.facebook.com\/pascal.oberson.1?fref=ts\" \/>\n<meta property=\"article:published_time\" content=\"2023-07-07T12:46:55+00:00\" \/>\n<meta property=\"article:modified_time\" content=\"2023-07-07T12:54:06+00:00\" \/>\n<meta property=\"og:image\" content=\"https:\/\/newsestlyonnais.fr\/site\/wp-content\/uploads\/2023\/07\/a2dcd7bb-3208-4b86-87fb-25083ba83b9d-1.jpeg\" \/>\n\t<meta property=\"og:image:width\" content=\"951\" \/>\n\t<meta property=\"og:image:height\" content=\"830\" \/>\n\t<meta property=\"og:image:type\" content=\"image\/jpeg\" \/>\n<meta name=\"author\" content=\"R\u00e9dac. NEWS\" \/>\n<meta name=\"twitter:card\" content=\"summary_large_image\" \/>\n<meta name=\"twitter:label1\" content=\"\u00c9crit par\" \/>\n\t<meta name=\"twitter:data1\" content=\"R\u00e9dac. NEWS\" \/>\n\t<meta name=\"twitter:label2\" content=\"Dur\u00e9e de lecture estim\u00e9e\" \/>\n\t<meta name=\"twitter:data2\" content=\"7 minutes\" \/>\n<script type=\"application\/ld+json\" class=\"yoast-schema-graph\">{\"@context\":\"https:\/\/schema.org\",\"@graph\":[{\"@type\":\"Article\",\"@id\":\"https:\/\/newsestlyonnais.fr\/site\/2023\/07\/07\/sara-marcelin-au-fur-et-a-mesure-le-contact-avec-les-chevaux-sest-impose-naturellement\/#article\",\"isPartOf\":{\"@id\":\"https:\/\/newsestlyonnais.fr\/site\/2023\/07\/07\/sara-marcelin-au-fur-et-a-mesure-le-contact-avec-les-chevaux-sest-impose-naturellement\/\"},\"author\":{\"name\":\"R\u00e9dac. NEWS\",\"@id\":\"https:\/\/newsestlyonnais.fr\/site\/#\/schema\/person\/3230d5615f390bb808365d673001e887\"},\"headline\":\"Sara Marcelin \u00ab Au fur et \u00e0 mesure le contact avec les chevaux s\u2019est impos\u00e9 naturellement \u00bb\",\"datePublished\":\"2023-07-07T12:46:55+00:00\",\"dateModified\":\"2023-07-07T12:54:06+00:00\",\"mainEntityOfPage\":{\"@id\":\"https:\/\/newsestlyonnais.fr\/site\/2023\/07\/07\/sara-marcelin-au-fur-et-a-mesure-le-contact-avec-les-chevaux-sest-impose-naturellement\/\"},\"wordCount\":1329,\"commentCount\":0,\"publisher\":{\"@id\":\"https:\/\/newsestlyonnais.fr\/site\/#organization\"},\"image\":{\"@id\":\"https:\/\/newsestlyonnais.fr\/site\/2023\/07\/07\/sara-marcelin-au-fur-et-a-mesure-le-contact-avec-les-chevaux-sest-impose-naturellement\/#primaryimage\"},\"thumbnailUrl\":\"https:\/\/newsestlyonnais.fr\/site\/wp-content\/uploads\/2023\/07\/a2dcd7bb-3208-4b86-87fb-25083ba83b9d-1.jpeg\",\"keywords\":[\"cheval\",\"HIPPODROME\",\"Sara Marcelin\",\"V\u00e9t\u00e9rinaire\"],\"articleSection\":[\"Bron\",\"F\u00e9minin (Actu au)\",\"Interview \u00e0 la une\",\"Interviews\",\"Lyon\",\"Nature | Environnement | Chasse\",\"Sant\u00e9 | Bien Etre | Solidarit\u00e9\"],\"inLanguage\":\"fr-FR\",\"potentialAction\":[{\"@type\":\"CommentAction\",\"name\":\"Comment\",\"target\":[\"https:\/\/newsestlyonnais.fr\/site\/2023\/07\/07\/sara-marcelin-au-fur-et-a-mesure-le-contact-avec-les-chevaux-sest-impose-naturellement\/#respond\"]}]},{\"@type\":\"WebPage\",\"@id\":\"https:\/\/newsestlyonnais.fr\/site\/2023\/07\/07\/sara-marcelin-au-fur-et-a-mesure-le-contact-avec-les-chevaux-sest-impose-naturellement\/\",\"url\":\"https:\/\/newsestlyonnais.fr\/site\/2023\/07\/07\/sara-marcelin-au-fur-et-a-mesure-le-contact-avec-les-chevaux-sest-impose-naturellement\/\",\"name\":\"Sara Marcelin \u00ab Au fur et \u00e0 mesure le contact avec les chevaux s\u2019est impos\u00e9 naturellement \u00bb - News Est Lyonnais\",\"isPartOf\":{\"@id\":\"https:\/\/newsestlyonnais.fr\/site\/#website\"},\"primaryImageOfPage\":{\"@id\":\"https:\/\/newsestlyonnais.fr\/site\/2023\/07\/07\/sara-marcelin-au-fur-et-a-mesure-le-contact-avec-les-chevaux-sest-impose-naturellement\/#primaryimage\"},\"image\":{\"@id\":\"https:\/\/newsestlyonnais.fr\/site\/2023\/07\/07\/sara-marcelin-au-fur-et-a-mesure-le-contact-avec-les-chevaux-sest-impose-naturellement\/#primaryimage\"},\"thumbnailUrl\":\"https:\/\/newsestlyonnais.fr\/site\/wp-content\/uploads\/2023\/07\/a2dcd7bb-3208-4b86-87fb-25083ba83b9d-1.jpeg\",\"datePublished\":\"2023-07-07T12:46:55+00:00\",\"dateModified\":\"2023-07-07T12:54:06+00:00\",\"description\":\"Sara Marcelin \u00ab Au fur et \u00e0 mesure le contact avec les chevaux s\u2019est impos\u00e9 naturellement \u00bb\",\"breadcrumb\":{\"@id\":\"https:\/\/newsestlyonnais.fr\/site\/2023\/07\/07\/sara-marcelin-au-fur-et-a-mesure-le-contact-avec-les-chevaux-sest-impose-naturellement\/#breadcrumb\"},\"inLanguage\":\"fr-FR\",\"potentialAction\":[{\"@type\":\"ReadAction\",\"target\":[\"https:\/\/newsestlyonnais.fr\/site\/2023\/07\/07\/sara-marcelin-au-fur-et-a-mesure-le-contact-avec-les-chevaux-sest-impose-naturellement\/\"]}]},{\"@type\":\"ImageObject\",\"inLanguage\":\"fr-FR\",\"@id\":\"https:\/\/newsestlyonnais.fr\/site\/2023\/07\/07\/sara-marcelin-au-fur-et-a-mesure-le-contact-avec-les-chevaux-sest-impose-naturellement\/#primaryimage\",\"url\":\"https:\/\/newsestlyonnais.fr\/site\/wp-content\/uploads\/2023\/07\/a2dcd7bb-3208-4b86-87fb-25083ba83b9d-1.jpeg\",\"contentUrl\":\"https:\/\/newsestlyonnais.fr\/site\/wp-content\/uploads\/2023\/07\/a2dcd7bb-3208-4b86-87fb-25083ba83b9d-1.jpeg\",\"width\":951,\"height\":830},{\"@type\":\"BreadcrumbList\",\"@id\":\"https:\/\/newsestlyonnais.fr\/site\/2023\/07\/07\/sara-marcelin-au-fur-et-a-mesure-le-contact-avec-les-chevaux-sest-impose-naturellement\/#breadcrumb\",\"itemListElement\":[{\"@type\":\"ListItem\",\"position\":1,\"name\":\"Accueil\",\"item\":\"https:\/\/newsestlyonnais.fr\/site\/\"},{\"@type\":\"ListItem\",\"position\":2,\"name\":\"Sara Marcelin \u00ab Au fur et \u00e0 mesure le contact avec les chevaux s\u2019est impos\u00e9 naturellement \u00bb\"}]},{\"@type\":\"WebSite\",\"@id\":\"https:\/\/newsestlyonnais.fr\/site\/#website\",\"url\":\"https:\/\/newsestlyonnais.fr\/site\/\",\"name\":\"News Est Lyonnais\",\"description\":\"L&#039;actualit\u00e9 au plus pr\u00e8s\",\"publisher\":{\"@id\":\"https:\/\/newsestlyonnais.fr\/site\/#organization\"},\"potentialAction\":[{\"@type\":\"SearchAction\",\"target\":{\"@type\":\"EntryPoint\",\"urlTemplate\":\"https:\/\/newsestlyonnais.fr\/site\/?s={search_term_string}\"},\"query-input\":{\"@type\":\"PropertyValueSpecification\",\"valueRequired\":true,\"valueName\":\"search_term_string\"}}],\"inLanguage\":\"fr-FR\"},{\"@type\":\"Organization\",\"@id\":\"https:\/\/newsestlyonnais.fr\/site\/#organization\",\"name\":\"News EST LYONNAIS\",\"url\":\"https:\/\/newsestlyonnais.fr\/site\/\",\"logo\":{\"@type\":\"ImageObject\",\"inLanguage\":\"fr-FR\",\"@id\":\"https:\/\/newsestlyonnais.fr\/site\/#\/schema\/logo\/image\/\",\"url\":\"\",\"contentUrl\":\"\",\"caption\":\"News EST LYONNAIS\"},\"image\":{\"@id\":\"https:\/\/newsestlyonnais.fr\/site\/#\/schema\/logo\/image\/\"}},{\"@type\":\"Person\",\"@id\":\"https:\/\/newsestlyonnais.fr\/site\/#\/schema\/person\/3230d5615f390bb808365d673001e887\",\"name\":\"R\u00e9dac. NEWS\",\"sameAs\":[\"http:\/\/www.newsestlyonnais.fr\",\"https:\/\/www.facebook.com\/pascal.oberson.1?fref=ts\",\"https:\/\/fr.linkedin.com\/in\/pascal-oberson-b17045113\"],\"url\":\"https:\/\/newsestlyonnais.fr\/site\/author\/nel\/\"}]}<\/script>\n<!-- \/ Yoast SEO plugin. -->","yoast_head_json":{"title":"Sara Marcelin \u00ab Au fur et \u00e0 mesure le contact avec les chevaux s\u2019est impos\u00e9 naturellement \u00bb - News Est Lyonnais","description":"Sara Marcelin \u00ab Au fur et \u00e0 mesure le contact avec les chevaux s\u2019est impos\u00e9 naturellement \u00bb","robots":{"index":"index","follow":"follow","max-snippet":"max-snippet:-1","max-image-preview":"max-image-preview:large","max-video-preview":"max-video-preview:-1"},"canonical":"https:\/\/newsestlyonnais.fr\/site\/2023\/07\/07\/sara-marcelin-au-fur-et-a-mesure-le-contact-avec-les-chevaux-sest-impose-naturellement\/","og_locale":"fr_FR","og_type":"article","og_title":"Sara Marcelin \u00ab Au fur et \u00e0 mesure le contact avec les chevaux s\u2019est impos\u00e9 naturellement \u00bb - News Est Lyonnais","og_description":"Sara Marcelin \u00ab Au fur et \u00e0 mesure le contact avec les chevaux s\u2019est impos\u00e9 naturellement \u00bb","og_url":"https:\/\/newsestlyonnais.fr\/site\/2023\/07\/07\/sara-marcelin-au-fur-et-a-mesure-le-contact-avec-les-chevaux-sest-impose-naturellement\/","og_site_name":"News Est Lyonnais","article_author":"https:\/\/www.facebook.com\/pascal.oberson.1?fref=ts","article_published_time":"2023-07-07T12:46:55+00:00","article_modified_time":"2023-07-07T12:54:06+00:00","og_image":[{"width":951,"height":830,"url":"https:\/\/newsestlyonnais.fr\/site\/wp-content\/uploads\/2023\/07\/a2dcd7bb-3208-4b86-87fb-25083ba83b9d-1.jpeg","type":"image\/jpeg"}],"author":"R\u00e9dac. NEWS","twitter_card":"summary_large_image","twitter_misc":{"\u00c9crit par":"R\u00e9dac. NEWS","Dur\u00e9e de lecture estim\u00e9e":"7 minutes"},"schema":{"@context":"https:\/\/schema.org","@graph":[{"@type":"Article","@id":"https:\/\/newsestlyonnais.fr\/site\/2023\/07\/07\/sara-marcelin-au-fur-et-a-mesure-le-contact-avec-les-chevaux-sest-impose-naturellement\/#article","isPartOf":{"@id":"https:\/\/newsestlyonnais.fr\/site\/2023\/07\/07\/sara-marcelin-au-fur-et-a-mesure-le-contact-avec-les-chevaux-sest-impose-naturellement\/"},"author":{"name":"R\u00e9dac. NEWS","@id":"https:\/\/newsestlyonnais.fr\/site\/#\/schema\/person\/3230d5615f390bb808365d673001e887"},"headline":"Sara Marcelin \u00ab Au fur et \u00e0 mesure le contact avec les chevaux s\u2019est impos\u00e9 naturellement \u00bb","datePublished":"2023-07-07T12:46:55+00:00","dateModified":"2023-07-07T12:54:06+00:00","mainEntityOfPage":{"@id":"https:\/\/newsestlyonnais.fr\/site\/2023\/07\/07\/sara-marcelin-au-fur-et-a-mesure-le-contact-avec-les-chevaux-sest-impose-naturellement\/"},"wordCount":1329,"commentCount":0,"publisher":{"@id":"https:\/\/newsestlyonnais.fr\/site\/#organization"},"image":{"@id":"https:\/\/newsestlyonnais.fr\/site\/2023\/07\/07\/sara-marcelin-au-fur-et-a-mesure-le-contact-avec-les-chevaux-sest-impose-naturellement\/#primaryimage"},"thumbnailUrl":"https:\/\/newsestlyonnais.fr\/site\/wp-content\/uploads\/2023\/07\/a2dcd7bb-3208-4b86-87fb-25083ba83b9d-1.jpeg","keywords":["cheval","HIPPODROME","Sara Marcelin","V\u00e9t\u00e9rinaire"],"articleSection":["Bron","F\u00e9minin (Actu au)","Interview \u00e0 la une","Interviews","Lyon","Nature | Environnement | Chasse","Sant\u00e9 | Bien Etre | Solidarit\u00e9"],"inLanguage":"fr-FR","potentialAction":[{"@type":"CommentAction","name":"Comment","target":["https:\/\/newsestlyonnais.fr\/site\/2023\/07\/07\/sara-marcelin-au-fur-et-a-mesure-le-contact-avec-les-chevaux-sest-impose-naturellement\/#respond"]}]},{"@type":"WebPage","@id":"https:\/\/newsestlyonnais.fr\/site\/2023\/07\/07\/sara-marcelin-au-fur-et-a-mesure-le-contact-avec-les-chevaux-sest-impose-naturellement\/","url":"https:\/\/newsestlyonnais.fr\/site\/2023\/07\/07\/sara-marcelin-au-fur-et-a-mesure-le-contact-avec-les-chevaux-sest-impose-naturellement\/","name":"Sara Marcelin \u00ab Au fur et \u00e0 mesure le contact avec les chevaux s\u2019est impos\u00e9 naturellement \u00bb - News Est Lyonnais","isPartOf":{"@id":"https:\/\/newsestlyonnais.fr\/site\/#website"},"primaryImageOfPage":{"@id":"https:\/\/newsestlyonnais.fr\/site\/2023\/07\/07\/sara-marcelin-au-fur-et-a-mesure-le-contact-avec-les-chevaux-sest-impose-naturellement\/#primaryimage"},"image":{"@id":"https:\/\/newsestlyonnais.fr\/site\/2023\/07\/07\/sara-marcelin-au-fur-et-a-mesure-le-contact-avec-les-chevaux-sest-impose-naturellement\/#primaryimage"},"thumbnailUrl":"https:\/\/newsestlyonnais.fr\/site\/wp-content\/uploads\/2023\/07\/a2dcd7bb-3208-4b86-87fb-25083ba83b9d-1.jpeg","datePublished":"2023-07-07T12:46:55+00:00","dateModified":"2023-07-07T12:54:06+00:00","description":"Sara Marcelin \u00ab Au fur et \u00e0 mesure le contact avec les chevaux s\u2019est impos\u00e9 naturellement \u00bb","breadcrumb":{"@id":"https:\/\/newsestlyonnais.fr\/site\/2023\/07\/07\/sara-marcelin-au-fur-et-a-mesure-le-contact-avec-les-chevaux-sest-impose-naturellement\/#breadcrumb"},"inLanguage":"fr-FR","potentialAction":[{"@type":"ReadAction","target":["https:\/\/newsestlyonnais.fr\/site\/2023\/07\/07\/sara-marcelin-au-fur-et-a-mesure-le-contact-avec-les-chevaux-sest-impose-naturellement\/"]}]},{"@type":"ImageObject","inLanguage":"fr-FR","@id":"https:\/\/newsestlyonnais.fr\/site\/2023\/07\/07\/sara-marcelin-au-fur-et-a-mesure-le-contact-avec-les-chevaux-sest-impose-naturellement\/#primaryimage","url":"https:\/\/newsestlyonnais.fr\/site\/wp-content\/uploads\/2023\/07\/a2dcd7bb-3208-4b86-87fb-25083ba83b9d-1.jpeg","contentUrl":"https:\/\/newsestlyonnais.fr\/site\/wp-content\/uploads\/2023\/07\/a2dcd7bb-3208-4b86-87fb-25083ba83b9d-1.jpeg","width":951,"height":830},{"@type":"BreadcrumbList","@id":"https:\/\/newsestlyonnais.fr\/site\/2023\/07\/07\/sara-marcelin-au-fur-et-a-mesure-le-contact-avec-les-chevaux-sest-impose-naturellement\/#breadcrumb","itemListElement":[{"@type":"ListItem","position":1,"name":"Accueil","item":"https:\/\/newsestlyonnais.fr\/site\/"},{"@type":"ListItem","position":2,"name":"Sara Marcelin \u00ab Au fur et \u00e0 mesure le contact avec les chevaux s\u2019est impos\u00e9 naturellement \u00bb"}]},{"@type":"WebSite","@id":"https:\/\/newsestlyonnais.fr\/site\/#website","url":"https:\/\/newsestlyonnais.fr\/site\/","name":"News Est Lyonnais","description":"L&#039;actualit\u00e9 au plus pr\u00e8s","publisher":{"@id":"https:\/\/newsestlyonnais.fr\/site\/#organization"},"potentialAction":[{"@type":"SearchAction","target":{"@type":"EntryPoint","urlTemplate":"https:\/\/newsestlyonnais.fr\/site\/?s={search_term_string}"},"query-input":{"@type":"PropertyValueSpecification","valueRequired":true,"valueName":"search_term_string"}}],"inLanguage":"fr-FR"},{"@type":"Organization","@id":"https:\/\/newsestlyonnais.fr\/site\/#organization","name":"News EST LYONNAIS","url":"https:\/\/newsestlyonnais.fr\/site\/","logo":{"@type":"ImageObject","inLanguage":"fr-FR","@id":"https:\/\/newsestlyonnais.fr\/site\/#\/schema\/logo\/image\/","url":"","contentUrl":"","caption":"News EST LYONNAIS"},"image":{"@id":"https:\/\/newsestlyonnais.fr\/site\/#\/schema\/logo\/image\/"}},{"@type":"Person","@id":"https:\/\/newsestlyonnais.fr\/site\/#\/schema\/person\/3230d5615f390bb808365d673001e887","name":"R\u00e9dac. NEWS","sameAs":["http:\/\/www.newsestlyonnais.fr","https:\/\/www.facebook.com\/pascal.oberson.1?fref=ts","https:\/\/fr.linkedin.com\/in\/pascal-oberson-b17045113"],"url":"https:\/\/newsestlyonnais.fr\/site\/author\/nel\/"}]}},"_links":{"self":[{"href":"https:\/\/newsestlyonnais.fr\/site\/wp-json\/wp\/v2\/posts\/186714","targetHints":{"allow":["GET"]}}],"collection":[{"href":"https:\/\/newsestlyonnais.fr\/site\/wp-json\/wp\/v2\/posts"}],"about":[{"href":"https:\/\/newsestlyonnais.fr\/site\/wp-json\/wp\/v2\/types\/post"}],"author":[{"embeddable":true,"href":"https:\/\/newsestlyonnais.fr\/site\/wp-json\/wp\/v2\/users\/4"}],"replies":[{"embeddable":true,"href":"https:\/\/newsestlyonnais.fr\/site\/wp-json\/wp\/v2\/comments?post=186714"}],"version-history":[{"count":0,"href":"https:\/\/newsestlyonnais.fr\/site\/wp-json\/wp\/v2\/posts\/186714\/revisions"}],"wp:featuredmedia":[{"embeddable":true,"href":"https:\/\/newsestlyonnais.fr\/site\/wp-json\/wp\/v2\/media\/186769"}],"wp:attachment":[{"href":"https:\/\/newsestlyonnais.fr\/site\/wp-json\/wp\/v2\/media?parent=186714"}],"wp:term":[{"taxonomy":"category","embeddable":true,"href":"https:\/\/newsestlyonnais.fr\/site\/wp-json\/wp\/v2\/categories?post=186714"},{"taxonomy":"post_tag","embeddable":true,"href":"https:\/\/newsestlyonnais.fr\/site\/wp-json\/wp\/v2\/tags?post=186714"}],"curies":[{"name":"wp","href":"https:\/\/api.w.org\/{rel}","templated":true}]}}