{"id":186798,"date":"2023-07-08T07:34:55","date_gmt":"2023-07-08T06:34:55","guid":{"rendered":"https:\/\/newsestlyonnais.fr\/site\/?p=186798"},"modified":"2023-07-28T05:08:41","modified_gmt":"2023-07-28T04:08:41","slug":"saint-priest-derniere-ligne-droite-pour-lopen-de-tennis-de-lasptt-grand-lyon-2","status":"publish","type":"post","link":"https:\/\/newsestlyonnais.fr\/site\/2023\/07\/08\/saint-priest-derniere-ligne-droite-pour-lopen-de-tennis-de-lasptt-grand-lyon-2\/","title":{"rendered":"SAINT-PRIEST | Derni\u00e8re ligne droite pour l\u2019open de tennis de l\u2019ASPTT Grand Lyon"},"content":{"rendered":"<p data-wp-editing=\"1\"><img loading=\"lazy\" decoding=\"async\" class=\"alignleft wp-image-23750\" src=\"https:\/\/newsestlyonnais.fr\/site\/wp-content\/uploads\/2017\/03\/NEWSESTLYONNAIS-MICRO-150x150.png\" alt=\"NEWSESTLYONNAIS MICRO\" width=\"90\" height=\"54\" srcset=\"https:\/\/newsestlyonnais.fr\/site\/wp-content\/uploads\/2017\/03\/NEWSESTLYONNAIS-MICRO-240x140.png 240w, https:\/\/newsestlyonnais.fr\/site\/wp-content\/uploads\/2017\/03\/NEWSESTLYONNAIS-MICRO.png 250w\" sizes=\"auto, (max-width: 90px) 100vw, 90px\" \/>A la veille de la cl\u00f4ture de la comp\u00e9tition, <strong>Vincent Mengin, le juge-arbitre, nous dresse un premier bilan chiffr\u00e9 :<\/strong> \u00ab\u00a0cette ann\u00e9e, nous avons enregistr\u00e9 200 inscriptions (29 dames et 171 messieurs) soit 30 % de plus que l&rsquo;ann\u00e9e derni\u00e8re.<\/p>\n<p>Le niveau est bien relev\u00e9 notamment chez les messieurs (2\/6) et concernant les clubs les mieux repr\u00e9sent\u00e9s on retrouve l&rsquo;ASPTT Gd Lyon (26), le TC D\u00e9cines (23) et le TC St Priest (14). Tout s&rsquo;est bien pass\u00e9 dans une bonne ambiance et globalement nous avons eu du tr\u00e8s beau temps, avec seulement deux grosses soir\u00e9es de pluie \u00ab\u00a0.<\/p>\n<p><span style=\"background-color: #000000; color: #3366ff;\">PHOTO A LA UNE<\/span> : <strong>Vincent Mengin (juge-arbitre du tournoi) &amp; El\u00e9na Martin (pr\u00e9sidente de l&rsquo;ASPTT Gd Lyon Tennis).<\/strong><\/p>\n<hr \/>\n<p><span style=\"background-color: #000000; color: #ffcc00;\"><span style=\"font-size: 14pt; background-color: #000000;\"><strong>Seulement<\/strong> <strong>4 rencontres disput\u00e9es vendredi, l<\/strong><\/span><span style=\"font-size: 14pt; background-color: #000000;\"><strong>es r\u00e9sultats :<\/strong><\/span><\/span><\/p>\n<p><span style=\"background-color: #000000; color: #ffffff;\"><strong>Tableau masculin<\/strong><\/span><\/p>\n<ul>\n<li><strong>Victor Paganetti<\/strong> (Ct\u00e9 Ain Tennis, 2\/6) bat Ruben Meunier (Chassieu Tennis, 3\/6)\u00a0 \u00a0 <strong>6\/4, 6\/1.<\/strong><strong><br \/>\n<\/strong><\/li>\n<li><strong>Lucas Grego <\/strong>(ASUL Tennis, 2\/6) bat Alexis Aulagnier (ASPTT Gd Lyon Tennis, 3\/6)\u00a0\u00a0 <strong>6\/2, 6\/2<\/strong>.<strong><br \/>\n<\/strong><\/li>\n<li><strong>Loan Dervillers<\/strong> (TC Lyon, 2\/6) bat Alexis Duval (TC D\u00e9cines, 3\/6)\u00a0\u00a0 <strong>3\/6, 6\/3, 6\/0.<\/strong><\/li>\n<li><strong>C\u00e9dric Bourguignon <\/strong>(TC St Pierre Chandieu, 2\/6) bat Alban Visier (TC Lyon, 4\/6)\u00a0\u00a0\u00a0 <strong>6\/3, 7\/5<\/strong>. <strong><br \/>\n<\/strong><\/li>\n<\/ul>\n<hr \/>\n<p><strong><span style=\"background-color: #000000; color: #ffffff;\">4 rencontres programm\u00e9es ce samedi dans les 2 tableaux, d\u00e8s 9 heures, le programme :<\/span><br \/>\n<\/strong><\/p>\n<p><span style=\"background-color: #000000; color: #ffffff;\"><strong>9 h<\/strong><\/span><strong>\u00a0 <\/strong><\/p>\n<ul>\n<li><strong><span style=\"background-color: #000000; color: #ffffff;\">Demi-finale<\/span><\/strong> : <strong>Victor Paganetti <\/strong>(Ct\u00e9 Ain Tennis, 2\/6) <strong>\/ <\/strong><strong>Lucas Grego <\/strong>(ASUL Tennis, 2\/6) <strong>\u00a0<\/strong><\/li>\n<\/ul>\n<p><strong><span style=\"background-color: #000000; color: #ffffff;\">14 h<\/span> : <\/strong><span style=\"background-color: #000000; color: #ffffff;\"><strong>Demi-finales<\/strong><\/span> :<\/p>\n<ul>\n<li><span style=\"background-color: #cc99ff;\"><strong>Nina Mkrtichya<\/strong>n (Meyzieu Tennis, 5\/6) \/ <strong>Sellie Bera <\/strong>(TC St Priest, 5\/6)<\/span><\/li>\n<li><span style=\"background-color: #cc99ff;\"><strong>Lola Roger <\/strong>(TC Bron, 15)<strong> \/ L\u00e9onie Boos <\/strong>(TC Lagnieu, 4\/6) <\/span><strong><br \/>\n<\/strong><\/li>\n<\/ul>\n<p><span style=\"background-color: #000000; color: #ffffff;\"><strong>15 h 30<\/strong><\/span><strong>\u00a0 <\/strong><\/p>\n<ul>\n<li><span style=\"background-color: #000000; color: #ffffff;\"><strong>Demi-finale<\/strong><\/span> : <strong>C\u00e9dric Bourguignon <\/strong>(TC St Pierre Chandieu, 2\/6) <strong>\/ Loan Dervillers <\/strong>(TC Lyon, 2\/6) <strong><br \/>\n<\/strong><\/li>\n<\/ul>\n<hr \/>\n<p><span style=\"background-color: #000000; color: #ffcc00;\"><strong>&gt;&gt; Suite partenariat avec l&rsquo;ASPTT Gd Lyon Tennis, retrouvez AU QUOTIDIEN les r\u00e9sultats du tournoi jusqu\u2019aux finales.<\/strong><\/span><\/p>\n<p>&nbsp;<\/p>\n","protected":false},"excerpt":{"rendered":"<p>Phases finales ce week-end de ce tournoi d\u00e9marr\u00e9 le 12 juin dernier et qui a rassembl\u00e9 200 participants.<\/p>\n","protected":false},"author":4,"featured_media":184142,"comment_status":"open","ping_status":"open","sticky":false,"template":"","format":"standard","meta":{"footnotes":""},"categories":[1296,2992,2991],"tags":[3235,2192,2039,2049],"class_list":["post-186798","post","type-post","status-publish","format-standard","has-post-thumbnail","hentry","category-sain-priest","category-tennis-padel","category-tennis-tennis-table-sports","tag-asptt-grand-lyon","tag-open","tag-saint-priest","tag-tennis"],"yoast_head":"<!-- This site is optimized with the Yoast SEO plugin v27.2 - https:\/\/yoast.com\/product\/yoast-seo-wordpress\/ -->\n<title>SAINT-PRIEST | Derni\u00e8re ligne droite pour l\u2019open de tennis de l\u2019ASPTT Grand Lyon - News Est Lyonnais<\/title>\n<meta name=\"description\" content=\"SAINT-PRIEST | Derni\u00e8re ligne droite pour l\u2019open de tennis de l\u2019ASPTT Grand Lyon\" \/>\n<meta name=\"robots\" content=\"index, follow, max-snippet:-1, max-image-preview:large, max-video-preview:-1\" \/>\n<link rel=\"canonical\" href=\"https:\/\/newsestlyonnais.fr\/site\/2023\/07\/08\/saint-priest-derniere-ligne-droite-pour-lopen-de-tennis-de-lasptt-grand-lyon-2\/\" \/>\n<meta property=\"og:locale\" content=\"fr_FR\" \/>\n<meta property=\"og:type\" content=\"article\" \/>\n<meta property=\"og:title\" content=\"SAINT-PRIEST | Derni\u00e8re ligne droite pour l\u2019open de tennis de l\u2019ASPTT Grand Lyon - News Est Lyonnais\" \/>\n<meta property=\"og:description\" content=\"SAINT-PRIEST | Derni\u00e8re ligne droite pour l\u2019open de tennis de l\u2019ASPTT Grand Lyon\" \/>\n<meta property=\"og:url\" content=\"https:\/\/newsestlyonnais.fr\/site\/2023\/07\/08\/saint-priest-derniere-ligne-droite-pour-lopen-de-tennis-de-lasptt-grand-lyon-2\/\" \/>\n<meta property=\"og:site_name\" content=\"News Est Lyonnais\" \/>\n<meta property=\"article:author\" content=\"https:\/\/www.facebook.com\/pascal.oberson.1?fref=ts\" \/>\n<meta property=\"article:published_time\" content=\"2023-07-08T06:34:55+00:00\" \/>\n<meta property=\"article:modified_time\" content=\"2023-07-28T04:08:41+00:00\" \/>\n<meta property=\"og:image\" content=\"https:\/\/newsestlyonnais.fr\/site\/wp-content\/uploads\/2023\/06\/P1490925.jpg\" \/>\n\t<meta property=\"og:image:width\" content=\"1200\" \/>\n\t<meta property=\"og:image:height\" content=\"900\" \/>\n\t<meta property=\"og:image:type\" content=\"image\/jpeg\" \/>\n<meta name=\"author\" content=\"R\u00e9dac. NEWS\" \/>\n<meta name=\"twitter:card\" content=\"summary_large_image\" \/>\n<meta name=\"twitter:label1\" content=\"\u00c9crit par\" \/>\n\t<meta name=\"twitter:data1\" content=\"R\u00e9dac. NEWS\" \/>\n\t<meta name=\"twitter:label2\" content=\"Dur\u00e9e de lecture estim\u00e9e\" \/>\n\t<meta name=\"twitter:data2\" content=\"2 minutes\" \/>\n<script type=\"application\/ld+json\" class=\"yoast-schema-graph\">{\"@context\":\"https:\/\/schema.org\",\"@graph\":[{\"@type\":\"Article\",\"@id\":\"https:\/\/newsestlyonnais.fr\/site\/2023\/07\/08\/saint-priest-derniere-ligne-droite-pour-lopen-de-tennis-de-lasptt-grand-lyon-2\/#article\",\"isPartOf\":{\"@id\":\"https:\/\/newsestlyonnais.fr\/site\/2023\/07\/08\/saint-priest-derniere-ligne-droite-pour-lopen-de-tennis-de-lasptt-grand-lyon-2\/\"},\"author\":{\"name\":\"R\u00e9dac. NEWS\",\"@id\":\"https:\/\/newsestlyonnais.fr\/site\/#\/schema\/person\/3230d5615f390bb808365d673001e887\"},\"headline\":\"SAINT-PRIEST | Derni\u00e8re ligne droite pour l\u2019open de tennis de l\u2019ASPTT Grand Lyon\",\"datePublished\":\"2023-07-08T06:34:55+00:00\",\"dateModified\":\"2023-07-28T04:08:41+00:00\",\"mainEntityOfPage\":{\"@id\":\"https:\/\/newsestlyonnais.fr\/site\/2023\/07\/08\/saint-priest-derniere-ligne-droite-pour-lopen-de-tennis-de-lasptt-grand-lyon-2\/\"},\"wordCount\":269,\"commentCount\":0,\"publisher\":{\"@id\":\"https:\/\/newsestlyonnais.fr\/site\/#organization\"},\"image\":{\"@id\":\"https:\/\/newsestlyonnais.fr\/site\/2023\/07\/08\/saint-priest-derniere-ligne-droite-pour-lopen-de-tennis-de-lasptt-grand-lyon-2\/#primaryimage\"},\"thumbnailUrl\":\"https:\/\/newsestlyonnais.fr\/site\/wp-content\/uploads\/2023\/06\/P1490925.jpg\",\"keywords\":[\"ASPTT GRAND LYON\",\"OPEN\",\"SAINT PRIEST\",\"TENNIS\"],\"articleSection\":[\"Saint-Priest\",\"Tennis | Padel\",\"Tennis | Tennis de table\"],\"inLanguage\":\"fr-FR\",\"potentialAction\":[{\"@type\":\"CommentAction\",\"name\":\"Comment\",\"target\":[\"https:\/\/newsestlyonnais.fr\/site\/2023\/07\/08\/saint-priest-derniere-ligne-droite-pour-lopen-de-tennis-de-lasptt-grand-lyon-2\/#respond\"]}]},{\"@type\":\"WebPage\",\"@id\":\"https:\/\/newsestlyonnais.fr\/site\/2023\/07\/08\/saint-priest-derniere-ligne-droite-pour-lopen-de-tennis-de-lasptt-grand-lyon-2\/\",\"url\":\"https:\/\/newsestlyonnais.fr\/site\/2023\/07\/08\/saint-priest-derniere-ligne-droite-pour-lopen-de-tennis-de-lasptt-grand-lyon-2\/\",\"name\":\"SAINT-PRIEST | Derni\u00e8re ligne droite pour l\u2019open de tennis de l\u2019ASPTT Grand Lyon - News Est Lyonnais\",\"isPartOf\":{\"@id\":\"https:\/\/newsestlyonnais.fr\/site\/#website\"},\"primaryImageOfPage\":{\"@id\":\"https:\/\/newsestlyonnais.fr\/site\/2023\/07\/08\/saint-priest-derniere-ligne-droite-pour-lopen-de-tennis-de-lasptt-grand-lyon-2\/#primaryimage\"},\"image\":{\"@id\":\"https:\/\/newsestlyonnais.fr\/site\/2023\/07\/08\/saint-priest-derniere-ligne-droite-pour-lopen-de-tennis-de-lasptt-grand-lyon-2\/#primaryimage\"},\"thumbnailUrl\":\"https:\/\/newsestlyonnais.fr\/site\/wp-content\/uploads\/2023\/06\/P1490925.jpg\",\"datePublished\":\"2023-07-08T06:34:55+00:00\",\"dateModified\":\"2023-07-28T04:08:41+00:00\",\"description\":\"SAINT-PRIEST | Derni\u00e8re ligne droite pour l\u2019open de tennis de l\u2019ASPTT Grand Lyon\",\"breadcrumb\":{\"@id\":\"https:\/\/newsestlyonnais.fr\/site\/2023\/07\/08\/saint-priest-derniere-ligne-droite-pour-lopen-de-tennis-de-lasptt-grand-lyon-2\/#breadcrumb\"},\"inLanguage\":\"fr-FR\",\"potentialAction\":[{\"@type\":\"ReadAction\",\"target\":[\"https:\/\/newsestlyonnais.fr\/site\/2023\/07\/08\/saint-priest-derniere-ligne-droite-pour-lopen-de-tennis-de-lasptt-grand-lyon-2\/\"]}]},{\"@type\":\"ImageObject\",\"inLanguage\":\"fr-FR\",\"@id\":\"https:\/\/newsestlyonnais.fr\/site\/2023\/07\/08\/saint-priest-derniere-ligne-droite-pour-lopen-de-tennis-de-lasptt-grand-lyon-2\/#primaryimage\",\"url\":\"https:\/\/newsestlyonnais.fr\/site\/wp-content\/uploads\/2023\/06\/P1490925.jpg\",\"contentUrl\":\"https:\/\/newsestlyonnais.fr\/site\/wp-content\/uploads\/2023\/06\/P1490925.jpg\",\"width\":1200,\"height\":900},{\"@type\":\"BreadcrumbList\",\"@id\":\"https:\/\/newsestlyonnais.fr\/site\/2023\/07\/08\/saint-priest-derniere-ligne-droite-pour-lopen-de-tennis-de-lasptt-grand-lyon-2\/#breadcrumb\",\"itemListElement\":[{\"@type\":\"ListItem\",\"position\":1,\"name\":\"Accueil\",\"item\":\"https:\/\/newsestlyonnais.fr\/site\/\"},{\"@type\":\"ListItem\",\"position\":2,\"name\":\"SAINT-PRIEST | Derni\u00e8re ligne droite pour l\u2019open de tennis de l\u2019ASPTT Grand Lyon\"}]},{\"@type\":\"WebSite\",\"@id\":\"https:\/\/newsestlyonnais.fr\/site\/#website\",\"url\":\"https:\/\/newsestlyonnais.fr\/site\/\",\"name\":\"News Est Lyonnais\",\"description\":\"L&#039;actualit\u00e9 au plus pr\u00e8s\",\"publisher\":{\"@id\":\"https:\/\/newsestlyonnais.fr\/site\/#organization\"},\"potentialAction\":[{\"@type\":\"SearchAction\",\"target\":{\"@type\":\"EntryPoint\",\"urlTemplate\":\"https:\/\/newsestlyonnais.fr\/site\/?s={search_term_string}\"},\"query-input\":{\"@type\":\"PropertyValueSpecification\",\"valueRequired\":true,\"valueName\":\"search_term_string\"}}],\"inLanguage\":\"fr-FR\"},{\"@type\":\"Organization\",\"@id\":\"https:\/\/newsestlyonnais.fr\/site\/#organization\",\"name\":\"News EST LYONNAIS\",\"url\":\"https:\/\/newsestlyonnais.fr\/site\/\",\"logo\":{\"@type\":\"ImageObject\",\"inLanguage\":\"fr-FR\",\"@id\":\"https:\/\/newsestlyonnais.fr\/site\/#\/schema\/logo\/image\/\",\"url\":\"\",\"contentUrl\":\"\",\"caption\":\"News EST LYONNAIS\"},\"image\":{\"@id\":\"https:\/\/newsestlyonnais.fr\/site\/#\/schema\/logo\/image\/\"}},{\"@type\":\"Person\",\"@id\":\"https:\/\/newsestlyonnais.fr\/site\/#\/schema\/person\/3230d5615f390bb808365d673001e887\",\"name\":\"R\u00e9dac. NEWS\",\"sameAs\":[\"http:\/\/www.newsestlyonnais.fr\",\"https:\/\/www.facebook.com\/pascal.oberson.1?fref=ts\",\"https:\/\/fr.linkedin.com\/in\/pascal-oberson-b17045113\"],\"url\":\"https:\/\/newsestlyonnais.fr\/site\/author\/nel\/\"}]}<\/script>\n<!-- \/ Yoast SEO plugin. -->","yoast_head_json":{"title":"SAINT-PRIEST | Derni\u00e8re ligne droite pour l\u2019open de tennis de l\u2019ASPTT Grand Lyon - News Est Lyonnais","description":"SAINT-PRIEST | Derni\u00e8re ligne droite pour l\u2019open de tennis de l\u2019ASPTT Grand Lyon","robots":{"index":"index","follow":"follow","max-snippet":"max-snippet:-1","max-image-preview":"max-image-preview:large","max-video-preview":"max-video-preview:-1"},"canonical":"https:\/\/newsestlyonnais.fr\/site\/2023\/07\/08\/saint-priest-derniere-ligne-droite-pour-lopen-de-tennis-de-lasptt-grand-lyon-2\/","og_locale":"fr_FR","og_type":"article","og_title":"SAINT-PRIEST | Derni\u00e8re ligne droite pour l\u2019open de tennis de l\u2019ASPTT Grand Lyon - News Est Lyonnais","og_description":"SAINT-PRIEST | Derni\u00e8re ligne droite pour l\u2019open de tennis de l\u2019ASPTT Grand Lyon","og_url":"https:\/\/newsestlyonnais.fr\/site\/2023\/07\/08\/saint-priest-derniere-ligne-droite-pour-lopen-de-tennis-de-lasptt-grand-lyon-2\/","og_site_name":"News Est Lyonnais","article_author":"https:\/\/www.facebook.com\/pascal.oberson.1?fref=ts","article_published_time":"2023-07-08T06:34:55+00:00","article_modified_time":"2023-07-28T04:08:41+00:00","og_image":[{"width":1200,"height":900,"url":"https:\/\/newsestlyonnais.fr\/site\/wp-content\/uploads\/2023\/06\/P1490925.jpg","type":"image\/jpeg"}],"author":"R\u00e9dac. NEWS","twitter_card":"summary_large_image","twitter_misc":{"\u00c9crit par":"R\u00e9dac. NEWS","Dur\u00e9e de lecture estim\u00e9e":"2 minutes"},"schema":{"@context":"https:\/\/schema.org","@graph":[{"@type":"Article","@id":"https:\/\/newsestlyonnais.fr\/site\/2023\/07\/08\/saint-priest-derniere-ligne-droite-pour-lopen-de-tennis-de-lasptt-grand-lyon-2\/#article","isPartOf":{"@id":"https:\/\/newsestlyonnais.fr\/site\/2023\/07\/08\/saint-priest-derniere-ligne-droite-pour-lopen-de-tennis-de-lasptt-grand-lyon-2\/"},"author":{"name":"R\u00e9dac. NEWS","@id":"https:\/\/newsestlyonnais.fr\/site\/#\/schema\/person\/3230d5615f390bb808365d673001e887"},"headline":"SAINT-PRIEST | Derni\u00e8re ligne droite pour l\u2019open de tennis de l\u2019ASPTT Grand Lyon","datePublished":"2023-07-08T06:34:55+00:00","dateModified":"2023-07-28T04:08:41+00:00","mainEntityOfPage":{"@id":"https:\/\/newsestlyonnais.fr\/site\/2023\/07\/08\/saint-priest-derniere-ligne-droite-pour-lopen-de-tennis-de-lasptt-grand-lyon-2\/"},"wordCount":269,"commentCount":0,"publisher":{"@id":"https:\/\/newsestlyonnais.fr\/site\/#organization"},"image":{"@id":"https:\/\/newsestlyonnais.fr\/site\/2023\/07\/08\/saint-priest-derniere-ligne-droite-pour-lopen-de-tennis-de-lasptt-grand-lyon-2\/#primaryimage"},"thumbnailUrl":"https:\/\/newsestlyonnais.fr\/site\/wp-content\/uploads\/2023\/06\/P1490925.jpg","keywords":["ASPTT GRAND LYON","OPEN","SAINT PRIEST","TENNIS"],"articleSection":["Saint-Priest","Tennis | Padel","Tennis | Tennis de table"],"inLanguage":"fr-FR","potentialAction":[{"@type":"CommentAction","name":"Comment","target":["https:\/\/newsestlyonnais.fr\/site\/2023\/07\/08\/saint-priest-derniere-ligne-droite-pour-lopen-de-tennis-de-lasptt-grand-lyon-2\/#respond"]}]},{"@type":"WebPage","@id":"https:\/\/newsestlyonnais.fr\/site\/2023\/07\/08\/saint-priest-derniere-ligne-droite-pour-lopen-de-tennis-de-lasptt-grand-lyon-2\/","url":"https:\/\/newsestlyonnais.fr\/site\/2023\/07\/08\/saint-priest-derniere-ligne-droite-pour-lopen-de-tennis-de-lasptt-grand-lyon-2\/","name":"SAINT-PRIEST | Derni\u00e8re ligne droite pour l\u2019open de tennis de l\u2019ASPTT Grand Lyon - News Est Lyonnais","isPartOf":{"@id":"https:\/\/newsestlyonnais.fr\/site\/#website"},"primaryImageOfPage":{"@id":"https:\/\/newsestlyonnais.fr\/site\/2023\/07\/08\/saint-priest-derniere-ligne-droite-pour-lopen-de-tennis-de-lasptt-grand-lyon-2\/#primaryimage"},"image":{"@id":"https:\/\/newsestlyonnais.fr\/site\/2023\/07\/08\/saint-priest-derniere-ligne-droite-pour-lopen-de-tennis-de-lasptt-grand-lyon-2\/#primaryimage"},"thumbnailUrl":"https:\/\/newsestlyonnais.fr\/site\/wp-content\/uploads\/2023\/06\/P1490925.jpg","datePublished":"2023-07-08T06:34:55+00:00","dateModified":"2023-07-28T04:08:41+00:00","description":"SAINT-PRIEST | Derni\u00e8re ligne droite pour l\u2019open de tennis de l\u2019ASPTT Grand Lyon","breadcrumb":{"@id":"https:\/\/newsestlyonnais.fr\/site\/2023\/07\/08\/saint-priest-derniere-ligne-droite-pour-lopen-de-tennis-de-lasptt-grand-lyon-2\/#breadcrumb"},"inLanguage":"fr-FR","potentialAction":[{"@type":"ReadAction","target":["https:\/\/newsestlyonnais.fr\/site\/2023\/07\/08\/saint-priest-derniere-ligne-droite-pour-lopen-de-tennis-de-lasptt-grand-lyon-2\/"]}]},{"@type":"ImageObject","inLanguage":"fr-FR","@id":"https:\/\/newsestlyonnais.fr\/site\/2023\/07\/08\/saint-priest-derniere-ligne-droite-pour-lopen-de-tennis-de-lasptt-grand-lyon-2\/#primaryimage","url":"https:\/\/newsestlyonnais.fr\/site\/wp-content\/uploads\/2023\/06\/P1490925.jpg","contentUrl":"https:\/\/newsestlyonnais.fr\/site\/wp-content\/uploads\/2023\/06\/P1490925.jpg","width":1200,"height":900},{"@type":"BreadcrumbList","@id":"https:\/\/newsestlyonnais.fr\/site\/2023\/07\/08\/saint-priest-derniere-ligne-droite-pour-lopen-de-tennis-de-lasptt-grand-lyon-2\/#breadcrumb","itemListElement":[{"@type":"ListItem","position":1,"name":"Accueil","item":"https:\/\/newsestlyonnais.fr\/site\/"},{"@type":"ListItem","position":2,"name":"SAINT-PRIEST | Derni\u00e8re ligne droite pour l\u2019open de tennis de l\u2019ASPTT Grand Lyon"}]},{"@type":"WebSite","@id":"https:\/\/newsestlyonnais.fr\/site\/#website","url":"https:\/\/newsestlyonnais.fr\/site\/","name":"News Est Lyonnais","description":"L&#039;actualit\u00e9 au plus pr\u00e8s","publisher":{"@id":"https:\/\/newsestlyonnais.fr\/site\/#organization"},"potentialAction":[{"@type":"SearchAction","target":{"@type":"EntryPoint","urlTemplate":"https:\/\/newsestlyonnais.fr\/site\/?s={search_term_string}"},"query-input":{"@type":"PropertyValueSpecification","valueRequired":true,"valueName":"search_term_string"}}],"inLanguage":"fr-FR"},{"@type":"Organization","@id":"https:\/\/newsestlyonnais.fr\/site\/#organization","name":"News EST LYONNAIS","url":"https:\/\/newsestlyonnais.fr\/site\/","logo":{"@type":"ImageObject","inLanguage":"fr-FR","@id":"https:\/\/newsestlyonnais.fr\/site\/#\/schema\/logo\/image\/","url":"","contentUrl":"","caption":"News EST LYONNAIS"},"image":{"@id":"https:\/\/newsestlyonnais.fr\/site\/#\/schema\/logo\/image\/"}},{"@type":"Person","@id":"https:\/\/newsestlyonnais.fr\/site\/#\/schema\/person\/3230d5615f390bb808365d673001e887","name":"R\u00e9dac. NEWS","sameAs":["http:\/\/www.newsestlyonnais.fr","https:\/\/www.facebook.com\/pascal.oberson.1?fref=ts","https:\/\/fr.linkedin.com\/in\/pascal-oberson-b17045113"],"url":"https:\/\/newsestlyonnais.fr\/site\/author\/nel\/"}]}},"_links":{"self":[{"href":"https:\/\/newsestlyonnais.fr\/site\/wp-json\/wp\/v2\/posts\/186798","targetHints":{"allow":["GET"]}}],"collection":[{"href":"https:\/\/newsestlyonnais.fr\/site\/wp-json\/wp\/v2\/posts"}],"about":[{"href":"https:\/\/newsestlyonnais.fr\/site\/wp-json\/wp\/v2\/types\/post"}],"author":[{"embeddable":true,"href":"https:\/\/newsestlyonnais.fr\/site\/wp-json\/wp\/v2\/users\/4"}],"replies":[{"embeddable":true,"href":"https:\/\/newsestlyonnais.fr\/site\/wp-json\/wp\/v2\/comments?post=186798"}],"version-history":[{"count":0,"href":"https:\/\/newsestlyonnais.fr\/site\/wp-json\/wp\/v2\/posts\/186798\/revisions"}],"wp:featuredmedia":[{"embeddable":true,"href":"https:\/\/newsestlyonnais.fr\/site\/wp-json\/wp\/v2\/media\/184142"}],"wp:attachment":[{"href":"https:\/\/newsestlyonnais.fr\/site\/wp-json\/wp\/v2\/media?parent=186798"}],"wp:term":[{"taxonomy":"category","embeddable":true,"href":"https:\/\/newsestlyonnais.fr\/site\/wp-json\/wp\/v2\/categories?post=186798"},{"taxonomy":"post_tag","embeddable":true,"href":"https:\/\/newsestlyonnais.fr\/site\/wp-json\/wp\/v2\/tags?post=186798"}],"curies":[{"name":"wp","href":"https:\/\/api.w.org\/{rel}","templated":true}]}}