{"id":187120,"date":"2023-07-14T06:37:47","date_gmt":"2023-07-14T05:37:47","guid":{"rendered":"https:\/\/newsestlyonnais.fr\/site\/?p=187120"},"modified":"2023-07-14T07:15:28","modified_gmt":"2023-07-14T06:15:28","slug":"vincent-thibaut-je-suis-toujours-a-la-recherche-de-bien-faire-dans-le-geste-technique-et-je-ne-lache-rien","status":"publish","type":"post","link":"https:\/\/newsestlyonnais.fr\/site\/2023\/07\/14\/vincent-thibaut-je-suis-toujours-a-la-recherche-de-bien-faire-dans-le-geste-technique-et-je-ne-lache-rien\/","title":{"rendered":"Vincent Thibaut \u00ab Je suis toujours \u00e0 la recherche de bien faire dans le geste technique, je ne l\u00e2che rien \u00bb"},"content":{"rendered":"<p><strong><span style=\"background-color: #000000; color: #ffffff;\">Petite pr\u00e9sentation <\/span><\/strong><\/p>\n<p>\u00bb J&rsquo;ai 54 ans, je suis m\u00e9decin g\u00e9n\u00e9raliste et m\u00e9decin du sport sur Lyon 6. Je r\u00e9side \u00e0 Saint-Didier au Mont d&rsquo;or <strong>\u00ab.<\/strong><\/p>\n<p><strong><span style=\"background-color: #000000; color: #ffffff;\">Club sportif actuel et depuis quand ?<\/span><\/strong><\/p>\n<p>\u00bb Depuis 2017, <strong>je suis licenci\u00e9 au club de l&rsquo;<span style=\"color: #0000ff;\"><a style=\"color: #0000ff;\" href=\"http:\/\/athle-caluire.net\">AS Caluire<\/a><\/span> o\u00f9 je pratique la course \u00e0 pied et au <span style=\"color: #0000ff;\"><a style=\"color: #0000ff;\" href=\"https:\/\/www.tennisclublyon.com\">Tennis Club de Lyon<\/a><\/span><\/strong> depuis 2013 <strong>\u00ab.<\/strong><\/p>\n<hr \/>\n<p><strong><span style=\"background-color: #000000; color: #ffffff;\">Pr\u00e9sentation sommaire de votre pass\u00e9 sportif et \u00e9ventuel palmar\u00e8s :<\/span><\/strong><\/p>\n<p>\u00bb <strong>Je pratique le sport depuis mon plus jeune \u00e2ge<\/strong>. Depuis mes 10 ans je pratique le tennis ainsi que le ski et surf des neiges, la course \u00e0 pied depuis l&rsquo;\u00e2ge de 20 ans.<\/p>\n<p>Ainsi que d&rsquo;autres sports comme les arts martiaux (judo et aikido) et cyclisme entre 10 et 25 ans et des circuits de grande randonn\u00e9e (GR) <strong>\u00ab.<\/strong><\/p>\n<p><strong><span style=\"background-color: #000000; color: #ffffff;\">Vos points forts et distances pr\u00e9f\u00e9r\u00e9es ?<\/span><\/strong><\/p>\n<p>\u00bb Mes points forts ma femme Kaliane par sa pr\u00e9sence, ses encouragements et son soutien, toujours \u00e0 la recherche de bien faire notamment dans le geste technique, <strong>je ne l\u00e2che rien, pers\u00e9v\u00e9rant et endurant.<\/strong><\/p>\n<p><strong>Ma distance pr\u00e9f\u00e9r\u00e9e est le marathon que je pratique depuis mon 50\u00b0 anniversaire. 10 marathons tous finishers depuis 2018 \u00ab.<\/strong><\/p>\n<p><strong><span style=\"background-color: #000000; color: #ffffff;\">Combien d\u2019heures d\u2019entrainement par semaine, o\u00f9 et coach\u00e9 par qui ?<\/span><\/strong><\/p>\n<p><img loading=\"lazy\" decoding=\"async\" class=\"alignleft size-medium wp-image-187160\" src=\"https:\/\/newsestlyonnais.fr\/site\/wp-content\/uploads\/2023\/07\/359782416_101393153028696_5489742012512438259_n-400x866.jpg\" alt=\"\" width=\"139\" height=\"300\" srcset=\"https:\/\/newsestlyonnais.fr\/site\/wp-content\/uploads\/2023\/07\/359782416_101393153028696_5489742012512438259_n-400x866.jpg 400w, https:\/\/newsestlyonnais.fr\/site\/wp-content\/uploads\/2023\/07\/359782416_101393153028696_5489742012512438259_n-250x542.jpg 250w, https:\/\/newsestlyonnais.fr\/site\/wp-content\/uploads\/2023\/07\/359782416_101393153028696_5489742012512438259_n-150x325.jpg 150w, https:\/\/newsestlyonnais.fr\/site\/wp-content\/uploads\/2023\/07\/359782416_101393153028696_5489742012512438259_n-50x108.jpg 50w, https:\/\/newsestlyonnais.fr\/site\/wp-content\/uploads\/2023\/07\/359782416_101393153028696_5489742012512438259_n-100x217.jpg 100w, https:\/\/newsestlyonnais.fr\/site\/wp-content\/uploads\/2023\/07\/359782416_101393153028696_5489742012512438259_n-200x433.jpg 200w, https:\/\/newsestlyonnais.fr\/site\/wp-content\/uploads\/2023\/07\/359782416_101393153028696_5489742012512438259_n-300x650.jpg 300w, https:\/\/newsestlyonnais.fr\/site\/wp-content\/uploads\/2023\/07\/359782416_101393153028696_5489742012512438259_n-350x758.jpg 350w, https:\/\/newsestlyonnais.fr\/site\/wp-content\/uploads\/2023\/07\/359782416_101393153028696_5489742012512438259_n-450x975.jpg 450w, https:\/\/newsestlyonnais.fr\/site\/wp-content\/uploads\/2023\/07\/359782416_101393153028696_5489742012512438259_n-500x1083.jpg 500w, https:\/\/newsestlyonnais.fr\/site\/wp-content\/uploads\/2023\/07\/359782416_101393153028696_5489742012512438259_n-550x1191.jpg 550w, https:\/\/newsestlyonnais.fr\/site\/wp-content\/uploads\/2023\/07\/359782416_101393153028696_5489742012512438259_n.jpg 554w\" sizes=\"auto, (max-width: 139px) 100vw, 139px\" \/>\u00bb <strong>Je m&rsquo;entraine \u00e0 la course \u00e0 pied 4 \u00e0 5 fois par semaine<\/strong> (soit environ 7 \u00e0 8 heures ), souvent en bin\u00f4me avec Alexandra Cholton avec comme <strong>objectif commun de faire les 6 World Marathon Majors<\/strong> et une envie de performance du record personnel.<\/p>\n<p>Les sorties d&rsquo;entrainements running se font principalement \u00e0 la Feyssine , le long du Rh\u00f4ne et de la Sa\u00f4ne, au club de Caluire o\u00f9 nous sommes coach\u00e9s par Susy Cariant et Olivier Gaillard ainsi que dans les Monts d&rsquo;or .<\/p>\n<p>Et bien sur les lieux de d\u00e9placements de week-end et de vacances qui est une fa\u00e7on aussi agr\u00e9able de d\u00e9couverte.<\/p>\n<p><strong>Je joue au tennis deux fois par semaine<\/strong> (soit deux heures) et coach\u00e9 par Didier Clemaret (professeur de tennis au Tennis Club de Lyon) pour am\u00e9liorer voir r\u00e9viser les bases techniques ou en pr\u00e9pa d&rsquo;un tournoi par exemple<strong> \u00ab.<\/strong><\/p>\n<hr \/>\n<p><strong><span style=\"background-color: #000000; color: #ffffff;\">Et votre programme pour cette ann\u00e9e ?<\/span><\/strong><\/p>\n<p>\u00bb <strong>Le programme pour 2023 est la reprise des tournois de tennis<\/strong> avec comme objectif de revenir en 3\u00b0 s\u00e9rie en 2024 <strong>et le marathon du Lac majeur<\/strong> en Italie le 5 novembre avec un objectif chrono assum\u00e9 en 3 h 15<\/p>\n<p>Ce premier semestre <strong>j&rsquo;ai effectu\u00e9 mon 4e World Marathon \u00e0 Boston<\/strong> le 17 avril en 3 h 18&prime; 18\u00a0\u00bb (apr\u00e8s New York en 2018, Chicago en 2019, Berlin en 2021),\u00a0 ainsi que le marathon de Gen\u00e8ve 3 semaines plus tard le 7 mai en 3 h 23&prime; 43&Prime;<\/p>\n<p><strong>J&rsquo;ai relev\u00e9 un challenge v\u00e9lo le 3 juin<\/strong> pour une boucle de 75 km avec ascension du Mont Ventoux <strong>au profit de l&rsquo;association fran\u00e7aise d&rsquo;urologie (AFU) pour la sensibilisation au d\u00e9pistage du cancer de la prostate<\/strong> en pr\u00e9sence de Bernard Hinault, parrain de l&rsquo;association.<\/p>\n<p><strong>J&rsquo;ai repris il y a 15 jours la comp\u00e9tition de tennis apr\u00e8s 3 ans sans tournoi<\/strong>. J&rsquo;ai pass\u00e9 deux tours et le manque de pratique tournoi m&rsquo;a cout\u00e9 le 3\u00b0 tour.<\/p>\n<p><strong>Les prochains objectifs de courses sont Tokyo en mars 2024 et Londres en avril 2024<\/strong> et ainsi cl\u00f4turer l&rsquo;objectif fix\u00e9 des 6 World Marathon Majors et apoth\u00e9ose le 10 ao\u00fbt 2024 un R\u00eave de gosse en d\u00e9crochant un dossard pour participation aux JO Paris 2024 avec le marathon pour tous <strong>\u00ab.<\/strong><\/p>\n<hr \/>\n<p><strong><span style=\"background-color: #000000; color: #ffffff;\">Quelques anecdotes pour conclure ?<\/span><\/strong><\/p>\n<p>\u00bb 1) <strong>Contre perf \u00e0 Berlin : <\/strong>pourtant un des marathons les plus roulants en voulant suivre au d\u00e9part le meneur d&rsquo;allure de 3 H 15 qui m&rsquo;a valu <strong>une d\u00e9faillance<\/strong> d\u00e8s le 15\u00b0 km. Finisher malgr\u00e9 les 27 km restant dans la douleur physique et mental en 4 H 06 pour un objectif affich\u00e9 de 3 H 15 et <strong>qui m&rsquo; a valu une surveillance sous tente m\u00e9dicale \u00e0 l&rsquo;arriv\u00e9e<\/strong>.<\/p>\n<p>Une Grosse d\u00e9sillusion qu&rsquo;il a fallu accept\u00e9 et qui m&rsquo;a servi d&rsquo;exp\u00e9rience et faire une perf deux mois plus tard \u00e0 Valencia en 3 H 26.<\/p>\n<p>2) <strong>Chicago : <\/strong>changement de tactique en derni\u00e8re minute, suite acc\u00e8s au sas retard\u00e9 pour raison de contr\u00f4le s\u00e9curit\u00e9, en optant pour un d\u00e9part plus rapide que pr\u00e9vu et recoller au coureur de notre sas initial. Pari payant qui aurait pu nous co\u00fbter cher sur le parcours mais finalement, \u00e9tablissement d&rsquo;un record personnel.<\/p>\n<p>3) <strong>Footing \u00e0 Venise<\/strong> : initialement pr\u00e9vu d&rsquo;une heure mais suite \u00e9garement dans les d\u00e9dales de la ville a dur\u00e9 le double mais fut une belle exp\u00e9rience de d\u00e9couverte .<\/p>\n<p>4) D\u00e9part pris apr\u00e8s 10 mn de retard au <strong>semi-marathon de Lille<\/strong> il y a plusieurs ann\u00e9es mais grisant en rattrapant tous le long les participants et finir galvaniser en 1 H 27.<\/p>\n<p>5) Le fait d&rsquo;avoir \u00e9tabli le <strong>m\u00eame chrono \u00e0 la seconde pr\u00e8s sur deux marathons de suite \u00e0 5 mois d&rsquo;intervalle. Deauville et Boston<\/strong> en 3 H 18&prime; 18&Prime; <strong>\u00ab.<\/strong><\/p>\n<div id='gallery-1' class='gallery galleryid-187120 gallery-columns-4 gallery-size-large'><figure class='gallery-item'>\n\t\t\t<div class='gallery-icon portrait'>\n\t\t\t\t<a href='https:\/\/newsestlyonnais.fr\/site\/356386890_1478353569652089_1853910433411427548_n\/'><img loading=\"lazy\" decoding=\"async\" width=\"562\" height=\"750\" src=\"https:\/\/newsestlyonnais.fr\/site\/wp-content\/uploads\/2023\/07\/356386890_1478353569652089_1853910433411427548_n-650x867.jpg\" class=\"attachment-large size-large\" alt=\"\" srcset=\"https:\/\/newsestlyonnais.fr\/site\/wp-content\/uploads\/2023\/07\/356386890_1478353569652089_1853910433411427548_n-650x867.jpg 650w, https:\/\/newsestlyonnais.fr\/site\/wp-content\/uploads\/2023\/07\/356386890_1478353569652089_1853910433411427548_n-400x533.jpg 400w, https:\/\/newsestlyonnais.fr\/site\/wp-content\/uploads\/2023\/07\/356386890_1478353569652089_1853910433411427548_n-250x333.jpg 250w, https:\/\/newsestlyonnais.fr\/site\/wp-content\/uploads\/2023\/07\/356386890_1478353569652089_1853910433411427548_n-768x1024.jpg 768w, https:\/\/newsestlyonnais.fr\/site\/wp-content\/uploads\/2023\/07\/356386890_1478353569652089_1853910433411427548_n-150x200.jpg 150w, https:\/\/newsestlyonnais.fr\/site\/wp-content\/uploads\/2023\/07\/356386890_1478353569652089_1853910433411427548_n-50x67.jpg 50w, https:\/\/newsestlyonnais.fr\/site\/wp-content\/uploads\/2023\/07\/356386890_1478353569652089_1853910433411427548_n-100x133.jpg 100w, https:\/\/newsestlyonnais.fr\/site\/wp-content\/uploads\/2023\/07\/356386890_1478353569652089_1853910433411427548_n-200x267.jpg 200w, https:\/\/newsestlyonnais.fr\/site\/wp-content\/uploads\/2023\/07\/356386890_1478353569652089_1853910433411427548_n-300x400.jpg 300w, https:\/\/newsestlyonnais.fr\/site\/wp-content\/uploads\/2023\/07\/356386890_1478353569652089_1853910433411427548_n-350x467.jpg 350w, https:\/\/newsestlyonnais.fr\/site\/wp-content\/uploads\/2023\/07\/356386890_1478353569652089_1853910433411427548_n-450x600.jpg 450w, https:\/\/newsestlyonnais.fr\/site\/wp-content\/uploads\/2023\/07\/356386890_1478353569652089_1853910433411427548_n-500x667.jpg 500w, https:\/\/newsestlyonnais.fr\/site\/wp-content\/uploads\/2023\/07\/356386890_1478353569652089_1853910433411427548_n-550x733.jpg 550w, https:\/\/newsestlyonnais.fr\/site\/wp-content\/uploads\/2023\/07\/356386890_1478353569652089_1853910433411427548_n-800x1067.jpg 800w, https:\/\/newsestlyonnais.fr\/site\/wp-content\/uploads\/2023\/07\/356386890_1478353569652089_1853910433411427548_n.jpg 900w\" sizes=\"auto, (max-width: 562px) 100vw, 562px\" \/><\/a>\n\t\t\t<\/div><\/figure><figure class='gallery-item'>\n\t\t\t<div class='gallery-icon portrait'>\n\t\t\t\t<a href='https:\/\/newsestlyonnais.fr\/site\/360056238_655449499496741_1573400213468287244_n\/'><img loading=\"lazy\" decoding=\"async\" width=\"500\" height=\"750\" src=\"https:\/\/newsestlyonnais.fr\/site\/wp-content\/uploads\/2023\/07\/360056238_655449499496741_1573400213468287244_n-650x975.jpg\" class=\"attachment-large size-large\" alt=\"\" srcset=\"https:\/\/newsestlyonnais.fr\/site\/wp-content\/uploads\/2023\/07\/360056238_655449499496741_1573400213468287244_n-650x975.jpg 650w, https:\/\/newsestlyonnais.fr\/site\/wp-content\/uploads\/2023\/07\/360056238_655449499496741_1573400213468287244_n-400x600.jpg 400w, https:\/\/newsestlyonnais.fr\/site\/wp-content\/uploads\/2023\/07\/360056238_655449499496741_1573400213468287244_n-250x375.jpg 250w, https:\/\/newsestlyonnais.fr\/site\/wp-content\/uploads\/2023\/07\/360056238_655449499496741_1573400213468287244_n-768x1152.jpg 768w, https:\/\/newsestlyonnais.fr\/site\/wp-content\/uploads\/2023\/07\/360056238_655449499496741_1573400213468287244_n-150x225.jpg 150w, https:\/\/newsestlyonnais.fr\/site\/wp-content\/uploads\/2023\/07\/360056238_655449499496741_1573400213468287244_n-50x75.jpg 50w, https:\/\/newsestlyonnais.fr\/site\/wp-content\/uploads\/2023\/07\/360056238_655449499496741_1573400213468287244_n-100x150.jpg 100w, https:\/\/newsestlyonnais.fr\/site\/wp-content\/uploads\/2023\/07\/360056238_655449499496741_1573400213468287244_n-200x300.jpg 200w, https:\/\/newsestlyonnais.fr\/site\/wp-content\/uploads\/2023\/07\/360056238_655449499496741_1573400213468287244_n-300x450.jpg 300w, https:\/\/newsestlyonnais.fr\/site\/wp-content\/uploads\/2023\/07\/360056238_655449499496741_1573400213468287244_n-350x525.jpg 350w, https:\/\/newsestlyonnais.fr\/site\/wp-content\/uploads\/2023\/07\/360056238_655449499496741_1573400213468287244_n-450x675.jpg 450w, https:\/\/newsestlyonnais.fr\/site\/wp-content\/uploads\/2023\/07\/360056238_655449499496741_1573400213468287244_n-500x750.jpg 500w, https:\/\/newsestlyonnais.fr\/site\/wp-content\/uploads\/2023\/07\/360056238_655449499496741_1573400213468287244_n-550x825.jpg 550w, https:\/\/newsestlyonnais.fr\/site\/wp-content\/uploads\/2023\/07\/360056238_655449499496741_1573400213468287244_n.jpg 800w\" sizes=\"auto, (max-width: 500px) 100vw, 500px\" \/><\/a>\n\t\t\t<\/div><\/figure><figure class='gallery-item'>\n\t\t\t<div class='gallery-icon portrait'>\n\t\t\t\t<a href='https:\/\/newsestlyonnais.fr\/site\/2023\/07\/14\/vincent-thibaut-je-suis-toujours-a-la-recherche-de-bien-faire-dans-le-geste-technique-et-je-ne-lache-rien\/360051760_959611311802294_6379303035682044478_n\/'><img loading=\"lazy\" decoding=\"async\" width=\"562\" height=\"750\" src=\"https:\/\/newsestlyonnais.fr\/site\/wp-content\/uploads\/2023\/07\/360051760_959611311802294_6379303035682044478_n-650x867.jpg\" class=\"attachment-large size-large\" alt=\"\" srcset=\"https:\/\/newsestlyonnais.fr\/site\/wp-content\/uploads\/2023\/07\/360051760_959611311802294_6379303035682044478_n-650x867.jpg 650w, https:\/\/newsestlyonnais.fr\/site\/wp-content\/uploads\/2023\/07\/360051760_959611311802294_6379303035682044478_n-400x533.jpg 400w, https:\/\/newsestlyonnais.fr\/site\/wp-content\/uploads\/2023\/07\/360051760_959611311802294_6379303035682044478_n-250x333.jpg 250w, https:\/\/newsestlyonnais.fr\/site\/wp-content\/uploads\/2023\/07\/360051760_959611311802294_6379303035682044478_n-768x1024.jpg 768w, https:\/\/newsestlyonnais.fr\/site\/wp-content\/uploads\/2023\/07\/360051760_959611311802294_6379303035682044478_n-150x200.jpg 150w, https:\/\/newsestlyonnais.fr\/site\/wp-content\/uploads\/2023\/07\/360051760_959611311802294_6379303035682044478_n-50x67.jpg 50w, https:\/\/newsestlyonnais.fr\/site\/wp-content\/uploads\/2023\/07\/360051760_959611311802294_6379303035682044478_n-100x133.jpg 100w, https:\/\/newsestlyonnais.fr\/site\/wp-content\/uploads\/2023\/07\/360051760_959611311802294_6379303035682044478_n-200x267.jpg 200w, https:\/\/newsestlyonnais.fr\/site\/wp-content\/uploads\/2023\/07\/360051760_959611311802294_6379303035682044478_n-300x400.jpg 300w, https:\/\/newsestlyonnais.fr\/site\/wp-content\/uploads\/2023\/07\/360051760_959611311802294_6379303035682044478_n-350x467.jpg 350w, https:\/\/newsestlyonnais.fr\/site\/wp-content\/uploads\/2023\/07\/360051760_959611311802294_6379303035682044478_n-450x600.jpg 450w, https:\/\/newsestlyonnais.fr\/site\/wp-content\/uploads\/2023\/07\/360051760_959611311802294_6379303035682044478_n-500x667.jpg 500w, https:\/\/newsestlyonnais.fr\/site\/wp-content\/uploads\/2023\/07\/360051760_959611311802294_6379303035682044478_n-550x733.jpg 550w, https:\/\/newsestlyonnais.fr\/site\/wp-content\/uploads\/2023\/07\/360051760_959611311802294_6379303035682044478_n-800x1067.jpg 800w, https:\/\/newsestlyonnais.fr\/site\/wp-content\/uploads\/2023\/07\/360051760_959611311802294_6379303035682044478_n.jpg 900w\" sizes=\"auto, (max-width: 562px) 100vw, 562px\" \/><\/a>\n\t\t\t<\/div><\/figure><figure class='gallery-item'>\n\t\t\t<div class='gallery-icon portrait'>\n\t\t\t\t<a href='https:\/\/newsestlyonnais.fr\/site\/359681772_608692937750866_389251655016339942_n\/'><img loading=\"lazy\" decoding=\"async\" width=\"538\" height=\"750\" src=\"https:\/\/newsestlyonnais.fr\/site\/wp-content\/uploads\/2023\/07\/359681772_608692937750866_389251655016339942_n-650x906.jpg\" class=\"attachment-large size-large\" alt=\"\" srcset=\"https:\/\/newsestlyonnais.fr\/site\/wp-content\/uploads\/2023\/07\/359681772_608692937750866_389251655016339942_n-650x906.jpg 650w, https:\/\/newsestlyonnais.fr\/site\/wp-content\/uploads\/2023\/07\/359681772_608692937750866_389251655016339942_n-400x558.jpg 400w, https:\/\/newsestlyonnais.fr\/site\/wp-content\/uploads\/2023\/07\/359681772_608692937750866_389251655016339942_n-250x349.jpg 250w, https:\/\/newsestlyonnais.fr\/site\/wp-content\/uploads\/2023\/07\/359681772_608692937750866_389251655016339942_n-768x1071.jpg 768w, https:\/\/newsestlyonnais.fr\/site\/wp-content\/uploads\/2023\/07\/359681772_608692937750866_389251655016339942_n-150x209.jpg 150w, https:\/\/newsestlyonnais.fr\/site\/wp-content\/uploads\/2023\/07\/359681772_608692937750866_389251655016339942_n-50x70.jpg 50w, https:\/\/newsestlyonnais.fr\/site\/wp-content\/uploads\/2023\/07\/359681772_608692937750866_389251655016339942_n-100x139.jpg 100w, https:\/\/newsestlyonnais.fr\/site\/wp-content\/uploads\/2023\/07\/359681772_608692937750866_389251655016339942_n-200x279.jpg 200w, https:\/\/newsestlyonnais.fr\/site\/wp-content\/uploads\/2023\/07\/359681772_608692937750866_389251655016339942_n-300x418.jpg 300w, https:\/\/newsestlyonnais.fr\/site\/wp-content\/uploads\/2023\/07\/359681772_608692937750866_389251655016339942_n-350x488.jpg 350w, https:\/\/newsestlyonnais.fr\/site\/wp-content\/uploads\/2023\/07\/359681772_608692937750866_389251655016339942_n-450x628.jpg 450w, https:\/\/newsestlyonnais.fr\/site\/wp-content\/uploads\/2023\/07\/359681772_608692937750866_389251655016339942_n-500x697.jpg 500w, https:\/\/newsestlyonnais.fr\/site\/wp-content\/uploads\/2023\/07\/359681772_608692937750866_389251655016339942_n-550x767.jpg 550w, https:\/\/newsestlyonnais.fr\/site\/wp-content\/uploads\/2023\/07\/359681772_608692937750866_389251655016339942_n-800x1116.jpg 800w, https:\/\/newsestlyonnais.fr\/site\/wp-content\/uploads\/2023\/07\/359681772_608692937750866_389251655016339942_n.jpg 829w\" sizes=\"auto, (max-width: 538px) 100vw, 538px\" \/><\/a>\n\t\t\t<\/div><\/figure>\n\t\t<\/div>\n\n<hr \/>\n<hr \/>\n<p>&nbsp;<\/p>\n","protected":false},"excerpt":{"rendered":"<p>Ce sportif multi-disciplines, alterne entre le marathon, sa distance pr\u00e9f\u00e9r\u00e9e d\u00e9j\u00e0 courue \u00e0 dix reprises et le tennis avec un retour sur les tournois.     <\/p>\n","protected":false},"author":4,"featured_media":187140,"comment_status":"open","ping_status":"open","sticky":false,"template":"","format":"standard","meta":{"footnotes":""},"categories":[2968,4286,137,1625,2992,2991],"tags":[4002,2337,2077,2049,4816,4815],"class_list":["post-187120","post","type-post","status-publish","format-standard","has-post-thumbnail","hentry","category-athle-course-pied-marche","category-interview-a-la-une","category-interviews","category-lyon","category-tennis-padel","category-tennis-tennis-table-sports","tag-as-caluire-athle","tag-caluire","tag-lyon","tag-tennis","tag-tennis-club-lyon","tag-vincent-thibaut"],"yoast_head":"<!-- This site is optimized with the Yoast SEO plugin v27.2 - https:\/\/yoast.com\/product\/yoast-seo-wordpress\/ -->\n<title>Vincent Thibaut \u00ab Je suis toujours \u00e0 la recherche de bien faire dans le geste technique, je ne l\u00e2che rien \u00bb - News Est Lyonnais<\/title>\n<meta name=\"description\" content=\"Vincent Thibaut \u00ab je suis toujours \u00e0 la recherche de bien faire dans le geste technique et je ne l\u00e2che rien \u00bb\" \/>\n<meta name=\"robots\" content=\"index, follow, max-snippet:-1, max-image-preview:large, max-video-preview:-1\" \/>\n<link rel=\"canonical\" href=\"https:\/\/newsestlyonnais.fr\/site\/2023\/07\/14\/vincent-thibaut-je-suis-toujours-a-la-recherche-de-bien-faire-dans-le-geste-technique-et-je-ne-lache-rien\/\" \/>\n<meta property=\"og:locale\" content=\"fr_FR\" \/>\n<meta property=\"og:type\" content=\"article\" \/>\n<meta property=\"og:title\" content=\"Vincent Thibaut \u00ab Je suis toujours \u00e0 la recherche de bien faire dans le geste technique, je ne l\u00e2che rien \u00bb - News Est Lyonnais\" \/>\n<meta property=\"og:description\" content=\"Vincent Thibaut \u00ab je suis toujours \u00e0 la recherche de bien faire dans le geste technique et je ne l\u00e2che rien \u00bb\" \/>\n<meta property=\"og:url\" content=\"https:\/\/newsestlyonnais.fr\/site\/2023\/07\/14\/vincent-thibaut-je-suis-toujours-a-la-recherche-de-bien-faire-dans-le-geste-technique-et-je-ne-lache-rien\/\" \/>\n<meta property=\"og:site_name\" content=\"News Est Lyonnais\" \/>\n<meta property=\"article:author\" content=\"https:\/\/www.facebook.com\/pascal.oberson.1?fref=ts\" \/>\n<meta property=\"article:published_time\" content=\"2023-07-14T05:37:47+00:00\" \/>\n<meta property=\"article:modified_time\" content=\"2023-07-14T06:15:28+00:00\" \/>\n<meta property=\"og:image\" content=\"https:\/\/newsestlyonnais.fr\/site\/wp-content\/uploads\/2023\/07\/360035053_851846293036486_4903126254753016892_n.jpg\" \/>\n\t<meta property=\"og:image:width\" content=\"1170\" \/>\n\t<meta property=\"og:image:height\" content=\"876\" \/>\n\t<meta property=\"og:image:type\" content=\"image\/jpeg\" \/>\n<meta name=\"author\" content=\"R\u00e9dac. NEWS\" \/>\n<meta name=\"twitter:card\" content=\"summary_large_image\" \/>\n<meta name=\"twitter:label1\" content=\"\u00c9crit par\" \/>\n\t<meta name=\"twitter:data1\" content=\"R\u00e9dac. NEWS\" \/>\n\t<meta name=\"twitter:label2\" content=\"Dur\u00e9e de lecture estim\u00e9e\" \/>\n\t<meta name=\"twitter:data2\" content=\"5 minutes\" \/>\n<script type=\"application\/ld+json\" class=\"yoast-schema-graph\">{\"@context\":\"https:\/\/schema.org\",\"@graph\":[{\"@type\":\"Article\",\"@id\":\"https:\/\/newsestlyonnais.fr\/site\/2023\/07\/14\/vincent-thibaut-je-suis-toujours-a-la-recherche-de-bien-faire-dans-le-geste-technique-et-je-ne-lache-rien\/#article\",\"isPartOf\":{\"@id\":\"https:\/\/newsestlyonnais.fr\/site\/2023\/07\/14\/vincent-thibaut-je-suis-toujours-a-la-recherche-de-bien-faire-dans-le-geste-technique-et-je-ne-lache-rien\/\"},\"author\":{\"name\":\"R\u00e9dac. NEWS\",\"@id\":\"https:\/\/newsestlyonnais.fr\/site\/#\/schema\/person\/3230d5615f390bb808365d673001e887\"},\"headline\":\"Vincent Thibaut \u00ab Je suis toujours \u00e0 la recherche de bien faire dans le geste technique, je ne l\u00e2che rien \u00bb\",\"datePublished\":\"2023-07-14T05:37:47+00:00\",\"dateModified\":\"2023-07-14T06:15:28+00:00\",\"mainEntityOfPage\":{\"@id\":\"https:\/\/newsestlyonnais.fr\/site\/2023\/07\/14\/vincent-thibaut-je-suis-toujours-a-la-recherche-de-bien-faire-dans-le-geste-technique-et-je-ne-lache-rien\/\"},\"wordCount\":833,\"commentCount\":0,\"publisher\":{\"@id\":\"https:\/\/newsestlyonnais.fr\/site\/#organization\"},\"image\":{\"@id\":\"https:\/\/newsestlyonnais.fr\/site\/2023\/07\/14\/vincent-thibaut-je-suis-toujours-a-la-recherche-de-bien-faire-dans-le-geste-technique-et-je-ne-lache-rien\/#primaryimage\"},\"thumbnailUrl\":\"https:\/\/newsestlyonnais.fr\/site\/wp-content\/uploads\/2023\/07\/360035053_851846293036486_4903126254753016892_n.jpg\",\"keywords\":[\"AS CALUIRE ATHLE\",\"CALUIRE\",\"LYON\",\"TENNIS\",\"TENNIS CLUB LYON\",\"Vincent Thibaut\"],\"articleSection\":[\"Athl\u00e9 | Course pied | Marche\",\"Interview \u00e0 la une\",\"Interviews\",\"Lyon\",\"Tennis | Padel\",\"Tennis | Tennis de table\"],\"inLanguage\":\"fr-FR\",\"potentialAction\":[{\"@type\":\"CommentAction\",\"name\":\"Comment\",\"target\":[\"https:\/\/newsestlyonnais.fr\/site\/2023\/07\/14\/vincent-thibaut-je-suis-toujours-a-la-recherche-de-bien-faire-dans-le-geste-technique-et-je-ne-lache-rien\/#respond\"]}]},{\"@type\":\"WebPage\",\"@id\":\"https:\/\/newsestlyonnais.fr\/site\/2023\/07\/14\/vincent-thibaut-je-suis-toujours-a-la-recherche-de-bien-faire-dans-le-geste-technique-et-je-ne-lache-rien\/\",\"url\":\"https:\/\/newsestlyonnais.fr\/site\/2023\/07\/14\/vincent-thibaut-je-suis-toujours-a-la-recherche-de-bien-faire-dans-le-geste-technique-et-je-ne-lache-rien\/\",\"name\":\"Vincent Thibaut \u00ab Je suis toujours \u00e0 la recherche de bien faire dans le geste technique, je ne l\u00e2che rien \u00bb - News Est Lyonnais\",\"isPartOf\":{\"@id\":\"https:\/\/newsestlyonnais.fr\/site\/#website\"},\"primaryImageOfPage\":{\"@id\":\"https:\/\/newsestlyonnais.fr\/site\/2023\/07\/14\/vincent-thibaut-je-suis-toujours-a-la-recherche-de-bien-faire-dans-le-geste-technique-et-je-ne-lache-rien\/#primaryimage\"},\"image\":{\"@id\":\"https:\/\/newsestlyonnais.fr\/site\/2023\/07\/14\/vincent-thibaut-je-suis-toujours-a-la-recherche-de-bien-faire-dans-le-geste-technique-et-je-ne-lache-rien\/#primaryimage\"},\"thumbnailUrl\":\"https:\/\/newsestlyonnais.fr\/site\/wp-content\/uploads\/2023\/07\/360035053_851846293036486_4903126254753016892_n.jpg\",\"datePublished\":\"2023-07-14T05:37:47+00:00\",\"dateModified\":\"2023-07-14T06:15:28+00:00\",\"description\":\"Vincent Thibaut \u00ab je suis toujours \u00e0 la recherche de bien faire dans le geste technique et je ne l\u00e2che rien \u00bb\",\"breadcrumb\":{\"@id\":\"https:\/\/newsestlyonnais.fr\/site\/2023\/07\/14\/vincent-thibaut-je-suis-toujours-a-la-recherche-de-bien-faire-dans-le-geste-technique-et-je-ne-lache-rien\/#breadcrumb\"},\"inLanguage\":\"fr-FR\",\"potentialAction\":[{\"@type\":\"ReadAction\",\"target\":[\"https:\/\/newsestlyonnais.fr\/site\/2023\/07\/14\/vincent-thibaut-je-suis-toujours-a-la-recherche-de-bien-faire-dans-le-geste-technique-et-je-ne-lache-rien\/\"]}]},{\"@type\":\"ImageObject\",\"inLanguage\":\"fr-FR\",\"@id\":\"https:\/\/newsestlyonnais.fr\/site\/2023\/07\/14\/vincent-thibaut-je-suis-toujours-a-la-recherche-de-bien-faire-dans-le-geste-technique-et-je-ne-lache-rien\/#primaryimage\",\"url\":\"https:\/\/newsestlyonnais.fr\/site\/wp-content\/uploads\/2023\/07\/360035053_851846293036486_4903126254753016892_n.jpg\",\"contentUrl\":\"https:\/\/newsestlyonnais.fr\/site\/wp-content\/uploads\/2023\/07\/360035053_851846293036486_4903126254753016892_n.jpg\",\"width\":1170,\"height\":876},{\"@type\":\"BreadcrumbList\",\"@id\":\"https:\/\/newsestlyonnais.fr\/site\/2023\/07\/14\/vincent-thibaut-je-suis-toujours-a-la-recherche-de-bien-faire-dans-le-geste-technique-et-je-ne-lache-rien\/#breadcrumb\",\"itemListElement\":[{\"@type\":\"ListItem\",\"position\":1,\"name\":\"Accueil\",\"item\":\"https:\/\/newsestlyonnais.fr\/site\/\"},{\"@type\":\"ListItem\",\"position\":2,\"name\":\"Vincent Thibaut \u00ab Je suis toujours \u00e0 la recherche de bien faire dans le geste technique, je ne l\u00e2che rien \u00bb\"}]},{\"@type\":\"WebSite\",\"@id\":\"https:\/\/newsestlyonnais.fr\/site\/#website\",\"url\":\"https:\/\/newsestlyonnais.fr\/site\/\",\"name\":\"News Est Lyonnais\",\"description\":\"L&#039;actualit\u00e9 au plus pr\u00e8s\",\"publisher\":{\"@id\":\"https:\/\/newsestlyonnais.fr\/site\/#organization\"},\"potentialAction\":[{\"@type\":\"SearchAction\",\"target\":{\"@type\":\"EntryPoint\",\"urlTemplate\":\"https:\/\/newsestlyonnais.fr\/site\/?s={search_term_string}\"},\"query-input\":{\"@type\":\"PropertyValueSpecification\",\"valueRequired\":true,\"valueName\":\"search_term_string\"}}],\"inLanguage\":\"fr-FR\"},{\"@type\":\"Organization\",\"@id\":\"https:\/\/newsestlyonnais.fr\/site\/#organization\",\"name\":\"News EST LYONNAIS\",\"url\":\"https:\/\/newsestlyonnais.fr\/site\/\",\"logo\":{\"@type\":\"ImageObject\",\"inLanguage\":\"fr-FR\",\"@id\":\"https:\/\/newsestlyonnais.fr\/site\/#\/schema\/logo\/image\/\",\"url\":\"\",\"contentUrl\":\"\",\"caption\":\"News EST LYONNAIS\"},\"image\":{\"@id\":\"https:\/\/newsestlyonnais.fr\/site\/#\/schema\/logo\/image\/\"}},{\"@type\":\"Person\",\"@id\":\"https:\/\/newsestlyonnais.fr\/site\/#\/schema\/person\/3230d5615f390bb808365d673001e887\",\"name\":\"R\u00e9dac. NEWS\",\"sameAs\":[\"http:\/\/www.newsestlyonnais.fr\",\"https:\/\/www.facebook.com\/pascal.oberson.1?fref=ts\",\"https:\/\/fr.linkedin.com\/in\/pascal-oberson-b17045113\"],\"url\":\"https:\/\/newsestlyonnais.fr\/site\/author\/nel\/\"}]}<\/script>\n<!-- \/ Yoast SEO plugin. -->","yoast_head_json":{"title":"Vincent Thibaut \u00ab Je suis toujours \u00e0 la recherche de bien faire dans le geste technique, je ne l\u00e2che rien \u00bb - News Est Lyonnais","description":"Vincent Thibaut \u00ab je suis toujours \u00e0 la recherche de bien faire dans le geste technique et je ne l\u00e2che rien \u00bb","robots":{"index":"index","follow":"follow","max-snippet":"max-snippet:-1","max-image-preview":"max-image-preview:large","max-video-preview":"max-video-preview:-1"},"canonical":"https:\/\/newsestlyonnais.fr\/site\/2023\/07\/14\/vincent-thibaut-je-suis-toujours-a-la-recherche-de-bien-faire-dans-le-geste-technique-et-je-ne-lache-rien\/","og_locale":"fr_FR","og_type":"article","og_title":"Vincent Thibaut \u00ab Je suis toujours \u00e0 la recherche de bien faire dans le geste technique, je ne l\u00e2che rien \u00bb - News Est Lyonnais","og_description":"Vincent Thibaut \u00ab je suis toujours \u00e0 la recherche de bien faire dans le geste technique et je ne l\u00e2che rien \u00bb","og_url":"https:\/\/newsestlyonnais.fr\/site\/2023\/07\/14\/vincent-thibaut-je-suis-toujours-a-la-recherche-de-bien-faire-dans-le-geste-technique-et-je-ne-lache-rien\/","og_site_name":"News Est Lyonnais","article_author":"https:\/\/www.facebook.com\/pascal.oberson.1?fref=ts","article_published_time":"2023-07-14T05:37:47+00:00","article_modified_time":"2023-07-14T06:15:28+00:00","og_image":[{"width":1170,"height":876,"url":"https:\/\/newsestlyonnais.fr\/site\/wp-content\/uploads\/2023\/07\/360035053_851846293036486_4903126254753016892_n.jpg","type":"image\/jpeg"}],"author":"R\u00e9dac. NEWS","twitter_card":"summary_large_image","twitter_misc":{"\u00c9crit par":"R\u00e9dac. NEWS","Dur\u00e9e de lecture estim\u00e9e":"5 minutes"},"schema":{"@context":"https:\/\/schema.org","@graph":[{"@type":"Article","@id":"https:\/\/newsestlyonnais.fr\/site\/2023\/07\/14\/vincent-thibaut-je-suis-toujours-a-la-recherche-de-bien-faire-dans-le-geste-technique-et-je-ne-lache-rien\/#article","isPartOf":{"@id":"https:\/\/newsestlyonnais.fr\/site\/2023\/07\/14\/vincent-thibaut-je-suis-toujours-a-la-recherche-de-bien-faire-dans-le-geste-technique-et-je-ne-lache-rien\/"},"author":{"name":"R\u00e9dac. NEWS","@id":"https:\/\/newsestlyonnais.fr\/site\/#\/schema\/person\/3230d5615f390bb808365d673001e887"},"headline":"Vincent Thibaut \u00ab Je suis toujours \u00e0 la recherche de bien faire dans le geste technique, je ne l\u00e2che rien \u00bb","datePublished":"2023-07-14T05:37:47+00:00","dateModified":"2023-07-14T06:15:28+00:00","mainEntityOfPage":{"@id":"https:\/\/newsestlyonnais.fr\/site\/2023\/07\/14\/vincent-thibaut-je-suis-toujours-a-la-recherche-de-bien-faire-dans-le-geste-technique-et-je-ne-lache-rien\/"},"wordCount":833,"commentCount":0,"publisher":{"@id":"https:\/\/newsestlyonnais.fr\/site\/#organization"},"image":{"@id":"https:\/\/newsestlyonnais.fr\/site\/2023\/07\/14\/vincent-thibaut-je-suis-toujours-a-la-recherche-de-bien-faire-dans-le-geste-technique-et-je-ne-lache-rien\/#primaryimage"},"thumbnailUrl":"https:\/\/newsestlyonnais.fr\/site\/wp-content\/uploads\/2023\/07\/360035053_851846293036486_4903126254753016892_n.jpg","keywords":["AS CALUIRE ATHLE","CALUIRE","LYON","TENNIS","TENNIS CLUB LYON","Vincent Thibaut"],"articleSection":["Athl\u00e9 | Course pied | Marche","Interview \u00e0 la une","Interviews","Lyon","Tennis | Padel","Tennis | Tennis de table"],"inLanguage":"fr-FR","potentialAction":[{"@type":"CommentAction","name":"Comment","target":["https:\/\/newsestlyonnais.fr\/site\/2023\/07\/14\/vincent-thibaut-je-suis-toujours-a-la-recherche-de-bien-faire-dans-le-geste-technique-et-je-ne-lache-rien\/#respond"]}]},{"@type":"WebPage","@id":"https:\/\/newsestlyonnais.fr\/site\/2023\/07\/14\/vincent-thibaut-je-suis-toujours-a-la-recherche-de-bien-faire-dans-le-geste-technique-et-je-ne-lache-rien\/","url":"https:\/\/newsestlyonnais.fr\/site\/2023\/07\/14\/vincent-thibaut-je-suis-toujours-a-la-recherche-de-bien-faire-dans-le-geste-technique-et-je-ne-lache-rien\/","name":"Vincent Thibaut \u00ab Je suis toujours \u00e0 la recherche de bien faire dans le geste technique, je ne l\u00e2che rien \u00bb - News Est Lyonnais","isPartOf":{"@id":"https:\/\/newsestlyonnais.fr\/site\/#website"},"primaryImageOfPage":{"@id":"https:\/\/newsestlyonnais.fr\/site\/2023\/07\/14\/vincent-thibaut-je-suis-toujours-a-la-recherche-de-bien-faire-dans-le-geste-technique-et-je-ne-lache-rien\/#primaryimage"},"image":{"@id":"https:\/\/newsestlyonnais.fr\/site\/2023\/07\/14\/vincent-thibaut-je-suis-toujours-a-la-recherche-de-bien-faire-dans-le-geste-technique-et-je-ne-lache-rien\/#primaryimage"},"thumbnailUrl":"https:\/\/newsestlyonnais.fr\/site\/wp-content\/uploads\/2023\/07\/360035053_851846293036486_4903126254753016892_n.jpg","datePublished":"2023-07-14T05:37:47+00:00","dateModified":"2023-07-14T06:15:28+00:00","description":"Vincent Thibaut \u00ab je suis toujours \u00e0 la recherche de bien faire dans le geste technique et je ne l\u00e2che rien \u00bb","breadcrumb":{"@id":"https:\/\/newsestlyonnais.fr\/site\/2023\/07\/14\/vincent-thibaut-je-suis-toujours-a-la-recherche-de-bien-faire-dans-le-geste-technique-et-je-ne-lache-rien\/#breadcrumb"},"inLanguage":"fr-FR","potentialAction":[{"@type":"ReadAction","target":["https:\/\/newsestlyonnais.fr\/site\/2023\/07\/14\/vincent-thibaut-je-suis-toujours-a-la-recherche-de-bien-faire-dans-le-geste-technique-et-je-ne-lache-rien\/"]}]},{"@type":"ImageObject","inLanguage":"fr-FR","@id":"https:\/\/newsestlyonnais.fr\/site\/2023\/07\/14\/vincent-thibaut-je-suis-toujours-a-la-recherche-de-bien-faire-dans-le-geste-technique-et-je-ne-lache-rien\/#primaryimage","url":"https:\/\/newsestlyonnais.fr\/site\/wp-content\/uploads\/2023\/07\/360035053_851846293036486_4903126254753016892_n.jpg","contentUrl":"https:\/\/newsestlyonnais.fr\/site\/wp-content\/uploads\/2023\/07\/360035053_851846293036486_4903126254753016892_n.jpg","width":1170,"height":876},{"@type":"BreadcrumbList","@id":"https:\/\/newsestlyonnais.fr\/site\/2023\/07\/14\/vincent-thibaut-je-suis-toujours-a-la-recherche-de-bien-faire-dans-le-geste-technique-et-je-ne-lache-rien\/#breadcrumb","itemListElement":[{"@type":"ListItem","position":1,"name":"Accueil","item":"https:\/\/newsestlyonnais.fr\/site\/"},{"@type":"ListItem","position":2,"name":"Vincent Thibaut \u00ab Je suis toujours \u00e0 la recherche de bien faire dans le geste technique, je ne l\u00e2che rien \u00bb"}]},{"@type":"WebSite","@id":"https:\/\/newsestlyonnais.fr\/site\/#website","url":"https:\/\/newsestlyonnais.fr\/site\/","name":"News Est Lyonnais","description":"L&#039;actualit\u00e9 au plus pr\u00e8s","publisher":{"@id":"https:\/\/newsestlyonnais.fr\/site\/#organization"},"potentialAction":[{"@type":"SearchAction","target":{"@type":"EntryPoint","urlTemplate":"https:\/\/newsestlyonnais.fr\/site\/?s={search_term_string}"},"query-input":{"@type":"PropertyValueSpecification","valueRequired":true,"valueName":"search_term_string"}}],"inLanguage":"fr-FR"},{"@type":"Organization","@id":"https:\/\/newsestlyonnais.fr\/site\/#organization","name":"News EST LYONNAIS","url":"https:\/\/newsestlyonnais.fr\/site\/","logo":{"@type":"ImageObject","inLanguage":"fr-FR","@id":"https:\/\/newsestlyonnais.fr\/site\/#\/schema\/logo\/image\/","url":"","contentUrl":"","caption":"News EST LYONNAIS"},"image":{"@id":"https:\/\/newsestlyonnais.fr\/site\/#\/schema\/logo\/image\/"}},{"@type":"Person","@id":"https:\/\/newsestlyonnais.fr\/site\/#\/schema\/person\/3230d5615f390bb808365d673001e887","name":"R\u00e9dac. NEWS","sameAs":["http:\/\/www.newsestlyonnais.fr","https:\/\/www.facebook.com\/pascal.oberson.1?fref=ts","https:\/\/fr.linkedin.com\/in\/pascal-oberson-b17045113"],"url":"https:\/\/newsestlyonnais.fr\/site\/author\/nel\/"}]}},"_links":{"self":[{"href":"https:\/\/newsestlyonnais.fr\/site\/wp-json\/wp\/v2\/posts\/187120","targetHints":{"allow":["GET"]}}],"collection":[{"href":"https:\/\/newsestlyonnais.fr\/site\/wp-json\/wp\/v2\/posts"}],"about":[{"href":"https:\/\/newsestlyonnais.fr\/site\/wp-json\/wp\/v2\/types\/post"}],"author":[{"embeddable":true,"href":"https:\/\/newsestlyonnais.fr\/site\/wp-json\/wp\/v2\/users\/4"}],"replies":[{"embeddable":true,"href":"https:\/\/newsestlyonnais.fr\/site\/wp-json\/wp\/v2\/comments?post=187120"}],"version-history":[{"count":0,"href":"https:\/\/newsestlyonnais.fr\/site\/wp-json\/wp\/v2\/posts\/187120\/revisions"}],"wp:featuredmedia":[{"embeddable":true,"href":"https:\/\/newsestlyonnais.fr\/site\/wp-json\/wp\/v2\/media\/187140"}],"wp:attachment":[{"href":"https:\/\/newsestlyonnais.fr\/site\/wp-json\/wp\/v2\/media?parent=187120"}],"wp:term":[{"taxonomy":"category","embeddable":true,"href":"https:\/\/newsestlyonnais.fr\/site\/wp-json\/wp\/v2\/categories?post=187120"},{"taxonomy":"post_tag","embeddable":true,"href":"https:\/\/newsestlyonnais.fr\/site\/wp-json\/wp\/v2\/tags?post=187120"}],"curies":[{"name":"wp","href":"https:\/\/api.w.org\/{rel}","templated":true}]}}