{"id":188416,"date":"2023-08-23T18:37:44","date_gmt":"2023-08-23T17:37:44","guid":{"rendered":"https:\/\/newsestlyonnais.fr\/site\/?p=188416"},"modified":"2023-08-29T12:38:29","modified_gmt":"2023-08-29T11:38:29","slug":"meyzieu-lactualite-de-la-commune-5","status":"publish","type":"post","link":"https:\/\/newsestlyonnais.fr\/site\/2023\/08\/23\/meyzieu-lactualite-de-la-commune-5\/","title":{"rendered":"MEYZIEU | L&rsquo;actualit\u00e9 de la commune"},"content":{"rendered":"<p><strong><span style=\"background-color: #000000; color: #ffffff;\">CANICULE &#8211; NIVEAU ROUGE<\/span><\/strong><\/p>\n<p><strong>Le d\u00e9partement du Rh\u00f4ne est plac\u00e9 depuis mardi 22 ao\u00fbt 2023 \u00e0 13 h 30 en vigilance rouge canicule<\/strong>. Le niveau de vigilance rouge est d\u00e9clench\u00e9 en cas d\u2019\u00e9pisode de canicule dite extr\u00eame, exceptionnelle par sa dur\u00e9e et son intensit\u00e9.<\/p>\n<p><strong>Dans ce cadre, la Ville de Meyzieu adapte ses services et renforce ses mesures<\/strong> afin d&rsquo;aider les Majolanes et les Majolanes \u00e0 faire face \u00e0 cet \u00e9pisode caniculaire, et notamment :<\/p>\n<ul>\n<li>ouverture du P\u00f4le seniors (30 rue Louis Saulnier), en priorit\u00e9 aux publics fragiles<\/li>\n<li>le P\u00f4le seniors fait \u00e9voluer ses horaires en \u00e9tant ouvert jusqu&rsquo;\u00e0 18 h, au lieu de 17 h<\/li>\n<li>le CCAS majolan contacte quotidiennement toutes les personnes inscrites sur le registre municipal du plan canicule<\/li>\n<li>un lien privil\u00e9gi\u00e9 est renforc\u00e9 avec les partenaires du CCAS tels que les EHPAD, CMP, Maison de la M\u00e9tropole, Centres sociaux et acteurs associatifs du territoire<\/li>\n<li>transport possible vers le P\u00f4le seniors, pour les personnes inscrites sur le registre du plan canicule municipal.<\/li>\n<\/ul>\n<p><span style=\"font-size: 14pt;\"><strong><span style=\"background-color: #000000; color: #ffcc00;\">Retrouvez sur <span style=\"color: #0000ff;\"><a style=\"color: #0000ff; background-color: #000000;\" href=\"http:\/\/meyzieu.fr\">meyzieu.fr<\/a><\/span> tous les conseils de pr\u00e9vention, afin de mieux faire face aux \u00e9pisodes caniculaires.<\/span><\/strong><\/span><\/p>\n<hr \/>\n<p><strong><span style=\"background-color: #000000; color: #ffffff;\">3 JOURS D&rsquo;E-SPORT GRATUIT !<\/span><\/strong><\/p>\n<p>Dans le cadre du City Tour, organis\u00e9 par la Ville de Meyzieu et ses partenaires. En pr\u00e9sence de NECC (National E-sport Club &amp; Community).<br \/>\nPr\u00eats \u00e0 briller sur la sc\u00e8ne e-sport ? PS5, casques VR, PC, Switch, Wii n\u2019attendent que vous ! Bonne humeur et fair-play bienvenus !<br \/>\nMercredi 23 et jeudi 24 ao\u00fbt, entrainez-vous, puis participez vendredi 25 ao\u00fbt aux tournois organis\u00e9s ! Nombreux lots \u00e0 gagner !<\/p>\n<p><strong>Les horaires pour les 3 jours<\/strong> :<\/p>\n<ul>\n<li>17 h-19 h : tous les \u00e2ges*<\/li>\n<li>19 h-21 h 30 : les 14 ans et +<\/li>\n<\/ul>\n<p><strong>Conditions d&rsquo;acc\u00e8s : <\/strong><\/p>\n<ul>\n<li>&gt; *Accueil \u00e0 partir de 10 ans, ou accompagn\u00e9 d&rsquo;un plus grand<br \/>\n&gt; Respect du classement PEGI (Les bons jeux, aux bons \u00e2ges !)<br \/>\n&gt; Gratuit et sans inscription<\/li>\n<\/ul>\n<p><strong>Les jeux propos\u00e9s :<\/strong><\/p>\n<ul>\n<li>Casques VR (r\u00e9alit\u00e9 virtuelle) : Art Plunge. D\u00e9ambulez en r\u00e9alit\u00e9 virtuelle et \u00e0 360\u00b0 dans des oeuvres de grands ma\u00eetres, tels que le ciel \u00e9toil\u00e9 de van Gogh, et la Joconde, et bien d&rsquo;autres !<\/li>\n<li>Jeux sur PC : Fortnite, Fall guys, Rocket League<\/li>\n<li>Jeu sur PS5 : Fifa 23<\/li>\n<li>Jeu sur Switch : Mario Kart, Mario aux Jeux Olympiques, etc.<\/li>\n<li>Jeu sur Wii : Wii Bowling<\/li>\n<\/ul>\n<p><span style=\"font-size: 14pt;\"><strong><span style=\"background-color: #000000;\"><span style=\"color: #ffcc00;\">Mercredi 23, Jeudi 24 et Vendredi 25 ao\u00fbt \/ Gratuit<\/span> <span style=\"color: #ffcc00;\">\/ Espace Jean Poperen, 135 rue de la R\u00e9publique<\/span><\/span><\/strong><\/span><\/p>\n<hr \/>\n<p><strong><span style=\"background-color: #000000; color: #ffffff;\">VENEZ FAIRE UN TOUR, AU CITY TOUR !<\/span><\/strong><\/p>\n<p>Initi\u00e9 en 2022, le City Tour est une d\u00e9marche port\u00e9e par la Ville de Meyzieu qui a vocation \u00e0 \u00eatre construite avec et pour les habitants. Au cours de temps d\u2019\u00e9changes informels, organis\u00e9s dans des lieux et \u00e0 des horaires adapt\u00e9s au quotidien des habitants, la Ville de Meyzieu et ses partenaires, se tiennent \u00e0 disposition des habitants pour \u00e9changer et les informer.<br \/>\nL\u2019enjeu majeur du City Tour est de rendre plus lisible, l\u2019action publique en regroupant en un seul lieu et au m\u00eame moment des interlocuteurs couvrant une grande diversit\u00e9 de th\u00e9matiques comme l\u2019acc\u00e8s aux droits, la formation, l\u2019emploi, l\u2019orientation, l\u2019insertion, le logement ou encore la sant\u00e9 et les loisirs.<br \/>\nLe City Tour est une porte ouverte o\u00f9 les acteurs locaux sont \u00e0 l\u2019\u00e9coute des habitants, alors passez \u00e9changer avec des professionnels !<\/p>\n<p><strong>Animations : <\/strong><br \/>\n\u2022 Tournoi de e-sport avec des lots \u00e0 gagner organis\u00e9 par le NECC (National E-sport Club &amp;Community) au Centre Social Flora Tristan.<br \/>\n<strong>Participants<\/strong>, seront notamment pr\u00e9sents :<br \/>\n\u2022 Ville de Meyzieu<br \/>\n&#8211; Direction des Sports, de la Culture, de la Jeunesse, des Loisirs et de la Vie Associative<br \/>\n&#8211; Police municipale<br \/>\n&#8211; Service logementService pr\u00e9vention<br \/>\n\u2022 Association des Centres Sociaux et culturels de Meyzieu<br \/>\n\u2022 Sauvegarde 69<br \/>\n\u2022 MMI\u2019E &#8211; Conseill\u00e8re num\u00e9rique<br \/>\n\u2022 Mission Locale<\/p>\n<p><span style=\"color: #ffcc00; background-color: #000000; font-size: 14pt;\"><strong>Vendredi 25 ao\u00fbt \/ 18 h-21 h 30 \/ Quartier du Mathiolan<\/strong><\/span><\/p>\n<hr \/>\n<p><span style=\"font-size: 18pt; background-color: #000000; color: #3366ff;\"><em><strong>Source : communiqu\u00e9s de presse de la Ville de Meyzieu<\/strong><\/em><\/span><\/p>\n","protected":false},"excerpt":{"rendered":"<p>Niveau de vigilance rouge, City Tour et 3 jours d&rsquo;E-Sport constituent les faits marquants en cette chaude p\u00e9riode de fin ao\u00fbt.  <\/p>\n","protected":false},"author":4,"featured_media":101256,"comment_status":"open","ping_status":"open","sticky":false,"template":"","format":"standard","meta":{"footnotes":""},"categories":[171,2172,24,18],"tags":[2916,4380,2081],"class_list":["post-188416","post","type-post","status-publish","format-standard","has-post-thumbnail","hentry","category-enfance-jeunesse","category-informatique-numerique","category-meyzieu","category-sante-bien-etre-solidarite","tag-canicule","tag-city-tour","tag-meyzieu"],"yoast_head":"<!-- This site is optimized with the Yoast SEO plugin v27.2 - https:\/\/yoast.com\/product\/yoast-seo-wordpress\/ -->\n<title>MEYZIEU | L&#039;actualit\u00e9 de la commune - News Est Lyonnais<\/title>\n<meta name=\"description\" content=\"MEYZIEU | L&#039;actualit\u00e9 de la commune\" \/>\n<meta name=\"robots\" content=\"index, follow, max-snippet:-1, max-image-preview:large, max-video-preview:-1\" \/>\n<link rel=\"canonical\" href=\"https:\/\/newsestlyonnais.fr\/site\/2023\/08\/23\/meyzieu-lactualite-de-la-commune-5\/\" \/>\n<meta property=\"og:locale\" content=\"fr_FR\" \/>\n<meta property=\"og:type\" content=\"article\" \/>\n<meta property=\"og:title\" content=\"MEYZIEU | L&#039;actualit\u00e9 de la commune - News Est Lyonnais\" \/>\n<meta property=\"og:description\" content=\"MEYZIEU | L&#039;actualit\u00e9 de la commune\" \/>\n<meta property=\"og:url\" content=\"https:\/\/newsestlyonnais.fr\/site\/2023\/08\/23\/meyzieu-lactualite-de-la-commune-5\/\" \/>\n<meta property=\"og:site_name\" content=\"News Est Lyonnais\" \/>\n<meta property=\"article:author\" content=\"https:\/\/www.facebook.com\/pascal.oberson.1?fref=ts\" \/>\n<meta property=\"article:published_time\" content=\"2023-08-23T17:37:44+00:00\" \/>\n<meta property=\"article:modified_time\" content=\"2023-08-29T11:38:29+00:00\" \/>\n<meta property=\"og:image\" content=\"https:\/\/newsestlyonnais.fr\/site\/wp-content\/uploads\/2020\/05\/NEWSESTLYONNAIS-VUE-MEYZIEU.jpg\" \/>\n\t<meta property=\"og:image:width\" content=\"1280\" \/>\n\t<meta property=\"og:image:height\" content=\"960\" \/>\n\t<meta property=\"og:image:type\" content=\"image\/jpeg\" \/>\n<meta name=\"author\" content=\"R\u00e9dac. NEWS\" \/>\n<meta name=\"twitter:card\" content=\"summary_large_image\" \/>\n<meta name=\"twitter:label1\" content=\"\u00c9crit par\" \/>\n\t<meta name=\"twitter:data1\" content=\"R\u00e9dac. NEWS\" \/>\n\t<meta name=\"twitter:label2\" content=\"Dur\u00e9e de lecture estim\u00e9e\" \/>\n\t<meta name=\"twitter:data2\" content=\"4 minutes\" \/>\n<script type=\"application\/ld+json\" class=\"yoast-schema-graph\">{\"@context\":\"https:\/\/schema.org\",\"@graph\":[{\"@type\":\"Article\",\"@id\":\"https:\/\/newsestlyonnais.fr\/site\/2023\/08\/23\/meyzieu-lactualite-de-la-commune-5\/#article\",\"isPartOf\":{\"@id\":\"https:\/\/newsestlyonnais.fr\/site\/2023\/08\/23\/meyzieu-lactualite-de-la-commune-5\/\"},\"author\":{\"name\":\"R\u00e9dac. NEWS\",\"@id\":\"https:\/\/newsestlyonnais.fr\/site\/#\/schema\/person\/3230d5615f390bb808365d673001e887\"},\"headline\":\"MEYZIEU | L&rsquo;actualit\u00e9 de la commune\",\"datePublished\":\"2023-08-23T17:37:44+00:00\",\"dateModified\":\"2023-08-29T11:38:29+00:00\",\"mainEntityOfPage\":{\"@id\":\"https:\/\/newsestlyonnais.fr\/site\/2023\/08\/23\/meyzieu-lactualite-de-la-commune-5\/\"},\"wordCount\":630,\"commentCount\":0,\"publisher\":{\"@id\":\"https:\/\/newsestlyonnais.fr\/site\/#organization\"},\"image\":{\"@id\":\"https:\/\/newsestlyonnais.fr\/site\/2023\/08\/23\/meyzieu-lactualite-de-la-commune-5\/#primaryimage\"},\"thumbnailUrl\":\"https:\/\/newsestlyonnais.fr\/site\/wp-content\/uploads\/2020\/05\/NEWSESTLYONNAIS-VUE-MEYZIEU.jpg\",\"keywords\":[\"CANICULE\",\"CITY TOUR\",\"MEYZIEU\"],\"articleSection\":[\"Enfance | Jeunesse\",\"Informatique | Num\u00e9rique\",\"Meyzieu\",\"Sant\u00e9 | Bien Etre | Solidarit\u00e9\"],\"inLanguage\":\"fr-FR\",\"potentialAction\":[{\"@type\":\"CommentAction\",\"name\":\"Comment\",\"target\":[\"https:\/\/newsestlyonnais.fr\/site\/2023\/08\/23\/meyzieu-lactualite-de-la-commune-5\/#respond\"]}]},{\"@type\":\"WebPage\",\"@id\":\"https:\/\/newsestlyonnais.fr\/site\/2023\/08\/23\/meyzieu-lactualite-de-la-commune-5\/\",\"url\":\"https:\/\/newsestlyonnais.fr\/site\/2023\/08\/23\/meyzieu-lactualite-de-la-commune-5\/\",\"name\":\"MEYZIEU | L'actualit\u00e9 de la commune - News Est Lyonnais\",\"isPartOf\":{\"@id\":\"https:\/\/newsestlyonnais.fr\/site\/#website\"},\"primaryImageOfPage\":{\"@id\":\"https:\/\/newsestlyonnais.fr\/site\/2023\/08\/23\/meyzieu-lactualite-de-la-commune-5\/#primaryimage\"},\"image\":{\"@id\":\"https:\/\/newsestlyonnais.fr\/site\/2023\/08\/23\/meyzieu-lactualite-de-la-commune-5\/#primaryimage\"},\"thumbnailUrl\":\"https:\/\/newsestlyonnais.fr\/site\/wp-content\/uploads\/2020\/05\/NEWSESTLYONNAIS-VUE-MEYZIEU.jpg\",\"datePublished\":\"2023-08-23T17:37:44+00:00\",\"dateModified\":\"2023-08-29T11:38:29+00:00\",\"description\":\"MEYZIEU | L'actualit\u00e9 de la commune\",\"breadcrumb\":{\"@id\":\"https:\/\/newsestlyonnais.fr\/site\/2023\/08\/23\/meyzieu-lactualite-de-la-commune-5\/#breadcrumb\"},\"inLanguage\":\"fr-FR\",\"potentialAction\":[{\"@type\":\"ReadAction\",\"target\":[\"https:\/\/newsestlyonnais.fr\/site\/2023\/08\/23\/meyzieu-lactualite-de-la-commune-5\/\"]}]},{\"@type\":\"ImageObject\",\"inLanguage\":\"fr-FR\",\"@id\":\"https:\/\/newsestlyonnais.fr\/site\/2023\/08\/23\/meyzieu-lactualite-de-la-commune-5\/#primaryimage\",\"url\":\"https:\/\/newsestlyonnais.fr\/site\/wp-content\/uploads\/2020\/05\/NEWSESTLYONNAIS-VUE-MEYZIEU.jpg\",\"contentUrl\":\"https:\/\/newsestlyonnais.fr\/site\/wp-content\/uploads\/2020\/05\/NEWSESTLYONNAIS-VUE-MEYZIEU.jpg\",\"width\":1280,\"height\":960},{\"@type\":\"BreadcrumbList\",\"@id\":\"https:\/\/newsestlyonnais.fr\/site\/2023\/08\/23\/meyzieu-lactualite-de-la-commune-5\/#breadcrumb\",\"itemListElement\":[{\"@type\":\"ListItem\",\"position\":1,\"name\":\"Accueil\",\"item\":\"https:\/\/newsestlyonnais.fr\/site\/\"},{\"@type\":\"ListItem\",\"position\":2,\"name\":\"MEYZIEU | L&rsquo;actualit\u00e9 de la commune\"}]},{\"@type\":\"WebSite\",\"@id\":\"https:\/\/newsestlyonnais.fr\/site\/#website\",\"url\":\"https:\/\/newsestlyonnais.fr\/site\/\",\"name\":\"News Est Lyonnais\",\"description\":\"L&#039;actualit\u00e9 au plus pr\u00e8s\",\"publisher\":{\"@id\":\"https:\/\/newsestlyonnais.fr\/site\/#organization\"},\"potentialAction\":[{\"@type\":\"SearchAction\",\"target\":{\"@type\":\"EntryPoint\",\"urlTemplate\":\"https:\/\/newsestlyonnais.fr\/site\/?s={search_term_string}\"},\"query-input\":{\"@type\":\"PropertyValueSpecification\",\"valueRequired\":true,\"valueName\":\"search_term_string\"}}],\"inLanguage\":\"fr-FR\"},{\"@type\":\"Organization\",\"@id\":\"https:\/\/newsestlyonnais.fr\/site\/#organization\",\"name\":\"News EST LYONNAIS\",\"url\":\"https:\/\/newsestlyonnais.fr\/site\/\",\"logo\":{\"@type\":\"ImageObject\",\"inLanguage\":\"fr-FR\",\"@id\":\"https:\/\/newsestlyonnais.fr\/site\/#\/schema\/logo\/image\/\",\"url\":\"\",\"contentUrl\":\"\",\"caption\":\"News EST LYONNAIS\"},\"image\":{\"@id\":\"https:\/\/newsestlyonnais.fr\/site\/#\/schema\/logo\/image\/\"}},{\"@type\":\"Person\",\"@id\":\"https:\/\/newsestlyonnais.fr\/site\/#\/schema\/person\/3230d5615f390bb808365d673001e887\",\"name\":\"R\u00e9dac. NEWS\",\"sameAs\":[\"http:\/\/www.newsestlyonnais.fr\",\"https:\/\/www.facebook.com\/pascal.oberson.1?fref=ts\",\"https:\/\/fr.linkedin.com\/in\/pascal-oberson-b17045113\"],\"url\":\"https:\/\/newsestlyonnais.fr\/site\/author\/nel\/\"}]}<\/script>\n<!-- \/ Yoast SEO plugin. -->","yoast_head_json":{"title":"MEYZIEU | L'actualit\u00e9 de la commune - News Est Lyonnais","description":"MEYZIEU | L'actualit\u00e9 de la commune","robots":{"index":"index","follow":"follow","max-snippet":"max-snippet:-1","max-image-preview":"max-image-preview:large","max-video-preview":"max-video-preview:-1"},"canonical":"https:\/\/newsestlyonnais.fr\/site\/2023\/08\/23\/meyzieu-lactualite-de-la-commune-5\/","og_locale":"fr_FR","og_type":"article","og_title":"MEYZIEU | L'actualit\u00e9 de la commune - News Est Lyonnais","og_description":"MEYZIEU | L'actualit\u00e9 de la commune","og_url":"https:\/\/newsestlyonnais.fr\/site\/2023\/08\/23\/meyzieu-lactualite-de-la-commune-5\/","og_site_name":"News Est Lyonnais","article_author":"https:\/\/www.facebook.com\/pascal.oberson.1?fref=ts","article_published_time":"2023-08-23T17:37:44+00:00","article_modified_time":"2023-08-29T11:38:29+00:00","og_image":[{"width":1280,"height":960,"url":"https:\/\/newsestlyonnais.fr\/site\/wp-content\/uploads\/2020\/05\/NEWSESTLYONNAIS-VUE-MEYZIEU.jpg","type":"image\/jpeg"}],"author":"R\u00e9dac. NEWS","twitter_card":"summary_large_image","twitter_misc":{"\u00c9crit par":"R\u00e9dac. NEWS","Dur\u00e9e de lecture estim\u00e9e":"4 minutes"},"schema":{"@context":"https:\/\/schema.org","@graph":[{"@type":"Article","@id":"https:\/\/newsestlyonnais.fr\/site\/2023\/08\/23\/meyzieu-lactualite-de-la-commune-5\/#article","isPartOf":{"@id":"https:\/\/newsestlyonnais.fr\/site\/2023\/08\/23\/meyzieu-lactualite-de-la-commune-5\/"},"author":{"name":"R\u00e9dac. NEWS","@id":"https:\/\/newsestlyonnais.fr\/site\/#\/schema\/person\/3230d5615f390bb808365d673001e887"},"headline":"MEYZIEU | L&rsquo;actualit\u00e9 de la commune","datePublished":"2023-08-23T17:37:44+00:00","dateModified":"2023-08-29T11:38:29+00:00","mainEntityOfPage":{"@id":"https:\/\/newsestlyonnais.fr\/site\/2023\/08\/23\/meyzieu-lactualite-de-la-commune-5\/"},"wordCount":630,"commentCount":0,"publisher":{"@id":"https:\/\/newsestlyonnais.fr\/site\/#organization"},"image":{"@id":"https:\/\/newsestlyonnais.fr\/site\/2023\/08\/23\/meyzieu-lactualite-de-la-commune-5\/#primaryimage"},"thumbnailUrl":"https:\/\/newsestlyonnais.fr\/site\/wp-content\/uploads\/2020\/05\/NEWSESTLYONNAIS-VUE-MEYZIEU.jpg","keywords":["CANICULE","CITY TOUR","MEYZIEU"],"articleSection":["Enfance | Jeunesse","Informatique | Num\u00e9rique","Meyzieu","Sant\u00e9 | Bien Etre | Solidarit\u00e9"],"inLanguage":"fr-FR","potentialAction":[{"@type":"CommentAction","name":"Comment","target":["https:\/\/newsestlyonnais.fr\/site\/2023\/08\/23\/meyzieu-lactualite-de-la-commune-5\/#respond"]}]},{"@type":"WebPage","@id":"https:\/\/newsestlyonnais.fr\/site\/2023\/08\/23\/meyzieu-lactualite-de-la-commune-5\/","url":"https:\/\/newsestlyonnais.fr\/site\/2023\/08\/23\/meyzieu-lactualite-de-la-commune-5\/","name":"MEYZIEU | L'actualit\u00e9 de la commune - News Est Lyonnais","isPartOf":{"@id":"https:\/\/newsestlyonnais.fr\/site\/#website"},"primaryImageOfPage":{"@id":"https:\/\/newsestlyonnais.fr\/site\/2023\/08\/23\/meyzieu-lactualite-de-la-commune-5\/#primaryimage"},"image":{"@id":"https:\/\/newsestlyonnais.fr\/site\/2023\/08\/23\/meyzieu-lactualite-de-la-commune-5\/#primaryimage"},"thumbnailUrl":"https:\/\/newsestlyonnais.fr\/site\/wp-content\/uploads\/2020\/05\/NEWSESTLYONNAIS-VUE-MEYZIEU.jpg","datePublished":"2023-08-23T17:37:44+00:00","dateModified":"2023-08-29T11:38:29+00:00","description":"MEYZIEU | L'actualit\u00e9 de la commune","breadcrumb":{"@id":"https:\/\/newsestlyonnais.fr\/site\/2023\/08\/23\/meyzieu-lactualite-de-la-commune-5\/#breadcrumb"},"inLanguage":"fr-FR","potentialAction":[{"@type":"ReadAction","target":["https:\/\/newsestlyonnais.fr\/site\/2023\/08\/23\/meyzieu-lactualite-de-la-commune-5\/"]}]},{"@type":"ImageObject","inLanguage":"fr-FR","@id":"https:\/\/newsestlyonnais.fr\/site\/2023\/08\/23\/meyzieu-lactualite-de-la-commune-5\/#primaryimage","url":"https:\/\/newsestlyonnais.fr\/site\/wp-content\/uploads\/2020\/05\/NEWSESTLYONNAIS-VUE-MEYZIEU.jpg","contentUrl":"https:\/\/newsestlyonnais.fr\/site\/wp-content\/uploads\/2020\/05\/NEWSESTLYONNAIS-VUE-MEYZIEU.jpg","width":1280,"height":960},{"@type":"BreadcrumbList","@id":"https:\/\/newsestlyonnais.fr\/site\/2023\/08\/23\/meyzieu-lactualite-de-la-commune-5\/#breadcrumb","itemListElement":[{"@type":"ListItem","position":1,"name":"Accueil","item":"https:\/\/newsestlyonnais.fr\/site\/"},{"@type":"ListItem","position":2,"name":"MEYZIEU | L&rsquo;actualit\u00e9 de la commune"}]},{"@type":"WebSite","@id":"https:\/\/newsestlyonnais.fr\/site\/#website","url":"https:\/\/newsestlyonnais.fr\/site\/","name":"News Est Lyonnais","description":"L&#039;actualit\u00e9 au plus pr\u00e8s","publisher":{"@id":"https:\/\/newsestlyonnais.fr\/site\/#organization"},"potentialAction":[{"@type":"SearchAction","target":{"@type":"EntryPoint","urlTemplate":"https:\/\/newsestlyonnais.fr\/site\/?s={search_term_string}"},"query-input":{"@type":"PropertyValueSpecification","valueRequired":true,"valueName":"search_term_string"}}],"inLanguage":"fr-FR"},{"@type":"Organization","@id":"https:\/\/newsestlyonnais.fr\/site\/#organization","name":"News EST LYONNAIS","url":"https:\/\/newsestlyonnais.fr\/site\/","logo":{"@type":"ImageObject","inLanguage":"fr-FR","@id":"https:\/\/newsestlyonnais.fr\/site\/#\/schema\/logo\/image\/","url":"","contentUrl":"","caption":"News EST LYONNAIS"},"image":{"@id":"https:\/\/newsestlyonnais.fr\/site\/#\/schema\/logo\/image\/"}},{"@type":"Person","@id":"https:\/\/newsestlyonnais.fr\/site\/#\/schema\/person\/3230d5615f390bb808365d673001e887","name":"R\u00e9dac. NEWS","sameAs":["http:\/\/www.newsestlyonnais.fr","https:\/\/www.facebook.com\/pascal.oberson.1?fref=ts","https:\/\/fr.linkedin.com\/in\/pascal-oberson-b17045113"],"url":"https:\/\/newsestlyonnais.fr\/site\/author\/nel\/"}]}},"_links":{"self":[{"href":"https:\/\/newsestlyonnais.fr\/site\/wp-json\/wp\/v2\/posts\/188416","targetHints":{"allow":["GET"]}}],"collection":[{"href":"https:\/\/newsestlyonnais.fr\/site\/wp-json\/wp\/v2\/posts"}],"about":[{"href":"https:\/\/newsestlyonnais.fr\/site\/wp-json\/wp\/v2\/types\/post"}],"author":[{"embeddable":true,"href":"https:\/\/newsestlyonnais.fr\/site\/wp-json\/wp\/v2\/users\/4"}],"replies":[{"embeddable":true,"href":"https:\/\/newsestlyonnais.fr\/site\/wp-json\/wp\/v2\/comments?post=188416"}],"version-history":[{"count":0,"href":"https:\/\/newsestlyonnais.fr\/site\/wp-json\/wp\/v2\/posts\/188416\/revisions"}],"wp:featuredmedia":[{"embeddable":true,"href":"https:\/\/newsestlyonnais.fr\/site\/wp-json\/wp\/v2\/media\/101256"}],"wp:attachment":[{"href":"https:\/\/newsestlyonnais.fr\/site\/wp-json\/wp\/v2\/media?parent=188416"}],"wp:term":[{"taxonomy":"category","embeddable":true,"href":"https:\/\/newsestlyonnais.fr\/site\/wp-json\/wp\/v2\/categories?post=188416"},{"taxonomy":"post_tag","embeddable":true,"href":"https:\/\/newsestlyonnais.fr\/site\/wp-json\/wp\/v2\/tags?post=188416"}],"curies":[{"name":"wp","href":"https:\/\/api.w.org\/{rel}","templated":true}]}}