{"id":188433,"date":"2023-08-20T10:18:09","date_gmt":"2023-08-20T09:18:09","guid":{"rendered":"https:\/\/newsestlyonnais.fr\/site\/?p=188433"},"modified":"2023-09-17T18:38:52","modified_gmt":"2023-09-17T17:38:52","slug":"journees-europeennes-du-patrimoine-ce-sera-la-40-edition-cette-annee","status":"publish","type":"post","link":"https:\/\/newsestlyonnais.fr\/site\/2023\/08\/20\/journees-europeennes-du-patrimoine-ce-sera-la-40-edition-cette-annee\/","title":{"rendered":"Journ\u00e9es Europ\u00e9ennes du patrimoine | Ce sera la 40\u00b0 \u00e9dition cette ann\u00e9e"},"content":{"rendered":"<p><strong>Plus de 460 animations programm\u00e9es dans la r\u00e9gion<\/strong>, voici le <strong><em>programme complet dans les 3 d\u00e9partements limitrophes :<\/em><\/strong><\/p>\n<div class=\"entry-body\">\n<ul>\n<li><strong>193<\/strong> dans le <a href=\"https:\/\/www.journees-du-patrimoine.com\/DEPARTEMENT\/journees-patrimoine-69-rhone.htm\"><span style=\"color: #0000ff;\"><strong>Rh\u00f4ne<\/strong><\/span><\/a><\/li>\n<li><strong>125<\/strong> dans l\u2019<a href=\"https:\/\/www.journees-du-patrimoine.com\/DEPARTEMENT\/journees-patrimoine-01-ain.htm\"><strong><span style=\"color: #0000ff;\">Ain<\/span><\/strong><\/a><\/li>\n<li><strong>151<\/strong> dans l\u2019<strong><a href=\"https:\/\/www.journees-du-patrimoine.com\/DEPARTEMENT\/journees-patrimoine-38-isere.htm\"><span style=\"color: #0000ff;\">Is\u00e8re<\/span><\/a><\/strong><\/li>\n<\/ul>\n<hr \/>\n<p><span style=\"font-size: 14pt; background-color: #000000;\"><strong><span style=\"color: #ffcc00;\">+ d\u2019infos sur<\/span>\u00a0 <span style=\"color: #0000ff;\"><a style=\"background-color: #000000; color: #0000ff;\" href=\"https:\/\/www.journees-du-patrimoine.com\">: https:\/\/www.journees-du-patrimoine.com<\/a><\/span><\/strong><\/span><\/p>\n<\/div>\n","protected":false},"excerpt":{"rendered":"<p>2 th\u00e8mes (patrimoine vivant et du sport) seront \u00e0 l&rsquo;honneur pour f\u00eater cet anniversaire les 16 et 17 Septembre prochains.<\/p>\n","protected":false},"author":4,"featured_media":100332,"comment_status":"open","ping_status":"open","sticky":false,"template":"","format":"standard","meta":{"footnotes":""},"categories":[156,4153,19,1620,4152,270,4148,1283,1287,21,1598,164,1625,1219,1623,1297,1296,1282,4150,172,28,1298,29],"tags":[2920,2174],"class_list":["post-188433","post","type-post","status-publish","format-standard","has-post-thumbnail","hentry","category-ain","category-ain-isere","category-bron","category-caluire","category-caluire-rillieux-la-pape","category-cte-de-communes-c-c-e-l","category-chaponnay","category-chassieu-communes-diverses","category-corbas-feyzin","category-decines-charpieu","category-genas","category-isere","category-lyon","category-religion-seniors-souvenir","category-rillieux-la-pape","category-saint-fons","category-sain-priest","category-st-bonnet-st-laurent-de-mure","category-st-symphorien-dozon-serezin-du-rhone","category-travaux-amenagements","category-vaulx-en-velin","category-venissieux","category-villeurbanne","tag-journees-du-patrimoine","tag-patrimoine"],"yoast_head":"<!-- This site is optimized with the Yoast SEO plugin v27.2 - https:\/\/yoast.com\/product\/yoast-seo-wordpress\/ -->\n<title>Journ\u00e9es Europ\u00e9ennes du patrimoine | Ce sera la 40\u00b0 \u00e9dition cette ann\u00e9e - News Est Lyonnais<\/title>\n<meta name=\"description\" content=\"Journ\u00e9es Europ\u00e9ennes du patrimoine | Ce sera la 40\u00b0 \u00e9dition cette ann\u00e9e\" \/>\n<meta name=\"robots\" content=\"index, follow, max-snippet:-1, max-image-preview:large, max-video-preview:-1\" \/>\n<link rel=\"canonical\" href=\"https:\/\/newsestlyonnais.fr\/site\/2023\/08\/20\/journees-europeennes-du-patrimoine-ce-sera-la-40-edition-cette-annee\/\" \/>\n<meta property=\"og:locale\" content=\"fr_FR\" \/>\n<meta property=\"og:type\" content=\"article\" \/>\n<meta property=\"og:title\" content=\"Journ\u00e9es Europ\u00e9ennes du patrimoine | Ce sera la 40\u00b0 \u00e9dition cette ann\u00e9e - News Est Lyonnais\" \/>\n<meta property=\"og:description\" content=\"Journ\u00e9es Europ\u00e9ennes du patrimoine | Ce sera la 40\u00b0 \u00e9dition cette ann\u00e9e\" \/>\n<meta property=\"og:url\" content=\"https:\/\/newsestlyonnais.fr\/site\/2023\/08\/20\/journees-europeennes-du-patrimoine-ce-sera-la-40-edition-cette-annee\/\" \/>\n<meta property=\"og:site_name\" content=\"News Est Lyonnais\" \/>\n<meta property=\"article:author\" content=\"https:\/\/www.facebook.com\/pascal.oberson.1?fref=ts\" \/>\n<meta property=\"article:published_time\" content=\"2023-08-20T09:18:09+00:00\" \/>\n<meta property=\"article:modified_time\" content=\"2023-09-17T17:38:52+00:00\" \/>\n<meta property=\"og:image\" content=\"https:\/\/newsestlyonnais.fr\/site\/wp-content\/uploads\/2020\/04\/NEWSESTLYONNAIS-VUE-LYON.jpg\" \/>\n\t<meta property=\"og:image:width\" content=\"1200\" \/>\n\t<meta property=\"og:image:height\" content=\"800\" \/>\n\t<meta property=\"og:image:type\" content=\"image\/jpeg\" \/>\n<meta name=\"author\" content=\"R\u00e9dac. NEWS\" \/>\n<meta name=\"twitter:card\" content=\"summary_large_image\" \/>\n<meta name=\"twitter:label1\" content=\"\u00c9crit par\" \/>\n\t<meta name=\"twitter:data1\" content=\"R\u00e9dac. NEWS\" \/>\n\t<meta name=\"twitter:label2\" content=\"Dur\u00e9e de lecture estim\u00e9e\" \/>\n\t<meta name=\"twitter:data2\" content=\"1 minute\" \/>\n<script type=\"application\/ld+json\" class=\"yoast-schema-graph\">{\"@context\":\"https:\/\/schema.org\",\"@graph\":[{\"@type\":\"Article\",\"@id\":\"https:\/\/newsestlyonnais.fr\/site\/2023\/08\/20\/journees-europeennes-du-patrimoine-ce-sera-la-40-edition-cette-annee\/#article\",\"isPartOf\":{\"@id\":\"https:\/\/newsestlyonnais.fr\/site\/2023\/08\/20\/journees-europeennes-du-patrimoine-ce-sera-la-40-edition-cette-annee\/\"},\"author\":{\"name\":\"R\u00e9dac. NEWS\",\"@id\":\"https:\/\/newsestlyonnais.fr\/site\/#\/schema\/person\/3230d5615f390bb808365d673001e887\"},\"headline\":\"Journ\u00e9es Europ\u00e9ennes du patrimoine | Ce sera la 40\u00b0 \u00e9dition cette ann\u00e9e\",\"datePublished\":\"2023-08-20T09:18:09+00:00\",\"dateModified\":\"2023-09-17T17:38:52+00:00\",\"mainEntityOfPage\":{\"@id\":\"https:\/\/newsestlyonnais.fr\/site\/2023\/08\/20\/journees-europeennes-du-patrimoine-ce-sera-la-40-edition-cette-annee\/\"},\"wordCount\":49,\"commentCount\":0,\"publisher\":{\"@id\":\"https:\/\/newsestlyonnais.fr\/site\/#organization\"},\"image\":{\"@id\":\"https:\/\/newsestlyonnais.fr\/site\/2023\/08\/20\/journees-europeennes-du-patrimoine-ce-sera-la-40-edition-cette-annee\/#primaryimage\"},\"thumbnailUrl\":\"https:\/\/newsestlyonnais.fr\/site\/wp-content\/uploads\/2020\/04\/NEWSESTLYONNAIS-VUE-LYON.jpg\",\"keywords\":[\"JOURNEES DU PATRIMOINE\",\"PATRIMOINE\"],\"articleSection\":[\"Ain (01)\",\"Ain | Is\u00e8re\",\"Bron\",\"Caluire\",\"CALUIRE | RILLIEUX LA PAPE\",\"CCEL | Communes\",\"Chaponnay\",\"Chassieu | Communes diverses\",\"Corbas | Feyzin\",\"D\u00e9cines-Charpieu\",\"Genas\",\"Is\u00e8re (38)\",\"Lyon\",\"Religion | Seniors | Souvenir\",\"Rillieux-la-Pape\",\"Saint-Fons\",\"Saint-Priest\",\"St Bonnet | St Laurent de Mure\",\"St Symphorien d'Ozon | S\u00e9r\u00e9zin du Rh\u00f4ne\",\"Travaux | Am\u00e9nagements\",\"Vaulx-en-Velin\",\"V\u00e9nissieux\",\"Villeurbanne\"],\"inLanguage\":\"fr-FR\",\"potentialAction\":[{\"@type\":\"CommentAction\",\"name\":\"Comment\",\"target\":[\"https:\/\/newsestlyonnais.fr\/site\/2023\/08\/20\/journees-europeennes-du-patrimoine-ce-sera-la-40-edition-cette-annee\/#respond\"]}]},{\"@type\":\"WebPage\",\"@id\":\"https:\/\/newsestlyonnais.fr\/site\/2023\/08\/20\/journees-europeennes-du-patrimoine-ce-sera-la-40-edition-cette-annee\/\",\"url\":\"https:\/\/newsestlyonnais.fr\/site\/2023\/08\/20\/journees-europeennes-du-patrimoine-ce-sera-la-40-edition-cette-annee\/\",\"name\":\"Journ\u00e9es Europ\u00e9ennes du patrimoine | Ce sera la 40\u00b0 \u00e9dition cette ann\u00e9e - News Est Lyonnais\",\"isPartOf\":{\"@id\":\"https:\/\/newsestlyonnais.fr\/site\/#website\"},\"primaryImageOfPage\":{\"@id\":\"https:\/\/newsestlyonnais.fr\/site\/2023\/08\/20\/journees-europeennes-du-patrimoine-ce-sera-la-40-edition-cette-annee\/#primaryimage\"},\"image\":{\"@id\":\"https:\/\/newsestlyonnais.fr\/site\/2023\/08\/20\/journees-europeennes-du-patrimoine-ce-sera-la-40-edition-cette-annee\/#primaryimage\"},\"thumbnailUrl\":\"https:\/\/newsestlyonnais.fr\/site\/wp-content\/uploads\/2020\/04\/NEWSESTLYONNAIS-VUE-LYON.jpg\",\"datePublished\":\"2023-08-20T09:18:09+00:00\",\"dateModified\":\"2023-09-17T17:38:52+00:00\",\"description\":\"Journ\u00e9es Europ\u00e9ennes du patrimoine | Ce sera la 40\u00b0 \u00e9dition cette ann\u00e9e\",\"breadcrumb\":{\"@id\":\"https:\/\/newsestlyonnais.fr\/site\/2023\/08\/20\/journees-europeennes-du-patrimoine-ce-sera-la-40-edition-cette-annee\/#breadcrumb\"},\"inLanguage\":\"fr-FR\",\"potentialAction\":[{\"@type\":\"ReadAction\",\"target\":[\"https:\/\/newsestlyonnais.fr\/site\/2023\/08\/20\/journees-europeennes-du-patrimoine-ce-sera-la-40-edition-cette-annee\/\"]}]},{\"@type\":\"ImageObject\",\"inLanguage\":\"fr-FR\",\"@id\":\"https:\/\/newsestlyonnais.fr\/site\/2023\/08\/20\/journees-europeennes-du-patrimoine-ce-sera-la-40-edition-cette-annee\/#primaryimage\",\"url\":\"https:\/\/newsestlyonnais.fr\/site\/wp-content\/uploads\/2020\/04\/NEWSESTLYONNAIS-VUE-LYON.jpg\",\"contentUrl\":\"https:\/\/newsestlyonnais.fr\/site\/wp-content\/uploads\/2020\/04\/NEWSESTLYONNAIS-VUE-LYON.jpg\",\"width\":1200,\"height\":800},{\"@type\":\"BreadcrumbList\",\"@id\":\"https:\/\/newsestlyonnais.fr\/site\/2023\/08\/20\/journees-europeennes-du-patrimoine-ce-sera-la-40-edition-cette-annee\/#breadcrumb\",\"itemListElement\":[{\"@type\":\"ListItem\",\"position\":1,\"name\":\"Accueil\",\"item\":\"https:\/\/newsestlyonnais.fr\/site\/\"},{\"@type\":\"ListItem\",\"position\":2,\"name\":\"Journ\u00e9es Europ\u00e9ennes du patrimoine | Ce sera la 40\u00b0 \u00e9dition cette ann\u00e9e\"}]},{\"@type\":\"WebSite\",\"@id\":\"https:\/\/newsestlyonnais.fr\/site\/#website\",\"url\":\"https:\/\/newsestlyonnais.fr\/site\/\",\"name\":\"News Est Lyonnais\",\"description\":\"L&#039;actualit\u00e9 au plus pr\u00e8s\",\"publisher\":{\"@id\":\"https:\/\/newsestlyonnais.fr\/site\/#organization\"},\"potentialAction\":[{\"@type\":\"SearchAction\",\"target\":{\"@type\":\"EntryPoint\",\"urlTemplate\":\"https:\/\/newsestlyonnais.fr\/site\/?s={search_term_string}\"},\"query-input\":{\"@type\":\"PropertyValueSpecification\",\"valueRequired\":true,\"valueName\":\"search_term_string\"}}],\"inLanguage\":\"fr-FR\"},{\"@type\":\"Organization\",\"@id\":\"https:\/\/newsestlyonnais.fr\/site\/#organization\",\"name\":\"News EST LYONNAIS\",\"url\":\"https:\/\/newsestlyonnais.fr\/site\/\",\"logo\":{\"@type\":\"ImageObject\",\"inLanguage\":\"fr-FR\",\"@id\":\"https:\/\/newsestlyonnais.fr\/site\/#\/schema\/logo\/image\/\",\"url\":\"\",\"contentUrl\":\"\",\"caption\":\"News EST LYONNAIS\"},\"image\":{\"@id\":\"https:\/\/newsestlyonnais.fr\/site\/#\/schema\/logo\/image\/\"}},{\"@type\":\"Person\",\"@id\":\"https:\/\/newsestlyonnais.fr\/site\/#\/schema\/person\/3230d5615f390bb808365d673001e887\",\"name\":\"R\u00e9dac. NEWS\",\"sameAs\":[\"http:\/\/www.newsestlyonnais.fr\",\"https:\/\/www.facebook.com\/pascal.oberson.1?fref=ts\",\"https:\/\/fr.linkedin.com\/in\/pascal-oberson-b17045113\"],\"url\":\"https:\/\/newsestlyonnais.fr\/site\/author\/nel\/\"}]}<\/script>\n<!-- \/ Yoast SEO plugin. -->","yoast_head_json":{"title":"Journ\u00e9es Europ\u00e9ennes du patrimoine | Ce sera la 40\u00b0 \u00e9dition cette ann\u00e9e - News Est Lyonnais","description":"Journ\u00e9es Europ\u00e9ennes du patrimoine | Ce sera la 40\u00b0 \u00e9dition cette ann\u00e9e","robots":{"index":"index","follow":"follow","max-snippet":"max-snippet:-1","max-image-preview":"max-image-preview:large","max-video-preview":"max-video-preview:-1"},"canonical":"https:\/\/newsestlyonnais.fr\/site\/2023\/08\/20\/journees-europeennes-du-patrimoine-ce-sera-la-40-edition-cette-annee\/","og_locale":"fr_FR","og_type":"article","og_title":"Journ\u00e9es Europ\u00e9ennes du patrimoine | Ce sera la 40\u00b0 \u00e9dition cette ann\u00e9e - News Est Lyonnais","og_description":"Journ\u00e9es Europ\u00e9ennes du patrimoine | Ce sera la 40\u00b0 \u00e9dition cette ann\u00e9e","og_url":"https:\/\/newsestlyonnais.fr\/site\/2023\/08\/20\/journees-europeennes-du-patrimoine-ce-sera-la-40-edition-cette-annee\/","og_site_name":"News Est Lyonnais","article_author":"https:\/\/www.facebook.com\/pascal.oberson.1?fref=ts","article_published_time":"2023-08-20T09:18:09+00:00","article_modified_time":"2023-09-17T17:38:52+00:00","og_image":[{"width":1200,"height":800,"url":"https:\/\/newsestlyonnais.fr\/site\/wp-content\/uploads\/2020\/04\/NEWSESTLYONNAIS-VUE-LYON.jpg","type":"image\/jpeg"}],"author":"R\u00e9dac. NEWS","twitter_card":"summary_large_image","twitter_misc":{"\u00c9crit par":"R\u00e9dac. NEWS","Dur\u00e9e de lecture estim\u00e9e":"1 minute"},"schema":{"@context":"https:\/\/schema.org","@graph":[{"@type":"Article","@id":"https:\/\/newsestlyonnais.fr\/site\/2023\/08\/20\/journees-europeennes-du-patrimoine-ce-sera-la-40-edition-cette-annee\/#article","isPartOf":{"@id":"https:\/\/newsestlyonnais.fr\/site\/2023\/08\/20\/journees-europeennes-du-patrimoine-ce-sera-la-40-edition-cette-annee\/"},"author":{"name":"R\u00e9dac. NEWS","@id":"https:\/\/newsestlyonnais.fr\/site\/#\/schema\/person\/3230d5615f390bb808365d673001e887"},"headline":"Journ\u00e9es Europ\u00e9ennes du patrimoine | Ce sera la 40\u00b0 \u00e9dition cette ann\u00e9e","datePublished":"2023-08-20T09:18:09+00:00","dateModified":"2023-09-17T17:38:52+00:00","mainEntityOfPage":{"@id":"https:\/\/newsestlyonnais.fr\/site\/2023\/08\/20\/journees-europeennes-du-patrimoine-ce-sera-la-40-edition-cette-annee\/"},"wordCount":49,"commentCount":0,"publisher":{"@id":"https:\/\/newsestlyonnais.fr\/site\/#organization"},"image":{"@id":"https:\/\/newsestlyonnais.fr\/site\/2023\/08\/20\/journees-europeennes-du-patrimoine-ce-sera-la-40-edition-cette-annee\/#primaryimage"},"thumbnailUrl":"https:\/\/newsestlyonnais.fr\/site\/wp-content\/uploads\/2020\/04\/NEWSESTLYONNAIS-VUE-LYON.jpg","keywords":["JOURNEES DU PATRIMOINE","PATRIMOINE"],"articleSection":["Ain (01)","Ain | Is\u00e8re","Bron","Caluire","CALUIRE | RILLIEUX LA PAPE","CCEL | Communes","Chaponnay","Chassieu | Communes diverses","Corbas | Feyzin","D\u00e9cines-Charpieu","Genas","Is\u00e8re (38)","Lyon","Religion | Seniors | Souvenir","Rillieux-la-Pape","Saint-Fons","Saint-Priest","St Bonnet | St Laurent de Mure","St Symphorien d'Ozon | S\u00e9r\u00e9zin du Rh\u00f4ne","Travaux | Am\u00e9nagements","Vaulx-en-Velin","V\u00e9nissieux","Villeurbanne"],"inLanguage":"fr-FR","potentialAction":[{"@type":"CommentAction","name":"Comment","target":["https:\/\/newsestlyonnais.fr\/site\/2023\/08\/20\/journees-europeennes-du-patrimoine-ce-sera-la-40-edition-cette-annee\/#respond"]}]},{"@type":"WebPage","@id":"https:\/\/newsestlyonnais.fr\/site\/2023\/08\/20\/journees-europeennes-du-patrimoine-ce-sera-la-40-edition-cette-annee\/","url":"https:\/\/newsestlyonnais.fr\/site\/2023\/08\/20\/journees-europeennes-du-patrimoine-ce-sera-la-40-edition-cette-annee\/","name":"Journ\u00e9es Europ\u00e9ennes du patrimoine | Ce sera la 40\u00b0 \u00e9dition cette ann\u00e9e - News Est Lyonnais","isPartOf":{"@id":"https:\/\/newsestlyonnais.fr\/site\/#website"},"primaryImageOfPage":{"@id":"https:\/\/newsestlyonnais.fr\/site\/2023\/08\/20\/journees-europeennes-du-patrimoine-ce-sera-la-40-edition-cette-annee\/#primaryimage"},"image":{"@id":"https:\/\/newsestlyonnais.fr\/site\/2023\/08\/20\/journees-europeennes-du-patrimoine-ce-sera-la-40-edition-cette-annee\/#primaryimage"},"thumbnailUrl":"https:\/\/newsestlyonnais.fr\/site\/wp-content\/uploads\/2020\/04\/NEWSESTLYONNAIS-VUE-LYON.jpg","datePublished":"2023-08-20T09:18:09+00:00","dateModified":"2023-09-17T17:38:52+00:00","description":"Journ\u00e9es Europ\u00e9ennes du patrimoine | Ce sera la 40\u00b0 \u00e9dition cette ann\u00e9e","breadcrumb":{"@id":"https:\/\/newsestlyonnais.fr\/site\/2023\/08\/20\/journees-europeennes-du-patrimoine-ce-sera-la-40-edition-cette-annee\/#breadcrumb"},"inLanguage":"fr-FR","potentialAction":[{"@type":"ReadAction","target":["https:\/\/newsestlyonnais.fr\/site\/2023\/08\/20\/journees-europeennes-du-patrimoine-ce-sera-la-40-edition-cette-annee\/"]}]},{"@type":"ImageObject","inLanguage":"fr-FR","@id":"https:\/\/newsestlyonnais.fr\/site\/2023\/08\/20\/journees-europeennes-du-patrimoine-ce-sera-la-40-edition-cette-annee\/#primaryimage","url":"https:\/\/newsestlyonnais.fr\/site\/wp-content\/uploads\/2020\/04\/NEWSESTLYONNAIS-VUE-LYON.jpg","contentUrl":"https:\/\/newsestlyonnais.fr\/site\/wp-content\/uploads\/2020\/04\/NEWSESTLYONNAIS-VUE-LYON.jpg","width":1200,"height":800},{"@type":"BreadcrumbList","@id":"https:\/\/newsestlyonnais.fr\/site\/2023\/08\/20\/journees-europeennes-du-patrimoine-ce-sera-la-40-edition-cette-annee\/#breadcrumb","itemListElement":[{"@type":"ListItem","position":1,"name":"Accueil","item":"https:\/\/newsestlyonnais.fr\/site\/"},{"@type":"ListItem","position":2,"name":"Journ\u00e9es Europ\u00e9ennes du patrimoine | Ce sera la 40\u00b0 \u00e9dition cette ann\u00e9e"}]},{"@type":"WebSite","@id":"https:\/\/newsestlyonnais.fr\/site\/#website","url":"https:\/\/newsestlyonnais.fr\/site\/","name":"News Est Lyonnais","description":"L&#039;actualit\u00e9 au plus pr\u00e8s","publisher":{"@id":"https:\/\/newsestlyonnais.fr\/site\/#organization"},"potentialAction":[{"@type":"SearchAction","target":{"@type":"EntryPoint","urlTemplate":"https:\/\/newsestlyonnais.fr\/site\/?s={search_term_string}"},"query-input":{"@type":"PropertyValueSpecification","valueRequired":true,"valueName":"search_term_string"}}],"inLanguage":"fr-FR"},{"@type":"Organization","@id":"https:\/\/newsestlyonnais.fr\/site\/#organization","name":"News EST LYONNAIS","url":"https:\/\/newsestlyonnais.fr\/site\/","logo":{"@type":"ImageObject","inLanguage":"fr-FR","@id":"https:\/\/newsestlyonnais.fr\/site\/#\/schema\/logo\/image\/","url":"","contentUrl":"","caption":"News EST LYONNAIS"},"image":{"@id":"https:\/\/newsestlyonnais.fr\/site\/#\/schema\/logo\/image\/"}},{"@type":"Person","@id":"https:\/\/newsestlyonnais.fr\/site\/#\/schema\/person\/3230d5615f390bb808365d673001e887","name":"R\u00e9dac. NEWS","sameAs":["http:\/\/www.newsestlyonnais.fr","https:\/\/www.facebook.com\/pascal.oberson.1?fref=ts","https:\/\/fr.linkedin.com\/in\/pascal-oberson-b17045113"],"url":"https:\/\/newsestlyonnais.fr\/site\/author\/nel\/"}]}},"_links":{"self":[{"href":"https:\/\/newsestlyonnais.fr\/site\/wp-json\/wp\/v2\/posts\/188433","targetHints":{"allow":["GET"]}}],"collection":[{"href":"https:\/\/newsestlyonnais.fr\/site\/wp-json\/wp\/v2\/posts"}],"about":[{"href":"https:\/\/newsestlyonnais.fr\/site\/wp-json\/wp\/v2\/types\/post"}],"author":[{"embeddable":true,"href":"https:\/\/newsestlyonnais.fr\/site\/wp-json\/wp\/v2\/users\/4"}],"replies":[{"embeddable":true,"href":"https:\/\/newsestlyonnais.fr\/site\/wp-json\/wp\/v2\/comments?post=188433"}],"version-history":[{"count":0,"href":"https:\/\/newsestlyonnais.fr\/site\/wp-json\/wp\/v2\/posts\/188433\/revisions"}],"wp:featuredmedia":[{"embeddable":true,"href":"https:\/\/newsestlyonnais.fr\/site\/wp-json\/wp\/v2\/media\/100332"}],"wp:attachment":[{"href":"https:\/\/newsestlyonnais.fr\/site\/wp-json\/wp\/v2\/media?parent=188433"}],"wp:term":[{"taxonomy":"category","embeddable":true,"href":"https:\/\/newsestlyonnais.fr\/site\/wp-json\/wp\/v2\/categories?post=188433"},{"taxonomy":"post_tag","embeddable":true,"href":"https:\/\/newsestlyonnais.fr\/site\/wp-json\/wp\/v2\/tags?post=188433"}],"curies":[{"name":"wp","href":"https:\/\/api.w.org\/{rel}","templated":true}]}}