{"id":188483,"date":"2023-08-26T16:25:29","date_gmt":"2023-08-26T15:25:29","guid":{"rendered":"https:\/\/newsestlyonnais.fr\/site\/?p=188483"},"modified":"2023-08-30T16:12:53","modified_gmt":"2023-08-30T15:12:53","slug":"genas-un-nouveau-staff-technique-au-tennis-club","status":"publish","type":"post","link":"https:\/\/newsestlyonnais.fr\/site\/2023\/08\/26\/genas-un-nouveau-staff-technique-au-tennis-club\/","title":{"rendered":"GENAS | Un nouveau staff technique au Tennis Club"},"content":{"rendered":"<p><span style=\"background-color: #000000; color: #ffffff;\"><strong>Du nouveau au TC Genas, pour cette rentr\u00e9e ?<\/strong><\/span><\/p>\n<p><span id=\"page3R_mcid1\" class=\"markedContent\"><span class=\"tojvnm2t a6sixzi8 abs2jz4q a8s20v7p t1p8iaqh k5wvi7nf q3lfd5jv pk4s997a bipmatt0 cebpdrjk qowsmv63 owwhemhu dp1hu0rb dhp61c6y iyyx5f41\">\u00bb Oui <strong>nous prenons un nouveau d\u00e9part avec un changement de professeurs<\/strong>. En fin de saison derni\u00e8re, nous avons d\u00fb g\u00e9rer le d\u00e9part de Caroline R\u00e9my (au club depuis 7 ans) et Lucie Vichier (depuis 4 ans) qui sont parties pour d&rsquo;autres projets pros. <\/span><\/span><\/p>\n<p><span id=\"page3R_mcid1\" class=\"markedContent\"><span class=\"tojvnm2t a6sixzi8 abs2jz4q a8s20v7p t1p8iaqh k5wvi7nf q3lfd5jv pk4s997a bipmatt0 cebpdrjk qowsmv63 owwhemhu dp1hu0rb dhp61c6y iyyx5f41\">Ces deux enseignantes D.E.<strong> sont remplac\u00e9es par Pierre G\u00e9rard<\/strong>, de retour des USA o\u00f9 il exer\u00e7ait dans des acad\u00e9mies de tennis et <strong>Pauline Dutry<\/strong>, qui reprend l&rsquo;enseignement, essentiellement pour les enfants, ceci en plus de son activit\u00e9 pro. Deux personnes qui ont une grosse exp\u00e9rience dans la formation des jeunes et des acad\u00e9mies. Ce qui justifie le choix du club pour les accueillir afin de renforcer l&rsquo;\u00e9quipe p\u00e9dagogique en place comprenant d\u00e9j\u00e0 <strong>Patrick Karakouzian<\/strong>, fid\u00e8le du club et qui continuera d&rsquo;enseigner, ainsi que les assistants \u00e9ducateurs : <strong>Jean-Fran\u00e7ois, Moussa, Tom et Daniel<\/strong> (en cours de formation).<\/span><\/span><\/p>\n<p><span id=\"page3R_mcid1\" class=\"markedContent\"><span class=\"tojvnm2t a6sixzi8 abs2jz4q a8s20v7p t1p8iaqh k5wvi7nf q3lfd5jv pk4s997a bipmatt0 cebpdrjk qowsmv63 owwhemhu dp1hu0rb dhp61c6y iyyx5f41\">Nous souhaitons poursuivre le projet du club avec la mise en place d&rsquo;un travail pour dynamiser la formation des enfants et des plus jeunes en continuant ce qui est d\u00e9j\u00e0 fait et propos\u00e9 aux loisirs, d\u00e9butants et comp\u00e9titeurs <\/span><\/span><span id=\"page3R_mcid1\" class=\"markedContent\"><span class=\"tojvnm2t a6sixzi8 abs2jz4q a8s20v7p t1p8iaqh k5wvi7nf q3lfd5jv pk4s997a bipmatt0 cebpdrjk qowsmv63 owwhemhu dp1hu0rb dhp61c6y iyyx5f41\">\u00bb.<br \/>\n<\/span><\/span><\/p>\n<p><strong><span style=\"background-color: #000000; color: #ffffff;\">Un petit point sur l&rsquo;effectif du TC Genas ?<\/span><\/strong><\/p>\n<p><span id=\"page3R_mcid1\" class=\"markedContent\"><span class=\"tojvnm2t a6sixzi8 abs2jz4q a8s20v7p t1p8iaqh k5wvi7nf q3lfd5jv pk4s997a bipmatt0 cebpdrjk qowsmv63 owwhemhu dp1hu0rb dhp61c6y iyyx5f41\">\u00bb Pour la premi\u00e8re ann\u00e9e, <strong>le club a d\u00e9pass\u00e9 les 400 adh\u00e9rents, dont 170 enfants.<\/strong> C&rsquo;est un chiffre important et notre objectif est de rester \u00e0 ce niveau \u00bb.<\/span><\/span><\/p>\n<p><span style=\"color: #ffffff; background-color: #000000;\"><strong>Pouvez-vous nous dresser un bref bilan sportif de la saison \u00e9coul\u00e9e ?<\/strong><\/span><\/p>\n<p><span id=\"page3R_mcid1\" class=\"markedContent\"><span class=\"tojvnm2t a6sixzi8 abs2jz4q a8s20v7p t1p8iaqh k5wvi7nf q3lfd5jv pk4s997a bipmatt0 cebpdrjk qowsmv63 owwhemhu dp1hu0rb dhp61c6y iyyx5f41\">\u00bb <strong>Il est satisfaisant avec de bons r\u00e9sultats pour nos comp\u00e9titeurs<\/strong> avec un dynamisme et un bon investissement constat\u00e9s dans les \u00e9quipes (seniors et v\u00e9t\u00e9rans) du club.<\/span><\/span><\/p>\n<p><span id=\"page3R_mcid1\" class=\"markedContent\"><span class=\"tojvnm2t a6sixzi8 abs2jz4q a8s20v7p t1p8iaqh k5wvi7nf q3lfd5jv pk4s997a bipmatt0 cebpdrjk qowsmv63 owwhemhu dp1hu0rb dhp61c6y iyyx5f41\">En v\u00e9t\u00e9rans, les 2 formations acc\u00e8dent \u00e0 la pr\u00e9-nationale, pour la premi\u00e8re fois dans l&rsquo;histoire du club et en seniors masculins, l&rsquo;\u00e9quipe 1 monte en ligue 2 r\u00e9gionale et la 3 en 1\u00b0 division d\u00e9partementale <\/span><\/span><span id=\"page3R_mcid1\" class=\"markedContent\"><span class=\"tojvnm2t a6sixzi8 abs2jz4q a8s20v7p t1p8iaqh k5wvi7nf q3lfd5jv pk4s997a bipmatt0 cebpdrjk qowsmv63 owwhemhu dp1hu0rb dhp61c6y iyyx5f41\">\u00bb.<\/span><\/span><\/p>\n<p><span style=\"color: #ffffff; background-color: #000000;\"><strong>Un petit mot sur le tournoi open qui s&rsquo;est d\u00e9roul\u00e9 du 22 mai au 17 juin dernier ?<\/strong><\/span><\/p>\n<p><span id=\"page3R_mcid1\" class=\"markedContent\"><span class=\"tojvnm2t a6sixzi8 abs2jz4q a8s20v7p t1p8iaqh k5wvi7nf q3lfd5jv pk4s997a bipmatt0 cebpdrjk qowsmv63 owwhemhu dp1hu0rb dhp61c6y iyyx5f41\">\u00bb <strong>Il s&rsquo;est super bien pass\u00e9 !<\/strong> Cela a \u00e9t\u00e9 un succ\u00e8s \u00e0 la fois en nombre de participants (pr\u00e8s de 200) et de l&rsquo;organisation, on a en effet bien travaill\u00e9 avec J\u00e9r\u00f4me Dodane, le juge-arbitre. Une bonne programmation a permis \u00e0 ce tournoi de se d\u00e9rouler dans de bonnes conditions avec des tableaux tr\u00e8s complets et \u00e9volutifs pour les comp\u00e9titeurs <\/span><\/span><span id=\"page3R_mcid1\" class=\"markedContent\"><span class=\"tojvnm2t a6sixzi8 abs2jz4q a8s20v7p t1p8iaqh k5wvi7nf q3lfd5jv pk4s997a bipmatt0 cebpdrjk qowsmv63 owwhemhu dp1hu0rb dhp61c6y iyyx5f41\">\u00bb.<\/span><\/span><\/p>\n<hr \/>\n<p><strong><span style=\"background-color: #000000; color: #ffffff;\">Les prochaines dates dans l&rsquo;agenda du club ? <\/span><\/strong><\/p>\n<p><span id=\"page3R_mcid1\" class=\"markedContent\"><span class=\"tojvnm2t a6sixzi8 abs2jz4q a8s20v7p t1p8iaqh k5wvi7nf q3lfd5jv pk4s997a bipmatt0 cebpdrjk qowsmv63 owwhemhu dp1hu0rb dhp61c6y iyyx5f41\">\u00bb Les <strong>inscriptions<\/strong> red\u00e9marrent la semaine prochaine : lundi (18 h\/20 h) et vendredi (17 h\/20 h) au club ainsi que lors du Forum des associations (samedi 2 septembre :9 h\/13 h \u00e0 la salle Pervangher, ex-Jacques Anquetil) o\u00f9 nous serons pr\u00e9sents comme chaque ann\u00e9e.<\/span><\/span><\/p>\n<p><span id=\"page3R_mcid1\" class=\"markedContent\"><span class=\"tojvnm2t a6sixzi8 abs2jz4q a8s20v7p t1p8iaqh k5wvi7nf q3lfd5jv pk4s997a bipmatt0 cebpdrjk qowsmv63 owwhemhu dp1hu0rb dhp61c6y iyyx5f41\"> <strong>Reprise des cours<\/strong> (pour les enfants), \u00e0 partir du mercredi 13 septembre et d&rsquo;autre part, notre <strong>assembl\u00e9e g\u00e9n\u00e9rale annuelle<\/strong> se tiendra le mardi 26 septembre \u00e0 19 h, au club \u00bb.<\/span><\/span><\/p>\n<p><span style=\"background-color: #000000; color: #ffffff;\"><strong>Et pour conclure ?<\/strong><\/span><\/p>\n<p><span id=\"page3R_mcid1\" class=\"markedContent\"><span class=\"tojvnm2t a6sixzi8 abs2jz4q a8s20v7p t1p8iaqh k5wvi7nf q3lfd5jv pk4s997a bipmatt0 cebpdrjk qowsmv63 owwhemhu dp1hu0rb dhp61c6y iyyx5f41\">\u00bb On va repartir sur notre dynamique, notamment sur le secteur jeunes, pour <strong>maintenir notre vocation de club formateur<\/strong> \u00bb.<br \/>\n<\/span><\/span><\/p>\n<hr \/>\n<p><span style=\"background-color: #000000;\"><span style=\"color: #ffcc00;\"><strong>&gt; PHOTO A LA UNE :\u00a0 <\/strong><\/span><\/span><span style=\"background-color: #000000;\"><span style=\"color: #ffcc00;\"><strong>Les 3 enseignants du club (de gauche \u00e0 droite) : Pauline Dutry, Patrick Karakouzian et Pierre G\u00e9rard)<\/strong><\/span><\/span><\/p>\n<hr \/>\n<p><strong><span style=\"background-color: #000000; color: #ffcc00;\">Toute l&rsquo;ACTU du TC Genas sur<\/span> : <span style=\"color: #0000ff;\"><a style=\"color: #0000ff;\" href=\"https:\/\/www.tcgenas.fr\">https:\/\/www.tcgenas.fr<\/a><\/span><\/strong><\/p>\n<p><span style=\"background-color: #000000;\"><strong><span style=\"color: #ffcc00;\">Contact :<\/span>\u00a0<span style=\"color: #3366ff;\"><a style=\"background-color: #000000; color: #3366ff;\" title=\"tcgenas@gmail.com\" href=\"mailto:tcgenas@gmail.com\">tcgenas@gmail.com<\/a><\/span><\/strong><\/span><\/p>\n<hr \/>\n<hr \/>\n<p>&nbsp;<\/p>\n","protected":false},"excerpt":{"rendered":"<p>Arriv\u00e9e de deux enseignants, bilan sportif et prochaines \u00e9ch\u00e9ances du club, sont entre autres, les points \u00e9voqu\u00e9s \u00e0 l&rsquo;occasion de la reprise par le pr\u00e9sident Richard Bonnanfant. <\/p>\n","protected":false},"author":4,"featured_media":188485,"comment_status":"open","ping_status":"open","sticky":false,"template":"","format":"standard","meta":{"footnotes":""},"categories":[270,1598,2,2992,2991],"tags":[4841,4838,2005,4840,4839,4542,4837,4791,2726,2049],"class_list":["post-188483","post","type-post","status-publish","format-standard","has-post-thumbnail","hentry","category-cte-de-communes-c-c-e-l","category-genas","category-sports","category-tennis-padel","category-tennis-tennis-table-sports","tag-academie","tag-caroline-remy","tag-genas","tag-lucie-vichier","tag-patrick-karakouzian","tag-pauline-dutry","tag-pierre-gerard","tag-richard-bonnanfant","tag-tc-genas","tag-tennis"],"yoast_head":"<!-- This site is optimized with the Yoast SEO plugin v27.2 - https:\/\/yoast.com\/product\/yoast-seo-wordpress\/ -->\n<title>GENAS | Un nouveau staff technique au Tennis Club - News Est Lyonnais<\/title>\n<meta name=\"description\" content=\"GENAS | Un nouveau staff technique au Tennis Club\" \/>\n<meta name=\"robots\" content=\"index, follow, max-snippet:-1, max-image-preview:large, max-video-preview:-1\" \/>\n<link rel=\"canonical\" href=\"https:\/\/newsestlyonnais.fr\/site\/2023\/08\/26\/genas-un-nouveau-staff-technique-au-tennis-club\/\" \/>\n<meta property=\"og:locale\" content=\"fr_FR\" \/>\n<meta property=\"og:type\" content=\"article\" \/>\n<meta property=\"og:title\" content=\"GENAS | Un nouveau staff technique au Tennis Club - News Est Lyonnais\" \/>\n<meta property=\"og:description\" content=\"GENAS | Un nouveau staff technique au Tennis Club\" \/>\n<meta property=\"og:url\" content=\"https:\/\/newsestlyonnais.fr\/site\/2023\/08\/26\/genas-un-nouveau-staff-technique-au-tennis-club\/\" \/>\n<meta property=\"og:site_name\" content=\"News Est Lyonnais\" \/>\n<meta property=\"article:author\" content=\"https:\/\/www.facebook.com\/pascal.oberson.1?fref=ts\" \/>\n<meta property=\"article:published_time\" content=\"2023-08-26T15:25:29+00:00\" \/>\n<meta property=\"article:modified_time\" content=\"2023-08-30T15:12:53+00:00\" \/>\n<meta property=\"og:image\" content=\"https:\/\/newsestlyonnais.fr\/site\/wp-content\/uploads\/2023\/08\/Picsart_23-08-25_16-06-22-126.jpg\" \/>\n\t<meta property=\"og:image:width\" content=\"1200\" \/>\n\t<meta property=\"og:image:height\" content=\"800\" \/>\n\t<meta property=\"og:image:type\" content=\"image\/jpeg\" \/>\n<meta name=\"author\" content=\"R\u00e9dac. NEWS\" \/>\n<meta name=\"twitter:card\" content=\"summary_large_image\" \/>\n<meta name=\"twitter:label1\" content=\"\u00c9crit par\" \/>\n\t<meta name=\"twitter:data1\" content=\"R\u00e9dac. NEWS\" \/>\n\t<meta name=\"twitter:label2\" content=\"Dur\u00e9e de lecture estim\u00e9e\" \/>\n\t<meta name=\"twitter:data2\" content=\"3 minutes\" \/>\n<script type=\"application\/ld+json\" class=\"yoast-schema-graph\">{\"@context\":\"https:\/\/schema.org\",\"@graph\":[{\"@type\":\"Article\",\"@id\":\"https:\/\/newsestlyonnais.fr\/site\/2023\/08\/26\/genas-un-nouveau-staff-technique-au-tennis-club\/#article\",\"isPartOf\":{\"@id\":\"https:\/\/newsestlyonnais.fr\/site\/2023\/08\/26\/genas-un-nouveau-staff-technique-au-tennis-club\/\"},\"author\":{\"name\":\"R\u00e9dac. NEWS\",\"@id\":\"https:\/\/newsestlyonnais.fr\/site\/#\/schema\/person\/3230d5615f390bb808365d673001e887\"},\"headline\":\"GENAS | Un nouveau staff technique au Tennis Club\",\"datePublished\":\"2023-08-26T15:25:29+00:00\",\"dateModified\":\"2023-08-30T15:12:53+00:00\",\"mainEntityOfPage\":{\"@id\":\"https:\/\/newsestlyonnais.fr\/site\/2023\/08\/26\/genas-un-nouveau-staff-technique-au-tennis-club\/\"},\"wordCount\":551,\"commentCount\":0,\"publisher\":{\"@id\":\"https:\/\/newsestlyonnais.fr\/site\/#organization\"},\"image\":{\"@id\":\"https:\/\/newsestlyonnais.fr\/site\/2023\/08\/26\/genas-un-nouveau-staff-technique-au-tennis-club\/#primaryimage\"},\"thumbnailUrl\":\"https:\/\/newsestlyonnais.fr\/site\/wp-content\/uploads\/2023\/08\/Picsart_23-08-25_16-06-22-126.jpg\",\"keywords\":[\"ACADEMIE\",\"Caroline Remy\",\"GENAS\",\"Lucie Vichier\",\"Patrick Karakouzian\",\"Pauline Dutry\",\"Pierre G\u00e9rard\",\"richard Bonnanfant\",\"TC GENAS\",\"TENNIS\"],\"articleSection\":[\"CCEL | Communes\",\"Genas\",\"Sports\",\"Tennis | Padel\",\"Tennis | Tennis de table\"],\"inLanguage\":\"fr-FR\",\"potentialAction\":[{\"@type\":\"CommentAction\",\"name\":\"Comment\",\"target\":[\"https:\/\/newsestlyonnais.fr\/site\/2023\/08\/26\/genas-un-nouveau-staff-technique-au-tennis-club\/#respond\"]}]},{\"@type\":\"WebPage\",\"@id\":\"https:\/\/newsestlyonnais.fr\/site\/2023\/08\/26\/genas-un-nouveau-staff-technique-au-tennis-club\/\",\"url\":\"https:\/\/newsestlyonnais.fr\/site\/2023\/08\/26\/genas-un-nouveau-staff-technique-au-tennis-club\/\",\"name\":\"GENAS | Un nouveau staff technique au Tennis Club - News Est Lyonnais\",\"isPartOf\":{\"@id\":\"https:\/\/newsestlyonnais.fr\/site\/#website\"},\"primaryImageOfPage\":{\"@id\":\"https:\/\/newsestlyonnais.fr\/site\/2023\/08\/26\/genas-un-nouveau-staff-technique-au-tennis-club\/#primaryimage\"},\"image\":{\"@id\":\"https:\/\/newsestlyonnais.fr\/site\/2023\/08\/26\/genas-un-nouveau-staff-technique-au-tennis-club\/#primaryimage\"},\"thumbnailUrl\":\"https:\/\/newsestlyonnais.fr\/site\/wp-content\/uploads\/2023\/08\/Picsart_23-08-25_16-06-22-126.jpg\",\"datePublished\":\"2023-08-26T15:25:29+00:00\",\"dateModified\":\"2023-08-30T15:12:53+00:00\",\"description\":\"GENAS | Un nouveau staff technique au Tennis Club\",\"breadcrumb\":{\"@id\":\"https:\/\/newsestlyonnais.fr\/site\/2023\/08\/26\/genas-un-nouveau-staff-technique-au-tennis-club\/#breadcrumb\"},\"inLanguage\":\"fr-FR\",\"potentialAction\":[{\"@type\":\"ReadAction\",\"target\":[\"https:\/\/newsestlyonnais.fr\/site\/2023\/08\/26\/genas-un-nouveau-staff-technique-au-tennis-club\/\"]}]},{\"@type\":\"ImageObject\",\"inLanguage\":\"fr-FR\",\"@id\":\"https:\/\/newsestlyonnais.fr\/site\/2023\/08\/26\/genas-un-nouveau-staff-technique-au-tennis-club\/#primaryimage\",\"url\":\"https:\/\/newsestlyonnais.fr\/site\/wp-content\/uploads\/2023\/08\/Picsart_23-08-25_16-06-22-126.jpg\",\"contentUrl\":\"https:\/\/newsestlyonnais.fr\/site\/wp-content\/uploads\/2023\/08\/Picsart_23-08-25_16-06-22-126.jpg\",\"width\":1200,\"height\":800},{\"@type\":\"BreadcrumbList\",\"@id\":\"https:\/\/newsestlyonnais.fr\/site\/2023\/08\/26\/genas-un-nouveau-staff-technique-au-tennis-club\/#breadcrumb\",\"itemListElement\":[{\"@type\":\"ListItem\",\"position\":1,\"name\":\"Accueil\",\"item\":\"https:\/\/newsestlyonnais.fr\/site\/\"},{\"@type\":\"ListItem\",\"position\":2,\"name\":\"GENAS | Un nouveau staff technique au Tennis Club\"}]},{\"@type\":\"WebSite\",\"@id\":\"https:\/\/newsestlyonnais.fr\/site\/#website\",\"url\":\"https:\/\/newsestlyonnais.fr\/site\/\",\"name\":\"News Est Lyonnais\",\"description\":\"L&#039;actualit\u00e9 au plus pr\u00e8s\",\"publisher\":{\"@id\":\"https:\/\/newsestlyonnais.fr\/site\/#organization\"},\"potentialAction\":[{\"@type\":\"SearchAction\",\"target\":{\"@type\":\"EntryPoint\",\"urlTemplate\":\"https:\/\/newsestlyonnais.fr\/site\/?s={search_term_string}\"},\"query-input\":{\"@type\":\"PropertyValueSpecification\",\"valueRequired\":true,\"valueName\":\"search_term_string\"}}],\"inLanguage\":\"fr-FR\"},{\"@type\":\"Organization\",\"@id\":\"https:\/\/newsestlyonnais.fr\/site\/#organization\",\"name\":\"News EST LYONNAIS\",\"url\":\"https:\/\/newsestlyonnais.fr\/site\/\",\"logo\":{\"@type\":\"ImageObject\",\"inLanguage\":\"fr-FR\",\"@id\":\"https:\/\/newsestlyonnais.fr\/site\/#\/schema\/logo\/image\/\",\"url\":\"\",\"contentUrl\":\"\",\"caption\":\"News EST LYONNAIS\"},\"image\":{\"@id\":\"https:\/\/newsestlyonnais.fr\/site\/#\/schema\/logo\/image\/\"}},{\"@type\":\"Person\",\"@id\":\"https:\/\/newsestlyonnais.fr\/site\/#\/schema\/person\/3230d5615f390bb808365d673001e887\",\"name\":\"R\u00e9dac. NEWS\",\"sameAs\":[\"http:\/\/www.newsestlyonnais.fr\",\"https:\/\/www.facebook.com\/pascal.oberson.1?fref=ts\",\"https:\/\/fr.linkedin.com\/in\/pascal-oberson-b17045113\"],\"url\":\"https:\/\/newsestlyonnais.fr\/site\/author\/nel\/\"}]}<\/script>\n<!-- \/ Yoast SEO plugin. -->","yoast_head_json":{"title":"GENAS | Un nouveau staff technique au Tennis Club - News Est Lyonnais","description":"GENAS | Un nouveau staff technique au Tennis Club","robots":{"index":"index","follow":"follow","max-snippet":"max-snippet:-1","max-image-preview":"max-image-preview:large","max-video-preview":"max-video-preview:-1"},"canonical":"https:\/\/newsestlyonnais.fr\/site\/2023\/08\/26\/genas-un-nouveau-staff-technique-au-tennis-club\/","og_locale":"fr_FR","og_type":"article","og_title":"GENAS | Un nouveau staff technique au Tennis Club - News Est Lyonnais","og_description":"GENAS | Un nouveau staff technique au Tennis Club","og_url":"https:\/\/newsestlyonnais.fr\/site\/2023\/08\/26\/genas-un-nouveau-staff-technique-au-tennis-club\/","og_site_name":"News Est Lyonnais","article_author":"https:\/\/www.facebook.com\/pascal.oberson.1?fref=ts","article_published_time":"2023-08-26T15:25:29+00:00","article_modified_time":"2023-08-30T15:12:53+00:00","og_image":[{"width":1200,"height":800,"url":"https:\/\/newsestlyonnais.fr\/site\/wp-content\/uploads\/2023\/08\/Picsart_23-08-25_16-06-22-126.jpg","type":"image\/jpeg"}],"author":"R\u00e9dac. NEWS","twitter_card":"summary_large_image","twitter_misc":{"\u00c9crit par":"R\u00e9dac. NEWS","Dur\u00e9e de lecture estim\u00e9e":"3 minutes"},"schema":{"@context":"https:\/\/schema.org","@graph":[{"@type":"Article","@id":"https:\/\/newsestlyonnais.fr\/site\/2023\/08\/26\/genas-un-nouveau-staff-technique-au-tennis-club\/#article","isPartOf":{"@id":"https:\/\/newsestlyonnais.fr\/site\/2023\/08\/26\/genas-un-nouveau-staff-technique-au-tennis-club\/"},"author":{"name":"R\u00e9dac. NEWS","@id":"https:\/\/newsestlyonnais.fr\/site\/#\/schema\/person\/3230d5615f390bb808365d673001e887"},"headline":"GENAS | Un nouveau staff technique au Tennis Club","datePublished":"2023-08-26T15:25:29+00:00","dateModified":"2023-08-30T15:12:53+00:00","mainEntityOfPage":{"@id":"https:\/\/newsestlyonnais.fr\/site\/2023\/08\/26\/genas-un-nouveau-staff-technique-au-tennis-club\/"},"wordCount":551,"commentCount":0,"publisher":{"@id":"https:\/\/newsestlyonnais.fr\/site\/#organization"},"image":{"@id":"https:\/\/newsestlyonnais.fr\/site\/2023\/08\/26\/genas-un-nouveau-staff-technique-au-tennis-club\/#primaryimage"},"thumbnailUrl":"https:\/\/newsestlyonnais.fr\/site\/wp-content\/uploads\/2023\/08\/Picsart_23-08-25_16-06-22-126.jpg","keywords":["ACADEMIE","Caroline Remy","GENAS","Lucie Vichier","Patrick Karakouzian","Pauline Dutry","Pierre G\u00e9rard","richard Bonnanfant","TC GENAS","TENNIS"],"articleSection":["CCEL | Communes","Genas","Sports","Tennis | Padel","Tennis | Tennis de table"],"inLanguage":"fr-FR","potentialAction":[{"@type":"CommentAction","name":"Comment","target":["https:\/\/newsestlyonnais.fr\/site\/2023\/08\/26\/genas-un-nouveau-staff-technique-au-tennis-club\/#respond"]}]},{"@type":"WebPage","@id":"https:\/\/newsestlyonnais.fr\/site\/2023\/08\/26\/genas-un-nouveau-staff-technique-au-tennis-club\/","url":"https:\/\/newsestlyonnais.fr\/site\/2023\/08\/26\/genas-un-nouveau-staff-technique-au-tennis-club\/","name":"GENAS | Un nouveau staff technique au Tennis Club - News Est Lyonnais","isPartOf":{"@id":"https:\/\/newsestlyonnais.fr\/site\/#website"},"primaryImageOfPage":{"@id":"https:\/\/newsestlyonnais.fr\/site\/2023\/08\/26\/genas-un-nouveau-staff-technique-au-tennis-club\/#primaryimage"},"image":{"@id":"https:\/\/newsestlyonnais.fr\/site\/2023\/08\/26\/genas-un-nouveau-staff-technique-au-tennis-club\/#primaryimage"},"thumbnailUrl":"https:\/\/newsestlyonnais.fr\/site\/wp-content\/uploads\/2023\/08\/Picsart_23-08-25_16-06-22-126.jpg","datePublished":"2023-08-26T15:25:29+00:00","dateModified":"2023-08-30T15:12:53+00:00","description":"GENAS | Un nouveau staff technique au Tennis Club","breadcrumb":{"@id":"https:\/\/newsestlyonnais.fr\/site\/2023\/08\/26\/genas-un-nouveau-staff-technique-au-tennis-club\/#breadcrumb"},"inLanguage":"fr-FR","potentialAction":[{"@type":"ReadAction","target":["https:\/\/newsestlyonnais.fr\/site\/2023\/08\/26\/genas-un-nouveau-staff-technique-au-tennis-club\/"]}]},{"@type":"ImageObject","inLanguage":"fr-FR","@id":"https:\/\/newsestlyonnais.fr\/site\/2023\/08\/26\/genas-un-nouveau-staff-technique-au-tennis-club\/#primaryimage","url":"https:\/\/newsestlyonnais.fr\/site\/wp-content\/uploads\/2023\/08\/Picsart_23-08-25_16-06-22-126.jpg","contentUrl":"https:\/\/newsestlyonnais.fr\/site\/wp-content\/uploads\/2023\/08\/Picsart_23-08-25_16-06-22-126.jpg","width":1200,"height":800},{"@type":"BreadcrumbList","@id":"https:\/\/newsestlyonnais.fr\/site\/2023\/08\/26\/genas-un-nouveau-staff-technique-au-tennis-club\/#breadcrumb","itemListElement":[{"@type":"ListItem","position":1,"name":"Accueil","item":"https:\/\/newsestlyonnais.fr\/site\/"},{"@type":"ListItem","position":2,"name":"GENAS | Un nouveau staff technique au Tennis Club"}]},{"@type":"WebSite","@id":"https:\/\/newsestlyonnais.fr\/site\/#website","url":"https:\/\/newsestlyonnais.fr\/site\/","name":"News Est Lyonnais","description":"L&#039;actualit\u00e9 au plus pr\u00e8s","publisher":{"@id":"https:\/\/newsestlyonnais.fr\/site\/#organization"},"potentialAction":[{"@type":"SearchAction","target":{"@type":"EntryPoint","urlTemplate":"https:\/\/newsestlyonnais.fr\/site\/?s={search_term_string}"},"query-input":{"@type":"PropertyValueSpecification","valueRequired":true,"valueName":"search_term_string"}}],"inLanguage":"fr-FR"},{"@type":"Organization","@id":"https:\/\/newsestlyonnais.fr\/site\/#organization","name":"News EST LYONNAIS","url":"https:\/\/newsestlyonnais.fr\/site\/","logo":{"@type":"ImageObject","inLanguage":"fr-FR","@id":"https:\/\/newsestlyonnais.fr\/site\/#\/schema\/logo\/image\/","url":"","contentUrl":"","caption":"News EST LYONNAIS"},"image":{"@id":"https:\/\/newsestlyonnais.fr\/site\/#\/schema\/logo\/image\/"}},{"@type":"Person","@id":"https:\/\/newsestlyonnais.fr\/site\/#\/schema\/person\/3230d5615f390bb808365d673001e887","name":"R\u00e9dac. NEWS","sameAs":["http:\/\/www.newsestlyonnais.fr","https:\/\/www.facebook.com\/pascal.oberson.1?fref=ts","https:\/\/fr.linkedin.com\/in\/pascal-oberson-b17045113"],"url":"https:\/\/newsestlyonnais.fr\/site\/author\/nel\/"}]}},"_links":{"self":[{"href":"https:\/\/newsestlyonnais.fr\/site\/wp-json\/wp\/v2\/posts\/188483","targetHints":{"allow":["GET"]}}],"collection":[{"href":"https:\/\/newsestlyonnais.fr\/site\/wp-json\/wp\/v2\/posts"}],"about":[{"href":"https:\/\/newsestlyonnais.fr\/site\/wp-json\/wp\/v2\/types\/post"}],"author":[{"embeddable":true,"href":"https:\/\/newsestlyonnais.fr\/site\/wp-json\/wp\/v2\/users\/4"}],"replies":[{"embeddable":true,"href":"https:\/\/newsestlyonnais.fr\/site\/wp-json\/wp\/v2\/comments?post=188483"}],"version-history":[{"count":0,"href":"https:\/\/newsestlyonnais.fr\/site\/wp-json\/wp\/v2\/posts\/188483\/revisions"}],"wp:featuredmedia":[{"embeddable":true,"href":"https:\/\/newsestlyonnais.fr\/site\/wp-json\/wp\/v2\/media\/188485"}],"wp:attachment":[{"href":"https:\/\/newsestlyonnais.fr\/site\/wp-json\/wp\/v2\/media?parent=188483"}],"wp:term":[{"taxonomy":"category","embeddable":true,"href":"https:\/\/newsestlyonnais.fr\/site\/wp-json\/wp\/v2\/categories?post=188483"},{"taxonomy":"post_tag","embeddable":true,"href":"https:\/\/newsestlyonnais.fr\/site\/wp-json\/wp\/v2\/tags?post=188483"}],"curies":[{"name":"wp","href":"https:\/\/api.w.org\/{rel}","templated":true}]}}