{"id":188668,"date":"2023-09-04T18:29:28","date_gmt":"2023-09-04T17:29:28","guid":{"rendered":"https:\/\/newsestlyonnais.fr\/site\/?p=188668"},"modified":"2023-09-16T06:41:19","modified_gmt":"2023-09-16T05:41:19","slug":"lyon-7-les-prochains-evenements-5","status":"publish","type":"post","link":"https:\/\/newsestlyonnais.fr\/site\/2023\/09\/04\/lyon-7-les-prochains-evenements-5\/","title":{"rendered":"LYON 7 | Les prochains \u00e9v\u00e8nements"},"content":{"rendered":"<p><strong><u>Mardi 5 septembre<\/u><\/strong><\/p>\n<ul>\n<li><strong>\u00e0 partir de 17 h : <\/strong><strong>Journ\u00e9e portes ouvertes de l\u2019association Artis &#8211; Arts en sc\u00e8ne. <\/strong>17 h-19 h 30 : accueil, pr\u00e9sentation des associations Arts en Sc\u00e8ne et ARTIS et de leurs activit\u00e9s, animation. 19 h 20 &#8211; 19 h 45 : spectacle improvisation. 19 h 45 &#8211; 21 h : concert. (Rue Mazagran).<\/li>\n<\/ul>\n<p><strong><u>Vendredi 1<sup>er<\/sup>, jeudi 7 et vendredi 8 septembre<\/u><\/strong><\/p>\n<ul>\n<li><strong>de 14 h 30 \u00e0 18 h 30 : <\/strong><strong>Initiation aux \u00e9checs et aux jeux de l\u2019esprit, <\/strong>organis\u00e9 par Pole Social et Educatif du Jeu d&rsquo;Echecs. (Place Gabriel P\u00e9ri).<\/li>\n<\/ul>\n<p><strong><u>Samedi 2 et 8 septembre<\/u><\/strong><\/p>\n<ul>\n<li><strong>de 15 h \u00e0 19 h : <\/strong><strong>Initiation aux \u00e9checs et aux jeux de l\u2019esprit, <\/strong>organis\u00e9 par Pole Social et Educatif du Jeu d&rsquo;Echecs. (Place Mazagran).<\/li>\n<\/ul>\n<p><strong><u>Samedi 9 septembre<\/u><\/strong><u><\/u><\/p>\n<ul>\n<li><strong>9 h \u00e0 13 h : <\/strong><strong>Collecte solidaire \/ <\/strong>Eco system, la M\u00e9tropole et la Mairie du 7\u00b0 (Place Saint-Louis<strong><u>)<\/u><\/strong><\/li>\n<li><strong>de<\/strong> <strong>11 h \u00e0 21 h : <\/strong><strong>La Gryphe est \u00e0 nous ! organis\u00e9 par 3 petits pois. <\/strong>Pr\u00e9sence de producteurs de la r\u00e9gion, ateliers cr\u00e9atifs, jeux pour les enfants, fanfare (Rue S\u00e9bastien Gryphe).<\/li>\n<li><strong>\u00e0 partir de 22 h : <\/strong><strong>F\u00eate d\u2019ouverture organis\u00e9e dans le cadre de la Biennale de la Danse. <\/strong>Au Club Bingo avec le collectif lyonnais Maquis Sale. (Anciennes usines Fagor, 65 rue Challemel Lacour).<\/li>\n<\/ul>\n<p><strong><u>Vendredi 8 septembre et samedi 9 septembre<\/u><\/strong><\/p>\n<ul>\n<li><strong>Festival Graines \u00e9lectroniques. <\/strong>vendredi : de 16 h jusqu\u2019\u00e0 23 h &amp; samedi : \u00e0 10 h jusqu\u2019\u00e0 0 h 30. Festival \u00e9co-responsable de musique \u00e9lectronique. Ateliers environnementaux, animations pour la jeunesse, conf\u00e9rences musicales, concert. (Parc Blandan).<\/li>\n<\/ul>\n<hr \/>\n<p><strong><span style=\"background-color: #000000; color: #ffffff;\">Programme d\u2019\u00e9t\u00e9 Cit\u00e9 Jardin &amp; Debourg<\/span><br \/>\n<\/strong><span style=\"font-size: 10pt; color: #0000ff;\"><strong><a style=\"color: #0000ff;\" href=\"https:\/\/mairie7.lyon.fr\/actualite\/loisirs\/cite-jardin-animations-estivales-2023\">https:\/\/mairie7.lyon.fr\/actualite\/loisirs\/cite-jardin-animations-estivales-2023<\/a> <\/strong><\/span><\/p>\n<p><strong><u>Les mardis et vendredis <\/u><\/strong><\/p>\n<ul>\n<li><strong>de 9 h \u00e0 12 h : <\/strong><strong>Jardinons ensemble. <\/strong>(Jardin partag\u00e9 de l\u2019Oasis).<\/li>\n<\/ul>\n<p><strong><u>1er et 8 septembre<\/u><\/strong><\/p>\n<ul>\n<li><strong>17 h 30 \u00e0 18 h 30 : <\/strong><strong>Atelier Fanfare In Situ. <\/strong>Atelier musical anim\u00e9 par la fanfare des pav\u00e9s \/ par l\u2019association ARTIS MBC. (Dans l\u2019ar\u00e8ne).<\/li>\n<\/ul>\n<p><strong><u>7 et 14 septembre<\/u><\/strong><\/p>\n<ul>\n<li><strong>de 20 h \u00e0 0 h : <\/strong><strong>M\u00e9diation Nomade. <\/strong>Lieu neutre et convivial pour parler de soi, de la vie collective et des probl\u00e9matiques rencontr\u00e9es. Organis\u00e9e par MAN Lyon (Mouvement pour une Alternative Non Violente). (Dans l\u2019ar\u00e8ne).<\/li>\n<\/ul>\n<hr \/>\n<p><span style=\"background-color: #000000; color: #ffffff;\">Jusqu\u2019au 18 septembre : <\/span><\/p>\n<p><strong>Collecte d\u2019\u0153ufs de poules dans le cadre du suivi de la pollution aux perfluor\u00e9s (PFAS)<u><br \/>\n<span style=\"color: #0000ff;\"><a style=\"color: #0000ff;\" href=\"https:\/\/mairie7.lyon.fr\/actualite\/sante\/collecte-doeufs-de-poules-dans-le-cadre-du-suivi-de-la-pollution-aux-perfluores\">https:\/\/mairie7.lyon.fr\/actualite\/sante\/collecte-doeufs-de-poules-dans-le-cadre-du-suivi-de-la-pollution-aux-perfluores<\/a> <\/span><\/u><\/strong><\/p>\n<hr \/>\n<p><strong><br \/>\n<\/strong><strong><u>Concertations et enqu\u00eates publiques consultables au service PML de la Mairie du 7<sup>e <\/sup>:<\/u><\/strong><\/p>\n<ul>\n<li><strong>Jusqu\u2019au 19 octobre 2023 <\/strong>: Rapport et conclusions de la commission d\u2019enqu\u00eate concernant le projet d\u2019\u00e9laboration du R\u00e8glement Local de Publicit\u00e9 de la M\u00e9tropole de Lyon.<\/li>\n<li><strong>Jusqu\u2019au 10 janvier 2024 : <\/strong>PV et avis enqu\u00eate parcellaire op\u00e9ration de restauration immobili\u00e8re (ORI) quartiers Moncey\/ Voltaire\/ Guilloti\u00e8re.<\/li>\n<\/ul>\n<hr \/>\n<p><span style=\"background-color: #000000; font-size: 14pt;\"><strong><span style=\"color: #ffffff;\">&gt;&gt; Toute l\u2019ACTU de l\u2019arrondissement sur<\/span> : <\/strong><span style=\"color: #3366ff;\"><a style=\"background-color: #000000; color: #3366ff;\" href=\"https:\/\/mairie7.lyon.fr\" target=\"_blank\" rel=\"noreferrer noopener\"><strong>https:\/\/mairie7.lyon.fr<\/strong><\/a><\/span><\/span><\/p>\n","protected":false},"excerpt":{"rendered":"<p>Nombreuses programmations locales sur l&rsquo;arrondissement durant cette p\u00e9riode de rentr\u00e9e.<\/p>\n","protected":false},"author":4,"featured_media":87412,"comment_status":"open","ping_status":"open","sticky":false,"template":"","format":"standard","meta":{"footnotes":""},"categories":[1625],"tags":[],"class_list":["post-188668","post","type-post","status-publish","format-standard","has-post-thumbnail","hentry","category-lyon"],"yoast_head":"<!-- This site is optimized with the Yoast SEO plugin v27.2 - https:\/\/yoast.com\/product\/yoast-seo-wordpress\/ -->\n<title>LYON 7 | Les prochains \u00e9v\u00e8nements - News Est Lyonnais<\/title>\n<meta name=\"description\" content=\"LYON 7 | Les prochains \u00e9v\u00e8nements\" \/>\n<meta name=\"robots\" content=\"index, follow, max-snippet:-1, max-image-preview:large, max-video-preview:-1\" \/>\n<link rel=\"canonical\" href=\"https:\/\/newsestlyonnais.fr\/site\/2023\/09\/04\/lyon-7-les-prochains-evenements-5\/\" \/>\n<meta property=\"og:locale\" content=\"fr_FR\" \/>\n<meta property=\"og:type\" content=\"article\" \/>\n<meta property=\"og:title\" content=\"LYON 7 | Les prochains \u00e9v\u00e8nements - News Est Lyonnais\" \/>\n<meta property=\"og:description\" content=\"LYON 7 | Les prochains \u00e9v\u00e8nements\" \/>\n<meta property=\"og:url\" content=\"https:\/\/newsestlyonnais.fr\/site\/2023\/09\/04\/lyon-7-les-prochains-evenements-5\/\" \/>\n<meta property=\"og:site_name\" content=\"News Est Lyonnais\" \/>\n<meta property=\"article:author\" content=\"https:\/\/www.facebook.com\/pascal.oberson.1?fref=ts\" \/>\n<meta property=\"article:published_time\" content=\"2023-09-04T17:29:28+00:00\" \/>\n<meta property=\"article:modified_time\" content=\"2023-09-16T05:41:19+00:00\" \/>\n<meta property=\"og:image\" content=\"https:\/\/newsestlyonnais.fr\/site\/wp-content\/uploads\/2019\/10\/NEWSESTLYONNAIS-MAIRIE-LYON7-1.jpg\" \/>\n\t<meta property=\"og:image:width\" content=\"1200\" \/>\n\t<meta property=\"og:image:height\" content=\"800\" \/>\n\t<meta property=\"og:image:type\" content=\"image\/jpeg\" \/>\n<meta name=\"author\" content=\"R\u00e9dac. NEWS\" \/>\n<meta name=\"twitter:card\" content=\"summary_large_image\" \/>\n<meta name=\"twitter:label1\" content=\"\u00c9crit par\" \/>\n\t<meta name=\"twitter:data1\" content=\"R\u00e9dac. NEWS\" \/>\n\t<meta name=\"twitter:label2\" content=\"Dur\u00e9e de lecture estim\u00e9e\" \/>\n\t<meta name=\"twitter:data2\" content=\"3 minutes\" \/>\n<script type=\"application\/ld+json\" class=\"yoast-schema-graph\">{\"@context\":\"https:\/\/schema.org\",\"@graph\":[{\"@type\":\"Article\",\"@id\":\"https:\/\/newsestlyonnais.fr\/site\/2023\/09\/04\/lyon-7-les-prochains-evenements-5\/#article\",\"isPartOf\":{\"@id\":\"https:\/\/newsestlyonnais.fr\/site\/2023\/09\/04\/lyon-7-les-prochains-evenements-5\/\"},\"author\":{\"name\":\"R\u00e9dac. NEWS\",\"@id\":\"https:\/\/newsestlyonnais.fr\/site\/#\/schema\/person\/3230d5615f390bb808365d673001e887\"},\"headline\":\"LYON 7 | Les prochains \u00e9v\u00e8nements\",\"datePublished\":\"2023-09-04T17:29:28+00:00\",\"dateModified\":\"2023-09-16T05:41:19+00:00\",\"mainEntityOfPage\":{\"@id\":\"https:\/\/newsestlyonnais.fr\/site\/2023\/09\/04\/lyon-7-les-prochains-evenements-5\/\"},\"wordCount\":428,\"commentCount\":0,\"publisher\":{\"@id\":\"https:\/\/newsestlyonnais.fr\/site\/#organization\"},\"image\":{\"@id\":\"https:\/\/newsestlyonnais.fr\/site\/2023\/09\/04\/lyon-7-les-prochains-evenements-5\/#primaryimage\"},\"thumbnailUrl\":\"https:\/\/newsestlyonnais.fr\/site\/wp-content\/uploads\/2019\/10\/NEWSESTLYONNAIS-MAIRIE-LYON7-1.jpg\",\"articleSection\":[\"Lyon\"],\"inLanguage\":\"fr-FR\",\"potentialAction\":[{\"@type\":\"CommentAction\",\"name\":\"Comment\",\"target\":[\"https:\/\/newsestlyonnais.fr\/site\/2023\/09\/04\/lyon-7-les-prochains-evenements-5\/#respond\"]}]},{\"@type\":\"WebPage\",\"@id\":\"https:\/\/newsestlyonnais.fr\/site\/2023\/09\/04\/lyon-7-les-prochains-evenements-5\/\",\"url\":\"https:\/\/newsestlyonnais.fr\/site\/2023\/09\/04\/lyon-7-les-prochains-evenements-5\/\",\"name\":\"LYON 7 | Les prochains \u00e9v\u00e8nements - News Est Lyonnais\",\"isPartOf\":{\"@id\":\"https:\/\/newsestlyonnais.fr\/site\/#website\"},\"primaryImageOfPage\":{\"@id\":\"https:\/\/newsestlyonnais.fr\/site\/2023\/09\/04\/lyon-7-les-prochains-evenements-5\/#primaryimage\"},\"image\":{\"@id\":\"https:\/\/newsestlyonnais.fr\/site\/2023\/09\/04\/lyon-7-les-prochains-evenements-5\/#primaryimage\"},\"thumbnailUrl\":\"https:\/\/newsestlyonnais.fr\/site\/wp-content\/uploads\/2019\/10\/NEWSESTLYONNAIS-MAIRIE-LYON7-1.jpg\",\"datePublished\":\"2023-09-04T17:29:28+00:00\",\"dateModified\":\"2023-09-16T05:41:19+00:00\",\"description\":\"LYON 7 | Les prochains \u00e9v\u00e8nements\",\"breadcrumb\":{\"@id\":\"https:\/\/newsestlyonnais.fr\/site\/2023\/09\/04\/lyon-7-les-prochains-evenements-5\/#breadcrumb\"},\"inLanguage\":\"fr-FR\",\"potentialAction\":[{\"@type\":\"ReadAction\",\"target\":[\"https:\/\/newsestlyonnais.fr\/site\/2023\/09\/04\/lyon-7-les-prochains-evenements-5\/\"]}]},{\"@type\":\"ImageObject\",\"inLanguage\":\"fr-FR\",\"@id\":\"https:\/\/newsestlyonnais.fr\/site\/2023\/09\/04\/lyon-7-les-prochains-evenements-5\/#primaryimage\",\"url\":\"https:\/\/newsestlyonnais.fr\/site\/wp-content\/uploads\/2019\/10\/NEWSESTLYONNAIS-MAIRIE-LYON7-1.jpg\",\"contentUrl\":\"https:\/\/newsestlyonnais.fr\/site\/wp-content\/uploads\/2019\/10\/NEWSESTLYONNAIS-MAIRIE-LYON7-1.jpg\",\"width\":1200,\"height\":800},{\"@type\":\"BreadcrumbList\",\"@id\":\"https:\/\/newsestlyonnais.fr\/site\/2023\/09\/04\/lyon-7-les-prochains-evenements-5\/#breadcrumb\",\"itemListElement\":[{\"@type\":\"ListItem\",\"position\":1,\"name\":\"Accueil\",\"item\":\"https:\/\/newsestlyonnais.fr\/site\/\"},{\"@type\":\"ListItem\",\"position\":2,\"name\":\"LYON 7 | Les prochains \u00e9v\u00e8nements\"}]},{\"@type\":\"WebSite\",\"@id\":\"https:\/\/newsestlyonnais.fr\/site\/#website\",\"url\":\"https:\/\/newsestlyonnais.fr\/site\/\",\"name\":\"News Est Lyonnais\",\"description\":\"L&#039;actualit\u00e9 au plus pr\u00e8s\",\"publisher\":{\"@id\":\"https:\/\/newsestlyonnais.fr\/site\/#organization\"},\"potentialAction\":[{\"@type\":\"SearchAction\",\"target\":{\"@type\":\"EntryPoint\",\"urlTemplate\":\"https:\/\/newsestlyonnais.fr\/site\/?s={search_term_string}\"},\"query-input\":{\"@type\":\"PropertyValueSpecification\",\"valueRequired\":true,\"valueName\":\"search_term_string\"}}],\"inLanguage\":\"fr-FR\"},{\"@type\":\"Organization\",\"@id\":\"https:\/\/newsestlyonnais.fr\/site\/#organization\",\"name\":\"News EST LYONNAIS\",\"url\":\"https:\/\/newsestlyonnais.fr\/site\/\",\"logo\":{\"@type\":\"ImageObject\",\"inLanguage\":\"fr-FR\",\"@id\":\"https:\/\/newsestlyonnais.fr\/site\/#\/schema\/logo\/image\/\",\"url\":\"\",\"contentUrl\":\"\",\"caption\":\"News EST LYONNAIS\"},\"image\":{\"@id\":\"https:\/\/newsestlyonnais.fr\/site\/#\/schema\/logo\/image\/\"}},{\"@type\":\"Person\",\"@id\":\"https:\/\/newsestlyonnais.fr\/site\/#\/schema\/person\/3230d5615f390bb808365d673001e887\",\"name\":\"R\u00e9dac. NEWS\",\"sameAs\":[\"http:\/\/www.newsestlyonnais.fr\",\"https:\/\/www.facebook.com\/pascal.oberson.1?fref=ts\",\"https:\/\/fr.linkedin.com\/in\/pascal-oberson-b17045113\"],\"url\":\"https:\/\/newsestlyonnais.fr\/site\/author\/nel\/\"}]}<\/script>\n<!-- \/ Yoast SEO plugin. -->","yoast_head_json":{"title":"LYON 7 | Les prochains \u00e9v\u00e8nements - News Est Lyonnais","description":"LYON 7 | Les prochains \u00e9v\u00e8nements","robots":{"index":"index","follow":"follow","max-snippet":"max-snippet:-1","max-image-preview":"max-image-preview:large","max-video-preview":"max-video-preview:-1"},"canonical":"https:\/\/newsestlyonnais.fr\/site\/2023\/09\/04\/lyon-7-les-prochains-evenements-5\/","og_locale":"fr_FR","og_type":"article","og_title":"LYON 7 | Les prochains \u00e9v\u00e8nements - News Est Lyonnais","og_description":"LYON 7 | Les prochains \u00e9v\u00e8nements","og_url":"https:\/\/newsestlyonnais.fr\/site\/2023\/09\/04\/lyon-7-les-prochains-evenements-5\/","og_site_name":"News Est Lyonnais","article_author":"https:\/\/www.facebook.com\/pascal.oberson.1?fref=ts","article_published_time":"2023-09-04T17:29:28+00:00","article_modified_time":"2023-09-16T05:41:19+00:00","og_image":[{"width":1200,"height":800,"url":"https:\/\/newsestlyonnais.fr\/site\/wp-content\/uploads\/2019\/10\/NEWSESTLYONNAIS-MAIRIE-LYON7-1.jpg","type":"image\/jpeg"}],"author":"R\u00e9dac. NEWS","twitter_card":"summary_large_image","twitter_misc":{"\u00c9crit par":"R\u00e9dac. NEWS","Dur\u00e9e de lecture estim\u00e9e":"3 minutes"},"schema":{"@context":"https:\/\/schema.org","@graph":[{"@type":"Article","@id":"https:\/\/newsestlyonnais.fr\/site\/2023\/09\/04\/lyon-7-les-prochains-evenements-5\/#article","isPartOf":{"@id":"https:\/\/newsestlyonnais.fr\/site\/2023\/09\/04\/lyon-7-les-prochains-evenements-5\/"},"author":{"name":"R\u00e9dac. NEWS","@id":"https:\/\/newsestlyonnais.fr\/site\/#\/schema\/person\/3230d5615f390bb808365d673001e887"},"headline":"LYON 7 | Les prochains \u00e9v\u00e8nements","datePublished":"2023-09-04T17:29:28+00:00","dateModified":"2023-09-16T05:41:19+00:00","mainEntityOfPage":{"@id":"https:\/\/newsestlyonnais.fr\/site\/2023\/09\/04\/lyon-7-les-prochains-evenements-5\/"},"wordCount":428,"commentCount":0,"publisher":{"@id":"https:\/\/newsestlyonnais.fr\/site\/#organization"},"image":{"@id":"https:\/\/newsestlyonnais.fr\/site\/2023\/09\/04\/lyon-7-les-prochains-evenements-5\/#primaryimage"},"thumbnailUrl":"https:\/\/newsestlyonnais.fr\/site\/wp-content\/uploads\/2019\/10\/NEWSESTLYONNAIS-MAIRIE-LYON7-1.jpg","articleSection":["Lyon"],"inLanguage":"fr-FR","potentialAction":[{"@type":"CommentAction","name":"Comment","target":["https:\/\/newsestlyonnais.fr\/site\/2023\/09\/04\/lyon-7-les-prochains-evenements-5\/#respond"]}]},{"@type":"WebPage","@id":"https:\/\/newsestlyonnais.fr\/site\/2023\/09\/04\/lyon-7-les-prochains-evenements-5\/","url":"https:\/\/newsestlyonnais.fr\/site\/2023\/09\/04\/lyon-7-les-prochains-evenements-5\/","name":"LYON 7 | Les prochains \u00e9v\u00e8nements - News Est Lyonnais","isPartOf":{"@id":"https:\/\/newsestlyonnais.fr\/site\/#website"},"primaryImageOfPage":{"@id":"https:\/\/newsestlyonnais.fr\/site\/2023\/09\/04\/lyon-7-les-prochains-evenements-5\/#primaryimage"},"image":{"@id":"https:\/\/newsestlyonnais.fr\/site\/2023\/09\/04\/lyon-7-les-prochains-evenements-5\/#primaryimage"},"thumbnailUrl":"https:\/\/newsestlyonnais.fr\/site\/wp-content\/uploads\/2019\/10\/NEWSESTLYONNAIS-MAIRIE-LYON7-1.jpg","datePublished":"2023-09-04T17:29:28+00:00","dateModified":"2023-09-16T05:41:19+00:00","description":"LYON 7 | Les prochains \u00e9v\u00e8nements","breadcrumb":{"@id":"https:\/\/newsestlyonnais.fr\/site\/2023\/09\/04\/lyon-7-les-prochains-evenements-5\/#breadcrumb"},"inLanguage":"fr-FR","potentialAction":[{"@type":"ReadAction","target":["https:\/\/newsestlyonnais.fr\/site\/2023\/09\/04\/lyon-7-les-prochains-evenements-5\/"]}]},{"@type":"ImageObject","inLanguage":"fr-FR","@id":"https:\/\/newsestlyonnais.fr\/site\/2023\/09\/04\/lyon-7-les-prochains-evenements-5\/#primaryimage","url":"https:\/\/newsestlyonnais.fr\/site\/wp-content\/uploads\/2019\/10\/NEWSESTLYONNAIS-MAIRIE-LYON7-1.jpg","contentUrl":"https:\/\/newsestlyonnais.fr\/site\/wp-content\/uploads\/2019\/10\/NEWSESTLYONNAIS-MAIRIE-LYON7-1.jpg","width":1200,"height":800},{"@type":"BreadcrumbList","@id":"https:\/\/newsestlyonnais.fr\/site\/2023\/09\/04\/lyon-7-les-prochains-evenements-5\/#breadcrumb","itemListElement":[{"@type":"ListItem","position":1,"name":"Accueil","item":"https:\/\/newsestlyonnais.fr\/site\/"},{"@type":"ListItem","position":2,"name":"LYON 7 | Les prochains \u00e9v\u00e8nements"}]},{"@type":"WebSite","@id":"https:\/\/newsestlyonnais.fr\/site\/#website","url":"https:\/\/newsestlyonnais.fr\/site\/","name":"News Est Lyonnais","description":"L&#039;actualit\u00e9 au plus pr\u00e8s","publisher":{"@id":"https:\/\/newsestlyonnais.fr\/site\/#organization"},"potentialAction":[{"@type":"SearchAction","target":{"@type":"EntryPoint","urlTemplate":"https:\/\/newsestlyonnais.fr\/site\/?s={search_term_string}"},"query-input":{"@type":"PropertyValueSpecification","valueRequired":true,"valueName":"search_term_string"}}],"inLanguage":"fr-FR"},{"@type":"Organization","@id":"https:\/\/newsestlyonnais.fr\/site\/#organization","name":"News EST LYONNAIS","url":"https:\/\/newsestlyonnais.fr\/site\/","logo":{"@type":"ImageObject","inLanguage":"fr-FR","@id":"https:\/\/newsestlyonnais.fr\/site\/#\/schema\/logo\/image\/","url":"","contentUrl":"","caption":"News EST LYONNAIS"},"image":{"@id":"https:\/\/newsestlyonnais.fr\/site\/#\/schema\/logo\/image\/"}},{"@type":"Person","@id":"https:\/\/newsestlyonnais.fr\/site\/#\/schema\/person\/3230d5615f390bb808365d673001e887","name":"R\u00e9dac. NEWS","sameAs":["http:\/\/www.newsestlyonnais.fr","https:\/\/www.facebook.com\/pascal.oberson.1?fref=ts","https:\/\/fr.linkedin.com\/in\/pascal-oberson-b17045113"],"url":"https:\/\/newsestlyonnais.fr\/site\/author\/nel\/"}]}},"_links":{"self":[{"href":"https:\/\/newsestlyonnais.fr\/site\/wp-json\/wp\/v2\/posts\/188668","targetHints":{"allow":["GET"]}}],"collection":[{"href":"https:\/\/newsestlyonnais.fr\/site\/wp-json\/wp\/v2\/posts"}],"about":[{"href":"https:\/\/newsestlyonnais.fr\/site\/wp-json\/wp\/v2\/types\/post"}],"author":[{"embeddable":true,"href":"https:\/\/newsestlyonnais.fr\/site\/wp-json\/wp\/v2\/users\/4"}],"replies":[{"embeddable":true,"href":"https:\/\/newsestlyonnais.fr\/site\/wp-json\/wp\/v2\/comments?post=188668"}],"version-history":[{"count":0,"href":"https:\/\/newsestlyonnais.fr\/site\/wp-json\/wp\/v2\/posts\/188668\/revisions"}],"wp:featuredmedia":[{"embeddable":true,"href":"https:\/\/newsestlyonnais.fr\/site\/wp-json\/wp\/v2\/media\/87412"}],"wp:attachment":[{"href":"https:\/\/newsestlyonnais.fr\/site\/wp-json\/wp\/v2\/media?parent=188668"}],"wp:term":[{"taxonomy":"category","embeddable":true,"href":"https:\/\/newsestlyonnais.fr\/site\/wp-json\/wp\/v2\/categories?post=188668"},{"taxonomy":"post_tag","embeddable":true,"href":"https:\/\/newsestlyonnais.fr\/site\/wp-json\/wp\/v2\/tags?post=188668"}],"curies":[{"name":"wp","href":"https:\/\/api.w.org\/{rel}","templated":true}]}}