{"id":188684,"date":"2023-09-05T14:05:40","date_gmt":"2023-09-05T13:05:40","guid":{"rendered":"https:\/\/newsestlyonnais.fr\/site\/?p=188684"},"modified":"2023-09-16T13:31:10","modified_gmt":"2023-09-16T12:31:10","slug":"saint-priest-les-evenements-a-mi-septembre-2","status":"publish","type":"post","link":"https:\/\/newsestlyonnais.fr\/site\/2023\/09\/05\/saint-priest-les-evenements-a-mi-septembre-2\/","title":{"rendered":"SAINT-PRIEST | Les \u00e9v\u00e8nements \u00e0 mi-septembre"},"content":{"rendered":"<p><span style=\"background-color: #000000; color: #ffffff;\"><strong>Jusqu&rsquo;au 25 septembre <\/strong><\/span><\/p>\n<ul>\n<li><strong>Expo Peinture<\/strong> : Entre dimensions, couleurs et rythmes, expo de peintures \u00e0 l&rsquo;huile et acryliques de Escalona Reinaldo. Vernissage le 15 septembre \u00e0 18 h 30. (MJC Jean Cocteau).<\/li>\n<\/ul>\n<p><span style=\"background-color: #000000; color: #ffffff;\"><strong>Jusqu&rsquo;au 1\u00b0 octobre<\/strong><\/span><\/p>\n<ul>\n<li><strong>Grand Prix de Tennis de Saint-Priest<\/strong> \/ par le TCSP. (Cours de Tennis Roland-Garros).<\/li>\n<\/ul>\n<p><span style=\"background-color: #000000; color: #ffffff;\"><strong>Du 5 au 30 septembre<\/strong><\/span><\/p>\n<ul>\n<li><strong>Exposition 1 mois, 1 \u0153uvre Artoth\u00e8que<\/strong> : Ce mois-ci, le mouvement est \u00e0 l\u2019honneur avec les 2 grands \u00e9v\u00e8nements culturels que sont les Journ\u00e9es Europ\u00e9ennes du Patrimoine (avec pour th\u00e8mes \u00ab Patrimoine vivant \u00bb et \u00ab Patrimoine du sport \u00bb) et la Biennale de la danse.<\/li>\n<\/ul>\n<hr \/>\n<p><strong><span style=\"background-color: #000000; color: #ffffff;\">Mercredi 6 septembre<\/span><\/strong><\/p>\n<ul>\n<li>12 h &#8211; 12 h 30 : <strong>Rencontre avec Jonnhy Wilkinson<\/strong>. S\u00e9ance de d\u00e9dicace de l&rsquo;ancien joueur international anglais de rugby \u00e0 XV. (Centre commercial Auchan, porte des Alpes).<\/li>\n<\/ul>\n<p><strong><span style=\"background-color: #000000; color: #ffffff;\">Vendredi 8 Septembre <\/span><\/strong><\/p>\n<ul>\n<li>17 h 50 : <strong>Lib\u00e9ration de Saint-Priest<\/strong>. C\u00e9r\u00e9monies comm\u00e9moratives. (Gare de Saint-Priest, Place Bruno Polga puis Ch\u00e2teau).<\/li>\n<li>18 h 30 : <strong>AG CPNG<\/strong> (CPNG)<\/li>\n<li>19 h : <strong>AG ASPTT Lyon section Subaquatique<\/strong> (MQ Revaison).<\/li>\n<\/ul>\n<p><strong><span style=\"background-color: #000000; color: #ffffff;\">Samedi 9 Septembre<\/span><\/strong><\/p>\n<ul>\n<li>14 h &#8211; 17 h 30 : <strong>Event Miss Rh\u00f4ne.<\/strong> S\u00e9ance de D\u00e9dicace de Miss Rh\u00f4ne avec ses 2 dauphines. (Centre commercial Auchan Porte des Alpes).<\/li>\n<li>18 h 45 : <strong>Handball : St Priest Handball \/ ALC Longvic<\/strong> (Gymnase Condorcet).<\/li>\n<li>20 h : <strong>Basket : AL St Priest \/ AL L\u00e9donienne Jura<\/strong>. (Gymnase L\u00e9on Perrier).<\/li>\n<\/ul>\n<p><span style=\"background-color: #000000; color: #ffffff;\"><strong>Dimanche 10 septembre<\/strong><\/span><\/p>\n<ul>\n<li>de 9 h \u00e0 18 h : <strong>Carrefour des associations<\/strong>. Faire d\u00e9couvrir les diff\u00e9rentes associations locales. (Parc du Ch\u00e2teau ou Salle Mosaique en fonction du temps).<\/li>\n<\/ul>\n<p><span style=\"color: #ffffff;\"><strong><span style=\"background-color: #000000;\">Mercredi 13 Septembre<\/span> <\/strong><\/span><\/p>\n<ul>\n<li>de 10 h \u00e0 14 h : <strong>Bergerie Urbaine<\/strong>. P\u00e2turage itin\u00e9rant avec moutons et brebis. (Secteur Bellevue).<\/li>\n<\/ul>\n<p><strong><span style=\"background-color: #000000; color: #ffffff;\">Jeudi 14 septembre<\/span><\/strong><\/p>\n<ul>\n<li>18 h \u00e0 22 h : <strong>Inauguration officielle du TTA<\/strong>, ouverte au grand public : Spectacle musique du monde \u00e0 18 h 30 et 20 h avec Joseph Pariaud et Criollando, et concert de Tram des Balkans, Kobiz, \u00e0 19h. (TTA).<\/li>\n<\/ul>\n<hr \/>\n<p><strong><span style=\"background-color: #000000; color: #ffffff;\">Du 15 au 19 septembre<\/span><\/strong><\/p>\n<ul>\n<li>Toute la journ\u00e9e : <strong>Portes ouvertes au TTA.<\/strong> Visites du batiment r\u00e9nov\u00e9, spectacles et animations artistiques. (TTA).<\/li>\n<\/ul>\n<p><strong><span style=\"background-color: #000000; color: #ffffff;\">Du 15 septembre au 7 octobre<\/span><\/strong><\/p>\n<ul>\n<li><strong>Exposition photos<\/strong> : Saint-Priest dans l&rsquo;\u0153il de Marcel Vernay. (M\u00e9diath\u00e8que).<\/li>\n<\/ul>\n<hr \/>\n<p><span style=\"background-color: #000000;\"><em><strong><span style=\"color: #ffffff;\">&gt;&gt; L\u2019ACTU de la commune : <\/span><a style=\"background-color: #000000;\" href=\"http:\/\/www.ville-saint-priest.fr\/accueil.547.0.html\" target=\"_blank\" rel=\"noreferrer noopener\"><span style=\"color: #ffcc00;\">http:\/\/www.ville-saint-priest.fr<\/span><\/a><\/strong><\/em><\/span><\/p>\n","protected":false},"excerpt":{"rendered":"<p>Nombreuses sont les programmations locales en cette p\u00e9riode de rentr\u00e9e.<\/p>\n","protected":false},"author":4,"featured_media":95577,"comment_status":"open","ping_status":"open","sticky":false,"template":"","format":"standard","meta":{"footnotes":""},"categories":[1296],"tags":[1991,2120,2039],"class_list":["post-188684","post","type-post","status-publish","format-standard","has-post-thumbnail","hentry","category-sain-priest","tag-agenda","tag-evenements","tag-saint-priest"],"yoast_head":"<!-- This site is optimized with the Yoast SEO plugin v27.2 - https:\/\/yoast.com\/product\/yoast-seo-wordpress\/ -->\n<title>SAINT-PRIEST | Les \u00e9v\u00e8nements \u00e0 mi-septembre - News Est Lyonnais<\/title>\n<meta name=\"description\" content=\"SAINT-PRIEST | Les \u00e9v\u00e8nements \u00e0 mi-septembre\" \/>\n<meta name=\"robots\" content=\"index, follow, max-snippet:-1, max-image-preview:large, max-video-preview:-1\" \/>\n<link rel=\"canonical\" href=\"https:\/\/newsestlyonnais.fr\/site\/2023\/09\/05\/saint-priest-les-evenements-a-mi-septembre-2\/\" \/>\n<meta property=\"og:locale\" content=\"fr_FR\" \/>\n<meta property=\"og:type\" content=\"article\" \/>\n<meta property=\"og:title\" content=\"SAINT-PRIEST | Les \u00e9v\u00e8nements \u00e0 mi-septembre - News Est Lyonnais\" \/>\n<meta property=\"og:description\" content=\"SAINT-PRIEST | Les \u00e9v\u00e8nements \u00e0 mi-septembre\" \/>\n<meta property=\"og:url\" content=\"https:\/\/newsestlyonnais.fr\/site\/2023\/09\/05\/saint-priest-les-evenements-a-mi-septembre-2\/\" \/>\n<meta property=\"og:site_name\" content=\"News Est Lyonnais\" \/>\n<meta property=\"article:author\" content=\"https:\/\/www.facebook.com\/pascal.oberson.1?fref=ts\" \/>\n<meta property=\"article:published_time\" content=\"2023-09-05T13:05:40+00:00\" \/>\n<meta property=\"article:modified_time\" content=\"2023-09-16T12:31:10+00:00\" \/>\n<meta property=\"og:image\" content=\"https:\/\/newsestlyonnais.fr\/site\/wp-content\/uploads\/2020\/02\/NEWSESTLYONNAIS-ST-PRIEST01.jpg\" \/>\n\t<meta property=\"og:image:width\" content=\"1200\" \/>\n\t<meta property=\"og:image:height\" content=\"800\" \/>\n\t<meta property=\"og:image:type\" content=\"image\/jpeg\" \/>\n<meta name=\"author\" content=\"R\u00e9dac. NEWS\" \/>\n<meta name=\"twitter:card\" content=\"summary_large_image\" \/>\n<meta name=\"twitter:label1\" content=\"\u00c9crit par\" \/>\n\t<meta name=\"twitter:data1\" content=\"R\u00e9dac. NEWS\" \/>\n\t<meta name=\"twitter:label2\" content=\"Dur\u00e9e de lecture estim\u00e9e\" \/>\n\t<meta name=\"twitter:data2\" content=\"2 minutes\" \/>\n<script type=\"application\/ld+json\" class=\"yoast-schema-graph\">{\"@context\":\"https:\/\/schema.org\",\"@graph\":[{\"@type\":\"Article\",\"@id\":\"https:\/\/newsestlyonnais.fr\/site\/2023\/09\/05\/saint-priest-les-evenements-a-mi-septembre-2\/#article\",\"isPartOf\":{\"@id\":\"https:\/\/newsestlyonnais.fr\/site\/2023\/09\/05\/saint-priest-les-evenements-a-mi-septembre-2\/\"},\"author\":{\"name\":\"R\u00e9dac. NEWS\",\"@id\":\"https:\/\/newsestlyonnais.fr\/site\/#\/schema\/person\/3230d5615f390bb808365d673001e887\"},\"headline\":\"SAINT-PRIEST | Les \u00e9v\u00e8nements \u00e0 mi-septembre\",\"datePublished\":\"2023-09-05T13:05:40+00:00\",\"dateModified\":\"2023-09-16T12:31:10+00:00\",\"mainEntityOfPage\":{\"@id\":\"https:\/\/newsestlyonnais.fr\/site\/2023\/09\/05\/saint-priest-les-evenements-a-mi-septembre-2\/\"},\"wordCount\":330,\"commentCount\":0,\"publisher\":{\"@id\":\"https:\/\/newsestlyonnais.fr\/site\/#organization\"},\"image\":{\"@id\":\"https:\/\/newsestlyonnais.fr\/site\/2023\/09\/05\/saint-priest-les-evenements-a-mi-septembre-2\/#primaryimage\"},\"thumbnailUrl\":\"https:\/\/newsestlyonnais.fr\/site\/wp-content\/uploads\/2020\/02\/NEWSESTLYONNAIS-ST-PRIEST01.jpg\",\"keywords\":[\"AGENDA\",\"EVENEMENTS\",\"SAINT PRIEST\"],\"articleSection\":[\"Saint-Priest\"],\"inLanguage\":\"fr-FR\",\"potentialAction\":[{\"@type\":\"CommentAction\",\"name\":\"Comment\",\"target\":[\"https:\/\/newsestlyonnais.fr\/site\/2023\/09\/05\/saint-priest-les-evenements-a-mi-septembre-2\/#respond\"]}]},{\"@type\":\"WebPage\",\"@id\":\"https:\/\/newsestlyonnais.fr\/site\/2023\/09\/05\/saint-priest-les-evenements-a-mi-septembre-2\/\",\"url\":\"https:\/\/newsestlyonnais.fr\/site\/2023\/09\/05\/saint-priest-les-evenements-a-mi-septembre-2\/\",\"name\":\"SAINT-PRIEST | Les \u00e9v\u00e8nements \u00e0 mi-septembre - News Est Lyonnais\",\"isPartOf\":{\"@id\":\"https:\/\/newsestlyonnais.fr\/site\/#website\"},\"primaryImageOfPage\":{\"@id\":\"https:\/\/newsestlyonnais.fr\/site\/2023\/09\/05\/saint-priest-les-evenements-a-mi-septembre-2\/#primaryimage\"},\"image\":{\"@id\":\"https:\/\/newsestlyonnais.fr\/site\/2023\/09\/05\/saint-priest-les-evenements-a-mi-septembre-2\/#primaryimage\"},\"thumbnailUrl\":\"https:\/\/newsestlyonnais.fr\/site\/wp-content\/uploads\/2020\/02\/NEWSESTLYONNAIS-ST-PRIEST01.jpg\",\"datePublished\":\"2023-09-05T13:05:40+00:00\",\"dateModified\":\"2023-09-16T12:31:10+00:00\",\"description\":\"SAINT-PRIEST | Les \u00e9v\u00e8nements \u00e0 mi-septembre\",\"breadcrumb\":{\"@id\":\"https:\/\/newsestlyonnais.fr\/site\/2023\/09\/05\/saint-priest-les-evenements-a-mi-septembre-2\/#breadcrumb\"},\"inLanguage\":\"fr-FR\",\"potentialAction\":[{\"@type\":\"ReadAction\",\"target\":[\"https:\/\/newsestlyonnais.fr\/site\/2023\/09\/05\/saint-priest-les-evenements-a-mi-septembre-2\/\"]}]},{\"@type\":\"ImageObject\",\"inLanguage\":\"fr-FR\",\"@id\":\"https:\/\/newsestlyonnais.fr\/site\/2023\/09\/05\/saint-priest-les-evenements-a-mi-septembre-2\/#primaryimage\",\"url\":\"https:\/\/newsestlyonnais.fr\/site\/wp-content\/uploads\/2020\/02\/NEWSESTLYONNAIS-ST-PRIEST01.jpg\",\"contentUrl\":\"https:\/\/newsestlyonnais.fr\/site\/wp-content\/uploads\/2020\/02\/NEWSESTLYONNAIS-ST-PRIEST01.jpg\",\"width\":1200,\"height\":800},{\"@type\":\"BreadcrumbList\",\"@id\":\"https:\/\/newsestlyonnais.fr\/site\/2023\/09\/05\/saint-priest-les-evenements-a-mi-septembre-2\/#breadcrumb\",\"itemListElement\":[{\"@type\":\"ListItem\",\"position\":1,\"name\":\"Accueil\",\"item\":\"https:\/\/newsestlyonnais.fr\/site\/\"},{\"@type\":\"ListItem\",\"position\":2,\"name\":\"SAINT-PRIEST | Les \u00e9v\u00e8nements \u00e0 mi-septembre\"}]},{\"@type\":\"WebSite\",\"@id\":\"https:\/\/newsestlyonnais.fr\/site\/#website\",\"url\":\"https:\/\/newsestlyonnais.fr\/site\/\",\"name\":\"News Est Lyonnais\",\"description\":\"L&#039;actualit\u00e9 au plus pr\u00e8s\",\"publisher\":{\"@id\":\"https:\/\/newsestlyonnais.fr\/site\/#organization\"},\"potentialAction\":[{\"@type\":\"SearchAction\",\"target\":{\"@type\":\"EntryPoint\",\"urlTemplate\":\"https:\/\/newsestlyonnais.fr\/site\/?s={search_term_string}\"},\"query-input\":{\"@type\":\"PropertyValueSpecification\",\"valueRequired\":true,\"valueName\":\"search_term_string\"}}],\"inLanguage\":\"fr-FR\"},{\"@type\":\"Organization\",\"@id\":\"https:\/\/newsestlyonnais.fr\/site\/#organization\",\"name\":\"News EST LYONNAIS\",\"url\":\"https:\/\/newsestlyonnais.fr\/site\/\",\"logo\":{\"@type\":\"ImageObject\",\"inLanguage\":\"fr-FR\",\"@id\":\"https:\/\/newsestlyonnais.fr\/site\/#\/schema\/logo\/image\/\",\"url\":\"\",\"contentUrl\":\"\",\"caption\":\"News EST LYONNAIS\"},\"image\":{\"@id\":\"https:\/\/newsestlyonnais.fr\/site\/#\/schema\/logo\/image\/\"}},{\"@type\":\"Person\",\"@id\":\"https:\/\/newsestlyonnais.fr\/site\/#\/schema\/person\/3230d5615f390bb808365d673001e887\",\"name\":\"R\u00e9dac. NEWS\",\"sameAs\":[\"http:\/\/www.newsestlyonnais.fr\",\"https:\/\/www.facebook.com\/pascal.oberson.1?fref=ts\",\"https:\/\/fr.linkedin.com\/in\/pascal-oberson-b17045113\"],\"url\":\"https:\/\/newsestlyonnais.fr\/site\/author\/nel\/\"}]}<\/script>\n<!-- \/ Yoast SEO plugin. -->","yoast_head_json":{"title":"SAINT-PRIEST | Les \u00e9v\u00e8nements \u00e0 mi-septembre - News Est Lyonnais","description":"SAINT-PRIEST | Les \u00e9v\u00e8nements \u00e0 mi-septembre","robots":{"index":"index","follow":"follow","max-snippet":"max-snippet:-1","max-image-preview":"max-image-preview:large","max-video-preview":"max-video-preview:-1"},"canonical":"https:\/\/newsestlyonnais.fr\/site\/2023\/09\/05\/saint-priest-les-evenements-a-mi-septembre-2\/","og_locale":"fr_FR","og_type":"article","og_title":"SAINT-PRIEST | Les \u00e9v\u00e8nements \u00e0 mi-septembre - News Est Lyonnais","og_description":"SAINT-PRIEST | Les \u00e9v\u00e8nements \u00e0 mi-septembre","og_url":"https:\/\/newsestlyonnais.fr\/site\/2023\/09\/05\/saint-priest-les-evenements-a-mi-septembre-2\/","og_site_name":"News Est Lyonnais","article_author":"https:\/\/www.facebook.com\/pascal.oberson.1?fref=ts","article_published_time":"2023-09-05T13:05:40+00:00","article_modified_time":"2023-09-16T12:31:10+00:00","og_image":[{"width":1200,"height":800,"url":"https:\/\/newsestlyonnais.fr\/site\/wp-content\/uploads\/2020\/02\/NEWSESTLYONNAIS-ST-PRIEST01.jpg","type":"image\/jpeg"}],"author":"R\u00e9dac. NEWS","twitter_card":"summary_large_image","twitter_misc":{"\u00c9crit par":"R\u00e9dac. NEWS","Dur\u00e9e de lecture estim\u00e9e":"2 minutes"},"schema":{"@context":"https:\/\/schema.org","@graph":[{"@type":"Article","@id":"https:\/\/newsestlyonnais.fr\/site\/2023\/09\/05\/saint-priest-les-evenements-a-mi-septembre-2\/#article","isPartOf":{"@id":"https:\/\/newsestlyonnais.fr\/site\/2023\/09\/05\/saint-priest-les-evenements-a-mi-septembre-2\/"},"author":{"name":"R\u00e9dac. NEWS","@id":"https:\/\/newsestlyonnais.fr\/site\/#\/schema\/person\/3230d5615f390bb808365d673001e887"},"headline":"SAINT-PRIEST | Les \u00e9v\u00e8nements \u00e0 mi-septembre","datePublished":"2023-09-05T13:05:40+00:00","dateModified":"2023-09-16T12:31:10+00:00","mainEntityOfPage":{"@id":"https:\/\/newsestlyonnais.fr\/site\/2023\/09\/05\/saint-priest-les-evenements-a-mi-septembre-2\/"},"wordCount":330,"commentCount":0,"publisher":{"@id":"https:\/\/newsestlyonnais.fr\/site\/#organization"},"image":{"@id":"https:\/\/newsestlyonnais.fr\/site\/2023\/09\/05\/saint-priest-les-evenements-a-mi-septembre-2\/#primaryimage"},"thumbnailUrl":"https:\/\/newsestlyonnais.fr\/site\/wp-content\/uploads\/2020\/02\/NEWSESTLYONNAIS-ST-PRIEST01.jpg","keywords":["AGENDA","EVENEMENTS","SAINT PRIEST"],"articleSection":["Saint-Priest"],"inLanguage":"fr-FR","potentialAction":[{"@type":"CommentAction","name":"Comment","target":["https:\/\/newsestlyonnais.fr\/site\/2023\/09\/05\/saint-priest-les-evenements-a-mi-septembre-2\/#respond"]}]},{"@type":"WebPage","@id":"https:\/\/newsestlyonnais.fr\/site\/2023\/09\/05\/saint-priest-les-evenements-a-mi-septembre-2\/","url":"https:\/\/newsestlyonnais.fr\/site\/2023\/09\/05\/saint-priest-les-evenements-a-mi-septembre-2\/","name":"SAINT-PRIEST | Les \u00e9v\u00e8nements \u00e0 mi-septembre - News Est Lyonnais","isPartOf":{"@id":"https:\/\/newsestlyonnais.fr\/site\/#website"},"primaryImageOfPage":{"@id":"https:\/\/newsestlyonnais.fr\/site\/2023\/09\/05\/saint-priest-les-evenements-a-mi-septembre-2\/#primaryimage"},"image":{"@id":"https:\/\/newsestlyonnais.fr\/site\/2023\/09\/05\/saint-priest-les-evenements-a-mi-septembre-2\/#primaryimage"},"thumbnailUrl":"https:\/\/newsestlyonnais.fr\/site\/wp-content\/uploads\/2020\/02\/NEWSESTLYONNAIS-ST-PRIEST01.jpg","datePublished":"2023-09-05T13:05:40+00:00","dateModified":"2023-09-16T12:31:10+00:00","description":"SAINT-PRIEST | Les \u00e9v\u00e8nements \u00e0 mi-septembre","breadcrumb":{"@id":"https:\/\/newsestlyonnais.fr\/site\/2023\/09\/05\/saint-priest-les-evenements-a-mi-septembre-2\/#breadcrumb"},"inLanguage":"fr-FR","potentialAction":[{"@type":"ReadAction","target":["https:\/\/newsestlyonnais.fr\/site\/2023\/09\/05\/saint-priest-les-evenements-a-mi-septembre-2\/"]}]},{"@type":"ImageObject","inLanguage":"fr-FR","@id":"https:\/\/newsestlyonnais.fr\/site\/2023\/09\/05\/saint-priest-les-evenements-a-mi-septembre-2\/#primaryimage","url":"https:\/\/newsestlyonnais.fr\/site\/wp-content\/uploads\/2020\/02\/NEWSESTLYONNAIS-ST-PRIEST01.jpg","contentUrl":"https:\/\/newsestlyonnais.fr\/site\/wp-content\/uploads\/2020\/02\/NEWSESTLYONNAIS-ST-PRIEST01.jpg","width":1200,"height":800},{"@type":"BreadcrumbList","@id":"https:\/\/newsestlyonnais.fr\/site\/2023\/09\/05\/saint-priest-les-evenements-a-mi-septembre-2\/#breadcrumb","itemListElement":[{"@type":"ListItem","position":1,"name":"Accueil","item":"https:\/\/newsestlyonnais.fr\/site\/"},{"@type":"ListItem","position":2,"name":"SAINT-PRIEST | Les \u00e9v\u00e8nements \u00e0 mi-septembre"}]},{"@type":"WebSite","@id":"https:\/\/newsestlyonnais.fr\/site\/#website","url":"https:\/\/newsestlyonnais.fr\/site\/","name":"News Est Lyonnais","description":"L&#039;actualit\u00e9 au plus pr\u00e8s","publisher":{"@id":"https:\/\/newsestlyonnais.fr\/site\/#organization"},"potentialAction":[{"@type":"SearchAction","target":{"@type":"EntryPoint","urlTemplate":"https:\/\/newsestlyonnais.fr\/site\/?s={search_term_string}"},"query-input":{"@type":"PropertyValueSpecification","valueRequired":true,"valueName":"search_term_string"}}],"inLanguage":"fr-FR"},{"@type":"Organization","@id":"https:\/\/newsestlyonnais.fr\/site\/#organization","name":"News EST LYONNAIS","url":"https:\/\/newsestlyonnais.fr\/site\/","logo":{"@type":"ImageObject","inLanguage":"fr-FR","@id":"https:\/\/newsestlyonnais.fr\/site\/#\/schema\/logo\/image\/","url":"","contentUrl":"","caption":"News EST LYONNAIS"},"image":{"@id":"https:\/\/newsestlyonnais.fr\/site\/#\/schema\/logo\/image\/"}},{"@type":"Person","@id":"https:\/\/newsestlyonnais.fr\/site\/#\/schema\/person\/3230d5615f390bb808365d673001e887","name":"R\u00e9dac. NEWS","sameAs":["http:\/\/www.newsestlyonnais.fr","https:\/\/www.facebook.com\/pascal.oberson.1?fref=ts","https:\/\/fr.linkedin.com\/in\/pascal-oberson-b17045113"],"url":"https:\/\/newsestlyonnais.fr\/site\/author\/nel\/"}]}},"_links":{"self":[{"href":"https:\/\/newsestlyonnais.fr\/site\/wp-json\/wp\/v2\/posts\/188684","targetHints":{"allow":["GET"]}}],"collection":[{"href":"https:\/\/newsestlyonnais.fr\/site\/wp-json\/wp\/v2\/posts"}],"about":[{"href":"https:\/\/newsestlyonnais.fr\/site\/wp-json\/wp\/v2\/types\/post"}],"author":[{"embeddable":true,"href":"https:\/\/newsestlyonnais.fr\/site\/wp-json\/wp\/v2\/users\/4"}],"replies":[{"embeddable":true,"href":"https:\/\/newsestlyonnais.fr\/site\/wp-json\/wp\/v2\/comments?post=188684"}],"version-history":[{"count":0,"href":"https:\/\/newsestlyonnais.fr\/site\/wp-json\/wp\/v2\/posts\/188684\/revisions"}],"wp:featuredmedia":[{"embeddable":true,"href":"https:\/\/newsestlyonnais.fr\/site\/wp-json\/wp\/v2\/media\/95577"}],"wp:attachment":[{"href":"https:\/\/newsestlyonnais.fr\/site\/wp-json\/wp\/v2\/media?parent=188684"}],"wp:term":[{"taxonomy":"category","embeddable":true,"href":"https:\/\/newsestlyonnais.fr\/site\/wp-json\/wp\/v2\/categories?post=188684"},{"taxonomy":"post_tag","embeddable":true,"href":"https:\/\/newsestlyonnais.fr\/site\/wp-json\/wp\/v2\/tags?post=188684"}],"curies":[{"name":"wp","href":"https:\/\/api.w.org\/{rel}","templated":true}]}}