{"id":188924,"date":"2023-09-10T19:55:54","date_gmt":"2023-09-10T18:55:54","guid":{"rendered":"https:\/\/newsestlyonnais.fr\/site\/?p=188924"},"modified":"2023-09-11T04:36:17","modified_gmt":"2023-09-11T03:36:17","slug":"sylvain-bertholey-lobjectif-premier-sur-cette-course-tres-longue-etait-de-boucler-la-boucle-detre-finisher","status":"publish","type":"post","link":"https:\/\/newsestlyonnais.fr\/site\/2023\/09\/10\/sylvain-bertholey-lobjectif-premier-sur-cette-course-tres-longue-etait-de-boucler-la-boucle-detre-finisher\/","title":{"rendered":"Sylvain Bertholey\u00a0\u00bb L\u2019objectif premier sur cette course tr\u00e8s longue \u00e9tait de boucler la boucle, d&rsquo;\u00eatre finisher \u00ab\u00a0"},"content":{"rendered":"<p><strong><span style=\"background-color: #000000; color: #ffffff;\">Petite pr\u00e9sentation<\/span><\/strong><\/p>\n<p><span id=\"page3R_mcid1\" class=\"markedContent\"><span class=\"tojvnm2t a6sixzi8 abs2jz4q a8s20v7p t1p8iaqh k5wvi7nf q3lfd5jv pk4s997a bipmatt0 cebpdrjk qowsmv63 owwhemhu dp1hu0rb dhp61c6y iyyx5f41\">\u00bb<\/span><\/span> J\u2019ai 33 ans, ing\u00e9nieur chez Symbio qui d\u00e9veloppe des piles \u00e0 hydrog\u00e8ne, j\u2019habite \u00e0 Irigny <span id=\"page3R_mcid1\" class=\"markedContent\"><span class=\"tojvnm2t a6sixzi8 abs2jz4q a8s20v7p t1p8iaqh k5wvi7nf q3lfd5jv pk4s997a bipmatt0 cebpdrjk qowsmv63 owwhemhu dp1hu0rb dhp61c6y iyyx5f41\">\u00bb.<\/span><\/span><\/p>\n<p><span style=\"background-color: #000000; color: #ffffff; font-size: 12pt;\"><strong>Ton programme sportif pour cette ann\u00e9e, quel \u00e9tait-il pour ses 8 premiers mois ?<\/strong><\/span><\/p>\n<p><span id=\"page3R_mcid1\" class=\"markedContent\"><span class=\"tojvnm2t a6sixzi8 abs2jz4q a8s20v7p t1p8iaqh k5wvi7nf q3lfd5jv pk4s997a bipmatt0 cebpdrjk qowsmv63 owwhemhu dp1hu0rb dhp61c6y iyyx5f41\">\u00bb<\/span><\/span> Travail sp\u00e9cifique pour am\u00e9liorer ma vitesse cet hiver, puis un petit contretemps au printemps avec une injection de PRP pour soigner une fissure du m\u00e9nisque qui m\u2019emb\u00eatait depuis quelques temps, et ensuite <strong>plusieurs courses de pr\u00e9paration entre 15 et 40 km<\/strong>, dont certaines en duo avec mon fr\u00e8re ou en relais avec des amis.<\/p>\n<p><strong>Enfin cet \u00e9t\u00e9 des belles semaines en montagne pour faire du volume, \u00e0 pied et \u00e0 v\u00e9lo<\/strong> <span id=\"page3R_mcid1\" class=\"markedContent\"><span class=\"tojvnm2t a6sixzi8 abs2jz4q a8s20v7p t1p8iaqh k5wvi7nf q3lfd5jv pk4s997a bipmatt0 cebpdrjk qowsmv63 owwhemhu dp1hu0rb dhp61c6y iyyx5f41\">\u00bb.<\/span><\/span><\/p>\n<hr \/>\n<p><strong><span style=\"background-color: #000000; color: #ffffff; font-size: 12pt;\">Tu as pr\u00e9vu de participer \u00e0 la CCC, pourquoi cette \u00e9preuve et ce qui t\u2019attirait dans cette course ?<\/span><\/strong><\/p>\n<p><span id=\"page3R_mcid1\" class=\"markedContent\"><span class=\"tojvnm2t a6sixzi8 abs2jz4q a8s20v7p t1p8iaqh k5wvi7nf q3lfd5jv pk4s997a bipmatt0 cebpdrjk qowsmv63 owwhemhu dp1hu0rb dhp61c6y iyyx5f41\">\u00bb<\/span><\/span> Ayant fait mon premier ultra trail de 110 km l\u2019an pass\u00e9 au Wildstrubel en Suisse, qui c\u2019\u00e9tait tr\u00e8s bien pass\u00e9, <strong>j\u2019ai souhait\u00e9 cette ann\u00e9e remettre le couvert et m\u2019assurer que ce n\u2019\u00e9tait pas la chance du d\u00e9butant l\u2019an dernier<\/strong>, afin de valider ce format de course avant de potentiellement viser une course de 100 miles (170 km) en 2025.<\/p>\n<p>Mon corps \u00e9tant assez fragile, <strong>j\u2019essaie vraiment de construire mon parcours \u00e9tape par \u00e9tape afin de ne pas me griller les ailes.<\/strong><\/p>\n<p><span style=\"background-color: #000000; color: #ffcc00;\"><strong>Cette ann\u00e9e j\u2019avais donc choisi la CCC, pour la beaut\u00e9 des paysages autour du Mont Blanc et le fait que ce soit un peu la coupe du Monde de notre sport, avec un plateau tr\u00e8s relev\u00e9 <\/strong><\/span><span id=\"page3R_mcid1\" class=\"markedContent\"><span class=\"tojvnm2t a6sixzi8 abs2jz4q a8s20v7p t1p8iaqh k5wvi7nf q3lfd5jv pk4s997a bipmatt0 cebpdrjk qowsmv63 owwhemhu dp1hu0rb dhp61c6y iyyx5f41\">\u00bb.<\/span><\/span><\/p>\n<hr \/>\n<p><strong><span style=\"background-color: #000000; color: #ffffff;\">Ton objectif et \u00e9tat de forme sur la ligne de d\u00e9part ?<\/span><\/strong><\/p>\n<p><span id=\"page3R_mcid1\" class=\"markedContent\"><span class=\"tojvnm2t a6sixzi8 abs2jz4q a8s20v7p t1p8iaqh k5wvi7nf q3lfd5jv pk4s997a bipmatt0 cebpdrjk qowsmv63 owwhemhu dp1hu0rb dhp61c6y iyyx5f41\">\u00bb<\/span><\/span> <strong>L\u2019objectif premier comme toujours sur ces courses tr\u00e8s longues est de boucler la boucle et d\u2019\u00eatre \u00ab finisher<\/strong> \u00bb. Si possible avec une bonne gestion de course permettant de courir jusqu\u2019au bout. <strong>Les 2 objectifs sont r\u00e9ussis donc je suis plut\u00f4t satisfait, et envisage la suite avec envie et confiance <span id=\"page3R_mcid1\" class=\"markedContent\"><span class=\"tojvnm2t a6sixzi8 abs2jz4q a8s20v7p t1p8iaqh k5wvi7nf q3lfd5jv pk4s997a bipmatt0 cebpdrjk qowsmv63 owwhemhu dp1hu0rb dhp61c6y iyyx5f41\">\u00bb.<\/span><\/span><\/strong><\/p>\n<hr \/>\n<p><span style=\"background-color: #000000; color: #ffffff;\"><strong>Comment s\u2019est pass\u00e9e cette course ?<\/strong><\/span><\/p>\n<p><span id=\"page3R_mcid1\" class=\"markedContent\"><span class=\"tojvnm2t a6sixzi8 abs2jz4q a8s20v7p t1p8iaqh k5wvi7nf q3lfd5jv pk4s997a bipmatt0 cebpdrjk qowsmv63 owwhemhu dp1hu0rb dhp61c6y iyyx5f41\">\u00bb<\/span><\/span> <strong>5 h 35<\/strong> : r\u00e9veil apr\u00e8s une nuit de 3h de sommeil, dans ma moyenne de veille de course, j\u2019ai envie d\u2019en d\u00e9coudre.<br \/>\n<strong>6 h 45<\/strong> : d\u00e9part en bus pour Courmayeur, bloqu\u00e9 45 minutes avant le tunnel, habituel para\u00eet-il, on disserte avec mon voisin norv\u00e9gien sur ce qui nous attend.<br \/>\n<strong>8 h 45<\/strong> : dans le sas de d\u00e9part, les hymnes italiens, suisses et fran\u00e7ais retentissent (les 3 pays par laquelle la course passe), on y est, les frissons, les poils qui se h\u00e9rissent, le c\u0153ur qui bat la chamade, le speaker qui fait monter l\u2019ambiance, la meute de loups est pr\u00eate \u00e0 s\u2019\u00e9lancer.<br \/>\n<strong>9 h<\/strong> : la course est lanc\u00e9e, 1\u00b0 km dans les rues de Courmayeur, la foule italienne est compacte et bouillante, c\u2019est le Tour de France, sans les v\u00e9los.<br \/>\n<strong>T\u00eate de la Tronche (km 9 &gt; 1.400 m+)<\/strong> : apr\u00e8s un d\u00e9part dynamique mais raisonnable pour se placer avant la mont\u00e9e, \u00e7a grimpe en file indienne, je trouve le rythme un peu mou mais je me dis que c\u2019est un mal pour un bien, la course est encore longue. Passage en 1h41 (ma pr\u00e9vision \u00e9tait 2h), sans forcer \u00e7a d\u00e9roule bien sans faire monter le c\u0153ur.<\/p>\n<p><strong>Grand Col Ferret (km 30 2.600 m+)<\/strong> : apr\u00e8s les magnifiques chemins en balcons, passage aux refuges Bertone et Bonatti, puis Arnouvaz, <strong>vient la mythique mont\u00e9e au point culminant et la bascule en Suisse<\/strong>, je passe en \u00e0 peine moins de 5 h soit dans ma pr\u00e9vision la plus optimiste, m\u00eame si la mont\u00e9e est bien plus lente que la premi\u00e8re.<\/p>\n<p><strong>La Fouly (km 40)<\/strong> : <strong>cette longue descente m\u2019a fait mal, j\u2019ai chaud, je manque d\u2019\u00e9nergie<\/strong>, les jambes ne r\u00e9pondent plus, alors je d\u00e9cide de prendre 10 minutes de pause au ravito et de manger beaucoup pour reprendre des forces\u2026Dans la pr\u00e9cipitation, je mange surtout un peu de tout et n\u2019importe quoi, mon estomac me le fait savoir tr\u00e8s rapidement et n\u2019est pas d\u2019accord pour repartir au pas de course, donc ce seront 5 minutes de + sur la note pour qu\u2019il accepte de coop\u00e9rer \u00e0 nouveau.<\/p>\n<p><strong>Champex Lac (km 53 &gt; 3.300 m+)<\/strong> : <strong>on est \u00e0 mi-course, \u00e7a fait maintenant quasiment 3 h que j\u2019avance au ralenti<\/strong>, sur la fin de la mont\u00e9e avant le ravitaillement je ressens un l\u00e9ger mieux, je commence \u00e0 pouvoir repousser sur les jambes et je redouble quelques coureurs, la dynamique s\u2019inverserait-elle ?<br \/>\nJe retrouve Thomas (qui assiste son frangin Florent, admirable finisher malgr\u00e9 des dispositions contraires vendredi), ses parents et sa copine Alix qui m\u2019assure si gentiment une assistance 5 \u00e9toiles. Je prends cette fois le temps de m\u2019alimenter intelligemment, de changer de tee shirt, de faire redescendre un peu ma temp\u00e9rature corporelle, \u00e7a fera 20minutes d\u2019arr\u00eat en gare de Champex-Lac, mais beaucoup y resteront bien plus longtemps et 200 ne repartiront pas. \u00c7a me fait du bien de voir les personnes avec qui j\u2019ai partag\u00e9 les jours avant la course, o\u00f9 j\u2019ai \u00e9t\u00e9 si bien accueilli et que je ne saurais encore comment remercier. Je repars finalement en trottinant sous des encouragements nourris de Suisses enflamm\u00e9s. Je ne le sais pas encore, mais c\u2019est le tournant du match.<br \/>\nApr\u00e8s 5 minutes au ralenti moteur au bord du magnifique lac de Champex, la lumi\u00e8re se rallume, le moral est regonfl\u00e9, les jambes repartent, j\u2019aligne quasiment 2kms \u00e0 12km\/h avant le d\u00e9but de la prochaine grosse mont\u00e9e vers l\u2019alpage de Bovine.<\/p>\n<p><strong>La Gi\u00e8te (km 65 &gt; 4.000 m+)<\/strong> : dans la foul\u00e9e du renouveau, j\u2019attaque le faux plat montant en trottinant, c\u2019est bon signe. La pente se raidit, j\u2019arrive de nouveau \u00e0 pousser sur les b\u00e2tons, les sensations sont de retour, et c\u2019est \u00e0 mon tour d\u2019avaler les camarades un \u00e0 un comme ils m\u2019avaient d\u00e9pos\u00e9 3h plus t\u00f4t, c\u2019est plaisant, le coucher de soleil au sommet est apaisant, et avec lui les temp\u00e9ratures qui redescendent, des signaux positifs pour la suite de l\u2019aventure.<\/p>\n<p><strong>Trient (km 71)<\/strong> : \u00e7a y est la nuit tombe mais surprise, je me mets \u00e0 doubler des concurrents en descente, ce qui est rare pour \u00eatre soulign\u00e9. Je cherche Alix du regard mais je comprends rapidement qu\u2019elle n\u2019a malheureusement pu \u00eatre arriv\u00e9e avant moi au ravitaillement avec les soucis de navettes de l\u2019organisation. Qu\u2019\u00e0 cela ne tienne, cela ne m\u2019abat pas plus que \u00e7a, j\u2019ai l\u2019habitude de me d\u00e9brouiller seul comme un grand habituellement, donc je refais le plein et repars au pas de course apr\u00e8s 10 petites minutes d\u2019arr\u00eat.<\/p>\n<p><strong>Les Tseppes (km 75 &gt; 5.000 m+)<\/strong> : premi\u00e8re mont\u00e9e dans la nuit, pas longue mais tr\u00e8s raide, autour de 30% de pente pendant 2kms, \u00e7a b\u00e2tonne sec ! Au point d\u2019eau du sommet, je rencontre Marco, qui vient de Belgique, et comme nous sommes que tous les 2 et pas d\u2019autre lampe frontale \u00e0 la ronde, je lui propose qu\u2019on partage ensemble la descente jusqu\u2019\u00e0 Vallorcine, le dernier gros ravitaillement et point d\u2019assistance. Et l\u00e0, un jeu plaisant d\u00e9marre, on voit progressivement appara\u00eetre sur le chemin en contrebas des points lumineux, notre petit train est efficace et on continue notre remont\u00e9e en reprenant de nouveau une petite vingtaine de coureurs dans cette descente. En arrivant \u00e0 proximit\u00e9 de Vallorcine, on est regonfl\u00e9s \u00e0 bloc et se met d\u2019accord avec mon camarade d\u2019aventure de faire un ravito express,<strong> il reste \u201cseulement\u201d 20 km et 1.200 m de d\u00e9nivel\u00e9 pour rallier Chamonix, c\u2019est en quelque sorte la petite balade du dimanche matin.<\/strong><\/p>\n<p><strong>La Fl\u00e9g\u00e8re (km 94 &gt; 6.200 m+)<\/strong> : <strong>comme dans un r\u00eave, on n\u2019arr\u00eate pas de relancer d\u00e8s que possible<\/strong> dans cette ultime difficult\u00e9, on alterne trot et marche rapide assez efficacement pour redoubler de nouveau une vingtaine de concurrents, nous arrivons au sommet en 16 h de course Il reste 8 km et 800 m de d\u00e9nivel\u00e9 \u00e0 d\u00e9valer, le dernier petit objectif du jour est fix\u00e9, ce sera de passer sous les 17h , et pour \u00e7a on n\u2019aura pas le temps de compter les cailloux dans la descente.<\/p>\n<p><strong>Chamonix (km 101)<\/strong> : <strong>\u00e7a y est, on sort du dernier chemin, la suite, beaucoup la connaissent<\/strong> (\u00e0 la t\u00e9l\u00e9 au moins), on passe la passerelle, puis le long de l\u2019Arve, et on d\u00e9bouche enfin dans les rues de Chamonix. Malgr\u00e9 l\u2019horaire tardif (presque 2 h du matin) je suis \u00e9tonn\u00e9 de croiser tant de monde nous encourager et taper dans nos mains dans les derniers hectom\u00e8tres. Et puis la derni\u00e8re ligne droite, les derni\u00e8res foul\u00e9es (\u00e0 13km\/h) et finalement le passage sous cet arche mythique, place du triangle de l\u2019Amiti\u00e9.<\/p>\n<p><strong>C\u2019\u00e9tait le gros challenge que je m\u2019\u00e9tais fix\u00e9 cette ann\u00e9e, je suis finisher de la CCC<\/strong>, <strong>les \u00e9motions se m\u00e9langent<\/strong>, la joie, le soulagement, la fiert\u00e9, la fatigue bien s\u00fbr, et des souvenirs grav\u00e9s pour la vie. Je ne suis pas d\u00e9\u00e7u, cette course a \u00e9t\u00e9 finalement comme souvent en ultra endurance des hauts et bas, et la magie de pouvoir passer de l\u2019un \u00e0 l\u2019autre en un fragment de seconde, un peu comme un r\u00e9sum\u00e9 de la vie finalement <strong><span id=\"page3R_mcid1\" class=\"markedContent\"><span class=\"tojvnm2t a6sixzi8 abs2jz4q a8s20v7p t1p8iaqh k5wvi7nf q3lfd5jv pk4s997a bipmatt0 cebpdrjk qowsmv63 owwhemhu dp1hu0rb dhp61c6y iyyx5f41\">\u00bb.<\/span><\/span><\/strong><\/p>\n<p><strong><span style=\"background-color: #000000; color: #ffffff;\">Et pour conclure ? <\/span><\/strong><\/p>\n<p><span id=\"page3R_mcid1\" class=\"markedContent\"><span class=\"tojvnm2t a6sixzi8 abs2jz4q a8s20v7p t1p8iaqh k5wvi7nf q3lfd5jv pk4s997a bipmatt0 cebpdrjk qowsmv63 owwhemhu dp1hu0rb dhp61c6y iyyx5f41\">\u00bb<\/span><\/span> <strong>Pour finir, je ne saurais comment remercier toute la bienveillance et le soutien dont j\u2019ai \u00e9t\u00e9 t\u00e9moin avant, pendant, et apr\u00e8s ce beau voyage<\/strong>, la famille, les amis, coll\u00e8gues, coureurs ou non, et le team LCAC bien s\u00fbr, pour les dizaines de messages dont j\u2019ai \u00e9t\u00e9 inond\u00e9 cette derni\u00e8re semaine.<\/p>\n<p>J\u2019ai plaisir \u00e0 vous partager ces quelques lignes de cette petite balade alpestre (que certains me r\u00e9clament depuis samedi), j\u2019esp\u00e8re aussi que ces quelques minutes de lecture ne vous auront pas trop ennuy\u00e9 <span id=\"page3R_mcid1\" class=\"markedContent\"><span class=\"tojvnm2t a6sixzi8 abs2jz4q a8s20v7p t1p8iaqh k5wvi7nf q3lfd5jv pk4s997a bipmatt0 cebpdrjk qowsmv63 owwhemhu dp1hu0rb dhp61c6y iyyx5f41\">\u00bb.<\/span><\/span><\/p>\n<hr \/>\n<p><strong><span style=\"background-color: #000000; color: #ffffff;\">Et maintenant d\u2019ici la fin d\u2019ann\u00e9e ?<\/span><\/strong><\/p>\n<p><span id=\"page3R_mcid1\" class=\"markedContent\"><span class=\"tojvnm2t a6sixzi8 abs2jz4q a8s20v7p t1p8iaqh k5wvi7nf q3lfd5jv pk4s997a bipmatt0 cebpdrjk qowsmv63 owwhemhu dp1hu0rb dhp61c6y iyyx5f41\">\u00bb<\/span><\/span> Je m\u2019\u00e9tais volontairement projet\u00e9 sur aucune course suppl\u00e9mentaire avant la CCC, pour voir comment mon corps et ma t\u00eate r\u00e9agiraient pendant ce challenge, et l\u2019encaisseraient ensuite.<\/p>\n<p><strong>Une semaine apr\u00e8s la course, la r\u00e9cup\u00e9ration est bonne<\/strong> et pas de blessure \u00e0 signaler, donc <strong>je regarde pour planifier 2 ou 3 courses sur la fin de saison<\/strong>, dont probablement la SaintExpress d\u00e9but d\u00e9cembre <span id=\"page3R_mcid1\" class=\"markedContent\"><span class=\"tojvnm2t a6sixzi8 abs2jz4q a8s20v7p t1p8iaqh k5wvi7nf q3lfd5jv pk4s997a bipmatt0 cebpdrjk qowsmv63 owwhemhu dp1hu0rb dhp61c6y iyyx5f41\">\u00bb.<\/span><\/span><\/p>\n<hr \/>\n<p><strong><img loading=\"lazy\" decoding=\"async\" class=\"alignleft wp-image-188925 size-medium\" src=\"https:\/\/newsestlyonnais.fr\/site\/wp-content\/uploads\/2023\/09\/IMG_2021-400x400.jpeg\" alt=\"\" width=\"300\" height=\"300\" srcset=\"https:\/\/newsestlyonnais.fr\/site\/wp-content\/uploads\/2023\/09\/IMG_2021-400x400.jpeg 400w, https:\/\/newsestlyonnais.fr\/site\/wp-content\/uploads\/2023\/09\/IMG_2021-650x650.jpeg 650w, https:\/\/newsestlyonnais.fr\/site\/wp-content\/uploads\/2023\/09\/IMG_2021-250x250.jpeg 250w, https:\/\/newsestlyonnais.fr\/site\/wp-content\/uploads\/2023\/09\/IMG_2021-768x768.jpeg 768w, https:\/\/newsestlyonnais.fr\/site\/wp-content\/uploads\/2023\/09\/IMG_2021-150x150.jpeg 150w, https:\/\/newsestlyonnais.fr\/site\/wp-content\/uploads\/2023\/09\/IMG_2021-50x50.jpeg 50w, https:\/\/newsestlyonnais.fr\/site\/wp-content\/uploads\/2023\/09\/IMG_2021-100x100.jpeg 100w, https:\/\/newsestlyonnais.fr\/site\/wp-content\/uploads\/2023\/09\/IMG_2021-200x200.jpeg 200w, https:\/\/newsestlyonnais.fr\/site\/wp-content\/uploads\/2023\/09\/IMG_2021-300x300.jpeg 300w, https:\/\/newsestlyonnais.fr\/site\/wp-content\/uploads\/2023\/09\/IMG_2021-350x350.jpeg 350w, https:\/\/newsestlyonnais.fr\/site\/wp-content\/uploads\/2023\/09\/IMG_2021-450x450.jpeg 450w, https:\/\/newsestlyonnais.fr\/site\/wp-content\/uploads\/2023\/09\/IMG_2021-500x500.jpeg 500w, https:\/\/newsestlyonnais.fr\/site\/wp-content\/uploads\/2023\/09\/IMG_2021-550x550.jpeg 550w, https:\/\/newsestlyonnais.fr\/site\/wp-content\/uploads\/2023\/09\/IMG_2021-800x800.jpeg 800w, https:\/\/newsestlyonnais.fr\/site\/wp-content\/uploads\/2023\/09\/IMG_2021-1200x1200.jpeg 1200w, https:\/\/newsestlyonnais.fr\/site\/wp-content\/uploads\/2023\/09\/IMG_2021.jpeg 1432w\" sizes=\"auto, (max-width: 300px) 100vw, 300px\" \/><span style=\"font-size: 14pt;\">CCC 2023 \/ 101 km \/ 6.200 m+ <\/span><\/strong><\/p>\n<p><span style=\"font-size: 14pt;\"><strong>+ d&rsquo;infos sur la CCC<\/strong> &gt; <span style=\"color: #0000ff;\"><strong><a style=\"color: #0000ff;\" href=\"https:\/\/montblanc.utmb.world\/fr\/races\/ccc\">https:\/\/montblanc.utmb.world\/fr\/races\/ccc<\/a><\/strong><\/span><\/span><\/p>\n<hr \/>\n<p><span style=\"font-size: 14pt;\"><strong>Son temps<\/strong> : 16 h 54. <\/span><\/p>\n<p><span style=\"font-size: 14pt;\"><strong>Son classement<\/strong> : 261\u00b0 \/ 1650 finishers (2.200 partants)<\/span><\/p>\n<hr \/>\n<p>&nbsp;<\/p>\n<div>\n<div id='gallery-1' class='gallery galleryid-188924 gallery-columns-3 gallery-size-large'><figure class='gallery-item'>\n\t\t\t<div class='gallery-icon landscape'>\n\t\t\t\t<a href='https:\/\/newsestlyonnais.fr\/site\/2023\/09\/10\/sylvain-bertholey-lobjectif-premier-sur-cette-course-tres-longue-etait-de-boucler-la-boucle-detre-finisher\/10178_20230902_005103_309456830_socialmedia\/'><img loading=\"lazy\" decoding=\"async\" width=\"640\" height=\"426\" src=\"https:\/\/newsestlyonnais.fr\/site\/wp-content\/uploads\/2023\/09\/10178_20230902_005103_309456830_socialmedia-650x433.jpg\" class=\"attachment-large size-large\" alt=\"\" srcset=\"https:\/\/newsestlyonnais.fr\/site\/wp-content\/uploads\/2023\/09\/10178_20230902_005103_309456830_socialmedia-650x433.jpg 650w, https:\/\/newsestlyonnais.fr\/site\/wp-content\/uploads\/2023\/09\/10178_20230902_005103_309456830_socialmedia-400x266.jpg 400w, https:\/\/newsestlyonnais.fr\/site\/wp-content\/uploads\/2023\/09\/10178_20230902_005103_309456830_socialmedia-250x166.jpg 250w, https:\/\/newsestlyonnais.fr\/site\/wp-content\/uploads\/2023\/09\/10178_20230902_005103_309456830_socialmedia-768x511.jpg 768w, https:\/\/newsestlyonnais.fr\/site\/wp-content\/uploads\/2023\/09\/10178_20230902_005103_309456830_socialmedia-150x100.jpg 150w, https:\/\/newsestlyonnais.fr\/site\/wp-content\/uploads\/2023\/09\/10178_20230902_005103_309456830_socialmedia-50x33.jpg 50w, https:\/\/newsestlyonnais.fr\/site\/wp-content\/uploads\/2023\/09\/10178_20230902_005103_309456830_socialmedia-100x67.jpg 100w, https:\/\/newsestlyonnais.fr\/site\/wp-content\/uploads\/2023\/09\/10178_20230902_005103_309456830_socialmedia-200x133.jpg 200w, https:\/\/newsestlyonnais.fr\/site\/wp-content\/uploads\/2023\/09\/10178_20230902_005103_309456830_socialmedia-300x200.jpg 300w, https:\/\/newsestlyonnais.fr\/site\/wp-content\/uploads\/2023\/09\/10178_20230902_005103_309456830_socialmedia-350x233.jpg 350w, https:\/\/newsestlyonnais.fr\/site\/wp-content\/uploads\/2023\/09\/10178_20230902_005103_309456830_socialmedia-450x300.jpg 450w, https:\/\/newsestlyonnais.fr\/site\/wp-content\/uploads\/2023\/09\/10178_20230902_005103_309456830_socialmedia-500x333.jpg 500w, https:\/\/newsestlyonnais.fr\/site\/wp-content\/uploads\/2023\/09\/10178_20230902_005103_309456830_socialmedia-550x366.jpg 550w, https:\/\/newsestlyonnais.fr\/site\/wp-content\/uploads\/2023\/09\/10178_20230902_005103_309456830_socialmedia-800x533.jpg 800w, https:\/\/newsestlyonnais.fr\/site\/wp-content\/uploads\/2023\/09\/10178_20230902_005103_309456830_socialmedia.jpg 1200w\" sizes=\"auto, (max-width: 640px) 100vw, 640px\" \/><\/a>\n\t\t\t<\/div><\/figure><figure class='gallery-item'>\n\t\t\t<div class='gallery-icon landscape'>\n\t\t\t\t<a href='https:\/\/newsestlyonnais.fr\/site\/2023\/09\/10\/sylvain-bertholey-lobjectif-premier-sur-cette-course-tres-longue-etait-de-boucler-la-boucle-detre-finisher\/10178_20230901_173549_309322288_socialmedia\/'><img loading=\"lazy\" decoding=\"async\" width=\"640\" height=\"426\" src=\"https:\/\/newsestlyonnais.fr\/site\/wp-content\/uploads\/2023\/09\/10178_20230901_173549_309322288_socialmedia-650x433.jpg\" class=\"attachment-large size-large\" alt=\"\" srcset=\"https:\/\/newsestlyonnais.fr\/site\/wp-content\/uploads\/2023\/09\/10178_20230901_173549_309322288_socialmedia-650x433.jpg 650w, https:\/\/newsestlyonnais.fr\/site\/wp-content\/uploads\/2023\/09\/10178_20230901_173549_309322288_socialmedia-400x266.jpg 400w, https:\/\/newsestlyonnais.fr\/site\/wp-content\/uploads\/2023\/09\/10178_20230901_173549_309322288_socialmedia-250x166.jpg 250w, https:\/\/newsestlyonnais.fr\/site\/wp-content\/uploads\/2023\/09\/10178_20230901_173549_309322288_socialmedia-768x511.jpg 768w, https:\/\/newsestlyonnais.fr\/site\/wp-content\/uploads\/2023\/09\/10178_20230901_173549_309322288_socialmedia-150x100.jpg 150w, https:\/\/newsestlyonnais.fr\/site\/wp-content\/uploads\/2023\/09\/10178_20230901_173549_309322288_socialmedia-50x33.jpg 50w, https:\/\/newsestlyonnais.fr\/site\/wp-content\/uploads\/2023\/09\/10178_20230901_173549_309322288_socialmedia-100x67.jpg 100w, https:\/\/newsestlyonnais.fr\/site\/wp-content\/uploads\/2023\/09\/10178_20230901_173549_309322288_socialmedia-200x133.jpg 200w, https:\/\/newsestlyonnais.fr\/site\/wp-content\/uploads\/2023\/09\/10178_20230901_173549_309322288_socialmedia-300x200.jpg 300w, https:\/\/newsestlyonnais.fr\/site\/wp-content\/uploads\/2023\/09\/10178_20230901_173549_309322288_socialmedia-350x233.jpg 350w, https:\/\/newsestlyonnais.fr\/site\/wp-content\/uploads\/2023\/09\/10178_20230901_173549_309322288_socialmedia-450x300.jpg 450w, https:\/\/newsestlyonnais.fr\/site\/wp-content\/uploads\/2023\/09\/10178_20230901_173549_309322288_socialmedia-500x333.jpg 500w, https:\/\/newsestlyonnais.fr\/site\/wp-content\/uploads\/2023\/09\/10178_20230901_173549_309322288_socialmedia-550x366.jpg 550w, https:\/\/newsestlyonnais.fr\/site\/wp-content\/uploads\/2023\/09\/10178_20230901_173549_309322288_socialmedia-800x533.jpg 800w, https:\/\/newsestlyonnais.fr\/site\/wp-content\/uploads\/2023\/09\/10178_20230901_173549_309322288_socialmedia.jpg 1200w\" sizes=\"auto, (max-width: 640px) 100vw, 640px\" \/><\/a>\n\t\t\t<\/div><\/figure><figure class='gallery-item'>\n\t\t\t<div class='gallery-icon landscape'>\n\t\t\t\t<a href='https:\/\/newsestlyonnais.fr\/site\/2023\/09\/10\/sylvain-bertholey-lobjectif-premier-sur-cette-course-tres-longue-etait-de-boucler-la-boucle-detre-finisher\/10178_20230901_193250_309306418_socialmedia\/'><img loading=\"lazy\" decoding=\"async\" width=\"640\" height=\"426\" src=\"https:\/\/newsestlyonnais.fr\/site\/wp-content\/uploads\/2023\/09\/10178_20230901_193250_309306418_socialmedia-650x433.jpg\" class=\"attachment-large size-large\" alt=\"\" srcset=\"https:\/\/newsestlyonnais.fr\/site\/wp-content\/uploads\/2023\/09\/10178_20230901_193250_309306418_socialmedia-650x433.jpg 650w, https:\/\/newsestlyonnais.fr\/site\/wp-content\/uploads\/2023\/09\/10178_20230901_193250_309306418_socialmedia-400x267.jpg 400w, https:\/\/newsestlyonnais.fr\/site\/wp-content\/uploads\/2023\/09\/10178_20230901_193250_309306418_socialmedia-250x167.jpg 250w, https:\/\/newsestlyonnais.fr\/site\/wp-content\/uploads\/2023\/09\/10178_20230901_193250_309306418_socialmedia-768x512.jpg 768w, https:\/\/newsestlyonnais.fr\/site\/wp-content\/uploads\/2023\/09\/10178_20230901_193250_309306418_socialmedia-150x100.jpg 150w, https:\/\/newsestlyonnais.fr\/site\/wp-content\/uploads\/2023\/09\/10178_20230901_193250_309306418_socialmedia-50x33.jpg 50w, https:\/\/newsestlyonnais.fr\/site\/wp-content\/uploads\/2023\/09\/10178_20230901_193250_309306418_socialmedia-100x67.jpg 100w, https:\/\/newsestlyonnais.fr\/site\/wp-content\/uploads\/2023\/09\/10178_20230901_193250_309306418_socialmedia-200x133.jpg 200w, https:\/\/newsestlyonnais.fr\/site\/wp-content\/uploads\/2023\/09\/10178_20230901_193250_309306418_socialmedia-300x200.jpg 300w, https:\/\/newsestlyonnais.fr\/site\/wp-content\/uploads\/2023\/09\/10178_20230901_193250_309306418_socialmedia-350x233.jpg 350w, https:\/\/newsestlyonnais.fr\/site\/wp-content\/uploads\/2023\/09\/10178_20230901_193250_309306418_socialmedia-450x300.jpg 450w, https:\/\/newsestlyonnais.fr\/site\/wp-content\/uploads\/2023\/09\/10178_20230901_193250_309306418_socialmedia-500x333.jpg 500w, https:\/\/newsestlyonnais.fr\/site\/wp-content\/uploads\/2023\/09\/10178_20230901_193250_309306418_socialmedia-550x367.jpg 550w, https:\/\/newsestlyonnais.fr\/site\/wp-content\/uploads\/2023\/09\/10178_20230901_193250_309306418_socialmedia-800x533.jpg 800w, https:\/\/newsestlyonnais.fr\/site\/wp-content\/uploads\/2023\/09\/10178_20230901_193250_309306418_socialmedia.jpg 1200w\" sizes=\"auto, (max-width: 640px) 100vw, 640px\" \/><\/a>\n\t\t\t<\/div><\/figure><figure class='gallery-item'>\n\t\t\t<div class='gallery-icon landscape'>\n\t\t\t\t<a href='https:\/\/newsestlyonnais.fr\/site\/2023\/09\/10\/sylvain-bertholey-lobjectif-premier-sur-cette-course-tres-longue-etait-de-boucler-la-boucle-detre-finisher\/10178_20230901_120250_309342189_socialmedia\/'><img loading=\"lazy\" decoding=\"async\" width=\"640\" height=\"426\" src=\"https:\/\/newsestlyonnais.fr\/site\/wp-content\/uploads\/2023\/09\/10178_20230901_120250_309342189_socialmedia-650x433.jpg\" class=\"attachment-large size-large\" alt=\"\" srcset=\"https:\/\/newsestlyonnais.fr\/site\/wp-content\/uploads\/2023\/09\/10178_20230901_120250_309342189_socialmedia-650x433.jpg 650w, https:\/\/newsestlyonnais.fr\/site\/wp-content\/uploads\/2023\/09\/10178_20230901_120250_309342189_socialmedia-400x266.jpg 400w, https:\/\/newsestlyonnais.fr\/site\/wp-content\/uploads\/2023\/09\/10178_20230901_120250_309342189_socialmedia-250x166.jpg 250w, https:\/\/newsestlyonnais.fr\/site\/wp-content\/uploads\/2023\/09\/10178_20230901_120250_309342189_socialmedia-768x511.jpg 768w, https:\/\/newsestlyonnais.fr\/site\/wp-content\/uploads\/2023\/09\/10178_20230901_120250_309342189_socialmedia-150x100.jpg 150w, https:\/\/newsestlyonnais.fr\/site\/wp-content\/uploads\/2023\/09\/10178_20230901_120250_309342189_socialmedia-50x33.jpg 50w, https:\/\/newsestlyonnais.fr\/site\/wp-content\/uploads\/2023\/09\/10178_20230901_120250_309342189_socialmedia-100x67.jpg 100w, https:\/\/newsestlyonnais.fr\/site\/wp-content\/uploads\/2023\/09\/10178_20230901_120250_309342189_socialmedia-200x133.jpg 200w, https:\/\/newsestlyonnais.fr\/site\/wp-content\/uploads\/2023\/09\/10178_20230901_120250_309342189_socialmedia-300x200.jpg 300w, https:\/\/newsestlyonnais.fr\/site\/wp-content\/uploads\/2023\/09\/10178_20230901_120250_309342189_socialmedia-350x233.jpg 350w, https:\/\/newsestlyonnais.fr\/site\/wp-content\/uploads\/2023\/09\/10178_20230901_120250_309342189_socialmedia-450x300.jpg 450w, https:\/\/newsestlyonnais.fr\/site\/wp-content\/uploads\/2023\/09\/10178_20230901_120250_309342189_socialmedia-500x333.jpg 500w, https:\/\/newsestlyonnais.fr\/site\/wp-content\/uploads\/2023\/09\/10178_20230901_120250_309342189_socialmedia-550x366.jpg 550w, https:\/\/newsestlyonnais.fr\/site\/wp-content\/uploads\/2023\/09\/10178_20230901_120250_309342189_socialmedia-800x533.jpg 800w, https:\/\/newsestlyonnais.fr\/site\/wp-content\/uploads\/2023\/09\/10178_20230901_120250_309342189_socialmedia.jpg 1200w\" sizes=\"auto, (max-width: 640px) 100vw, 640px\" \/><\/a>\n\t\t\t<\/div><\/figure><figure class='gallery-item'>\n\t\t\t<div class='gallery-icon landscape'>\n\t\t\t\t<a href='https:\/\/newsestlyonnais.fr\/site\/2023\/09\/10\/sylvain-bertholey-lobjectif-premier-sur-cette-course-tres-longue-etait-de-boucler-la-boucle-detre-finisher\/10178_20230901_121151_309350516_socialmedia\/'><img loading=\"lazy\" decoding=\"async\" width=\"640\" height=\"426\" src=\"https:\/\/newsestlyonnais.fr\/site\/wp-content\/uploads\/2023\/09\/10178_20230901_121151_309350516_socialmedia-650x433.jpg\" class=\"attachment-large size-large\" alt=\"\" srcset=\"https:\/\/newsestlyonnais.fr\/site\/wp-content\/uploads\/2023\/09\/10178_20230901_121151_309350516_socialmedia-650x433.jpg 650w, https:\/\/newsestlyonnais.fr\/site\/wp-content\/uploads\/2023\/09\/10178_20230901_121151_309350516_socialmedia-400x266.jpg 400w, https:\/\/newsestlyonnais.fr\/site\/wp-content\/uploads\/2023\/09\/10178_20230901_121151_309350516_socialmedia-250x166.jpg 250w, https:\/\/newsestlyonnais.fr\/site\/wp-content\/uploads\/2023\/09\/10178_20230901_121151_309350516_socialmedia-768x511.jpg 768w, https:\/\/newsestlyonnais.fr\/site\/wp-content\/uploads\/2023\/09\/10178_20230901_121151_309350516_socialmedia-150x100.jpg 150w, https:\/\/newsestlyonnais.fr\/site\/wp-content\/uploads\/2023\/09\/10178_20230901_121151_309350516_socialmedia-50x33.jpg 50w, https:\/\/newsestlyonnais.fr\/site\/wp-content\/uploads\/2023\/09\/10178_20230901_121151_309350516_socialmedia-100x67.jpg 100w, https:\/\/newsestlyonnais.fr\/site\/wp-content\/uploads\/2023\/09\/10178_20230901_121151_309350516_socialmedia-200x133.jpg 200w, https:\/\/newsestlyonnais.fr\/site\/wp-content\/uploads\/2023\/09\/10178_20230901_121151_309350516_socialmedia-300x200.jpg 300w, https:\/\/newsestlyonnais.fr\/site\/wp-content\/uploads\/2023\/09\/10178_20230901_121151_309350516_socialmedia-350x233.jpg 350w, https:\/\/newsestlyonnais.fr\/site\/wp-content\/uploads\/2023\/09\/10178_20230901_121151_309350516_socialmedia-450x300.jpg 450w, https:\/\/newsestlyonnais.fr\/site\/wp-content\/uploads\/2023\/09\/10178_20230901_121151_309350516_socialmedia-500x333.jpg 500w, https:\/\/newsestlyonnais.fr\/site\/wp-content\/uploads\/2023\/09\/10178_20230901_121151_309350516_socialmedia-550x366.jpg 550w, https:\/\/newsestlyonnais.fr\/site\/wp-content\/uploads\/2023\/09\/10178_20230901_121151_309350516_socialmedia-800x533.jpg 800w, https:\/\/newsestlyonnais.fr\/site\/wp-content\/uploads\/2023\/09\/10178_20230901_121151_309350516_socialmedia.jpg 1200w\" sizes=\"auto, (max-width: 640px) 100vw, 640px\" \/><\/a>\n\t\t\t<\/div><\/figure>\n\t\t<\/div>\n\n<\/div>\n","protected":false},"excerpt":{"rendered":"<p>Le traileur originaire de Genas a particip\u00e9 le 1\u00b0 septembre \u00e0 la CCC, de Courmayeur \u00e0 Chamonix, course de 101 km au d\u00e9nivel\u00e9 positif de 6.156 m et petite soeur de l&rsquo;UTMB ! <\/p>\n","protected":false},"author":4,"featured_media":188927,"comment_status":"open","ping_status":"open","sticky":false,"template":"","format":"standard","meta":{"footnotes":""},"categories":[2968,4286,137,3250],"tags":[4848,4426,4382],"class_list":["post-188924","post","type-post","status-publish","format-standard","has-post-thumbnail","hentry","category-athle-course-pied-marche","category-interview-a-la-une","category-interviews","category-recits-de-course-portraits-interviews","tag-ccc","tag-sylvain-bertholey","tag-utmb"],"yoast_head":"<!-- This site is optimized with the Yoast SEO plugin v27.2 - https:\/\/yoast.com\/product\/yoast-seo-wordpress\/ -->\n<title>Sylvain Bertholey&quot; L\u2019objectif premier sur cette course tr\u00e8s longue \u00e9tait de boucler la boucle, d&#039;\u00eatre finisher &quot; - News Est Lyonnais<\/title>\n<meta name=\"description\" content=\"Sylvain Bertholey&quot; L\u2019objectif premier sur cette course tr\u00e8s longue \u00e9tait de boucler la boucle, d&#039;\u00eatre finisher &quot;\" \/>\n<meta name=\"robots\" content=\"index, follow, max-snippet:-1, max-image-preview:large, max-video-preview:-1\" \/>\n<link rel=\"canonical\" href=\"https:\/\/newsestlyonnais.fr\/site\/2023\/09\/10\/sylvain-bertholey-lobjectif-premier-sur-cette-course-tres-longue-etait-de-boucler-la-boucle-detre-finisher\/\" \/>\n<meta property=\"og:locale\" content=\"fr_FR\" \/>\n<meta property=\"og:type\" content=\"article\" \/>\n<meta property=\"og:title\" content=\"Sylvain Bertholey&quot; L\u2019objectif premier sur cette course tr\u00e8s longue \u00e9tait de boucler la boucle, d&#039;\u00eatre finisher &quot; - News Est Lyonnais\" \/>\n<meta property=\"og:description\" content=\"Sylvain Bertholey&quot; L\u2019objectif premier sur cette course tr\u00e8s longue \u00e9tait de boucler la boucle, d&#039;\u00eatre finisher &quot;\" \/>\n<meta property=\"og:url\" content=\"https:\/\/newsestlyonnais.fr\/site\/2023\/09\/10\/sylvain-bertholey-lobjectif-premier-sur-cette-course-tres-longue-etait-de-boucler-la-boucle-detre-finisher\/\" \/>\n<meta property=\"og:site_name\" content=\"News Est Lyonnais\" \/>\n<meta property=\"article:author\" content=\"https:\/\/www.facebook.com\/pascal.oberson.1?fref=ts\" \/>\n<meta property=\"article:published_time\" content=\"2023-09-10T18:55:54+00:00\" \/>\n<meta property=\"article:modified_time\" content=\"2023-09-11T03:36:17+00:00\" \/>\n<meta property=\"og:image\" content=\"https:\/\/newsestlyonnais.fr\/site\/wp-content\/uploads\/2023\/09\/10178_20230902_015440_309274884_socialmedia.jpg\" \/>\n\t<meta property=\"og:image:width\" content=\"1200\" \/>\n\t<meta property=\"og:image:height\" content=\"799\" \/>\n\t<meta property=\"og:image:type\" content=\"image\/jpeg\" \/>\n<meta name=\"author\" content=\"R\u00e9dac. NEWS\" \/>\n<meta name=\"twitter:card\" content=\"summary_large_image\" \/>\n<meta name=\"twitter:label1\" content=\"\u00c9crit par\" \/>\n\t<meta name=\"twitter:data1\" content=\"R\u00e9dac. NEWS\" \/>\n\t<meta name=\"twitter:label2\" content=\"Dur\u00e9e de lecture estim\u00e9e\" \/>\n\t<meta name=\"twitter:data2\" content=\"9 minutes\" \/>\n<script type=\"application\/ld+json\" class=\"yoast-schema-graph\">{\"@context\":\"https:\/\/schema.org\",\"@graph\":[{\"@type\":\"Article\",\"@id\":\"https:\/\/newsestlyonnais.fr\/site\/2023\/09\/10\/sylvain-bertholey-lobjectif-premier-sur-cette-course-tres-longue-etait-de-boucler-la-boucle-detre-finisher\/#article\",\"isPartOf\":{\"@id\":\"https:\/\/newsestlyonnais.fr\/site\/2023\/09\/10\/sylvain-bertholey-lobjectif-premier-sur-cette-course-tres-longue-etait-de-boucler-la-boucle-detre-finisher\/\"},\"author\":{\"name\":\"R\u00e9dac. NEWS\",\"@id\":\"https:\/\/newsestlyonnais.fr\/site\/#\/schema\/person\/3230d5615f390bb808365d673001e887\"},\"headline\":\"Sylvain Bertholey\u00a0\u00bb L\u2019objectif premier sur cette course tr\u00e8s longue \u00e9tait de boucler la boucle, d&rsquo;\u00eatre finisher \u00ab\u00a0\",\"datePublished\":\"2023-09-10T18:55:54+00:00\",\"dateModified\":\"2023-09-11T03:36:17+00:00\",\"mainEntityOfPage\":{\"@id\":\"https:\/\/newsestlyonnais.fr\/site\/2023\/09\/10\/sylvain-bertholey-lobjectif-premier-sur-cette-course-tres-longue-etait-de-boucler-la-boucle-detre-finisher\/\"},\"wordCount\":1774,\"commentCount\":0,\"publisher\":{\"@id\":\"https:\/\/newsestlyonnais.fr\/site\/#organization\"},\"image\":{\"@id\":\"https:\/\/newsestlyonnais.fr\/site\/2023\/09\/10\/sylvain-bertholey-lobjectif-premier-sur-cette-course-tres-longue-etait-de-boucler-la-boucle-detre-finisher\/#primaryimage\"},\"thumbnailUrl\":\"https:\/\/newsestlyonnais.fr\/site\/wp-content\/uploads\/2023\/09\/10178_20230902_015440_309274884_socialmedia.jpg\",\"keywords\":[\"ccc\",\"Sylvain Bertholey\",\"UTMB\"],\"articleSection\":[\"Athl\u00e9 | Course pied | Marche\",\"Interview \u00e0 la une\",\"Interviews\",\"R\u00e9cits de course \/ Portraits \/ Interviews\"],\"inLanguage\":\"fr-FR\",\"potentialAction\":[{\"@type\":\"CommentAction\",\"name\":\"Comment\",\"target\":[\"https:\/\/newsestlyonnais.fr\/site\/2023\/09\/10\/sylvain-bertholey-lobjectif-premier-sur-cette-course-tres-longue-etait-de-boucler-la-boucle-detre-finisher\/#respond\"]}]},{\"@type\":\"WebPage\",\"@id\":\"https:\/\/newsestlyonnais.fr\/site\/2023\/09\/10\/sylvain-bertholey-lobjectif-premier-sur-cette-course-tres-longue-etait-de-boucler-la-boucle-detre-finisher\/\",\"url\":\"https:\/\/newsestlyonnais.fr\/site\/2023\/09\/10\/sylvain-bertholey-lobjectif-premier-sur-cette-course-tres-longue-etait-de-boucler-la-boucle-detre-finisher\/\",\"name\":\"Sylvain Bertholey\\\" L\u2019objectif premier sur cette course tr\u00e8s longue \u00e9tait de boucler la boucle, d'\u00eatre finisher \\\" - News Est Lyonnais\",\"isPartOf\":{\"@id\":\"https:\/\/newsestlyonnais.fr\/site\/#website\"},\"primaryImageOfPage\":{\"@id\":\"https:\/\/newsestlyonnais.fr\/site\/2023\/09\/10\/sylvain-bertholey-lobjectif-premier-sur-cette-course-tres-longue-etait-de-boucler-la-boucle-detre-finisher\/#primaryimage\"},\"image\":{\"@id\":\"https:\/\/newsestlyonnais.fr\/site\/2023\/09\/10\/sylvain-bertholey-lobjectif-premier-sur-cette-course-tres-longue-etait-de-boucler-la-boucle-detre-finisher\/#primaryimage\"},\"thumbnailUrl\":\"https:\/\/newsestlyonnais.fr\/site\/wp-content\/uploads\/2023\/09\/10178_20230902_015440_309274884_socialmedia.jpg\",\"datePublished\":\"2023-09-10T18:55:54+00:00\",\"dateModified\":\"2023-09-11T03:36:17+00:00\",\"description\":\"Sylvain Bertholey\\\" L\u2019objectif premier sur cette course tr\u00e8s longue \u00e9tait de boucler la boucle, d'\u00eatre finisher \\\"\",\"breadcrumb\":{\"@id\":\"https:\/\/newsestlyonnais.fr\/site\/2023\/09\/10\/sylvain-bertholey-lobjectif-premier-sur-cette-course-tres-longue-etait-de-boucler-la-boucle-detre-finisher\/#breadcrumb\"},\"inLanguage\":\"fr-FR\",\"potentialAction\":[{\"@type\":\"ReadAction\",\"target\":[\"https:\/\/newsestlyonnais.fr\/site\/2023\/09\/10\/sylvain-bertholey-lobjectif-premier-sur-cette-course-tres-longue-etait-de-boucler-la-boucle-detre-finisher\/\"]}]},{\"@type\":\"ImageObject\",\"inLanguage\":\"fr-FR\",\"@id\":\"https:\/\/newsestlyonnais.fr\/site\/2023\/09\/10\/sylvain-bertholey-lobjectif-premier-sur-cette-course-tres-longue-etait-de-boucler-la-boucle-detre-finisher\/#primaryimage\",\"url\":\"https:\/\/newsestlyonnais.fr\/site\/wp-content\/uploads\/2023\/09\/10178_20230902_015440_309274884_socialmedia.jpg\",\"contentUrl\":\"https:\/\/newsestlyonnais.fr\/site\/wp-content\/uploads\/2023\/09\/10178_20230902_015440_309274884_socialmedia.jpg\",\"width\":1200,\"height\":799},{\"@type\":\"BreadcrumbList\",\"@id\":\"https:\/\/newsestlyonnais.fr\/site\/2023\/09\/10\/sylvain-bertholey-lobjectif-premier-sur-cette-course-tres-longue-etait-de-boucler-la-boucle-detre-finisher\/#breadcrumb\",\"itemListElement\":[{\"@type\":\"ListItem\",\"position\":1,\"name\":\"Accueil\",\"item\":\"https:\/\/newsestlyonnais.fr\/site\/\"},{\"@type\":\"ListItem\",\"position\":2,\"name\":\"Sylvain Bertholey\u00a0\u00bb L\u2019objectif premier sur cette course tr\u00e8s longue \u00e9tait de boucler la boucle, d&rsquo;\u00eatre finisher \u00ab\u00a0\"}]},{\"@type\":\"WebSite\",\"@id\":\"https:\/\/newsestlyonnais.fr\/site\/#website\",\"url\":\"https:\/\/newsestlyonnais.fr\/site\/\",\"name\":\"News Est Lyonnais\",\"description\":\"L&#039;actualit\u00e9 au plus pr\u00e8s\",\"publisher\":{\"@id\":\"https:\/\/newsestlyonnais.fr\/site\/#organization\"},\"potentialAction\":[{\"@type\":\"SearchAction\",\"target\":{\"@type\":\"EntryPoint\",\"urlTemplate\":\"https:\/\/newsestlyonnais.fr\/site\/?s={search_term_string}\"},\"query-input\":{\"@type\":\"PropertyValueSpecification\",\"valueRequired\":true,\"valueName\":\"search_term_string\"}}],\"inLanguage\":\"fr-FR\"},{\"@type\":\"Organization\",\"@id\":\"https:\/\/newsestlyonnais.fr\/site\/#organization\",\"name\":\"News EST LYONNAIS\",\"url\":\"https:\/\/newsestlyonnais.fr\/site\/\",\"logo\":{\"@type\":\"ImageObject\",\"inLanguage\":\"fr-FR\",\"@id\":\"https:\/\/newsestlyonnais.fr\/site\/#\/schema\/logo\/image\/\",\"url\":\"\",\"contentUrl\":\"\",\"caption\":\"News EST LYONNAIS\"},\"image\":{\"@id\":\"https:\/\/newsestlyonnais.fr\/site\/#\/schema\/logo\/image\/\"}},{\"@type\":\"Person\",\"@id\":\"https:\/\/newsestlyonnais.fr\/site\/#\/schema\/person\/3230d5615f390bb808365d673001e887\",\"name\":\"R\u00e9dac. NEWS\",\"sameAs\":[\"http:\/\/www.newsestlyonnais.fr\",\"https:\/\/www.facebook.com\/pascal.oberson.1?fref=ts\",\"https:\/\/fr.linkedin.com\/in\/pascal-oberson-b17045113\"],\"url\":\"https:\/\/newsestlyonnais.fr\/site\/author\/nel\/\"}]}<\/script>\n<!-- \/ Yoast SEO plugin. -->","yoast_head_json":{"title":"Sylvain Bertholey\" L\u2019objectif premier sur cette course tr\u00e8s longue \u00e9tait de boucler la boucle, d'\u00eatre finisher \" - News Est Lyonnais","description":"Sylvain Bertholey\" L\u2019objectif premier sur cette course tr\u00e8s longue \u00e9tait de boucler la boucle, d'\u00eatre finisher \"","robots":{"index":"index","follow":"follow","max-snippet":"max-snippet:-1","max-image-preview":"max-image-preview:large","max-video-preview":"max-video-preview:-1"},"canonical":"https:\/\/newsestlyonnais.fr\/site\/2023\/09\/10\/sylvain-bertholey-lobjectif-premier-sur-cette-course-tres-longue-etait-de-boucler-la-boucle-detre-finisher\/","og_locale":"fr_FR","og_type":"article","og_title":"Sylvain Bertholey\" L\u2019objectif premier sur cette course tr\u00e8s longue \u00e9tait de boucler la boucle, d'\u00eatre finisher \" - News Est Lyonnais","og_description":"Sylvain Bertholey\" L\u2019objectif premier sur cette course tr\u00e8s longue \u00e9tait de boucler la boucle, d'\u00eatre finisher \"","og_url":"https:\/\/newsestlyonnais.fr\/site\/2023\/09\/10\/sylvain-bertholey-lobjectif-premier-sur-cette-course-tres-longue-etait-de-boucler-la-boucle-detre-finisher\/","og_site_name":"News Est Lyonnais","article_author":"https:\/\/www.facebook.com\/pascal.oberson.1?fref=ts","article_published_time":"2023-09-10T18:55:54+00:00","article_modified_time":"2023-09-11T03:36:17+00:00","og_image":[{"width":1200,"height":799,"url":"https:\/\/newsestlyonnais.fr\/site\/wp-content\/uploads\/2023\/09\/10178_20230902_015440_309274884_socialmedia.jpg","type":"image\/jpeg"}],"author":"R\u00e9dac. NEWS","twitter_card":"summary_large_image","twitter_misc":{"\u00c9crit par":"R\u00e9dac. NEWS","Dur\u00e9e de lecture estim\u00e9e":"9 minutes"},"schema":{"@context":"https:\/\/schema.org","@graph":[{"@type":"Article","@id":"https:\/\/newsestlyonnais.fr\/site\/2023\/09\/10\/sylvain-bertholey-lobjectif-premier-sur-cette-course-tres-longue-etait-de-boucler-la-boucle-detre-finisher\/#article","isPartOf":{"@id":"https:\/\/newsestlyonnais.fr\/site\/2023\/09\/10\/sylvain-bertholey-lobjectif-premier-sur-cette-course-tres-longue-etait-de-boucler-la-boucle-detre-finisher\/"},"author":{"name":"R\u00e9dac. NEWS","@id":"https:\/\/newsestlyonnais.fr\/site\/#\/schema\/person\/3230d5615f390bb808365d673001e887"},"headline":"Sylvain Bertholey\u00a0\u00bb L\u2019objectif premier sur cette course tr\u00e8s longue \u00e9tait de boucler la boucle, d&rsquo;\u00eatre finisher \u00ab\u00a0","datePublished":"2023-09-10T18:55:54+00:00","dateModified":"2023-09-11T03:36:17+00:00","mainEntityOfPage":{"@id":"https:\/\/newsestlyonnais.fr\/site\/2023\/09\/10\/sylvain-bertholey-lobjectif-premier-sur-cette-course-tres-longue-etait-de-boucler-la-boucle-detre-finisher\/"},"wordCount":1774,"commentCount":0,"publisher":{"@id":"https:\/\/newsestlyonnais.fr\/site\/#organization"},"image":{"@id":"https:\/\/newsestlyonnais.fr\/site\/2023\/09\/10\/sylvain-bertholey-lobjectif-premier-sur-cette-course-tres-longue-etait-de-boucler-la-boucle-detre-finisher\/#primaryimage"},"thumbnailUrl":"https:\/\/newsestlyonnais.fr\/site\/wp-content\/uploads\/2023\/09\/10178_20230902_015440_309274884_socialmedia.jpg","keywords":["ccc","Sylvain Bertholey","UTMB"],"articleSection":["Athl\u00e9 | Course pied | Marche","Interview \u00e0 la une","Interviews","R\u00e9cits de course \/ Portraits \/ Interviews"],"inLanguage":"fr-FR","potentialAction":[{"@type":"CommentAction","name":"Comment","target":["https:\/\/newsestlyonnais.fr\/site\/2023\/09\/10\/sylvain-bertholey-lobjectif-premier-sur-cette-course-tres-longue-etait-de-boucler-la-boucle-detre-finisher\/#respond"]}]},{"@type":"WebPage","@id":"https:\/\/newsestlyonnais.fr\/site\/2023\/09\/10\/sylvain-bertholey-lobjectif-premier-sur-cette-course-tres-longue-etait-de-boucler-la-boucle-detre-finisher\/","url":"https:\/\/newsestlyonnais.fr\/site\/2023\/09\/10\/sylvain-bertholey-lobjectif-premier-sur-cette-course-tres-longue-etait-de-boucler-la-boucle-detre-finisher\/","name":"Sylvain Bertholey\" L\u2019objectif premier sur cette course tr\u00e8s longue \u00e9tait de boucler la boucle, d'\u00eatre finisher \" - News Est Lyonnais","isPartOf":{"@id":"https:\/\/newsestlyonnais.fr\/site\/#website"},"primaryImageOfPage":{"@id":"https:\/\/newsestlyonnais.fr\/site\/2023\/09\/10\/sylvain-bertholey-lobjectif-premier-sur-cette-course-tres-longue-etait-de-boucler-la-boucle-detre-finisher\/#primaryimage"},"image":{"@id":"https:\/\/newsestlyonnais.fr\/site\/2023\/09\/10\/sylvain-bertholey-lobjectif-premier-sur-cette-course-tres-longue-etait-de-boucler-la-boucle-detre-finisher\/#primaryimage"},"thumbnailUrl":"https:\/\/newsestlyonnais.fr\/site\/wp-content\/uploads\/2023\/09\/10178_20230902_015440_309274884_socialmedia.jpg","datePublished":"2023-09-10T18:55:54+00:00","dateModified":"2023-09-11T03:36:17+00:00","description":"Sylvain Bertholey\" L\u2019objectif premier sur cette course tr\u00e8s longue \u00e9tait de boucler la boucle, d'\u00eatre finisher \"","breadcrumb":{"@id":"https:\/\/newsestlyonnais.fr\/site\/2023\/09\/10\/sylvain-bertholey-lobjectif-premier-sur-cette-course-tres-longue-etait-de-boucler-la-boucle-detre-finisher\/#breadcrumb"},"inLanguage":"fr-FR","potentialAction":[{"@type":"ReadAction","target":["https:\/\/newsestlyonnais.fr\/site\/2023\/09\/10\/sylvain-bertholey-lobjectif-premier-sur-cette-course-tres-longue-etait-de-boucler-la-boucle-detre-finisher\/"]}]},{"@type":"ImageObject","inLanguage":"fr-FR","@id":"https:\/\/newsestlyonnais.fr\/site\/2023\/09\/10\/sylvain-bertholey-lobjectif-premier-sur-cette-course-tres-longue-etait-de-boucler-la-boucle-detre-finisher\/#primaryimage","url":"https:\/\/newsestlyonnais.fr\/site\/wp-content\/uploads\/2023\/09\/10178_20230902_015440_309274884_socialmedia.jpg","contentUrl":"https:\/\/newsestlyonnais.fr\/site\/wp-content\/uploads\/2023\/09\/10178_20230902_015440_309274884_socialmedia.jpg","width":1200,"height":799},{"@type":"BreadcrumbList","@id":"https:\/\/newsestlyonnais.fr\/site\/2023\/09\/10\/sylvain-bertholey-lobjectif-premier-sur-cette-course-tres-longue-etait-de-boucler-la-boucle-detre-finisher\/#breadcrumb","itemListElement":[{"@type":"ListItem","position":1,"name":"Accueil","item":"https:\/\/newsestlyonnais.fr\/site\/"},{"@type":"ListItem","position":2,"name":"Sylvain Bertholey\u00a0\u00bb L\u2019objectif premier sur cette course tr\u00e8s longue \u00e9tait de boucler la boucle, d&rsquo;\u00eatre finisher \u00ab\u00a0"}]},{"@type":"WebSite","@id":"https:\/\/newsestlyonnais.fr\/site\/#website","url":"https:\/\/newsestlyonnais.fr\/site\/","name":"News Est Lyonnais","description":"L&#039;actualit\u00e9 au plus pr\u00e8s","publisher":{"@id":"https:\/\/newsestlyonnais.fr\/site\/#organization"},"potentialAction":[{"@type":"SearchAction","target":{"@type":"EntryPoint","urlTemplate":"https:\/\/newsestlyonnais.fr\/site\/?s={search_term_string}"},"query-input":{"@type":"PropertyValueSpecification","valueRequired":true,"valueName":"search_term_string"}}],"inLanguage":"fr-FR"},{"@type":"Organization","@id":"https:\/\/newsestlyonnais.fr\/site\/#organization","name":"News EST LYONNAIS","url":"https:\/\/newsestlyonnais.fr\/site\/","logo":{"@type":"ImageObject","inLanguage":"fr-FR","@id":"https:\/\/newsestlyonnais.fr\/site\/#\/schema\/logo\/image\/","url":"","contentUrl":"","caption":"News EST LYONNAIS"},"image":{"@id":"https:\/\/newsestlyonnais.fr\/site\/#\/schema\/logo\/image\/"}},{"@type":"Person","@id":"https:\/\/newsestlyonnais.fr\/site\/#\/schema\/person\/3230d5615f390bb808365d673001e887","name":"R\u00e9dac. NEWS","sameAs":["http:\/\/www.newsestlyonnais.fr","https:\/\/www.facebook.com\/pascal.oberson.1?fref=ts","https:\/\/fr.linkedin.com\/in\/pascal-oberson-b17045113"],"url":"https:\/\/newsestlyonnais.fr\/site\/author\/nel\/"}]}},"_links":{"self":[{"href":"https:\/\/newsestlyonnais.fr\/site\/wp-json\/wp\/v2\/posts\/188924","targetHints":{"allow":["GET"]}}],"collection":[{"href":"https:\/\/newsestlyonnais.fr\/site\/wp-json\/wp\/v2\/posts"}],"about":[{"href":"https:\/\/newsestlyonnais.fr\/site\/wp-json\/wp\/v2\/types\/post"}],"author":[{"embeddable":true,"href":"https:\/\/newsestlyonnais.fr\/site\/wp-json\/wp\/v2\/users\/4"}],"replies":[{"embeddable":true,"href":"https:\/\/newsestlyonnais.fr\/site\/wp-json\/wp\/v2\/comments?post=188924"}],"version-history":[{"count":0,"href":"https:\/\/newsestlyonnais.fr\/site\/wp-json\/wp\/v2\/posts\/188924\/revisions"}],"wp:featuredmedia":[{"embeddable":true,"href":"https:\/\/newsestlyonnais.fr\/site\/wp-json\/wp\/v2\/media\/188927"}],"wp:attachment":[{"href":"https:\/\/newsestlyonnais.fr\/site\/wp-json\/wp\/v2\/media?parent=188924"}],"wp:term":[{"taxonomy":"category","embeddable":true,"href":"https:\/\/newsestlyonnais.fr\/site\/wp-json\/wp\/v2\/categories?post=188924"},{"taxonomy":"post_tag","embeddable":true,"href":"https:\/\/newsestlyonnais.fr\/site\/wp-json\/wp\/v2\/tags?post=188924"}],"curies":[{"name":"wp","href":"https:\/\/api.w.org\/{rel}","templated":true}]}}