{"id":190558,"date":"2023-10-05T16:10:19","date_gmt":"2023-10-05T15:10:19","guid":{"rendered":"https:\/\/newsestlyonnais.fr\/site\/?p=190558"},"modified":"2023-10-05T19:21:37","modified_gmt":"2023-10-05T18:21:37","slug":"clement-breysse-on-doit-donner-le-rythme-de-la-competition-expliquer-decrypter-pour-les-spectateurs","status":"publish","type":"post","link":"https:\/\/newsestlyonnais.fr\/site\/2023\/10\/05\/clement-breysse-on-doit-donner-le-rythme-de-la-competition-expliquer-decrypter-pour-les-spectateurs\/","title":{"rendered":"Cl\u00e9ment Breysse \u00ab On doit donner le rythme de la comp\u00e9tition, expliquer, d\u00e9crypter pour les spectateurs \u00bb"},"content":{"rendered":"<p><strong><span style=\"background-color: #000000; color: #ffffff;\">Petite pr\u00e9sentation<\/span><\/strong><\/p>\n<p>\u00bb 40 ans, mari\u00e9 papa d\u2019un petit gar\u00e7on, n\u00e9 \u00e0 Villeurbanne, a grandi \u00e0 Vienne, install\u00e9 dans le 3<sup>e<\/sup> arrondissement de Lyon. Je suis responsable administratif d\u2019un ensemble scolaire \u00bb.<\/p>\n<p><strong><span style=\"background-color: #000000; color: #ffffff;\">Votre parcours pro et \u00e9ventuellement associatif ?<\/span><\/strong><\/p>\n<p>\u00bb Licence AES \u00e0 Lyon, passage par la presse \u00e9crite avant de rejoindre un ensemble scolaire. En parall\u00e8le investissement dans le monde sportif. Et plus particuli\u00e8rement l\u2019athl\u00e9tisme, d\u2019abord par le milieu scolaire puis en club. <strong>Petit athl\u00e8te, puis entraineur, avant de prendre un micro \u00bb.<\/strong><\/p>\n<hr \/>\n<p><strong><span style=\"background-color: #000000; color: #ffffff;\">Un mot sur votre activit\u00e9 d\u2019animateur d\u2019\u00e9v\u00e8nements sportifs, comment a-t-elle d\u00e9but\u00e9e et \u00e0 quoi correspond-elle ?<\/span><\/strong><\/p>\n<p><strong>\u00bb Animateur commentateur est un r\u00f4le officiel sur un \u00e9v\u00e9nement sportif.<\/strong> <strong>Je l\u2019exerce depuis presque 25 ans principalement dans l\u2019athl\u00e9tisme stade ou hors stade<\/strong>.<\/p>\n<p><strong>J\u2019ai d\u00e9but\u00e9 sur des comp\u00e9titions scolaires UGSEL<\/strong> (enseignement libre) o\u00f9 un enseignement de sports m\u2019a propos\u00e9 de le faire puis de le refaire. <strong>De fil en aiguille je me suis retrouv\u00e9 \u00e0 animer les championnats de France scolaires<\/strong> \u00e0 Dreux o\u00f9 j\u2019ai eu la chance de rencontrer Jean et Marie-Claire Bruck. Ces derniers m\u2019ont mis en lien avec Philippe Chaput responsable du groupe d\u2019animation de la F\u00e9d\u00e9ration Fran\u00e7aise d\u2019Athl\u00e9tisme (F.F.A.). <strong>Ensuite les choses sont all\u00e9es tr\u00e8s vite. Je me suis retrouv\u00e9 \u00e0 animer des championnats de France jeunes puis assez rapidement des championnats \u00e9lites<\/strong>.<\/p>\n<p><strong>Un animateur commentateur doit donner le rythme de la comp\u00e9tition, expliquer et d\u00e9crypter<\/strong> pour les spectateurs et <strong>tenter de partager des \u00e9motions.<\/strong><\/p>\n<p>Depuis 3\/4 ans je suis \u00e9galement l\u2019<strong>un des commentateurs d\u2019Ath\u00e9 TV, la chaine de la F.F.A. <\/strong>C\u2019est un exercice diff\u00e9rent que d\u2019animer un stade car on doit contextualiser \u00e0 des t\u00e9l\u00e9spectateurs qui ne sont pas dans le stade et qui parfois ne passent que quelques minutes sur le direct. <strong>Un exercice diff\u00e9rent mais tr\u00e8s riche.<\/strong><\/p>\n<p>Aujourd\u2019hui pour r\u00e9ussir on a la chance d\u2019avoir la confiance de la F\u00e9d\u00e9ration qui a construit un groupe d\u2019animation complet avec des animateurs, des DJ, des coordinateurs, des statisticiens. La bonne entente dans cette \u00e9quipe permet aussi de faire des belles animations \u00bb.<\/p>\n<hr \/>\n<p><strong><span style=\"background-color: #000000; color: #ffffff;\">Quels grands \u00e9v\u00e8nements avez-vous d\u00e9j\u00e0 couvert ?<\/span><\/strong><\/p>\n<p data-wp-editing=\"1\"><img loading=\"lazy\" decoding=\"async\" class=\"alignleft wp-image-190598\" src=\"https:\/\/newsestlyonnais.fr\/site\/wp-content\/uploads\/2023\/10\/0a3c9a1d-7b68-4409-8de3-8297eebea5a8-400x889.jpg\" alt=\"\" width=\"100\" height=\"222\" srcset=\"https:\/\/newsestlyonnais.fr\/site\/wp-content\/uploads\/2023\/10\/0a3c9a1d-7b68-4409-8de3-8297eebea5a8-400x889.jpg 400w, https:\/\/newsestlyonnais.fr\/site\/wp-content\/uploads\/2023\/10\/0a3c9a1d-7b68-4409-8de3-8297eebea5a8-250x556.jpg 250w, https:\/\/newsestlyonnais.fr\/site\/wp-content\/uploads\/2023\/10\/0a3c9a1d-7b68-4409-8de3-8297eebea5a8-150x333.jpg 150w, https:\/\/newsestlyonnais.fr\/site\/wp-content\/uploads\/2023\/10\/0a3c9a1d-7b68-4409-8de3-8297eebea5a8-50x111.jpg 50w, https:\/\/newsestlyonnais.fr\/site\/wp-content\/uploads\/2023\/10\/0a3c9a1d-7b68-4409-8de3-8297eebea5a8-100x222.jpg 100w, https:\/\/newsestlyonnais.fr\/site\/wp-content\/uploads\/2023\/10\/0a3c9a1d-7b68-4409-8de3-8297eebea5a8-200x444.jpg 200w, https:\/\/newsestlyonnais.fr\/site\/wp-content\/uploads\/2023\/10\/0a3c9a1d-7b68-4409-8de3-8297eebea5a8-300x667.jpg 300w, https:\/\/newsestlyonnais.fr\/site\/wp-content\/uploads\/2023\/10\/0a3c9a1d-7b68-4409-8de3-8297eebea5a8-350x778.jpg 350w, https:\/\/newsestlyonnais.fr\/site\/wp-content\/uploads\/2023\/10\/0a3c9a1d-7b68-4409-8de3-8297eebea5a8-450x1000.jpg 450w, https:\/\/newsestlyonnais.fr\/site\/wp-content\/uploads\/2023\/10\/0a3c9a1d-7b68-4409-8de3-8297eebea5a8-500x1111.jpg 500w, https:\/\/newsestlyonnais.fr\/site\/wp-content\/uploads\/2023\/10\/0a3c9a1d-7b68-4409-8de3-8297eebea5a8.jpg 540w\" sizes=\"auto, (max-width: 100px) 100vw, 100px\" \/>\u00bb <strong>Chaque \u00e9v\u00e9nement est important \u00e0 son \u00e9chelle et doit donc \u00eatre pr\u00e9par\u00e9 avec s\u00e9rieux<\/strong>. J\u2019aime citer cette phrase de Philippe Chaput le responsable du groupe d\u2019animation \u00ab <strong>qu\u2019il y ait 10 ou 10.000 spectateurs tu dois animer avec la m\u00eame envie<\/strong> \u00bb.<\/p>\n<p>J\u2019ai eu la chance de commenter les championnats d\u2019Europe par \u00e9quipes \u00e0 Lille, les championnats du monde de para athl\u00e9tisme, des meetings internationaux, des championnats de France\u2026\u00bb.<\/p>\n<hr \/>\n<p><strong><span style=\"background-color: #000000; color: #ffffff;\">Quelques anecdotes et moments forts v\u00e9cus ?<\/span><\/strong><\/p>\n<p>\u00bb <strong>Chaque \u00e9v\u00e9nement donne lieu \u00e0 des moments forts, c\u2019est la richesse d\u2019une animation<\/strong>. <strong>Les records battus sont des moments rares et donc \u00e9mouvants<\/strong>. A Pierre-B\u00e9nite quand Salim Sdiri bat le record de France de la longueur, je suis tout jeune, c\u2019est fort. Quelques temps apr\u00e8s \u00e0 Aubi\u00e8re, Teddy Tamgho bat le record du monde du triple saut\u2026 on r\u00e9alise qu\u2019on est privil\u00e9gi\u00e9 de vivre \u00e7a aux premi\u00e8res loges.<\/p>\n<p>Derni\u00e8rement il y a eu l\u2019incroyable soir\u00e9e de Diamond League de Paris avec trois records du monde devant 20.000 spectateurs. C\u2019\u00e9tait assez unique.<\/p>\n<p><strong>En sortant des records il y a l\u2019incident technique qui peut arriver<\/strong> comme au D\u00e9canation \u00e0 Angers o\u00f9 avec Philippe Chaput on se retrouve \u00e0 meubler 20 minutes face cam\u00e9ra sur l\u2019\u00e9cran g\u00e9ant car il y avait un orage monstrueux et qu\u2019il ne se passait rien.<\/p>\n<p>Il y a aussi ce souvenir de travail d\u2019\u00e9quipe aux championnats d\u2019Europe par \u00e9quipes o\u00f9 j\u2019ai la mauvaise start-list et c\u2019est le coordinateur qui me dicte les noms dans mon oreillette. L\u00e0 on fait confiance, on r\u00e9p\u00e8te et apr\u00e8s on dit merci beaucoup !\u00a0 Ce jour-l\u00e0 il y avait 8.000 personnes dans le stade \u00bb.<\/p>\n<p><strong><span style=\"background-color: #000000; color: #ffffff;\">Vos projets d\u2019ici la fin d\u2019ann\u00e9e ?<\/span><\/strong><\/p>\n<p>\u00bb <strong>L\u2019animation n\u2019est pas mon m\u00e9tier. C\u2019est une passion<\/strong>. Mais elle doit s\u2019\u00e9quilibrer avec mon m\u00e9tier mais aussi et surtout avec ma vie de famille.<\/p>\n<p>Il y aura quelques courses ou \u00e9v\u00e9nements plus le tournoi international de rugby fauteuil \u00e0 Paris. Le Handisport reste un monde incroyable de valeurs et d\u2019\u00e9motion \u00bb.<\/p>\n<hr \/>\n<p><strong><span style=\"background-color: #000000; color: #ffffff;\">Vous venez d\u2019\u00eatre \u00e9lu pour \u00eatre la voix fran\u00e7aise au SDF pour les JO de Paris 2024, en quoi cela consistera ?<\/span><\/strong><\/p>\n<p><strong>\u00bb Je n\u2019ai pas \u00e9t\u00e9 \u00e9lu mais d\u00e9sign\u00e9 par la f\u00e9d\u00e9ration internationale lors du congr\u00e8s<\/strong> qui a lieu en marge des championnats du monde \u00e0 Budapest. Nous sommes 4 annonceurs : 2 Fran\u00e7ais (H\u00e9l\u00e8ne Richter qui a d\u00e9j\u00e0 fait Tokyo et moi), 2 anglophones (1 Jama\u00efcain\u00a0 et un Britannique).<\/p>\n<p><strong>Nous aurons la responsabilit\u00e9 d\u2019assurer toutes les annonces dans le stade de France, de la pr\u00e9sentation des athl\u00e8tes, aux r\u00e9sultants en passant par l\u2019animation des \u00e9preuves.<\/strong><\/p>\n<p>Il faudra donner les cl\u00e9s de lecture aux spectateurs d\u2019un immense spectacle avec plein d\u2019\u00e9preuves en simultan\u00e9. On doit expliquer, mais en m\u00eame temps partager des \u00e9motions et rendre l\u2019exp\u00e9rience spectateurs inoubliable. <strong>C\u2019est un vrai travail d\u2019\u00e9quipe<\/strong>. Des annonceurs mais aussi de tous ceux qui aident et travaillent dans l\u2019ombre. Les speakers sont la partie visible mais il y a un DJ, des statisticiens, des floor manager, des coordinateurs\u2026. \u00bb.<\/p>\n<hr \/>\n<div id='gallery-1' class='gallery galleryid-190558 gallery-columns-3 gallery-size-large'><figure class='gallery-item'>\n\t\t\t<div class='gallery-icon landscape'>\n\t\t\t\t<a href='https:\/\/newsestlyonnais.fr\/site\/2023\/10\/05\/clement-breysse-on-doit-donner-le-rythme-de-la-competition-expliquer-decrypter-pour-les-spectateurs\/img_8935\/'><img loading=\"lazy\" decoding=\"async\" width=\"640\" height=\"480\" src=\"https:\/\/newsestlyonnais.fr\/site\/wp-content\/uploads\/2023\/10\/IMG_8935-650x488.jpg\" class=\"attachment-large size-large\" alt=\"\" srcset=\"https:\/\/newsestlyonnais.fr\/site\/wp-content\/uploads\/2023\/10\/IMG_8935-650x488.jpg 650w, https:\/\/newsestlyonnais.fr\/site\/wp-content\/uploads\/2023\/10\/IMG_8935-400x300.jpg 400w, https:\/\/newsestlyonnais.fr\/site\/wp-content\/uploads\/2023\/10\/IMG_8935-250x188.jpg 250w, https:\/\/newsestlyonnais.fr\/site\/wp-content\/uploads\/2023\/10\/IMG_8935-768x576.jpg 768w, https:\/\/newsestlyonnais.fr\/site\/wp-content\/uploads\/2023\/10\/IMG_8935-150x113.jpg 150w, https:\/\/newsestlyonnais.fr\/site\/wp-content\/uploads\/2023\/10\/IMG_8935-50x38.jpg 50w, https:\/\/newsestlyonnais.fr\/site\/wp-content\/uploads\/2023\/10\/IMG_8935-100x75.jpg 100w, https:\/\/newsestlyonnais.fr\/site\/wp-content\/uploads\/2023\/10\/IMG_8935-200x150.jpg 200w, https:\/\/newsestlyonnais.fr\/site\/wp-content\/uploads\/2023\/10\/IMG_8935-300x225.jpg 300w, https:\/\/newsestlyonnais.fr\/site\/wp-content\/uploads\/2023\/10\/IMG_8935-350x263.jpg 350w, https:\/\/newsestlyonnais.fr\/site\/wp-content\/uploads\/2023\/10\/IMG_8935-450x338.jpg 450w, https:\/\/newsestlyonnais.fr\/site\/wp-content\/uploads\/2023\/10\/IMG_8935-500x375.jpg 500w, https:\/\/newsestlyonnais.fr\/site\/wp-content\/uploads\/2023\/10\/IMG_8935-550x413.jpg 550w, https:\/\/newsestlyonnais.fr\/site\/wp-content\/uploads\/2023\/10\/IMG_8935-800x600.jpg 800w, https:\/\/newsestlyonnais.fr\/site\/wp-content\/uploads\/2023\/10\/IMG_8935.jpg 1200w\" sizes=\"auto, (max-width: 640px) 100vw, 640px\" \/><\/a>\n\t\t\t<\/div><\/figure><figure class='gallery-item'>\n\t\t\t<div class='gallery-icon landscape'>\n\t\t\t\t<a href='https:\/\/newsestlyonnais.fr\/site\/2023\/10\/05\/clement-breysse-on-doit-donner-le-rythme-de-la-competition-expliquer-decrypter-pour-les-spectateurs\/img_6635\/'><img loading=\"lazy\" decoding=\"async\" width=\"640\" height=\"480\" src=\"https:\/\/newsestlyonnais.fr\/site\/wp-content\/uploads\/2023\/10\/IMG_6635-650x488.jpg\" class=\"attachment-large size-large\" alt=\"\" srcset=\"https:\/\/newsestlyonnais.fr\/site\/wp-content\/uploads\/2023\/10\/IMG_6635-650x488.jpg 650w, https:\/\/newsestlyonnais.fr\/site\/wp-content\/uploads\/2023\/10\/IMG_6635-400x300.jpg 400w, https:\/\/newsestlyonnais.fr\/site\/wp-content\/uploads\/2023\/10\/IMG_6635-250x188.jpg 250w, https:\/\/newsestlyonnais.fr\/site\/wp-content\/uploads\/2023\/10\/IMG_6635-768x576.jpg 768w, https:\/\/newsestlyonnais.fr\/site\/wp-content\/uploads\/2023\/10\/IMG_6635-150x113.jpg 150w, https:\/\/newsestlyonnais.fr\/site\/wp-content\/uploads\/2023\/10\/IMG_6635-50x38.jpg 50w, https:\/\/newsestlyonnais.fr\/site\/wp-content\/uploads\/2023\/10\/IMG_6635-100x75.jpg 100w, https:\/\/newsestlyonnais.fr\/site\/wp-content\/uploads\/2023\/10\/IMG_6635-200x150.jpg 200w, https:\/\/newsestlyonnais.fr\/site\/wp-content\/uploads\/2023\/10\/IMG_6635-300x225.jpg 300w, https:\/\/newsestlyonnais.fr\/site\/wp-content\/uploads\/2023\/10\/IMG_6635-350x263.jpg 350w, https:\/\/newsestlyonnais.fr\/site\/wp-content\/uploads\/2023\/10\/IMG_6635-450x338.jpg 450w, https:\/\/newsestlyonnais.fr\/site\/wp-content\/uploads\/2023\/10\/IMG_6635-500x375.jpg 500w, https:\/\/newsestlyonnais.fr\/site\/wp-content\/uploads\/2023\/10\/IMG_6635-550x413.jpg 550w, https:\/\/newsestlyonnais.fr\/site\/wp-content\/uploads\/2023\/10\/IMG_6635-800x600.jpg 800w, https:\/\/newsestlyonnais.fr\/site\/wp-content\/uploads\/2023\/10\/IMG_6635.jpg 1200w\" sizes=\"auto, (max-width: 640px) 100vw, 640px\" \/><\/a>\n\t\t\t<\/div><\/figure><figure class='gallery-item'>\n\t\t\t<div class='gallery-icon landscape'>\n\t\t\t\t<a href='https:\/\/newsestlyonnais.fr\/site\/2023\/10\/05\/clement-breysse-on-doit-donner-le-rythme-de-la-competition-expliquer-decrypter-pour-les-spectateurs\/301875cf-e9c6-43a6-820b-2efe449c72b7-3\/'><img loading=\"lazy\" decoding=\"async\" width=\"640\" height=\"288\" src=\"https:\/\/newsestlyonnais.fr\/site\/wp-content\/uploads\/2023\/10\/301875cf-e9c6-43a6-820b-2efe449c72b7-3-650x293.jpg\" class=\"attachment-large size-large\" alt=\"\" srcset=\"https:\/\/newsestlyonnais.fr\/site\/wp-content\/uploads\/2023\/10\/301875cf-e9c6-43a6-820b-2efe449c72b7-3-650x293.jpg 650w, https:\/\/newsestlyonnais.fr\/site\/wp-content\/uploads\/2023\/10\/301875cf-e9c6-43a6-820b-2efe449c72b7-3-400x180.jpg 400w, https:\/\/newsestlyonnais.fr\/site\/wp-content\/uploads\/2023\/10\/301875cf-e9c6-43a6-820b-2efe449c72b7-3-250x113.jpg 250w, https:\/\/newsestlyonnais.fr\/site\/wp-content\/uploads\/2023\/10\/301875cf-e9c6-43a6-820b-2efe449c72b7-3-768x346.jpg 768w, https:\/\/newsestlyonnais.fr\/site\/wp-content\/uploads\/2023\/10\/301875cf-e9c6-43a6-820b-2efe449c72b7-3-150x68.jpg 150w, https:\/\/newsestlyonnais.fr\/site\/wp-content\/uploads\/2023\/10\/301875cf-e9c6-43a6-820b-2efe449c72b7-3-50x23.jpg 50w, https:\/\/newsestlyonnais.fr\/site\/wp-content\/uploads\/2023\/10\/301875cf-e9c6-43a6-820b-2efe449c72b7-3-100x45.jpg 100w, https:\/\/newsestlyonnais.fr\/site\/wp-content\/uploads\/2023\/10\/301875cf-e9c6-43a6-820b-2efe449c72b7-3-200x90.jpg 200w, https:\/\/newsestlyonnais.fr\/site\/wp-content\/uploads\/2023\/10\/301875cf-e9c6-43a6-820b-2efe449c72b7-3-300x135.jpg 300w, https:\/\/newsestlyonnais.fr\/site\/wp-content\/uploads\/2023\/10\/301875cf-e9c6-43a6-820b-2efe449c72b7-3-350x158.jpg 350w, https:\/\/newsestlyonnais.fr\/site\/wp-content\/uploads\/2023\/10\/301875cf-e9c6-43a6-820b-2efe449c72b7-3-450x203.jpg 450w, https:\/\/newsestlyonnais.fr\/site\/wp-content\/uploads\/2023\/10\/301875cf-e9c6-43a6-820b-2efe449c72b7-3-500x225.jpg 500w, https:\/\/newsestlyonnais.fr\/site\/wp-content\/uploads\/2023\/10\/301875cf-e9c6-43a6-820b-2efe449c72b7-3-550x248.jpg 550w, https:\/\/newsestlyonnais.fr\/site\/wp-content\/uploads\/2023\/10\/301875cf-e9c6-43a6-820b-2efe449c72b7-3-800x360.jpg 800w, https:\/\/newsestlyonnais.fr\/site\/wp-content\/uploads\/2023\/10\/301875cf-e9c6-43a6-820b-2efe449c72b7-3.jpg 1200w\" sizes=\"auto, (max-width: 640px) 100vw, 640px\" \/><\/a>\n\t\t\t<\/div><\/figure><figure class='gallery-item'>\n\t\t\t<div class='gallery-icon landscape'>\n\t\t\t\t<a href='https:\/\/newsestlyonnais.fr\/site\/2023\/10\/05\/clement-breysse-on-doit-donner-le-rythme-de-la-competition-expliquer-decrypter-pour-les-spectateurs\/00767f84-ced7-41f5-a64a-b903d2049e0d\/'><img loading=\"lazy\" decoding=\"async\" width=\"640\" height=\"320\" src=\"https:\/\/newsestlyonnais.fr\/site\/wp-content\/uploads\/2023\/10\/00767f84-ced7-41f5-a64a-b903d2049e0d-650x325.jpg\" class=\"attachment-large size-large\" alt=\"\" srcset=\"https:\/\/newsestlyonnais.fr\/site\/wp-content\/uploads\/2023\/10\/00767f84-ced7-41f5-a64a-b903d2049e0d-650x325.jpg 650w, https:\/\/newsestlyonnais.fr\/site\/wp-content\/uploads\/2023\/10\/00767f84-ced7-41f5-a64a-b903d2049e0d-400x200.jpg 400w, https:\/\/newsestlyonnais.fr\/site\/wp-content\/uploads\/2023\/10\/00767f84-ced7-41f5-a64a-b903d2049e0d-250x125.jpg 250w, https:\/\/newsestlyonnais.fr\/site\/wp-content\/uploads\/2023\/10\/00767f84-ced7-41f5-a64a-b903d2049e0d-768x384.jpg 768w, https:\/\/newsestlyonnais.fr\/site\/wp-content\/uploads\/2023\/10\/00767f84-ced7-41f5-a64a-b903d2049e0d-150x75.jpg 150w, https:\/\/newsestlyonnais.fr\/site\/wp-content\/uploads\/2023\/10\/00767f84-ced7-41f5-a64a-b903d2049e0d-50x25.jpg 50w, https:\/\/newsestlyonnais.fr\/site\/wp-content\/uploads\/2023\/10\/00767f84-ced7-41f5-a64a-b903d2049e0d-100x50.jpg 100w, https:\/\/newsestlyonnais.fr\/site\/wp-content\/uploads\/2023\/10\/00767f84-ced7-41f5-a64a-b903d2049e0d-200x100.jpg 200w, https:\/\/newsestlyonnais.fr\/site\/wp-content\/uploads\/2023\/10\/00767f84-ced7-41f5-a64a-b903d2049e0d-300x150.jpg 300w, https:\/\/newsestlyonnais.fr\/site\/wp-content\/uploads\/2023\/10\/00767f84-ced7-41f5-a64a-b903d2049e0d-350x175.jpg 350w, https:\/\/newsestlyonnais.fr\/site\/wp-content\/uploads\/2023\/10\/00767f84-ced7-41f5-a64a-b903d2049e0d-450x225.jpg 450w, https:\/\/newsestlyonnais.fr\/site\/wp-content\/uploads\/2023\/10\/00767f84-ced7-41f5-a64a-b903d2049e0d-500x250.jpg 500w, https:\/\/newsestlyonnais.fr\/site\/wp-content\/uploads\/2023\/10\/00767f84-ced7-41f5-a64a-b903d2049e0d-550x275.jpg 550w, https:\/\/newsestlyonnais.fr\/site\/wp-content\/uploads\/2023\/10\/00767f84-ced7-41f5-a64a-b903d2049e0d-800x400.jpg 800w, https:\/\/newsestlyonnais.fr\/site\/wp-content\/uploads\/2023\/10\/00767f84-ced7-41f5-a64a-b903d2049e0d.jpg 1200w\" sizes=\"auto, (max-width: 640px) 100vw, 640px\" \/><\/a>\n\t\t\t<\/div><\/figure>\n\t\t<\/div>\n\n","protected":false},"excerpt":{"rendered":"<p>L&rsquo;animateur commentateur qui exerce principalement dans l\u2019athl\u00e9tisme a \u00e9t\u00e9 d\u00e9sign\u00e9 par la F\u00e9d\u00e9ration Internationale pour assurer les annonces du Stade de France aux JO 2024.<\/p>\n","protected":false},"author":4,"featured_media":190567,"comment_status":"open","ping_status":"open","sticky":false,"template":"","format":"standard","meta":{"footnotes":""},"categories":[4879,4286,137,1625],"tags":[4877,4876,4878],"class_list":["post-190558","post","type-post","status-publish","format-standard","has-post-thumbnail","hentry","category-animation","category-interview-a-la-une","category-interviews","category-lyon","tag-animation","tag-clement-breysse","tag-commentateur"],"yoast_head":"<!-- This site is optimized with the Yoast SEO plugin v27.2 - https:\/\/yoast.com\/product\/yoast-seo-wordpress\/ -->\n<title>Cl\u00e9ment Breysse \u00ab On doit donner le rythme de la comp\u00e9tition, expliquer, d\u00e9crypter pour les spectateurs \u00bb - News Est Lyonnais<\/title>\n<meta name=\"description\" content=\"Cl\u00e9ment Breysse \u00ab On doit donner le rythme de la comp\u00e9tition, expliquer, d\u00e9crypter pour les spectateurs \u00bb\" \/>\n<meta name=\"robots\" content=\"index, follow, max-snippet:-1, max-image-preview:large, max-video-preview:-1\" \/>\n<link rel=\"canonical\" href=\"https:\/\/newsestlyonnais.fr\/site\/2023\/10\/05\/clement-breysse-on-doit-donner-le-rythme-de-la-competition-expliquer-decrypter-pour-les-spectateurs\/\" \/>\n<meta property=\"og:locale\" content=\"fr_FR\" \/>\n<meta property=\"og:type\" content=\"article\" \/>\n<meta property=\"og:title\" content=\"Cl\u00e9ment Breysse \u00ab On doit donner le rythme de la comp\u00e9tition, expliquer, d\u00e9crypter pour les spectateurs \u00bb - News Est Lyonnais\" \/>\n<meta property=\"og:description\" content=\"Cl\u00e9ment Breysse \u00ab On doit donner le rythme de la comp\u00e9tition, expliquer, d\u00e9crypter pour les spectateurs \u00bb\" \/>\n<meta property=\"og:url\" content=\"https:\/\/newsestlyonnais.fr\/site\/2023\/10\/05\/clement-breysse-on-doit-donner-le-rythme-de-la-competition-expliquer-decrypter-pour-les-spectateurs\/\" \/>\n<meta property=\"og:site_name\" content=\"News Est Lyonnais\" \/>\n<meta property=\"article:author\" content=\"https:\/\/www.facebook.com\/pascal.oberson.1?fref=ts\" \/>\n<meta property=\"article:published_time\" content=\"2023-10-05T15:10:19+00:00\" \/>\n<meta property=\"article:modified_time\" content=\"2023-10-05T18:21:37+00:00\" \/>\n<meta property=\"og:image\" content=\"https:\/\/newsestlyonnais.fr\/site\/wp-content\/uploads\/2023\/10\/IMG_8748.jpg\" \/>\n\t<meta property=\"og:image:width\" content=\"892\" \/>\n\t<meta property=\"og:image:height\" content=\"887\" \/>\n\t<meta property=\"og:image:type\" content=\"image\/jpeg\" \/>\n<meta name=\"author\" content=\"R\u00e9dac. NEWS\" \/>\n<meta name=\"twitter:card\" content=\"summary_large_image\" \/>\n<meta name=\"twitter:label1\" content=\"\u00c9crit par\" \/>\n\t<meta name=\"twitter:data1\" content=\"R\u00e9dac. NEWS\" \/>\n\t<meta name=\"twitter:label2\" content=\"Dur\u00e9e de lecture estim\u00e9e\" \/>\n\t<meta name=\"twitter:data2\" content=\"5 minutes\" \/>\n<script type=\"application\/ld+json\" class=\"yoast-schema-graph\">{\"@context\":\"https:\/\/schema.org\",\"@graph\":[{\"@type\":\"Article\",\"@id\":\"https:\/\/newsestlyonnais.fr\/site\/2023\/10\/05\/clement-breysse-on-doit-donner-le-rythme-de-la-competition-expliquer-decrypter-pour-les-spectateurs\/#article\",\"isPartOf\":{\"@id\":\"https:\/\/newsestlyonnais.fr\/site\/2023\/10\/05\/clement-breysse-on-doit-donner-le-rythme-de-la-competition-expliquer-decrypter-pour-les-spectateurs\/\"},\"author\":{\"name\":\"R\u00e9dac. NEWS\",\"@id\":\"https:\/\/newsestlyonnais.fr\/site\/#\/schema\/person\/3230d5615f390bb808365d673001e887\"},\"headline\":\"Cl\u00e9ment Breysse \u00ab On doit donner le rythme de la comp\u00e9tition, expliquer, d\u00e9crypter pour les spectateurs \u00bb\",\"datePublished\":\"2023-10-05T15:10:19+00:00\",\"dateModified\":\"2023-10-05T18:21:37+00:00\",\"mainEntityOfPage\":{\"@id\":\"https:\/\/newsestlyonnais.fr\/site\/2023\/10\/05\/clement-breysse-on-doit-donner-le-rythme-de-la-competition-expliquer-decrypter-pour-les-spectateurs\/\"},\"wordCount\":946,\"commentCount\":0,\"publisher\":{\"@id\":\"https:\/\/newsestlyonnais.fr\/site\/#organization\"},\"image\":{\"@id\":\"https:\/\/newsestlyonnais.fr\/site\/2023\/10\/05\/clement-breysse-on-doit-donner-le-rythme-de-la-competition-expliquer-decrypter-pour-les-spectateurs\/#primaryimage\"},\"thumbnailUrl\":\"https:\/\/newsestlyonnais.fr\/site\/wp-content\/uploads\/2023\/10\/IMG_8748.jpg\",\"keywords\":[\"ANIMATION\",\"Cl\u00e9ment Breysse\",\"Commentateur\"],\"articleSection\":[\"Animation\",\"Interview \u00e0 la une\",\"Interviews\",\"Lyon\"],\"inLanguage\":\"fr-FR\",\"potentialAction\":[{\"@type\":\"CommentAction\",\"name\":\"Comment\",\"target\":[\"https:\/\/newsestlyonnais.fr\/site\/2023\/10\/05\/clement-breysse-on-doit-donner-le-rythme-de-la-competition-expliquer-decrypter-pour-les-spectateurs\/#respond\"]}]},{\"@type\":\"WebPage\",\"@id\":\"https:\/\/newsestlyonnais.fr\/site\/2023\/10\/05\/clement-breysse-on-doit-donner-le-rythme-de-la-competition-expliquer-decrypter-pour-les-spectateurs\/\",\"url\":\"https:\/\/newsestlyonnais.fr\/site\/2023\/10\/05\/clement-breysse-on-doit-donner-le-rythme-de-la-competition-expliquer-decrypter-pour-les-spectateurs\/\",\"name\":\"Cl\u00e9ment Breysse \u00ab On doit donner le rythme de la comp\u00e9tition, expliquer, d\u00e9crypter pour les spectateurs \u00bb - News Est Lyonnais\",\"isPartOf\":{\"@id\":\"https:\/\/newsestlyonnais.fr\/site\/#website\"},\"primaryImageOfPage\":{\"@id\":\"https:\/\/newsestlyonnais.fr\/site\/2023\/10\/05\/clement-breysse-on-doit-donner-le-rythme-de-la-competition-expliquer-decrypter-pour-les-spectateurs\/#primaryimage\"},\"image\":{\"@id\":\"https:\/\/newsestlyonnais.fr\/site\/2023\/10\/05\/clement-breysse-on-doit-donner-le-rythme-de-la-competition-expliquer-decrypter-pour-les-spectateurs\/#primaryimage\"},\"thumbnailUrl\":\"https:\/\/newsestlyonnais.fr\/site\/wp-content\/uploads\/2023\/10\/IMG_8748.jpg\",\"datePublished\":\"2023-10-05T15:10:19+00:00\",\"dateModified\":\"2023-10-05T18:21:37+00:00\",\"description\":\"Cl\u00e9ment Breysse \u00ab On doit donner le rythme de la comp\u00e9tition, expliquer, d\u00e9crypter pour les spectateurs \u00bb\",\"breadcrumb\":{\"@id\":\"https:\/\/newsestlyonnais.fr\/site\/2023\/10\/05\/clement-breysse-on-doit-donner-le-rythme-de-la-competition-expliquer-decrypter-pour-les-spectateurs\/#breadcrumb\"},\"inLanguage\":\"fr-FR\",\"potentialAction\":[{\"@type\":\"ReadAction\",\"target\":[\"https:\/\/newsestlyonnais.fr\/site\/2023\/10\/05\/clement-breysse-on-doit-donner-le-rythme-de-la-competition-expliquer-decrypter-pour-les-spectateurs\/\"]}]},{\"@type\":\"ImageObject\",\"inLanguage\":\"fr-FR\",\"@id\":\"https:\/\/newsestlyonnais.fr\/site\/2023\/10\/05\/clement-breysse-on-doit-donner-le-rythme-de-la-competition-expliquer-decrypter-pour-les-spectateurs\/#primaryimage\",\"url\":\"https:\/\/newsestlyonnais.fr\/site\/wp-content\/uploads\/2023\/10\/IMG_8748.jpg\",\"contentUrl\":\"https:\/\/newsestlyonnais.fr\/site\/wp-content\/uploads\/2023\/10\/IMG_8748.jpg\",\"width\":892,\"height\":887},{\"@type\":\"BreadcrumbList\",\"@id\":\"https:\/\/newsestlyonnais.fr\/site\/2023\/10\/05\/clement-breysse-on-doit-donner-le-rythme-de-la-competition-expliquer-decrypter-pour-les-spectateurs\/#breadcrumb\",\"itemListElement\":[{\"@type\":\"ListItem\",\"position\":1,\"name\":\"Accueil\",\"item\":\"https:\/\/newsestlyonnais.fr\/site\/\"},{\"@type\":\"ListItem\",\"position\":2,\"name\":\"Cl\u00e9ment Breysse \u00ab On doit donner le rythme de la comp\u00e9tition, expliquer, d\u00e9crypter pour les spectateurs \u00bb\"}]},{\"@type\":\"WebSite\",\"@id\":\"https:\/\/newsestlyonnais.fr\/site\/#website\",\"url\":\"https:\/\/newsestlyonnais.fr\/site\/\",\"name\":\"News Est Lyonnais\",\"description\":\"L&#039;actualit\u00e9 au plus pr\u00e8s\",\"publisher\":{\"@id\":\"https:\/\/newsestlyonnais.fr\/site\/#organization\"},\"potentialAction\":[{\"@type\":\"SearchAction\",\"target\":{\"@type\":\"EntryPoint\",\"urlTemplate\":\"https:\/\/newsestlyonnais.fr\/site\/?s={search_term_string}\"},\"query-input\":{\"@type\":\"PropertyValueSpecification\",\"valueRequired\":true,\"valueName\":\"search_term_string\"}}],\"inLanguage\":\"fr-FR\"},{\"@type\":\"Organization\",\"@id\":\"https:\/\/newsestlyonnais.fr\/site\/#organization\",\"name\":\"News EST LYONNAIS\",\"url\":\"https:\/\/newsestlyonnais.fr\/site\/\",\"logo\":{\"@type\":\"ImageObject\",\"inLanguage\":\"fr-FR\",\"@id\":\"https:\/\/newsestlyonnais.fr\/site\/#\/schema\/logo\/image\/\",\"url\":\"\",\"contentUrl\":\"\",\"caption\":\"News EST LYONNAIS\"},\"image\":{\"@id\":\"https:\/\/newsestlyonnais.fr\/site\/#\/schema\/logo\/image\/\"}},{\"@type\":\"Person\",\"@id\":\"https:\/\/newsestlyonnais.fr\/site\/#\/schema\/person\/3230d5615f390bb808365d673001e887\",\"name\":\"R\u00e9dac. NEWS\",\"sameAs\":[\"http:\/\/www.newsestlyonnais.fr\",\"https:\/\/www.facebook.com\/pascal.oberson.1?fref=ts\",\"https:\/\/fr.linkedin.com\/in\/pascal-oberson-b17045113\"],\"url\":\"https:\/\/newsestlyonnais.fr\/site\/author\/nel\/\"}]}<\/script>\n<!-- \/ Yoast SEO plugin. -->","yoast_head_json":{"title":"Cl\u00e9ment Breysse \u00ab On doit donner le rythme de la comp\u00e9tition, expliquer, d\u00e9crypter pour les spectateurs \u00bb - News Est Lyonnais","description":"Cl\u00e9ment Breysse \u00ab On doit donner le rythme de la comp\u00e9tition, expliquer, d\u00e9crypter pour les spectateurs \u00bb","robots":{"index":"index","follow":"follow","max-snippet":"max-snippet:-1","max-image-preview":"max-image-preview:large","max-video-preview":"max-video-preview:-1"},"canonical":"https:\/\/newsestlyonnais.fr\/site\/2023\/10\/05\/clement-breysse-on-doit-donner-le-rythme-de-la-competition-expliquer-decrypter-pour-les-spectateurs\/","og_locale":"fr_FR","og_type":"article","og_title":"Cl\u00e9ment Breysse \u00ab On doit donner le rythme de la comp\u00e9tition, expliquer, d\u00e9crypter pour les spectateurs \u00bb - News Est Lyonnais","og_description":"Cl\u00e9ment Breysse \u00ab On doit donner le rythme de la comp\u00e9tition, expliquer, d\u00e9crypter pour les spectateurs \u00bb","og_url":"https:\/\/newsestlyonnais.fr\/site\/2023\/10\/05\/clement-breysse-on-doit-donner-le-rythme-de-la-competition-expliquer-decrypter-pour-les-spectateurs\/","og_site_name":"News Est Lyonnais","article_author":"https:\/\/www.facebook.com\/pascal.oberson.1?fref=ts","article_published_time":"2023-10-05T15:10:19+00:00","article_modified_time":"2023-10-05T18:21:37+00:00","og_image":[{"width":892,"height":887,"url":"https:\/\/newsestlyonnais.fr\/site\/wp-content\/uploads\/2023\/10\/IMG_8748.jpg","type":"image\/jpeg"}],"author":"R\u00e9dac. NEWS","twitter_card":"summary_large_image","twitter_misc":{"\u00c9crit par":"R\u00e9dac. NEWS","Dur\u00e9e de lecture estim\u00e9e":"5 minutes"},"schema":{"@context":"https:\/\/schema.org","@graph":[{"@type":"Article","@id":"https:\/\/newsestlyonnais.fr\/site\/2023\/10\/05\/clement-breysse-on-doit-donner-le-rythme-de-la-competition-expliquer-decrypter-pour-les-spectateurs\/#article","isPartOf":{"@id":"https:\/\/newsestlyonnais.fr\/site\/2023\/10\/05\/clement-breysse-on-doit-donner-le-rythme-de-la-competition-expliquer-decrypter-pour-les-spectateurs\/"},"author":{"name":"R\u00e9dac. NEWS","@id":"https:\/\/newsestlyonnais.fr\/site\/#\/schema\/person\/3230d5615f390bb808365d673001e887"},"headline":"Cl\u00e9ment Breysse \u00ab On doit donner le rythme de la comp\u00e9tition, expliquer, d\u00e9crypter pour les spectateurs \u00bb","datePublished":"2023-10-05T15:10:19+00:00","dateModified":"2023-10-05T18:21:37+00:00","mainEntityOfPage":{"@id":"https:\/\/newsestlyonnais.fr\/site\/2023\/10\/05\/clement-breysse-on-doit-donner-le-rythme-de-la-competition-expliquer-decrypter-pour-les-spectateurs\/"},"wordCount":946,"commentCount":0,"publisher":{"@id":"https:\/\/newsestlyonnais.fr\/site\/#organization"},"image":{"@id":"https:\/\/newsestlyonnais.fr\/site\/2023\/10\/05\/clement-breysse-on-doit-donner-le-rythme-de-la-competition-expliquer-decrypter-pour-les-spectateurs\/#primaryimage"},"thumbnailUrl":"https:\/\/newsestlyonnais.fr\/site\/wp-content\/uploads\/2023\/10\/IMG_8748.jpg","keywords":["ANIMATION","Cl\u00e9ment Breysse","Commentateur"],"articleSection":["Animation","Interview \u00e0 la une","Interviews","Lyon"],"inLanguage":"fr-FR","potentialAction":[{"@type":"CommentAction","name":"Comment","target":["https:\/\/newsestlyonnais.fr\/site\/2023\/10\/05\/clement-breysse-on-doit-donner-le-rythme-de-la-competition-expliquer-decrypter-pour-les-spectateurs\/#respond"]}]},{"@type":"WebPage","@id":"https:\/\/newsestlyonnais.fr\/site\/2023\/10\/05\/clement-breysse-on-doit-donner-le-rythme-de-la-competition-expliquer-decrypter-pour-les-spectateurs\/","url":"https:\/\/newsestlyonnais.fr\/site\/2023\/10\/05\/clement-breysse-on-doit-donner-le-rythme-de-la-competition-expliquer-decrypter-pour-les-spectateurs\/","name":"Cl\u00e9ment Breysse \u00ab On doit donner le rythme de la comp\u00e9tition, expliquer, d\u00e9crypter pour les spectateurs \u00bb - News Est Lyonnais","isPartOf":{"@id":"https:\/\/newsestlyonnais.fr\/site\/#website"},"primaryImageOfPage":{"@id":"https:\/\/newsestlyonnais.fr\/site\/2023\/10\/05\/clement-breysse-on-doit-donner-le-rythme-de-la-competition-expliquer-decrypter-pour-les-spectateurs\/#primaryimage"},"image":{"@id":"https:\/\/newsestlyonnais.fr\/site\/2023\/10\/05\/clement-breysse-on-doit-donner-le-rythme-de-la-competition-expliquer-decrypter-pour-les-spectateurs\/#primaryimage"},"thumbnailUrl":"https:\/\/newsestlyonnais.fr\/site\/wp-content\/uploads\/2023\/10\/IMG_8748.jpg","datePublished":"2023-10-05T15:10:19+00:00","dateModified":"2023-10-05T18:21:37+00:00","description":"Cl\u00e9ment Breysse \u00ab On doit donner le rythme de la comp\u00e9tition, expliquer, d\u00e9crypter pour les spectateurs \u00bb","breadcrumb":{"@id":"https:\/\/newsestlyonnais.fr\/site\/2023\/10\/05\/clement-breysse-on-doit-donner-le-rythme-de-la-competition-expliquer-decrypter-pour-les-spectateurs\/#breadcrumb"},"inLanguage":"fr-FR","potentialAction":[{"@type":"ReadAction","target":["https:\/\/newsestlyonnais.fr\/site\/2023\/10\/05\/clement-breysse-on-doit-donner-le-rythme-de-la-competition-expliquer-decrypter-pour-les-spectateurs\/"]}]},{"@type":"ImageObject","inLanguage":"fr-FR","@id":"https:\/\/newsestlyonnais.fr\/site\/2023\/10\/05\/clement-breysse-on-doit-donner-le-rythme-de-la-competition-expliquer-decrypter-pour-les-spectateurs\/#primaryimage","url":"https:\/\/newsestlyonnais.fr\/site\/wp-content\/uploads\/2023\/10\/IMG_8748.jpg","contentUrl":"https:\/\/newsestlyonnais.fr\/site\/wp-content\/uploads\/2023\/10\/IMG_8748.jpg","width":892,"height":887},{"@type":"BreadcrumbList","@id":"https:\/\/newsestlyonnais.fr\/site\/2023\/10\/05\/clement-breysse-on-doit-donner-le-rythme-de-la-competition-expliquer-decrypter-pour-les-spectateurs\/#breadcrumb","itemListElement":[{"@type":"ListItem","position":1,"name":"Accueil","item":"https:\/\/newsestlyonnais.fr\/site\/"},{"@type":"ListItem","position":2,"name":"Cl\u00e9ment Breysse \u00ab On doit donner le rythme de la comp\u00e9tition, expliquer, d\u00e9crypter pour les spectateurs \u00bb"}]},{"@type":"WebSite","@id":"https:\/\/newsestlyonnais.fr\/site\/#website","url":"https:\/\/newsestlyonnais.fr\/site\/","name":"News Est Lyonnais","description":"L&#039;actualit\u00e9 au plus pr\u00e8s","publisher":{"@id":"https:\/\/newsestlyonnais.fr\/site\/#organization"},"potentialAction":[{"@type":"SearchAction","target":{"@type":"EntryPoint","urlTemplate":"https:\/\/newsestlyonnais.fr\/site\/?s={search_term_string}"},"query-input":{"@type":"PropertyValueSpecification","valueRequired":true,"valueName":"search_term_string"}}],"inLanguage":"fr-FR"},{"@type":"Organization","@id":"https:\/\/newsestlyonnais.fr\/site\/#organization","name":"News EST LYONNAIS","url":"https:\/\/newsestlyonnais.fr\/site\/","logo":{"@type":"ImageObject","inLanguage":"fr-FR","@id":"https:\/\/newsestlyonnais.fr\/site\/#\/schema\/logo\/image\/","url":"","contentUrl":"","caption":"News EST LYONNAIS"},"image":{"@id":"https:\/\/newsestlyonnais.fr\/site\/#\/schema\/logo\/image\/"}},{"@type":"Person","@id":"https:\/\/newsestlyonnais.fr\/site\/#\/schema\/person\/3230d5615f390bb808365d673001e887","name":"R\u00e9dac. NEWS","sameAs":["http:\/\/www.newsestlyonnais.fr","https:\/\/www.facebook.com\/pascal.oberson.1?fref=ts","https:\/\/fr.linkedin.com\/in\/pascal-oberson-b17045113"],"url":"https:\/\/newsestlyonnais.fr\/site\/author\/nel\/"}]}},"_links":{"self":[{"href":"https:\/\/newsestlyonnais.fr\/site\/wp-json\/wp\/v2\/posts\/190558","targetHints":{"allow":["GET"]}}],"collection":[{"href":"https:\/\/newsestlyonnais.fr\/site\/wp-json\/wp\/v2\/posts"}],"about":[{"href":"https:\/\/newsestlyonnais.fr\/site\/wp-json\/wp\/v2\/types\/post"}],"author":[{"embeddable":true,"href":"https:\/\/newsestlyonnais.fr\/site\/wp-json\/wp\/v2\/users\/4"}],"replies":[{"embeddable":true,"href":"https:\/\/newsestlyonnais.fr\/site\/wp-json\/wp\/v2\/comments?post=190558"}],"version-history":[{"count":0,"href":"https:\/\/newsestlyonnais.fr\/site\/wp-json\/wp\/v2\/posts\/190558\/revisions"}],"wp:featuredmedia":[{"embeddable":true,"href":"https:\/\/newsestlyonnais.fr\/site\/wp-json\/wp\/v2\/media\/190567"}],"wp:attachment":[{"href":"https:\/\/newsestlyonnais.fr\/site\/wp-json\/wp\/v2\/media?parent=190558"}],"wp:term":[{"taxonomy":"category","embeddable":true,"href":"https:\/\/newsestlyonnais.fr\/site\/wp-json\/wp\/v2\/categories?post=190558"},{"taxonomy":"post_tag","embeddable":true,"href":"https:\/\/newsestlyonnais.fr\/site\/wp-json\/wp\/v2\/tags?post=190558"}],"curies":[{"name":"wp","href":"https:\/\/api.w.org\/{rel}","templated":true}]}}