{"id":19115,"date":"2017-01-16T16:20:09","date_gmt":"2017-01-16T15:20:09","guid":{"rendered":"http:\/\/newsestlyonnais.fr\/site\/?p=19115"},"modified":"2020-11-15T12:16:44","modified_gmt":"2020-11-15T11:16:44","slug":"genas-concert-symphonique-eglise-saint-barthelemy","status":"publish","type":"post","link":"https:\/\/newsestlyonnais.fr\/site\/2017\/01\/16\/genas-concert-symphonique-eglise-saint-barthelemy\/","title":{"rendered":"GENAS | Concert symphonique \u00e0 l&rsquo;\u00e9glise Saint Barth\u00e9l\u00e9my"},"content":{"rendered":"<div class=\"maintext\">\n<p><span id=\"more-10472\"><\/span>En l\u2019\u00e9glise Saint-Barth\u00e9lemy, laissez-vous emporter par la <em>Messa di Gloria<\/em> de Puccini. 34 choristes, dont deux solistes, et 41 musiciens feront r\u00e9sonner les murs de l\u2019\u00e9glise en jouant la premi\u00e8re pi\u00e8ce d\u2019envergure du compositeur italien. \u00c9crite par le jeune Puccini \u00e2g\u00e9 alors de 22 ans, comme examen de sortie du Conservatoire de Lucca, la <em>Messa di Gloria<\/em> conna\u00eet d\u2019embl\u00e9e un accueil enthousiaste avant d\u2019\u00eatre oubli\u00e9e, puis r\u00e9\u00e9dit\u00e9e en 1951.<\/p>\n<p>Chef-d\u2019\u0153uvre sacr\u00e9 du d\u00e9but du XXe si\u00e8cle, ce concert symphonique est un des moments phares de la saison culturelle.<\/p>\n<p>___________________________________________________________________________<\/p>\n<p>La premi\u00e8re partie sera assur\u00e9e par les classes d\u2019instruments \u00e0 cordes de l\u2019\u00c9cole de Musique de Genas.<\/p>\n<ul>\n<li>Ch\u0153ur et orchestre : Les Si\u00e8cles Romantiques<\/li>\n<li>Direction : Jean-Philippe Dubor<\/li>\n<li>Solistes : Karl Laquit (t\u00e9nor) &amp; Wassyl Slipak (Basse)<\/li>\n<\/ul>\n<p>Une production Les Grands Concerts de Lyon : <a href=\"http:\/\/www.lesgrandsconcerts.com\" target=\"_blank\" rel=\"noopener noreferrer\">www.lesgrandsconcerts.com<\/a><\/p>\n<p>Renseignements, tarifs et r\u00e9servation :\u00a0 Guichet Unique au 04. 72. 47. 11. 11<\/p>\n<ul>\n<li>\n<h4>Vendredi 10 f\u00e9vrier \u00e0 20 heures 30.<\/h4>\n<\/li>\n<\/ul>\n<\/div>\n<div id=\"comments\"><\/div>\n","protected":false},"excerpt":{"rendered":"<p>Dans un haut lieu du patrimoine genassien, venez d\u00e9couvrir le chef-d\u2019\u0153uvre de Puccini : La Messa di Gloria.<\/p>\n","protected":false},"author":4,"featured_media":19114,"comment_status":"open","ping_status":"open","sticky":false,"template":"","format":"standard","meta":{"footnotes":""},"categories":[270,1598,3006,1219],"tags":[],"class_list":["post-19115","post","type-post","status-publish","format-standard","has-post-thumbnail","hentry","category-cte-de-communes-c-c-e-l","category-genas","category-musique-danse-humour","category-religion-seniors-souvenir"],"yoast_head":"<!-- This site is optimized with the Yoast SEO plugin v27.2 - https:\/\/yoast.com\/product\/yoast-seo-wordpress\/ -->\n<title>CONCERT SYMPHONIQUE A EGLISE SANT BARTHELEMY DE GENAS<\/title>\n<meta name=\"description\" content=\"concert symphonique &quot;Messa di Gloria&quot; de Puccinipar M\u00e9diath\u00e8que Genas vendredi 10 f\u00e9vrier 2017 organis\u00e9 \u00e0 l&#039;\u00e9glise saint Barth\u00e9l\u00e9my\" \/>\n<meta name=\"robots\" content=\"index, follow, max-snippet:-1, max-image-preview:large, max-video-preview:-1\" \/>\n<link rel=\"canonical\" href=\"https:\/\/newsestlyonnais.fr\/site\/2017\/01\/16\/genas-concert-symphonique-eglise-saint-barthelemy\/\" \/>\n<meta property=\"og:locale\" content=\"fr_FR\" \/>\n<meta property=\"og:type\" content=\"article\" \/>\n<meta property=\"og:title\" content=\"CONCERT SYMPHONIQUE A EGLISE SANT BARTHELEMY DE GENAS\" \/>\n<meta property=\"og:description\" content=\"concert symphonique &quot;Messa di Gloria&quot; de Puccinipar M\u00e9diath\u00e8que Genas vendredi 10 f\u00e9vrier 2017 organis\u00e9 \u00e0 l&#039;\u00e9glise saint Barth\u00e9l\u00e9my\" \/>\n<meta property=\"og:url\" content=\"https:\/\/newsestlyonnais.fr\/site\/2017\/01\/16\/genas-concert-symphonique-eglise-saint-barthelemy\/\" \/>\n<meta property=\"og:site_name\" content=\"News Est Lyonnais\" \/>\n<meta property=\"article:author\" content=\"https:\/\/www.facebook.com\/pascal.oberson.1?fref=ts\" \/>\n<meta property=\"article:published_time\" content=\"2017-01-16T15:20:09+00:00\" \/>\n<meta property=\"article:modified_time\" content=\"2020-11-15T11:16:44+00:00\" \/>\n<meta property=\"og:image\" content=\"https:\/\/i2.wp.com\/newsestlyonnais.fr\/site\/wp-content\/uploads\/2017\/01\/NEWSESTLYONNAIS-CONCERT-SYMPHONIQUE-GENAS-.jpg?fit=1000%2C750&ssl=1\" \/>\n\t<meta property=\"og:image:width\" content=\"1000\" \/>\n\t<meta property=\"og:image:height\" content=\"750\" \/>\n\t<meta property=\"og:image:type\" content=\"image\/jpeg\" \/>\n<meta name=\"author\" content=\"R\u00e9dac. NEWS\" \/>\n<meta name=\"twitter:card\" content=\"summary_large_image\" \/>\n<meta name=\"twitter:label1\" content=\"\u00c9crit par\" \/>\n\t<meta name=\"twitter:data1\" content=\"R\u00e9dac. NEWS\" \/>\n\t<meta name=\"twitter:label2\" content=\"Dur\u00e9e de lecture estim\u00e9e\" \/>\n\t<meta name=\"twitter:data2\" content=\"1 minute\" \/>\n<script type=\"application\/ld+json\" class=\"yoast-schema-graph\">{\"@context\":\"https:\/\/schema.org\",\"@graph\":[{\"@type\":\"Article\",\"@id\":\"https:\/\/newsestlyonnais.fr\/site\/2017\/01\/16\/genas-concert-symphonique-eglise-saint-barthelemy\/#article\",\"isPartOf\":{\"@id\":\"https:\/\/newsestlyonnais.fr\/site\/2017\/01\/16\/genas-concert-symphonique-eglise-saint-barthelemy\/\"},\"author\":{\"name\":\"R\u00e9dac. NEWS\",\"@id\":\"https:\/\/newsestlyonnais.fr\/site\/#\/schema\/person\/3230d5615f390bb808365d673001e887\"},\"headline\":\"GENAS | Concert symphonique \u00e0 l&rsquo;\u00e9glise Saint Barth\u00e9l\u00e9my\",\"datePublished\":\"2017-01-16T15:20:09+00:00\",\"dateModified\":\"2020-11-15T11:16:44+00:00\",\"mainEntityOfPage\":{\"@id\":\"https:\/\/newsestlyonnais.fr\/site\/2017\/01\/16\/genas-concert-symphonique-eglise-saint-barthelemy\/\"},\"wordCount\":172,\"commentCount\":0,\"publisher\":{\"@id\":\"https:\/\/newsestlyonnais.fr\/site\/#organization\"},\"image\":{\"@id\":\"https:\/\/newsestlyonnais.fr\/site\/2017\/01\/16\/genas-concert-symphonique-eglise-saint-barthelemy\/#primaryimage\"},\"thumbnailUrl\":\"https:\/\/newsestlyonnais.fr\/site\/wp-content\/uploads\/2017\/01\/NEWSESTLYONNAIS-CONCERT-SYMPHONIQUE-GENAS-.jpg\",\"articleSection\":[\"CCEL | Communes\",\"Genas\",\"Musique | Danse | Humour\",\"Religion | Seniors | Souvenir\"],\"inLanguage\":\"fr-FR\",\"potentialAction\":[{\"@type\":\"CommentAction\",\"name\":\"Comment\",\"target\":[\"https:\/\/newsestlyonnais.fr\/site\/2017\/01\/16\/genas-concert-symphonique-eglise-saint-barthelemy\/#respond\"]}]},{\"@type\":\"WebPage\",\"@id\":\"https:\/\/newsestlyonnais.fr\/site\/2017\/01\/16\/genas-concert-symphonique-eglise-saint-barthelemy\/\",\"url\":\"https:\/\/newsestlyonnais.fr\/site\/2017\/01\/16\/genas-concert-symphonique-eglise-saint-barthelemy\/\",\"name\":\"CONCERT SYMPHONIQUE A EGLISE SANT BARTHELEMY DE GENAS\",\"isPartOf\":{\"@id\":\"https:\/\/newsestlyonnais.fr\/site\/#website\"},\"primaryImageOfPage\":{\"@id\":\"https:\/\/newsestlyonnais.fr\/site\/2017\/01\/16\/genas-concert-symphonique-eglise-saint-barthelemy\/#primaryimage\"},\"image\":{\"@id\":\"https:\/\/newsestlyonnais.fr\/site\/2017\/01\/16\/genas-concert-symphonique-eglise-saint-barthelemy\/#primaryimage\"},\"thumbnailUrl\":\"https:\/\/newsestlyonnais.fr\/site\/wp-content\/uploads\/2017\/01\/NEWSESTLYONNAIS-CONCERT-SYMPHONIQUE-GENAS-.jpg\",\"datePublished\":\"2017-01-16T15:20:09+00:00\",\"dateModified\":\"2020-11-15T11:16:44+00:00\",\"description\":\"concert symphonique \\\"Messa di Gloria\\\" de Puccinipar M\u00e9diath\u00e8que Genas vendredi 10 f\u00e9vrier 2017 organis\u00e9 \u00e0 l'\u00e9glise saint Barth\u00e9l\u00e9my\",\"breadcrumb\":{\"@id\":\"https:\/\/newsestlyonnais.fr\/site\/2017\/01\/16\/genas-concert-symphonique-eglise-saint-barthelemy\/#breadcrumb\"},\"inLanguage\":\"fr-FR\",\"potentialAction\":[{\"@type\":\"ReadAction\",\"target\":[\"https:\/\/newsestlyonnais.fr\/site\/2017\/01\/16\/genas-concert-symphonique-eglise-saint-barthelemy\/\"]}]},{\"@type\":\"ImageObject\",\"inLanguage\":\"fr-FR\",\"@id\":\"https:\/\/newsestlyonnais.fr\/site\/2017\/01\/16\/genas-concert-symphonique-eglise-saint-barthelemy\/#primaryimage\",\"url\":\"https:\/\/newsestlyonnais.fr\/site\/wp-content\/uploads\/2017\/01\/NEWSESTLYONNAIS-CONCERT-SYMPHONIQUE-GENAS-.jpg\",\"contentUrl\":\"https:\/\/newsestlyonnais.fr\/site\/wp-content\/uploads\/2017\/01\/NEWSESTLYONNAIS-CONCERT-SYMPHONIQUE-GENAS-.jpg\",\"width\":1000,\"height\":750},{\"@type\":\"BreadcrumbList\",\"@id\":\"https:\/\/newsestlyonnais.fr\/site\/2017\/01\/16\/genas-concert-symphonique-eglise-saint-barthelemy\/#breadcrumb\",\"itemListElement\":[{\"@type\":\"ListItem\",\"position\":1,\"name\":\"Accueil\",\"item\":\"https:\/\/newsestlyonnais.fr\/site\/\"},{\"@type\":\"ListItem\",\"position\":2,\"name\":\"GENAS | Concert symphonique \u00e0 l&rsquo;\u00e9glise Saint Barth\u00e9l\u00e9my\"}]},{\"@type\":\"WebSite\",\"@id\":\"https:\/\/newsestlyonnais.fr\/site\/#website\",\"url\":\"https:\/\/newsestlyonnais.fr\/site\/\",\"name\":\"News Est Lyonnais\",\"description\":\"L&#039;actualit\u00e9 au plus pr\u00e8s\",\"publisher\":{\"@id\":\"https:\/\/newsestlyonnais.fr\/site\/#organization\"},\"potentialAction\":[{\"@type\":\"SearchAction\",\"target\":{\"@type\":\"EntryPoint\",\"urlTemplate\":\"https:\/\/newsestlyonnais.fr\/site\/?s={search_term_string}\"},\"query-input\":{\"@type\":\"PropertyValueSpecification\",\"valueRequired\":true,\"valueName\":\"search_term_string\"}}],\"inLanguage\":\"fr-FR\"},{\"@type\":\"Organization\",\"@id\":\"https:\/\/newsestlyonnais.fr\/site\/#organization\",\"name\":\"News EST LYONNAIS\",\"url\":\"https:\/\/newsestlyonnais.fr\/site\/\",\"logo\":{\"@type\":\"ImageObject\",\"inLanguage\":\"fr-FR\",\"@id\":\"https:\/\/newsestlyonnais.fr\/site\/#\/schema\/logo\/image\/\",\"url\":\"\",\"contentUrl\":\"\",\"caption\":\"News EST LYONNAIS\"},\"image\":{\"@id\":\"https:\/\/newsestlyonnais.fr\/site\/#\/schema\/logo\/image\/\"}},{\"@type\":\"Person\",\"@id\":\"https:\/\/newsestlyonnais.fr\/site\/#\/schema\/person\/3230d5615f390bb808365d673001e887\",\"name\":\"R\u00e9dac. NEWS\",\"sameAs\":[\"http:\/\/www.newsestlyonnais.fr\",\"https:\/\/www.facebook.com\/pascal.oberson.1?fref=ts\",\"https:\/\/fr.linkedin.com\/in\/pascal-oberson-b17045113\"],\"url\":\"https:\/\/newsestlyonnais.fr\/site\/author\/nel\/\"}]}<\/script>\n<!-- \/ Yoast SEO plugin. -->","yoast_head_json":{"title":"CONCERT SYMPHONIQUE A EGLISE SANT BARTHELEMY DE GENAS","description":"concert symphonique \"Messa di Gloria\" de Puccinipar M\u00e9diath\u00e8que Genas vendredi 10 f\u00e9vrier 2017 organis\u00e9 \u00e0 l'\u00e9glise saint Barth\u00e9l\u00e9my","robots":{"index":"index","follow":"follow","max-snippet":"max-snippet:-1","max-image-preview":"max-image-preview:large","max-video-preview":"max-video-preview:-1"},"canonical":"https:\/\/newsestlyonnais.fr\/site\/2017\/01\/16\/genas-concert-symphonique-eglise-saint-barthelemy\/","og_locale":"fr_FR","og_type":"article","og_title":"CONCERT SYMPHONIQUE A EGLISE SANT BARTHELEMY DE GENAS","og_description":"concert symphonique \"Messa di Gloria\" de Puccinipar M\u00e9diath\u00e8que Genas vendredi 10 f\u00e9vrier 2017 organis\u00e9 \u00e0 l'\u00e9glise saint Barth\u00e9l\u00e9my","og_url":"https:\/\/newsestlyonnais.fr\/site\/2017\/01\/16\/genas-concert-symphonique-eglise-saint-barthelemy\/","og_site_name":"News Est Lyonnais","article_author":"https:\/\/www.facebook.com\/pascal.oberson.1?fref=ts","article_published_time":"2017-01-16T15:20:09+00:00","article_modified_time":"2020-11-15T11:16:44+00:00","og_image":[{"width":1000,"height":750,"url":"https:\/\/i2.wp.com\/newsestlyonnais.fr\/site\/wp-content\/uploads\/2017\/01\/NEWSESTLYONNAIS-CONCERT-SYMPHONIQUE-GENAS-.jpg?fit=1000%2C750&ssl=1","type":"image\/jpeg"}],"author":"R\u00e9dac. NEWS","twitter_card":"summary_large_image","twitter_misc":{"\u00c9crit par":"R\u00e9dac. NEWS","Dur\u00e9e de lecture estim\u00e9e":"1 minute"},"schema":{"@context":"https:\/\/schema.org","@graph":[{"@type":"Article","@id":"https:\/\/newsestlyonnais.fr\/site\/2017\/01\/16\/genas-concert-symphonique-eglise-saint-barthelemy\/#article","isPartOf":{"@id":"https:\/\/newsestlyonnais.fr\/site\/2017\/01\/16\/genas-concert-symphonique-eglise-saint-barthelemy\/"},"author":{"name":"R\u00e9dac. NEWS","@id":"https:\/\/newsestlyonnais.fr\/site\/#\/schema\/person\/3230d5615f390bb808365d673001e887"},"headline":"GENAS | Concert symphonique \u00e0 l&rsquo;\u00e9glise Saint Barth\u00e9l\u00e9my","datePublished":"2017-01-16T15:20:09+00:00","dateModified":"2020-11-15T11:16:44+00:00","mainEntityOfPage":{"@id":"https:\/\/newsestlyonnais.fr\/site\/2017\/01\/16\/genas-concert-symphonique-eglise-saint-barthelemy\/"},"wordCount":172,"commentCount":0,"publisher":{"@id":"https:\/\/newsestlyonnais.fr\/site\/#organization"},"image":{"@id":"https:\/\/newsestlyonnais.fr\/site\/2017\/01\/16\/genas-concert-symphonique-eglise-saint-barthelemy\/#primaryimage"},"thumbnailUrl":"https:\/\/newsestlyonnais.fr\/site\/wp-content\/uploads\/2017\/01\/NEWSESTLYONNAIS-CONCERT-SYMPHONIQUE-GENAS-.jpg","articleSection":["CCEL | Communes","Genas","Musique | Danse | Humour","Religion | Seniors | Souvenir"],"inLanguage":"fr-FR","potentialAction":[{"@type":"CommentAction","name":"Comment","target":["https:\/\/newsestlyonnais.fr\/site\/2017\/01\/16\/genas-concert-symphonique-eglise-saint-barthelemy\/#respond"]}]},{"@type":"WebPage","@id":"https:\/\/newsestlyonnais.fr\/site\/2017\/01\/16\/genas-concert-symphonique-eglise-saint-barthelemy\/","url":"https:\/\/newsestlyonnais.fr\/site\/2017\/01\/16\/genas-concert-symphonique-eglise-saint-barthelemy\/","name":"CONCERT SYMPHONIQUE A EGLISE SANT BARTHELEMY DE GENAS","isPartOf":{"@id":"https:\/\/newsestlyonnais.fr\/site\/#website"},"primaryImageOfPage":{"@id":"https:\/\/newsestlyonnais.fr\/site\/2017\/01\/16\/genas-concert-symphonique-eglise-saint-barthelemy\/#primaryimage"},"image":{"@id":"https:\/\/newsestlyonnais.fr\/site\/2017\/01\/16\/genas-concert-symphonique-eglise-saint-barthelemy\/#primaryimage"},"thumbnailUrl":"https:\/\/newsestlyonnais.fr\/site\/wp-content\/uploads\/2017\/01\/NEWSESTLYONNAIS-CONCERT-SYMPHONIQUE-GENAS-.jpg","datePublished":"2017-01-16T15:20:09+00:00","dateModified":"2020-11-15T11:16:44+00:00","description":"concert symphonique \"Messa di Gloria\" de Puccinipar M\u00e9diath\u00e8que Genas vendredi 10 f\u00e9vrier 2017 organis\u00e9 \u00e0 l'\u00e9glise saint Barth\u00e9l\u00e9my","breadcrumb":{"@id":"https:\/\/newsestlyonnais.fr\/site\/2017\/01\/16\/genas-concert-symphonique-eglise-saint-barthelemy\/#breadcrumb"},"inLanguage":"fr-FR","potentialAction":[{"@type":"ReadAction","target":["https:\/\/newsestlyonnais.fr\/site\/2017\/01\/16\/genas-concert-symphonique-eglise-saint-barthelemy\/"]}]},{"@type":"ImageObject","inLanguage":"fr-FR","@id":"https:\/\/newsestlyonnais.fr\/site\/2017\/01\/16\/genas-concert-symphonique-eglise-saint-barthelemy\/#primaryimage","url":"https:\/\/newsestlyonnais.fr\/site\/wp-content\/uploads\/2017\/01\/NEWSESTLYONNAIS-CONCERT-SYMPHONIQUE-GENAS-.jpg","contentUrl":"https:\/\/newsestlyonnais.fr\/site\/wp-content\/uploads\/2017\/01\/NEWSESTLYONNAIS-CONCERT-SYMPHONIQUE-GENAS-.jpg","width":1000,"height":750},{"@type":"BreadcrumbList","@id":"https:\/\/newsestlyonnais.fr\/site\/2017\/01\/16\/genas-concert-symphonique-eglise-saint-barthelemy\/#breadcrumb","itemListElement":[{"@type":"ListItem","position":1,"name":"Accueil","item":"https:\/\/newsestlyonnais.fr\/site\/"},{"@type":"ListItem","position":2,"name":"GENAS | Concert symphonique \u00e0 l&rsquo;\u00e9glise Saint Barth\u00e9l\u00e9my"}]},{"@type":"WebSite","@id":"https:\/\/newsestlyonnais.fr\/site\/#website","url":"https:\/\/newsestlyonnais.fr\/site\/","name":"News Est Lyonnais","description":"L&#039;actualit\u00e9 au plus pr\u00e8s","publisher":{"@id":"https:\/\/newsestlyonnais.fr\/site\/#organization"},"potentialAction":[{"@type":"SearchAction","target":{"@type":"EntryPoint","urlTemplate":"https:\/\/newsestlyonnais.fr\/site\/?s={search_term_string}"},"query-input":{"@type":"PropertyValueSpecification","valueRequired":true,"valueName":"search_term_string"}}],"inLanguage":"fr-FR"},{"@type":"Organization","@id":"https:\/\/newsestlyonnais.fr\/site\/#organization","name":"News EST LYONNAIS","url":"https:\/\/newsestlyonnais.fr\/site\/","logo":{"@type":"ImageObject","inLanguage":"fr-FR","@id":"https:\/\/newsestlyonnais.fr\/site\/#\/schema\/logo\/image\/","url":"","contentUrl":"","caption":"News EST LYONNAIS"},"image":{"@id":"https:\/\/newsestlyonnais.fr\/site\/#\/schema\/logo\/image\/"}},{"@type":"Person","@id":"https:\/\/newsestlyonnais.fr\/site\/#\/schema\/person\/3230d5615f390bb808365d673001e887","name":"R\u00e9dac. NEWS","sameAs":["http:\/\/www.newsestlyonnais.fr","https:\/\/www.facebook.com\/pascal.oberson.1?fref=ts","https:\/\/fr.linkedin.com\/in\/pascal-oberson-b17045113"],"url":"https:\/\/newsestlyonnais.fr\/site\/author\/nel\/"}]}},"_links":{"self":[{"href":"https:\/\/newsestlyonnais.fr\/site\/wp-json\/wp\/v2\/posts\/19115","targetHints":{"allow":["GET"]}}],"collection":[{"href":"https:\/\/newsestlyonnais.fr\/site\/wp-json\/wp\/v2\/posts"}],"about":[{"href":"https:\/\/newsestlyonnais.fr\/site\/wp-json\/wp\/v2\/types\/post"}],"author":[{"embeddable":true,"href":"https:\/\/newsestlyonnais.fr\/site\/wp-json\/wp\/v2\/users\/4"}],"replies":[{"embeddable":true,"href":"https:\/\/newsestlyonnais.fr\/site\/wp-json\/wp\/v2\/comments?post=19115"}],"version-history":[{"count":0,"href":"https:\/\/newsestlyonnais.fr\/site\/wp-json\/wp\/v2\/posts\/19115\/revisions"}],"wp:featuredmedia":[{"embeddable":true,"href":"https:\/\/newsestlyonnais.fr\/site\/wp-json\/wp\/v2\/media\/19114"}],"wp:attachment":[{"href":"https:\/\/newsestlyonnais.fr\/site\/wp-json\/wp\/v2\/media?parent=19115"}],"wp:term":[{"taxonomy":"category","embeddable":true,"href":"https:\/\/newsestlyonnais.fr\/site\/wp-json\/wp\/v2\/categories?post=19115"},{"taxonomy":"post_tag","embeddable":true,"href":"https:\/\/newsestlyonnais.fr\/site\/wp-json\/wp\/v2\/tags?post=19115"}],"curies":[{"name":"wp","href":"https:\/\/api.w.org\/{rel}","templated":true}]}}