{"id":191252,"date":"2023-10-14T05:54:23","date_gmt":"2023-10-14T04:54:23","guid":{"rendered":"https:\/\/newsestlyonnais.fr\/site\/?p=191252"},"modified":"2023-10-14T05:54:23","modified_gmt":"2023-10-14T04:54:23","slug":"tom-moneghetti-au-debut-je-nenvisageais-meme-pas-ce-sport-car-je-ne-savais-pas-nager","status":"publish","type":"post","link":"https:\/\/newsestlyonnais.fr\/site\/2023\/10\/14\/tom-moneghetti-au-debut-je-nenvisageais-meme-pas-ce-sport-car-je-ne-savais-pas-nager\/","title":{"rendered":"Tom Moneghetti \u00ab Au d\u00e9but je n\u2019envisageais m\u00eame pas ce sport car je ne savais pas nager \u00bb"},"content":{"rendered":"<p><strong><span style=\"background-color: #000000; color: #ffffff;\">Petite pr\u00e9sentation <\/span><\/strong><\/p>\n<p>\u00bb J\u2019ai 23 ans, je sors d\u2019un Master en G\u00e9omatique et je suis maintenant Charg\u00e9 d\u2019Etudes dans le secteur des Energies Renouvelables. Je suis arriv\u00e9 en r\u00e9gion lyonnaise il y a deux ans, et je vis maintenant \u00e0 Villeurbanne <strong>\u00bb.<\/strong><\/p>\n<hr \/>\n<p><strong><span style=\"background-color: #000000; color: #ffffff;\">Votre parcours sportif depuis votre enfance ?<\/span><\/strong><\/p>\n<p>\u00bb <strong>J\u2019ai toujours aim\u00e9 le sport<\/strong>, <strong>j\u2019en ai essay\u00e9 beaucoup<\/strong>, mais je me suis \u00e9panoui pendant 6 ans dans le foot en tant que gardien de but. Malheureusement ma croissance tardive m\u2019a forc\u00e9 \u00e0 ranger les gants, faute de ne pouvoir toucher la barre transversale en passant dans les grands buts. <strong>J\u2019ai donc tent\u00e9 de nouveaux sports, le tennis, la musculation, un retour au foot\u2026 mais je ne me sentais pas vraiment \u00e0 ma place.<\/strong><\/p>\n<p>Un jour, <strong>je me suis retrouv\u00e9 par hasard sur un trail<\/strong> de 11 km, et malgr\u00e9 la souffrance d\u2019un point de c\u00f4t\u00e9 sur la moiti\u00e9 de la course, <strong>j\u2019ai pris du plaisir.<\/strong> J\u2019ai donc continu\u00e9 sur plusieurs petits trails de la r\u00e9gion bordelaise, avant de tomber sur une affiche de duathlon, discipline inconnue pour moi.<\/p>\n<p>J\u2019avais l\u2019habitude de faire du v\u00e9lo pour aller \u00e0 la fac, donc <strong>combiner course \u00e0 pied et v\u00e9lo, pourquoi pas ?<\/strong> Je m\u2019inscris donc \u00e0 ce duathlon, me rends compte que courir apr\u00e8s avoir fait du v\u00e9lo n\u2019est pas si ais\u00e9, mais surtout que j\u2019adore cette ambiance et ce type d\u2019effort. Je me rends alors compte que la plupart des participants sont licenci\u00e9s dans un club de TRIATHLON.<\/p>\n<p><strong>Au d\u00e9but je n\u2019envisageais m\u00eame pas ce sport car je ne savais pas nager<\/strong>, mais apr\u00e8s r\u00e9flexion, j\u2019ai d\u00e9cid\u00e9 de tenter. Quelques mois plus tard, apr\u00e8s quelques longueurs de piscine pour me pr\u00e9parer, je r\u00e9alise mon premier triathlon XS, c\u2019est le d\u00e9clic. Pass\u00e9 de \u00ab plus jamais \u00bb apr\u00e8s 100 m de natation \u00e0 \u00ab vivement le prochain \u00bb juste apr\u00e8s l\u2019arriv\u00e9e, je d\u00e9cide de trouver un club pour la saison suivante <strong>\u00bb.<\/strong><\/p>\n<p><strong><span style=\"background-color: #000000; color: #ffffff;\">Quand avez-vous d\u00e9marr\u00e9 le triathlon et quel est votre palmar\u00e8s \u00e0 ce jour ?<\/span><\/strong><\/p>\n<p>\u00bb <strong>J\u2019ai donc fait mon premier triathlon en 2019<\/strong> avant de rejoindre les Girondins de Bordeaux pour la saison 2020. Malheureusement, le COVID ne m\u2019a pas aid\u00e9 dans mon apprentissage du triathlon, seulement une course cette ann\u00e9e-l\u00e0, et trop peu d\u2019entrainements avec le club.<\/p>\n<p>L\u2019ann\u00e9e suivante, je d\u00e9m\u00e9nage \u00e0 Saint-Etienne, je rejoins donc l\u2019ASMSE Tri 42. J\u2019ai cette fois-ci la chance de m\u2019entrainer plus r\u00e9guli\u00e8rement avec le groupe st\u00e9phanois, ce qui me permet de progresser un peu plus. La suite de mes \u00e9tudes m\u2019emm\u00e8ne ensuite \u00e0 Lyon, o\u00f9 <strong>je rejoins mon club actuel, l\u2019ASVEL Triathlon.<\/strong><\/p>\n<p><strong>Je d\u00e9couvre alors un collectif formidable, une grande coh\u00e9sion et des personnes avec de l\u2019exp\u00e9rience qui me permettent de passer un nouveau cap dans ma pratique du triathlon.<\/strong><\/p>\n<p>Je participe alors \u00e0 mes premi\u00e8res courses en D3, toujours avec un groupe soud\u00e9, qui recherche la performance tout en gardant sa simplicit\u00e9 caract\u00e9ristique.<br \/>\nLa cons\u00e9cration de ces ann\u00e9es d\u2019entrainement a \u00e9t\u00e9 ma premi\u00e8re victoire sur le triathlon de Morzine en 2022. Mais mes plus beaux podiums sont ceux en \u00e9quipe, comme cette ann\u00e9e \u00e0 Chatte avec \u00ab les 4 fentes astiquent \u00bb.<\/p>\n<hr \/>\n<p><strong><span style=\"background-color: #000000; color: #ffffff;\">Quelles sont vos pr\u00e9f\u00e9rences et vos points forts dans ces diff\u00e9rentes disciplines ?<\/span><\/strong><\/p>\n<p data-wp-editing=\"1\"><img loading=\"lazy\" decoding=\"async\" class=\"alignleft wp-image-191264\" src=\"https:\/\/newsestlyonnais.fr\/site\/wp-content\/uploads\/2023\/10\/3-400x596.jpg\" alt=\"\" width=\"268\" height=\"400\" srcset=\"https:\/\/newsestlyonnais.fr\/site\/wp-content\/uploads\/2023\/10\/3-400x596.jpg 400w, https:\/\/newsestlyonnais.fr\/site\/wp-content\/uploads\/2023\/10\/3-650x969.jpg 650w, https:\/\/newsestlyonnais.fr\/site\/wp-content\/uploads\/2023\/10\/3-250x373.jpg 250w, https:\/\/newsestlyonnais.fr\/site\/wp-content\/uploads\/2023\/10\/3-150x224.jpg 150w, https:\/\/newsestlyonnais.fr\/site\/wp-content\/uploads\/2023\/10\/3-50x75.jpg 50w, https:\/\/newsestlyonnais.fr\/site\/wp-content\/uploads\/2023\/10\/3-100x149.jpg 100w, https:\/\/newsestlyonnais.fr\/site\/wp-content\/uploads\/2023\/10\/3-200x298.jpg 200w, https:\/\/newsestlyonnais.fr\/site\/wp-content\/uploads\/2023\/10\/3-300x447.jpg 300w, https:\/\/newsestlyonnais.fr\/site\/wp-content\/uploads\/2023\/10\/3-350x522.jpg 350w, https:\/\/newsestlyonnais.fr\/site\/wp-content\/uploads\/2023\/10\/3-450x671.jpg 450w, https:\/\/newsestlyonnais.fr\/site\/wp-content\/uploads\/2023\/10\/3-500x745.jpg 500w, https:\/\/newsestlyonnais.fr\/site\/wp-content\/uploads\/2023\/10\/3-550x820.jpg 550w, https:\/\/newsestlyonnais.fr\/site\/wp-content\/uploads\/2023\/10\/3.jpg 728w\" sizes=\"auto, (max-width: 268px) 100vw, 268px\" \/>\u00bb J\u2019ai uniquement fait des triathlons Courte Distance pendant 4 ans, avec l\u2019objectif de progresser en D3, <strong>mais cette ann\u00e9e marque la transition. Je me lance donc sur format IRONMAN<\/strong> avec une premi\u00e8re \u00e9ch\u00e9ance en Juin prochain \u00e0 Nice.<\/p>\n<p data-wp-editing=\"1\">Mes qualit\u00e9s sur le v\u00e9lo seront appr\u00e9ciables sur ces distances, et mes gros d\u00e9fauts en natation seront moindres <strong>\u00bb.<\/strong><\/p>\n<p><span style=\"background-color: #000000; color: #ffffff;\"><strong>Combien d\u2019heures d\u2019entrainement par semaine ?<\/strong><\/span><\/p>\n<p>\u00bb La charge d\u00e9pend des semaines et des blocs d\u00e9finis par mon entraineur, mais <strong>je suis en moyenne entre 12 et 14 s\u00e9ances par semaine<\/strong>, le volume horaire d\u00e9pendant surtout de la dur\u00e9e des sorties v\u00e9lo <strong>\u00bb.<\/strong><\/p>\n<hr \/>\n<p><span style=\"background-color: #000000; color: #ffffff;\"><strong>Quel \u00e9tait votre programme et vos objectifs pour cette ann\u00e9e 2023 ?<\/strong><\/span><\/p>\n<p>\u00bb <strong>Cette saison \u00e9tait ma derni\u00e8re en tant qu\u2019athl\u00e8te universitaire<\/strong>, j\u2019avais donc pour objectif de <strong>remporter le titre de Champion de France de disciplines enchain\u00e9es<\/strong>. Un podium en Duathlon et en Swimrun puis un top 10 en Triathlon m\u2019ont permis d\u2019<strong>accumuler assez de points pour remporter ce titre.<\/strong><\/p>\n<p><strong>Les objectifs en D3 \u00e9taient collectifs et ils ont \u00e9t\u00e9 atteints<\/strong> car les \u00e9quipes f\u00e9minines et masculines de l\u2019ASVEL se sont qualifi\u00e9es en finale de Triathlon et de Duathlon. Les finales \u00e9tant le m\u00eame jour, j\u2019ai pr\u00e9f\u00e9r\u00e9 me rendre \u00e0 Avallon pour le Duathlon, connaissant le niveau en natation sur une finale D3 Triathlon, un bon choix je pense.<\/p>\n<p>Enfin <strong>j\u2019ai entam\u00e9 ma transition en fin de saison avec mon premier triathlon Longue Distance<\/strong>, le VercorsMan XL, sous l\u2019orage et dans la boue. Les sensations \u00e9taient bonnes et m\u2019ont confort\u00e9 dans mon choix de passer sur format IRONMAN <strong>\u00bb.<\/strong><\/p>\n<p><strong><span style=\"background-color: #000000; color: #ffffff;\">Et pour conclure, des anecdotes de course ?<\/span><\/strong><\/p>\n<p>\u00bb <strong>Ma plus belle anecdote est tout simplement mon premier triathlon<\/strong>. Mettre la combi pour 250 m de brasse, garder le cadenas sur mon v\u00e9lo, enchainer en course \u00e0 pied avec mon casque sur la t\u00eate. <strong>Une premi\u00e8re exp\u00e9rience m\u00e9morable \u00bb.<\/strong><\/p>\n<hr \/>\n<div id='gallery-1' class='gallery galleryid-191252 gallery-columns-2 gallery-size-large'><figure class='gallery-item'>\n\t\t\t<div class='gallery-icon landscape'>\n\t\t\t\t<a href='https:\/\/newsestlyonnais.fr\/site\/2023\/10\/14\/tom-moneghetti-au-debut-je-nenvisageais-meme-pas-ce-sport-car-je-ne-savais-pas-nager\/4-3\/'><img loading=\"lazy\" decoding=\"async\" width=\"640\" height=\"394\" src=\"https:\/\/newsestlyonnais.fr\/site\/wp-content\/uploads\/2023\/10\/4-650x400.jpg\" class=\"attachment-large size-large\" alt=\"\" srcset=\"https:\/\/newsestlyonnais.fr\/site\/wp-content\/uploads\/2023\/10\/4-650x400.jpg 650w, https:\/\/newsestlyonnais.fr\/site\/wp-content\/uploads\/2023\/10\/4-400x246.jpg 400w, https:\/\/newsestlyonnais.fr\/site\/wp-content\/uploads\/2023\/10\/4-250x154.jpg 250w, https:\/\/newsestlyonnais.fr\/site\/wp-content\/uploads\/2023\/10\/4-768x472.jpg 768w, https:\/\/newsestlyonnais.fr\/site\/wp-content\/uploads\/2023\/10\/4-150x92.jpg 150w, https:\/\/newsestlyonnais.fr\/site\/wp-content\/uploads\/2023\/10\/4-50x31.jpg 50w, https:\/\/newsestlyonnais.fr\/site\/wp-content\/uploads\/2023\/10\/4-100x62.jpg 100w, https:\/\/newsestlyonnais.fr\/site\/wp-content\/uploads\/2023\/10\/4-200x123.jpg 200w, https:\/\/newsestlyonnais.fr\/site\/wp-content\/uploads\/2023\/10\/4-300x185.jpg 300w, https:\/\/newsestlyonnais.fr\/site\/wp-content\/uploads\/2023\/10\/4-350x215.jpg 350w, https:\/\/newsestlyonnais.fr\/site\/wp-content\/uploads\/2023\/10\/4-450x277.jpg 450w, https:\/\/newsestlyonnais.fr\/site\/wp-content\/uploads\/2023\/10\/4-500x308.jpg 500w, https:\/\/newsestlyonnais.fr\/site\/wp-content\/uploads\/2023\/10\/4-550x338.jpg 550w, https:\/\/newsestlyonnais.fr\/site\/wp-content\/uploads\/2023\/10\/4-800x492.jpg 800w, https:\/\/newsestlyonnais.fr\/site\/wp-content\/uploads\/2023\/10\/4.jpg 1200w\" sizes=\"auto, (max-width: 640px) 100vw, 640px\" \/><\/a>\n\t\t\t<\/div><\/figure><figure class='gallery-item'>\n\t\t\t<div class='gallery-icon portrait'>\n\t\t\t\t<a href='https:\/\/newsestlyonnais.fr\/site\/2023\/10\/14\/tom-moneghetti-au-debut-je-nenvisageais-meme-pas-ce-sport-car-je-ne-savais-pas-nager\/2-5\/'><img loading=\"lazy\" decoding=\"async\" width=\"593\" height=\"750\" src=\"https:\/\/newsestlyonnais.fr\/site\/wp-content\/uploads\/2023\/10\/2-650x822.jpg\" class=\"attachment-large size-large\" alt=\"\" srcset=\"https:\/\/newsestlyonnais.fr\/site\/wp-content\/uploads\/2023\/10\/2-650x822.jpg 650w, https:\/\/newsestlyonnais.fr\/site\/wp-content\/uploads\/2023\/10\/2-400x506.jpg 400w, https:\/\/newsestlyonnais.fr\/site\/wp-content\/uploads\/2023\/10\/2-250x316.jpg 250w, https:\/\/newsestlyonnais.fr\/site\/wp-content\/uploads\/2023\/10\/2-768x971.jpg 768w, https:\/\/newsestlyonnais.fr\/site\/wp-content\/uploads\/2023\/10\/2-150x190.jpg 150w, https:\/\/newsestlyonnais.fr\/site\/wp-content\/uploads\/2023\/10\/2-50x63.jpg 50w, https:\/\/newsestlyonnais.fr\/site\/wp-content\/uploads\/2023\/10\/2-100x126.jpg 100w, https:\/\/newsestlyonnais.fr\/site\/wp-content\/uploads\/2023\/10\/2-200x253.jpg 200w, https:\/\/newsestlyonnais.fr\/site\/wp-content\/uploads\/2023\/10\/2-300x379.jpg 300w, https:\/\/newsestlyonnais.fr\/site\/wp-content\/uploads\/2023\/10\/2-350x443.jpg 350w, https:\/\/newsestlyonnais.fr\/site\/wp-content\/uploads\/2023\/10\/2-450x569.jpg 450w, https:\/\/newsestlyonnais.fr\/site\/wp-content\/uploads\/2023\/10\/2-500x632.jpg 500w, https:\/\/newsestlyonnais.fr\/site\/wp-content\/uploads\/2023\/10\/2-550x695.jpg 550w, https:\/\/newsestlyonnais.fr\/site\/wp-content\/uploads\/2023\/10\/2-800x1012.jpg 800w, https:\/\/newsestlyonnais.fr\/site\/wp-content\/uploads\/2023\/10\/2.jpg 949w\" sizes=\"auto, (max-width: 593px) 100vw, 593px\" \/><\/a>\n\t\t\t<\/div><\/figure>\n\t\t<\/div>\n\n","protected":false},"excerpt":{"rendered":"<p>Apr\u00e8s avoir touch\u00e9 \u00e0 divers sports, le jeune triathl\u00e8te villeurbannais a d\u00e9but\u00e9 le triathlon en 2019 devenant cette ann\u00e9e champion de France universitaire de disciplines enchain\u00e9es.<\/p>\n","protected":false},"author":4,"featured_media":191257,"comment_status":"open","ping_status":"open","sticky":false,"template":"","format":"standard","meta":{"footnotes":""},"categories":[4286,137,2988,2990,29],"tags":[2249,4895,2528],"class_list":["post-191252","post","type-post","status-publish","format-standard","has-post-thumbnail","hentry","category-interview-a-la-une","category-interviews","category-natation-triathlon","category-triathlon","category-villeurbanne","tag-asvel-triathlon","tag-tom-moneghetti","tag-triathlon"],"yoast_head":"<!-- This site is optimized with the Yoast SEO plugin v27.2 - https:\/\/yoast.com\/product\/yoast-seo-wordpress\/ -->\n<title>Tom Moneghetti \u00ab Au d\u00e9but je n\u2019envisageais m\u00eame pas ce sport car je ne savais pas nager \u00bb - News Est Lyonnais<\/title>\n<meta name=\"description\" content=\"Tom Moneghetti \u00ab Au d\u00e9but je n\u2019envisageais m\u00eame pas ce sport car je ne savais pas nager \u00bb\" \/>\n<meta name=\"robots\" content=\"index, follow, max-snippet:-1, max-image-preview:large, max-video-preview:-1\" \/>\n<link rel=\"canonical\" href=\"https:\/\/newsestlyonnais.fr\/site\/2023\/10\/14\/tom-moneghetti-au-debut-je-nenvisageais-meme-pas-ce-sport-car-je-ne-savais-pas-nager\/\" \/>\n<meta property=\"og:locale\" content=\"fr_FR\" \/>\n<meta property=\"og:type\" content=\"article\" \/>\n<meta property=\"og:title\" content=\"Tom Moneghetti \u00ab Au d\u00e9but je n\u2019envisageais m\u00eame pas ce sport car je ne savais pas nager \u00bb - News Est Lyonnais\" \/>\n<meta property=\"og:description\" content=\"Tom Moneghetti \u00ab Au d\u00e9but je n\u2019envisageais m\u00eame pas ce sport car je ne savais pas nager \u00bb\" \/>\n<meta property=\"og:url\" content=\"https:\/\/newsestlyonnais.fr\/site\/2023\/10\/14\/tom-moneghetti-au-debut-je-nenvisageais-meme-pas-ce-sport-car-je-ne-savais-pas-nager\/\" \/>\n<meta property=\"og:site_name\" content=\"News Est Lyonnais\" \/>\n<meta property=\"article:author\" content=\"https:\/\/www.facebook.com\/pascal.oberson.1?fref=ts\" \/>\n<meta property=\"article:published_time\" content=\"2023-10-14T04:54:23+00:00\" \/>\n<meta property=\"og:image\" content=\"https:\/\/newsestlyonnais.fr\/site\/wp-content\/uploads\/2023\/10\/1.jpg\" \/>\n\t<meta property=\"og:image:width\" content=\"1200\" \/>\n\t<meta property=\"og:image:height\" content=\"1012\" \/>\n\t<meta property=\"og:image:type\" content=\"image\/jpeg\" \/>\n<meta name=\"author\" content=\"R\u00e9dac. NEWS\" \/>\n<meta name=\"twitter:card\" content=\"summary_large_image\" \/>\n<meta name=\"twitter:label1\" content=\"\u00c9crit par\" \/>\n\t<meta name=\"twitter:data1\" content=\"R\u00e9dac. NEWS\" \/>\n\t<meta name=\"twitter:label2\" content=\"Dur\u00e9e de lecture estim\u00e9e\" \/>\n\t<meta name=\"twitter:data2\" content=\"5 minutes\" \/>\n<script type=\"application\/ld+json\" class=\"yoast-schema-graph\">{\"@context\":\"https:\/\/schema.org\",\"@graph\":[{\"@type\":\"Article\",\"@id\":\"https:\/\/newsestlyonnais.fr\/site\/2023\/10\/14\/tom-moneghetti-au-debut-je-nenvisageais-meme-pas-ce-sport-car-je-ne-savais-pas-nager\/#article\",\"isPartOf\":{\"@id\":\"https:\/\/newsestlyonnais.fr\/site\/2023\/10\/14\/tom-moneghetti-au-debut-je-nenvisageais-meme-pas-ce-sport-car-je-ne-savais-pas-nager\/\"},\"author\":{\"name\":\"R\u00e9dac. NEWS\",\"@id\":\"https:\/\/newsestlyonnais.fr\/site\/#\/schema\/person\/3230d5615f390bb808365d673001e887\"},\"headline\":\"Tom Moneghetti \u00ab Au d\u00e9but je n\u2019envisageais m\u00eame pas ce sport car je ne savais pas nager \u00bb\",\"datePublished\":\"2023-10-14T04:54:23+00:00\",\"mainEntityOfPage\":{\"@id\":\"https:\/\/newsestlyonnais.fr\/site\/2023\/10\/14\/tom-moneghetti-au-debut-je-nenvisageais-meme-pas-ce-sport-car-je-ne-savais-pas-nager\/\"},\"wordCount\":928,\"commentCount\":0,\"publisher\":{\"@id\":\"https:\/\/newsestlyonnais.fr\/site\/#organization\"},\"image\":{\"@id\":\"https:\/\/newsestlyonnais.fr\/site\/2023\/10\/14\/tom-moneghetti-au-debut-je-nenvisageais-meme-pas-ce-sport-car-je-ne-savais-pas-nager\/#primaryimage\"},\"thumbnailUrl\":\"https:\/\/newsestlyonnais.fr\/site\/wp-content\/uploads\/2023\/10\/1.jpg\",\"keywords\":[\"ASVEL TRIATHLON\",\"Tom MONEGHETTI\",\"TRIATHLON\"],\"articleSection\":[\"Interview \u00e0 la une\",\"Interviews\",\"Natation | Triathlon\",\"Triathlon\",\"Villeurbanne\"],\"inLanguage\":\"fr-FR\",\"potentialAction\":[{\"@type\":\"CommentAction\",\"name\":\"Comment\",\"target\":[\"https:\/\/newsestlyonnais.fr\/site\/2023\/10\/14\/tom-moneghetti-au-debut-je-nenvisageais-meme-pas-ce-sport-car-je-ne-savais-pas-nager\/#respond\"]}]},{\"@type\":\"WebPage\",\"@id\":\"https:\/\/newsestlyonnais.fr\/site\/2023\/10\/14\/tom-moneghetti-au-debut-je-nenvisageais-meme-pas-ce-sport-car-je-ne-savais-pas-nager\/\",\"url\":\"https:\/\/newsestlyonnais.fr\/site\/2023\/10\/14\/tom-moneghetti-au-debut-je-nenvisageais-meme-pas-ce-sport-car-je-ne-savais-pas-nager\/\",\"name\":\"Tom Moneghetti \u00ab Au d\u00e9but je n\u2019envisageais m\u00eame pas ce sport car je ne savais pas nager \u00bb - News Est Lyonnais\",\"isPartOf\":{\"@id\":\"https:\/\/newsestlyonnais.fr\/site\/#website\"},\"primaryImageOfPage\":{\"@id\":\"https:\/\/newsestlyonnais.fr\/site\/2023\/10\/14\/tom-moneghetti-au-debut-je-nenvisageais-meme-pas-ce-sport-car-je-ne-savais-pas-nager\/#primaryimage\"},\"image\":{\"@id\":\"https:\/\/newsestlyonnais.fr\/site\/2023\/10\/14\/tom-moneghetti-au-debut-je-nenvisageais-meme-pas-ce-sport-car-je-ne-savais-pas-nager\/#primaryimage\"},\"thumbnailUrl\":\"https:\/\/newsestlyonnais.fr\/site\/wp-content\/uploads\/2023\/10\/1.jpg\",\"datePublished\":\"2023-10-14T04:54:23+00:00\",\"description\":\"Tom Moneghetti \u00ab Au d\u00e9but je n\u2019envisageais m\u00eame pas ce sport car je ne savais pas nager \u00bb\",\"breadcrumb\":{\"@id\":\"https:\/\/newsestlyonnais.fr\/site\/2023\/10\/14\/tom-moneghetti-au-debut-je-nenvisageais-meme-pas-ce-sport-car-je-ne-savais-pas-nager\/#breadcrumb\"},\"inLanguage\":\"fr-FR\",\"potentialAction\":[{\"@type\":\"ReadAction\",\"target\":[\"https:\/\/newsestlyonnais.fr\/site\/2023\/10\/14\/tom-moneghetti-au-debut-je-nenvisageais-meme-pas-ce-sport-car-je-ne-savais-pas-nager\/\"]}]},{\"@type\":\"ImageObject\",\"inLanguage\":\"fr-FR\",\"@id\":\"https:\/\/newsestlyonnais.fr\/site\/2023\/10\/14\/tom-moneghetti-au-debut-je-nenvisageais-meme-pas-ce-sport-car-je-ne-savais-pas-nager\/#primaryimage\",\"url\":\"https:\/\/newsestlyonnais.fr\/site\/wp-content\/uploads\/2023\/10\/1.jpg\",\"contentUrl\":\"https:\/\/newsestlyonnais.fr\/site\/wp-content\/uploads\/2023\/10\/1.jpg\",\"width\":1200,\"height\":1012},{\"@type\":\"BreadcrumbList\",\"@id\":\"https:\/\/newsestlyonnais.fr\/site\/2023\/10\/14\/tom-moneghetti-au-debut-je-nenvisageais-meme-pas-ce-sport-car-je-ne-savais-pas-nager\/#breadcrumb\",\"itemListElement\":[{\"@type\":\"ListItem\",\"position\":1,\"name\":\"Accueil\",\"item\":\"https:\/\/newsestlyonnais.fr\/site\/\"},{\"@type\":\"ListItem\",\"position\":2,\"name\":\"Tom Moneghetti \u00ab Au d\u00e9but je n\u2019envisageais m\u00eame pas ce sport car je ne savais pas nager \u00bb\"}]},{\"@type\":\"WebSite\",\"@id\":\"https:\/\/newsestlyonnais.fr\/site\/#website\",\"url\":\"https:\/\/newsestlyonnais.fr\/site\/\",\"name\":\"News Est Lyonnais\",\"description\":\"L&#039;actualit\u00e9 au plus pr\u00e8s\",\"publisher\":{\"@id\":\"https:\/\/newsestlyonnais.fr\/site\/#organization\"},\"potentialAction\":[{\"@type\":\"SearchAction\",\"target\":{\"@type\":\"EntryPoint\",\"urlTemplate\":\"https:\/\/newsestlyonnais.fr\/site\/?s={search_term_string}\"},\"query-input\":{\"@type\":\"PropertyValueSpecification\",\"valueRequired\":true,\"valueName\":\"search_term_string\"}}],\"inLanguage\":\"fr-FR\"},{\"@type\":\"Organization\",\"@id\":\"https:\/\/newsestlyonnais.fr\/site\/#organization\",\"name\":\"News EST LYONNAIS\",\"url\":\"https:\/\/newsestlyonnais.fr\/site\/\",\"logo\":{\"@type\":\"ImageObject\",\"inLanguage\":\"fr-FR\",\"@id\":\"https:\/\/newsestlyonnais.fr\/site\/#\/schema\/logo\/image\/\",\"url\":\"\",\"contentUrl\":\"\",\"caption\":\"News EST LYONNAIS\"},\"image\":{\"@id\":\"https:\/\/newsestlyonnais.fr\/site\/#\/schema\/logo\/image\/\"}},{\"@type\":\"Person\",\"@id\":\"https:\/\/newsestlyonnais.fr\/site\/#\/schema\/person\/3230d5615f390bb808365d673001e887\",\"name\":\"R\u00e9dac. NEWS\",\"sameAs\":[\"http:\/\/www.newsestlyonnais.fr\",\"https:\/\/www.facebook.com\/pascal.oberson.1?fref=ts\",\"https:\/\/fr.linkedin.com\/in\/pascal-oberson-b17045113\"],\"url\":\"https:\/\/newsestlyonnais.fr\/site\/author\/nel\/\"}]}<\/script>\n<!-- \/ Yoast SEO plugin. -->","yoast_head_json":{"title":"Tom Moneghetti \u00ab Au d\u00e9but je n\u2019envisageais m\u00eame pas ce sport car je ne savais pas nager \u00bb - News Est Lyonnais","description":"Tom Moneghetti \u00ab Au d\u00e9but je n\u2019envisageais m\u00eame pas ce sport car je ne savais pas nager \u00bb","robots":{"index":"index","follow":"follow","max-snippet":"max-snippet:-1","max-image-preview":"max-image-preview:large","max-video-preview":"max-video-preview:-1"},"canonical":"https:\/\/newsestlyonnais.fr\/site\/2023\/10\/14\/tom-moneghetti-au-debut-je-nenvisageais-meme-pas-ce-sport-car-je-ne-savais-pas-nager\/","og_locale":"fr_FR","og_type":"article","og_title":"Tom Moneghetti \u00ab Au d\u00e9but je n\u2019envisageais m\u00eame pas ce sport car je ne savais pas nager \u00bb - News Est Lyonnais","og_description":"Tom Moneghetti \u00ab Au d\u00e9but je n\u2019envisageais m\u00eame pas ce sport car je ne savais pas nager \u00bb","og_url":"https:\/\/newsestlyonnais.fr\/site\/2023\/10\/14\/tom-moneghetti-au-debut-je-nenvisageais-meme-pas-ce-sport-car-je-ne-savais-pas-nager\/","og_site_name":"News Est Lyonnais","article_author":"https:\/\/www.facebook.com\/pascal.oberson.1?fref=ts","article_published_time":"2023-10-14T04:54:23+00:00","og_image":[{"width":1200,"height":1012,"url":"https:\/\/newsestlyonnais.fr\/site\/wp-content\/uploads\/2023\/10\/1.jpg","type":"image\/jpeg"}],"author":"R\u00e9dac. NEWS","twitter_card":"summary_large_image","twitter_misc":{"\u00c9crit par":"R\u00e9dac. NEWS","Dur\u00e9e de lecture estim\u00e9e":"5 minutes"},"schema":{"@context":"https:\/\/schema.org","@graph":[{"@type":"Article","@id":"https:\/\/newsestlyonnais.fr\/site\/2023\/10\/14\/tom-moneghetti-au-debut-je-nenvisageais-meme-pas-ce-sport-car-je-ne-savais-pas-nager\/#article","isPartOf":{"@id":"https:\/\/newsestlyonnais.fr\/site\/2023\/10\/14\/tom-moneghetti-au-debut-je-nenvisageais-meme-pas-ce-sport-car-je-ne-savais-pas-nager\/"},"author":{"name":"R\u00e9dac. NEWS","@id":"https:\/\/newsestlyonnais.fr\/site\/#\/schema\/person\/3230d5615f390bb808365d673001e887"},"headline":"Tom Moneghetti \u00ab Au d\u00e9but je n\u2019envisageais m\u00eame pas ce sport car je ne savais pas nager \u00bb","datePublished":"2023-10-14T04:54:23+00:00","mainEntityOfPage":{"@id":"https:\/\/newsestlyonnais.fr\/site\/2023\/10\/14\/tom-moneghetti-au-debut-je-nenvisageais-meme-pas-ce-sport-car-je-ne-savais-pas-nager\/"},"wordCount":928,"commentCount":0,"publisher":{"@id":"https:\/\/newsestlyonnais.fr\/site\/#organization"},"image":{"@id":"https:\/\/newsestlyonnais.fr\/site\/2023\/10\/14\/tom-moneghetti-au-debut-je-nenvisageais-meme-pas-ce-sport-car-je-ne-savais-pas-nager\/#primaryimage"},"thumbnailUrl":"https:\/\/newsestlyonnais.fr\/site\/wp-content\/uploads\/2023\/10\/1.jpg","keywords":["ASVEL TRIATHLON","Tom MONEGHETTI","TRIATHLON"],"articleSection":["Interview \u00e0 la une","Interviews","Natation | Triathlon","Triathlon","Villeurbanne"],"inLanguage":"fr-FR","potentialAction":[{"@type":"CommentAction","name":"Comment","target":["https:\/\/newsestlyonnais.fr\/site\/2023\/10\/14\/tom-moneghetti-au-debut-je-nenvisageais-meme-pas-ce-sport-car-je-ne-savais-pas-nager\/#respond"]}]},{"@type":"WebPage","@id":"https:\/\/newsestlyonnais.fr\/site\/2023\/10\/14\/tom-moneghetti-au-debut-je-nenvisageais-meme-pas-ce-sport-car-je-ne-savais-pas-nager\/","url":"https:\/\/newsestlyonnais.fr\/site\/2023\/10\/14\/tom-moneghetti-au-debut-je-nenvisageais-meme-pas-ce-sport-car-je-ne-savais-pas-nager\/","name":"Tom Moneghetti \u00ab Au d\u00e9but je n\u2019envisageais m\u00eame pas ce sport car je ne savais pas nager \u00bb - News Est Lyonnais","isPartOf":{"@id":"https:\/\/newsestlyonnais.fr\/site\/#website"},"primaryImageOfPage":{"@id":"https:\/\/newsestlyonnais.fr\/site\/2023\/10\/14\/tom-moneghetti-au-debut-je-nenvisageais-meme-pas-ce-sport-car-je-ne-savais-pas-nager\/#primaryimage"},"image":{"@id":"https:\/\/newsestlyonnais.fr\/site\/2023\/10\/14\/tom-moneghetti-au-debut-je-nenvisageais-meme-pas-ce-sport-car-je-ne-savais-pas-nager\/#primaryimage"},"thumbnailUrl":"https:\/\/newsestlyonnais.fr\/site\/wp-content\/uploads\/2023\/10\/1.jpg","datePublished":"2023-10-14T04:54:23+00:00","description":"Tom Moneghetti \u00ab Au d\u00e9but je n\u2019envisageais m\u00eame pas ce sport car je ne savais pas nager \u00bb","breadcrumb":{"@id":"https:\/\/newsestlyonnais.fr\/site\/2023\/10\/14\/tom-moneghetti-au-debut-je-nenvisageais-meme-pas-ce-sport-car-je-ne-savais-pas-nager\/#breadcrumb"},"inLanguage":"fr-FR","potentialAction":[{"@type":"ReadAction","target":["https:\/\/newsestlyonnais.fr\/site\/2023\/10\/14\/tom-moneghetti-au-debut-je-nenvisageais-meme-pas-ce-sport-car-je-ne-savais-pas-nager\/"]}]},{"@type":"ImageObject","inLanguage":"fr-FR","@id":"https:\/\/newsestlyonnais.fr\/site\/2023\/10\/14\/tom-moneghetti-au-debut-je-nenvisageais-meme-pas-ce-sport-car-je-ne-savais-pas-nager\/#primaryimage","url":"https:\/\/newsestlyonnais.fr\/site\/wp-content\/uploads\/2023\/10\/1.jpg","contentUrl":"https:\/\/newsestlyonnais.fr\/site\/wp-content\/uploads\/2023\/10\/1.jpg","width":1200,"height":1012},{"@type":"BreadcrumbList","@id":"https:\/\/newsestlyonnais.fr\/site\/2023\/10\/14\/tom-moneghetti-au-debut-je-nenvisageais-meme-pas-ce-sport-car-je-ne-savais-pas-nager\/#breadcrumb","itemListElement":[{"@type":"ListItem","position":1,"name":"Accueil","item":"https:\/\/newsestlyonnais.fr\/site\/"},{"@type":"ListItem","position":2,"name":"Tom Moneghetti \u00ab Au d\u00e9but je n\u2019envisageais m\u00eame pas ce sport car je ne savais pas nager \u00bb"}]},{"@type":"WebSite","@id":"https:\/\/newsestlyonnais.fr\/site\/#website","url":"https:\/\/newsestlyonnais.fr\/site\/","name":"News Est Lyonnais","description":"L&#039;actualit\u00e9 au plus pr\u00e8s","publisher":{"@id":"https:\/\/newsestlyonnais.fr\/site\/#organization"},"potentialAction":[{"@type":"SearchAction","target":{"@type":"EntryPoint","urlTemplate":"https:\/\/newsestlyonnais.fr\/site\/?s={search_term_string}"},"query-input":{"@type":"PropertyValueSpecification","valueRequired":true,"valueName":"search_term_string"}}],"inLanguage":"fr-FR"},{"@type":"Organization","@id":"https:\/\/newsestlyonnais.fr\/site\/#organization","name":"News EST LYONNAIS","url":"https:\/\/newsestlyonnais.fr\/site\/","logo":{"@type":"ImageObject","inLanguage":"fr-FR","@id":"https:\/\/newsestlyonnais.fr\/site\/#\/schema\/logo\/image\/","url":"","contentUrl":"","caption":"News EST LYONNAIS"},"image":{"@id":"https:\/\/newsestlyonnais.fr\/site\/#\/schema\/logo\/image\/"}},{"@type":"Person","@id":"https:\/\/newsestlyonnais.fr\/site\/#\/schema\/person\/3230d5615f390bb808365d673001e887","name":"R\u00e9dac. NEWS","sameAs":["http:\/\/www.newsestlyonnais.fr","https:\/\/www.facebook.com\/pascal.oberson.1?fref=ts","https:\/\/fr.linkedin.com\/in\/pascal-oberson-b17045113"],"url":"https:\/\/newsestlyonnais.fr\/site\/author\/nel\/"}]}},"_links":{"self":[{"href":"https:\/\/newsestlyonnais.fr\/site\/wp-json\/wp\/v2\/posts\/191252","targetHints":{"allow":["GET"]}}],"collection":[{"href":"https:\/\/newsestlyonnais.fr\/site\/wp-json\/wp\/v2\/posts"}],"about":[{"href":"https:\/\/newsestlyonnais.fr\/site\/wp-json\/wp\/v2\/types\/post"}],"author":[{"embeddable":true,"href":"https:\/\/newsestlyonnais.fr\/site\/wp-json\/wp\/v2\/users\/4"}],"replies":[{"embeddable":true,"href":"https:\/\/newsestlyonnais.fr\/site\/wp-json\/wp\/v2\/comments?post=191252"}],"version-history":[{"count":0,"href":"https:\/\/newsestlyonnais.fr\/site\/wp-json\/wp\/v2\/posts\/191252\/revisions"}],"wp:featuredmedia":[{"embeddable":true,"href":"https:\/\/newsestlyonnais.fr\/site\/wp-json\/wp\/v2\/media\/191257"}],"wp:attachment":[{"href":"https:\/\/newsestlyonnais.fr\/site\/wp-json\/wp\/v2\/media?parent=191252"}],"wp:term":[{"taxonomy":"category","embeddable":true,"href":"https:\/\/newsestlyonnais.fr\/site\/wp-json\/wp\/v2\/categories?post=191252"},{"taxonomy":"post_tag","embeddable":true,"href":"https:\/\/newsestlyonnais.fr\/site\/wp-json\/wp\/v2\/tags?post=191252"}],"curies":[{"name":"wp","href":"https:\/\/api.w.org\/{rel}","templated":true}]}}