{"id":191411,"date":"2023-10-17T05:19:52","date_gmt":"2023-10-17T04:19:52","guid":{"rendered":"https:\/\/newsestlyonnais.fr\/site\/?p=191411"},"modified":"2023-10-18T17:37:47","modified_gmt":"2023-10-18T16:37:47","slug":"ptites-news-breves-et-scoops-8","status":"publish","type":"post","link":"https:\/\/newsestlyonnais.fr\/site\/2023\/10\/17\/ptites-news-breves-et-scoops-8\/","title":{"rendered":"P\u2019tites news, br\u00e8ves et scoops \u2026."},"content":{"rendered":"<div class=\"fn-post fn-singular\">\n<article class=\"post-191130 post type-post status-publish format-standard has-post-thumbnail hentry category-a-la-une category-decines-charpieu category-lyon category-meyzieu\">\n<div class=\"entry-body\">\n<div class=\"entry-body\">\n<p><img loading=\"lazy\" decoding=\"async\" class=\"size-full wp-image-125195 aligncenter\" src=\"https:\/\/newsestlyonnais.fr\/site\/wp-content\/uploads\/2021\/02\/pressB.jpg\" sizes=\"auto, (max-width: 125px) 100vw, 125px\" srcset=\"https:\/\/newsestlyonnais.fr\/site\/wp-content\/uploads\/2021\/02\/pressB.jpg 125w, https:\/\/newsestlyonnais.fr\/site\/wp-content\/uploads\/2021\/02\/pressB-50x50.jpg 50w, https:\/\/newsestlyonnais.fr\/site\/wp-content\/uploads\/2021\/02\/pressB-100x100.jpg 100w\" alt=\"\" width=\"125\" height=\"125\" data-attachment-id=\"125195\" data-permalink=\"https:\/\/newsestlyonnais.fr\/site\/2021\/05\/30\/meyzieu-lopen-de-tennis-demarre-samedi\/pressb-2\/\" data-orig-file=\"https:\/\/newsestlyonnais.fr\/site\/wp-content\/uploads\/2021\/02\/pressB.jpg\" data-orig-size=\"125,125\" data-comments-opened=\"1\" data-image-meta=\"{&quot;aperture&quot;:&quot;0&quot;,&quot;credit&quot;:&quot;&quot;,&quot;camera&quot;:&quot;&quot;,&quot;caption&quot;:&quot;&quot;,&quot;created_timestamp&quot;:&quot;0&quot;,&quot;copyright&quot;:&quot;&quot;,&quot;focal_length&quot;:&quot;0&quot;,&quot;iso&quot;:&quot;0&quot;,&quot;shutter_speed&quot;:&quot;0&quot;,&quot;title&quot;:&quot;&quot;,&quot;orientation&quot;:&quot;0&quot;}\" data-image-title=\"pressB\" data-image-description=\"\" data-image-caption=\"\" data-medium-file=\"https:\/\/newsestlyonnais.fr\/site\/wp-content\/uploads\/2021\/02\/pressB.jpg\" data-large-file=\"https:\/\/newsestlyonnais.fr\/site\/wp-content\/uploads\/2021\/02\/pressB.jpg\" \/><\/p>\n<p class=\"entry-title post-title\"><img loading=\"lazy\" decoding=\"async\" class=\"alignleft size-thumbnail wp-image-191291\" src=\"https:\/\/newsestlyonnais.fr\/site\/wp-content\/uploads\/2023\/10\/P1500304-250x188.jpg\" alt=\"\" width=\"150\" height=\"113\" srcset=\"https:\/\/newsestlyonnais.fr\/site\/wp-content\/uploads\/2023\/10\/P1500304-250x188.jpg 250w, https:\/\/newsestlyonnais.fr\/site\/wp-content\/uploads\/2023\/10\/P1500304-400x300.jpg 400w, https:\/\/newsestlyonnais.fr\/site\/wp-content\/uploads\/2023\/10\/P1500304-650x488.jpg 650w, https:\/\/newsestlyonnais.fr\/site\/wp-content\/uploads\/2023\/10\/P1500304-768x576.jpg 768w, https:\/\/newsestlyonnais.fr\/site\/wp-content\/uploads\/2023\/10\/P1500304-150x113.jpg 150w, https:\/\/newsestlyonnais.fr\/site\/wp-content\/uploads\/2023\/10\/P1500304-50x38.jpg 50w, https:\/\/newsestlyonnais.fr\/site\/wp-content\/uploads\/2023\/10\/P1500304-100x75.jpg 100w, https:\/\/newsestlyonnais.fr\/site\/wp-content\/uploads\/2023\/10\/P1500304-200x150.jpg 200w, https:\/\/newsestlyonnais.fr\/site\/wp-content\/uploads\/2023\/10\/P1500304-300x225.jpg 300w, https:\/\/newsestlyonnais.fr\/site\/wp-content\/uploads\/2023\/10\/P1500304-350x263.jpg 350w, https:\/\/newsestlyonnais.fr\/site\/wp-content\/uploads\/2023\/10\/P1500304-450x338.jpg 450w, https:\/\/newsestlyonnais.fr\/site\/wp-content\/uploads\/2023\/10\/P1500304-500x375.jpg 500w, https:\/\/newsestlyonnais.fr\/site\/wp-content\/uploads\/2023\/10\/P1500304-550x413.jpg 550w, https:\/\/newsestlyonnais.fr\/site\/wp-content\/uploads\/2023\/10\/P1500304-800x600.jpg 800w, https:\/\/newsestlyonnais.fr\/site\/wp-content\/uploads\/2023\/10\/P1500304.jpg 1200w\" sizes=\"auto, (max-width: 150px) 100vw, 150px\" \/><strong><span style=\"background-color: #000000; color: #ffcc00;\">MEYZIEU<\/span><\/strong><\/p>\n<p class=\"entry-title post-title\"><a href=\"https:\/\/newsestlyonnais.fr\/site\/2023\/10\/14\/meyzieu-le-tournoi-de-tennis-jeunes-demarre-ce-samedi\/\"><span style=\"color: #0000ff;\"><strong>Le tournoi de tennis jeunes d\u00e9marre ce samedi<\/strong><\/span><\/a><\/p>\n<p class=\"entry-excerpt\">Plus de 150 inscriptions, toujours en cours, d\u00e9j\u00e0 enregistr\u00e9es dans cette comp\u00e9tition qui s&rsquo;ach\u00e8vera le samedi 4 novembre prochain.<\/p>\n<hr \/>\n<\/div>\n<p class=\"entry-title post-title\"><strong><span style=\"background-color: #000000; color: #ffcc00;\"><img loading=\"lazy\" decoding=\"async\" class=\"alignleft size-thumbnail wp-image-174217\" src=\"https:\/\/newsestlyonnais.fr\/site\/wp-content\/uploads\/2023\/01\/NEWSESTLYONNAIS-MEY-TENNIS-01-250x188.jpg\" alt=\"\" width=\"150\" height=\"113\" srcset=\"https:\/\/newsestlyonnais.fr\/site\/wp-content\/uploads\/2023\/01\/NEWSESTLYONNAIS-MEY-TENNIS-01-250x188.jpg 250w, https:\/\/newsestlyonnais.fr\/site\/wp-content\/uploads\/2023\/01\/NEWSESTLYONNAIS-MEY-TENNIS-01-400x300.jpg 400w, https:\/\/newsestlyonnais.fr\/site\/wp-content\/uploads\/2023\/01\/NEWSESTLYONNAIS-MEY-TENNIS-01-650x488.jpg 650w, https:\/\/newsestlyonnais.fr\/site\/wp-content\/uploads\/2023\/01\/NEWSESTLYONNAIS-MEY-TENNIS-01-768x576.jpg 768w, https:\/\/newsestlyonnais.fr\/site\/wp-content\/uploads\/2023\/01\/NEWSESTLYONNAIS-MEY-TENNIS-01-150x113.jpg 150w, https:\/\/newsestlyonnais.fr\/site\/wp-content\/uploads\/2023\/01\/NEWSESTLYONNAIS-MEY-TENNIS-01-50x38.jpg 50w, https:\/\/newsestlyonnais.fr\/site\/wp-content\/uploads\/2023\/01\/NEWSESTLYONNAIS-MEY-TENNIS-01-100x75.jpg 100w, https:\/\/newsestlyonnais.fr\/site\/wp-content\/uploads\/2023\/01\/NEWSESTLYONNAIS-MEY-TENNIS-01-200x150.jpg 200w, https:\/\/newsestlyonnais.fr\/site\/wp-content\/uploads\/2023\/01\/NEWSESTLYONNAIS-MEY-TENNIS-01-300x225.jpg 300w, https:\/\/newsestlyonnais.fr\/site\/wp-content\/uploads\/2023\/01\/NEWSESTLYONNAIS-MEY-TENNIS-01-350x263.jpg 350w, https:\/\/newsestlyonnais.fr\/site\/wp-content\/uploads\/2023\/01\/NEWSESTLYONNAIS-MEY-TENNIS-01-450x338.jpg 450w, https:\/\/newsestlyonnais.fr\/site\/wp-content\/uploads\/2023\/01\/NEWSESTLYONNAIS-MEY-TENNIS-01-500x375.jpg 500w, https:\/\/newsestlyonnais.fr\/site\/wp-content\/uploads\/2023\/01\/NEWSESTLYONNAIS-MEY-TENNIS-01-550x413.jpg 550w, https:\/\/newsestlyonnais.fr\/site\/wp-content\/uploads\/2023\/01\/NEWSESTLYONNAIS-MEY-TENNIS-01-800x600.jpg 800w, https:\/\/newsestlyonnais.fr\/site\/wp-content\/uploads\/2023\/01\/NEWSESTLYONNAIS-MEY-TENNIS-01.jpg 1200w\" sizes=\"auto, (max-width: 150px) 100vw, 150px\" \/>MEYZIEU<\/span>\u00a0 <\/strong><\/p>\n<p class=\"entry-title post-title\"><a href=\"https:\/\/newsestlyonnais.fr\/site\/2023\/10\/15\/meyzieu-les-premiers-resultats-du-tournoi-jeunes-de-tennis-3\/\"><span style=\"color: #0000ff;\"><strong>Les premiers r\u00e9sultats du tournoi jeunes de tennis<\/strong><\/span><\/a><\/p>\n<p class=\"entry-excerpt\">Dix rencontres \u00e9taient programm\u00e9es dans les tableaux masculins durant cette comp\u00e9tition qui d\u00e9marrait ce samedi matin.<\/p>\n<hr \/>\n<div class=\"entry-body\">\n<p><strong><img loading=\"lazy\" decoding=\"async\" class=\"alignleft wp-image-174217 size-thumbnail\" src=\"https:\/\/newsestlyonnais.fr\/site\/wp-content\/uploads\/2023\/01\/NEWSESTLYONNAIS-MEY-TENNIS-01-250x188.jpg\" alt=\"\" width=\"150\" height=\"113\" data-attachment-id=\"191238\" data-permalink=\"https:\/\/newsestlyonnais.fr\/site\/2023\/10\/13\/ptites-news-breves-et-scoops-7\/9fb6dd95-f00f-608b-c200-64ddabebcf44\/\" data-orig-file=\"https:\/\/newsestlyonnais.fr\/site\/wp-content\/uploads\/2023\/10\/9fb6dd95-f00f-608b-c200-64ddabebcf44.jpg\" data-orig-size=\"900,450\" data-comments-opened=\"1\" data-image-meta=\"{&quot;aperture&quot;:&quot;0&quot;,&quot;credit&quot;:&quot;&quot;,&quot;camera&quot;:&quot;&quot;,&quot;caption&quot;:&quot;&quot;,&quot;created_timestamp&quot;:&quot;0&quot;,&quot;copyright&quot;:&quot;&quot;,&quot;focal_length&quot;:&quot;0&quot;,&quot;iso&quot;:&quot;0&quot;,&quot;shutter_speed&quot;:&quot;0&quot;,&quot;title&quot;:&quot;&quot;,&quot;orientation&quot;:&quot;0&quot;}\" data-image-title=\"9fb6dd95-f00f-608b-c200-64ddabebcf44\" data-image-description=\"\" data-image-caption=\"\" data-medium-file=\"https:\/\/newsestlyonnais.fr\/site\/wp-content\/uploads\/2023\/10\/9fb6dd95-f00f-608b-c200-64ddabebcf44-400x200.jpg\" data-large-file=\"https:\/\/newsestlyonnais.fr\/site\/wp-content\/uploads\/2023\/10\/9fb6dd95-f00f-608b-c200-64ddabebcf44-650x325.jpg\" srcset=\"https:\/\/newsestlyonnais.fr\/site\/wp-content\/uploads\/2023\/01\/NEWSESTLYONNAIS-MEY-TENNIS-01-250x188.jpg 250w, https:\/\/newsestlyonnais.fr\/site\/wp-content\/uploads\/2023\/01\/NEWSESTLYONNAIS-MEY-TENNIS-01-400x300.jpg 400w, https:\/\/newsestlyonnais.fr\/site\/wp-content\/uploads\/2023\/01\/NEWSESTLYONNAIS-MEY-TENNIS-01-650x488.jpg 650w, https:\/\/newsestlyonnais.fr\/site\/wp-content\/uploads\/2023\/01\/NEWSESTLYONNAIS-MEY-TENNIS-01-768x576.jpg 768w, https:\/\/newsestlyonnais.fr\/site\/wp-content\/uploads\/2023\/01\/NEWSESTLYONNAIS-MEY-TENNIS-01-150x113.jpg 150w, https:\/\/newsestlyonnais.fr\/site\/wp-content\/uploads\/2023\/01\/NEWSESTLYONNAIS-MEY-TENNIS-01-50x38.jpg 50w, https:\/\/newsestlyonnais.fr\/site\/wp-content\/uploads\/2023\/01\/NEWSESTLYONNAIS-MEY-TENNIS-01-100x75.jpg 100w, https:\/\/newsestlyonnais.fr\/site\/wp-content\/uploads\/2023\/01\/NEWSESTLYONNAIS-MEY-TENNIS-01-200x150.jpg 200w, https:\/\/newsestlyonnais.fr\/site\/wp-content\/uploads\/2023\/01\/NEWSESTLYONNAIS-MEY-TENNIS-01-300x225.jpg 300w, https:\/\/newsestlyonnais.fr\/site\/wp-content\/uploads\/2023\/01\/NEWSESTLYONNAIS-MEY-TENNIS-01-350x263.jpg 350w, https:\/\/newsestlyonnais.fr\/site\/wp-content\/uploads\/2023\/01\/NEWSESTLYONNAIS-MEY-TENNIS-01-450x338.jpg 450w, https:\/\/newsestlyonnais.fr\/site\/wp-content\/uploads\/2023\/01\/NEWSESTLYONNAIS-MEY-TENNIS-01-500x375.jpg 500w, https:\/\/newsestlyonnais.fr\/site\/wp-content\/uploads\/2023\/01\/NEWSESTLYONNAIS-MEY-TENNIS-01-550x413.jpg 550w, https:\/\/newsestlyonnais.fr\/site\/wp-content\/uploads\/2023\/01\/NEWSESTLYONNAIS-MEY-TENNIS-01-800x600.jpg 800w, https:\/\/newsestlyonnais.fr\/site\/wp-content\/uploads\/2023\/01\/NEWSESTLYONNAIS-MEY-TENNIS-01.jpg 1200w\" sizes=\"auto, (max-width: 150px) 100vw, 150px\" \/><\/strong><\/p>\n<p class=\"entry-title post-title\"><strong><span style=\"background-color: #000000; color: #ffcc00;\">MEYZIEU<\/span><\/strong><\/p>\n<p class=\"entry-title post-title\"><a href=\"https:\/\/newsestlyonnais.fr\/site\/2023\/10\/16\/meyzieu-les-resultats-de-dimanche-au-tournoi-jeunes-de-tennismeyzieu-les-resultats-de-dimanche-au-tournoi-jeunes-de-tennis\/\"><span style=\"color: #0000ff;\"><strong>Les r\u00e9sultats de dimanche au tournoi jeunes de tennis<\/strong><\/span><\/a><\/p>\n<p class=\"entry-excerpt\">Huit rencontres \u00e9taient programm\u00e9es dans six tableaux masculins durant cette journ\u00e9e de comp\u00e9tition. \u2014\u2014\u2014\u2014\u2014\u2014\u2014\u2014\u2014\u2014\u2014\u2014\u2014\u2014\u2014\u2014\u2014\u2014\u2014\u2014\u2014\u2014\u2014\u2014\u2014\u2014\u2014\u2014\u2014\u2014\u2014\u2014\u2014\u2014\u2014\u2013<\/p>\n<p><img loading=\"lazy\" decoding=\"async\" class=\"alignleft wp-image-191372 size-thumbnail\" src=\"https:\/\/newsestlyonnais.fr\/site\/wp-content\/uploads\/2023\/10\/20231015_092940-250x141.jpg\" alt=\"\" width=\"150\" height=\"85\" data-attachment-id=\"128209\" data-permalink=\"https:\/\/newsestlyonnais.fr\/site\/2021\/04\/10\/tcl-travaux-du-funiculaire-vieux-lyon-fourviere\/newsestlyonnais-metro-tcl\/\" data-orig-file=\"https:\/\/newsestlyonnais.fr\/site\/wp-content\/uploads\/2021\/04\/NEWSESTLYONNAIS-METRO-TCL.jpg\" data-orig-size=\"1200,675\" data-comments-opened=\"1\" data-image-meta=\"{&quot;aperture&quot;:&quot;2.2&quot;,&quot;credit&quot;:&quot;&quot;,&quot;camera&quot;:&quot;SM-J320FN&quot;,&quot;caption&quot;:&quot;&quot;,&quot;created_timestamp&quot;:&quot;1593781880&quot;,&quot;copyright&quot;:&quot;&quot;,&quot;focal_length&quot;:&quot;3.3&quot;,&quot;iso&quot;:&quot;250&quot;,&quot;shutter_speed&quot;:&quot;0.066666666666667&quot;,&quot;title&quot;:&quot;&quot;,&quot;orientation&quot;:&quot;0&quot;}\" data-image-title=\"NEWSESTLYONNAIS METRO TCL\" data-image-description=\"\" data-image-caption=\"\" data-medium-file=\"https:\/\/newsestlyonnais.fr\/site\/wp-content\/uploads\/2021\/04\/NEWSESTLYONNAIS-METRO-TCL-400x225.jpg\" data-large-file=\"https:\/\/newsestlyonnais.fr\/site\/wp-content\/uploads\/2021\/04\/NEWSESTLYONNAIS-METRO-TCL-650x366.jpg\" srcset=\"https:\/\/newsestlyonnais.fr\/site\/wp-content\/uploads\/2023\/10\/20231015_092940-250x141.jpg 250w, https:\/\/newsestlyonnais.fr\/site\/wp-content\/uploads\/2023\/10\/20231015_092940-400x225.jpg 400w, https:\/\/newsestlyonnais.fr\/site\/wp-content\/uploads\/2023\/10\/20231015_092940-650x366.jpg 650w, https:\/\/newsestlyonnais.fr\/site\/wp-content\/uploads\/2023\/10\/20231015_092940-768x432.jpg 768w, https:\/\/newsestlyonnais.fr\/site\/wp-content\/uploads\/2023\/10\/20231015_092940-150x84.jpg 150w, https:\/\/newsestlyonnais.fr\/site\/wp-content\/uploads\/2023\/10\/20231015_092940-50x28.jpg 50w, https:\/\/newsestlyonnais.fr\/site\/wp-content\/uploads\/2023\/10\/20231015_092940-100x56.jpg 100w, https:\/\/newsestlyonnais.fr\/site\/wp-content\/uploads\/2023\/10\/20231015_092940-200x113.jpg 200w, https:\/\/newsestlyonnais.fr\/site\/wp-content\/uploads\/2023\/10\/20231015_092940-300x169.jpg 300w, https:\/\/newsestlyonnais.fr\/site\/wp-content\/uploads\/2023\/10\/20231015_092940-350x197.jpg 350w, https:\/\/newsestlyonnais.fr\/site\/wp-content\/uploads\/2023\/10\/20231015_092940-450x253.jpg 450w, https:\/\/newsestlyonnais.fr\/site\/wp-content\/uploads\/2023\/10\/20231015_092940-500x281.jpg 500w, https:\/\/newsestlyonnais.fr\/site\/wp-content\/uploads\/2023\/10\/20231015_092940-550x309.jpg 550w, https:\/\/newsestlyonnais.fr\/site\/wp-content\/uploads\/2023\/10\/20231015_092940-800x450.jpg 800w, https:\/\/newsestlyonnais.fr\/site\/wp-content\/uploads\/2023\/10\/20231015_092940.jpg 1200w\" sizes=\"auto, (max-width: 150px) 100vw, 150px\" \/><\/p>\n<p class=\"entry-title post-title\"><span style=\"background-color: #000000; color: #ffcc00;\"><strong>CALUIRE <\/strong><\/span><\/p>\n<p class=\"entry-title post-title\"><span style=\"color: #0000ff;\"><a style=\"color: #0000ff;\" href=\"https:\/\/newsestlyonnais.fr\/site\/2023\/10\/15\/caluire-belle-affluence-matinale-aux-10-kilometres\/\"><strong>Belle affluence matinale aux 10 kilom\u00e8tres<\/strong><\/a><\/span><\/p>\n<p class=\"entry-excerpt\">L&rsquo;\u00e9preuve organis\u00e9e ce dimanche par l&rsquo;AS Caluire Athl\u00e9tisme a rassembl\u00e9 pr\u00e8s de 800 participants pour son 25\u00b0 anniversaire sans compter les autres courses annexes.<\/p>\n<hr \/>\n<\/div>\n<p><span class=\"ui-sortable-handle\"><strong><img loading=\"lazy\" decoding=\"async\" class=\"size-thumbnail wp-image-23750 aligncenter\" src=\"https:\/\/newsestlyonnais.fr\/site\/wp-content\/uploads\/2017\/03\/NEWSESTLYONNAIS-MICRO-150x150.png\" alt=\"NEWSESTLYONNAIS MICRO\" width=\"150\" height=\"150\" data-attachment-id=\"23750\" data-permalink=\"https:\/\/newsestlyonnais.fr\/site\/2017\/03\/27\/bron-interview-de-bernard-pedri-president-du-bron-basket-club\/newsestlyonnais-micro\/\" data-orig-file=\"https:\/\/newsestlyonnais.fr\/site\/wp-content\/uploads\/2017\/03\/NEWSESTLYONNAIS-MICRO.png\" data-orig-size=\"250,150\" data-comments-opened=\"1\" data-image-meta=\"{&quot;aperture&quot;:&quot;0&quot;,&quot;credit&quot;:&quot;&quot;,&quot;camera&quot;:&quot;&quot;,&quot;caption&quot;:&quot;&quot;,&quot;created_timestamp&quot;:&quot;0&quot;,&quot;copyright&quot;:&quot;&quot;,&quot;focal_length&quot;:&quot;0&quot;,&quot;iso&quot;:&quot;0&quot;,&quot;shutter_speed&quot;:&quot;0&quot;,&quot;title&quot;:&quot;&quot;,&quot;orientation&quot;:&quot;0&quot;}\" data-image-title=\"nique et sp\u00e9cifique tout en \u00e9tant fonctionnel pour entrepreneurs et entreprises log\u00e9es. Mathieu Cottet-Dumoulin, le g\u00e9rant d\u2019une soci\u00e9t\u00e9 en pleine expansion et souhaitant \u00e9tendre son champ d\u2019activit\u00e9s, \u00e9voque ses projets d\u2019implantation future : \u00bb J\u2019ai commenc\u00e9 Mon Petit Entrep\u00f4t par l\u2019Est Lyonnais (V\u00e9nissieux, St Priest &amp;amp; D\u00e9cines et plus tard Villeurbanne et Bron), car je connais par c\u0153ur ce secteur. Il est extr\u00eamement bien desservi, dynamique et vivant, c\u2019est un vrai tissu tr\u00e8s dense avec un fort clivage en terme d\u2019entreprises, services et fournisseurs \u00ab . Il est \u00e9vident que l\u2019Ouest Lyonnais sera investi que si et uniquement si nous pouvons r\u00e9aliser des locaux de qualit\u00e9s et accessibles financi\u00e8rement pour les futurs utilisateurs. Nous sommes conscients de travailler sur un format de locaux bien moins rentables que de l\u2019immobilier d\u2019entreprise plus classique. Mais au-del\u00e0 du financier quelle richesse entrepreneuriale et humaine ! \u00ab \u00bb Mon Petit Entrep\u00f4t \u00bb est sur : https:\/\/www.mon-petit-entrepot.com &amp;amp; : https:\/\/www.facebook.com\/monpetitentrepot\" data-image-description=\"\" data-image-caption=\"\" data-medium-file=\"https:\/\/newsestlyonnais.fr\/site\/wp-content\/uploads\/2017\/03\/NEWSESTLYONNAIS-MICRO.png\" data-large-file=\"https:\/\/newsestlyonnais.fr\/site\/wp-content\/uploads\/2017\/03\/NEWSESTLYONNAIS-MICRO.png\" \/><\/strong><\/span><\/p>\n<p><span class=\"ui-sortable-handle\"><strong><img loading=\"lazy\" decoding=\"async\" class=\"alignleft wp-image-191257 size-thumbnail\" src=\"https:\/\/newsestlyonnais.fr\/site\/wp-content\/uploads\/2023\/10\/1-250x211.jpg\" alt=\"\" width=\"150\" height=\"127\" data-attachment-id=\"191008\" data-permalink=\"https:\/\/newsestlyonnais.fr\/site\/2023\/10\/11\/teddy-coutant-100-km-une-distance-assez-mythique-a-mes-yeux-et-a-millau-la-plus-symbolique-en-france\/full-3\/\" data-orig-file=\"https:\/\/newsestlyonnais.fr\/site\/wp-content\/uploads\/2023\/10\/full-1.png\" data-orig-size=\"356,310\" data-comments-opened=\"1\" data-image-meta=\"{&quot;aperture&quot;:&quot;0&quot;,&quot;credit&quot;:&quot;&quot;,&quot;camera&quot;:&quot;&quot;,&quot;caption&quot;:&quot;&quot;,&quot;created_timestamp&quot;:&quot;0&quot;,&quot;copyright&quot;:&quot;&quot;,&quot;focal_length&quot;:&quot;0&quot;,&quot;iso&quot;:&quot;0&quot;,&quot;shutter_speed&quot;:&quot;0&quot;,&quot;title&quot;:&quot;&quot;,&quot;orientation&quot;:&quot;0&quot;}\" data-image-title=\"full\" data-image-description=\"\" data-image-caption=\"\" data-medium-file=\"https:\/\/newsestlyonnais.fr\/site\/wp-content\/uploads\/2023\/10\/full-1.png\" data-large-file=\"https:\/\/newsestlyonnais.fr\/site\/wp-content\/uploads\/2023\/10\/full-1.png\" srcset=\"https:\/\/newsestlyonnais.fr\/site\/wp-content\/uploads\/2023\/10\/1-250x211.jpg 250w, https:\/\/newsestlyonnais.fr\/site\/wp-content\/uploads\/2023\/10\/1-400x337.jpg 400w, https:\/\/newsestlyonnais.fr\/site\/wp-content\/uploads\/2023\/10\/1-650x548.jpg 650w, https:\/\/newsestlyonnais.fr\/site\/wp-content\/uploads\/2023\/10\/1-768x648.jpg 768w, https:\/\/newsestlyonnais.fr\/site\/wp-content\/uploads\/2023\/10\/1-150x127.jpg 150w, https:\/\/newsestlyonnais.fr\/site\/wp-content\/uploads\/2023\/10\/1-50x42.jpg 50w, https:\/\/newsestlyonnais.fr\/site\/wp-content\/uploads\/2023\/10\/1-100x84.jpg 100w, https:\/\/newsestlyonnais.fr\/site\/wp-content\/uploads\/2023\/10\/1-200x169.jpg 200w, https:\/\/newsestlyonnais.fr\/site\/wp-content\/uploads\/2023\/10\/1-300x253.jpg 300w, https:\/\/newsestlyonnais.fr\/site\/wp-content\/uploads\/2023\/10\/1-350x295.jpg 350w, https:\/\/newsestlyonnais.fr\/site\/wp-content\/uploads\/2023\/10\/1-450x380.jpg 450w, https:\/\/newsestlyonnais.fr\/site\/wp-content\/uploads\/2023\/10\/1-500x422.jpg 500w, https:\/\/newsestlyonnais.fr\/site\/wp-content\/uploads\/2023\/10\/1-550x464.jpg 550w, https:\/\/newsestlyonnais.fr\/site\/wp-content\/uploads\/2023\/10\/1-800x675.jpg 800w, https:\/\/newsestlyonnais.fr\/site\/wp-content\/uploads\/2023\/10\/1.jpg 1200w\" sizes=\"auto, (max-width: 150px) 100vw, 150px\" \/><span style=\"background-color: #000000; color: #ffffff;\">L\u2019interview du jour<\/span><\/strong><span style=\"background-color: #000000; color: #ffffff;\"> :<\/span><\/span><\/p>\n<p class=\"entry-title post-title\"><strong><span style=\"color: #0000ff;\"><a style=\"color: #0000ff;\" href=\"https:\/\/newsestlyonnais.fr\/site\/2023\/10\/14\/tom-moneghetti-au-debut-je-nenvisageais-meme-pas-ce-sport-car-je-ne-savais-pas-nager\/\">Tom Moneghetti<\/a><\/span> \u00ab Au d\u00e9but je n\u2019envisageais m\u00eame pas ce sport car je ne savais pas nager \u00bb.<\/strong><\/p>\n<p>Apr\u00e8s avoir touch\u00e9 \u00e0 divers sports, le jeune triathl\u00e8te villeurbannais a d\u00e9but\u00e9 le triathlon en 2019 devenant cette ann\u00e9e champion de France universitaire de disciplines enchain\u00e9es.<\/p>\n<div class=\"entry-body\">\n<hr \/>\n<p><img loading=\"lazy\" decoding=\"async\" class=\"size-full wp-image-190764 aligncenter\" src=\"https:\/\/newsestlyonnais.fr\/site\/wp-content\/uploads\/2023\/10\/calendar-icon-symbol-sign-vector.jpg\" sizes=\"auto, (max-width: 150px) 100vw, 150px\" srcset=\"https:\/\/newsestlyonnais.fr\/site\/wp-content\/uploads\/2023\/10\/calendar-icon-symbol-sign-vector.jpg 150w, https:\/\/newsestlyonnais.fr\/site\/wp-content\/uploads\/2023\/10\/calendar-icon-symbol-sign-vector-50x33.jpg 50w, https:\/\/newsestlyonnais.fr\/site\/wp-content\/uploads\/2023\/10\/calendar-icon-symbol-sign-vector-100x67.jpg 100w\" alt=\"\" width=\"150\" height=\"100\" data-attachment-id=\"190764\" data-permalink=\"https:\/\/newsestlyonnais.fr\/site\/2023\/10\/08\/ptites-news-breves-et-scoops-2\/calendar-icon-symbol-sign-vector-3\/\" data-orig-file=\"https:\/\/newsestlyonnais.fr\/site\/wp-content\/uploads\/2023\/10\/calendar-icon-symbol-sign-vector.jpg\" data-orig-size=\"150,100\" data-comments-opened=\"1\" data-image-meta=\"{&quot;aperture&quot;:&quot;0&quot;,&quot;credit&quot;:&quot;&quot;,&quot;camera&quot;:&quot;&quot;,&quot;caption&quot;:&quot;&quot;,&quot;created_timestamp&quot;:&quot;0&quot;,&quot;copyright&quot;:&quot;&quot;,&quot;focal_length&quot;:&quot;0&quot;,&quot;iso&quot;:&quot;0&quot;,&quot;shutter_speed&quot;:&quot;0&quot;,&quot;title&quot;:&quot;&quot;,&quot;orientation&quot;:&quot;0&quot;}\" data-image-title=\"calendar-icon-symbol-sign-vector\" data-image-description=\"\" data-image-caption=\"\" data-medium-file=\"https:\/\/newsestlyonnais.fr\/site\/wp-content\/uploads\/2023\/10\/calendar-icon-symbol-sign-vector.jpg\" data-large-file=\"https:\/\/newsestlyonnais.fr\/site\/wp-content\/uploads\/2023\/10\/calendar-icon-symbol-sign-vector.jpg\" \/><\/p>\n<p><span style=\"background-color: #000000;\"><strong><span class=\"ui-sortable-handle\"><span style=\"color: #ffffff;\">Ev\u00e9nement ins\u00e9r\u00e9 dans l\u2019<\/span><a style=\"background-color: #000000;\" href=\"https:\/\/newsestlyonnais.fr\/site\/agenda_liste\/\"><span style=\"color: #3366ff;\">AGENDA<\/span><\/a><\/span><\/strong><\/span><\/p>\n<ul class=\"ui-sortable-handle\">\n<li><span class=\"evoet_c3 evoet_cx evcal_desc hide_eventtopdata \"><span class=\"evoet_title evcal_desc2 evcal_event_title\"><span style=\"background-color: #000000; color: #ffcc00;\"><strong>TASSIN-LA-DEMI-LUNE <\/strong><\/span>: <strong>Salon des M\u00e9tiers de l&rsquo;Artisanat de l&rsquo;Ouest Lyonnai<\/strong>s \/ Les 21, 22 &amp; 23 octobre 2023. <\/span><\/span><\/li>\n<\/ul>\n<p><img loading=\"lazy\" decoding=\"async\" class=\"aligncenter size-medium wp-image-191417\" src=\"https:\/\/newsestlyonnais.fr\/site\/wp-content\/uploads\/2023\/10\/387875871_805854298213056_4680406974900026056_n-400x210.jpg\" alt=\"\" width=\"400\" height=\"210\" srcset=\"https:\/\/newsestlyonnais.fr\/site\/wp-content\/uploads\/2023\/10\/387875871_805854298213056_4680406974900026056_n-400x210.jpg 400w, https:\/\/newsestlyonnais.fr\/site\/wp-content\/uploads\/2023\/10\/387875871_805854298213056_4680406974900026056_n-650x341.jpg 650w, https:\/\/newsestlyonnais.fr\/site\/wp-content\/uploads\/2023\/10\/387875871_805854298213056_4680406974900026056_n-250x131.jpg 250w, https:\/\/newsestlyonnais.fr\/site\/wp-content\/uploads\/2023\/10\/387875871_805854298213056_4680406974900026056_n-768x403.jpg 768w, https:\/\/newsestlyonnais.fr\/site\/wp-content\/uploads\/2023\/10\/387875871_805854298213056_4680406974900026056_n-150x79.jpg 150w, https:\/\/newsestlyonnais.fr\/site\/wp-content\/uploads\/2023\/10\/387875871_805854298213056_4680406974900026056_n-50x26.jpg 50w, https:\/\/newsestlyonnais.fr\/site\/wp-content\/uploads\/2023\/10\/387875871_805854298213056_4680406974900026056_n-100x53.jpg 100w, https:\/\/newsestlyonnais.fr\/site\/wp-content\/uploads\/2023\/10\/387875871_805854298213056_4680406974900026056_n-200x105.jpg 200w, https:\/\/newsestlyonnais.fr\/site\/wp-content\/uploads\/2023\/10\/387875871_805854298213056_4680406974900026056_n-300x158.jpg 300w, https:\/\/newsestlyonnais.fr\/site\/wp-content\/uploads\/2023\/10\/387875871_805854298213056_4680406974900026056_n-350x184.jpg 350w, https:\/\/newsestlyonnais.fr\/site\/wp-content\/uploads\/2023\/10\/387875871_805854298213056_4680406974900026056_n-450x236.jpg 450w, https:\/\/newsestlyonnais.fr\/site\/wp-content\/uploads\/2023\/10\/387875871_805854298213056_4680406974900026056_n-500x263.jpg 500w, https:\/\/newsestlyonnais.fr\/site\/wp-content\/uploads\/2023\/10\/387875871_805854298213056_4680406974900026056_n-550x289.jpg 550w, https:\/\/newsestlyonnais.fr\/site\/wp-content\/uploads\/2023\/10\/387875871_805854298213056_4680406974900026056_n-800x420.jpg 800w, https:\/\/newsestlyonnais.fr\/site\/wp-content\/uploads\/2023\/10\/387875871_805854298213056_4680406974900026056_n.jpg 1200w\" sizes=\"auto, (max-width: 400px) 100vw, 400px\" \/><\/p>\n<hr \/>\n<\/div>\n<\/div>\n<\/article>\n<\/div>\n<div id=\"gallery-1-actived-column\" class=\"gallery galleryid-191227 gallery-columns-2 gallery-size-large\">\n<div class=\"gallery-column gallery-column-0\"><\/div>\n<div class=\"gallery-column gallery-column-1\"><\/div>\n<\/div>\n","protected":false},"excerpt":{"rendered":"<p>S\u00e9lection de l&rsquo;actu des derniers jours : lancement du tournoi jeunes de tennis (Meyzieu), retour sur les 10 km (Caluire), interview du triathl\u00e8te Tom Meneghetti et un \u00e9v\u00e8nement.<\/p>\n","protected":false},"author":4,"featured_media":86859,"comment_status":"open","ping_status":"open","sticky":false,"template":"","format":"standard","meta":{"footnotes":""},"categories":[1620,24,29],"tags":[],"class_list":["post-191411","post","type-post","status-publish","format-standard","has-post-thumbnail","hentry","category-caluire","category-meyzieu","category-villeurbanne"],"yoast_head":"<!-- This site is optimized with the Yoast SEO plugin v27.2 - https:\/\/yoast.com\/product\/yoast-seo-wordpress\/ -->\n<title>P\u2019tites news, br\u00e8ves et scoops \u2026. - News Est Lyonnais<\/title>\n<meta name=\"description\" content=\"P\u2019tites news, br\u00e8ves et scoops \u2026.\" \/>\n<meta name=\"robots\" content=\"index, follow, max-snippet:-1, max-image-preview:large, max-video-preview:-1\" \/>\n<link rel=\"canonical\" href=\"https:\/\/newsestlyonnais.fr\/site\/2023\/10\/17\/ptites-news-breves-et-scoops-8\/\" \/>\n<meta property=\"og:locale\" content=\"fr_FR\" \/>\n<meta property=\"og:type\" content=\"article\" \/>\n<meta property=\"og:title\" content=\"P\u2019tites news, br\u00e8ves et scoops \u2026. - News Est Lyonnais\" \/>\n<meta property=\"og:description\" content=\"P\u2019tites news, br\u00e8ves et scoops \u2026.\" \/>\n<meta property=\"og:url\" content=\"https:\/\/newsestlyonnais.fr\/site\/2023\/10\/17\/ptites-news-breves-et-scoops-8\/\" \/>\n<meta property=\"og:site_name\" content=\"News Est Lyonnais\" \/>\n<meta property=\"article:author\" content=\"https:\/\/www.facebook.com\/pascal.oberson.1?fref=ts\" \/>\n<meta property=\"article:published_time\" content=\"2023-10-17T04:19:52+00:00\" \/>\n<meta property=\"article:modified_time\" content=\"2023-10-18T16:37:47+00:00\" \/>\n<meta property=\"og:image\" content=\"https:\/\/newsestlyonnais.fr\/site\/wp-content\/uploads\/2019\/10\/NEWSESTLYONNAIS-VUE-ESTLYONNAIS.jpg\" \/>\n\t<meta property=\"og:image:width\" content=\"1200\" \/>\n\t<meta property=\"og:image:height\" content=\"800\" \/>\n\t<meta property=\"og:image:type\" content=\"image\/jpeg\" \/>\n<meta name=\"author\" content=\"R\u00e9dac. NEWS\" \/>\n<meta name=\"twitter:card\" content=\"summary_large_image\" \/>\n<meta name=\"twitter:label1\" content=\"\u00c9crit par\" \/>\n\t<meta name=\"twitter:data1\" content=\"R\u00e9dac. NEWS\" \/>\n\t<meta name=\"twitter:label2\" content=\"Dur\u00e9e de lecture estim\u00e9e\" \/>\n\t<meta name=\"twitter:data2\" content=\"3 minutes\" \/>\n<script type=\"application\/ld+json\" class=\"yoast-schema-graph\">{\"@context\":\"https:\/\/schema.org\",\"@graph\":[{\"@type\":\"Article\",\"@id\":\"https:\/\/newsestlyonnais.fr\/site\/2023\/10\/17\/ptites-news-breves-et-scoops-8\/#article\",\"isPartOf\":{\"@id\":\"https:\/\/newsestlyonnais.fr\/site\/2023\/10\/17\/ptites-news-breves-et-scoops-8\/\"},\"author\":{\"name\":\"R\u00e9dac. NEWS\",\"@id\":\"https:\/\/newsestlyonnais.fr\/site\/#\/schema\/person\/3230d5615f390bb808365d673001e887\"},\"headline\":\"P\u2019tites news, br\u00e8ves et scoops \u2026.\",\"datePublished\":\"2023-10-17T04:19:52+00:00\",\"dateModified\":\"2023-10-18T16:37:47+00:00\",\"mainEntityOfPage\":{\"@id\":\"https:\/\/newsestlyonnais.fr\/site\/2023\/10\/17\/ptites-news-breves-et-scoops-8\/\"},\"wordCount\":203,\"commentCount\":0,\"publisher\":{\"@id\":\"https:\/\/newsestlyonnais.fr\/site\/#organization\"},\"image\":{\"@id\":\"https:\/\/newsestlyonnais.fr\/site\/2023\/10\/17\/ptites-news-breves-et-scoops-8\/#primaryimage\"},\"thumbnailUrl\":\"https:\/\/newsestlyonnais.fr\/site\/wp-content\/uploads\/2019\/10\/NEWSESTLYONNAIS-VUE-ESTLYONNAIS.jpg\",\"articleSection\":[\"Caluire\",\"Meyzieu\",\"Villeurbanne\"],\"inLanguage\":\"fr-FR\",\"potentialAction\":[{\"@type\":\"CommentAction\",\"name\":\"Comment\",\"target\":[\"https:\/\/newsestlyonnais.fr\/site\/2023\/10\/17\/ptites-news-breves-et-scoops-8\/#respond\"]}]},{\"@type\":\"WebPage\",\"@id\":\"https:\/\/newsestlyonnais.fr\/site\/2023\/10\/17\/ptites-news-breves-et-scoops-8\/\",\"url\":\"https:\/\/newsestlyonnais.fr\/site\/2023\/10\/17\/ptites-news-breves-et-scoops-8\/\",\"name\":\"P\u2019tites news, br\u00e8ves et scoops \u2026. - News Est Lyonnais\",\"isPartOf\":{\"@id\":\"https:\/\/newsestlyonnais.fr\/site\/#website\"},\"primaryImageOfPage\":{\"@id\":\"https:\/\/newsestlyonnais.fr\/site\/2023\/10\/17\/ptites-news-breves-et-scoops-8\/#primaryimage\"},\"image\":{\"@id\":\"https:\/\/newsestlyonnais.fr\/site\/2023\/10\/17\/ptites-news-breves-et-scoops-8\/#primaryimage\"},\"thumbnailUrl\":\"https:\/\/newsestlyonnais.fr\/site\/wp-content\/uploads\/2019\/10\/NEWSESTLYONNAIS-VUE-ESTLYONNAIS.jpg\",\"datePublished\":\"2023-10-17T04:19:52+00:00\",\"dateModified\":\"2023-10-18T16:37:47+00:00\",\"description\":\"P\u2019tites news, br\u00e8ves et scoops \u2026.\",\"breadcrumb\":{\"@id\":\"https:\/\/newsestlyonnais.fr\/site\/2023\/10\/17\/ptites-news-breves-et-scoops-8\/#breadcrumb\"},\"inLanguage\":\"fr-FR\",\"potentialAction\":[{\"@type\":\"ReadAction\",\"target\":[\"https:\/\/newsestlyonnais.fr\/site\/2023\/10\/17\/ptites-news-breves-et-scoops-8\/\"]}]},{\"@type\":\"ImageObject\",\"inLanguage\":\"fr-FR\",\"@id\":\"https:\/\/newsestlyonnais.fr\/site\/2023\/10\/17\/ptites-news-breves-et-scoops-8\/#primaryimage\",\"url\":\"https:\/\/newsestlyonnais.fr\/site\/wp-content\/uploads\/2019\/10\/NEWSESTLYONNAIS-VUE-ESTLYONNAIS.jpg\",\"contentUrl\":\"https:\/\/newsestlyonnais.fr\/site\/wp-content\/uploads\/2019\/10\/NEWSESTLYONNAIS-VUE-ESTLYONNAIS.jpg\",\"width\":1200,\"height\":800,\"caption\":\"Vous souhaitez faire connaitre votre activit\u00e9 , contactez nous pour tout espace publicitaire (EN HAUT ou A DROITE) : contact@newsestlyonnais.fr\"},{\"@type\":\"BreadcrumbList\",\"@id\":\"https:\/\/newsestlyonnais.fr\/site\/2023\/10\/17\/ptites-news-breves-et-scoops-8\/#breadcrumb\",\"itemListElement\":[{\"@type\":\"ListItem\",\"position\":1,\"name\":\"Accueil\",\"item\":\"https:\/\/newsestlyonnais.fr\/site\/\"},{\"@type\":\"ListItem\",\"position\":2,\"name\":\"P\u2019tites news, br\u00e8ves et scoops \u2026.\"}]},{\"@type\":\"WebSite\",\"@id\":\"https:\/\/newsestlyonnais.fr\/site\/#website\",\"url\":\"https:\/\/newsestlyonnais.fr\/site\/\",\"name\":\"News Est Lyonnais\",\"description\":\"L&#039;actualit\u00e9 au plus pr\u00e8s\",\"publisher\":{\"@id\":\"https:\/\/newsestlyonnais.fr\/site\/#organization\"},\"potentialAction\":[{\"@type\":\"SearchAction\",\"target\":{\"@type\":\"EntryPoint\",\"urlTemplate\":\"https:\/\/newsestlyonnais.fr\/site\/?s={search_term_string}\"},\"query-input\":{\"@type\":\"PropertyValueSpecification\",\"valueRequired\":true,\"valueName\":\"search_term_string\"}}],\"inLanguage\":\"fr-FR\"},{\"@type\":\"Organization\",\"@id\":\"https:\/\/newsestlyonnais.fr\/site\/#organization\",\"name\":\"News EST LYONNAIS\",\"url\":\"https:\/\/newsestlyonnais.fr\/site\/\",\"logo\":{\"@type\":\"ImageObject\",\"inLanguage\":\"fr-FR\",\"@id\":\"https:\/\/newsestlyonnais.fr\/site\/#\/schema\/logo\/image\/\",\"url\":\"\",\"contentUrl\":\"\",\"caption\":\"News EST LYONNAIS\"},\"image\":{\"@id\":\"https:\/\/newsestlyonnais.fr\/site\/#\/schema\/logo\/image\/\"}},{\"@type\":\"Person\",\"@id\":\"https:\/\/newsestlyonnais.fr\/site\/#\/schema\/person\/3230d5615f390bb808365d673001e887\",\"name\":\"R\u00e9dac. NEWS\",\"sameAs\":[\"http:\/\/www.newsestlyonnais.fr\",\"https:\/\/www.facebook.com\/pascal.oberson.1?fref=ts\",\"https:\/\/fr.linkedin.com\/in\/pascal-oberson-b17045113\"],\"url\":\"https:\/\/newsestlyonnais.fr\/site\/author\/nel\/\"}]}<\/script>\n<!-- \/ Yoast SEO plugin. -->","yoast_head_json":{"title":"P\u2019tites news, br\u00e8ves et scoops \u2026. - News Est Lyonnais","description":"P\u2019tites news, br\u00e8ves et scoops \u2026.","robots":{"index":"index","follow":"follow","max-snippet":"max-snippet:-1","max-image-preview":"max-image-preview:large","max-video-preview":"max-video-preview:-1"},"canonical":"https:\/\/newsestlyonnais.fr\/site\/2023\/10\/17\/ptites-news-breves-et-scoops-8\/","og_locale":"fr_FR","og_type":"article","og_title":"P\u2019tites news, br\u00e8ves et scoops \u2026. - News Est Lyonnais","og_description":"P\u2019tites news, br\u00e8ves et scoops \u2026.","og_url":"https:\/\/newsestlyonnais.fr\/site\/2023\/10\/17\/ptites-news-breves-et-scoops-8\/","og_site_name":"News Est Lyonnais","article_author":"https:\/\/www.facebook.com\/pascal.oberson.1?fref=ts","article_published_time":"2023-10-17T04:19:52+00:00","article_modified_time":"2023-10-18T16:37:47+00:00","og_image":[{"width":1200,"height":800,"url":"https:\/\/newsestlyonnais.fr\/site\/wp-content\/uploads\/2019\/10\/NEWSESTLYONNAIS-VUE-ESTLYONNAIS.jpg","type":"image\/jpeg"}],"author":"R\u00e9dac. NEWS","twitter_card":"summary_large_image","twitter_misc":{"\u00c9crit par":"R\u00e9dac. NEWS","Dur\u00e9e de lecture estim\u00e9e":"3 minutes"},"schema":{"@context":"https:\/\/schema.org","@graph":[{"@type":"Article","@id":"https:\/\/newsestlyonnais.fr\/site\/2023\/10\/17\/ptites-news-breves-et-scoops-8\/#article","isPartOf":{"@id":"https:\/\/newsestlyonnais.fr\/site\/2023\/10\/17\/ptites-news-breves-et-scoops-8\/"},"author":{"name":"R\u00e9dac. NEWS","@id":"https:\/\/newsestlyonnais.fr\/site\/#\/schema\/person\/3230d5615f390bb808365d673001e887"},"headline":"P\u2019tites news, br\u00e8ves et scoops \u2026.","datePublished":"2023-10-17T04:19:52+00:00","dateModified":"2023-10-18T16:37:47+00:00","mainEntityOfPage":{"@id":"https:\/\/newsestlyonnais.fr\/site\/2023\/10\/17\/ptites-news-breves-et-scoops-8\/"},"wordCount":203,"commentCount":0,"publisher":{"@id":"https:\/\/newsestlyonnais.fr\/site\/#organization"},"image":{"@id":"https:\/\/newsestlyonnais.fr\/site\/2023\/10\/17\/ptites-news-breves-et-scoops-8\/#primaryimage"},"thumbnailUrl":"https:\/\/newsestlyonnais.fr\/site\/wp-content\/uploads\/2019\/10\/NEWSESTLYONNAIS-VUE-ESTLYONNAIS.jpg","articleSection":["Caluire","Meyzieu","Villeurbanne"],"inLanguage":"fr-FR","potentialAction":[{"@type":"CommentAction","name":"Comment","target":["https:\/\/newsestlyonnais.fr\/site\/2023\/10\/17\/ptites-news-breves-et-scoops-8\/#respond"]}]},{"@type":"WebPage","@id":"https:\/\/newsestlyonnais.fr\/site\/2023\/10\/17\/ptites-news-breves-et-scoops-8\/","url":"https:\/\/newsestlyonnais.fr\/site\/2023\/10\/17\/ptites-news-breves-et-scoops-8\/","name":"P\u2019tites news, br\u00e8ves et scoops \u2026. - News Est Lyonnais","isPartOf":{"@id":"https:\/\/newsestlyonnais.fr\/site\/#website"},"primaryImageOfPage":{"@id":"https:\/\/newsestlyonnais.fr\/site\/2023\/10\/17\/ptites-news-breves-et-scoops-8\/#primaryimage"},"image":{"@id":"https:\/\/newsestlyonnais.fr\/site\/2023\/10\/17\/ptites-news-breves-et-scoops-8\/#primaryimage"},"thumbnailUrl":"https:\/\/newsestlyonnais.fr\/site\/wp-content\/uploads\/2019\/10\/NEWSESTLYONNAIS-VUE-ESTLYONNAIS.jpg","datePublished":"2023-10-17T04:19:52+00:00","dateModified":"2023-10-18T16:37:47+00:00","description":"P\u2019tites news, br\u00e8ves et scoops \u2026.","breadcrumb":{"@id":"https:\/\/newsestlyonnais.fr\/site\/2023\/10\/17\/ptites-news-breves-et-scoops-8\/#breadcrumb"},"inLanguage":"fr-FR","potentialAction":[{"@type":"ReadAction","target":["https:\/\/newsestlyonnais.fr\/site\/2023\/10\/17\/ptites-news-breves-et-scoops-8\/"]}]},{"@type":"ImageObject","inLanguage":"fr-FR","@id":"https:\/\/newsestlyonnais.fr\/site\/2023\/10\/17\/ptites-news-breves-et-scoops-8\/#primaryimage","url":"https:\/\/newsestlyonnais.fr\/site\/wp-content\/uploads\/2019\/10\/NEWSESTLYONNAIS-VUE-ESTLYONNAIS.jpg","contentUrl":"https:\/\/newsestlyonnais.fr\/site\/wp-content\/uploads\/2019\/10\/NEWSESTLYONNAIS-VUE-ESTLYONNAIS.jpg","width":1200,"height":800,"caption":"Vous souhaitez faire connaitre votre activit\u00e9 , contactez nous pour tout espace publicitaire (EN HAUT ou A DROITE) : contact@newsestlyonnais.fr"},{"@type":"BreadcrumbList","@id":"https:\/\/newsestlyonnais.fr\/site\/2023\/10\/17\/ptites-news-breves-et-scoops-8\/#breadcrumb","itemListElement":[{"@type":"ListItem","position":1,"name":"Accueil","item":"https:\/\/newsestlyonnais.fr\/site\/"},{"@type":"ListItem","position":2,"name":"P\u2019tites news, br\u00e8ves et scoops \u2026."}]},{"@type":"WebSite","@id":"https:\/\/newsestlyonnais.fr\/site\/#website","url":"https:\/\/newsestlyonnais.fr\/site\/","name":"News Est Lyonnais","description":"L&#039;actualit\u00e9 au plus pr\u00e8s","publisher":{"@id":"https:\/\/newsestlyonnais.fr\/site\/#organization"},"potentialAction":[{"@type":"SearchAction","target":{"@type":"EntryPoint","urlTemplate":"https:\/\/newsestlyonnais.fr\/site\/?s={search_term_string}"},"query-input":{"@type":"PropertyValueSpecification","valueRequired":true,"valueName":"search_term_string"}}],"inLanguage":"fr-FR"},{"@type":"Organization","@id":"https:\/\/newsestlyonnais.fr\/site\/#organization","name":"News EST LYONNAIS","url":"https:\/\/newsestlyonnais.fr\/site\/","logo":{"@type":"ImageObject","inLanguage":"fr-FR","@id":"https:\/\/newsestlyonnais.fr\/site\/#\/schema\/logo\/image\/","url":"","contentUrl":"","caption":"News EST LYONNAIS"},"image":{"@id":"https:\/\/newsestlyonnais.fr\/site\/#\/schema\/logo\/image\/"}},{"@type":"Person","@id":"https:\/\/newsestlyonnais.fr\/site\/#\/schema\/person\/3230d5615f390bb808365d673001e887","name":"R\u00e9dac. NEWS","sameAs":["http:\/\/www.newsestlyonnais.fr","https:\/\/www.facebook.com\/pascal.oberson.1?fref=ts","https:\/\/fr.linkedin.com\/in\/pascal-oberson-b17045113"],"url":"https:\/\/newsestlyonnais.fr\/site\/author\/nel\/"}]}},"_links":{"self":[{"href":"https:\/\/newsestlyonnais.fr\/site\/wp-json\/wp\/v2\/posts\/191411","targetHints":{"allow":["GET"]}}],"collection":[{"href":"https:\/\/newsestlyonnais.fr\/site\/wp-json\/wp\/v2\/posts"}],"about":[{"href":"https:\/\/newsestlyonnais.fr\/site\/wp-json\/wp\/v2\/types\/post"}],"author":[{"embeddable":true,"href":"https:\/\/newsestlyonnais.fr\/site\/wp-json\/wp\/v2\/users\/4"}],"replies":[{"embeddable":true,"href":"https:\/\/newsestlyonnais.fr\/site\/wp-json\/wp\/v2\/comments?post=191411"}],"version-history":[{"count":0,"href":"https:\/\/newsestlyonnais.fr\/site\/wp-json\/wp\/v2\/posts\/191411\/revisions"}],"wp:featuredmedia":[{"embeddable":true,"href":"https:\/\/newsestlyonnais.fr\/site\/wp-json\/wp\/v2\/media\/86859"}],"wp:attachment":[{"href":"https:\/\/newsestlyonnais.fr\/site\/wp-json\/wp\/v2\/media?parent=191411"}],"wp:term":[{"taxonomy":"category","embeddable":true,"href":"https:\/\/newsestlyonnais.fr\/site\/wp-json\/wp\/v2\/categories?post=191411"},{"taxonomy":"post_tag","embeddable":true,"href":"https:\/\/newsestlyonnais.fr\/site\/wp-json\/wp\/v2\/tags?post=191411"}],"curies":[{"name":"wp","href":"https:\/\/api.w.org\/{rel}","templated":true}]}}