{"id":191616,"date":"2023-10-20T06:56:23","date_gmt":"2023-10-20T05:56:23","guid":{"rendered":"https:\/\/newsestlyonnais.fr\/site\/?p=191616"},"modified":"2023-10-24T15:41:33","modified_gmt":"2023-10-24T14:41:33","slug":"ptites-news-breves-et-scoops-10","status":"publish","type":"post","link":"https:\/\/newsestlyonnais.fr\/site\/2023\/10\/20\/ptites-news-breves-et-scoops-10\/","title":{"rendered":"P\u2019tites news, br\u00e8ves et scoops \u2026."},"content":{"rendered":"<p><img loading=\"lazy\" decoding=\"async\" class=\"size-full wp-image-125195 aligncenter\" src=\"https:\/\/newsestlyonnais.fr\/site\/wp-content\/uploads\/2021\/02\/pressB.jpg\" sizes=\"auto, (max-width: 125px) 100vw, 125px\" srcset=\"https:\/\/newsestlyonnais.fr\/site\/wp-content\/uploads\/2021\/02\/pressB.jpg 125w, https:\/\/newsestlyonnais.fr\/site\/wp-content\/uploads\/2021\/02\/pressB-50x50.jpg 50w, https:\/\/newsestlyonnais.fr\/site\/wp-content\/uploads\/2021\/02\/pressB-100x100.jpg 100w\" alt=\"\" width=\"125\" height=\"125\" data-attachment-id=\"125195\" data-permalink=\"https:\/\/newsestlyonnais.fr\/site\/2021\/05\/30\/meyzieu-lopen-de-tennis-demarre-samedi\/pressb-2\/\" data-orig-file=\"https:\/\/newsestlyonnais.fr\/site\/wp-content\/uploads\/2021\/02\/pressB.jpg\" data-orig-size=\"125,125\" data-comments-opened=\"1\" data-image-meta=\"{&quot;aperture&quot;:&quot;0&quot;,&quot;credit&quot;:&quot;&quot;,&quot;camera&quot;:&quot;&quot;,&quot;caption&quot;:&quot;&quot;,&quot;created_timestamp&quot;:&quot;0&quot;,&quot;copyright&quot;:&quot;&quot;,&quot;focal_length&quot;:&quot;0&quot;,&quot;iso&quot;:&quot;0&quot;,&quot;shutter_speed&quot;:&quot;0&quot;,&quot;title&quot;:&quot;&quot;,&quot;orientation&quot;:&quot;0&quot;}\" data-image-title=\"pressB\" data-image-description=\"\" data-image-caption=\"\" data-medium-file=\"https:\/\/newsestlyonnais.fr\/site\/wp-content\/uploads\/2021\/02\/pressB.jpg\" data-large-file=\"https:\/\/newsestlyonnais.fr\/site\/wp-content\/uploads\/2021\/02\/pressB.jpg\" \/><\/p>\n<p><span style=\"background-color: #000000; color: #ffcc00;\"><strong>SAINT-PIERRE-DE-CHANDIEU<\/strong><\/span><\/p>\n<p class=\"entry-title post-title\"><a href=\"https:\/\/newsestlyonnais.fr\/site\/2023\/10\/18\/saint-priest-les-evenements-a-fin-octobre-5\/\"><strong><img loading=\"lazy\" decoding=\"async\" class=\"alignleft wp-image-191675\" src=\"https:\/\/newsestlyonnais.fr\/site\/wp-content\/uploads\/2023\/10\/carnaval_entete-250x55.jpg\" alt=\"\" width=\"363\" height=\"80\" srcset=\"https:\/\/newsestlyonnais.fr\/site\/wp-content\/uploads\/2023\/10\/carnaval_entete-250x55.jpg 250w, https:\/\/newsestlyonnais.fr\/site\/wp-content\/uploads\/2023\/10\/carnaval_entete-400x88.jpg 400w, https:\/\/newsestlyonnais.fr\/site\/wp-content\/uploads\/2023\/10\/carnaval_entete-650x143.jpg 650w, https:\/\/newsestlyonnais.fr\/site\/wp-content\/uploads\/2023\/10\/carnaval_entete-768x169.jpg 768w, https:\/\/newsestlyonnais.fr\/site\/wp-content\/uploads\/2023\/10\/carnaval_entete-150x33.jpg 150w, https:\/\/newsestlyonnais.fr\/site\/wp-content\/uploads\/2023\/10\/carnaval_entete-50x11.jpg 50w, https:\/\/newsestlyonnais.fr\/site\/wp-content\/uploads\/2023\/10\/carnaval_entete-100x22.jpg 100w, https:\/\/newsestlyonnais.fr\/site\/wp-content\/uploads\/2023\/10\/carnaval_entete-200x44.jpg 200w, https:\/\/newsestlyonnais.fr\/site\/wp-content\/uploads\/2023\/10\/carnaval_entete-300x66.jpg 300w, https:\/\/newsestlyonnais.fr\/site\/wp-content\/uploads\/2023\/10\/carnaval_entete-350x77.jpg 350w, https:\/\/newsestlyonnais.fr\/site\/wp-content\/uploads\/2023\/10\/carnaval_entete-450x99.jpg 450w, https:\/\/newsestlyonnais.fr\/site\/wp-content\/uploads\/2023\/10\/carnaval_entete-500x110.jpg 500w, https:\/\/newsestlyonnais.fr\/site\/wp-content\/uploads\/2023\/10\/carnaval_entete-550x121.jpg 550w, https:\/\/newsestlyonnais.fr\/site\/wp-content\/uploads\/2023\/10\/carnaval_entete-800x176.jpg 800w, https:\/\/newsestlyonnais.fr\/site\/wp-content\/uploads\/2023\/10\/carnaval_entete-1200x264.jpg 1200w, https:\/\/newsestlyonnais.fr\/site\/wp-content\/uploads\/2023\/10\/carnaval_entete.jpg 1299w\" sizes=\"auto, (max-width: 363px) 100vw, 363px\" \/><\/strong><\/a><\/p>\n<div data-canvas-width=\"192.25040000000004\"><a href=\"https:\/\/carnaval-spc.fr\"><span style=\"color: #0000ff;\"><strong>Carnaval : changement de nom et logo<\/strong><\/span><\/a><\/div>\n<div data-canvas-width=\"18.304\">\n<p><strong><strong>Le Comit\u00e9 des F\u00eates devient le Comit\u00e9 du Carnaval et \u00e0 cette occasion fait \u00e9voluer son logo. <\/strong><\/strong>56\u00b0 Carnaval \u00ab Roy des Iles \u00bb les 8 \u2013 9 \u2013 10 mars 2024.<\/p>\n<\/div>\n<p><strong><span style=\"background-color: #000000; color: #ffcc00;\">VILLEURBANNE<\/span>\u00a0 <\/strong><\/p>\n<p><a href=\"https:\/\/venissieux.fr\/blog\/actualites\/collection-municipale\/\"><strong><img loading=\"lazy\" decoding=\"async\" class=\"alignleft wp-image-191667\" src=\"https:\/\/newsestlyonnais.fr\/site\/wp-content\/uploads\/2023\/10\/Format-article-site-web-1-1024x512-1-250x125.jpg\" alt=\"\" width=\"280\" height=\"140\" srcset=\"https:\/\/newsestlyonnais.fr\/site\/wp-content\/uploads\/2023\/10\/Format-article-site-web-1-1024x512-1-250x125.jpg 250w, https:\/\/newsestlyonnais.fr\/site\/wp-content\/uploads\/2023\/10\/Format-article-site-web-1-1024x512-1-400x200.jpg 400w, https:\/\/newsestlyonnais.fr\/site\/wp-content\/uploads\/2023\/10\/Format-article-site-web-1-1024x512-1-650x325.jpg 650w, https:\/\/newsestlyonnais.fr\/site\/wp-content\/uploads\/2023\/10\/Format-article-site-web-1-1024x512-1-768x384.jpg 768w, https:\/\/newsestlyonnais.fr\/site\/wp-content\/uploads\/2023\/10\/Format-article-site-web-1-1024x512-1-150x75.jpg 150w, https:\/\/newsestlyonnais.fr\/site\/wp-content\/uploads\/2023\/10\/Format-article-site-web-1-1024x512-1-50x25.jpg 50w, https:\/\/newsestlyonnais.fr\/site\/wp-content\/uploads\/2023\/10\/Format-article-site-web-1-1024x512-1-100x50.jpg 100w, https:\/\/newsestlyonnais.fr\/site\/wp-content\/uploads\/2023\/10\/Format-article-site-web-1-1024x512-1-200x100.jpg 200w, https:\/\/newsestlyonnais.fr\/site\/wp-content\/uploads\/2023\/10\/Format-article-site-web-1-1024x512-1-300x150.jpg 300w, https:\/\/newsestlyonnais.fr\/site\/wp-content\/uploads\/2023\/10\/Format-article-site-web-1-1024x512-1-350x175.jpg 350w, https:\/\/newsestlyonnais.fr\/site\/wp-content\/uploads\/2023\/10\/Format-article-site-web-1-1024x512-1-450x225.jpg 450w, https:\/\/newsestlyonnais.fr\/site\/wp-content\/uploads\/2023\/10\/Format-article-site-web-1-1024x512-1-500x250.jpg 500w, https:\/\/newsestlyonnais.fr\/site\/wp-content\/uploads\/2023\/10\/Format-article-site-web-1-1024x512-1-550x275.jpg 550w, https:\/\/newsestlyonnais.fr\/site\/wp-content\/uploads\/2023\/10\/Format-article-site-web-1-1024x512-1-800x400.jpg 800w, https:\/\/newsestlyonnais.fr\/site\/wp-content\/uploads\/2023\/10\/Format-article-site-web-1-1024x512-1.jpg 1024w\" sizes=\"auto, (max-width: 280px) 100vw, 280px\" \/><\/strong><\/a><a href=\"https:\/\/www.osvilleurbanne.com\/recyclons-nos-equipements-sportifs\/\"><strong><span style=\"color: #0000ff;\">Recyclons vos \u00e9quipements sportifs !<\/span><\/strong><\/a><\/p>\n<p><strong>L\u2019Office du Sport (OSV) invite acteur\u00b7trice\u00b7s du mouvement sportif et habitant\u00b7e\u00b7s \u00e0 relever le \u00ab Grand D\u00e9fi \u00bb lanc\u00e9 par la Ville. <\/strong><\/p>\n<hr class=\"ui-sortable-handle\" \/>\n<p><span class=\"ui-sortable-handle\"><strong><img loading=\"lazy\" decoding=\"async\" class=\"size-thumbnail wp-image-23750 aligncenter\" src=\"https:\/\/newsestlyonnais.fr\/site\/wp-content\/uploads\/2017\/03\/NEWSESTLYONNAIS-MICRO-150x150.png\" alt=\"NEWSESTLYONNAIS MICRO\" width=\"150\" height=\"150\" data-attachment-id=\"23750\" data-permalink=\"https:\/\/newsestlyonnais.fr\/site\/2017\/03\/27\/bron-interview-de-bernard-pedri-president-du-bron-basket-club\/newsestlyonnais-micro\/\" data-orig-file=\"https:\/\/newsestlyonnais.fr\/site\/wp-content\/uploads\/2017\/03\/NEWSESTLYONNAIS-MICRO.png\" data-orig-size=\"250,150\" data-comments-opened=\"1\" data-image-meta=\"{&quot;aperture&quot;:&quot;0&quot;,&quot;credit&quot;:&quot;&quot;,&quot;camera&quot;:&quot;&quot;,&quot;caption&quot;:&quot;&quot;,&quot;created_timestamp&quot;:&quot;0&quot;,&quot;copyright&quot;:&quot;&quot;,&quot;focal_length&quot;:&quot;0&quot;,&quot;iso&quot;:&quot;0&quot;,&quot;shutter_speed&quot;:&quot;0&quot;,&quot;title&quot;:&quot;&quot;,&quot;orientation&quot;:&quot;0&quot;}\" data-image-title=\"nique et sp\u00e9cifique tout en \u00e9tant fonctionnel pour entrepreneurs et entreprises log\u00e9es. Mathieu Cottet-Dumoulin, le g\u00e9rant d\u2019une soci\u00e9t\u00e9 en pleine expansion et souhaitant \u00e9tendre son champ d\u2019activit\u00e9s, \u00e9voque ses projets d\u2019implantation future : \u00bb J\u2019ai commenc\u00e9 Mon Petit Entrep\u00f4t par l\u2019Est Lyonnais (V\u00e9nissieux, St Priest &amp;amp; D\u00e9cines et plus tard Villeurbanne et Bron), car je connais par c\u0153ur ce secteur. Il est extr\u00eamement bien desservi, dynamique et vivant, c\u2019est un vrai tissu tr\u00e8s dense avec un fort clivage en terme d\u2019entreprises, services et fournisseurs \u00ab . Il est \u00e9vident que l\u2019Ouest Lyonnais sera investi que si et uniquement si nous pouvons r\u00e9aliser des locaux de qualit\u00e9s et accessibles financi\u00e8rement pour les futurs utilisateurs. Nous sommes conscients de travailler sur un format de locaux bien moins rentables que de l\u2019immobilier d\u2019entreprise plus classique. Mais au-del\u00e0 du financier quelle richesse entrepreneuriale et humaine ! \u00ab \u00bb Mon Petit Entrep\u00f4t \u00bb est sur : https:\/\/www.mon-petit-entrepot.com &amp;amp; : https:\/\/www.facebook.com\/monpetitentrepot\" data-image-description=\"\" data-image-caption=\"\" data-medium-file=\"https:\/\/newsestlyonnais.fr\/site\/wp-content\/uploads\/2017\/03\/NEWSESTLYONNAIS-MICRO.png\" data-large-file=\"https:\/\/newsestlyonnais.fr\/site\/wp-content\/uploads\/2017\/03\/NEWSESTLYONNAIS-MICRO.png\" \/><\/strong><\/span><\/p>\n<p><span class=\"ui-sortable-handle\"><strong><img loading=\"lazy\" decoding=\"async\" class=\"alignleft wp-image-191648 size-thumbnail\" src=\"https:\/\/newsestlyonnais.fr\/site\/wp-content\/uploads\/2023\/10\/cid_AC0B1D1B-469D-4ED0-8672-DA9B8DD78D37-250x294.jpg\" alt=\"\" width=\"128\" height=\"150\" data-attachment-id=\"191054\" data-permalink=\"https:\/\/newsestlyonnais.fr\/site\/2023\/10\/12\/lionel-rolando-cest-le-fait-de-transmettre-ma-passion-de-la-natation-qui-ma-donne-envie-de-faire-ce-metier\/img_0070\/\" data-orig-file=\"https:\/\/newsestlyonnais.fr\/site\/wp-content\/uploads\/2023\/10\/IMG_0070.jpg\" data-orig-size=\"822,639\" data-comments-opened=\"1\" data-image-meta=\"{&quot;aperture&quot;:&quot;0&quot;,&quot;credit&quot;:&quot;&quot;,&quot;camera&quot;:&quot;&quot;,&quot;caption&quot;:&quot;&quot;,&quot;created_timestamp&quot;:&quot;0&quot;,&quot;copyright&quot;:&quot;&quot;,&quot;focal_length&quot;:&quot;0&quot;,&quot;iso&quot;:&quot;0&quot;,&quot;shutter_speed&quot;:&quot;0&quot;,&quot;title&quot;:&quot;&quot;,&quot;orientation&quot;:&quot;1&quot;}\" data-image-title=\"IMG_0070\" data-image-description=\"\" data-image-caption=\"\" data-medium-file=\"https:\/\/newsestlyonnais.fr\/site\/wp-content\/uploads\/2023\/10\/IMG_0070-400x311.jpg\" data-large-file=\"https:\/\/newsestlyonnais.fr\/site\/wp-content\/uploads\/2023\/10\/IMG_0070-650x505.jpg\" srcset=\"https:\/\/newsestlyonnais.fr\/site\/wp-content\/uploads\/2023\/10\/cid_AC0B1D1B-469D-4ED0-8672-DA9B8DD78D37-250x294.jpg 250w, https:\/\/newsestlyonnais.fr\/site\/wp-content\/uploads\/2023\/10\/cid_AC0B1D1B-469D-4ED0-8672-DA9B8DD78D37-400x471.jpg 400w, https:\/\/newsestlyonnais.fr\/site\/wp-content\/uploads\/2023\/10\/cid_AC0B1D1B-469D-4ED0-8672-DA9B8DD78D37-650x766.jpg 650w, https:\/\/newsestlyonnais.fr\/site\/wp-content\/uploads\/2023\/10\/cid_AC0B1D1B-469D-4ED0-8672-DA9B8DD78D37-150x177.jpg 150w, https:\/\/newsestlyonnais.fr\/site\/wp-content\/uploads\/2023\/10\/cid_AC0B1D1B-469D-4ED0-8672-DA9B8DD78D37-50x59.jpg 50w, https:\/\/newsestlyonnais.fr\/site\/wp-content\/uploads\/2023\/10\/cid_AC0B1D1B-469D-4ED0-8672-DA9B8DD78D37-100x118.jpg 100w, https:\/\/newsestlyonnais.fr\/site\/wp-content\/uploads\/2023\/10\/cid_AC0B1D1B-469D-4ED0-8672-DA9B8DD78D37-200x236.jpg 200w, https:\/\/newsestlyonnais.fr\/site\/wp-content\/uploads\/2023\/10\/cid_AC0B1D1B-469D-4ED0-8672-DA9B8DD78D37-300x353.jpg 300w, https:\/\/newsestlyonnais.fr\/site\/wp-content\/uploads\/2023\/10\/cid_AC0B1D1B-469D-4ED0-8672-DA9B8DD78D37-350x412.jpg 350w, https:\/\/newsestlyonnais.fr\/site\/wp-content\/uploads\/2023\/10\/cid_AC0B1D1B-469D-4ED0-8672-DA9B8DD78D37-450x530.jpg 450w, https:\/\/newsestlyonnais.fr\/site\/wp-content\/uploads\/2023\/10\/cid_AC0B1D1B-469D-4ED0-8672-DA9B8DD78D37-500x589.jpg 500w, https:\/\/newsestlyonnais.fr\/site\/wp-content\/uploads\/2023\/10\/cid_AC0B1D1B-469D-4ED0-8672-DA9B8DD78D37-550x648.jpg 550w, https:\/\/newsestlyonnais.fr\/site\/wp-content\/uploads\/2023\/10\/cid_AC0B1D1B-469D-4ED0-8672-DA9B8DD78D37.jpg 669w\" sizes=\"auto, (max-width: 128px) 100vw, 128px\" \/><span style=\"background-color: #000000; color: #ffffff;\">L\u2019interview du jour<\/span><\/strong> :<\/span><\/p>\n<p class=\"entry-title post-title\"><a href=\"https:\/\/newsestlyonnais.fr\/site\/2023\/10\/19\/laurent-ottino-resistant-tres-endurant-en-vieillissant-le-marathon-est-une-de-mes-distances-preferees\/\"><span style=\"background-color: #ffffff; color: #0000ff;\"><strong>Laurent Ottino<\/strong><\/span><\/a> <strong>\u00ab R\u00e9sistant, tr\u00e8s endurant, en vieillissant le marathon est une de mes distances pr\u00e9f\u00e9r\u00e9es \u00bb<\/strong><\/p>\n<p class=\"entry-excerpt\">Le coureur brondillant qui pratique l\u2019athl\u00e9tisme depuis 35 ans a trouv\u00e9 sa voie dans les longues distances en disputant notamment de belles \u00e9preuves nationales.<\/p>\n<hr \/>\n<p><img loading=\"lazy\" decoding=\"async\" class=\"size-full wp-image-190764 aligncenter\" src=\"https:\/\/newsestlyonnais.fr\/site\/wp-content\/uploads\/2023\/10\/calendar-icon-symbol-sign-vector.jpg\" sizes=\"auto, (max-width: 150px) 100vw, 150px\" srcset=\"https:\/\/newsestlyonnais.fr\/site\/wp-content\/uploads\/2023\/10\/calendar-icon-symbol-sign-vector.jpg 150w, https:\/\/newsestlyonnais.fr\/site\/wp-content\/uploads\/2023\/10\/calendar-icon-symbol-sign-vector-50x33.jpg 50w, https:\/\/newsestlyonnais.fr\/site\/wp-content\/uploads\/2023\/10\/calendar-icon-symbol-sign-vector-100x67.jpg 100w\" alt=\"\" width=\"150\" height=\"100\" data-attachment-id=\"190764\" data-permalink=\"https:\/\/newsestlyonnais.fr\/site\/2023\/10\/08\/ptites-news-breves-et-scoops-2\/calendar-icon-symbol-sign-vector-3\/\" data-orig-file=\"https:\/\/newsestlyonnais.fr\/site\/wp-content\/uploads\/2023\/10\/calendar-icon-symbol-sign-vector.jpg\" data-orig-size=\"150,100\" data-comments-opened=\"1\" data-image-meta=\"{&quot;aperture&quot;:&quot;0&quot;,&quot;credit&quot;:&quot;&quot;,&quot;camera&quot;:&quot;&quot;,&quot;caption&quot;:&quot;&quot;,&quot;created_timestamp&quot;:&quot;0&quot;,&quot;copyright&quot;:&quot;&quot;,&quot;focal_length&quot;:&quot;0&quot;,&quot;iso&quot;:&quot;0&quot;,&quot;shutter_speed&quot;:&quot;0&quot;,&quot;title&quot;:&quot;&quot;,&quot;orientation&quot;:&quot;0&quot;}\" data-image-title=\"calendar-icon-symbol-sign-vector\" data-image-description=\"\" data-image-caption=\"\" data-medium-file=\"https:\/\/newsestlyonnais.fr\/site\/wp-content\/uploads\/2023\/10\/calendar-icon-symbol-sign-vector.jpg\" data-large-file=\"https:\/\/newsestlyonnais.fr\/site\/wp-content\/uploads\/2023\/10\/calendar-icon-symbol-sign-vector.jpg\" \/><\/p>\n<p><span style=\"background-color: #000000;\"><strong><span class=\"ui-sortable-handle\"><span style=\"color: #ffffff;\">Ev\u00e9nements ins\u00e9r\u00e9s dans l\u2019 <\/span><span style=\"color: #3366ff;\"><a style=\"background-color: #000000; color: #3366ff;\" href=\"https:\/\/newsestlyonnais.fr\/site\/agenda_liste\/\">AGENDA<\/a><\/span><\/span><\/strong><\/span><\/p>\n<ul class=\"ui-sortable-handle\">\n<li><strong><span style=\"background-color: #000000; color: #ffcc00;\">LYON 9<\/span> \/ <\/strong><span class=\"evoet_c3 evoet_cx evcal_desc hide_eventtopdata \"><span class=\"evoet_title evcal_desc2 evcal_event_title\"><strong>\u00a0\u00bb Expo De Matisse \u00e0 Chagall \u00ab\u00a0<\/strong> \/ jusqu&rsquo;au 28 janvier 2024<\/span><\/span><\/li>\n<li><span style=\"background-color: #000000; color: #ffcc00;\"><strong>VILLEURBANNE<\/strong><\/span> \/<strong> 44 <\/strong><span class=\"evoet_c3 evoet_cx evcal_desc hide_eventtopdata \"><span class=\"evoet_title evcal_desc2 evcal_event_title\"><strong>\u00b0 Festival \u00ab Sur Place ou \u00e0 emporter \u00bb<\/strong> \/ 17 au 26 novembre 2023 <\/span><\/span><\/li>\n<\/ul>\n<div id='gallery-1' class='gallery galleryid-191616 gallery-columns-2 gallery-size-large'><figure class='gallery-item'>\n\t\t\t<div class='gallery-icon landscape'>\n\t\t\t\t<a href='https:\/\/newsestlyonnais.fr\/site\/events\/lyon-9-expo-de-matisse-a-chagall\/_bandeau_expo_matisse_a_chagall_2023\/'><img loading=\"lazy\" decoding=\"async\" width=\"591\" height=\"230\" src=\"https:\/\/newsestlyonnais.fr\/site\/wp-content\/uploads\/2023\/10\/bandeau_expo_Matisse_a_Chagall_2023.jpg\" class=\"attachment-large size-large\" alt=\"\" srcset=\"https:\/\/newsestlyonnais.fr\/site\/wp-content\/uploads\/2023\/10\/bandeau_expo_Matisse_a_Chagall_2023.jpg 591w, https:\/\/newsestlyonnais.fr\/site\/wp-content\/uploads\/2023\/10\/bandeau_expo_Matisse_a_Chagall_2023-400x156.jpg 400w, https:\/\/newsestlyonnais.fr\/site\/wp-content\/uploads\/2023\/10\/bandeau_expo_Matisse_a_Chagall_2023-250x97.jpg 250w, https:\/\/newsestlyonnais.fr\/site\/wp-content\/uploads\/2023\/10\/bandeau_expo_Matisse_a_Chagall_2023-150x58.jpg 150w, https:\/\/newsestlyonnais.fr\/site\/wp-content\/uploads\/2023\/10\/bandeau_expo_Matisse_a_Chagall_2023-50x19.jpg 50w, https:\/\/newsestlyonnais.fr\/site\/wp-content\/uploads\/2023\/10\/bandeau_expo_Matisse_a_Chagall_2023-100x39.jpg 100w, https:\/\/newsestlyonnais.fr\/site\/wp-content\/uploads\/2023\/10\/bandeau_expo_Matisse_a_Chagall_2023-200x78.jpg 200w, https:\/\/newsestlyonnais.fr\/site\/wp-content\/uploads\/2023\/10\/bandeau_expo_Matisse_a_Chagall_2023-300x117.jpg 300w, https:\/\/newsestlyonnais.fr\/site\/wp-content\/uploads\/2023\/10\/bandeau_expo_Matisse_a_Chagall_2023-350x136.jpg 350w, https:\/\/newsestlyonnais.fr\/site\/wp-content\/uploads\/2023\/10\/bandeau_expo_Matisse_a_Chagall_2023-450x175.jpg 450w, https:\/\/newsestlyonnais.fr\/site\/wp-content\/uploads\/2023\/10\/bandeau_expo_Matisse_a_Chagall_2023-500x195.jpg 500w, https:\/\/newsestlyonnais.fr\/site\/wp-content\/uploads\/2023\/10\/bandeau_expo_Matisse_a_Chagall_2023-550x214.jpg 550w\" sizes=\"auto, (max-width: 591px) 100vw, 591px\" \/><\/a>\n\t\t\t<\/div><\/figure><figure class='gallery-item'>\n\t\t\t<div class='gallery-icon portrait'>\n\t\t\t\t<a href='https:\/\/newsestlyonnais.fr\/site\/events\/villeurbanne-44-festival-du-film-court\/387773947_818574596733351_6090930718603064908_n\/'><img loading=\"lazy\" decoding=\"async\" width=\"530\" height=\"750\" src=\"https:\/\/newsestlyonnais.fr\/site\/wp-content\/uploads\/2023\/10\/387773947_818574596733351_6090930718603064908_n-650x920.jpg\" class=\"attachment-large size-large\" alt=\"\" srcset=\"https:\/\/newsestlyonnais.fr\/site\/wp-content\/uploads\/2023\/10\/387773947_818574596733351_6090930718603064908_n-650x920.jpg 650w, https:\/\/newsestlyonnais.fr\/site\/wp-content\/uploads\/2023\/10\/387773947_818574596733351_6090930718603064908_n-400x566.jpg 400w, https:\/\/newsestlyonnais.fr\/site\/wp-content\/uploads\/2023\/10\/387773947_818574596733351_6090930718603064908_n-250x354.jpg 250w, https:\/\/newsestlyonnais.fr\/site\/wp-content\/uploads\/2023\/10\/387773947_818574596733351_6090930718603064908_n-768x1087.jpg 768w, https:\/\/newsestlyonnais.fr\/site\/wp-content\/uploads\/2023\/10\/387773947_818574596733351_6090930718603064908_n-150x212.jpg 150w, https:\/\/newsestlyonnais.fr\/site\/wp-content\/uploads\/2023\/10\/387773947_818574596733351_6090930718603064908_n-50x71.jpg 50w, https:\/\/newsestlyonnais.fr\/site\/wp-content\/uploads\/2023\/10\/387773947_818574596733351_6090930718603064908_n-100x142.jpg 100w, https:\/\/newsestlyonnais.fr\/site\/wp-content\/uploads\/2023\/10\/387773947_818574596733351_6090930718603064908_n-200x283.jpg 200w, https:\/\/newsestlyonnais.fr\/site\/wp-content\/uploads\/2023\/10\/387773947_818574596733351_6090930718603064908_n-300x425.jpg 300w, https:\/\/newsestlyonnais.fr\/site\/wp-content\/uploads\/2023\/10\/387773947_818574596733351_6090930718603064908_n-350x495.jpg 350w, https:\/\/newsestlyonnais.fr\/site\/wp-content\/uploads\/2023\/10\/387773947_818574596733351_6090930718603064908_n-450x637.jpg 450w, https:\/\/newsestlyonnais.fr\/site\/wp-content\/uploads\/2023\/10\/387773947_818574596733351_6090930718603064908_n-500x708.jpg 500w, https:\/\/newsestlyonnais.fr\/site\/wp-content\/uploads\/2023\/10\/387773947_818574596733351_6090930718603064908_n-550x778.jpg 550w, https:\/\/newsestlyonnais.fr\/site\/wp-content\/uploads\/2023\/10\/387773947_818574596733351_6090930718603064908_n-800x1132.jpg 800w, https:\/\/newsestlyonnais.fr\/site\/wp-content\/uploads\/2023\/10\/387773947_818574596733351_6090930718603064908_n.jpg 848w\" sizes=\"auto, (max-width: 530px) 100vw, 530px\" \/><\/a>\n\t\t\t<\/div><\/figure>\n\t\t<\/div>\n\n","protected":false},"excerpt":{"rendered":"<p>S\u00e9lection de l&rsquo;actu : Changement au carnaval (St-Pierre de Chandieu), recyclons vos \u00e9quipements sportifs (Villeurbanne), interview du coureur Laurent Ottino et 2 \u00e9v\u00e8nements.<\/p>\n","protected":false},"author":4,"featured_media":86859,"comment_status":"open","ping_status":"open","sticky":false,"template":"","format":"standard","meta":{"footnotes":""},"categories":[19,270,1293,29],"tags":[2290,3436,2313,2288],"class_list":["post-191616","post","type-post","status-publish","format-standard","has-post-thumbnail","hentry","category-bron","category-cte-de-communes-c-c-e-l","category-st-pierre-de-chandieu-toussieu","category-villeurbanne","tag-carnaval","tag-office-du-sport-villeurbanne","tag-osv","tag-saint-pierre-chandieu"],"yoast_head":"<!-- This site is optimized with the Yoast SEO plugin v27.2 - https:\/\/yoast.com\/product\/yoast-seo-wordpress\/ -->\n<title>P\u2019tites news, br\u00e8ves et scoops \u2026. - News Est Lyonnais<\/title>\n<meta name=\"description\" content=\"P\u2019tites news, br\u00e8ves et scoops \u2026.\" \/>\n<meta name=\"robots\" content=\"index, follow, max-snippet:-1, max-image-preview:large, max-video-preview:-1\" \/>\n<link rel=\"canonical\" href=\"https:\/\/newsestlyonnais.fr\/site\/2023\/10\/20\/ptites-news-breves-et-scoops-10\/\" \/>\n<meta property=\"og:locale\" content=\"fr_FR\" \/>\n<meta property=\"og:type\" content=\"article\" \/>\n<meta property=\"og:title\" content=\"P\u2019tites news, br\u00e8ves et scoops \u2026. - News Est Lyonnais\" \/>\n<meta property=\"og:description\" content=\"P\u2019tites news, br\u00e8ves et scoops \u2026.\" \/>\n<meta property=\"og:url\" content=\"https:\/\/newsestlyonnais.fr\/site\/2023\/10\/20\/ptites-news-breves-et-scoops-10\/\" \/>\n<meta property=\"og:site_name\" content=\"News Est Lyonnais\" \/>\n<meta property=\"article:author\" content=\"https:\/\/www.facebook.com\/pascal.oberson.1?fref=ts\" \/>\n<meta property=\"article:published_time\" content=\"2023-10-20T05:56:23+00:00\" \/>\n<meta property=\"article:modified_time\" content=\"2023-10-24T14:41:33+00:00\" \/>\n<meta property=\"og:image\" content=\"https:\/\/newsestlyonnais.fr\/site\/wp-content\/uploads\/2019\/10\/NEWSESTLYONNAIS-VUE-ESTLYONNAIS.jpg\" \/>\n\t<meta property=\"og:image:width\" content=\"1200\" \/>\n\t<meta property=\"og:image:height\" content=\"800\" \/>\n\t<meta property=\"og:image:type\" content=\"image\/jpeg\" \/>\n<meta name=\"author\" content=\"R\u00e9dac. NEWS\" \/>\n<meta name=\"twitter:card\" content=\"summary_large_image\" \/>\n<meta name=\"twitter:label1\" content=\"\u00c9crit par\" \/>\n\t<meta name=\"twitter:data1\" content=\"R\u00e9dac. NEWS\" \/>\n\t<meta name=\"twitter:label2\" content=\"Dur\u00e9e de lecture estim\u00e9e\" \/>\n\t<meta name=\"twitter:data2\" content=\"2 minutes\" \/>\n<script type=\"application\/ld+json\" class=\"yoast-schema-graph\">{\"@context\":\"https:\/\/schema.org\",\"@graph\":[{\"@type\":\"Article\",\"@id\":\"https:\/\/newsestlyonnais.fr\/site\/2023\/10\/20\/ptites-news-breves-et-scoops-10\/#article\",\"isPartOf\":{\"@id\":\"https:\/\/newsestlyonnais.fr\/site\/2023\/10\/20\/ptites-news-breves-et-scoops-10\/\"},\"author\":{\"name\":\"R\u00e9dac. NEWS\",\"@id\":\"https:\/\/newsestlyonnais.fr\/site\/#\/schema\/person\/3230d5615f390bb808365d673001e887\"},\"headline\":\"P\u2019tites news, br\u00e8ves et scoops \u2026.\",\"datePublished\":\"2023-10-20T05:56:23+00:00\",\"dateModified\":\"2023-10-24T14:41:33+00:00\",\"mainEntityOfPage\":{\"@id\":\"https:\/\/newsestlyonnais.fr\/site\/2023\/10\/20\/ptites-news-breves-et-scoops-10\/\"},\"wordCount\":147,\"commentCount\":0,\"publisher\":{\"@id\":\"https:\/\/newsestlyonnais.fr\/site\/#organization\"},\"image\":{\"@id\":\"https:\/\/newsestlyonnais.fr\/site\/2023\/10\/20\/ptites-news-breves-et-scoops-10\/#primaryimage\"},\"thumbnailUrl\":\"https:\/\/newsestlyonnais.fr\/site\/wp-content\/uploads\/2019\/10\/NEWSESTLYONNAIS-VUE-ESTLYONNAIS.jpg\",\"keywords\":[\"CARNAVAL\",\"Office du Sport Villeurbanne\",\"OSV\",\"SAINT PIERRE CHANDIEU\"],\"articleSection\":[\"Bron\",\"CCEL | Communes\",\"St Pierre de Chandieu | Toussieu\",\"Villeurbanne\"],\"inLanguage\":\"fr-FR\",\"potentialAction\":[{\"@type\":\"CommentAction\",\"name\":\"Comment\",\"target\":[\"https:\/\/newsestlyonnais.fr\/site\/2023\/10\/20\/ptites-news-breves-et-scoops-10\/#respond\"]}]},{\"@type\":\"WebPage\",\"@id\":\"https:\/\/newsestlyonnais.fr\/site\/2023\/10\/20\/ptites-news-breves-et-scoops-10\/\",\"url\":\"https:\/\/newsestlyonnais.fr\/site\/2023\/10\/20\/ptites-news-breves-et-scoops-10\/\",\"name\":\"P\u2019tites news, br\u00e8ves et scoops \u2026. - News Est Lyonnais\",\"isPartOf\":{\"@id\":\"https:\/\/newsestlyonnais.fr\/site\/#website\"},\"primaryImageOfPage\":{\"@id\":\"https:\/\/newsestlyonnais.fr\/site\/2023\/10\/20\/ptites-news-breves-et-scoops-10\/#primaryimage\"},\"image\":{\"@id\":\"https:\/\/newsestlyonnais.fr\/site\/2023\/10\/20\/ptites-news-breves-et-scoops-10\/#primaryimage\"},\"thumbnailUrl\":\"https:\/\/newsestlyonnais.fr\/site\/wp-content\/uploads\/2019\/10\/NEWSESTLYONNAIS-VUE-ESTLYONNAIS.jpg\",\"datePublished\":\"2023-10-20T05:56:23+00:00\",\"dateModified\":\"2023-10-24T14:41:33+00:00\",\"description\":\"P\u2019tites news, br\u00e8ves et scoops \u2026.\",\"breadcrumb\":{\"@id\":\"https:\/\/newsestlyonnais.fr\/site\/2023\/10\/20\/ptites-news-breves-et-scoops-10\/#breadcrumb\"},\"inLanguage\":\"fr-FR\",\"potentialAction\":[{\"@type\":\"ReadAction\",\"target\":[\"https:\/\/newsestlyonnais.fr\/site\/2023\/10\/20\/ptites-news-breves-et-scoops-10\/\"]}]},{\"@type\":\"ImageObject\",\"inLanguage\":\"fr-FR\",\"@id\":\"https:\/\/newsestlyonnais.fr\/site\/2023\/10\/20\/ptites-news-breves-et-scoops-10\/#primaryimage\",\"url\":\"https:\/\/newsestlyonnais.fr\/site\/wp-content\/uploads\/2019\/10\/NEWSESTLYONNAIS-VUE-ESTLYONNAIS.jpg\",\"contentUrl\":\"https:\/\/newsestlyonnais.fr\/site\/wp-content\/uploads\/2019\/10\/NEWSESTLYONNAIS-VUE-ESTLYONNAIS.jpg\",\"width\":1200,\"height\":800,\"caption\":\"Vous souhaitez faire connaitre votre activit\u00e9 , contactez nous pour tout espace publicitaire (EN HAUT ou A DROITE) : contact@newsestlyonnais.fr\"},{\"@type\":\"BreadcrumbList\",\"@id\":\"https:\/\/newsestlyonnais.fr\/site\/2023\/10\/20\/ptites-news-breves-et-scoops-10\/#breadcrumb\",\"itemListElement\":[{\"@type\":\"ListItem\",\"position\":1,\"name\":\"Accueil\",\"item\":\"https:\/\/newsestlyonnais.fr\/site\/\"},{\"@type\":\"ListItem\",\"position\":2,\"name\":\"P\u2019tites news, br\u00e8ves et scoops \u2026.\"}]},{\"@type\":\"WebSite\",\"@id\":\"https:\/\/newsestlyonnais.fr\/site\/#website\",\"url\":\"https:\/\/newsestlyonnais.fr\/site\/\",\"name\":\"News Est Lyonnais\",\"description\":\"L&#039;actualit\u00e9 au plus pr\u00e8s\",\"publisher\":{\"@id\":\"https:\/\/newsestlyonnais.fr\/site\/#organization\"},\"potentialAction\":[{\"@type\":\"SearchAction\",\"target\":{\"@type\":\"EntryPoint\",\"urlTemplate\":\"https:\/\/newsestlyonnais.fr\/site\/?s={search_term_string}\"},\"query-input\":{\"@type\":\"PropertyValueSpecification\",\"valueRequired\":true,\"valueName\":\"search_term_string\"}}],\"inLanguage\":\"fr-FR\"},{\"@type\":\"Organization\",\"@id\":\"https:\/\/newsestlyonnais.fr\/site\/#organization\",\"name\":\"News EST LYONNAIS\",\"url\":\"https:\/\/newsestlyonnais.fr\/site\/\",\"logo\":{\"@type\":\"ImageObject\",\"inLanguage\":\"fr-FR\",\"@id\":\"https:\/\/newsestlyonnais.fr\/site\/#\/schema\/logo\/image\/\",\"url\":\"\",\"contentUrl\":\"\",\"caption\":\"News EST LYONNAIS\"},\"image\":{\"@id\":\"https:\/\/newsestlyonnais.fr\/site\/#\/schema\/logo\/image\/\"}},{\"@type\":\"Person\",\"@id\":\"https:\/\/newsestlyonnais.fr\/site\/#\/schema\/person\/3230d5615f390bb808365d673001e887\",\"name\":\"R\u00e9dac. NEWS\",\"sameAs\":[\"http:\/\/www.newsestlyonnais.fr\",\"https:\/\/www.facebook.com\/pascal.oberson.1?fref=ts\",\"https:\/\/fr.linkedin.com\/in\/pascal-oberson-b17045113\"],\"url\":\"https:\/\/newsestlyonnais.fr\/site\/author\/nel\/\"}]}<\/script>\n<!-- \/ Yoast SEO plugin. -->","yoast_head_json":{"title":"P\u2019tites news, br\u00e8ves et scoops \u2026. - News Est Lyonnais","description":"P\u2019tites news, br\u00e8ves et scoops \u2026.","robots":{"index":"index","follow":"follow","max-snippet":"max-snippet:-1","max-image-preview":"max-image-preview:large","max-video-preview":"max-video-preview:-1"},"canonical":"https:\/\/newsestlyonnais.fr\/site\/2023\/10\/20\/ptites-news-breves-et-scoops-10\/","og_locale":"fr_FR","og_type":"article","og_title":"P\u2019tites news, br\u00e8ves et scoops \u2026. - News Est Lyonnais","og_description":"P\u2019tites news, br\u00e8ves et scoops \u2026.","og_url":"https:\/\/newsestlyonnais.fr\/site\/2023\/10\/20\/ptites-news-breves-et-scoops-10\/","og_site_name":"News Est Lyonnais","article_author":"https:\/\/www.facebook.com\/pascal.oberson.1?fref=ts","article_published_time":"2023-10-20T05:56:23+00:00","article_modified_time":"2023-10-24T14:41:33+00:00","og_image":[{"width":1200,"height":800,"url":"https:\/\/newsestlyonnais.fr\/site\/wp-content\/uploads\/2019\/10\/NEWSESTLYONNAIS-VUE-ESTLYONNAIS.jpg","type":"image\/jpeg"}],"author":"R\u00e9dac. NEWS","twitter_card":"summary_large_image","twitter_misc":{"\u00c9crit par":"R\u00e9dac. NEWS","Dur\u00e9e de lecture estim\u00e9e":"2 minutes"},"schema":{"@context":"https:\/\/schema.org","@graph":[{"@type":"Article","@id":"https:\/\/newsestlyonnais.fr\/site\/2023\/10\/20\/ptites-news-breves-et-scoops-10\/#article","isPartOf":{"@id":"https:\/\/newsestlyonnais.fr\/site\/2023\/10\/20\/ptites-news-breves-et-scoops-10\/"},"author":{"name":"R\u00e9dac. NEWS","@id":"https:\/\/newsestlyonnais.fr\/site\/#\/schema\/person\/3230d5615f390bb808365d673001e887"},"headline":"P\u2019tites news, br\u00e8ves et scoops \u2026.","datePublished":"2023-10-20T05:56:23+00:00","dateModified":"2023-10-24T14:41:33+00:00","mainEntityOfPage":{"@id":"https:\/\/newsestlyonnais.fr\/site\/2023\/10\/20\/ptites-news-breves-et-scoops-10\/"},"wordCount":147,"commentCount":0,"publisher":{"@id":"https:\/\/newsestlyonnais.fr\/site\/#organization"},"image":{"@id":"https:\/\/newsestlyonnais.fr\/site\/2023\/10\/20\/ptites-news-breves-et-scoops-10\/#primaryimage"},"thumbnailUrl":"https:\/\/newsestlyonnais.fr\/site\/wp-content\/uploads\/2019\/10\/NEWSESTLYONNAIS-VUE-ESTLYONNAIS.jpg","keywords":["CARNAVAL","Office du Sport Villeurbanne","OSV","SAINT PIERRE CHANDIEU"],"articleSection":["Bron","CCEL | Communes","St Pierre de Chandieu | Toussieu","Villeurbanne"],"inLanguage":"fr-FR","potentialAction":[{"@type":"CommentAction","name":"Comment","target":["https:\/\/newsestlyonnais.fr\/site\/2023\/10\/20\/ptites-news-breves-et-scoops-10\/#respond"]}]},{"@type":"WebPage","@id":"https:\/\/newsestlyonnais.fr\/site\/2023\/10\/20\/ptites-news-breves-et-scoops-10\/","url":"https:\/\/newsestlyonnais.fr\/site\/2023\/10\/20\/ptites-news-breves-et-scoops-10\/","name":"P\u2019tites news, br\u00e8ves et scoops \u2026. - News Est Lyonnais","isPartOf":{"@id":"https:\/\/newsestlyonnais.fr\/site\/#website"},"primaryImageOfPage":{"@id":"https:\/\/newsestlyonnais.fr\/site\/2023\/10\/20\/ptites-news-breves-et-scoops-10\/#primaryimage"},"image":{"@id":"https:\/\/newsestlyonnais.fr\/site\/2023\/10\/20\/ptites-news-breves-et-scoops-10\/#primaryimage"},"thumbnailUrl":"https:\/\/newsestlyonnais.fr\/site\/wp-content\/uploads\/2019\/10\/NEWSESTLYONNAIS-VUE-ESTLYONNAIS.jpg","datePublished":"2023-10-20T05:56:23+00:00","dateModified":"2023-10-24T14:41:33+00:00","description":"P\u2019tites news, br\u00e8ves et scoops \u2026.","breadcrumb":{"@id":"https:\/\/newsestlyonnais.fr\/site\/2023\/10\/20\/ptites-news-breves-et-scoops-10\/#breadcrumb"},"inLanguage":"fr-FR","potentialAction":[{"@type":"ReadAction","target":["https:\/\/newsestlyonnais.fr\/site\/2023\/10\/20\/ptites-news-breves-et-scoops-10\/"]}]},{"@type":"ImageObject","inLanguage":"fr-FR","@id":"https:\/\/newsestlyonnais.fr\/site\/2023\/10\/20\/ptites-news-breves-et-scoops-10\/#primaryimage","url":"https:\/\/newsestlyonnais.fr\/site\/wp-content\/uploads\/2019\/10\/NEWSESTLYONNAIS-VUE-ESTLYONNAIS.jpg","contentUrl":"https:\/\/newsestlyonnais.fr\/site\/wp-content\/uploads\/2019\/10\/NEWSESTLYONNAIS-VUE-ESTLYONNAIS.jpg","width":1200,"height":800,"caption":"Vous souhaitez faire connaitre votre activit\u00e9 , contactez nous pour tout espace publicitaire (EN HAUT ou A DROITE) : contact@newsestlyonnais.fr"},{"@type":"BreadcrumbList","@id":"https:\/\/newsestlyonnais.fr\/site\/2023\/10\/20\/ptites-news-breves-et-scoops-10\/#breadcrumb","itemListElement":[{"@type":"ListItem","position":1,"name":"Accueil","item":"https:\/\/newsestlyonnais.fr\/site\/"},{"@type":"ListItem","position":2,"name":"P\u2019tites news, br\u00e8ves et scoops \u2026."}]},{"@type":"WebSite","@id":"https:\/\/newsestlyonnais.fr\/site\/#website","url":"https:\/\/newsestlyonnais.fr\/site\/","name":"News Est Lyonnais","description":"L&#039;actualit\u00e9 au plus pr\u00e8s","publisher":{"@id":"https:\/\/newsestlyonnais.fr\/site\/#organization"},"potentialAction":[{"@type":"SearchAction","target":{"@type":"EntryPoint","urlTemplate":"https:\/\/newsestlyonnais.fr\/site\/?s={search_term_string}"},"query-input":{"@type":"PropertyValueSpecification","valueRequired":true,"valueName":"search_term_string"}}],"inLanguage":"fr-FR"},{"@type":"Organization","@id":"https:\/\/newsestlyonnais.fr\/site\/#organization","name":"News EST LYONNAIS","url":"https:\/\/newsestlyonnais.fr\/site\/","logo":{"@type":"ImageObject","inLanguage":"fr-FR","@id":"https:\/\/newsestlyonnais.fr\/site\/#\/schema\/logo\/image\/","url":"","contentUrl":"","caption":"News EST LYONNAIS"},"image":{"@id":"https:\/\/newsestlyonnais.fr\/site\/#\/schema\/logo\/image\/"}},{"@type":"Person","@id":"https:\/\/newsestlyonnais.fr\/site\/#\/schema\/person\/3230d5615f390bb808365d673001e887","name":"R\u00e9dac. NEWS","sameAs":["http:\/\/www.newsestlyonnais.fr","https:\/\/www.facebook.com\/pascal.oberson.1?fref=ts","https:\/\/fr.linkedin.com\/in\/pascal-oberson-b17045113"],"url":"https:\/\/newsestlyonnais.fr\/site\/author\/nel\/"}]}},"_links":{"self":[{"href":"https:\/\/newsestlyonnais.fr\/site\/wp-json\/wp\/v2\/posts\/191616","targetHints":{"allow":["GET"]}}],"collection":[{"href":"https:\/\/newsestlyonnais.fr\/site\/wp-json\/wp\/v2\/posts"}],"about":[{"href":"https:\/\/newsestlyonnais.fr\/site\/wp-json\/wp\/v2\/types\/post"}],"author":[{"embeddable":true,"href":"https:\/\/newsestlyonnais.fr\/site\/wp-json\/wp\/v2\/users\/4"}],"replies":[{"embeddable":true,"href":"https:\/\/newsestlyonnais.fr\/site\/wp-json\/wp\/v2\/comments?post=191616"}],"version-history":[{"count":0,"href":"https:\/\/newsestlyonnais.fr\/site\/wp-json\/wp\/v2\/posts\/191616\/revisions"}],"wp:featuredmedia":[{"embeddable":true,"href":"https:\/\/newsestlyonnais.fr\/site\/wp-json\/wp\/v2\/media\/86859"}],"wp:attachment":[{"href":"https:\/\/newsestlyonnais.fr\/site\/wp-json\/wp\/v2\/media?parent=191616"}],"wp:term":[{"taxonomy":"category","embeddable":true,"href":"https:\/\/newsestlyonnais.fr\/site\/wp-json\/wp\/v2\/categories?post=191616"},{"taxonomy":"post_tag","embeddable":true,"href":"https:\/\/newsestlyonnais.fr\/site\/wp-json\/wp\/v2\/tags?post=191616"}],"curies":[{"name":"wp","href":"https:\/\/api.w.org\/{rel}","templated":true}]}}