{"id":192340,"date":"2023-10-27T17:49:12","date_gmt":"2023-10-27T16:49:12","guid":{"rendered":"https:\/\/newsestlyonnais.fr\/site\/?p=192340"},"modified":"2023-10-31T19:12:39","modified_gmt":"2023-10-31T18:12:39","slug":"ptites-news-breves-et-scoops-13","status":"publish","type":"post","link":"https:\/\/newsestlyonnais.fr\/site\/2023\/10\/27\/ptites-news-breves-et-scoops-13\/","title":{"rendered":"P\u2019tites news, br\u00e8ves et scoops \u2026."},"content":{"rendered":"<div class=\"fn-post fn-singular\">\n<article class=\"post-191616 post type-post status-publish format-standard has-post-thumbnail hentry category-a-la-une category-bron category-cte-de-communes-c-c-e-l category-st-pierre-de-chandieu-toussieu category-villeurbanne tag-carnaval tag-office-du-sport-villeurbanne tag-osv tag-saint-pierre-chandieu\">\n<div class=\"entry-body\">\n<p><img loading=\"lazy\" decoding=\"async\" class=\"size-full wp-image-125195 aligncenter\" src=\"https:\/\/newsestlyonnais.fr\/site\/wp-content\/uploads\/2021\/02\/pressB.jpg\" sizes=\"auto, (max-width: 125px) 100vw, 125px\" srcset=\"https:\/\/newsestlyonnais.fr\/site\/wp-content\/uploads\/2021\/02\/pressB.jpg 125w, https:\/\/newsestlyonnais.fr\/site\/wp-content\/uploads\/2021\/02\/pressB-50x50.jpg 50w, https:\/\/newsestlyonnais.fr\/site\/wp-content\/uploads\/2021\/02\/pressB-100x100.jpg 100w\" alt=\"\" width=\"125\" height=\"125\" data-attachment-id=\"125195\" data-permalink=\"https:\/\/newsestlyonnais.fr\/site\/2021\/05\/30\/meyzieu-lopen-de-tennis-demarre-samedi\/pressb-2\/\" data-orig-file=\"https:\/\/newsestlyonnais.fr\/site\/wp-content\/uploads\/2021\/02\/pressB.jpg\" data-orig-size=\"125,125\" data-comments-opened=\"1\" data-image-meta=\"{&quot;aperture&quot;:&quot;0&quot;,&quot;credit&quot;:&quot;&quot;,&quot;camera&quot;:&quot;&quot;,&quot;caption&quot;:&quot;&quot;,&quot;created_timestamp&quot;:&quot;0&quot;,&quot;copyright&quot;:&quot;&quot;,&quot;focal_length&quot;:&quot;0&quot;,&quot;iso&quot;:&quot;0&quot;,&quot;shutter_speed&quot;:&quot;0&quot;,&quot;title&quot;:&quot;&quot;,&quot;orientation&quot;:&quot;0&quot;}\" data-image-title=\"pressB\" data-image-description=\"\" data-image-caption=\"\" data-medium-file=\"https:\/\/newsestlyonnais.fr\/site\/wp-content\/uploads\/2021\/02\/pressB.jpg\" data-large-file=\"https:\/\/newsestlyonnais.fr\/site\/wp-content\/uploads\/2021\/02\/pressB.jpg\" \/><\/p>\n<p><strong><img loading=\"lazy\" decoding=\"async\" class=\"alignleft size-thumbnail wp-image-174217\" src=\"https:\/\/newsestlyonnais.fr\/site\/wp-content\/uploads\/2023\/01\/NEWSESTLYONNAIS-MEY-TENNIS-01-250x188.jpg\" alt=\"\" width=\"150\" height=\"113\" srcset=\"https:\/\/newsestlyonnais.fr\/site\/wp-content\/uploads\/2023\/01\/NEWSESTLYONNAIS-MEY-TENNIS-01-250x188.jpg 250w, https:\/\/newsestlyonnais.fr\/site\/wp-content\/uploads\/2023\/01\/NEWSESTLYONNAIS-MEY-TENNIS-01-400x300.jpg 400w, https:\/\/newsestlyonnais.fr\/site\/wp-content\/uploads\/2023\/01\/NEWSESTLYONNAIS-MEY-TENNIS-01-650x488.jpg 650w, https:\/\/newsestlyonnais.fr\/site\/wp-content\/uploads\/2023\/01\/NEWSESTLYONNAIS-MEY-TENNIS-01-768x576.jpg 768w, https:\/\/newsestlyonnais.fr\/site\/wp-content\/uploads\/2023\/01\/NEWSESTLYONNAIS-MEY-TENNIS-01-150x113.jpg 150w, https:\/\/newsestlyonnais.fr\/site\/wp-content\/uploads\/2023\/01\/NEWSESTLYONNAIS-MEY-TENNIS-01-50x38.jpg 50w, https:\/\/newsestlyonnais.fr\/site\/wp-content\/uploads\/2023\/01\/NEWSESTLYONNAIS-MEY-TENNIS-01-100x75.jpg 100w, https:\/\/newsestlyonnais.fr\/site\/wp-content\/uploads\/2023\/01\/NEWSESTLYONNAIS-MEY-TENNIS-01-200x150.jpg 200w, https:\/\/newsestlyonnais.fr\/site\/wp-content\/uploads\/2023\/01\/NEWSESTLYONNAIS-MEY-TENNIS-01-300x225.jpg 300w, https:\/\/newsestlyonnais.fr\/site\/wp-content\/uploads\/2023\/01\/NEWSESTLYONNAIS-MEY-TENNIS-01-350x263.jpg 350w, https:\/\/newsestlyonnais.fr\/site\/wp-content\/uploads\/2023\/01\/NEWSESTLYONNAIS-MEY-TENNIS-01-450x338.jpg 450w, https:\/\/newsestlyonnais.fr\/site\/wp-content\/uploads\/2023\/01\/NEWSESTLYONNAIS-MEY-TENNIS-01-500x375.jpg 500w, https:\/\/newsestlyonnais.fr\/site\/wp-content\/uploads\/2023\/01\/NEWSESTLYONNAIS-MEY-TENNIS-01-550x413.jpg 550w, https:\/\/newsestlyonnais.fr\/site\/wp-content\/uploads\/2023\/01\/NEWSESTLYONNAIS-MEY-TENNIS-01-800x600.jpg 800w, https:\/\/newsestlyonnais.fr\/site\/wp-content\/uploads\/2023\/01\/NEWSESTLYONNAIS-MEY-TENNIS-01.jpg 1200w\" sizes=\"auto, (max-width: 150px) 100vw, 150px\" \/><span style=\"background-color: #000000; color: #ffcc00;\">MEYZIEU<\/span><\/strong><\/p>\n<p><a href=\"https:\/\/newsestlyonnais.fr\/site\/2023\/10\/27\/meyzieu-les-resultats-de-jeudi-au-tournoi-jeunes-de-tennis\/\"><span style=\"color: #0000ff;\"><strong>Les r\u00e9sultats de jeudi au tournoi jeunes de tennis<\/strong><\/span><\/a><\/p>\n<p><strong>Huit rencontres programm\u00e9es dans quatre tableaux durant cette journ\u00e9e de comp\u00e9tition.<\/strong><\/p>\n<p>::::::::::::::::::::::::::::::::::::::::::::::::::::::::::::::::::::::::::::::::::::::::::::::::::::::::::::::::::::::::::::::::::::::::::::::::::::::::::<\/p>\n<p><strong><span style=\"background-color: #000000; color: #ffcc00;\"><img loading=\"lazy\" decoding=\"async\" class=\"alignleft wp-image-163590\" src=\"https:\/\/newsestlyonnais.fr\/site\/wp-content\/uploads\/2022\/09\/Photo-courts-tennis-3-250x95.jpg\" alt=\"\" width=\"196\" height=\"75\" srcset=\"https:\/\/newsestlyonnais.fr\/site\/wp-content\/uploads\/2022\/09\/Photo-courts-tennis-3-250x95.jpg 250w, https:\/\/newsestlyonnais.fr\/site\/wp-content\/uploads\/2022\/09\/Photo-courts-tennis-3-400x153.jpg 400w, https:\/\/newsestlyonnais.fr\/site\/wp-content\/uploads\/2022\/09\/Photo-courts-tennis-3-650x248.jpg 650w, https:\/\/newsestlyonnais.fr\/site\/wp-content\/uploads\/2022\/09\/Photo-courts-tennis-3-768x293.jpg 768w, https:\/\/newsestlyonnais.fr\/site\/wp-content\/uploads\/2022\/09\/Photo-courts-tennis-3-150x57.jpg 150w, https:\/\/newsestlyonnais.fr\/site\/wp-content\/uploads\/2022\/09\/Photo-courts-tennis-3-50x19.jpg 50w, https:\/\/newsestlyonnais.fr\/site\/wp-content\/uploads\/2022\/09\/Photo-courts-tennis-3-100x38.jpg 100w, https:\/\/newsestlyonnais.fr\/site\/wp-content\/uploads\/2022\/09\/Photo-courts-tennis-3-200x76.jpg 200w, https:\/\/newsestlyonnais.fr\/site\/wp-content\/uploads\/2022\/09\/Photo-courts-tennis-3-300x115.jpg 300w, https:\/\/newsestlyonnais.fr\/site\/wp-content\/uploads\/2022\/09\/Photo-courts-tennis-3-350x134.jpg 350w, https:\/\/newsestlyonnais.fr\/site\/wp-content\/uploads\/2022\/09\/Photo-courts-tennis-3-450x172.jpg 450w, https:\/\/newsestlyonnais.fr\/site\/wp-content\/uploads\/2022\/09\/Photo-courts-tennis-3-500x191.jpg 500w, https:\/\/newsestlyonnais.fr\/site\/wp-content\/uploads\/2022\/09\/Photo-courts-tennis-3-550x210.jpg 550w, https:\/\/newsestlyonnais.fr\/site\/wp-content\/uploads\/2022\/09\/Photo-courts-tennis-3-800x305.jpg 800w, https:\/\/newsestlyonnais.fr\/site\/wp-content\/uploads\/2022\/09\/Photo-courts-tennis-3.jpg 1006w\" sizes=\"auto, (max-width: 196px) 100vw, 196px\" \/>PUSIGNAN<\/span><br \/>\n<\/strong><\/p>\n<div data-canvas-width=\"192.25040000000004\">\n<p class=\"entry-title post-title\"><a href=\"https:\/\/newsestlyonnais.fr\/site\/2023\/10\/27\/pusignan-debut-samedi-du-tournoi-de-tennis-seniors\/\"><span style=\"color: #0000ff;\"><strong>D\u00e9but samedi du tournoi de tennis seniors<\/strong><\/span><\/a><\/p>\n<p><strong>Newsestlyonnais.fr est partenaire de cette comp\u00e9tition organis\u00e9e par l&rsquo;AT Pusignan, qui a enregistr\u00e9 180 inscriptions dont cinquante f\u00e9minines et qui s&rsquo;ach\u00e8vera le 26 novembre.<\/strong><\/p>\n<p>:::::::::::::::::::::::::::::::::::::::::::::::::::::::::::::::::::::::::::::::::::::::::::::::::::::::::::::::::::::::::::::::::::::::::::::::::::::::::::::::::<br \/>\n<strong><span style=\"background-color: #000000; color: #ffcc00;\"><img loading=\"lazy\" decoding=\"async\" class=\"alignleft size-thumbnail wp-image-192400\" src=\"https:\/\/newsestlyonnais.fr\/site\/wp-content\/uploads\/2023\/10\/stage-pelote-basque-250x142.jpg\" alt=\"\" width=\"150\" height=\"85\" srcset=\"https:\/\/newsestlyonnais.fr\/site\/wp-content\/uploads\/2023\/10\/stage-pelote-basque-250x142.jpg 250w, https:\/\/newsestlyonnais.fr\/site\/wp-content\/uploads\/2023\/10\/stage-pelote-basque-400x228.jpg 400w, https:\/\/newsestlyonnais.fr\/site\/wp-content\/uploads\/2023\/10\/stage-pelote-basque-650x370.jpg 650w, https:\/\/newsestlyonnais.fr\/site\/wp-content\/uploads\/2023\/10\/stage-pelote-basque-768x437.jpg 768w, https:\/\/newsestlyonnais.fr\/site\/wp-content\/uploads\/2023\/10\/stage-pelote-basque-150x85.jpg 150w, https:\/\/newsestlyonnais.fr\/site\/wp-content\/uploads\/2023\/10\/stage-pelote-basque-50x28.jpg 50w, https:\/\/newsestlyonnais.fr\/site\/wp-content\/uploads\/2023\/10\/stage-pelote-basque-100x57.jpg 100w, https:\/\/newsestlyonnais.fr\/site\/wp-content\/uploads\/2023\/10\/stage-pelote-basque-200x114.jpg 200w, https:\/\/newsestlyonnais.fr\/site\/wp-content\/uploads\/2023\/10\/stage-pelote-basque-300x171.jpg 300w, https:\/\/newsestlyonnais.fr\/site\/wp-content\/uploads\/2023\/10\/stage-pelote-basque-350x199.jpg 350w, https:\/\/newsestlyonnais.fr\/site\/wp-content\/uploads\/2023\/10\/stage-pelote-basque-450x256.jpg 450w, https:\/\/newsestlyonnais.fr\/site\/wp-content\/uploads\/2023\/10\/stage-pelote-basque-500x285.jpg 500w, https:\/\/newsestlyonnais.fr\/site\/wp-content\/uploads\/2023\/10\/stage-pelote-basque-550x313.jpg 550w, https:\/\/newsestlyonnais.fr\/site\/wp-content\/uploads\/2023\/10\/stage-pelote-basque-800x456.jpg 800w, https:\/\/newsestlyonnais.fr\/site\/wp-content\/uploads\/2023\/10\/stage-pelote-basque.jpg 862w\" sizes=\"auto, (max-width: 150px) 100vw, 150px\" \/>VILLEURBANNE<\/span><\/strong><\/p>\n<\/div>\n<p><span style=\"color: #0000ff;\"><strong>Les jeunes de l\u2019ASVEL Athl\u00e9 au fronton<\/strong><\/span><\/p>\n<p><strong>Lundi 23 et mardi 24 octobre une trentaine de jeunes du club est venue s\u2019initier \u00e0 la pelote basque, de 14 \u00e0 16 heures, au fronton municipal, sous la conduite des responsables de la section pelote de l\u2019ASVEL<\/strong>, Patrick Bourchenin, Marc Papillon, Maylis Gutierrez, Brice Grizonnet, Wissam Mili. Comme ils le font depuis plusieurs ann\u00e9es pendant les petites vacances, les enfants ont test\u00e9 les diff\u00e9rents instruments pour envoyer la pelote contre le mur : la main, les palas, les chisters (chisteras en plastique, copies des chisteras en osier). La s\u00e9ance s\u2019est achev\u00e9e par le tir \u00e0 la corde, la discipline reine des jeux de force basque, qui fait d\u00e9penser beaucoup d\u2019\u00e9nergie et r\u00e9chauffe les mains.<\/p>\n<p>L\u2019Office du Sport (OSV) invite acteur\u00b7trice\u00b7s du mouvement sportif et habitant\u00b7e\u00b7s \u00e0 relever le \u00ab Grand D\u00e9fi \u00bb lanc\u00e9 par la Ville.<\/p>\n<p>::::::::::::::::::::::::::::::::::::::::::::::::::::::::::::::::::::::::::::::::::::::::::::::::::::::::::::::::::::::::::::::::::::::::::::::::::::::::::::::::<\/p>\n<p><strong><img loading=\"lazy\" decoding=\"async\" class=\"alignleft size-thumbnail wp-image-192417\" src=\"https:\/\/newsestlyonnais.fr\/site\/wp-content\/uploads\/2023\/10\/1698390121913-250x246.jpg\" alt=\"\" width=\"150\" height=\"148\" srcset=\"https:\/\/newsestlyonnais.fr\/site\/wp-content\/uploads\/2023\/10\/1698390121913-250x246.jpg 250w, https:\/\/newsestlyonnais.fr\/site\/wp-content\/uploads\/2023\/10\/1698390121913-400x393.jpg 400w, https:\/\/newsestlyonnais.fr\/site\/wp-content\/uploads\/2023\/10\/1698390121913-650x639.jpg 650w, https:\/\/newsestlyonnais.fr\/site\/wp-content\/uploads\/2023\/10\/1698390121913-768x755.jpg 768w, https:\/\/newsestlyonnais.fr\/site\/wp-content\/uploads\/2023\/10\/1698390121913-150x147.jpg 150w, https:\/\/newsestlyonnais.fr\/site\/wp-content\/uploads\/2023\/10\/1698390121913-50x49.jpg 50w, https:\/\/newsestlyonnais.fr\/site\/wp-content\/uploads\/2023\/10\/1698390121913-100x98.jpg 100w, https:\/\/newsestlyonnais.fr\/site\/wp-content\/uploads\/2023\/10\/1698390121913-200x197.jpg 200w, https:\/\/newsestlyonnais.fr\/site\/wp-content\/uploads\/2023\/10\/1698390121913-300x295.jpg 300w, https:\/\/newsestlyonnais.fr\/site\/wp-content\/uploads\/2023\/10\/1698390121913-350x344.jpg 350w, https:\/\/newsestlyonnais.fr\/site\/wp-content\/uploads\/2023\/10\/1698390121913-450x442.jpg 450w, https:\/\/newsestlyonnais.fr\/site\/wp-content\/uploads\/2023\/10\/1698390121913-500x491.jpg 500w, https:\/\/newsestlyonnais.fr\/site\/wp-content\/uploads\/2023\/10\/1698390121913-550x540.jpg 550w, https:\/\/newsestlyonnais.fr\/site\/wp-content\/uploads\/2023\/10\/1698390121913.jpg 800w\" sizes=\"auto, (max-width: 150px) 100vw, 150px\" \/><span style=\"background-color: #000000; color: #ffcc00;\">VILLEURBANNE<\/span><\/strong><\/p>\n<\/div>\n<p><strong><span style=\"color: #0000ff;\">33\u00b0 Foul\u00e9es de Villeurbanne<\/span><\/strong><\/p>\n<p><span class=\"break-words \"><span dir=\"ltr\">L&rsquo;\u00e9quipe d&rsquo;organisation est heureuse d&rsquo;annoncer que \u00ab\u00a0Les Foul\u00e9es de Villeurbanne\u00a0\u00bb reviennent pour leur 33e \u00e9dition le dimanche 17 mars 2024 !<br \/>\nCette ann\u00e9e encore, plein de nouveaut\u00e9s qu&rsquo;ils commenceront \u00e0 vous d\u00e9voiler bient\u00f4t&#8230;<\/span><\/span><\/p>\n<div class=\"entry-body\">\n<hr class=\"ui-sortable-handle\" \/>\n<p><span class=\"ui-sortable-handle\"><strong><img loading=\"lazy\" decoding=\"async\" class=\"size-thumbnail wp-image-23750 aligncenter\" src=\"https:\/\/newsestlyonnais.fr\/site\/wp-content\/uploads\/2017\/03\/NEWSESTLYONNAIS-MICRO-150x150.png\" alt=\"NEWSESTLYONNAIS MICRO\" width=\"150\" height=\"150\" data-attachment-id=\"23750\" data-permalink=\"https:\/\/newsestlyonnais.fr\/site\/2017\/03\/27\/bron-interview-de-bernard-pedri-president-du-bron-basket-club\/newsestlyonnais-micro\/\" data-orig-file=\"https:\/\/newsestlyonnais.fr\/site\/wp-content\/uploads\/2017\/03\/NEWSESTLYONNAIS-MICRO.png\" data-orig-size=\"250,150\" data-comments-opened=\"1\" data-image-meta=\"{&quot;aperture&quot;:&quot;0&quot;,&quot;credit&quot;:&quot;&quot;,&quot;camera&quot;:&quot;&quot;,&quot;caption&quot;:&quot;&quot;,&quot;created_timestamp&quot;:&quot;0&quot;,&quot;copyright&quot;:&quot;&quot;,&quot;focal_length&quot;:&quot;0&quot;,&quot;iso&quot;:&quot;0&quot;,&quot;shutter_speed&quot;:&quot;0&quot;,&quot;title&quot;:&quot;&quot;,&quot;orientation&quot;:&quot;0&quot;}\" data-image-title=\"nique et sp\u00e9cifique tout en \u00e9tant fonctionnel pour entrepreneurs et entreprises log\u00e9es. Mathieu Cottet-Dumoulin, le g\u00e9rant d\u2019une soci\u00e9t\u00e9 en pleine expansion et souhaitant \u00e9tendre son champ d\u2019activit\u00e9s, \u00e9voque ses projets d\u2019implantation future : \u00bb J\u2019ai commenc\u00e9 Mon Petit Entrep\u00f4t par l\u2019Est Lyonnais (V\u00e9nissieux, St Priest &amp;amp; D\u00e9cines et plus tard Villeurbanne et Bron), car je connais par c\u0153ur ce secteur. Il est extr\u00eamement bien desservi, dynamique et vivant, c\u2019est un vrai tissu tr\u00e8s dense avec un fort clivage en terme d\u2019entreprises, services et fournisseurs \u00ab . Il est \u00e9vident que l\u2019Ouest Lyonnais sera investi que si et uniquement si nous pouvons r\u00e9aliser des locaux de qualit\u00e9s et accessibles financi\u00e8rement pour les futurs utilisateurs. Nous sommes conscients de travailler sur un format de locaux bien moins rentables que de l\u2019immobilier d\u2019entreprise plus classique. Mais au-del\u00e0 du financier quelle richesse entrepreneuriale et humaine ! \u00ab \u00bb Mon Petit Entrep\u00f4t \u00bb est sur : https:\/\/www.mon-petit-entrepot.com &amp;amp; : https:\/\/www.facebook.com\/monpetitentrepot\" data-image-description=\"\" data-image-caption=\"\" data-medium-file=\"https:\/\/newsestlyonnais.fr\/site\/wp-content\/uploads\/2017\/03\/NEWSESTLYONNAIS-MICRO.png\" data-large-file=\"https:\/\/newsestlyonnais.fr\/site\/wp-content\/uploads\/2017\/03\/NEWSESTLYONNAIS-MICRO.png\" \/><\/strong><\/span><\/p>\n<p><span class=\"ui-sortable-handle\"><strong><img loading=\"lazy\" decoding=\"async\" class=\"alignleft wp-image-192266 size-thumbnail\" src=\"https:\/\/newsestlyonnais.fr\/site\/wp-content\/uploads\/2023\/10\/IMG_20230915_145449_147-250x250.jpg\" alt=\"\" width=\"150\" height=\"150\" data-attachment-id=\"191648\" data-permalink=\"https:\/\/newsestlyonnais.fr\/site\/2023\/10\/19\/laurent-ottino-resistant-tres-endurant-en-vieillissant-le-marathon-est-une-de-mes-distances-preferees\/cid_ac0b1d1b-469d-4ed0-8672-da9b8dd78d37\/\" data-orig-file=\"https:\/\/newsestlyonnais.fr\/site\/wp-content\/uploads\/2023\/10\/cid_AC0B1D1B-469D-4ED0-8672-DA9B8DD78D37.jpg\" data-orig-size=\"669,788\" data-comments-opened=\"1\" data-image-meta=\"{&quot;aperture&quot;:&quot;0&quot;,&quot;credit&quot;:&quot;&quot;,&quot;camera&quot;:&quot;&quot;,&quot;caption&quot;:&quot;&quot;,&quot;created_timestamp&quot;:&quot;0&quot;,&quot;copyright&quot;:&quot;&quot;,&quot;focal_length&quot;:&quot;0&quot;,&quot;iso&quot;:&quot;0&quot;,&quot;shutter_speed&quot;:&quot;0&quot;,&quot;title&quot;:&quot;&quot;,&quot;orientation&quot;:&quot;0&quot;}\" data-image-title=\"!cid_AC0B1D1B-469D-4ED0-8672-DA9B8DD78D37\" data-image-description=\"\" data-image-caption=\"\" data-medium-file=\"https:\/\/newsestlyonnais.fr\/site\/wp-content\/uploads\/2023\/10\/cid_AC0B1D1B-469D-4ED0-8672-DA9B8DD78D37-400x471.jpg\" data-large-file=\"https:\/\/newsestlyonnais.fr\/site\/wp-content\/uploads\/2023\/10\/cid_AC0B1D1B-469D-4ED0-8672-DA9B8DD78D37-650x766.jpg\" srcset=\"https:\/\/newsestlyonnais.fr\/site\/wp-content\/uploads\/2023\/10\/IMG_20230915_145449_147-250x250.jpg 250w, https:\/\/newsestlyonnais.fr\/site\/wp-content\/uploads\/2023\/10\/IMG_20230915_145449_147-400x400.jpg 400w, https:\/\/newsestlyonnais.fr\/site\/wp-content\/uploads\/2023\/10\/IMG_20230915_145449_147-650x650.jpg 650w, https:\/\/newsestlyonnais.fr\/site\/wp-content\/uploads\/2023\/10\/IMG_20230915_145449_147-768x768.jpg 768w, https:\/\/newsestlyonnais.fr\/site\/wp-content\/uploads\/2023\/10\/IMG_20230915_145449_147-150x150.jpg 150w, https:\/\/newsestlyonnais.fr\/site\/wp-content\/uploads\/2023\/10\/IMG_20230915_145449_147-50x50.jpg 50w, https:\/\/newsestlyonnais.fr\/site\/wp-content\/uploads\/2023\/10\/IMG_20230915_145449_147-100x100.jpg 100w, https:\/\/newsestlyonnais.fr\/site\/wp-content\/uploads\/2023\/10\/IMG_20230915_145449_147-200x200.jpg 200w, https:\/\/newsestlyonnais.fr\/site\/wp-content\/uploads\/2023\/10\/IMG_20230915_145449_147-300x300.jpg 300w, https:\/\/newsestlyonnais.fr\/site\/wp-content\/uploads\/2023\/10\/IMG_20230915_145449_147-350x350.jpg 350w, https:\/\/newsestlyonnais.fr\/site\/wp-content\/uploads\/2023\/10\/IMG_20230915_145449_147-450x450.jpg 450w, https:\/\/newsestlyonnais.fr\/site\/wp-content\/uploads\/2023\/10\/IMG_20230915_145449_147-500x500.jpg 500w, https:\/\/newsestlyonnais.fr\/site\/wp-content\/uploads\/2023\/10\/IMG_20230915_145449_147-550x550.jpg 550w, https:\/\/newsestlyonnais.fr\/site\/wp-content\/uploads\/2023\/10\/IMG_20230915_145449_147-800x800.jpg 800w, https:\/\/newsestlyonnais.fr\/site\/wp-content\/uploads\/2023\/10\/IMG_20230915_145449_147.jpg 1066w\" sizes=\"auto, (max-width: 150px) 100vw, 150px\" \/><span style=\"background-color: #000000; color: #ffffff;\">L\u2019interview du jour<\/span><\/strong><span style=\"background-color: #000000; color: #ffffff;\"> :<\/span><\/span><\/p>\n<p class=\"entry-title post-title\"><span style=\"font-size: 12pt;\"><a href=\"https:\/\/newsestlyonnais.fr\/site\/2023\/10\/26\/julien-maschino-mon-ambition-est-de-developper-une-approche-plus-globale-de-la-self-defense\/\"><strong><span style=\"color: #0000ff;\">Julien Maschino<\/span><\/strong><\/a><strong>\u00a0\u00ab Mon ambition est de d\u00e9velopper une approche plus globale de la self-d\u00e9fense \u00bb.<\/strong><\/span><\/p>\n<p>Passionn\u00e9 de la ma\u00eetrise, instructeur dipl\u00f4m\u00e9, il organise un stage sp\u00e9cifique, dans le cadre de son attention particuli\u00e8re aux probl\u00e9matiques li\u00e9es aux violences faites aux femmes.<\/p>\n<hr \/>\n<p><img loading=\"lazy\" decoding=\"async\" class=\"size-full wp-image-190764 aligncenter\" src=\"https:\/\/newsestlyonnais.fr\/site\/wp-content\/uploads\/2023\/10\/calendar-icon-symbol-sign-vector.jpg\" sizes=\"auto, (max-width: 150px) 100vw, 150px\" srcset=\"https:\/\/newsestlyonnais.fr\/site\/wp-content\/uploads\/2023\/10\/calendar-icon-symbol-sign-vector.jpg 150w, https:\/\/newsestlyonnais.fr\/site\/wp-content\/uploads\/2023\/10\/calendar-icon-symbol-sign-vector-50x33.jpg 50w, https:\/\/newsestlyonnais.fr\/site\/wp-content\/uploads\/2023\/10\/calendar-icon-symbol-sign-vector-100x67.jpg 100w\" alt=\"\" width=\"150\" height=\"100\" data-attachment-id=\"190764\" data-permalink=\"https:\/\/newsestlyonnais.fr\/site\/2023\/10\/08\/ptites-news-breves-et-scoops-2\/calendar-icon-symbol-sign-vector-3\/\" data-orig-file=\"https:\/\/newsestlyonnais.fr\/site\/wp-content\/uploads\/2023\/10\/calendar-icon-symbol-sign-vector.jpg\" data-orig-size=\"150,100\" data-comments-opened=\"1\" data-image-meta=\"{&quot;aperture&quot;:&quot;0&quot;,&quot;credit&quot;:&quot;&quot;,&quot;camera&quot;:&quot;&quot;,&quot;caption&quot;:&quot;&quot;,&quot;created_timestamp&quot;:&quot;0&quot;,&quot;copyright&quot;:&quot;&quot;,&quot;focal_length&quot;:&quot;0&quot;,&quot;iso&quot;:&quot;0&quot;,&quot;shutter_speed&quot;:&quot;0&quot;,&quot;title&quot;:&quot;&quot;,&quot;orientation&quot;:&quot;0&quot;}\" data-image-title=\"calendar-icon-symbol-sign-vector\" data-image-description=\"\" data-image-caption=\"\" data-medium-file=\"https:\/\/newsestlyonnais.fr\/site\/wp-content\/uploads\/2023\/10\/calendar-icon-symbol-sign-vector.jpg\" data-large-file=\"https:\/\/newsestlyonnais.fr\/site\/wp-content\/uploads\/2023\/10\/calendar-icon-symbol-sign-vector.jpg\" \/><\/p>\n<p><strong><span class=\"ui-sortable-handle\">Ev\u00e9nements ins\u00e9r\u00e9s dans l\u2019 <a href=\"https:\/\/newsestlyonnais.fr\/site\/agenda_liste\/\"><span style=\"color: #0000ff;\">AGENDA<\/span><\/a><\/span><\/strong><\/p>\n<ul class=\"ui-sortable-handle\">\n<li><strong><span style=\"background-color: #000000; color: #ffcc00;\">LYON 7\u00a0<\/span> \/ Salon des Vins des vignerons ind\u00e9pendants \/ <\/strong>Du 2 au 6 novembre 2023<\/li>\n<li><span style=\"background-color: #000000; color: #ffcc00;\"><strong>CHASSIEU<\/strong><\/span> \/ <strong>Challenge des Gones de Rugby<\/strong> \/ Samedi 4 novembre 2023<\/li>\n<\/ul>\n<div id='gallery-1' class='gallery galleryid-192340 gallery-columns-2 gallery-size-thumbnail'><figure class='gallery-item'>\n\t\t\t<div class='gallery-icon landscape'>\n\t\t\t\t<a href='https:\/\/newsestlyonnais.fr\/site\/2023\/10\/27\/ptites-news-breves-et-scoops-13\/384195976_718906180278069_723287194879098630_n-2\/'><img loading=\"lazy\" decoding=\"async\" width=\"150\" height=\"79\" src=\"https:\/\/newsestlyonnais.fr\/site\/wp-content\/uploads\/2023\/10\/384195976_718906180278069_723287194879098630_n-1-250x131.jpg\" class=\"attachment-thumbnail size-thumbnail\" alt=\"\" srcset=\"https:\/\/newsestlyonnais.fr\/site\/wp-content\/uploads\/2023\/10\/384195976_718906180278069_723287194879098630_n-1-250x131.jpg 250w, https:\/\/newsestlyonnais.fr\/site\/wp-content\/uploads\/2023\/10\/384195976_718906180278069_723287194879098630_n-1-400x209.jpg 400w, https:\/\/newsestlyonnais.fr\/site\/wp-content\/uploads\/2023\/10\/384195976_718906180278069_723287194879098630_n-1-650x340.jpg 650w, https:\/\/newsestlyonnais.fr\/site\/wp-content\/uploads\/2023\/10\/384195976_718906180278069_723287194879098630_n-1-768x402.jpg 768w, https:\/\/newsestlyonnais.fr\/site\/wp-content\/uploads\/2023\/10\/384195976_718906180278069_723287194879098630_n-1-150x79.jpg 150w, https:\/\/newsestlyonnais.fr\/site\/wp-content\/uploads\/2023\/10\/384195976_718906180278069_723287194879098630_n-1-50x26.jpg 50w, https:\/\/newsestlyonnais.fr\/site\/wp-content\/uploads\/2023\/10\/384195976_718906180278069_723287194879098630_n-1-100x52.jpg 100w, https:\/\/newsestlyonnais.fr\/site\/wp-content\/uploads\/2023\/10\/384195976_718906180278069_723287194879098630_n-1-200x105.jpg 200w, https:\/\/newsestlyonnais.fr\/site\/wp-content\/uploads\/2023\/10\/384195976_718906180278069_723287194879098630_n-1-300x157.jpg 300w, https:\/\/newsestlyonnais.fr\/site\/wp-content\/uploads\/2023\/10\/384195976_718906180278069_723287194879098630_n-1-350x183.jpg 350w, https:\/\/newsestlyonnais.fr\/site\/wp-content\/uploads\/2023\/10\/384195976_718906180278069_723287194879098630_n-1-450x236.jpg 450w, https:\/\/newsestlyonnais.fr\/site\/wp-content\/uploads\/2023\/10\/384195976_718906180278069_723287194879098630_n-1-500x262.jpg 500w, https:\/\/newsestlyonnais.fr\/site\/wp-content\/uploads\/2023\/10\/384195976_718906180278069_723287194879098630_n-1-550x288.jpg 550w, https:\/\/newsestlyonnais.fr\/site\/wp-content\/uploads\/2023\/10\/384195976_718906180278069_723287194879098630_n-1-800x419.jpg 800w, https:\/\/newsestlyonnais.fr\/site\/wp-content\/uploads\/2023\/10\/384195976_718906180278069_723287194879098630_n-1.jpg 1200w\" sizes=\"auto, (max-width: 150px) 100vw, 150px\" \/><\/a>\n\t\t\t<\/div><\/figure><figure class='gallery-item'>\n\t\t\t<div class='gallery-icon portrait'>\n\t\t\t\t<a href='https:\/\/newsestlyonnais.fr\/site\/2023\/10\/27\/ptites-news-breves-et-scoops-13\/chasssieu_affiche_insta\/'><img loading=\"lazy\" decoding=\"async\" width=\"120\" height=\"150\" src=\"https:\/\/newsestlyonnais.fr\/site\/wp-content\/uploads\/2023\/10\/CHASSSIEU_AFFICHE_INSTA-250x313.jpg\" class=\"attachment-thumbnail size-thumbnail\" alt=\"\" srcset=\"https:\/\/newsestlyonnais.fr\/site\/wp-content\/uploads\/2023\/10\/CHASSSIEU_AFFICHE_INSTA-250x313.jpg 250w, https:\/\/newsestlyonnais.fr\/site\/wp-content\/uploads\/2023\/10\/CHASSSIEU_AFFICHE_INSTA-400x500.jpg 400w, https:\/\/newsestlyonnais.fr\/site\/wp-content\/uploads\/2023\/10\/CHASSSIEU_AFFICHE_INSTA-150x188.jpg 150w, https:\/\/newsestlyonnais.fr\/site\/wp-content\/uploads\/2023\/10\/CHASSSIEU_AFFICHE_INSTA-50x63.jpg 50w, https:\/\/newsestlyonnais.fr\/site\/wp-content\/uploads\/2023\/10\/CHASSSIEU_AFFICHE_INSTA-100x125.jpg 100w, https:\/\/newsestlyonnais.fr\/site\/wp-content\/uploads\/2023\/10\/CHASSSIEU_AFFICHE_INSTA-200x250.jpg 200w, https:\/\/newsestlyonnais.fr\/site\/wp-content\/uploads\/2023\/10\/CHASSSIEU_AFFICHE_INSTA-300x375.jpg 300w, https:\/\/newsestlyonnais.fr\/site\/wp-content\/uploads\/2023\/10\/CHASSSIEU_AFFICHE_INSTA-350x438.jpg 350w, https:\/\/newsestlyonnais.fr\/site\/wp-content\/uploads\/2023\/10\/CHASSSIEU_AFFICHE_INSTA-450x563.jpg 450w, https:\/\/newsestlyonnais.fr\/site\/wp-content\/uploads\/2023\/10\/CHASSSIEU_AFFICHE_INSTA.jpg 460w\" sizes=\"auto, (max-width: 120px) 100vw, 120px\" \/><\/a>\n\t\t\t<\/div><\/figure>\n\t\t<\/div>\n\n<\/div>\n<\/article>\n<\/div>\n","protected":false},"excerpt":{"rendered":"<p>Dans l&rsquo;actu du jour : 2 tournois de tennis (Meyzieu &#038; Pusignan), stage de pelote basque de l&rsquo;ASVEL Athl\u00e9 et annonce des 33\u00b0 Foul\u00e9es (Villeurbanne), interview de Julien Maschino.<\/p>\n","protected":false},"author":4,"featured_media":86859,"comment_status":"open","ping_status":"open","sticky":false,"template":"","format":"standard","meta":{"footnotes":""},"categories":[2968,270,166,1279,24,2992,2991,29],"tags":[4143,2081,2062,2049,2091],"class_list":["post-192340","post","type-post","status-publish","format-standard","has-post-thumbnail","hentry","category-athle-course-pied-marche","category-cte-de-communes-c-c-e-l","category-divers-sports","category-jons-pusignan","category-meyzieu","category-tennis-padel","category-tennis-tennis-table-sports","category-villeurbanne","tag-interview","tag-meyzieu","tag-pusignan","tag-tennis","tag-villeurbanne"],"yoast_head":"<!-- This site is optimized with the Yoast SEO plugin v27.2 - https:\/\/yoast.com\/product\/yoast-seo-wordpress\/ -->\n<title>P\u2019tites news, br\u00e8ves et scoops \u2026. - News Est Lyonnais<\/title>\n<meta name=\"description\" content=\"P\u2019tites news, br\u00e8ves et scoops \u2026.\" \/>\n<meta name=\"robots\" content=\"index, follow, max-snippet:-1, max-image-preview:large, max-video-preview:-1\" \/>\n<link rel=\"canonical\" href=\"https:\/\/newsestlyonnais.fr\/site\/2023\/10\/27\/ptites-news-breves-et-scoops-13\/\" \/>\n<meta property=\"og:locale\" content=\"fr_FR\" \/>\n<meta property=\"og:type\" content=\"article\" \/>\n<meta property=\"og:title\" content=\"P\u2019tites news, br\u00e8ves et scoops \u2026. - News Est Lyonnais\" \/>\n<meta property=\"og:description\" content=\"P\u2019tites news, br\u00e8ves et scoops \u2026.\" \/>\n<meta property=\"og:url\" content=\"https:\/\/newsestlyonnais.fr\/site\/2023\/10\/27\/ptites-news-breves-et-scoops-13\/\" \/>\n<meta property=\"og:site_name\" content=\"News Est Lyonnais\" \/>\n<meta property=\"article:author\" content=\"https:\/\/www.facebook.com\/pascal.oberson.1?fref=ts\" \/>\n<meta property=\"article:published_time\" content=\"2023-10-27T16:49:12+00:00\" \/>\n<meta property=\"article:modified_time\" content=\"2023-10-31T18:12:39+00:00\" \/>\n<meta property=\"og:image\" content=\"https:\/\/newsestlyonnais.fr\/site\/wp-content\/uploads\/2019\/10\/NEWSESTLYONNAIS-VUE-ESTLYONNAIS.jpg\" \/>\n\t<meta property=\"og:image:width\" content=\"1200\" \/>\n\t<meta property=\"og:image:height\" content=\"800\" \/>\n\t<meta property=\"og:image:type\" content=\"image\/jpeg\" \/>\n<meta name=\"author\" content=\"R\u00e9dac. NEWS\" \/>\n<meta name=\"twitter:card\" content=\"summary_large_image\" \/>\n<meta name=\"twitter:label1\" content=\"\u00c9crit par\" \/>\n\t<meta name=\"twitter:data1\" content=\"R\u00e9dac. NEWS\" \/>\n\t<meta name=\"twitter:label2\" content=\"Dur\u00e9e de lecture estim\u00e9e\" \/>\n\t<meta name=\"twitter:data2\" content=\"4 minutes\" \/>\n<script type=\"application\/ld+json\" class=\"yoast-schema-graph\">{\"@context\":\"https:\/\/schema.org\",\"@graph\":[{\"@type\":\"Article\",\"@id\":\"https:\/\/newsestlyonnais.fr\/site\/2023\/10\/27\/ptites-news-breves-et-scoops-13\/#article\",\"isPartOf\":{\"@id\":\"https:\/\/newsestlyonnais.fr\/site\/2023\/10\/27\/ptites-news-breves-et-scoops-13\/\"},\"author\":{\"name\":\"R\u00e9dac. NEWS\",\"@id\":\"https:\/\/newsestlyonnais.fr\/site\/#\/schema\/person\/3230d5615f390bb808365d673001e887\"},\"headline\":\"P\u2019tites news, br\u00e8ves et scoops \u2026.\",\"datePublished\":\"2023-10-27T16:49:12+00:00\",\"dateModified\":\"2023-10-31T18:12:39+00:00\",\"mainEntityOfPage\":{\"@id\":\"https:\/\/newsestlyonnais.fr\/site\/2023\/10\/27\/ptites-news-breves-et-scoops-13\/\"},\"wordCount\":348,\"commentCount\":0,\"publisher\":{\"@id\":\"https:\/\/newsestlyonnais.fr\/site\/#organization\"},\"image\":{\"@id\":\"https:\/\/newsestlyonnais.fr\/site\/2023\/10\/27\/ptites-news-breves-et-scoops-13\/#primaryimage\"},\"thumbnailUrl\":\"https:\/\/newsestlyonnais.fr\/site\/wp-content\/uploads\/2019\/10\/NEWSESTLYONNAIS-VUE-ESTLYONNAIS.jpg\",\"keywords\":[\"INTERVIEW\",\"MEYZIEU\",\"PUSIGNAN\",\"TENNIS\",\"VILLEURBANNE\"],\"articleSection\":[\"Athl\u00e9 | Course pied | Marche\",\"CCEL | Communes\",\"Divers Sports\",\"Jons | Pusignan\",\"Meyzieu\",\"Tennis | Padel\",\"Tennis | Tennis de table\",\"Villeurbanne\"],\"inLanguage\":\"fr-FR\",\"potentialAction\":[{\"@type\":\"CommentAction\",\"name\":\"Comment\",\"target\":[\"https:\/\/newsestlyonnais.fr\/site\/2023\/10\/27\/ptites-news-breves-et-scoops-13\/#respond\"]}]},{\"@type\":\"WebPage\",\"@id\":\"https:\/\/newsestlyonnais.fr\/site\/2023\/10\/27\/ptites-news-breves-et-scoops-13\/\",\"url\":\"https:\/\/newsestlyonnais.fr\/site\/2023\/10\/27\/ptites-news-breves-et-scoops-13\/\",\"name\":\"P\u2019tites news, br\u00e8ves et scoops \u2026. - News Est Lyonnais\",\"isPartOf\":{\"@id\":\"https:\/\/newsestlyonnais.fr\/site\/#website\"},\"primaryImageOfPage\":{\"@id\":\"https:\/\/newsestlyonnais.fr\/site\/2023\/10\/27\/ptites-news-breves-et-scoops-13\/#primaryimage\"},\"image\":{\"@id\":\"https:\/\/newsestlyonnais.fr\/site\/2023\/10\/27\/ptites-news-breves-et-scoops-13\/#primaryimage\"},\"thumbnailUrl\":\"https:\/\/newsestlyonnais.fr\/site\/wp-content\/uploads\/2019\/10\/NEWSESTLYONNAIS-VUE-ESTLYONNAIS.jpg\",\"datePublished\":\"2023-10-27T16:49:12+00:00\",\"dateModified\":\"2023-10-31T18:12:39+00:00\",\"description\":\"P\u2019tites news, br\u00e8ves et scoops \u2026.\",\"breadcrumb\":{\"@id\":\"https:\/\/newsestlyonnais.fr\/site\/2023\/10\/27\/ptites-news-breves-et-scoops-13\/#breadcrumb\"},\"inLanguage\":\"fr-FR\",\"potentialAction\":[{\"@type\":\"ReadAction\",\"target\":[\"https:\/\/newsestlyonnais.fr\/site\/2023\/10\/27\/ptites-news-breves-et-scoops-13\/\"]}]},{\"@type\":\"ImageObject\",\"inLanguage\":\"fr-FR\",\"@id\":\"https:\/\/newsestlyonnais.fr\/site\/2023\/10\/27\/ptites-news-breves-et-scoops-13\/#primaryimage\",\"url\":\"https:\/\/newsestlyonnais.fr\/site\/wp-content\/uploads\/2019\/10\/NEWSESTLYONNAIS-VUE-ESTLYONNAIS.jpg\",\"contentUrl\":\"https:\/\/newsestlyonnais.fr\/site\/wp-content\/uploads\/2019\/10\/NEWSESTLYONNAIS-VUE-ESTLYONNAIS.jpg\",\"width\":1200,\"height\":800,\"caption\":\"Vous souhaitez faire connaitre votre activit\u00e9 , contactez nous pour tout espace publicitaire (EN HAUT ou A DROITE) : contact@newsestlyonnais.fr\"},{\"@type\":\"BreadcrumbList\",\"@id\":\"https:\/\/newsestlyonnais.fr\/site\/2023\/10\/27\/ptites-news-breves-et-scoops-13\/#breadcrumb\",\"itemListElement\":[{\"@type\":\"ListItem\",\"position\":1,\"name\":\"Accueil\",\"item\":\"https:\/\/newsestlyonnais.fr\/site\/\"},{\"@type\":\"ListItem\",\"position\":2,\"name\":\"P\u2019tites news, br\u00e8ves et scoops \u2026.\"}]},{\"@type\":\"WebSite\",\"@id\":\"https:\/\/newsestlyonnais.fr\/site\/#website\",\"url\":\"https:\/\/newsestlyonnais.fr\/site\/\",\"name\":\"News Est Lyonnais\",\"description\":\"L&#039;actualit\u00e9 au plus pr\u00e8s\",\"publisher\":{\"@id\":\"https:\/\/newsestlyonnais.fr\/site\/#organization\"},\"potentialAction\":[{\"@type\":\"SearchAction\",\"target\":{\"@type\":\"EntryPoint\",\"urlTemplate\":\"https:\/\/newsestlyonnais.fr\/site\/?s={search_term_string}\"},\"query-input\":{\"@type\":\"PropertyValueSpecification\",\"valueRequired\":true,\"valueName\":\"search_term_string\"}}],\"inLanguage\":\"fr-FR\"},{\"@type\":\"Organization\",\"@id\":\"https:\/\/newsestlyonnais.fr\/site\/#organization\",\"name\":\"News EST LYONNAIS\",\"url\":\"https:\/\/newsestlyonnais.fr\/site\/\",\"logo\":{\"@type\":\"ImageObject\",\"inLanguage\":\"fr-FR\",\"@id\":\"https:\/\/newsestlyonnais.fr\/site\/#\/schema\/logo\/image\/\",\"url\":\"\",\"contentUrl\":\"\",\"caption\":\"News EST LYONNAIS\"},\"image\":{\"@id\":\"https:\/\/newsestlyonnais.fr\/site\/#\/schema\/logo\/image\/\"}},{\"@type\":\"Person\",\"@id\":\"https:\/\/newsestlyonnais.fr\/site\/#\/schema\/person\/3230d5615f390bb808365d673001e887\",\"name\":\"R\u00e9dac. NEWS\",\"sameAs\":[\"http:\/\/www.newsestlyonnais.fr\",\"https:\/\/www.facebook.com\/pascal.oberson.1?fref=ts\",\"https:\/\/fr.linkedin.com\/in\/pascal-oberson-b17045113\"],\"url\":\"https:\/\/newsestlyonnais.fr\/site\/author\/nel\/\"}]}<\/script>\n<!-- \/ Yoast SEO plugin. -->","yoast_head_json":{"title":"P\u2019tites news, br\u00e8ves et scoops \u2026. - News Est Lyonnais","description":"P\u2019tites news, br\u00e8ves et scoops \u2026.","robots":{"index":"index","follow":"follow","max-snippet":"max-snippet:-1","max-image-preview":"max-image-preview:large","max-video-preview":"max-video-preview:-1"},"canonical":"https:\/\/newsestlyonnais.fr\/site\/2023\/10\/27\/ptites-news-breves-et-scoops-13\/","og_locale":"fr_FR","og_type":"article","og_title":"P\u2019tites news, br\u00e8ves et scoops \u2026. - News Est Lyonnais","og_description":"P\u2019tites news, br\u00e8ves et scoops \u2026.","og_url":"https:\/\/newsestlyonnais.fr\/site\/2023\/10\/27\/ptites-news-breves-et-scoops-13\/","og_site_name":"News Est Lyonnais","article_author":"https:\/\/www.facebook.com\/pascal.oberson.1?fref=ts","article_published_time":"2023-10-27T16:49:12+00:00","article_modified_time":"2023-10-31T18:12:39+00:00","og_image":[{"width":1200,"height":800,"url":"https:\/\/newsestlyonnais.fr\/site\/wp-content\/uploads\/2019\/10\/NEWSESTLYONNAIS-VUE-ESTLYONNAIS.jpg","type":"image\/jpeg"}],"author":"R\u00e9dac. NEWS","twitter_card":"summary_large_image","twitter_misc":{"\u00c9crit par":"R\u00e9dac. NEWS","Dur\u00e9e de lecture estim\u00e9e":"4 minutes"},"schema":{"@context":"https:\/\/schema.org","@graph":[{"@type":"Article","@id":"https:\/\/newsestlyonnais.fr\/site\/2023\/10\/27\/ptites-news-breves-et-scoops-13\/#article","isPartOf":{"@id":"https:\/\/newsestlyonnais.fr\/site\/2023\/10\/27\/ptites-news-breves-et-scoops-13\/"},"author":{"name":"R\u00e9dac. NEWS","@id":"https:\/\/newsestlyonnais.fr\/site\/#\/schema\/person\/3230d5615f390bb808365d673001e887"},"headline":"P\u2019tites news, br\u00e8ves et scoops \u2026.","datePublished":"2023-10-27T16:49:12+00:00","dateModified":"2023-10-31T18:12:39+00:00","mainEntityOfPage":{"@id":"https:\/\/newsestlyonnais.fr\/site\/2023\/10\/27\/ptites-news-breves-et-scoops-13\/"},"wordCount":348,"commentCount":0,"publisher":{"@id":"https:\/\/newsestlyonnais.fr\/site\/#organization"},"image":{"@id":"https:\/\/newsestlyonnais.fr\/site\/2023\/10\/27\/ptites-news-breves-et-scoops-13\/#primaryimage"},"thumbnailUrl":"https:\/\/newsestlyonnais.fr\/site\/wp-content\/uploads\/2019\/10\/NEWSESTLYONNAIS-VUE-ESTLYONNAIS.jpg","keywords":["INTERVIEW","MEYZIEU","PUSIGNAN","TENNIS","VILLEURBANNE"],"articleSection":["Athl\u00e9 | Course pied | Marche","CCEL | Communes","Divers Sports","Jons | Pusignan","Meyzieu","Tennis | Padel","Tennis | Tennis de table","Villeurbanne"],"inLanguage":"fr-FR","potentialAction":[{"@type":"CommentAction","name":"Comment","target":["https:\/\/newsestlyonnais.fr\/site\/2023\/10\/27\/ptites-news-breves-et-scoops-13\/#respond"]}]},{"@type":"WebPage","@id":"https:\/\/newsestlyonnais.fr\/site\/2023\/10\/27\/ptites-news-breves-et-scoops-13\/","url":"https:\/\/newsestlyonnais.fr\/site\/2023\/10\/27\/ptites-news-breves-et-scoops-13\/","name":"P\u2019tites news, br\u00e8ves et scoops \u2026. - News Est Lyonnais","isPartOf":{"@id":"https:\/\/newsestlyonnais.fr\/site\/#website"},"primaryImageOfPage":{"@id":"https:\/\/newsestlyonnais.fr\/site\/2023\/10\/27\/ptites-news-breves-et-scoops-13\/#primaryimage"},"image":{"@id":"https:\/\/newsestlyonnais.fr\/site\/2023\/10\/27\/ptites-news-breves-et-scoops-13\/#primaryimage"},"thumbnailUrl":"https:\/\/newsestlyonnais.fr\/site\/wp-content\/uploads\/2019\/10\/NEWSESTLYONNAIS-VUE-ESTLYONNAIS.jpg","datePublished":"2023-10-27T16:49:12+00:00","dateModified":"2023-10-31T18:12:39+00:00","description":"P\u2019tites news, br\u00e8ves et scoops \u2026.","breadcrumb":{"@id":"https:\/\/newsestlyonnais.fr\/site\/2023\/10\/27\/ptites-news-breves-et-scoops-13\/#breadcrumb"},"inLanguage":"fr-FR","potentialAction":[{"@type":"ReadAction","target":["https:\/\/newsestlyonnais.fr\/site\/2023\/10\/27\/ptites-news-breves-et-scoops-13\/"]}]},{"@type":"ImageObject","inLanguage":"fr-FR","@id":"https:\/\/newsestlyonnais.fr\/site\/2023\/10\/27\/ptites-news-breves-et-scoops-13\/#primaryimage","url":"https:\/\/newsestlyonnais.fr\/site\/wp-content\/uploads\/2019\/10\/NEWSESTLYONNAIS-VUE-ESTLYONNAIS.jpg","contentUrl":"https:\/\/newsestlyonnais.fr\/site\/wp-content\/uploads\/2019\/10\/NEWSESTLYONNAIS-VUE-ESTLYONNAIS.jpg","width":1200,"height":800,"caption":"Vous souhaitez faire connaitre votre activit\u00e9 , contactez nous pour tout espace publicitaire (EN HAUT ou A DROITE) : contact@newsestlyonnais.fr"},{"@type":"BreadcrumbList","@id":"https:\/\/newsestlyonnais.fr\/site\/2023\/10\/27\/ptites-news-breves-et-scoops-13\/#breadcrumb","itemListElement":[{"@type":"ListItem","position":1,"name":"Accueil","item":"https:\/\/newsestlyonnais.fr\/site\/"},{"@type":"ListItem","position":2,"name":"P\u2019tites news, br\u00e8ves et scoops \u2026."}]},{"@type":"WebSite","@id":"https:\/\/newsestlyonnais.fr\/site\/#website","url":"https:\/\/newsestlyonnais.fr\/site\/","name":"News Est Lyonnais","description":"L&#039;actualit\u00e9 au plus pr\u00e8s","publisher":{"@id":"https:\/\/newsestlyonnais.fr\/site\/#organization"},"potentialAction":[{"@type":"SearchAction","target":{"@type":"EntryPoint","urlTemplate":"https:\/\/newsestlyonnais.fr\/site\/?s={search_term_string}"},"query-input":{"@type":"PropertyValueSpecification","valueRequired":true,"valueName":"search_term_string"}}],"inLanguage":"fr-FR"},{"@type":"Organization","@id":"https:\/\/newsestlyonnais.fr\/site\/#organization","name":"News EST LYONNAIS","url":"https:\/\/newsestlyonnais.fr\/site\/","logo":{"@type":"ImageObject","inLanguage":"fr-FR","@id":"https:\/\/newsestlyonnais.fr\/site\/#\/schema\/logo\/image\/","url":"","contentUrl":"","caption":"News EST LYONNAIS"},"image":{"@id":"https:\/\/newsestlyonnais.fr\/site\/#\/schema\/logo\/image\/"}},{"@type":"Person","@id":"https:\/\/newsestlyonnais.fr\/site\/#\/schema\/person\/3230d5615f390bb808365d673001e887","name":"R\u00e9dac. NEWS","sameAs":["http:\/\/www.newsestlyonnais.fr","https:\/\/www.facebook.com\/pascal.oberson.1?fref=ts","https:\/\/fr.linkedin.com\/in\/pascal-oberson-b17045113"],"url":"https:\/\/newsestlyonnais.fr\/site\/author\/nel\/"}]}},"_links":{"self":[{"href":"https:\/\/newsestlyonnais.fr\/site\/wp-json\/wp\/v2\/posts\/192340","targetHints":{"allow":["GET"]}}],"collection":[{"href":"https:\/\/newsestlyonnais.fr\/site\/wp-json\/wp\/v2\/posts"}],"about":[{"href":"https:\/\/newsestlyonnais.fr\/site\/wp-json\/wp\/v2\/types\/post"}],"author":[{"embeddable":true,"href":"https:\/\/newsestlyonnais.fr\/site\/wp-json\/wp\/v2\/users\/4"}],"replies":[{"embeddable":true,"href":"https:\/\/newsestlyonnais.fr\/site\/wp-json\/wp\/v2\/comments?post=192340"}],"version-history":[{"count":0,"href":"https:\/\/newsestlyonnais.fr\/site\/wp-json\/wp\/v2\/posts\/192340\/revisions"}],"wp:featuredmedia":[{"embeddable":true,"href":"https:\/\/newsestlyonnais.fr\/site\/wp-json\/wp\/v2\/media\/86859"}],"wp:attachment":[{"href":"https:\/\/newsestlyonnais.fr\/site\/wp-json\/wp\/v2\/media?parent=192340"}],"wp:term":[{"taxonomy":"category","embeddable":true,"href":"https:\/\/newsestlyonnais.fr\/site\/wp-json\/wp\/v2\/categories?post=192340"},{"taxonomy":"post_tag","embeddable":true,"href":"https:\/\/newsestlyonnais.fr\/site\/wp-json\/wp\/v2\/tags?post=192340"}],"curies":[{"name":"wp","href":"https:\/\/api.w.org\/{rel}","templated":true}]}}