{"id":192899,"date":"2023-11-01T14:33:13","date_gmt":"2023-11-01T13:33:13","guid":{"rendered":"https:\/\/newsestlyonnais.fr\/site\/?p=192899"},"modified":"2023-11-01T14:33:13","modified_gmt":"2023-11-01T13:33:13","slug":"miribel-les-evenements-de-novembre-3","status":"publish","type":"post","link":"https:\/\/newsestlyonnais.fr\/site\/2023\/11\/01\/miribel-les-evenements-de-novembre-3\/","title":{"rendered":"MIRIBEL | Les \u00e9v\u00e8nements de novembre"},"content":{"rendered":"<p><strong><span style=\"background-color: #000000; color: #ffffff;\">Mercredi 1\u00b0 novembre<\/span><\/strong><\/p>\n<ul>\n<li>10 h 30 : <strong>C\u00e9r\u00e9monie<\/strong> au cimeti\u00e8re des \u00c9chets suivie d\u2019un vin d\u2019honneur \u00e0 la salle des f\u00eates des Echets<\/li>\n<li>11 h 15 : <strong>C\u00e9r\u00e9monie<\/strong> au cimeti\u00e8re du Mas Rillier, d\u00e9part en cort\u00e8ge place de l\u2019\u00c9glise, suivie d\u2019un vin d\u2019honneur \u00e0 la salle polyvalente au Mas Rillier.<\/li>\n<\/ul>\n<hr \/>\n<p><span style=\"background-color: #000000; color: #ffffff;\"><strong data-wp-editing=\"1\"><img loading=\"lazy\" decoding=\"async\" class=\"alignleft wp-image-192916\" src=\"https:\/\/newsestlyonnais.fr\/site\/wp-content\/uploads\/2023\/11\/affiche-foire-St-Martin-Fond-rose-1-400x565.jpg\" alt=\"\" width=\"142\" height=\"200\" srcset=\"https:\/\/newsestlyonnais.fr\/site\/wp-content\/uploads\/2023\/11\/affiche-foire-St-Martin-Fond-rose-1-400x565.jpg 400w, https:\/\/newsestlyonnais.fr\/site\/wp-content\/uploads\/2023\/11\/affiche-foire-St-Martin-Fond-rose-1-250x353.jpg 250w, https:\/\/newsestlyonnais.fr\/site\/wp-content\/uploads\/2023\/11\/affiche-foire-St-Martin-Fond-rose-1-150x212.jpg 150w, https:\/\/newsestlyonnais.fr\/site\/wp-content\/uploads\/2023\/11\/affiche-foire-St-Martin-Fond-rose-1-50x71.jpg 50w, https:\/\/newsestlyonnais.fr\/site\/wp-content\/uploads\/2023\/11\/affiche-foire-St-Martin-Fond-rose-1-100x141.jpg 100w, https:\/\/newsestlyonnais.fr\/site\/wp-content\/uploads\/2023\/11\/affiche-foire-St-Martin-Fond-rose-1-200x283.jpg 200w, https:\/\/newsestlyonnais.fr\/site\/wp-content\/uploads\/2023\/11\/affiche-foire-St-Martin-Fond-rose-1-300x424.jpg 300w, https:\/\/newsestlyonnais.fr\/site\/wp-content\/uploads\/2023\/11\/affiche-foire-St-Martin-Fond-rose-1-350x494.jpg 350w, https:\/\/newsestlyonnais.fr\/site\/wp-content\/uploads\/2023\/11\/affiche-foire-St-Martin-Fond-rose-1-450x636.jpg 450w, https:\/\/newsestlyonnais.fr\/site\/wp-content\/uploads\/2023\/11\/affiche-foire-St-Martin-Fond-rose-1-500x706.jpg 500w, https:\/\/newsestlyonnais.fr\/site\/wp-content\/uploads\/2023\/11\/affiche-foire-St-Martin-Fond-rose-1-550x777.jpg 550w, https:\/\/newsestlyonnais.fr\/site\/wp-content\/uploads\/2023\/11\/affiche-foire-St-Martin-Fond-rose-1.jpg 596w\" sizes=\"auto, (max-width: 142px) 100vw, 142px\" \/>Samedi 4 novembre<\/strong><\/span><\/p>\n<ul>\n<li>\n<p class=\"pt-0 mt-0 font-serif text-3xl font-light text-red-400\"><strong>Foire Saint Martin<\/strong> (Grande rue rendue pi\u00e9tonne et Place du March\u00e9).<\/p>\n<\/li>\n<\/ul>\n<p><strong><span style=\"background-color: #000000; color: #ffffff;\">Les 4 \/ 5 \/8 \/ 11 &amp; 12 novembre <\/span><\/strong><\/p>\n<ul>\n<li><strong>Vogue<\/strong> (Place de la R\u00e9publique).<\/li>\n<\/ul>\n<hr \/>\n<p><strong><span style=\"background-color: #000000; color: #ffffff;\">R\u00e9unions publiques &gt; Bilan de mi-mandat de la Municipalit\u00e9<\/span><\/strong><\/p>\n<ul>\n<li><strong>Vendredi 10 novembre<\/strong> \u00e0 19 h 30 au Mas Rillier Salle polyvalente<\/li>\n<li><strong>Mercredi 15 novembre<\/strong> \u00e0 19 h 30 \u00e0 Miribel \u00e0 l\u2019All\u00e9gro<\/li>\n<li><strong>Jeudi 16 novembre<\/strong> \u00e0 19 h 30 aux Echets Salle des f\u00eates<\/li>\n<\/ul>\n<hr \/>\n<p><span style=\"background-color: #000000; color: #ffffff;\"><strong>Samedi 11 novembre<\/strong><\/span><\/p>\n<ul>\n<li>10 h 45 : <strong>C\u00e9r\u00e9monie<\/strong> au Monument aux Morts du cimeti\u00e8re Saint-Martin<\/li>\n<li>11 h 30 : <strong>C\u00e9r\u00e9monie<\/strong> au Monument aux Morts place de la R\u00e9publique<\/li>\n<li>12 h : <strong>Vin d\u2019honneur<\/strong> offert par la Municipalit\u00e9 \u00e0 l\u2019All\u00e9gro<\/li>\n<\/ul>\n<p><strong>Repas des anciens combattants<\/strong> (Salle polyvalente au Mas Rillier).<\/p>\n<p><strong><span style=\"background-color: #000000; color: #ffffff;\">Jeudi 16 novembre<\/span><\/strong><\/p>\n<ul>\n<li>\u00a0\u00e0 18 h : <strong>Le Beaujolais Nouveau<\/strong> \/ Amicale des combattants du Mas Rillier (Place de l\u2019Eglise au Mas Rillier).<\/li>\n<\/ul>\n<p><strong><span style=\"background-color: #000000; color: #ffffff;\">Vendredi 17 novembre <\/span><\/strong><\/p>\n<ul>\n<li>\u00e0 20 h 30 : <strong>Spectacle de th\u00e9\u00e2tre \u00abFr\u00e8re(s)\u00bb <\/strong>(All\u00e9gro).<strong><br \/>\n<\/strong><\/li>\n<\/ul>\n<hr \/>\n<p><span style=\"background-color: #000000; color: #ffffff;\"><strong>Samedi 18 novembre<\/strong><\/span><\/p>\n<ul>\n<li>\u00e0 19 h : <strong>Ap\u00e9ro-Concert<\/strong> du Sou des Ecoles du Centre (Salle polyvalente au Mas Rillier).<\/li>\n<\/ul>\n<p><span style=\"background-color: #000000; color: #ffffff;\"><strong>Dimanche 19 novembre<\/strong><\/span><\/p>\n<ul>\n<li>\u00e0 12 h 30 : <strong>Repas dansant choucroute<\/strong> propos\u00e9 par l\u2019Amicale des Donneurs de sang (All\u00e9gro).<\/li>\n<\/ul>\n<p><span style=\"background-color: #000000; color: #ffffff;\"><strong>Jeudi 23 novembre <\/strong><\/span><\/p>\n<ul>\n<li>\u00e0 19 h : <strong>R\u00e9union publique du Conseil Municipal<\/strong> (All\u00e9gro).<\/li>\n<\/ul>\n<p><strong><span style=\"background-color: #000000; color: #ffffff;\">Du Samedi 25 novembre au dimanche 3 d\u00e9cembre <\/span><\/strong><\/p>\n<ul>\n<li>14 h 30 \u00e0 17 h 30 : <strong>Exposition Peinture<\/strong> de l\u2019Association Art-Loisir (All\u00e9gro).<\/li>\n<\/ul>\n<hr \/>\n<p><span style=\"background-color: #000000; font-size: 14pt;\"><strong><em><span style=\"color: #ffffff;\">&gt;&gt; Retrouvez l\u2019ACTU de la commune sur :<\/span> <span style=\"color: #ffcc00;\"><a style=\"background-color: #000000; color: #ffcc00;\" href=\"https:\/\/www.miribel.fr\">https:\/\/www.miribel.fr<\/a><\/span><\/em><\/strong><\/span><\/p>\n","protected":false},"excerpt":{"rendered":"<p>De nombreuses programmations locales \u00e0 l&rsquo;affiche de l&rsquo;avant dernier mois de l&rsquo;ann\u00e9e.<\/p>\n","protected":false},"author":4,"featured_media":172530,"comment_status":"open","ping_status":"open","sticky":false,"template":"","format":"standard","meta":{"footnotes":""},"categories":[156,4153,49],"tags":[],"class_list":["post-192899","post","type-post","status-publish","format-standard","has-post-thumbnail","hentry","category-ain","category-ain-isere","category-offres"],"yoast_head":"<!-- This site is optimized with the Yoast SEO plugin v27.2 - https:\/\/yoast.com\/product\/yoast-seo-wordpress\/ -->\n<title>MIRIBEL | Les \u00e9v\u00e8nements de novembre - News Est Lyonnais<\/title>\n<meta name=\"description\" content=\"MIRIBEL | Les \u00e9v\u00e8nements de novembre\" \/>\n<meta name=\"robots\" content=\"index, follow, max-snippet:-1, max-image-preview:large, max-video-preview:-1\" \/>\n<link rel=\"canonical\" href=\"https:\/\/newsestlyonnais.fr\/site\/2023\/11\/01\/miribel-les-evenements-de-novembre-3\/\" \/>\n<meta property=\"og:locale\" content=\"fr_FR\" \/>\n<meta property=\"og:type\" content=\"article\" \/>\n<meta property=\"og:title\" content=\"MIRIBEL | Les \u00e9v\u00e8nements de novembre - News Est Lyonnais\" \/>\n<meta property=\"og:description\" content=\"MIRIBEL | Les \u00e9v\u00e8nements de novembre\" \/>\n<meta property=\"og:url\" content=\"https:\/\/newsestlyonnais.fr\/site\/2023\/11\/01\/miribel-les-evenements-de-novembre-3\/\" \/>\n<meta property=\"og:site_name\" content=\"News Est Lyonnais\" \/>\n<meta property=\"article:author\" content=\"https:\/\/www.facebook.com\/pascal.oberson.1?fref=ts\" \/>\n<meta property=\"article:published_time\" content=\"2023-11-01T13:33:13+00:00\" \/>\n<meta property=\"og:image\" content=\"https:\/\/newsestlyonnais.fr\/site\/wp-content\/uploads\/2022\/12\/20220513_084141.jpg\" \/>\n\t<meta property=\"og:image:width\" content=\"1200\" \/>\n\t<meta property=\"og:image:height\" content=\"675\" \/>\n\t<meta property=\"og:image:type\" content=\"image\/jpeg\" \/>\n<meta name=\"author\" content=\"R\u00e9dac. NEWS\" \/>\n<meta name=\"twitter:card\" content=\"summary_large_image\" \/>\n<meta name=\"twitter:label1\" content=\"\u00c9crit par\" \/>\n\t<meta name=\"twitter:data1\" content=\"R\u00e9dac. NEWS\" \/>\n\t<meta name=\"twitter:label2\" content=\"Dur\u00e9e de lecture estim\u00e9e\" \/>\n\t<meta name=\"twitter:data2\" content=\"2 minutes\" \/>\n<script type=\"application\/ld+json\" class=\"yoast-schema-graph\">{\"@context\":\"https:\/\/schema.org\",\"@graph\":[{\"@type\":\"Article\",\"@id\":\"https:\/\/newsestlyonnais.fr\/site\/2023\/11\/01\/miribel-les-evenements-de-novembre-3\/#article\",\"isPartOf\":{\"@id\":\"https:\/\/newsestlyonnais.fr\/site\/2023\/11\/01\/miribel-les-evenements-de-novembre-3\/\"},\"author\":{\"name\":\"R\u00e9dac. NEWS\",\"@id\":\"https:\/\/newsestlyonnais.fr\/site\/#\/schema\/person\/3230d5615f390bb808365d673001e887\"},\"headline\":\"MIRIBEL | Les \u00e9v\u00e8nements de novembre\",\"datePublished\":\"2023-11-01T13:33:13+00:00\",\"mainEntityOfPage\":{\"@id\":\"https:\/\/newsestlyonnais.fr\/site\/2023\/11\/01\/miribel-les-evenements-de-novembre-3\/\"},\"wordCount\":269,\"commentCount\":0,\"publisher\":{\"@id\":\"https:\/\/newsestlyonnais.fr\/site\/#organization\"},\"image\":{\"@id\":\"https:\/\/newsestlyonnais.fr\/site\/2023\/11\/01\/miribel-les-evenements-de-novembre-3\/#primaryimage\"},\"thumbnailUrl\":\"https:\/\/newsestlyonnais.fr\/site\/wp-content\/uploads\/2022\/12\/20220513_084141.jpg\",\"articleSection\":[\"Ain (01)\",\"Ain | Is\u00e8re\",\"Offres\"],\"inLanguage\":\"fr-FR\",\"potentialAction\":[{\"@type\":\"CommentAction\",\"name\":\"Comment\",\"target\":[\"https:\/\/newsestlyonnais.fr\/site\/2023\/11\/01\/miribel-les-evenements-de-novembre-3\/#respond\"]}]},{\"@type\":\"WebPage\",\"@id\":\"https:\/\/newsestlyonnais.fr\/site\/2023\/11\/01\/miribel-les-evenements-de-novembre-3\/\",\"url\":\"https:\/\/newsestlyonnais.fr\/site\/2023\/11\/01\/miribel-les-evenements-de-novembre-3\/\",\"name\":\"MIRIBEL | Les \u00e9v\u00e8nements de novembre - News Est Lyonnais\",\"isPartOf\":{\"@id\":\"https:\/\/newsestlyonnais.fr\/site\/#website\"},\"primaryImageOfPage\":{\"@id\":\"https:\/\/newsestlyonnais.fr\/site\/2023\/11\/01\/miribel-les-evenements-de-novembre-3\/#primaryimage\"},\"image\":{\"@id\":\"https:\/\/newsestlyonnais.fr\/site\/2023\/11\/01\/miribel-les-evenements-de-novembre-3\/#primaryimage\"},\"thumbnailUrl\":\"https:\/\/newsestlyonnais.fr\/site\/wp-content\/uploads\/2022\/12\/20220513_084141.jpg\",\"datePublished\":\"2023-11-01T13:33:13+00:00\",\"description\":\"MIRIBEL | Les \u00e9v\u00e8nements de novembre\",\"breadcrumb\":{\"@id\":\"https:\/\/newsestlyonnais.fr\/site\/2023\/11\/01\/miribel-les-evenements-de-novembre-3\/#breadcrumb\"},\"inLanguage\":\"fr-FR\",\"potentialAction\":[{\"@type\":\"ReadAction\",\"target\":[\"https:\/\/newsestlyonnais.fr\/site\/2023\/11\/01\/miribel-les-evenements-de-novembre-3\/\"]}]},{\"@type\":\"ImageObject\",\"inLanguage\":\"fr-FR\",\"@id\":\"https:\/\/newsestlyonnais.fr\/site\/2023\/11\/01\/miribel-les-evenements-de-novembre-3\/#primaryimage\",\"url\":\"https:\/\/newsestlyonnais.fr\/site\/wp-content\/uploads\/2022\/12\/20220513_084141.jpg\",\"contentUrl\":\"https:\/\/newsestlyonnais.fr\/site\/wp-content\/uploads\/2022\/12\/20220513_084141.jpg\",\"width\":1200,\"height\":675},{\"@type\":\"BreadcrumbList\",\"@id\":\"https:\/\/newsestlyonnais.fr\/site\/2023\/11\/01\/miribel-les-evenements-de-novembre-3\/#breadcrumb\",\"itemListElement\":[{\"@type\":\"ListItem\",\"position\":1,\"name\":\"Accueil\",\"item\":\"https:\/\/newsestlyonnais.fr\/site\/\"},{\"@type\":\"ListItem\",\"position\":2,\"name\":\"MIRIBEL | Les \u00e9v\u00e8nements de novembre\"}]},{\"@type\":\"WebSite\",\"@id\":\"https:\/\/newsestlyonnais.fr\/site\/#website\",\"url\":\"https:\/\/newsestlyonnais.fr\/site\/\",\"name\":\"News Est Lyonnais\",\"description\":\"L&#039;actualit\u00e9 au plus pr\u00e8s\",\"publisher\":{\"@id\":\"https:\/\/newsestlyonnais.fr\/site\/#organization\"},\"potentialAction\":[{\"@type\":\"SearchAction\",\"target\":{\"@type\":\"EntryPoint\",\"urlTemplate\":\"https:\/\/newsestlyonnais.fr\/site\/?s={search_term_string}\"},\"query-input\":{\"@type\":\"PropertyValueSpecification\",\"valueRequired\":true,\"valueName\":\"search_term_string\"}}],\"inLanguage\":\"fr-FR\"},{\"@type\":\"Organization\",\"@id\":\"https:\/\/newsestlyonnais.fr\/site\/#organization\",\"name\":\"News EST LYONNAIS\",\"url\":\"https:\/\/newsestlyonnais.fr\/site\/\",\"logo\":{\"@type\":\"ImageObject\",\"inLanguage\":\"fr-FR\",\"@id\":\"https:\/\/newsestlyonnais.fr\/site\/#\/schema\/logo\/image\/\",\"url\":\"\",\"contentUrl\":\"\",\"caption\":\"News EST LYONNAIS\"},\"image\":{\"@id\":\"https:\/\/newsestlyonnais.fr\/site\/#\/schema\/logo\/image\/\"}},{\"@type\":\"Person\",\"@id\":\"https:\/\/newsestlyonnais.fr\/site\/#\/schema\/person\/3230d5615f390bb808365d673001e887\",\"name\":\"R\u00e9dac. NEWS\",\"sameAs\":[\"http:\/\/www.newsestlyonnais.fr\",\"https:\/\/www.facebook.com\/pascal.oberson.1?fref=ts\",\"https:\/\/fr.linkedin.com\/in\/pascal-oberson-b17045113\"],\"url\":\"https:\/\/newsestlyonnais.fr\/site\/author\/nel\/\"}]}<\/script>\n<!-- \/ Yoast SEO plugin. -->","yoast_head_json":{"title":"MIRIBEL | Les \u00e9v\u00e8nements de novembre - News Est Lyonnais","description":"MIRIBEL | Les \u00e9v\u00e8nements de novembre","robots":{"index":"index","follow":"follow","max-snippet":"max-snippet:-1","max-image-preview":"max-image-preview:large","max-video-preview":"max-video-preview:-1"},"canonical":"https:\/\/newsestlyonnais.fr\/site\/2023\/11\/01\/miribel-les-evenements-de-novembre-3\/","og_locale":"fr_FR","og_type":"article","og_title":"MIRIBEL | Les \u00e9v\u00e8nements de novembre - News Est Lyonnais","og_description":"MIRIBEL | Les \u00e9v\u00e8nements de novembre","og_url":"https:\/\/newsestlyonnais.fr\/site\/2023\/11\/01\/miribel-les-evenements-de-novembre-3\/","og_site_name":"News Est Lyonnais","article_author":"https:\/\/www.facebook.com\/pascal.oberson.1?fref=ts","article_published_time":"2023-11-01T13:33:13+00:00","og_image":[{"width":1200,"height":675,"url":"https:\/\/newsestlyonnais.fr\/site\/wp-content\/uploads\/2022\/12\/20220513_084141.jpg","type":"image\/jpeg"}],"author":"R\u00e9dac. NEWS","twitter_card":"summary_large_image","twitter_misc":{"\u00c9crit par":"R\u00e9dac. NEWS","Dur\u00e9e de lecture estim\u00e9e":"2 minutes"},"schema":{"@context":"https:\/\/schema.org","@graph":[{"@type":"Article","@id":"https:\/\/newsestlyonnais.fr\/site\/2023\/11\/01\/miribel-les-evenements-de-novembre-3\/#article","isPartOf":{"@id":"https:\/\/newsestlyonnais.fr\/site\/2023\/11\/01\/miribel-les-evenements-de-novembre-3\/"},"author":{"name":"R\u00e9dac. NEWS","@id":"https:\/\/newsestlyonnais.fr\/site\/#\/schema\/person\/3230d5615f390bb808365d673001e887"},"headline":"MIRIBEL | Les \u00e9v\u00e8nements de novembre","datePublished":"2023-11-01T13:33:13+00:00","mainEntityOfPage":{"@id":"https:\/\/newsestlyonnais.fr\/site\/2023\/11\/01\/miribel-les-evenements-de-novembre-3\/"},"wordCount":269,"commentCount":0,"publisher":{"@id":"https:\/\/newsestlyonnais.fr\/site\/#organization"},"image":{"@id":"https:\/\/newsestlyonnais.fr\/site\/2023\/11\/01\/miribel-les-evenements-de-novembre-3\/#primaryimage"},"thumbnailUrl":"https:\/\/newsestlyonnais.fr\/site\/wp-content\/uploads\/2022\/12\/20220513_084141.jpg","articleSection":["Ain (01)","Ain | Is\u00e8re","Offres"],"inLanguage":"fr-FR","potentialAction":[{"@type":"CommentAction","name":"Comment","target":["https:\/\/newsestlyonnais.fr\/site\/2023\/11\/01\/miribel-les-evenements-de-novembre-3\/#respond"]}]},{"@type":"WebPage","@id":"https:\/\/newsestlyonnais.fr\/site\/2023\/11\/01\/miribel-les-evenements-de-novembre-3\/","url":"https:\/\/newsestlyonnais.fr\/site\/2023\/11\/01\/miribel-les-evenements-de-novembre-3\/","name":"MIRIBEL | Les \u00e9v\u00e8nements de novembre - News Est Lyonnais","isPartOf":{"@id":"https:\/\/newsestlyonnais.fr\/site\/#website"},"primaryImageOfPage":{"@id":"https:\/\/newsestlyonnais.fr\/site\/2023\/11\/01\/miribel-les-evenements-de-novembre-3\/#primaryimage"},"image":{"@id":"https:\/\/newsestlyonnais.fr\/site\/2023\/11\/01\/miribel-les-evenements-de-novembre-3\/#primaryimage"},"thumbnailUrl":"https:\/\/newsestlyonnais.fr\/site\/wp-content\/uploads\/2022\/12\/20220513_084141.jpg","datePublished":"2023-11-01T13:33:13+00:00","description":"MIRIBEL | Les \u00e9v\u00e8nements de novembre","breadcrumb":{"@id":"https:\/\/newsestlyonnais.fr\/site\/2023\/11\/01\/miribel-les-evenements-de-novembre-3\/#breadcrumb"},"inLanguage":"fr-FR","potentialAction":[{"@type":"ReadAction","target":["https:\/\/newsestlyonnais.fr\/site\/2023\/11\/01\/miribel-les-evenements-de-novembre-3\/"]}]},{"@type":"ImageObject","inLanguage":"fr-FR","@id":"https:\/\/newsestlyonnais.fr\/site\/2023\/11\/01\/miribel-les-evenements-de-novembre-3\/#primaryimage","url":"https:\/\/newsestlyonnais.fr\/site\/wp-content\/uploads\/2022\/12\/20220513_084141.jpg","contentUrl":"https:\/\/newsestlyonnais.fr\/site\/wp-content\/uploads\/2022\/12\/20220513_084141.jpg","width":1200,"height":675},{"@type":"BreadcrumbList","@id":"https:\/\/newsestlyonnais.fr\/site\/2023\/11\/01\/miribel-les-evenements-de-novembre-3\/#breadcrumb","itemListElement":[{"@type":"ListItem","position":1,"name":"Accueil","item":"https:\/\/newsestlyonnais.fr\/site\/"},{"@type":"ListItem","position":2,"name":"MIRIBEL | Les \u00e9v\u00e8nements de novembre"}]},{"@type":"WebSite","@id":"https:\/\/newsestlyonnais.fr\/site\/#website","url":"https:\/\/newsestlyonnais.fr\/site\/","name":"News Est Lyonnais","description":"L&#039;actualit\u00e9 au plus pr\u00e8s","publisher":{"@id":"https:\/\/newsestlyonnais.fr\/site\/#organization"},"potentialAction":[{"@type":"SearchAction","target":{"@type":"EntryPoint","urlTemplate":"https:\/\/newsestlyonnais.fr\/site\/?s={search_term_string}"},"query-input":{"@type":"PropertyValueSpecification","valueRequired":true,"valueName":"search_term_string"}}],"inLanguage":"fr-FR"},{"@type":"Organization","@id":"https:\/\/newsestlyonnais.fr\/site\/#organization","name":"News EST LYONNAIS","url":"https:\/\/newsestlyonnais.fr\/site\/","logo":{"@type":"ImageObject","inLanguage":"fr-FR","@id":"https:\/\/newsestlyonnais.fr\/site\/#\/schema\/logo\/image\/","url":"","contentUrl":"","caption":"News EST LYONNAIS"},"image":{"@id":"https:\/\/newsestlyonnais.fr\/site\/#\/schema\/logo\/image\/"}},{"@type":"Person","@id":"https:\/\/newsestlyonnais.fr\/site\/#\/schema\/person\/3230d5615f390bb808365d673001e887","name":"R\u00e9dac. NEWS","sameAs":["http:\/\/www.newsestlyonnais.fr","https:\/\/www.facebook.com\/pascal.oberson.1?fref=ts","https:\/\/fr.linkedin.com\/in\/pascal-oberson-b17045113"],"url":"https:\/\/newsestlyonnais.fr\/site\/author\/nel\/"}]}},"_links":{"self":[{"href":"https:\/\/newsestlyonnais.fr\/site\/wp-json\/wp\/v2\/posts\/192899","targetHints":{"allow":["GET"]}}],"collection":[{"href":"https:\/\/newsestlyonnais.fr\/site\/wp-json\/wp\/v2\/posts"}],"about":[{"href":"https:\/\/newsestlyonnais.fr\/site\/wp-json\/wp\/v2\/types\/post"}],"author":[{"embeddable":true,"href":"https:\/\/newsestlyonnais.fr\/site\/wp-json\/wp\/v2\/users\/4"}],"replies":[{"embeddable":true,"href":"https:\/\/newsestlyonnais.fr\/site\/wp-json\/wp\/v2\/comments?post=192899"}],"version-history":[{"count":0,"href":"https:\/\/newsestlyonnais.fr\/site\/wp-json\/wp\/v2\/posts\/192899\/revisions"}],"wp:featuredmedia":[{"embeddable":true,"href":"https:\/\/newsestlyonnais.fr\/site\/wp-json\/wp\/v2\/media\/172530"}],"wp:attachment":[{"href":"https:\/\/newsestlyonnais.fr\/site\/wp-json\/wp\/v2\/media?parent=192899"}],"wp:term":[{"taxonomy":"category","embeddable":true,"href":"https:\/\/newsestlyonnais.fr\/site\/wp-json\/wp\/v2\/categories?post=192899"},{"taxonomy":"post_tag","embeddable":true,"href":"https:\/\/newsestlyonnais.fr\/site\/wp-json\/wp\/v2\/tags?post=192899"}],"curies":[{"name":"wp","href":"https:\/\/api.w.org\/{rel}","templated":true}]}}