{"id":19295,"date":"2017-01-18T14:35:08","date_gmt":"2017-01-18T13:35:08","guid":{"rendered":"http:\/\/newsestlyonnais.fr\/site\/?p=19295"},"modified":"2020-11-11T17:30:36","modified_gmt":"2020-11-11T16:30:36","slug":"decines-nuit-des-sportifs-du-3-fevrier-designez-votre-favorite","status":"publish","type":"post","link":"https:\/\/newsestlyonnais.fr\/site\/2017\/01\/18\/decines-nuit-des-sportifs-du-3-fevrier-designez-votre-favorite\/","title":{"rendered":"DECINES | Nuit des sportifs du 3 f\u00e9vrier > d\u00e9signez votre favorite"},"content":{"rendered":"<h4>La Nuit des sportifs 2017 se d\u00e9roulera le vendredi 3 f\u00e9vrier au Toboggan.<\/h4>\n<div class=\"overParagraphe\">\n<div id=\"par3835\" class=\"paragraphe\">\n<div class=\"innerParagraphe\">\n<p>Cette ann\u00e9e encore, les d\u00e9cinois(es) auront l&rsquo;occasion, par l&rsquo;interm\u00e9diaire d&rsquo;un vote \u00e9lectronique, de d\u00e9signer leur favorite, celle qui remportera le troph\u00e9e des champions.<\/p>\n<p>Un candidat \u00e0 choisir <strong>avant le mercredi 1\u00b0 f\u00e9vrier,<\/strong> parmi les trois propositions de la commission municipale des sports.<\/p>\n<p>Les 3 sportives s\u00e9lectionn\u00e9es sont:<\/p>\n<ul>\n<li><strong>Jennifer Galais<\/strong> (athl\u00e8te du D\u00e9cines Meyzieu Athl\u00e9tisme)<\/li>\n<li><strong>Camille Nabeth<\/strong> (\u00e9p\u00e9iste du CS D\u00e9cines Escrime)<\/li>\n<li><strong>Alice Rouvier<\/strong> (nageuse du D\u00e9cines Aquatique Club)<\/li>\n<\/ul>\n<p>Vote \u00e0 effectuer sur: <a href=\"http:\/\/www.decines.fr\/342-la-nuit-des-sportifs.htm\" target=\"_blank\" rel=\"noopener noreferrer\">http:\/\/www.decines.fr\/342-la-nuit-des-sportifs.htm<\/a><\/p>\n<\/div>\n<\/div>\n<\/div>\n","protected":false},"excerpt":{"rendered":"<p>La Nuit des sportifs 2017 se d\u00e9roulera le vendredi 3 f\u00e9vrier au Toboggan. Cette ann\u00e9e encore, les d\u00e9cinois(es) auront l&rsquo;occasion, par l&rsquo;interm\u00e9diaire d&rsquo;un vote \u00e9lectronique, de d\u00e9signer leur favorite, celle qui remportera le troph\u00e9e des champions. Un candidat \u00e0 choisir avant le mercredi 1\u00b0 f\u00e9vrier, parmi les trois propositions de la commission municipale des sports. [&hellip;]<\/p>\n","protected":false},"author":4,"featured_media":19299,"comment_status":"open","ping_status":"open","sticky":false,"template":"","format":"standard","meta":{"footnotes":""},"categories":[21,166,3016,2],"tags":[],"class_list":["post-19295","post","type-post","status-publish","format-standard","has-post-thumbnail","hentry","category-decines-charpieu","category-divers-sports","category-institutions-trophees-jo","category-sports"],"yoast_head":"<!-- This site is optimized with the Yoast SEO plugin v27.2 - https:\/\/yoast.com\/product\/yoast-seo-wordpress\/ -->\n<title>DECINES | Nuit des sportifs du 3 f\u00e9vrier &gt; d\u00e9signez votre favorite - News Est Lyonnais<\/title>\n<meta name=\"description\" content=\"Vote \u00e9lectronique pour \u00e9lire le sportif ou la sportive de l&#039;ann\u00e9e 2016 sur la commune de DECINES avant la nuit des sportifs\" \/>\n<meta name=\"robots\" content=\"index, follow, max-snippet:-1, max-image-preview:large, max-video-preview:-1\" \/>\n<link rel=\"canonical\" href=\"https:\/\/newsestlyonnais.fr\/site\/2017\/01\/18\/decines-nuit-des-sportifs-du-3-fevrier-designez-votre-favorite\/\" \/>\n<meta property=\"og:locale\" content=\"fr_FR\" \/>\n<meta property=\"og:type\" content=\"article\" \/>\n<meta property=\"og:title\" content=\"DECINES | Nuit des sportifs du 3 f\u00e9vrier &gt; d\u00e9signez votre favorite - News Est Lyonnais\" \/>\n<meta property=\"og:description\" content=\"Vote \u00e9lectronique pour \u00e9lire le sportif ou la sportive de l&#039;ann\u00e9e 2016 sur la commune de DECINES avant la nuit des sportifs\" \/>\n<meta property=\"og:url\" content=\"https:\/\/newsestlyonnais.fr\/site\/2017\/01\/18\/decines-nuit-des-sportifs-du-3-fevrier-designez-votre-favorite\/\" \/>\n<meta property=\"og:site_name\" content=\"News Est Lyonnais\" \/>\n<meta property=\"article:author\" content=\"https:\/\/www.facebook.com\/pascal.oberson.1?fref=ts\" \/>\n<meta property=\"article:published_time\" content=\"2017-01-18T13:35:08+00:00\" \/>\n<meta property=\"article:modified_time\" content=\"2020-11-11T16:30:36+00:00\" \/>\n<meta property=\"og:image\" content=\"https:\/\/i2.wp.com\/newsestlyonnais.fr\/site\/wp-content\/uploads\/2017\/01\/NEWSESTLYONNAIS-GD-PANNEAU-DECINES.jpg?fit=1000%2C750&ssl=1\" \/>\n\t<meta property=\"og:image:width\" content=\"1000\" \/>\n\t<meta property=\"og:image:height\" content=\"750\" \/>\n\t<meta property=\"og:image:type\" content=\"image\/jpeg\" \/>\n<meta name=\"author\" content=\"R\u00e9dac. NEWS\" \/>\n<meta name=\"twitter:card\" content=\"summary_large_image\" \/>\n<meta name=\"twitter:label1\" content=\"\u00c9crit par\" \/>\n\t<meta name=\"twitter:data1\" content=\"R\u00e9dac. NEWS\" \/>\n\t<meta name=\"twitter:label2\" content=\"Dur\u00e9e de lecture estim\u00e9e\" \/>\n\t<meta name=\"twitter:data2\" content=\"1 minute\" \/>\n<script type=\"application\/ld+json\" class=\"yoast-schema-graph\">{\"@context\":\"https:\/\/schema.org\",\"@graph\":[{\"@type\":\"Article\",\"@id\":\"https:\/\/newsestlyonnais.fr\/site\/2017\/01\/18\/decines-nuit-des-sportifs-du-3-fevrier-designez-votre-favorite\/#article\",\"isPartOf\":{\"@id\":\"https:\/\/newsestlyonnais.fr\/site\/2017\/01\/18\/decines-nuit-des-sportifs-du-3-fevrier-designez-votre-favorite\/\"},\"author\":{\"name\":\"R\u00e9dac. NEWS\",\"@id\":\"https:\/\/newsestlyonnais.fr\/site\/#\/schema\/person\/3230d5615f390bb808365d673001e887\"},\"headline\":\"DECINES | Nuit des sportifs du 3 f\u00e9vrier > d\u00e9signez votre favorite\",\"datePublished\":\"2017-01-18T13:35:08+00:00\",\"dateModified\":\"2020-11-11T16:30:36+00:00\",\"mainEntityOfPage\":{\"@id\":\"https:\/\/newsestlyonnais.fr\/site\/2017\/01\/18\/decines-nuit-des-sportifs-du-3-fevrier-designez-votre-favorite\/\"},\"wordCount\":116,\"commentCount\":0,\"publisher\":{\"@id\":\"https:\/\/newsestlyonnais.fr\/site\/#organization\"},\"image\":{\"@id\":\"https:\/\/newsestlyonnais.fr\/site\/2017\/01\/18\/decines-nuit-des-sportifs-du-3-fevrier-designez-votre-favorite\/#primaryimage\"},\"thumbnailUrl\":\"https:\/\/newsestlyonnais.fr\/site\/wp-content\/uploads\/2017\/01\/NEWSESTLYONNAIS-GD-PANNEAU-DECINES.jpg\",\"articleSection\":[\"D\u00e9cines-Charpieu\",\"Divers Sports\",\"Institutions | Troph\u00e9es | J.O.\",\"Sports\"],\"inLanguage\":\"fr-FR\",\"potentialAction\":[{\"@type\":\"CommentAction\",\"name\":\"Comment\",\"target\":[\"https:\/\/newsestlyonnais.fr\/site\/2017\/01\/18\/decines-nuit-des-sportifs-du-3-fevrier-designez-votre-favorite\/#respond\"]}]},{\"@type\":\"WebPage\",\"@id\":\"https:\/\/newsestlyonnais.fr\/site\/2017\/01\/18\/decines-nuit-des-sportifs-du-3-fevrier-designez-votre-favorite\/\",\"url\":\"https:\/\/newsestlyonnais.fr\/site\/2017\/01\/18\/decines-nuit-des-sportifs-du-3-fevrier-designez-votre-favorite\/\",\"name\":\"DECINES | Nuit des sportifs du 3 f\u00e9vrier > d\u00e9signez votre favorite - News Est Lyonnais\",\"isPartOf\":{\"@id\":\"https:\/\/newsestlyonnais.fr\/site\/#website\"},\"primaryImageOfPage\":{\"@id\":\"https:\/\/newsestlyonnais.fr\/site\/2017\/01\/18\/decines-nuit-des-sportifs-du-3-fevrier-designez-votre-favorite\/#primaryimage\"},\"image\":{\"@id\":\"https:\/\/newsestlyonnais.fr\/site\/2017\/01\/18\/decines-nuit-des-sportifs-du-3-fevrier-designez-votre-favorite\/#primaryimage\"},\"thumbnailUrl\":\"https:\/\/newsestlyonnais.fr\/site\/wp-content\/uploads\/2017\/01\/NEWSESTLYONNAIS-GD-PANNEAU-DECINES.jpg\",\"datePublished\":\"2017-01-18T13:35:08+00:00\",\"dateModified\":\"2020-11-11T16:30:36+00:00\",\"description\":\"Vote \u00e9lectronique pour \u00e9lire le sportif ou la sportive de l'ann\u00e9e 2016 sur la commune de DECINES avant la nuit des sportifs\",\"breadcrumb\":{\"@id\":\"https:\/\/newsestlyonnais.fr\/site\/2017\/01\/18\/decines-nuit-des-sportifs-du-3-fevrier-designez-votre-favorite\/#breadcrumb\"},\"inLanguage\":\"fr-FR\",\"potentialAction\":[{\"@type\":\"ReadAction\",\"target\":[\"https:\/\/newsestlyonnais.fr\/site\/2017\/01\/18\/decines-nuit-des-sportifs-du-3-fevrier-designez-votre-favorite\/\"]}]},{\"@type\":\"ImageObject\",\"inLanguage\":\"fr-FR\",\"@id\":\"https:\/\/newsestlyonnais.fr\/site\/2017\/01\/18\/decines-nuit-des-sportifs-du-3-fevrier-designez-votre-favorite\/#primaryimage\",\"url\":\"https:\/\/newsestlyonnais.fr\/site\/wp-content\/uploads\/2017\/01\/NEWSESTLYONNAIS-GD-PANNEAU-DECINES.jpg\",\"contentUrl\":\"https:\/\/newsestlyonnais.fr\/site\/wp-content\/uploads\/2017\/01\/NEWSESTLYONNAIS-GD-PANNEAU-DECINES.jpg\",\"width\":1000,\"height\":750,\"caption\":\"NEWSESTLYONNAIS GD PANNEAU DECINES\"},{\"@type\":\"BreadcrumbList\",\"@id\":\"https:\/\/newsestlyonnais.fr\/site\/2017\/01\/18\/decines-nuit-des-sportifs-du-3-fevrier-designez-votre-favorite\/#breadcrumb\",\"itemListElement\":[{\"@type\":\"ListItem\",\"position\":1,\"name\":\"Accueil\",\"item\":\"https:\/\/newsestlyonnais.fr\/site\/\"},{\"@type\":\"ListItem\",\"position\":2,\"name\":\"DECINES | Nuit des sportifs du 3 f\u00e9vrier > d\u00e9signez votre favorite\"}]},{\"@type\":\"WebSite\",\"@id\":\"https:\/\/newsestlyonnais.fr\/site\/#website\",\"url\":\"https:\/\/newsestlyonnais.fr\/site\/\",\"name\":\"News Est Lyonnais\",\"description\":\"L&#039;actualit\u00e9 au plus pr\u00e8s\",\"publisher\":{\"@id\":\"https:\/\/newsestlyonnais.fr\/site\/#organization\"},\"potentialAction\":[{\"@type\":\"SearchAction\",\"target\":{\"@type\":\"EntryPoint\",\"urlTemplate\":\"https:\/\/newsestlyonnais.fr\/site\/?s={search_term_string}\"},\"query-input\":{\"@type\":\"PropertyValueSpecification\",\"valueRequired\":true,\"valueName\":\"search_term_string\"}}],\"inLanguage\":\"fr-FR\"},{\"@type\":\"Organization\",\"@id\":\"https:\/\/newsestlyonnais.fr\/site\/#organization\",\"name\":\"News EST LYONNAIS\",\"url\":\"https:\/\/newsestlyonnais.fr\/site\/\",\"logo\":{\"@type\":\"ImageObject\",\"inLanguage\":\"fr-FR\",\"@id\":\"https:\/\/newsestlyonnais.fr\/site\/#\/schema\/logo\/image\/\",\"url\":\"\",\"contentUrl\":\"\",\"caption\":\"News EST LYONNAIS\"},\"image\":{\"@id\":\"https:\/\/newsestlyonnais.fr\/site\/#\/schema\/logo\/image\/\"}},{\"@type\":\"Person\",\"@id\":\"https:\/\/newsestlyonnais.fr\/site\/#\/schema\/person\/3230d5615f390bb808365d673001e887\",\"name\":\"R\u00e9dac. NEWS\",\"sameAs\":[\"http:\/\/www.newsestlyonnais.fr\",\"https:\/\/www.facebook.com\/pascal.oberson.1?fref=ts\",\"https:\/\/fr.linkedin.com\/in\/pascal-oberson-b17045113\"],\"url\":\"https:\/\/newsestlyonnais.fr\/site\/author\/nel\/\"}]}<\/script>\n<!-- \/ Yoast SEO plugin. -->","yoast_head_json":{"title":"DECINES | Nuit des sportifs du 3 f\u00e9vrier > d\u00e9signez votre favorite - News Est Lyonnais","description":"Vote \u00e9lectronique pour \u00e9lire le sportif ou la sportive de l'ann\u00e9e 2016 sur la commune de DECINES avant la nuit des sportifs","robots":{"index":"index","follow":"follow","max-snippet":"max-snippet:-1","max-image-preview":"max-image-preview:large","max-video-preview":"max-video-preview:-1"},"canonical":"https:\/\/newsestlyonnais.fr\/site\/2017\/01\/18\/decines-nuit-des-sportifs-du-3-fevrier-designez-votre-favorite\/","og_locale":"fr_FR","og_type":"article","og_title":"DECINES | Nuit des sportifs du 3 f\u00e9vrier > d\u00e9signez votre favorite - News Est Lyonnais","og_description":"Vote \u00e9lectronique pour \u00e9lire le sportif ou la sportive de l'ann\u00e9e 2016 sur la commune de DECINES avant la nuit des sportifs","og_url":"https:\/\/newsestlyonnais.fr\/site\/2017\/01\/18\/decines-nuit-des-sportifs-du-3-fevrier-designez-votre-favorite\/","og_site_name":"News Est Lyonnais","article_author":"https:\/\/www.facebook.com\/pascal.oberson.1?fref=ts","article_published_time":"2017-01-18T13:35:08+00:00","article_modified_time":"2020-11-11T16:30:36+00:00","og_image":[{"width":1000,"height":750,"url":"https:\/\/i2.wp.com\/newsestlyonnais.fr\/site\/wp-content\/uploads\/2017\/01\/NEWSESTLYONNAIS-GD-PANNEAU-DECINES.jpg?fit=1000%2C750&ssl=1","type":"image\/jpeg"}],"author":"R\u00e9dac. NEWS","twitter_card":"summary_large_image","twitter_misc":{"\u00c9crit par":"R\u00e9dac. NEWS","Dur\u00e9e de lecture estim\u00e9e":"1 minute"},"schema":{"@context":"https:\/\/schema.org","@graph":[{"@type":"Article","@id":"https:\/\/newsestlyonnais.fr\/site\/2017\/01\/18\/decines-nuit-des-sportifs-du-3-fevrier-designez-votre-favorite\/#article","isPartOf":{"@id":"https:\/\/newsestlyonnais.fr\/site\/2017\/01\/18\/decines-nuit-des-sportifs-du-3-fevrier-designez-votre-favorite\/"},"author":{"name":"R\u00e9dac. NEWS","@id":"https:\/\/newsestlyonnais.fr\/site\/#\/schema\/person\/3230d5615f390bb808365d673001e887"},"headline":"DECINES | Nuit des sportifs du 3 f\u00e9vrier > d\u00e9signez votre favorite","datePublished":"2017-01-18T13:35:08+00:00","dateModified":"2020-11-11T16:30:36+00:00","mainEntityOfPage":{"@id":"https:\/\/newsestlyonnais.fr\/site\/2017\/01\/18\/decines-nuit-des-sportifs-du-3-fevrier-designez-votre-favorite\/"},"wordCount":116,"commentCount":0,"publisher":{"@id":"https:\/\/newsestlyonnais.fr\/site\/#organization"},"image":{"@id":"https:\/\/newsestlyonnais.fr\/site\/2017\/01\/18\/decines-nuit-des-sportifs-du-3-fevrier-designez-votre-favorite\/#primaryimage"},"thumbnailUrl":"https:\/\/newsestlyonnais.fr\/site\/wp-content\/uploads\/2017\/01\/NEWSESTLYONNAIS-GD-PANNEAU-DECINES.jpg","articleSection":["D\u00e9cines-Charpieu","Divers Sports","Institutions | Troph\u00e9es | J.O.","Sports"],"inLanguage":"fr-FR","potentialAction":[{"@type":"CommentAction","name":"Comment","target":["https:\/\/newsestlyonnais.fr\/site\/2017\/01\/18\/decines-nuit-des-sportifs-du-3-fevrier-designez-votre-favorite\/#respond"]}]},{"@type":"WebPage","@id":"https:\/\/newsestlyonnais.fr\/site\/2017\/01\/18\/decines-nuit-des-sportifs-du-3-fevrier-designez-votre-favorite\/","url":"https:\/\/newsestlyonnais.fr\/site\/2017\/01\/18\/decines-nuit-des-sportifs-du-3-fevrier-designez-votre-favorite\/","name":"DECINES | Nuit des sportifs du 3 f\u00e9vrier > d\u00e9signez votre favorite - News Est Lyonnais","isPartOf":{"@id":"https:\/\/newsestlyonnais.fr\/site\/#website"},"primaryImageOfPage":{"@id":"https:\/\/newsestlyonnais.fr\/site\/2017\/01\/18\/decines-nuit-des-sportifs-du-3-fevrier-designez-votre-favorite\/#primaryimage"},"image":{"@id":"https:\/\/newsestlyonnais.fr\/site\/2017\/01\/18\/decines-nuit-des-sportifs-du-3-fevrier-designez-votre-favorite\/#primaryimage"},"thumbnailUrl":"https:\/\/newsestlyonnais.fr\/site\/wp-content\/uploads\/2017\/01\/NEWSESTLYONNAIS-GD-PANNEAU-DECINES.jpg","datePublished":"2017-01-18T13:35:08+00:00","dateModified":"2020-11-11T16:30:36+00:00","description":"Vote \u00e9lectronique pour \u00e9lire le sportif ou la sportive de l'ann\u00e9e 2016 sur la commune de DECINES avant la nuit des sportifs","breadcrumb":{"@id":"https:\/\/newsestlyonnais.fr\/site\/2017\/01\/18\/decines-nuit-des-sportifs-du-3-fevrier-designez-votre-favorite\/#breadcrumb"},"inLanguage":"fr-FR","potentialAction":[{"@type":"ReadAction","target":["https:\/\/newsestlyonnais.fr\/site\/2017\/01\/18\/decines-nuit-des-sportifs-du-3-fevrier-designez-votre-favorite\/"]}]},{"@type":"ImageObject","inLanguage":"fr-FR","@id":"https:\/\/newsestlyonnais.fr\/site\/2017\/01\/18\/decines-nuit-des-sportifs-du-3-fevrier-designez-votre-favorite\/#primaryimage","url":"https:\/\/newsestlyonnais.fr\/site\/wp-content\/uploads\/2017\/01\/NEWSESTLYONNAIS-GD-PANNEAU-DECINES.jpg","contentUrl":"https:\/\/newsestlyonnais.fr\/site\/wp-content\/uploads\/2017\/01\/NEWSESTLYONNAIS-GD-PANNEAU-DECINES.jpg","width":1000,"height":750,"caption":"NEWSESTLYONNAIS GD PANNEAU DECINES"},{"@type":"BreadcrumbList","@id":"https:\/\/newsestlyonnais.fr\/site\/2017\/01\/18\/decines-nuit-des-sportifs-du-3-fevrier-designez-votre-favorite\/#breadcrumb","itemListElement":[{"@type":"ListItem","position":1,"name":"Accueil","item":"https:\/\/newsestlyonnais.fr\/site\/"},{"@type":"ListItem","position":2,"name":"DECINES | Nuit des sportifs du 3 f\u00e9vrier > d\u00e9signez votre favorite"}]},{"@type":"WebSite","@id":"https:\/\/newsestlyonnais.fr\/site\/#website","url":"https:\/\/newsestlyonnais.fr\/site\/","name":"News Est Lyonnais","description":"L&#039;actualit\u00e9 au plus pr\u00e8s","publisher":{"@id":"https:\/\/newsestlyonnais.fr\/site\/#organization"},"potentialAction":[{"@type":"SearchAction","target":{"@type":"EntryPoint","urlTemplate":"https:\/\/newsestlyonnais.fr\/site\/?s={search_term_string}"},"query-input":{"@type":"PropertyValueSpecification","valueRequired":true,"valueName":"search_term_string"}}],"inLanguage":"fr-FR"},{"@type":"Organization","@id":"https:\/\/newsestlyonnais.fr\/site\/#organization","name":"News EST LYONNAIS","url":"https:\/\/newsestlyonnais.fr\/site\/","logo":{"@type":"ImageObject","inLanguage":"fr-FR","@id":"https:\/\/newsestlyonnais.fr\/site\/#\/schema\/logo\/image\/","url":"","contentUrl":"","caption":"News EST LYONNAIS"},"image":{"@id":"https:\/\/newsestlyonnais.fr\/site\/#\/schema\/logo\/image\/"}},{"@type":"Person","@id":"https:\/\/newsestlyonnais.fr\/site\/#\/schema\/person\/3230d5615f390bb808365d673001e887","name":"R\u00e9dac. NEWS","sameAs":["http:\/\/www.newsestlyonnais.fr","https:\/\/www.facebook.com\/pascal.oberson.1?fref=ts","https:\/\/fr.linkedin.com\/in\/pascal-oberson-b17045113"],"url":"https:\/\/newsestlyonnais.fr\/site\/author\/nel\/"}]}},"_links":{"self":[{"href":"https:\/\/newsestlyonnais.fr\/site\/wp-json\/wp\/v2\/posts\/19295","targetHints":{"allow":["GET"]}}],"collection":[{"href":"https:\/\/newsestlyonnais.fr\/site\/wp-json\/wp\/v2\/posts"}],"about":[{"href":"https:\/\/newsestlyonnais.fr\/site\/wp-json\/wp\/v2\/types\/post"}],"author":[{"embeddable":true,"href":"https:\/\/newsestlyonnais.fr\/site\/wp-json\/wp\/v2\/users\/4"}],"replies":[{"embeddable":true,"href":"https:\/\/newsestlyonnais.fr\/site\/wp-json\/wp\/v2\/comments?post=19295"}],"version-history":[{"count":0,"href":"https:\/\/newsestlyonnais.fr\/site\/wp-json\/wp\/v2\/posts\/19295\/revisions"}],"wp:featuredmedia":[{"embeddable":true,"href":"https:\/\/newsestlyonnais.fr\/site\/wp-json\/wp\/v2\/media\/19299"}],"wp:attachment":[{"href":"https:\/\/newsestlyonnais.fr\/site\/wp-json\/wp\/v2\/media?parent=19295"}],"wp:term":[{"taxonomy":"category","embeddable":true,"href":"https:\/\/newsestlyonnais.fr\/site\/wp-json\/wp\/v2\/categories?post=19295"},{"taxonomy":"post_tag","embeddable":true,"href":"https:\/\/newsestlyonnais.fr\/site\/wp-json\/wp\/v2\/tags?post=19295"}],"curies":[{"name":"wp","href":"https:\/\/api.w.org\/{rel}","templated":true}]}}