{"id":19303,"date":"2017-01-19T07:02:59","date_gmt":"2017-01-19T06:02:59","guid":{"rendered":"http:\/\/newsestlyonnais.fr\/site\/?p=19303"},"modified":"2020-11-12T20:50:43","modified_gmt":"2020-11-12T19:50:43","slug":"villeurbanne-tirage-des-rois-a-loffice-du-sport-osv","status":"publish","type":"post","link":"https:\/\/newsestlyonnais.fr\/site\/2017\/01\/19\/villeurbanne-tirage-des-rois-a-loffice-du-sport-osv\/","title":{"rendered":"VILLEURBANNE | Tirage des rois \u00e0 l&rsquo;Office du Sport (OSV)"},"content":{"rendered":"<h4>Traditionnel tirage des rois mercredi en d\u00e9but de soir\u00e9e pour l&rsquo;Office Municipal des Sports (OSV) \u00e0 la Maison des Sportifs.<\/h4>\n<p>Un moment convivial auquel la r\u00e9daction de <a href=\"http:\/\/newsestlyonnais.fr\" target=\"_blank\" rel=\"noopener noreferrer\">http:\/\/newsestlyonnais.fr<\/a> a assist\u00e9 et qui s&rsquo;est d\u00e9roul\u00e9 devant une soixantaine de dirigeants ou repr\u00e9sentants de clubs sportifs locaux.<\/p>\n<p>L&rsquo;occasion pour son pr\u00e9sident d\u00e9l\u00e9gu\u00e9 Patrick Pegoraro, le maire Jean Paul Bret et enfin l&rsquo;adjoint d\u00e9l\u00e9gu\u00e9 aux sports Gilbert Luc Devinaz de successivement pr\u00e9senter leurs voeux pour 2017. Une ann\u00e9e qui s&rsquo;annonce riche en projets et \u00e9v\u00e8nements dont les prochains sont: participation le 31 janvier \u00e0 la soir\u00e9e d\u00e9bat \u00e9galit\u00e9 femmes\/hommes et aux Foul\u00e9es de Villeurbanne pr\u00e9vues le dimanche 19 Mars 2017. Le d\u00e9marrage des travaux du futur complexe sportif des Gratte Ciel a aussi \u00e9t\u00e9 \u00e9voqu\u00e9.<\/p>\n<p>Enfin s\u00e9quence \u00e9motion avant le partage de la galette des rois avec la remise de la m\u00e9daille de la Jeunesse et Sports et de l&rsquo;Engagement Associatif remise par Jean Paul Bret \u00e0 Sigmund Gorun. Un b\u00e9n\u00e9vole \u00e9m\u00e9rite, arriv\u00e9 de Strasbourg sur la commune en 1977 avec son \u00e9pouse Solange et qui s&rsquo;est investi depuis 1990 tant \u00e0 l&rsquo;OSV qu&rsquo;\u00e0 l&rsquo;Asvel et au Racing Moto Side Car Club.<\/p>\n<ul>\n<li>Retrouvez toute l&rsquo;ACTU de l&rsquo;OSV sur: <a href=\"http:\/\/www.osvilleurbanne.com\" target=\"_blank\" rel=\"noopener noreferrer\">http:\/\/www.osvilleurbanne.com<\/a><\/li>\n<\/ul>\n<figure id=\"attachment_19306\" aria-describedby=\"caption-attachment-19306\" style=\"width: 1000px\" class=\"wp-caption alignleft\"><img loading=\"lazy\" decoding=\"async\" class=\"size-full wp-image-19306\" src=\"https:\/\/newsestlyonnais.fr\/site\/medias\/2017\/01\/NEWSESTLYONNAIS-VOEUX-OSV-RECOMP-GORUN.jpg\" alt=\"Sigmund Gorun s'est vu remettre la m\u00e9daille de la Jeunesse et Sports et de l'Engagement Associatif par le maire Jean Paul Bret\" width=\"1000\" height=\"750\" srcset=\"https:\/\/newsestlyonnais.fr\/site\/wp-content\/uploads\/2017\/01\/NEWSESTLYONNAIS-VOEUX-OSV-RECOMP-GORUN.jpg 1000w, https:\/\/newsestlyonnais.fr\/site\/wp-content\/uploads\/2017\/01\/NEWSESTLYONNAIS-VOEUX-OSV-RECOMP-GORUN-400x300.jpg 400w, https:\/\/newsestlyonnais.fr\/site\/wp-content\/uploads\/2017\/01\/NEWSESTLYONNAIS-VOEUX-OSV-RECOMP-GORUN-768x576.jpg 768w, https:\/\/newsestlyonnais.fr\/site\/wp-content\/uploads\/2017\/01\/NEWSESTLYONNAIS-VOEUX-OSV-RECOMP-GORUN-600x450.jpg 600w, https:\/\/newsestlyonnais.fr\/site\/wp-content\/uploads\/2017\/01\/NEWSESTLYONNAIS-VOEUX-OSV-RECOMP-GORUN-100x75.jpg 100w\" sizes=\"auto, (max-width: 1000px) 100vw, 1000px\" \/><figcaption id=\"caption-attachment-19306\" class=\"wp-caption-text\">Sigmund Gorun s&rsquo;est vu remettre la m\u00e9daille de la Jeunesse et Sports et de l&rsquo;Engagement Associatif par le maire Jean Paul Bret<\/figcaption><\/figure>\n","protected":false},"excerpt":{"rendered":"<p>Traditionnel tirage des rois mercredi en d\u00e9but de soir\u00e9e pour l&rsquo;Office Municipal des Sports (OSV) \u00e0 la Maison des Sportifs. Un moment convivial auquel la r\u00e9daction de http:\/\/newsestlyonnais.fr a assist\u00e9 et qui s&rsquo;est d\u00e9roul\u00e9 devant une soixantaine de dirigeants ou repr\u00e9sentants de clubs sportifs locaux. L&rsquo;occasion pour son pr\u00e9sident d\u00e9l\u00e9gu\u00e9 Patrick Pegoraro, le maire Jean [&hellip;]<\/p>\n","protected":false},"author":4,"featured_media":19305,"comment_status":"open","ping_status":"open","sticky":false,"template":"","format":"standard","meta":{"footnotes":""},"categories":[574,166,3016,29],"tags":[],"class_list":["post-19303","post","type-post","status-publish","format-standard","has-post-thumbnail","hentry","category-autres-sports","category-divers-sports","category-institutions-trophees-jo","category-villeurbanne"],"yoast_head":"<!-- This site is optimized with the Yoast SEO plugin v27.2 - https:\/\/yoast.com\/product\/yoast-seo-wordpress\/ -->\n<title>VILLEURBANNE | Tirage des rois \u00e0 l&#039;Office du Sport (OSV) - News Est Lyonnais<\/title>\n<meta name=\"description\" content=\"C\u00e9r\u00e9monie de pr\u00e9sentation des voeux et tirage des rois \u00e0 l&#039;Office du Sport de Villeurbanne (OSV) \u00e0 la Maison des Sportifs\" \/>\n<meta name=\"robots\" content=\"index, follow, max-snippet:-1, max-image-preview:large, max-video-preview:-1\" \/>\n<link rel=\"canonical\" href=\"https:\/\/newsestlyonnais.fr\/site\/2017\/01\/19\/villeurbanne-tirage-des-rois-a-loffice-du-sport-osv\/\" \/>\n<meta property=\"og:locale\" content=\"fr_FR\" \/>\n<meta property=\"og:type\" content=\"article\" \/>\n<meta property=\"og:title\" content=\"VILLEURBANNE | Tirage des rois \u00e0 l&#039;Office du Sport (OSV) - News Est Lyonnais\" \/>\n<meta property=\"og:description\" content=\"C\u00e9r\u00e9monie de pr\u00e9sentation des voeux et tirage des rois \u00e0 l&#039;Office du Sport de Villeurbanne (OSV) \u00e0 la Maison des Sportifs\" \/>\n<meta property=\"og:url\" content=\"https:\/\/newsestlyonnais.fr\/site\/2017\/01\/19\/villeurbanne-tirage-des-rois-a-loffice-du-sport-osv\/\" \/>\n<meta property=\"og:site_name\" content=\"News Est Lyonnais\" \/>\n<meta property=\"article:author\" content=\"https:\/\/www.facebook.com\/pascal.oberson.1?fref=ts\" \/>\n<meta property=\"article:published_time\" content=\"2017-01-19T06:02:59+00:00\" \/>\n<meta property=\"article:modified_time\" content=\"2020-11-12T19:50:43+00:00\" \/>\n<meta property=\"og:image\" content=\"https:\/\/i0.wp.com\/newsestlyonnais.fr\/site\/wp-content\/uploads\/2017\/01\/NEWSESTLYONNAIS-VOEUX-2017-OSV.jpg?fit=1000%2C750&ssl=1\" \/>\n\t<meta property=\"og:image:width\" content=\"1000\" \/>\n\t<meta property=\"og:image:height\" content=\"750\" \/>\n\t<meta property=\"og:image:type\" content=\"image\/jpeg\" \/>\n<meta name=\"author\" content=\"R\u00e9dac. NEWS\" \/>\n<meta name=\"twitter:card\" content=\"summary_large_image\" \/>\n<meta name=\"twitter:label1\" content=\"\u00c9crit par\" \/>\n\t<meta name=\"twitter:data1\" content=\"R\u00e9dac. NEWS\" \/>\n\t<meta name=\"twitter:label2\" content=\"Dur\u00e9e de lecture estim\u00e9e\" \/>\n\t<meta name=\"twitter:data2\" content=\"1 minute\" \/>\n<script type=\"application\/ld+json\" class=\"yoast-schema-graph\">{\"@context\":\"https:\/\/schema.org\",\"@graph\":[{\"@type\":\"Article\",\"@id\":\"https:\/\/newsestlyonnais.fr\/site\/2017\/01\/19\/villeurbanne-tirage-des-rois-a-loffice-du-sport-osv\/#article\",\"isPartOf\":{\"@id\":\"https:\/\/newsestlyonnais.fr\/site\/2017\/01\/19\/villeurbanne-tirage-des-rois-a-loffice-du-sport-osv\/\"},\"author\":{\"name\":\"R\u00e9dac. NEWS\",\"@id\":\"https:\/\/newsestlyonnais.fr\/site\/#\/schema\/person\/3230d5615f390bb808365d673001e887\"},\"headline\":\"VILLEURBANNE | Tirage des rois \u00e0 l&rsquo;Office du Sport (OSV)\",\"datePublished\":\"2017-01-19T06:02:59+00:00\",\"dateModified\":\"2020-11-12T19:50:43+00:00\",\"mainEntityOfPage\":{\"@id\":\"https:\/\/newsestlyonnais.fr\/site\/2017\/01\/19\/villeurbanne-tirage-des-rois-a-loffice-du-sport-osv\/\"},\"wordCount\":267,\"commentCount\":0,\"publisher\":{\"@id\":\"https:\/\/newsestlyonnais.fr\/site\/#organization\"},\"image\":{\"@id\":\"https:\/\/newsestlyonnais.fr\/site\/2017\/01\/19\/villeurbanne-tirage-des-rois-a-loffice-du-sport-osv\/#primaryimage\"},\"thumbnailUrl\":\"https:\/\/newsestlyonnais.fr\/site\/wp-content\/uploads\/2017\/01\/NEWSESTLYONNAIS-VOEUX-2017-OSV.jpg\",\"articleSection\":[\"Autres sports\",\"Divers Sports\",\"Institutions | Troph\u00e9es | J.O.\",\"Villeurbanne\"],\"inLanguage\":\"fr-FR\",\"potentialAction\":[{\"@type\":\"CommentAction\",\"name\":\"Comment\",\"target\":[\"https:\/\/newsestlyonnais.fr\/site\/2017\/01\/19\/villeurbanne-tirage-des-rois-a-loffice-du-sport-osv\/#respond\"]}]},{\"@type\":\"WebPage\",\"@id\":\"https:\/\/newsestlyonnais.fr\/site\/2017\/01\/19\/villeurbanne-tirage-des-rois-a-loffice-du-sport-osv\/\",\"url\":\"https:\/\/newsestlyonnais.fr\/site\/2017\/01\/19\/villeurbanne-tirage-des-rois-a-loffice-du-sport-osv\/\",\"name\":\"VILLEURBANNE | Tirage des rois \u00e0 l'Office du Sport (OSV) - News Est Lyonnais\",\"isPartOf\":{\"@id\":\"https:\/\/newsestlyonnais.fr\/site\/#website\"},\"primaryImageOfPage\":{\"@id\":\"https:\/\/newsestlyonnais.fr\/site\/2017\/01\/19\/villeurbanne-tirage-des-rois-a-loffice-du-sport-osv\/#primaryimage\"},\"image\":{\"@id\":\"https:\/\/newsestlyonnais.fr\/site\/2017\/01\/19\/villeurbanne-tirage-des-rois-a-loffice-du-sport-osv\/#primaryimage\"},\"thumbnailUrl\":\"https:\/\/newsestlyonnais.fr\/site\/wp-content\/uploads\/2017\/01\/NEWSESTLYONNAIS-VOEUX-2017-OSV.jpg\",\"datePublished\":\"2017-01-19T06:02:59+00:00\",\"dateModified\":\"2020-11-12T19:50:43+00:00\",\"description\":\"C\u00e9r\u00e9monie de pr\u00e9sentation des voeux et tirage des rois \u00e0 l'Office du Sport de Villeurbanne (OSV) \u00e0 la Maison des Sportifs\",\"breadcrumb\":{\"@id\":\"https:\/\/newsestlyonnais.fr\/site\/2017\/01\/19\/villeurbanne-tirage-des-rois-a-loffice-du-sport-osv\/#breadcrumb\"},\"inLanguage\":\"fr-FR\",\"potentialAction\":[{\"@type\":\"ReadAction\",\"target\":[\"https:\/\/newsestlyonnais.fr\/site\/2017\/01\/19\/villeurbanne-tirage-des-rois-a-loffice-du-sport-osv\/\"]}]},{\"@type\":\"ImageObject\",\"inLanguage\":\"fr-FR\",\"@id\":\"https:\/\/newsestlyonnais.fr\/site\/2017\/01\/19\/villeurbanne-tirage-des-rois-a-loffice-du-sport-osv\/#primaryimage\",\"url\":\"https:\/\/newsestlyonnais.fr\/site\/wp-content\/uploads\/2017\/01\/NEWSESTLYONNAIS-VOEUX-2017-OSV.jpg\",\"contentUrl\":\"https:\/\/newsestlyonnais.fr\/site\/wp-content\/uploads\/2017\/01\/NEWSESTLYONNAIS-VOEUX-2017-OSV.jpg\",\"width\":1000,\"height\":750},{\"@type\":\"BreadcrumbList\",\"@id\":\"https:\/\/newsestlyonnais.fr\/site\/2017\/01\/19\/villeurbanne-tirage-des-rois-a-loffice-du-sport-osv\/#breadcrumb\",\"itemListElement\":[{\"@type\":\"ListItem\",\"position\":1,\"name\":\"Accueil\",\"item\":\"https:\/\/newsestlyonnais.fr\/site\/\"},{\"@type\":\"ListItem\",\"position\":2,\"name\":\"VILLEURBANNE | Tirage des rois \u00e0 l&rsquo;Office du Sport (OSV)\"}]},{\"@type\":\"WebSite\",\"@id\":\"https:\/\/newsestlyonnais.fr\/site\/#website\",\"url\":\"https:\/\/newsestlyonnais.fr\/site\/\",\"name\":\"News Est Lyonnais\",\"description\":\"L&#039;actualit\u00e9 au plus pr\u00e8s\",\"publisher\":{\"@id\":\"https:\/\/newsestlyonnais.fr\/site\/#organization\"},\"potentialAction\":[{\"@type\":\"SearchAction\",\"target\":{\"@type\":\"EntryPoint\",\"urlTemplate\":\"https:\/\/newsestlyonnais.fr\/site\/?s={search_term_string}\"},\"query-input\":{\"@type\":\"PropertyValueSpecification\",\"valueRequired\":true,\"valueName\":\"search_term_string\"}}],\"inLanguage\":\"fr-FR\"},{\"@type\":\"Organization\",\"@id\":\"https:\/\/newsestlyonnais.fr\/site\/#organization\",\"name\":\"News EST LYONNAIS\",\"url\":\"https:\/\/newsestlyonnais.fr\/site\/\",\"logo\":{\"@type\":\"ImageObject\",\"inLanguage\":\"fr-FR\",\"@id\":\"https:\/\/newsestlyonnais.fr\/site\/#\/schema\/logo\/image\/\",\"url\":\"\",\"contentUrl\":\"\",\"caption\":\"News EST LYONNAIS\"},\"image\":{\"@id\":\"https:\/\/newsestlyonnais.fr\/site\/#\/schema\/logo\/image\/\"}},{\"@type\":\"Person\",\"@id\":\"https:\/\/newsestlyonnais.fr\/site\/#\/schema\/person\/3230d5615f390bb808365d673001e887\",\"name\":\"R\u00e9dac. NEWS\",\"sameAs\":[\"http:\/\/www.newsestlyonnais.fr\",\"https:\/\/www.facebook.com\/pascal.oberson.1?fref=ts\",\"https:\/\/fr.linkedin.com\/in\/pascal-oberson-b17045113\"],\"url\":\"https:\/\/newsestlyonnais.fr\/site\/author\/nel\/\"}]}<\/script>\n<!-- \/ Yoast SEO plugin. -->","yoast_head_json":{"title":"VILLEURBANNE | Tirage des rois \u00e0 l'Office du Sport (OSV) - News Est Lyonnais","description":"C\u00e9r\u00e9monie de pr\u00e9sentation des voeux et tirage des rois \u00e0 l'Office du Sport de Villeurbanne (OSV) \u00e0 la Maison des Sportifs","robots":{"index":"index","follow":"follow","max-snippet":"max-snippet:-1","max-image-preview":"max-image-preview:large","max-video-preview":"max-video-preview:-1"},"canonical":"https:\/\/newsestlyonnais.fr\/site\/2017\/01\/19\/villeurbanne-tirage-des-rois-a-loffice-du-sport-osv\/","og_locale":"fr_FR","og_type":"article","og_title":"VILLEURBANNE | Tirage des rois \u00e0 l'Office du Sport (OSV) - News Est Lyonnais","og_description":"C\u00e9r\u00e9monie de pr\u00e9sentation des voeux et tirage des rois \u00e0 l'Office du Sport de Villeurbanne (OSV) \u00e0 la Maison des Sportifs","og_url":"https:\/\/newsestlyonnais.fr\/site\/2017\/01\/19\/villeurbanne-tirage-des-rois-a-loffice-du-sport-osv\/","og_site_name":"News Est Lyonnais","article_author":"https:\/\/www.facebook.com\/pascal.oberson.1?fref=ts","article_published_time":"2017-01-19T06:02:59+00:00","article_modified_time":"2020-11-12T19:50:43+00:00","og_image":[{"width":1000,"height":750,"url":"https:\/\/i0.wp.com\/newsestlyonnais.fr\/site\/wp-content\/uploads\/2017\/01\/NEWSESTLYONNAIS-VOEUX-2017-OSV.jpg?fit=1000%2C750&ssl=1","type":"image\/jpeg"}],"author":"R\u00e9dac. NEWS","twitter_card":"summary_large_image","twitter_misc":{"\u00c9crit par":"R\u00e9dac. NEWS","Dur\u00e9e de lecture estim\u00e9e":"1 minute"},"schema":{"@context":"https:\/\/schema.org","@graph":[{"@type":"Article","@id":"https:\/\/newsestlyonnais.fr\/site\/2017\/01\/19\/villeurbanne-tirage-des-rois-a-loffice-du-sport-osv\/#article","isPartOf":{"@id":"https:\/\/newsestlyonnais.fr\/site\/2017\/01\/19\/villeurbanne-tirage-des-rois-a-loffice-du-sport-osv\/"},"author":{"name":"R\u00e9dac. NEWS","@id":"https:\/\/newsestlyonnais.fr\/site\/#\/schema\/person\/3230d5615f390bb808365d673001e887"},"headline":"VILLEURBANNE | Tirage des rois \u00e0 l&rsquo;Office du Sport (OSV)","datePublished":"2017-01-19T06:02:59+00:00","dateModified":"2020-11-12T19:50:43+00:00","mainEntityOfPage":{"@id":"https:\/\/newsestlyonnais.fr\/site\/2017\/01\/19\/villeurbanne-tirage-des-rois-a-loffice-du-sport-osv\/"},"wordCount":267,"commentCount":0,"publisher":{"@id":"https:\/\/newsestlyonnais.fr\/site\/#organization"},"image":{"@id":"https:\/\/newsestlyonnais.fr\/site\/2017\/01\/19\/villeurbanne-tirage-des-rois-a-loffice-du-sport-osv\/#primaryimage"},"thumbnailUrl":"https:\/\/newsestlyonnais.fr\/site\/wp-content\/uploads\/2017\/01\/NEWSESTLYONNAIS-VOEUX-2017-OSV.jpg","articleSection":["Autres sports","Divers Sports","Institutions | Troph\u00e9es | J.O.","Villeurbanne"],"inLanguage":"fr-FR","potentialAction":[{"@type":"CommentAction","name":"Comment","target":["https:\/\/newsestlyonnais.fr\/site\/2017\/01\/19\/villeurbanne-tirage-des-rois-a-loffice-du-sport-osv\/#respond"]}]},{"@type":"WebPage","@id":"https:\/\/newsestlyonnais.fr\/site\/2017\/01\/19\/villeurbanne-tirage-des-rois-a-loffice-du-sport-osv\/","url":"https:\/\/newsestlyonnais.fr\/site\/2017\/01\/19\/villeurbanne-tirage-des-rois-a-loffice-du-sport-osv\/","name":"VILLEURBANNE | Tirage des rois \u00e0 l'Office du Sport (OSV) - News Est Lyonnais","isPartOf":{"@id":"https:\/\/newsestlyonnais.fr\/site\/#website"},"primaryImageOfPage":{"@id":"https:\/\/newsestlyonnais.fr\/site\/2017\/01\/19\/villeurbanne-tirage-des-rois-a-loffice-du-sport-osv\/#primaryimage"},"image":{"@id":"https:\/\/newsestlyonnais.fr\/site\/2017\/01\/19\/villeurbanne-tirage-des-rois-a-loffice-du-sport-osv\/#primaryimage"},"thumbnailUrl":"https:\/\/newsestlyonnais.fr\/site\/wp-content\/uploads\/2017\/01\/NEWSESTLYONNAIS-VOEUX-2017-OSV.jpg","datePublished":"2017-01-19T06:02:59+00:00","dateModified":"2020-11-12T19:50:43+00:00","description":"C\u00e9r\u00e9monie de pr\u00e9sentation des voeux et tirage des rois \u00e0 l'Office du Sport de Villeurbanne (OSV) \u00e0 la Maison des Sportifs","breadcrumb":{"@id":"https:\/\/newsestlyonnais.fr\/site\/2017\/01\/19\/villeurbanne-tirage-des-rois-a-loffice-du-sport-osv\/#breadcrumb"},"inLanguage":"fr-FR","potentialAction":[{"@type":"ReadAction","target":["https:\/\/newsestlyonnais.fr\/site\/2017\/01\/19\/villeurbanne-tirage-des-rois-a-loffice-du-sport-osv\/"]}]},{"@type":"ImageObject","inLanguage":"fr-FR","@id":"https:\/\/newsestlyonnais.fr\/site\/2017\/01\/19\/villeurbanne-tirage-des-rois-a-loffice-du-sport-osv\/#primaryimage","url":"https:\/\/newsestlyonnais.fr\/site\/wp-content\/uploads\/2017\/01\/NEWSESTLYONNAIS-VOEUX-2017-OSV.jpg","contentUrl":"https:\/\/newsestlyonnais.fr\/site\/wp-content\/uploads\/2017\/01\/NEWSESTLYONNAIS-VOEUX-2017-OSV.jpg","width":1000,"height":750},{"@type":"BreadcrumbList","@id":"https:\/\/newsestlyonnais.fr\/site\/2017\/01\/19\/villeurbanne-tirage-des-rois-a-loffice-du-sport-osv\/#breadcrumb","itemListElement":[{"@type":"ListItem","position":1,"name":"Accueil","item":"https:\/\/newsestlyonnais.fr\/site\/"},{"@type":"ListItem","position":2,"name":"VILLEURBANNE | Tirage des rois \u00e0 l&rsquo;Office du Sport (OSV)"}]},{"@type":"WebSite","@id":"https:\/\/newsestlyonnais.fr\/site\/#website","url":"https:\/\/newsestlyonnais.fr\/site\/","name":"News Est Lyonnais","description":"L&#039;actualit\u00e9 au plus pr\u00e8s","publisher":{"@id":"https:\/\/newsestlyonnais.fr\/site\/#organization"},"potentialAction":[{"@type":"SearchAction","target":{"@type":"EntryPoint","urlTemplate":"https:\/\/newsestlyonnais.fr\/site\/?s={search_term_string}"},"query-input":{"@type":"PropertyValueSpecification","valueRequired":true,"valueName":"search_term_string"}}],"inLanguage":"fr-FR"},{"@type":"Organization","@id":"https:\/\/newsestlyonnais.fr\/site\/#organization","name":"News EST LYONNAIS","url":"https:\/\/newsestlyonnais.fr\/site\/","logo":{"@type":"ImageObject","inLanguage":"fr-FR","@id":"https:\/\/newsestlyonnais.fr\/site\/#\/schema\/logo\/image\/","url":"","contentUrl":"","caption":"News EST LYONNAIS"},"image":{"@id":"https:\/\/newsestlyonnais.fr\/site\/#\/schema\/logo\/image\/"}},{"@type":"Person","@id":"https:\/\/newsestlyonnais.fr\/site\/#\/schema\/person\/3230d5615f390bb808365d673001e887","name":"R\u00e9dac. NEWS","sameAs":["http:\/\/www.newsestlyonnais.fr","https:\/\/www.facebook.com\/pascal.oberson.1?fref=ts","https:\/\/fr.linkedin.com\/in\/pascal-oberson-b17045113"],"url":"https:\/\/newsestlyonnais.fr\/site\/author\/nel\/"}]}},"_links":{"self":[{"href":"https:\/\/newsestlyonnais.fr\/site\/wp-json\/wp\/v2\/posts\/19303","targetHints":{"allow":["GET"]}}],"collection":[{"href":"https:\/\/newsestlyonnais.fr\/site\/wp-json\/wp\/v2\/posts"}],"about":[{"href":"https:\/\/newsestlyonnais.fr\/site\/wp-json\/wp\/v2\/types\/post"}],"author":[{"embeddable":true,"href":"https:\/\/newsestlyonnais.fr\/site\/wp-json\/wp\/v2\/users\/4"}],"replies":[{"embeddable":true,"href":"https:\/\/newsestlyonnais.fr\/site\/wp-json\/wp\/v2\/comments?post=19303"}],"version-history":[{"count":0,"href":"https:\/\/newsestlyonnais.fr\/site\/wp-json\/wp\/v2\/posts\/19303\/revisions"}],"wp:featuredmedia":[{"embeddable":true,"href":"https:\/\/newsestlyonnais.fr\/site\/wp-json\/wp\/v2\/media\/19305"}],"wp:attachment":[{"href":"https:\/\/newsestlyonnais.fr\/site\/wp-json\/wp\/v2\/media?parent=19303"}],"wp:term":[{"taxonomy":"category","embeddable":true,"href":"https:\/\/newsestlyonnais.fr\/site\/wp-json\/wp\/v2\/categories?post=19303"},{"taxonomy":"post_tag","embeddable":true,"href":"https:\/\/newsestlyonnais.fr\/site\/wp-json\/wp\/v2\/tags?post=19303"}],"curies":[{"name":"wp","href":"https:\/\/api.w.org\/{rel}","templated":true}]}}