{"id":19367,"date":"2017-01-20T15:18:41","date_gmt":"2017-01-20T14:18:41","guid":{"rendered":"http:\/\/newsestlyonnais.fr\/site\/?p=19367"},"modified":"2020-11-17T20:49:25","modified_gmt":"2020-11-17T19:49:25","slug":"c-c-e-l-voeux-president-paul-vidal","status":"publish","type":"post","link":"https:\/\/newsestlyonnais.fr\/site\/2017\/01\/20\/c-c-e-l-voeux-president-paul-vidal\/","title":{"rendered":"C.C.E.L. &gt; Les voeux du pr\u00e9sident Paul Vidal"},"content":{"rendered":"<p>Son pr\u00e9sident Paul Vidal (<strong>PHOTO A LA UNE<\/strong>) est revenu sur l&rsquo;ann\u00e9e 2016 notamment marqu\u00e9e par l&rsquo;int\u00e9gration au P\u00f4le M\u00e9tropolitain de Lyon d\u00e8s le 1\u00b0 janvier et de la distinction obtenue: <strong>le Troph\u00e9e du d\u00e9veloppement num\u00e9rique 2016<\/strong> \u00e0 la suite de la mise en place du dispositif \u00ab\u00a0tableau num\u00e9rique interactif\u00a0\u00bb, install\u00e9 dans 12 \u00e9coles de la C.C.E.L.<\/p>\n<p>Enfin cette journ\u00e9e du 19 janvier 2017 aura d&rsquo;autre part constitu\u00e9e la date de lancement du tout <strong>nouveau site internet<\/strong>, totalement relook\u00e9. (voir lien ci-dessous).<\/p>\n<p>____________________________________________________________________________________<\/p>\n<p><span style=\"text-decoration: underline\"><strong>NOTA<\/strong><\/span>: La Communaut\u00e9 de Communes de l\u2019Est Lyonnais (CCEL) a vu le jour en d\u00e9cembre 1993 et regroupe \u00e0 ce jour <strong>8 communes<\/strong> : Colombier-Saugnieu, Genas, Jons, Pusignan, Saint Bonnet de Mure, Saint Laurent de Mure, Saint Pierre de Chandieu et Toussieu.<\/p>\n<ul>\n<li>Sa population environne les 40.000 habitants et s&rsquo;\u00e9tend sur 14.000 hectares.<\/li>\n<\/ul>\n<p>____________________________________________________________________________________<\/p>\n<h4>D\u00e9couvrez toute l&rsquo;ACTU de la C.C.E.L. sur: <a href=\"http:\/\/www.ccel.fr\" target=\"_blank\" rel=\"noopener noreferrer\">http:\/\/www.ccel.fr<\/a><\/h4>\n","protected":false},"excerpt":{"rendered":"<p>C&rsquo;est \u00e0 la salle de l&rsquo;Odyss\u00e9e \u00e0 Pusignan que la C.C.E.L. proc\u00e9dait jeudi soir \u00e0 sa traditionnelle c\u00e9r\u00e9monie des voeux.<\/p>\n","protected":false},"author":4,"featured_media":19370,"comment_status":"open","ping_status":"open","sticky":false,"template":"","format":"standard","meta":{"footnotes":""},"categories":[270,3334],"tags":[],"class_list":["post-19367","post","type-post","status-publish","format-standard","has-post-thumbnail","hentry","category-cte-de-communes-c-c-e-l","category-conseils-municipaux-elections-voeux"],"yoast_head":"<!-- This site is optimized with the Yoast SEO plugin v27.2 - https:\/\/yoast.com\/product\/yoast-seo-wordpress\/ -->\n<title>C.C.E.L. &gt; Les voeux du pr\u00e9sident Paul Vidal - News Est Lyonnais<\/title>\n<meta name=\"robots\" content=\"index, follow, max-snippet:-1, max-image-preview:large, max-video-preview:-1\" \/>\n<link rel=\"canonical\" href=\"https:\/\/newsestlyonnais.fr\/site\/2017\/01\/20\/c-c-e-l-voeux-president-paul-vidal\/\" \/>\n<meta property=\"og:locale\" content=\"fr_FR\" \/>\n<meta property=\"og:type\" content=\"article\" \/>\n<meta property=\"og:title\" content=\"C.C.E.L. &gt; Les voeux du pr\u00e9sident Paul Vidal - News Est Lyonnais\" \/>\n<meta property=\"og:description\" content=\"C&#039;est \u00e0 la salle de l&#039;Odyss\u00e9e \u00e0 Pusignan que la C.C.E.L. proc\u00e9dait jeudi soir \u00e0 sa traditionnelle c\u00e9r\u00e9monie des voeux.\" \/>\n<meta property=\"og:url\" content=\"https:\/\/newsestlyonnais.fr\/site\/2017\/01\/20\/c-c-e-l-voeux-president-paul-vidal\/\" \/>\n<meta property=\"og:site_name\" content=\"News Est Lyonnais\" \/>\n<meta property=\"article:author\" content=\"https:\/\/www.facebook.com\/pascal.oberson.1?fref=ts\" \/>\n<meta property=\"article:published_time\" content=\"2017-01-20T14:18:41+00:00\" \/>\n<meta property=\"article:modified_time\" content=\"2020-11-17T19:49:25+00:00\" \/>\n<meta property=\"og:image\" content=\"https:\/\/i2.wp.com\/newsestlyonnais.fr\/site\/wp-content\/uploads\/2017\/01\/NEWSESTLYONNAIS-VOEUX-2017-CCEL.jpg?fit=1000%2C750&ssl=1\" \/>\n\t<meta property=\"og:image:width\" content=\"1000\" \/>\n\t<meta property=\"og:image:height\" content=\"750\" \/>\n\t<meta property=\"og:image:type\" content=\"image\/jpeg\" \/>\n<meta name=\"author\" content=\"R\u00e9dac. NEWS\" \/>\n<meta name=\"twitter:card\" content=\"summary_large_image\" \/>\n<meta name=\"twitter:label1\" content=\"\u00c9crit par\" \/>\n\t<meta name=\"twitter:data1\" content=\"R\u00e9dac. NEWS\" \/>\n\t<meta name=\"twitter:label2\" content=\"Dur\u00e9e de lecture estim\u00e9e\" \/>\n\t<meta name=\"twitter:data2\" content=\"1 minute\" \/>\n<script type=\"application\/ld+json\" class=\"yoast-schema-graph\">{\"@context\":\"https:\/\/schema.org\",\"@graph\":[{\"@type\":\"Article\",\"@id\":\"https:\/\/newsestlyonnais.fr\/site\/2017\/01\/20\/c-c-e-l-voeux-president-paul-vidal\/#article\",\"isPartOf\":{\"@id\":\"https:\/\/newsestlyonnais.fr\/site\/2017\/01\/20\/c-c-e-l-voeux-president-paul-vidal\/\"},\"author\":{\"name\":\"R\u00e9dac. NEWS\",\"@id\":\"https:\/\/newsestlyonnais.fr\/site\/#\/schema\/person\/3230d5615f390bb808365d673001e887\"},\"headline\":\"C.C.E.L. &gt; Les voeux du pr\u00e9sident Paul Vidal\",\"datePublished\":\"2017-01-20T14:18:41+00:00\",\"dateModified\":\"2020-11-17T19:49:25+00:00\",\"mainEntityOfPage\":{\"@id\":\"https:\/\/newsestlyonnais.fr\/site\/2017\/01\/20\/c-c-e-l-voeux-president-paul-vidal\/\"},\"wordCount\":172,\"commentCount\":0,\"publisher\":{\"@id\":\"https:\/\/newsestlyonnais.fr\/site\/#organization\"},\"image\":{\"@id\":\"https:\/\/newsestlyonnais.fr\/site\/2017\/01\/20\/c-c-e-l-voeux-president-paul-vidal\/#primaryimage\"},\"thumbnailUrl\":\"https:\/\/newsestlyonnais.fr\/site\/wp-content\/uploads\/2017\/01\/NEWSESTLYONNAIS-VOEUX-2017-CCEL.jpg\",\"articleSection\":[\"CCEL | Communes\",\"Conseils Municipaux | Elections | Voeux\"],\"inLanguage\":\"fr-FR\",\"potentialAction\":[{\"@type\":\"CommentAction\",\"name\":\"Comment\",\"target\":[\"https:\/\/newsestlyonnais.fr\/site\/2017\/01\/20\/c-c-e-l-voeux-president-paul-vidal\/#respond\"]}]},{\"@type\":\"WebPage\",\"@id\":\"https:\/\/newsestlyonnais.fr\/site\/2017\/01\/20\/c-c-e-l-voeux-president-paul-vidal\/\",\"url\":\"https:\/\/newsestlyonnais.fr\/site\/2017\/01\/20\/c-c-e-l-voeux-president-paul-vidal\/\",\"name\":\"C.C.E.L. &gt; Les voeux du pr\u00e9sident Paul Vidal - News Est Lyonnais\",\"isPartOf\":{\"@id\":\"https:\/\/newsestlyonnais.fr\/site\/#website\"},\"primaryImageOfPage\":{\"@id\":\"https:\/\/newsestlyonnais.fr\/site\/2017\/01\/20\/c-c-e-l-voeux-president-paul-vidal\/#primaryimage\"},\"image\":{\"@id\":\"https:\/\/newsestlyonnais.fr\/site\/2017\/01\/20\/c-c-e-l-voeux-president-paul-vidal\/#primaryimage\"},\"thumbnailUrl\":\"https:\/\/newsestlyonnais.fr\/site\/wp-content\/uploads\/2017\/01\/NEWSESTLYONNAIS-VOEUX-2017-CCEL.jpg\",\"datePublished\":\"2017-01-20T14:18:41+00:00\",\"dateModified\":\"2020-11-17T19:49:25+00:00\",\"breadcrumb\":{\"@id\":\"https:\/\/newsestlyonnais.fr\/site\/2017\/01\/20\/c-c-e-l-voeux-president-paul-vidal\/#breadcrumb\"},\"inLanguage\":\"fr-FR\",\"potentialAction\":[{\"@type\":\"ReadAction\",\"target\":[\"https:\/\/newsestlyonnais.fr\/site\/2017\/01\/20\/c-c-e-l-voeux-president-paul-vidal\/\"]}]},{\"@type\":\"ImageObject\",\"inLanguage\":\"fr-FR\",\"@id\":\"https:\/\/newsestlyonnais.fr\/site\/2017\/01\/20\/c-c-e-l-voeux-president-paul-vidal\/#primaryimage\",\"url\":\"https:\/\/newsestlyonnais.fr\/site\/wp-content\/uploads\/2017\/01\/NEWSESTLYONNAIS-VOEUX-2017-CCEL.jpg\",\"contentUrl\":\"https:\/\/newsestlyonnais.fr\/site\/wp-content\/uploads\/2017\/01\/NEWSESTLYONNAIS-VOEUX-2017-CCEL.jpg\",\"width\":1000,\"height\":750},{\"@type\":\"BreadcrumbList\",\"@id\":\"https:\/\/newsestlyonnais.fr\/site\/2017\/01\/20\/c-c-e-l-voeux-president-paul-vidal\/#breadcrumb\",\"itemListElement\":[{\"@type\":\"ListItem\",\"position\":1,\"name\":\"Accueil\",\"item\":\"https:\/\/newsestlyonnais.fr\/site\/\"},{\"@type\":\"ListItem\",\"position\":2,\"name\":\"C.C.E.L. &gt; Les voeux du pr\u00e9sident Paul Vidal\"}]},{\"@type\":\"WebSite\",\"@id\":\"https:\/\/newsestlyonnais.fr\/site\/#website\",\"url\":\"https:\/\/newsestlyonnais.fr\/site\/\",\"name\":\"News Est Lyonnais\",\"description\":\"L&#039;actualit\u00e9 au plus pr\u00e8s\",\"publisher\":{\"@id\":\"https:\/\/newsestlyonnais.fr\/site\/#organization\"},\"potentialAction\":[{\"@type\":\"SearchAction\",\"target\":{\"@type\":\"EntryPoint\",\"urlTemplate\":\"https:\/\/newsestlyonnais.fr\/site\/?s={search_term_string}\"},\"query-input\":{\"@type\":\"PropertyValueSpecification\",\"valueRequired\":true,\"valueName\":\"search_term_string\"}}],\"inLanguage\":\"fr-FR\"},{\"@type\":\"Organization\",\"@id\":\"https:\/\/newsestlyonnais.fr\/site\/#organization\",\"name\":\"News EST LYONNAIS\",\"url\":\"https:\/\/newsestlyonnais.fr\/site\/\",\"logo\":{\"@type\":\"ImageObject\",\"inLanguage\":\"fr-FR\",\"@id\":\"https:\/\/newsestlyonnais.fr\/site\/#\/schema\/logo\/image\/\",\"url\":\"\",\"contentUrl\":\"\",\"caption\":\"News EST LYONNAIS\"},\"image\":{\"@id\":\"https:\/\/newsestlyonnais.fr\/site\/#\/schema\/logo\/image\/\"}},{\"@type\":\"Person\",\"@id\":\"https:\/\/newsestlyonnais.fr\/site\/#\/schema\/person\/3230d5615f390bb808365d673001e887\",\"name\":\"R\u00e9dac. NEWS\",\"sameAs\":[\"http:\/\/www.newsestlyonnais.fr\",\"https:\/\/www.facebook.com\/pascal.oberson.1?fref=ts\",\"https:\/\/fr.linkedin.com\/in\/pascal-oberson-b17045113\"],\"url\":\"https:\/\/newsestlyonnais.fr\/site\/author\/nel\/\"}]}<\/script>\n<!-- \/ Yoast SEO plugin. -->","yoast_head_json":{"title":"C.C.E.L. &gt; Les voeux du pr\u00e9sident Paul Vidal - News Est Lyonnais","robots":{"index":"index","follow":"follow","max-snippet":"max-snippet:-1","max-image-preview":"max-image-preview:large","max-video-preview":"max-video-preview:-1"},"canonical":"https:\/\/newsestlyonnais.fr\/site\/2017\/01\/20\/c-c-e-l-voeux-president-paul-vidal\/","og_locale":"fr_FR","og_type":"article","og_title":"C.C.E.L. &gt; Les voeux du pr\u00e9sident Paul Vidal - News Est Lyonnais","og_description":"C'est \u00e0 la salle de l'Odyss\u00e9e \u00e0 Pusignan que la C.C.E.L. proc\u00e9dait jeudi soir \u00e0 sa traditionnelle c\u00e9r\u00e9monie des voeux.","og_url":"https:\/\/newsestlyonnais.fr\/site\/2017\/01\/20\/c-c-e-l-voeux-president-paul-vidal\/","og_site_name":"News Est Lyonnais","article_author":"https:\/\/www.facebook.com\/pascal.oberson.1?fref=ts","article_published_time":"2017-01-20T14:18:41+00:00","article_modified_time":"2020-11-17T19:49:25+00:00","og_image":[{"width":1000,"height":750,"url":"https:\/\/i2.wp.com\/newsestlyonnais.fr\/site\/wp-content\/uploads\/2017\/01\/NEWSESTLYONNAIS-VOEUX-2017-CCEL.jpg?fit=1000%2C750&ssl=1","type":"image\/jpeg"}],"author":"R\u00e9dac. NEWS","twitter_card":"summary_large_image","twitter_misc":{"\u00c9crit par":"R\u00e9dac. NEWS","Dur\u00e9e de lecture estim\u00e9e":"1 minute"},"schema":{"@context":"https:\/\/schema.org","@graph":[{"@type":"Article","@id":"https:\/\/newsestlyonnais.fr\/site\/2017\/01\/20\/c-c-e-l-voeux-president-paul-vidal\/#article","isPartOf":{"@id":"https:\/\/newsestlyonnais.fr\/site\/2017\/01\/20\/c-c-e-l-voeux-president-paul-vidal\/"},"author":{"name":"R\u00e9dac. NEWS","@id":"https:\/\/newsestlyonnais.fr\/site\/#\/schema\/person\/3230d5615f390bb808365d673001e887"},"headline":"C.C.E.L. &gt; Les voeux du pr\u00e9sident Paul Vidal","datePublished":"2017-01-20T14:18:41+00:00","dateModified":"2020-11-17T19:49:25+00:00","mainEntityOfPage":{"@id":"https:\/\/newsestlyonnais.fr\/site\/2017\/01\/20\/c-c-e-l-voeux-president-paul-vidal\/"},"wordCount":172,"commentCount":0,"publisher":{"@id":"https:\/\/newsestlyonnais.fr\/site\/#organization"},"image":{"@id":"https:\/\/newsestlyonnais.fr\/site\/2017\/01\/20\/c-c-e-l-voeux-president-paul-vidal\/#primaryimage"},"thumbnailUrl":"https:\/\/newsestlyonnais.fr\/site\/wp-content\/uploads\/2017\/01\/NEWSESTLYONNAIS-VOEUX-2017-CCEL.jpg","articleSection":["CCEL | Communes","Conseils Municipaux | Elections | Voeux"],"inLanguage":"fr-FR","potentialAction":[{"@type":"CommentAction","name":"Comment","target":["https:\/\/newsestlyonnais.fr\/site\/2017\/01\/20\/c-c-e-l-voeux-president-paul-vidal\/#respond"]}]},{"@type":"WebPage","@id":"https:\/\/newsestlyonnais.fr\/site\/2017\/01\/20\/c-c-e-l-voeux-president-paul-vidal\/","url":"https:\/\/newsestlyonnais.fr\/site\/2017\/01\/20\/c-c-e-l-voeux-president-paul-vidal\/","name":"C.C.E.L. &gt; Les voeux du pr\u00e9sident Paul Vidal - News Est Lyonnais","isPartOf":{"@id":"https:\/\/newsestlyonnais.fr\/site\/#website"},"primaryImageOfPage":{"@id":"https:\/\/newsestlyonnais.fr\/site\/2017\/01\/20\/c-c-e-l-voeux-president-paul-vidal\/#primaryimage"},"image":{"@id":"https:\/\/newsestlyonnais.fr\/site\/2017\/01\/20\/c-c-e-l-voeux-president-paul-vidal\/#primaryimage"},"thumbnailUrl":"https:\/\/newsestlyonnais.fr\/site\/wp-content\/uploads\/2017\/01\/NEWSESTLYONNAIS-VOEUX-2017-CCEL.jpg","datePublished":"2017-01-20T14:18:41+00:00","dateModified":"2020-11-17T19:49:25+00:00","breadcrumb":{"@id":"https:\/\/newsestlyonnais.fr\/site\/2017\/01\/20\/c-c-e-l-voeux-president-paul-vidal\/#breadcrumb"},"inLanguage":"fr-FR","potentialAction":[{"@type":"ReadAction","target":["https:\/\/newsestlyonnais.fr\/site\/2017\/01\/20\/c-c-e-l-voeux-president-paul-vidal\/"]}]},{"@type":"ImageObject","inLanguage":"fr-FR","@id":"https:\/\/newsestlyonnais.fr\/site\/2017\/01\/20\/c-c-e-l-voeux-president-paul-vidal\/#primaryimage","url":"https:\/\/newsestlyonnais.fr\/site\/wp-content\/uploads\/2017\/01\/NEWSESTLYONNAIS-VOEUX-2017-CCEL.jpg","contentUrl":"https:\/\/newsestlyonnais.fr\/site\/wp-content\/uploads\/2017\/01\/NEWSESTLYONNAIS-VOEUX-2017-CCEL.jpg","width":1000,"height":750},{"@type":"BreadcrumbList","@id":"https:\/\/newsestlyonnais.fr\/site\/2017\/01\/20\/c-c-e-l-voeux-president-paul-vidal\/#breadcrumb","itemListElement":[{"@type":"ListItem","position":1,"name":"Accueil","item":"https:\/\/newsestlyonnais.fr\/site\/"},{"@type":"ListItem","position":2,"name":"C.C.E.L. &gt; Les voeux du pr\u00e9sident Paul Vidal"}]},{"@type":"WebSite","@id":"https:\/\/newsestlyonnais.fr\/site\/#website","url":"https:\/\/newsestlyonnais.fr\/site\/","name":"News Est Lyonnais","description":"L&#039;actualit\u00e9 au plus pr\u00e8s","publisher":{"@id":"https:\/\/newsestlyonnais.fr\/site\/#organization"},"potentialAction":[{"@type":"SearchAction","target":{"@type":"EntryPoint","urlTemplate":"https:\/\/newsestlyonnais.fr\/site\/?s={search_term_string}"},"query-input":{"@type":"PropertyValueSpecification","valueRequired":true,"valueName":"search_term_string"}}],"inLanguage":"fr-FR"},{"@type":"Organization","@id":"https:\/\/newsestlyonnais.fr\/site\/#organization","name":"News EST LYONNAIS","url":"https:\/\/newsestlyonnais.fr\/site\/","logo":{"@type":"ImageObject","inLanguage":"fr-FR","@id":"https:\/\/newsestlyonnais.fr\/site\/#\/schema\/logo\/image\/","url":"","contentUrl":"","caption":"News EST LYONNAIS"},"image":{"@id":"https:\/\/newsestlyonnais.fr\/site\/#\/schema\/logo\/image\/"}},{"@type":"Person","@id":"https:\/\/newsestlyonnais.fr\/site\/#\/schema\/person\/3230d5615f390bb808365d673001e887","name":"R\u00e9dac. NEWS","sameAs":["http:\/\/www.newsestlyonnais.fr","https:\/\/www.facebook.com\/pascal.oberson.1?fref=ts","https:\/\/fr.linkedin.com\/in\/pascal-oberson-b17045113"],"url":"https:\/\/newsestlyonnais.fr\/site\/author\/nel\/"}]}},"_links":{"self":[{"href":"https:\/\/newsestlyonnais.fr\/site\/wp-json\/wp\/v2\/posts\/19367","targetHints":{"allow":["GET"]}}],"collection":[{"href":"https:\/\/newsestlyonnais.fr\/site\/wp-json\/wp\/v2\/posts"}],"about":[{"href":"https:\/\/newsestlyonnais.fr\/site\/wp-json\/wp\/v2\/types\/post"}],"author":[{"embeddable":true,"href":"https:\/\/newsestlyonnais.fr\/site\/wp-json\/wp\/v2\/users\/4"}],"replies":[{"embeddable":true,"href":"https:\/\/newsestlyonnais.fr\/site\/wp-json\/wp\/v2\/comments?post=19367"}],"version-history":[{"count":0,"href":"https:\/\/newsestlyonnais.fr\/site\/wp-json\/wp\/v2\/posts\/19367\/revisions"}],"wp:featuredmedia":[{"embeddable":true,"href":"https:\/\/newsestlyonnais.fr\/site\/wp-json\/wp\/v2\/media\/19370"}],"wp:attachment":[{"href":"https:\/\/newsestlyonnais.fr\/site\/wp-json\/wp\/v2\/media?parent=19367"}],"wp:term":[{"taxonomy":"category","embeddable":true,"href":"https:\/\/newsestlyonnais.fr\/site\/wp-json\/wp\/v2\/categories?post=19367"},{"taxonomy":"post_tag","embeddable":true,"href":"https:\/\/newsestlyonnais.fr\/site\/wp-json\/wp\/v2\/tags?post=19367"}],"curies":[{"name":"wp","href":"https:\/\/api.w.org\/{rel}","templated":true}]}}