{"id":19373,"date":"2017-01-20T07:01:26","date_gmt":"2017-01-20T06:01:26","guid":{"rendered":"http:\/\/newsestlyonnais.fr\/site\/?p=19373"},"modified":"2017-01-20T07:01:26","modified_gmt":"2017-01-20T06:01:26","slug":"bron-grand-froid-limitation-eclairage","status":"publish","type":"post","link":"https:\/\/newsestlyonnais.fr\/site\/2017\/01\/20\/bron-grand-froid-limitation-eclairage\/","title":{"rendered":"BRON: Suite au grand froid, la Ville limite son \u00e9clairage public sur les fa\u00e7ades des b\u00e2timents"},"content":{"rendered":"<h4>Afin de r\u00e9pondre aux appels \u00e0 la mod\u00e9ration de consommation \u00e9lectrique en p\u00e9riode de grand froid, l\u2019Adjoint en charge de l\u2019\u00e9clairage public,Yves Sellem, en lien avec le Maire, Jean-Michel Longueval, a demand\u00e9 au service de l\u2019\u00e9clairage public de prendre diff\u00e9rentes mesures depuis jeudi soir :<\/h4>\n<ul>\n<li>\u00e9teindre l\u2019\u00e9clairage architectural des b\u00e2timents, comme, par exemple, la fa\u00e7ade de l\u2019H\u00f4tel de Ville de Bron ou celle de l\u2019\u00c9glise Saint-Denis.<\/li>\n<li>configurer temporairement les 18 armoires \u00e9quip\u00e9es de r\u00e9ducteurs de tension afin qu\u2019elles fonctionnent en mode r\u00e9duit, ce qui signifie un \u00e9clairement abaiss\u00e9 d\u2019environ 40%, et ce d\u00e8s la mise en service jeudi soir.<\/li>\n<\/ul>\n<div>Ces mesures n\u2019impactent pas le confort des habitants dans leur quotidien. Concentr\u00e9es sur la p\u00e9riode la plus sensible (18 h\/22 h), elles permettent <strong>des \u00e9conomies d\u2019environ 300 kWh par jour.<\/strong><\/div>\n<div>\u00c0 titre de comparaison, cela \u00e9quivaut \u00e0 la consommation \u00e9lectrique quotidienne de 4 familles en p\u00e9riode de chauffe avec des radiateurs \u00e9lectriques.<\/div>\n<div>Ces actions temporaires, li\u00e9es aux conditions m\u00e9t\u00e9orologiques entrent dans le cadre plus large des politiques publiques d\u2019\u00e9conomies d\u2019\u00e9nergie. Elles sont men\u00e9es par la Ville de Bron, et en particulier sur la gestion de l\u2019\u00e9clairage public, dans le cadre de son Agenda 21.<\/div>\n<div>Source: communiqu\u00e9 Ville de Bron<\/div>\n<h4>&#8211; Retrouvez toute l&rsquo;ACTU de la ville sur: <a href=\"http:\/\/www.ville-bron.fr\" target=\"_blank\">http:\/\/www.ville-bron.fr<\/a><\/h4>\n","protected":false},"excerpt":{"rendered":"<p>Afin de r\u00e9pondre aux appels \u00e0 la mod\u00e9ration de consommation \u00e9lectrique en p\u00e9riode de grand froid, l\u2019Adjoint en charge de l\u2019\u00e9clairage public,Yves Sellem, en lien avec le Maire, Jean-Michel Longueval, a demand\u00e9 au service de l\u2019\u00e9clairage public de prendre diff\u00e9rentes mesures depuis jeudi soir : \u00e9teindre l\u2019\u00e9clairage architectural des b\u00e2timents, comme, par exemple, la fa\u00e7ade [&hellip;]<\/p>\n","protected":false},"author":4,"featured_media":14003,"comment_status":"open","ping_status":"open","sticky":false,"template":"","format":"standard","meta":{"footnotes":""},"categories":[30,19,8],"tags":[],"class_list":["post-19373","post","type-post","status-publish","format-standard","has-post-thumbnail","hentry","category-a-la-une","category-bron","category-communes"],"yoast_head":"<!-- This site is optimized with the Yoast SEO plugin v27.2 - https:\/\/yoast.com\/product\/yoast-seo-wordpress\/ -->\n<title>CAUSE GRAND FROID LIMITATION ECLAIRAGE PUBLIC A BRON<\/title>\n<meta name=\"description\" content=\"GRAND FROID A BRON: communique ville :LIMITATION DE L&#039;ECLAIRAGE PUBLIC SUR FACADES DES BATIMENTS A EFFET IMMEDIAT AU 19 janvier 2017\" \/>\n<meta name=\"robots\" content=\"index, follow, max-snippet:-1, max-image-preview:large, max-video-preview:-1\" \/>\n<link rel=\"canonical\" href=\"https:\/\/newsestlyonnais.fr\/site\/2017\/01\/20\/bron-grand-froid-limitation-eclairage\/\" \/>\n<meta property=\"og:locale\" content=\"fr_FR\" \/>\n<meta property=\"og:type\" content=\"article\" \/>\n<meta property=\"og:title\" content=\"CAUSE GRAND FROID LIMITATION ECLAIRAGE PUBLIC A BRON\" \/>\n<meta property=\"og:description\" content=\"GRAND FROID A BRON: communique ville :LIMITATION DE L&#039;ECLAIRAGE PUBLIC SUR FACADES DES BATIMENTS A EFFET IMMEDIAT AU 19 janvier 2017\" \/>\n<meta property=\"og:url\" content=\"https:\/\/newsestlyonnais.fr\/site\/2017\/01\/20\/bron-grand-froid-limitation-eclairage\/\" \/>\n<meta property=\"og:site_name\" content=\"News Est Lyonnais\" \/>\n<meta property=\"article:author\" content=\"https:\/\/www.facebook.com\/pascal.oberson.1?fref=ts\" \/>\n<meta property=\"article:published_time\" content=\"2017-01-20T06:01:26+00:00\" \/>\n<meta property=\"og:image\" content=\"https:\/\/i0.wp.com\/newsestlyonnais.fr\/site\/wp-content\/uploads\/2016\/10\/NEWSESTLYONNAIS-BIS-PANNEAUBRON.jpg?fit=1000%2C750&ssl=1\" \/>\n\t<meta property=\"og:image:width\" content=\"1000\" \/>\n\t<meta property=\"og:image:height\" content=\"750\" \/>\n\t<meta property=\"og:image:type\" content=\"image\/jpeg\" \/>\n<meta name=\"author\" content=\"R\u00e9dac. NEWS\" \/>\n<meta name=\"twitter:card\" content=\"summary_large_image\" \/>\n<meta name=\"twitter:label1\" content=\"\u00c9crit par\" \/>\n\t<meta name=\"twitter:data1\" content=\"R\u00e9dac. NEWS\" \/>\n\t<meta name=\"twitter:label2\" content=\"Dur\u00e9e de lecture estim\u00e9e\" \/>\n\t<meta name=\"twitter:data2\" content=\"1 minute\" \/>\n<script type=\"application\/ld+json\" class=\"yoast-schema-graph\">{\"@context\":\"https:\/\/schema.org\",\"@graph\":[{\"@type\":\"Article\",\"@id\":\"https:\/\/newsestlyonnais.fr\/site\/2017\/01\/20\/bron-grand-froid-limitation-eclairage\/#article\",\"isPartOf\":{\"@id\":\"https:\/\/newsestlyonnais.fr\/site\/2017\/01\/20\/bron-grand-froid-limitation-eclairage\/\"},\"author\":{\"name\":\"R\u00e9dac. NEWS\",\"@id\":\"https:\/\/newsestlyonnais.fr\/site\/#\/schema\/person\/3230d5615f390bb808365d673001e887\"},\"headline\":\"BRON: Suite au grand froid, la Ville limite son \u00e9clairage public sur les fa\u00e7ades des b\u00e2timents\",\"datePublished\":\"2017-01-20T06:01:26+00:00\",\"mainEntityOfPage\":{\"@id\":\"https:\/\/newsestlyonnais.fr\/site\/2017\/01\/20\/bron-grand-froid-limitation-eclairage\/\"},\"wordCount\":251,\"commentCount\":1,\"publisher\":{\"@id\":\"https:\/\/newsestlyonnais.fr\/site\/#organization\"},\"image\":{\"@id\":\"https:\/\/newsestlyonnais.fr\/site\/2017\/01\/20\/bron-grand-froid-limitation-eclairage\/#primaryimage\"},\"thumbnailUrl\":\"https:\/\/newsestlyonnais.fr\/site\/wp-content\/uploads\/2016\/10\/NEWSESTLYONNAIS-BIS-PANNEAUBRON.jpg\",\"articleSection\":[\"\u00e0 la une\",\"Bron\",\"Communes\"],\"inLanguage\":\"fr-FR\",\"potentialAction\":[{\"@type\":\"CommentAction\",\"name\":\"Comment\",\"target\":[\"https:\/\/newsestlyonnais.fr\/site\/2017\/01\/20\/bron-grand-froid-limitation-eclairage\/#respond\"]}]},{\"@type\":\"WebPage\",\"@id\":\"https:\/\/newsestlyonnais.fr\/site\/2017\/01\/20\/bron-grand-froid-limitation-eclairage\/\",\"url\":\"https:\/\/newsestlyonnais.fr\/site\/2017\/01\/20\/bron-grand-froid-limitation-eclairage\/\",\"name\":\"CAUSE GRAND FROID LIMITATION ECLAIRAGE PUBLIC A BRON\",\"isPartOf\":{\"@id\":\"https:\/\/newsestlyonnais.fr\/site\/#website\"},\"primaryImageOfPage\":{\"@id\":\"https:\/\/newsestlyonnais.fr\/site\/2017\/01\/20\/bron-grand-froid-limitation-eclairage\/#primaryimage\"},\"image\":{\"@id\":\"https:\/\/newsestlyonnais.fr\/site\/2017\/01\/20\/bron-grand-froid-limitation-eclairage\/#primaryimage\"},\"thumbnailUrl\":\"https:\/\/newsestlyonnais.fr\/site\/wp-content\/uploads\/2016\/10\/NEWSESTLYONNAIS-BIS-PANNEAUBRON.jpg\",\"datePublished\":\"2017-01-20T06:01:26+00:00\",\"description\":\"GRAND FROID A BRON: communique ville :LIMITATION DE L'ECLAIRAGE PUBLIC SUR FACADES DES BATIMENTS A EFFET IMMEDIAT AU 19 janvier 2017\",\"breadcrumb\":{\"@id\":\"https:\/\/newsestlyonnais.fr\/site\/2017\/01\/20\/bron-grand-froid-limitation-eclairage\/#breadcrumb\"},\"inLanguage\":\"fr-FR\",\"potentialAction\":[{\"@type\":\"ReadAction\",\"target\":[\"https:\/\/newsestlyonnais.fr\/site\/2017\/01\/20\/bron-grand-froid-limitation-eclairage\/\"]}]},{\"@type\":\"ImageObject\",\"inLanguage\":\"fr-FR\",\"@id\":\"https:\/\/newsestlyonnais.fr\/site\/2017\/01\/20\/bron-grand-froid-limitation-eclairage\/#primaryimage\",\"url\":\"https:\/\/newsestlyonnais.fr\/site\/wp-content\/uploads\/2016\/10\/NEWSESTLYONNAIS-BIS-PANNEAUBRON.jpg\",\"contentUrl\":\"https:\/\/newsestlyonnais.fr\/site\/wp-content\/uploads\/2016\/10\/NEWSESTLYONNAIS-BIS-PANNEAUBRON.jpg\",\"width\":1000,\"height\":750,\"caption\":\"newsestlyonnais-bis-panneau bron\"},{\"@type\":\"BreadcrumbList\",\"@id\":\"https:\/\/newsestlyonnais.fr\/site\/2017\/01\/20\/bron-grand-froid-limitation-eclairage\/#breadcrumb\",\"itemListElement\":[{\"@type\":\"ListItem\",\"position\":1,\"name\":\"Accueil\",\"item\":\"https:\/\/newsestlyonnais.fr\/site\/\"},{\"@type\":\"ListItem\",\"position\":2,\"name\":\"BRON: Suite au grand froid, la Ville limite son \u00e9clairage public sur les fa\u00e7ades des b\u00e2timents\"}]},{\"@type\":\"WebSite\",\"@id\":\"https:\/\/newsestlyonnais.fr\/site\/#website\",\"url\":\"https:\/\/newsestlyonnais.fr\/site\/\",\"name\":\"News Est Lyonnais\",\"description\":\"L&#039;actualit\u00e9 au plus pr\u00e8s\",\"publisher\":{\"@id\":\"https:\/\/newsestlyonnais.fr\/site\/#organization\"},\"potentialAction\":[{\"@type\":\"SearchAction\",\"target\":{\"@type\":\"EntryPoint\",\"urlTemplate\":\"https:\/\/newsestlyonnais.fr\/site\/?s={search_term_string}\"},\"query-input\":{\"@type\":\"PropertyValueSpecification\",\"valueRequired\":true,\"valueName\":\"search_term_string\"}}],\"inLanguage\":\"fr-FR\"},{\"@type\":\"Organization\",\"@id\":\"https:\/\/newsestlyonnais.fr\/site\/#organization\",\"name\":\"News EST LYONNAIS\",\"url\":\"https:\/\/newsestlyonnais.fr\/site\/\",\"logo\":{\"@type\":\"ImageObject\",\"inLanguage\":\"fr-FR\",\"@id\":\"https:\/\/newsestlyonnais.fr\/site\/#\/schema\/logo\/image\/\",\"url\":\"\",\"contentUrl\":\"\",\"caption\":\"News EST LYONNAIS\"},\"image\":{\"@id\":\"https:\/\/newsestlyonnais.fr\/site\/#\/schema\/logo\/image\/\"}},{\"@type\":\"Person\",\"@id\":\"https:\/\/newsestlyonnais.fr\/site\/#\/schema\/person\/3230d5615f390bb808365d673001e887\",\"name\":\"R\u00e9dac. NEWS\",\"sameAs\":[\"http:\/\/www.newsestlyonnais.fr\",\"https:\/\/www.facebook.com\/pascal.oberson.1?fref=ts\",\"https:\/\/fr.linkedin.com\/in\/pascal-oberson-b17045113\"],\"url\":\"https:\/\/newsestlyonnais.fr\/site\/author\/nel\/\"}]}<\/script>\n<!-- \/ Yoast SEO plugin. -->","yoast_head_json":{"title":"CAUSE GRAND FROID LIMITATION ECLAIRAGE PUBLIC A BRON","description":"GRAND FROID A BRON: communique ville :LIMITATION DE L'ECLAIRAGE PUBLIC SUR FACADES DES BATIMENTS A EFFET IMMEDIAT AU 19 janvier 2017","robots":{"index":"index","follow":"follow","max-snippet":"max-snippet:-1","max-image-preview":"max-image-preview:large","max-video-preview":"max-video-preview:-1"},"canonical":"https:\/\/newsestlyonnais.fr\/site\/2017\/01\/20\/bron-grand-froid-limitation-eclairage\/","og_locale":"fr_FR","og_type":"article","og_title":"CAUSE GRAND FROID LIMITATION ECLAIRAGE PUBLIC A BRON","og_description":"GRAND FROID A BRON: communique ville :LIMITATION DE L'ECLAIRAGE PUBLIC SUR FACADES DES BATIMENTS A EFFET IMMEDIAT AU 19 janvier 2017","og_url":"https:\/\/newsestlyonnais.fr\/site\/2017\/01\/20\/bron-grand-froid-limitation-eclairage\/","og_site_name":"News Est Lyonnais","article_author":"https:\/\/www.facebook.com\/pascal.oberson.1?fref=ts","article_published_time":"2017-01-20T06:01:26+00:00","og_image":[{"width":1000,"height":750,"url":"https:\/\/i0.wp.com\/newsestlyonnais.fr\/site\/wp-content\/uploads\/2016\/10\/NEWSESTLYONNAIS-BIS-PANNEAUBRON.jpg?fit=1000%2C750&ssl=1","type":"image\/jpeg"}],"author":"R\u00e9dac. NEWS","twitter_card":"summary_large_image","twitter_misc":{"\u00c9crit par":"R\u00e9dac. NEWS","Dur\u00e9e de lecture estim\u00e9e":"1 minute"},"schema":{"@context":"https:\/\/schema.org","@graph":[{"@type":"Article","@id":"https:\/\/newsestlyonnais.fr\/site\/2017\/01\/20\/bron-grand-froid-limitation-eclairage\/#article","isPartOf":{"@id":"https:\/\/newsestlyonnais.fr\/site\/2017\/01\/20\/bron-grand-froid-limitation-eclairage\/"},"author":{"name":"R\u00e9dac. NEWS","@id":"https:\/\/newsestlyonnais.fr\/site\/#\/schema\/person\/3230d5615f390bb808365d673001e887"},"headline":"BRON: Suite au grand froid, la Ville limite son \u00e9clairage public sur les fa\u00e7ades des b\u00e2timents","datePublished":"2017-01-20T06:01:26+00:00","mainEntityOfPage":{"@id":"https:\/\/newsestlyonnais.fr\/site\/2017\/01\/20\/bron-grand-froid-limitation-eclairage\/"},"wordCount":251,"commentCount":1,"publisher":{"@id":"https:\/\/newsestlyonnais.fr\/site\/#organization"},"image":{"@id":"https:\/\/newsestlyonnais.fr\/site\/2017\/01\/20\/bron-grand-froid-limitation-eclairage\/#primaryimage"},"thumbnailUrl":"https:\/\/newsestlyonnais.fr\/site\/wp-content\/uploads\/2016\/10\/NEWSESTLYONNAIS-BIS-PANNEAUBRON.jpg","articleSection":["\u00e0 la une","Bron","Communes"],"inLanguage":"fr-FR","potentialAction":[{"@type":"CommentAction","name":"Comment","target":["https:\/\/newsestlyonnais.fr\/site\/2017\/01\/20\/bron-grand-froid-limitation-eclairage\/#respond"]}]},{"@type":"WebPage","@id":"https:\/\/newsestlyonnais.fr\/site\/2017\/01\/20\/bron-grand-froid-limitation-eclairage\/","url":"https:\/\/newsestlyonnais.fr\/site\/2017\/01\/20\/bron-grand-froid-limitation-eclairage\/","name":"CAUSE GRAND FROID LIMITATION ECLAIRAGE PUBLIC A BRON","isPartOf":{"@id":"https:\/\/newsestlyonnais.fr\/site\/#website"},"primaryImageOfPage":{"@id":"https:\/\/newsestlyonnais.fr\/site\/2017\/01\/20\/bron-grand-froid-limitation-eclairage\/#primaryimage"},"image":{"@id":"https:\/\/newsestlyonnais.fr\/site\/2017\/01\/20\/bron-grand-froid-limitation-eclairage\/#primaryimage"},"thumbnailUrl":"https:\/\/newsestlyonnais.fr\/site\/wp-content\/uploads\/2016\/10\/NEWSESTLYONNAIS-BIS-PANNEAUBRON.jpg","datePublished":"2017-01-20T06:01:26+00:00","description":"GRAND FROID A BRON: communique ville :LIMITATION DE L'ECLAIRAGE PUBLIC SUR FACADES DES BATIMENTS A EFFET IMMEDIAT AU 19 janvier 2017","breadcrumb":{"@id":"https:\/\/newsestlyonnais.fr\/site\/2017\/01\/20\/bron-grand-froid-limitation-eclairage\/#breadcrumb"},"inLanguage":"fr-FR","potentialAction":[{"@type":"ReadAction","target":["https:\/\/newsestlyonnais.fr\/site\/2017\/01\/20\/bron-grand-froid-limitation-eclairage\/"]}]},{"@type":"ImageObject","inLanguage":"fr-FR","@id":"https:\/\/newsestlyonnais.fr\/site\/2017\/01\/20\/bron-grand-froid-limitation-eclairage\/#primaryimage","url":"https:\/\/newsestlyonnais.fr\/site\/wp-content\/uploads\/2016\/10\/NEWSESTLYONNAIS-BIS-PANNEAUBRON.jpg","contentUrl":"https:\/\/newsestlyonnais.fr\/site\/wp-content\/uploads\/2016\/10\/NEWSESTLYONNAIS-BIS-PANNEAUBRON.jpg","width":1000,"height":750,"caption":"newsestlyonnais-bis-panneau bron"},{"@type":"BreadcrumbList","@id":"https:\/\/newsestlyonnais.fr\/site\/2017\/01\/20\/bron-grand-froid-limitation-eclairage\/#breadcrumb","itemListElement":[{"@type":"ListItem","position":1,"name":"Accueil","item":"https:\/\/newsestlyonnais.fr\/site\/"},{"@type":"ListItem","position":2,"name":"BRON: Suite au grand froid, la Ville limite son \u00e9clairage public sur les fa\u00e7ades des b\u00e2timents"}]},{"@type":"WebSite","@id":"https:\/\/newsestlyonnais.fr\/site\/#website","url":"https:\/\/newsestlyonnais.fr\/site\/","name":"News Est Lyonnais","description":"L&#039;actualit\u00e9 au plus pr\u00e8s","publisher":{"@id":"https:\/\/newsestlyonnais.fr\/site\/#organization"},"potentialAction":[{"@type":"SearchAction","target":{"@type":"EntryPoint","urlTemplate":"https:\/\/newsestlyonnais.fr\/site\/?s={search_term_string}"},"query-input":{"@type":"PropertyValueSpecification","valueRequired":true,"valueName":"search_term_string"}}],"inLanguage":"fr-FR"},{"@type":"Organization","@id":"https:\/\/newsestlyonnais.fr\/site\/#organization","name":"News EST LYONNAIS","url":"https:\/\/newsestlyonnais.fr\/site\/","logo":{"@type":"ImageObject","inLanguage":"fr-FR","@id":"https:\/\/newsestlyonnais.fr\/site\/#\/schema\/logo\/image\/","url":"","contentUrl":"","caption":"News EST LYONNAIS"},"image":{"@id":"https:\/\/newsestlyonnais.fr\/site\/#\/schema\/logo\/image\/"}},{"@type":"Person","@id":"https:\/\/newsestlyonnais.fr\/site\/#\/schema\/person\/3230d5615f390bb808365d673001e887","name":"R\u00e9dac. NEWS","sameAs":["http:\/\/www.newsestlyonnais.fr","https:\/\/www.facebook.com\/pascal.oberson.1?fref=ts","https:\/\/fr.linkedin.com\/in\/pascal-oberson-b17045113"],"url":"https:\/\/newsestlyonnais.fr\/site\/author\/nel\/"}]}},"_links":{"self":[{"href":"https:\/\/newsestlyonnais.fr\/site\/wp-json\/wp\/v2\/posts\/19373","targetHints":{"allow":["GET"]}}],"collection":[{"href":"https:\/\/newsestlyonnais.fr\/site\/wp-json\/wp\/v2\/posts"}],"about":[{"href":"https:\/\/newsestlyonnais.fr\/site\/wp-json\/wp\/v2\/types\/post"}],"author":[{"embeddable":true,"href":"https:\/\/newsestlyonnais.fr\/site\/wp-json\/wp\/v2\/users\/4"}],"replies":[{"embeddable":true,"href":"https:\/\/newsestlyonnais.fr\/site\/wp-json\/wp\/v2\/comments?post=19373"}],"version-history":[{"count":0,"href":"https:\/\/newsestlyonnais.fr\/site\/wp-json\/wp\/v2\/posts\/19373\/revisions"}],"wp:featuredmedia":[{"embeddable":true,"href":"https:\/\/newsestlyonnais.fr\/site\/wp-json\/wp\/v2\/media\/14003"}],"wp:attachment":[{"href":"https:\/\/newsestlyonnais.fr\/site\/wp-json\/wp\/v2\/media?parent=19373"}],"wp:term":[{"taxonomy":"category","embeddable":true,"href":"https:\/\/newsestlyonnais.fr\/site\/wp-json\/wp\/v2\/categories?post=19373"},{"taxonomy":"post_tag","embeddable":true,"href":"https:\/\/newsestlyonnais.fr\/site\/wp-json\/wp\/v2\/tags?post=19373"}],"curies":[{"name":"wp","href":"https:\/\/api.w.org\/{rel}","templated":true}]}}