{"id":195172,"date":"2023-11-24T14:44:22","date_gmt":"2023-11-24T13:44:22","guid":{"rendered":"https:\/\/newsestlyonnais.fr\/site\/?p=195172"},"modified":"2023-11-24T18:53:51","modified_gmt":"2023-11-24T17:53:51","slug":"stephane-deshormieres-annee-2023-plutot-positive-avec-deux-equipes-seniors-maintenues-en-regionale","status":"publish","type":"post","link":"https:\/\/newsestlyonnais.fr\/site\/2023\/11\/24\/stephane-deshormieres-annee-2023-plutot-positive-avec-deux-equipes-seniors-maintenues-en-regionale\/","title":{"rendered":"St\u00e9phane Deshormieres \u00ab Ann\u00e9e 2023 plut\u00f4t positive avec deux \u00e9quipes seniors maintenues en r\u00e9gionale \u00bb"},"content":{"rendered":"<p><strong><span style=\"background-color: #000000; color: #ffffff;\">Petite pr\u00e9sentation<\/span><\/strong><\/p>\n<p>\u00bb J&rsquo;ai 50 ans et je suis Pr\u00e9sident du <a href=\"https:\/\/www.facebook.com\/tcjonage\"><span style=\"color: #0000ff;\"><strong>Tennis Club de Jonage<\/strong><\/span><\/a> depuis 2019. Je r\u00e9side a Jonage et je travaille dans l\u2019industrie pharmaceutique en tant que chef de Projet pour une soci\u00e9t\u00e9 suisse <strong>\u00ab <\/strong>.<\/p>\n<hr \/>\n<p><strong><span style=\"background-color: #000000; color: #ffffff;\">Vous pratiquez le tennis ? depuis quand et \u00e0 quel niveau ?<\/span><\/strong><\/p>\n<p>\u00bb <strong>J&rsquo;ai commenc\u00e9 le tennis a l\u2019\u00e2ge de 10 ans<\/strong> au TC Chavril o\u00f9 je jouais avec des copains qui sont toujours des amis \u00e0 ce jour. Mon meilleur classement a \u00e9t\u00e9 15\/2 et c&rsquo;est ce classement que j\u2019avais lorsque je suis arriv\u00e9 \u00e0 Jonage. <strong>J\u2019ai rapidement int\u00e9gr\u00e9 le bureau<\/strong> et lorsque l&rsquo;ancien Pr\u00e9sident Arnaud DUCHENE a d\u00e9cid\u00e9 d&rsquo;arr\u00eater,<strong> il m&rsquo;a demand\u00e9 de prendre sa succession.<\/strong><\/p>\n<p><strong>J\u2019ai continu\u00e9 son travail en m&rsquo;entourant d&rsquo;un bureau tr\u00e8s comp\u00e9tent<\/strong> avec G\u00e9rard PREVOT (vice-pr\u00e9sident), Maud CHAMOLEY (tr\u00e9sori\u00e8re), Bruno LEBLANC (secr\u00e9taire), F\u00e9lix BENYATTOU, Ludovic GOURDON, Cyril PESSE, Quentin FRACHET, St\u00e9phane CHAMOLEY, Arnaud SYLVESTRE, Enrique DO NASCIMENTO et G\u00e9raud VACHET (tous membres) <strong>et d&rsquo;une \u00e9quipe enseignante dynamique<\/strong> : Fran\u00e7ois ROSELLO (directeur sportif), Enzo DI STEFANO et Herv\u00e9 TIXIER) <strong>\u00ab <\/strong>.<\/p>\n<hr \/>\n<p><strong><span style=\"background-color: #000000; color: #ffffff;\">Concernant le club, o\u00f9 en est son effectif ?<\/span><\/strong><\/p>\n<p>\u00bb <strong>Notre objectif est de garder un effectif proche des 200 adh\u00e9rents<\/strong> et d\u2019<strong>am\u00e9liorer progressivement les infrastructures du club<\/strong> avec l\u2019aide de la mairie (r\u00e9fection des cours ext\u00e9rieurs et int\u00e9rieurs) tout en gardant un bilan financier \u00e0 l\u2019\u00e9quilibre.<\/p>\n<p><strong>Le club est en progression constante depuis 3 ans avec un record d&rsquo;effectif pour cette ann\u00e9e avec 219 adh\u00e9rents<\/strong> (104 juniors et 115 seniors) <strong>\u00ab <\/strong>.<\/p>\n<p><span style=\"background-color: #000000; color: #ffffff;\"><strong>Quelles activit\u00e9s proposez-vous ? en loisir et en comp\u00e9tition ?<br \/>\n<\/strong><\/span><\/p>\n<p>\u00bb <strong>Nous proposons des cours collectifs et individuels pour nos juniors et nos seniors<\/strong> et <strong>des s\u00e9ances de mini-tennis<\/strong> pour les tr\u00e8s jeunes \u00e0 partir de 4 ans. Nous proposons \u00e9galement des <strong>stages multi sports pendant les vacances.<\/strong><\/p>\n<p>Pour la comp\u00e9tition <strong>nous avons des \u00e9quipes engag\u00e9es dans les diff\u00e9rentes comp\u00e9titions r\u00e9gionales interclubs<\/strong> et nous avons commenc\u00e9 notre tournoi open (du 17 Novembre au 17 D\u00e9cembre 2023) qui est toujours un moment convivial du club et qui attire des joueurs de toute la r\u00e9gion.<\/p>\n<p>Nous avons \u00e9galement organis\u00e9 des TMC et des plateaux jeunes pour d\u00e9velopper la comp\u00e9tition chez les jeunes. Nous organisons \u00e9galement <strong>une tourn\u00e9e d&rsquo;\u00e9t\u00e9 o\u00f9 nos enseignants emm\u00e8nent nos jeunes faire des comp\u00e9titions dans le sud de la France<\/strong> <strong>\u00ab <\/strong>.<\/p>\n<p><span style=\"background-color: #000000; color: #ffffff;\"><strong>Un petit bilan sportif de cette ann\u00e9e 2023 ?<\/strong><\/span><\/p>\n<p>\u00bb <strong>L\u2019ann\u00e9e 2023 a \u00e9t\u00e9 plut\u00f4t positive avec 2 \u00e9quipes seniors maintenues en r\u00e9gionale <\/strong>apr\u00e8s \u00eatre mont\u00e9es l\u2019ann\u00e9e derni\u00e8re et <strong>plus de 110 comp\u00e9titeurs.<\/strong><\/p>\n<p><strong>L\u2019objectif principal de la future saison<\/strong>, outre d\u2019assurer l\u2019\u00e9quilibre financier indispensable \u00e0 la survie du club, sera encore <strong>concentr\u00e9 sur le d\u00e9veloppement des jeunes et la mise en avant du tennis f\u00e9minin<\/strong>.<\/p>\n<p><strong>L\u2019ann\u00e9e 2024 s\u2019av\u00e8re tr\u00e8s riche puisque le club f\u00eatera ses 40 ans lors d\u2019une soir\u00e9e dansante pr\u00e9vue le samedi 9 mars 2024 \u00ab .<\/strong><\/p>\n<hr \/>\n<p><strong><span style=\"background-color: #000000; color: #ffffff;\">Et pour conclure une devise du club ?<\/span><\/strong><\/p>\n<div class=\"ydp19a23853yahoo-style-wrap\">\n<div dir=\"ltr\" data-setdir=\"false\"><span style=\"background-color: #000000; font-size: 14pt;\"><span style=\"color: #ffffff;\">\u00bb <\/span><strong><span style=\"color: #ffcc00;\"><span style=\"background-color: #000000;\">Tout seul on va plus vite mais ensemble on va plus loin<\/span> !<\/span> <span style=\"color: #ffffff;\">\u00ab <\/span><\/strong><span style=\"color: #ffffff;\">.<\/span><\/span><\/div>\n<div dir=\"ltr\" data-setdir=\"false\"><\/div>\n<div dir=\"ltr\" data-setdir=\"false\">\n<hr \/>\n<\/div>\n<\/div>\n<div dir=\"ltr\" data-setdir=\"false\">\n<hr \/>\n<\/div>\n<div class=\"ydp19a23853yahoo-style-wrap\">\n<div dir=\"ltr\" data-setdir=\"false\">\n<div id='gallery-1' class='gallery galleryid-195172 gallery-columns-2 gallery-size-full'><figure class='gallery-item'>\n\t\t\t<div class='gallery-icon landscape'>\n\t\t\t\t<a href='https:\/\/newsestlyonnais.fr\/site\/2023\/11\/24\/stephane-deshormieres-annee-2023-plutot-positive-avec-deux-equipes-seniors-maintenues-en-regionale\/diaporama\/'><img loading=\"lazy\" decoding=\"async\" width=\"1200\" height=\"1200\" src=\"https:\/\/newsestlyonnais.fr\/site\/wp-content\/uploads\/2023\/11\/Diaporama.jpg\" class=\"attachment-full size-full\" alt=\"\" srcset=\"https:\/\/newsestlyonnais.fr\/site\/wp-content\/uploads\/2023\/11\/Diaporama.jpg 1200w, https:\/\/newsestlyonnais.fr\/site\/wp-content\/uploads\/2023\/11\/Diaporama-400x400.jpg 400w, https:\/\/newsestlyonnais.fr\/site\/wp-content\/uploads\/2023\/11\/Diaporama-650x650.jpg 650w, https:\/\/newsestlyonnais.fr\/site\/wp-content\/uploads\/2023\/11\/Diaporama-250x250.jpg 250w, https:\/\/newsestlyonnais.fr\/site\/wp-content\/uploads\/2023\/11\/Diaporama-768x768.jpg 768w, https:\/\/newsestlyonnais.fr\/site\/wp-content\/uploads\/2023\/11\/Diaporama-150x150.jpg 150w, https:\/\/newsestlyonnais.fr\/site\/wp-content\/uploads\/2023\/11\/Diaporama-50x50.jpg 50w, https:\/\/newsestlyonnais.fr\/site\/wp-content\/uploads\/2023\/11\/Diaporama-100x100.jpg 100w, https:\/\/newsestlyonnais.fr\/site\/wp-content\/uploads\/2023\/11\/Diaporama-200x200.jpg 200w, https:\/\/newsestlyonnais.fr\/site\/wp-content\/uploads\/2023\/11\/Diaporama-300x300.jpg 300w, https:\/\/newsestlyonnais.fr\/site\/wp-content\/uploads\/2023\/11\/Diaporama-350x350.jpg 350w, https:\/\/newsestlyonnais.fr\/site\/wp-content\/uploads\/2023\/11\/Diaporama-450x450.jpg 450w, https:\/\/newsestlyonnais.fr\/site\/wp-content\/uploads\/2023\/11\/Diaporama-500x500.jpg 500w, https:\/\/newsestlyonnais.fr\/site\/wp-content\/uploads\/2023\/11\/Diaporama-550x550.jpg 550w, https:\/\/newsestlyonnais.fr\/site\/wp-content\/uploads\/2023\/11\/Diaporama-800x800.jpg 800w, https:\/\/newsestlyonnais.fr\/site\/wp-content\/uploads\/2023\/11\/Diaporama-45x45.jpg 45w\" sizes=\"auto, (max-width: 1200px) 100vw, 1200px\" \/><\/a>\n\t\t\t<\/div><\/figure><figure class='gallery-item'>\n\t\t\t<div class='gallery-icon portrait'>\n\t\t\t\t<a href='https:\/\/newsestlyonnais.fr\/site\/events\/jonage-open-de-tennis\/img-20231120-wa0006\/'><img loading=\"lazy\" decoding=\"async\" width=\"851\" height=\"1200\" src=\"https:\/\/newsestlyonnais.fr\/site\/wp-content\/uploads\/2023\/11\/IMG-20231120-WA0006.jpg\" class=\"attachment-full size-full\" alt=\"\" srcset=\"https:\/\/newsestlyonnais.fr\/site\/wp-content\/uploads\/2023\/11\/IMG-20231120-WA0006.jpg 851w, https:\/\/newsestlyonnais.fr\/site\/wp-content\/uploads\/2023\/11\/IMG-20231120-WA0006-400x564.jpg 400w, https:\/\/newsestlyonnais.fr\/site\/wp-content\/uploads\/2023\/11\/IMG-20231120-WA0006-650x917.jpg 650w, https:\/\/newsestlyonnais.fr\/site\/wp-content\/uploads\/2023\/11\/IMG-20231120-WA0006-250x353.jpg 250w, https:\/\/newsestlyonnais.fr\/site\/wp-content\/uploads\/2023\/11\/IMG-20231120-WA0006-768x1083.jpg 768w, https:\/\/newsestlyonnais.fr\/site\/wp-content\/uploads\/2023\/11\/IMG-20231120-WA0006-150x212.jpg 150w, https:\/\/newsestlyonnais.fr\/site\/wp-content\/uploads\/2023\/11\/IMG-20231120-WA0006-50x71.jpg 50w, https:\/\/newsestlyonnais.fr\/site\/wp-content\/uploads\/2023\/11\/IMG-20231120-WA0006-100x141.jpg 100w, https:\/\/newsestlyonnais.fr\/site\/wp-content\/uploads\/2023\/11\/IMG-20231120-WA0006-200x282.jpg 200w, https:\/\/newsestlyonnais.fr\/site\/wp-content\/uploads\/2023\/11\/IMG-20231120-WA0006-300x423.jpg 300w, https:\/\/newsestlyonnais.fr\/site\/wp-content\/uploads\/2023\/11\/IMG-20231120-WA0006-350x494.jpg 350w, https:\/\/newsestlyonnais.fr\/site\/wp-content\/uploads\/2023\/11\/IMG-20231120-WA0006-450x635.jpg 450w, https:\/\/newsestlyonnais.fr\/site\/wp-content\/uploads\/2023\/11\/IMG-20231120-WA0006-500x705.jpg 500w, https:\/\/newsestlyonnais.fr\/site\/wp-content\/uploads\/2023\/11\/IMG-20231120-WA0006-550x776.jpg 550w, https:\/\/newsestlyonnais.fr\/site\/wp-content\/uploads\/2023\/11\/IMG-20231120-WA0006-800x1128.jpg 800w\" sizes=\"auto, (max-width: 851px) 100vw, 851px\" \/><\/a>\n\t\t\t<\/div><\/figure>\n\t\t<\/div>\n\n<\/div>\n<\/div>\n","protected":false},"excerpt":{"rendered":"<p>Il est depuis 2019 le pr\u00e9sident du Tennis Club de Jonage, section en progression constante qui \u00e9tablit cette ann\u00e9e son record d&rsquo;effectif et c\u00e9l\u00e8brera ses 40 ans en mars 2024.<\/p>\n","protected":false},"author":4,"featured_media":195174,"comment_status":"open","ping_status":"open","sticky":false,"template":"","format":"standard","meta":{"footnotes":""},"categories":[4626,4286,137,1303,2992,2991],"tags":[2121,4937,2049,4942],"class_list":["post-195172","post","type-post","status-publish","format-standard","has-post-thumbnail","hentry","category-arbitrage-benevolat-coaching","category-interview-a-la-une","category-interviews","category-jonage","category-tennis-padel","category-tennis-tennis-table-sports","tag-jonage","tag-stephane-deshormieres","tag-tennis","tag-tennis-club-de-jonage"],"yoast_head":"<!-- This site is optimized with the Yoast SEO plugin v27.2 - https:\/\/yoast.com\/product\/yoast-seo-wordpress\/ -->\n<title>St\u00e9phane Deshormieres \u00ab Ann\u00e9e 2023 plut\u00f4t positive avec deux \u00e9quipes seniors maintenues en r\u00e9gionale \u00bb - News Est Lyonnais<\/title>\n<meta name=\"description\" content=\"St\u00e9phane Deshormieres \u00ab Ann\u00e9e 2023 plut\u00f4t positive avec deux \u00e9quipes seniors maintenues en r\u00e9gionale \u00bb\" \/>\n<meta name=\"robots\" content=\"index, follow, max-snippet:-1, max-image-preview:large, max-video-preview:-1\" \/>\n<link rel=\"canonical\" href=\"https:\/\/newsestlyonnais.fr\/site\/2023\/11\/24\/stephane-deshormieres-annee-2023-plutot-positive-avec-deux-equipes-seniors-maintenues-en-regionale\/\" \/>\n<meta property=\"og:locale\" content=\"fr_FR\" \/>\n<meta property=\"og:type\" content=\"article\" \/>\n<meta property=\"og:title\" content=\"St\u00e9phane Deshormieres \u00ab Ann\u00e9e 2023 plut\u00f4t positive avec deux \u00e9quipes seniors maintenues en r\u00e9gionale \u00bb - News Est Lyonnais\" \/>\n<meta property=\"og:description\" content=\"St\u00e9phane Deshormieres \u00ab Ann\u00e9e 2023 plut\u00f4t positive avec deux \u00e9quipes seniors maintenues en r\u00e9gionale \u00bb\" \/>\n<meta property=\"og:url\" content=\"https:\/\/newsestlyonnais.fr\/site\/2023\/11\/24\/stephane-deshormieres-annee-2023-plutot-positive-avec-deux-equipes-seniors-maintenues-en-regionale\/\" \/>\n<meta property=\"og:site_name\" content=\"News Est Lyonnais\" \/>\n<meta property=\"article:author\" content=\"https:\/\/www.facebook.com\/pascal.oberson.1?fref=ts\" \/>\n<meta property=\"article:published_time\" content=\"2023-11-24T13:44:22+00:00\" \/>\n<meta property=\"article:modified_time\" content=\"2023-11-24T17:53:51+00:00\" \/>\n<meta property=\"og:image\" content=\"https:\/\/newsestlyonnais.fr\/site\/wp-content\/uploads\/2023\/11\/IMG-20231118-WA0009-1.jpg\" \/>\n\t<meta property=\"og:image:width\" content=\"1200\" \/>\n\t<meta property=\"og:image:height\" content=\"900\" \/>\n\t<meta property=\"og:image:type\" content=\"image\/jpeg\" \/>\n<meta name=\"author\" content=\"R\u00e9dac. NEWS\" \/>\n<meta name=\"twitter:card\" content=\"summary_large_image\" \/>\n<meta name=\"twitter:label1\" content=\"\u00c9crit par\" \/>\n\t<meta name=\"twitter:data1\" content=\"R\u00e9dac. NEWS\" \/>\n\t<meta name=\"twitter:label2\" content=\"Dur\u00e9e de lecture estim\u00e9e\" \/>\n\t<meta name=\"twitter:data2\" content=\"3 minutes\" \/>\n<script type=\"application\/ld+json\" class=\"yoast-schema-graph\">{\"@context\":\"https:\/\/schema.org\",\"@graph\":[{\"@type\":\"Article\",\"@id\":\"https:\/\/newsestlyonnais.fr\/site\/2023\/11\/24\/stephane-deshormieres-annee-2023-plutot-positive-avec-deux-equipes-seniors-maintenues-en-regionale\/#article\",\"isPartOf\":{\"@id\":\"https:\/\/newsestlyonnais.fr\/site\/2023\/11\/24\/stephane-deshormieres-annee-2023-plutot-positive-avec-deux-equipes-seniors-maintenues-en-regionale\/\"},\"author\":{\"name\":\"R\u00e9dac. NEWS\",\"@id\":\"https:\/\/newsestlyonnais.fr\/site\/#\/schema\/person\/3230d5615f390bb808365d673001e887\"},\"headline\":\"St\u00e9phane Deshormieres \u00ab Ann\u00e9e 2023 plut\u00f4t positive avec deux \u00e9quipes seniors maintenues en r\u00e9gionale \u00bb\",\"datePublished\":\"2023-11-24T13:44:22+00:00\",\"dateModified\":\"2023-11-24T17:53:51+00:00\",\"mainEntityOfPage\":{\"@id\":\"https:\/\/newsestlyonnais.fr\/site\/2023\/11\/24\/stephane-deshormieres-annee-2023-plutot-positive-avec-deux-equipes-seniors-maintenues-en-regionale\/\"},\"wordCount\":549,\"commentCount\":0,\"publisher\":{\"@id\":\"https:\/\/newsestlyonnais.fr\/site\/#organization\"},\"image\":{\"@id\":\"https:\/\/newsestlyonnais.fr\/site\/2023\/11\/24\/stephane-deshormieres-annee-2023-plutot-positive-avec-deux-equipes-seniors-maintenues-en-regionale\/#primaryimage\"},\"thumbnailUrl\":\"https:\/\/newsestlyonnais.fr\/site\/wp-content\/uploads\/2023\/11\/IMG-20231118-WA0009-1.jpg\",\"keywords\":[\"JONAGE\",\"St\u00e9phane Deshormieres\",\"TENNIS\",\"Tennis Club de Jonage\"],\"articleSection\":[\"Arbitrage | B\u00e9n\u00e9volat | Coaching\",\"Interview \u00e0 la une\",\"Interviews\",\"Jonage\",\"Tennis | Padel\",\"Tennis | Tennis de table\"],\"inLanguage\":\"fr-FR\",\"potentialAction\":[{\"@type\":\"CommentAction\",\"name\":\"Comment\",\"target\":[\"https:\/\/newsestlyonnais.fr\/site\/2023\/11\/24\/stephane-deshormieres-annee-2023-plutot-positive-avec-deux-equipes-seniors-maintenues-en-regionale\/#respond\"]}]},{\"@type\":\"WebPage\",\"@id\":\"https:\/\/newsestlyonnais.fr\/site\/2023\/11\/24\/stephane-deshormieres-annee-2023-plutot-positive-avec-deux-equipes-seniors-maintenues-en-regionale\/\",\"url\":\"https:\/\/newsestlyonnais.fr\/site\/2023\/11\/24\/stephane-deshormieres-annee-2023-plutot-positive-avec-deux-equipes-seniors-maintenues-en-regionale\/\",\"name\":\"St\u00e9phane Deshormieres \u00ab Ann\u00e9e 2023 plut\u00f4t positive avec deux \u00e9quipes seniors maintenues en r\u00e9gionale \u00bb - News Est Lyonnais\",\"isPartOf\":{\"@id\":\"https:\/\/newsestlyonnais.fr\/site\/#website\"},\"primaryImageOfPage\":{\"@id\":\"https:\/\/newsestlyonnais.fr\/site\/2023\/11\/24\/stephane-deshormieres-annee-2023-plutot-positive-avec-deux-equipes-seniors-maintenues-en-regionale\/#primaryimage\"},\"image\":{\"@id\":\"https:\/\/newsestlyonnais.fr\/site\/2023\/11\/24\/stephane-deshormieres-annee-2023-plutot-positive-avec-deux-equipes-seniors-maintenues-en-regionale\/#primaryimage\"},\"thumbnailUrl\":\"https:\/\/newsestlyonnais.fr\/site\/wp-content\/uploads\/2023\/11\/IMG-20231118-WA0009-1.jpg\",\"datePublished\":\"2023-11-24T13:44:22+00:00\",\"dateModified\":\"2023-11-24T17:53:51+00:00\",\"description\":\"St\u00e9phane Deshormieres \u00ab Ann\u00e9e 2023 plut\u00f4t positive avec deux \u00e9quipes seniors maintenues en r\u00e9gionale \u00bb\",\"breadcrumb\":{\"@id\":\"https:\/\/newsestlyonnais.fr\/site\/2023\/11\/24\/stephane-deshormieres-annee-2023-plutot-positive-avec-deux-equipes-seniors-maintenues-en-regionale\/#breadcrumb\"},\"inLanguage\":\"fr-FR\",\"potentialAction\":[{\"@type\":\"ReadAction\",\"target\":[\"https:\/\/newsestlyonnais.fr\/site\/2023\/11\/24\/stephane-deshormieres-annee-2023-plutot-positive-avec-deux-equipes-seniors-maintenues-en-regionale\/\"]}]},{\"@type\":\"ImageObject\",\"inLanguage\":\"fr-FR\",\"@id\":\"https:\/\/newsestlyonnais.fr\/site\/2023\/11\/24\/stephane-deshormieres-annee-2023-plutot-positive-avec-deux-equipes-seniors-maintenues-en-regionale\/#primaryimage\",\"url\":\"https:\/\/newsestlyonnais.fr\/site\/wp-content\/uploads\/2023\/11\/IMG-20231118-WA0009-1.jpg\",\"contentUrl\":\"https:\/\/newsestlyonnais.fr\/site\/wp-content\/uploads\/2023\/11\/IMG-20231118-WA0009-1.jpg\",\"width\":1200,\"height\":900},{\"@type\":\"BreadcrumbList\",\"@id\":\"https:\/\/newsestlyonnais.fr\/site\/2023\/11\/24\/stephane-deshormieres-annee-2023-plutot-positive-avec-deux-equipes-seniors-maintenues-en-regionale\/#breadcrumb\",\"itemListElement\":[{\"@type\":\"ListItem\",\"position\":1,\"name\":\"Accueil\",\"item\":\"https:\/\/newsestlyonnais.fr\/site\/\"},{\"@type\":\"ListItem\",\"position\":2,\"name\":\"St\u00e9phane Deshormieres \u00ab Ann\u00e9e 2023 plut\u00f4t positive avec deux \u00e9quipes seniors maintenues en r\u00e9gionale \u00bb\"}]},{\"@type\":\"WebSite\",\"@id\":\"https:\/\/newsestlyonnais.fr\/site\/#website\",\"url\":\"https:\/\/newsestlyonnais.fr\/site\/\",\"name\":\"News Est Lyonnais\",\"description\":\"L&#039;actualit\u00e9 au plus pr\u00e8s\",\"publisher\":{\"@id\":\"https:\/\/newsestlyonnais.fr\/site\/#organization\"},\"potentialAction\":[{\"@type\":\"SearchAction\",\"target\":{\"@type\":\"EntryPoint\",\"urlTemplate\":\"https:\/\/newsestlyonnais.fr\/site\/?s={search_term_string}\"},\"query-input\":{\"@type\":\"PropertyValueSpecification\",\"valueRequired\":true,\"valueName\":\"search_term_string\"}}],\"inLanguage\":\"fr-FR\"},{\"@type\":\"Organization\",\"@id\":\"https:\/\/newsestlyonnais.fr\/site\/#organization\",\"name\":\"News EST LYONNAIS\",\"url\":\"https:\/\/newsestlyonnais.fr\/site\/\",\"logo\":{\"@type\":\"ImageObject\",\"inLanguage\":\"fr-FR\",\"@id\":\"https:\/\/newsestlyonnais.fr\/site\/#\/schema\/logo\/image\/\",\"url\":\"\",\"contentUrl\":\"\",\"caption\":\"News EST LYONNAIS\"},\"image\":{\"@id\":\"https:\/\/newsestlyonnais.fr\/site\/#\/schema\/logo\/image\/\"}},{\"@type\":\"Person\",\"@id\":\"https:\/\/newsestlyonnais.fr\/site\/#\/schema\/person\/3230d5615f390bb808365d673001e887\",\"name\":\"R\u00e9dac. NEWS\",\"sameAs\":[\"http:\/\/www.newsestlyonnais.fr\",\"https:\/\/www.facebook.com\/pascal.oberson.1?fref=ts\",\"https:\/\/fr.linkedin.com\/in\/pascal-oberson-b17045113\"],\"url\":\"https:\/\/newsestlyonnais.fr\/site\/author\/nel\/\"}]}<\/script>\n<!-- \/ Yoast SEO plugin. -->","yoast_head_json":{"title":"St\u00e9phane Deshormieres \u00ab Ann\u00e9e 2023 plut\u00f4t positive avec deux \u00e9quipes seniors maintenues en r\u00e9gionale \u00bb - News Est Lyonnais","description":"St\u00e9phane Deshormieres \u00ab Ann\u00e9e 2023 plut\u00f4t positive avec deux \u00e9quipes seniors maintenues en r\u00e9gionale \u00bb","robots":{"index":"index","follow":"follow","max-snippet":"max-snippet:-1","max-image-preview":"max-image-preview:large","max-video-preview":"max-video-preview:-1"},"canonical":"https:\/\/newsestlyonnais.fr\/site\/2023\/11\/24\/stephane-deshormieres-annee-2023-plutot-positive-avec-deux-equipes-seniors-maintenues-en-regionale\/","og_locale":"fr_FR","og_type":"article","og_title":"St\u00e9phane Deshormieres \u00ab Ann\u00e9e 2023 plut\u00f4t positive avec deux \u00e9quipes seniors maintenues en r\u00e9gionale \u00bb - News Est Lyonnais","og_description":"St\u00e9phane Deshormieres \u00ab Ann\u00e9e 2023 plut\u00f4t positive avec deux \u00e9quipes seniors maintenues en r\u00e9gionale \u00bb","og_url":"https:\/\/newsestlyonnais.fr\/site\/2023\/11\/24\/stephane-deshormieres-annee-2023-plutot-positive-avec-deux-equipes-seniors-maintenues-en-regionale\/","og_site_name":"News Est Lyonnais","article_author":"https:\/\/www.facebook.com\/pascal.oberson.1?fref=ts","article_published_time":"2023-11-24T13:44:22+00:00","article_modified_time":"2023-11-24T17:53:51+00:00","og_image":[{"width":1200,"height":900,"url":"https:\/\/newsestlyonnais.fr\/site\/wp-content\/uploads\/2023\/11\/IMG-20231118-WA0009-1.jpg","type":"image\/jpeg"}],"author":"R\u00e9dac. NEWS","twitter_card":"summary_large_image","twitter_misc":{"\u00c9crit par":"R\u00e9dac. NEWS","Dur\u00e9e de lecture estim\u00e9e":"3 minutes"},"schema":{"@context":"https:\/\/schema.org","@graph":[{"@type":"Article","@id":"https:\/\/newsestlyonnais.fr\/site\/2023\/11\/24\/stephane-deshormieres-annee-2023-plutot-positive-avec-deux-equipes-seniors-maintenues-en-regionale\/#article","isPartOf":{"@id":"https:\/\/newsestlyonnais.fr\/site\/2023\/11\/24\/stephane-deshormieres-annee-2023-plutot-positive-avec-deux-equipes-seniors-maintenues-en-regionale\/"},"author":{"name":"R\u00e9dac. NEWS","@id":"https:\/\/newsestlyonnais.fr\/site\/#\/schema\/person\/3230d5615f390bb808365d673001e887"},"headline":"St\u00e9phane Deshormieres \u00ab Ann\u00e9e 2023 plut\u00f4t positive avec deux \u00e9quipes seniors maintenues en r\u00e9gionale \u00bb","datePublished":"2023-11-24T13:44:22+00:00","dateModified":"2023-11-24T17:53:51+00:00","mainEntityOfPage":{"@id":"https:\/\/newsestlyonnais.fr\/site\/2023\/11\/24\/stephane-deshormieres-annee-2023-plutot-positive-avec-deux-equipes-seniors-maintenues-en-regionale\/"},"wordCount":549,"commentCount":0,"publisher":{"@id":"https:\/\/newsestlyonnais.fr\/site\/#organization"},"image":{"@id":"https:\/\/newsestlyonnais.fr\/site\/2023\/11\/24\/stephane-deshormieres-annee-2023-plutot-positive-avec-deux-equipes-seniors-maintenues-en-regionale\/#primaryimage"},"thumbnailUrl":"https:\/\/newsestlyonnais.fr\/site\/wp-content\/uploads\/2023\/11\/IMG-20231118-WA0009-1.jpg","keywords":["JONAGE","St\u00e9phane Deshormieres","TENNIS","Tennis Club de Jonage"],"articleSection":["Arbitrage | B\u00e9n\u00e9volat | Coaching","Interview \u00e0 la une","Interviews","Jonage","Tennis | Padel","Tennis | Tennis de table"],"inLanguage":"fr-FR","potentialAction":[{"@type":"CommentAction","name":"Comment","target":["https:\/\/newsestlyonnais.fr\/site\/2023\/11\/24\/stephane-deshormieres-annee-2023-plutot-positive-avec-deux-equipes-seniors-maintenues-en-regionale\/#respond"]}]},{"@type":"WebPage","@id":"https:\/\/newsestlyonnais.fr\/site\/2023\/11\/24\/stephane-deshormieres-annee-2023-plutot-positive-avec-deux-equipes-seniors-maintenues-en-regionale\/","url":"https:\/\/newsestlyonnais.fr\/site\/2023\/11\/24\/stephane-deshormieres-annee-2023-plutot-positive-avec-deux-equipes-seniors-maintenues-en-regionale\/","name":"St\u00e9phane Deshormieres \u00ab Ann\u00e9e 2023 plut\u00f4t positive avec deux \u00e9quipes seniors maintenues en r\u00e9gionale \u00bb - News Est Lyonnais","isPartOf":{"@id":"https:\/\/newsestlyonnais.fr\/site\/#website"},"primaryImageOfPage":{"@id":"https:\/\/newsestlyonnais.fr\/site\/2023\/11\/24\/stephane-deshormieres-annee-2023-plutot-positive-avec-deux-equipes-seniors-maintenues-en-regionale\/#primaryimage"},"image":{"@id":"https:\/\/newsestlyonnais.fr\/site\/2023\/11\/24\/stephane-deshormieres-annee-2023-plutot-positive-avec-deux-equipes-seniors-maintenues-en-regionale\/#primaryimage"},"thumbnailUrl":"https:\/\/newsestlyonnais.fr\/site\/wp-content\/uploads\/2023\/11\/IMG-20231118-WA0009-1.jpg","datePublished":"2023-11-24T13:44:22+00:00","dateModified":"2023-11-24T17:53:51+00:00","description":"St\u00e9phane Deshormieres \u00ab Ann\u00e9e 2023 plut\u00f4t positive avec deux \u00e9quipes seniors maintenues en r\u00e9gionale \u00bb","breadcrumb":{"@id":"https:\/\/newsestlyonnais.fr\/site\/2023\/11\/24\/stephane-deshormieres-annee-2023-plutot-positive-avec-deux-equipes-seniors-maintenues-en-regionale\/#breadcrumb"},"inLanguage":"fr-FR","potentialAction":[{"@type":"ReadAction","target":["https:\/\/newsestlyonnais.fr\/site\/2023\/11\/24\/stephane-deshormieres-annee-2023-plutot-positive-avec-deux-equipes-seniors-maintenues-en-regionale\/"]}]},{"@type":"ImageObject","inLanguage":"fr-FR","@id":"https:\/\/newsestlyonnais.fr\/site\/2023\/11\/24\/stephane-deshormieres-annee-2023-plutot-positive-avec-deux-equipes-seniors-maintenues-en-regionale\/#primaryimage","url":"https:\/\/newsestlyonnais.fr\/site\/wp-content\/uploads\/2023\/11\/IMG-20231118-WA0009-1.jpg","contentUrl":"https:\/\/newsestlyonnais.fr\/site\/wp-content\/uploads\/2023\/11\/IMG-20231118-WA0009-1.jpg","width":1200,"height":900},{"@type":"BreadcrumbList","@id":"https:\/\/newsestlyonnais.fr\/site\/2023\/11\/24\/stephane-deshormieres-annee-2023-plutot-positive-avec-deux-equipes-seniors-maintenues-en-regionale\/#breadcrumb","itemListElement":[{"@type":"ListItem","position":1,"name":"Accueil","item":"https:\/\/newsestlyonnais.fr\/site\/"},{"@type":"ListItem","position":2,"name":"St\u00e9phane Deshormieres \u00ab Ann\u00e9e 2023 plut\u00f4t positive avec deux \u00e9quipes seniors maintenues en r\u00e9gionale \u00bb"}]},{"@type":"WebSite","@id":"https:\/\/newsestlyonnais.fr\/site\/#website","url":"https:\/\/newsestlyonnais.fr\/site\/","name":"News Est Lyonnais","description":"L&#039;actualit\u00e9 au plus pr\u00e8s","publisher":{"@id":"https:\/\/newsestlyonnais.fr\/site\/#organization"},"potentialAction":[{"@type":"SearchAction","target":{"@type":"EntryPoint","urlTemplate":"https:\/\/newsestlyonnais.fr\/site\/?s={search_term_string}"},"query-input":{"@type":"PropertyValueSpecification","valueRequired":true,"valueName":"search_term_string"}}],"inLanguage":"fr-FR"},{"@type":"Organization","@id":"https:\/\/newsestlyonnais.fr\/site\/#organization","name":"News EST LYONNAIS","url":"https:\/\/newsestlyonnais.fr\/site\/","logo":{"@type":"ImageObject","inLanguage":"fr-FR","@id":"https:\/\/newsestlyonnais.fr\/site\/#\/schema\/logo\/image\/","url":"","contentUrl":"","caption":"News EST LYONNAIS"},"image":{"@id":"https:\/\/newsestlyonnais.fr\/site\/#\/schema\/logo\/image\/"}},{"@type":"Person","@id":"https:\/\/newsestlyonnais.fr\/site\/#\/schema\/person\/3230d5615f390bb808365d673001e887","name":"R\u00e9dac. NEWS","sameAs":["http:\/\/www.newsestlyonnais.fr","https:\/\/www.facebook.com\/pascal.oberson.1?fref=ts","https:\/\/fr.linkedin.com\/in\/pascal-oberson-b17045113"],"url":"https:\/\/newsestlyonnais.fr\/site\/author\/nel\/"}]}},"_links":{"self":[{"href":"https:\/\/newsestlyonnais.fr\/site\/wp-json\/wp\/v2\/posts\/195172","targetHints":{"allow":["GET"]}}],"collection":[{"href":"https:\/\/newsestlyonnais.fr\/site\/wp-json\/wp\/v2\/posts"}],"about":[{"href":"https:\/\/newsestlyonnais.fr\/site\/wp-json\/wp\/v2\/types\/post"}],"author":[{"embeddable":true,"href":"https:\/\/newsestlyonnais.fr\/site\/wp-json\/wp\/v2\/users\/4"}],"replies":[{"embeddable":true,"href":"https:\/\/newsestlyonnais.fr\/site\/wp-json\/wp\/v2\/comments?post=195172"}],"version-history":[{"count":0,"href":"https:\/\/newsestlyonnais.fr\/site\/wp-json\/wp\/v2\/posts\/195172\/revisions"}],"wp:featuredmedia":[{"embeddable":true,"href":"https:\/\/newsestlyonnais.fr\/site\/wp-json\/wp\/v2\/media\/195174"}],"wp:attachment":[{"href":"https:\/\/newsestlyonnais.fr\/site\/wp-json\/wp\/v2\/media?parent=195172"}],"wp:term":[{"taxonomy":"category","embeddable":true,"href":"https:\/\/newsestlyonnais.fr\/site\/wp-json\/wp\/v2\/categories?post=195172"},{"taxonomy":"post_tag","embeddable":true,"href":"https:\/\/newsestlyonnais.fr\/site\/wp-json\/wp\/v2\/tags?post=195172"}],"curies":[{"name":"wp","href":"https:\/\/api.w.org\/{rel}","templated":true}]}}