{"id":195601,"date":"2023-11-30T08:07:34","date_gmt":"2023-11-30T07:07:34","guid":{"rendered":"https:\/\/newsestlyonnais.fr\/site\/?p=195601"},"modified":"2023-11-30T13:41:00","modified_gmt":"2023-11-30T12:41:00","slug":"villeurbanne-abattage-darbres-au-parc-de-la-feyssine","status":"publish","type":"post","link":"https:\/\/newsestlyonnais.fr\/site\/2023\/11\/30\/villeurbanne-abattage-darbres-au-parc-de-la-feyssine\/","title":{"rendered":"VILLEURBANNE | Abattage d\u2019arbres \u00e0 la Feyssine"},"content":{"rendered":"<p>323 arbres, morts sur pied, abattus entre mi-novembre et mi-d\u00e9cembre car ils pr\u00e9sentent un danger imminent pour les usagers. Les premiers travaux de plantation auront lieu durant l\u2019hiver 2024\/2025 afin de maintenir un boisement durable.<\/p>\n<p>Villeurbanne a engag\u00e9 une \u00e9tude qui a dur\u00e9 17 mois (mai 2022-septembre 2023) et qui a notamment permis de mener un diagnostic des 23 hectares de boisements. Les premiers r\u00e9sultats font \u00e9tat d&rsquo;un nombre important d&rsquo;arbres morts sur pied. Les d\u00e9p\u00e9rissements observ\u00e9s concernent principalement des peupliers et des saules, esp\u00e8ces pionni\u00e8res qui subissent les cons\u00e9quences du r\u00e9chauffement climatique et de l&rsquo;abaissement constat\u00e9 du niveau du Rh\u00f4ne.<\/p>\n<p>Un expert forestier a r\u00e9alis\u00e9 un diagnostic et pr\u00e9conis\u00e9 un abattage des arbres morts ou d\u00e9p\u00e9rissants dans les meilleurs d\u00e9lais car ils risquent de tomber. La Ville est responsable de l\u2019entretien des boisements de ce parc, fr\u00e9quent\u00e9 par plusieurs milliers de visiteurs par an. Chaque arbre sera trait\u00e9 en fonction de sa localisation, de sa dangerosit\u00e9, de sa valeur \u00e9cologique et patrimoniale. Certains troncs d\u2019arbres seront conserv\u00e9s dans le but de favoriser la biodiversit\u00e9 et de servir d\u2019habitat aux esp\u00e8ces vivant dans le bois en d\u00e9composition. D\u2019autres serviront \u00e0 la cr\u00e9ation d\u2019assises ou seront broy\u00e9s afin de r\u00e9aliser du paillage pour la v\u00e9g\u00e9tation dans les parcs, jardins et les bandes plant\u00e9es.<\/p>\n<hr \/>\n<p>L\u2019objectif est de faire \u00e9voluer cette for\u00eat avec une r\u00e9g\u00e9n\u00e9ration soit spontan\u00e9e, soit guid\u00e9e, de fa\u00e7on \u00e0 maintenir un boisement durable et coh\u00e9rent avec les enjeux \u00e9cologiques et d\u2019usages du parc de la Feyssine. Les premiers travaux de plantation seront effectu\u00e9s \u00e0 partir de l\u2019automne\/hiver 2024-2025.<\/p>\n","protected":false},"excerpt":{"rendered":"<p>Les boisements du parc am\u00e9nag\u00e9 il y a plus de 20 ans, sont vieillissants. <\/p>\n","protected":false},"author":4,"featured_media":118407,"comment_status":"open","ping_status":"open","sticky":false,"template":"","format":"standard","meta":{"footnotes":""},"categories":[3010,4948,29],"tags":[],"class_list":["post-195601","post","type-post","status-publish","format-standard","has-post-thumbnail","hentry","category-nature-environnement-culture-et-loisirs","category-que-de-breves","category-villeurbanne"],"yoast_head":"<!-- This site is optimized with the Yoast SEO plugin v27.2 - https:\/\/yoast.com\/product\/yoast-seo-wordpress\/ -->\n<title>VILLEURBANNE | Abattage d\u2019arbres \u00e0 la Feyssine - News Est Lyonnais<\/title>\n<meta name=\"description\" content=\"VILLEURBANNE | Abattage d\u2019arbres au parc de la Feyssine\" \/>\n<meta name=\"robots\" content=\"index, follow, max-snippet:-1, max-image-preview:large, max-video-preview:-1\" \/>\n<link rel=\"canonical\" href=\"https:\/\/newsestlyonnais.fr\/site\/2023\/11\/30\/villeurbanne-abattage-darbres-au-parc-de-la-feyssine\/\" \/>\n<meta property=\"og:locale\" content=\"fr_FR\" \/>\n<meta property=\"og:type\" content=\"article\" \/>\n<meta property=\"og:title\" content=\"VILLEURBANNE | Abattage d\u2019arbres \u00e0 la Feyssine - News Est Lyonnais\" \/>\n<meta property=\"og:description\" content=\"VILLEURBANNE | Abattage d\u2019arbres au parc de la Feyssine\" \/>\n<meta property=\"og:url\" content=\"https:\/\/newsestlyonnais.fr\/site\/2023\/11\/30\/villeurbanne-abattage-darbres-au-parc-de-la-feyssine\/\" \/>\n<meta property=\"og:site_name\" content=\"News Est Lyonnais\" \/>\n<meta property=\"article:author\" content=\"https:\/\/www.facebook.com\/pascal.oberson.1?fref=ts\" \/>\n<meta property=\"article:published_time\" content=\"2023-11-30T07:07:34+00:00\" \/>\n<meta property=\"article:modified_time\" content=\"2023-11-30T12:41:00+00:00\" \/>\n<meta property=\"og:image\" content=\"https:\/\/newsestlyonnais.fr\/site\/wp-content\/uploads\/2020\/11\/NEWSESTLYONNAIS-GRATTE-CIEL-VILL..jpg\" \/>\n\t<meta property=\"og:image:width\" content=\"1067\" \/>\n\t<meta property=\"og:image:height\" content=\"800\" \/>\n\t<meta property=\"og:image:type\" content=\"image\/jpeg\" \/>\n<meta name=\"author\" content=\"R\u00e9dac. NEWS\" \/>\n<meta name=\"twitter:card\" content=\"summary_large_image\" \/>\n<meta name=\"twitter:label1\" content=\"\u00c9crit par\" \/>\n\t<meta name=\"twitter:data1\" content=\"R\u00e9dac. NEWS\" \/>\n\t<meta name=\"twitter:label2\" content=\"Dur\u00e9e de lecture estim\u00e9e\" \/>\n\t<meta name=\"twitter:data2\" content=\"2 minutes\" \/>\n<script type=\"application\/ld+json\" class=\"yoast-schema-graph\">{\"@context\":\"https:\/\/schema.org\",\"@graph\":[{\"@type\":\"Article\",\"@id\":\"https:\/\/newsestlyonnais.fr\/site\/2023\/11\/30\/villeurbanne-abattage-darbres-au-parc-de-la-feyssine\/#article\",\"isPartOf\":{\"@id\":\"https:\/\/newsestlyonnais.fr\/site\/2023\/11\/30\/villeurbanne-abattage-darbres-au-parc-de-la-feyssine\/\"},\"author\":{\"name\":\"R\u00e9dac. NEWS\",\"@id\":\"https:\/\/newsestlyonnais.fr\/site\/#\/schema\/person\/3230d5615f390bb808365d673001e887\"},\"headline\":\"VILLEURBANNE | Abattage d\u2019arbres \u00e0 la Feyssine\",\"datePublished\":\"2023-11-30T07:07:34+00:00\",\"dateModified\":\"2023-11-30T12:41:00+00:00\",\"mainEntityOfPage\":{\"@id\":\"https:\/\/newsestlyonnais.fr\/site\/2023\/11\/30\/villeurbanne-abattage-darbres-au-parc-de-la-feyssine\/\"},\"wordCount\":304,\"commentCount\":0,\"publisher\":{\"@id\":\"https:\/\/newsestlyonnais.fr\/site\/#organization\"},\"image\":{\"@id\":\"https:\/\/newsestlyonnais.fr\/site\/2023\/11\/30\/villeurbanne-abattage-darbres-au-parc-de-la-feyssine\/#primaryimage\"},\"thumbnailUrl\":\"https:\/\/newsestlyonnais.fr\/site\/wp-content\/uploads\/2020\/11\/NEWSESTLYONNAIS-GRATTE-CIEL-VILL..jpg\",\"articleSection\":[\"Nature | Environnement | Chasse\",\"Que de br\u00e8ves ...\",\"Villeurbanne\"],\"inLanguage\":\"fr-FR\",\"potentialAction\":[{\"@type\":\"CommentAction\",\"name\":\"Comment\",\"target\":[\"https:\/\/newsestlyonnais.fr\/site\/2023\/11\/30\/villeurbanne-abattage-darbres-au-parc-de-la-feyssine\/#respond\"]}]},{\"@type\":\"WebPage\",\"@id\":\"https:\/\/newsestlyonnais.fr\/site\/2023\/11\/30\/villeurbanne-abattage-darbres-au-parc-de-la-feyssine\/\",\"url\":\"https:\/\/newsestlyonnais.fr\/site\/2023\/11\/30\/villeurbanne-abattage-darbres-au-parc-de-la-feyssine\/\",\"name\":\"VILLEURBANNE | Abattage d\u2019arbres \u00e0 la Feyssine - News Est Lyonnais\",\"isPartOf\":{\"@id\":\"https:\/\/newsestlyonnais.fr\/site\/#website\"},\"primaryImageOfPage\":{\"@id\":\"https:\/\/newsestlyonnais.fr\/site\/2023\/11\/30\/villeurbanne-abattage-darbres-au-parc-de-la-feyssine\/#primaryimage\"},\"image\":{\"@id\":\"https:\/\/newsestlyonnais.fr\/site\/2023\/11\/30\/villeurbanne-abattage-darbres-au-parc-de-la-feyssine\/#primaryimage\"},\"thumbnailUrl\":\"https:\/\/newsestlyonnais.fr\/site\/wp-content\/uploads\/2020\/11\/NEWSESTLYONNAIS-GRATTE-CIEL-VILL..jpg\",\"datePublished\":\"2023-11-30T07:07:34+00:00\",\"dateModified\":\"2023-11-30T12:41:00+00:00\",\"description\":\"VILLEURBANNE | Abattage d\u2019arbres au parc de la Feyssine\",\"breadcrumb\":{\"@id\":\"https:\/\/newsestlyonnais.fr\/site\/2023\/11\/30\/villeurbanne-abattage-darbres-au-parc-de-la-feyssine\/#breadcrumb\"},\"inLanguage\":\"fr-FR\",\"potentialAction\":[{\"@type\":\"ReadAction\",\"target\":[\"https:\/\/newsestlyonnais.fr\/site\/2023\/11\/30\/villeurbanne-abattage-darbres-au-parc-de-la-feyssine\/\"]}]},{\"@type\":\"ImageObject\",\"inLanguage\":\"fr-FR\",\"@id\":\"https:\/\/newsestlyonnais.fr\/site\/2023\/11\/30\/villeurbanne-abattage-darbres-au-parc-de-la-feyssine\/#primaryimage\",\"url\":\"https:\/\/newsestlyonnais.fr\/site\/wp-content\/uploads\/2020\/11\/NEWSESTLYONNAIS-GRATTE-CIEL-VILL..jpg\",\"contentUrl\":\"https:\/\/newsestlyonnais.fr\/site\/wp-content\/uploads\/2020\/11\/NEWSESTLYONNAIS-GRATTE-CIEL-VILL..jpg\",\"width\":1067,\"height\":800},{\"@type\":\"BreadcrumbList\",\"@id\":\"https:\/\/newsestlyonnais.fr\/site\/2023\/11\/30\/villeurbanne-abattage-darbres-au-parc-de-la-feyssine\/#breadcrumb\",\"itemListElement\":[{\"@type\":\"ListItem\",\"position\":1,\"name\":\"Accueil\",\"item\":\"https:\/\/newsestlyonnais.fr\/site\/\"},{\"@type\":\"ListItem\",\"position\":2,\"name\":\"VILLEURBANNE | Abattage d\u2019arbres \u00e0 la Feyssine\"}]},{\"@type\":\"WebSite\",\"@id\":\"https:\/\/newsestlyonnais.fr\/site\/#website\",\"url\":\"https:\/\/newsestlyonnais.fr\/site\/\",\"name\":\"News Est Lyonnais\",\"description\":\"L&#039;actualit\u00e9 au plus pr\u00e8s\",\"publisher\":{\"@id\":\"https:\/\/newsestlyonnais.fr\/site\/#organization\"},\"potentialAction\":[{\"@type\":\"SearchAction\",\"target\":{\"@type\":\"EntryPoint\",\"urlTemplate\":\"https:\/\/newsestlyonnais.fr\/site\/?s={search_term_string}\"},\"query-input\":{\"@type\":\"PropertyValueSpecification\",\"valueRequired\":true,\"valueName\":\"search_term_string\"}}],\"inLanguage\":\"fr-FR\"},{\"@type\":\"Organization\",\"@id\":\"https:\/\/newsestlyonnais.fr\/site\/#organization\",\"name\":\"News EST LYONNAIS\",\"url\":\"https:\/\/newsestlyonnais.fr\/site\/\",\"logo\":{\"@type\":\"ImageObject\",\"inLanguage\":\"fr-FR\",\"@id\":\"https:\/\/newsestlyonnais.fr\/site\/#\/schema\/logo\/image\/\",\"url\":\"\",\"contentUrl\":\"\",\"caption\":\"News EST LYONNAIS\"},\"image\":{\"@id\":\"https:\/\/newsestlyonnais.fr\/site\/#\/schema\/logo\/image\/\"}},{\"@type\":\"Person\",\"@id\":\"https:\/\/newsestlyonnais.fr\/site\/#\/schema\/person\/3230d5615f390bb808365d673001e887\",\"name\":\"R\u00e9dac. NEWS\",\"sameAs\":[\"http:\/\/www.newsestlyonnais.fr\",\"https:\/\/www.facebook.com\/pascal.oberson.1?fref=ts\",\"https:\/\/fr.linkedin.com\/in\/pascal-oberson-b17045113\"],\"url\":\"https:\/\/newsestlyonnais.fr\/site\/author\/nel\/\"}]}<\/script>\n<!-- \/ Yoast SEO plugin. -->","yoast_head_json":{"title":"VILLEURBANNE | Abattage d\u2019arbres \u00e0 la Feyssine - News Est Lyonnais","description":"VILLEURBANNE | Abattage d\u2019arbres au parc de la Feyssine","robots":{"index":"index","follow":"follow","max-snippet":"max-snippet:-1","max-image-preview":"max-image-preview:large","max-video-preview":"max-video-preview:-1"},"canonical":"https:\/\/newsestlyonnais.fr\/site\/2023\/11\/30\/villeurbanne-abattage-darbres-au-parc-de-la-feyssine\/","og_locale":"fr_FR","og_type":"article","og_title":"VILLEURBANNE | Abattage d\u2019arbres \u00e0 la Feyssine - News Est Lyonnais","og_description":"VILLEURBANNE | Abattage d\u2019arbres au parc de la Feyssine","og_url":"https:\/\/newsestlyonnais.fr\/site\/2023\/11\/30\/villeurbanne-abattage-darbres-au-parc-de-la-feyssine\/","og_site_name":"News Est Lyonnais","article_author":"https:\/\/www.facebook.com\/pascal.oberson.1?fref=ts","article_published_time":"2023-11-30T07:07:34+00:00","article_modified_time":"2023-11-30T12:41:00+00:00","og_image":[{"width":1067,"height":800,"url":"https:\/\/newsestlyonnais.fr\/site\/wp-content\/uploads\/2020\/11\/NEWSESTLYONNAIS-GRATTE-CIEL-VILL..jpg","type":"image\/jpeg"}],"author":"R\u00e9dac. NEWS","twitter_card":"summary_large_image","twitter_misc":{"\u00c9crit par":"R\u00e9dac. NEWS","Dur\u00e9e de lecture estim\u00e9e":"2 minutes"},"schema":{"@context":"https:\/\/schema.org","@graph":[{"@type":"Article","@id":"https:\/\/newsestlyonnais.fr\/site\/2023\/11\/30\/villeurbanne-abattage-darbres-au-parc-de-la-feyssine\/#article","isPartOf":{"@id":"https:\/\/newsestlyonnais.fr\/site\/2023\/11\/30\/villeurbanne-abattage-darbres-au-parc-de-la-feyssine\/"},"author":{"name":"R\u00e9dac. NEWS","@id":"https:\/\/newsestlyonnais.fr\/site\/#\/schema\/person\/3230d5615f390bb808365d673001e887"},"headline":"VILLEURBANNE | Abattage d\u2019arbres \u00e0 la Feyssine","datePublished":"2023-11-30T07:07:34+00:00","dateModified":"2023-11-30T12:41:00+00:00","mainEntityOfPage":{"@id":"https:\/\/newsestlyonnais.fr\/site\/2023\/11\/30\/villeurbanne-abattage-darbres-au-parc-de-la-feyssine\/"},"wordCount":304,"commentCount":0,"publisher":{"@id":"https:\/\/newsestlyonnais.fr\/site\/#organization"},"image":{"@id":"https:\/\/newsestlyonnais.fr\/site\/2023\/11\/30\/villeurbanne-abattage-darbres-au-parc-de-la-feyssine\/#primaryimage"},"thumbnailUrl":"https:\/\/newsestlyonnais.fr\/site\/wp-content\/uploads\/2020\/11\/NEWSESTLYONNAIS-GRATTE-CIEL-VILL..jpg","articleSection":["Nature | Environnement | Chasse","Que de br\u00e8ves ...","Villeurbanne"],"inLanguage":"fr-FR","potentialAction":[{"@type":"CommentAction","name":"Comment","target":["https:\/\/newsestlyonnais.fr\/site\/2023\/11\/30\/villeurbanne-abattage-darbres-au-parc-de-la-feyssine\/#respond"]}]},{"@type":"WebPage","@id":"https:\/\/newsestlyonnais.fr\/site\/2023\/11\/30\/villeurbanne-abattage-darbres-au-parc-de-la-feyssine\/","url":"https:\/\/newsestlyonnais.fr\/site\/2023\/11\/30\/villeurbanne-abattage-darbres-au-parc-de-la-feyssine\/","name":"VILLEURBANNE | Abattage d\u2019arbres \u00e0 la Feyssine - News Est Lyonnais","isPartOf":{"@id":"https:\/\/newsestlyonnais.fr\/site\/#website"},"primaryImageOfPage":{"@id":"https:\/\/newsestlyonnais.fr\/site\/2023\/11\/30\/villeurbanne-abattage-darbres-au-parc-de-la-feyssine\/#primaryimage"},"image":{"@id":"https:\/\/newsestlyonnais.fr\/site\/2023\/11\/30\/villeurbanne-abattage-darbres-au-parc-de-la-feyssine\/#primaryimage"},"thumbnailUrl":"https:\/\/newsestlyonnais.fr\/site\/wp-content\/uploads\/2020\/11\/NEWSESTLYONNAIS-GRATTE-CIEL-VILL..jpg","datePublished":"2023-11-30T07:07:34+00:00","dateModified":"2023-11-30T12:41:00+00:00","description":"VILLEURBANNE | Abattage d\u2019arbres au parc de la Feyssine","breadcrumb":{"@id":"https:\/\/newsestlyonnais.fr\/site\/2023\/11\/30\/villeurbanne-abattage-darbres-au-parc-de-la-feyssine\/#breadcrumb"},"inLanguage":"fr-FR","potentialAction":[{"@type":"ReadAction","target":["https:\/\/newsestlyonnais.fr\/site\/2023\/11\/30\/villeurbanne-abattage-darbres-au-parc-de-la-feyssine\/"]}]},{"@type":"ImageObject","inLanguage":"fr-FR","@id":"https:\/\/newsestlyonnais.fr\/site\/2023\/11\/30\/villeurbanne-abattage-darbres-au-parc-de-la-feyssine\/#primaryimage","url":"https:\/\/newsestlyonnais.fr\/site\/wp-content\/uploads\/2020\/11\/NEWSESTLYONNAIS-GRATTE-CIEL-VILL..jpg","contentUrl":"https:\/\/newsestlyonnais.fr\/site\/wp-content\/uploads\/2020\/11\/NEWSESTLYONNAIS-GRATTE-CIEL-VILL..jpg","width":1067,"height":800},{"@type":"BreadcrumbList","@id":"https:\/\/newsestlyonnais.fr\/site\/2023\/11\/30\/villeurbanne-abattage-darbres-au-parc-de-la-feyssine\/#breadcrumb","itemListElement":[{"@type":"ListItem","position":1,"name":"Accueil","item":"https:\/\/newsestlyonnais.fr\/site\/"},{"@type":"ListItem","position":2,"name":"VILLEURBANNE | Abattage d\u2019arbres \u00e0 la Feyssine"}]},{"@type":"WebSite","@id":"https:\/\/newsestlyonnais.fr\/site\/#website","url":"https:\/\/newsestlyonnais.fr\/site\/","name":"News Est Lyonnais","description":"L&#039;actualit\u00e9 au plus pr\u00e8s","publisher":{"@id":"https:\/\/newsestlyonnais.fr\/site\/#organization"},"potentialAction":[{"@type":"SearchAction","target":{"@type":"EntryPoint","urlTemplate":"https:\/\/newsestlyonnais.fr\/site\/?s={search_term_string}"},"query-input":{"@type":"PropertyValueSpecification","valueRequired":true,"valueName":"search_term_string"}}],"inLanguage":"fr-FR"},{"@type":"Organization","@id":"https:\/\/newsestlyonnais.fr\/site\/#organization","name":"News EST LYONNAIS","url":"https:\/\/newsestlyonnais.fr\/site\/","logo":{"@type":"ImageObject","inLanguage":"fr-FR","@id":"https:\/\/newsestlyonnais.fr\/site\/#\/schema\/logo\/image\/","url":"","contentUrl":"","caption":"News EST LYONNAIS"},"image":{"@id":"https:\/\/newsestlyonnais.fr\/site\/#\/schema\/logo\/image\/"}},{"@type":"Person","@id":"https:\/\/newsestlyonnais.fr\/site\/#\/schema\/person\/3230d5615f390bb808365d673001e887","name":"R\u00e9dac. NEWS","sameAs":["http:\/\/www.newsestlyonnais.fr","https:\/\/www.facebook.com\/pascal.oberson.1?fref=ts","https:\/\/fr.linkedin.com\/in\/pascal-oberson-b17045113"],"url":"https:\/\/newsestlyonnais.fr\/site\/author\/nel\/"}]}},"_links":{"self":[{"href":"https:\/\/newsestlyonnais.fr\/site\/wp-json\/wp\/v2\/posts\/195601","targetHints":{"allow":["GET"]}}],"collection":[{"href":"https:\/\/newsestlyonnais.fr\/site\/wp-json\/wp\/v2\/posts"}],"about":[{"href":"https:\/\/newsestlyonnais.fr\/site\/wp-json\/wp\/v2\/types\/post"}],"author":[{"embeddable":true,"href":"https:\/\/newsestlyonnais.fr\/site\/wp-json\/wp\/v2\/users\/4"}],"replies":[{"embeddable":true,"href":"https:\/\/newsestlyonnais.fr\/site\/wp-json\/wp\/v2\/comments?post=195601"}],"version-history":[{"count":0,"href":"https:\/\/newsestlyonnais.fr\/site\/wp-json\/wp\/v2\/posts\/195601\/revisions"}],"wp:featuredmedia":[{"embeddable":true,"href":"https:\/\/newsestlyonnais.fr\/site\/wp-json\/wp\/v2\/media\/118407"}],"wp:attachment":[{"href":"https:\/\/newsestlyonnais.fr\/site\/wp-json\/wp\/v2\/media?parent=195601"}],"wp:term":[{"taxonomy":"category","embeddable":true,"href":"https:\/\/newsestlyonnais.fr\/site\/wp-json\/wp\/v2\/categories?post=195601"},{"taxonomy":"post_tag","embeddable":true,"href":"https:\/\/newsestlyonnais.fr\/site\/wp-json\/wp\/v2\/tags?post=195601"}],"curies":[{"name":"wp","href":"https:\/\/api.w.org\/{rel}","templated":true}]}}