{"id":195637,"date":"2023-11-30T14:09:40","date_gmt":"2023-11-30T13:09:40","guid":{"rendered":"https:\/\/newsestlyonnais.fr\/site\/?p=195637"},"modified":"2023-11-30T14:13:25","modified_gmt":"2023-11-30T13:13:25","slug":"meyzieu-600-agents-et-35-000-habitants","status":"publish","type":"post","link":"https:\/\/newsestlyonnais.fr\/site\/2023\/11\/30\/meyzieu-600-agents-et-35-000-habitants\/","title":{"rendered":"MEYZIEU | 600 agents et 35.000 habitants"},"content":{"rendered":"<p>Une ville o\u00f9 il fait bon vivre, ce n\u2019est pas seulement un territoire. Les communes fran\u00e7aises se caract\u00e9risent \u00e9galement par leur cadre de vie, d\u00e9velopp\u00e9 et entretenu gr\u00e2ce \u00e0 la qualit\u00e9 de leurs services municipaux, agissant selon les directives des \u00e9quipes municipales en place.<\/p>\n<p>Ainsi, oeuvrent \u00e0 Meyzieu chaque jour 600 agents municipaux qui s\u2019engagent \u00e0 fournir le meilleur d\u2019eux-m\u00eames afin r\u00e9pondre aux besoins des Majolans : \u00e9tat civil, entretien des \u00e9coles, accompagnement des familles, organisation de spectacles ou de manifestions sportives, soutien aux adolescents\u2026<\/p>\n<hr \/>\n<p>&gt;&gt; <strong>\u00c0 compter du 1\u00b0 d\u00e9cembre 2023, sur ses r\u00e9seaux sociaux, la Ville de Meyzieu braque les projecteurs sur ces pr\u00e9cieux travailleurs de l\u2019ombre et vous pr\u00e9sente celles et ceux qui oeuvrent pour vous.<\/strong><\/p>\n<p>D\u00e9couvrez toutes les deux semaines les portraits de certains des agents municipaux, tous m\u00e9tiers confondus :<\/p>\n<ul>\n<li>Sur Facebook : <strong><span style=\"color: #0000ff;\"><a style=\"color: #0000ff;\" href=\"https:\/\/www.facebook.com\/ville.meyzieu\">VilledeMeyzieu<\/a><\/span><\/strong><br \/>\nSur LinkdIn : <strong><span style=\"color: #0000ff;\">ville-de-meyzieu<\/span><\/strong><\/li>\n<\/ul>\n<hr \/>\n<p><span style=\"font-size: 14pt;\"><strong>Majolans &amp; personnel municipal : bienveillance mutuelle et respect de chacun.<\/strong><\/span><\/p>\n<hr \/>\n<p>Source : communiqu\u00e9 de la Ville de Meyzieu<\/p>\n","protected":false},"excerpt":{"rendered":"<p>D\u00e8s le 1\u00b0 d\u00e9cembre, sur ses r\u00e9seaux sociaux, la Ville va braquer les projecteurs sur ces pr\u00e9cieux travailleurs de l\u2019ombre et pr\u00e9senter celles et ceux qui oeuvrent pour les majolans.<\/p>\n","protected":false},"author":4,"featured_media":101256,"comment_status":"open","ping_status":"open","sticky":false,"template":"","format":"standard","meta":{"footnotes":""},"categories":[3336,24,4948],"tags":[],"class_list":["post-195637","post","type-post","status-publish","format-standard","has-post-thumbnail","hentry","category-citoyennete-recensement","category-meyzieu","category-que-de-breves"],"yoast_head":"<!-- This site is optimized with the Yoast SEO plugin v27.2 - https:\/\/yoast.com\/product\/yoast-seo-wordpress\/ -->\n<title>MEYZIEU | 600 agents et 35.000 habitants - News Est Lyonnais<\/title>\n<meta name=\"description\" content=\"MEYZIEU | 600 agents et 35.000 habitants\" \/>\n<meta name=\"robots\" content=\"index, follow, max-snippet:-1, max-image-preview:large, max-video-preview:-1\" \/>\n<link rel=\"canonical\" href=\"https:\/\/newsestlyonnais.fr\/site\/2023\/11\/30\/meyzieu-600-agents-et-35-000-habitants\/\" \/>\n<meta property=\"og:locale\" content=\"fr_FR\" \/>\n<meta property=\"og:type\" content=\"article\" \/>\n<meta property=\"og:title\" content=\"MEYZIEU | 600 agents et 35.000 habitants - News Est Lyonnais\" \/>\n<meta property=\"og:description\" content=\"MEYZIEU | 600 agents et 35.000 habitants\" \/>\n<meta property=\"og:url\" content=\"https:\/\/newsestlyonnais.fr\/site\/2023\/11\/30\/meyzieu-600-agents-et-35-000-habitants\/\" \/>\n<meta property=\"og:site_name\" content=\"News Est Lyonnais\" \/>\n<meta property=\"article:author\" content=\"https:\/\/www.facebook.com\/pascal.oberson.1?fref=ts\" \/>\n<meta property=\"article:published_time\" content=\"2023-11-30T13:09:40+00:00\" \/>\n<meta property=\"article:modified_time\" content=\"2023-11-30T13:13:25+00:00\" \/>\n<meta property=\"og:image\" content=\"https:\/\/newsestlyonnais.fr\/site\/wp-content\/uploads\/2020\/05\/NEWSESTLYONNAIS-VUE-MEYZIEU.jpg\" \/>\n\t<meta property=\"og:image:width\" content=\"1280\" \/>\n\t<meta property=\"og:image:height\" content=\"960\" \/>\n\t<meta property=\"og:image:type\" content=\"image\/jpeg\" \/>\n<meta name=\"author\" content=\"R\u00e9dac. NEWS\" \/>\n<meta name=\"twitter:card\" content=\"summary_large_image\" \/>\n<meta name=\"twitter:label1\" content=\"\u00c9crit par\" \/>\n\t<meta name=\"twitter:data1\" content=\"R\u00e9dac. NEWS\" \/>\n\t<meta name=\"twitter:label2\" content=\"Dur\u00e9e de lecture estim\u00e9e\" \/>\n\t<meta name=\"twitter:data2\" content=\"1 minute\" \/>\n<script type=\"application\/ld+json\" class=\"yoast-schema-graph\">{\"@context\":\"https:\/\/schema.org\",\"@graph\":[{\"@type\":\"Article\",\"@id\":\"https:\/\/newsestlyonnais.fr\/site\/2023\/11\/30\/meyzieu-600-agents-et-35-000-habitants\/#article\",\"isPartOf\":{\"@id\":\"https:\/\/newsestlyonnais.fr\/site\/2023\/11\/30\/meyzieu-600-agents-et-35-000-habitants\/\"},\"author\":{\"name\":\"R\u00e9dac. NEWS\",\"@id\":\"https:\/\/newsestlyonnais.fr\/site\/#\/schema\/person\/3230d5615f390bb808365d673001e887\"},\"headline\":\"MEYZIEU | 600 agents et 35.000 habitants\",\"datePublished\":\"2023-11-30T13:09:40+00:00\",\"dateModified\":\"2023-11-30T13:13:25+00:00\",\"mainEntityOfPage\":{\"@id\":\"https:\/\/newsestlyonnais.fr\/site\/2023\/11\/30\/meyzieu-600-agents-et-35-000-habitants\/\"},\"wordCount\":170,\"commentCount\":0,\"publisher\":{\"@id\":\"https:\/\/newsestlyonnais.fr\/site\/#organization\"},\"image\":{\"@id\":\"https:\/\/newsestlyonnais.fr\/site\/2023\/11\/30\/meyzieu-600-agents-et-35-000-habitants\/#primaryimage\"},\"thumbnailUrl\":\"https:\/\/newsestlyonnais.fr\/site\/wp-content\/uploads\/2020\/05\/NEWSESTLYONNAIS-VUE-MEYZIEU.jpg\",\"articleSection\":[\"Citoyennet\u00e9 | Recensement\",\"Meyzieu\",\"Que de br\u00e8ves ...\"],\"inLanguage\":\"fr-FR\",\"potentialAction\":[{\"@type\":\"CommentAction\",\"name\":\"Comment\",\"target\":[\"https:\/\/newsestlyonnais.fr\/site\/2023\/11\/30\/meyzieu-600-agents-et-35-000-habitants\/#respond\"]}]},{\"@type\":\"WebPage\",\"@id\":\"https:\/\/newsestlyonnais.fr\/site\/2023\/11\/30\/meyzieu-600-agents-et-35-000-habitants\/\",\"url\":\"https:\/\/newsestlyonnais.fr\/site\/2023\/11\/30\/meyzieu-600-agents-et-35-000-habitants\/\",\"name\":\"MEYZIEU | 600 agents et 35.000 habitants - News Est Lyonnais\",\"isPartOf\":{\"@id\":\"https:\/\/newsestlyonnais.fr\/site\/#website\"},\"primaryImageOfPage\":{\"@id\":\"https:\/\/newsestlyonnais.fr\/site\/2023\/11\/30\/meyzieu-600-agents-et-35-000-habitants\/#primaryimage\"},\"image\":{\"@id\":\"https:\/\/newsestlyonnais.fr\/site\/2023\/11\/30\/meyzieu-600-agents-et-35-000-habitants\/#primaryimage\"},\"thumbnailUrl\":\"https:\/\/newsestlyonnais.fr\/site\/wp-content\/uploads\/2020\/05\/NEWSESTLYONNAIS-VUE-MEYZIEU.jpg\",\"datePublished\":\"2023-11-30T13:09:40+00:00\",\"dateModified\":\"2023-11-30T13:13:25+00:00\",\"description\":\"MEYZIEU | 600 agents et 35.000 habitants\",\"breadcrumb\":{\"@id\":\"https:\/\/newsestlyonnais.fr\/site\/2023\/11\/30\/meyzieu-600-agents-et-35-000-habitants\/#breadcrumb\"},\"inLanguage\":\"fr-FR\",\"potentialAction\":[{\"@type\":\"ReadAction\",\"target\":[\"https:\/\/newsestlyonnais.fr\/site\/2023\/11\/30\/meyzieu-600-agents-et-35-000-habitants\/\"]}]},{\"@type\":\"ImageObject\",\"inLanguage\":\"fr-FR\",\"@id\":\"https:\/\/newsestlyonnais.fr\/site\/2023\/11\/30\/meyzieu-600-agents-et-35-000-habitants\/#primaryimage\",\"url\":\"https:\/\/newsestlyonnais.fr\/site\/wp-content\/uploads\/2020\/05\/NEWSESTLYONNAIS-VUE-MEYZIEU.jpg\",\"contentUrl\":\"https:\/\/newsestlyonnais.fr\/site\/wp-content\/uploads\/2020\/05\/NEWSESTLYONNAIS-VUE-MEYZIEU.jpg\",\"width\":1280,\"height\":960},{\"@type\":\"BreadcrumbList\",\"@id\":\"https:\/\/newsestlyonnais.fr\/site\/2023\/11\/30\/meyzieu-600-agents-et-35-000-habitants\/#breadcrumb\",\"itemListElement\":[{\"@type\":\"ListItem\",\"position\":1,\"name\":\"Accueil\",\"item\":\"https:\/\/newsestlyonnais.fr\/site\/\"},{\"@type\":\"ListItem\",\"position\":2,\"name\":\"MEYZIEU | 600 agents et 35.000 habitants\"}]},{\"@type\":\"WebSite\",\"@id\":\"https:\/\/newsestlyonnais.fr\/site\/#website\",\"url\":\"https:\/\/newsestlyonnais.fr\/site\/\",\"name\":\"News Est Lyonnais\",\"description\":\"L&#039;actualit\u00e9 au plus pr\u00e8s\",\"publisher\":{\"@id\":\"https:\/\/newsestlyonnais.fr\/site\/#organization\"},\"potentialAction\":[{\"@type\":\"SearchAction\",\"target\":{\"@type\":\"EntryPoint\",\"urlTemplate\":\"https:\/\/newsestlyonnais.fr\/site\/?s={search_term_string}\"},\"query-input\":{\"@type\":\"PropertyValueSpecification\",\"valueRequired\":true,\"valueName\":\"search_term_string\"}}],\"inLanguage\":\"fr-FR\"},{\"@type\":\"Organization\",\"@id\":\"https:\/\/newsestlyonnais.fr\/site\/#organization\",\"name\":\"News EST LYONNAIS\",\"url\":\"https:\/\/newsestlyonnais.fr\/site\/\",\"logo\":{\"@type\":\"ImageObject\",\"inLanguage\":\"fr-FR\",\"@id\":\"https:\/\/newsestlyonnais.fr\/site\/#\/schema\/logo\/image\/\",\"url\":\"\",\"contentUrl\":\"\",\"caption\":\"News EST LYONNAIS\"},\"image\":{\"@id\":\"https:\/\/newsestlyonnais.fr\/site\/#\/schema\/logo\/image\/\"}},{\"@type\":\"Person\",\"@id\":\"https:\/\/newsestlyonnais.fr\/site\/#\/schema\/person\/3230d5615f390bb808365d673001e887\",\"name\":\"R\u00e9dac. NEWS\",\"sameAs\":[\"http:\/\/www.newsestlyonnais.fr\",\"https:\/\/www.facebook.com\/pascal.oberson.1?fref=ts\",\"https:\/\/fr.linkedin.com\/in\/pascal-oberson-b17045113\"],\"url\":\"https:\/\/newsestlyonnais.fr\/site\/author\/nel\/\"}]}<\/script>\n<!-- \/ Yoast SEO plugin. -->","yoast_head_json":{"title":"MEYZIEU | 600 agents et 35.000 habitants - News Est Lyonnais","description":"MEYZIEU | 600 agents et 35.000 habitants","robots":{"index":"index","follow":"follow","max-snippet":"max-snippet:-1","max-image-preview":"max-image-preview:large","max-video-preview":"max-video-preview:-1"},"canonical":"https:\/\/newsestlyonnais.fr\/site\/2023\/11\/30\/meyzieu-600-agents-et-35-000-habitants\/","og_locale":"fr_FR","og_type":"article","og_title":"MEYZIEU | 600 agents et 35.000 habitants - News Est Lyonnais","og_description":"MEYZIEU | 600 agents et 35.000 habitants","og_url":"https:\/\/newsestlyonnais.fr\/site\/2023\/11\/30\/meyzieu-600-agents-et-35-000-habitants\/","og_site_name":"News Est Lyonnais","article_author":"https:\/\/www.facebook.com\/pascal.oberson.1?fref=ts","article_published_time":"2023-11-30T13:09:40+00:00","article_modified_time":"2023-11-30T13:13:25+00:00","og_image":[{"width":1280,"height":960,"url":"https:\/\/newsestlyonnais.fr\/site\/wp-content\/uploads\/2020\/05\/NEWSESTLYONNAIS-VUE-MEYZIEU.jpg","type":"image\/jpeg"}],"author":"R\u00e9dac. NEWS","twitter_card":"summary_large_image","twitter_misc":{"\u00c9crit par":"R\u00e9dac. NEWS","Dur\u00e9e de lecture estim\u00e9e":"1 minute"},"schema":{"@context":"https:\/\/schema.org","@graph":[{"@type":"Article","@id":"https:\/\/newsestlyonnais.fr\/site\/2023\/11\/30\/meyzieu-600-agents-et-35-000-habitants\/#article","isPartOf":{"@id":"https:\/\/newsestlyonnais.fr\/site\/2023\/11\/30\/meyzieu-600-agents-et-35-000-habitants\/"},"author":{"name":"R\u00e9dac. NEWS","@id":"https:\/\/newsestlyonnais.fr\/site\/#\/schema\/person\/3230d5615f390bb808365d673001e887"},"headline":"MEYZIEU | 600 agents et 35.000 habitants","datePublished":"2023-11-30T13:09:40+00:00","dateModified":"2023-11-30T13:13:25+00:00","mainEntityOfPage":{"@id":"https:\/\/newsestlyonnais.fr\/site\/2023\/11\/30\/meyzieu-600-agents-et-35-000-habitants\/"},"wordCount":170,"commentCount":0,"publisher":{"@id":"https:\/\/newsestlyonnais.fr\/site\/#organization"},"image":{"@id":"https:\/\/newsestlyonnais.fr\/site\/2023\/11\/30\/meyzieu-600-agents-et-35-000-habitants\/#primaryimage"},"thumbnailUrl":"https:\/\/newsestlyonnais.fr\/site\/wp-content\/uploads\/2020\/05\/NEWSESTLYONNAIS-VUE-MEYZIEU.jpg","articleSection":["Citoyennet\u00e9 | Recensement","Meyzieu","Que de br\u00e8ves ..."],"inLanguage":"fr-FR","potentialAction":[{"@type":"CommentAction","name":"Comment","target":["https:\/\/newsestlyonnais.fr\/site\/2023\/11\/30\/meyzieu-600-agents-et-35-000-habitants\/#respond"]}]},{"@type":"WebPage","@id":"https:\/\/newsestlyonnais.fr\/site\/2023\/11\/30\/meyzieu-600-agents-et-35-000-habitants\/","url":"https:\/\/newsestlyonnais.fr\/site\/2023\/11\/30\/meyzieu-600-agents-et-35-000-habitants\/","name":"MEYZIEU | 600 agents et 35.000 habitants - News Est Lyonnais","isPartOf":{"@id":"https:\/\/newsestlyonnais.fr\/site\/#website"},"primaryImageOfPage":{"@id":"https:\/\/newsestlyonnais.fr\/site\/2023\/11\/30\/meyzieu-600-agents-et-35-000-habitants\/#primaryimage"},"image":{"@id":"https:\/\/newsestlyonnais.fr\/site\/2023\/11\/30\/meyzieu-600-agents-et-35-000-habitants\/#primaryimage"},"thumbnailUrl":"https:\/\/newsestlyonnais.fr\/site\/wp-content\/uploads\/2020\/05\/NEWSESTLYONNAIS-VUE-MEYZIEU.jpg","datePublished":"2023-11-30T13:09:40+00:00","dateModified":"2023-11-30T13:13:25+00:00","description":"MEYZIEU | 600 agents et 35.000 habitants","breadcrumb":{"@id":"https:\/\/newsestlyonnais.fr\/site\/2023\/11\/30\/meyzieu-600-agents-et-35-000-habitants\/#breadcrumb"},"inLanguage":"fr-FR","potentialAction":[{"@type":"ReadAction","target":["https:\/\/newsestlyonnais.fr\/site\/2023\/11\/30\/meyzieu-600-agents-et-35-000-habitants\/"]}]},{"@type":"ImageObject","inLanguage":"fr-FR","@id":"https:\/\/newsestlyonnais.fr\/site\/2023\/11\/30\/meyzieu-600-agents-et-35-000-habitants\/#primaryimage","url":"https:\/\/newsestlyonnais.fr\/site\/wp-content\/uploads\/2020\/05\/NEWSESTLYONNAIS-VUE-MEYZIEU.jpg","contentUrl":"https:\/\/newsestlyonnais.fr\/site\/wp-content\/uploads\/2020\/05\/NEWSESTLYONNAIS-VUE-MEYZIEU.jpg","width":1280,"height":960},{"@type":"BreadcrumbList","@id":"https:\/\/newsestlyonnais.fr\/site\/2023\/11\/30\/meyzieu-600-agents-et-35-000-habitants\/#breadcrumb","itemListElement":[{"@type":"ListItem","position":1,"name":"Accueil","item":"https:\/\/newsestlyonnais.fr\/site\/"},{"@type":"ListItem","position":2,"name":"MEYZIEU | 600 agents et 35.000 habitants"}]},{"@type":"WebSite","@id":"https:\/\/newsestlyonnais.fr\/site\/#website","url":"https:\/\/newsestlyonnais.fr\/site\/","name":"News Est Lyonnais","description":"L&#039;actualit\u00e9 au plus pr\u00e8s","publisher":{"@id":"https:\/\/newsestlyonnais.fr\/site\/#organization"},"potentialAction":[{"@type":"SearchAction","target":{"@type":"EntryPoint","urlTemplate":"https:\/\/newsestlyonnais.fr\/site\/?s={search_term_string}"},"query-input":{"@type":"PropertyValueSpecification","valueRequired":true,"valueName":"search_term_string"}}],"inLanguage":"fr-FR"},{"@type":"Organization","@id":"https:\/\/newsestlyonnais.fr\/site\/#organization","name":"News EST LYONNAIS","url":"https:\/\/newsestlyonnais.fr\/site\/","logo":{"@type":"ImageObject","inLanguage":"fr-FR","@id":"https:\/\/newsestlyonnais.fr\/site\/#\/schema\/logo\/image\/","url":"","contentUrl":"","caption":"News EST LYONNAIS"},"image":{"@id":"https:\/\/newsestlyonnais.fr\/site\/#\/schema\/logo\/image\/"}},{"@type":"Person","@id":"https:\/\/newsestlyonnais.fr\/site\/#\/schema\/person\/3230d5615f390bb808365d673001e887","name":"R\u00e9dac. NEWS","sameAs":["http:\/\/www.newsestlyonnais.fr","https:\/\/www.facebook.com\/pascal.oberson.1?fref=ts","https:\/\/fr.linkedin.com\/in\/pascal-oberson-b17045113"],"url":"https:\/\/newsestlyonnais.fr\/site\/author\/nel\/"}]}},"_links":{"self":[{"href":"https:\/\/newsestlyonnais.fr\/site\/wp-json\/wp\/v2\/posts\/195637","targetHints":{"allow":["GET"]}}],"collection":[{"href":"https:\/\/newsestlyonnais.fr\/site\/wp-json\/wp\/v2\/posts"}],"about":[{"href":"https:\/\/newsestlyonnais.fr\/site\/wp-json\/wp\/v2\/types\/post"}],"author":[{"embeddable":true,"href":"https:\/\/newsestlyonnais.fr\/site\/wp-json\/wp\/v2\/users\/4"}],"replies":[{"embeddable":true,"href":"https:\/\/newsestlyonnais.fr\/site\/wp-json\/wp\/v2\/comments?post=195637"}],"version-history":[{"count":0,"href":"https:\/\/newsestlyonnais.fr\/site\/wp-json\/wp\/v2\/posts\/195637\/revisions"}],"wp:featuredmedia":[{"embeddable":true,"href":"https:\/\/newsestlyonnais.fr\/site\/wp-json\/wp\/v2\/media\/101256"}],"wp:attachment":[{"href":"https:\/\/newsestlyonnais.fr\/site\/wp-json\/wp\/v2\/media?parent=195637"}],"wp:term":[{"taxonomy":"category","embeddable":true,"href":"https:\/\/newsestlyonnais.fr\/site\/wp-json\/wp\/v2\/categories?post=195637"},{"taxonomy":"post_tag","embeddable":true,"href":"https:\/\/newsestlyonnais.fr\/site\/wp-json\/wp\/v2\/tags?post=195637"}],"curies":[{"name":"wp","href":"https:\/\/api.w.org\/{rel}","templated":true}]}}