{"id":195665,"date":"2023-12-01T14:42:04","date_gmt":"2023-12-01T13:42:04","guid":{"rendered":"https:\/\/newsestlyonnais.fr\/site\/?p=195665"},"modified":"2023-12-01T15:36:13","modified_gmt":"2023-12-01T14:36:13","slug":"hugo-carle-mon-pere-ma-fait-decouvrir-le-karting-une-discipline-dont-jaimais-les-sensations-et-la-vitesse","status":"publish","type":"post","link":"https:\/\/newsestlyonnais.fr\/site\/2023\/12\/01\/hugo-carle-mon-pere-ma-fait-decouvrir-le-karting-une-discipline-dont-jaimais-les-sensations-et-la-vitesse\/","title":{"rendered":"Hugo Carle \u00ab Mon p\u00e8re m\u2019a fait d\u00e9couvrir le karting, une discipline dont j&rsquo;aimais les sensations et la vitesse \u00bb"},"content":{"rendered":"<p><strong><span style=\"background-color: #000000; color: #ffffff;\">Petite pr\u00e9sentation :<\/span><\/strong><\/p>\n<p>\u00bb J\u2019ai 14 ans et j\u2018habite \u00e0 Genas <strong>\u00ab <\/strong>.<\/p>\n<p><span style=\"background-color: #000000; color: #ffffff;\"><strong>Ton parcours sportif ?<\/strong><\/span><\/p>\n<p>\u00bb Dans mon enfance, <strong>j\u2019ai pu faire diff\u00e9rents sports comme le foot, le handball ou le judo \u00ab <\/strong>.<\/p>\n<hr \/>\n<p><span style=\"background-color: #000000; color: #ffffff;\"><strong><img loading=\"lazy\" decoding=\"async\" class=\"alignleft size-medium wp-image-195746\" src=\"https:\/\/newsestlyonnais.fr\/site\/wp-content\/uploads\/2023\/12\/cid_18c1bedcbbeed7548512-400x533.jpg\" alt=\"\" width=\"225\" height=\"300\" srcset=\"https:\/\/newsestlyonnais.fr\/site\/wp-content\/uploads\/2023\/12\/cid_18c1bedcbbeed7548512-400x533.jpg 400w, https:\/\/newsestlyonnais.fr\/site\/wp-content\/uploads\/2023\/12\/cid_18c1bedcbbeed7548512-650x867.jpg 650w, https:\/\/newsestlyonnais.fr\/site\/wp-content\/uploads\/2023\/12\/cid_18c1bedcbbeed7548512-250x333.jpg 250w, https:\/\/newsestlyonnais.fr\/site\/wp-content\/uploads\/2023\/12\/cid_18c1bedcbbeed7548512-768x1024.jpg 768w, https:\/\/newsestlyonnais.fr\/site\/wp-content\/uploads\/2023\/12\/cid_18c1bedcbbeed7548512-150x200.jpg 150w, https:\/\/newsestlyonnais.fr\/site\/wp-content\/uploads\/2023\/12\/cid_18c1bedcbbeed7548512-50x67.jpg 50w, https:\/\/newsestlyonnais.fr\/site\/wp-content\/uploads\/2023\/12\/cid_18c1bedcbbeed7548512-100x133.jpg 100w, https:\/\/newsestlyonnais.fr\/site\/wp-content\/uploads\/2023\/12\/cid_18c1bedcbbeed7548512-200x267.jpg 200w, https:\/\/newsestlyonnais.fr\/site\/wp-content\/uploads\/2023\/12\/cid_18c1bedcbbeed7548512-300x400.jpg 300w, https:\/\/newsestlyonnais.fr\/site\/wp-content\/uploads\/2023\/12\/cid_18c1bedcbbeed7548512-350x467.jpg 350w, https:\/\/newsestlyonnais.fr\/site\/wp-content\/uploads\/2023\/12\/cid_18c1bedcbbeed7548512-450x600.jpg 450w, https:\/\/newsestlyonnais.fr\/site\/wp-content\/uploads\/2023\/12\/cid_18c1bedcbbeed7548512-500x667.jpg 500w, https:\/\/newsestlyonnais.fr\/site\/wp-content\/uploads\/2023\/12\/cid_18c1bedcbbeed7548512-550x733.jpg 550w, https:\/\/newsestlyonnais.fr\/site\/wp-content\/uploads\/2023\/12\/cid_18c1bedcbbeed7548512-800x1067.jpg 800w, https:\/\/newsestlyonnais.fr\/site\/wp-content\/uploads\/2023\/12\/cid_18c1bedcbbeed7548512.jpg 900w\" sizes=\"auto, (max-width: 225px) 100vw, 225px\" \/>Depuis quand pratiquais-tu le kart ?<\/strong><\/span><\/p>\n<p>\u00bb Ensuite <strong>aux alentours de mes 9 ans j\u2019ai commenc\u00e9 le karting<\/strong> en passant mes <strong>volants de bronze, d\u2019argent et d\u2019or<\/strong> avant d\u2019int\u00e9grer la Driver Kart Academy chez Actua \u00e0 Saint-Laurent de Mure.<\/p>\n<p>J\u2019ai fait <strong>plusieurs courses du championnat de ligue Rh\u00f4ne-Alpes de karting<\/strong> sur les circuits de Saint-Laurent de Mure, Lavilledieu, Ch\u00e2teau-Gaillard ou Valence. La meilleure que j\u2019ai faite \u00e9tait sur la piste de Ch\u00e2teau-Gaillard en finissant 3\u00b0 <strong>\u00ab <\/strong>.<\/p>\n<p><span style=\"background-color: #000000; color: #ffffff;\"><strong>Ce qui te plaisait dans cette discipline ? c&rsquo;est une histoire de famille ?<\/strong><\/span><\/p>\n<p>\u00bb <strong>Ce que j\u2019aimais dans cette discipline c\u2019\u00e9tait les sensations et la vitesse<\/strong>. <strong>C\u2019est mon p\u00e8re qui m\u2019a fait d\u00e9couvrir le karting<\/strong> vers mes 7 ans et j\u2019ai tout de suite aim\u00e9 <strong>\u00ab <\/strong>.<\/p>\n<p><strong><span style=\"background-color: #000000; color: #ffffff;\">Quelques anecdotes de course \u00e0 \u00e9voquer ?<\/span><\/strong><\/p>\n<p>\u00bb Pour l\u2019anecdote <strong>un jour aux essais libres d\u2019une course<\/strong> je me suis percut\u00e9 avec un autre concurrent, je suis mont\u00e9 sur son spoiler arri\u00e8re et je suis parti en tonneaux. Heureusement sans mal ni pour lui ni pour moi ! <strong>\u00ab <\/strong><\/p>\n<hr \/>\n<p><span style=\"background-color: #000000; color: #ffffff;\"><strong><img loading=\"lazy\" decoding=\"async\" class=\"alignright size-medium wp-image-195752\" src=\"https:\/\/newsestlyonnais.fr\/site\/wp-content\/uploads\/2023\/12\/cid_18c1beee881ed7548515-400x533.jpg\" alt=\"\" width=\"225\" height=\"300\" srcset=\"https:\/\/newsestlyonnais.fr\/site\/wp-content\/uploads\/2023\/12\/cid_18c1beee881ed7548515-400x533.jpg 400w, https:\/\/newsestlyonnais.fr\/site\/wp-content\/uploads\/2023\/12\/cid_18c1beee881ed7548515-650x867.jpg 650w, https:\/\/newsestlyonnais.fr\/site\/wp-content\/uploads\/2023\/12\/cid_18c1beee881ed7548515-250x333.jpg 250w, https:\/\/newsestlyonnais.fr\/site\/wp-content\/uploads\/2023\/12\/cid_18c1beee881ed7548515-768x1024.jpg 768w, https:\/\/newsestlyonnais.fr\/site\/wp-content\/uploads\/2023\/12\/cid_18c1beee881ed7548515-150x200.jpg 150w, https:\/\/newsestlyonnais.fr\/site\/wp-content\/uploads\/2023\/12\/cid_18c1beee881ed7548515-50x67.jpg 50w, https:\/\/newsestlyonnais.fr\/site\/wp-content\/uploads\/2023\/12\/cid_18c1beee881ed7548515-100x133.jpg 100w, https:\/\/newsestlyonnais.fr\/site\/wp-content\/uploads\/2023\/12\/cid_18c1beee881ed7548515-200x267.jpg 200w, https:\/\/newsestlyonnais.fr\/site\/wp-content\/uploads\/2023\/12\/cid_18c1beee881ed7548515-300x400.jpg 300w, https:\/\/newsestlyonnais.fr\/site\/wp-content\/uploads\/2023\/12\/cid_18c1beee881ed7548515-350x467.jpg 350w, https:\/\/newsestlyonnais.fr\/site\/wp-content\/uploads\/2023\/12\/cid_18c1beee881ed7548515-450x600.jpg 450w, https:\/\/newsestlyonnais.fr\/site\/wp-content\/uploads\/2023\/12\/cid_18c1beee881ed7548515-500x667.jpg 500w, https:\/\/newsestlyonnais.fr\/site\/wp-content\/uploads\/2023\/12\/cid_18c1beee881ed7548515-550x733.jpg 550w, https:\/\/newsestlyonnais.fr\/site\/wp-content\/uploads\/2023\/12\/cid_18c1beee881ed7548515-800x1067.jpg 800w, https:\/\/newsestlyonnais.fr\/site\/wp-content\/uploads\/2023\/12\/cid_18c1beee881ed7548515.jpg 900w\" sizes=\"auto, (max-width: 225px) 100vw, 225px\" \/>Tu viens de changer de discipline, pour quelle raison et pourquoi ce sport ?<\/strong><\/span><\/p>\n<p>\u00bb <strong>Je suis pass\u00e9 d\u00e9but septembre de cette ann\u00e9e du kart au moto-cross<\/strong> car ma grande taille devenait handicapante pour ma position de pilotage, avec les genoux qui touchaient le volant.<\/p>\n<p><strong>J\u2019ai toujours \u00e9t\u00e9 attir\u00e9 par le moto-cross<\/strong> mais pratiquer les 2 ensemble n\u2019\u00e9tait pas possible. Aujourd\u2019hui <strong>je pr\u00e9f\u00e8re les sensations sur deux-roues qui sont encore plus fortes qu\u2019en kart<\/strong> <strong>\u00ab <\/strong>.<\/p>\n<p><span style=\"background-color: #000000; color: #ffffff;\"><strong>Et enfin tes objectifs dans cette nouvelle discipline ?<\/strong><\/span><\/p>\n<p>\u00bb Pour l\u2019instant mon principal objectif est de devenir meilleur pour <strong>peut-\u00eatre un jour faire des courses<\/strong> <strong>\u00ab <\/strong>.<\/p>\n<hr \/>\n<div id='gallery-1' class='gallery galleryid-195665 gallery-columns-3 gallery-size-large'><figure class='gallery-item'>\n\t\t\t<div class='gallery-icon landscape'>\n\t\t\t\t<a href='https:\/\/newsestlyonnais.fr\/site\/2023\/12\/01\/hugo-carle-mon-pere-ma-fait-decouvrir-le-karting-une-discipline-dont-jaimais-les-sensations-et-la-vitesse\/cid_18c1bf070d8ed7548516\/'><img loading=\"lazy\" decoding=\"async\" width=\"640\" height=\"426\" src=\"https:\/\/newsestlyonnais.fr\/site\/wp-content\/uploads\/2023\/12\/cid_18c1bf070d8ed7548516-650x433.jpg\" class=\"attachment-large size-large\" alt=\"\" srcset=\"https:\/\/newsestlyonnais.fr\/site\/wp-content\/uploads\/2023\/12\/cid_18c1bf070d8ed7548516-650x433.jpg 650w, https:\/\/newsestlyonnais.fr\/site\/wp-content\/uploads\/2023\/12\/cid_18c1bf070d8ed7548516-400x267.jpg 400w, https:\/\/newsestlyonnais.fr\/site\/wp-content\/uploads\/2023\/12\/cid_18c1bf070d8ed7548516-250x167.jpg 250w, https:\/\/newsestlyonnais.fr\/site\/wp-content\/uploads\/2023\/12\/cid_18c1bf070d8ed7548516-768x512.jpg 768w, https:\/\/newsestlyonnais.fr\/site\/wp-content\/uploads\/2023\/12\/cid_18c1bf070d8ed7548516-150x100.jpg 150w, https:\/\/newsestlyonnais.fr\/site\/wp-content\/uploads\/2023\/12\/cid_18c1bf070d8ed7548516-50x33.jpg 50w, https:\/\/newsestlyonnais.fr\/site\/wp-content\/uploads\/2023\/12\/cid_18c1bf070d8ed7548516-100x67.jpg 100w, https:\/\/newsestlyonnais.fr\/site\/wp-content\/uploads\/2023\/12\/cid_18c1bf070d8ed7548516-200x133.jpg 200w, https:\/\/newsestlyonnais.fr\/site\/wp-content\/uploads\/2023\/12\/cid_18c1bf070d8ed7548516-300x200.jpg 300w, https:\/\/newsestlyonnais.fr\/site\/wp-content\/uploads\/2023\/12\/cid_18c1bf070d8ed7548516-350x233.jpg 350w, https:\/\/newsestlyonnais.fr\/site\/wp-content\/uploads\/2023\/12\/cid_18c1bf070d8ed7548516-450x300.jpg 450w, https:\/\/newsestlyonnais.fr\/site\/wp-content\/uploads\/2023\/12\/cid_18c1bf070d8ed7548516-500x333.jpg 500w, https:\/\/newsestlyonnais.fr\/site\/wp-content\/uploads\/2023\/12\/cid_18c1bf070d8ed7548516-550x367.jpg 550w, https:\/\/newsestlyonnais.fr\/site\/wp-content\/uploads\/2023\/12\/cid_18c1bf070d8ed7548516-800x533.jpg 800w, https:\/\/newsestlyonnais.fr\/site\/wp-content\/uploads\/2023\/12\/cid_18c1bf070d8ed7548516.jpg 1200w\" sizes=\"auto, (max-width: 640px) 100vw, 640px\" \/><\/a>\n\t\t\t<\/div><\/figure>\n\t\t<\/div>\n\n","protected":false},"excerpt":{"rendered":"<p>Le jeune genassien, apr\u00e8s une pratique du karting au niveau r\u00e9gional et devenu trop grand pour ce sport s&rsquo;est tourn\u00e9 vers le moto-cross o\u00f9 il esp\u00e8re un jour faire de la comp\u00e9tition. <\/p>\n","protected":false},"author":4,"featured_media":195744,"comment_status":"open","ping_status":"open","sticky":false,"template":"","format":"standard","meta":{"footnotes":""},"categories":[3009,270,171,1598,4286,137],"tags":[2005,4951,3337,4952],"class_list":["post-195665","post","type-post","status-publish","format-standard","has-post-thumbnail","hentry","category-autos-motos","category-cte-de-communes-c-c-e-l","category-enfance-jeunesse","category-genas","category-interview-a-la-une","category-interviews","tag-genas","tag-hugo-carle","tag-karting","tag-moto-cross"],"yoast_head":"<!-- This site is optimized with the Yoast SEO plugin v27.2 - https:\/\/yoast.com\/product\/yoast-seo-wordpress\/ -->\n<title>Hugo Carle \u00ab Mon p\u00e8re m\u2019a fait d\u00e9couvrir le karting, une discipline dont j&#039;aimais les sensations et la vitesse \u00bb - News Est Lyonnais<\/title>\n<meta name=\"description\" content=\"Hugo Carle \u00ab Mon p\u00e8re m\u2019a fait d\u00e9couvrir le karting, une discipline dont j&#039;aimais les sensations et la vitesse \u00bb\" \/>\n<meta name=\"robots\" content=\"index, follow, max-snippet:-1, max-image-preview:large, max-video-preview:-1\" \/>\n<link rel=\"canonical\" href=\"https:\/\/newsestlyonnais.fr\/site\/2023\/12\/01\/hugo-carle-mon-pere-ma-fait-decouvrir-le-karting-une-discipline-dont-jaimais-les-sensations-et-la-vitesse\/\" \/>\n<meta property=\"og:locale\" content=\"fr_FR\" \/>\n<meta property=\"og:type\" content=\"article\" \/>\n<meta property=\"og:title\" content=\"Hugo Carle \u00ab Mon p\u00e8re m\u2019a fait d\u00e9couvrir le karting, une discipline dont j&#039;aimais les sensations et la vitesse \u00bb - News Est Lyonnais\" \/>\n<meta property=\"og:description\" content=\"Hugo Carle \u00ab Mon p\u00e8re m\u2019a fait d\u00e9couvrir le karting, une discipline dont j&#039;aimais les sensations et la vitesse \u00bb\" \/>\n<meta property=\"og:url\" content=\"https:\/\/newsestlyonnais.fr\/site\/2023\/12\/01\/hugo-carle-mon-pere-ma-fait-decouvrir-le-karting-une-discipline-dont-jaimais-les-sensations-et-la-vitesse\/\" \/>\n<meta property=\"og:site_name\" content=\"News Est Lyonnais\" \/>\n<meta property=\"article:author\" content=\"https:\/\/www.facebook.com\/pascal.oberson.1?fref=ts\" \/>\n<meta property=\"article:published_time\" content=\"2023-12-01T13:42:04+00:00\" \/>\n<meta property=\"article:modified_time\" content=\"2023-12-01T14:36:13+00:00\" \/>\n<meta property=\"og:image\" content=\"https:\/\/newsestlyonnais.fr\/site\/wp-content\/uploads\/2023\/12\/cid_18c1bf0d57eed7548517.jpg\" \/>\n\t<meta property=\"og:image:width\" content=\"1200\" \/>\n\t<meta property=\"og:image:height\" content=\"800\" \/>\n\t<meta property=\"og:image:type\" content=\"image\/jpeg\" \/>\n<meta name=\"author\" content=\"R\u00e9dac. NEWS\" \/>\n<meta name=\"twitter:card\" content=\"summary_large_image\" \/>\n<meta name=\"twitter:label1\" content=\"\u00c9crit par\" \/>\n\t<meta name=\"twitter:data1\" content=\"R\u00e9dac. NEWS\" \/>\n\t<meta name=\"twitter:label2\" content=\"Dur\u00e9e de lecture estim\u00e9e\" \/>\n\t<meta name=\"twitter:data2\" content=\"2 minutes\" \/>\n<script type=\"application\/ld+json\" class=\"yoast-schema-graph\">{\"@context\":\"https:\/\/schema.org\",\"@graph\":[{\"@type\":\"Article\",\"@id\":\"https:\/\/newsestlyonnais.fr\/site\/2023\/12\/01\/hugo-carle-mon-pere-ma-fait-decouvrir-le-karting-une-discipline-dont-jaimais-les-sensations-et-la-vitesse\/#article\",\"isPartOf\":{\"@id\":\"https:\/\/newsestlyonnais.fr\/site\/2023\/12\/01\/hugo-carle-mon-pere-ma-fait-decouvrir-le-karting-une-discipline-dont-jaimais-les-sensations-et-la-vitesse\/\"},\"author\":{\"name\":\"R\u00e9dac. NEWS\",\"@id\":\"https:\/\/newsestlyonnais.fr\/site\/#\/schema\/person\/3230d5615f390bb808365d673001e887\"},\"headline\":\"Hugo Carle \u00ab Mon p\u00e8re m\u2019a fait d\u00e9couvrir le karting, une discipline dont j&rsquo;aimais les sensations et la vitesse \u00bb\",\"datePublished\":\"2023-12-01T13:42:04+00:00\",\"dateModified\":\"2023-12-01T14:36:13+00:00\",\"mainEntityOfPage\":{\"@id\":\"https:\/\/newsestlyonnais.fr\/site\/2023\/12\/01\/hugo-carle-mon-pere-ma-fait-decouvrir-le-karting-une-discipline-dont-jaimais-les-sensations-et-la-vitesse\/\"},\"wordCount\":341,\"commentCount\":0,\"publisher\":{\"@id\":\"https:\/\/newsestlyonnais.fr\/site\/#organization\"},\"image\":{\"@id\":\"https:\/\/newsestlyonnais.fr\/site\/2023\/12\/01\/hugo-carle-mon-pere-ma-fait-decouvrir-le-karting-une-discipline-dont-jaimais-les-sensations-et-la-vitesse\/#primaryimage\"},\"thumbnailUrl\":\"https:\/\/newsestlyonnais.fr\/site\/wp-content\/uploads\/2023\/12\/cid_18c1bf0d57eed7548517.jpg\",\"keywords\":[\"GENAS\",\"Hugo Carle\",\"KARTING\",\"moto-cross\"],\"articleSection\":[\"Autos | Motos\",\"CCEL | Communes\",\"Enfance | Jeunesse\",\"Genas\",\"Interview \u00e0 la une\",\"Interviews\"],\"inLanguage\":\"fr-FR\",\"potentialAction\":[{\"@type\":\"CommentAction\",\"name\":\"Comment\",\"target\":[\"https:\/\/newsestlyonnais.fr\/site\/2023\/12\/01\/hugo-carle-mon-pere-ma-fait-decouvrir-le-karting-une-discipline-dont-jaimais-les-sensations-et-la-vitesse\/#respond\"]}]},{\"@type\":\"WebPage\",\"@id\":\"https:\/\/newsestlyonnais.fr\/site\/2023\/12\/01\/hugo-carle-mon-pere-ma-fait-decouvrir-le-karting-une-discipline-dont-jaimais-les-sensations-et-la-vitesse\/\",\"url\":\"https:\/\/newsestlyonnais.fr\/site\/2023\/12\/01\/hugo-carle-mon-pere-ma-fait-decouvrir-le-karting-une-discipline-dont-jaimais-les-sensations-et-la-vitesse\/\",\"name\":\"Hugo Carle \u00ab Mon p\u00e8re m\u2019a fait d\u00e9couvrir le karting, une discipline dont j'aimais les sensations et la vitesse \u00bb - News Est Lyonnais\",\"isPartOf\":{\"@id\":\"https:\/\/newsestlyonnais.fr\/site\/#website\"},\"primaryImageOfPage\":{\"@id\":\"https:\/\/newsestlyonnais.fr\/site\/2023\/12\/01\/hugo-carle-mon-pere-ma-fait-decouvrir-le-karting-une-discipline-dont-jaimais-les-sensations-et-la-vitesse\/#primaryimage\"},\"image\":{\"@id\":\"https:\/\/newsestlyonnais.fr\/site\/2023\/12\/01\/hugo-carle-mon-pere-ma-fait-decouvrir-le-karting-une-discipline-dont-jaimais-les-sensations-et-la-vitesse\/#primaryimage\"},\"thumbnailUrl\":\"https:\/\/newsestlyonnais.fr\/site\/wp-content\/uploads\/2023\/12\/cid_18c1bf0d57eed7548517.jpg\",\"datePublished\":\"2023-12-01T13:42:04+00:00\",\"dateModified\":\"2023-12-01T14:36:13+00:00\",\"description\":\"Hugo Carle \u00ab Mon p\u00e8re m\u2019a fait d\u00e9couvrir le karting, une discipline dont j'aimais les sensations et la vitesse \u00bb\",\"breadcrumb\":{\"@id\":\"https:\/\/newsestlyonnais.fr\/site\/2023\/12\/01\/hugo-carle-mon-pere-ma-fait-decouvrir-le-karting-une-discipline-dont-jaimais-les-sensations-et-la-vitesse\/#breadcrumb\"},\"inLanguage\":\"fr-FR\",\"potentialAction\":[{\"@type\":\"ReadAction\",\"target\":[\"https:\/\/newsestlyonnais.fr\/site\/2023\/12\/01\/hugo-carle-mon-pere-ma-fait-decouvrir-le-karting-une-discipline-dont-jaimais-les-sensations-et-la-vitesse\/\"]}]},{\"@type\":\"ImageObject\",\"inLanguage\":\"fr-FR\",\"@id\":\"https:\/\/newsestlyonnais.fr\/site\/2023\/12\/01\/hugo-carle-mon-pere-ma-fait-decouvrir-le-karting-une-discipline-dont-jaimais-les-sensations-et-la-vitesse\/#primaryimage\",\"url\":\"https:\/\/newsestlyonnais.fr\/site\/wp-content\/uploads\/2023\/12\/cid_18c1bf0d57eed7548517.jpg\",\"contentUrl\":\"https:\/\/newsestlyonnais.fr\/site\/wp-content\/uploads\/2023\/12\/cid_18c1bf0d57eed7548517.jpg\",\"width\":1200,\"height\":800},{\"@type\":\"BreadcrumbList\",\"@id\":\"https:\/\/newsestlyonnais.fr\/site\/2023\/12\/01\/hugo-carle-mon-pere-ma-fait-decouvrir-le-karting-une-discipline-dont-jaimais-les-sensations-et-la-vitesse\/#breadcrumb\",\"itemListElement\":[{\"@type\":\"ListItem\",\"position\":1,\"name\":\"Accueil\",\"item\":\"https:\/\/newsestlyonnais.fr\/site\/\"},{\"@type\":\"ListItem\",\"position\":2,\"name\":\"Hugo Carle \u00ab Mon p\u00e8re m\u2019a fait d\u00e9couvrir le karting, une discipline dont j&rsquo;aimais les sensations et la vitesse \u00bb\"}]},{\"@type\":\"WebSite\",\"@id\":\"https:\/\/newsestlyonnais.fr\/site\/#website\",\"url\":\"https:\/\/newsestlyonnais.fr\/site\/\",\"name\":\"News Est Lyonnais\",\"description\":\"L&#039;actualit\u00e9 au plus pr\u00e8s\",\"publisher\":{\"@id\":\"https:\/\/newsestlyonnais.fr\/site\/#organization\"},\"potentialAction\":[{\"@type\":\"SearchAction\",\"target\":{\"@type\":\"EntryPoint\",\"urlTemplate\":\"https:\/\/newsestlyonnais.fr\/site\/?s={search_term_string}\"},\"query-input\":{\"@type\":\"PropertyValueSpecification\",\"valueRequired\":true,\"valueName\":\"search_term_string\"}}],\"inLanguage\":\"fr-FR\"},{\"@type\":\"Organization\",\"@id\":\"https:\/\/newsestlyonnais.fr\/site\/#organization\",\"name\":\"News EST LYONNAIS\",\"url\":\"https:\/\/newsestlyonnais.fr\/site\/\",\"logo\":{\"@type\":\"ImageObject\",\"inLanguage\":\"fr-FR\",\"@id\":\"https:\/\/newsestlyonnais.fr\/site\/#\/schema\/logo\/image\/\",\"url\":\"\",\"contentUrl\":\"\",\"caption\":\"News EST LYONNAIS\"},\"image\":{\"@id\":\"https:\/\/newsestlyonnais.fr\/site\/#\/schema\/logo\/image\/\"}},{\"@type\":\"Person\",\"@id\":\"https:\/\/newsestlyonnais.fr\/site\/#\/schema\/person\/3230d5615f390bb808365d673001e887\",\"name\":\"R\u00e9dac. NEWS\",\"sameAs\":[\"http:\/\/www.newsestlyonnais.fr\",\"https:\/\/www.facebook.com\/pascal.oberson.1?fref=ts\",\"https:\/\/fr.linkedin.com\/in\/pascal-oberson-b17045113\"],\"url\":\"https:\/\/newsestlyonnais.fr\/site\/author\/nel\/\"}]}<\/script>\n<!-- \/ Yoast SEO plugin. -->","yoast_head_json":{"title":"Hugo Carle \u00ab Mon p\u00e8re m\u2019a fait d\u00e9couvrir le karting, une discipline dont j'aimais les sensations et la vitesse \u00bb - News Est Lyonnais","description":"Hugo Carle \u00ab Mon p\u00e8re m\u2019a fait d\u00e9couvrir le karting, une discipline dont j'aimais les sensations et la vitesse \u00bb","robots":{"index":"index","follow":"follow","max-snippet":"max-snippet:-1","max-image-preview":"max-image-preview:large","max-video-preview":"max-video-preview:-1"},"canonical":"https:\/\/newsestlyonnais.fr\/site\/2023\/12\/01\/hugo-carle-mon-pere-ma-fait-decouvrir-le-karting-une-discipline-dont-jaimais-les-sensations-et-la-vitesse\/","og_locale":"fr_FR","og_type":"article","og_title":"Hugo Carle \u00ab Mon p\u00e8re m\u2019a fait d\u00e9couvrir le karting, une discipline dont j'aimais les sensations et la vitesse \u00bb - News Est Lyonnais","og_description":"Hugo Carle \u00ab Mon p\u00e8re m\u2019a fait d\u00e9couvrir le karting, une discipline dont j'aimais les sensations et la vitesse \u00bb","og_url":"https:\/\/newsestlyonnais.fr\/site\/2023\/12\/01\/hugo-carle-mon-pere-ma-fait-decouvrir-le-karting-une-discipline-dont-jaimais-les-sensations-et-la-vitesse\/","og_site_name":"News Est Lyonnais","article_author":"https:\/\/www.facebook.com\/pascal.oberson.1?fref=ts","article_published_time":"2023-12-01T13:42:04+00:00","article_modified_time":"2023-12-01T14:36:13+00:00","og_image":[{"width":1200,"height":800,"url":"https:\/\/newsestlyonnais.fr\/site\/wp-content\/uploads\/2023\/12\/cid_18c1bf0d57eed7548517.jpg","type":"image\/jpeg"}],"author":"R\u00e9dac. NEWS","twitter_card":"summary_large_image","twitter_misc":{"\u00c9crit par":"R\u00e9dac. NEWS","Dur\u00e9e de lecture estim\u00e9e":"2 minutes"},"schema":{"@context":"https:\/\/schema.org","@graph":[{"@type":"Article","@id":"https:\/\/newsestlyonnais.fr\/site\/2023\/12\/01\/hugo-carle-mon-pere-ma-fait-decouvrir-le-karting-une-discipline-dont-jaimais-les-sensations-et-la-vitesse\/#article","isPartOf":{"@id":"https:\/\/newsestlyonnais.fr\/site\/2023\/12\/01\/hugo-carle-mon-pere-ma-fait-decouvrir-le-karting-une-discipline-dont-jaimais-les-sensations-et-la-vitesse\/"},"author":{"name":"R\u00e9dac. NEWS","@id":"https:\/\/newsestlyonnais.fr\/site\/#\/schema\/person\/3230d5615f390bb808365d673001e887"},"headline":"Hugo Carle \u00ab Mon p\u00e8re m\u2019a fait d\u00e9couvrir le karting, une discipline dont j&rsquo;aimais les sensations et la vitesse \u00bb","datePublished":"2023-12-01T13:42:04+00:00","dateModified":"2023-12-01T14:36:13+00:00","mainEntityOfPage":{"@id":"https:\/\/newsestlyonnais.fr\/site\/2023\/12\/01\/hugo-carle-mon-pere-ma-fait-decouvrir-le-karting-une-discipline-dont-jaimais-les-sensations-et-la-vitesse\/"},"wordCount":341,"commentCount":0,"publisher":{"@id":"https:\/\/newsestlyonnais.fr\/site\/#organization"},"image":{"@id":"https:\/\/newsestlyonnais.fr\/site\/2023\/12\/01\/hugo-carle-mon-pere-ma-fait-decouvrir-le-karting-une-discipline-dont-jaimais-les-sensations-et-la-vitesse\/#primaryimage"},"thumbnailUrl":"https:\/\/newsestlyonnais.fr\/site\/wp-content\/uploads\/2023\/12\/cid_18c1bf0d57eed7548517.jpg","keywords":["GENAS","Hugo Carle","KARTING","moto-cross"],"articleSection":["Autos | Motos","CCEL | Communes","Enfance | Jeunesse","Genas","Interview \u00e0 la une","Interviews"],"inLanguage":"fr-FR","potentialAction":[{"@type":"CommentAction","name":"Comment","target":["https:\/\/newsestlyonnais.fr\/site\/2023\/12\/01\/hugo-carle-mon-pere-ma-fait-decouvrir-le-karting-une-discipline-dont-jaimais-les-sensations-et-la-vitesse\/#respond"]}]},{"@type":"WebPage","@id":"https:\/\/newsestlyonnais.fr\/site\/2023\/12\/01\/hugo-carle-mon-pere-ma-fait-decouvrir-le-karting-une-discipline-dont-jaimais-les-sensations-et-la-vitesse\/","url":"https:\/\/newsestlyonnais.fr\/site\/2023\/12\/01\/hugo-carle-mon-pere-ma-fait-decouvrir-le-karting-une-discipline-dont-jaimais-les-sensations-et-la-vitesse\/","name":"Hugo Carle \u00ab Mon p\u00e8re m\u2019a fait d\u00e9couvrir le karting, une discipline dont j'aimais les sensations et la vitesse \u00bb - News Est Lyonnais","isPartOf":{"@id":"https:\/\/newsestlyonnais.fr\/site\/#website"},"primaryImageOfPage":{"@id":"https:\/\/newsestlyonnais.fr\/site\/2023\/12\/01\/hugo-carle-mon-pere-ma-fait-decouvrir-le-karting-une-discipline-dont-jaimais-les-sensations-et-la-vitesse\/#primaryimage"},"image":{"@id":"https:\/\/newsestlyonnais.fr\/site\/2023\/12\/01\/hugo-carle-mon-pere-ma-fait-decouvrir-le-karting-une-discipline-dont-jaimais-les-sensations-et-la-vitesse\/#primaryimage"},"thumbnailUrl":"https:\/\/newsestlyonnais.fr\/site\/wp-content\/uploads\/2023\/12\/cid_18c1bf0d57eed7548517.jpg","datePublished":"2023-12-01T13:42:04+00:00","dateModified":"2023-12-01T14:36:13+00:00","description":"Hugo Carle \u00ab Mon p\u00e8re m\u2019a fait d\u00e9couvrir le karting, une discipline dont j'aimais les sensations et la vitesse \u00bb","breadcrumb":{"@id":"https:\/\/newsestlyonnais.fr\/site\/2023\/12\/01\/hugo-carle-mon-pere-ma-fait-decouvrir-le-karting-une-discipline-dont-jaimais-les-sensations-et-la-vitesse\/#breadcrumb"},"inLanguage":"fr-FR","potentialAction":[{"@type":"ReadAction","target":["https:\/\/newsestlyonnais.fr\/site\/2023\/12\/01\/hugo-carle-mon-pere-ma-fait-decouvrir-le-karting-une-discipline-dont-jaimais-les-sensations-et-la-vitesse\/"]}]},{"@type":"ImageObject","inLanguage":"fr-FR","@id":"https:\/\/newsestlyonnais.fr\/site\/2023\/12\/01\/hugo-carle-mon-pere-ma-fait-decouvrir-le-karting-une-discipline-dont-jaimais-les-sensations-et-la-vitesse\/#primaryimage","url":"https:\/\/newsestlyonnais.fr\/site\/wp-content\/uploads\/2023\/12\/cid_18c1bf0d57eed7548517.jpg","contentUrl":"https:\/\/newsestlyonnais.fr\/site\/wp-content\/uploads\/2023\/12\/cid_18c1bf0d57eed7548517.jpg","width":1200,"height":800},{"@type":"BreadcrumbList","@id":"https:\/\/newsestlyonnais.fr\/site\/2023\/12\/01\/hugo-carle-mon-pere-ma-fait-decouvrir-le-karting-une-discipline-dont-jaimais-les-sensations-et-la-vitesse\/#breadcrumb","itemListElement":[{"@type":"ListItem","position":1,"name":"Accueil","item":"https:\/\/newsestlyonnais.fr\/site\/"},{"@type":"ListItem","position":2,"name":"Hugo Carle \u00ab Mon p\u00e8re m\u2019a fait d\u00e9couvrir le karting, une discipline dont j&rsquo;aimais les sensations et la vitesse \u00bb"}]},{"@type":"WebSite","@id":"https:\/\/newsestlyonnais.fr\/site\/#website","url":"https:\/\/newsestlyonnais.fr\/site\/","name":"News Est Lyonnais","description":"L&#039;actualit\u00e9 au plus pr\u00e8s","publisher":{"@id":"https:\/\/newsestlyonnais.fr\/site\/#organization"},"potentialAction":[{"@type":"SearchAction","target":{"@type":"EntryPoint","urlTemplate":"https:\/\/newsestlyonnais.fr\/site\/?s={search_term_string}"},"query-input":{"@type":"PropertyValueSpecification","valueRequired":true,"valueName":"search_term_string"}}],"inLanguage":"fr-FR"},{"@type":"Organization","@id":"https:\/\/newsestlyonnais.fr\/site\/#organization","name":"News EST LYONNAIS","url":"https:\/\/newsestlyonnais.fr\/site\/","logo":{"@type":"ImageObject","inLanguage":"fr-FR","@id":"https:\/\/newsestlyonnais.fr\/site\/#\/schema\/logo\/image\/","url":"","contentUrl":"","caption":"News EST LYONNAIS"},"image":{"@id":"https:\/\/newsestlyonnais.fr\/site\/#\/schema\/logo\/image\/"}},{"@type":"Person","@id":"https:\/\/newsestlyonnais.fr\/site\/#\/schema\/person\/3230d5615f390bb808365d673001e887","name":"R\u00e9dac. NEWS","sameAs":["http:\/\/www.newsestlyonnais.fr","https:\/\/www.facebook.com\/pascal.oberson.1?fref=ts","https:\/\/fr.linkedin.com\/in\/pascal-oberson-b17045113"],"url":"https:\/\/newsestlyonnais.fr\/site\/author\/nel\/"}]}},"_links":{"self":[{"href":"https:\/\/newsestlyonnais.fr\/site\/wp-json\/wp\/v2\/posts\/195665","targetHints":{"allow":["GET"]}}],"collection":[{"href":"https:\/\/newsestlyonnais.fr\/site\/wp-json\/wp\/v2\/posts"}],"about":[{"href":"https:\/\/newsestlyonnais.fr\/site\/wp-json\/wp\/v2\/types\/post"}],"author":[{"embeddable":true,"href":"https:\/\/newsestlyonnais.fr\/site\/wp-json\/wp\/v2\/users\/4"}],"replies":[{"embeddable":true,"href":"https:\/\/newsestlyonnais.fr\/site\/wp-json\/wp\/v2\/comments?post=195665"}],"version-history":[{"count":0,"href":"https:\/\/newsestlyonnais.fr\/site\/wp-json\/wp\/v2\/posts\/195665\/revisions"}],"wp:featuredmedia":[{"embeddable":true,"href":"https:\/\/newsestlyonnais.fr\/site\/wp-json\/wp\/v2\/media\/195744"}],"wp:attachment":[{"href":"https:\/\/newsestlyonnais.fr\/site\/wp-json\/wp\/v2\/media?parent=195665"}],"wp:term":[{"taxonomy":"category","embeddable":true,"href":"https:\/\/newsestlyonnais.fr\/site\/wp-json\/wp\/v2\/categories?post=195665"},{"taxonomy":"post_tag","embeddable":true,"href":"https:\/\/newsestlyonnais.fr\/site\/wp-json\/wp\/v2\/tags?post=195665"}],"curies":[{"name":"wp","href":"https:\/\/api.w.org\/{rel}","templated":true}]}}