{"id":195762,"date":"2023-12-02T07:39:56","date_gmt":"2023-12-02T06:39:56","guid":{"rendered":"https:\/\/newsestlyonnais.fr\/site\/?p=195762"},"modified":"2023-12-02T10:49:33","modified_gmt":"2023-12-02T09:49:33","slug":"bus-a-haut-niveau-de-service-part-dieu-sept-chemins-une-enquete-publique","status":"publish","type":"post","link":"https:\/\/newsestlyonnais.fr\/site\/2023\/12\/02\/bus-a-haut-niveau-de-service-part-dieu-sept-chemins-une-enquete-publique\/","title":{"rendered":"Bus haut niveau service Part-Dieu \/ 7 Chemins : une enqu\u00eate publique"},"content":{"rendered":"<p><strong>En 2026, la premi\u00e8re ligne de Bus \u00e0 Haut Niveau de Service (BHNS) nouvelle g\u00e9n\u00e9ration permettra de relier en 25\u2019 Lyon Part-Dieu aux Sept Chemins<\/strong> tout en desservant le 3\u00b0 arrondissement de Lyon et les communes de Villeurbanne, Bron et Vaulx-en-Velin gr\u00e2ce \u00e0 8 km de voie nouvelle et la cr\u00e9ation de 19 nouvelles stations.<\/p>\n<p>Cette nouvelle desserte structurante proposera un niveau de service performant avec une amplitude horaire importante (4 h 30\/ 0 h 30), une fr\u00e9quence \u00e9lev\u00e9e de 7\u2019 en heure de pointe et un mat\u00e9riel roulant spacieux, silencieux et confortable. 23.700 voyageurs par jour sont attendus d\u2019ici 2030.<\/p>\n<hr \/>\n<p>Durant cette p\u00e9riode, les pi\u00e8ces du dossier du projet seront consultables <strong>dans les mairies de Lyon 3, Bron, Vaulx-en-Velin<\/strong>, aux jours et heures d\u2019ouverture habituels au public, et en mairie de<strong> Villeurbanne<\/strong> aupr\u00e8s du service urbanisme de 9 h \u00e0 12 h.<\/p>\n<p><strong>Le commissaire enqu\u00eateur, d\u00e9sign\u00e9 par le Pr\u00e9sident du Tribunal Administratif de Lyon, tiendra des permanences pour recevoir les observations du public :<\/strong><\/p>\n<ul>\n<li>Mairie de Vaulx-en-Velin &#8211; Place de la Nation : le mercredi 6 d\u00e9cembre de 9 h \u00e0 12 h<\/li>\n<li>Mairie de Lyon 3\u00b0 &#8211; 215 rue Duguesclin : le jeudi 14 d\u00e9cembre 2023 de 9 h \u00e0 12 h<\/li>\n<li>Mairie de Bron &#8211; Place Weingarten : le mardi 19 d\u00e9cembre 2023 de 15 h \u00e0 18 h<\/li>\n<li>Mairie de Villeurbanne &#8211; Place Docteur Lazare Goujon : le vendredi 12 janvier 2024 de 14 h \u00e0 17 h<\/li>\n<\/ul>\n<hr \/>\n<p><em><strong>\u00a0<a href=\"https:\/\/www.sytral.fr\/TPL_CODE\/TPL_ACTUALITE\/PAR_TPL_IDENTIFIANT\/5419\/440-sytral.htm\"><span style=\"color: #0000ff;\">+ d&rsquo;infos<\/span><\/a> \/ Photo \u00e0 la une &gt; droits r\u00e9serv\u00e9s Sytral Mobilit\u00e9s<\/strong><\/em><\/p>\n","protected":false},"excerpt":{"rendered":"<p>Organis\u00e9e par La Pr\u00e9fecture du 4 d\u00e9cembre 2023 au vendredi 12 janvier 2024 et pr\u00e9alable \u00e0 la d\u00e9claration d\u2019utilit\u00e9 publique.<\/p>\n","protected":false},"author":4,"featured_media":195766,"comment_status":"open","ping_status":"open","sticky":false,"template":"","format":"standard","meta":{"footnotes":""},"categories":[19,3336,1625,4948,13,28,29],"tags":[4953,3364,2455],"class_list":["post-195762","post","type-post","status-publish","format-standard","has-post-thumbnail","hentry","category-bron","category-citoyennete-recensement","category-lyon","category-que-de-breves","category-transports-circulation","category-vaulx-en-velin","category-villeurbanne","tag-bus","tag-enquete","tag-sytral"],"yoast_head":"<!-- This site is optimized with the Yoast SEO plugin v27.2 - https:\/\/yoast.com\/product\/yoast-seo-wordpress\/ -->\n<title>Bus haut niveau service Part-Dieu \/ 7 Chemins : une enqu\u00eate publique - News Est Lyonnais<\/title>\n<meta name=\"description\" content=\"Bus \u00e0 Haut Niveau de Service Part-Dieu \/ 7 Chemins : une enqu\u00eate publique\" \/>\n<meta name=\"robots\" content=\"index, follow, max-snippet:-1, max-image-preview:large, max-video-preview:-1\" \/>\n<link rel=\"canonical\" href=\"https:\/\/newsestlyonnais.fr\/site\/2023\/12\/02\/bus-a-haut-niveau-de-service-part-dieu-sept-chemins-une-enquete-publique\/\" \/>\n<meta property=\"og:locale\" content=\"fr_FR\" \/>\n<meta property=\"og:type\" content=\"article\" \/>\n<meta property=\"og:title\" content=\"Bus haut niveau service Part-Dieu \/ 7 Chemins : une enqu\u00eate publique - News Est Lyonnais\" \/>\n<meta property=\"og:description\" content=\"Bus \u00e0 Haut Niveau de Service Part-Dieu \/ 7 Chemins : une enqu\u00eate publique\" \/>\n<meta property=\"og:url\" content=\"https:\/\/newsestlyonnais.fr\/site\/2023\/12\/02\/bus-a-haut-niveau-de-service-part-dieu-sept-chemins-une-enquete-publique\/\" \/>\n<meta property=\"og:site_name\" content=\"News Est Lyonnais\" \/>\n<meta property=\"article:author\" content=\"https:\/\/www.facebook.com\/pascal.oberson.1?fref=ts\" \/>\n<meta property=\"article:published_time\" content=\"2023-12-02T06:39:56+00:00\" \/>\n<meta property=\"article:modified_time\" content=\"2023-12-02T09:49:33+00:00\" \/>\n<meta property=\"og:image\" content=\"https:\/\/newsestlyonnais.fr\/site\/wp-content\/uploads\/2023\/12\/8564_738_bandeau-accroche-site-YA.jpg\" \/>\n\t<meta property=\"og:image:width\" content=\"940\" \/>\n\t<meta property=\"og:image:height\" content=\"350\" \/>\n\t<meta property=\"og:image:type\" content=\"image\/jpeg\" \/>\n<meta name=\"author\" content=\"R\u00e9dac. NEWS\" \/>\n<meta name=\"twitter:card\" content=\"summary_large_image\" \/>\n<meta name=\"twitter:label1\" content=\"\u00c9crit par\" \/>\n\t<meta name=\"twitter:data1\" content=\"R\u00e9dac. NEWS\" \/>\n\t<meta name=\"twitter:label2\" content=\"Dur\u00e9e de lecture estim\u00e9e\" \/>\n\t<meta name=\"twitter:data2\" content=\"2 minutes\" \/>\n<script type=\"application\/ld+json\" class=\"yoast-schema-graph\">{\"@context\":\"https:\/\/schema.org\",\"@graph\":[{\"@type\":\"Article\",\"@id\":\"https:\/\/newsestlyonnais.fr\/site\/2023\/12\/02\/bus-a-haut-niveau-de-service-part-dieu-sept-chemins-une-enquete-publique\/#article\",\"isPartOf\":{\"@id\":\"https:\/\/newsestlyonnais.fr\/site\/2023\/12\/02\/bus-a-haut-niveau-de-service-part-dieu-sept-chemins-une-enquete-publique\/\"},\"author\":{\"name\":\"R\u00e9dac. NEWS\",\"@id\":\"https:\/\/newsestlyonnais.fr\/site\/#\/schema\/person\/3230d5615f390bb808365d673001e887\"},\"headline\":\"Bus haut niveau service Part-Dieu \/ 7 Chemins : une enqu\u00eate publique\",\"datePublished\":\"2023-12-02T06:39:56+00:00\",\"dateModified\":\"2023-12-02T09:49:33+00:00\",\"mainEntityOfPage\":{\"@id\":\"https:\/\/newsestlyonnais.fr\/site\/2023\/12\/02\/bus-a-haut-niveau-de-service-part-dieu-sept-chemins-une-enquete-publique\/\"},\"wordCount\":240,\"commentCount\":0,\"publisher\":{\"@id\":\"https:\/\/newsestlyonnais.fr\/site\/#organization\"},\"image\":{\"@id\":\"https:\/\/newsestlyonnais.fr\/site\/2023\/12\/02\/bus-a-haut-niveau-de-service-part-dieu-sept-chemins-une-enquete-publique\/#primaryimage\"},\"thumbnailUrl\":\"https:\/\/newsestlyonnais.fr\/site\/wp-content\/uploads\/2023\/12\/8564_738_bandeau-accroche-site-YA.jpg\",\"keywords\":[\"BUS\",\"ENQUETE\",\"SYTRAL\"],\"articleSection\":[\"Bron\",\"Citoyennet\u00e9 | Recensement\",\"Lyon\",\"Que de br\u00e8ves ...\",\"Transports | Circulation\",\"Vaulx-en-Velin\",\"Villeurbanne\"],\"inLanguage\":\"fr-FR\",\"potentialAction\":[{\"@type\":\"CommentAction\",\"name\":\"Comment\",\"target\":[\"https:\/\/newsestlyonnais.fr\/site\/2023\/12\/02\/bus-a-haut-niveau-de-service-part-dieu-sept-chemins-une-enquete-publique\/#respond\"]}]},{\"@type\":\"WebPage\",\"@id\":\"https:\/\/newsestlyonnais.fr\/site\/2023\/12\/02\/bus-a-haut-niveau-de-service-part-dieu-sept-chemins-une-enquete-publique\/\",\"url\":\"https:\/\/newsestlyonnais.fr\/site\/2023\/12\/02\/bus-a-haut-niveau-de-service-part-dieu-sept-chemins-une-enquete-publique\/\",\"name\":\"Bus haut niveau service Part-Dieu \/ 7 Chemins : une enqu\u00eate publique - News Est Lyonnais\",\"isPartOf\":{\"@id\":\"https:\/\/newsestlyonnais.fr\/site\/#website\"},\"primaryImageOfPage\":{\"@id\":\"https:\/\/newsestlyonnais.fr\/site\/2023\/12\/02\/bus-a-haut-niveau-de-service-part-dieu-sept-chemins-une-enquete-publique\/#primaryimage\"},\"image\":{\"@id\":\"https:\/\/newsestlyonnais.fr\/site\/2023\/12\/02\/bus-a-haut-niveau-de-service-part-dieu-sept-chemins-une-enquete-publique\/#primaryimage\"},\"thumbnailUrl\":\"https:\/\/newsestlyonnais.fr\/site\/wp-content\/uploads\/2023\/12\/8564_738_bandeau-accroche-site-YA.jpg\",\"datePublished\":\"2023-12-02T06:39:56+00:00\",\"dateModified\":\"2023-12-02T09:49:33+00:00\",\"description\":\"Bus \u00e0 Haut Niveau de Service Part-Dieu \/ 7 Chemins : une enqu\u00eate publique\",\"breadcrumb\":{\"@id\":\"https:\/\/newsestlyonnais.fr\/site\/2023\/12\/02\/bus-a-haut-niveau-de-service-part-dieu-sept-chemins-une-enquete-publique\/#breadcrumb\"},\"inLanguage\":\"fr-FR\",\"potentialAction\":[{\"@type\":\"ReadAction\",\"target\":[\"https:\/\/newsestlyonnais.fr\/site\/2023\/12\/02\/bus-a-haut-niveau-de-service-part-dieu-sept-chemins-une-enquete-publique\/\"]}]},{\"@type\":\"ImageObject\",\"inLanguage\":\"fr-FR\",\"@id\":\"https:\/\/newsestlyonnais.fr\/site\/2023\/12\/02\/bus-a-haut-niveau-de-service-part-dieu-sept-chemins-une-enquete-publique\/#primaryimage\",\"url\":\"https:\/\/newsestlyonnais.fr\/site\/wp-content\/uploads\/2023\/12\/8564_738_bandeau-accroche-site-YA.jpg\",\"contentUrl\":\"https:\/\/newsestlyonnais.fr\/site\/wp-content\/uploads\/2023\/12\/8564_738_bandeau-accroche-site-YA.jpg\",\"width\":940,\"height\":350},{\"@type\":\"BreadcrumbList\",\"@id\":\"https:\/\/newsestlyonnais.fr\/site\/2023\/12\/02\/bus-a-haut-niveau-de-service-part-dieu-sept-chemins-une-enquete-publique\/#breadcrumb\",\"itemListElement\":[{\"@type\":\"ListItem\",\"position\":1,\"name\":\"Accueil\",\"item\":\"https:\/\/newsestlyonnais.fr\/site\/\"},{\"@type\":\"ListItem\",\"position\":2,\"name\":\"Bus haut niveau service Part-Dieu \/ 7 Chemins : une enqu\u00eate publique\"}]},{\"@type\":\"WebSite\",\"@id\":\"https:\/\/newsestlyonnais.fr\/site\/#website\",\"url\":\"https:\/\/newsestlyonnais.fr\/site\/\",\"name\":\"News Est Lyonnais\",\"description\":\"L&#039;actualit\u00e9 au plus pr\u00e8s\",\"publisher\":{\"@id\":\"https:\/\/newsestlyonnais.fr\/site\/#organization\"},\"potentialAction\":[{\"@type\":\"SearchAction\",\"target\":{\"@type\":\"EntryPoint\",\"urlTemplate\":\"https:\/\/newsestlyonnais.fr\/site\/?s={search_term_string}\"},\"query-input\":{\"@type\":\"PropertyValueSpecification\",\"valueRequired\":true,\"valueName\":\"search_term_string\"}}],\"inLanguage\":\"fr-FR\"},{\"@type\":\"Organization\",\"@id\":\"https:\/\/newsestlyonnais.fr\/site\/#organization\",\"name\":\"News EST LYONNAIS\",\"url\":\"https:\/\/newsestlyonnais.fr\/site\/\",\"logo\":{\"@type\":\"ImageObject\",\"inLanguage\":\"fr-FR\",\"@id\":\"https:\/\/newsestlyonnais.fr\/site\/#\/schema\/logo\/image\/\",\"url\":\"\",\"contentUrl\":\"\",\"caption\":\"News EST LYONNAIS\"},\"image\":{\"@id\":\"https:\/\/newsestlyonnais.fr\/site\/#\/schema\/logo\/image\/\"}},{\"@type\":\"Person\",\"@id\":\"https:\/\/newsestlyonnais.fr\/site\/#\/schema\/person\/3230d5615f390bb808365d673001e887\",\"name\":\"R\u00e9dac. NEWS\",\"sameAs\":[\"http:\/\/www.newsestlyonnais.fr\",\"https:\/\/www.facebook.com\/pascal.oberson.1?fref=ts\",\"https:\/\/fr.linkedin.com\/in\/pascal-oberson-b17045113\"],\"url\":\"https:\/\/newsestlyonnais.fr\/site\/author\/nel\/\"}]}<\/script>\n<!-- \/ Yoast SEO plugin. -->","yoast_head_json":{"title":"Bus haut niveau service Part-Dieu \/ 7 Chemins : une enqu\u00eate publique - News Est Lyonnais","description":"Bus \u00e0 Haut Niveau de Service Part-Dieu \/ 7 Chemins : une enqu\u00eate publique","robots":{"index":"index","follow":"follow","max-snippet":"max-snippet:-1","max-image-preview":"max-image-preview:large","max-video-preview":"max-video-preview:-1"},"canonical":"https:\/\/newsestlyonnais.fr\/site\/2023\/12\/02\/bus-a-haut-niveau-de-service-part-dieu-sept-chemins-une-enquete-publique\/","og_locale":"fr_FR","og_type":"article","og_title":"Bus haut niveau service Part-Dieu \/ 7 Chemins : une enqu\u00eate publique - News Est Lyonnais","og_description":"Bus \u00e0 Haut Niveau de Service Part-Dieu \/ 7 Chemins : une enqu\u00eate publique","og_url":"https:\/\/newsestlyonnais.fr\/site\/2023\/12\/02\/bus-a-haut-niveau-de-service-part-dieu-sept-chemins-une-enquete-publique\/","og_site_name":"News Est Lyonnais","article_author":"https:\/\/www.facebook.com\/pascal.oberson.1?fref=ts","article_published_time":"2023-12-02T06:39:56+00:00","article_modified_time":"2023-12-02T09:49:33+00:00","og_image":[{"width":940,"height":350,"url":"https:\/\/newsestlyonnais.fr\/site\/wp-content\/uploads\/2023\/12\/8564_738_bandeau-accroche-site-YA.jpg","type":"image\/jpeg"}],"author":"R\u00e9dac. NEWS","twitter_card":"summary_large_image","twitter_misc":{"\u00c9crit par":"R\u00e9dac. NEWS","Dur\u00e9e de lecture estim\u00e9e":"2 minutes"},"schema":{"@context":"https:\/\/schema.org","@graph":[{"@type":"Article","@id":"https:\/\/newsestlyonnais.fr\/site\/2023\/12\/02\/bus-a-haut-niveau-de-service-part-dieu-sept-chemins-une-enquete-publique\/#article","isPartOf":{"@id":"https:\/\/newsestlyonnais.fr\/site\/2023\/12\/02\/bus-a-haut-niveau-de-service-part-dieu-sept-chemins-une-enquete-publique\/"},"author":{"name":"R\u00e9dac. NEWS","@id":"https:\/\/newsestlyonnais.fr\/site\/#\/schema\/person\/3230d5615f390bb808365d673001e887"},"headline":"Bus haut niveau service Part-Dieu \/ 7 Chemins : une enqu\u00eate publique","datePublished":"2023-12-02T06:39:56+00:00","dateModified":"2023-12-02T09:49:33+00:00","mainEntityOfPage":{"@id":"https:\/\/newsestlyonnais.fr\/site\/2023\/12\/02\/bus-a-haut-niveau-de-service-part-dieu-sept-chemins-une-enquete-publique\/"},"wordCount":240,"commentCount":0,"publisher":{"@id":"https:\/\/newsestlyonnais.fr\/site\/#organization"},"image":{"@id":"https:\/\/newsestlyonnais.fr\/site\/2023\/12\/02\/bus-a-haut-niveau-de-service-part-dieu-sept-chemins-une-enquete-publique\/#primaryimage"},"thumbnailUrl":"https:\/\/newsestlyonnais.fr\/site\/wp-content\/uploads\/2023\/12\/8564_738_bandeau-accroche-site-YA.jpg","keywords":["BUS","ENQUETE","SYTRAL"],"articleSection":["Bron","Citoyennet\u00e9 | Recensement","Lyon","Que de br\u00e8ves ...","Transports | Circulation","Vaulx-en-Velin","Villeurbanne"],"inLanguage":"fr-FR","potentialAction":[{"@type":"CommentAction","name":"Comment","target":["https:\/\/newsestlyonnais.fr\/site\/2023\/12\/02\/bus-a-haut-niveau-de-service-part-dieu-sept-chemins-une-enquete-publique\/#respond"]}]},{"@type":"WebPage","@id":"https:\/\/newsestlyonnais.fr\/site\/2023\/12\/02\/bus-a-haut-niveau-de-service-part-dieu-sept-chemins-une-enquete-publique\/","url":"https:\/\/newsestlyonnais.fr\/site\/2023\/12\/02\/bus-a-haut-niveau-de-service-part-dieu-sept-chemins-une-enquete-publique\/","name":"Bus haut niveau service Part-Dieu \/ 7 Chemins : une enqu\u00eate publique - News Est Lyonnais","isPartOf":{"@id":"https:\/\/newsestlyonnais.fr\/site\/#website"},"primaryImageOfPage":{"@id":"https:\/\/newsestlyonnais.fr\/site\/2023\/12\/02\/bus-a-haut-niveau-de-service-part-dieu-sept-chemins-une-enquete-publique\/#primaryimage"},"image":{"@id":"https:\/\/newsestlyonnais.fr\/site\/2023\/12\/02\/bus-a-haut-niveau-de-service-part-dieu-sept-chemins-une-enquete-publique\/#primaryimage"},"thumbnailUrl":"https:\/\/newsestlyonnais.fr\/site\/wp-content\/uploads\/2023\/12\/8564_738_bandeau-accroche-site-YA.jpg","datePublished":"2023-12-02T06:39:56+00:00","dateModified":"2023-12-02T09:49:33+00:00","description":"Bus \u00e0 Haut Niveau de Service Part-Dieu \/ 7 Chemins : une enqu\u00eate publique","breadcrumb":{"@id":"https:\/\/newsestlyonnais.fr\/site\/2023\/12\/02\/bus-a-haut-niveau-de-service-part-dieu-sept-chemins-une-enquete-publique\/#breadcrumb"},"inLanguage":"fr-FR","potentialAction":[{"@type":"ReadAction","target":["https:\/\/newsestlyonnais.fr\/site\/2023\/12\/02\/bus-a-haut-niveau-de-service-part-dieu-sept-chemins-une-enquete-publique\/"]}]},{"@type":"ImageObject","inLanguage":"fr-FR","@id":"https:\/\/newsestlyonnais.fr\/site\/2023\/12\/02\/bus-a-haut-niveau-de-service-part-dieu-sept-chemins-une-enquete-publique\/#primaryimage","url":"https:\/\/newsestlyonnais.fr\/site\/wp-content\/uploads\/2023\/12\/8564_738_bandeau-accroche-site-YA.jpg","contentUrl":"https:\/\/newsestlyonnais.fr\/site\/wp-content\/uploads\/2023\/12\/8564_738_bandeau-accroche-site-YA.jpg","width":940,"height":350},{"@type":"BreadcrumbList","@id":"https:\/\/newsestlyonnais.fr\/site\/2023\/12\/02\/bus-a-haut-niveau-de-service-part-dieu-sept-chemins-une-enquete-publique\/#breadcrumb","itemListElement":[{"@type":"ListItem","position":1,"name":"Accueil","item":"https:\/\/newsestlyonnais.fr\/site\/"},{"@type":"ListItem","position":2,"name":"Bus haut niveau service Part-Dieu \/ 7 Chemins : une enqu\u00eate publique"}]},{"@type":"WebSite","@id":"https:\/\/newsestlyonnais.fr\/site\/#website","url":"https:\/\/newsestlyonnais.fr\/site\/","name":"News Est Lyonnais","description":"L&#039;actualit\u00e9 au plus pr\u00e8s","publisher":{"@id":"https:\/\/newsestlyonnais.fr\/site\/#organization"},"potentialAction":[{"@type":"SearchAction","target":{"@type":"EntryPoint","urlTemplate":"https:\/\/newsestlyonnais.fr\/site\/?s={search_term_string}"},"query-input":{"@type":"PropertyValueSpecification","valueRequired":true,"valueName":"search_term_string"}}],"inLanguage":"fr-FR"},{"@type":"Organization","@id":"https:\/\/newsestlyonnais.fr\/site\/#organization","name":"News EST LYONNAIS","url":"https:\/\/newsestlyonnais.fr\/site\/","logo":{"@type":"ImageObject","inLanguage":"fr-FR","@id":"https:\/\/newsestlyonnais.fr\/site\/#\/schema\/logo\/image\/","url":"","contentUrl":"","caption":"News EST LYONNAIS"},"image":{"@id":"https:\/\/newsestlyonnais.fr\/site\/#\/schema\/logo\/image\/"}},{"@type":"Person","@id":"https:\/\/newsestlyonnais.fr\/site\/#\/schema\/person\/3230d5615f390bb808365d673001e887","name":"R\u00e9dac. NEWS","sameAs":["http:\/\/www.newsestlyonnais.fr","https:\/\/www.facebook.com\/pascal.oberson.1?fref=ts","https:\/\/fr.linkedin.com\/in\/pascal-oberson-b17045113"],"url":"https:\/\/newsestlyonnais.fr\/site\/author\/nel\/"}]}},"_links":{"self":[{"href":"https:\/\/newsestlyonnais.fr\/site\/wp-json\/wp\/v2\/posts\/195762","targetHints":{"allow":["GET"]}}],"collection":[{"href":"https:\/\/newsestlyonnais.fr\/site\/wp-json\/wp\/v2\/posts"}],"about":[{"href":"https:\/\/newsestlyonnais.fr\/site\/wp-json\/wp\/v2\/types\/post"}],"author":[{"embeddable":true,"href":"https:\/\/newsestlyonnais.fr\/site\/wp-json\/wp\/v2\/users\/4"}],"replies":[{"embeddable":true,"href":"https:\/\/newsestlyonnais.fr\/site\/wp-json\/wp\/v2\/comments?post=195762"}],"version-history":[{"count":0,"href":"https:\/\/newsestlyonnais.fr\/site\/wp-json\/wp\/v2\/posts\/195762\/revisions"}],"wp:featuredmedia":[{"embeddable":true,"href":"https:\/\/newsestlyonnais.fr\/site\/wp-json\/wp\/v2\/media\/195766"}],"wp:attachment":[{"href":"https:\/\/newsestlyonnais.fr\/site\/wp-json\/wp\/v2\/media?parent=195762"}],"wp:term":[{"taxonomy":"category","embeddable":true,"href":"https:\/\/newsestlyonnais.fr\/site\/wp-json\/wp\/v2\/categories?post=195762"},{"taxonomy":"post_tag","embeddable":true,"href":"https:\/\/newsestlyonnais.fr\/site\/wp-json\/wp\/v2\/tags?post=195762"}],"curies":[{"name":"wp","href":"https:\/\/api.w.org\/{rel}","templated":true}]}}