{"id":195778,"date":"2023-12-02T10:40:10","date_gmt":"2023-12-02T09:40:10","guid":{"rendered":"https:\/\/newsestlyonnais.fr\/site\/?p=195778"},"modified":"2023-12-03T09:57:08","modified_gmt":"2023-12-03T08:57:08","slug":"villeurbanne-le-jeudi-des-associations-thematique-quel-club-pour-demain","status":"publish","type":"post","link":"https:\/\/newsestlyonnais.fr\/site\/2023\/12\/02\/villeurbanne-le-jeudi-des-associations-thematique-quel-club-pour-demain\/","title":{"rendered":"VILLEURBANNE | Jeudi des associations | \u00ab\u00a0Quel club pour demain ?\u00a0\u00bb"},"content":{"rendered":"<p>Conscients de l\u2019\u00e9volution du secteur associatif sportif auquel nous devons faire face, <strong>deux experts de ce domaine interviendront durant quatre soir\u00e9es<\/strong> afin de vous accompagner dans votre r\u00e9flexion et de vous apporter les outils n\u00e9cessaires pour \u00eatre acteur de ce changement.<\/p>\n<p><strong>Une \u00e0 deux associations t\u00e9moigneront lors de chaque soir\u00e9e<\/strong> pour vous faire un retour sur leurs propres exp\u00e9riences, les difficult\u00e9s qu\u2019elles ont rencontr\u00e9es mais surtout comment elles ont su s\u2019adapter.<\/p>\n<hr \/>\n<p><span style=\"color: #ffcc00; background-color: #000000;\"><strong>Le cycle sera compos\u00e9 de 4 soir\u00e9es th\u00e9matiques de formation et d&rsquo;\u00e9changes, qui se d\u00e9rouleront sur 4 jeudis, \u00e0 partir de 18 h 30 :<\/strong><\/span><\/p>\n<ul>\n<li><strong>Jeudi 14 d\u00e9cembre 2023<\/strong> : Le club de demain : contexte et enjeux<\/li>\n<li><strong>Jeudi 8 f\u00e9vrier 2024<\/strong> : Gouvernance et outils juridiques pour la structuration des associations<\/li>\n<li><strong>Jeudi 11 avril 2024<\/strong> : Optimisation salariale et diversification des ressources<\/li>\n<li><strong>Jeudi 6 juin 2024<\/strong> : Professionnalisation et nouvelles offres sportives.<\/li>\n<\/ul>\n<p>Le lieu variant en fonction des soir\u00e9es, sera pr\u00e9cis\u00e9 prochainement.<\/p>\n<hr \/>\n<p>Rendez-vous <strong>jeudi 14 d\u00e9cembre \u00e0 partir de 18 h 30 au si\u00e8ge de l&rsquo;ASUL<\/strong> pour la premi\u00e8re soir\u00e9e du cycle de formation \u00ab\u00a0Quel club pour demain ?\u00a0\u00bb.<\/p>\n<p>Celle-ci aura pour th\u00e9matique <strong>\u00ab\u00a0Le club de demain : contexte et enjeux\u00a0\u00bb<\/strong> et sera anim\u00e9e par <a href=\"https:\/\/2qexl.r.a.d.sendibm1.com\/mk\/cl\/f\/sh\/SMK1E8tHeFuBo0oqP09s8MnThfe5\/gTYXUBBdbbYC\"><span style=\"color: #0000ff;\"><strong>Julien Hu\u00ebt<\/strong><\/span><\/a>. L&rsquo;objectif est de pr\u00e9senter le cycle de formation ainsi que le contexte dans lequel il s&rsquo;inscrit.<\/p>\n<p>Deux experts du domaine du sport interviendront en se basant sur leurs connaissances et leurs exp\u00e9riences :<\/p>\n<ul>\n<li><a href=\"https:\/\/2qexl.r.a.d.sendibm1.com\/mk\/cl\/f\/sh\/SMK1E8tHeG13G9dnaAJMEC6DfyEL\/Qgj2XAFCvDxS\"><span style=\"color: #0000ff;\"><strong>Olivier BLATRIE<\/strong><\/span><\/a>, charg\u00e9 de missions Sport Conseil et Partenariats, ex-pr\u00e9sident de Ligue r\u00e9gionale et charg\u00e9 de missions \u00e0 la F\u00e9d\u00e9ration de Basket<\/li>\n<li><a href=\"https:\/\/2qexl.r.a.d.sendibm1.com\/mk\/cl\/f\/sh\/SMK1E8tHeG7uiISklKSqK1OxeGob\/4F6Di5WW8PK9\"><strong><span style=\"color: #0000ff;\">Benoit Dumollard<\/span><\/strong><\/a>, avocat sp\u00e9cialis\u00e9 en droit du sport<\/li>\n<\/ul>\n<hr \/>\n<p><strong><span style=\"background-color: #000000; color: #ffffff;\">Tarifs :<\/span><\/strong><\/p>\n<ul>\n<li>Pour les adh\u00e9rents de l&rsquo;ASUL et de l&rsquo;OSV : gratuit<\/li>\n<li>Pour les externes : 15 \u20ac par personne les 4 soir\u00e9es \/ 5 \u20ac la soir\u00e9e<\/li>\n<\/ul>\n<p><strong><span style=\"background-color: #000000; color: #ffffff;\">Inscriptions<\/span><\/strong> : <a href=\"https:\/\/2qexl.r.a.d.sendibm1.com\/mk\/cl\/f\/sh\/SMK1E8tHeGEmARHhwUcKPqhhcZOr\/6-qGw2aCQBwL\"><span style=\"color: #0000ff;\"><strong>https:\/\/forms.gle\/WJvEkWd1AxcbqJyJ7 \/<\/strong><\/span><\/a><\/p>\n<p><strong><span style=\"background-color: #000000; color: #ffffff;\">Question ou renseignement<\/span><\/strong> : nais.parcoret@asul.org<\/p>\n<hr \/>\n<hr \/>\n<p>&nbsp;<\/p>\n","protected":false},"excerpt":{"rendered":"<p>L\u2019ASUL et l\u2019Office du Sport de Villeurbanne (OSV) ont collabor\u00e9 pour programmer ce cycle compos\u00e9 de 4 soir\u00e9es th\u00e9matiques de formation et d&rsquo;\u00e9changes.<\/p>\n","protected":false},"author":4,"featured_media":195783,"comment_status":"open","ping_status":"open","sticky":false,"template":"","format":"standard","meta":{"footnotes":""},"categories":[574,166,3016,4948,29],"tags":[2164,2313,2091],"class_list":["post-195778","post","type-post","status-publish","format-standard","has-post-thumbnail","hentry","category-autres-sports","category-divers-sports","category-institutions-trophees-jo","category-que-de-breves","category-villeurbanne","tag-asul","tag-osv","tag-villeurbanne"],"yoast_head":"<!-- This site is optimized with the Yoast SEO plugin v27.2 - https:\/\/yoast.com\/product\/yoast-seo-wordpress\/ -->\n<title>VILLEURBANNE | Jeudi des associations | &quot;Quel club pour demain ?&quot; - News Est Lyonnais<\/title>\n<meta name=\"description\" content=\"VILLEURBANNE | Le jeudi des associations : th\u00e9matique &quot;Quel club pour demain ?&quot;\" \/>\n<meta name=\"robots\" content=\"index, follow, max-snippet:-1, max-image-preview:large, max-video-preview:-1\" \/>\n<link rel=\"canonical\" href=\"https:\/\/newsestlyonnais.fr\/site\/2023\/12\/02\/villeurbanne-le-jeudi-des-associations-thematique-quel-club-pour-demain\/\" \/>\n<meta property=\"og:locale\" content=\"fr_FR\" \/>\n<meta property=\"og:type\" content=\"article\" \/>\n<meta property=\"og:title\" content=\"VILLEURBANNE | Jeudi des associations | &quot;Quel club pour demain ?&quot; - News Est Lyonnais\" \/>\n<meta property=\"og:description\" content=\"VILLEURBANNE | Le jeudi des associations : th\u00e9matique &quot;Quel club pour demain ?&quot;\" \/>\n<meta property=\"og:url\" content=\"https:\/\/newsestlyonnais.fr\/site\/2023\/12\/02\/villeurbanne-le-jeudi-des-associations-thematique-quel-club-pour-demain\/\" \/>\n<meta property=\"og:site_name\" content=\"News Est Lyonnais\" \/>\n<meta property=\"article:author\" content=\"https:\/\/www.facebook.com\/pascal.oberson.1?fref=ts\" \/>\n<meta property=\"article:published_time\" content=\"2023-12-02T09:40:10+00:00\" \/>\n<meta property=\"article:modified_time\" content=\"2023-12-03T08:57:08+00:00\" \/>\n<meta property=\"og:image\" content=\"https:\/\/newsestlyonnais.fr\/site\/wp-content\/uploads\/2023\/12\/sNk4zk-K-HNH.jpg\" \/>\n\t<meta property=\"og:image:width\" content=\"848\" \/>\n\t<meta property=\"og:image:height\" content=\"1200\" \/>\n\t<meta property=\"og:image:type\" content=\"image\/jpeg\" \/>\n<meta name=\"author\" content=\"R\u00e9dac. NEWS\" \/>\n<meta name=\"twitter:card\" content=\"summary_large_image\" \/>\n<meta name=\"twitter:label1\" content=\"\u00c9crit par\" \/>\n\t<meta name=\"twitter:data1\" content=\"R\u00e9dac. NEWS\" \/>\n\t<meta name=\"twitter:label2\" content=\"Dur\u00e9e de lecture estim\u00e9e\" \/>\n\t<meta name=\"twitter:data2\" content=\"2 minutes\" \/>\n<script type=\"application\/ld+json\" class=\"yoast-schema-graph\">{\"@context\":\"https:\/\/schema.org\",\"@graph\":[{\"@type\":\"Article\",\"@id\":\"https:\/\/newsestlyonnais.fr\/site\/2023\/12\/02\/villeurbanne-le-jeudi-des-associations-thematique-quel-club-pour-demain\/#article\",\"isPartOf\":{\"@id\":\"https:\/\/newsestlyonnais.fr\/site\/2023\/12\/02\/villeurbanne-le-jeudi-des-associations-thematique-quel-club-pour-demain\/\"},\"author\":{\"name\":\"R\u00e9dac. NEWS\",\"@id\":\"https:\/\/newsestlyonnais.fr\/site\/#\/schema\/person\/3230d5615f390bb808365d673001e887\"},\"headline\":\"VILLEURBANNE | Jeudi des associations | \u00ab\u00a0Quel club pour demain ?\u00a0\u00bb\",\"datePublished\":\"2023-12-02T09:40:10+00:00\",\"dateModified\":\"2023-12-03T08:57:08+00:00\",\"mainEntityOfPage\":{\"@id\":\"https:\/\/newsestlyonnais.fr\/site\/2023\/12\/02\/villeurbanne-le-jeudi-des-associations-thematique-quel-club-pour-demain\/\"},\"wordCount\":316,\"commentCount\":0,\"publisher\":{\"@id\":\"https:\/\/newsestlyonnais.fr\/site\/#organization\"},\"image\":{\"@id\":\"https:\/\/newsestlyonnais.fr\/site\/2023\/12\/02\/villeurbanne-le-jeudi-des-associations-thematique-quel-club-pour-demain\/#primaryimage\"},\"thumbnailUrl\":\"https:\/\/newsestlyonnais.fr\/site\/wp-content\/uploads\/2023\/12\/sNk4zk-K-HNH.jpg\",\"keywords\":[\"ASUL\",\"OSV\",\"VILLEURBANNE\"],\"articleSection\":[\"Autres sports\",\"Divers Sports\",\"Institutions | Troph\u00e9es | J.O.\",\"Que de br\u00e8ves ...\",\"Villeurbanne\"],\"inLanguage\":\"fr-FR\",\"potentialAction\":[{\"@type\":\"CommentAction\",\"name\":\"Comment\",\"target\":[\"https:\/\/newsestlyonnais.fr\/site\/2023\/12\/02\/villeurbanne-le-jeudi-des-associations-thematique-quel-club-pour-demain\/#respond\"]}]},{\"@type\":\"WebPage\",\"@id\":\"https:\/\/newsestlyonnais.fr\/site\/2023\/12\/02\/villeurbanne-le-jeudi-des-associations-thematique-quel-club-pour-demain\/\",\"url\":\"https:\/\/newsestlyonnais.fr\/site\/2023\/12\/02\/villeurbanne-le-jeudi-des-associations-thematique-quel-club-pour-demain\/\",\"name\":\"VILLEURBANNE | Jeudi des associations | \\\"Quel club pour demain ?\\\" - News Est Lyonnais\",\"isPartOf\":{\"@id\":\"https:\/\/newsestlyonnais.fr\/site\/#website\"},\"primaryImageOfPage\":{\"@id\":\"https:\/\/newsestlyonnais.fr\/site\/2023\/12\/02\/villeurbanne-le-jeudi-des-associations-thematique-quel-club-pour-demain\/#primaryimage\"},\"image\":{\"@id\":\"https:\/\/newsestlyonnais.fr\/site\/2023\/12\/02\/villeurbanne-le-jeudi-des-associations-thematique-quel-club-pour-demain\/#primaryimage\"},\"thumbnailUrl\":\"https:\/\/newsestlyonnais.fr\/site\/wp-content\/uploads\/2023\/12\/sNk4zk-K-HNH.jpg\",\"datePublished\":\"2023-12-02T09:40:10+00:00\",\"dateModified\":\"2023-12-03T08:57:08+00:00\",\"description\":\"VILLEURBANNE | Le jeudi des associations : th\u00e9matique \\\"Quel club pour demain ?\\\"\",\"breadcrumb\":{\"@id\":\"https:\/\/newsestlyonnais.fr\/site\/2023\/12\/02\/villeurbanne-le-jeudi-des-associations-thematique-quel-club-pour-demain\/#breadcrumb\"},\"inLanguage\":\"fr-FR\",\"potentialAction\":[{\"@type\":\"ReadAction\",\"target\":[\"https:\/\/newsestlyonnais.fr\/site\/2023\/12\/02\/villeurbanne-le-jeudi-des-associations-thematique-quel-club-pour-demain\/\"]}]},{\"@type\":\"ImageObject\",\"inLanguage\":\"fr-FR\",\"@id\":\"https:\/\/newsestlyonnais.fr\/site\/2023\/12\/02\/villeurbanne-le-jeudi-des-associations-thematique-quel-club-pour-demain\/#primaryimage\",\"url\":\"https:\/\/newsestlyonnais.fr\/site\/wp-content\/uploads\/2023\/12\/sNk4zk-K-HNH.jpg\",\"contentUrl\":\"https:\/\/newsestlyonnais.fr\/site\/wp-content\/uploads\/2023\/12\/sNk4zk-K-HNH.jpg\",\"width\":848,\"height\":1200},{\"@type\":\"BreadcrumbList\",\"@id\":\"https:\/\/newsestlyonnais.fr\/site\/2023\/12\/02\/villeurbanne-le-jeudi-des-associations-thematique-quel-club-pour-demain\/#breadcrumb\",\"itemListElement\":[{\"@type\":\"ListItem\",\"position\":1,\"name\":\"Accueil\",\"item\":\"https:\/\/newsestlyonnais.fr\/site\/\"},{\"@type\":\"ListItem\",\"position\":2,\"name\":\"VILLEURBANNE | Jeudi des associations | \u00ab\u00a0Quel club pour demain ?\u00a0\u00bb\"}]},{\"@type\":\"WebSite\",\"@id\":\"https:\/\/newsestlyonnais.fr\/site\/#website\",\"url\":\"https:\/\/newsestlyonnais.fr\/site\/\",\"name\":\"News Est Lyonnais\",\"description\":\"L&#039;actualit\u00e9 au plus pr\u00e8s\",\"publisher\":{\"@id\":\"https:\/\/newsestlyonnais.fr\/site\/#organization\"},\"potentialAction\":[{\"@type\":\"SearchAction\",\"target\":{\"@type\":\"EntryPoint\",\"urlTemplate\":\"https:\/\/newsestlyonnais.fr\/site\/?s={search_term_string}\"},\"query-input\":{\"@type\":\"PropertyValueSpecification\",\"valueRequired\":true,\"valueName\":\"search_term_string\"}}],\"inLanguage\":\"fr-FR\"},{\"@type\":\"Organization\",\"@id\":\"https:\/\/newsestlyonnais.fr\/site\/#organization\",\"name\":\"News EST LYONNAIS\",\"url\":\"https:\/\/newsestlyonnais.fr\/site\/\",\"logo\":{\"@type\":\"ImageObject\",\"inLanguage\":\"fr-FR\",\"@id\":\"https:\/\/newsestlyonnais.fr\/site\/#\/schema\/logo\/image\/\",\"url\":\"\",\"contentUrl\":\"\",\"caption\":\"News EST LYONNAIS\"},\"image\":{\"@id\":\"https:\/\/newsestlyonnais.fr\/site\/#\/schema\/logo\/image\/\"}},{\"@type\":\"Person\",\"@id\":\"https:\/\/newsestlyonnais.fr\/site\/#\/schema\/person\/3230d5615f390bb808365d673001e887\",\"name\":\"R\u00e9dac. NEWS\",\"sameAs\":[\"http:\/\/www.newsestlyonnais.fr\",\"https:\/\/www.facebook.com\/pascal.oberson.1?fref=ts\",\"https:\/\/fr.linkedin.com\/in\/pascal-oberson-b17045113\"],\"url\":\"https:\/\/newsestlyonnais.fr\/site\/author\/nel\/\"}]}<\/script>\n<!-- \/ Yoast SEO plugin. -->","yoast_head_json":{"title":"VILLEURBANNE | Jeudi des associations | \"Quel club pour demain ?\" - News Est Lyonnais","description":"VILLEURBANNE | Le jeudi des associations : th\u00e9matique \"Quel club pour demain ?\"","robots":{"index":"index","follow":"follow","max-snippet":"max-snippet:-1","max-image-preview":"max-image-preview:large","max-video-preview":"max-video-preview:-1"},"canonical":"https:\/\/newsestlyonnais.fr\/site\/2023\/12\/02\/villeurbanne-le-jeudi-des-associations-thematique-quel-club-pour-demain\/","og_locale":"fr_FR","og_type":"article","og_title":"VILLEURBANNE | Jeudi des associations | \"Quel club pour demain ?\" - News Est Lyonnais","og_description":"VILLEURBANNE | Le jeudi des associations : th\u00e9matique \"Quel club pour demain ?\"","og_url":"https:\/\/newsestlyonnais.fr\/site\/2023\/12\/02\/villeurbanne-le-jeudi-des-associations-thematique-quel-club-pour-demain\/","og_site_name":"News Est Lyonnais","article_author":"https:\/\/www.facebook.com\/pascal.oberson.1?fref=ts","article_published_time":"2023-12-02T09:40:10+00:00","article_modified_time":"2023-12-03T08:57:08+00:00","og_image":[{"width":848,"height":1200,"url":"https:\/\/newsestlyonnais.fr\/site\/wp-content\/uploads\/2023\/12\/sNk4zk-K-HNH.jpg","type":"image\/jpeg"}],"author":"R\u00e9dac. NEWS","twitter_card":"summary_large_image","twitter_misc":{"\u00c9crit par":"R\u00e9dac. NEWS","Dur\u00e9e de lecture estim\u00e9e":"2 minutes"},"schema":{"@context":"https:\/\/schema.org","@graph":[{"@type":"Article","@id":"https:\/\/newsestlyonnais.fr\/site\/2023\/12\/02\/villeurbanne-le-jeudi-des-associations-thematique-quel-club-pour-demain\/#article","isPartOf":{"@id":"https:\/\/newsestlyonnais.fr\/site\/2023\/12\/02\/villeurbanne-le-jeudi-des-associations-thematique-quel-club-pour-demain\/"},"author":{"name":"R\u00e9dac. NEWS","@id":"https:\/\/newsestlyonnais.fr\/site\/#\/schema\/person\/3230d5615f390bb808365d673001e887"},"headline":"VILLEURBANNE | Jeudi des associations | \u00ab\u00a0Quel club pour demain ?\u00a0\u00bb","datePublished":"2023-12-02T09:40:10+00:00","dateModified":"2023-12-03T08:57:08+00:00","mainEntityOfPage":{"@id":"https:\/\/newsestlyonnais.fr\/site\/2023\/12\/02\/villeurbanne-le-jeudi-des-associations-thematique-quel-club-pour-demain\/"},"wordCount":316,"commentCount":0,"publisher":{"@id":"https:\/\/newsestlyonnais.fr\/site\/#organization"},"image":{"@id":"https:\/\/newsestlyonnais.fr\/site\/2023\/12\/02\/villeurbanne-le-jeudi-des-associations-thematique-quel-club-pour-demain\/#primaryimage"},"thumbnailUrl":"https:\/\/newsestlyonnais.fr\/site\/wp-content\/uploads\/2023\/12\/sNk4zk-K-HNH.jpg","keywords":["ASUL","OSV","VILLEURBANNE"],"articleSection":["Autres sports","Divers Sports","Institutions | Troph\u00e9es | J.O.","Que de br\u00e8ves ...","Villeurbanne"],"inLanguage":"fr-FR","potentialAction":[{"@type":"CommentAction","name":"Comment","target":["https:\/\/newsestlyonnais.fr\/site\/2023\/12\/02\/villeurbanne-le-jeudi-des-associations-thematique-quel-club-pour-demain\/#respond"]}]},{"@type":"WebPage","@id":"https:\/\/newsestlyonnais.fr\/site\/2023\/12\/02\/villeurbanne-le-jeudi-des-associations-thematique-quel-club-pour-demain\/","url":"https:\/\/newsestlyonnais.fr\/site\/2023\/12\/02\/villeurbanne-le-jeudi-des-associations-thematique-quel-club-pour-demain\/","name":"VILLEURBANNE | Jeudi des associations | \"Quel club pour demain ?\" - News Est Lyonnais","isPartOf":{"@id":"https:\/\/newsestlyonnais.fr\/site\/#website"},"primaryImageOfPage":{"@id":"https:\/\/newsestlyonnais.fr\/site\/2023\/12\/02\/villeurbanne-le-jeudi-des-associations-thematique-quel-club-pour-demain\/#primaryimage"},"image":{"@id":"https:\/\/newsestlyonnais.fr\/site\/2023\/12\/02\/villeurbanne-le-jeudi-des-associations-thematique-quel-club-pour-demain\/#primaryimage"},"thumbnailUrl":"https:\/\/newsestlyonnais.fr\/site\/wp-content\/uploads\/2023\/12\/sNk4zk-K-HNH.jpg","datePublished":"2023-12-02T09:40:10+00:00","dateModified":"2023-12-03T08:57:08+00:00","description":"VILLEURBANNE | Le jeudi des associations : th\u00e9matique \"Quel club pour demain ?\"","breadcrumb":{"@id":"https:\/\/newsestlyonnais.fr\/site\/2023\/12\/02\/villeurbanne-le-jeudi-des-associations-thematique-quel-club-pour-demain\/#breadcrumb"},"inLanguage":"fr-FR","potentialAction":[{"@type":"ReadAction","target":["https:\/\/newsestlyonnais.fr\/site\/2023\/12\/02\/villeurbanne-le-jeudi-des-associations-thematique-quel-club-pour-demain\/"]}]},{"@type":"ImageObject","inLanguage":"fr-FR","@id":"https:\/\/newsestlyonnais.fr\/site\/2023\/12\/02\/villeurbanne-le-jeudi-des-associations-thematique-quel-club-pour-demain\/#primaryimage","url":"https:\/\/newsestlyonnais.fr\/site\/wp-content\/uploads\/2023\/12\/sNk4zk-K-HNH.jpg","contentUrl":"https:\/\/newsestlyonnais.fr\/site\/wp-content\/uploads\/2023\/12\/sNk4zk-K-HNH.jpg","width":848,"height":1200},{"@type":"BreadcrumbList","@id":"https:\/\/newsestlyonnais.fr\/site\/2023\/12\/02\/villeurbanne-le-jeudi-des-associations-thematique-quel-club-pour-demain\/#breadcrumb","itemListElement":[{"@type":"ListItem","position":1,"name":"Accueil","item":"https:\/\/newsestlyonnais.fr\/site\/"},{"@type":"ListItem","position":2,"name":"VILLEURBANNE | Jeudi des associations | \u00ab\u00a0Quel club pour demain ?\u00a0\u00bb"}]},{"@type":"WebSite","@id":"https:\/\/newsestlyonnais.fr\/site\/#website","url":"https:\/\/newsestlyonnais.fr\/site\/","name":"News Est Lyonnais","description":"L&#039;actualit\u00e9 au plus pr\u00e8s","publisher":{"@id":"https:\/\/newsestlyonnais.fr\/site\/#organization"},"potentialAction":[{"@type":"SearchAction","target":{"@type":"EntryPoint","urlTemplate":"https:\/\/newsestlyonnais.fr\/site\/?s={search_term_string}"},"query-input":{"@type":"PropertyValueSpecification","valueRequired":true,"valueName":"search_term_string"}}],"inLanguage":"fr-FR"},{"@type":"Organization","@id":"https:\/\/newsestlyonnais.fr\/site\/#organization","name":"News EST LYONNAIS","url":"https:\/\/newsestlyonnais.fr\/site\/","logo":{"@type":"ImageObject","inLanguage":"fr-FR","@id":"https:\/\/newsestlyonnais.fr\/site\/#\/schema\/logo\/image\/","url":"","contentUrl":"","caption":"News EST LYONNAIS"},"image":{"@id":"https:\/\/newsestlyonnais.fr\/site\/#\/schema\/logo\/image\/"}},{"@type":"Person","@id":"https:\/\/newsestlyonnais.fr\/site\/#\/schema\/person\/3230d5615f390bb808365d673001e887","name":"R\u00e9dac. NEWS","sameAs":["http:\/\/www.newsestlyonnais.fr","https:\/\/www.facebook.com\/pascal.oberson.1?fref=ts","https:\/\/fr.linkedin.com\/in\/pascal-oberson-b17045113"],"url":"https:\/\/newsestlyonnais.fr\/site\/author\/nel\/"}]}},"_links":{"self":[{"href":"https:\/\/newsestlyonnais.fr\/site\/wp-json\/wp\/v2\/posts\/195778","targetHints":{"allow":["GET"]}}],"collection":[{"href":"https:\/\/newsestlyonnais.fr\/site\/wp-json\/wp\/v2\/posts"}],"about":[{"href":"https:\/\/newsestlyonnais.fr\/site\/wp-json\/wp\/v2\/types\/post"}],"author":[{"embeddable":true,"href":"https:\/\/newsestlyonnais.fr\/site\/wp-json\/wp\/v2\/users\/4"}],"replies":[{"embeddable":true,"href":"https:\/\/newsestlyonnais.fr\/site\/wp-json\/wp\/v2\/comments?post=195778"}],"version-history":[{"count":0,"href":"https:\/\/newsestlyonnais.fr\/site\/wp-json\/wp\/v2\/posts\/195778\/revisions"}],"wp:featuredmedia":[{"embeddable":true,"href":"https:\/\/newsestlyonnais.fr\/site\/wp-json\/wp\/v2\/media\/195783"}],"wp:attachment":[{"href":"https:\/\/newsestlyonnais.fr\/site\/wp-json\/wp\/v2\/media?parent=195778"}],"wp:term":[{"taxonomy":"category","embeddable":true,"href":"https:\/\/newsestlyonnais.fr\/site\/wp-json\/wp\/v2\/categories?post=195778"},{"taxonomy":"post_tag","embeddable":true,"href":"https:\/\/newsestlyonnais.fr\/site\/wp-json\/wp\/v2\/tags?post=195778"}],"curies":[{"name":"wp","href":"https:\/\/api.w.org\/{rel}","templated":true}]}}