{"id":195858,"date":"2023-12-04T14:16:40","date_gmt":"2023-12-04T13:16:40","guid":{"rendered":"https:\/\/newsestlyonnais.fr\/site\/?p=195858"},"modified":"2023-12-08T19:40:29","modified_gmt":"2023-12-08T18:40:29","slug":"florian-bancal-je-suis-satisfait-de-cette-premiere-sur-la-distance-mais-je-peux-aller-chercher-mieux","status":"publish","type":"post","link":"https:\/\/newsestlyonnais.fr\/site\/2023\/12\/04\/florian-bancal-je-suis-satisfait-de-cette-premiere-sur-la-distance-mais-je-peux-aller-chercher-mieux\/","title":{"rendered":"Florian Bancal \u00ab Je suis satisfait de cette premi\u00e8re sur la distance mais je peux aller chercher mieux ! \u00bb"},"content":{"rendered":"<p><strong><span style=\"background-color: #000000; color: #ffffff;\">Votre club sportif et un petit bilan sportif de 2023 ?<\/span><\/strong><\/p>\n<p>\u00bb\u00a0 Licenci\u00e9 \u00e0 l\u2019ACEP Valr\u00e9as depuis 2 ans.<\/p>\n<p>Mon bilan sportif de l&rsquo;ann\u00e9e 2023 : d\u00e9but de saison compliqu\u00e9 : blessure au tendon d\u2019Achille, blessure au tendon rotulien. <strong>Une saison qui d\u00e9butera donc r\u00e9ellement seulement en d\u00e9but d&rsquo;\u00e9t\u00e9 .<\/strong><\/p>\n<p>Cette ann\u00e9e, j\u2019ai int\u00e9gr\u00e9 pas mal de v\u00e9lo, (mes premi\u00e8res cyclo sportives), j\u2019ai remport\u00e9 plusieurs courses locales qui s\u2019int\u00e9graient dans ma pr\u00e9paration marathon, qui a d\u00e9but\u00e9 mi-ao\u00fbt.<\/p>\n<p><strong>Record personnel sur 10 km<\/strong> (int\u00e9gr\u00e9 dans une s\u00e9ance \u00e9galement \u00e0 Montpellier en octobre (32\u201940) <strong>\u00ab <\/strong>.<\/p>\n<p><strong><span style=\"background-color: #000000; color: #ffffff;\">Vous aviez \u00e9t\u00e9 contraint de d\u00e9clarer forfait pour le marathon 2022 pour cause de blessure, donc retour cette ann\u00e9e \u00e0\u00a0 Valence ?<\/span><\/strong><\/p>\n<p>\u00bb En effet, <strong>c\u2019\u00e9tait ma revanche, cette ann\u00e9e !<\/strong> Bless\u00e9, l\u2019an dernier, je n\u2019avais pu prendre le d\u00e9part de ce marathon\u2026(fracture du calcan\u00e9um) <strong>\u00ab <\/strong>.<\/p>\n<p><span style=\"background-color: #000000; color: #ffffff;\"><strong>Vos ambitions et \u00e9tat de forme sur la ligne de d\u00e9part ? Comment s\u2019est pass\u00e9e la course ?<\/strong><\/span><\/p>\n<p><strong><img loading=\"lazy\" decoding=\"async\" class=\"alignleft wp-image-195874 size-medium\" src=\"https:\/\/newsestlyonnais.fr\/site\/wp-content\/uploads\/2023\/12\/image5--400x528.jpeg\" alt=\"\" width=\"227\" height=\"300\" srcset=\"https:\/\/newsestlyonnais.fr\/site\/wp-content\/uploads\/2023\/12\/image5--400x528.jpeg 400w, https:\/\/newsestlyonnais.fr\/site\/wp-content\/uploads\/2023\/12\/image5--250x330.jpeg 250w, https:\/\/newsestlyonnais.fr\/site\/wp-content\/uploads\/2023\/12\/image5--150x198.jpeg 150w, https:\/\/newsestlyonnais.fr\/site\/wp-content\/uploads\/2023\/12\/image5--50x66.jpeg 50w, https:\/\/newsestlyonnais.fr\/site\/wp-content\/uploads\/2023\/12\/image5--100x132.jpeg 100w, https:\/\/newsestlyonnais.fr\/site\/wp-content\/uploads\/2023\/12\/image5--200x264.jpeg 200w, https:\/\/newsestlyonnais.fr\/site\/wp-content\/uploads\/2023\/12\/image5--300x396.jpeg 300w, https:\/\/newsestlyonnais.fr\/site\/wp-content\/uploads\/2023\/12\/image5--350x462.jpeg 350w, https:\/\/newsestlyonnais.fr\/site\/wp-content\/uploads\/2023\/12\/image5--450x594.jpeg 450w, https:\/\/newsestlyonnais.fr\/site\/wp-content\/uploads\/2023\/12\/image5--500x660.jpeg 500w, https:\/\/newsestlyonnais.fr\/site\/wp-content\/uploads\/2023\/12\/image5--550x726.jpeg 550w, https:\/\/newsestlyonnais.fr\/site\/wp-content\/uploads\/2023\/12\/image5-.jpeg 568w\" sizes=\"auto, (max-width: 227px) 100vw, 227px\" \/>\u00bb L\u2019objectif \u00e9tait, bien que ce soit ma premi\u00e8re sur la distance de passer sous les 2 h 30.<\/strong><\/p>\n<p><strong>Contrat rempli.<\/strong> J\u2019ai men\u00e9 une premi\u00e8re partie de course \ud835\udc5d\ud835\udc59\ud835\udc62\ud835\udc61\u00f4\ud835\udc61 \ud835\udc4e\ud835\udc54\ud835\udc5f\ud835\udc52\ud835\udc60\ud835\udc60\ud835\udc56\ud835\udc63\ud835\udc52 \ud835\udc5a\ud835\udc4e\ud835\udc59\ud835\udc54\ud835\udc5f\u00e9 un d\u00e9part chaotique : crampe sur la ligne de d\u00e9part, aux 2 quadriceps (froid ? stress ?). (Douleur qui augmentera progressivement &#8230;.jusqu&rsquo;au 42 mais&#8230;.je ne pouvais pas abandonner aujourd&rsquo;hui).<\/p>\n<p>Mais ma<strong> longue pr\u00e9paration<\/strong>, bas\u00e9e sur un volume cons\u00e9quent, <strong>m\u2019a permis de rallier la ligne d\u2019arriv\u00e9e dans ce chrono de 2 h 28 \u00ab .<\/strong><\/p>\n<p><strong><span style=\"background-color: #000000; color: #ffffff;\">Au final satisfaction et ambition ?<\/span><\/strong><\/p>\n<p><strong>\u00bb Satisfait de cette premi\u00e8re sur la distance mais il est clair que je peux aller chercher mieux !<\/strong> J\u2019ai r\u00e9alis\u00e9 une bonne pr\u00e9paration, mais les deux derni\u00e8res semaines m\u2019ont \u00e9t\u00e9 je pense bien pr\u00e9judiciables\u2026(gros p\u00e9pins de sant\u00e9 engendrant une grosse fatigue).<\/p>\n<p>Sans ces p\u00e9pins de, sant\u00e9 et les douleurs musculaires survenues d\u00e8s le d\u00e9but de course, <strong>je me dis que passer sous les 2 h 27 est possible ! \u00ab<br \/>\n<\/strong><\/p>\n<p><strong><span style=\"background-color: #000000; color: #ffffff;\">Une petite anecdote sur cette course ? <\/span><\/strong><\/p>\n<p>\u00bb Je pense qu&rsquo;avoir une crampes aux deux quadriceps sur la ligne de d\u00e9part, est une anecdote sympa ! (Mais pas tr\u00e8s agr\u00e9able) <strong>\u00ab <\/strong>.<\/p>\n<hr \/>\n<p><strong><span style=\"background-color: #000000; color: #ffffff;\">Et les projets sportifs pour 2024 ?<\/span><\/strong><\/p>\n<p>\u00bb <strong>Repos <\/strong>pour quelques semaines<strong>, puis j\u2019entamerai ma pr\u00e9paration pour le marathon de Paris !<\/strong> Objectif se faire plaisir et pourquoi pas aller chercher un chrono <strong>\u00ab <\/strong>.<\/p>\n<hr \/>\n<p><span style=\"font-size: 12pt; background-color: #000000; color: #ffcc00;\"><strong>Son temps : 2 H 28&rsquo;28 <\/strong><\/span><\/p>\n<p><span style=\"font-size: 12pt; background-color: #000000; color: #ffcc00;\"><strong>Son classement : 457\u00b0 sur 33.000 participants (dont 4.600 fran\u00e7ais) \/ 251\u00b0 de sa cat\u00e9gorie<\/strong> <\/span><\/p>\n<hr \/>\n<div id='gallery-1' class='gallery galleryid-195858 gallery-columns-3 gallery-size-large'><figure class='gallery-item'>\n\t\t\t<div class='gallery-icon portrait'>\n\t\t\t\t<a href='https:\/\/newsestlyonnais.fr\/site\/2023\/12\/04\/florian-bancal-je-suis-satisfait-de-cette-premiere-sur-la-distance-mais-je-peux-aller-chercher-mieux\/image3-5\/'><img loading=\"lazy\" decoding=\"async\" width=\"600\" height=\"750\" src=\"https:\/\/newsestlyonnais.fr\/site\/wp-content\/uploads\/2023\/12\/image3--650x813.jpeg\" class=\"attachment-large size-large\" alt=\"\" srcset=\"https:\/\/newsestlyonnais.fr\/site\/wp-content\/uploads\/2023\/12\/image3--650x813.jpeg 650w, https:\/\/newsestlyonnais.fr\/site\/wp-content\/uploads\/2023\/12\/image3--400x500.jpeg 400w, https:\/\/newsestlyonnais.fr\/site\/wp-content\/uploads\/2023\/12\/image3--250x313.jpeg 250w, https:\/\/newsestlyonnais.fr\/site\/wp-content\/uploads\/2023\/12\/image3--768x960.jpeg 768w, https:\/\/newsestlyonnais.fr\/site\/wp-content\/uploads\/2023\/12\/image3--150x188.jpeg 150w, https:\/\/newsestlyonnais.fr\/site\/wp-content\/uploads\/2023\/12\/image3--50x63.jpeg 50w, https:\/\/newsestlyonnais.fr\/site\/wp-content\/uploads\/2023\/12\/image3--100x125.jpeg 100w, https:\/\/newsestlyonnais.fr\/site\/wp-content\/uploads\/2023\/12\/image3--200x250.jpeg 200w, https:\/\/newsestlyonnais.fr\/site\/wp-content\/uploads\/2023\/12\/image3--300x375.jpeg 300w, https:\/\/newsestlyonnais.fr\/site\/wp-content\/uploads\/2023\/12\/image3--350x438.jpeg 350w, https:\/\/newsestlyonnais.fr\/site\/wp-content\/uploads\/2023\/12\/image3--450x563.jpeg 450w, https:\/\/newsestlyonnais.fr\/site\/wp-content\/uploads\/2023\/12\/image3--500x625.jpeg 500w, https:\/\/newsestlyonnais.fr\/site\/wp-content\/uploads\/2023\/12\/image3--550x688.jpeg 550w, https:\/\/newsestlyonnais.fr\/site\/wp-content\/uploads\/2023\/12\/image3--800x1000.jpeg 800w, https:\/\/newsestlyonnais.fr\/site\/wp-content\/uploads\/2023\/12\/image3-.jpeg 960w\" sizes=\"auto, (max-width: 600px) 100vw, 600px\" \/><\/a>\n\t\t\t<\/div><\/figure><figure class='gallery-item'>\n\t\t\t<div class='gallery-icon portrait'>\n\t\t\t\t<a href='https:\/\/newsestlyonnais.fr\/site\/2023\/12\/04\/florian-bancal-je-suis-satisfait-de-cette-premiere-sur-la-distance-mais-je-peux-aller-chercher-mieux\/image1-12\/'><img loading=\"lazy\" decoding=\"async\" width=\"500\" height=\"750\" src=\"https:\/\/newsestlyonnais.fr\/site\/wp-content\/uploads\/2023\/12\/image1-.jpeg\" class=\"attachment-large size-large\" alt=\"\" srcset=\"https:\/\/newsestlyonnais.fr\/site\/wp-content\/uploads\/2023\/12\/image1-.jpeg 500w, https:\/\/newsestlyonnais.fr\/site\/wp-content\/uploads\/2023\/12\/image1--400x600.jpeg 400w, https:\/\/newsestlyonnais.fr\/site\/wp-content\/uploads\/2023\/12\/image1--250x375.jpeg 250w, https:\/\/newsestlyonnais.fr\/site\/wp-content\/uploads\/2023\/12\/image1--150x225.jpeg 150w, https:\/\/newsestlyonnais.fr\/site\/wp-content\/uploads\/2023\/12\/image1--50x75.jpeg 50w, https:\/\/newsestlyonnais.fr\/site\/wp-content\/uploads\/2023\/12\/image1--100x150.jpeg 100w, https:\/\/newsestlyonnais.fr\/site\/wp-content\/uploads\/2023\/12\/image1--200x300.jpeg 200w, https:\/\/newsestlyonnais.fr\/site\/wp-content\/uploads\/2023\/12\/image1--300x450.jpeg 300w, https:\/\/newsestlyonnais.fr\/site\/wp-content\/uploads\/2023\/12\/image1--350x525.jpeg 350w, https:\/\/newsestlyonnais.fr\/site\/wp-content\/uploads\/2023\/12\/image1--450x675.jpeg 450w\" sizes=\"auto, (max-width: 500px) 100vw, 500px\" \/><\/a>\n\t\t\t<\/div><\/figure>\n\t\t<\/div>\n\n","protected":false},"excerpt":{"rendered":"<p>Le coureur de l&rsquo;ACEP Valr\u00e9as avait choisi dimanche, le Marathon de Valence (Espagne) pour d\u00e9buter sur la distance mythique avec comme objectif : passer sous les 2 heures 30 !<\/p>\n","protected":false},"author":4,"featured_media":195861,"comment_status":"open","ping_status":"open","sticky":false,"template":"","format":"standard","meta":{"footnotes":""},"categories":[2968,1283,3250,4961],"tags":[4957,4532,2515,4956],"class_list":["post-195858","post","type-post","status-publish","format-standard","has-post-thumbnail","hentry","category-athle-course-pied-marche","category-chassieu-communes-diverses","category-recits-de-course-portraits-interviews","category-valencia-marathon-2023","tag-acep-valreas","tag-florian-bancal","tag-marathon","tag-valence"],"yoast_head":"<!-- This site is optimized with the Yoast SEO plugin v27.2 - https:\/\/yoast.com\/product\/yoast-seo-wordpress\/ -->\n<title>Florian Bancal \u00ab Je suis satisfait de cette premi\u00e8re sur la distance mais je peux aller chercher mieux ! \u00bb - News Est Lyonnais<\/title>\n<meta name=\"description\" content=\"Florian Bancal \u00ab Je suis satisfait de cette premi\u00e8re sur la distance mais je peux aller chercher mieux ! \u00bb\" \/>\n<meta name=\"robots\" content=\"index, follow, max-snippet:-1, max-image-preview:large, max-video-preview:-1\" \/>\n<link rel=\"canonical\" href=\"https:\/\/newsestlyonnais.fr\/site\/2023\/12\/04\/florian-bancal-je-suis-satisfait-de-cette-premiere-sur-la-distance-mais-je-peux-aller-chercher-mieux\/\" \/>\n<meta property=\"og:locale\" content=\"fr_FR\" \/>\n<meta property=\"og:type\" content=\"article\" \/>\n<meta property=\"og:title\" content=\"Florian Bancal \u00ab Je suis satisfait de cette premi\u00e8re sur la distance mais je peux aller chercher mieux ! \u00bb - News Est Lyonnais\" \/>\n<meta property=\"og:description\" content=\"Florian Bancal \u00ab Je suis satisfait de cette premi\u00e8re sur la distance mais je peux aller chercher mieux ! \u00bb\" \/>\n<meta property=\"og:url\" content=\"https:\/\/newsestlyonnais.fr\/site\/2023\/12\/04\/florian-bancal-je-suis-satisfait-de-cette-premiere-sur-la-distance-mais-je-peux-aller-chercher-mieux\/\" \/>\n<meta property=\"og:site_name\" content=\"News Est Lyonnais\" \/>\n<meta property=\"article:author\" content=\"https:\/\/www.facebook.com\/pascal.oberson.1?fref=ts\" \/>\n<meta property=\"article:published_time\" content=\"2023-12-04T13:16:40+00:00\" \/>\n<meta property=\"article:modified_time\" content=\"2023-12-08T18:40:29+00:00\" \/>\n<meta property=\"og:image\" content=\"https:\/\/newsestlyonnais.fr\/site\/wp-content\/uploads\/2023\/12\/image4-.jpeg\" \/>\n\t<meta property=\"og:image:width\" content=\"750\" \/>\n\t<meta property=\"og:image:height\" content=\"500\" \/>\n\t<meta property=\"og:image:type\" content=\"image\/jpeg\" \/>\n<meta name=\"author\" content=\"R\u00e9dac. NEWS\" \/>\n<meta name=\"twitter:card\" content=\"summary_large_image\" \/>\n<meta name=\"twitter:label1\" content=\"\u00c9crit par\" \/>\n\t<meta name=\"twitter:data1\" content=\"R\u00e9dac. NEWS\" \/>\n\t<meta name=\"twitter:label2\" content=\"Dur\u00e9e de lecture estim\u00e9e\" \/>\n\t<meta name=\"twitter:data2\" content=\"3 minutes\" \/>\n<script type=\"application\/ld+json\" class=\"yoast-schema-graph\">{\"@context\":\"https:\/\/schema.org\",\"@graph\":[{\"@type\":\"Article\",\"@id\":\"https:\/\/newsestlyonnais.fr\/site\/2023\/12\/04\/florian-bancal-je-suis-satisfait-de-cette-premiere-sur-la-distance-mais-je-peux-aller-chercher-mieux\/#article\",\"isPartOf\":{\"@id\":\"https:\/\/newsestlyonnais.fr\/site\/2023\/12\/04\/florian-bancal-je-suis-satisfait-de-cette-premiere-sur-la-distance-mais-je-peux-aller-chercher-mieux\/\"},\"author\":{\"name\":\"R\u00e9dac. NEWS\",\"@id\":\"https:\/\/newsestlyonnais.fr\/site\/#\/schema\/person\/3230d5615f390bb808365d673001e887\"},\"headline\":\"Florian Bancal \u00ab Je suis satisfait de cette premi\u00e8re sur la distance mais je peux aller chercher mieux ! \u00bb\",\"datePublished\":\"2023-12-04T13:16:40+00:00\",\"dateModified\":\"2023-12-08T18:40:29+00:00\",\"mainEntityOfPage\":{\"@id\":\"https:\/\/newsestlyonnais.fr\/site\/2023\/12\/04\/florian-bancal-je-suis-satisfait-de-cette-premiere-sur-la-distance-mais-je-peux-aller-chercher-mieux\/\"},\"wordCount\":438,\"commentCount\":0,\"publisher\":{\"@id\":\"https:\/\/newsestlyonnais.fr\/site\/#organization\"},\"image\":{\"@id\":\"https:\/\/newsestlyonnais.fr\/site\/2023\/12\/04\/florian-bancal-je-suis-satisfait-de-cette-premiere-sur-la-distance-mais-je-peux-aller-chercher-mieux\/#primaryimage\"},\"thumbnailUrl\":\"https:\/\/newsestlyonnais.fr\/site\/wp-content\/uploads\/2023\/12\/image4-.jpeg\",\"keywords\":[\"ACEP Valr\u00e9as\",\"Florian Bancal\",\"MARATHON\",\"Valence\"],\"articleSection\":[\"Athl\u00e9 | Course pied | Marche\",\"Chassieu | Communes diverses\",\"R\u00e9cits de course \/ Portraits \/ Interviews\",\"VALENCIA MARATHON 2023\"],\"inLanguage\":\"fr-FR\",\"potentialAction\":[{\"@type\":\"CommentAction\",\"name\":\"Comment\",\"target\":[\"https:\/\/newsestlyonnais.fr\/site\/2023\/12\/04\/florian-bancal-je-suis-satisfait-de-cette-premiere-sur-la-distance-mais-je-peux-aller-chercher-mieux\/#respond\"]}]},{\"@type\":\"WebPage\",\"@id\":\"https:\/\/newsestlyonnais.fr\/site\/2023\/12\/04\/florian-bancal-je-suis-satisfait-de-cette-premiere-sur-la-distance-mais-je-peux-aller-chercher-mieux\/\",\"url\":\"https:\/\/newsestlyonnais.fr\/site\/2023\/12\/04\/florian-bancal-je-suis-satisfait-de-cette-premiere-sur-la-distance-mais-je-peux-aller-chercher-mieux\/\",\"name\":\"Florian Bancal \u00ab Je suis satisfait de cette premi\u00e8re sur la distance mais je peux aller chercher mieux ! \u00bb - News Est Lyonnais\",\"isPartOf\":{\"@id\":\"https:\/\/newsestlyonnais.fr\/site\/#website\"},\"primaryImageOfPage\":{\"@id\":\"https:\/\/newsestlyonnais.fr\/site\/2023\/12\/04\/florian-bancal-je-suis-satisfait-de-cette-premiere-sur-la-distance-mais-je-peux-aller-chercher-mieux\/#primaryimage\"},\"image\":{\"@id\":\"https:\/\/newsestlyonnais.fr\/site\/2023\/12\/04\/florian-bancal-je-suis-satisfait-de-cette-premiere-sur-la-distance-mais-je-peux-aller-chercher-mieux\/#primaryimage\"},\"thumbnailUrl\":\"https:\/\/newsestlyonnais.fr\/site\/wp-content\/uploads\/2023\/12\/image4-.jpeg\",\"datePublished\":\"2023-12-04T13:16:40+00:00\",\"dateModified\":\"2023-12-08T18:40:29+00:00\",\"description\":\"Florian Bancal \u00ab Je suis satisfait de cette premi\u00e8re sur la distance mais je peux aller chercher mieux ! \u00bb\",\"breadcrumb\":{\"@id\":\"https:\/\/newsestlyonnais.fr\/site\/2023\/12\/04\/florian-bancal-je-suis-satisfait-de-cette-premiere-sur-la-distance-mais-je-peux-aller-chercher-mieux\/#breadcrumb\"},\"inLanguage\":\"fr-FR\",\"potentialAction\":[{\"@type\":\"ReadAction\",\"target\":[\"https:\/\/newsestlyonnais.fr\/site\/2023\/12\/04\/florian-bancal-je-suis-satisfait-de-cette-premiere-sur-la-distance-mais-je-peux-aller-chercher-mieux\/\"]}]},{\"@type\":\"ImageObject\",\"inLanguage\":\"fr-FR\",\"@id\":\"https:\/\/newsestlyonnais.fr\/site\/2023\/12\/04\/florian-bancal-je-suis-satisfait-de-cette-premiere-sur-la-distance-mais-je-peux-aller-chercher-mieux\/#primaryimage\",\"url\":\"https:\/\/newsestlyonnais.fr\/site\/wp-content\/uploads\/2023\/12\/image4-.jpeg\",\"contentUrl\":\"https:\/\/newsestlyonnais.fr\/site\/wp-content\/uploads\/2023\/12\/image4-.jpeg\",\"width\":750,\"height\":500},{\"@type\":\"BreadcrumbList\",\"@id\":\"https:\/\/newsestlyonnais.fr\/site\/2023\/12\/04\/florian-bancal-je-suis-satisfait-de-cette-premiere-sur-la-distance-mais-je-peux-aller-chercher-mieux\/#breadcrumb\",\"itemListElement\":[{\"@type\":\"ListItem\",\"position\":1,\"name\":\"Accueil\",\"item\":\"https:\/\/newsestlyonnais.fr\/site\/\"},{\"@type\":\"ListItem\",\"position\":2,\"name\":\"Florian Bancal \u00ab Je suis satisfait de cette premi\u00e8re sur la distance mais je peux aller chercher mieux ! \u00bb\"}]},{\"@type\":\"WebSite\",\"@id\":\"https:\/\/newsestlyonnais.fr\/site\/#website\",\"url\":\"https:\/\/newsestlyonnais.fr\/site\/\",\"name\":\"News Est Lyonnais\",\"description\":\"L&#039;actualit\u00e9 au plus pr\u00e8s\",\"publisher\":{\"@id\":\"https:\/\/newsestlyonnais.fr\/site\/#organization\"},\"potentialAction\":[{\"@type\":\"SearchAction\",\"target\":{\"@type\":\"EntryPoint\",\"urlTemplate\":\"https:\/\/newsestlyonnais.fr\/site\/?s={search_term_string}\"},\"query-input\":{\"@type\":\"PropertyValueSpecification\",\"valueRequired\":true,\"valueName\":\"search_term_string\"}}],\"inLanguage\":\"fr-FR\"},{\"@type\":\"Organization\",\"@id\":\"https:\/\/newsestlyonnais.fr\/site\/#organization\",\"name\":\"News EST LYONNAIS\",\"url\":\"https:\/\/newsestlyonnais.fr\/site\/\",\"logo\":{\"@type\":\"ImageObject\",\"inLanguage\":\"fr-FR\",\"@id\":\"https:\/\/newsestlyonnais.fr\/site\/#\/schema\/logo\/image\/\",\"url\":\"\",\"contentUrl\":\"\",\"caption\":\"News EST LYONNAIS\"},\"image\":{\"@id\":\"https:\/\/newsestlyonnais.fr\/site\/#\/schema\/logo\/image\/\"}},{\"@type\":\"Person\",\"@id\":\"https:\/\/newsestlyonnais.fr\/site\/#\/schema\/person\/3230d5615f390bb808365d673001e887\",\"name\":\"R\u00e9dac. NEWS\",\"sameAs\":[\"http:\/\/www.newsestlyonnais.fr\",\"https:\/\/www.facebook.com\/pascal.oberson.1?fref=ts\",\"https:\/\/fr.linkedin.com\/in\/pascal-oberson-b17045113\"],\"url\":\"https:\/\/newsestlyonnais.fr\/site\/author\/nel\/\"}]}<\/script>\n<!-- \/ Yoast SEO plugin. -->","yoast_head_json":{"title":"Florian Bancal \u00ab Je suis satisfait de cette premi\u00e8re sur la distance mais je peux aller chercher mieux ! \u00bb - News Est Lyonnais","description":"Florian Bancal \u00ab Je suis satisfait de cette premi\u00e8re sur la distance mais je peux aller chercher mieux ! \u00bb","robots":{"index":"index","follow":"follow","max-snippet":"max-snippet:-1","max-image-preview":"max-image-preview:large","max-video-preview":"max-video-preview:-1"},"canonical":"https:\/\/newsestlyonnais.fr\/site\/2023\/12\/04\/florian-bancal-je-suis-satisfait-de-cette-premiere-sur-la-distance-mais-je-peux-aller-chercher-mieux\/","og_locale":"fr_FR","og_type":"article","og_title":"Florian Bancal \u00ab Je suis satisfait de cette premi\u00e8re sur la distance mais je peux aller chercher mieux ! \u00bb - News Est Lyonnais","og_description":"Florian Bancal \u00ab Je suis satisfait de cette premi\u00e8re sur la distance mais je peux aller chercher mieux ! \u00bb","og_url":"https:\/\/newsestlyonnais.fr\/site\/2023\/12\/04\/florian-bancal-je-suis-satisfait-de-cette-premiere-sur-la-distance-mais-je-peux-aller-chercher-mieux\/","og_site_name":"News Est Lyonnais","article_author":"https:\/\/www.facebook.com\/pascal.oberson.1?fref=ts","article_published_time":"2023-12-04T13:16:40+00:00","article_modified_time":"2023-12-08T18:40:29+00:00","og_image":[{"width":750,"height":500,"url":"https:\/\/newsestlyonnais.fr\/site\/wp-content\/uploads\/2023\/12\/image4-.jpeg","type":"image\/jpeg"}],"author":"R\u00e9dac. NEWS","twitter_card":"summary_large_image","twitter_misc":{"\u00c9crit par":"R\u00e9dac. NEWS","Dur\u00e9e de lecture estim\u00e9e":"3 minutes"},"schema":{"@context":"https:\/\/schema.org","@graph":[{"@type":"Article","@id":"https:\/\/newsestlyonnais.fr\/site\/2023\/12\/04\/florian-bancal-je-suis-satisfait-de-cette-premiere-sur-la-distance-mais-je-peux-aller-chercher-mieux\/#article","isPartOf":{"@id":"https:\/\/newsestlyonnais.fr\/site\/2023\/12\/04\/florian-bancal-je-suis-satisfait-de-cette-premiere-sur-la-distance-mais-je-peux-aller-chercher-mieux\/"},"author":{"name":"R\u00e9dac. NEWS","@id":"https:\/\/newsestlyonnais.fr\/site\/#\/schema\/person\/3230d5615f390bb808365d673001e887"},"headline":"Florian Bancal \u00ab Je suis satisfait de cette premi\u00e8re sur la distance mais je peux aller chercher mieux ! \u00bb","datePublished":"2023-12-04T13:16:40+00:00","dateModified":"2023-12-08T18:40:29+00:00","mainEntityOfPage":{"@id":"https:\/\/newsestlyonnais.fr\/site\/2023\/12\/04\/florian-bancal-je-suis-satisfait-de-cette-premiere-sur-la-distance-mais-je-peux-aller-chercher-mieux\/"},"wordCount":438,"commentCount":0,"publisher":{"@id":"https:\/\/newsestlyonnais.fr\/site\/#organization"},"image":{"@id":"https:\/\/newsestlyonnais.fr\/site\/2023\/12\/04\/florian-bancal-je-suis-satisfait-de-cette-premiere-sur-la-distance-mais-je-peux-aller-chercher-mieux\/#primaryimage"},"thumbnailUrl":"https:\/\/newsestlyonnais.fr\/site\/wp-content\/uploads\/2023\/12\/image4-.jpeg","keywords":["ACEP Valr\u00e9as","Florian Bancal","MARATHON","Valence"],"articleSection":["Athl\u00e9 | Course pied | Marche","Chassieu | Communes diverses","R\u00e9cits de course \/ Portraits \/ Interviews","VALENCIA MARATHON 2023"],"inLanguage":"fr-FR","potentialAction":[{"@type":"CommentAction","name":"Comment","target":["https:\/\/newsestlyonnais.fr\/site\/2023\/12\/04\/florian-bancal-je-suis-satisfait-de-cette-premiere-sur-la-distance-mais-je-peux-aller-chercher-mieux\/#respond"]}]},{"@type":"WebPage","@id":"https:\/\/newsestlyonnais.fr\/site\/2023\/12\/04\/florian-bancal-je-suis-satisfait-de-cette-premiere-sur-la-distance-mais-je-peux-aller-chercher-mieux\/","url":"https:\/\/newsestlyonnais.fr\/site\/2023\/12\/04\/florian-bancal-je-suis-satisfait-de-cette-premiere-sur-la-distance-mais-je-peux-aller-chercher-mieux\/","name":"Florian Bancal \u00ab Je suis satisfait de cette premi\u00e8re sur la distance mais je peux aller chercher mieux ! \u00bb - News Est Lyonnais","isPartOf":{"@id":"https:\/\/newsestlyonnais.fr\/site\/#website"},"primaryImageOfPage":{"@id":"https:\/\/newsestlyonnais.fr\/site\/2023\/12\/04\/florian-bancal-je-suis-satisfait-de-cette-premiere-sur-la-distance-mais-je-peux-aller-chercher-mieux\/#primaryimage"},"image":{"@id":"https:\/\/newsestlyonnais.fr\/site\/2023\/12\/04\/florian-bancal-je-suis-satisfait-de-cette-premiere-sur-la-distance-mais-je-peux-aller-chercher-mieux\/#primaryimage"},"thumbnailUrl":"https:\/\/newsestlyonnais.fr\/site\/wp-content\/uploads\/2023\/12\/image4-.jpeg","datePublished":"2023-12-04T13:16:40+00:00","dateModified":"2023-12-08T18:40:29+00:00","description":"Florian Bancal \u00ab Je suis satisfait de cette premi\u00e8re sur la distance mais je peux aller chercher mieux ! \u00bb","breadcrumb":{"@id":"https:\/\/newsestlyonnais.fr\/site\/2023\/12\/04\/florian-bancal-je-suis-satisfait-de-cette-premiere-sur-la-distance-mais-je-peux-aller-chercher-mieux\/#breadcrumb"},"inLanguage":"fr-FR","potentialAction":[{"@type":"ReadAction","target":["https:\/\/newsestlyonnais.fr\/site\/2023\/12\/04\/florian-bancal-je-suis-satisfait-de-cette-premiere-sur-la-distance-mais-je-peux-aller-chercher-mieux\/"]}]},{"@type":"ImageObject","inLanguage":"fr-FR","@id":"https:\/\/newsestlyonnais.fr\/site\/2023\/12\/04\/florian-bancal-je-suis-satisfait-de-cette-premiere-sur-la-distance-mais-je-peux-aller-chercher-mieux\/#primaryimage","url":"https:\/\/newsestlyonnais.fr\/site\/wp-content\/uploads\/2023\/12\/image4-.jpeg","contentUrl":"https:\/\/newsestlyonnais.fr\/site\/wp-content\/uploads\/2023\/12\/image4-.jpeg","width":750,"height":500},{"@type":"BreadcrumbList","@id":"https:\/\/newsestlyonnais.fr\/site\/2023\/12\/04\/florian-bancal-je-suis-satisfait-de-cette-premiere-sur-la-distance-mais-je-peux-aller-chercher-mieux\/#breadcrumb","itemListElement":[{"@type":"ListItem","position":1,"name":"Accueil","item":"https:\/\/newsestlyonnais.fr\/site\/"},{"@type":"ListItem","position":2,"name":"Florian Bancal \u00ab Je suis satisfait de cette premi\u00e8re sur la distance mais je peux aller chercher mieux ! \u00bb"}]},{"@type":"WebSite","@id":"https:\/\/newsestlyonnais.fr\/site\/#website","url":"https:\/\/newsestlyonnais.fr\/site\/","name":"News Est Lyonnais","description":"L&#039;actualit\u00e9 au plus pr\u00e8s","publisher":{"@id":"https:\/\/newsestlyonnais.fr\/site\/#organization"},"potentialAction":[{"@type":"SearchAction","target":{"@type":"EntryPoint","urlTemplate":"https:\/\/newsestlyonnais.fr\/site\/?s={search_term_string}"},"query-input":{"@type":"PropertyValueSpecification","valueRequired":true,"valueName":"search_term_string"}}],"inLanguage":"fr-FR"},{"@type":"Organization","@id":"https:\/\/newsestlyonnais.fr\/site\/#organization","name":"News EST LYONNAIS","url":"https:\/\/newsestlyonnais.fr\/site\/","logo":{"@type":"ImageObject","inLanguage":"fr-FR","@id":"https:\/\/newsestlyonnais.fr\/site\/#\/schema\/logo\/image\/","url":"","contentUrl":"","caption":"News EST LYONNAIS"},"image":{"@id":"https:\/\/newsestlyonnais.fr\/site\/#\/schema\/logo\/image\/"}},{"@type":"Person","@id":"https:\/\/newsestlyonnais.fr\/site\/#\/schema\/person\/3230d5615f390bb808365d673001e887","name":"R\u00e9dac. NEWS","sameAs":["http:\/\/www.newsestlyonnais.fr","https:\/\/www.facebook.com\/pascal.oberson.1?fref=ts","https:\/\/fr.linkedin.com\/in\/pascal-oberson-b17045113"],"url":"https:\/\/newsestlyonnais.fr\/site\/author\/nel\/"}]}},"_links":{"self":[{"href":"https:\/\/newsestlyonnais.fr\/site\/wp-json\/wp\/v2\/posts\/195858","targetHints":{"allow":["GET"]}}],"collection":[{"href":"https:\/\/newsestlyonnais.fr\/site\/wp-json\/wp\/v2\/posts"}],"about":[{"href":"https:\/\/newsestlyonnais.fr\/site\/wp-json\/wp\/v2\/types\/post"}],"author":[{"embeddable":true,"href":"https:\/\/newsestlyonnais.fr\/site\/wp-json\/wp\/v2\/users\/4"}],"replies":[{"embeddable":true,"href":"https:\/\/newsestlyonnais.fr\/site\/wp-json\/wp\/v2\/comments?post=195858"}],"version-history":[{"count":0,"href":"https:\/\/newsestlyonnais.fr\/site\/wp-json\/wp\/v2\/posts\/195858\/revisions"}],"wp:featuredmedia":[{"embeddable":true,"href":"https:\/\/newsestlyonnais.fr\/site\/wp-json\/wp\/v2\/media\/195861"}],"wp:attachment":[{"href":"https:\/\/newsestlyonnais.fr\/site\/wp-json\/wp\/v2\/media?parent=195858"}],"wp:term":[{"taxonomy":"category","embeddable":true,"href":"https:\/\/newsestlyonnais.fr\/site\/wp-json\/wp\/v2\/categories?post=195858"},{"taxonomy":"post_tag","embeddable":true,"href":"https:\/\/newsestlyonnais.fr\/site\/wp-json\/wp\/v2\/tags?post=195858"}],"curies":[{"name":"wp","href":"https:\/\/api.w.org\/{rel}","templated":true}]}}