{"id":196009,"date":"2023-12-06T07:14:29","date_gmt":"2023-12-06T06:14:29","guid":{"rendered":"https:\/\/newsestlyonnais.fr\/site\/?p=196009"},"modified":"2024-09-23T13:01:20","modified_gmt":"2024-09-23T12:01:20","slug":"edouard-leculier-lyonnais-je-connais-la-saintelyon-qui-fait-partie-du-patrimoine-sportif-local-et-national","status":"publish","type":"post","link":"https:\/\/newsestlyonnais.fr\/site\/2023\/12\/06\/edouard-leculier-lyonnais-je-connais-la-saintelyon-qui-fait-partie-du-patrimoine-sportif-local-et-national\/","title":{"rendered":"Edouard Leculier \u00ab Lyonnais, je connais la Saint\u00e9lyon qui fait partie du patrimoine sportif local et national \u00bb"},"content":{"rendered":"<p><span style=\"background-color: #000000; color: #ffffff;\"><strong>Petite pr\u00e9sentation<\/strong><\/span><\/p>\n<p>\u00bb 26 ans, <strong>originaire de Lyon<\/strong> (Monplaisir Lumi\u00e8re).<\/p>\n<p>Expatri\u00e9 sur Annecy depuis 2020 pour le travail suite \u00e0 la fin de mes \u00e9tudes (Master en Management sportif obtenu en Espagne \u00e0 Valence). Je travaille dans le Marketing pour un site e-commerce sp\u00e9cialis\u00e9 dans la vente de mat\u00e9riel de sport Outdoor : Hardloop.fr <strong>\u00ab <\/strong>.<\/p>\n<hr \/>\n<p><strong><span style=\"background-color: #000000; color: #ffffff;\">Votre parcours sportif<\/span><\/strong><\/p>\n<p><img loading=\"lazy\" decoding=\"async\" class=\"alignleft size-full wp-image-196036\" src=\"https:\/\/newsestlyonnais.fr\/site\/wp-content\/uploads\/2023\/12\/52542_1054273313.jpg\" alt=\"\" width=\"383\" height=\"575\" srcset=\"https:\/\/newsestlyonnais.fr\/site\/wp-content\/uploads\/2023\/12\/52542_1054273313.jpg 383w, https:\/\/newsestlyonnais.fr\/site\/wp-content\/uploads\/2023\/12\/52542_1054273313-250x375.jpg 250w, https:\/\/newsestlyonnais.fr\/site\/wp-content\/uploads\/2023\/12\/52542_1054273313-150x225.jpg 150w, https:\/\/newsestlyonnais.fr\/site\/wp-content\/uploads\/2023\/12\/52542_1054273313-50x75.jpg 50w, https:\/\/newsestlyonnais.fr\/site\/wp-content\/uploads\/2023\/12\/52542_1054273313-100x150.jpg 100w, https:\/\/newsestlyonnais.fr\/site\/wp-content\/uploads\/2023\/12\/52542_1054273313-200x300.jpg 200w, https:\/\/newsestlyonnais.fr\/site\/wp-content\/uploads\/2023\/12\/52542_1054273313-300x450.jpg 300w, https:\/\/newsestlyonnais.fr\/site\/wp-content\/uploads\/2023\/12\/52542_1054273313-350x525.jpg 350w\" sizes=\"auto, (max-width: 383px) 100vw, 383px\" \/>\u00bb <strong>Le sport a toujours fait partie de ma vie depuis mon enfance<\/strong>, je viens d&rsquo;une famille de sportifs (parents, grand-parents pratiquants de course \u00e0 pied ou v\u00e9lo notamment).<\/p>\n<p>J&rsquo;ai fait <strong>de l&rsquo;athl\u00e9tisme dans les cat\u00e9gories jeune<\/strong>s, jusqu&rsquo;en minimes au sein du club de l&rsquo;Asvel Athl\u00e9tisme. J&rsquo;ai <strong>ensuite pratiqu\u00e9 le v\u00e9lo<\/strong> durant 5 ann\u00e9es au sein du V\u00e9lo Club de Vaulx-en-Velin.<\/p>\n<p>Puis j&rsquo;ai d\u00e9laiss\u00e9 la comp\u00e9tition en raison de mon cursus scolaire apr\u00e8s mon baccalaur\u00e9at, car j&rsquo;ai \u00e9t\u00e9 amen\u00e9 \u00e0 voyager \u00e0 l&rsquo;\u00e9tranger et il \u00e9tait compliqu\u00e9 de tout concilier.<\/p>\n<p>Cependant <strong>j&rsquo;ai toujours continu\u00e9 \u00e0 pratiquer mais dans une optique de plaisir<\/strong>, en prenant part ponctuellement \u00e0 quelques comp\u00e9titions, notamment en trail, que j&rsquo;ai commenc\u00e9 \u00e0 pratiquer\u00a0\u00e0 cette p\u00e9riode. (2017 environ) <strong>\u00ab <\/strong>.<\/p>\n<hr \/>\n<p><strong><span style=\"background-color: #000000; color: #ffffff;\">Petit bilan sportif de cette ann\u00e9e ?<\/span><\/strong><\/p>\n<p><strong>\u00bb L&rsquo;ann\u00e9e 2023 est la premi\u00e8re ann\u00e9e compl\u00e8te que je fais en trail running<\/strong>,\u00a0je me suis remis un peu plus s\u00e9rieusement \u00e0 l&rsquo;entra\u00eenement apr\u00e8s avoir un peu profit\u00e9 de la vie les 2-3 derni\u00e8res ann\u00e9es \ud83d\ude09. <strong>J&rsquo;ai particip\u00e9 \u00e0 une dizaine de courses sur l&rsquo;ann\u00e9e<\/strong> depuis janvier :<\/p>\n<ul>\n<li>Trail Blanc du Semnoz en janvier (12 km) (6\u00b0)<\/li>\n<li>Trail des Arcs en Mars (11 km) (6\u00b0)<\/li>\n<li>Mont\u00e9e des Arcs en avril (format 6 h de mont\u00e9e et redescente en funiculaire) (11\u00b0)<\/li>\n<li>Short-Race en mai (format 16 km de la Maxi-Race) (8\u00b0)<\/li>\n<li>Half Alpsman (d\u00e9but juin, Half Ironman se d\u00e9roulant sur les bords du Lac d&rsquo;Annecy avec une fin au sommet du Semnoz pour la partie course \u00e0 pied). Petit d\u00e9fi personnel, je ne suis pas du tout nageur \ud83d\ude05<\/li>\n<li>La 6000D en relais \u00e0 3 (67 km au total) (2\u00b0 relais mixte)<\/li>\n<li>La MCC (course ouverte aux habitants des 2 Savoies et b\u00e9n\u00e9voles de l&rsquo;UTMB) (40 km) (62\u00b0)<\/li>\n<li>Trail du Petit Saint Bernard en octobre (40km) (5\u00b0)<\/li>\n<li>La Vitalavie (semi-marathon sur les rives du Lac d&rsquo;Annecy en novembre) (5\u00b0)<\/li>\n<li>Saintexpress en d\u00e9cembre (44 km) (5\u00b0)<\/li>\n<\/ul>\n<p><strong>Le bilan de cette ann\u00e9e est plus que positif et me donne envie de continuer sur ma lanc\u00e9e<\/strong> et confirmer quelques bons r\u00e9sultats\u00a0acquis en 2024.<\/p>\n<p>Avec une bonne progression sur la derni\u00e8re partie de saison depuis septembre <strong>\u00ab <\/strong>.<\/p>\n<p><span style=\"background-color: #000000; color: #ffffff;\"><strong>Et pour la conclure, la SaintExpress, pourquoi cette course ?<\/strong><\/span><\/p>\n<p><strong>\u00bb Etant Lyonnais je connais cette course qui fait partie du \u00ab\u00a0patrimoine\u00a0\u00bb sportif local et national<\/strong> (mon papa a particip\u00e9 et termin\u00e9 de nombreuses fois La Saint\u00e9Lyon, grand format) <strong>\u00ab <\/strong>.<\/p>\n<p><span style=\"background-color: #000000; color: #ffffff;\"><strong>Premi\u00e8re participation \u00e0 une des courses de la Saint\u00e9lyon ?<\/strong><\/span><\/p>\n<p><strong>\u00bb J&rsquo;avais \u00e9galement particip\u00e9 \u00e0 des formats plus courts de la course il y a quelques ann\u00e9es : Saint\u00e9tic (12 km) et Saint\u00e9sprint (22 km).<\/strong><\/p>\n<p>Ma copine \u00e9tait inscrite sur l&rsquo;\u00e9preuve mais je voulais voir comment se passait le Trail du Petit Saint-Bernard d\u00e9but octobre avant de prolonger ou non l&rsquo;entra\u00eenement et m&rsquo;aligner sur la course. Le trail s&rsquo;\u00e9tant tr\u00e8s bien pass\u00e9 et la forme \u00e9tant bonne j&rsquo;ai d\u00e9cid\u00e9 de m&rsquo;inscrire mi-octobre.<\/p>\n<p><strong>J&rsquo;ai donc d\u00e9but\u00e9 l&rsquo;entra\u00eenement sp\u00e9cifique pour la course \u00e0 la mi-octobre<\/strong> apr\u00e8s une petite semaine de coupure suite au Trail du Petit Saint Bernard.<\/p>\n<p>J&rsquo;ai ajout\u00e9 pas mal de s\u00e9ances plus sp\u00e9cifiques \u00ab\u00a0route\u00a0\u00bb afin de travailler ma vitesse car le profil de la course \u00e9tait accident\u00e9 et il allait falloir courir tout le long \u00e0 un rythme plut\u00f4t soutenu.<\/p>\n<p>Tout en continuant de faire des sorties trail autour d&rsquo;Annecy pour ne pas perdre l&rsquo;habitude des sentiers et mont\u00e9es \/ descentes propres au trail running <strong>\u00ab <\/strong>.<\/p>\n<p><span style=\"background-color: #000000; color: #ffffff;\"><strong>Vos objectifs pour cette course, pr\u00e9par\u00e9e depuis quand ?<\/strong><\/span><\/p>\n<p>\u00bb J&rsquo;ai regard\u00e9 les r\u00e9sultats des ann\u00e9es pass\u00e9es et <strong>je visais plut\u00f4t un temps proche des 3 h 30 \u00ab .<\/strong><\/p>\n<p><strong><span style=\"background-color: #000000; color: #ffffff;\">Votre \u00e9tat de forme sur la ligne de d\u00e9part ?<\/span><\/strong><\/p>\n<p><strong>\u00bb Je me suis pr\u00e9sent\u00e9 au d\u00e9part de la course avec un bon niveau de forme<\/strong> et l&rsquo;envie de faire une bonne course pour terminer la saison sur une note positive.<\/p>\n<p>Les derni\u00e8res s\u00e9ances r\u00e9alis\u00e9es avant la course me laissaient envisager une bonne course avec des sensations qui \u00e9taient plut\u00f4t bonnes <strong>\u00ab <\/strong>.<\/p>\n<p><span style=\"background-color: #000000; color: #ffffff;\"><strong>Comment s\u2019est pass\u00e9e la course ? et la m\u00e9t\u00e9o ?<\/strong><\/span><\/p>\n<p>\u00bb La m\u00e9t\u00e9o s&rsquo;annon\u00e7ait plut\u00f4t \u00ab\u00a0cl\u00e9mente\u00a0\u00bb les jours avant la course avec seulement un froid sec. J&rsquo;ai h\u00e9sit\u00e9 entre chaussures de trail ou chaussures de route (le fameux d\u00e9bat de la Saint\u00e9Lyon) mais finalement la pluie des 2-3 derniers jours avant l&rsquo;\u00e9preuve m&rsquo;a fait opter pour le premier choix et des chaussures de trail, ce que je n&rsquo;ai absolument pas regrett\u00e9 !<\/p>\n<p><strong>Des conditions de courses quasi parfaites avec seulement un froid sec \u00e0 g\u00e9rer.<\/strong><\/p>\n<p><strong>Je termine la course en 3 h 10, donc l&rsquo;objectif est totalement atteint<\/strong>. <strong>La course s&rsquo;est tr\u00e8s bien pass\u00e9e<\/strong>. Je ne suis pas quelqu&rsquo;un qui aime partir vite, plut\u00f4t Diesel \ud83d\ude05, donc j&rsquo;ai fait un d\u00e9part prudent, plut\u00f4t en gestion, sans me mettre dans le rouge. Une fois le premier kilom\u00e8tre pass\u00e9 et l&rsquo;entr\u00e9e sur les chemins, j&rsquo;ai commenc\u00e9 \u00e0 remonter des concurrents et les jambes et le cardio r\u00e9pondaient bien.<\/p>\n<p><strong>J&rsquo;ai quasiment fait l&rsquo;enti\u00e8ret\u00e9 de la course seul<\/strong>, je remontais des concurrents\u00a0tout au long de l&rsquo;\u00e9preuve donc c&rsquo;\u00e9tait motivant.<\/p>\n<p>J&rsquo;avais fait mes temps de passages sur 3 h 28 et d\u00e8s le premier ravitaillement au kilom\u00e8tre 13 (St Genou) j&rsquo;avais de l&rsquo;avance sur cette pr\u00e9diction, ensuite je n&rsquo;ai fait que gagner du temps au fil du parcours.<\/p>\n<p>Je ne me suis \u00e0 aucun moment interrog\u00e9 sur ma place, j&rsquo;\u00e9tais concentr\u00e9\u00a0sur mes sensations et ma course. Je n&rsquo;ai d&rsquo;ailleurs que tr\u00e8s peu regard\u00e9 ma montre durant la course.<\/p>\n<p>Les 4-5 derniers kilom\u00e8tres ont \u00e9t\u00e9 un peu durs, les jambes \u00e9taient d\u00e9j\u00e0 bien fatigu\u00e9es et quelques crampes commen\u00e7aient \u00e0 faire leur apparition au bas des escaliers de la Mulati\u00e8re, mais l&rsquo;arriv\u00e9e \u00e9tait \u00e0 quelques foul\u00e9es !<\/p>\n<p><strong>Je n&rsquo;ai d&rsquo;ailleurs appris mon classement que lorsque que j&rsquo;ai franchi la ligne<\/strong>. Ma maman m&rsquo;a dit que j&rsquo;\u00e9tais 5\u00b0, une super belle surprise ! <strong>\u00ab <\/strong><\/p>\n<p><span style=\"background-color: #000000; color: #ffffff;\"><strong>Une ou deux anecdotes sur cette course ?<\/strong><\/span><\/p>\n<p>\u00bb C\u00f4t\u00e9 anecdote, <strong>l&rsquo;avant course a \u00e9t\u00e9 riche en rebondissements et arriver au d\u00e9part a \u00e9t\u00e9 (presque) aussi dur que la course \ud83d\ude02<\/strong><\/p>\n<p>J&rsquo;ai d&rsquo;abord oubli\u00e9 le bracelet qui me permettait d&rsquo;acc\u00e9der au SAS Performance pour le d\u00e9part de la course. (Mon papa a fait un sprint pour me l&rsquo;apporter \u00e0 l&rsquo;arr\u00eat de tramway \u00e0 c\u00f4t\u00e9 de chez moi juste avant de rejoindre la Halle Tony Garnier, 2 minutes avant le d\u00e9part du tramway).<\/p>\n<p>Ensuite,<strong> l&rsquo;acc\u00e8s aux navettes a \u00e9t\u00e9 tr\u00e8s compliqu\u00e9.<\/strong> Le d\u00e9part \u00e9tait pr\u00e9vu entre 21 h et 21 h 15, ma navette est partie \u00e0 22 h 20 \ud83d\ude05. J&rsquo;ai patienter plus d&rsquo;1 h sur le parking \u00e0 attendre de pouvoir acc\u00e9der aux navettes.<\/p>\n<p>Enfin, apr\u00e8s une arriv\u00e9e sur Sainte-Catherine bien retard\u00e9e, je n&rsquo;avais aucune id\u00e9e sur l&rsquo;heure de d\u00e9part de la course car toutes les navettes ont \u00e9t\u00e9 retard\u00e9es.<\/p>\n<p>Alors que je me dirige vers le d\u00e9part afin de d\u00e9poser mon sac \u00e0 la consigne, j&rsquo;entends le speaker \u00ab\u00a0Bon les derniers athl\u00e8tes \u00e9lites ont pu arriver, le d\u00e9part de la Vague 1 va \u00eatre donn\u00e9 dans 5 min, \u00e0 23 h 30\u00a0\u00bb.<\/p>\n<p><strong>Absolument pas \u00e9chauff\u00e9<\/strong>, je me mets en short, enl\u00e8ve ma veste et donne mon sac \u00e0 ma copine qui le posera \u00e0 la consigne pour moi (Mille mercis ! ) et je me positionne sur la ligne de d\u00e9part. <strong>Quelques petits sauts sur place histoire de se chauffer un peu et c&rsquo;est d\u00e9j\u00e0 parti !<\/strong> Cela justifie encore plus mon d\u00e9part prudent pour ne pas me mettre dans le rouge d\u00e8s le d\u00e9but ou risquer la blessure \ud83d\ude05<\/p>\n<p>La suite, une superbe nuit \u00e0 courir dans les Monts du Lyonnais et \u00e0 profiter de l&rsquo;atmosph\u00e8re si particuli\u00e8re de cette course. <strong>Avec en prime, la grande surprise d&rsquo;apprendre que je termine 5\u00b0, une fois la ligne franchie \u00ab .<\/strong><\/p>\n<hr \/>\n<p><span style=\"background-color: #000000; color: #ffffff;\"><strong>Ensuite r\u00e9cup\u00e9ration et apr\u00e8s dans l\u2019agenda sportif de 2024 ?<\/strong><\/span><\/p>\n<p>\u00bb <strong>Le mois de d\u00e9cembre va \u00eatre consacr\u00e9 \u00e0 une bonne coupure pour bien r\u00e9cup\u00e9rer de cette ann\u00e9e<\/strong>.<\/p>\n<p><strong>C\u00f4t\u00e9 calendrier, je ne me suis pas encore trop pench\u00e9 dessus<\/strong> mais d\u00e9j\u00e0 un premier objectif fin juin, avec le marathon du Mont-Blanc sur le format 23 km car j&rsquo;ai \u00e9t\u00e9 retenu au tirage au sort.<\/p>\n<p>D&rsquo;ici l\u00e0, 1 ou 2 trails blancs cet hiver je pense. Puis quelques trails autour d&rsquo;Annecy pour pr\u00e9parer le Mont-Blanc entre avril et juin.<\/p>\n<p>S\u00fbrement 2-3 trails durant l&rsquo;\u00e9t\u00e9, peut-\u00eatre la 6000D fin juillet sur le format Marathon, la MCC de nouveau fin ao\u00fbt sur Chamonix ou le B\u00e9lier du c\u00f4t\u00e9 de la Clusaz.<\/p>\n<p>Enfin, pour la derni\u00e8re partie de saison, <strong>la Saint\u00e9Lyon f\u00eatant ses 70 ans, l&rsquo;envie de participer \u00e0 la f\u00eate est dans un coin de ma t\u00eate depuis dimanche.<\/strong><\/p>\n<p>Peut-\u00eatre de nouveau le format 44 km ou alors tenter l&rsquo;aventure sur la Grande ? Mais il y a encore le temps d&rsquo;y penser&#8230; <strong>\u00ab <\/strong>.<\/p>\n<hr \/>\n<hr \/>\n<div id='gallery-1' class='gallery galleryid-196009 gallery-columns-3 gallery-size-large'><figure class='gallery-item'>\n\t\t\t<div class='gallery-icon landscape'>\n\t\t\t\t<a href='https:\/\/newsestlyonnais.fr\/site\/2023\/12\/06\/edouard-leculier-lyonnais-je-connais-la-saintelyon-qui-fait-partie-du-patrimoine-sportif-local-et-national\/0-2223-11716-27-00327-yzzdaw\/'><img loading=\"lazy\" decoding=\"async\" width=\"640\" height=\"427\" src=\"https:\/\/newsestlyonnais.fr\/site\/wp-content\/uploads\/2023\/12\/0-2223-11716-27-00327-yZZDaW-650x434.jpg\" class=\"attachment-large size-large\" alt=\"\" srcset=\"https:\/\/newsestlyonnais.fr\/site\/wp-content\/uploads\/2023\/12\/0-2223-11716-27-00327-yZZDaW-650x434.jpg 650w, https:\/\/newsestlyonnais.fr\/site\/wp-content\/uploads\/2023\/12\/0-2223-11716-27-00327-yZZDaW-400x267.jpg 400w, https:\/\/newsestlyonnais.fr\/site\/wp-content\/uploads\/2023\/12\/0-2223-11716-27-00327-yZZDaW-250x167.jpg 250w, https:\/\/newsestlyonnais.fr\/site\/wp-content\/uploads\/2023\/12\/0-2223-11716-27-00327-yZZDaW-768x513.jpg 768w, https:\/\/newsestlyonnais.fr\/site\/wp-content\/uploads\/2023\/12\/0-2223-11716-27-00327-yZZDaW-150x100.jpg 150w, https:\/\/newsestlyonnais.fr\/site\/wp-content\/uploads\/2023\/12\/0-2223-11716-27-00327-yZZDaW-50x33.jpg 50w, https:\/\/newsestlyonnais.fr\/site\/wp-content\/uploads\/2023\/12\/0-2223-11716-27-00327-yZZDaW-100x67.jpg 100w, https:\/\/newsestlyonnais.fr\/site\/wp-content\/uploads\/2023\/12\/0-2223-11716-27-00327-yZZDaW-200x134.jpg 200w, https:\/\/newsestlyonnais.fr\/site\/wp-content\/uploads\/2023\/12\/0-2223-11716-27-00327-yZZDaW-300x200.jpg 300w, https:\/\/newsestlyonnais.fr\/site\/wp-content\/uploads\/2023\/12\/0-2223-11716-27-00327-yZZDaW-350x234.jpg 350w, https:\/\/newsestlyonnais.fr\/site\/wp-content\/uploads\/2023\/12\/0-2223-11716-27-00327-yZZDaW-450x301.jpg 450w, https:\/\/newsestlyonnais.fr\/site\/wp-content\/uploads\/2023\/12\/0-2223-11716-27-00327-yZZDaW-500x334.jpg 500w, https:\/\/newsestlyonnais.fr\/site\/wp-content\/uploads\/2023\/12\/0-2223-11716-27-00327-yZZDaW-550x367.jpg 550w, https:\/\/newsestlyonnais.fr\/site\/wp-content\/uploads\/2023\/12\/0-2223-11716-27-00327-yZZDaW-800x534.jpg 800w, https:\/\/newsestlyonnais.fr\/site\/wp-content\/uploads\/2023\/12\/0-2223-11716-27-00327-yZZDaW.jpg 861w\" sizes=\"auto, (max-width: 640px) 100vw, 640px\" \/><\/a>\n\t\t\t<\/div><\/figure><figure class='gallery-item'>\n\t\t\t<div class='gallery-icon landscape'>\n\t\t\t\t<a href='https:\/\/newsestlyonnais.fr\/site\/2023\/12\/06\/edouard-leculier-lyonnais-je-connais-la-saintelyon-qui-fait-partie-du-patrimoine-sportif-local-et-national\/0-2223-11730-06-06606-ohrzmz\/'><img loading=\"lazy\" decoding=\"async\" width=\"640\" height=\"426\" src=\"https:\/\/newsestlyonnais.fr\/site\/wp-content\/uploads\/2023\/12\/0-2223-11730-06-06606-OHRzmZ-650x433.jpg\" class=\"attachment-large size-large\" alt=\"\" srcset=\"https:\/\/newsestlyonnais.fr\/site\/wp-content\/uploads\/2023\/12\/0-2223-11730-06-06606-OHRzmZ-650x433.jpg 650w, https:\/\/newsestlyonnais.fr\/site\/wp-content\/uploads\/2023\/12\/0-2223-11730-06-06606-OHRzmZ-400x267.jpg 400w, https:\/\/newsestlyonnais.fr\/site\/wp-content\/uploads\/2023\/12\/0-2223-11730-06-06606-OHRzmZ-250x167.jpg 250w, https:\/\/newsestlyonnais.fr\/site\/wp-content\/uploads\/2023\/12\/0-2223-11730-06-06606-OHRzmZ-768x512.jpg 768w, https:\/\/newsestlyonnais.fr\/site\/wp-content\/uploads\/2023\/12\/0-2223-11730-06-06606-OHRzmZ-150x100.jpg 150w, https:\/\/newsestlyonnais.fr\/site\/wp-content\/uploads\/2023\/12\/0-2223-11730-06-06606-OHRzmZ-50x33.jpg 50w, https:\/\/newsestlyonnais.fr\/site\/wp-content\/uploads\/2023\/12\/0-2223-11730-06-06606-OHRzmZ-100x67.jpg 100w, https:\/\/newsestlyonnais.fr\/site\/wp-content\/uploads\/2023\/12\/0-2223-11730-06-06606-OHRzmZ-200x133.jpg 200w, https:\/\/newsestlyonnais.fr\/site\/wp-content\/uploads\/2023\/12\/0-2223-11730-06-06606-OHRzmZ-300x200.jpg 300w, https:\/\/newsestlyonnais.fr\/site\/wp-content\/uploads\/2023\/12\/0-2223-11730-06-06606-OHRzmZ-350x233.jpg 350w, https:\/\/newsestlyonnais.fr\/site\/wp-content\/uploads\/2023\/12\/0-2223-11730-06-06606-OHRzmZ-450x300.jpg 450w, https:\/\/newsestlyonnais.fr\/site\/wp-content\/uploads\/2023\/12\/0-2223-11730-06-06606-OHRzmZ-500x333.jpg 500w, https:\/\/newsestlyonnais.fr\/site\/wp-content\/uploads\/2023\/12\/0-2223-11730-06-06606-OHRzmZ-550x366.jpg 550w, https:\/\/newsestlyonnais.fr\/site\/wp-content\/uploads\/2023\/12\/0-2223-11730-06-06606-OHRzmZ-800x533.jpg 800w, https:\/\/newsestlyonnais.fr\/site\/wp-content\/uploads\/2023\/12\/0-2223-11730-06-06606-OHRzmZ.jpg 863w\" sizes=\"auto, (max-width: 640px) 100vw, 640px\" \/><\/a>\n\t\t\t<\/div><\/figure><figure class='gallery-item'>\n\t\t\t<div class='gallery-icon landscape'>\n\t\t\t\t<a href='https:\/\/newsestlyonnais.fr\/site\/2023\/12\/06\/edouard-leculier-lyonnais-je-connais-la-saintelyon-qui-fait-partie-du-patrimoine-sportif-local-et-national\/psb1166_1001_11h51m48s_psb_tg_09429\/'><img loading=\"lazy\" decoding=\"async\" width=\"640\" height=\"426\" src=\"https:\/\/newsestlyonnais.fr\/site\/wp-content\/uploads\/2023\/12\/PSB1166_1001_11h51m48s_PSB_TG_09429-650x433.jpg\" class=\"attachment-large size-large\" alt=\"\" srcset=\"https:\/\/newsestlyonnais.fr\/site\/wp-content\/uploads\/2023\/12\/PSB1166_1001_11h51m48s_PSB_TG_09429-650x433.jpg 650w, https:\/\/newsestlyonnais.fr\/site\/wp-content\/uploads\/2023\/12\/PSB1166_1001_11h51m48s_PSB_TG_09429-400x267.jpg 400w, https:\/\/newsestlyonnais.fr\/site\/wp-content\/uploads\/2023\/12\/PSB1166_1001_11h51m48s_PSB_TG_09429-250x167.jpg 250w, https:\/\/newsestlyonnais.fr\/site\/wp-content\/uploads\/2023\/12\/PSB1166_1001_11h51m48s_PSB_TG_09429-768x512.jpg 768w, https:\/\/newsestlyonnais.fr\/site\/wp-content\/uploads\/2023\/12\/PSB1166_1001_11h51m48s_PSB_TG_09429-150x100.jpg 150w, https:\/\/newsestlyonnais.fr\/site\/wp-content\/uploads\/2023\/12\/PSB1166_1001_11h51m48s_PSB_TG_09429-50x33.jpg 50w, https:\/\/newsestlyonnais.fr\/site\/wp-content\/uploads\/2023\/12\/PSB1166_1001_11h51m48s_PSB_TG_09429-100x67.jpg 100w, https:\/\/newsestlyonnais.fr\/site\/wp-content\/uploads\/2023\/12\/PSB1166_1001_11h51m48s_PSB_TG_09429-200x133.jpg 200w, https:\/\/newsestlyonnais.fr\/site\/wp-content\/uploads\/2023\/12\/PSB1166_1001_11h51m48s_PSB_TG_09429-300x200.jpg 300w, https:\/\/newsestlyonnais.fr\/site\/wp-content\/uploads\/2023\/12\/PSB1166_1001_11h51m48s_PSB_TG_09429-350x233.jpg 350w, https:\/\/newsestlyonnais.fr\/site\/wp-content\/uploads\/2023\/12\/PSB1166_1001_11h51m48s_PSB_TG_09429-450x300.jpg 450w, https:\/\/newsestlyonnais.fr\/site\/wp-content\/uploads\/2023\/12\/PSB1166_1001_11h51m48s_PSB_TG_09429-500x333.jpg 500w, https:\/\/newsestlyonnais.fr\/site\/wp-content\/uploads\/2023\/12\/PSB1166_1001_11h51m48s_PSB_TG_09429-550x366.jpg 550w, https:\/\/newsestlyonnais.fr\/site\/wp-content\/uploads\/2023\/12\/PSB1166_1001_11h51m48s_PSB_TG_09429-800x533.jpg 800w, https:\/\/newsestlyonnais.fr\/site\/wp-content\/uploads\/2023\/12\/PSB1166_1001_11h51m48s_PSB_TG_09429.jpg 863w\" sizes=\"auto, (max-width: 640px) 100vw, 640px\" \/><\/a>\n\t\t\t<\/div><\/figure><figure class='gallery-item'>\n\t\t\t<div class='gallery-icon landscape'>\n\t\t\t\t<a href='https:\/\/newsestlyonnais.fr\/site\/2023\/12\/06\/edouard-leculier-lyonnais-je-connais-la-saintelyon-qui-fait-partie-du-patrimoine-sportif-local-et-national\/psb1166_1001_09h38m00s_psb_lt_5698\/'><img loading=\"lazy\" decoding=\"async\" width=\"640\" height=\"449\" src=\"https:\/\/newsestlyonnais.fr\/site\/wp-content\/uploads\/2023\/12\/PSB1166_1001_09h38m00s_PSB_LT_5698-650x456.jpg\" class=\"attachment-large size-large\" alt=\"\" srcset=\"https:\/\/newsestlyonnais.fr\/site\/wp-content\/uploads\/2023\/12\/PSB1166_1001_09h38m00s_PSB_LT_5698-650x456.jpg 650w, https:\/\/newsestlyonnais.fr\/site\/wp-content\/uploads\/2023\/12\/PSB1166_1001_09h38m00s_PSB_LT_5698-400x281.jpg 400w, https:\/\/newsestlyonnais.fr\/site\/wp-content\/uploads\/2023\/12\/PSB1166_1001_09h38m00s_PSB_LT_5698-250x176.jpg 250w, https:\/\/newsestlyonnais.fr\/site\/wp-content\/uploads\/2023\/12\/PSB1166_1001_09h38m00s_PSB_LT_5698-768x539.jpg 768w, https:\/\/newsestlyonnais.fr\/site\/wp-content\/uploads\/2023\/12\/PSB1166_1001_09h38m00s_PSB_LT_5698-150x105.jpg 150w, https:\/\/newsestlyonnais.fr\/site\/wp-content\/uploads\/2023\/12\/PSB1166_1001_09h38m00s_PSB_LT_5698-50x35.jpg 50w, https:\/\/newsestlyonnais.fr\/site\/wp-content\/uploads\/2023\/12\/PSB1166_1001_09h38m00s_PSB_LT_5698-100x70.jpg 100w, https:\/\/newsestlyonnais.fr\/site\/wp-content\/uploads\/2023\/12\/PSB1166_1001_09h38m00s_PSB_LT_5698-200x140.jpg 200w, https:\/\/newsestlyonnais.fr\/site\/wp-content\/uploads\/2023\/12\/PSB1166_1001_09h38m00s_PSB_LT_5698-300x211.jpg 300w, https:\/\/newsestlyonnais.fr\/site\/wp-content\/uploads\/2023\/12\/PSB1166_1001_09h38m00s_PSB_LT_5698-350x246.jpg 350w, https:\/\/newsestlyonnais.fr\/site\/wp-content\/uploads\/2023\/12\/PSB1166_1001_09h38m00s_PSB_LT_5698-450x316.jpg 450w, https:\/\/newsestlyonnais.fr\/site\/wp-content\/uploads\/2023\/12\/PSB1166_1001_09h38m00s_PSB_LT_5698-500x351.jpg 500w, https:\/\/newsestlyonnais.fr\/site\/wp-content\/uploads\/2023\/12\/PSB1166_1001_09h38m00s_PSB_LT_5698-550x386.jpg 550w, https:\/\/newsestlyonnais.fr\/site\/wp-content\/uploads\/2023\/12\/PSB1166_1001_09h38m00s_PSB_LT_5698-800x562.jpg 800w, https:\/\/newsestlyonnais.fr\/site\/wp-content\/uploads\/2023\/12\/PSB1166_1001_09h38m00s_PSB_LT_5698.jpg 819w\" sizes=\"auto, (max-width: 640px) 100vw, 640px\" \/><\/a>\n\t\t\t<\/div><\/figure>\n\t\t<\/div>\n\n<hr \/>\n<p>&nbsp;<\/p>\n<p>&nbsp;<\/p>\n<p><u>\u00a0<\/u><\/p>\n<p>&nbsp;<\/p>\n<p><strong>\u00a0<\/strong><\/p>\n<p>&nbsp;<\/p>\n","protected":false},"excerpt":{"rendered":"<p>Le coureur, qui avait auparavant disput\u00e9 d&rsquo;autres formats de l&rsquo;\u00e9preuve s&rsquo;est align\u00e9 sur la Saintexpress, atteignant pleinement son objectif de chrono en finissant m\u00eame \u00e0 la 5\u00b0 place. <\/p>\n","protected":false},"author":4,"featured_media":196027,"comment_status":"open","ping_status":"open","sticky":false,"template":"","format":"standard","meta":{"footnotes":""},"categories":[2968,1625,3250,4959],"tags":[4960,2076,4016],"class_list":["post-196009","post","type-post","status-publish","format-standard","has-post-thumbnail","hentry","category-athle-course-pied-marche","category-lyon","category-recits-de-course-portraits-interviews","category-saintelyon-2023","tag-edouard-leculier","tag-saintelyon","tag-saintexpress"],"yoast_head":"<!-- This site is optimized with the Yoast SEO plugin v27.2 - https:\/\/yoast.com\/product\/yoast-seo-wordpress\/ -->\n<title>Edouard Leculier \u00ab Lyonnais, je connais la Saint\u00e9lyon qui fait partie du patrimoine sportif local et national \u00bb - News Est Lyonnais<\/title>\n<meta name=\"description\" content=\"Edouard Leculier \u00ab Lyonnais, je connais la Saint\u00e9lyon qui fait partie du patrimoine sportif local et national \u00bb\" \/>\n<meta name=\"robots\" content=\"index, follow, max-snippet:-1, max-image-preview:large, max-video-preview:-1\" \/>\n<link rel=\"canonical\" href=\"https:\/\/newsestlyonnais.fr\/site\/2023\/12\/06\/edouard-leculier-lyonnais-je-connais-la-saintelyon-qui-fait-partie-du-patrimoine-sportif-local-et-national\/\" \/>\n<meta property=\"og:locale\" content=\"fr_FR\" \/>\n<meta property=\"og:type\" content=\"article\" \/>\n<meta property=\"og:title\" content=\"Edouard Leculier \u00ab Lyonnais, je connais la Saint\u00e9lyon qui fait partie du patrimoine sportif local et national \u00bb - News Est Lyonnais\" \/>\n<meta property=\"og:description\" content=\"Edouard Leculier \u00ab Lyonnais, je connais la Saint\u00e9lyon qui fait partie du patrimoine sportif local et national \u00bb\" \/>\n<meta property=\"og:url\" content=\"https:\/\/newsestlyonnais.fr\/site\/2023\/12\/06\/edouard-leculier-lyonnais-je-connais-la-saintelyon-qui-fait-partie-du-patrimoine-sportif-local-et-national\/\" \/>\n<meta property=\"og:site_name\" content=\"News Est Lyonnais\" \/>\n<meta property=\"article:author\" content=\"https:\/\/www.facebook.com\/pascal.oberson.1?fref=ts\" \/>\n<meta property=\"article:published_time\" content=\"2023-12-06T06:14:29+00:00\" \/>\n<meta property=\"article:modified_time\" content=\"2024-09-23T12:01:20+00:00\" \/>\n<meta property=\"og:image\" content=\"https:\/\/newsestlyonnais.fr\/site\/wp-content\/uploads\/2023\/12\/0-2223-11719-14-02914-Tlpb95.jpg\" \/>\n\t<meta property=\"og:image:width\" content=\"863\" \/>\n\t<meta property=\"og:image:height\" content=\"575\" \/>\n\t<meta property=\"og:image:type\" content=\"image\/jpeg\" \/>\n<meta name=\"author\" content=\"R\u00e9dac. NEWS\" \/>\n<meta name=\"twitter:card\" content=\"summary_large_image\" \/>\n<meta name=\"twitter:label1\" content=\"\u00c9crit par\" \/>\n\t<meta name=\"twitter:data1\" content=\"R\u00e9dac. NEWS\" \/>\n\t<meta name=\"twitter:label2\" content=\"Dur\u00e9e de lecture estim\u00e9e\" \/>\n\t<meta name=\"twitter:data2\" content=\"8 minutes\" \/>\n<script type=\"application\/ld+json\" class=\"yoast-schema-graph\">{\"@context\":\"https:\/\/schema.org\",\"@graph\":[{\"@type\":\"Article\",\"@id\":\"https:\/\/newsestlyonnais.fr\/site\/2023\/12\/06\/edouard-leculier-lyonnais-je-connais-la-saintelyon-qui-fait-partie-du-patrimoine-sportif-local-et-national\/#article\",\"isPartOf\":{\"@id\":\"https:\/\/newsestlyonnais.fr\/site\/2023\/12\/06\/edouard-leculier-lyonnais-je-connais-la-saintelyon-qui-fait-partie-du-patrimoine-sportif-local-et-national\/\"},\"author\":{\"name\":\"R\u00e9dac. NEWS\",\"@id\":\"https:\/\/newsestlyonnais.fr\/site\/#\/schema\/person\/3230d5615f390bb808365d673001e887\"},\"headline\":\"Edouard Leculier \u00ab Lyonnais, je connais la Saint\u00e9lyon qui fait partie du patrimoine sportif local et national \u00bb\",\"datePublished\":\"2023-12-06T06:14:29+00:00\",\"dateModified\":\"2024-09-23T12:01:20+00:00\",\"mainEntityOfPage\":{\"@id\":\"https:\/\/newsestlyonnais.fr\/site\/2023\/12\/06\/edouard-leculier-lyonnais-je-connais-la-saintelyon-qui-fait-partie-du-patrimoine-sportif-local-et-national\/\"},\"wordCount\":1635,\"commentCount\":0,\"publisher\":{\"@id\":\"https:\/\/newsestlyonnais.fr\/site\/#organization\"},\"image\":{\"@id\":\"https:\/\/newsestlyonnais.fr\/site\/2023\/12\/06\/edouard-leculier-lyonnais-je-connais-la-saintelyon-qui-fait-partie-du-patrimoine-sportif-local-et-national\/#primaryimage\"},\"thumbnailUrl\":\"https:\/\/newsestlyonnais.fr\/site\/wp-content\/uploads\/2023\/12\/0-2223-11719-14-02914-Tlpb95.jpg\",\"keywords\":[\"Edouard Leculier\",\"SAINTELYON\",\"Saint\u00e9xpress\"],\"articleSection\":[\"Athl\u00e9 | Course pied | Marche\",\"Lyon\",\"R\u00e9cits de course \/ Portraits \/ Interviews\",\"SAINTELYON 2023\"],\"inLanguage\":\"fr-FR\",\"potentialAction\":[{\"@type\":\"CommentAction\",\"name\":\"Comment\",\"target\":[\"https:\/\/newsestlyonnais.fr\/site\/2023\/12\/06\/edouard-leculier-lyonnais-je-connais-la-saintelyon-qui-fait-partie-du-patrimoine-sportif-local-et-national\/#respond\"]}]},{\"@type\":\"WebPage\",\"@id\":\"https:\/\/newsestlyonnais.fr\/site\/2023\/12\/06\/edouard-leculier-lyonnais-je-connais-la-saintelyon-qui-fait-partie-du-patrimoine-sportif-local-et-national\/\",\"url\":\"https:\/\/newsestlyonnais.fr\/site\/2023\/12\/06\/edouard-leculier-lyonnais-je-connais-la-saintelyon-qui-fait-partie-du-patrimoine-sportif-local-et-national\/\",\"name\":\"Edouard Leculier \u00ab Lyonnais, je connais la Saint\u00e9lyon qui fait partie du patrimoine sportif local et national \u00bb - News Est Lyonnais\",\"isPartOf\":{\"@id\":\"https:\/\/newsestlyonnais.fr\/site\/#website\"},\"primaryImageOfPage\":{\"@id\":\"https:\/\/newsestlyonnais.fr\/site\/2023\/12\/06\/edouard-leculier-lyonnais-je-connais-la-saintelyon-qui-fait-partie-du-patrimoine-sportif-local-et-national\/#primaryimage\"},\"image\":{\"@id\":\"https:\/\/newsestlyonnais.fr\/site\/2023\/12\/06\/edouard-leculier-lyonnais-je-connais-la-saintelyon-qui-fait-partie-du-patrimoine-sportif-local-et-national\/#primaryimage\"},\"thumbnailUrl\":\"https:\/\/newsestlyonnais.fr\/site\/wp-content\/uploads\/2023\/12\/0-2223-11719-14-02914-Tlpb95.jpg\",\"datePublished\":\"2023-12-06T06:14:29+00:00\",\"dateModified\":\"2024-09-23T12:01:20+00:00\",\"description\":\"Edouard Leculier \u00ab Lyonnais, je connais la Saint\u00e9lyon qui fait partie du patrimoine sportif local et national \u00bb\",\"breadcrumb\":{\"@id\":\"https:\/\/newsestlyonnais.fr\/site\/2023\/12\/06\/edouard-leculier-lyonnais-je-connais-la-saintelyon-qui-fait-partie-du-patrimoine-sportif-local-et-national\/#breadcrumb\"},\"inLanguage\":\"fr-FR\",\"potentialAction\":[{\"@type\":\"ReadAction\",\"target\":[\"https:\/\/newsestlyonnais.fr\/site\/2023\/12\/06\/edouard-leculier-lyonnais-je-connais-la-saintelyon-qui-fait-partie-du-patrimoine-sportif-local-et-national\/\"]}]},{\"@type\":\"ImageObject\",\"inLanguage\":\"fr-FR\",\"@id\":\"https:\/\/newsestlyonnais.fr\/site\/2023\/12\/06\/edouard-leculier-lyonnais-je-connais-la-saintelyon-qui-fait-partie-du-patrimoine-sportif-local-et-national\/#primaryimage\",\"url\":\"https:\/\/newsestlyonnais.fr\/site\/wp-content\/uploads\/2023\/12\/0-2223-11719-14-02914-Tlpb95.jpg\",\"contentUrl\":\"https:\/\/newsestlyonnais.fr\/site\/wp-content\/uploads\/2023\/12\/0-2223-11719-14-02914-Tlpb95.jpg\",\"width\":863,\"height\":575},{\"@type\":\"BreadcrumbList\",\"@id\":\"https:\/\/newsestlyonnais.fr\/site\/2023\/12\/06\/edouard-leculier-lyonnais-je-connais-la-saintelyon-qui-fait-partie-du-patrimoine-sportif-local-et-national\/#breadcrumb\",\"itemListElement\":[{\"@type\":\"ListItem\",\"position\":1,\"name\":\"Accueil\",\"item\":\"https:\/\/newsestlyonnais.fr\/site\/\"},{\"@type\":\"ListItem\",\"position\":2,\"name\":\"Edouard Leculier \u00ab Lyonnais, je connais la Saint\u00e9lyon qui fait partie du patrimoine sportif local et national \u00bb\"}]},{\"@type\":\"WebSite\",\"@id\":\"https:\/\/newsestlyonnais.fr\/site\/#website\",\"url\":\"https:\/\/newsestlyonnais.fr\/site\/\",\"name\":\"News Est Lyonnais\",\"description\":\"L&#039;actualit\u00e9 au plus pr\u00e8s\",\"publisher\":{\"@id\":\"https:\/\/newsestlyonnais.fr\/site\/#organization\"},\"potentialAction\":[{\"@type\":\"SearchAction\",\"target\":{\"@type\":\"EntryPoint\",\"urlTemplate\":\"https:\/\/newsestlyonnais.fr\/site\/?s={search_term_string}\"},\"query-input\":{\"@type\":\"PropertyValueSpecification\",\"valueRequired\":true,\"valueName\":\"search_term_string\"}}],\"inLanguage\":\"fr-FR\"},{\"@type\":\"Organization\",\"@id\":\"https:\/\/newsestlyonnais.fr\/site\/#organization\",\"name\":\"News EST LYONNAIS\",\"url\":\"https:\/\/newsestlyonnais.fr\/site\/\",\"logo\":{\"@type\":\"ImageObject\",\"inLanguage\":\"fr-FR\",\"@id\":\"https:\/\/newsestlyonnais.fr\/site\/#\/schema\/logo\/image\/\",\"url\":\"\",\"contentUrl\":\"\",\"caption\":\"News EST LYONNAIS\"},\"image\":{\"@id\":\"https:\/\/newsestlyonnais.fr\/site\/#\/schema\/logo\/image\/\"}},{\"@type\":\"Person\",\"@id\":\"https:\/\/newsestlyonnais.fr\/site\/#\/schema\/person\/3230d5615f390bb808365d673001e887\",\"name\":\"R\u00e9dac. NEWS\",\"sameAs\":[\"http:\/\/www.newsestlyonnais.fr\",\"https:\/\/www.facebook.com\/pascal.oberson.1?fref=ts\",\"https:\/\/fr.linkedin.com\/in\/pascal-oberson-b17045113\"],\"url\":\"https:\/\/newsestlyonnais.fr\/site\/author\/nel\/\"}]}<\/script>\n<!-- \/ Yoast SEO plugin. -->","yoast_head_json":{"title":"Edouard Leculier \u00ab Lyonnais, je connais la Saint\u00e9lyon qui fait partie du patrimoine sportif local et national \u00bb - News Est Lyonnais","description":"Edouard Leculier \u00ab Lyonnais, je connais la Saint\u00e9lyon qui fait partie du patrimoine sportif local et national \u00bb","robots":{"index":"index","follow":"follow","max-snippet":"max-snippet:-1","max-image-preview":"max-image-preview:large","max-video-preview":"max-video-preview:-1"},"canonical":"https:\/\/newsestlyonnais.fr\/site\/2023\/12\/06\/edouard-leculier-lyonnais-je-connais-la-saintelyon-qui-fait-partie-du-patrimoine-sportif-local-et-national\/","og_locale":"fr_FR","og_type":"article","og_title":"Edouard Leculier \u00ab Lyonnais, je connais la Saint\u00e9lyon qui fait partie du patrimoine sportif local et national \u00bb - News Est Lyonnais","og_description":"Edouard Leculier \u00ab Lyonnais, je connais la Saint\u00e9lyon qui fait partie du patrimoine sportif local et national \u00bb","og_url":"https:\/\/newsestlyonnais.fr\/site\/2023\/12\/06\/edouard-leculier-lyonnais-je-connais-la-saintelyon-qui-fait-partie-du-patrimoine-sportif-local-et-national\/","og_site_name":"News Est Lyonnais","article_author":"https:\/\/www.facebook.com\/pascal.oberson.1?fref=ts","article_published_time":"2023-12-06T06:14:29+00:00","article_modified_time":"2024-09-23T12:01:20+00:00","og_image":[{"width":863,"height":575,"url":"https:\/\/newsestlyonnais.fr\/site\/wp-content\/uploads\/2023\/12\/0-2223-11719-14-02914-Tlpb95.jpg","type":"image\/jpeg"}],"author":"R\u00e9dac. NEWS","twitter_card":"summary_large_image","twitter_misc":{"\u00c9crit par":"R\u00e9dac. NEWS","Dur\u00e9e de lecture estim\u00e9e":"8 minutes"},"schema":{"@context":"https:\/\/schema.org","@graph":[{"@type":"Article","@id":"https:\/\/newsestlyonnais.fr\/site\/2023\/12\/06\/edouard-leculier-lyonnais-je-connais-la-saintelyon-qui-fait-partie-du-patrimoine-sportif-local-et-national\/#article","isPartOf":{"@id":"https:\/\/newsestlyonnais.fr\/site\/2023\/12\/06\/edouard-leculier-lyonnais-je-connais-la-saintelyon-qui-fait-partie-du-patrimoine-sportif-local-et-national\/"},"author":{"name":"R\u00e9dac. NEWS","@id":"https:\/\/newsestlyonnais.fr\/site\/#\/schema\/person\/3230d5615f390bb808365d673001e887"},"headline":"Edouard Leculier \u00ab Lyonnais, je connais la Saint\u00e9lyon qui fait partie du patrimoine sportif local et national \u00bb","datePublished":"2023-12-06T06:14:29+00:00","dateModified":"2024-09-23T12:01:20+00:00","mainEntityOfPage":{"@id":"https:\/\/newsestlyonnais.fr\/site\/2023\/12\/06\/edouard-leculier-lyonnais-je-connais-la-saintelyon-qui-fait-partie-du-patrimoine-sportif-local-et-national\/"},"wordCount":1635,"commentCount":0,"publisher":{"@id":"https:\/\/newsestlyonnais.fr\/site\/#organization"},"image":{"@id":"https:\/\/newsestlyonnais.fr\/site\/2023\/12\/06\/edouard-leculier-lyonnais-je-connais-la-saintelyon-qui-fait-partie-du-patrimoine-sportif-local-et-national\/#primaryimage"},"thumbnailUrl":"https:\/\/newsestlyonnais.fr\/site\/wp-content\/uploads\/2023\/12\/0-2223-11719-14-02914-Tlpb95.jpg","keywords":["Edouard Leculier","SAINTELYON","Saint\u00e9xpress"],"articleSection":["Athl\u00e9 | Course pied | Marche","Lyon","R\u00e9cits de course \/ Portraits \/ Interviews","SAINTELYON 2023"],"inLanguage":"fr-FR","potentialAction":[{"@type":"CommentAction","name":"Comment","target":["https:\/\/newsestlyonnais.fr\/site\/2023\/12\/06\/edouard-leculier-lyonnais-je-connais-la-saintelyon-qui-fait-partie-du-patrimoine-sportif-local-et-national\/#respond"]}]},{"@type":"WebPage","@id":"https:\/\/newsestlyonnais.fr\/site\/2023\/12\/06\/edouard-leculier-lyonnais-je-connais-la-saintelyon-qui-fait-partie-du-patrimoine-sportif-local-et-national\/","url":"https:\/\/newsestlyonnais.fr\/site\/2023\/12\/06\/edouard-leculier-lyonnais-je-connais-la-saintelyon-qui-fait-partie-du-patrimoine-sportif-local-et-national\/","name":"Edouard Leculier \u00ab Lyonnais, je connais la Saint\u00e9lyon qui fait partie du patrimoine sportif local et national \u00bb - News Est Lyonnais","isPartOf":{"@id":"https:\/\/newsestlyonnais.fr\/site\/#website"},"primaryImageOfPage":{"@id":"https:\/\/newsestlyonnais.fr\/site\/2023\/12\/06\/edouard-leculier-lyonnais-je-connais-la-saintelyon-qui-fait-partie-du-patrimoine-sportif-local-et-national\/#primaryimage"},"image":{"@id":"https:\/\/newsestlyonnais.fr\/site\/2023\/12\/06\/edouard-leculier-lyonnais-je-connais-la-saintelyon-qui-fait-partie-du-patrimoine-sportif-local-et-national\/#primaryimage"},"thumbnailUrl":"https:\/\/newsestlyonnais.fr\/site\/wp-content\/uploads\/2023\/12\/0-2223-11719-14-02914-Tlpb95.jpg","datePublished":"2023-12-06T06:14:29+00:00","dateModified":"2024-09-23T12:01:20+00:00","description":"Edouard Leculier \u00ab Lyonnais, je connais la Saint\u00e9lyon qui fait partie du patrimoine sportif local et national \u00bb","breadcrumb":{"@id":"https:\/\/newsestlyonnais.fr\/site\/2023\/12\/06\/edouard-leculier-lyonnais-je-connais-la-saintelyon-qui-fait-partie-du-patrimoine-sportif-local-et-national\/#breadcrumb"},"inLanguage":"fr-FR","potentialAction":[{"@type":"ReadAction","target":["https:\/\/newsestlyonnais.fr\/site\/2023\/12\/06\/edouard-leculier-lyonnais-je-connais-la-saintelyon-qui-fait-partie-du-patrimoine-sportif-local-et-national\/"]}]},{"@type":"ImageObject","inLanguage":"fr-FR","@id":"https:\/\/newsestlyonnais.fr\/site\/2023\/12\/06\/edouard-leculier-lyonnais-je-connais-la-saintelyon-qui-fait-partie-du-patrimoine-sportif-local-et-national\/#primaryimage","url":"https:\/\/newsestlyonnais.fr\/site\/wp-content\/uploads\/2023\/12\/0-2223-11719-14-02914-Tlpb95.jpg","contentUrl":"https:\/\/newsestlyonnais.fr\/site\/wp-content\/uploads\/2023\/12\/0-2223-11719-14-02914-Tlpb95.jpg","width":863,"height":575},{"@type":"BreadcrumbList","@id":"https:\/\/newsestlyonnais.fr\/site\/2023\/12\/06\/edouard-leculier-lyonnais-je-connais-la-saintelyon-qui-fait-partie-du-patrimoine-sportif-local-et-national\/#breadcrumb","itemListElement":[{"@type":"ListItem","position":1,"name":"Accueil","item":"https:\/\/newsestlyonnais.fr\/site\/"},{"@type":"ListItem","position":2,"name":"Edouard Leculier \u00ab Lyonnais, je connais la Saint\u00e9lyon qui fait partie du patrimoine sportif local et national \u00bb"}]},{"@type":"WebSite","@id":"https:\/\/newsestlyonnais.fr\/site\/#website","url":"https:\/\/newsestlyonnais.fr\/site\/","name":"News Est Lyonnais","description":"L&#039;actualit\u00e9 au plus pr\u00e8s","publisher":{"@id":"https:\/\/newsestlyonnais.fr\/site\/#organization"},"potentialAction":[{"@type":"SearchAction","target":{"@type":"EntryPoint","urlTemplate":"https:\/\/newsestlyonnais.fr\/site\/?s={search_term_string}"},"query-input":{"@type":"PropertyValueSpecification","valueRequired":true,"valueName":"search_term_string"}}],"inLanguage":"fr-FR"},{"@type":"Organization","@id":"https:\/\/newsestlyonnais.fr\/site\/#organization","name":"News EST LYONNAIS","url":"https:\/\/newsestlyonnais.fr\/site\/","logo":{"@type":"ImageObject","inLanguage":"fr-FR","@id":"https:\/\/newsestlyonnais.fr\/site\/#\/schema\/logo\/image\/","url":"","contentUrl":"","caption":"News EST LYONNAIS"},"image":{"@id":"https:\/\/newsestlyonnais.fr\/site\/#\/schema\/logo\/image\/"}},{"@type":"Person","@id":"https:\/\/newsestlyonnais.fr\/site\/#\/schema\/person\/3230d5615f390bb808365d673001e887","name":"R\u00e9dac. NEWS","sameAs":["http:\/\/www.newsestlyonnais.fr","https:\/\/www.facebook.com\/pascal.oberson.1?fref=ts","https:\/\/fr.linkedin.com\/in\/pascal-oberson-b17045113"],"url":"https:\/\/newsestlyonnais.fr\/site\/author\/nel\/"}]}},"_links":{"self":[{"href":"https:\/\/newsestlyonnais.fr\/site\/wp-json\/wp\/v2\/posts\/196009","targetHints":{"allow":["GET"]}}],"collection":[{"href":"https:\/\/newsestlyonnais.fr\/site\/wp-json\/wp\/v2\/posts"}],"about":[{"href":"https:\/\/newsestlyonnais.fr\/site\/wp-json\/wp\/v2\/types\/post"}],"author":[{"embeddable":true,"href":"https:\/\/newsestlyonnais.fr\/site\/wp-json\/wp\/v2\/users\/4"}],"replies":[{"embeddable":true,"href":"https:\/\/newsestlyonnais.fr\/site\/wp-json\/wp\/v2\/comments?post=196009"}],"version-history":[{"count":0,"href":"https:\/\/newsestlyonnais.fr\/site\/wp-json\/wp\/v2\/posts\/196009\/revisions"}],"wp:featuredmedia":[{"embeddable":true,"href":"https:\/\/newsestlyonnais.fr\/site\/wp-json\/wp\/v2\/media\/196027"}],"wp:attachment":[{"href":"https:\/\/newsestlyonnais.fr\/site\/wp-json\/wp\/v2\/media?parent=196009"}],"wp:term":[{"taxonomy":"category","embeddable":true,"href":"https:\/\/newsestlyonnais.fr\/site\/wp-json\/wp\/v2\/categories?post=196009"},{"taxonomy":"post_tag","embeddable":true,"href":"https:\/\/newsestlyonnais.fr\/site\/wp-json\/wp\/v2\/tags?post=196009"}],"curies":[{"name":"wp","href":"https:\/\/api.w.org\/{rel}","templated":true}]}}