{"id":196182,"date":"2023-12-07T13:58:19","date_gmt":"2023-12-07T12:58:19","guid":{"rendered":"https:\/\/newsestlyonnais.fr\/site\/?p=196182"},"modified":"2023-12-07T13:58:19","modified_gmt":"2023-12-07T12:58:19","slug":"sebastien-cimino-je-voulais-terminer-cette-annee-sur-un-format-plus-court-et-il-fallait-boucler-la-boucle","status":"publish","type":"post","link":"https:\/\/newsestlyonnais.fr\/site\/2023\/12\/07\/sebastien-cimino-je-voulais-terminer-cette-annee-sur-un-format-plus-court-et-il-fallait-boucler-la-boucle\/","title":{"rendered":"S\u00e9bastien Cimino \u00ab Je voulais terminer cette ann\u00e9e sur un format plus court et il fallait boucler la boucle \u00bb"},"content":{"rendered":"<p><span style=\"background-color: #000000; color: #ffffff;\"><strong>Petite pr\u00e9sentation<\/strong><\/span><\/p>\n<p>\u00bb J\u2019ai eu 45 ans cette ann\u00e9e, je vis sur Toussieu et suis <strong>licenci\u00e9 \u00e0 Corbas Running depuis 10 ans,<\/strong> club dans lequel je suis \u00e9galement coach <strong>\u00ab <\/strong>.<\/p>\n<hr \/>\n<p><span style=\"background-color: #000000; color: #ffffff;\"><strong>Comment s\u2019est pass\u00e9e sportivement cette ann\u00e9e ?<\/strong><\/span><\/p>\n<p><img loading=\"lazy\" decoding=\"async\" class=\"alignleft size-full wp-image-196190\" src=\"https:\/\/newsestlyonnais.fr\/site\/wp-content\/uploads\/2023\/12\/71783898293__3F7CE3DE-0BE6-40C4-ABEE-B00D8B91D73B.thumbnail.jpg\" alt=\"\" width=\"348\" height=\"272\" srcset=\"https:\/\/newsestlyonnais.fr\/site\/wp-content\/uploads\/2023\/12\/71783898293__3F7CE3DE-0BE6-40C4-ABEE-B00D8B91D73B.thumbnail.jpg 348w, https:\/\/newsestlyonnais.fr\/site\/wp-content\/uploads\/2023\/12\/71783898293__3F7CE3DE-0BE6-40C4-ABEE-B00D8B91D73B.thumbnail-250x195.jpg 250w, https:\/\/newsestlyonnais.fr\/site\/wp-content\/uploads\/2023\/12\/71783898293__3F7CE3DE-0BE6-40C4-ABEE-B00D8B91D73B.thumbnail-150x117.jpg 150w, https:\/\/newsestlyonnais.fr\/site\/wp-content\/uploads\/2023\/12\/71783898293__3F7CE3DE-0BE6-40C4-ABEE-B00D8B91D73B.thumbnail-50x39.jpg 50w, https:\/\/newsestlyonnais.fr\/site\/wp-content\/uploads\/2023\/12\/71783898293__3F7CE3DE-0BE6-40C4-ABEE-B00D8B91D73B.thumbnail-100x78.jpg 100w, https:\/\/newsestlyonnais.fr\/site\/wp-content\/uploads\/2023\/12\/71783898293__3F7CE3DE-0BE6-40C4-ABEE-B00D8B91D73B.thumbnail-200x156.jpg 200w, https:\/\/newsestlyonnais.fr\/site\/wp-content\/uploads\/2023\/12\/71783898293__3F7CE3DE-0BE6-40C4-ABEE-B00D8B91D73B.thumbnail-300x234.jpg 300w\" sizes=\"auto, (max-width: 348px) 100vw, 348px\" \/>\u00bb <strong>2023 a \u00e9t\u00e9 une ann\u00e9e assez \u00e9prouvante<\/strong>. J\u2019ai particip\u00e9 \u00e0 de nombreuses courses au d\u00e9but de l\u2019ann\u00e9e avec en point d\u2019orgue les Championnats de France de Trail court \u00e0 Millau. <strong>Cet \u00e9t\u00e9 j\u2019ai \u00e9t\u00e9 contraint de lever le pied la faute \u00e0 une vilaine entorse.<\/strong><\/p>\n<p>J\u2019ai pu reprendre doucement et participer au Trail du Petit Saint Bernard o\u00f9 je termine deuxi\u00e8me de ma cat\u00e9gorie <strong>\u00ab <\/strong>.<\/p>\n<p><span style=\"background-color: #000000; color: #ffffff;\"><strong>Tu as choisi de la conclure par la Saintexpress, pourquoi cette formule et distance ?<\/strong><\/span><\/p>\n<p>\u00bb <strong>Je me suis inscris sur cette Saintexpress pour partager un moment avec les copains du club<\/strong> mais aussi <strong>pour y revenir 10 ans apr\u00e8s ma premi\u00e8re participation.<\/strong><\/p>\n<p>J\u2019ai depuis particip\u00e9 \u00e0 la doyenne en solo \u00e0 3 reprises et 2 fois en relais, dont le dernier l\u2019ann\u00e9e derni\u00e8re avec le club.<\/p>\n<p><strong>Je voulais terminer cette ann\u00e9e sur un format plus court<\/strong> qui correspondait \u00e0 la forme du moment m\u00eame si je ne me suis pas pr\u00e9par\u00e9 sp\u00e9cifiquement. Pour moi <strong>il fallait boucler la boucle en revenant sur ce format<\/strong> <strong>\u00ab <\/strong>.<\/p>\n<hr \/>\n<p><span style=\"background-color: #000000; color: #ffffff;\"><strong>Quelles \u00e9taient tes ambitions et ton \u00e9tat de forme sur la ligne de d\u00e9part ?<\/strong><\/span><\/p>\n<p>\u00bb <strong>J\u2019ambitionnais de rester sous les 4 h 30 et finalement je mets 15 minutes de plus<\/strong> <strong>\u00ab <\/strong>.<\/p>\n<p><span style=\"background-color: #000000; color: #ffffff;\"><strong>Comment s\u2019est pass\u00e9 la course ? et la m\u00e9t\u00e9o ?<\/strong><\/span><\/p>\n<p>\u00bb J\u2019ai plut\u00f4t bien g\u00e9r\u00e9 la premi\u00e8re partie de course jusqu\u2019\u00e0 Soucieu. Je voulais en garder sous le pied pour acc\u00e9l\u00e9rer sur la derni\u00e8re partie plus roulante. <strong>Malheureusement pour moi je n\u2019ai pas respect\u00e9 le plan \u00e9tabli.<\/strong><\/p>\n<p>Arriv\u00e9 \u00e0 Soucieu, j\u2019\u00e9tais transi de froid et j\u2019ai perdu du temps en changeant de v\u00eatements. En repartant du ravito, j\u2019ai mis une bonne demi heure \u00e0 me r\u00e9chauffer mais le mal \u00e9tait d\u00e9j\u00e0 fait <strong>\u00ab <\/strong>.<\/p>\n<p><span style=\"background-color: #000000; color: #ffffff;\"><strong>Au final, satisfaction ou d\u00e9ception ?<\/strong><\/span><\/p>\n<p>\u00bb Compte tenu des conditions de course et de ma forme du moment,<strong> je suis plut\u00f4t satisfait du chrono<\/strong>. Je sais qu\u2019avec une meilleure pr\u00e9paration et moins de fatigue <strong>je peux faire beaucoup mieux alors pourquoi pas l\u2019ann\u00e9e prochaine<\/strong> <strong>\u00ab <\/strong>.<\/p>\n<hr \/>\n<p><span style=\"background-color: #000000; color: #ffffff;\"><strong>Une petite anecdote sur la course ?<\/strong><\/span><\/p>\n<p>\u00bb Si je vous dis que je suis rest\u00e9 coinc\u00e9 au moins 3 minutes dans mon t-shirt \u00e0 Soucieu car j\u2019\u00e9tais incapable d\u2019enlever mon bras de la manche \u00e7a compte ? <strong>En tout cas merci au b\u00e9n\u00e9vole qui est venu m\u2019aider sinon j\u2019y serais encore<\/strong> \ud83d\ude09 <strong>\u00ab <\/strong>.<\/p>\n<hr \/>\n<p><span style=\"background-color: #000000; color: #ffffff;\"><strong>Et maintenant, repos avant de pr\u00e9parer une ann\u00e9e 2024 d\u00e9j\u00e0 programm\u00e9e sportivement ?<\/strong><\/span><\/p>\n<p>\u00bb Pour 2024, <strong>l\u2019objectif reste les Championnats de France de Trail dans la Dr\u00f4me mais avant cela il faudra aller chercher la qualification <\/strong>au Trail Givr\u00e9 <strong>\u00ab <\/strong>.<\/p>\n<hr \/>\n<div id='gallery-1' class='gallery galleryid-196182 gallery-columns-2 gallery-size-large'><figure class='gallery-item'>\n\t\t\t<div class='gallery-icon landscape'>\n\t\t\t\t<a href='https:\/\/newsestlyonnais.fr\/site\/2023\/12\/07\/sebastien-cimino-je-voulais-terminer-cette-annee-sur-un-format-plus-court-et-il-fallait-boucler-la-boucle\/img_3792\/'><img loading=\"lazy\" decoding=\"async\" width=\"640\" height=\"437\" src=\"https:\/\/newsestlyonnais.fr\/site\/wp-content\/uploads\/2023\/12\/IMG_3792-650x444.jpg\" class=\"attachment-large size-large\" alt=\"\" srcset=\"https:\/\/newsestlyonnais.fr\/site\/wp-content\/uploads\/2023\/12\/IMG_3792-650x444.jpg 650w, https:\/\/newsestlyonnais.fr\/site\/wp-content\/uploads\/2023\/12\/IMG_3792-400x274.jpg 400w, https:\/\/newsestlyonnais.fr\/site\/wp-content\/uploads\/2023\/12\/IMG_3792-250x171.jpg 250w, https:\/\/newsestlyonnais.fr\/site\/wp-content\/uploads\/2023\/12\/IMG_3792-768x525.jpg 768w, https:\/\/newsestlyonnais.fr\/site\/wp-content\/uploads\/2023\/12\/IMG_3792-150x103.jpg 150w, https:\/\/newsestlyonnais.fr\/site\/wp-content\/uploads\/2023\/12\/IMG_3792-50x34.jpg 50w, https:\/\/newsestlyonnais.fr\/site\/wp-content\/uploads\/2023\/12\/IMG_3792-100x68.jpg 100w, https:\/\/newsestlyonnais.fr\/site\/wp-content\/uploads\/2023\/12\/IMG_3792-200x137.jpg 200w, https:\/\/newsestlyonnais.fr\/site\/wp-content\/uploads\/2023\/12\/IMG_3792-300x205.jpg 300w, https:\/\/newsestlyonnais.fr\/site\/wp-content\/uploads\/2023\/12\/IMG_3792-350x239.jpg 350w, https:\/\/newsestlyonnais.fr\/site\/wp-content\/uploads\/2023\/12\/IMG_3792-450x308.jpg 450w, https:\/\/newsestlyonnais.fr\/site\/wp-content\/uploads\/2023\/12\/IMG_3792-500x342.jpg 500w, https:\/\/newsestlyonnais.fr\/site\/wp-content\/uploads\/2023\/12\/IMG_3792-550x376.jpg 550w, https:\/\/newsestlyonnais.fr\/site\/wp-content\/uploads\/2023\/12\/IMG_3792-800x547.jpg 800w, https:\/\/newsestlyonnais.fr\/site\/wp-content\/uploads\/2023\/12\/IMG_3792.jpg 1034w\" sizes=\"auto, (max-width: 640px) 100vw, 640px\" \/><\/a>\n\t\t\t<\/div><\/figure><figure class='gallery-item'>\n\t\t\t<div class='gallery-icon landscape'>\n\t\t\t\t<a href='https:\/\/newsestlyonnais.fr\/site\/2023\/12\/07\/sebastien-cimino-je-voulais-terminer-cette-annee-sur-un-format-plus-court-et-il-fallait-boucler-la-boucle\/img_3292_copy-thumbnail\/'><img loading=\"lazy\" decoding=\"async\" width=\"348\" height=\"272\" src=\"https:\/\/newsestlyonnais.fr\/site\/wp-content\/uploads\/2023\/12\/IMG_3292_copy.thumbnail.jpg\" class=\"attachment-large size-large\" alt=\"\" srcset=\"https:\/\/newsestlyonnais.fr\/site\/wp-content\/uploads\/2023\/12\/IMG_3292_copy.thumbnail.jpg 348w, https:\/\/newsestlyonnais.fr\/site\/wp-content\/uploads\/2023\/12\/IMG_3292_copy.thumbnail-250x195.jpg 250w, https:\/\/newsestlyonnais.fr\/site\/wp-content\/uploads\/2023\/12\/IMG_3292_copy.thumbnail-150x117.jpg 150w, https:\/\/newsestlyonnais.fr\/site\/wp-content\/uploads\/2023\/12\/IMG_3292_copy.thumbnail-50x39.jpg 50w, https:\/\/newsestlyonnais.fr\/site\/wp-content\/uploads\/2023\/12\/IMG_3292_copy.thumbnail-100x78.jpg 100w, https:\/\/newsestlyonnais.fr\/site\/wp-content\/uploads\/2023\/12\/IMG_3292_copy.thumbnail-200x156.jpg 200w, https:\/\/newsestlyonnais.fr\/site\/wp-content\/uploads\/2023\/12\/IMG_3292_copy.thumbnail-300x234.jpg 300w\" sizes=\"auto, (max-width: 348px) 100vw, 348px\" \/><\/a>\n\t\t\t<\/div><\/figure>\n\t\t<\/div>\n\n","protected":false},"excerpt":{"rendered":"<p>Le coureur quadrag\u00e9naire du Corbas Running, apr\u00e8s une ann\u00e9e sportive \u00e9prouvante, s&rsquo;est \u00e0 nouveau align\u00e9, dix ans apr\u00e8s sa premi\u00e8re participation, sur la Saintexpress.  <\/p>\n","protected":false},"author":4,"featured_media":196184,"comment_status":"open","ping_status":"open","sticky":false,"template":"","format":"standard","meta":{"footnotes":""},"categories":[2968,1287,4959,1293],"tags":[2855,2076,4016,4040],"class_list":["post-196182","post","type-post","status-publish","format-standard","has-post-thumbnail","hentry","category-athle-course-pied-marche","category-corbas-feyzin","category-saintelyon-2023","category-st-pierre-de-chandieu-toussieu","tag-corbas-running","tag-saintelyon","tag-saintexpress","tag-sebastien-cimino"],"yoast_head":"<!-- This site is optimized with the Yoast SEO plugin v27.2 - https:\/\/yoast.com\/product\/yoast-seo-wordpress\/ -->\n<title>S\u00e9bastien Cimino \u00ab Je voulais terminer cette ann\u00e9e sur un format plus court et il fallait boucler la boucle \u00bb - News Est Lyonnais<\/title>\n<meta name=\"description\" content=\"S\u00e9bastien Cimino \u00ab Je voulais terminer cette ann\u00e9e sur un format plus court et il fallait boucler la boucle \u00bb\" \/>\n<meta name=\"robots\" content=\"index, follow, max-snippet:-1, max-image-preview:large, max-video-preview:-1\" \/>\n<link rel=\"canonical\" href=\"https:\/\/newsestlyonnais.fr\/site\/2023\/12\/07\/sebastien-cimino-je-voulais-terminer-cette-annee-sur-un-format-plus-court-et-il-fallait-boucler-la-boucle\/\" \/>\n<meta property=\"og:locale\" content=\"fr_FR\" \/>\n<meta property=\"og:type\" content=\"article\" \/>\n<meta property=\"og:title\" content=\"S\u00e9bastien Cimino \u00ab Je voulais terminer cette ann\u00e9e sur un format plus court et il fallait boucler la boucle \u00bb - News Est Lyonnais\" \/>\n<meta property=\"og:description\" content=\"S\u00e9bastien Cimino \u00ab Je voulais terminer cette ann\u00e9e sur un format plus court et il fallait boucler la boucle \u00bb\" \/>\n<meta property=\"og:url\" content=\"https:\/\/newsestlyonnais.fr\/site\/2023\/12\/07\/sebastien-cimino-je-voulais-terminer-cette-annee-sur-un-format-plus-court-et-il-fallait-boucler-la-boucle\/\" \/>\n<meta property=\"og:site_name\" content=\"News Est Lyonnais\" \/>\n<meta property=\"article:author\" content=\"https:\/\/www.facebook.com\/pascal.oberson.1?fref=ts\" \/>\n<meta property=\"article:published_time\" content=\"2023-12-07T12:58:19+00:00\" \/>\n<meta property=\"og:image\" content=\"https:\/\/newsestlyonnais.fr\/site\/wp-content\/uploads\/2023\/12\/IMG_8572.thumbnail.jpg\" \/>\n\t<meta property=\"og:image:width\" content=\"348\" \/>\n\t<meta property=\"og:image:height\" content=\"272\" \/>\n\t<meta property=\"og:image:type\" content=\"image\/jpeg\" \/>\n<meta name=\"author\" content=\"R\u00e9dac. NEWS\" \/>\n<meta name=\"twitter:card\" content=\"summary_large_image\" \/>\n<meta name=\"twitter:label1\" content=\"\u00c9crit par\" \/>\n\t<meta name=\"twitter:data1\" content=\"R\u00e9dac. NEWS\" \/>\n\t<meta name=\"twitter:label2\" content=\"Dur\u00e9e de lecture estim\u00e9e\" \/>\n\t<meta name=\"twitter:data2\" content=\"3 minutes\" \/>\n<script type=\"application\/ld+json\" class=\"yoast-schema-graph\">{\"@context\":\"https:\/\/schema.org\",\"@graph\":[{\"@type\":\"Article\",\"@id\":\"https:\/\/newsestlyonnais.fr\/site\/2023\/12\/07\/sebastien-cimino-je-voulais-terminer-cette-annee-sur-un-format-plus-court-et-il-fallait-boucler-la-boucle\/#article\",\"isPartOf\":{\"@id\":\"https:\/\/newsestlyonnais.fr\/site\/2023\/12\/07\/sebastien-cimino-je-voulais-terminer-cette-annee-sur-un-format-plus-court-et-il-fallait-boucler-la-boucle\/\"},\"author\":{\"name\":\"R\u00e9dac. NEWS\",\"@id\":\"https:\/\/newsestlyonnais.fr\/site\/#\/schema\/person\/3230d5615f390bb808365d673001e887\"},\"headline\":\"S\u00e9bastien Cimino \u00ab Je voulais terminer cette ann\u00e9e sur un format plus court et il fallait boucler la boucle \u00bb\",\"datePublished\":\"2023-12-07T12:58:19+00:00\",\"mainEntityOfPage\":{\"@id\":\"https:\/\/newsestlyonnais.fr\/site\/2023\/12\/07\/sebastien-cimino-je-voulais-terminer-cette-annee-sur-un-format-plus-court-et-il-fallait-boucler-la-boucle\/\"},\"wordCount\":507,\"commentCount\":0,\"publisher\":{\"@id\":\"https:\/\/newsestlyonnais.fr\/site\/#organization\"},\"image\":{\"@id\":\"https:\/\/newsestlyonnais.fr\/site\/2023\/12\/07\/sebastien-cimino-je-voulais-terminer-cette-annee-sur-un-format-plus-court-et-il-fallait-boucler-la-boucle\/#primaryimage\"},\"thumbnailUrl\":\"https:\/\/newsestlyonnais.fr\/site\/wp-content\/uploads\/2023\/12\/IMG_8572.thumbnail.jpg\",\"keywords\":[\"Corbas Running\",\"SAINTELYON\",\"Saint\u00e9xpress\",\"S\u00e9bastien Cimino\"],\"articleSection\":[\"Athl\u00e9 | Course pied | Marche\",\"Corbas | Feyzin\",\"SAINTELYON 2023\",\"St Pierre de Chandieu | Toussieu\"],\"inLanguage\":\"fr-FR\",\"potentialAction\":[{\"@type\":\"CommentAction\",\"name\":\"Comment\",\"target\":[\"https:\/\/newsestlyonnais.fr\/site\/2023\/12\/07\/sebastien-cimino-je-voulais-terminer-cette-annee-sur-un-format-plus-court-et-il-fallait-boucler-la-boucle\/#respond\"]}]},{\"@type\":\"WebPage\",\"@id\":\"https:\/\/newsestlyonnais.fr\/site\/2023\/12\/07\/sebastien-cimino-je-voulais-terminer-cette-annee-sur-un-format-plus-court-et-il-fallait-boucler-la-boucle\/\",\"url\":\"https:\/\/newsestlyonnais.fr\/site\/2023\/12\/07\/sebastien-cimino-je-voulais-terminer-cette-annee-sur-un-format-plus-court-et-il-fallait-boucler-la-boucle\/\",\"name\":\"S\u00e9bastien Cimino \u00ab Je voulais terminer cette ann\u00e9e sur un format plus court et il fallait boucler la boucle \u00bb - News Est Lyonnais\",\"isPartOf\":{\"@id\":\"https:\/\/newsestlyonnais.fr\/site\/#website\"},\"primaryImageOfPage\":{\"@id\":\"https:\/\/newsestlyonnais.fr\/site\/2023\/12\/07\/sebastien-cimino-je-voulais-terminer-cette-annee-sur-un-format-plus-court-et-il-fallait-boucler-la-boucle\/#primaryimage\"},\"image\":{\"@id\":\"https:\/\/newsestlyonnais.fr\/site\/2023\/12\/07\/sebastien-cimino-je-voulais-terminer-cette-annee-sur-un-format-plus-court-et-il-fallait-boucler-la-boucle\/#primaryimage\"},\"thumbnailUrl\":\"https:\/\/newsestlyonnais.fr\/site\/wp-content\/uploads\/2023\/12\/IMG_8572.thumbnail.jpg\",\"datePublished\":\"2023-12-07T12:58:19+00:00\",\"description\":\"S\u00e9bastien Cimino \u00ab Je voulais terminer cette ann\u00e9e sur un format plus court et il fallait boucler la boucle \u00bb\",\"breadcrumb\":{\"@id\":\"https:\/\/newsestlyonnais.fr\/site\/2023\/12\/07\/sebastien-cimino-je-voulais-terminer-cette-annee-sur-un-format-plus-court-et-il-fallait-boucler-la-boucle\/#breadcrumb\"},\"inLanguage\":\"fr-FR\",\"potentialAction\":[{\"@type\":\"ReadAction\",\"target\":[\"https:\/\/newsestlyonnais.fr\/site\/2023\/12\/07\/sebastien-cimino-je-voulais-terminer-cette-annee-sur-un-format-plus-court-et-il-fallait-boucler-la-boucle\/\"]}]},{\"@type\":\"ImageObject\",\"inLanguage\":\"fr-FR\",\"@id\":\"https:\/\/newsestlyonnais.fr\/site\/2023\/12\/07\/sebastien-cimino-je-voulais-terminer-cette-annee-sur-un-format-plus-court-et-il-fallait-boucler-la-boucle\/#primaryimage\",\"url\":\"https:\/\/newsestlyonnais.fr\/site\/wp-content\/uploads\/2023\/12\/IMG_8572.thumbnail.jpg\",\"contentUrl\":\"https:\/\/newsestlyonnais.fr\/site\/wp-content\/uploads\/2023\/12\/IMG_8572.thumbnail.jpg\",\"width\":348,\"height\":272},{\"@type\":\"BreadcrumbList\",\"@id\":\"https:\/\/newsestlyonnais.fr\/site\/2023\/12\/07\/sebastien-cimino-je-voulais-terminer-cette-annee-sur-un-format-plus-court-et-il-fallait-boucler-la-boucle\/#breadcrumb\",\"itemListElement\":[{\"@type\":\"ListItem\",\"position\":1,\"name\":\"Accueil\",\"item\":\"https:\/\/newsestlyonnais.fr\/site\/\"},{\"@type\":\"ListItem\",\"position\":2,\"name\":\"S\u00e9bastien Cimino \u00ab Je voulais terminer cette ann\u00e9e sur un format plus court et il fallait boucler la boucle \u00bb\"}]},{\"@type\":\"WebSite\",\"@id\":\"https:\/\/newsestlyonnais.fr\/site\/#website\",\"url\":\"https:\/\/newsestlyonnais.fr\/site\/\",\"name\":\"News Est Lyonnais\",\"description\":\"L&#039;actualit\u00e9 au plus pr\u00e8s\",\"publisher\":{\"@id\":\"https:\/\/newsestlyonnais.fr\/site\/#organization\"},\"potentialAction\":[{\"@type\":\"SearchAction\",\"target\":{\"@type\":\"EntryPoint\",\"urlTemplate\":\"https:\/\/newsestlyonnais.fr\/site\/?s={search_term_string}\"},\"query-input\":{\"@type\":\"PropertyValueSpecification\",\"valueRequired\":true,\"valueName\":\"search_term_string\"}}],\"inLanguage\":\"fr-FR\"},{\"@type\":\"Organization\",\"@id\":\"https:\/\/newsestlyonnais.fr\/site\/#organization\",\"name\":\"News EST LYONNAIS\",\"url\":\"https:\/\/newsestlyonnais.fr\/site\/\",\"logo\":{\"@type\":\"ImageObject\",\"inLanguage\":\"fr-FR\",\"@id\":\"https:\/\/newsestlyonnais.fr\/site\/#\/schema\/logo\/image\/\",\"url\":\"\",\"contentUrl\":\"\",\"caption\":\"News EST LYONNAIS\"},\"image\":{\"@id\":\"https:\/\/newsestlyonnais.fr\/site\/#\/schema\/logo\/image\/\"}},{\"@type\":\"Person\",\"@id\":\"https:\/\/newsestlyonnais.fr\/site\/#\/schema\/person\/3230d5615f390bb808365d673001e887\",\"name\":\"R\u00e9dac. NEWS\",\"sameAs\":[\"http:\/\/www.newsestlyonnais.fr\",\"https:\/\/www.facebook.com\/pascal.oberson.1?fref=ts\",\"https:\/\/fr.linkedin.com\/in\/pascal-oberson-b17045113\"],\"url\":\"https:\/\/newsestlyonnais.fr\/site\/author\/nel\/\"}]}<\/script>\n<!-- \/ Yoast SEO plugin. -->","yoast_head_json":{"title":"S\u00e9bastien Cimino \u00ab Je voulais terminer cette ann\u00e9e sur un format plus court et il fallait boucler la boucle \u00bb - News Est Lyonnais","description":"S\u00e9bastien Cimino \u00ab Je voulais terminer cette ann\u00e9e sur un format plus court et il fallait boucler la boucle \u00bb","robots":{"index":"index","follow":"follow","max-snippet":"max-snippet:-1","max-image-preview":"max-image-preview:large","max-video-preview":"max-video-preview:-1"},"canonical":"https:\/\/newsestlyonnais.fr\/site\/2023\/12\/07\/sebastien-cimino-je-voulais-terminer-cette-annee-sur-un-format-plus-court-et-il-fallait-boucler-la-boucle\/","og_locale":"fr_FR","og_type":"article","og_title":"S\u00e9bastien Cimino \u00ab Je voulais terminer cette ann\u00e9e sur un format plus court et il fallait boucler la boucle \u00bb - News Est Lyonnais","og_description":"S\u00e9bastien Cimino \u00ab Je voulais terminer cette ann\u00e9e sur un format plus court et il fallait boucler la boucle \u00bb","og_url":"https:\/\/newsestlyonnais.fr\/site\/2023\/12\/07\/sebastien-cimino-je-voulais-terminer-cette-annee-sur-un-format-plus-court-et-il-fallait-boucler-la-boucle\/","og_site_name":"News Est Lyonnais","article_author":"https:\/\/www.facebook.com\/pascal.oberson.1?fref=ts","article_published_time":"2023-12-07T12:58:19+00:00","og_image":[{"width":348,"height":272,"url":"https:\/\/newsestlyonnais.fr\/site\/wp-content\/uploads\/2023\/12\/IMG_8572.thumbnail.jpg","type":"image\/jpeg"}],"author":"R\u00e9dac. NEWS","twitter_card":"summary_large_image","twitter_misc":{"\u00c9crit par":"R\u00e9dac. NEWS","Dur\u00e9e de lecture estim\u00e9e":"3 minutes"},"schema":{"@context":"https:\/\/schema.org","@graph":[{"@type":"Article","@id":"https:\/\/newsestlyonnais.fr\/site\/2023\/12\/07\/sebastien-cimino-je-voulais-terminer-cette-annee-sur-un-format-plus-court-et-il-fallait-boucler-la-boucle\/#article","isPartOf":{"@id":"https:\/\/newsestlyonnais.fr\/site\/2023\/12\/07\/sebastien-cimino-je-voulais-terminer-cette-annee-sur-un-format-plus-court-et-il-fallait-boucler-la-boucle\/"},"author":{"name":"R\u00e9dac. NEWS","@id":"https:\/\/newsestlyonnais.fr\/site\/#\/schema\/person\/3230d5615f390bb808365d673001e887"},"headline":"S\u00e9bastien Cimino \u00ab Je voulais terminer cette ann\u00e9e sur un format plus court et il fallait boucler la boucle \u00bb","datePublished":"2023-12-07T12:58:19+00:00","mainEntityOfPage":{"@id":"https:\/\/newsestlyonnais.fr\/site\/2023\/12\/07\/sebastien-cimino-je-voulais-terminer-cette-annee-sur-un-format-plus-court-et-il-fallait-boucler-la-boucle\/"},"wordCount":507,"commentCount":0,"publisher":{"@id":"https:\/\/newsestlyonnais.fr\/site\/#organization"},"image":{"@id":"https:\/\/newsestlyonnais.fr\/site\/2023\/12\/07\/sebastien-cimino-je-voulais-terminer-cette-annee-sur-un-format-plus-court-et-il-fallait-boucler-la-boucle\/#primaryimage"},"thumbnailUrl":"https:\/\/newsestlyonnais.fr\/site\/wp-content\/uploads\/2023\/12\/IMG_8572.thumbnail.jpg","keywords":["Corbas Running","SAINTELYON","Saint\u00e9xpress","S\u00e9bastien Cimino"],"articleSection":["Athl\u00e9 | Course pied | Marche","Corbas | Feyzin","SAINTELYON 2023","St Pierre de Chandieu | Toussieu"],"inLanguage":"fr-FR","potentialAction":[{"@type":"CommentAction","name":"Comment","target":["https:\/\/newsestlyonnais.fr\/site\/2023\/12\/07\/sebastien-cimino-je-voulais-terminer-cette-annee-sur-un-format-plus-court-et-il-fallait-boucler-la-boucle\/#respond"]}]},{"@type":"WebPage","@id":"https:\/\/newsestlyonnais.fr\/site\/2023\/12\/07\/sebastien-cimino-je-voulais-terminer-cette-annee-sur-un-format-plus-court-et-il-fallait-boucler-la-boucle\/","url":"https:\/\/newsestlyonnais.fr\/site\/2023\/12\/07\/sebastien-cimino-je-voulais-terminer-cette-annee-sur-un-format-plus-court-et-il-fallait-boucler-la-boucle\/","name":"S\u00e9bastien Cimino \u00ab Je voulais terminer cette ann\u00e9e sur un format plus court et il fallait boucler la boucle \u00bb - News Est Lyonnais","isPartOf":{"@id":"https:\/\/newsestlyonnais.fr\/site\/#website"},"primaryImageOfPage":{"@id":"https:\/\/newsestlyonnais.fr\/site\/2023\/12\/07\/sebastien-cimino-je-voulais-terminer-cette-annee-sur-un-format-plus-court-et-il-fallait-boucler-la-boucle\/#primaryimage"},"image":{"@id":"https:\/\/newsestlyonnais.fr\/site\/2023\/12\/07\/sebastien-cimino-je-voulais-terminer-cette-annee-sur-un-format-plus-court-et-il-fallait-boucler-la-boucle\/#primaryimage"},"thumbnailUrl":"https:\/\/newsestlyonnais.fr\/site\/wp-content\/uploads\/2023\/12\/IMG_8572.thumbnail.jpg","datePublished":"2023-12-07T12:58:19+00:00","description":"S\u00e9bastien Cimino \u00ab Je voulais terminer cette ann\u00e9e sur un format plus court et il fallait boucler la boucle \u00bb","breadcrumb":{"@id":"https:\/\/newsestlyonnais.fr\/site\/2023\/12\/07\/sebastien-cimino-je-voulais-terminer-cette-annee-sur-un-format-plus-court-et-il-fallait-boucler-la-boucle\/#breadcrumb"},"inLanguage":"fr-FR","potentialAction":[{"@type":"ReadAction","target":["https:\/\/newsestlyonnais.fr\/site\/2023\/12\/07\/sebastien-cimino-je-voulais-terminer-cette-annee-sur-un-format-plus-court-et-il-fallait-boucler-la-boucle\/"]}]},{"@type":"ImageObject","inLanguage":"fr-FR","@id":"https:\/\/newsestlyonnais.fr\/site\/2023\/12\/07\/sebastien-cimino-je-voulais-terminer-cette-annee-sur-un-format-plus-court-et-il-fallait-boucler-la-boucle\/#primaryimage","url":"https:\/\/newsestlyonnais.fr\/site\/wp-content\/uploads\/2023\/12\/IMG_8572.thumbnail.jpg","contentUrl":"https:\/\/newsestlyonnais.fr\/site\/wp-content\/uploads\/2023\/12\/IMG_8572.thumbnail.jpg","width":348,"height":272},{"@type":"BreadcrumbList","@id":"https:\/\/newsestlyonnais.fr\/site\/2023\/12\/07\/sebastien-cimino-je-voulais-terminer-cette-annee-sur-un-format-plus-court-et-il-fallait-boucler-la-boucle\/#breadcrumb","itemListElement":[{"@type":"ListItem","position":1,"name":"Accueil","item":"https:\/\/newsestlyonnais.fr\/site\/"},{"@type":"ListItem","position":2,"name":"S\u00e9bastien Cimino \u00ab Je voulais terminer cette ann\u00e9e sur un format plus court et il fallait boucler la boucle \u00bb"}]},{"@type":"WebSite","@id":"https:\/\/newsestlyonnais.fr\/site\/#website","url":"https:\/\/newsestlyonnais.fr\/site\/","name":"News Est Lyonnais","description":"L&#039;actualit\u00e9 au plus pr\u00e8s","publisher":{"@id":"https:\/\/newsestlyonnais.fr\/site\/#organization"},"potentialAction":[{"@type":"SearchAction","target":{"@type":"EntryPoint","urlTemplate":"https:\/\/newsestlyonnais.fr\/site\/?s={search_term_string}"},"query-input":{"@type":"PropertyValueSpecification","valueRequired":true,"valueName":"search_term_string"}}],"inLanguage":"fr-FR"},{"@type":"Organization","@id":"https:\/\/newsestlyonnais.fr\/site\/#organization","name":"News EST LYONNAIS","url":"https:\/\/newsestlyonnais.fr\/site\/","logo":{"@type":"ImageObject","inLanguage":"fr-FR","@id":"https:\/\/newsestlyonnais.fr\/site\/#\/schema\/logo\/image\/","url":"","contentUrl":"","caption":"News EST LYONNAIS"},"image":{"@id":"https:\/\/newsestlyonnais.fr\/site\/#\/schema\/logo\/image\/"}},{"@type":"Person","@id":"https:\/\/newsestlyonnais.fr\/site\/#\/schema\/person\/3230d5615f390bb808365d673001e887","name":"R\u00e9dac. NEWS","sameAs":["http:\/\/www.newsestlyonnais.fr","https:\/\/www.facebook.com\/pascal.oberson.1?fref=ts","https:\/\/fr.linkedin.com\/in\/pascal-oberson-b17045113"],"url":"https:\/\/newsestlyonnais.fr\/site\/author\/nel\/"}]}},"_links":{"self":[{"href":"https:\/\/newsestlyonnais.fr\/site\/wp-json\/wp\/v2\/posts\/196182","targetHints":{"allow":["GET"]}}],"collection":[{"href":"https:\/\/newsestlyonnais.fr\/site\/wp-json\/wp\/v2\/posts"}],"about":[{"href":"https:\/\/newsestlyonnais.fr\/site\/wp-json\/wp\/v2\/types\/post"}],"author":[{"embeddable":true,"href":"https:\/\/newsestlyonnais.fr\/site\/wp-json\/wp\/v2\/users\/4"}],"replies":[{"embeddable":true,"href":"https:\/\/newsestlyonnais.fr\/site\/wp-json\/wp\/v2\/comments?post=196182"}],"version-history":[{"count":0,"href":"https:\/\/newsestlyonnais.fr\/site\/wp-json\/wp\/v2\/posts\/196182\/revisions"}],"wp:featuredmedia":[{"embeddable":true,"href":"https:\/\/newsestlyonnais.fr\/site\/wp-json\/wp\/v2\/media\/196184"}],"wp:attachment":[{"href":"https:\/\/newsestlyonnais.fr\/site\/wp-json\/wp\/v2\/media?parent=196182"}],"wp:term":[{"taxonomy":"category","embeddable":true,"href":"https:\/\/newsestlyonnais.fr\/site\/wp-json\/wp\/v2\/categories?post=196182"},{"taxonomy":"post_tag","embeddable":true,"href":"https:\/\/newsestlyonnais.fr\/site\/wp-json\/wp\/v2\/tags?post=196182"}],"curies":[{"name":"wp","href":"https:\/\/api.w.org\/{rel}","templated":true}]}}