{"id":19621,"date":"2017-01-23T14:55:48","date_gmt":"2017-01-23T13:55:48","guid":{"rendered":"http:\/\/newsestlyonnais.fr\/site\/?p=19621"},"modified":"2020-11-13T07:05:06","modified_gmt":"2020-11-13T06:05:06","slug":"lyon-et-villeurbanne-pic-de-pollution-le-prefet-maintient-la-circulation-alternee-mardi-24-janvier-2017","status":"publish","type":"post","link":"https:\/\/newsestlyonnais.fr\/site\/2017\/01\/23\/lyon-et-villeurbanne-pic-de-pollution-le-prefet-maintient-la-circulation-alternee-mardi-24-janvier-2017\/","title":{"rendered":"LYON-VILLEURBANNE | Pic de Pollution >le pr\u00e9fet maintient la circulation altern\u00e9e mardi 24 janvier 2017"},"content":{"rendered":"<div class=\"article_entete\">\n<h4 class=\" text-justify\">Michel Delpuech a d\u00e9cid\u00e9 de maintenir la circulation altern\u00e9e \u00e0 Lyon et \u00e0 Villeurbanne<i><b>\u00a0<\/b><\/i><i>dans les conditions pr\u00e9vues par l\u2019arr\u00eat\u00e9 pr\u00e9fectoral du 12 d\u00e9cembre 2016, <\/i><i>\u00a0<\/i><i>ce mardi 24 <\/i><i>\u00a0janvier <\/i><i>2017.<\/i><i><br \/>\n<\/i><\/h4>\n<p class=\" text-justify\">L\u2019agglom\u00e9ration lyonnaise conna\u00eet depuis la fin de la semaine derni\u00e8re un \u00e9pisode de pollution atmosph\u00e9rique aux particules fines. <strong>Le relev\u00e9 de situation<\/strong> fait appara\u00eetre un taux de 90 \u00b5g\/m\u00b3 (vendredi 20 janvier), de 105 \u00b5g\/m\u00b3 (samedi 21 janvier) et de 118 \u00b5g\/m\u00b3 (dimanche 22 janvier).<\/p>\n<p class=\" text-justify\"><strong>Les pr\u00e9visions<\/strong> s\u2019\u00e9l\u00e8vent \u00e0 93 \u00b5g\/m\u00b3 (ce lundi 23 janvier) et \u00e0 88 \u00b5g\/m\u00b3 (mardi 24 janvier). <strong>Le niveau d\u2019alerte<\/strong> (80 \u00b5g\/m\u00b3) est ainsi toujours nettement d\u00e9pass\u00e9 et la situation n\u2019est toujours pas satisfaisante en mati\u00e8re de sant\u00e9 publique.<\/p>\n<\/div>\n<p class=\" text-justify\">Compte tenu de cette situation, Michel Delpuech, pr\u00e9fet de la R\u00e9gion Auvergne-Rh\u00f4ne-Alpes, pr\u00e9fet du Rh\u00f4ne a d\u00e9cid\u00e9 de maintenir la circulation altern\u00e9e \u00e0 Lyon et \u00e0 Villeurbanne<i>\u00a0<\/i><i>dans les conditions pr\u00e9vues par l\u2019arr\u00eat\u00e9 pr\u00e9fectoral du 12 d\u00e9cembre 2016, <\/i><i>\u00a0<\/i><i>ce mardi 24 <\/i><i>\u00a0janvier <\/i><i>2017.<\/i><i><br \/>\n<\/i><\/p>\n<p class=\" text-justify\">Ainsi, les v\u00e9hicules dont la plaque d\u2019immatriculation est paire pourront circuler (exemple AA-12<b>4<\/b>-AA ou 124<b>8<\/b>\u00a0LS 69).<\/p>\n<p class=\" text-justify\"><strong>M<\/strong><b>ais aussi les v\u00e9hicules dont la plaque d\u2019 immatriculation est <\/b><b>im<\/b><b>paire, d\u00e8s lors qu\u2019ils <\/b><b>\u00a0affichent:<\/b><\/p>\n<ul>\n<li class=\" text-justify\"><b>une vignette <\/b><b>verte (z\u00e9ro \u00e9mission, moteur 100\u00a0% \u00e9lectrique et hydrog\u00e8ne)<\/b><\/li>\n<li class=\" text-justify\"><b>une vignette violette (<\/b><b>CRIT\u2019Air 1<\/b><b>)<\/b><\/li>\n<li class=\" text-justify\"><b>une vignette jaune (<\/b><b>CRIT\u2019Air 2<\/b><b>)<\/b><\/li>\n<li class=\" text-justify\"><b>une <\/b><b>vignette orange <\/b><b>(<\/b><b>CRIT\u2019Air <\/b><b>3)<\/b><b>. <\/b><\/li>\n<\/ul>\n<ul>\n<li class=\" text-justify\"><b>Par<\/b><b>\u00a0cons\u00e9quent, l\u2019<\/b><b>interdiction de circulation concerne les<\/b><b>\u00a0v\u00e9hicules <\/b><b>im<\/b><b>pairs non <\/b><b>dot\u00e9s de ces vignettes<\/b><b>.<\/b><\/li>\n<\/ul>\n<p class=\" text-justify\">Enfin, le pr\u00e9fet rappelle que cet \u00e9pisode de pollution est li\u00e9 \u00e0 la combustion. Les industriels sont invit\u00e9s \u00e0 r\u00e9duire leurs \u00e9missions. Le pr\u00e9fet invite \u00e9galement les op\u00e9rateurs et les particuliers \u00e0 r\u00e9duire les sources de chauffage par combustion.<\/p>\n<ul>\n<li class=\" text-justify\">Source: communiqu\u00e9 de la Pr\u00e9fecture du 23 janvier 2017<\/li>\n<\/ul>\n","protected":false},"excerpt":{"rendered":"<p>Michel Delpuech a d\u00e9cid\u00e9 de maintenir la circulation altern\u00e9e \u00e0 Lyon et \u00e0 Villeurbanne\u00a0dans les conditions pr\u00e9vues par l\u2019arr\u00eat\u00e9 pr\u00e9fectoral du 12 d\u00e9cembre 2016, \u00a0ce mardi 24 \u00a0janvier 2017. L\u2019agglom\u00e9ration lyonnaise conna\u00eet depuis la fin de la semaine derni\u00e8re un \u00e9pisode de pollution atmosph\u00e9rique aux particules fines. Le relev\u00e9 de situation fait appara\u00eetre un taux [&hellip;]<\/p>\n","protected":false},"author":4,"featured_media":0,"comment_status":"open","ping_status":"open","sticky":false,"template":"","format":"standard","meta":{"footnotes":""},"categories":[1625,787,309,29],"tags":[],"class_list":["post-19621","post","type-post","status-publish","format-standard","hentry","category-lyon","category-ptites-news","category-pratique","category-villeurbanne"],"yoast_head":"<!-- This site is optimized with the Yoast SEO plugin v27.2 - https:\/\/yoast.com\/product\/yoast-seo-wordpress\/ -->\n<title>LYON ET VILLEURBANNE : Pic de Pollution : le pr\u00e9fet maintient la circulation altern\u00e9e mardi 24 janvier 2017<\/title>\n<meta name=\"description\" content=\"LYON ET VILLEURBANNE : Pic de Pollution : le pr\u00e9fet maintient la circulation altern\u00e9e pour la journ\u00e9e du mardi 24 janvier 2017\" \/>\n<meta name=\"robots\" content=\"index, follow, max-snippet:-1, max-image-preview:large, max-video-preview:-1\" \/>\n<link rel=\"canonical\" href=\"https:\/\/newsestlyonnais.fr\/site\/2017\/01\/23\/lyon-et-villeurbanne-pic-de-pollution-le-prefet-maintient-la-circulation-alternee-mardi-24-janvier-2017\/\" \/>\n<meta property=\"og:locale\" content=\"fr_FR\" \/>\n<meta property=\"og:type\" content=\"article\" \/>\n<meta property=\"og:title\" content=\"LYON ET VILLEURBANNE : Pic de Pollution : le pr\u00e9fet maintient la circulation altern\u00e9e mardi 24 janvier 2017\" \/>\n<meta property=\"og:description\" content=\"LYON ET VILLEURBANNE : Pic de Pollution : le pr\u00e9fet maintient la circulation altern\u00e9e pour la journ\u00e9e du mardi 24 janvier 2017\" \/>\n<meta property=\"og:url\" content=\"https:\/\/newsestlyonnais.fr\/site\/2017\/01\/23\/lyon-et-villeurbanne-pic-de-pollution-le-prefet-maintient-la-circulation-alternee-mardi-24-janvier-2017\/\" \/>\n<meta property=\"og:site_name\" content=\"News Est Lyonnais\" \/>\n<meta property=\"article:author\" content=\"https:\/\/www.facebook.com\/pascal.oberson.1?fref=ts\" \/>\n<meta property=\"article:published_time\" content=\"2017-01-23T13:55:48+00:00\" \/>\n<meta property=\"article:modified_time\" content=\"2020-11-13T06:05:06+00:00\" \/>\n<meta name=\"author\" content=\"R\u00e9dac. NEWS\" \/>\n<meta name=\"twitter:card\" content=\"summary_large_image\" \/>\n<meta name=\"twitter:label1\" content=\"\u00c9crit par\" \/>\n\t<meta name=\"twitter:data1\" content=\"R\u00e9dac. NEWS\" \/>\n\t<meta name=\"twitter:label2\" content=\"Dur\u00e9e de lecture estim\u00e9e\" \/>\n\t<meta name=\"twitter:data2\" content=\"2 minutes\" \/>\n<script type=\"application\/ld+json\" class=\"yoast-schema-graph\">{\"@context\":\"https:\/\/schema.org\",\"@graph\":[{\"@type\":\"Article\",\"@id\":\"https:\/\/newsestlyonnais.fr\/site\/2017\/01\/23\/lyon-et-villeurbanne-pic-de-pollution-le-prefet-maintient-la-circulation-alternee-mardi-24-janvier-2017\/#article\",\"isPartOf\":{\"@id\":\"https:\/\/newsestlyonnais.fr\/site\/2017\/01\/23\/lyon-et-villeurbanne-pic-de-pollution-le-prefet-maintient-la-circulation-alternee-mardi-24-janvier-2017\/\"},\"author\":{\"name\":\"R\u00e9dac. NEWS\",\"@id\":\"https:\/\/newsestlyonnais.fr\/site\/#\/schema\/person\/3230d5615f390bb808365d673001e887\"},\"headline\":\"LYON-VILLEURBANNE | Pic de Pollution >le pr\u00e9fet maintient la circulation altern\u00e9e mardi 24 janvier 2017\",\"datePublished\":\"2017-01-23T13:55:48+00:00\",\"dateModified\":\"2020-11-13T06:05:06+00:00\",\"mainEntityOfPage\":{\"@id\":\"https:\/\/newsestlyonnais.fr\/site\/2017\/01\/23\/lyon-et-villeurbanne-pic-de-pollution-le-prefet-maintient-la-circulation-alternee-mardi-24-janvier-2017\/\"},\"wordCount\":317,\"commentCount\":0,\"publisher\":{\"@id\":\"https:\/\/newsestlyonnais.fr\/site\/#organization\"},\"articleSection\":[\"Lyon\",\"P'tites News\",\"Pratique\",\"Villeurbanne\"],\"inLanguage\":\"fr-FR\",\"potentialAction\":[{\"@type\":\"CommentAction\",\"name\":\"Comment\",\"target\":[\"https:\/\/newsestlyonnais.fr\/site\/2017\/01\/23\/lyon-et-villeurbanne-pic-de-pollution-le-prefet-maintient-la-circulation-alternee-mardi-24-janvier-2017\/#respond\"]}]},{\"@type\":\"WebPage\",\"@id\":\"https:\/\/newsestlyonnais.fr\/site\/2017\/01\/23\/lyon-et-villeurbanne-pic-de-pollution-le-prefet-maintient-la-circulation-alternee-mardi-24-janvier-2017\/\",\"url\":\"https:\/\/newsestlyonnais.fr\/site\/2017\/01\/23\/lyon-et-villeurbanne-pic-de-pollution-le-prefet-maintient-la-circulation-alternee-mardi-24-janvier-2017\/\",\"name\":\"LYON ET VILLEURBANNE : Pic de Pollution : le pr\u00e9fet maintient la circulation altern\u00e9e mardi 24 janvier 2017\",\"isPartOf\":{\"@id\":\"https:\/\/newsestlyonnais.fr\/site\/#website\"},\"datePublished\":\"2017-01-23T13:55:48+00:00\",\"dateModified\":\"2020-11-13T06:05:06+00:00\",\"description\":\"LYON ET VILLEURBANNE : Pic de Pollution : le pr\u00e9fet maintient la circulation altern\u00e9e pour la journ\u00e9e du mardi 24 janvier 2017\",\"breadcrumb\":{\"@id\":\"https:\/\/newsestlyonnais.fr\/site\/2017\/01\/23\/lyon-et-villeurbanne-pic-de-pollution-le-prefet-maintient-la-circulation-alternee-mardi-24-janvier-2017\/#breadcrumb\"},\"inLanguage\":\"fr-FR\",\"potentialAction\":[{\"@type\":\"ReadAction\",\"target\":[\"https:\/\/newsestlyonnais.fr\/site\/2017\/01\/23\/lyon-et-villeurbanne-pic-de-pollution-le-prefet-maintient-la-circulation-alternee-mardi-24-janvier-2017\/\"]}]},{\"@type\":\"BreadcrumbList\",\"@id\":\"https:\/\/newsestlyonnais.fr\/site\/2017\/01\/23\/lyon-et-villeurbanne-pic-de-pollution-le-prefet-maintient-la-circulation-alternee-mardi-24-janvier-2017\/#breadcrumb\",\"itemListElement\":[{\"@type\":\"ListItem\",\"position\":1,\"name\":\"Accueil\",\"item\":\"https:\/\/newsestlyonnais.fr\/site\/\"},{\"@type\":\"ListItem\",\"position\":2,\"name\":\"LYON-VILLEURBANNE | Pic de Pollution >le pr\u00e9fet maintient la circulation altern\u00e9e mardi 24 janvier 2017\"}]},{\"@type\":\"WebSite\",\"@id\":\"https:\/\/newsestlyonnais.fr\/site\/#website\",\"url\":\"https:\/\/newsestlyonnais.fr\/site\/\",\"name\":\"News Est Lyonnais\",\"description\":\"L&#039;actualit\u00e9 au plus pr\u00e8s\",\"publisher\":{\"@id\":\"https:\/\/newsestlyonnais.fr\/site\/#organization\"},\"potentialAction\":[{\"@type\":\"SearchAction\",\"target\":{\"@type\":\"EntryPoint\",\"urlTemplate\":\"https:\/\/newsestlyonnais.fr\/site\/?s={search_term_string}\"},\"query-input\":{\"@type\":\"PropertyValueSpecification\",\"valueRequired\":true,\"valueName\":\"search_term_string\"}}],\"inLanguage\":\"fr-FR\"},{\"@type\":\"Organization\",\"@id\":\"https:\/\/newsestlyonnais.fr\/site\/#organization\",\"name\":\"News EST LYONNAIS\",\"url\":\"https:\/\/newsestlyonnais.fr\/site\/\",\"logo\":{\"@type\":\"ImageObject\",\"inLanguage\":\"fr-FR\",\"@id\":\"https:\/\/newsestlyonnais.fr\/site\/#\/schema\/logo\/image\/\",\"url\":\"\",\"contentUrl\":\"\",\"caption\":\"News EST LYONNAIS\"},\"image\":{\"@id\":\"https:\/\/newsestlyonnais.fr\/site\/#\/schema\/logo\/image\/\"}},{\"@type\":\"Person\",\"@id\":\"https:\/\/newsestlyonnais.fr\/site\/#\/schema\/person\/3230d5615f390bb808365d673001e887\",\"name\":\"R\u00e9dac. NEWS\",\"sameAs\":[\"http:\/\/www.newsestlyonnais.fr\",\"https:\/\/www.facebook.com\/pascal.oberson.1?fref=ts\",\"https:\/\/fr.linkedin.com\/in\/pascal-oberson-b17045113\"],\"url\":\"https:\/\/newsestlyonnais.fr\/site\/author\/nel\/\"}]}<\/script>\n<!-- \/ Yoast SEO plugin. -->","yoast_head_json":{"title":"LYON ET VILLEURBANNE : Pic de Pollution : le pr\u00e9fet maintient la circulation altern\u00e9e mardi 24 janvier 2017","description":"LYON ET VILLEURBANNE : Pic de Pollution : le pr\u00e9fet maintient la circulation altern\u00e9e pour la journ\u00e9e du mardi 24 janvier 2017","robots":{"index":"index","follow":"follow","max-snippet":"max-snippet:-1","max-image-preview":"max-image-preview:large","max-video-preview":"max-video-preview:-1"},"canonical":"https:\/\/newsestlyonnais.fr\/site\/2017\/01\/23\/lyon-et-villeurbanne-pic-de-pollution-le-prefet-maintient-la-circulation-alternee-mardi-24-janvier-2017\/","og_locale":"fr_FR","og_type":"article","og_title":"LYON ET VILLEURBANNE : Pic de Pollution : le pr\u00e9fet maintient la circulation altern\u00e9e mardi 24 janvier 2017","og_description":"LYON ET VILLEURBANNE : Pic de Pollution : le pr\u00e9fet maintient la circulation altern\u00e9e pour la journ\u00e9e du mardi 24 janvier 2017","og_url":"https:\/\/newsestlyonnais.fr\/site\/2017\/01\/23\/lyon-et-villeurbanne-pic-de-pollution-le-prefet-maintient-la-circulation-alternee-mardi-24-janvier-2017\/","og_site_name":"News Est Lyonnais","article_author":"https:\/\/www.facebook.com\/pascal.oberson.1?fref=ts","article_published_time":"2017-01-23T13:55:48+00:00","article_modified_time":"2020-11-13T06:05:06+00:00","author":"R\u00e9dac. NEWS","twitter_card":"summary_large_image","twitter_misc":{"\u00c9crit par":"R\u00e9dac. NEWS","Dur\u00e9e de lecture estim\u00e9e":"2 minutes"},"schema":{"@context":"https:\/\/schema.org","@graph":[{"@type":"Article","@id":"https:\/\/newsestlyonnais.fr\/site\/2017\/01\/23\/lyon-et-villeurbanne-pic-de-pollution-le-prefet-maintient-la-circulation-alternee-mardi-24-janvier-2017\/#article","isPartOf":{"@id":"https:\/\/newsestlyonnais.fr\/site\/2017\/01\/23\/lyon-et-villeurbanne-pic-de-pollution-le-prefet-maintient-la-circulation-alternee-mardi-24-janvier-2017\/"},"author":{"name":"R\u00e9dac. NEWS","@id":"https:\/\/newsestlyonnais.fr\/site\/#\/schema\/person\/3230d5615f390bb808365d673001e887"},"headline":"LYON-VILLEURBANNE | Pic de Pollution >le pr\u00e9fet maintient la circulation altern\u00e9e mardi 24 janvier 2017","datePublished":"2017-01-23T13:55:48+00:00","dateModified":"2020-11-13T06:05:06+00:00","mainEntityOfPage":{"@id":"https:\/\/newsestlyonnais.fr\/site\/2017\/01\/23\/lyon-et-villeurbanne-pic-de-pollution-le-prefet-maintient-la-circulation-alternee-mardi-24-janvier-2017\/"},"wordCount":317,"commentCount":0,"publisher":{"@id":"https:\/\/newsestlyonnais.fr\/site\/#organization"},"articleSection":["Lyon","P'tites News","Pratique","Villeurbanne"],"inLanguage":"fr-FR","potentialAction":[{"@type":"CommentAction","name":"Comment","target":["https:\/\/newsestlyonnais.fr\/site\/2017\/01\/23\/lyon-et-villeurbanne-pic-de-pollution-le-prefet-maintient-la-circulation-alternee-mardi-24-janvier-2017\/#respond"]}]},{"@type":"WebPage","@id":"https:\/\/newsestlyonnais.fr\/site\/2017\/01\/23\/lyon-et-villeurbanne-pic-de-pollution-le-prefet-maintient-la-circulation-alternee-mardi-24-janvier-2017\/","url":"https:\/\/newsestlyonnais.fr\/site\/2017\/01\/23\/lyon-et-villeurbanne-pic-de-pollution-le-prefet-maintient-la-circulation-alternee-mardi-24-janvier-2017\/","name":"LYON ET VILLEURBANNE : Pic de Pollution : le pr\u00e9fet maintient la circulation altern\u00e9e mardi 24 janvier 2017","isPartOf":{"@id":"https:\/\/newsestlyonnais.fr\/site\/#website"},"datePublished":"2017-01-23T13:55:48+00:00","dateModified":"2020-11-13T06:05:06+00:00","description":"LYON ET VILLEURBANNE : Pic de Pollution : le pr\u00e9fet maintient la circulation altern\u00e9e pour la journ\u00e9e du mardi 24 janvier 2017","breadcrumb":{"@id":"https:\/\/newsestlyonnais.fr\/site\/2017\/01\/23\/lyon-et-villeurbanne-pic-de-pollution-le-prefet-maintient-la-circulation-alternee-mardi-24-janvier-2017\/#breadcrumb"},"inLanguage":"fr-FR","potentialAction":[{"@type":"ReadAction","target":["https:\/\/newsestlyonnais.fr\/site\/2017\/01\/23\/lyon-et-villeurbanne-pic-de-pollution-le-prefet-maintient-la-circulation-alternee-mardi-24-janvier-2017\/"]}]},{"@type":"BreadcrumbList","@id":"https:\/\/newsestlyonnais.fr\/site\/2017\/01\/23\/lyon-et-villeurbanne-pic-de-pollution-le-prefet-maintient-la-circulation-alternee-mardi-24-janvier-2017\/#breadcrumb","itemListElement":[{"@type":"ListItem","position":1,"name":"Accueil","item":"https:\/\/newsestlyonnais.fr\/site\/"},{"@type":"ListItem","position":2,"name":"LYON-VILLEURBANNE | Pic de Pollution >le pr\u00e9fet maintient la circulation altern\u00e9e mardi 24 janvier 2017"}]},{"@type":"WebSite","@id":"https:\/\/newsestlyonnais.fr\/site\/#website","url":"https:\/\/newsestlyonnais.fr\/site\/","name":"News Est Lyonnais","description":"L&#039;actualit\u00e9 au plus pr\u00e8s","publisher":{"@id":"https:\/\/newsestlyonnais.fr\/site\/#organization"},"potentialAction":[{"@type":"SearchAction","target":{"@type":"EntryPoint","urlTemplate":"https:\/\/newsestlyonnais.fr\/site\/?s={search_term_string}"},"query-input":{"@type":"PropertyValueSpecification","valueRequired":true,"valueName":"search_term_string"}}],"inLanguage":"fr-FR"},{"@type":"Organization","@id":"https:\/\/newsestlyonnais.fr\/site\/#organization","name":"News EST LYONNAIS","url":"https:\/\/newsestlyonnais.fr\/site\/","logo":{"@type":"ImageObject","inLanguage":"fr-FR","@id":"https:\/\/newsestlyonnais.fr\/site\/#\/schema\/logo\/image\/","url":"","contentUrl":"","caption":"News EST LYONNAIS"},"image":{"@id":"https:\/\/newsestlyonnais.fr\/site\/#\/schema\/logo\/image\/"}},{"@type":"Person","@id":"https:\/\/newsestlyonnais.fr\/site\/#\/schema\/person\/3230d5615f390bb808365d673001e887","name":"R\u00e9dac. NEWS","sameAs":["http:\/\/www.newsestlyonnais.fr","https:\/\/www.facebook.com\/pascal.oberson.1?fref=ts","https:\/\/fr.linkedin.com\/in\/pascal-oberson-b17045113"],"url":"https:\/\/newsestlyonnais.fr\/site\/author\/nel\/"}]}},"_links":{"self":[{"href":"https:\/\/newsestlyonnais.fr\/site\/wp-json\/wp\/v2\/posts\/19621","targetHints":{"allow":["GET"]}}],"collection":[{"href":"https:\/\/newsestlyonnais.fr\/site\/wp-json\/wp\/v2\/posts"}],"about":[{"href":"https:\/\/newsestlyonnais.fr\/site\/wp-json\/wp\/v2\/types\/post"}],"author":[{"embeddable":true,"href":"https:\/\/newsestlyonnais.fr\/site\/wp-json\/wp\/v2\/users\/4"}],"replies":[{"embeddable":true,"href":"https:\/\/newsestlyonnais.fr\/site\/wp-json\/wp\/v2\/comments?post=19621"}],"version-history":[{"count":0,"href":"https:\/\/newsestlyonnais.fr\/site\/wp-json\/wp\/v2\/posts\/19621\/revisions"}],"wp:attachment":[{"href":"https:\/\/newsestlyonnais.fr\/site\/wp-json\/wp\/v2\/media?parent=19621"}],"wp:term":[{"taxonomy":"category","embeddable":true,"href":"https:\/\/newsestlyonnais.fr\/site\/wp-json\/wp\/v2\/categories?post=19621"},{"taxonomy":"post_tag","embeddable":true,"href":"https:\/\/newsestlyonnais.fr\/site\/wp-json\/wp\/v2\/tags?post=19621"}],"curies":[{"name":"wp","href":"https:\/\/api.w.org\/{rel}","templated":true}]}}