{"id":196232,"date":"2023-12-08T11:51:53","date_gmt":"2023-12-08T10:51:53","guid":{"rendered":"https:\/\/newsestlyonnais.fr\/site\/?p=196232"},"modified":"2023-12-08T11:51:53","modified_gmt":"2023-12-08T10:51:53","slug":"saintelyon-moins-de-10-heures-en-relais-a-4-pour-les-cyclos-du-dimanche-asvel","status":"publish","type":"post","link":"https:\/\/newsestlyonnais.fr\/site\/2023\/12\/08\/saintelyon-moins-de-10-heures-en-relais-a-4-pour-les-cyclos-du-dimanche-asvel\/","title":{"rendered":"SAINTELYON | Moins de 10 heures en relais \u00e0 4 pour les \u00ab\u00a0Cyclos du dimanche ASVEL\u00a0\u00bb"},"content":{"rendered":"<p><span style=\"background-color: #000000; color: #3366ff;\"><strong>Chaque asv\u00e9lien(ne) revient sur son exp\u00e9rience de la course et son relais \u00e0 l&rsquo;occasion de cette Saint\u00e9Lyon qui les a vu couvrir la distance totale de 78 km, avec une m\u00e9to entre &#8211; 3 et &#8211; 7 degr\u00e9s ressentis et un sol verglac\u00e9 sur 40 km :\u00a0<\/strong><\/span><\/p>\n<p><strong><span style=\"color: #ffffff; background-color: #000000;\">1\u00b0 relais : Saint-Etienne \/ Saint-Christo en Jarez (19 km)<\/span><\/strong> en 2 h 06&prime; par <span style=\"background-color: #000000; color: #ffcc00;\"><strong>Virginie Baraud<\/strong><\/span> (Asvel triathlon) :<\/p>\n<ul>\n<li>2\u00b0 participation en relais de 4 sur 78 km<\/li>\n<li>Une <strong>course entre amis, un temps de partage, une exp\u00e9rience magique <\/strong><\/li>\n<li><strong>Satisfaction<\/strong>.<\/li>\n<\/ul>\n<hr \/>\n<p><span style=\"color: #ffffff; background-color: #000000;\"><strong>2\u00b0 relais : Saint-Christo en Jarez \/ Sainte-Catherine (15 km)<\/strong><\/span> en 2 h 24&prime; par <span style=\"background-color: #000000; color: #ffcc00;\"><strong>Yves Brunon<\/strong><\/span> (Asvel triathlon) :<\/p>\n<ul>\n<li>Premi\u00e8re participation en relais de 4 sur 78 km et 3 participations sur la Saint\u00e9tic (2017 &#8211; 2018 &#8211; 2019)<\/li>\n<li>Trail la Neyrolande &#8211; Trail de Beynost \u2013 le LUT \u2013 les Illumin\u00e9s : en pr\u00e9paration pour cette Saint\u00e9lyon \u00e0 4<\/li>\n<li><strong>Nuit longue, fraiche et glissante mais MAGIQUE<\/strong>, l\u2019association d\u2019\u00e9quipiers dans une course en relais apporte beaucoup humainement, tout le monde veille sur tout le monde avec pour moi <strong>une angoisse de cadet multi-redoublant<\/strong> d\u2019avoir peur de ne pas \u00eatre au RDV de mon relais. Nous sommes aussi spectateurs au milieu du terrain de jeu des coureurs solo avec qui on partage les nombreuses glissades sur le verglas, les fesses un peu marqu\u00e9es par les chutes et aussi marqu\u00e9 par toutes les mains tendues pour \u00eatre chaque fois relev\u00e9 \u2026\u2026\u2026\u2026 <strong>un \u00e9norme MERCI \u00e0 mes \u00e9quipiers<\/strong> qui m\u2019ont permis de participer \u00e0 cette difficile et belle \u00e9preuve.<\/li>\n<\/ul>\n<hr \/>\n<p><strong><span style=\"background-color: #000000; color: #ffffff;\">3\u00b0 relais Sainte-Catherine \/ Soucieu (25 km)<\/span><\/strong> en 3 h 30 par <span style=\"background-color: #000000; color: #ffcc00;\"><strong>V\u00e9ronica Silva Gely<\/strong><\/span> (Asvel triathlon)<\/p>\n<ul>\n<li>Premi\u00e8re participation en relais. Mais j&rsquo;ai fait la Sainte-Lyon en solo en 2010, l&rsquo;organisation du parcours a compl\u00e8tement chang\u00e9 depuis 2010.<\/li>\n<li>Le relais \u00e9tait compos\u00e9 de quatre participants, j&rsquo;ai fait le troisi\u00e8me relais, de Sainte-Catherine \u00e0 Soucieu-en-Jarrest, le but de la comp\u00e9tition \u00e9tait de partager, de rire, d&rsquo;avoir froid ensemble, puis d&rsquo;atteindre la ligne d&rsquo;arriv\u00e9e tous les quatre ! La partie que j&rsquo;ai eu \u00e0 courir \u00e9tait magnifique, courir dans la neige, entre les petits chemins dans les arbres et ensuite regarder le lever du soleil \u00e9tait merveilleux. Excellente organisation et solidarit\u00e9 entre les coureurs. Je le referai certainement, mais seule, pour \u00e9viter l&rsquo;attente (4 heures dans le bus) dans le froid.<\/li>\n<li>Sans aucun doute une grande satisfaction.<\/li>\n<\/ul>\n<hr \/>\n<p><strong><span style=\"background-color: #000000; color: #ffffff;\">4\u00b0 relais Soucieu \/ Lyon (20 km)<\/span><\/strong> en 1 h 56 par <span style=\"background-color: #000000; color: #ffcc00;\"><strong>Micka\u00ebl S\u00e9chet<\/strong><\/span> (Asvel triathlon)<\/p>\n<ul>\n<li>Premi\u00e8re participation en relais de 4 sur 78 km en r\u00e9ponse \u00e0 la sollicitation d&rsquo; Yves. Le marathon de Lyon 2023 en 3 h 34.<\/li>\n<li>L\u2019objectif \u00e9tait de participer.<\/li>\n<li><strong>Ma course s\u2019est tr\u00e8s bien pass\u00e9e<\/strong> car j\u2019ai couru de jour sur un parcours sympa et qui me convenait.<\/li>\n<li><strong>Je suis content d\u2019avoir d\u00e9couvert cet \u00e9v\u00e8nement si connu des coureurs \u00e0 pied<\/strong>.<\/li>\n<\/ul>\n<hr \/>\n<p><span style=\"background-color: #000000; color: #ffcc00; font-size: 14pt;\"><strong>Temps : 9 h 58&rsquo;18 <\/strong><\/span><\/p>\n<p><span style=\"background-color: #000000; color: #ffcc00; font-size: 14pt;\"><strong>Classements : 133\u00b0 sur 225 en relais \u00e0 4 \/ 57\u00b0 sur 114 en relais mixte.<\/strong><\/span><\/p>\n<hr \/>\n<hr \/>\n<p>&nbsp;<\/p>\n","protected":false},"excerpt":{"rendered":"<p>Belle performance collective pour l&rsquo;\u00e9quipe mixte porteuse du dossard 4082 et compos\u00e9e de triathl\u00e8tes de la section de l&rsquo;ASVEL. <\/p>\n","protected":false},"author":4,"featured_media":196234,"comment_status":"open","ping_status":"open","sticky":false,"template":"","format":"standard","meta":{"footnotes":""},"categories":[2968,2988,3250,4959,2990,29],"tags":[2249,4387,2076],"class_list":["post-196232","post","type-post","status-publish","format-standard","has-post-thumbnail","hentry","category-athle-course-pied-marche","category-natation-triathlon","category-recits-de-course-portraits-interviews","category-saintelyon-2023","category-triathlon","category-villeurbanne","tag-asvel-triathlon","tag-relais","tag-saintelyon"],"yoast_head":"<!-- This site is optimized with the Yoast SEO plugin v27.2 - https:\/\/yoast.com\/product\/yoast-seo-wordpress\/ -->\n<title>SAINTELYON | Moins de 10 heures en relais \u00e0 4 pour les &quot;Cyclos du dimanche ASVEL&quot; - News Est Lyonnais<\/title>\n<meta name=\"description\" content=\"SAINTELYON | Moins de 10 heures en relais \u00e0 4 pour les &quot;Cyclos du dimanche ASVEL&quot;\" \/>\n<meta name=\"robots\" content=\"index, follow, max-snippet:-1, max-image-preview:large, max-video-preview:-1\" \/>\n<link rel=\"canonical\" href=\"https:\/\/newsestlyonnais.fr\/site\/2023\/12\/08\/saintelyon-moins-de-10-heures-en-relais-a-4-pour-les-cyclos-du-dimanche-asvel\/\" \/>\n<meta property=\"og:locale\" content=\"fr_FR\" \/>\n<meta property=\"og:type\" content=\"article\" \/>\n<meta property=\"og:title\" content=\"SAINTELYON | Moins de 10 heures en relais \u00e0 4 pour les &quot;Cyclos du dimanche ASVEL&quot; - News Est Lyonnais\" \/>\n<meta property=\"og:description\" content=\"SAINTELYON | Moins de 10 heures en relais \u00e0 4 pour les &quot;Cyclos du dimanche ASVEL&quot;\" \/>\n<meta property=\"og:url\" content=\"https:\/\/newsestlyonnais.fr\/site\/2023\/12\/08\/saintelyon-moins-de-10-heures-en-relais-a-4-pour-les-cyclos-du-dimanche-asvel\/\" \/>\n<meta property=\"og:site_name\" content=\"News Est Lyonnais\" \/>\n<meta property=\"article:author\" content=\"https:\/\/www.facebook.com\/pascal.oberson.1?fref=ts\" \/>\n<meta property=\"article:published_time\" content=\"2023-12-08T10:51:53+00:00\" \/>\n<meta property=\"og:image\" content=\"https:\/\/newsestlyonnais.fr\/site\/wp-content\/uploads\/2023\/12\/IMG-20231203-WA0026.jpg\" \/>\n\t<meta property=\"og:image:width\" content=\"1200\" \/>\n\t<meta property=\"og:image:height\" content=\"800\" \/>\n\t<meta property=\"og:image:type\" content=\"image\/jpeg\" \/>\n<meta name=\"author\" content=\"R\u00e9dac. NEWS\" \/>\n<meta name=\"twitter:card\" content=\"summary_large_image\" \/>\n<meta name=\"twitter:label1\" content=\"\u00c9crit par\" \/>\n\t<meta name=\"twitter:data1\" content=\"R\u00e9dac. NEWS\" \/>\n\t<meta name=\"twitter:label2\" content=\"Dur\u00e9e de lecture estim\u00e9e\" \/>\n\t<meta name=\"twitter:data2\" content=\"3 minutes\" \/>\n<script type=\"application\/ld+json\" class=\"yoast-schema-graph\">{\"@context\":\"https:\/\/schema.org\",\"@graph\":[{\"@type\":\"Article\",\"@id\":\"https:\/\/newsestlyonnais.fr\/site\/2023\/12\/08\/saintelyon-moins-de-10-heures-en-relais-a-4-pour-les-cyclos-du-dimanche-asvel\/#article\",\"isPartOf\":{\"@id\":\"https:\/\/newsestlyonnais.fr\/site\/2023\/12\/08\/saintelyon-moins-de-10-heures-en-relais-a-4-pour-les-cyclos-du-dimanche-asvel\/\"},\"author\":{\"name\":\"R\u00e9dac. NEWS\",\"@id\":\"https:\/\/newsestlyonnais.fr\/site\/#\/schema\/person\/3230d5615f390bb808365d673001e887\"},\"headline\":\"SAINTELYON | Moins de 10 heures en relais \u00e0 4 pour les \u00ab\u00a0Cyclos du dimanche ASVEL\u00a0\u00bb\",\"datePublished\":\"2023-12-08T10:51:53+00:00\",\"mainEntityOfPage\":{\"@id\":\"https:\/\/newsestlyonnais.fr\/site\/2023\/12\/08\/saintelyon-moins-de-10-heures-en-relais-a-4-pour-les-cyclos-du-dimanche-asvel\/\"},\"wordCount\":474,\"commentCount\":0,\"publisher\":{\"@id\":\"https:\/\/newsestlyonnais.fr\/site\/#organization\"},\"image\":{\"@id\":\"https:\/\/newsestlyonnais.fr\/site\/2023\/12\/08\/saintelyon-moins-de-10-heures-en-relais-a-4-pour-les-cyclos-du-dimanche-asvel\/#primaryimage\"},\"thumbnailUrl\":\"https:\/\/newsestlyonnais.fr\/site\/wp-content\/uploads\/2023\/12\/IMG-20231203-WA0026.jpg\",\"keywords\":[\"ASVEL TRIATHLON\",\"RELAIS\",\"SAINTELYON\"],\"articleSection\":[\"Athl\u00e9 | Course pied | Marche\",\"Natation | Triathlon\",\"R\u00e9cits de course \/ Portraits \/ Interviews\",\"SAINTELYON 2023\",\"Triathlon\",\"Villeurbanne\"],\"inLanguage\":\"fr-FR\",\"potentialAction\":[{\"@type\":\"CommentAction\",\"name\":\"Comment\",\"target\":[\"https:\/\/newsestlyonnais.fr\/site\/2023\/12\/08\/saintelyon-moins-de-10-heures-en-relais-a-4-pour-les-cyclos-du-dimanche-asvel\/#respond\"]}]},{\"@type\":\"WebPage\",\"@id\":\"https:\/\/newsestlyonnais.fr\/site\/2023\/12\/08\/saintelyon-moins-de-10-heures-en-relais-a-4-pour-les-cyclos-du-dimanche-asvel\/\",\"url\":\"https:\/\/newsestlyonnais.fr\/site\/2023\/12\/08\/saintelyon-moins-de-10-heures-en-relais-a-4-pour-les-cyclos-du-dimanche-asvel\/\",\"name\":\"SAINTELYON | Moins de 10 heures en relais \u00e0 4 pour les \\\"Cyclos du dimanche ASVEL\\\" - News Est Lyonnais\",\"isPartOf\":{\"@id\":\"https:\/\/newsestlyonnais.fr\/site\/#website\"},\"primaryImageOfPage\":{\"@id\":\"https:\/\/newsestlyonnais.fr\/site\/2023\/12\/08\/saintelyon-moins-de-10-heures-en-relais-a-4-pour-les-cyclos-du-dimanche-asvel\/#primaryimage\"},\"image\":{\"@id\":\"https:\/\/newsestlyonnais.fr\/site\/2023\/12\/08\/saintelyon-moins-de-10-heures-en-relais-a-4-pour-les-cyclos-du-dimanche-asvel\/#primaryimage\"},\"thumbnailUrl\":\"https:\/\/newsestlyonnais.fr\/site\/wp-content\/uploads\/2023\/12\/IMG-20231203-WA0026.jpg\",\"datePublished\":\"2023-12-08T10:51:53+00:00\",\"description\":\"SAINTELYON | Moins de 10 heures en relais \u00e0 4 pour les \\\"Cyclos du dimanche ASVEL\\\"\",\"breadcrumb\":{\"@id\":\"https:\/\/newsestlyonnais.fr\/site\/2023\/12\/08\/saintelyon-moins-de-10-heures-en-relais-a-4-pour-les-cyclos-du-dimanche-asvel\/#breadcrumb\"},\"inLanguage\":\"fr-FR\",\"potentialAction\":[{\"@type\":\"ReadAction\",\"target\":[\"https:\/\/newsestlyonnais.fr\/site\/2023\/12\/08\/saintelyon-moins-de-10-heures-en-relais-a-4-pour-les-cyclos-du-dimanche-asvel\/\"]}]},{\"@type\":\"ImageObject\",\"inLanguage\":\"fr-FR\",\"@id\":\"https:\/\/newsestlyonnais.fr\/site\/2023\/12\/08\/saintelyon-moins-de-10-heures-en-relais-a-4-pour-les-cyclos-du-dimanche-asvel\/#primaryimage\",\"url\":\"https:\/\/newsestlyonnais.fr\/site\/wp-content\/uploads\/2023\/12\/IMG-20231203-WA0026.jpg\",\"contentUrl\":\"https:\/\/newsestlyonnais.fr\/site\/wp-content\/uploads\/2023\/12\/IMG-20231203-WA0026.jpg\",\"width\":1200,\"height\":800},{\"@type\":\"BreadcrumbList\",\"@id\":\"https:\/\/newsestlyonnais.fr\/site\/2023\/12\/08\/saintelyon-moins-de-10-heures-en-relais-a-4-pour-les-cyclos-du-dimanche-asvel\/#breadcrumb\",\"itemListElement\":[{\"@type\":\"ListItem\",\"position\":1,\"name\":\"Accueil\",\"item\":\"https:\/\/newsestlyonnais.fr\/site\/\"},{\"@type\":\"ListItem\",\"position\":2,\"name\":\"SAINTELYON | Moins de 10 heures en relais \u00e0 4 pour les \u00ab\u00a0Cyclos du dimanche ASVEL\u00a0\u00bb\"}]},{\"@type\":\"WebSite\",\"@id\":\"https:\/\/newsestlyonnais.fr\/site\/#website\",\"url\":\"https:\/\/newsestlyonnais.fr\/site\/\",\"name\":\"News Est Lyonnais\",\"description\":\"L&#039;actualit\u00e9 au plus pr\u00e8s\",\"publisher\":{\"@id\":\"https:\/\/newsestlyonnais.fr\/site\/#organization\"},\"potentialAction\":[{\"@type\":\"SearchAction\",\"target\":{\"@type\":\"EntryPoint\",\"urlTemplate\":\"https:\/\/newsestlyonnais.fr\/site\/?s={search_term_string}\"},\"query-input\":{\"@type\":\"PropertyValueSpecification\",\"valueRequired\":true,\"valueName\":\"search_term_string\"}}],\"inLanguage\":\"fr-FR\"},{\"@type\":\"Organization\",\"@id\":\"https:\/\/newsestlyonnais.fr\/site\/#organization\",\"name\":\"News EST LYONNAIS\",\"url\":\"https:\/\/newsestlyonnais.fr\/site\/\",\"logo\":{\"@type\":\"ImageObject\",\"inLanguage\":\"fr-FR\",\"@id\":\"https:\/\/newsestlyonnais.fr\/site\/#\/schema\/logo\/image\/\",\"url\":\"\",\"contentUrl\":\"\",\"caption\":\"News EST LYONNAIS\"},\"image\":{\"@id\":\"https:\/\/newsestlyonnais.fr\/site\/#\/schema\/logo\/image\/\"}},{\"@type\":\"Person\",\"@id\":\"https:\/\/newsestlyonnais.fr\/site\/#\/schema\/person\/3230d5615f390bb808365d673001e887\",\"name\":\"R\u00e9dac. NEWS\",\"sameAs\":[\"http:\/\/www.newsestlyonnais.fr\",\"https:\/\/www.facebook.com\/pascal.oberson.1?fref=ts\",\"https:\/\/fr.linkedin.com\/in\/pascal-oberson-b17045113\"],\"url\":\"https:\/\/newsestlyonnais.fr\/site\/author\/nel\/\"}]}<\/script>\n<!-- \/ Yoast SEO plugin. -->","yoast_head_json":{"title":"SAINTELYON | Moins de 10 heures en relais \u00e0 4 pour les \"Cyclos du dimanche ASVEL\" - News Est Lyonnais","description":"SAINTELYON | Moins de 10 heures en relais \u00e0 4 pour les \"Cyclos du dimanche ASVEL\"","robots":{"index":"index","follow":"follow","max-snippet":"max-snippet:-1","max-image-preview":"max-image-preview:large","max-video-preview":"max-video-preview:-1"},"canonical":"https:\/\/newsestlyonnais.fr\/site\/2023\/12\/08\/saintelyon-moins-de-10-heures-en-relais-a-4-pour-les-cyclos-du-dimanche-asvel\/","og_locale":"fr_FR","og_type":"article","og_title":"SAINTELYON | Moins de 10 heures en relais \u00e0 4 pour les \"Cyclos du dimanche ASVEL\" - News Est Lyonnais","og_description":"SAINTELYON | Moins de 10 heures en relais \u00e0 4 pour les \"Cyclos du dimanche ASVEL\"","og_url":"https:\/\/newsestlyonnais.fr\/site\/2023\/12\/08\/saintelyon-moins-de-10-heures-en-relais-a-4-pour-les-cyclos-du-dimanche-asvel\/","og_site_name":"News Est Lyonnais","article_author":"https:\/\/www.facebook.com\/pascal.oberson.1?fref=ts","article_published_time":"2023-12-08T10:51:53+00:00","og_image":[{"width":1200,"height":800,"url":"https:\/\/newsestlyonnais.fr\/site\/wp-content\/uploads\/2023\/12\/IMG-20231203-WA0026.jpg","type":"image\/jpeg"}],"author":"R\u00e9dac. NEWS","twitter_card":"summary_large_image","twitter_misc":{"\u00c9crit par":"R\u00e9dac. NEWS","Dur\u00e9e de lecture estim\u00e9e":"3 minutes"},"schema":{"@context":"https:\/\/schema.org","@graph":[{"@type":"Article","@id":"https:\/\/newsestlyonnais.fr\/site\/2023\/12\/08\/saintelyon-moins-de-10-heures-en-relais-a-4-pour-les-cyclos-du-dimanche-asvel\/#article","isPartOf":{"@id":"https:\/\/newsestlyonnais.fr\/site\/2023\/12\/08\/saintelyon-moins-de-10-heures-en-relais-a-4-pour-les-cyclos-du-dimanche-asvel\/"},"author":{"name":"R\u00e9dac. NEWS","@id":"https:\/\/newsestlyonnais.fr\/site\/#\/schema\/person\/3230d5615f390bb808365d673001e887"},"headline":"SAINTELYON | Moins de 10 heures en relais \u00e0 4 pour les \u00ab\u00a0Cyclos du dimanche ASVEL\u00a0\u00bb","datePublished":"2023-12-08T10:51:53+00:00","mainEntityOfPage":{"@id":"https:\/\/newsestlyonnais.fr\/site\/2023\/12\/08\/saintelyon-moins-de-10-heures-en-relais-a-4-pour-les-cyclos-du-dimanche-asvel\/"},"wordCount":474,"commentCount":0,"publisher":{"@id":"https:\/\/newsestlyonnais.fr\/site\/#organization"},"image":{"@id":"https:\/\/newsestlyonnais.fr\/site\/2023\/12\/08\/saintelyon-moins-de-10-heures-en-relais-a-4-pour-les-cyclos-du-dimanche-asvel\/#primaryimage"},"thumbnailUrl":"https:\/\/newsestlyonnais.fr\/site\/wp-content\/uploads\/2023\/12\/IMG-20231203-WA0026.jpg","keywords":["ASVEL TRIATHLON","RELAIS","SAINTELYON"],"articleSection":["Athl\u00e9 | Course pied | Marche","Natation | Triathlon","R\u00e9cits de course \/ Portraits \/ Interviews","SAINTELYON 2023","Triathlon","Villeurbanne"],"inLanguage":"fr-FR","potentialAction":[{"@type":"CommentAction","name":"Comment","target":["https:\/\/newsestlyonnais.fr\/site\/2023\/12\/08\/saintelyon-moins-de-10-heures-en-relais-a-4-pour-les-cyclos-du-dimanche-asvel\/#respond"]}]},{"@type":"WebPage","@id":"https:\/\/newsestlyonnais.fr\/site\/2023\/12\/08\/saintelyon-moins-de-10-heures-en-relais-a-4-pour-les-cyclos-du-dimanche-asvel\/","url":"https:\/\/newsestlyonnais.fr\/site\/2023\/12\/08\/saintelyon-moins-de-10-heures-en-relais-a-4-pour-les-cyclos-du-dimanche-asvel\/","name":"SAINTELYON | Moins de 10 heures en relais \u00e0 4 pour les \"Cyclos du dimanche ASVEL\" - News Est Lyonnais","isPartOf":{"@id":"https:\/\/newsestlyonnais.fr\/site\/#website"},"primaryImageOfPage":{"@id":"https:\/\/newsestlyonnais.fr\/site\/2023\/12\/08\/saintelyon-moins-de-10-heures-en-relais-a-4-pour-les-cyclos-du-dimanche-asvel\/#primaryimage"},"image":{"@id":"https:\/\/newsestlyonnais.fr\/site\/2023\/12\/08\/saintelyon-moins-de-10-heures-en-relais-a-4-pour-les-cyclos-du-dimanche-asvel\/#primaryimage"},"thumbnailUrl":"https:\/\/newsestlyonnais.fr\/site\/wp-content\/uploads\/2023\/12\/IMG-20231203-WA0026.jpg","datePublished":"2023-12-08T10:51:53+00:00","description":"SAINTELYON | Moins de 10 heures en relais \u00e0 4 pour les \"Cyclos du dimanche ASVEL\"","breadcrumb":{"@id":"https:\/\/newsestlyonnais.fr\/site\/2023\/12\/08\/saintelyon-moins-de-10-heures-en-relais-a-4-pour-les-cyclos-du-dimanche-asvel\/#breadcrumb"},"inLanguage":"fr-FR","potentialAction":[{"@type":"ReadAction","target":["https:\/\/newsestlyonnais.fr\/site\/2023\/12\/08\/saintelyon-moins-de-10-heures-en-relais-a-4-pour-les-cyclos-du-dimanche-asvel\/"]}]},{"@type":"ImageObject","inLanguage":"fr-FR","@id":"https:\/\/newsestlyonnais.fr\/site\/2023\/12\/08\/saintelyon-moins-de-10-heures-en-relais-a-4-pour-les-cyclos-du-dimanche-asvel\/#primaryimage","url":"https:\/\/newsestlyonnais.fr\/site\/wp-content\/uploads\/2023\/12\/IMG-20231203-WA0026.jpg","contentUrl":"https:\/\/newsestlyonnais.fr\/site\/wp-content\/uploads\/2023\/12\/IMG-20231203-WA0026.jpg","width":1200,"height":800},{"@type":"BreadcrumbList","@id":"https:\/\/newsestlyonnais.fr\/site\/2023\/12\/08\/saintelyon-moins-de-10-heures-en-relais-a-4-pour-les-cyclos-du-dimanche-asvel\/#breadcrumb","itemListElement":[{"@type":"ListItem","position":1,"name":"Accueil","item":"https:\/\/newsestlyonnais.fr\/site\/"},{"@type":"ListItem","position":2,"name":"SAINTELYON | Moins de 10 heures en relais \u00e0 4 pour les \u00ab\u00a0Cyclos du dimanche ASVEL\u00a0\u00bb"}]},{"@type":"WebSite","@id":"https:\/\/newsestlyonnais.fr\/site\/#website","url":"https:\/\/newsestlyonnais.fr\/site\/","name":"News Est Lyonnais","description":"L&#039;actualit\u00e9 au plus pr\u00e8s","publisher":{"@id":"https:\/\/newsestlyonnais.fr\/site\/#organization"},"potentialAction":[{"@type":"SearchAction","target":{"@type":"EntryPoint","urlTemplate":"https:\/\/newsestlyonnais.fr\/site\/?s={search_term_string}"},"query-input":{"@type":"PropertyValueSpecification","valueRequired":true,"valueName":"search_term_string"}}],"inLanguage":"fr-FR"},{"@type":"Organization","@id":"https:\/\/newsestlyonnais.fr\/site\/#organization","name":"News EST LYONNAIS","url":"https:\/\/newsestlyonnais.fr\/site\/","logo":{"@type":"ImageObject","inLanguage":"fr-FR","@id":"https:\/\/newsestlyonnais.fr\/site\/#\/schema\/logo\/image\/","url":"","contentUrl":"","caption":"News EST LYONNAIS"},"image":{"@id":"https:\/\/newsestlyonnais.fr\/site\/#\/schema\/logo\/image\/"}},{"@type":"Person","@id":"https:\/\/newsestlyonnais.fr\/site\/#\/schema\/person\/3230d5615f390bb808365d673001e887","name":"R\u00e9dac. NEWS","sameAs":["http:\/\/www.newsestlyonnais.fr","https:\/\/www.facebook.com\/pascal.oberson.1?fref=ts","https:\/\/fr.linkedin.com\/in\/pascal-oberson-b17045113"],"url":"https:\/\/newsestlyonnais.fr\/site\/author\/nel\/"}]}},"_links":{"self":[{"href":"https:\/\/newsestlyonnais.fr\/site\/wp-json\/wp\/v2\/posts\/196232","targetHints":{"allow":["GET"]}}],"collection":[{"href":"https:\/\/newsestlyonnais.fr\/site\/wp-json\/wp\/v2\/posts"}],"about":[{"href":"https:\/\/newsestlyonnais.fr\/site\/wp-json\/wp\/v2\/types\/post"}],"author":[{"embeddable":true,"href":"https:\/\/newsestlyonnais.fr\/site\/wp-json\/wp\/v2\/users\/4"}],"replies":[{"embeddable":true,"href":"https:\/\/newsestlyonnais.fr\/site\/wp-json\/wp\/v2\/comments?post=196232"}],"version-history":[{"count":0,"href":"https:\/\/newsestlyonnais.fr\/site\/wp-json\/wp\/v2\/posts\/196232\/revisions"}],"wp:featuredmedia":[{"embeddable":true,"href":"https:\/\/newsestlyonnais.fr\/site\/wp-json\/wp\/v2\/media\/196234"}],"wp:attachment":[{"href":"https:\/\/newsestlyonnais.fr\/site\/wp-json\/wp\/v2\/media?parent=196232"}],"wp:term":[{"taxonomy":"category","embeddable":true,"href":"https:\/\/newsestlyonnais.fr\/site\/wp-json\/wp\/v2\/categories?post=196232"},{"taxonomy":"post_tag","embeddable":true,"href":"https:\/\/newsestlyonnais.fr\/site\/wp-json\/wp\/v2\/tags?post=196232"}],"curies":[{"name":"wp","href":"https:\/\/api.w.org\/{rel}","templated":true}]}}