{"id":196299,"date":"2023-12-08T14:07:46","date_gmt":"2023-12-08T13:07:46","guid":{"rendered":"https:\/\/newsestlyonnais.fr\/site\/?p=196299"},"modified":"2023-12-16T19:42:20","modified_gmt":"2023-12-16T18:42:20","slug":"julien-picard-un-marathon-que-javais-dans-un-coin-de-la-tete-et-revais-de-faire-depuis-plusieurs-annees","status":"publish","type":"post","link":"https:\/\/newsestlyonnais.fr\/site\/2023\/12\/08\/julien-picard-un-marathon-que-javais-dans-un-coin-de-la-tete-et-revais-de-faire-depuis-plusieurs-annees\/","title":{"rendered":"Julien Picard \u00ab Un marathon que j\u2019avais dans un coin de la t\u00eate et r\u00eavais de faire depuis plusieurs ann\u00e9es \u00bb"},"content":{"rendered":"<p><span style=\"background-color: #000000; color: #ffffff;\"><strong>Apr\u00e8s semi-marathon de Cannes et marathon de Paris courus au premier semestre, comment s\u2019est pass\u00e9 la seconde partie de 2023 ?<\/strong><\/span><\/p>\n<p>\u00bb Suite \u00e0 <strong>ma d\u00e9chirure au mollet sur le marathon de Paris qui m\u2019a emp\u00each\u00e9 de r\u00e9ussir mon objectif<\/strong> de descendre sous les 3 h, j\u2019ai d\u00fb faire des soins et du kin\u00e9.<\/p>\n<p><strong>Cette blessure a compl\u00e8tement chamboul\u00e9 la suite de mon programme<\/strong>. Bruno, mon bin\u00f4me d&rsquo;entra\u00eenement, et un autre ami, David, m\u2019ont convaincu de m\u2019inscrire sur le marathon de Valencia le 3 d\u00e9cembre pour retenter ma chance afin d\u2019oublier mon \u00e9norme frustration de Paris. C\u2019est ce que j\u2019ai fait. Du coup, <strong>j\u2019ai zapp\u00e9 toute ma saison de trail<\/strong> m\u00eame si j\u2019ai fait quelques tops sorties pour le plaisir comme le GR20 avec des potes des BRONZAMIS. C\u2019\u00e9tait grandiose ! <strong>\u00ab <\/strong><\/p>\n<hr \/>\n<p><strong><span style=\"background-color: #000000; color: #ffffff;\">Tu as programm\u00e9 le marathon de Valence, pourquoi cette course, ses particularit\u00e9s ?<\/span><\/strong><\/p>\n<p>\u00bb Comme \u00e9voqu\u00e9 dans le point pr\u00e9c\u00e9dent, <strong>c\u2019est mon \u00ab \u00e9chec \u00bb sur Paris et l\u2019\u00ab insistance \u00bb de 2 potes qui m\u2019ont fait aller \u00e0 Valencia.<\/strong><\/p>\n<p>Apr\u00e8s c\u2019est <strong>un marathon que j\u2019avais dans un coin de la t\u00eate<\/strong> et que je r\u00eavais de faire depuis plusieurs ann\u00e9es. Notamment pour fouler le fameux tapis bleu au milieu des piscines de la Cit\u00e9 des arts et des sciences. C\u2019\u00e9tait donc l\u2019occasion. <strong>Apr\u00e8s je sais que c\u2019est un marathon taill\u00e9 pour la performance<\/strong>. Il est plat, la m\u00e9t\u00e9o est normalement tr\u00e8s favorable, il y a une \u00e9norme densit\u00e9 de tr\u00e8s tr\u00e8s bons coureurs (le meilleur du Monde) et il est surtout tr\u00e8s bien plac\u00e9 dans le calendrier.<\/p>\n<p>Se situant premier dimanche de d\u00e9cembre (comme la Saint\u00e9Lyon), \u00e7a laisse 3 mois de pr\u00e9paration (septembre\/octobre\/novembre) sans grandes vacances scolaires au milieu et sans temp\u00e9ratures estivales d\u2019entra\u00eenements comme pour pr\u00e9parer Berlin par exemple <strong>\u00ab <\/strong>.<\/p>\n<p><span style=\"background-color: #000000; color: #ffffff;\"><strong>Comment l\u2019as-tu pr\u00e9par\u00e9 et quel \u00e9tait ton \u00e9tat de forme sur la ligne de d\u00e9part ?<\/strong><\/span><\/p>\n<p><strong>\u00bb Ma pr\u00e9pa n\u2019a pas \u00e9t\u00e9 top<\/strong>. Je l\u2019ai <strong>commenc\u00e9 un peu tard, mi-septembre<\/strong>, apr\u00e8s avoir pass\u00e9 5 jours pour faire le tour du Queyras avec mon meilleur ami. C\u2019\u00e9tait initialement pr\u00e9vu fin ao\u00fbt mais le mauvais temps nous avait oblig\u00e9 de d\u00e9caler. Du coup, entre le retard pour attaquer la pr\u00e9pa et le manque d\u2019entrainement continu depuis ma blessure, j\u2019ai attaqu\u00e9 presque de z\u00e9ro et plein pot pour me mettre imm\u00e9diatement dedans.<\/p>\n<p><strong>Et ce qui devait arriver arriva. J\u2019ai tr\u00e8s vite explos\u00e9.<\/strong> Je me suis quand m\u00eame accroch\u00e9 et n\u2019ai jamais l\u00e2ch\u00e9 mais j\u2019ai SUBI sur toutes les s\u00e9ances. C\u2019\u00e9tait tr\u00e8s dur physiquement et par ricochet moralement. Mais je ne pouvais pas abandonner mon Bruno et mon <strong>objectif initial de 2023, faire -3 h au marathon.<\/strong><\/p>\n<p>Il y a eu une nette am\u00e9lioration un mois avant la course qui m\u2019a permis de profiter des 15 derniers jours d\u2019entra\u00eenements o\u00f9 je me sentais \u00e0 nouveau bien et en maitrise. Ce qui m\u2019a redonn\u00e9 un peu de confiance et me laisser penser que mon objectif \u00e9tait toujours r\u00e9alisable sur la ligne de d\u00e9part <strong>\u00ab <\/strong>.<\/p>\n<p><span style=\"background-color: #000000; color: #ffffff;\"><strong>Quelles sont tes r\u00e9f\u00e9rences sur un marathon ? et tes ambitions pour celui de Valence ?<\/strong><\/span><\/p>\n<p>\u00bb <strong>Mon meilleur temps \u00e9tait 3 h 34 sur Annecy, il y a plus de 10 ans. Puis 3 h 10 \u00e0 Paris en avril<\/strong> avec aucun marathon entre.<\/p>\n<p><strong> Je ne suis pas un sp\u00e9cialiste de cette course qui est pour moi la plus difficile<\/strong>. \u00c0 titre personnel bien plus qu\u2019un ultra trail. Mes ambitions \u00e9taient de me faire plaisir, de profiter du moment, de respecter les allures et de <strong>tout donner pour faire le SUB3 tant esp\u00e9r\u00e9 \u00ab .<\/strong><\/p>\n<hr \/>\n<p><span style=\"background-color: #000000; color: #ffffff;\"><strong>Comment s\u2019est pass\u00e9 la course ? et la m\u00e9t\u00e9o ?<\/strong><\/span><\/p>\n<p>\u00bb <strong>La m\u00e9t\u00e9o \u00e9tait parfaite<\/strong>. Vu la densit\u00e9, je suis parti dans la 2\u00b0 vague, 10 minutes apr\u00e8s le d\u00e9part officiel. J\u2019\u00e9tais dans le SAS rose 2 h 49 \u2013 2 h 59 (sur justificatif de performance). Je suis parti prudemment. Il y avait \u00e9norm\u00e9ment de monde et les 6 premiers kilom\u00e8tres n\u2019\u00e9taient pas \u00ab confortables \u00bb pour moi. On faisait beaucoup le yoyo avec beaucoup de changements d\u2019allures. Ce que je n\u2019aime pas. En fait, il y avait les ballons (meneurs d\u2019allure) 3 h qui bloquait un peu le passage. J\u2019ai fait un effort pour les d\u00e9passer au 7\u00b0 kilom\u00e8tre sur une zone plus large. J\u2019ai bien fait car m\u00eame s\u2019il y avait encore beaucoup de coureurs devant, je pouvais enfin avoir une allure r\u00e9guli\u00e8re. De toute fa\u00e7on sur cette course vous n\u2019\u00eates jamais seul. M\u00eame pour ceux qui font des temps canons\u00a0! <strong>J\u2019\u00e9tais dans ma zone, concentr\u00e9 \u00e0 bien me rel\u00e2cher et bien me ravitailler<\/strong>. Tout \u00e9tait parfait. J\u2019\u00e9tais dans la fourchette basse de mes allures (4\u201910 au kil).<\/p>\n<p>Le 30\u00b0 kilom\u00e8tre pass\u00e9, tout allait bien. Je me sentais m\u00eame costaud. Je me suis dit qu\u2019il restait un peu plus de 10 bornes et que je pouvais en remettre un peu. <strong>J\u2019ai fait un 31<sup>\u00e8me<\/sup> kilo un peu plus rapide que les pr\u00e9c\u00e9dents<\/strong> et est verrouill\u00e9 juste apr\u00e8s entre le 32 et 33\u00b0. <strong>Erreur de d\u00e9butant sur ce format\u00a0!<\/strong> <strong>Du coup, je me suis pris le fameux MUR en pleine t\u00eate<\/strong>. Mes quadris \u00e9taient en feux.<\/p>\n<p>J\u2019ai r\u00e9ussi \u00e0 maintenir le rythme jusqu\u2019au 35\u00b0 et ai d\u00fb serrer les dents sur les 7 derniers o\u00f9 je me suis effrit\u00e9 tout en restant dans des allures correctes (4\u201920\/4\u201930). Je me r\u00e9p\u00e9tais sans cesse de me rel\u00e2cher au maximum pour ne pas cramper et \u00eatre ainsi sur le carreau, et surtout que l\u2019objectif de &#8211; 3 h, c\u2019\u00e9tait aujourd\u2019hui et pas \u00e0 la prochaine course. J\u2019ai tenu malgr\u00e9 la douleur et quand j\u2019ai vu le panneau 900m, j\u2019ai compris que c\u2019\u00e9tait gagn\u00e9 et que plus rien ne pouvait m\u2019arriver.<\/p>\n<p><strong><span style=\"color: #ffcc00;\"><span style=\"background-color: #000000;\"> J\u2019ai fini fort \u2026 en maintenant l\u2019allure, suis arriv\u00e9 sur le tapis bleu et ai pass\u00e9 l\u2019arche d\u2019arriv\u00e9e en 2 h 57\u201929\u2019\u2019 avant de <\/span><span style=\"background-color: #000000;\">retrouver mon Bruno qui m\u2019attendait et qui \u00e9tait parti dans le 1\u00b0 SAS et qui a termin\u00e9 en 2 h 45 ! \u00ab<\/span> <\/span><\/strong><\/p>\n<p><span style=\"background-color: #000000; color: #ffffff;\"><strong>Au final, satisfaction ou d\u00e9ception ?<\/strong><\/span><\/p>\n<p>\u00bb Au final, c\u2019est <strong>une \u00e9norme satisfaction pour moi<\/strong>. <strong>Mon 1\u00b0 marathon en-dessous de 3 h<\/strong>. Ce n\u2019est pas un aboutissement mais j\u2019esp\u00e8re un d\u00e9clic ou un tremplin pour aller chercher encore plus loin. <strong>J\u2019ai toujours l\u2019envie de progresser \u00ab .<\/strong><\/p>\n<hr \/>\n<p><strong><span style=\"background-color: #000000; color: #ffffff;\"><img loading=\"lazy\" decoding=\"async\" class=\"alignleft size-medium wp-image-196318\" src=\"https:\/\/newsestlyonnais.fr\/site\/wp-content\/uploads\/2023\/12\/45856c46-8616-4f94-9101-9517f698cb1a-400x533.jpg\" alt=\"\" width=\"225\" height=\"300\" srcset=\"https:\/\/newsestlyonnais.fr\/site\/wp-content\/uploads\/2023\/12\/45856c46-8616-4f94-9101-9517f698cb1a-400x533.jpg 400w, https:\/\/newsestlyonnais.fr\/site\/wp-content\/uploads\/2023\/12\/45856c46-8616-4f94-9101-9517f698cb1a-650x867.jpg 650w, https:\/\/newsestlyonnais.fr\/site\/wp-content\/uploads\/2023\/12\/45856c46-8616-4f94-9101-9517f698cb1a-250x333.jpg 250w, https:\/\/newsestlyonnais.fr\/site\/wp-content\/uploads\/2023\/12\/45856c46-8616-4f94-9101-9517f698cb1a-150x200.jpg 150w, https:\/\/newsestlyonnais.fr\/site\/wp-content\/uploads\/2023\/12\/45856c46-8616-4f94-9101-9517f698cb1a-50x67.jpg 50w, https:\/\/newsestlyonnais.fr\/site\/wp-content\/uploads\/2023\/12\/45856c46-8616-4f94-9101-9517f698cb1a-100x133.jpg 100w, https:\/\/newsestlyonnais.fr\/site\/wp-content\/uploads\/2023\/12\/45856c46-8616-4f94-9101-9517f698cb1a-200x267.jpg 200w, https:\/\/newsestlyonnais.fr\/site\/wp-content\/uploads\/2023\/12\/45856c46-8616-4f94-9101-9517f698cb1a-300x400.jpg 300w, https:\/\/newsestlyonnais.fr\/site\/wp-content\/uploads\/2023\/12\/45856c46-8616-4f94-9101-9517f698cb1a-350x467.jpg 350w, https:\/\/newsestlyonnais.fr\/site\/wp-content\/uploads\/2023\/12\/45856c46-8616-4f94-9101-9517f698cb1a-450x600.jpg 450w, https:\/\/newsestlyonnais.fr\/site\/wp-content\/uploads\/2023\/12\/45856c46-8616-4f94-9101-9517f698cb1a-500x667.jpg 500w, https:\/\/newsestlyonnais.fr\/site\/wp-content\/uploads\/2023\/12\/45856c46-8616-4f94-9101-9517f698cb1a-550x733.jpg 550w, https:\/\/newsestlyonnais.fr\/site\/wp-content\/uploads\/2023\/12\/45856c46-8616-4f94-9101-9517f698cb1a.jpg 768w\" sizes=\"auto, (max-width: 225px) 100vw, 225px\" \/>Des anecdotes sur la course ?<\/span><\/strong><\/p>\n<p><strong>\u00bb Ce week-end \u00e9tait grandiose \u00e0 tous les niveaux.<\/strong> La ville, l\u2019ambiance, la m\u00e9t\u00e9o, la course, les potes, mon Bruno et un SUB3. Il l\u2019a \u00e9t\u00e9 encore plus lors de notre footing de d\u00e9blocage avec Bruno la veille de course lorsqu\u2019une de mes idoles <strong>Kenenisa Bekele<\/strong> nous a doubl\u00e9. C\u2019\u00e9tait incroyable ! Juste le temps de piquer le portable de Bruno pour filmer LA L\u00c9GENDE de la course \u00e0 pied.<\/p>\n<p><strong> J\u2019ai m\u00eame eu la chance et le privil\u00e8ge de pouvoir le serrer dans mes bras, d\u2019avoir une photo \u00e0 ses c\u00f4t\u00e9s. INOUBLIABLE \u00ab<\/strong><\/p>\n<hr \/>\n<p><span style=\"background-color: #000000; color: #ffffff;\"><strong>Et maintenant repos, avant de pr\u00e9parer une ann\u00e9e 2024 encore bien charg\u00e9e sportivement ?<\/strong><\/span><\/p>\n<p><strong>\u00bb L\u00e0, c\u2019est OFF durant 15 jours<\/strong>. Pas de course \u00e0 pied. Uniquement des soins et un peu de v\u00e9lo ou piscine pour r\u00e9cup\u00e9rer.<\/p>\n<p>Mes objectifs 2024 ? Faire une saison compl\u00e8te sur la route pour tenter de battre mes records du 10 km et du semi-marathon afin de <strong>pouvoir \u00eatre dans la 1\u00b0 vague (SAS bleu) du prochain marathon de Valencia<\/strong> qui aura lieu le 1<sup>er<\/sup> d\u00e9cembre 2024 et sur lequel je suis d\u00e9j\u00e0 engag\u00e9 ! <strong>1 an pour pr\u00e9parer un braquage \u00ab .<\/strong><\/p>\n<p><strong><span style=\"background-color: #000000; color: #ffffff;\">Et pour conclure ?<\/span><\/strong><\/p>\n<p><span class=\"x4k7w5x x1h91t0o x1h9r5lt x1jfb8zj xv2umb2 x1beo9mf xaigb6o x12ejxvf x3igimt xarpa2k xedcshv x1lytzrv x1t2pt76 x7ja8zs x1qrby5j\"><span class=\"x193iq5w xeuugli x13faqbe x1vvkbs x1xmvt09 x1lliihq x1s928wv xhkezso x1gmr53x x1cpjm7i x1fgarty x1943h6x xudqn12 x3x7a5m x6prxxf xvq8zen xo1l8bm xzsf02u\" dir=\"auto\"><strong>\u00bb<\/strong> Pour terminer, je vais <strong>remercier une nouvelle fois chaleureusement mon groupe d\u2019entra\u00eenement et plus particuli\u00e8rement mon coach Pascal Palluy<\/strong> qui me supporte au quotidien et sans qui tout \u00e7a ne serait pas possible <strong>\u00ab .<\/strong><\/span><\/span><\/p>\n<hr \/>\n<div id='gallery-1' class='gallery galleryid-196299 gallery-columns-3 gallery-size-large'><figure class='gallery-item'>\n\t\t\t<div class='gallery-icon portrait'>\n\t\t\t\t<a href='https:\/\/newsestlyonnais.fr\/site\/2023\/12\/08\/julien-picard-un-marathon-que-javais-dans-un-coin-de-la-tete-et-revais-de-faire-depuis-plusieurs-annees\/afficher-les-photos-re_centes\/'><img loading=\"lazy\" decoding=\"async\" width=\"347\" height=\"750\" src=\"https:\/\/newsestlyonnais.fr\/site\/wp-content\/uploads\/2023\/12\/Afficher-les-photos-re_centes.jpg\" class=\"attachment-large size-large\" alt=\"\" srcset=\"https:\/\/newsestlyonnais.fr\/site\/wp-content\/uploads\/2023\/12\/Afficher-les-photos-re_centes.jpg 555w, https:\/\/newsestlyonnais.fr\/site\/wp-content\/uploads\/2023\/12\/Afficher-les-photos-re_centes-400x865.jpg 400w, https:\/\/newsestlyonnais.fr\/site\/wp-content\/uploads\/2023\/12\/Afficher-les-photos-re_centes-250x541.jpg 250w, https:\/\/newsestlyonnais.fr\/site\/wp-content\/uploads\/2023\/12\/Afficher-les-photos-re_centes-150x324.jpg 150w, https:\/\/newsestlyonnais.fr\/site\/wp-content\/uploads\/2023\/12\/Afficher-les-photos-re_centes-50x108.jpg 50w, https:\/\/newsestlyonnais.fr\/site\/wp-content\/uploads\/2023\/12\/Afficher-les-photos-re_centes-100x216.jpg 100w, https:\/\/newsestlyonnais.fr\/site\/wp-content\/uploads\/2023\/12\/Afficher-les-photos-re_centes-200x432.jpg 200w, https:\/\/newsestlyonnais.fr\/site\/wp-content\/uploads\/2023\/12\/Afficher-les-photos-re_centes-300x649.jpg 300w, https:\/\/newsestlyonnais.fr\/site\/wp-content\/uploads\/2023\/12\/Afficher-les-photos-re_centes-350x757.jpg 350w, https:\/\/newsestlyonnais.fr\/site\/wp-content\/uploads\/2023\/12\/Afficher-les-photos-re_centes-450x973.jpg 450w, https:\/\/newsestlyonnais.fr\/site\/wp-content\/uploads\/2023\/12\/Afficher-les-photos-re_centes-500x1081.jpg 500w, https:\/\/newsestlyonnais.fr\/site\/wp-content\/uploads\/2023\/12\/Afficher-les-photos-re_centes-550x1189.jpg 550w\" sizes=\"auto, (max-width: 347px) 100vw, 347px\" \/><\/a>\n\t\t\t<\/div><\/figure><figure class='gallery-item'>\n\t\t\t<div class='gallery-icon portrait'>\n\t\t\t\t<a href='https:\/\/newsestlyonnais.fr\/site\/2023\/12\/08\/julien-picard-un-marathon-que-javais-dans-un-coin-de-la-tete-et-revais-de-faire-depuis-plusieurs-annees\/edac2a69-2f46-4c86-b9d0-d97ad7ee3244\/'><img loading=\"lazy\" decoding=\"async\" width=\"562\" height=\"750\" src=\"https:\/\/newsestlyonnais.fr\/site\/wp-content\/uploads\/2023\/12\/edac2a69-2f46-4c86-b9d0-d97ad7ee3244-650x867.jpg\" class=\"attachment-large size-large\" alt=\"\" srcset=\"https:\/\/newsestlyonnais.fr\/site\/wp-content\/uploads\/2023\/12\/edac2a69-2f46-4c86-b9d0-d97ad7ee3244-650x867.jpg 650w, https:\/\/newsestlyonnais.fr\/site\/wp-content\/uploads\/2023\/12\/edac2a69-2f46-4c86-b9d0-d97ad7ee3244-400x533.jpg 400w, https:\/\/newsestlyonnais.fr\/site\/wp-content\/uploads\/2023\/12\/edac2a69-2f46-4c86-b9d0-d97ad7ee3244-250x333.jpg 250w, https:\/\/newsestlyonnais.fr\/site\/wp-content\/uploads\/2023\/12\/edac2a69-2f46-4c86-b9d0-d97ad7ee3244-768x1024.jpg 768w, https:\/\/newsestlyonnais.fr\/site\/wp-content\/uploads\/2023\/12\/edac2a69-2f46-4c86-b9d0-d97ad7ee3244-150x200.jpg 150w, https:\/\/newsestlyonnais.fr\/site\/wp-content\/uploads\/2023\/12\/edac2a69-2f46-4c86-b9d0-d97ad7ee3244-50x67.jpg 50w, https:\/\/newsestlyonnais.fr\/site\/wp-content\/uploads\/2023\/12\/edac2a69-2f46-4c86-b9d0-d97ad7ee3244-100x133.jpg 100w, https:\/\/newsestlyonnais.fr\/site\/wp-content\/uploads\/2023\/12\/edac2a69-2f46-4c86-b9d0-d97ad7ee3244-200x267.jpg 200w, https:\/\/newsestlyonnais.fr\/site\/wp-content\/uploads\/2023\/12\/edac2a69-2f46-4c86-b9d0-d97ad7ee3244-300x400.jpg 300w, https:\/\/newsestlyonnais.fr\/site\/wp-content\/uploads\/2023\/12\/edac2a69-2f46-4c86-b9d0-d97ad7ee3244-350x467.jpg 350w, https:\/\/newsestlyonnais.fr\/site\/wp-content\/uploads\/2023\/12\/edac2a69-2f46-4c86-b9d0-d97ad7ee3244-450x600.jpg 450w, https:\/\/newsestlyonnais.fr\/site\/wp-content\/uploads\/2023\/12\/edac2a69-2f46-4c86-b9d0-d97ad7ee3244-500x667.jpg 500w, https:\/\/newsestlyonnais.fr\/site\/wp-content\/uploads\/2023\/12\/edac2a69-2f46-4c86-b9d0-d97ad7ee3244-550x733.jpg 550w, https:\/\/newsestlyonnais.fr\/site\/wp-content\/uploads\/2023\/12\/edac2a69-2f46-4c86-b9d0-d97ad7ee3244-800x1067.jpg 800w, https:\/\/newsestlyonnais.fr\/site\/wp-content\/uploads\/2023\/12\/edac2a69-2f46-4c86-b9d0-d97ad7ee3244.jpg 900w\" sizes=\"auto, (max-width: 562px) 100vw, 562px\" \/><\/a>\n\t\t\t<\/div><\/figure><figure class='gallery-item'>\n\t\t\t<div class='gallery-icon portrait'>\n\t\t\t\t<a href='https:\/\/newsestlyonnais.fr\/site\/2023\/12\/08\/julien-picard-un-marathon-que-javais-dans-un-coin-de-la-tete-et-revais-de-faire-depuis-plusieurs-annees\/img_4106\/'><img loading=\"lazy\" decoding=\"async\" width=\"562\" height=\"750\" src=\"https:\/\/newsestlyonnais.fr\/site\/wp-content\/uploads\/2023\/12\/IMG_4106-650x867.jpg\" class=\"attachment-large size-large\" alt=\"\" aria-describedby=\"gallery-1-196327\" srcset=\"https:\/\/newsestlyonnais.fr\/site\/wp-content\/uploads\/2023\/12\/IMG_4106-650x867.jpg 650w, https:\/\/newsestlyonnais.fr\/site\/wp-content\/uploads\/2023\/12\/IMG_4106-400x533.jpg 400w, https:\/\/newsestlyonnais.fr\/site\/wp-content\/uploads\/2023\/12\/IMG_4106-250x333.jpg 250w, https:\/\/newsestlyonnais.fr\/site\/wp-content\/uploads\/2023\/12\/IMG_4106-768x1024.jpg 768w, https:\/\/newsestlyonnais.fr\/site\/wp-content\/uploads\/2023\/12\/IMG_4106-150x200.jpg 150w, https:\/\/newsestlyonnais.fr\/site\/wp-content\/uploads\/2023\/12\/IMG_4106-50x67.jpg 50w, https:\/\/newsestlyonnais.fr\/site\/wp-content\/uploads\/2023\/12\/IMG_4106-100x133.jpg 100w, https:\/\/newsestlyonnais.fr\/site\/wp-content\/uploads\/2023\/12\/IMG_4106-200x267.jpg 200w, https:\/\/newsestlyonnais.fr\/site\/wp-content\/uploads\/2023\/12\/IMG_4106-300x400.jpg 300w, https:\/\/newsestlyonnais.fr\/site\/wp-content\/uploads\/2023\/12\/IMG_4106-350x467.jpg 350w, https:\/\/newsestlyonnais.fr\/site\/wp-content\/uploads\/2023\/12\/IMG_4106-450x600.jpg 450w, https:\/\/newsestlyonnais.fr\/site\/wp-content\/uploads\/2023\/12\/IMG_4106-500x667.jpg 500w, https:\/\/newsestlyonnais.fr\/site\/wp-content\/uploads\/2023\/12\/IMG_4106-550x733.jpg 550w, https:\/\/newsestlyonnais.fr\/site\/wp-content\/uploads\/2023\/12\/IMG_4106-800x1067.jpg 800w, https:\/\/newsestlyonnais.fr\/site\/wp-content\/uploads\/2023\/12\/IMG_4106.jpg 900w\" sizes=\"auto, (max-width: 562px) 100vw, 562px\" \/><\/a>\n\t\t\t<\/div>\n\t\t\t\t<figcaption class='wp-caption-text gallery-caption' id='gallery-1-196327'>\n\t\t\t\tavec Bruno Rey qui a fini en 2 h 45\n\t\t\t\t<\/figcaption><\/figure>\n\t\t<\/div>\n\n","protected":false},"excerpt":{"rendered":"<p>Apr\u00e8s Paris en avril, le coureur minimaliste lyonnais disputait dimanche \u00e0 Valencia son second marathon de l&rsquo;ann\u00e9e avec l&rsquo;objectif de descendre enfin sous les 3 heures. <\/p>\n","protected":false},"author":4,"featured_media":196303,"comment_status":"open","ping_status":"open","sticky":false,"template":"","format":"standard","meta":{"footnotes":""},"categories":[2968,1625,3250,4961],"tags":[4755,2515,4956],"class_list":["post-196299","post","type-post","status-publish","format-standard","has-post-thumbnail","hentry","category-athle-course-pied-marche","category-lyon","category-recits-de-course-portraits-interviews","category-valencia-marathon-2023","tag-julien-picard","tag-marathon","tag-valence"],"yoast_head":"<!-- This site is optimized with the Yoast SEO plugin v27.2 - https:\/\/yoast.com\/product\/yoast-seo-wordpress\/ -->\n<title>Julien Picard \u00ab Un marathon que j\u2019avais dans un coin de la t\u00eate et r\u00eavais de faire depuis plusieurs ann\u00e9es \u00bb - News Est Lyonnais<\/title>\n<meta name=\"description\" content=\"Julien Picard \u00ab Un marathon que j\u2019avais dans un coin de la t\u00eate et r\u00eavais de faire depuis plusieurs ann\u00e9es \u00bb\" \/>\n<meta name=\"robots\" content=\"index, follow, max-snippet:-1, max-image-preview:large, max-video-preview:-1\" \/>\n<link rel=\"canonical\" href=\"https:\/\/newsestlyonnais.fr\/site\/2023\/12\/08\/julien-picard-un-marathon-que-javais-dans-un-coin-de-la-tete-et-revais-de-faire-depuis-plusieurs-annees\/\" \/>\n<meta property=\"og:locale\" content=\"fr_FR\" \/>\n<meta property=\"og:type\" content=\"article\" \/>\n<meta property=\"og:title\" content=\"Julien Picard \u00ab Un marathon que j\u2019avais dans un coin de la t\u00eate et r\u00eavais de faire depuis plusieurs ann\u00e9es \u00bb - News Est Lyonnais\" \/>\n<meta property=\"og:description\" content=\"Julien Picard \u00ab Un marathon que j\u2019avais dans un coin de la t\u00eate et r\u00eavais de faire depuis plusieurs ann\u00e9es \u00bb\" \/>\n<meta property=\"og:url\" content=\"https:\/\/newsestlyonnais.fr\/site\/2023\/12\/08\/julien-picard-un-marathon-que-javais-dans-un-coin-de-la-tete-et-revais-de-faire-depuis-plusieurs-annees\/\" \/>\n<meta property=\"og:site_name\" content=\"News Est Lyonnais\" \/>\n<meta property=\"article:author\" content=\"https:\/\/www.facebook.com\/pascal.oberson.1?fref=ts\" \/>\n<meta property=\"article:published_time\" content=\"2023-12-08T13:07:46+00:00\" \/>\n<meta property=\"article:modified_time\" content=\"2023-12-16T18:42:20+00:00\" \/>\n<meta property=\"og:image\" content=\"https:\/\/newsestlyonnais.fr\/site\/wp-content\/uploads\/2023\/12\/9a8dc997-266d-452d-b256-6f6458447282.jpg\" \/>\n\t<meta property=\"og:image:width\" content=\"1024\" \/>\n\t<meta property=\"og:image:height\" content=\"768\" \/>\n\t<meta property=\"og:image:type\" content=\"image\/jpeg\" \/>\n<meta name=\"author\" content=\"R\u00e9dac. NEWS\" \/>\n<meta name=\"twitter:card\" content=\"summary_large_image\" \/>\n<meta name=\"twitter:label1\" content=\"\u00c9crit par\" \/>\n\t<meta name=\"twitter:data1\" content=\"R\u00e9dac. NEWS\" \/>\n\t<meta name=\"twitter:label2\" content=\"Dur\u00e9e de lecture estim\u00e9e\" \/>\n\t<meta name=\"twitter:data2\" content=\"7 minutes\" \/>\n<script type=\"application\/ld+json\" class=\"yoast-schema-graph\">{\"@context\":\"https:\/\/schema.org\",\"@graph\":[{\"@type\":\"Article\",\"@id\":\"https:\/\/newsestlyonnais.fr\/site\/2023\/12\/08\/julien-picard-un-marathon-que-javais-dans-un-coin-de-la-tete-et-revais-de-faire-depuis-plusieurs-annees\/#article\",\"isPartOf\":{\"@id\":\"https:\/\/newsestlyonnais.fr\/site\/2023\/12\/08\/julien-picard-un-marathon-que-javais-dans-un-coin-de-la-tete-et-revais-de-faire-depuis-plusieurs-annees\/\"},\"author\":{\"name\":\"R\u00e9dac. NEWS\",\"@id\":\"https:\/\/newsestlyonnais.fr\/site\/#\/schema\/person\/3230d5615f390bb808365d673001e887\"},\"headline\":\"Julien Picard \u00ab Un marathon que j\u2019avais dans un coin de la t\u00eate et r\u00eavais de faire depuis plusieurs ann\u00e9es \u00bb\",\"datePublished\":\"2023-12-08T13:07:46+00:00\",\"dateModified\":\"2023-12-16T18:42:20+00:00\",\"mainEntityOfPage\":{\"@id\":\"https:\/\/newsestlyonnais.fr\/site\/2023\/12\/08\/julien-picard-un-marathon-que-javais-dans-un-coin-de-la-tete-et-revais-de-faire-depuis-plusieurs-annees\/\"},\"wordCount\":1378,\"commentCount\":0,\"publisher\":{\"@id\":\"https:\/\/newsestlyonnais.fr\/site\/#organization\"},\"image\":{\"@id\":\"https:\/\/newsestlyonnais.fr\/site\/2023\/12\/08\/julien-picard-un-marathon-que-javais-dans-un-coin-de-la-tete-et-revais-de-faire-depuis-plusieurs-annees\/#primaryimage\"},\"thumbnailUrl\":\"https:\/\/newsestlyonnais.fr\/site\/wp-content\/uploads\/2023\/12\/9a8dc997-266d-452d-b256-6f6458447282.jpg\",\"keywords\":[\"Julien Picard\",\"MARATHON\",\"Valence\"],\"articleSection\":[\"Athl\u00e9 | Course pied | Marche\",\"Lyon\",\"R\u00e9cits de course \/ Portraits \/ Interviews\",\"VALENCIA MARATHON 2023\"],\"inLanguage\":\"fr-FR\",\"potentialAction\":[{\"@type\":\"CommentAction\",\"name\":\"Comment\",\"target\":[\"https:\/\/newsestlyonnais.fr\/site\/2023\/12\/08\/julien-picard-un-marathon-que-javais-dans-un-coin-de-la-tete-et-revais-de-faire-depuis-plusieurs-annees\/#respond\"]}]},{\"@type\":\"WebPage\",\"@id\":\"https:\/\/newsestlyonnais.fr\/site\/2023\/12\/08\/julien-picard-un-marathon-que-javais-dans-un-coin-de-la-tete-et-revais-de-faire-depuis-plusieurs-annees\/\",\"url\":\"https:\/\/newsestlyonnais.fr\/site\/2023\/12\/08\/julien-picard-un-marathon-que-javais-dans-un-coin-de-la-tete-et-revais-de-faire-depuis-plusieurs-annees\/\",\"name\":\"Julien Picard \u00ab Un marathon que j\u2019avais dans un coin de la t\u00eate et r\u00eavais de faire depuis plusieurs ann\u00e9es \u00bb - News Est Lyonnais\",\"isPartOf\":{\"@id\":\"https:\/\/newsestlyonnais.fr\/site\/#website\"},\"primaryImageOfPage\":{\"@id\":\"https:\/\/newsestlyonnais.fr\/site\/2023\/12\/08\/julien-picard-un-marathon-que-javais-dans-un-coin-de-la-tete-et-revais-de-faire-depuis-plusieurs-annees\/#primaryimage\"},\"image\":{\"@id\":\"https:\/\/newsestlyonnais.fr\/site\/2023\/12\/08\/julien-picard-un-marathon-que-javais-dans-un-coin-de-la-tete-et-revais-de-faire-depuis-plusieurs-annees\/#primaryimage\"},\"thumbnailUrl\":\"https:\/\/newsestlyonnais.fr\/site\/wp-content\/uploads\/2023\/12\/9a8dc997-266d-452d-b256-6f6458447282.jpg\",\"datePublished\":\"2023-12-08T13:07:46+00:00\",\"dateModified\":\"2023-12-16T18:42:20+00:00\",\"description\":\"Julien Picard \u00ab Un marathon que j\u2019avais dans un coin de la t\u00eate et r\u00eavais de faire depuis plusieurs ann\u00e9es \u00bb\",\"breadcrumb\":{\"@id\":\"https:\/\/newsestlyonnais.fr\/site\/2023\/12\/08\/julien-picard-un-marathon-que-javais-dans-un-coin-de-la-tete-et-revais-de-faire-depuis-plusieurs-annees\/#breadcrumb\"},\"inLanguage\":\"fr-FR\",\"potentialAction\":[{\"@type\":\"ReadAction\",\"target\":[\"https:\/\/newsestlyonnais.fr\/site\/2023\/12\/08\/julien-picard-un-marathon-que-javais-dans-un-coin-de-la-tete-et-revais-de-faire-depuis-plusieurs-annees\/\"]}]},{\"@type\":\"ImageObject\",\"inLanguage\":\"fr-FR\",\"@id\":\"https:\/\/newsestlyonnais.fr\/site\/2023\/12\/08\/julien-picard-un-marathon-que-javais-dans-un-coin-de-la-tete-et-revais-de-faire-depuis-plusieurs-annees\/#primaryimage\",\"url\":\"https:\/\/newsestlyonnais.fr\/site\/wp-content\/uploads\/2023\/12\/9a8dc997-266d-452d-b256-6f6458447282.jpg\",\"contentUrl\":\"https:\/\/newsestlyonnais.fr\/site\/wp-content\/uploads\/2023\/12\/9a8dc997-266d-452d-b256-6f6458447282.jpg\",\"width\":1024,\"height\":768},{\"@type\":\"BreadcrumbList\",\"@id\":\"https:\/\/newsestlyonnais.fr\/site\/2023\/12\/08\/julien-picard-un-marathon-que-javais-dans-un-coin-de-la-tete-et-revais-de-faire-depuis-plusieurs-annees\/#breadcrumb\",\"itemListElement\":[{\"@type\":\"ListItem\",\"position\":1,\"name\":\"Accueil\",\"item\":\"https:\/\/newsestlyonnais.fr\/site\/\"},{\"@type\":\"ListItem\",\"position\":2,\"name\":\"Julien Picard \u00ab Un marathon que j\u2019avais dans un coin de la t\u00eate et r\u00eavais de faire depuis plusieurs ann\u00e9es \u00bb\"}]},{\"@type\":\"WebSite\",\"@id\":\"https:\/\/newsestlyonnais.fr\/site\/#website\",\"url\":\"https:\/\/newsestlyonnais.fr\/site\/\",\"name\":\"News Est Lyonnais\",\"description\":\"L&#039;actualit\u00e9 au plus pr\u00e8s\",\"publisher\":{\"@id\":\"https:\/\/newsestlyonnais.fr\/site\/#organization\"},\"potentialAction\":[{\"@type\":\"SearchAction\",\"target\":{\"@type\":\"EntryPoint\",\"urlTemplate\":\"https:\/\/newsestlyonnais.fr\/site\/?s={search_term_string}\"},\"query-input\":{\"@type\":\"PropertyValueSpecification\",\"valueRequired\":true,\"valueName\":\"search_term_string\"}}],\"inLanguage\":\"fr-FR\"},{\"@type\":\"Organization\",\"@id\":\"https:\/\/newsestlyonnais.fr\/site\/#organization\",\"name\":\"News EST LYONNAIS\",\"url\":\"https:\/\/newsestlyonnais.fr\/site\/\",\"logo\":{\"@type\":\"ImageObject\",\"inLanguage\":\"fr-FR\",\"@id\":\"https:\/\/newsestlyonnais.fr\/site\/#\/schema\/logo\/image\/\",\"url\":\"\",\"contentUrl\":\"\",\"caption\":\"News EST LYONNAIS\"},\"image\":{\"@id\":\"https:\/\/newsestlyonnais.fr\/site\/#\/schema\/logo\/image\/\"}},{\"@type\":\"Person\",\"@id\":\"https:\/\/newsestlyonnais.fr\/site\/#\/schema\/person\/3230d5615f390bb808365d673001e887\",\"name\":\"R\u00e9dac. NEWS\",\"sameAs\":[\"http:\/\/www.newsestlyonnais.fr\",\"https:\/\/www.facebook.com\/pascal.oberson.1?fref=ts\",\"https:\/\/fr.linkedin.com\/in\/pascal-oberson-b17045113\"],\"url\":\"https:\/\/newsestlyonnais.fr\/site\/author\/nel\/\"}]}<\/script>\n<!-- \/ Yoast SEO plugin. -->","yoast_head_json":{"title":"Julien Picard \u00ab Un marathon que j\u2019avais dans un coin de la t\u00eate et r\u00eavais de faire depuis plusieurs ann\u00e9es \u00bb - News Est Lyonnais","description":"Julien Picard \u00ab Un marathon que j\u2019avais dans un coin de la t\u00eate et r\u00eavais de faire depuis plusieurs ann\u00e9es \u00bb","robots":{"index":"index","follow":"follow","max-snippet":"max-snippet:-1","max-image-preview":"max-image-preview:large","max-video-preview":"max-video-preview:-1"},"canonical":"https:\/\/newsestlyonnais.fr\/site\/2023\/12\/08\/julien-picard-un-marathon-que-javais-dans-un-coin-de-la-tete-et-revais-de-faire-depuis-plusieurs-annees\/","og_locale":"fr_FR","og_type":"article","og_title":"Julien Picard \u00ab Un marathon que j\u2019avais dans un coin de la t\u00eate et r\u00eavais de faire depuis plusieurs ann\u00e9es \u00bb - News Est Lyonnais","og_description":"Julien Picard \u00ab Un marathon que j\u2019avais dans un coin de la t\u00eate et r\u00eavais de faire depuis plusieurs ann\u00e9es \u00bb","og_url":"https:\/\/newsestlyonnais.fr\/site\/2023\/12\/08\/julien-picard-un-marathon-que-javais-dans-un-coin-de-la-tete-et-revais-de-faire-depuis-plusieurs-annees\/","og_site_name":"News Est Lyonnais","article_author":"https:\/\/www.facebook.com\/pascal.oberson.1?fref=ts","article_published_time":"2023-12-08T13:07:46+00:00","article_modified_time":"2023-12-16T18:42:20+00:00","og_image":[{"width":1024,"height":768,"url":"https:\/\/newsestlyonnais.fr\/site\/wp-content\/uploads\/2023\/12\/9a8dc997-266d-452d-b256-6f6458447282.jpg","type":"image\/jpeg"}],"author":"R\u00e9dac. NEWS","twitter_card":"summary_large_image","twitter_misc":{"\u00c9crit par":"R\u00e9dac. NEWS","Dur\u00e9e de lecture estim\u00e9e":"7 minutes"},"schema":{"@context":"https:\/\/schema.org","@graph":[{"@type":"Article","@id":"https:\/\/newsestlyonnais.fr\/site\/2023\/12\/08\/julien-picard-un-marathon-que-javais-dans-un-coin-de-la-tete-et-revais-de-faire-depuis-plusieurs-annees\/#article","isPartOf":{"@id":"https:\/\/newsestlyonnais.fr\/site\/2023\/12\/08\/julien-picard-un-marathon-que-javais-dans-un-coin-de-la-tete-et-revais-de-faire-depuis-plusieurs-annees\/"},"author":{"name":"R\u00e9dac. NEWS","@id":"https:\/\/newsestlyonnais.fr\/site\/#\/schema\/person\/3230d5615f390bb808365d673001e887"},"headline":"Julien Picard \u00ab Un marathon que j\u2019avais dans un coin de la t\u00eate et r\u00eavais de faire depuis plusieurs ann\u00e9es \u00bb","datePublished":"2023-12-08T13:07:46+00:00","dateModified":"2023-12-16T18:42:20+00:00","mainEntityOfPage":{"@id":"https:\/\/newsestlyonnais.fr\/site\/2023\/12\/08\/julien-picard-un-marathon-que-javais-dans-un-coin-de-la-tete-et-revais-de-faire-depuis-plusieurs-annees\/"},"wordCount":1378,"commentCount":0,"publisher":{"@id":"https:\/\/newsestlyonnais.fr\/site\/#organization"},"image":{"@id":"https:\/\/newsestlyonnais.fr\/site\/2023\/12\/08\/julien-picard-un-marathon-que-javais-dans-un-coin-de-la-tete-et-revais-de-faire-depuis-plusieurs-annees\/#primaryimage"},"thumbnailUrl":"https:\/\/newsestlyonnais.fr\/site\/wp-content\/uploads\/2023\/12\/9a8dc997-266d-452d-b256-6f6458447282.jpg","keywords":["Julien Picard","MARATHON","Valence"],"articleSection":["Athl\u00e9 | Course pied | Marche","Lyon","R\u00e9cits de course \/ Portraits \/ Interviews","VALENCIA MARATHON 2023"],"inLanguage":"fr-FR","potentialAction":[{"@type":"CommentAction","name":"Comment","target":["https:\/\/newsestlyonnais.fr\/site\/2023\/12\/08\/julien-picard-un-marathon-que-javais-dans-un-coin-de-la-tete-et-revais-de-faire-depuis-plusieurs-annees\/#respond"]}]},{"@type":"WebPage","@id":"https:\/\/newsestlyonnais.fr\/site\/2023\/12\/08\/julien-picard-un-marathon-que-javais-dans-un-coin-de-la-tete-et-revais-de-faire-depuis-plusieurs-annees\/","url":"https:\/\/newsestlyonnais.fr\/site\/2023\/12\/08\/julien-picard-un-marathon-que-javais-dans-un-coin-de-la-tete-et-revais-de-faire-depuis-plusieurs-annees\/","name":"Julien Picard \u00ab Un marathon que j\u2019avais dans un coin de la t\u00eate et r\u00eavais de faire depuis plusieurs ann\u00e9es \u00bb - News Est Lyonnais","isPartOf":{"@id":"https:\/\/newsestlyonnais.fr\/site\/#website"},"primaryImageOfPage":{"@id":"https:\/\/newsestlyonnais.fr\/site\/2023\/12\/08\/julien-picard-un-marathon-que-javais-dans-un-coin-de-la-tete-et-revais-de-faire-depuis-plusieurs-annees\/#primaryimage"},"image":{"@id":"https:\/\/newsestlyonnais.fr\/site\/2023\/12\/08\/julien-picard-un-marathon-que-javais-dans-un-coin-de-la-tete-et-revais-de-faire-depuis-plusieurs-annees\/#primaryimage"},"thumbnailUrl":"https:\/\/newsestlyonnais.fr\/site\/wp-content\/uploads\/2023\/12\/9a8dc997-266d-452d-b256-6f6458447282.jpg","datePublished":"2023-12-08T13:07:46+00:00","dateModified":"2023-12-16T18:42:20+00:00","description":"Julien Picard \u00ab Un marathon que j\u2019avais dans un coin de la t\u00eate et r\u00eavais de faire depuis plusieurs ann\u00e9es \u00bb","breadcrumb":{"@id":"https:\/\/newsestlyonnais.fr\/site\/2023\/12\/08\/julien-picard-un-marathon-que-javais-dans-un-coin-de-la-tete-et-revais-de-faire-depuis-plusieurs-annees\/#breadcrumb"},"inLanguage":"fr-FR","potentialAction":[{"@type":"ReadAction","target":["https:\/\/newsestlyonnais.fr\/site\/2023\/12\/08\/julien-picard-un-marathon-que-javais-dans-un-coin-de-la-tete-et-revais-de-faire-depuis-plusieurs-annees\/"]}]},{"@type":"ImageObject","inLanguage":"fr-FR","@id":"https:\/\/newsestlyonnais.fr\/site\/2023\/12\/08\/julien-picard-un-marathon-que-javais-dans-un-coin-de-la-tete-et-revais-de-faire-depuis-plusieurs-annees\/#primaryimage","url":"https:\/\/newsestlyonnais.fr\/site\/wp-content\/uploads\/2023\/12\/9a8dc997-266d-452d-b256-6f6458447282.jpg","contentUrl":"https:\/\/newsestlyonnais.fr\/site\/wp-content\/uploads\/2023\/12\/9a8dc997-266d-452d-b256-6f6458447282.jpg","width":1024,"height":768},{"@type":"BreadcrumbList","@id":"https:\/\/newsestlyonnais.fr\/site\/2023\/12\/08\/julien-picard-un-marathon-que-javais-dans-un-coin-de-la-tete-et-revais-de-faire-depuis-plusieurs-annees\/#breadcrumb","itemListElement":[{"@type":"ListItem","position":1,"name":"Accueil","item":"https:\/\/newsestlyonnais.fr\/site\/"},{"@type":"ListItem","position":2,"name":"Julien Picard \u00ab Un marathon que j\u2019avais dans un coin de la t\u00eate et r\u00eavais de faire depuis plusieurs ann\u00e9es \u00bb"}]},{"@type":"WebSite","@id":"https:\/\/newsestlyonnais.fr\/site\/#website","url":"https:\/\/newsestlyonnais.fr\/site\/","name":"News Est Lyonnais","description":"L&#039;actualit\u00e9 au plus pr\u00e8s","publisher":{"@id":"https:\/\/newsestlyonnais.fr\/site\/#organization"},"potentialAction":[{"@type":"SearchAction","target":{"@type":"EntryPoint","urlTemplate":"https:\/\/newsestlyonnais.fr\/site\/?s={search_term_string}"},"query-input":{"@type":"PropertyValueSpecification","valueRequired":true,"valueName":"search_term_string"}}],"inLanguage":"fr-FR"},{"@type":"Organization","@id":"https:\/\/newsestlyonnais.fr\/site\/#organization","name":"News EST LYONNAIS","url":"https:\/\/newsestlyonnais.fr\/site\/","logo":{"@type":"ImageObject","inLanguage":"fr-FR","@id":"https:\/\/newsestlyonnais.fr\/site\/#\/schema\/logo\/image\/","url":"","contentUrl":"","caption":"News EST LYONNAIS"},"image":{"@id":"https:\/\/newsestlyonnais.fr\/site\/#\/schema\/logo\/image\/"}},{"@type":"Person","@id":"https:\/\/newsestlyonnais.fr\/site\/#\/schema\/person\/3230d5615f390bb808365d673001e887","name":"R\u00e9dac. NEWS","sameAs":["http:\/\/www.newsestlyonnais.fr","https:\/\/www.facebook.com\/pascal.oberson.1?fref=ts","https:\/\/fr.linkedin.com\/in\/pascal-oberson-b17045113"],"url":"https:\/\/newsestlyonnais.fr\/site\/author\/nel\/"}]}},"_links":{"self":[{"href":"https:\/\/newsestlyonnais.fr\/site\/wp-json\/wp\/v2\/posts\/196299","targetHints":{"allow":["GET"]}}],"collection":[{"href":"https:\/\/newsestlyonnais.fr\/site\/wp-json\/wp\/v2\/posts"}],"about":[{"href":"https:\/\/newsestlyonnais.fr\/site\/wp-json\/wp\/v2\/types\/post"}],"author":[{"embeddable":true,"href":"https:\/\/newsestlyonnais.fr\/site\/wp-json\/wp\/v2\/users\/4"}],"replies":[{"embeddable":true,"href":"https:\/\/newsestlyonnais.fr\/site\/wp-json\/wp\/v2\/comments?post=196299"}],"version-history":[{"count":0,"href":"https:\/\/newsestlyonnais.fr\/site\/wp-json\/wp\/v2\/posts\/196299\/revisions"}],"wp:featuredmedia":[{"embeddable":true,"href":"https:\/\/newsestlyonnais.fr\/site\/wp-json\/wp\/v2\/media\/196303"}],"wp:attachment":[{"href":"https:\/\/newsestlyonnais.fr\/site\/wp-json\/wp\/v2\/media?parent=196299"}],"wp:term":[{"taxonomy":"category","embeddable":true,"href":"https:\/\/newsestlyonnais.fr\/site\/wp-json\/wp\/v2\/categories?post=196299"},{"taxonomy":"post_tag","embeddable":true,"href":"https:\/\/newsestlyonnais.fr\/site\/wp-json\/wp\/v2\/tags?post=196299"}],"curies":[{"name":"wp","href":"https:\/\/api.w.org\/{rel}","templated":true}]}}