{"id":19637,"date":"2017-01-24T06:08:22","date_gmt":"2017-01-24T05:08:22","guid":{"rendered":"http:\/\/newsestlyonnais.fr\/site\/?p=19637"},"modified":"2020-11-17T20:49:04","modified_gmt":"2020-11-17T19:49:04","slug":"lyon-eurexpo-nouvelle-victoire-de-la-france-a-la-15-coupe-du-monde-de-la-patisserie","status":"publish","type":"post","link":"https:\/\/newsestlyonnais.fr\/site\/2017\/01\/24\/lyon-eurexpo-nouvelle-victoire-de-la-france-a-la-15-coupe-du-monde-de-la-patisserie\/","title":{"rendered":"LYON &#8211; EUREXPO | La France remporte la 15\u00b0 Coupe du Monde de la P\u00e2tisserie"},"content":{"rendered":"<h4>La France s\u2019est impos\u00e9e lors de l\u2019\u00e9dition 2017 de la Coupe de Monde de la P\u00e2tisserie, rendez-vous international r\u00e9f\u00e9rent de la profession depuis 1989, cr\u00e9\u00e9e par Gabriel Paillasson, pr\u00e9sident fondateur.<\/h4>\n<p>Parmi les 22 \u00e9quipes compos\u00e9es de 3 professionnels sp\u00e9cialis\u00e9s (sucre, chocolat, glace) venues de 4 continents, l\u2019\u00e9quipe de France compos\u00e9e d\u2019Etienne Leroy, Bastien Girard et Jean-Thomas Schneider a r\u00e9ussi un parcours sans faute au terme de 10 heures d\u2019\u00e9preuves, suivie par le Japon et la Suisse.<\/p>\n<p><span style=\"text-decoration: underline\"><strong>LES RESULTATS:<\/strong><\/span><\/p>\n<ul>\n<li><strong>M\u00e9daille d\u2019or : France<\/strong><br \/>\nL\u2019\u00e9quipe fran\u00e7aise compos\u00e9e d\u2019Etienne Leroy, Bastien Girard et Jean-Thomas Schneider remporte la m\u00e9daille d\u2019or, le troph\u00e9e, ainsi que 21 000 euros.<\/li>\n<li><strong>M\u00e9daille d\u2019argent : Japon<\/strong><br \/>\nL\u2019\u00e9quipe japonaise compos\u00e9e de Takahiro Komai, Yoshiaki Uezaki et Takao Yamamoto, remporte la m\u00e9daille d\u2019argent, le troph\u00e9e, ainsi que 12 000 euros.<\/li>\n<li><strong>M\u00e9daille de bronze : Suisse<\/strong><br \/>\nL\u2019\u00e9quipe suisse compos\u00e9e de C\u00e9dric Pilloud, Jorge Cardoso et Jean-Baptiste Jolliet, remporte la m\u00e9daille de bronze, le troph\u00e9e, ainsi que 6 000 euros.<\/li>\n<li><strong>Le prix du Vase de S\u00e8vres<\/strong>, offert par Monsieur le Pr\u00e9sident de la R\u00e9publique et attribu\u00e9 \u00e0 l\u2019\u00e9quipe ayant obtenu la meilleure note de pr\u00e9sentation du buffet, est remport\u00e9 par la France.<\/li>\n<li><strong><span style=\"text-decoration: underline\">LES PRIX SPECIAUX<\/span>: <\/strong><br \/>\n<strong>Le prix \u00ab \u00c9co-responsable \u00bb<\/strong>, remis pour la premi\u00e8re fois \u00e0 l\u2019\u00e9quipe la plus respectueuse en mati\u00e8re premi\u00e8re : Etats-Unis<br \/>\n<strong>Prix Glace Taill\u00e9e<\/strong> : Etats-Unis<br \/>\n<strong>Prix Chocolat<\/strong> : Cor\u00e9e du Sud<br \/>\n<strong>Prix Sucre<\/strong> : Royaume-Uni<br \/>\n<strong>Prix Esprit d\u2019\u00e9quipe<\/strong> : Inde<br \/>\n<strong>Prix Meilleure Promotion<\/strong> : Chili<br \/>\n<strong>Prix Meilleure Innovation<\/strong> : Su\u00e8de<br \/>\n<strong>Prix Presse<\/strong> : France<br \/>\n<strong>Prix Meilleur Poster<\/strong> : Egypte<\/li>\n<\/ul>\n<p>La France obtient le troph\u00e9e comme en 2013, gr\u00e2ce \u00e0 un tr\u00e8s beau travail d\u2019\u00e9quipe et des notes de d\u00e9gustation qui ont fait la diff\u00e9rence. Le Japon prend d\u00e9finitivement ses habitudes dans le trio de t\u00eate et prouve sa grande r\u00e9gularit\u00e9 parmi les meilleures nations de la p\u00e2tisserie. Apr\u00e8s une longue absence, la Suisse n\u2019a pas mis longtemps \u00e0 retrouver le chemin du podium et offre une belle surprise apr\u00e8s la wild card obtenue \u00e0 la Coupe Europe en janvier dernier.<\/p>\n<p><strong>Gabriel Paillasson<\/strong>, pr\u00e9sident fondateur de la Coupe du Monde de la P\u00e2tisserie, exprime sa satisfaction sur le concours : \u00ab Toutes les nations, m\u00eame les moins aguerries ont fait du tr\u00e8s bon travail. C\u2019\u00e9tait un magnifique \u00e9v\u00e9nement avec beaucoup d\u2019ambiance, \u00e0 l\u2019image de la belle \u00e9volution de la p\u00e2tisserie dans le monde. \u00bb<\/p>\n<p>PHOTO A LA UNE: Le podium de cette \u00e9dition 2017 (Droits r\u00e9serv\u00e9s SIRHA)<\/p>\n<ul>\n<li>\n<h4>Plus d&rsquo;infos sur: <a href=\"http:\/\/www.cmpatisserie.com\" target=\"_blank\" rel=\"noopener noreferrer\">http:\/\/www.cmpatisserie.com<\/a><\/h4>\n<\/li>\n<\/ul>\n","protected":false},"excerpt":{"rendered":"<p>La France s\u2019est impos\u00e9e lors de l\u2019\u00e9dition 2017 de la Coupe de Monde de la P\u00e2tisserie, rendez-vous international r\u00e9f\u00e9rent de la profession depuis 1989, cr\u00e9\u00e9e par Gabriel Paillasson, pr\u00e9sident fondateur. Parmi les 22 \u00e9quipes compos\u00e9es de 3 professionnels sp\u00e9cialis\u00e9s (sucre, chocolat, glace) venues de 4 continents, l\u2019\u00e9quipe de France compos\u00e9e d\u2019Etienne Leroy, Bastien Girard et [&hellip;]<\/p>\n","protected":false},"author":4,"featured_media":19643,"comment_status":"open","ping_status":"open","sticky":false,"template":"","format":"standard","meta":{"footnotes":""},"categories":[3424,1625],"tags":[],"class_list":["post-19637","post","type-post","status-publish","format-standard","has-post-thumbnail","hentry","category-cuisine-gastronomie","category-lyon"],"yoast_head":"<!-- This site is optimized with the Yoast SEO plugin v27.2 - https:\/\/yoast.com\/product\/yoast-seo-wordpress\/ -->\n<title>15\u00b0 COUPE DU MONDE PATISSERIE A LYON EUREXPO<\/title>\n<meta name=\"description\" content=\"LA FRANCE VAINQUEUR 15\u00b0 COUPE DU MONDE PATISSERIE A LYON-EUREXPO janvier 2017 lors du SIRHA\" \/>\n<meta name=\"robots\" content=\"index, follow, max-snippet:-1, max-image-preview:large, max-video-preview:-1\" \/>\n<link rel=\"canonical\" href=\"https:\/\/newsestlyonnais.fr\/site\/2017\/01\/24\/lyon-eurexpo-nouvelle-victoire-de-la-france-a-la-15-coupe-du-monde-de-la-patisserie\/\" \/>\n<meta property=\"og:locale\" content=\"fr_FR\" \/>\n<meta property=\"og:type\" content=\"article\" \/>\n<meta property=\"og:title\" content=\"15\u00b0 COUPE DU MONDE PATISSERIE A LYON EUREXPO\" \/>\n<meta property=\"og:description\" content=\"LA FRANCE VAINQUEUR 15\u00b0 COUPE DU MONDE PATISSERIE A LYON-EUREXPO janvier 2017 lors du SIRHA\" \/>\n<meta property=\"og:url\" content=\"https:\/\/newsestlyonnais.fr\/site\/2017\/01\/24\/lyon-eurexpo-nouvelle-victoire-de-la-france-a-la-15-coupe-du-monde-de-la-patisserie\/\" \/>\n<meta property=\"og:site_name\" content=\"News Est Lyonnais\" \/>\n<meta property=\"article:author\" content=\"https:\/\/www.facebook.com\/pascal.oberson.1?fref=ts\" \/>\n<meta property=\"article:published_time\" content=\"2017-01-24T05:08:22+00:00\" \/>\n<meta property=\"article:modified_time\" content=\"2020-11-17T19:49:04+00:00\" \/>\n<meta property=\"og:image\" content=\"https:\/\/i1.wp.com\/newsestlyonnais.fr\/site\/wp-content\/uploads\/2017\/01\/NEWSESTLYONNAIS-PHOTO-PODIUM-PATISSERIE-2017.jpg?fit=1000%2C750&ssl=1\" \/>\n\t<meta property=\"og:image:width\" content=\"1000\" \/>\n\t<meta property=\"og:image:height\" content=\"750\" \/>\n\t<meta property=\"og:image:type\" content=\"image\/jpeg\" \/>\n<meta name=\"author\" content=\"R\u00e9dac. NEWS\" \/>\n<meta name=\"twitter:card\" content=\"summary_large_image\" \/>\n<meta name=\"twitter:label1\" content=\"\u00c9crit par\" \/>\n\t<meta name=\"twitter:data1\" content=\"R\u00e9dac. NEWS\" \/>\n\t<meta name=\"twitter:label2\" content=\"Dur\u00e9e de lecture estim\u00e9e\" \/>\n\t<meta name=\"twitter:data2\" content=\"2 minutes\" \/>\n<script type=\"application\/ld+json\" class=\"yoast-schema-graph\">{\"@context\":\"https:\/\/schema.org\",\"@graph\":[{\"@type\":\"Article\",\"@id\":\"https:\/\/newsestlyonnais.fr\/site\/2017\/01\/24\/lyon-eurexpo-nouvelle-victoire-de-la-france-a-la-15-coupe-du-monde-de-la-patisserie\/#article\",\"isPartOf\":{\"@id\":\"https:\/\/newsestlyonnais.fr\/site\/2017\/01\/24\/lyon-eurexpo-nouvelle-victoire-de-la-france-a-la-15-coupe-du-monde-de-la-patisserie\/\"},\"author\":{\"name\":\"R\u00e9dac. NEWS\",\"@id\":\"https:\/\/newsestlyonnais.fr\/site\/#\/schema\/person\/3230d5615f390bb808365d673001e887\"},\"headline\":\"LYON &#8211; EUREXPO | La France remporte la 15\u00b0 Coupe du Monde de la P\u00e2tisserie\",\"datePublished\":\"2017-01-24T05:08:22+00:00\",\"dateModified\":\"2020-11-17T19:49:04+00:00\",\"mainEntityOfPage\":{\"@id\":\"https:\/\/newsestlyonnais.fr\/site\/2017\/01\/24\/lyon-eurexpo-nouvelle-victoire-de-la-france-a-la-15-coupe-du-monde-de-la-patisserie\/\"},\"wordCount\":458,\"commentCount\":0,\"publisher\":{\"@id\":\"https:\/\/newsestlyonnais.fr\/site\/#organization\"},\"image\":{\"@id\":\"https:\/\/newsestlyonnais.fr\/site\/2017\/01\/24\/lyon-eurexpo-nouvelle-victoire-de-la-france-a-la-15-coupe-du-monde-de-la-patisserie\/#primaryimage\"},\"thumbnailUrl\":\"https:\/\/newsestlyonnais.fr\/site\/wp-content\/uploads\/2017\/01\/NEWSESTLYONNAIS-PHOTO-PODIUM-PATISSERIE-2017.jpg\",\"articleSection\":[\"Cuisine | Gastronomie\",\"Lyon\"],\"inLanguage\":\"fr-FR\",\"potentialAction\":[{\"@type\":\"CommentAction\",\"name\":\"Comment\",\"target\":[\"https:\/\/newsestlyonnais.fr\/site\/2017\/01\/24\/lyon-eurexpo-nouvelle-victoire-de-la-france-a-la-15-coupe-du-monde-de-la-patisserie\/#respond\"]}]},{\"@type\":\"WebPage\",\"@id\":\"https:\/\/newsestlyonnais.fr\/site\/2017\/01\/24\/lyon-eurexpo-nouvelle-victoire-de-la-france-a-la-15-coupe-du-monde-de-la-patisserie\/\",\"url\":\"https:\/\/newsestlyonnais.fr\/site\/2017\/01\/24\/lyon-eurexpo-nouvelle-victoire-de-la-france-a-la-15-coupe-du-monde-de-la-patisserie\/\",\"name\":\"15\u00b0 COUPE DU MONDE PATISSERIE A LYON EUREXPO\",\"isPartOf\":{\"@id\":\"https:\/\/newsestlyonnais.fr\/site\/#website\"},\"primaryImageOfPage\":{\"@id\":\"https:\/\/newsestlyonnais.fr\/site\/2017\/01\/24\/lyon-eurexpo-nouvelle-victoire-de-la-france-a-la-15-coupe-du-monde-de-la-patisserie\/#primaryimage\"},\"image\":{\"@id\":\"https:\/\/newsestlyonnais.fr\/site\/2017\/01\/24\/lyon-eurexpo-nouvelle-victoire-de-la-france-a-la-15-coupe-du-monde-de-la-patisserie\/#primaryimage\"},\"thumbnailUrl\":\"https:\/\/newsestlyonnais.fr\/site\/wp-content\/uploads\/2017\/01\/NEWSESTLYONNAIS-PHOTO-PODIUM-PATISSERIE-2017.jpg\",\"datePublished\":\"2017-01-24T05:08:22+00:00\",\"dateModified\":\"2020-11-17T19:49:04+00:00\",\"description\":\"LA FRANCE VAINQUEUR 15\u00b0 COUPE DU MONDE PATISSERIE A LYON-EUREXPO janvier 2017 lors du SIRHA\",\"breadcrumb\":{\"@id\":\"https:\/\/newsestlyonnais.fr\/site\/2017\/01\/24\/lyon-eurexpo-nouvelle-victoire-de-la-france-a-la-15-coupe-du-monde-de-la-patisserie\/#breadcrumb\"},\"inLanguage\":\"fr-FR\",\"potentialAction\":[{\"@type\":\"ReadAction\",\"target\":[\"https:\/\/newsestlyonnais.fr\/site\/2017\/01\/24\/lyon-eurexpo-nouvelle-victoire-de-la-france-a-la-15-coupe-du-monde-de-la-patisserie\/\"]}]},{\"@type\":\"ImageObject\",\"inLanguage\":\"fr-FR\",\"@id\":\"https:\/\/newsestlyonnais.fr\/site\/2017\/01\/24\/lyon-eurexpo-nouvelle-victoire-de-la-france-a-la-15-coupe-du-monde-de-la-patisserie\/#primaryimage\",\"url\":\"https:\/\/newsestlyonnais.fr\/site\/wp-content\/uploads\/2017\/01\/NEWSESTLYONNAIS-PHOTO-PODIUM-PATISSERIE-2017.jpg\",\"contentUrl\":\"https:\/\/newsestlyonnais.fr\/site\/wp-content\/uploads\/2017\/01\/NEWSESTLYONNAIS-PHOTO-PODIUM-PATISSERIE-2017.jpg\",\"width\":1000,\"height\":750,\"caption\":\"NEWSESTLYONNAIS - PHOTO PODIUM PATISSERIE 2017\"},{\"@type\":\"BreadcrumbList\",\"@id\":\"https:\/\/newsestlyonnais.fr\/site\/2017\/01\/24\/lyon-eurexpo-nouvelle-victoire-de-la-france-a-la-15-coupe-du-monde-de-la-patisserie\/#breadcrumb\",\"itemListElement\":[{\"@type\":\"ListItem\",\"position\":1,\"name\":\"Accueil\",\"item\":\"https:\/\/newsestlyonnais.fr\/site\/\"},{\"@type\":\"ListItem\",\"position\":2,\"name\":\"LYON &#8211; EUREXPO | La France remporte la 15\u00b0 Coupe du Monde de la P\u00e2tisserie\"}]},{\"@type\":\"WebSite\",\"@id\":\"https:\/\/newsestlyonnais.fr\/site\/#website\",\"url\":\"https:\/\/newsestlyonnais.fr\/site\/\",\"name\":\"News Est Lyonnais\",\"description\":\"L&#039;actualit\u00e9 au plus pr\u00e8s\",\"publisher\":{\"@id\":\"https:\/\/newsestlyonnais.fr\/site\/#organization\"},\"potentialAction\":[{\"@type\":\"SearchAction\",\"target\":{\"@type\":\"EntryPoint\",\"urlTemplate\":\"https:\/\/newsestlyonnais.fr\/site\/?s={search_term_string}\"},\"query-input\":{\"@type\":\"PropertyValueSpecification\",\"valueRequired\":true,\"valueName\":\"search_term_string\"}}],\"inLanguage\":\"fr-FR\"},{\"@type\":\"Organization\",\"@id\":\"https:\/\/newsestlyonnais.fr\/site\/#organization\",\"name\":\"News EST LYONNAIS\",\"url\":\"https:\/\/newsestlyonnais.fr\/site\/\",\"logo\":{\"@type\":\"ImageObject\",\"inLanguage\":\"fr-FR\",\"@id\":\"https:\/\/newsestlyonnais.fr\/site\/#\/schema\/logo\/image\/\",\"url\":\"\",\"contentUrl\":\"\",\"caption\":\"News EST LYONNAIS\"},\"image\":{\"@id\":\"https:\/\/newsestlyonnais.fr\/site\/#\/schema\/logo\/image\/\"}},{\"@type\":\"Person\",\"@id\":\"https:\/\/newsestlyonnais.fr\/site\/#\/schema\/person\/3230d5615f390bb808365d673001e887\",\"name\":\"R\u00e9dac. NEWS\",\"sameAs\":[\"http:\/\/www.newsestlyonnais.fr\",\"https:\/\/www.facebook.com\/pascal.oberson.1?fref=ts\",\"https:\/\/fr.linkedin.com\/in\/pascal-oberson-b17045113\"],\"url\":\"https:\/\/newsestlyonnais.fr\/site\/author\/nel\/\"}]}<\/script>\n<!-- \/ Yoast SEO plugin. -->","yoast_head_json":{"title":"15\u00b0 COUPE DU MONDE PATISSERIE A LYON EUREXPO","description":"LA FRANCE VAINQUEUR 15\u00b0 COUPE DU MONDE PATISSERIE A LYON-EUREXPO janvier 2017 lors du SIRHA","robots":{"index":"index","follow":"follow","max-snippet":"max-snippet:-1","max-image-preview":"max-image-preview:large","max-video-preview":"max-video-preview:-1"},"canonical":"https:\/\/newsestlyonnais.fr\/site\/2017\/01\/24\/lyon-eurexpo-nouvelle-victoire-de-la-france-a-la-15-coupe-du-monde-de-la-patisserie\/","og_locale":"fr_FR","og_type":"article","og_title":"15\u00b0 COUPE DU MONDE PATISSERIE A LYON EUREXPO","og_description":"LA FRANCE VAINQUEUR 15\u00b0 COUPE DU MONDE PATISSERIE A LYON-EUREXPO janvier 2017 lors du SIRHA","og_url":"https:\/\/newsestlyonnais.fr\/site\/2017\/01\/24\/lyon-eurexpo-nouvelle-victoire-de-la-france-a-la-15-coupe-du-monde-de-la-patisserie\/","og_site_name":"News Est Lyonnais","article_author":"https:\/\/www.facebook.com\/pascal.oberson.1?fref=ts","article_published_time":"2017-01-24T05:08:22+00:00","article_modified_time":"2020-11-17T19:49:04+00:00","og_image":[{"width":1000,"height":750,"url":"https:\/\/i1.wp.com\/newsestlyonnais.fr\/site\/wp-content\/uploads\/2017\/01\/NEWSESTLYONNAIS-PHOTO-PODIUM-PATISSERIE-2017.jpg?fit=1000%2C750&ssl=1","type":"image\/jpeg"}],"author":"R\u00e9dac. NEWS","twitter_card":"summary_large_image","twitter_misc":{"\u00c9crit par":"R\u00e9dac. NEWS","Dur\u00e9e de lecture estim\u00e9e":"2 minutes"},"schema":{"@context":"https:\/\/schema.org","@graph":[{"@type":"Article","@id":"https:\/\/newsestlyonnais.fr\/site\/2017\/01\/24\/lyon-eurexpo-nouvelle-victoire-de-la-france-a-la-15-coupe-du-monde-de-la-patisserie\/#article","isPartOf":{"@id":"https:\/\/newsestlyonnais.fr\/site\/2017\/01\/24\/lyon-eurexpo-nouvelle-victoire-de-la-france-a-la-15-coupe-du-monde-de-la-patisserie\/"},"author":{"name":"R\u00e9dac. NEWS","@id":"https:\/\/newsestlyonnais.fr\/site\/#\/schema\/person\/3230d5615f390bb808365d673001e887"},"headline":"LYON &#8211; EUREXPO | La France remporte la 15\u00b0 Coupe du Monde de la P\u00e2tisserie","datePublished":"2017-01-24T05:08:22+00:00","dateModified":"2020-11-17T19:49:04+00:00","mainEntityOfPage":{"@id":"https:\/\/newsestlyonnais.fr\/site\/2017\/01\/24\/lyon-eurexpo-nouvelle-victoire-de-la-france-a-la-15-coupe-du-monde-de-la-patisserie\/"},"wordCount":458,"commentCount":0,"publisher":{"@id":"https:\/\/newsestlyonnais.fr\/site\/#organization"},"image":{"@id":"https:\/\/newsestlyonnais.fr\/site\/2017\/01\/24\/lyon-eurexpo-nouvelle-victoire-de-la-france-a-la-15-coupe-du-monde-de-la-patisserie\/#primaryimage"},"thumbnailUrl":"https:\/\/newsestlyonnais.fr\/site\/wp-content\/uploads\/2017\/01\/NEWSESTLYONNAIS-PHOTO-PODIUM-PATISSERIE-2017.jpg","articleSection":["Cuisine | Gastronomie","Lyon"],"inLanguage":"fr-FR","potentialAction":[{"@type":"CommentAction","name":"Comment","target":["https:\/\/newsestlyonnais.fr\/site\/2017\/01\/24\/lyon-eurexpo-nouvelle-victoire-de-la-france-a-la-15-coupe-du-monde-de-la-patisserie\/#respond"]}]},{"@type":"WebPage","@id":"https:\/\/newsestlyonnais.fr\/site\/2017\/01\/24\/lyon-eurexpo-nouvelle-victoire-de-la-france-a-la-15-coupe-du-monde-de-la-patisserie\/","url":"https:\/\/newsestlyonnais.fr\/site\/2017\/01\/24\/lyon-eurexpo-nouvelle-victoire-de-la-france-a-la-15-coupe-du-monde-de-la-patisserie\/","name":"15\u00b0 COUPE DU MONDE PATISSERIE A LYON EUREXPO","isPartOf":{"@id":"https:\/\/newsestlyonnais.fr\/site\/#website"},"primaryImageOfPage":{"@id":"https:\/\/newsestlyonnais.fr\/site\/2017\/01\/24\/lyon-eurexpo-nouvelle-victoire-de-la-france-a-la-15-coupe-du-monde-de-la-patisserie\/#primaryimage"},"image":{"@id":"https:\/\/newsestlyonnais.fr\/site\/2017\/01\/24\/lyon-eurexpo-nouvelle-victoire-de-la-france-a-la-15-coupe-du-monde-de-la-patisserie\/#primaryimage"},"thumbnailUrl":"https:\/\/newsestlyonnais.fr\/site\/wp-content\/uploads\/2017\/01\/NEWSESTLYONNAIS-PHOTO-PODIUM-PATISSERIE-2017.jpg","datePublished":"2017-01-24T05:08:22+00:00","dateModified":"2020-11-17T19:49:04+00:00","description":"LA FRANCE VAINQUEUR 15\u00b0 COUPE DU MONDE PATISSERIE A LYON-EUREXPO janvier 2017 lors du SIRHA","breadcrumb":{"@id":"https:\/\/newsestlyonnais.fr\/site\/2017\/01\/24\/lyon-eurexpo-nouvelle-victoire-de-la-france-a-la-15-coupe-du-monde-de-la-patisserie\/#breadcrumb"},"inLanguage":"fr-FR","potentialAction":[{"@type":"ReadAction","target":["https:\/\/newsestlyonnais.fr\/site\/2017\/01\/24\/lyon-eurexpo-nouvelle-victoire-de-la-france-a-la-15-coupe-du-monde-de-la-patisserie\/"]}]},{"@type":"ImageObject","inLanguage":"fr-FR","@id":"https:\/\/newsestlyonnais.fr\/site\/2017\/01\/24\/lyon-eurexpo-nouvelle-victoire-de-la-france-a-la-15-coupe-du-monde-de-la-patisserie\/#primaryimage","url":"https:\/\/newsestlyonnais.fr\/site\/wp-content\/uploads\/2017\/01\/NEWSESTLYONNAIS-PHOTO-PODIUM-PATISSERIE-2017.jpg","contentUrl":"https:\/\/newsestlyonnais.fr\/site\/wp-content\/uploads\/2017\/01\/NEWSESTLYONNAIS-PHOTO-PODIUM-PATISSERIE-2017.jpg","width":1000,"height":750,"caption":"NEWSESTLYONNAIS - PHOTO PODIUM PATISSERIE 2017"},{"@type":"BreadcrumbList","@id":"https:\/\/newsestlyonnais.fr\/site\/2017\/01\/24\/lyon-eurexpo-nouvelle-victoire-de-la-france-a-la-15-coupe-du-monde-de-la-patisserie\/#breadcrumb","itemListElement":[{"@type":"ListItem","position":1,"name":"Accueil","item":"https:\/\/newsestlyonnais.fr\/site\/"},{"@type":"ListItem","position":2,"name":"LYON &#8211; EUREXPO | La France remporte la 15\u00b0 Coupe du Monde de la P\u00e2tisserie"}]},{"@type":"WebSite","@id":"https:\/\/newsestlyonnais.fr\/site\/#website","url":"https:\/\/newsestlyonnais.fr\/site\/","name":"News Est Lyonnais","description":"L&#039;actualit\u00e9 au plus pr\u00e8s","publisher":{"@id":"https:\/\/newsestlyonnais.fr\/site\/#organization"},"potentialAction":[{"@type":"SearchAction","target":{"@type":"EntryPoint","urlTemplate":"https:\/\/newsestlyonnais.fr\/site\/?s={search_term_string}"},"query-input":{"@type":"PropertyValueSpecification","valueRequired":true,"valueName":"search_term_string"}}],"inLanguage":"fr-FR"},{"@type":"Organization","@id":"https:\/\/newsestlyonnais.fr\/site\/#organization","name":"News EST LYONNAIS","url":"https:\/\/newsestlyonnais.fr\/site\/","logo":{"@type":"ImageObject","inLanguage":"fr-FR","@id":"https:\/\/newsestlyonnais.fr\/site\/#\/schema\/logo\/image\/","url":"","contentUrl":"","caption":"News EST LYONNAIS"},"image":{"@id":"https:\/\/newsestlyonnais.fr\/site\/#\/schema\/logo\/image\/"}},{"@type":"Person","@id":"https:\/\/newsestlyonnais.fr\/site\/#\/schema\/person\/3230d5615f390bb808365d673001e887","name":"R\u00e9dac. NEWS","sameAs":["http:\/\/www.newsestlyonnais.fr","https:\/\/www.facebook.com\/pascal.oberson.1?fref=ts","https:\/\/fr.linkedin.com\/in\/pascal-oberson-b17045113"],"url":"https:\/\/newsestlyonnais.fr\/site\/author\/nel\/"}]}},"_links":{"self":[{"href":"https:\/\/newsestlyonnais.fr\/site\/wp-json\/wp\/v2\/posts\/19637","targetHints":{"allow":["GET"]}}],"collection":[{"href":"https:\/\/newsestlyonnais.fr\/site\/wp-json\/wp\/v2\/posts"}],"about":[{"href":"https:\/\/newsestlyonnais.fr\/site\/wp-json\/wp\/v2\/types\/post"}],"author":[{"embeddable":true,"href":"https:\/\/newsestlyonnais.fr\/site\/wp-json\/wp\/v2\/users\/4"}],"replies":[{"embeddable":true,"href":"https:\/\/newsestlyonnais.fr\/site\/wp-json\/wp\/v2\/comments?post=19637"}],"version-history":[{"count":0,"href":"https:\/\/newsestlyonnais.fr\/site\/wp-json\/wp\/v2\/posts\/19637\/revisions"}],"wp:featuredmedia":[{"embeddable":true,"href":"https:\/\/newsestlyonnais.fr\/site\/wp-json\/wp\/v2\/media\/19643"}],"wp:attachment":[{"href":"https:\/\/newsestlyonnais.fr\/site\/wp-json\/wp\/v2\/media?parent=19637"}],"wp:term":[{"taxonomy":"category","embeddable":true,"href":"https:\/\/newsestlyonnais.fr\/site\/wp-json\/wp\/v2\/categories?post=19637"},{"taxonomy":"post_tag","embeddable":true,"href":"https:\/\/newsestlyonnais.fr\/site\/wp-json\/wp\/v2\/tags?post=19637"}],"curies":[{"name":"wp","href":"https:\/\/api.w.org\/{rel}","templated":true}]}}