{"id":196618,"date":"2023-12-12T14:08:01","date_gmt":"2023-12-12T13:08:01","guid":{"rendered":"https:\/\/newsestlyonnais.fr\/site\/?p=196618"},"modified":"2024-01-13T17:03:56","modified_gmt":"2024-01-13T16:03:56","slug":"saintelyon-2023","status":"publish","type":"post","link":"https:\/\/newsestlyonnais.fr\/site\/2023\/12\/12\/saintelyon-2023\/","title":{"rendered":"SAINTELYON 2023"},"content":{"rendered":"<p class=\"entry-title post-title\"><strong><a href=\"https:\/\/newsestlyonnais.fr\/site\/2023\/12\/10\/saintelyon-lassociation-amicale-des-athletes-de-lyon-est-venue-en-nombre\/\"><img loading=\"lazy\" decoding=\"async\" class=\"alignleft wp-image-196254\" src=\"https:\/\/newsestlyonnais.fr\/site\/wp-content\/uploads\/2023\/12\/Gwenaelle_Solene_David_Gilles_Gwenaelle-400x300.jpg\" alt=\"\" width=\"200\" height=\"150\" srcset=\"https:\/\/newsestlyonnais.fr\/site\/wp-content\/uploads\/2023\/12\/Gwenaelle_Solene_David_Gilles_Gwenaelle-400x300.jpg 400w, https:\/\/newsestlyonnais.fr\/site\/wp-content\/uploads\/2023\/12\/Gwenaelle_Solene_David_Gilles_Gwenaelle-650x488.jpg 650w, https:\/\/newsestlyonnais.fr\/site\/wp-content\/uploads\/2023\/12\/Gwenaelle_Solene_David_Gilles_Gwenaelle-250x188.jpg 250w, https:\/\/newsestlyonnais.fr\/site\/wp-content\/uploads\/2023\/12\/Gwenaelle_Solene_David_Gilles_Gwenaelle-150x113.jpg 150w, https:\/\/newsestlyonnais.fr\/site\/wp-content\/uploads\/2023\/12\/Gwenaelle_Solene_David_Gilles_Gwenaelle-50x38.jpg 50w, https:\/\/newsestlyonnais.fr\/site\/wp-content\/uploads\/2023\/12\/Gwenaelle_Solene_David_Gilles_Gwenaelle-100x75.jpg 100w, https:\/\/newsestlyonnais.fr\/site\/wp-content\/uploads\/2023\/12\/Gwenaelle_Solene_David_Gilles_Gwenaelle-200x150.jpg 200w, https:\/\/newsestlyonnais.fr\/site\/wp-content\/uploads\/2023\/12\/Gwenaelle_Solene_David_Gilles_Gwenaelle-300x225.jpg 300w, https:\/\/newsestlyonnais.fr\/site\/wp-content\/uploads\/2023\/12\/Gwenaelle_Solene_David_Gilles_Gwenaelle-350x263.jpg 350w, https:\/\/newsestlyonnais.fr\/site\/wp-content\/uploads\/2023\/12\/Gwenaelle_Solene_David_Gilles_Gwenaelle-450x338.jpg 450w, https:\/\/newsestlyonnais.fr\/site\/wp-content\/uploads\/2023\/12\/Gwenaelle_Solene_David_Gilles_Gwenaelle-500x375.jpg 500w, https:\/\/newsestlyonnais.fr\/site\/wp-content\/uploads\/2023\/12\/Gwenaelle_Solene_David_Gilles_Gwenaelle-550x413.jpg 550w, https:\/\/newsestlyonnais.fr\/site\/wp-content\/uploads\/2023\/12\/Gwenaelle_Solene_David_Gilles_Gwenaelle.jpg 720w\" sizes=\"auto, (max-width: 200px) 100vw, 200px\" \/><\/a><\/strong><\/p>\n<p class=\"entry-title post-title\"><strong><span style=\"background-color: #000000; color: #ffcc00;\"><a style=\"background-color: #000000; color: #ffcc00;\" href=\"https:\/\/newsestlyonnais.fr\/site\/2023\/12\/10\/saintelyon-lassociation-amicale-des-athletes-de-lyon-est-venue-en-nombre\/\">L\u2019Association amicale des Athl\u00e8tes de Lyon est venue en nombre<\/a><\/span><\/strong><\/p>\n<p class=\"entry-excerpt\"><span style=\"font-size: 10pt;\"><strong>Pas moins de 34 \u00ab\u00a0aaaliens\u00a0\u00bb pr\u00e9sents sur un des diff\u00e9rents formats de la 69\u00b0 Saint\u00e9Lyon, sur un effectif global de 210 adh\u00e9rents.<\/strong><\/span><\/p>\n<p>&nbsp;<\/p>\n<hr \/>\n<p class=\"entry-title post-title\"><a href=\"https:\/\/newsestlyonnais.fr\/site\/2023\/12\/10\/emma-delannoy-faire-la-sainte-quand-on-est-lyonnaise-et-quon-aime-le-trail-cest-un-passage-oblige\/\"><span style=\"background-color: #000000; color: #ffcc00;\"><strong data-wp-editing=\"1\"><img loading=\"lazy\" decoding=\"async\" class=\"alignleft wp-image-196422\" src=\"https:\/\/newsestlyonnais.fr\/site\/wp-content\/uploads\/2023\/12\/emma-02-400x267.jpg\" alt=\"\" width=\"225\" height=\"150\" srcset=\"https:\/\/newsestlyonnais.fr\/site\/wp-content\/uploads\/2023\/12\/emma-02-400x267.jpg 400w, https:\/\/newsestlyonnais.fr\/site\/wp-content\/uploads\/2023\/12\/emma-02-650x433.jpg 650w, https:\/\/newsestlyonnais.fr\/site\/wp-content\/uploads\/2023\/12\/emma-02-250x167.jpg 250w, https:\/\/newsestlyonnais.fr\/site\/wp-content\/uploads\/2023\/12\/emma-02-768x512.jpg 768w, https:\/\/newsestlyonnais.fr\/site\/wp-content\/uploads\/2023\/12\/emma-02-150x100.jpg 150w, https:\/\/newsestlyonnais.fr\/site\/wp-content\/uploads\/2023\/12\/emma-02-50x33.jpg 50w, https:\/\/newsestlyonnais.fr\/site\/wp-content\/uploads\/2023\/12\/emma-02-100x67.jpg 100w, https:\/\/newsestlyonnais.fr\/site\/wp-content\/uploads\/2023\/12\/emma-02-200x133.jpg 200w, https:\/\/newsestlyonnais.fr\/site\/wp-content\/uploads\/2023\/12\/emma-02-300x200.jpg 300w, https:\/\/newsestlyonnais.fr\/site\/wp-content\/uploads\/2023\/12\/emma-02-350x233.jpg 350w, https:\/\/newsestlyonnais.fr\/site\/wp-content\/uploads\/2023\/12\/emma-02-450x300.jpg 450w, https:\/\/newsestlyonnais.fr\/site\/wp-content\/uploads\/2023\/12\/emma-02-500x333.jpg 500w, https:\/\/newsestlyonnais.fr\/site\/wp-content\/uploads\/2023\/12\/emma-02-550x367.jpg 550w, https:\/\/newsestlyonnais.fr\/site\/wp-content\/uploads\/2023\/12\/emma-02-800x533.jpg 800w, https:\/\/newsestlyonnais.fr\/site\/wp-content\/uploads\/2023\/12\/emma-02.jpg 1200w\" sizes=\"auto, (max-width: 225px) 100vw, 225px\" \/>Emma Delannoy \u00ab Faire la Saint\u00e9 quand on est lyonnaise et qu\u2019on aime le trail, c\u2019est un passage oblig\u00e9\u00a0! \u00bb<\/strong><\/span><\/a><\/p>\n<p class=\"entry-excerpt\"><span style=\"font-size: 10pt;\"><strong>La toute jeune athl\u00e8te licenci\u00e9e \u00e0 l&rsquo;ASUL Bron qui se consacre au trail, s&rsquo;est lanc\u00e9e le d\u00e9fi de courir sur le format original de l&rsquo;\u00e9preuve, en moins de 10 h.<\/strong><\/span><\/p>\n<hr \/>\n<p class=\"entry-title post-title\"><a href=\"https:\/\/newsestlyonnais.fr\/site\/2023\/12\/09\/saintelyon-des-fortunes-diverses-pour-les-membres-du-run-trail-les-loups\/\"><span style=\"background-color: #000000; color: #ffcc00;\"><strong>Des fortunes diverses pour les membres du \u00ab Run Trail Les Loups \u00bb<\/strong><\/span><\/a><a href=\"https:\/\/newsestlyonnais.fr\/site\/2023\/12\/09\/saintelyon-des-fortunes-diverses-pour-les-membres-du-run-trail-les-loups\/\"><img loading=\"lazy\" decoding=\"async\" class=\"alignleft wp-image-196403 size-thumbnail\" src=\"https:\/\/newsestlyonnais.fr\/site\/wp-content\/uploads\/2023\/12\/385539893_262145646866850_1144161456201517087_n-250x250.jpg\" alt=\"\" width=\"150\" height=\"150\" srcset=\"https:\/\/newsestlyonnais.fr\/site\/wp-content\/uploads\/2023\/12\/385539893_262145646866850_1144161456201517087_n-250x250.jpg 250w, https:\/\/newsestlyonnais.fr\/site\/wp-content\/uploads\/2023\/12\/385539893_262145646866850_1144161456201517087_n-400x400.jpg 400w, https:\/\/newsestlyonnais.fr\/site\/wp-content\/uploads\/2023\/12\/385539893_262145646866850_1144161456201517087_n-650x650.jpg 650w, https:\/\/newsestlyonnais.fr\/site\/wp-content\/uploads\/2023\/12\/385539893_262145646866850_1144161456201517087_n-150x150.jpg 150w, https:\/\/newsestlyonnais.fr\/site\/wp-content\/uploads\/2023\/12\/385539893_262145646866850_1144161456201517087_n-50x50.jpg 50w, https:\/\/newsestlyonnais.fr\/site\/wp-content\/uploads\/2023\/12\/385539893_262145646866850_1144161456201517087_n-100x100.jpg 100w, https:\/\/newsestlyonnais.fr\/site\/wp-content\/uploads\/2023\/12\/385539893_262145646866850_1144161456201517087_n-200x200.jpg 200w, https:\/\/newsestlyonnais.fr\/site\/wp-content\/uploads\/2023\/12\/385539893_262145646866850_1144161456201517087_n-300x300.jpg 300w, https:\/\/newsestlyonnais.fr\/site\/wp-content\/uploads\/2023\/12\/385539893_262145646866850_1144161456201517087_n-350x350.jpg 350w, https:\/\/newsestlyonnais.fr\/site\/wp-content\/uploads\/2023\/12\/385539893_262145646866850_1144161456201517087_n-450x450.jpg 450w, https:\/\/newsestlyonnais.fr\/site\/wp-content\/uploads\/2023\/12\/385539893_262145646866850_1144161456201517087_n-500x500.jpg 500w, https:\/\/newsestlyonnais.fr\/site\/wp-content\/uploads\/2023\/12\/385539893_262145646866850_1144161456201517087_n-550x550.jpg 550w, https:\/\/newsestlyonnais.fr\/site\/wp-content\/uploads\/2023\/12\/385539893_262145646866850_1144161456201517087_n-45x45.jpg 45w, https:\/\/newsestlyonnais.fr\/site\/wp-content\/uploads\/2023\/12\/385539893_262145646866850_1144161456201517087_n.jpg 768w\" sizes=\"auto, (max-width: 150px) 100vw, 150px\" \/><\/a><\/p>\n<p class=\"entry-excerpt\"><span style=\"font-size: 10pt;\"><strong>Ils \u00e9taient 16, dont 4 f\u00e9minines, de l&rsquo;association aindinoise \u00e0 disputer cette \u00e9preuve sur 4 diff\u00e9rents formats de course.<\/strong><\/span><\/p>\n<p>&nbsp;<\/p>\n<hr \/>\n<p class=\"entry-title post-title\"><span style=\"background-color: #000000; color: #ffcc00;\"><strong><a href=\"https:\/\/newsestlyonnais.fr\/site\/2023\/12\/08\/camille-marongin-jai-ete-portee-par-lelan-collectif-de-mon-club-et-par-notre-coach\/\"><img loading=\"lazy\" decoding=\"async\" class=\"alignleft size-thumbnail wp-image-196356\" src=\"https:\/\/newsestlyonnais.fr\/site\/wp-content\/uploads\/2023\/12\/IMG-20231203-WA00001-250x115.jpg\" alt=\"\" width=\"150\" height=\"69\" srcset=\"https:\/\/newsestlyonnais.fr\/site\/wp-content\/uploads\/2023\/12\/IMG-20231203-WA00001-250x115.jpg 250w, https:\/\/newsestlyonnais.fr\/site\/wp-content\/uploads\/2023\/12\/IMG-20231203-WA00001-400x185.jpg 400w, https:\/\/newsestlyonnais.fr\/site\/wp-content\/uploads\/2023\/12\/IMG-20231203-WA00001-650x300.jpg 650w, https:\/\/newsestlyonnais.fr\/site\/wp-content\/uploads\/2023\/12\/IMG-20231203-WA00001-768x355.jpg 768w, https:\/\/newsestlyonnais.fr\/site\/wp-content\/uploads\/2023\/12\/IMG-20231203-WA00001-150x69.jpg 150w, https:\/\/newsestlyonnais.fr\/site\/wp-content\/uploads\/2023\/12\/IMG-20231203-WA00001-50x23.jpg 50w, https:\/\/newsestlyonnais.fr\/site\/wp-content\/uploads\/2023\/12\/IMG-20231203-WA00001-100x46.jpg 100w, https:\/\/newsestlyonnais.fr\/site\/wp-content\/uploads\/2023\/12\/IMG-20231203-WA00001-200x92.jpg 200w, https:\/\/newsestlyonnais.fr\/site\/wp-content\/uploads\/2023\/12\/IMG-20231203-WA00001-300x139.jpg 300w, https:\/\/newsestlyonnais.fr\/site\/wp-content\/uploads\/2023\/12\/IMG-20231203-WA00001-350x162.jpg 350w, https:\/\/newsestlyonnais.fr\/site\/wp-content\/uploads\/2023\/12\/IMG-20231203-WA00001-450x208.jpg 450w, https:\/\/newsestlyonnais.fr\/site\/wp-content\/uploads\/2023\/12\/IMG-20231203-WA00001-500x231.jpg 500w, https:\/\/newsestlyonnais.fr\/site\/wp-content\/uploads\/2023\/12\/IMG-20231203-WA00001-550x254.jpg 550w, https:\/\/newsestlyonnais.fr\/site\/wp-content\/uploads\/2023\/12\/IMG-20231203-WA00001-800x369.jpg 800w, https:\/\/newsestlyonnais.fr\/site\/wp-content\/uploads\/2023\/12\/IMG-20231203-WA00001.jpg 1200w\" sizes=\"auto, (max-width: 150px) 100vw, 150px\" \/><\/a><span style=\"color: #ffcc00;\"><a style=\"color: #ffcc00;\" href=\"https:\/\/newsestlyonnais.fr\/site\/2023\/12\/08\/camille-marongin-jai-ete-portee-par-lelan-collectif-de-mon-club-et-par-notre-coach\/\">Camille Marongin \u00ab J\u2019ai \u00e9t\u00e9 port\u00e9e par l\u2019\u00e9lan collectif de mon club et par notre coach \u00bb<\/a><\/span><\/strong><\/span><\/p>\n<p class=\"entry-excerpt\"><span style=\"font-size: 10pt;\"><strong>L&rsquo;athl\u00e8te du D\u00e9cines-Meyzieu Athl\u00e9tisme (D.M.A.) est revenue, un an pr\u00e8s, disputer la Saint\u00e9lyon, avec comme objectif de rentrer dans le top 20 f\u00e9minin et courir en 9 heures.<\/strong><\/span><\/p>\n<hr \/>\n<p class=\"entry-title post-title\"><a href=\"https:\/\/newsestlyonnais.fr\/site\/2023\/12\/08\/saintelyon-moins-de-10-heures-en-relais-a-4-pour-les-cyclos-du-dimanche-asvel\/\"><span style=\"background-color: #000000; color: #ffcc00;\"><strong data-wp-editing=\"1\"><img loading=\"lazy\" decoding=\"async\" class=\"alignleft size-thumbnail wp-image-196234\" src=\"https:\/\/newsestlyonnais.fr\/site\/wp-content\/uploads\/2023\/12\/IMG-20231203-WA0026-250x167.jpg\" alt=\"\" width=\"150\" height=\"100\" srcset=\"https:\/\/newsestlyonnais.fr\/site\/wp-content\/uploads\/2023\/12\/IMG-20231203-WA0026-250x167.jpg 250w, https:\/\/newsestlyonnais.fr\/site\/wp-content\/uploads\/2023\/12\/IMG-20231203-WA0026-400x267.jpg 400w, https:\/\/newsestlyonnais.fr\/site\/wp-content\/uploads\/2023\/12\/IMG-20231203-WA0026-650x433.jpg 650w, https:\/\/newsestlyonnais.fr\/site\/wp-content\/uploads\/2023\/12\/IMG-20231203-WA0026-768x512.jpg 768w, https:\/\/newsestlyonnais.fr\/site\/wp-content\/uploads\/2023\/12\/IMG-20231203-WA0026-150x100.jpg 150w, https:\/\/newsestlyonnais.fr\/site\/wp-content\/uploads\/2023\/12\/IMG-20231203-WA0026-50x33.jpg 50w, https:\/\/newsestlyonnais.fr\/site\/wp-content\/uploads\/2023\/12\/IMG-20231203-WA0026-100x67.jpg 100w, https:\/\/newsestlyonnais.fr\/site\/wp-content\/uploads\/2023\/12\/IMG-20231203-WA0026-200x133.jpg 200w, https:\/\/newsestlyonnais.fr\/site\/wp-content\/uploads\/2023\/12\/IMG-20231203-WA0026-300x200.jpg 300w, https:\/\/newsestlyonnais.fr\/site\/wp-content\/uploads\/2023\/12\/IMG-20231203-WA0026-350x233.jpg 350w, https:\/\/newsestlyonnais.fr\/site\/wp-content\/uploads\/2023\/12\/IMG-20231203-WA0026-450x300.jpg 450w, https:\/\/newsestlyonnais.fr\/site\/wp-content\/uploads\/2023\/12\/IMG-20231203-WA0026-500x333.jpg 500w, https:\/\/newsestlyonnais.fr\/site\/wp-content\/uploads\/2023\/12\/IMG-20231203-WA0026-550x367.jpg 550w, https:\/\/newsestlyonnais.fr\/site\/wp-content\/uploads\/2023\/12\/IMG-20231203-WA0026-800x533.jpg 800w, https:\/\/newsestlyonnais.fr\/site\/wp-content\/uploads\/2023\/12\/IMG-20231203-WA0026.jpg 1200w\" sizes=\"auto, (max-width: 150px) 100vw, 150px\" \/>Moins de 10 h en relais \u00e0 4, pour les \u00ab Cyclos du dimanche ASVEL \u00bb<\/strong><\/span><\/a><\/p>\n<p class=\"entry-excerpt\"><span style=\"font-size: 10pt;\"><strong>Belle performance collective pour l&rsquo;\u00e9quipe mixte porteuse du dossard 4082 et compos\u00e9e de triathl\u00e8tes de la section de l&rsquo;ASVEL.<\/strong><\/span><\/p>\n<hr \/>\n<p class=\"entry-title post-title\"><strong><a href=\"https:\/\/newsestlyonnais.fr\/site\/2023\/12\/07\/sofiane-messah-cetait-loccasion-de-finir-lannee-en-beaute-avec-un-bel-objectif-personnel-et-sportif\/\"><img loading=\"lazy\" decoding=\"async\" class=\"alignleft size-thumbnail wp-image-196219\" src=\"https:\/\/newsestlyonnais.fr\/site\/wp-content\/uploads\/2023\/12\/00566-pT9dFp-250x167.jpg\" alt=\"\" width=\"150\" height=\"100\" srcset=\"https:\/\/newsestlyonnais.fr\/site\/wp-content\/uploads\/2023\/12\/00566-pT9dFp-250x167.jpg 250w, https:\/\/newsestlyonnais.fr\/site\/wp-content\/uploads\/2023\/12\/00566-pT9dFp-400x267.jpg 400w, https:\/\/newsestlyonnais.fr\/site\/wp-content\/uploads\/2023\/12\/00566-pT9dFp-650x433.jpg 650w, https:\/\/newsestlyonnais.fr\/site\/wp-content\/uploads\/2023\/12\/00566-pT9dFp-768x512.jpg 768w, https:\/\/newsestlyonnais.fr\/site\/wp-content\/uploads\/2023\/12\/00566-pT9dFp-150x100.jpg 150w, https:\/\/newsestlyonnais.fr\/site\/wp-content\/uploads\/2023\/12\/00566-pT9dFp-50x33.jpg 50w, https:\/\/newsestlyonnais.fr\/site\/wp-content\/uploads\/2023\/12\/00566-pT9dFp-100x67.jpg 100w, https:\/\/newsestlyonnais.fr\/site\/wp-content\/uploads\/2023\/12\/00566-pT9dFp-200x133.jpg 200w, https:\/\/newsestlyonnais.fr\/site\/wp-content\/uploads\/2023\/12\/00566-pT9dFp-300x200.jpg 300w, https:\/\/newsestlyonnais.fr\/site\/wp-content\/uploads\/2023\/12\/00566-pT9dFp-350x233.jpg 350w, https:\/\/newsestlyonnais.fr\/site\/wp-content\/uploads\/2023\/12\/00566-pT9dFp-450x300.jpg 450w, https:\/\/newsestlyonnais.fr\/site\/wp-content\/uploads\/2023\/12\/00566-pT9dFp-500x333.jpg 500w, https:\/\/newsestlyonnais.fr\/site\/wp-content\/uploads\/2023\/12\/00566-pT9dFp-550x367.jpg 550w, https:\/\/newsestlyonnais.fr\/site\/wp-content\/uploads\/2023\/12\/00566-pT9dFp-800x533.jpg 800w, https:\/\/newsestlyonnais.fr\/site\/wp-content\/uploads\/2023\/12\/00566-pT9dFp.jpg 1200w\" sizes=\"auto, (max-width: 150px) 100vw, 150px\" \/><\/a><a href=\"https:\/\/newsestlyonnais.fr\/site\/2023\/12\/07\/sofiane-messah-cetait-loccasion-de-finir-lannee-en-beaute-avec-un-bel-objectif-personnel-et-sportif\/\"><span style=\"background-color: #000000; color: #ffcc00;\">Sofiane Messah \u00ab C\u2019\u00e9tait l\u2019occasion de finir l\u2019ann\u00e9e en beaut\u00e9 avec un bel objectif personnel et sportif\u00a0\u00bb<\/span><\/a><\/strong><\/p>\n<p class=\"entry-excerpt\"><span style=\"font-size: 10pt;\"><strong>Apr\u00e8s avoir port\u00e9 les couleurs du D\u00e9cines-Meyzieu Athl\u00e9tisme pendant une d\u00e9cennie, cet ancien sp\u00e9cialiste du 800 m, pass\u00e9 au trail disputait la Saintexpress pour la seconde fois.<\/strong><\/span><\/p>\n<hr \/>\n<p class=\"entry-title post-title\"><strong><a href=\"https:\/\/newsestlyonnais.fr\/site\/2023\/12\/07\/sebastien-cimino-je-voulais-terminer-cette-annee-sur-un-format-plus-court-et-il-fallait-boucler-la-boucle\/\"><img loading=\"lazy\" decoding=\"async\" class=\"alignleft size-thumbnail wp-image-196184\" src=\"https:\/\/newsestlyonnais.fr\/site\/wp-content\/uploads\/2023\/12\/IMG_8572.thumbnail-250x195.jpg\" alt=\"\" width=\"150\" height=\"117\" srcset=\"https:\/\/newsestlyonnais.fr\/site\/wp-content\/uploads\/2023\/12\/IMG_8572.thumbnail-250x195.jpg 250w, https:\/\/newsestlyonnais.fr\/site\/wp-content\/uploads\/2023\/12\/IMG_8572.thumbnail-150x117.jpg 150w, https:\/\/newsestlyonnais.fr\/site\/wp-content\/uploads\/2023\/12\/IMG_8572.thumbnail-50x39.jpg 50w, https:\/\/newsestlyonnais.fr\/site\/wp-content\/uploads\/2023\/12\/IMG_8572.thumbnail-100x78.jpg 100w, https:\/\/newsestlyonnais.fr\/site\/wp-content\/uploads\/2023\/12\/IMG_8572.thumbnail-200x156.jpg 200w, https:\/\/newsestlyonnais.fr\/site\/wp-content\/uploads\/2023\/12\/IMG_8572.thumbnail-300x234.jpg 300w, https:\/\/newsestlyonnais.fr\/site\/wp-content\/uploads\/2023\/12\/IMG_8572.thumbnail.jpg 348w\" sizes=\"auto, (max-width: 150px) 100vw, 150px\" \/><\/a><a href=\"https:\/\/newsestlyonnais.fr\/site\/2023\/12\/07\/sebastien-cimino-je-voulais-terminer-cette-annee-sur-un-format-plus-court-et-il-fallait-boucler-la-boucle\/\"><span style=\"background-color: #000000; color: #ffcc00;\">S\u00e9bastien Cimino \u00ab Je voulais terminer cette ann\u00e9e sur un format plus court et il fallait boucler la boucle \u00bb<\/span><\/a><\/strong><\/p>\n<p class=\"entry-excerpt\"><span style=\"font-size: 10pt;\"><strong>Le coureur quadrag\u00e9naire du Corbas Running, apr\u00e8s une ann\u00e9e sportive \u00e9prouvante, s&rsquo;est \u00e0 nouveau align\u00e9, dix ans apr\u00e8s sa premi\u00e8re participation, sur la Saintexpress.<\/strong><\/span><\/p>\n<hr \/>\n<p class=\"entry-title post-title\"><strong><a href=\"https:\/\/newsestlyonnais.fr\/site\/2023\/12\/07\/maxence-pomeon-content-du-chrono-realise-les-lignes-de-frontales-percant-le-noir-resteront-gravees\/\"><img loading=\"lazy\" decoding=\"async\" class=\"alignleft size-thumbnail wp-image-196156\" src=\"https:\/\/newsestlyonnais.fr\/site\/wp-content\/uploads\/2023\/12\/Photo-finisher-SaintExpress-250x167.jpeg\" alt=\"\" width=\"150\" height=\"100\" srcset=\"https:\/\/newsestlyonnais.fr\/site\/wp-content\/uploads\/2023\/12\/Photo-finisher-SaintExpress-250x167.jpeg 250w, https:\/\/newsestlyonnais.fr\/site\/wp-content\/uploads\/2023\/12\/Photo-finisher-SaintExpress-400x267.jpeg 400w, https:\/\/newsestlyonnais.fr\/site\/wp-content\/uploads\/2023\/12\/Photo-finisher-SaintExpress-650x433.jpeg 650w, https:\/\/newsestlyonnais.fr\/site\/wp-content\/uploads\/2023\/12\/Photo-finisher-SaintExpress-768x512.jpeg 768w, https:\/\/newsestlyonnais.fr\/site\/wp-content\/uploads\/2023\/12\/Photo-finisher-SaintExpress-150x100.jpeg 150w, https:\/\/newsestlyonnais.fr\/site\/wp-content\/uploads\/2023\/12\/Photo-finisher-SaintExpress-50x33.jpeg 50w, https:\/\/newsestlyonnais.fr\/site\/wp-content\/uploads\/2023\/12\/Photo-finisher-SaintExpress-100x67.jpeg 100w, https:\/\/newsestlyonnais.fr\/site\/wp-content\/uploads\/2023\/12\/Photo-finisher-SaintExpress-200x133.jpeg 200w, https:\/\/newsestlyonnais.fr\/site\/wp-content\/uploads\/2023\/12\/Photo-finisher-SaintExpress-300x200.jpeg 300w, https:\/\/newsestlyonnais.fr\/site\/wp-content\/uploads\/2023\/12\/Photo-finisher-SaintExpress-350x233.jpeg 350w, https:\/\/newsestlyonnais.fr\/site\/wp-content\/uploads\/2023\/12\/Photo-finisher-SaintExpress-450x300.jpeg 450w, https:\/\/newsestlyonnais.fr\/site\/wp-content\/uploads\/2023\/12\/Photo-finisher-SaintExpress-500x333.jpeg 500w, https:\/\/newsestlyonnais.fr\/site\/wp-content\/uploads\/2023\/12\/Photo-finisher-SaintExpress-550x367.jpeg 550w, https:\/\/newsestlyonnais.fr\/site\/wp-content\/uploads\/2023\/12\/Photo-finisher-SaintExpress-800x533.jpeg 800w, https:\/\/newsestlyonnais.fr\/site\/wp-content\/uploads\/2023\/12\/Photo-finisher-SaintExpress.jpeg 1200w\" sizes=\"auto, (max-width: 150px) 100vw, 150px\" \/><\/a><a href=\"https:\/\/newsestlyonnais.fr\/site\/2023\/12\/07\/maxence-pomeon-content-du-chrono-realise-les-lignes-de-frontales-percant-le-noir-resteront-gravees\/\"><span style=\"background-color: #000000; color: #ffcc00;\">Maxence Pomeon \u00ab Content du chrono r\u00e9alis\u00e9, les lignes de frontales per\u00e7ant le noir resteront grav\u00e9es \u00bb<\/span><\/a><\/strong><\/p>\n<p class=\"entry-excerpt\"><span style=\"font-size: 10pt;\"><strong>Le jeune lyonnais qui a d\u00e9marr\u00e9 l&rsquo;athl\u00e9tisme cette ann\u00e9e au club de l&rsquo;ASUL Bron a souhait\u00e9 conna\u00eetre sa premi\u00e8re exp\u00e9rience de trail en s&rsquo;alignant sur la Saintexpress.<\/strong><\/span><\/p>\n<hr \/>\n<p class=\"entry-title post-title\"><strong><a href=\"https:\/\/newsestlyonnais.fr\/site\/2023\/12\/06\/song-chevailler-je-voulais-jauger-ma-forme-physique-dans-des-conditions-difficiles-et-pas-trop-de-denivele\/\"><img loading=\"lazy\" decoding=\"async\" class=\"alignleft size-thumbnail wp-image-196180\" src=\"https:\/\/newsestlyonnais.fr\/site\/wp-content\/uploads\/2023\/12\/IMG_20231202_223910-1-250x235.jpg\" alt=\"\" width=\"150\" height=\"141\" srcset=\"https:\/\/newsestlyonnais.fr\/site\/wp-content\/uploads\/2023\/12\/IMG_20231202_223910-1-250x235.jpg 250w, https:\/\/newsestlyonnais.fr\/site\/wp-content\/uploads\/2023\/12\/IMG_20231202_223910-1-400x376.jpg 400w, https:\/\/newsestlyonnais.fr\/site\/wp-content\/uploads\/2023\/12\/IMG_20231202_223910-1-650x611.jpg 650w, https:\/\/newsestlyonnais.fr\/site\/wp-content\/uploads\/2023\/12\/IMG_20231202_223910-1-150x141.jpg 150w, https:\/\/newsestlyonnais.fr\/site\/wp-content\/uploads\/2023\/12\/IMG_20231202_223910-1-50x47.jpg 50w, https:\/\/newsestlyonnais.fr\/site\/wp-content\/uploads\/2023\/12\/IMG_20231202_223910-1-100x94.jpg 100w, https:\/\/newsestlyonnais.fr\/site\/wp-content\/uploads\/2023\/12\/IMG_20231202_223910-1-200x188.jpg 200w, https:\/\/newsestlyonnais.fr\/site\/wp-content\/uploads\/2023\/12\/IMG_20231202_223910-1-300x282.jpg 300w, https:\/\/newsestlyonnais.fr\/site\/wp-content\/uploads\/2023\/12\/IMG_20231202_223910-1-350x329.jpg 350w, https:\/\/newsestlyonnais.fr\/site\/wp-content\/uploads\/2023\/12\/IMG_20231202_223910-1-450x423.jpg 450w, https:\/\/newsestlyonnais.fr\/site\/wp-content\/uploads\/2023\/12\/IMG_20231202_223910-1-500x470.jpg 500w, https:\/\/newsestlyonnais.fr\/site\/wp-content\/uploads\/2023\/12\/IMG_20231202_223910-1-550x517.jpg 550w, https:\/\/newsestlyonnais.fr\/site\/wp-content\/uploads\/2023\/12\/IMG_20231202_223910-1.jpg 715w\" sizes=\"auto, (max-width: 150px) 100vw, 150px\" \/><\/a><a href=\"https:\/\/newsestlyonnais.fr\/site\/2023\/12\/06\/song-chevailler-je-voulais-jauger-ma-forme-physique-dans-des-conditions-difficiles-et-pas-trop-de-denivele\/\"><span style=\"background-color: #000000; color: #ffcc00;\">Song Chevailler \u00ab Je voulais jauger ma forme physique dans des conditions difficiles et pas trop de d\u00e9nivel\u00e9 \u00bb<\/span><\/a><\/strong><\/p>\n<p class=\"entry-excerpt\"><span style=\"font-size: 10pt;\"><strong>Membre de l&rsquo;ASUL Bron, elle participait ce week-end pour la 5\u00b0 fois \u00e0 une des formules de la Saint\u00e9lyon en prenant le d\u00e9part de la Saint\u00e9sprint.<\/strong><\/span><\/p>\n<hr \/>\n<p class=\"entry-title post-title\"><strong><a href=\"https:\/\/newsestlyonnais.fr\/site\/2023\/12\/06\/edouard-leculier-lyonnais-je-connais-la-saintelyon-qui-fait-partie-du-patrimoine-sportif-local-et-national\/\"><img loading=\"lazy\" decoding=\"async\" class=\"alignleft size-thumbnail wp-image-196027\" src=\"https:\/\/newsestlyonnais.fr\/site\/wp-content\/uploads\/2023\/12\/0-2223-11719-14-02914-Tlpb95-250x167.jpg\" alt=\"\" width=\"150\" height=\"100\" srcset=\"https:\/\/newsestlyonnais.fr\/site\/wp-content\/uploads\/2023\/12\/0-2223-11719-14-02914-Tlpb95-250x167.jpg 250w, https:\/\/newsestlyonnais.fr\/site\/wp-content\/uploads\/2023\/12\/0-2223-11719-14-02914-Tlpb95-400x267.jpg 400w, https:\/\/newsestlyonnais.fr\/site\/wp-content\/uploads\/2023\/12\/0-2223-11719-14-02914-Tlpb95-650x433.jpg 650w, https:\/\/newsestlyonnais.fr\/site\/wp-content\/uploads\/2023\/12\/0-2223-11719-14-02914-Tlpb95-768x512.jpg 768w, https:\/\/newsestlyonnais.fr\/site\/wp-content\/uploads\/2023\/12\/0-2223-11719-14-02914-Tlpb95-150x100.jpg 150w, https:\/\/newsestlyonnais.fr\/site\/wp-content\/uploads\/2023\/12\/0-2223-11719-14-02914-Tlpb95-50x33.jpg 50w, https:\/\/newsestlyonnais.fr\/site\/wp-content\/uploads\/2023\/12\/0-2223-11719-14-02914-Tlpb95-100x67.jpg 100w, https:\/\/newsestlyonnais.fr\/site\/wp-content\/uploads\/2023\/12\/0-2223-11719-14-02914-Tlpb95-200x133.jpg 200w, https:\/\/newsestlyonnais.fr\/site\/wp-content\/uploads\/2023\/12\/0-2223-11719-14-02914-Tlpb95-300x200.jpg 300w, https:\/\/newsestlyonnais.fr\/site\/wp-content\/uploads\/2023\/12\/0-2223-11719-14-02914-Tlpb95-350x233.jpg 350w, https:\/\/newsestlyonnais.fr\/site\/wp-content\/uploads\/2023\/12\/0-2223-11719-14-02914-Tlpb95-450x300.jpg 450w, https:\/\/newsestlyonnais.fr\/site\/wp-content\/uploads\/2023\/12\/0-2223-11719-14-02914-Tlpb95-500x333.jpg 500w, https:\/\/newsestlyonnais.fr\/site\/wp-content\/uploads\/2023\/12\/0-2223-11719-14-02914-Tlpb95-550x366.jpg 550w, https:\/\/newsestlyonnais.fr\/site\/wp-content\/uploads\/2023\/12\/0-2223-11719-14-02914-Tlpb95-800x533.jpg 800w, https:\/\/newsestlyonnais.fr\/site\/wp-content\/uploads\/2023\/12\/0-2223-11719-14-02914-Tlpb95.jpg 863w\" sizes=\"auto, (max-width: 150px) 100vw, 150px\" \/><\/a><a href=\"https:\/\/newsestlyonnais.fr\/site\/2023\/12\/06\/edouard-leculier-lyonnais-je-connais-la-saintelyon-qui-fait-partie-du-patrimoine-sportif-local-et-national\/\"><span style=\"background-color: #000000; color: #ffcc00;\">Edouard Leculier \u00ab Lyonnais, je connais la Saint\u00e9lyon qui fait partie du patrimoine sportif local et national \u00bb<\/span><\/a><\/strong><\/p>\n<p class=\"entry-excerpt\"><span style=\"font-size: 10pt;\"><strong>Le coureur, qui avait auparavant disput\u00e9 d&rsquo;autres formats de l&rsquo;\u00e9preuve s&rsquo;est align\u00e9 sur la Saintexpress, atteignant pleinement son objectif de chrono en finissant m\u00eame \u00e0 la 5\u00b0 place.<\/strong><\/span><\/p>\n<hr \/>\n<p class=\"entry-title post-title\"><strong><a href=\"https:\/\/newsestlyonnais.fr\/site\/2023\/12\/05\/saintelyon-belle-delegation-de-lasvel-athletisme\/\"><img loading=\"lazy\" decoding=\"async\" class=\"alignleft wp-image-195935 size-thumbnail\" src=\"https:\/\/newsestlyonnais.fr\/site\/wp-content\/uploads\/2023\/12\/406315616_370438728793789_5236731858558534076_n-250x238.jpg\" alt=\"\" width=\"150\" height=\"143\" srcset=\"https:\/\/newsestlyonnais.fr\/site\/wp-content\/uploads\/2023\/12\/406315616_370438728793789_5236731858558534076_n-250x238.jpg 250w, https:\/\/newsestlyonnais.fr\/site\/wp-content\/uploads\/2023\/12\/406315616_370438728793789_5236731858558534076_n-400x380.jpg 400w, https:\/\/newsestlyonnais.fr\/site\/wp-content\/uploads\/2023\/12\/406315616_370438728793789_5236731858558534076_n-650x618.jpg 650w, https:\/\/newsestlyonnais.fr\/site\/wp-content\/uploads\/2023\/12\/406315616_370438728793789_5236731858558534076_n-150x143.jpg 150w, https:\/\/newsestlyonnais.fr\/site\/wp-content\/uploads\/2023\/12\/406315616_370438728793789_5236731858558534076_n-50x48.jpg 50w, https:\/\/newsestlyonnais.fr\/site\/wp-content\/uploads\/2023\/12\/406315616_370438728793789_5236731858558534076_n-100x95.jpg 100w, https:\/\/newsestlyonnais.fr\/site\/wp-content\/uploads\/2023\/12\/406315616_370438728793789_5236731858558534076_n-200x190.jpg 200w, https:\/\/newsestlyonnais.fr\/site\/wp-content\/uploads\/2023\/12\/406315616_370438728793789_5236731858558534076_n-300x285.jpg 300w, https:\/\/newsestlyonnais.fr\/site\/wp-content\/uploads\/2023\/12\/406315616_370438728793789_5236731858558534076_n-350x333.jpg 350w, https:\/\/newsestlyonnais.fr\/site\/wp-content\/uploads\/2023\/12\/406315616_370438728793789_5236731858558534076_n-450x428.jpg 450w, https:\/\/newsestlyonnais.fr\/site\/wp-content\/uploads\/2023\/12\/406315616_370438728793789_5236731858558534076_n-500x475.jpg 500w, https:\/\/newsestlyonnais.fr\/site\/wp-content\/uploads\/2023\/12\/406315616_370438728793789_5236731858558534076_n-550x523.jpg 550w, https:\/\/newsestlyonnais.fr\/site\/wp-content\/uploads\/2023\/12\/406315616_370438728793789_5236731858558534076_n.jpg 767w\" sizes=\"auto, (max-width: 150px) 100vw, 150px\" \/><\/a><a href=\"https:\/\/newsestlyonnais.fr\/site\/2023\/12\/05\/saintelyon-belle-delegation-de-lasvel-athletisme\/\"><span style=\"background-color: #000000; color: #ffcc00;\">Belle d\u00e9l\u00e9gation de l\u2019ASVEL Athl\u00e9tisme<\/span><\/a><\/strong><\/p>\n<p class=\"entry-excerpt\"><span style=\"font-size: 10pt;\"><strong>Un groupe de parents qui s&rsquo;est mis \u00e0 la course sur le tard\u00a0en suivant leurs enfants au club et en s\u2019inscrivant au groupe \u00ab\u00a0running loisir\u00a0\u00bb\u2026 sans objectif r\u00e9el de comp\u00e9tition.<\/strong><\/span><\/p>\n<p>&nbsp;<\/p>\n<hr \/>\n<p class=\"entry-title post-title\"><a href=\"https:\/\/newsestlyonnais.fr\/site\/2023\/12\/04\/feyzin-venissieux-17-membres-de-lafa-a-la-saintelyonmem\/\"><span style=\"background-color: #000000; color: #ffcc00;\"><strong>FEYZIN-VENISSIEUX | 17 athl\u00e8tes de l\u2019AFA \u00e0 la Saint\u00e9lyon<\/strong><\/span><\/a><a href=\"https:\/\/newsestlyonnais.fr\/site\/2023\/12\/04\/feyzin-venissieux-17-membres-de-lafa-a-la-saintelyonmem\/\"><img loading=\"lazy\" decoding=\"async\" class=\"alignleft wp-image-195894 size-thumbnail\" src=\"https:\/\/newsestlyonnais.fr\/site\/wp-content\/uploads\/2023\/12\/2023-12-03_Yannick-Perringroupe-AFA-2-250x187.jpg\" alt=\"\" width=\"150\" height=\"112\" srcset=\"https:\/\/newsestlyonnais.fr\/site\/wp-content\/uploads\/2023\/12\/2023-12-03_Yannick-Perringroupe-AFA-2-250x187.jpg 250w, https:\/\/newsestlyonnais.fr\/site\/wp-content\/uploads\/2023\/12\/2023-12-03_Yannick-Perringroupe-AFA-2-400x300.jpg 400w, https:\/\/newsestlyonnais.fr\/site\/wp-content\/uploads\/2023\/12\/2023-12-03_Yannick-Perringroupe-AFA-2-650x487.jpg 650w, https:\/\/newsestlyonnais.fr\/site\/wp-content\/uploads\/2023\/12\/2023-12-03_Yannick-Perringroupe-AFA-2-150x112.jpg 150w, https:\/\/newsestlyonnais.fr\/site\/wp-content\/uploads\/2023\/12\/2023-12-03_Yannick-Perringroupe-AFA-2-50x37.jpg 50w, https:\/\/newsestlyonnais.fr\/site\/wp-content\/uploads\/2023\/12\/2023-12-03_Yannick-Perringroupe-AFA-2-100x75.jpg 100w, https:\/\/newsestlyonnais.fr\/site\/wp-content\/uploads\/2023\/12\/2023-12-03_Yannick-Perringroupe-AFA-2-200x150.jpg 200w, https:\/\/newsestlyonnais.fr\/site\/wp-content\/uploads\/2023\/12\/2023-12-03_Yannick-Perringroupe-AFA-2-300x225.jpg 300w, https:\/\/newsestlyonnais.fr\/site\/wp-content\/uploads\/2023\/12\/2023-12-03_Yannick-Perringroupe-AFA-2-350x262.jpg 350w, https:\/\/newsestlyonnais.fr\/site\/wp-content\/uploads\/2023\/12\/2023-12-03_Yannick-Perringroupe-AFA-2-450x337.jpg 450w, https:\/\/newsestlyonnais.fr\/site\/wp-content\/uploads\/2023\/12\/2023-12-03_Yannick-Perringroupe-AFA-2-500x375.jpg 500w, https:\/\/newsestlyonnais.fr\/site\/wp-content\/uploads\/2023\/12\/2023-12-03_Yannick-Perringroupe-AFA-2-550x412.jpg 550w, https:\/\/newsestlyonnais.fr\/site\/wp-content\/uploads\/2023\/12\/2023-12-03_Yannick-Perringroupe-AFA-2.jpg 767w\" sizes=\"auto, (max-width: 150px) 100vw, 150px\" \/><\/a><\/p>\n<p class=\"entry-excerpt\"><span style=\"font-size: 10pt;\"><strong>Bilan sportif positif avec 14 finishers en solo sur 3 formules pour le club r\u00e9cent organisateur des Foul\u00e9es V\u00e9nissianes et pr\u00e9sid\u00e9 par Julien Serre<\/strong>.<\/span><\/p>\n<hr \/>\n<hr \/>\n<p class=\"entry-title post-title\"><strong><a href=\"https:\/\/newsestlyonnais.fr\/site\/2023\/12\/01\/le-run-trail-les-loups-en-masse-sur-la-saintelyon\/\"><img loading=\"lazy\" decoding=\"async\" class=\"alignleft size-thumbnail wp-image-195675\" src=\"https:\/\/newsestlyonnais.fr\/site\/wp-content\/uploads\/2023\/12\/370083809_1074153757333967_7527272657544561768_n-250x188.jpg\" alt=\"\" width=\"150\" height=\"113\" srcset=\"https:\/\/newsestlyonnais.fr\/site\/wp-content\/uploads\/2023\/12\/370083809_1074153757333967_7527272657544561768_n-250x188.jpg 250w, https:\/\/newsestlyonnais.fr\/site\/wp-content\/uploads\/2023\/12\/370083809_1074153757333967_7527272657544561768_n-400x300.jpg 400w, https:\/\/newsestlyonnais.fr\/site\/wp-content\/uploads\/2023\/12\/370083809_1074153757333967_7527272657544561768_n-650x488.jpg 650w, https:\/\/newsestlyonnais.fr\/site\/wp-content\/uploads\/2023\/12\/370083809_1074153757333967_7527272657544561768_n-768x576.jpg 768w, https:\/\/newsestlyonnais.fr\/site\/wp-content\/uploads\/2023\/12\/370083809_1074153757333967_7527272657544561768_n-150x113.jpg 150w, https:\/\/newsestlyonnais.fr\/site\/wp-content\/uploads\/2023\/12\/370083809_1074153757333967_7527272657544561768_n-50x38.jpg 50w, https:\/\/newsestlyonnais.fr\/site\/wp-content\/uploads\/2023\/12\/370083809_1074153757333967_7527272657544561768_n-100x75.jpg 100w, https:\/\/newsestlyonnais.fr\/site\/wp-content\/uploads\/2023\/12\/370083809_1074153757333967_7527272657544561768_n-200x150.jpg 200w, https:\/\/newsestlyonnais.fr\/site\/wp-content\/uploads\/2023\/12\/370083809_1074153757333967_7527272657544561768_n-300x225.jpg 300w, https:\/\/newsestlyonnais.fr\/site\/wp-content\/uploads\/2023\/12\/370083809_1074153757333967_7527272657544561768_n-350x263.jpg 350w, https:\/\/newsestlyonnais.fr\/site\/wp-content\/uploads\/2023\/12\/370083809_1074153757333967_7527272657544561768_n-450x338.jpg 450w, https:\/\/newsestlyonnais.fr\/site\/wp-content\/uploads\/2023\/12\/370083809_1074153757333967_7527272657544561768_n-500x375.jpg 500w, https:\/\/newsestlyonnais.fr\/site\/wp-content\/uploads\/2023\/12\/370083809_1074153757333967_7527272657544561768_n-550x413.jpg 550w, https:\/\/newsestlyonnais.fr\/site\/wp-content\/uploads\/2023\/12\/370083809_1074153757333967_7527272657544561768_n-800x600.jpg 800w, https:\/\/newsestlyonnais.fr\/site\/wp-content\/uploads\/2023\/12\/370083809_1074153757333967_7527272657544561768_n.jpg 1200w\" sizes=\"auto, (max-width: 150px) 100vw, 150px\" \/><\/a><a href=\"https:\/\/newsestlyonnais.fr\/site\/2023\/12\/01\/le-run-trail-les-loups-en-masse-sur-la-saintelyon\/\"><span style=\"background-color: #000000; color: #ffcc00;\">Le \u00ab\u00a0Run Trail Les Loups\u00a0\u00bb en masse sur la Saint\u00e9lyon<\/span><\/a><\/strong><\/p>\n<p class=\"entry-excerpt\"><span style=\"font-size: 10pt;\"><strong>Ils seront 16 membres sur les 61 de cette association aindinoise fond\u00e9e en janvier 2022 \u00e0 participer ce week-end, \u00e0 la 69\u00b0 \u00e9dition du raid nocturne sur divers formats.<\/strong><\/span><\/p>\n<hr \/>\n<hr \/>\n<p>&nbsp;<\/p>\n","protected":false},"excerpt":{"rendered":"<p>+ de 17.000 participants pour la 69\u00b0 \u00e9dition, retour sur l\u00a0\u00bb\u00e9preuve, avec des impressions de participants :<\/p>\n","protected":false},"author":4,"featured_media":170649,"comment_status":"open","ping_status":"open","sticky":false,"template":"","format":"standard","meta":{"footnotes":""},"categories":[4969,2968,1625],"tags":[2077,2076],"class_list":["post-196618","post","type-post","status-publish","format-standard","has-post-thumbnail","hentry","category-archives-sports","category-athle-course-pied-marche","category-lyon","tag-lyon","tag-saintelyon"],"yoast_head":"<!-- This site is optimized with the Yoast SEO plugin v27.2 - https:\/\/yoast.com\/product\/yoast-seo-wordpress\/ -->\n<title>SAINTELYON 2023 - News Est Lyonnais<\/title>\n<meta name=\"description\" content=\"SAINTELYON 2023\" \/>\n<meta name=\"robots\" content=\"index, follow, max-snippet:-1, max-image-preview:large, max-video-preview:-1\" \/>\n<link rel=\"canonical\" href=\"https:\/\/newsestlyonnais.fr\/site\/2023\/12\/12\/saintelyon-2023\/\" \/>\n<meta property=\"og:locale\" content=\"fr_FR\" \/>\n<meta property=\"og:type\" content=\"article\" \/>\n<meta property=\"og:title\" content=\"SAINTELYON 2023 - News Est Lyonnais\" \/>\n<meta property=\"og:description\" content=\"SAINTELYON 2023\" \/>\n<meta property=\"og:url\" content=\"https:\/\/newsestlyonnais.fr\/site\/2023\/12\/12\/saintelyon-2023\/\" \/>\n<meta property=\"og:site_name\" content=\"News Est Lyonnais\" \/>\n<meta property=\"article:author\" content=\"https:\/\/www.facebook.com\/pascal.oberson.1?fref=ts\" \/>\n<meta property=\"article:published_time\" content=\"2023-12-12T13:08:01+00:00\" \/>\n<meta property=\"article:modified_time\" content=\"2024-01-13T16:03:56+00:00\" \/>\n<meta property=\"og:image\" content=\"https:\/\/newsestlyonnais.fr\/site\/wp-content\/uploads\/2022\/12\/P1410937.jpg\" \/>\n\t<meta property=\"og:image:width\" content=\"1200\" \/>\n\t<meta property=\"og:image:height\" content=\"900\" \/>\n\t<meta property=\"og:image:type\" content=\"image\/jpeg\" \/>\n<meta name=\"author\" content=\"R\u00e9dac. NEWS\" \/>\n<meta name=\"twitter:card\" content=\"summary_large_image\" \/>\n<meta name=\"twitter:label1\" content=\"\u00c9crit par\" \/>\n\t<meta name=\"twitter:data1\" content=\"R\u00e9dac. NEWS\" \/>\n\t<meta name=\"twitter:label2\" content=\"Dur\u00e9e de lecture estim\u00e9e\" \/>\n\t<meta name=\"twitter:data2\" content=\"6 minutes\" \/>\n<script type=\"application\/ld+json\" class=\"yoast-schema-graph\">{\"@context\":\"https:\/\/schema.org\",\"@graph\":[{\"@type\":\"Article\",\"@id\":\"https:\/\/newsestlyonnais.fr\/site\/2023\/12\/12\/saintelyon-2023\/#article\",\"isPartOf\":{\"@id\":\"https:\/\/newsestlyonnais.fr\/site\/2023\/12\/12\/saintelyon-2023\/\"},\"author\":{\"name\":\"R\u00e9dac. NEWS\",\"@id\":\"https:\/\/newsestlyonnais.fr\/site\/#\/schema\/person\/3230d5615f390bb808365d673001e887\"},\"headline\":\"SAINTELYON 2023\",\"datePublished\":\"2023-12-12T13:08:01+00:00\",\"dateModified\":\"2024-01-13T16:03:56+00:00\",\"mainEntityOfPage\":{\"@id\":\"https:\/\/newsestlyonnais.fr\/site\/2023\/12\/12\/saintelyon-2023\/\"},\"wordCount\":570,\"commentCount\":0,\"publisher\":{\"@id\":\"https:\/\/newsestlyonnais.fr\/site\/#organization\"},\"image\":{\"@id\":\"https:\/\/newsestlyonnais.fr\/site\/2023\/12\/12\/saintelyon-2023\/#primaryimage\"},\"thumbnailUrl\":\"https:\/\/newsestlyonnais.fr\/site\/wp-content\/uploads\/2022\/12\/P1410937.jpg\",\"keywords\":[\"LYON\",\"SAINTELYON\"],\"articleSection\":[\"Archives \\\" sports \\\"\",\"Athl\u00e9 | Course pied | Marche\",\"Lyon\"],\"inLanguage\":\"fr-FR\",\"potentialAction\":[{\"@type\":\"CommentAction\",\"name\":\"Comment\",\"target\":[\"https:\/\/newsestlyonnais.fr\/site\/2023\/12\/12\/saintelyon-2023\/#respond\"]}]},{\"@type\":\"WebPage\",\"@id\":\"https:\/\/newsestlyonnais.fr\/site\/2023\/12\/12\/saintelyon-2023\/\",\"url\":\"https:\/\/newsestlyonnais.fr\/site\/2023\/12\/12\/saintelyon-2023\/\",\"name\":\"SAINTELYON 2023 - News Est Lyonnais\",\"isPartOf\":{\"@id\":\"https:\/\/newsestlyonnais.fr\/site\/#website\"},\"primaryImageOfPage\":{\"@id\":\"https:\/\/newsestlyonnais.fr\/site\/2023\/12\/12\/saintelyon-2023\/#primaryimage\"},\"image\":{\"@id\":\"https:\/\/newsestlyonnais.fr\/site\/2023\/12\/12\/saintelyon-2023\/#primaryimage\"},\"thumbnailUrl\":\"https:\/\/newsestlyonnais.fr\/site\/wp-content\/uploads\/2022\/12\/P1410937.jpg\",\"datePublished\":\"2023-12-12T13:08:01+00:00\",\"dateModified\":\"2024-01-13T16:03:56+00:00\",\"description\":\"SAINTELYON 2023\",\"breadcrumb\":{\"@id\":\"https:\/\/newsestlyonnais.fr\/site\/2023\/12\/12\/saintelyon-2023\/#breadcrumb\"},\"inLanguage\":\"fr-FR\",\"potentialAction\":[{\"@type\":\"ReadAction\",\"target\":[\"https:\/\/newsestlyonnais.fr\/site\/2023\/12\/12\/saintelyon-2023\/\"]}]},{\"@type\":\"ImageObject\",\"inLanguage\":\"fr-FR\",\"@id\":\"https:\/\/newsestlyonnais.fr\/site\/2023\/12\/12\/saintelyon-2023\/#primaryimage\",\"url\":\"https:\/\/newsestlyonnais.fr\/site\/wp-content\/uploads\/2022\/12\/P1410937.jpg\",\"contentUrl\":\"https:\/\/newsestlyonnais.fr\/site\/wp-content\/uploads\/2022\/12\/P1410937.jpg\",\"width\":1200,\"height\":900},{\"@type\":\"BreadcrumbList\",\"@id\":\"https:\/\/newsestlyonnais.fr\/site\/2023\/12\/12\/saintelyon-2023\/#breadcrumb\",\"itemListElement\":[{\"@type\":\"ListItem\",\"position\":1,\"name\":\"Accueil\",\"item\":\"https:\/\/newsestlyonnais.fr\/site\/\"},{\"@type\":\"ListItem\",\"position\":2,\"name\":\"SAINTELYON 2023\"}]},{\"@type\":\"WebSite\",\"@id\":\"https:\/\/newsestlyonnais.fr\/site\/#website\",\"url\":\"https:\/\/newsestlyonnais.fr\/site\/\",\"name\":\"News Est Lyonnais\",\"description\":\"L&#039;actualit\u00e9 au plus pr\u00e8s\",\"publisher\":{\"@id\":\"https:\/\/newsestlyonnais.fr\/site\/#organization\"},\"potentialAction\":[{\"@type\":\"SearchAction\",\"target\":{\"@type\":\"EntryPoint\",\"urlTemplate\":\"https:\/\/newsestlyonnais.fr\/site\/?s={search_term_string}\"},\"query-input\":{\"@type\":\"PropertyValueSpecification\",\"valueRequired\":true,\"valueName\":\"search_term_string\"}}],\"inLanguage\":\"fr-FR\"},{\"@type\":\"Organization\",\"@id\":\"https:\/\/newsestlyonnais.fr\/site\/#organization\",\"name\":\"News EST LYONNAIS\",\"url\":\"https:\/\/newsestlyonnais.fr\/site\/\",\"logo\":{\"@type\":\"ImageObject\",\"inLanguage\":\"fr-FR\",\"@id\":\"https:\/\/newsestlyonnais.fr\/site\/#\/schema\/logo\/image\/\",\"url\":\"\",\"contentUrl\":\"\",\"caption\":\"News EST LYONNAIS\"},\"image\":{\"@id\":\"https:\/\/newsestlyonnais.fr\/site\/#\/schema\/logo\/image\/\"}},{\"@type\":\"Person\",\"@id\":\"https:\/\/newsestlyonnais.fr\/site\/#\/schema\/person\/3230d5615f390bb808365d673001e887\",\"name\":\"R\u00e9dac. NEWS\",\"sameAs\":[\"http:\/\/www.newsestlyonnais.fr\",\"https:\/\/www.facebook.com\/pascal.oberson.1?fref=ts\",\"https:\/\/fr.linkedin.com\/in\/pascal-oberson-b17045113\"],\"url\":\"https:\/\/newsestlyonnais.fr\/site\/author\/nel\/\"}]}<\/script>\n<!-- \/ Yoast SEO plugin. -->","yoast_head_json":{"title":"SAINTELYON 2023 - News Est Lyonnais","description":"SAINTELYON 2023","robots":{"index":"index","follow":"follow","max-snippet":"max-snippet:-1","max-image-preview":"max-image-preview:large","max-video-preview":"max-video-preview:-1"},"canonical":"https:\/\/newsestlyonnais.fr\/site\/2023\/12\/12\/saintelyon-2023\/","og_locale":"fr_FR","og_type":"article","og_title":"SAINTELYON 2023 - News Est Lyonnais","og_description":"SAINTELYON 2023","og_url":"https:\/\/newsestlyonnais.fr\/site\/2023\/12\/12\/saintelyon-2023\/","og_site_name":"News Est Lyonnais","article_author":"https:\/\/www.facebook.com\/pascal.oberson.1?fref=ts","article_published_time":"2023-12-12T13:08:01+00:00","article_modified_time":"2024-01-13T16:03:56+00:00","og_image":[{"width":1200,"height":900,"url":"https:\/\/newsestlyonnais.fr\/site\/wp-content\/uploads\/2022\/12\/P1410937.jpg","type":"image\/jpeg"}],"author":"R\u00e9dac. NEWS","twitter_card":"summary_large_image","twitter_misc":{"\u00c9crit par":"R\u00e9dac. NEWS","Dur\u00e9e de lecture estim\u00e9e":"6 minutes"},"schema":{"@context":"https:\/\/schema.org","@graph":[{"@type":"Article","@id":"https:\/\/newsestlyonnais.fr\/site\/2023\/12\/12\/saintelyon-2023\/#article","isPartOf":{"@id":"https:\/\/newsestlyonnais.fr\/site\/2023\/12\/12\/saintelyon-2023\/"},"author":{"name":"R\u00e9dac. NEWS","@id":"https:\/\/newsestlyonnais.fr\/site\/#\/schema\/person\/3230d5615f390bb808365d673001e887"},"headline":"SAINTELYON 2023","datePublished":"2023-12-12T13:08:01+00:00","dateModified":"2024-01-13T16:03:56+00:00","mainEntityOfPage":{"@id":"https:\/\/newsestlyonnais.fr\/site\/2023\/12\/12\/saintelyon-2023\/"},"wordCount":570,"commentCount":0,"publisher":{"@id":"https:\/\/newsestlyonnais.fr\/site\/#organization"},"image":{"@id":"https:\/\/newsestlyonnais.fr\/site\/2023\/12\/12\/saintelyon-2023\/#primaryimage"},"thumbnailUrl":"https:\/\/newsestlyonnais.fr\/site\/wp-content\/uploads\/2022\/12\/P1410937.jpg","keywords":["LYON","SAINTELYON"],"articleSection":["Archives \" sports \"","Athl\u00e9 | Course pied | Marche","Lyon"],"inLanguage":"fr-FR","potentialAction":[{"@type":"CommentAction","name":"Comment","target":["https:\/\/newsestlyonnais.fr\/site\/2023\/12\/12\/saintelyon-2023\/#respond"]}]},{"@type":"WebPage","@id":"https:\/\/newsestlyonnais.fr\/site\/2023\/12\/12\/saintelyon-2023\/","url":"https:\/\/newsestlyonnais.fr\/site\/2023\/12\/12\/saintelyon-2023\/","name":"SAINTELYON 2023 - News Est Lyonnais","isPartOf":{"@id":"https:\/\/newsestlyonnais.fr\/site\/#website"},"primaryImageOfPage":{"@id":"https:\/\/newsestlyonnais.fr\/site\/2023\/12\/12\/saintelyon-2023\/#primaryimage"},"image":{"@id":"https:\/\/newsestlyonnais.fr\/site\/2023\/12\/12\/saintelyon-2023\/#primaryimage"},"thumbnailUrl":"https:\/\/newsestlyonnais.fr\/site\/wp-content\/uploads\/2022\/12\/P1410937.jpg","datePublished":"2023-12-12T13:08:01+00:00","dateModified":"2024-01-13T16:03:56+00:00","description":"SAINTELYON 2023","breadcrumb":{"@id":"https:\/\/newsestlyonnais.fr\/site\/2023\/12\/12\/saintelyon-2023\/#breadcrumb"},"inLanguage":"fr-FR","potentialAction":[{"@type":"ReadAction","target":["https:\/\/newsestlyonnais.fr\/site\/2023\/12\/12\/saintelyon-2023\/"]}]},{"@type":"ImageObject","inLanguage":"fr-FR","@id":"https:\/\/newsestlyonnais.fr\/site\/2023\/12\/12\/saintelyon-2023\/#primaryimage","url":"https:\/\/newsestlyonnais.fr\/site\/wp-content\/uploads\/2022\/12\/P1410937.jpg","contentUrl":"https:\/\/newsestlyonnais.fr\/site\/wp-content\/uploads\/2022\/12\/P1410937.jpg","width":1200,"height":900},{"@type":"BreadcrumbList","@id":"https:\/\/newsestlyonnais.fr\/site\/2023\/12\/12\/saintelyon-2023\/#breadcrumb","itemListElement":[{"@type":"ListItem","position":1,"name":"Accueil","item":"https:\/\/newsestlyonnais.fr\/site\/"},{"@type":"ListItem","position":2,"name":"SAINTELYON 2023"}]},{"@type":"WebSite","@id":"https:\/\/newsestlyonnais.fr\/site\/#website","url":"https:\/\/newsestlyonnais.fr\/site\/","name":"News Est Lyonnais","description":"L&#039;actualit\u00e9 au plus pr\u00e8s","publisher":{"@id":"https:\/\/newsestlyonnais.fr\/site\/#organization"},"potentialAction":[{"@type":"SearchAction","target":{"@type":"EntryPoint","urlTemplate":"https:\/\/newsestlyonnais.fr\/site\/?s={search_term_string}"},"query-input":{"@type":"PropertyValueSpecification","valueRequired":true,"valueName":"search_term_string"}}],"inLanguage":"fr-FR"},{"@type":"Organization","@id":"https:\/\/newsestlyonnais.fr\/site\/#organization","name":"News EST LYONNAIS","url":"https:\/\/newsestlyonnais.fr\/site\/","logo":{"@type":"ImageObject","inLanguage":"fr-FR","@id":"https:\/\/newsestlyonnais.fr\/site\/#\/schema\/logo\/image\/","url":"","contentUrl":"","caption":"News EST LYONNAIS"},"image":{"@id":"https:\/\/newsestlyonnais.fr\/site\/#\/schema\/logo\/image\/"}},{"@type":"Person","@id":"https:\/\/newsestlyonnais.fr\/site\/#\/schema\/person\/3230d5615f390bb808365d673001e887","name":"R\u00e9dac. NEWS","sameAs":["http:\/\/www.newsestlyonnais.fr","https:\/\/www.facebook.com\/pascal.oberson.1?fref=ts","https:\/\/fr.linkedin.com\/in\/pascal-oberson-b17045113"],"url":"https:\/\/newsestlyonnais.fr\/site\/author\/nel\/"}]}},"_links":{"self":[{"href":"https:\/\/newsestlyonnais.fr\/site\/wp-json\/wp\/v2\/posts\/196618","targetHints":{"allow":["GET"]}}],"collection":[{"href":"https:\/\/newsestlyonnais.fr\/site\/wp-json\/wp\/v2\/posts"}],"about":[{"href":"https:\/\/newsestlyonnais.fr\/site\/wp-json\/wp\/v2\/types\/post"}],"author":[{"embeddable":true,"href":"https:\/\/newsestlyonnais.fr\/site\/wp-json\/wp\/v2\/users\/4"}],"replies":[{"embeddable":true,"href":"https:\/\/newsestlyonnais.fr\/site\/wp-json\/wp\/v2\/comments?post=196618"}],"version-history":[{"count":0,"href":"https:\/\/newsestlyonnais.fr\/site\/wp-json\/wp\/v2\/posts\/196618\/revisions"}],"wp:featuredmedia":[{"embeddable":true,"href":"https:\/\/newsestlyonnais.fr\/site\/wp-json\/wp\/v2\/media\/170649"}],"wp:attachment":[{"href":"https:\/\/newsestlyonnais.fr\/site\/wp-json\/wp\/v2\/media?parent=196618"}],"wp:term":[{"taxonomy":"category","embeddable":true,"href":"https:\/\/newsestlyonnais.fr\/site\/wp-json\/wp\/v2\/categories?post=196618"},{"taxonomy":"post_tag","embeddable":true,"href":"https:\/\/newsestlyonnais.fr\/site\/wp-json\/wp\/v2\/tags?post=196618"}],"curies":[{"name":"wp","href":"https:\/\/api.w.org\/{rel}","templated":true}]}}