{"id":19668,"date":"2017-01-24T16:17:36","date_gmt":"2017-01-24T15:17:36","guid":{"rendered":"http:\/\/newsestlyonnais.fr\/site\/?p=19668"},"modified":"2020-11-16T17:37:54","modified_gmt":"2020-11-16T16:37:54","slug":"lyon-et-villeurbanne-pic-de-pollution-le-prefet-maintient-la-circulation-alternee-mercredi-25","status":"publish","type":"post","link":"https:\/\/newsestlyonnais.fr\/site\/2017\/01\/24\/lyon-et-villeurbanne-pic-de-pollution-le-prefet-maintient-la-circulation-alternee-mercredi-25\/","title":{"rendered":"LYON-VILLEURBANNE | Pic de pollution > le pr\u00e9fet maintient la circulation altern\u00e9e mercredi 25 janvier"},"content":{"rendered":"<h4>Le niveau d\u2019alerte pollution (100 \u03bcg\/m.) est encore nettement d\u00e9pass\u00e9 et la situation n\u2019est toujours pas satisfaisante en mati\u00e8re de sant\u00e9 publique. C\u2019est pourquoi le pr\u00e9fet de R\u00e9gion a d\u00e9cid\u00e9 de maintenir la circulation altern\u00e9e ce mercredi 25 janvier 2017.<\/h4>\n<p>&nbsp;<\/p>\n<p>Ainsi, les v\u00e9hicules dont la plaque d\u2019immatriculation est impaire pourront circuler (exemple AA-124-AA ou 1248 LS 69), mais aussi les v\u00e9hicules dont la plaque d\u2019immatriculation est paire, d\u00e8s lors qu\u2019ils affichent une vignette verte (z\u00e9ro \u00e9mission, moteur 100 % \u00e9lectrique et hydrog\u00e8ne), une vignette violette (CRIT\u2019Air 1), une vignette jaune (CRIT\u2019Air 2), et une vignette orange (CRIT\u2019Air 3).<\/p>\n<p>En r\u00e9sum\u00e9, l\u2019interdiction de circulation concerne les v\u00e9hicules impairs non dot\u00e9s de ces vignettes.<\/p>\n<p>Plus d&rsquo;infos sur: <a href=\"http:\/\/www.rhone.gouv.fr\" target=\"_blank\" rel=\"noopener noreferrer\">http:\/\/www.rhone.gouv.fr<\/a><\/p>\n<p>&nbsp;<\/p>\n","protected":false},"excerpt":{"rendered":"<p>Le niveau d\u2019alerte pollution (100 \u03bcg\/m.) est encore nettement d\u00e9pass\u00e9 et la situation n\u2019est toujours pas satisfaisante en mati\u00e8re de sant\u00e9 publique. C\u2019est pourquoi le pr\u00e9fet de R\u00e9gion a d\u00e9cid\u00e9 de maintenir la circulation altern\u00e9e ce mercredi 25 janvier 2017. &nbsp; Ainsi, les v\u00e9hicules dont la plaque d\u2019immatriculation est impaire pourront circuler (exemple AA-124-AA ou [&hellip;]<\/p>\n","protected":false},"author":4,"featured_media":0,"comment_status":"open","ping_status":"open","sticky":false,"template":"","format":"standard","meta":{"footnotes":""},"categories":[1625,3010,29],"tags":[],"class_list":["post-19668","post","type-post","status-publish","format-standard","hentry","category-lyon","category-nature-environnement-culture-et-loisirs","category-villeurbanne"],"yoast_head":"<!-- This site is optimized with the Yoast SEO plugin v27.2 - https:\/\/yoast.com\/product\/yoast-seo-wordpress\/ -->\n<title>LYON-VILLEURBANNE | Pic de pollution &gt; le pr\u00e9fet maintient la circulation altern\u00e9e mercredi 25 janvier - News Est Lyonnais<\/title>\n<meta name=\"description\" content=\"LYON ET VILLEURBANNE : Pic de pollution : le pr\u00e9fet maintient \u00e0 nouveau la circulation altern\u00e9e ce mercredi 25 janvier 2017\" \/>\n<meta name=\"robots\" content=\"index, follow, max-snippet:-1, max-image-preview:large, max-video-preview:-1\" \/>\n<link rel=\"canonical\" href=\"https:\/\/newsestlyonnais.fr\/site\/2017\/01\/24\/lyon-et-villeurbanne-pic-de-pollution-le-prefet-maintient-la-circulation-alternee-mercredi-25\/\" \/>\n<meta property=\"og:locale\" content=\"fr_FR\" \/>\n<meta property=\"og:type\" content=\"article\" \/>\n<meta property=\"og:title\" content=\"LYON-VILLEURBANNE | Pic de pollution &gt; le pr\u00e9fet maintient la circulation altern\u00e9e mercredi 25 janvier - News Est Lyonnais\" \/>\n<meta property=\"og:description\" content=\"LYON ET VILLEURBANNE : Pic de pollution : le pr\u00e9fet maintient \u00e0 nouveau la circulation altern\u00e9e ce mercredi 25 janvier 2017\" \/>\n<meta property=\"og:url\" content=\"https:\/\/newsestlyonnais.fr\/site\/2017\/01\/24\/lyon-et-villeurbanne-pic-de-pollution-le-prefet-maintient-la-circulation-alternee-mercredi-25\/\" \/>\n<meta property=\"og:site_name\" content=\"News Est Lyonnais\" \/>\n<meta property=\"article:author\" content=\"https:\/\/www.facebook.com\/pascal.oberson.1?fref=ts\" \/>\n<meta property=\"article:published_time\" content=\"2017-01-24T15:17:36+00:00\" \/>\n<meta property=\"article:modified_time\" content=\"2020-11-16T16:37:54+00:00\" \/>\n<meta name=\"author\" content=\"R\u00e9dac. NEWS\" \/>\n<meta name=\"twitter:card\" content=\"summary_large_image\" \/>\n<meta name=\"twitter:label1\" content=\"\u00c9crit par\" \/>\n\t<meta name=\"twitter:data1\" content=\"R\u00e9dac. NEWS\" \/>\n\t<meta name=\"twitter:label2\" content=\"Dur\u00e9e de lecture estim\u00e9e\" \/>\n\t<meta name=\"twitter:data2\" content=\"1 minute\" \/>\n<script type=\"application\/ld+json\" class=\"yoast-schema-graph\">{\"@context\":\"https:\/\/schema.org\",\"@graph\":[{\"@type\":\"Article\",\"@id\":\"https:\/\/newsestlyonnais.fr\/site\/2017\/01\/24\/lyon-et-villeurbanne-pic-de-pollution-le-prefet-maintient-la-circulation-alternee-mercredi-25\/#article\",\"isPartOf\":{\"@id\":\"https:\/\/newsestlyonnais.fr\/site\/2017\/01\/24\/lyon-et-villeurbanne-pic-de-pollution-le-prefet-maintient-la-circulation-alternee-mercredi-25\/\"},\"author\":{\"name\":\"R\u00e9dac. NEWS\",\"@id\":\"https:\/\/newsestlyonnais.fr\/site\/#\/schema\/person\/3230d5615f390bb808365d673001e887\"},\"headline\":\"LYON-VILLEURBANNE | Pic de pollution > le pr\u00e9fet maintient la circulation altern\u00e9e mercredi 25 janvier\",\"datePublished\":\"2017-01-24T15:17:36+00:00\",\"dateModified\":\"2020-11-16T16:37:54+00:00\",\"mainEntityOfPage\":{\"@id\":\"https:\/\/newsestlyonnais.fr\/site\/2017\/01\/24\/lyon-et-villeurbanne-pic-de-pollution-le-prefet-maintient-la-circulation-alternee-mercredi-25\/\"},\"wordCount\":153,\"commentCount\":0,\"publisher\":{\"@id\":\"https:\/\/newsestlyonnais.fr\/site\/#organization\"},\"articleSection\":[\"Lyon\",\"Nature | Environnement | Chasse\",\"Villeurbanne\"],\"inLanguage\":\"fr-FR\",\"potentialAction\":[{\"@type\":\"CommentAction\",\"name\":\"Comment\",\"target\":[\"https:\/\/newsestlyonnais.fr\/site\/2017\/01\/24\/lyon-et-villeurbanne-pic-de-pollution-le-prefet-maintient-la-circulation-alternee-mercredi-25\/#respond\"]}]},{\"@type\":\"WebPage\",\"@id\":\"https:\/\/newsestlyonnais.fr\/site\/2017\/01\/24\/lyon-et-villeurbanne-pic-de-pollution-le-prefet-maintient-la-circulation-alternee-mercredi-25\/\",\"url\":\"https:\/\/newsestlyonnais.fr\/site\/2017\/01\/24\/lyon-et-villeurbanne-pic-de-pollution-le-prefet-maintient-la-circulation-alternee-mercredi-25\/\",\"name\":\"LYON-VILLEURBANNE | Pic de pollution > le pr\u00e9fet maintient la circulation altern\u00e9e mercredi 25 janvier - News Est Lyonnais\",\"isPartOf\":{\"@id\":\"https:\/\/newsestlyonnais.fr\/site\/#website\"},\"datePublished\":\"2017-01-24T15:17:36+00:00\",\"dateModified\":\"2020-11-16T16:37:54+00:00\",\"description\":\"LYON ET VILLEURBANNE : Pic de pollution : le pr\u00e9fet maintient \u00e0 nouveau la circulation altern\u00e9e ce mercredi 25 janvier 2017\",\"breadcrumb\":{\"@id\":\"https:\/\/newsestlyonnais.fr\/site\/2017\/01\/24\/lyon-et-villeurbanne-pic-de-pollution-le-prefet-maintient-la-circulation-alternee-mercredi-25\/#breadcrumb\"},\"inLanguage\":\"fr-FR\",\"potentialAction\":[{\"@type\":\"ReadAction\",\"target\":[\"https:\/\/newsestlyonnais.fr\/site\/2017\/01\/24\/lyon-et-villeurbanne-pic-de-pollution-le-prefet-maintient-la-circulation-alternee-mercredi-25\/\"]}]},{\"@type\":\"BreadcrumbList\",\"@id\":\"https:\/\/newsestlyonnais.fr\/site\/2017\/01\/24\/lyon-et-villeurbanne-pic-de-pollution-le-prefet-maintient-la-circulation-alternee-mercredi-25\/#breadcrumb\",\"itemListElement\":[{\"@type\":\"ListItem\",\"position\":1,\"name\":\"Accueil\",\"item\":\"https:\/\/newsestlyonnais.fr\/site\/\"},{\"@type\":\"ListItem\",\"position\":2,\"name\":\"LYON-VILLEURBANNE | Pic de pollution > le pr\u00e9fet maintient la circulation altern\u00e9e mercredi 25 janvier\"}]},{\"@type\":\"WebSite\",\"@id\":\"https:\/\/newsestlyonnais.fr\/site\/#website\",\"url\":\"https:\/\/newsestlyonnais.fr\/site\/\",\"name\":\"News Est Lyonnais\",\"description\":\"L&#039;actualit\u00e9 au plus pr\u00e8s\",\"publisher\":{\"@id\":\"https:\/\/newsestlyonnais.fr\/site\/#organization\"},\"potentialAction\":[{\"@type\":\"SearchAction\",\"target\":{\"@type\":\"EntryPoint\",\"urlTemplate\":\"https:\/\/newsestlyonnais.fr\/site\/?s={search_term_string}\"},\"query-input\":{\"@type\":\"PropertyValueSpecification\",\"valueRequired\":true,\"valueName\":\"search_term_string\"}}],\"inLanguage\":\"fr-FR\"},{\"@type\":\"Organization\",\"@id\":\"https:\/\/newsestlyonnais.fr\/site\/#organization\",\"name\":\"News EST LYONNAIS\",\"url\":\"https:\/\/newsestlyonnais.fr\/site\/\",\"logo\":{\"@type\":\"ImageObject\",\"inLanguage\":\"fr-FR\",\"@id\":\"https:\/\/newsestlyonnais.fr\/site\/#\/schema\/logo\/image\/\",\"url\":\"\",\"contentUrl\":\"\",\"caption\":\"News EST LYONNAIS\"},\"image\":{\"@id\":\"https:\/\/newsestlyonnais.fr\/site\/#\/schema\/logo\/image\/\"}},{\"@type\":\"Person\",\"@id\":\"https:\/\/newsestlyonnais.fr\/site\/#\/schema\/person\/3230d5615f390bb808365d673001e887\",\"name\":\"R\u00e9dac. NEWS\",\"sameAs\":[\"http:\/\/www.newsestlyonnais.fr\",\"https:\/\/www.facebook.com\/pascal.oberson.1?fref=ts\",\"https:\/\/fr.linkedin.com\/in\/pascal-oberson-b17045113\"],\"url\":\"https:\/\/newsestlyonnais.fr\/site\/author\/nel\/\"}]}<\/script>\n<!-- \/ Yoast SEO plugin. -->","yoast_head_json":{"title":"LYON-VILLEURBANNE | Pic de pollution > le pr\u00e9fet maintient la circulation altern\u00e9e mercredi 25 janvier - News Est Lyonnais","description":"LYON ET VILLEURBANNE : Pic de pollution : le pr\u00e9fet maintient \u00e0 nouveau la circulation altern\u00e9e ce mercredi 25 janvier 2017","robots":{"index":"index","follow":"follow","max-snippet":"max-snippet:-1","max-image-preview":"max-image-preview:large","max-video-preview":"max-video-preview:-1"},"canonical":"https:\/\/newsestlyonnais.fr\/site\/2017\/01\/24\/lyon-et-villeurbanne-pic-de-pollution-le-prefet-maintient-la-circulation-alternee-mercredi-25\/","og_locale":"fr_FR","og_type":"article","og_title":"LYON-VILLEURBANNE | Pic de pollution > le pr\u00e9fet maintient la circulation altern\u00e9e mercredi 25 janvier - News Est Lyonnais","og_description":"LYON ET VILLEURBANNE : Pic de pollution : le pr\u00e9fet maintient \u00e0 nouveau la circulation altern\u00e9e ce mercredi 25 janvier 2017","og_url":"https:\/\/newsestlyonnais.fr\/site\/2017\/01\/24\/lyon-et-villeurbanne-pic-de-pollution-le-prefet-maintient-la-circulation-alternee-mercredi-25\/","og_site_name":"News Est Lyonnais","article_author":"https:\/\/www.facebook.com\/pascal.oberson.1?fref=ts","article_published_time":"2017-01-24T15:17:36+00:00","article_modified_time":"2020-11-16T16:37:54+00:00","author":"R\u00e9dac. NEWS","twitter_card":"summary_large_image","twitter_misc":{"\u00c9crit par":"R\u00e9dac. NEWS","Dur\u00e9e de lecture estim\u00e9e":"1 minute"},"schema":{"@context":"https:\/\/schema.org","@graph":[{"@type":"Article","@id":"https:\/\/newsestlyonnais.fr\/site\/2017\/01\/24\/lyon-et-villeurbanne-pic-de-pollution-le-prefet-maintient-la-circulation-alternee-mercredi-25\/#article","isPartOf":{"@id":"https:\/\/newsestlyonnais.fr\/site\/2017\/01\/24\/lyon-et-villeurbanne-pic-de-pollution-le-prefet-maintient-la-circulation-alternee-mercredi-25\/"},"author":{"name":"R\u00e9dac. NEWS","@id":"https:\/\/newsestlyonnais.fr\/site\/#\/schema\/person\/3230d5615f390bb808365d673001e887"},"headline":"LYON-VILLEURBANNE | Pic de pollution > le pr\u00e9fet maintient la circulation altern\u00e9e mercredi 25 janvier","datePublished":"2017-01-24T15:17:36+00:00","dateModified":"2020-11-16T16:37:54+00:00","mainEntityOfPage":{"@id":"https:\/\/newsestlyonnais.fr\/site\/2017\/01\/24\/lyon-et-villeurbanne-pic-de-pollution-le-prefet-maintient-la-circulation-alternee-mercredi-25\/"},"wordCount":153,"commentCount":0,"publisher":{"@id":"https:\/\/newsestlyonnais.fr\/site\/#organization"},"articleSection":["Lyon","Nature | Environnement | Chasse","Villeurbanne"],"inLanguage":"fr-FR","potentialAction":[{"@type":"CommentAction","name":"Comment","target":["https:\/\/newsestlyonnais.fr\/site\/2017\/01\/24\/lyon-et-villeurbanne-pic-de-pollution-le-prefet-maintient-la-circulation-alternee-mercredi-25\/#respond"]}]},{"@type":"WebPage","@id":"https:\/\/newsestlyonnais.fr\/site\/2017\/01\/24\/lyon-et-villeurbanne-pic-de-pollution-le-prefet-maintient-la-circulation-alternee-mercredi-25\/","url":"https:\/\/newsestlyonnais.fr\/site\/2017\/01\/24\/lyon-et-villeurbanne-pic-de-pollution-le-prefet-maintient-la-circulation-alternee-mercredi-25\/","name":"LYON-VILLEURBANNE | Pic de pollution > le pr\u00e9fet maintient la circulation altern\u00e9e mercredi 25 janvier - News Est Lyonnais","isPartOf":{"@id":"https:\/\/newsestlyonnais.fr\/site\/#website"},"datePublished":"2017-01-24T15:17:36+00:00","dateModified":"2020-11-16T16:37:54+00:00","description":"LYON ET VILLEURBANNE : Pic de pollution : le pr\u00e9fet maintient \u00e0 nouveau la circulation altern\u00e9e ce mercredi 25 janvier 2017","breadcrumb":{"@id":"https:\/\/newsestlyonnais.fr\/site\/2017\/01\/24\/lyon-et-villeurbanne-pic-de-pollution-le-prefet-maintient-la-circulation-alternee-mercredi-25\/#breadcrumb"},"inLanguage":"fr-FR","potentialAction":[{"@type":"ReadAction","target":["https:\/\/newsestlyonnais.fr\/site\/2017\/01\/24\/lyon-et-villeurbanne-pic-de-pollution-le-prefet-maintient-la-circulation-alternee-mercredi-25\/"]}]},{"@type":"BreadcrumbList","@id":"https:\/\/newsestlyonnais.fr\/site\/2017\/01\/24\/lyon-et-villeurbanne-pic-de-pollution-le-prefet-maintient-la-circulation-alternee-mercredi-25\/#breadcrumb","itemListElement":[{"@type":"ListItem","position":1,"name":"Accueil","item":"https:\/\/newsestlyonnais.fr\/site\/"},{"@type":"ListItem","position":2,"name":"LYON-VILLEURBANNE | Pic de pollution > le pr\u00e9fet maintient la circulation altern\u00e9e mercredi 25 janvier"}]},{"@type":"WebSite","@id":"https:\/\/newsestlyonnais.fr\/site\/#website","url":"https:\/\/newsestlyonnais.fr\/site\/","name":"News Est Lyonnais","description":"L&#039;actualit\u00e9 au plus pr\u00e8s","publisher":{"@id":"https:\/\/newsestlyonnais.fr\/site\/#organization"},"potentialAction":[{"@type":"SearchAction","target":{"@type":"EntryPoint","urlTemplate":"https:\/\/newsestlyonnais.fr\/site\/?s={search_term_string}"},"query-input":{"@type":"PropertyValueSpecification","valueRequired":true,"valueName":"search_term_string"}}],"inLanguage":"fr-FR"},{"@type":"Organization","@id":"https:\/\/newsestlyonnais.fr\/site\/#organization","name":"News EST LYONNAIS","url":"https:\/\/newsestlyonnais.fr\/site\/","logo":{"@type":"ImageObject","inLanguage":"fr-FR","@id":"https:\/\/newsestlyonnais.fr\/site\/#\/schema\/logo\/image\/","url":"","contentUrl":"","caption":"News EST LYONNAIS"},"image":{"@id":"https:\/\/newsestlyonnais.fr\/site\/#\/schema\/logo\/image\/"}},{"@type":"Person","@id":"https:\/\/newsestlyonnais.fr\/site\/#\/schema\/person\/3230d5615f390bb808365d673001e887","name":"R\u00e9dac. NEWS","sameAs":["http:\/\/www.newsestlyonnais.fr","https:\/\/www.facebook.com\/pascal.oberson.1?fref=ts","https:\/\/fr.linkedin.com\/in\/pascal-oberson-b17045113"],"url":"https:\/\/newsestlyonnais.fr\/site\/author\/nel\/"}]}},"_links":{"self":[{"href":"https:\/\/newsestlyonnais.fr\/site\/wp-json\/wp\/v2\/posts\/19668","targetHints":{"allow":["GET"]}}],"collection":[{"href":"https:\/\/newsestlyonnais.fr\/site\/wp-json\/wp\/v2\/posts"}],"about":[{"href":"https:\/\/newsestlyonnais.fr\/site\/wp-json\/wp\/v2\/types\/post"}],"author":[{"embeddable":true,"href":"https:\/\/newsestlyonnais.fr\/site\/wp-json\/wp\/v2\/users\/4"}],"replies":[{"embeddable":true,"href":"https:\/\/newsestlyonnais.fr\/site\/wp-json\/wp\/v2\/comments?post=19668"}],"version-history":[{"count":0,"href":"https:\/\/newsestlyonnais.fr\/site\/wp-json\/wp\/v2\/posts\/19668\/revisions"}],"wp:attachment":[{"href":"https:\/\/newsestlyonnais.fr\/site\/wp-json\/wp\/v2\/media?parent=19668"}],"wp:term":[{"taxonomy":"category","embeddable":true,"href":"https:\/\/newsestlyonnais.fr\/site\/wp-json\/wp\/v2\/categories?post=19668"},{"taxonomy":"post_tag","embeddable":true,"href":"https:\/\/newsestlyonnais.fr\/site\/wp-json\/wp\/v2\/tags?post=19668"}],"curies":[{"name":"wp","href":"https:\/\/api.w.org\/{rel}","templated":true}]}}