{"id":197010,"date":"2023-12-15T15:29:19","date_gmt":"2023-12-15T14:29:19","guid":{"rendered":"https:\/\/newsestlyonnais.fr\/site\/?p=197010"},"modified":"2023-12-17T08:21:14","modified_gmt":"2023-12-17T07:21:14","slug":"genas-le-club-de-lesga-hand-accueille-le-3-tour-des-intercomites-regionaux-du-rhone","status":"publish","type":"post","link":"https:\/\/newsestlyonnais.fr\/site\/2023\/12\/15\/genas-le-club-de-lesga-hand-accueille-le-3-tour-des-intercomites-regionaux-du-rhone\/","title":{"rendered":"GENAS | Le club de l&rsquo;ESGA Hand accueille le 3\u00b0 tour des intercomit\u00e9s r\u00e9gionaux du Rh\u00f4ne"},"content":{"rendered":"<p><strong><span style=\"color: #3366ff; background-color: #000000; font-size: 14pt;\">Le programme de ce dimanche 17 d\u00e9cembre :<\/span><br \/>\n<\/strong><\/p>\n<p><em><span style=\"background-color: #000000; color: #ffffff;\"><strong>Comp\u00e9tition Masculine \/ Halle des Sports Jacques\u00a0Vabre (Genas)<\/strong><\/span><\/em><\/p>\n<p><strong>5 genassiens font partie de cette s\u00e9lection<\/strong> (PHOTO A LA UNE) : (1 <strong>Julien Fernandez<\/strong> \/ 17 <strong>Lucas Methivier<\/strong> \/ 9 <strong>Hugo Perrin<\/strong> \/ 7 <strong>Quentin Debidour<\/strong> \/ 14 <strong>Noah Lejal<\/strong>). Les joueurs align\u00e9s pour les matchs de dimanche sont : Julien Fernandez, Lucas Methivier et Quentin Debidour. Hugo Perrin est en attente suite douleur au dos et Noah Lejal est bless\u00e9.<\/p>\n<p>Le club de Genas continue sur sa belle dynamique, ces jeunes \u00e9taient d\u00e9j\u00e0 pr\u00e9sents aux finalit\u00e9s du championnat AURA Excellence l\u2019an dernier. Une \u00e9quipe du Rh\u00f4ne qui d&rsquo;ailleurs, reste invaincue jusqu\u2019\u00e0 pr\u00e9sent.<\/p>\n<p>11 h : Haute-Savoie &#8211; <strong>Rh\u00f4ne \/ <\/strong>12 h 15<strong> : Rh\u00f4ne <\/strong>&#8211; Haute-Loire<strong> \/ <\/strong>13 h 30 : Haute-Loire &#8211; Cantal \/ 14 h 45 : Cantal &#8211; Haute-Savoie<strong> \/ <\/strong>16 h : Haute-Savoie &#8211; Haute-Loire \/ 17 h 15<strong> : Rh\u00f4ne<\/strong> &#8211; Cantal<strong><br \/>\n<\/strong><\/p>\n<hr \/>\n<p><em><strong><span style=\"background-color: #000000; color: #ffffff;\">Comp\u00e9tition F\u00e9minine \/ Gymnase Maurice Garin (Villette d&rsquo;Anthon)<\/span><\/strong><\/em><\/p>\n<p>Du c\u00f4t\u00e9 f\u00e9minin, <strong>une genassienne (Cl\u00e9mence Flottard)<\/strong> fait partie de la s\u00e9lection rhodanienne qui \u00e9voluera \u00e0 Villette d&rsquo;Anthon.<\/p>\n<p>11 h : Haute-Savoie \u2013 <strong>Rh\u00f4ne \/ <\/strong>12 h 15<strong> : Rh\u00f4ne <\/strong>\u2013 Haute-Loire<strong> \/ <\/strong>13 h 30 : Haute-Loire \u2013 Cantal \/ 14 h 45 : Cantal \u2013 Haute-Savoie<strong> \/ <\/strong>16 h : Haute-Savoie \u2013 Haute-Loire \/ 17 h 15<strong> : Rh\u00f4ne<\/strong> \u2013 Cantal<strong><br \/>\n<\/strong><\/p>\n<hr \/>\n<div id='gallery-1' class='gallery galleryid-197010 gallery-columns-2 gallery-size-large'><figure class='gallery-item'>\n\t\t\t<div class='gallery-icon portrait'>\n\t\t\t\t<a href='https:\/\/newsestlyonnais.fr\/site\/2023\/12\/15\/genas-le-club-de-lesga-hand-accueille-le-3-tour-des-intercomites-regionaux-du-rhone\/img_2384-1\/'><img loading=\"lazy\" decoding=\"async\" width=\"475\" height=\"750\" src=\"https:\/\/newsestlyonnais.fr\/site\/wp-content\/uploads\/2023\/12\/IMG_2384-1-650x1026.jpg\" class=\"attachment-large size-large\" alt=\"\" srcset=\"https:\/\/newsestlyonnais.fr\/site\/wp-content\/uploads\/2023\/12\/IMG_2384-1-650x1026.jpg 650w, https:\/\/newsestlyonnais.fr\/site\/wp-content\/uploads\/2023\/12\/IMG_2384-1-400x632.jpg 400w, https:\/\/newsestlyonnais.fr\/site\/wp-content\/uploads\/2023\/12\/IMG_2384-1-250x395.jpg 250w, https:\/\/newsestlyonnais.fr\/site\/wp-content\/uploads\/2023\/12\/IMG_2384-1-150x237.jpg 150w, https:\/\/newsestlyonnais.fr\/site\/wp-content\/uploads\/2023\/12\/IMG_2384-1-50x79.jpg 50w, https:\/\/newsestlyonnais.fr\/site\/wp-content\/uploads\/2023\/12\/IMG_2384-1-100x158.jpg 100w, https:\/\/newsestlyonnais.fr\/site\/wp-content\/uploads\/2023\/12\/IMG_2384-1-200x316.jpg 200w, https:\/\/newsestlyonnais.fr\/site\/wp-content\/uploads\/2023\/12\/IMG_2384-1-300x474.jpg 300w, https:\/\/newsestlyonnais.fr\/site\/wp-content\/uploads\/2023\/12\/IMG_2384-1-350x553.jpg 350w, https:\/\/newsestlyonnais.fr\/site\/wp-content\/uploads\/2023\/12\/IMG_2384-1-450x711.jpg 450w, https:\/\/newsestlyonnais.fr\/site\/wp-content\/uploads\/2023\/12\/IMG_2384-1-500x789.jpg 500w, https:\/\/newsestlyonnais.fr\/site\/wp-content\/uploads\/2023\/12\/IMG_2384-1-550x868.jpg 550w, https:\/\/newsestlyonnais.fr\/site\/wp-content\/uploads\/2023\/12\/IMG_2384-1.jpg 760w\" sizes=\"auto, (max-width: 475px) 100vw, 475px\" \/><\/a>\n\t\t\t<\/div><\/figure><figure class='gallery-item'>\n\t\t\t<div class='gallery-icon landscape'>\n\t\t\t\t<a href='https:\/\/newsestlyonnais.fr\/site\/2023\/12\/15\/genas-le-club-de-lesga-hand-accueille-le-3-tour-des-intercomites-regionaux-du-rhone\/image-1-3\/'><img loading=\"lazy\" decoding=\"async\" width=\"640\" height=\"640\" src=\"https:\/\/newsestlyonnais.fr\/site\/wp-content\/uploads\/2023\/12\/image-1-650x650.jpg\" class=\"attachment-large size-large\" alt=\"\" srcset=\"https:\/\/newsestlyonnais.fr\/site\/wp-content\/uploads\/2023\/12\/image-1-650x650.jpg 650w, https:\/\/newsestlyonnais.fr\/site\/wp-content\/uploads\/2023\/12\/image-1-400x400.jpg 400w, https:\/\/newsestlyonnais.fr\/site\/wp-content\/uploads\/2023\/12\/image-1-250x250.jpg 250w, https:\/\/newsestlyonnais.fr\/site\/wp-content\/uploads\/2023\/12\/image-1-768x768.jpg 768w, https:\/\/newsestlyonnais.fr\/site\/wp-content\/uploads\/2023\/12\/image-1-150x150.jpg 150w, https:\/\/newsestlyonnais.fr\/site\/wp-content\/uploads\/2023\/12\/image-1-50x50.jpg 50w, https:\/\/newsestlyonnais.fr\/site\/wp-content\/uploads\/2023\/12\/image-1-100x100.jpg 100w, https:\/\/newsestlyonnais.fr\/site\/wp-content\/uploads\/2023\/12\/image-1-200x200.jpg 200w, https:\/\/newsestlyonnais.fr\/site\/wp-content\/uploads\/2023\/12\/image-1-300x300.jpg 300w, https:\/\/newsestlyonnais.fr\/site\/wp-content\/uploads\/2023\/12\/image-1-350x350.jpg 350w, https:\/\/newsestlyonnais.fr\/site\/wp-content\/uploads\/2023\/12\/image-1-450x450.jpg 450w, https:\/\/newsestlyonnais.fr\/site\/wp-content\/uploads\/2023\/12\/image-1-500x500.jpg 500w, https:\/\/newsestlyonnais.fr\/site\/wp-content\/uploads\/2023\/12\/image-1-550x550.jpg 550w, https:\/\/newsestlyonnais.fr\/site\/wp-content\/uploads\/2023\/12\/image-1-800x800.jpg 800w, https:\/\/newsestlyonnais.fr\/site\/wp-content\/uploads\/2023\/12\/image-1-45x45.jpg 45w, https:\/\/newsestlyonnais.fr\/site\/wp-content\/uploads\/2023\/12\/image-1.jpg 1080w\" sizes=\"auto, (max-width: 640px) 100vw, 640px\" \/><\/a>\n\t\t\t<\/div><\/figure>\n\t\t<\/div>\n\n","protected":false},"excerpt":{"rendered":"<p>4 formations d\u00e9partementales masculines (Rh\u00f4ne, Haute Savoie, Haute Loire et Cantal) de la g\u00e9n\u00e9ration 2010 seront en comp\u00e9tition ce dimanche \u00e0 la Halle Jacques Vabre.<\/p>\n","protected":false},"author":4,"featured_media":197013,"comment_status":"open","ping_status":"open","sticky":false,"template":"","format":"standard","meta":{"footnotes":""},"categories":[4153,2975,270,171,1598,1358,164,2],"tags":[2915,2215,3742],"class_list":["post-197010","post","type-post","status-publish","format-standard","has-post-thumbnail","hentry","category-ain-isere","category-basket-hand-volley-sports","category-cte-de-communes-c-c-e-l","category-enfance-jeunesse","category-genas","category-hand","category-isere","category-sports","tag-esga-handball","tag-handball","tag-villette-danthon"],"yoast_head":"<!-- This site is optimized with the Yoast SEO plugin v27.2 - https:\/\/yoast.com\/product\/yoast-seo-wordpress\/ -->\n<title>GENAS | Le club de l&#039;ESGA Hand accueille le 3\u00b0 tour des intercomit\u00e9s r\u00e9gionaux du Rh\u00f4ne - News Est Lyonnais<\/title>\n<meta name=\"description\" content=\"GENAS | Le club de l&#039;ESGA Hand accueille le 3\u00b0 tour des intercomit\u00e9s r\u00e9gionaux du Rh\u00f4ne\" \/>\n<meta name=\"robots\" content=\"index, follow, max-snippet:-1, max-image-preview:large, max-video-preview:-1\" \/>\n<link rel=\"canonical\" href=\"https:\/\/newsestlyonnais.fr\/site\/2023\/12\/15\/genas-le-club-de-lesga-hand-accueille-le-3-tour-des-intercomites-regionaux-du-rhone\/\" \/>\n<meta property=\"og:locale\" content=\"fr_FR\" \/>\n<meta property=\"og:type\" content=\"article\" \/>\n<meta property=\"og:title\" content=\"GENAS | Le club de l&#039;ESGA Hand accueille le 3\u00b0 tour des intercomit\u00e9s r\u00e9gionaux du Rh\u00f4ne - News Est Lyonnais\" \/>\n<meta property=\"og:description\" content=\"GENAS | Le club de l&#039;ESGA Hand accueille le 3\u00b0 tour des intercomit\u00e9s r\u00e9gionaux du Rh\u00f4ne\" \/>\n<meta property=\"og:url\" content=\"https:\/\/newsestlyonnais.fr\/site\/2023\/12\/15\/genas-le-club-de-lesga-hand-accueille-le-3-tour-des-intercomites-regionaux-du-rhone\/\" \/>\n<meta property=\"og:site_name\" content=\"News Est Lyonnais\" \/>\n<meta property=\"article:author\" content=\"https:\/\/www.facebook.com\/pascal.oberson.1?fref=ts\" \/>\n<meta property=\"article:published_time\" content=\"2023-12-15T14:29:19+00:00\" \/>\n<meta property=\"article:modified_time\" content=\"2023-12-17T07:21:14+00:00\" \/>\n<meta property=\"og:image\" content=\"https:\/\/newsestlyonnais.fr\/site\/wp-content\/uploads\/2023\/12\/IMG_2383-1-1.jpg\" \/>\n\t<meta property=\"og:image:width\" content=\"828\" \/>\n\t<meta property=\"og:image:height\" content=\"640\" \/>\n\t<meta property=\"og:image:type\" content=\"image\/jpeg\" \/>\n<meta name=\"author\" content=\"R\u00e9dac. NEWS\" \/>\n<meta name=\"twitter:card\" content=\"summary_large_image\" \/>\n<meta name=\"twitter:label1\" content=\"\u00c9crit par\" \/>\n\t<meta name=\"twitter:data1\" content=\"R\u00e9dac. NEWS\" \/>\n\t<meta name=\"twitter:label2\" content=\"Dur\u00e9e de lecture estim\u00e9e\" \/>\n\t<meta name=\"twitter:data2\" content=\"2 minutes\" \/>\n<script type=\"application\/ld+json\" class=\"yoast-schema-graph\">{\"@context\":\"https:\/\/schema.org\",\"@graph\":[{\"@type\":\"Article\",\"@id\":\"https:\/\/newsestlyonnais.fr\/site\/2023\/12\/15\/genas-le-club-de-lesga-hand-accueille-le-3-tour-des-intercomites-regionaux-du-rhone\/#article\",\"isPartOf\":{\"@id\":\"https:\/\/newsestlyonnais.fr\/site\/2023\/12\/15\/genas-le-club-de-lesga-hand-accueille-le-3-tour-des-intercomites-regionaux-du-rhone\/\"},\"author\":{\"name\":\"R\u00e9dac. NEWS\",\"@id\":\"https:\/\/newsestlyonnais.fr\/site\/#\/schema\/person\/3230d5615f390bb808365d673001e887\"},\"headline\":\"GENAS | Le club de l&rsquo;ESGA Hand accueille le 3\u00b0 tour des intercomit\u00e9s r\u00e9gionaux du Rh\u00f4ne\",\"datePublished\":\"2023-12-15T14:29:19+00:00\",\"dateModified\":\"2023-12-17T07:21:14+00:00\",\"mainEntityOfPage\":{\"@id\":\"https:\/\/newsestlyonnais.fr\/site\/2023\/12\/15\/genas-le-club-de-lesga-hand-accueille-le-3-tour-des-intercomites-regionaux-du-rhone\/\"},\"wordCount\":212,\"commentCount\":0,\"publisher\":{\"@id\":\"https:\/\/newsestlyonnais.fr\/site\/#organization\"},\"image\":{\"@id\":\"https:\/\/newsestlyonnais.fr\/site\/2023\/12\/15\/genas-le-club-de-lesga-hand-accueille-le-3-tour-des-intercomites-regionaux-du-rhone\/#primaryimage\"},\"thumbnailUrl\":\"https:\/\/newsestlyonnais.fr\/site\/wp-content\/uploads\/2023\/12\/IMG_2383-1-1.jpg\",\"keywords\":[\"ESGA HANDBALL\",\"HANDBALL\",\"VILLETTE D'ANTHON\"],\"articleSection\":[\"Ain | Is\u00e8re\",\"Basket | Hand | Volley\",\"CCEL | Communes\",\"Enfance | Jeunesse\",\"Genas\",\"Hand\",\"Is\u00e8re (38)\",\"Sports\"],\"inLanguage\":\"fr-FR\",\"potentialAction\":[{\"@type\":\"CommentAction\",\"name\":\"Comment\",\"target\":[\"https:\/\/newsestlyonnais.fr\/site\/2023\/12\/15\/genas-le-club-de-lesga-hand-accueille-le-3-tour-des-intercomites-regionaux-du-rhone\/#respond\"]}]},{\"@type\":\"WebPage\",\"@id\":\"https:\/\/newsestlyonnais.fr\/site\/2023\/12\/15\/genas-le-club-de-lesga-hand-accueille-le-3-tour-des-intercomites-regionaux-du-rhone\/\",\"url\":\"https:\/\/newsestlyonnais.fr\/site\/2023\/12\/15\/genas-le-club-de-lesga-hand-accueille-le-3-tour-des-intercomites-regionaux-du-rhone\/\",\"name\":\"GENAS | Le club de l'ESGA Hand accueille le 3\u00b0 tour des intercomit\u00e9s r\u00e9gionaux du Rh\u00f4ne - News Est Lyonnais\",\"isPartOf\":{\"@id\":\"https:\/\/newsestlyonnais.fr\/site\/#website\"},\"primaryImageOfPage\":{\"@id\":\"https:\/\/newsestlyonnais.fr\/site\/2023\/12\/15\/genas-le-club-de-lesga-hand-accueille-le-3-tour-des-intercomites-regionaux-du-rhone\/#primaryimage\"},\"image\":{\"@id\":\"https:\/\/newsestlyonnais.fr\/site\/2023\/12\/15\/genas-le-club-de-lesga-hand-accueille-le-3-tour-des-intercomites-regionaux-du-rhone\/#primaryimage\"},\"thumbnailUrl\":\"https:\/\/newsestlyonnais.fr\/site\/wp-content\/uploads\/2023\/12\/IMG_2383-1-1.jpg\",\"datePublished\":\"2023-12-15T14:29:19+00:00\",\"dateModified\":\"2023-12-17T07:21:14+00:00\",\"description\":\"GENAS | Le club de l'ESGA Hand accueille le 3\u00b0 tour des intercomit\u00e9s r\u00e9gionaux du Rh\u00f4ne\",\"breadcrumb\":{\"@id\":\"https:\/\/newsestlyonnais.fr\/site\/2023\/12\/15\/genas-le-club-de-lesga-hand-accueille-le-3-tour-des-intercomites-regionaux-du-rhone\/#breadcrumb\"},\"inLanguage\":\"fr-FR\",\"potentialAction\":[{\"@type\":\"ReadAction\",\"target\":[\"https:\/\/newsestlyonnais.fr\/site\/2023\/12\/15\/genas-le-club-de-lesga-hand-accueille-le-3-tour-des-intercomites-regionaux-du-rhone\/\"]}]},{\"@type\":\"ImageObject\",\"inLanguage\":\"fr-FR\",\"@id\":\"https:\/\/newsestlyonnais.fr\/site\/2023\/12\/15\/genas-le-club-de-lesga-hand-accueille-le-3-tour-des-intercomites-regionaux-du-rhone\/#primaryimage\",\"url\":\"https:\/\/newsestlyonnais.fr\/site\/wp-content\/uploads\/2023\/12\/IMG_2383-1-1.jpg\",\"contentUrl\":\"https:\/\/newsestlyonnais.fr\/site\/wp-content\/uploads\/2023\/12\/IMG_2383-1-1.jpg\",\"width\":828,\"height\":640},{\"@type\":\"BreadcrumbList\",\"@id\":\"https:\/\/newsestlyonnais.fr\/site\/2023\/12\/15\/genas-le-club-de-lesga-hand-accueille-le-3-tour-des-intercomites-regionaux-du-rhone\/#breadcrumb\",\"itemListElement\":[{\"@type\":\"ListItem\",\"position\":1,\"name\":\"Accueil\",\"item\":\"https:\/\/newsestlyonnais.fr\/site\/\"},{\"@type\":\"ListItem\",\"position\":2,\"name\":\"GENAS | Le club de l&rsquo;ESGA Hand accueille le 3\u00b0 tour des intercomit\u00e9s r\u00e9gionaux du Rh\u00f4ne\"}]},{\"@type\":\"WebSite\",\"@id\":\"https:\/\/newsestlyonnais.fr\/site\/#website\",\"url\":\"https:\/\/newsestlyonnais.fr\/site\/\",\"name\":\"News Est Lyonnais\",\"description\":\"L&#039;actualit\u00e9 au plus pr\u00e8s\",\"publisher\":{\"@id\":\"https:\/\/newsestlyonnais.fr\/site\/#organization\"},\"potentialAction\":[{\"@type\":\"SearchAction\",\"target\":{\"@type\":\"EntryPoint\",\"urlTemplate\":\"https:\/\/newsestlyonnais.fr\/site\/?s={search_term_string}\"},\"query-input\":{\"@type\":\"PropertyValueSpecification\",\"valueRequired\":true,\"valueName\":\"search_term_string\"}}],\"inLanguage\":\"fr-FR\"},{\"@type\":\"Organization\",\"@id\":\"https:\/\/newsestlyonnais.fr\/site\/#organization\",\"name\":\"News EST LYONNAIS\",\"url\":\"https:\/\/newsestlyonnais.fr\/site\/\",\"logo\":{\"@type\":\"ImageObject\",\"inLanguage\":\"fr-FR\",\"@id\":\"https:\/\/newsestlyonnais.fr\/site\/#\/schema\/logo\/image\/\",\"url\":\"\",\"contentUrl\":\"\",\"caption\":\"News EST LYONNAIS\"},\"image\":{\"@id\":\"https:\/\/newsestlyonnais.fr\/site\/#\/schema\/logo\/image\/\"}},{\"@type\":\"Person\",\"@id\":\"https:\/\/newsestlyonnais.fr\/site\/#\/schema\/person\/3230d5615f390bb808365d673001e887\",\"name\":\"R\u00e9dac. NEWS\",\"sameAs\":[\"http:\/\/www.newsestlyonnais.fr\",\"https:\/\/www.facebook.com\/pascal.oberson.1?fref=ts\",\"https:\/\/fr.linkedin.com\/in\/pascal-oberson-b17045113\"],\"url\":\"https:\/\/newsestlyonnais.fr\/site\/author\/nel\/\"}]}<\/script>\n<!-- \/ Yoast SEO plugin. -->","yoast_head_json":{"title":"GENAS | Le club de l'ESGA Hand accueille le 3\u00b0 tour des intercomit\u00e9s r\u00e9gionaux du Rh\u00f4ne - News Est Lyonnais","description":"GENAS | Le club de l'ESGA Hand accueille le 3\u00b0 tour des intercomit\u00e9s r\u00e9gionaux du Rh\u00f4ne","robots":{"index":"index","follow":"follow","max-snippet":"max-snippet:-1","max-image-preview":"max-image-preview:large","max-video-preview":"max-video-preview:-1"},"canonical":"https:\/\/newsestlyonnais.fr\/site\/2023\/12\/15\/genas-le-club-de-lesga-hand-accueille-le-3-tour-des-intercomites-regionaux-du-rhone\/","og_locale":"fr_FR","og_type":"article","og_title":"GENAS | Le club de l'ESGA Hand accueille le 3\u00b0 tour des intercomit\u00e9s r\u00e9gionaux du Rh\u00f4ne - News Est Lyonnais","og_description":"GENAS | Le club de l'ESGA Hand accueille le 3\u00b0 tour des intercomit\u00e9s r\u00e9gionaux du Rh\u00f4ne","og_url":"https:\/\/newsestlyonnais.fr\/site\/2023\/12\/15\/genas-le-club-de-lesga-hand-accueille-le-3-tour-des-intercomites-regionaux-du-rhone\/","og_site_name":"News Est Lyonnais","article_author":"https:\/\/www.facebook.com\/pascal.oberson.1?fref=ts","article_published_time":"2023-12-15T14:29:19+00:00","article_modified_time":"2023-12-17T07:21:14+00:00","og_image":[{"width":828,"height":640,"url":"https:\/\/newsestlyonnais.fr\/site\/wp-content\/uploads\/2023\/12\/IMG_2383-1-1.jpg","type":"image\/jpeg"}],"author":"R\u00e9dac. NEWS","twitter_card":"summary_large_image","twitter_misc":{"\u00c9crit par":"R\u00e9dac. NEWS","Dur\u00e9e de lecture estim\u00e9e":"2 minutes"},"schema":{"@context":"https:\/\/schema.org","@graph":[{"@type":"Article","@id":"https:\/\/newsestlyonnais.fr\/site\/2023\/12\/15\/genas-le-club-de-lesga-hand-accueille-le-3-tour-des-intercomites-regionaux-du-rhone\/#article","isPartOf":{"@id":"https:\/\/newsestlyonnais.fr\/site\/2023\/12\/15\/genas-le-club-de-lesga-hand-accueille-le-3-tour-des-intercomites-regionaux-du-rhone\/"},"author":{"name":"R\u00e9dac. NEWS","@id":"https:\/\/newsestlyonnais.fr\/site\/#\/schema\/person\/3230d5615f390bb808365d673001e887"},"headline":"GENAS | Le club de l&rsquo;ESGA Hand accueille le 3\u00b0 tour des intercomit\u00e9s r\u00e9gionaux du Rh\u00f4ne","datePublished":"2023-12-15T14:29:19+00:00","dateModified":"2023-12-17T07:21:14+00:00","mainEntityOfPage":{"@id":"https:\/\/newsestlyonnais.fr\/site\/2023\/12\/15\/genas-le-club-de-lesga-hand-accueille-le-3-tour-des-intercomites-regionaux-du-rhone\/"},"wordCount":212,"commentCount":0,"publisher":{"@id":"https:\/\/newsestlyonnais.fr\/site\/#organization"},"image":{"@id":"https:\/\/newsestlyonnais.fr\/site\/2023\/12\/15\/genas-le-club-de-lesga-hand-accueille-le-3-tour-des-intercomites-regionaux-du-rhone\/#primaryimage"},"thumbnailUrl":"https:\/\/newsestlyonnais.fr\/site\/wp-content\/uploads\/2023\/12\/IMG_2383-1-1.jpg","keywords":["ESGA HANDBALL","HANDBALL","VILLETTE D'ANTHON"],"articleSection":["Ain | Is\u00e8re","Basket | Hand | Volley","CCEL | Communes","Enfance | Jeunesse","Genas","Hand","Is\u00e8re (38)","Sports"],"inLanguage":"fr-FR","potentialAction":[{"@type":"CommentAction","name":"Comment","target":["https:\/\/newsestlyonnais.fr\/site\/2023\/12\/15\/genas-le-club-de-lesga-hand-accueille-le-3-tour-des-intercomites-regionaux-du-rhone\/#respond"]}]},{"@type":"WebPage","@id":"https:\/\/newsestlyonnais.fr\/site\/2023\/12\/15\/genas-le-club-de-lesga-hand-accueille-le-3-tour-des-intercomites-regionaux-du-rhone\/","url":"https:\/\/newsestlyonnais.fr\/site\/2023\/12\/15\/genas-le-club-de-lesga-hand-accueille-le-3-tour-des-intercomites-regionaux-du-rhone\/","name":"GENAS | Le club de l'ESGA Hand accueille le 3\u00b0 tour des intercomit\u00e9s r\u00e9gionaux du Rh\u00f4ne - News Est Lyonnais","isPartOf":{"@id":"https:\/\/newsestlyonnais.fr\/site\/#website"},"primaryImageOfPage":{"@id":"https:\/\/newsestlyonnais.fr\/site\/2023\/12\/15\/genas-le-club-de-lesga-hand-accueille-le-3-tour-des-intercomites-regionaux-du-rhone\/#primaryimage"},"image":{"@id":"https:\/\/newsestlyonnais.fr\/site\/2023\/12\/15\/genas-le-club-de-lesga-hand-accueille-le-3-tour-des-intercomites-regionaux-du-rhone\/#primaryimage"},"thumbnailUrl":"https:\/\/newsestlyonnais.fr\/site\/wp-content\/uploads\/2023\/12\/IMG_2383-1-1.jpg","datePublished":"2023-12-15T14:29:19+00:00","dateModified":"2023-12-17T07:21:14+00:00","description":"GENAS | Le club de l'ESGA Hand accueille le 3\u00b0 tour des intercomit\u00e9s r\u00e9gionaux du Rh\u00f4ne","breadcrumb":{"@id":"https:\/\/newsestlyonnais.fr\/site\/2023\/12\/15\/genas-le-club-de-lesga-hand-accueille-le-3-tour-des-intercomites-regionaux-du-rhone\/#breadcrumb"},"inLanguage":"fr-FR","potentialAction":[{"@type":"ReadAction","target":["https:\/\/newsestlyonnais.fr\/site\/2023\/12\/15\/genas-le-club-de-lesga-hand-accueille-le-3-tour-des-intercomites-regionaux-du-rhone\/"]}]},{"@type":"ImageObject","inLanguage":"fr-FR","@id":"https:\/\/newsestlyonnais.fr\/site\/2023\/12\/15\/genas-le-club-de-lesga-hand-accueille-le-3-tour-des-intercomites-regionaux-du-rhone\/#primaryimage","url":"https:\/\/newsestlyonnais.fr\/site\/wp-content\/uploads\/2023\/12\/IMG_2383-1-1.jpg","contentUrl":"https:\/\/newsestlyonnais.fr\/site\/wp-content\/uploads\/2023\/12\/IMG_2383-1-1.jpg","width":828,"height":640},{"@type":"BreadcrumbList","@id":"https:\/\/newsestlyonnais.fr\/site\/2023\/12\/15\/genas-le-club-de-lesga-hand-accueille-le-3-tour-des-intercomites-regionaux-du-rhone\/#breadcrumb","itemListElement":[{"@type":"ListItem","position":1,"name":"Accueil","item":"https:\/\/newsestlyonnais.fr\/site\/"},{"@type":"ListItem","position":2,"name":"GENAS | Le club de l&rsquo;ESGA Hand accueille le 3\u00b0 tour des intercomit\u00e9s r\u00e9gionaux du Rh\u00f4ne"}]},{"@type":"WebSite","@id":"https:\/\/newsestlyonnais.fr\/site\/#website","url":"https:\/\/newsestlyonnais.fr\/site\/","name":"News Est Lyonnais","description":"L&#039;actualit\u00e9 au plus pr\u00e8s","publisher":{"@id":"https:\/\/newsestlyonnais.fr\/site\/#organization"},"potentialAction":[{"@type":"SearchAction","target":{"@type":"EntryPoint","urlTemplate":"https:\/\/newsestlyonnais.fr\/site\/?s={search_term_string}"},"query-input":{"@type":"PropertyValueSpecification","valueRequired":true,"valueName":"search_term_string"}}],"inLanguage":"fr-FR"},{"@type":"Organization","@id":"https:\/\/newsestlyonnais.fr\/site\/#organization","name":"News EST LYONNAIS","url":"https:\/\/newsestlyonnais.fr\/site\/","logo":{"@type":"ImageObject","inLanguage":"fr-FR","@id":"https:\/\/newsestlyonnais.fr\/site\/#\/schema\/logo\/image\/","url":"","contentUrl":"","caption":"News EST LYONNAIS"},"image":{"@id":"https:\/\/newsestlyonnais.fr\/site\/#\/schema\/logo\/image\/"}},{"@type":"Person","@id":"https:\/\/newsestlyonnais.fr\/site\/#\/schema\/person\/3230d5615f390bb808365d673001e887","name":"R\u00e9dac. NEWS","sameAs":["http:\/\/www.newsestlyonnais.fr","https:\/\/www.facebook.com\/pascal.oberson.1?fref=ts","https:\/\/fr.linkedin.com\/in\/pascal-oberson-b17045113"],"url":"https:\/\/newsestlyonnais.fr\/site\/author\/nel\/"}]}},"_links":{"self":[{"href":"https:\/\/newsestlyonnais.fr\/site\/wp-json\/wp\/v2\/posts\/197010","targetHints":{"allow":["GET"]}}],"collection":[{"href":"https:\/\/newsestlyonnais.fr\/site\/wp-json\/wp\/v2\/posts"}],"about":[{"href":"https:\/\/newsestlyonnais.fr\/site\/wp-json\/wp\/v2\/types\/post"}],"author":[{"embeddable":true,"href":"https:\/\/newsestlyonnais.fr\/site\/wp-json\/wp\/v2\/users\/4"}],"replies":[{"embeddable":true,"href":"https:\/\/newsestlyonnais.fr\/site\/wp-json\/wp\/v2\/comments?post=197010"}],"version-history":[{"count":0,"href":"https:\/\/newsestlyonnais.fr\/site\/wp-json\/wp\/v2\/posts\/197010\/revisions"}],"wp:featuredmedia":[{"embeddable":true,"href":"https:\/\/newsestlyonnais.fr\/site\/wp-json\/wp\/v2\/media\/197013"}],"wp:attachment":[{"href":"https:\/\/newsestlyonnais.fr\/site\/wp-json\/wp\/v2\/media?parent=197010"}],"wp:term":[{"taxonomy":"category","embeddable":true,"href":"https:\/\/newsestlyonnais.fr\/site\/wp-json\/wp\/v2\/categories?post=197010"},{"taxonomy":"post_tag","embeddable":true,"href":"https:\/\/newsestlyonnais.fr\/site\/wp-json\/wp\/v2\/tags?post=197010"}],"curies":[{"name":"wp","href":"https:\/\/api.w.org\/{rel}","templated":true}]}}