{"id":197077,"date":"2023-12-17T09:16:47","date_gmt":"2023-12-17T08:16:47","guid":{"rendered":"https:\/\/newsestlyonnais.fr\/site\/?p=197077"},"modified":"2023-12-19T16:51:33","modified_gmt":"2023-12-19T15:51:33","slug":"jonage-grand-prix-des-poussins-et-fete-de-fin-dannee-pour-la-section-judo","status":"publish","type":"post","link":"https:\/\/newsestlyonnais.fr\/site\/2023\/12\/17\/jonage-grand-prix-des-poussins-et-fete-de-fin-dannee-pour-la-section-judo\/","title":{"rendered":"JONAGE | Grand prix des poussins et f\u00eate de fin d&rsquo;ann\u00e9e pour la section judo"},"content":{"rendered":"<p><span style=\"background-color: #000000; color: #ffffff;\"><strong>Grand Prix des poussins <\/strong><\/span><\/p>\n<p>Ce samedi \u00e0 la Maison du Judo, \u00e0 Lyon, se d\u00e9roulait cette comp\u00e9tition pour les ann\u00e9es 2014, 2015, 2016 et 2017, soit <strong>environ 400 enfants de tous les clubs du d\u00e9partement.<\/strong><\/p>\n<p><strong>Les deux Jonageois engag\u00e9s se classant 3\u00b0 : Gaspard Dermadirossian et Victoire Mangin<\/strong>. Ils ont gagn\u00e9 une m\u00e9daille de bronze, une ceinture rouge pour les comp\u00e9titions et un sachet avec des chocolats.<\/p>\n<p>Une rencontre tr\u00e8s diff\u00e9rente des comp\u00e9titions habituelles, puisqu&rsquo;elle \u00e9tait bas\u00e9e de la mani\u00e8re suivante :<\/p>\n<ul>\n<li>1\u00b0) \u00c9crire le plus de mots sur le judo (salle, tenue, terme d\u2019arbitrage, technique, etc..).<\/li>\n<li>2\u00b0) Relier les noms des techniques avec l\u2019image du mouvement.<\/li>\n<li>3\u00b0) Jeux d\u2019opposition en enlevant les \u00e9pingles \u00e0 linge de son adversaire.<\/li>\n<\/ul>\n<p>Cette animation a dur\u00e9 toute l\u2019apr\u00e8s-midi avec le championnat par \u00e9quipes Benjamins.<\/p>\n<div id='gallery-1' class='gallery galleryid-197077 gallery-columns-2 gallery-size-large'><figure class='gallery-item'>\n\t\t\t<div class='gallery-icon portrait'>\n\t\t\t\t<a href='https:\/\/newsestlyonnais.fr\/site\/2023\/12\/17\/jonage-grand-prix-des-poussins-et-fete-de-fin-dannee-pour-la-section-judo\/gaspard-et-victoire-a\/'><img loading=\"lazy\" decoding=\"async\" width=\"562\" height=\"750\" src=\"https:\/\/newsestlyonnais.fr\/site\/wp-content\/uploads\/2023\/12\/Gaspard-et-Victoire-A-650x867.jpg\" class=\"attachment-large size-large\" alt=\"\" aria-describedby=\"gallery-1-197087\" srcset=\"https:\/\/newsestlyonnais.fr\/site\/wp-content\/uploads\/2023\/12\/Gaspard-et-Victoire-A-650x867.jpg 650w, https:\/\/newsestlyonnais.fr\/site\/wp-content\/uploads\/2023\/12\/Gaspard-et-Victoire-A-400x533.jpg 400w, https:\/\/newsestlyonnais.fr\/site\/wp-content\/uploads\/2023\/12\/Gaspard-et-Victoire-A-250x333.jpg 250w, https:\/\/newsestlyonnais.fr\/site\/wp-content\/uploads\/2023\/12\/Gaspard-et-Victoire-A-768x1024.jpg 768w, https:\/\/newsestlyonnais.fr\/site\/wp-content\/uploads\/2023\/12\/Gaspard-et-Victoire-A-150x200.jpg 150w, https:\/\/newsestlyonnais.fr\/site\/wp-content\/uploads\/2023\/12\/Gaspard-et-Victoire-A-50x67.jpg 50w, https:\/\/newsestlyonnais.fr\/site\/wp-content\/uploads\/2023\/12\/Gaspard-et-Victoire-A-100x133.jpg 100w, https:\/\/newsestlyonnais.fr\/site\/wp-content\/uploads\/2023\/12\/Gaspard-et-Victoire-A-200x267.jpg 200w, https:\/\/newsestlyonnais.fr\/site\/wp-content\/uploads\/2023\/12\/Gaspard-et-Victoire-A-300x400.jpg 300w, https:\/\/newsestlyonnais.fr\/site\/wp-content\/uploads\/2023\/12\/Gaspard-et-Victoire-A-350x467.jpg 350w, https:\/\/newsestlyonnais.fr\/site\/wp-content\/uploads\/2023\/12\/Gaspard-et-Victoire-A-450x600.jpg 450w, https:\/\/newsestlyonnais.fr\/site\/wp-content\/uploads\/2023\/12\/Gaspard-et-Victoire-A-500x667.jpg 500w, https:\/\/newsestlyonnais.fr\/site\/wp-content\/uploads\/2023\/12\/Gaspard-et-Victoire-A-550x733.jpg 550w, https:\/\/newsestlyonnais.fr\/site\/wp-content\/uploads\/2023\/12\/Gaspard-et-Victoire-A-800x1067.jpg 800w, https:\/\/newsestlyonnais.fr\/site\/wp-content\/uploads\/2023\/12\/Gaspard-et-Victoire-A.jpg 900w\" sizes=\"auto, (max-width: 562px) 100vw, 562px\" \/><\/a>\n\t\t\t<\/div>\n\t\t\t\t<figcaption class='wp-caption-text gallery-caption' id='gallery-1-197087'>\n\t\t\t\tGaspard et Victoire\n\t\t\t\t<\/figcaption><\/figure><figure class='gallery-item'>\n\t\t\t<div class='gallery-icon landscape'>\n\t\t\t\t<a href='https:\/\/newsestlyonnais.fr\/site\/2023\/12\/17\/jonage-grand-prix-des-poussins-et-fete-de-fin-dannee-pour-la-section-judo\/groupe-a-gaspard-devant-les-medailles\/'><img loading=\"lazy\" decoding=\"async\" width=\"640\" height=\"480\" src=\"https:\/\/newsestlyonnais.fr\/site\/wp-content\/uploads\/2023\/12\/Groupe-a-Gaspard-devant-les-medailles-650x488.jpg\" class=\"attachment-large size-large\" alt=\"\" aria-describedby=\"gallery-1-197089\" srcset=\"https:\/\/newsestlyonnais.fr\/site\/wp-content\/uploads\/2023\/12\/Groupe-a-Gaspard-devant-les-medailles-650x488.jpg 650w, https:\/\/newsestlyonnais.fr\/site\/wp-content\/uploads\/2023\/12\/Groupe-a-Gaspard-devant-les-medailles-400x300.jpg 400w, https:\/\/newsestlyonnais.fr\/site\/wp-content\/uploads\/2023\/12\/Groupe-a-Gaspard-devant-les-medailles-250x188.jpg 250w, https:\/\/newsestlyonnais.fr\/site\/wp-content\/uploads\/2023\/12\/Groupe-a-Gaspard-devant-les-medailles-768x576.jpg 768w, https:\/\/newsestlyonnais.fr\/site\/wp-content\/uploads\/2023\/12\/Groupe-a-Gaspard-devant-les-medailles-150x113.jpg 150w, https:\/\/newsestlyonnais.fr\/site\/wp-content\/uploads\/2023\/12\/Groupe-a-Gaspard-devant-les-medailles-50x38.jpg 50w, https:\/\/newsestlyonnais.fr\/site\/wp-content\/uploads\/2023\/12\/Groupe-a-Gaspard-devant-les-medailles-100x75.jpg 100w, https:\/\/newsestlyonnais.fr\/site\/wp-content\/uploads\/2023\/12\/Groupe-a-Gaspard-devant-les-medailles-200x150.jpg 200w, https:\/\/newsestlyonnais.fr\/site\/wp-content\/uploads\/2023\/12\/Groupe-a-Gaspard-devant-les-medailles-300x225.jpg 300w, https:\/\/newsestlyonnais.fr\/site\/wp-content\/uploads\/2023\/12\/Groupe-a-Gaspard-devant-les-medailles-350x263.jpg 350w, https:\/\/newsestlyonnais.fr\/site\/wp-content\/uploads\/2023\/12\/Groupe-a-Gaspard-devant-les-medailles-450x338.jpg 450w, https:\/\/newsestlyonnais.fr\/site\/wp-content\/uploads\/2023\/12\/Groupe-a-Gaspard-devant-les-medailles-500x375.jpg 500w, https:\/\/newsestlyonnais.fr\/site\/wp-content\/uploads\/2023\/12\/Groupe-a-Gaspard-devant-les-medailles-550x413.jpg 550w, https:\/\/newsestlyonnais.fr\/site\/wp-content\/uploads\/2023\/12\/Groupe-a-Gaspard-devant-les-medailles-800x600.jpg 800w, https:\/\/newsestlyonnais.fr\/site\/wp-content\/uploads\/2023\/12\/Groupe-a-Gaspard-devant-les-medailles.jpg 1200w\" sizes=\"auto, (max-width: 640px) 100vw, 640px\" \/><\/a>\n\t\t\t<\/div>\n\t\t\t\t<figcaption class='wp-caption-text gallery-caption' id='gallery-1-197089'>\n\t\t\t\tGroupe de Gaspard devant les m\u00e9daill\u00e9s\n\t\t\t\t<\/figcaption><\/figure>\n\t\t<\/div>\n\n<hr \/>\n<p><span style=\"background-color: #000000; color: #ffffff;\"><strong>F\u00eate de fin d\u2019ann\u00e9e et remise de ceinture noire<\/strong><\/span><\/p>\n<div class=\"ox-91e9146b1e-moz-forward-container\">\n<p class=\"ox-91e9146b1e-MsoNormal\"><img loading=\"lazy\" decoding=\"async\" class=\"alignleft size-thumbnail wp-image-197091\" src=\"https:\/\/newsestlyonnais.fr\/site\/wp-content\/uploads\/2023\/12\/Remise-Daniel-et-Oreste-1.jpg-250x211.png\" alt=\"\" width=\"150\" height=\"127\" srcset=\"https:\/\/newsestlyonnais.fr\/site\/wp-content\/uploads\/2023\/12\/Remise-Daniel-et-Oreste-1.jpg-250x211.png 250w, https:\/\/newsestlyonnais.fr\/site\/wp-content\/uploads\/2023\/12\/Remise-Daniel-et-Oreste-1.jpg-150x126.png 150w, https:\/\/newsestlyonnais.fr\/site\/wp-content\/uploads\/2023\/12\/Remise-Daniel-et-Oreste-1.jpg-50x42.png 50w, https:\/\/newsestlyonnais.fr\/site\/wp-content\/uploads\/2023\/12\/Remise-Daniel-et-Oreste-1.jpg-100x84.png 100w, https:\/\/newsestlyonnais.fr\/site\/wp-content\/uploads\/2023\/12\/Remise-Daniel-et-Oreste-1.jpg-200x169.png 200w, https:\/\/newsestlyonnais.fr\/site\/wp-content\/uploads\/2023\/12\/Remise-Daniel-et-Oreste-1.jpg-300x253.png 300w, https:\/\/newsestlyonnais.fr\/site\/wp-content\/uploads\/2023\/12\/Remise-Daniel-et-Oreste-1.jpg-350x295.png 350w, https:\/\/newsestlyonnais.fr\/site\/wp-content\/uploads\/2023\/12\/Remise-Daniel-et-Oreste-1.jpg.png 389w\" sizes=\"auto, (max-width: 150px) 100vw, 150px\" \/>La section Judo Jonage cl\u00f4ture la fin d\u2019ann\u00e9e avec <strong>une nouvelle ceinture noire \u00e0 Oreste Gobet. <\/strong><\/p>\n<p class=\"ox-91e9146b1e-MsoNormal\">\u00a0\u00bb La famille Gobet engag\u00e9e au Judo \u00e0 Jonage avec le papa Yannick et le fr\u00e8re Hippolyte d\u00e9j\u00e0 ceinture noire depuis quelques ann\u00e9es.\u00a0 Pour ce moment particulier, de nombreuses personnes sont venus f\u00eater ce bel \u00e9v\u00e9nement. Nous avons \u00e9t\u00e9 agr\u00e9ablement surpris de la pr\u00e9sence de nos \u00e9lus de la municipalit\u00e9, le premier adjoint S\u00e9bastien Mellet, l&rsquo;adjointe aux services des sports Virginie Antolinos et Lysiane Mangin membre du conseil d&rsquo;administration de la municipalit\u00e9 et maman d\u2019une de nos comp\u00e9titrices : Victoire.<\/p>\n<p class=\"ox-91e9146b1e-MsoNormal\">De nombreuses ceintures noires sont aussi venues : Medhi Boubekeur, Cyril Blaise, Laurent Mangin, Frederic Rebmann, Fabrice Mateo et Gabriel Guibert avec notre tr\u00e9sori\u00e8re Mireille Collas et l\u2019encadrement : Jean Luc Augugliaro, Damien Dumonceau et moi-m\u00eame. Cet \u00e9v\u00e8nement s\u2019est cl\u00f4tur\u00e9 par le repas de fin d\u2019ann\u00e9e, qui a rassembl\u00e9 plus de 60 personnes. Celui ci a \u00e9t\u00e9 organis\u00e9 par l&rsquo;un de nos anciens athl\u00e8tes Fabrice Perrin avec son \u00e9pouse g\u00e9rant la cuisine de Nan, partenaire du club. Nous le remer\u00e7ions pour ce travail et son aide en sponsor de la section Judo. Nous esp\u00e9rons une prochaine ceinture noire du partenaire d\u2019Oreste sur la partie technique : Enzo Mateo. La section cl\u00f4ture l\u2019ann\u00e9e en fin de semaine, mais avant, nous avons encore concours de dessins de No\u00ebl et distribution de papillotes.\u00a0\u00bb confiait Daniel Mestre, un des entraineurs du club.<\/p>\n<hr \/>\n<\/div>\n","protected":false},"excerpt":{"rendered":"<p>Un exercice 2023 ainsi cl\u00f4tur\u00e9 avec une comp\u00e9tition jeune et la c\u00e9l\u00e9bration de la nouvelle ceinture noire du club.<\/p>\n","protected":false},"author":4,"featured_media":197081,"comment_status":"open","ping_status":"open","sticky":false,"template":"","format":"standard","meta":{"footnotes":""},"categories":[1303,1352,2994,2],"tags":[2934,4979,2121,4943,4981,4980],"class_list":["post-197077","post","type-post","status-publish","format-standard","has-post-thumbnail","hentry","category-jonage","category-judo","category-judo-karate-taekwondo-sports","category-sports","tag-ceinture-noire","tag-gaspard-dermadirossian","tag-jonage","tag-judo-club-jonageois","tag-oreste-gobet","tag-victoire-mangin"],"yoast_head":"<!-- This site is optimized with the Yoast SEO plugin v27.2 - https:\/\/yoast.com\/product\/yoast-seo-wordpress\/ -->\n<title>JONAGE | Grand prix des poussins et f\u00eate de fin d&#039;ann\u00e9e pour la section judo - News Est Lyonnais<\/title>\n<meta name=\"description\" content=\"JONAGE | Grand prix des poussins et f\u00eate de fin d&#039;ann\u00e9e pour la section judo\" \/>\n<meta name=\"robots\" content=\"index, follow, max-snippet:-1, max-image-preview:large, max-video-preview:-1\" \/>\n<link rel=\"canonical\" href=\"https:\/\/newsestlyonnais.fr\/site\/2023\/12\/17\/jonage-grand-prix-des-poussins-et-fete-de-fin-dannee-pour-la-section-judo\/\" \/>\n<meta property=\"og:locale\" content=\"fr_FR\" \/>\n<meta property=\"og:type\" content=\"article\" \/>\n<meta property=\"og:title\" content=\"JONAGE | Grand prix des poussins et f\u00eate de fin d&#039;ann\u00e9e pour la section judo - News Est Lyonnais\" \/>\n<meta property=\"og:description\" content=\"JONAGE | Grand prix des poussins et f\u00eate de fin d&#039;ann\u00e9e pour la section judo\" \/>\n<meta property=\"og:url\" content=\"https:\/\/newsestlyonnais.fr\/site\/2023\/12\/17\/jonage-grand-prix-des-poussins-et-fete-de-fin-dannee-pour-la-section-judo\/\" \/>\n<meta property=\"og:site_name\" content=\"News Est Lyonnais\" \/>\n<meta property=\"article:author\" content=\"https:\/\/www.facebook.com\/pascal.oberson.1?fref=ts\" \/>\n<meta property=\"article:published_time\" content=\"2023-12-17T08:16:47+00:00\" \/>\n<meta property=\"article:modified_time\" content=\"2023-12-19T15:51:33+00:00\" \/>\n<meta property=\"og:image\" content=\"https:\/\/newsestlyonnais.fr\/site\/wp-content\/uploads\/2023\/12\/Groupe-a-Victoire-devant-les-medailles.jpg\" \/>\n\t<meta property=\"og:image:width\" content=\"1200\" \/>\n\t<meta property=\"og:image:height\" content=\"900\" \/>\n\t<meta property=\"og:image:type\" content=\"image\/jpeg\" \/>\n<meta name=\"author\" content=\"R\u00e9dac. NEWS\" \/>\n<meta name=\"twitter:card\" content=\"summary_large_image\" \/>\n<meta name=\"twitter:label1\" content=\"\u00c9crit par\" \/>\n\t<meta name=\"twitter:data1\" content=\"R\u00e9dac. NEWS\" \/>\n\t<meta name=\"twitter:label2\" content=\"Dur\u00e9e de lecture estim\u00e9e\" \/>\n\t<meta name=\"twitter:data2\" content=\"3 minutes\" \/>\n<script type=\"application\/ld+json\" class=\"yoast-schema-graph\">{\"@context\":\"https:\/\/schema.org\",\"@graph\":[{\"@type\":\"Article\",\"@id\":\"https:\/\/newsestlyonnais.fr\/site\/2023\/12\/17\/jonage-grand-prix-des-poussins-et-fete-de-fin-dannee-pour-la-section-judo\/#article\",\"isPartOf\":{\"@id\":\"https:\/\/newsestlyonnais.fr\/site\/2023\/12\/17\/jonage-grand-prix-des-poussins-et-fete-de-fin-dannee-pour-la-section-judo\/\"},\"author\":{\"name\":\"R\u00e9dac. NEWS\",\"@id\":\"https:\/\/newsestlyonnais.fr\/site\/#\/schema\/person\/3230d5615f390bb808365d673001e887\"},\"headline\":\"JONAGE | Grand prix des poussins et f\u00eate de fin d&rsquo;ann\u00e9e pour la section judo\",\"datePublished\":\"2023-12-17T08:16:47+00:00\",\"dateModified\":\"2023-12-19T15:51:33+00:00\",\"mainEntityOfPage\":{\"@id\":\"https:\/\/newsestlyonnais.fr\/site\/2023\/12\/17\/jonage-grand-prix-des-poussins-et-fete-de-fin-dannee-pour-la-section-judo\/\"},\"wordCount\":432,\"commentCount\":0,\"publisher\":{\"@id\":\"https:\/\/newsestlyonnais.fr\/site\/#organization\"},\"image\":{\"@id\":\"https:\/\/newsestlyonnais.fr\/site\/2023\/12\/17\/jonage-grand-prix-des-poussins-et-fete-de-fin-dannee-pour-la-section-judo\/#primaryimage\"},\"thumbnailUrl\":\"https:\/\/newsestlyonnais.fr\/site\/wp-content\/uploads\/2023\/12\/Groupe-a-Victoire-devant-les-medailles.jpg\",\"keywords\":[\"CEINTURE NOIRE\",\"Gaspard Dermadirossian\",\"JONAGE\",\"judo club jonageois\",\"Oreste Gobet\",\"Victoire Mangin\"],\"articleSection\":[\"Jonage\",\"Judo\",\"Judo| Karat\u00e9| Taekwondo\",\"Sports\"],\"inLanguage\":\"fr-FR\",\"potentialAction\":[{\"@type\":\"CommentAction\",\"name\":\"Comment\",\"target\":[\"https:\/\/newsestlyonnais.fr\/site\/2023\/12\/17\/jonage-grand-prix-des-poussins-et-fete-de-fin-dannee-pour-la-section-judo\/#respond\"]}]},{\"@type\":\"WebPage\",\"@id\":\"https:\/\/newsestlyonnais.fr\/site\/2023\/12\/17\/jonage-grand-prix-des-poussins-et-fete-de-fin-dannee-pour-la-section-judo\/\",\"url\":\"https:\/\/newsestlyonnais.fr\/site\/2023\/12\/17\/jonage-grand-prix-des-poussins-et-fete-de-fin-dannee-pour-la-section-judo\/\",\"name\":\"JONAGE | Grand prix des poussins et f\u00eate de fin d'ann\u00e9e pour la section judo - News Est Lyonnais\",\"isPartOf\":{\"@id\":\"https:\/\/newsestlyonnais.fr\/site\/#website\"},\"primaryImageOfPage\":{\"@id\":\"https:\/\/newsestlyonnais.fr\/site\/2023\/12\/17\/jonage-grand-prix-des-poussins-et-fete-de-fin-dannee-pour-la-section-judo\/#primaryimage\"},\"image\":{\"@id\":\"https:\/\/newsestlyonnais.fr\/site\/2023\/12\/17\/jonage-grand-prix-des-poussins-et-fete-de-fin-dannee-pour-la-section-judo\/#primaryimage\"},\"thumbnailUrl\":\"https:\/\/newsestlyonnais.fr\/site\/wp-content\/uploads\/2023\/12\/Groupe-a-Victoire-devant-les-medailles.jpg\",\"datePublished\":\"2023-12-17T08:16:47+00:00\",\"dateModified\":\"2023-12-19T15:51:33+00:00\",\"description\":\"JONAGE | Grand prix des poussins et f\u00eate de fin d'ann\u00e9e pour la section judo\",\"breadcrumb\":{\"@id\":\"https:\/\/newsestlyonnais.fr\/site\/2023\/12\/17\/jonage-grand-prix-des-poussins-et-fete-de-fin-dannee-pour-la-section-judo\/#breadcrumb\"},\"inLanguage\":\"fr-FR\",\"potentialAction\":[{\"@type\":\"ReadAction\",\"target\":[\"https:\/\/newsestlyonnais.fr\/site\/2023\/12\/17\/jonage-grand-prix-des-poussins-et-fete-de-fin-dannee-pour-la-section-judo\/\"]}]},{\"@type\":\"ImageObject\",\"inLanguage\":\"fr-FR\",\"@id\":\"https:\/\/newsestlyonnais.fr\/site\/2023\/12\/17\/jonage-grand-prix-des-poussins-et-fete-de-fin-dannee-pour-la-section-judo\/#primaryimage\",\"url\":\"https:\/\/newsestlyonnais.fr\/site\/wp-content\/uploads\/2023\/12\/Groupe-a-Victoire-devant-les-medailles.jpg\",\"contentUrl\":\"https:\/\/newsestlyonnais.fr\/site\/wp-content\/uploads\/2023\/12\/Groupe-a-Victoire-devant-les-medailles.jpg\",\"width\":1200,\"height\":900},{\"@type\":\"BreadcrumbList\",\"@id\":\"https:\/\/newsestlyonnais.fr\/site\/2023\/12\/17\/jonage-grand-prix-des-poussins-et-fete-de-fin-dannee-pour-la-section-judo\/#breadcrumb\",\"itemListElement\":[{\"@type\":\"ListItem\",\"position\":1,\"name\":\"Accueil\",\"item\":\"https:\/\/newsestlyonnais.fr\/site\/\"},{\"@type\":\"ListItem\",\"position\":2,\"name\":\"JONAGE | Grand prix des poussins et f\u00eate de fin d&rsquo;ann\u00e9e pour la section judo\"}]},{\"@type\":\"WebSite\",\"@id\":\"https:\/\/newsestlyonnais.fr\/site\/#website\",\"url\":\"https:\/\/newsestlyonnais.fr\/site\/\",\"name\":\"News Est Lyonnais\",\"description\":\"L&#039;actualit\u00e9 au plus pr\u00e8s\",\"publisher\":{\"@id\":\"https:\/\/newsestlyonnais.fr\/site\/#organization\"},\"potentialAction\":[{\"@type\":\"SearchAction\",\"target\":{\"@type\":\"EntryPoint\",\"urlTemplate\":\"https:\/\/newsestlyonnais.fr\/site\/?s={search_term_string}\"},\"query-input\":{\"@type\":\"PropertyValueSpecification\",\"valueRequired\":true,\"valueName\":\"search_term_string\"}}],\"inLanguage\":\"fr-FR\"},{\"@type\":\"Organization\",\"@id\":\"https:\/\/newsestlyonnais.fr\/site\/#organization\",\"name\":\"News EST LYONNAIS\",\"url\":\"https:\/\/newsestlyonnais.fr\/site\/\",\"logo\":{\"@type\":\"ImageObject\",\"inLanguage\":\"fr-FR\",\"@id\":\"https:\/\/newsestlyonnais.fr\/site\/#\/schema\/logo\/image\/\",\"url\":\"\",\"contentUrl\":\"\",\"caption\":\"News EST LYONNAIS\"},\"image\":{\"@id\":\"https:\/\/newsestlyonnais.fr\/site\/#\/schema\/logo\/image\/\"}},{\"@type\":\"Person\",\"@id\":\"https:\/\/newsestlyonnais.fr\/site\/#\/schema\/person\/3230d5615f390bb808365d673001e887\",\"name\":\"R\u00e9dac. NEWS\",\"sameAs\":[\"http:\/\/www.newsestlyonnais.fr\",\"https:\/\/www.facebook.com\/pascal.oberson.1?fref=ts\",\"https:\/\/fr.linkedin.com\/in\/pascal-oberson-b17045113\"],\"url\":\"https:\/\/newsestlyonnais.fr\/site\/author\/nel\/\"}]}<\/script>\n<!-- \/ Yoast SEO plugin. -->","yoast_head_json":{"title":"JONAGE | Grand prix des poussins et f\u00eate de fin d'ann\u00e9e pour la section judo - News Est Lyonnais","description":"JONAGE | Grand prix des poussins et f\u00eate de fin d'ann\u00e9e pour la section judo","robots":{"index":"index","follow":"follow","max-snippet":"max-snippet:-1","max-image-preview":"max-image-preview:large","max-video-preview":"max-video-preview:-1"},"canonical":"https:\/\/newsestlyonnais.fr\/site\/2023\/12\/17\/jonage-grand-prix-des-poussins-et-fete-de-fin-dannee-pour-la-section-judo\/","og_locale":"fr_FR","og_type":"article","og_title":"JONAGE | Grand prix des poussins et f\u00eate de fin d'ann\u00e9e pour la section judo - News Est Lyonnais","og_description":"JONAGE | Grand prix des poussins et f\u00eate de fin d'ann\u00e9e pour la section judo","og_url":"https:\/\/newsestlyonnais.fr\/site\/2023\/12\/17\/jonage-grand-prix-des-poussins-et-fete-de-fin-dannee-pour-la-section-judo\/","og_site_name":"News Est Lyonnais","article_author":"https:\/\/www.facebook.com\/pascal.oberson.1?fref=ts","article_published_time":"2023-12-17T08:16:47+00:00","article_modified_time":"2023-12-19T15:51:33+00:00","og_image":[{"width":1200,"height":900,"url":"https:\/\/newsestlyonnais.fr\/site\/wp-content\/uploads\/2023\/12\/Groupe-a-Victoire-devant-les-medailles.jpg","type":"image\/jpeg"}],"author":"R\u00e9dac. NEWS","twitter_card":"summary_large_image","twitter_misc":{"\u00c9crit par":"R\u00e9dac. NEWS","Dur\u00e9e de lecture estim\u00e9e":"3 minutes"},"schema":{"@context":"https:\/\/schema.org","@graph":[{"@type":"Article","@id":"https:\/\/newsestlyonnais.fr\/site\/2023\/12\/17\/jonage-grand-prix-des-poussins-et-fete-de-fin-dannee-pour-la-section-judo\/#article","isPartOf":{"@id":"https:\/\/newsestlyonnais.fr\/site\/2023\/12\/17\/jonage-grand-prix-des-poussins-et-fete-de-fin-dannee-pour-la-section-judo\/"},"author":{"name":"R\u00e9dac. NEWS","@id":"https:\/\/newsestlyonnais.fr\/site\/#\/schema\/person\/3230d5615f390bb808365d673001e887"},"headline":"JONAGE | Grand prix des poussins et f\u00eate de fin d&rsquo;ann\u00e9e pour la section judo","datePublished":"2023-12-17T08:16:47+00:00","dateModified":"2023-12-19T15:51:33+00:00","mainEntityOfPage":{"@id":"https:\/\/newsestlyonnais.fr\/site\/2023\/12\/17\/jonage-grand-prix-des-poussins-et-fete-de-fin-dannee-pour-la-section-judo\/"},"wordCount":432,"commentCount":0,"publisher":{"@id":"https:\/\/newsestlyonnais.fr\/site\/#organization"},"image":{"@id":"https:\/\/newsestlyonnais.fr\/site\/2023\/12\/17\/jonage-grand-prix-des-poussins-et-fete-de-fin-dannee-pour-la-section-judo\/#primaryimage"},"thumbnailUrl":"https:\/\/newsestlyonnais.fr\/site\/wp-content\/uploads\/2023\/12\/Groupe-a-Victoire-devant-les-medailles.jpg","keywords":["CEINTURE NOIRE","Gaspard Dermadirossian","JONAGE","judo club jonageois","Oreste Gobet","Victoire Mangin"],"articleSection":["Jonage","Judo","Judo| Karat\u00e9| Taekwondo","Sports"],"inLanguage":"fr-FR","potentialAction":[{"@type":"CommentAction","name":"Comment","target":["https:\/\/newsestlyonnais.fr\/site\/2023\/12\/17\/jonage-grand-prix-des-poussins-et-fete-de-fin-dannee-pour-la-section-judo\/#respond"]}]},{"@type":"WebPage","@id":"https:\/\/newsestlyonnais.fr\/site\/2023\/12\/17\/jonage-grand-prix-des-poussins-et-fete-de-fin-dannee-pour-la-section-judo\/","url":"https:\/\/newsestlyonnais.fr\/site\/2023\/12\/17\/jonage-grand-prix-des-poussins-et-fete-de-fin-dannee-pour-la-section-judo\/","name":"JONAGE | Grand prix des poussins et f\u00eate de fin d'ann\u00e9e pour la section judo - News Est Lyonnais","isPartOf":{"@id":"https:\/\/newsestlyonnais.fr\/site\/#website"},"primaryImageOfPage":{"@id":"https:\/\/newsestlyonnais.fr\/site\/2023\/12\/17\/jonage-grand-prix-des-poussins-et-fete-de-fin-dannee-pour-la-section-judo\/#primaryimage"},"image":{"@id":"https:\/\/newsestlyonnais.fr\/site\/2023\/12\/17\/jonage-grand-prix-des-poussins-et-fete-de-fin-dannee-pour-la-section-judo\/#primaryimage"},"thumbnailUrl":"https:\/\/newsestlyonnais.fr\/site\/wp-content\/uploads\/2023\/12\/Groupe-a-Victoire-devant-les-medailles.jpg","datePublished":"2023-12-17T08:16:47+00:00","dateModified":"2023-12-19T15:51:33+00:00","description":"JONAGE | Grand prix des poussins et f\u00eate de fin d'ann\u00e9e pour la section judo","breadcrumb":{"@id":"https:\/\/newsestlyonnais.fr\/site\/2023\/12\/17\/jonage-grand-prix-des-poussins-et-fete-de-fin-dannee-pour-la-section-judo\/#breadcrumb"},"inLanguage":"fr-FR","potentialAction":[{"@type":"ReadAction","target":["https:\/\/newsestlyonnais.fr\/site\/2023\/12\/17\/jonage-grand-prix-des-poussins-et-fete-de-fin-dannee-pour-la-section-judo\/"]}]},{"@type":"ImageObject","inLanguage":"fr-FR","@id":"https:\/\/newsestlyonnais.fr\/site\/2023\/12\/17\/jonage-grand-prix-des-poussins-et-fete-de-fin-dannee-pour-la-section-judo\/#primaryimage","url":"https:\/\/newsestlyonnais.fr\/site\/wp-content\/uploads\/2023\/12\/Groupe-a-Victoire-devant-les-medailles.jpg","contentUrl":"https:\/\/newsestlyonnais.fr\/site\/wp-content\/uploads\/2023\/12\/Groupe-a-Victoire-devant-les-medailles.jpg","width":1200,"height":900},{"@type":"BreadcrumbList","@id":"https:\/\/newsestlyonnais.fr\/site\/2023\/12\/17\/jonage-grand-prix-des-poussins-et-fete-de-fin-dannee-pour-la-section-judo\/#breadcrumb","itemListElement":[{"@type":"ListItem","position":1,"name":"Accueil","item":"https:\/\/newsestlyonnais.fr\/site\/"},{"@type":"ListItem","position":2,"name":"JONAGE | Grand prix des poussins et f\u00eate de fin d&rsquo;ann\u00e9e pour la section judo"}]},{"@type":"WebSite","@id":"https:\/\/newsestlyonnais.fr\/site\/#website","url":"https:\/\/newsestlyonnais.fr\/site\/","name":"News Est Lyonnais","description":"L&#039;actualit\u00e9 au plus pr\u00e8s","publisher":{"@id":"https:\/\/newsestlyonnais.fr\/site\/#organization"},"potentialAction":[{"@type":"SearchAction","target":{"@type":"EntryPoint","urlTemplate":"https:\/\/newsestlyonnais.fr\/site\/?s={search_term_string}"},"query-input":{"@type":"PropertyValueSpecification","valueRequired":true,"valueName":"search_term_string"}}],"inLanguage":"fr-FR"},{"@type":"Organization","@id":"https:\/\/newsestlyonnais.fr\/site\/#organization","name":"News EST LYONNAIS","url":"https:\/\/newsestlyonnais.fr\/site\/","logo":{"@type":"ImageObject","inLanguage":"fr-FR","@id":"https:\/\/newsestlyonnais.fr\/site\/#\/schema\/logo\/image\/","url":"","contentUrl":"","caption":"News EST LYONNAIS"},"image":{"@id":"https:\/\/newsestlyonnais.fr\/site\/#\/schema\/logo\/image\/"}},{"@type":"Person","@id":"https:\/\/newsestlyonnais.fr\/site\/#\/schema\/person\/3230d5615f390bb808365d673001e887","name":"R\u00e9dac. NEWS","sameAs":["http:\/\/www.newsestlyonnais.fr","https:\/\/www.facebook.com\/pascal.oberson.1?fref=ts","https:\/\/fr.linkedin.com\/in\/pascal-oberson-b17045113"],"url":"https:\/\/newsestlyonnais.fr\/site\/author\/nel\/"}]}},"_links":{"self":[{"href":"https:\/\/newsestlyonnais.fr\/site\/wp-json\/wp\/v2\/posts\/197077","targetHints":{"allow":["GET"]}}],"collection":[{"href":"https:\/\/newsestlyonnais.fr\/site\/wp-json\/wp\/v2\/posts"}],"about":[{"href":"https:\/\/newsestlyonnais.fr\/site\/wp-json\/wp\/v2\/types\/post"}],"author":[{"embeddable":true,"href":"https:\/\/newsestlyonnais.fr\/site\/wp-json\/wp\/v2\/users\/4"}],"replies":[{"embeddable":true,"href":"https:\/\/newsestlyonnais.fr\/site\/wp-json\/wp\/v2\/comments?post=197077"}],"version-history":[{"count":0,"href":"https:\/\/newsestlyonnais.fr\/site\/wp-json\/wp\/v2\/posts\/197077\/revisions"}],"wp:featuredmedia":[{"embeddable":true,"href":"https:\/\/newsestlyonnais.fr\/site\/wp-json\/wp\/v2\/media\/197081"}],"wp:attachment":[{"href":"https:\/\/newsestlyonnais.fr\/site\/wp-json\/wp\/v2\/media?parent=197077"}],"wp:term":[{"taxonomy":"category","embeddable":true,"href":"https:\/\/newsestlyonnais.fr\/site\/wp-json\/wp\/v2\/categories?post=197077"},{"taxonomy":"post_tag","embeddable":true,"href":"https:\/\/newsestlyonnais.fr\/site\/wp-json\/wp\/v2\/tags?post=197077"}],"curies":[{"name":"wp","href":"https:\/\/api.w.org\/{rel}","templated":true}]}}