{"id":197102,"date":"2023-12-18T16:38:20","date_gmt":"2023-12-18T15:38:20","guid":{"rendered":"https:\/\/newsestlyonnais.fr\/site\/?p=197102"},"modified":"2023-12-18T16:46:29","modified_gmt":"2023-12-18T15:46:29","slug":"benjamin-buisson-le-projet-du-club-est-tres-simple-retrouver-la-dynamique-dil-y-a-3-ans","status":"publish","type":"post","link":"https:\/\/newsestlyonnais.fr\/site\/2023\/12\/18\/benjamin-buisson-le-projet-du-club-est-tres-simple-retrouver-la-dynamique-dil-y-a-3-ans\/","title":{"rendered":"Benjamin Buisson \u00bb Le projet du club est tr\u00e8s simple : retrouver la dynamique d\u2019il y a 3 ans \u00ab"},"content":{"rendered":"<p><span style=\"background-color: #000000; color: #ffffff;\"><strong>Petite pr\u00e9sentation <\/strong><\/span><\/p>\n<p><span id=\"page3R_mcid1\" class=\"markedContent\"><span class=\"tojvnm2t a6sixzi8 abs2jz4q a8s20v7p t1p8iaqh k5wvi7nf q3lfd5jv pk4s997a bipmatt0 cebpdrjk qowsmv63 owwhemhu dp1hu0rb dhp61c6y iyyx5f41\">\u00bb<\/span><\/span> J\u2019ai 40 ans et je suis commercial dans la t\u00e9l\u00e9phonie et la cyber d\u00e9fense pour les entreprises <strong><span id=\"page3R_mcid1\" class=\"markedContent\"><span class=\"tojvnm2t a6sixzi8 abs2jz4q a8s20v7p t1p8iaqh k5wvi7nf q3lfd5jv pk4s997a bipmatt0 cebpdrjk qowsmv63 owwhemhu dp1hu0rb dhp61c6y iyyx5f41\">\u00bb.<\/span><\/span><\/strong><\/p>\n<hr \/>\n<p><span style=\"background-color: #000000; color: #ffffff;\"><strong>Depuis quand \u00eates-vous au bureau et \u00e0 la pr\u00e9sidence du club ?<\/strong><\/span><\/p>\n<p><span id=\"page3R_mcid1\" class=\"markedContent\"><span class=\"tojvnm2t a6sixzi8 abs2jz4q a8s20v7p t1p8iaqh k5wvi7nf q3lfd5jv pk4s997a bipmatt0 cebpdrjk qowsmv63 owwhemhu dp1hu0rb dhp61c6y iyyx5f41\">\u00bb<\/span><\/span> Je pratique la course \u00e0 pied en club depuis 2014, et je suis au \u00ab C.A.M.N. \u00bb depuis 2017. <strong>J\u2019ai pris la pr\u00e9sidence du club il y a pratiquement un an jour pour jour<\/strong>, suite au d\u00e9part de Lionel Blondin <strong><span id=\"page3R_mcid1\" class=\"markedContent\"><span class=\"tojvnm2t a6sixzi8 abs2jz4q a8s20v7p t1p8iaqh k5wvi7nf q3lfd5jv pk4s997a bipmatt0 cebpdrjk qowsmv63 owwhemhu dp1hu0rb dhp61c6y iyyx5f41\">\u00bb.<\/span><\/span><\/strong><\/p>\n<p><span style=\"background-color: #000000; color: #ffffff;\"><strong><img loading=\"lazy\" decoding=\"async\" class=\"alignleft size-thumbnail wp-image-197123\" src=\"https:\/\/newsestlyonnais.fr\/site\/wp-content\/uploads\/2023\/12\/393157696_1401971187058361_2470485560611223331_n-250x250.jpg\" alt=\"\" width=\"150\" height=\"150\" srcset=\"https:\/\/newsestlyonnais.fr\/site\/wp-content\/uploads\/2023\/12\/393157696_1401971187058361_2470485560611223331_n-250x250.jpg 250w, https:\/\/newsestlyonnais.fr\/site\/wp-content\/uploads\/2023\/12\/393157696_1401971187058361_2470485560611223331_n-400x400.jpg 400w, https:\/\/newsestlyonnais.fr\/site\/wp-content\/uploads\/2023\/12\/393157696_1401971187058361_2470485560611223331_n-150x150.jpg 150w, https:\/\/newsestlyonnais.fr\/site\/wp-content\/uploads\/2023\/12\/393157696_1401971187058361_2470485560611223331_n-50x50.jpg 50w, https:\/\/newsestlyonnais.fr\/site\/wp-content\/uploads\/2023\/12\/393157696_1401971187058361_2470485560611223331_n-100x100.jpg 100w, https:\/\/newsestlyonnais.fr\/site\/wp-content\/uploads\/2023\/12\/393157696_1401971187058361_2470485560611223331_n-200x200.jpg 200w, https:\/\/newsestlyonnais.fr\/site\/wp-content\/uploads\/2023\/12\/393157696_1401971187058361_2470485560611223331_n-300x300.jpg 300w, https:\/\/newsestlyonnais.fr\/site\/wp-content\/uploads\/2023\/12\/393157696_1401971187058361_2470485560611223331_n-350x350.jpg 350w, https:\/\/newsestlyonnais.fr\/site\/wp-content\/uploads\/2023\/12\/393157696_1401971187058361_2470485560611223331_n-450x450.jpg 450w, https:\/\/newsestlyonnais.fr\/site\/wp-content\/uploads\/2023\/12\/393157696_1401971187058361_2470485560611223331_n-500x500.jpg 500w, https:\/\/newsestlyonnais.fr\/site\/wp-content\/uploads\/2023\/12\/393157696_1401971187058361_2470485560611223331_n-550x550.jpg 550w, https:\/\/newsestlyonnais.fr\/site\/wp-content\/uploads\/2023\/12\/393157696_1401971187058361_2470485560611223331_n-45x45.jpg 45w, https:\/\/newsestlyonnais.fr\/site\/wp-content\/uploads\/2023\/12\/393157696_1401971187058361_2470485560611223331_n.jpg 640w\" sizes=\"auto, (max-width: 150px) 100vw, 150px\" \/>Pratiquant la course \u00e0 pied, \u00e0 quel niveau ?<\/strong><\/span><\/p>\n<p><span id=\"page3R_mcid1\" class=\"markedContent\"><span class=\"tojvnm2t a6sixzi8 abs2jz4q a8s20v7p t1p8iaqh k5wvi7nf q3lfd5jv pk4s997a bipmatt0 cebpdrjk qowsmv63 owwhemhu dp1hu0rb dhp61c6y iyyx5f41\">\u00bb<\/span><\/span> Mon niveau en athl\u00e9tisme reste modeste mais ma meilleure performance est celle r\u00e9alis\u00e9e au <strong>marathon de Paris en 2019<\/strong> o\u00f9 j\u2019ai \u00e9tabli un <strong>chrono de 2 h 52\u201943 <span id=\"page3R_mcid1\" class=\"markedContent\"><span class=\"tojvnm2t a6sixzi8 abs2jz4q a8s20v7p t1p8iaqh k5wvi7nf q3lfd5jv pk4s997a bipmatt0 cebpdrjk qowsmv63 owwhemhu dp1hu0rb dhp61c6y iyyx5f41\">\u00bb.<\/span><\/span><\/strong><\/p>\n<hr \/>\n<p><span style=\"background-color: #000000; color: #ffffff;\"><strong>Concernant le club, o\u00f9 en est son effectif ?<\/strong><\/span><\/p>\n<p><span id=\"page3R_mcid1\" class=\"markedContent\"><span class=\"tojvnm2t a6sixzi8 abs2jz4q a8s20v7p t1p8iaqh k5wvi7nf q3lfd5jv pk4s997a bipmatt0 cebpdrjk qowsmv63 owwhemhu dp1hu0rb dhp61c6y iyyx5f41\">\u00bb<\/span><\/span> <strong>Le club compte aujourd\u2019hui 30 licenci\u00e9s de 15 \u00e0 77 ans<\/strong>\u2026 <strong>hommes et femmes r\u00e9partis en 2 groupes<\/strong> : les \u00ab sprinteurs \u00bb avec Marc et le groupe de Sa\u00efd (PHOTO A LA UNE) pour principalement, les courses sur route, les cross, etc\u2026 <strong><span id=\"page3R_mcid1\" class=\"markedContent\"><span class=\"tojvnm2t a6sixzi8 abs2jz4q a8s20v7p t1p8iaqh k5wvi7nf q3lfd5jv pk4s997a bipmatt0 cebpdrjk qowsmv63 owwhemhu dp1hu0rb dhp61c6y iyyx5f41\">\u00bb.<\/span><\/span><\/strong><\/p>\n<p><span style=\"background-color: #000000; color: #ffffff;\"><strong>Quelles activit\u00e9s proposez-vous ? loisir ou comp\u00e9tition et d\u00e8s quel \u00e2ge ?<\/strong><\/span><\/p>\n<p><span id=\"page3R_mcid1\" class=\"markedContent\"><span class=\"tojvnm2t a6sixzi8 abs2jz4q a8s20v7p t1p8iaqh k5wvi7nf q3lfd5jv pk4s997a bipmatt0 cebpdrjk qowsmv63 owwhemhu dp1hu0rb dhp61c6y iyyx5f41\">\u00bb<\/span><\/span> Nous proposons <strong>toutes les disciplines de l\u2019athl\u00e9tisme<\/strong>, que ce soit sur piste, sur route, en nature, pour tous les athl\u00e8tes qui veulent faire de la comp\u00e9tition ou simplement pratiquer ce sport en loisir. <strong>Nous accueillons tout le monde, et ce, d\u00e9s l\u2019\u00e2ge de 6 ans <span id=\"page3R_mcid1\" class=\"markedContent\"><span class=\"tojvnm2t a6sixzi8 abs2jz4q a8s20v7p t1p8iaqh k5wvi7nf q3lfd5jv pk4s997a bipmatt0 cebpdrjk qowsmv63 owwhemhu dp1hu0rb dhp61c6y iyyx5f41\">\u00bb.<\/span><\/span><\/strong><\/p>\n<p><span style=\"background-color: #000000; color: #ffffff;\"><strong>Un petit bilan sportif de cette ann\u00e9e 2023 ?<\/strong><\/span><\/p>\n<p><strong><span id=\"page3R_mcid1\" class=\"markedContent\"><span class=\"tojvnm2t a6sixzi8 abs2jz4q a8s20v7p t1p8iaqh k5wvi7nf q3lfd5jv pk4s997a bipmatt0 cebpdrjk qowsmv63 owwhemhu dp1hu0rb dhp61c6y iyyx5f41\">\u00bb<\/span><\/span> Le bilan sportif de la saison pass\u00e9e f\u00fbt, comme \u00e0 l\u2019accoutum\u00e9e, tr\u00e8s bon<\/strong>. <strong>La plupart des athl\u00e8tes du groupe \u00ab hors stade \u00bb ont tous r\u00e9ussi \u00e0 se qualifier pour les championnats de France<\/strong> dans leurs disciplines pr\u00e9f\u00e9r\u00e9es (5.000 m, 10.000 m, semi et marathon).<\/p>\n<p>Ils sont \u00e9galement <strong>mont\u00e9s de nombreuses fois sur les podiums des courses de la r\u00e9gion<\/strong>. Les chronos furent excellents aussi avec un 2h36\u2019 r\u00e9alis\u00e9 sur marathon par Morad ou encore un 32\u201930 \u00e9tablis sur 10km par Julien.<\/p>\n<p>Du c\u00f4t\u00e9 des \u00ab sprinteurs \u00bb, les athl\u00e8tes de Marc ont r\u00e9alis\u00e9 <strong>une tr\u00e8s belle saison sur piste avec des records personnels battus<\/strong> pour la plupart d\u2019entre eux <strong><span id=\"page3R_mcid1\" class=\"markedContent\"><span class=\"tojvnm2t a6sixzi8 abs2jz4q a8s20v7p t1p8iaqh k5wvi7nf q3lfd5jv pk4s997a bipmatt0 cebpdrjk qowsmv63 owwhemhu dp1hu0rb dhp61c6y iyyx5f41\">\u00bb.<\/span><\/span><\/strong><\/p>\n<hr \/>\n<p><span style=\"background-color: #000000; color: #ffffff;\"><strong>Quels sont les projets du club et prochaines dates dans l\u2019agenda ?<\/strong><\/span><\/p>\n<p><span id=\"page3R_mcid1\" class=\"markedContent\"><span class=\"tojvnm2t a6sixzi8 abs2jz4q a8s20v7p t1p8iaqh k5wvi7nf q3lfd5jv pk4s997a bipmatt0 cebpdrjk qowsmv63 owwhemhu dp1hu0rb dhp61c6y iyyx5f41\">\u00bb<\/span><\/span> <strong>Le projet du club est simple : retrouver la dynamique d\u2019il y a 3 ans avant le Covid<\/strong> o\u00f9 <strong>nous comptions presque 100 adh\u00e9rents.<\/strong> <strong>Nous repartons presque \u00e0 z\u00e9ro<\/strong>, mais cela va nous permettre de cr\u00e9er un club tout neuf. Notre projet est de b\u00e2tir deux groupes de comp\u00e9tition (sprint et hors-stade), un groupe loisir et peut \u00eatre \u00e0 terme un groupe sant\u00e9 \/ bien \u00eatre. A long terme, j\u2019aimerais \u00e9galement avoir un groupe de jeunes athl\u00e8tes.<\/p>\n<p>Pour cela, <strong>nous allons mettre l\u2019accent sur la communication<\/strong> car \u00e0 l\u2019heure d\u2019aujourd\u2019hui, peu de monde nous conna\u00eet. Pourtant, nous sommes l\u2019un des plus vieux clubs de la r\u00e9gion (bient\u00f4t 70 ans) et nombreux de nos athl\u00e8tes sont mont\u00e9s sur les plus hautes marches des podiums et m\u00eames lors des championnats de France.<\/p>\n<p>Nous allons <strong>organiser d\u00e8s janvier des \u00e9v\u00e9nements<\/strong> pour accueillir des personnes qui veulent d\u00e9couvrir l\u2019athl\u00e9 ou des personnes qui veulent progresser en groupe.<\/p>\n<p>Nous travaillons \u00e9galement sur la <strong>cr\u00e9ation d\u2019un meeting sur piste<\/strong> qui devrait voir le jour d\u2019ici quelques mois <strong><span id=\"page3R_mcid1\" class=\"markedContent\"><span class=\"tojvnm2t a6sixzi8 abs2jz4q a8s20v7p t1p8iaqh k5wvi7nf q3lfd5jv pk4s997a bipmatt0 cebpdrjk qowsmv63 owwhemhu dp1hu0rb dhp61c6y iyyx5f41\">\u00bb.<\/span><\/span><\/strong><\/p>\n<hr \/>\n<p><img loading=\"lazy\" decoding=\"async\" class=\"alignleft wp-image-197114\" src=\"https:\/\/newsestlyonnais.fr\/site\/wp-content\/uploads\/2023\/12\/300145478_408265508073816_5196862540680762320_n-400x394.jpg\" alt=\"\" width=\"188\" height=\"185\" srcset=\"https:\/\/newsestlyonnais.fr\/site\/wp-content\/uploads\/2023\/12\/300145478_408265508073816_5196862540680762320_n-400x394.jpg 400w, https:\/\/newsestlyonnais.fr\/site\/wp-content\/uploads\/2023\/12\/300145478_408265508073816_5196862540680762320_n-650x640.jpg 650w, https:\/\/newsestlyonnais.fr\/site\/wp-content\/uploads\/2023\/12\/300145478_408265508073816_5196862540680762320_n-250x246.jpg 250w, https:\/\/newsestlyonnais.fr\/site\/wp-content\/uploads\/2023\/12\/300145478_408265508073816_5196862540680762320_n-768x756.jpg 768w, https:\/\/newsestlyonnais.fr\/site\/wp-content\/uploads\/2023\/12\/300145478_408265508073816_5196862540680762320_n-150x148.jpg 150w, https:\/\/newsestlyonnais.fr\/site\/wp-content\/uploads\/2023\/12\/300145478_408265508073816_5196862540680762320_n-50x49.jpg 50w, https:\/\/newsestlyonnais.fr\/site\/wp-content\/uploads\/2023\/12\/300145478_408265508073816_5196862540680762320_n-100x98.jpg 100w, https:\/\/newsestlyonnais.fr\/site\/wp-content\/uploads\/2023\/12\/300145478_408265508073816_5196862540680762320_n-200x197.jpg 200w, https:\/\/newsestlyonnais.fr\/site\/wp-content\/uploads\/2023\/12\/300145478_408265508073816_5196862540680762320_n-300x295.jpg 300w, https:\/\/newsestlyonnais.fr\/site\/wp-content\/uploads\/2023\/12\/300145478_408265508073816_5196862540680762320_n-350x344.jpg 350w, https:\/\/newsestlyonnais.fr\/site\/wp-content\/uploads\/2023\/12\/300145478_408265508073816_5196862540680762320_n-450x443.jpg 450w, https:\/\/newsestlyonnais.fr\/site\/wp-content\/uploads\/2023\/12\/300145478_408265508073816_5196862540680762320_n-500x492.jpg 500w, https:\/\/newsestlyonnais.fr\/site\/wp-content\/uploads\/2023\/12\/300145478_408265508073816_5196862540680762320_n-550x541.jpg 550w, https:\/\/newsestlyonnais.fr\/site\/wp-content\/uploads\/2023\/12\/300145478_408265508073816_5196862540680762320_n-800x787.jpg 800w, https:\/\/newsestlyonnais.fr\/site\/wp-content\/uploads\/2023\/12\/300145478_408265508073816_5196862540680762320_n-45x45.jpg 45w, https:\/\/newsestlyonnais.fr\/site\/wp-content\/uploads\/2023\/12\/300145478_408265508073816_5196862540680762320_n.jpg 1200w\" sizes=\"auto, (max-width: 188px) 100vw, 188px\" \/><span style=\"background-color: #000000; color: #ffffff;\"><em><strong>Contacts du club<\/strong> <\/em><\/span><\/p>\n<ul>\n<li>Benjamin Buisson \u2013 06\/76\/12\/16\/19 \u2013<\/li>\n<li><a href=\"mailto:camnv@wanadoo.fr\"><strong><span style=\"color: #0000ff;\">camnv@wanadoo.fr<\/span><\/strong><\/a><\/li>\n<li>Site Internet : <strong><span style=\"color: #0000ff;\"><a style=\"color: #0000ff;\" href=\"http:\/\/camnv-athl\u00e9.fr\">camnv-athl\u00e9.fr<\/a><\/span><\/strong><\/li>\n<li>Page Facebook\u00a0: <strong><span style=\"color: #0000ff;\"><a style=\"color: #0000ff;\" href=\"http:\/\/Les Lyon du Run\">Les Lyon du Run<\/a><\/span><\/strong><\/li>\n<\/ul>\n<hr \/>\n<p>&nbsp;<\/p>\n<div id='gallery-1' class='gallery galleryid-197102 gallery-columns-2 gallery-size-large'><figure class='gallery-item'>\n\t\t\t<div class='gallery-icon portrait'>\n\t\t\t\t<a href='https:\/\/newsestlyonnais.fr\/site\/2023\/12\/18\/benjamin-buisson-le-projet-du-club-est-tres-simple-retrouver-la-dynamique-dil-y-a-3-ans\/403612240_921011316220603_8523110789357943485_n\/'><img loading=\"lazy\" decoding=\"async\" width=\"494\" height=\"750\" src=\"https:\/\/newsestlyonnais.fr\/site\/wp-content\/uploads\/2023\/12\/403612240_921011316220603_8523110789357943485_n.jpg\" class=\"attachment-large size-large\" alt=\"\" aria-describedby=\"gallery-1-197142\" srcset=\"https:\/\/newsestlyonnais.fr\/site\/wp-content\/uploads\/2023\/12\/403612240_921011316220603_8523110789357943485_n.jpg 632w, https:\/\/newsestlyonnais.fr\/site\/wp-content\/uploads\/2023\/12\/403612240_921011316220603_8523110789357943485_n-400x608.jpg 400w, https:\/\/newsestlyonnais.fr\/site\/wp-content\/uploads\/2023\/12\/403612240_921011316220603_8523110789357943485_n-250x380.jpg 250w, https:\/\/newsestlyonnais.fr\/site\/wp-content\/uploads\/2023\/12\/403612240_921011316220603_8523110789357943485_n-150x228.jpg 150w, https:\/\/newsestlyonnais.fr\/site\/wp-content\/uploads\/2023\/12\/403612240_921011316220603_8523110789357943485_n-50x76.jpg 50w, https:\/\/newsestlyonnais.fr\/site\/wp-content\/uploads\/2023\/12\/403612240_921011316220603_8523110789357943485_n-100x152.jpg 100w, https:\/\/newsestlyonnais.fr\/site\/wp-content\/uploads\/2023\/12\/403612240_921011316220603_8523110789357943485_n-200x304.jpg 200w, https:\/\/newsestlyonnais.fr\/site\/wp-content\/uploads\/2023\/12\/403612240_921011316220603_8523110789357943485_n-300x456.jpg 300w, https:\/\/newsestlyonnais.fr\/site\/wp-content\/uploads\/2023\/12\/403612240_921011316220603_8523110789357943485_n-350x532.jpg 350w, https:\/\/newsestlyonnais.fr\/site\/wp-content\/uploads\/2023\/12\/403612240_921011316220603_8523110789357943485_n-450x684.jpg 450w, https:\/\/newsestlyonnais.fr\/site\/wp-content\/uploads\/2023\/12\/403612240_921011316220603_8523110789357943485_n-500x759.jpg 500w, https:\/\/newsestlyonnais.fr\/site\/wp-content\/uploads\/2023\/12\/403612240_921011316220603_8523110789357943485_n-550x835.jpg 550w\" sizes=\"auto, (max-width: 494px) 100vw, 494px\" \/><\/a>\n\t\t\t<\/div>\n\t\t\t\t<figcaption class='wp-caption-text gallery-caption' id='gallery-1-197142'>\n\t\t\t\tLe groupe de sprinteurs\n\t\t\t\t<\/figcaption><\/figure><figure class='gallery-item'>\n\t\t\t<div class='gallery-icon landscape'>\n\t\t\t\t<a href='https:\/\/newsestlyonnais.fr\/site\/2023\/12\/18\/benjamin-buisson-le-projet-du-club-est-tres-simple-retrouver-la-dynamique-dil-y-a-3-ans\/387511298_322054607387962_8436167274361423610_n\/'><img loading=\"lazy\" decoding=\"async\" width=\"640\" height=\"373\" src=\"https:\/\/newsestlyonnais.fr\/site\/wp-content\/uploads\/2023\/12\/387511298_322054607387962_8436167274361423610_n-650x379.jpg\" class=\"attachment-large size-large\" alt=\"\" aria-describedby=\"gallery-1-197143\" srcset=\"https:\/\/newsestlyonnais.fr\/site\/wp-content\/uploads\/2023\/12\/387511298_322054607387962_8436167274361423610_n-650x379.jpg 650w, https:\/\/newsestlyonnais.fr\/site\/wp-content\/uploads\/2023\/12\/387511298_322054607387962_8436167274361423610_n-400x233.jpg 400w, https:\/\/newsestlyonnais.fr\/site\/wp-content\/uploads\/2023\/12\/387511298_322054607387962_8436167274361423610_n-250x146.jpg 250w, https:\/\/newsestlyonnais.fr\/site\/wp-content\/uploads\/2023\/12\/387511298_322054607387962_8436167274361423610_n-768x447.jpg 768w, https:\/\/newsestlyonnais.fr\/site\/wp-content\/uploads\/2023\/12\/387511298_322054607387962_8436167274361423610_n-150x87.jpg 150w, https:\/\/newsestlyonnais.fr\/site\/wp-content\/uploads\/2023\/12\/387511298_322054607387962_8436167274361423610_n-50x29.jpg 50w, https:\/\/newsestlyonnais.fr\/site\/wp-content\/uploads\/2023\/12\/387511298_322054607387962_8436167274361423610_n-100x58.jpg 100w, https:\/\/newsestlyonnais.fr\/site\/wp-content\/uploads\/2023\/12\/387511298_322054607387962_8436167274361423610_n-200x117.jpg 200w, https:\/\/newsestlyonnais.fr\/site\/wp-content\/uploads\/2023\/12\/387511298_322054607387962_8436167274361423610_n-300x175.jpg 300w, https:\/\/newsestlyonnais.fr\/site\/wp-content\/uploads\/2023\/12\/387511298_322054607387962_8436167274361423610_n-350x204.jpg 350w, https:\/\/newsestlyonnais.fr\/site\/wp-content\/uploads\/2023\/12\/387511298_322054607387962_8436167274361423610_n-450x262.jpg 450w, https:\/\/newsestlyonnais.fr\/site\/wp-content\/uploads\/2023\/12\/387511298_322054607387962_8436167274361423610_n-500x291.jpg 500w, https:\/\/newsestlyonnais.fr\/site\/wp-content\/uploads\/2023\/12\/387511298_322054607387962_8436167274361423610_n-550x320.jpg 550w, https:\/\/newsestlyonnais.fr\/site\/wp-content\/uploads\/2023\/12\/387511298_322054607387962_8436167274361423610_n-800x466.jpg 800w, https:\/\/newsestlyonnais.fr\/site\/wp-content\/uploads\/2023\/12\/387511298_322054607387962_8436167274361423610_n.jpg 939w\" sizes=\"auto, (max-width: 640px) 100vw, 640px\" \/><\/a>\n\t\t\t<\/div>\n\t\t\t\t<figcaption class='wp-caption-text gallery-caption' id='gallery-1-197143'>\n\t\t\t\tNelly Jepkoech Mutai\n\t\t\t\t<\/figcaption><\/figure>\n\t\t<\/div>\n\n","protected":false},"excerpt":{"rendered":"<p>Pr\u00e9sident du C.A.M.N. depuis tout juste un an, il est \u00e0 la t\u00eate d&rsquo;un club repartant presque \u00e0 z\u00e9ro, affichant un bon bilan sportif et projetant l&rsquo;organisation de divers \u00e9v\u00e8nements. <\/p>\n","protected":false},"author":4,"featured_media":197108,"comment_status":"open","ping_status":"open","sticky":false,"template":"","format":"standard","meta":{"footnotes":""},"categories":[2968,4286,137,29],"tags":[2162,4982,4983,2091],"class_list":["post-197102","post","type-post","status-publish","format-standard","has-post-thumbnail","hentry","category-athle-course-pied-marche","category-interview-a-la-une","category-interviews","category-villeurbanne","tag-athletisme","tag-benjamin-buisson","tag-c-a-m-n","tag-villeurbanne"],"yoast_head":"<!-- This site is optimized with the Yoast SEO plugin v27.2 - https:\/\/yoast.com\/product\/yoast-seo-wordpress\/ -->\n<title>Benjamin Buisson \u00bb Le projet du club est tr\u00e8s simple : retrouver la dynamique d\u2019il y a 3 ans \u00ab - News Est Lyonnais<\/title>\n<meta name=\"description\" content=\"Benjamin Buisson \u00bb Le projet du club est tr\u00e8s simple : retrouver la dynamique d\u2019il y a 3 ans \u00ab\" \/>\n<meta name=\"robots\" content=\"index, follow, max-snippet:-1, max-image-preview:large, max-video-preview:-1\" \/>\n<link rel=\"canonical\" href=\"https:\/\/newsestlyonnais.fr\/site\/2023\/12\/18\/benjamin-buisson-le-projet-du-club-est-tres-simple-retrouver-la-dynamique-dil-y-a-3-ans\/\" \/>\n<meta property=\"og:locale\" content=\"fr_FR\" \/>\n<meta property=\"og:type\" content=\"article\" \/>\n<meta property=\"og:title\" content=\"Benjamin Buisson \u00bb Le projet du club est tr\u00e8s simple : retrouver la dynamique d\u2019il y a 3 ans \u00ab - News Est Lyonnais\" \/>\n<meta property=\"og:description\" content=\"Benjamin Buisson \u00bb Le projet du club est tr\u00e8s simple : retrouver la dynamique d\u2019il y a 3 ans \u00ab\" \/>\n<meta property=\"og:url\" content=\"https:\/\/newsestlyonnais.fr\/site\/2023\/12\/18\/benjamin-buisson-le-projet-du-club-est-tres-simple-retrouver-la-dynamique-dil-y-a-3-ans\/\" \/>\n<meta property=\"og:site_name\" content=\"News Est Lyonnais\" \/>\n<meta property=\"article:author\" content=\"https:\/\/www.facebook.com\/pascal.oberson.1?fref=ts\" \/>\n<meta property=\"article:published_time\" content=\"2023-12-18T15:38:20+00:00\" \/>\n<meta property=\"article:modified_time\" content=\"2023-12-18T15:46:29+00:00\" \/>\n<meta property=\"og:image\" content=\"https:\/\/newsestlyonnais.fr\/site\/wp-content\/uploads\/2023\/12\/404775771_337948375531188_7613842175602599559_n.jpg\" \/>\n\t<meta property=\"og:image:width\" content=\"1200\" \/>\n\t<meta property=\"og:image:height\" content=\"675\" \/>\n\t<meta property=\"og:image:type\" content=\"image\/jpeg\" \/>\n<meta name=\"author\" content=\"R\u00e9dac. NEWS\" \/>\n<meta name=\"twitter:card\" content=\"summary_large_image\" \/>\n<meta name=\"twitter:label1\" content=\"\u00c9crit par\" \/>\n\t<meta name=\"twitter:data1\" content=\"R\u00e9dac. NEWS\" \/>\n\t<meta name=\"twitter:label2\" content=\"Dur\u00e9e de lecture estim\u00e9e\" \/>\n\t<meta name=\"twitter:data2\" content=\"4 minutes\" \/>\n<script type=\"application\/ld+json\" class=\"yoast-schema-graph\">{\"@context\":\"https:\/\/schema.org\",\"@graph\":[{\"@type\":\"Article\",\"@id\":\"https:\/\/newsestlyonnais.fr\/site\/2023\/12\/18\/benjamin-buisson-le-projet-du-club-est-tres-simple-retrouver-la-dynamique-dil-y-a-3-ans\/#article\",\"isPartOf\":{\"@id\":\"https:\/\/newsestlyonnais.fr\/site\/2023\/12\/18\/benjamin-buisson-le-projet-du-club-est-tres-simple-retrouver-la-dynamique-dil-y-a-3-ans\/\"},\"author\":{\"name\":\"R\u00e9dac. NEWS\",\"@id\":\"https:\/\/newsestlyonnais.fr\/site\/#\/schema\/person\/3230d5615f390bb808365d673001e887\"},\"headline\":\"Benjamin Buisson \u00bb Le projet du club est tr\u00e8s simple : retrouver la dynamique d\u2019il y a 3 ans \u00ab\",\"datePublished\":\"2023-12-18T15:38:20+00:00\",\"dateModified\":\"2023-12-18T15:46:29+00:00\",\"mainEntityOfPage\":{\"@id\":\"https:\/\/newsestlyonnais.fr\/site\/2023\/12\/18\/benjamin-buisson-le-projet-du-club-est-tres-simple-retrouver-la-dynamique-dil-y-a-3-ans\/\"},\"wordCount\":592,\"commentCount\":0,\"publisher\":{\"@id\":\"https:\/\/newsestlyonnais.fr\/site\/#organization\"},\"image\":{\"@id\":\"https:\/\/newsestlyonnais.fr\/site\/2023\/12\/18\/benjamin-buisson-le-projet-du-club-est-tres-simple-retrouver-la-dynamique-dil-y-a-3-ans\/#primaryimage\"},\"thumbnailUrl\":\"https:\/\/newsestlyonnais.fr\/site\/wp-content\/uploads\/2023\/12\/404775771_337948375531188_7613842175602599559_n.jpg\",\"keywords\":[\"ATHLETISME\",\"Benjamin BUISSON\",\"C.A.M.N.\",\"VILLEURBANNE\"],\"articleSection\":[\"Athl\u00e9 | Course pied | Marche\",\"Interview \u00e0 la une\",\"Interviews\",\"Villeurbanne\"],\"inLanguage\":\"fr-FR\",\"potentialAction\":[{\"@type\":\"CommentAction\",\"name\":\"Comment\",\"target\":[\"https:\/\/newsestlyonnais.fr\/site\/2023\/12\/18\/benjamin-buisson-le-projet-du-club-est-tres-simple-retrouver-la-dynamique-dil-y-a-3-ans\/#respond\"]}]},{\"@type\":\"WebPage\",\"@id\":\"https:\/\/newsestlyonnais.fr\/site\/2023\/12\/18\/benjamin-buisson-le-projet-du-club-est-tres-simple-retrouver-la-dynamique-dil-y-a-3-ans\/\",\"url\":\"https:\/\/newsestlyonnais.fr\/site\/2023\/12\/18\/benjamin-buisson-le-projet-du-club-est-tres-simple-retrouver-la-dynamique-dil-y-a-3-ans\/\",\"name\":\"Benjamin Buisson \u00bb Le projet du club est tr\u00e8s simple : retrouver la dynamique d\u2019il y a 3 ans \u00ab - News Est Lyonnais\",\"isPartOf\":{\"@id\":\"https:\/\/newsestlyonnais.fr\/site\/#website\"},\"primaryImageOfPage\":{\"@id\":\"https:\/\/newsestlyonnais.fr\/site\/2023\/12\/18\/benjamin-buisson-le-projet-du-club-est-tres-simple-retrouver-la-dynamique-dil-y-a-3-ans\/#primaryimage\"},\"image\":{\"@id\":\"https:\/\/newsestlyonnais.fr\/site\/2023\/12\/18\/benjamin-buisson-le-projet-du-club-est-tres-simple-retrouver-la-dynamique-dil-y-a-3-ans\/#primaryimage\"},\"thumbnailUrl\":\"https:\/\/newsestlyonnais.fr\/site\/wp-content\/uploads\/2023\/12\/404775771_337948375531188_7613842175602599559_n.jpg\",\"datePublished\":\"2023-12-18T15:38:20+00:00\",\"dateModified\":\"2023-12-18T15:46:29+00:00\",\"description\":\"Benjamin Buisson \u00bb Le projet du club est tr\u00e8s simple : retrouver la dynamique d\u2019il y a 3 ans \u00ab\",\"breadcrumb\":{\"@id\":\"https:\/\/newsestlyonnais.fr\/site\/2023\/12\/18\/benjamin-buisson-le-projet-du-club-est-tres-simple-retrouver-la-dynamique-dil-y-a-3-ans\/#breadcrumb\"},\"inLanguage\":\"fr-FR\",\"potentialAction\":[{\"@type\":\"ReadAction\",\"target\":[\"https:\/\/newsestlyonnais.fr\/site\/2023\/12\/18\/benjamin-buisson-le-projet-du-club-est-tres-simple-retrouver-la-dynamique-dil-y-a-3-ans\/\"]}]},{\"@type\":\"ImageObject\",\"inLanguage\":\"fr-FR\",\"@id\":\"https:\/\/newsestlyonnais.fr\/site\/2023\/12\/18\/benjamin-buisson-le-projet-du-club-est-tres-simple-retrouver-la-dynamique-dil-y-a-3-ans\/#primaryimage\",\"url\":\"https:\/\/newsestlyonnais.fr\/site\/wp-content\/uploads\/2023\/12\/404775771_337948375531188_7613842175602599559_n.jpg\",\"contentUrl\":\"https:\/\/newsestlyonnais.fr\/site\/wp-content\/uploads\/2023\/12\/404775771_337948375531188_7613842175602599559_n.jpg\",\"width\":1200,\"height\":675},{\"@type\":\"BreadcrumbList\",\"@id\":\"https:\/\/newsestlyonnais.fr\/site\/2023\/12\/18\/benjamin-buisson-le-projet-du-club-est-tres-simple-retrouver-la-dynamique-dil-y-a-3-ans\/#breadcrumb\",\"itemListElement\":[{\"@type\":\"ListItem\",\"position\":1,\"name\":\"Accueil\",\"item\":\"https:\/\/newsestlyonnais.fr\/site\/\"},{\"@type\":\"ListItem\",\"position\":2,\"name\":\"Benjamin Buisson \u00bb Le projet du club est tr\u00e8s simple : retrouver la dynamique d\u2019il y a 3 ans \u00ab\"}]},{\"@type\":\"WebSite\",\"@id\":\"https:\/\/newsestlyonnais.fr\/site\/#website\",\"url\":\"https:\/\/newsestlyonnais.fr\/site\/\",\"name\":\"News Est Lyonnais\",\"description\":\"L&#039;actualit\u00e9 au plus pr\u00e8s\",\"publisher\":{\"@id\":\"https:\/\/newsestlyonnais.fr\/site\/#organization\"},\"potentialAction\":[{\"@type\":\"SearchAction\",\"target\":{\"@type\":\"EntryPoint\",\"urlTemplate\":\"https:\/\/newsestlyonnais.fr\/site\/?s={search_term_string}\"},\"query-input\":{\"@type\":\"PropertyValueSpecification\",\"valueRequired\":true,\"valueName\":\"search_term_string\"}}],\"inLanguage\":\"fr-FR\"},{\"@type\":\"Organization\",\"@id\":\"https:\/\/newsestlyonnais.fr\/site\/#organization\",\"name\":\"News EST LYONNAIS\",\"url\":\"https:\/\/newsestlyonnais.fr\/site\/\",\"logo\":{\"@type\":\"ImageObject\",\"inLanguage\":\"fr-FR\",\"@id\":\"https:\/\/newsestlyonnais.fr\/site\/#\/schema\/logo\/image\/\",\"url\":\"\",\"contentUrl\":\"\",\"caption\":\"News EST LYONNAIS\"},\"image\":{\"@id\":\"https:\/\/newsestlyonnais.fr\/site\/#\/schema\/logo\/image\/\"}},{\"@type\":\"Person\",\"@id\":\"https:\/\/newsestlyonnais.fr\/site\/#\/schema\/person\/3230d5615f390bb808365d673001e887\",\"name\":\"R\u00e9dac. NEWS\",\"sameAs\":[\"http:\/\/www.newsestlyonnais.fr\",\"https:\/\/www.facebook.com\/pascal.oberson.1?fref=ts\",\"https:\/\/fr.linkedin.com\/in\/pascal-oberson-b17045113\"],\"url\":\"https:\/\/newsestlyonnais.fr\/site\/author\/nel\/\"}]}<\/script>\n<!-- \/ Yoast SEO plugin. -->","yoast_head_json":{"title":"Benjamin Buisson \u00bb Le projet du club est tr\u00e8s simple : retrouver la dynamique d\u2019il y a 3 ans \u00ab - News Est Lyonnais","description":"Benjamin Buisson \u00bb Le projet du club est tr\u00e8s simple : retrouver la dynamique d\u2019il y a 3 ans \u00ab","robots":{"index":"index","follow":"follow","max-snippet":"max-snippet:-1","max-image-preview":"max-image-preview:large","max-video-preview":"max-video-preview:-1"},"canonical":"https:\/\/newsestlyonnais.fr\/site\/2023\/12\/18\/benjamin-buisson-le-projet-du-club-est-tres-simple-retrouver-la-dynamique-dil-y-a-3-ans\/","og_locale":"fr_FR","og_type":"article","og_title":"Benjamin Buisson \u00bb Le projet du club est tr\u00e8s simple : retrouver la dynamique d\u2019il y a 3 ans \u00ab - News Est Lyonnais","og_description":"Benjamin Buisson \u00bb Le projet du club est tr\u00e8s simple : retrouver la dynamique d\u2019il y a 3 ans \u00ab","og_url":"https:\/\/newsestlyonnais.fr\/site\/2023\/12\/18\/benjamin-buisson-le-projet-du-club-est-tres-simple-retrouver-la-dynamique-dil-y-a-3-ans\/","og_site_name":"News Est Lyonnais","article_author":"https:\/\/www.facebook.com\/pascal.oberson.1?fref=ts","article_published_time":"2023-12-18T15:38:20+00:00","article_modified_time":"2023-12-18T15:46:29+00:00","og_image":[{"width":1200,"height":675,"url":"https:\/\/newsestlyonnais.fr\/site\/wp-content\/uploads\/2023\/12\/404775771_337948375531188_7613842175602599559_n.jpg","type":"image\/jpeg"}],"author":"R\u00e9dac. NEWS","twitter_card":"summary_large_image","twitter_misc":{"\u00c9crit par":"R\u00e9dac. NEWS","Dur\u00e9e de lecture estim\u00e9e":"4 minutes"},"schema":{"@context":"https:\/\/schema.org","@graph":[{"@type":"Article","@id":"https:\/\/newsestlyonnais.fr\/site\/2023\/12\/18\/benjamin-buisson-le-projet-du-club-est-tres-simple-retrouver-la-dynamique-dil-y-a-3-ans\/#article","isPartOf":{"@id":"https:\/\/newsestlyonnais.fr\/site\/2023\/12\/18\/benjamin-buisson-le-projet-du-club-est-tres-simple-retrouver-la-dynamique-dil-y-a-3-ans\/"},"author":{"name":"R\u00e9dac. NEWS","@id":"https:\/\/newsestlyonnais.fr\/site\/#\/schema\/person\/3230d5615f390bb808365d673001e887"},"headline":"Benjamin Buisson \u00bb Le projet du club est tr\u00e8s simple : retrouver la dynamique d\u2019il y a 3 ans \u00ab","datePublished":"2023-12-18T15:38:20+00:00","dateModified":"2023-12-18T15:46:29+00:00","mainEntityOfPage":{"@id":"https:\/\/newsestlyonnais.fr\/site\/2023\/12\/18\/benjamin-buisson-le-projet-du-club-est-tres-simple-retrouver-la-dynamique-dil-y-a-3-ans\/"},"wordCount":592,"commentCount":0,"publisher":{"@id":"https:\/\/newsestlyonnais.fr\/site\/#organization"},"image":{"@id":"https:\/\/newsestlyonnais.fr\/site\/2023\/12\/18\/benjamin-buisson-le-projet-du-club-est-tres-simple-retrouver-la-dynamique-dil-y-a-3-ans\/#primaryimage"},"thumbnailUrl":"https:\/\/newsestlyonnais.fr\/site\/wp-content\/uploads\/2023\/12\/404775771_337948375531188_7613842175602599559_n.jpg","keywords":["ATHLETISME","Benjamin BUISSON","C.A.M.N.","VILLEURBANNE"],"articleSection":["Athl\u00e9 | Course pied | Marche","Interview \u00e0 la une","Interviews","Villeurbanne"],"inLanguage":"fr-FR","potentialAction":[{"@type":"CommentAction","name":"Comment","target":["https:\/\/newsestlyonnais.fr\/site\/2023\/12\/18\/benjamin-buisson-le-projet-du-club-est-tres-simple-retrouver-la-dynamique-dil-y-a-3-ans\/#respond"]}]},{"@type":"WebPage","@id":"https:\/\/newsestlyonnais.fr\/site\/2023\/12\/18\/benjamin-buisson-le-projet-du-club-est-tres-simple-retrouver-la-dynamique-dil-y-a-3-ans\/","url":"https:\/\/newsestlyonnais.fr\/site\/2023\/12\/18\/benjamin-buisson-le-projet-du-club-est-tres-simple-retrouver-la-dynamique-dil-y-a-3-ans\/","name":"Benjamin Buisson \u00bb Le projet du club est tr\u00e8s simple : retrouver la dynamique d\u2019il y a 3 ans \u00ab - News Est Lyonnais","isPartOf":{"@id":"https:\/\/newsestlyonnais.fr\/site\/#website"},"primaryImageOfPage":{"@id":"https:\/\/newsestlyonnais.fr\/site\/2023\/12\/18\/benjamin-buisson-le-projet-du-club-est-tres-simple-retrouver-la-dynamique-dil-y-a-3-ans\/#primaryimage"},"image":{"@id":"https:\/\/newsestlyonnais.fr\/site\/2023\/12\/18\/benjamin-buisson-le-projet-du-club-est-tres-simple-retrouver-la-dynamique-dil-y-a-3-ans\/#primaryimage"},"thumbnailUrl":"https:\/\/newsestlyonnais.fr\/site\/wp-content\/uploads\/2023\/12\/404775771_337948375531188_7613842175602599559_n.jpg","datePublished":"2023-12-18T15:38:20+00:00","dateModified":"2023-12-18T15:46:29+00:00","description":"Benjamin Buisson \u00bb Le projet du club est tr\u00e8s simple : retrouver la dynamique d\u2019il y a 3 ans \u00ab","breadcrumb":{"@id":"https:\/\/newsestlyonnais.fr\/site\/2023\/12\/18\/benjamin-buisson-le-projet-du-club-est-tres-simple-retrouver-la-dynamique-dil-y-a-3-ans\/#breadcrumb"},"inLanguage":"fr-FR","potentialAction":[{"@type":"ReadAction","target":["https:\/\/newsestlyonnais.fr\/site\/2023\/12\/18\/benjamin-buisson-le-projet-du-club-est-tres-simple-retrouver-la-dynamique-dil-y-a-3-ans\/"]}]},{"@type":"ImageObject","inLanguage":"fr-FR","@id":"https:\/\/newsestlyonnais.fr\/site\/2023\/12\/18\/benjamin-buisson-le-projet-du-club-est-tres-simple-retrouver-la-dynamique-dil-y-a-3-ans\/#primaryimage","url":"https:\/\/newsestlyonnais.fr\/site\/wp-content\/uploads\/2023\/12\/404775771_337948375531188_7613842175602599559_n.jpg","contentUrl":"https:\/\/newsestlyonnais.fr\/site\/wp-content\/uploads\/2023\/12\/404775771_337948375531188_7613842175602599559_n.jpg","width":1200,"height":675},{"@type":"BreadcrumbList","@id":"https:\/\/newsestlyonnais.fr\/site\/2023\/12\/18\/benjamin-buisson-le-projet-du-club-est-tres-simple-retrouver-la-dynamique-dil-y-a-3-ans\/#breadcrumb","itemListElement":[{"@type":"ListItem","position":1,"name":"Accueil","item":"https:\/\/newsestlyonnais.fr\/site\/"},{"@type":"ListItem","position":2,"name":"Benjamin Buisson \u00bb Le projet du club est tr\u00e8s simple : retrouver la dynamique d\u2019il y a 3 ans \u00ab"}]},{"@type":"WebSite","@id":"https:\/\/newsestlyonnais.fr\/site\/#website","url":"https:\/\/newsestlyonnais.fr\/site\/","name":"News Est Lyonnais","description":"L&#039;actualit\u00e9 au plus pr\u00e8s","publisher":{"@id":"https:\/\/newsestlyonnais.fr\/site\/#organization"},"potentialAction":[{"@type":"SearchAction","target":{"@type":"EntryPoint","urlTemplate":"https:\/\/newsestlyonnais.fr\/site\/?s={search_term_string}"},"query-input":{"@type":"PropertyValueSpecification","valueRequired":true,"valueName":"search_term_string"}}],"inLanguage":"fr-FR"},{"@type":"Organization","@id":"https:\/\/newsestlyonnais.fr\/site\/#organization","name":"News EST LYONNAIS","url":"https:\/\/newsestlyonnais.fr\/site\/","logo":{"@type":"ImageObject","inLanguage":"fr-FR","@id":"https:\/\/newsestlyonnais.fr\/site\/#\/schema\/logo\/image\/","url":"","contentUrl":"","caption":"News EST LYONNAIS"},"image":{"@id":"https:\/\/newsestlyonnais.fr\/site\/#\/schema\/logo\/image\/"}},{"@type":"Person","@id":"https:\/\/newsestlyonnais.fr\/site\/#\/schema\/person\/3230d5615f390bb808365d673001e887","name":"R\u00e9dac. NEWS","sameAs":["http:\/\/www.newsestlyonnais.fr","https:\/\/www.facebook.com\/pascal.oberson.1?fref=ts","https:\/\/fr.linkedin.com\/in\/pascal-oberson-b17045113"],"url":"https:\/\/newsestlyonnais.fr\/site\/author\/nel\/"}]}},"_links":{"self":[{"href":"https:\/\/newsestlyonnais.fr\/site\/wp-json\/wp\/v2\/posts\/197102","targetHints":{"allow":["GET"]}}],"collection":[{"href":"https:\/\/newsestlyonnais.fr\/site\/wp-json\/wp\/v2\/posts"}],"about":[{"href":"https:\/\/newsestlyonnais.fr\/site\/wp-json\/wp\/v2\/types\/post"}],"author":[{"embeddable":true,"href":"https:\/\/newsestlyonnais.fr\/site\/wp-json\/wp\/v2\/users\/4"}],"replies":[{"embeddable":true,"href":"https:\/\/newsestlyonnais.fr\/site\/wp-json\/wp\/v2\/comments?post=197102"}],"version-history":[{"count":0,"href":"https:\/\/newsestlyonnais.fr\/site\/wp-json\/wp\/v2\/posts\/197102\/revisions"}],"wp:featuredmedia":[{"embeddable":true,"href":"https:\/\/newsestlyonnais.fr\/site\/wp-json\/wp\/v2\/media\/197108"}],"wp:attachment":[{"href":"https:\/\/newsestlyonnais.fr\/site\/wp-json\/wp\/v2\/media?parent=197102"}],"wp:term":[{"taxonomy":"category","embeddable":true,"href":"https:\/\/newsestlyonnais.fr\/site\/wp-json\/wp\/v2\/categories?post=197102"},{"taxonomy":"post_tag","embeddable":true,"href":"https:\/\/newsestlyonnais.fr\/site\/wp-json\/wp\/v2\/tags?post=197102"}],"curies":[{"name":"wp","href":"https:\/\/api.w.org\/{rel}","templated":true}]}}