{"id":197412,"date":"2023-12-24T16:46:57","date_gmt":"2023-12-24T15:46:57","guid":{"rendered":"https:\/\/newsestlyonnais.fr\/site\/?p=197412"},"modified":"2023-12-26T06:31:14","modified_gmt":"2023-12-26T05:31:14","slug":"thomas-verro-ce-qui-me-plait-le-plus-est-devoluer-dans-le-milieu-de-lathletisme-un-domaine-familier","status":"publish","type":"post","link":"https:\/\/newsestlyonnais.fr\/site\/2023\/12\/24\/thomas-verro-ce-qui-me-plait-le-plus-est-devoluer-dans-le-milieu-de-lathletisme-un-domaine-familier\/","title":{"rendered":"Thomas Verro \u00ab Ce qui me plait le plus est d\u2019\u00e9voluer dans le milieu de l\u2019athl\u00e9tisme, un domaine familier \u00bb"},"content":{"rendered":"<p><span style=\"background-color: #000000; color: #ffffff;\"><strong> Petite pr\u00e9sentation<\/strong><\/span><\/p>\n<p><span id=\"page1R_mcid1\" class=\"markedContent\"><span dir=\"ltr\" role=\"presentation\">\u00bb<\/span><\/span> J&rsquo;ai 36 ans, <strong>responsable sportif et administratif au sein de <span style=\"color: #0000ff;\"><a style=\"color: #0000ff;\" href=\"https:\/\/lyon-athletisme.fr\">Lyon Athl\u00e9tisme<\/a><\/span><\/strong>. Originaire de Haute-Savoie je suis de retour en R\u00e9gion Rh\u00f4ne-Alpes \u00e0 Villeurbanne en 2009 apr\u00e8s 11 ans pass\u00e9s dans la capitale.<\/p>\n<p>Venu sur Lyon pour un Master en Pr\u00e9paration Physique, Mentale et R\u00e9athl\u00e9tisation \u00e0 Lyon 1, je ne suis jamais reparti du Rh\u00f4ne car j\u2019ai de suite <strong>travaill\u00e9 \u00e0 l\u2019ASVEL Athl\u00e9tisme puis au Comit\u00e9 du Rh\u00f4ne M\u00e9tropole de Lyon avant de prendre mon poste actuel \u00e0 Lyon Athl\u00e9 <span id=\"page1R_mcid1\" class=\"markedContent\"><span dir=\"ltr\" role=\"presentation\"><span class=\"x4k7w5x x1h91t0o x1h9r5lt xv2umb2 x1beo9mf xaigb6o x12ejxvf x3igimt xarpa2k xedcshv x1lytzrv x1t2pt76 x7ja8zs x1qrby5j x1jfb8zj\">\u00ab.<\/span><\/span><\/span><\/strong><\/p>\n<hr \/>\n<p><span style=\"background-color: #000000; color: #ffffff;\"><strong>Votre parcours sportif ?<\/strong><\/span><\/p>\n<p><strong><span id=\"page1R_mcid1\" class=\"markedContent\"><span dir=\"ltr\" role=\"presentation\">\u00bb<\/span><\/span> J\u2019ai d\u00e9but\u00e9 l\u2019athl\u00e9tisme en 1998 (d\u00e9j\u00e0 25 ans de licence)<\/strong> mais avant cela j\u2019ai <strong>pratiqu\u00e9 de multiples sports<\/strong>\u00a0: gymnastique, rugby, football, ski, sans compter toutes les activit\u00e9s sportives compl\u00e9mentaires depuis mon enfance.<\/p>\n<p>Pour revenir \u00e0 l\u2019athl\u00e9tisme j\u2019ai \u00e9volu\u00e9 \u00e0 Championnet Sports dans le 18<sup>\u00e8me<\/sup> arrondissement de Paris. Je suis <strong>devenu un combinard \u00e0 partir de cadet<\/strong> (bronze aux France en salle d\u2019heptathlon) puis j\u2019ai <strong>pratiqu\u00e9 le d\u00e9cathlon pendant 10 ans<\/strong>. Au cours de ces saisons j\u2019ai aussi particip\u00e9 aux France Jeunes sur le 60 m et 110 m haies. J\u2019ai d\u2019ailleurs continu\u00e9 \u00e0 m\u2019entrainer uniquement sur le sprint du 100 m jusqu\u2019au 400 m haies en arrivant sur Lyon pour mes \u00e9tudes.<\/p>\n<p>Pass\u00e9 par l\u2019EFCVO, l\u2019ASVEL, le Centre Universitaire et LYON ATHLE, j\u2019ai eu de multiples exp\u00e9riences collectives qui ont enrichi mon parcours athl\u00e9tique et la d\u00e9couverte de mon sport (podiums aux France Interclubs Jeunes, Interclubs Elites, relais 4 x 100 m \u2026) <span id=\"page1R_mcid1\" class=\"markedContent\"><span dir=\"ltr\" role=\"presentation\"><span class=\"x4k7w5x x1h91t0o x1h9r5lt xv2umb2 x1beo9mf xaigb6o x12ejxvf x3igimt xarpa2k xedcshv x1lytzrv x1t2pt76 x7ja8zs x1qrby5j x1jfb8zj\"><strong>\u00ab.<\/strong><\/span><\/span><\/span><\/p>\n<hr \/>\n<p><strong><span style=\"background-color: #000000; color: #ffffff;\">D\u00e9finition de votre fonction au sein de Lyon Athl\u00e9 ?<\/span><\/strong><\/p>\n<p><strong><span id=\"page1R_mcid1\" class=\"markedContent\"><span dir=\"ltr\" role=\"presentation\"><img loading=\"lazy\" decoding=\"async\" class=\"alignleft wp-image-197450 size-medium\" src=\"https:\/\/newsestlyonnais.fr\/site\/wp-content\/uploads\/2023\/12\/2C0A83B4-BAC2-45A0-8063-43870D74E1B9-400x711.jpg\" alt=\"\" width=\"169\" height=\"300\" srcset=\"https:\/\/newsestlyonnais.fr\/site\/wp-content\/uploads\/2023\/12\/2C0A83B4-BAC2-45A0-8063-43870D74E1B9-400x711.jpg 400w, https:\/\/newsestlyonnais.fr\/site\/wp-content\/uploads\/2023\/12\/2C0A83B4-BAC2-45A0-8063-43870D74E1B9-650x1156.jpg 650w, https:\/\/newsestlyonnais.fr\/site\/wp-content\/uploads\/2023\/12\/2C0A83B4-BAC2-45A0-8063-43870D74E1B9-250x444.jpg 250w, https:\/\/newsestlyonnais.fr\/site\/wp-content\/uploads\/2023\/12\/2C0A83B4-BAC2-45A0-8063-43870D74E1B9-150x267.jpg 150w, https:\/\/newsestlyonnais.fr\/site\/wp-content\/uploads\/2023\/12\/2C0A83B4-BAC2-45A0-8063-43870D74E1B9-50x89.jpg 50w, https:\/\/newsestlyonnais.fr\/site\/wp-content\/uploads\/2023\/12\/2C0A83B4-BAC2-45A0-8063-43870D74E1B9-100x178.jpg 100w, https:\/\/newsestlyonnais.fr\/site\/wp-content\/uploads\/2023\/12\/2C0A83B4-BAC2-45A0-8063-43870D74E1B9-200x356.jpg 200w, https:\/\/newsestlyonnais.fr\/site\/wp-content\/uploads\/2023\/12\/2C0A83B4-BAC2-45A0-8063-43870D74E1B9-300x533.jpg 300w, https:\/\/newsestlyonnais.fr\/site\/wp-content\/uploads\/2023\/12\/2C0A83B4-BAC2-45A0-8063-43870D74E1B9-350x622.jpg 350w, https:\/\/newsestlyonnais.fr\/site\/wp-content\/uploads\/2023\/12\/2C0A83B4-BAC2-45A0-8063-43870D74E1B9-450x800.jpg 450w, https:\/\/newsestlyonnais.fr\/site\/wp-content\/uploads\/2023\/12\/2C0A83B4-BAC2-45A0-8063-43870D74E1B9-500x889.jpg 500w, https:\/\/newsestlyonnais.fr\/site\/wp-content\/uploads\/2023\/12\/2C0A83B4-BAC2-45A0-8063-43870D74E1B9-550x978.jpg 550w, https:\/\/newsestlyonnais.fr\/site\/wp-content\/uploads\/2023\/12\/2C0A83B4-BAC2-45A0-8063-43870D74E1B9.jpg 675w\" sizes=\"auto, (max-width: 169px) 100vw, 169px\" \/>\u00bb<\/span><\/span> <\/strong>Au sein de Lyon Athl\u00e9tisme<strong> j\u2019ai en charge beaucoup de choses diff\u00e9rentes<\/strong>. Au cours d\u2019une m\u00eame journ\u00e9e je peux <strong>g\u00e9rer des dossiers de subventions, des commandes de textiles<\/strong>, des <strong>r\u00e9servations pour les d\u00e9placements, programmer des comp\u00e9titions, g\u00e9rer le secr\u00e9tariat<\/strong> \u2026<\/p>\n<p><strong>Je suis un peu un \u00e9l\u00e9ment central qui connait 99 % des rouages du club<\/strong> avant de pouvoir r\u00e9pondre \u00e0 plusieurs besoins et de m\u2019appuyer ensuite sur les personnes ressources pour remplir les missions quotidiennes de l\u2019association. En plus de tous cela j\u2019encadre un peu les \u00e9coles d\u2019athl\u00e9tisme sur le terrain (plus les Benjamins \u2013 Minimes en ce moment) et la section Handisport du club (un peu moins dans le secteur des \u00ab valides \u00bb actuellement) <span id=\"page1R_mcid1\" class=\"markedContent\"><span dir=\"ltr\" role=\"presentation\"><span class=\"x4k7w5x x1h91t0o x1h9r5lt xv2umb2 x1beo9mf xaigb6o x12ejxvf x3igimt xarpa2k xedcshv x1lytzrv x1t2pt76 x7ja8zs x1qrby5j x1jfb8zj\"><strong>\u00ab.<\/strong><\/span><\/span><\/span><\/p>\n<hr \/>\n<p><span style=\"background-color: #000000; color: #ffffff;\"><strong>Depuis quand et ce qui vous plait le plus ?<\/strong><\/span><\/p>\n<p><strong><span id=\"page1R_mcid1\" class=\"markedContent\"><span dir=\"ltr\" role=\"presentation\">\u00bb<\/span><\/span> Je suis \u00e0 Lyon Athl\u00e9tisme depuis la saison 2014-2015 en tant qu\u2019entraineur<\/strong>. J\u2019ai<strong> int\u00e9gr\u00e9 rapidement le Comit\u00e9 Directeur<\/strong> du club avant de devenir <strong>salari\u00e9 de la structure en octobre 2019<\/strong>. Ce qui me plait le plus dans mon m\u00e9tier c\u2019est avant tout d\u2019\u00e9voluer dans le milieu de l\u2019athl\u00e9tisme car apr\u00e8s 25 ans, c\u2019est un domaine familier dont je connais pas mal de recoin.<\/p>\n<p>Mais au quotidien j\u2019adore passer du coq \u00e0 l\u2019\u00e2ne en quelques minutes et m\u2019adapter plusieurs champs de comp\u00e9tences. Je trouve cela tr\u00e8s enrichissant de savoir faire plein de choses diff\u00e9rentes.<\/p>\n<p>Pour finir, <strong>l\u2019entrainement reste mon domaine privil\u00e9gi\u00e9<\/strong>, que ce soit \u00e0 l\u2019ASVEL, au Comit\u00e9 ou \u00e0 Lyon Athl\u00e9 <strong>c\u2019est ce qui me motive<\/strong>. Je passe du travaille \u00e0 la piste en un rien de temps. Cela m\u2019a permis de pouvoir me d\u00e9velopper et m\u2019\u00e9panouir en tant qu\u2019entraineur. Mon parcours au travers de tous les athl\u00e8tes que j\u2019ai accompagn\u00e9 depuis plus de 10 ans aurait \u00e9t\u00e9 bien diff\u00e9rent je pense si je n\u2019avais pas directement travaill\u00e9 dans le milieu <span id=\"page1R_mcid1\" class=\"markedContent\"><span dir=\"ltr\" role=\"presentation\"><span class=\"x4k7w5x x1h91t0o x1h9r5lt xv2umb2 x1beo9mf xaigb6o x12ejxvf x3igimt xarpa2k xedcshv x1lytzrv x1t2pt76 x7ja8zs x1qrby5j x1jfb8zj\"><strong>\u00ab.<\/strong><\/span><\/span><\/span><\/p>\n<p><strong><span style=\"background-color: #000000; color: #ffffff;\">Votre formation et \u00e0 quel niveau pouvez-vous exercer ?<\/span><\/strong><\/p>\n<p><span id=\"page1R_mcid1\" class=\"markedContent\"><span dir=\"ltr\" role=\"presentation\">\u00bb<\/span><\/span> En termes de formation, je suis <strong>issu de la fili\u00e8re classique universitaire<\/strong>, licence STAPS Education motricit\u00e9 et licence entrainement sportif qui m\u2019ont amen\u00e9 au <strong>Master en Pr\u00e9paration physique, Mentale et R\u00e9athl\u00e9tisation<\/strong>.<\/p>\n<p>En m\u00eame temps, c\u00f4t\u00e9 plus terrain, j\u2019ai obtenu mon <strong>Brevet d\u2019Etat 1\u00b0 degr\u00e9 en Athl\u00e9tisme<\/strong>. Pour tout le reste, c\u2019est appris sur le tas et il n\u2019y a pas vraiment de limite pour exercer ce que je fais <span id=\"page1R_mcid1\" class=\"markedContent\"><span dir=\"ltr\" role=\"presentation\"><span class=\"x4k7w5x x1h91t0o x1h9r5lt xv2umb2 x1beo9mf xaigb6o x12ejxvf x3igimt xarpa2k xedcshv x1lytzrv x1t2pt76 x7ja8zs x1qrby5j x1jfb8zj\"><strong>\u00ab.<\/strong><\/span><\/span><\/span><\/p>\n<hr \/>\n<p><span style=\"background-color: #000000; color: #ffffff;\"><strong>Vos projets et anecdotes \u00e9ventuelles ?<\/strong><\/span><\/p>\n<p><strong><span id=\"page1R_mcid1\" class=\"markedContent\"><span dir=\"ltr\" role=\"presentation\">\u00bb<\/span><\/span> Les projets sont nombreux j\u2019en ai toujours des nouveaux en t\u00eate<\/strong> certains ne se r\u00e9aliseront peut-\u00eatre jamais mais \u00e0 court terme il y en a deux en ce qui concernent mon travail et l\u2019entrainement.<\/p>\n<p><strong>Le premier, ce sont les Jeux Paralympiques de Paris 2024<\/strong>, <strong>j\u2019encadre 5 athl\u00e8tes susceptibles de s\u2019y rendre<\/strong>. Si tous se passe comme nous le souhaitons et pr\u00e9parations, une fois s\u00e9lectionn\u00e9 le but ne sera pas de faire de la figuration. Personnellement j\u2019y <strong>serais aussi en tant que r\u00e9f\u00e9rent des sauts pour l\u2019Equipe de France Handisport.<\/strong><\/p>\n<p><strong> Au niveau de Lyon Athl\u00e9tisme, nous avons chang\u00e9 notre charte graphique<\/strong> l\u2019an dernier. Depuis le d\u00e9but de saison nous arborons un nouveau maillot. Le projet est de continuer sur cette lanc\u00e9 et de continuer \u00e0 mettre en valeur les couleurs du club <span id=\"page1R_mcid1\" class=\"markedContent\"><span dir=\"ltr\" role=\"presentation\"><span class=\"x4k7w5x x1h91t0o x1h9r5lt xv2umb2 x1beo9mf xaigb6o x12ejxvf x3igimt xarpa2k xedcshv x1lytzrv x1t2pt76 x7ja8zs x1qrby5j x1jfb8zj\"><strong>\u00ab.<\/strong><\/span><\/span><\/span><\/p>\n<hr \/>\n<div id='gallery-1' class='gallery galleryid-197412 gallery-columns-3 gallery-size-thumbnail'><figure class='gallery-item'>\n\t\t\t<div class='gallery-icon portrait'>\n\t\t\t\t<a href='https:\/\/newsestlyonnais.fr\/site\/2023\/12\/24\/thomas-verro-ce-qui-me-plait-le-plus-est-devoluer-dans-le-milieu-de-lathletisme-un-domaine-familier\/img_4607\/'><img loading=\"lazy\" decoding=\"async\" width=\"113\" height=\"150\" src=\"https:\/\/newsestlyonnais.fr\/site\/wp-content\/uploads\/2023\/12\/IMG_4607-250x333.jpeg\" class=\"attachment-thumbnail size-thumbnail\" alt=\"\" srcset=\"https:\/\/newsestlyonnais.fr\/site\/wp-content\/uploads\/2023\/12\/IMG_4607-250x333.jpeg 250w, https:\/\/newsestlyonnais.fr\/site\/wp-content\/uploads\/2023\/12\/IMG_4607-400x533.jpeg 400w, https:\/\/newsestlyonnais.fr\/site\/wp-content\/uploads\/2023\/12\/IMG_4607-650x867.jpeg 650w, https:\/\/newsestlyonnais.fr\/site\/wp-content\/uploads\/2023\/12\/IMG_4607-768x1024.jpeg 768w, https:\/\/newsestlyonnais.fr\/site\/wp-content\/uploads\/2023\/12\/IMG_4607-150x200.jpeg 150w, https:\/\/newsestlyonnais.fr\/site\/wp-content\/uploads\/2023\/12\/IMG_4607-50x67.jpeg 50w, https:\/\/newsestlyonnais.fr\/site\/wp-content\/uploads\/2023\/12\/IMG_4607-100x133.jpeg 100w, https:\/\/newsestlyonnais.fr\/site\/wp-content\/uploads\/2023\/12\/IMG_4607-200x267.jpeg 200w, https:\/\/newsestlyonnais.fr\/site\/wp-content\/uploads\/2023\/12\/IMG_4607-300x400.jpeg 300w, https:\/\/newsestlyonnais.fr\/site\/wp-content\/uploads\/2023\/12\/IMG_4607-350x467.jpeg 350w, https:\/\/newsestlyonnais.fr\/site\/wp-content\/uploads\/2023\/12\/IMG_4607-450x600.jpeg 450w, https:\/\/newsestlyonnais.fr\/site\/wp-content\/uploads\/2023\/12\/IMG_4607-500x667.jpeg 500w, https:\/\/newsestlyonnais.fr\/site\/wp-content\/uploads\/2023\/12\/IMG_4607-550x733.jpeg 550w, https:\/\/newsestlyonnais.fr\/site\/wp-content\/uploads\/2023\/12\/IMG_4607-800x1067.jpeg 800w, https:\/\/newsestlyonnais.fr\/site\/wp-content\/uploads\/2023\/12\/IMG_4607.jpeg 900w\" sizes=\"auto, (max-width: 113px) 100vw, 113px\" \/><\/a>\n\t\t\t<\/div><\/figure><figure class='gallery-item'>\n\t\t\t<div class='gallery-icon landscape'>\n\t\t\t\t<a href='https:\/\/newsestlyonnais.fr\/site\/2023\/12\/24\/thomas-verro-ce-qui-me-plait-le-plus-est-devoluer-dans-le-milieu-de-lathletisme-un-domaine-familier\/img_4091\/'><img loading=\"lazy\" decoding=\"async\" width=\"150\" height=\"113\" src=\"https:\/\/newsestlyonnais.fr\/site\/wp-content\/uploads\/2023\/12\/IMG_4091-250x188.jpeg\" class=\"attachment-thumbnail size-thumbnail\" alt=\"\" srcset=\"https:\/\/newsestlyonnais.fr\/site\/wp-content\/uploads\/2023\/12\/IMG_4091-250x188.jpeg 250w, https:\/\/newsestlyonnais.fr\/site\/wp-content\/uploads\/2023\/12\/IMG_4091-400x300.jpeg 400w, https:\/\/newsestlyonnais.fr\/site\/wp-content\/uploads\/2023\/12\/IMG_4091-650x488.jpeg 650w, https:\/\/newsestlyonnais.fr\/site\/wp-content\/uploads\/2023\/12\/IMG_4091-768x576.jpeg 768w, https:\/\/newsestlyonnais.fr\/site\/wp-content\/uploads\/2023\/12\/IMG_4091-150x113.jpeg 150w, https:\/\/newsestlyonnais.fr\/site\/wp-content\/uploads\/2023\/12\/IMG_4091-50x38.jpeg 50w, https:\/\/newsestlyonnais.fr\/site\/wp-content\/uploads\/2023\/12\/IMG_4091-100x75.jpeg 100w, https:\/\/newsestlyonnais.fr\/site\/wp-content\/uploads\/2023\/12\/IMG_4091-200x150.jpeg 200w, https:\/\/newsestlyonnais.fr\/site\/wp-content\/uploads\/2023\/12\/IMG_4091-300x225.jpeg 300w, https:\/\/newsestlyonnais.fr\/site\/wp-content\/uploads\/2023\/12\/IMG_4091-350x263.jpeg 350w, https:\/\/newsestlyonnais.fr\/site\/wp-content\/uploads\/2023\/12\/IMG_4091-450x338.jpeg 450w, https:\/\/newsestlyonnais.fr\/site\/wp-content\/uploads\/2023\/12\/IMG_4091-500x375.jpeg 500w, https:\/\/newsestlyonnais.fr\/site\/wp-content\/uploads\/2023\/12\/IMG_4091-550x413.jpeg 550w, https:\/\/newsestlyonnais.fr\/site\/wp-content\/uploads\/2023\/12\/IMG_4091-800x600.jpeg 800w, https:\/\/newsestlyonnais.fr\/site\/wp-content\/uploads\/2023\/12\/IMG_4091.jpeg 1200w\" sizes=\"auto, (max-width: 150px) 100vw, 150px\" \/><\/a>\n\t\t\t<\/div><\/figure><figure class='gallery-item'>\n\t\t\t<div class='gallery-icon portrait'>\n\t\t\t\t<a href='https:\/\/newsestlyonnais.fr\/site\/2023\/12\/24\/thomas-verro-ce-qui-me-plait-le-plus-est-devoluer-dans-le-milieu-de-lathletisme-un-domaine-familier\/d2d09ded-e233-43e5-857d-a30897966325\/'><img loading=\"lazy\" decoding=\"async\" width=\"113\" height=\"150\" src=\"https:\/\/newsestlyonnais.fr\/site\/wp-content\/uploads\/2023\/12\/d2d09ded-e233-43e5-857d-a30897966325-250x333.jpg\" class=\"attachment-thumbnail size-thumbnail\" alt=\"\" srcset=\"https:\/\/newsestlyonnais.fr\/site\/wp-content\/uploads\/2023\/12\/d2d09ded-e233-43e5-857d-a30897966325-250x333.jpg 250w, https:\/\/newsestlyonnais.fr\/site\/wp-content\/uploads\/2023\/12\/d2d09ded-e233-43e5-857d-a30897966325-400x533.jpg 400w, https:\/\/newsestlyonnais.fr\/site\/wp-content\/uploads\/2023\/12\/d2d09ded-e233-43e5-857d-a30897966325-650x867.jpg 650w, https:\/\/newsestlyonnais.fr\/site\/wp-content\/uploads\/2023\/12\/d2d09ded-e233-43e5-857d-a30897966325-768x1024.jpg 768w, https:\/\/newsestlyonnais.fr\/site\/wp-content\/uploads\/2023\/12\/d2d09ded-e233-43e5-857d-a30897966325-150x200.jpg 150w, https:\/\/newsestlyonnais.fr\/site\/wp-content\/uploads\/2023\/12\/d2d09ded-e233-43e5-857d-a30897966325-50x67.jpg 50w, https:\/\/newsestlyonnais.fr\/site\/wp-content\/uploads\/2023\/12\/d2d09ded-e233-43e5-857d-a30897966325-100x133.jpg 100w, https:\/\/newsestlyonnais.fr\/site\/wp-content\/uploads\/2023\/12\/d2d09ded-e233-43e5-857d-a30897966325-200x267.jpg 200w, https:\/\/newsestlyonnais.fr\/site\/wp-content\/uploads\/2023\/12\/d2d09ded-e233-43e5-857d-a30897966325-300x400.jpg 300w, https:\/\/newsestlyonnais.fr\/site\/wp-content\/uploads\/2023\/12\/d2d09ded-e233-43e5-857d-a30897966325-350x467.jpg 350w, https:\/\/newsestlyonnais.fr\/site\/wp-content\/uploads\/2023\/12\/d2d09ded-e233-43e5-857d-a30897966325-450x600.jpg 450w, https:\/\/newsestlyonnais.fr\/site\/wp-content\/uploads\/2023\/12\/d2d09ded-e233-43e5-857d-a30897966325-500x667.jpg 500w, https:\/\/newsestlyonnais.fr\/site\/wp-content\/uploads\/2023\/12\/d2d09ded-e233-43e5-857d-a30897966325-550x733.jpg 550w, https:\/\/newsestlyonnais.fr\/site\/wp-content\/uploads\/2023\/12\/d2d09ded-e233-43e5-857d-a30897966325-800x1067.jpg 800w, https:\/\/newsestlyonnais.fr\/site\/wp-content\/uploads\/2023\/12\/d2d09ded-e233-43e5-857d-a30897966325.jpg 900w\" sizes=\"auto, (max-width: 113px) 100vw, 113px\" \/><\/a>\n\t\t\t<\/div><\/figure>\n\t\t<\/div>\n\n<hr \/>\n<hr \/>\n<p>&nbsp;<\/p>\n","protected":false},"excerpt":{"rendered":"<p>Responsable sportif et administratif de Lyon Athl\u00e9, il encadre 5 athl\u00e8tes en vue de disputer les Jeux Paralympiques Paris 2024, o\u00f9 il sera r\u00e9f\u00e9rent des sauts pour l\u2019Equipe de France.<\/p>\n","protected":false},"author":4,"featured_media":197416,"comment_status":"open","ping_status":"open","sticky":false,"template":"","format":"standard","meta":{"footnotes":""},"categories":[4626,2968,4286,137,1625],"tags":[4038,4182,4988],"class_list":["post-197412","post","type-post","status-publish","format-standard","has-post-thumbnail","hentry","category-arbitrage-benevolat-coaching","category-athle-course-pied-marche","category-interview-a-la-une","category-interviews","category-lyon","tag-jeux-paralympiques","tag-lyon-athletisme","tag-thomas-verro"],"yoast_head":"<!-- This site is optimized with the Yoast SEO plugin v27.2 - https:\/\/yoast.com\/product\/yoast-seo-wordpress\/ -->\n<title>Thomas Verro \u00ab Ce qui me plait le plus est d\u2019\u00e9voluer dans le milieu de l\u2019athl\u00e9tisme, un domaine familier \u00bb - News Est Lyonnais<\/title>\n<meta name=\"description\" content=\"Thomas Verro \u00ab Ce qui me plait le plus est d\u2019\u00e9voluer dans le milieu de l\u2019athl\u00e9tisme, un domaine familier \u00bb\" \/>\n<meta name=\"robots\" content=\"index, follow, max-snippet:-1, max-image-preview:large, max-video-preview:-1\" \/>\n<link rel=\"canonical\" href=\"https:\/\/newsestlyonnais.fr\/site\/2023\/12\/24\/thomas-verro-ce-qui-me-plait-le-plus-est-devoluer-dans-le-milieu-de-lathletisme-un-domaine-familier\/\" \/>\n<meta property=\"og:locale\" content=\"fr_FR\" \/>\n<meta property=\"og:type\" content=\"article\" \/>\n<meta property=\"og:title\" content=\"Thomas Verro \u00ab Ce qui me plait le plus est d\u2019\u00e9voluer dans le milieu de l\u2019athl\u00e9tisme, un domaine familier \u00bb - News Est Lyonnais\" \/>\n<meta property=\"og:description\" content=\"Thomas Verro \u00ab Ce qui me plait le plus est d\u2019\u00e9voluer dans le milieu de l\u2019athl\u00e9tisme, un domaine familier \u00bb\" \/>\n<meta property=\"og:url\" content=\"https:\/\/newsestlyonnais.fr\/site\/2023\/12\/24\/thomas-verro-ce-qui-me-plait-le-plus-est-devoluer-dans-le-milieu-de-lathletisme-un-domaine-familier\/\" \/>\n<meta property=\"og:site_name\" content=\"News Est Lyonnais\" \/>\n<meta property=\"article:author\" content=\"https:\/\/www.facebook.com\/pascal.oberson.1?fref=ts\" \/>\n<meta property=\"article:published_time\" content=\"2023-12-24T15:46:57+00:00\" \/>\n<meta property=\"article:modified_time\" content=\"2023-12-26T05:31:14+00:00\" \/>\n<meta property=\"og:image\" content=\"https:\/\/newsestlyonnais.fr\/site\/wp-content\/uploads\/2023\/12\/IMG_4704.jpeg\" \/>\n\t<meta property=\"og:image:width\" content=\"898\" \/>\n\t<meta property=\"og:image:height\" content=\"864\" \/>\n\t<meta property=\"og:image:type\" content=\"image\/jpeg\" \/>\n<meta name=\"author\" content=\"R\u00e9dac. NEWS\" \/>\n<meta name=\"twitter:card\" content=\"summary_large_image\" \/>\n<meta name=\"twitter:label1\" content=\"\u00c9crit par\" \/>\n\t<meta name=\"twitter:data1\" content=\"R\u00e9dac. NEWS\" \/>\n\t<meta name=\"twitter:label2\" content=\"Dur\u00e9e de lecture estim\u00e9e\" \/>\n\t<meta name=\"twitter:data2\" content=\"5 minutes\" \/>\n<script type=\"application\/ld+json\" class=\"yoast-schema-graph\">{\"@context\":\"https:\/\/schema.org\",\"@graph\":[{\"@type\":\"Article\",\"@id\":\"https:\/\/newsestlyonnais.fr\/site\/2023\/12\/24\/thomas-verro-ce-qui-me-plait-le-plus-est-devoluer-dans-le-milieu-de-lathletisme-un-domaine-familier\/#article\",\"isPartOf\":{\"@id\":\"https:\/\/newsestlyonnais.fr\/site\/2023\/12\/24\/thomas-verro-ce-qui-me-plait-le-plus-est-devoluer-dans-le-milieu-de-lathletisme-un-domaine-familier\/\"},\"author\":{\"name\":\"R\u00e9dac. NEWS\",\"@id\":\"https:\/\/newsestlyonnais.fr\/site\/#\/schema\/person\/3230d5615f390bb808365d673001e887\"},\"headline\":\"Thomas Verro \u00ab Ce qui me plait le plus est d\u2019\u00e9voluer dans le milieu de l\u2019athl\u00e9tisme, un domaine familier \u00bb\",\"datePublished\":\"2023-12-24T15:46:57+00:00\",\"dateModified\":\"2023-12-26T05:31:14+00:00\",\"mainEntityOfPage\":{\"@id\":\"https:\/\/newsestlyonnais.fr\/site\/2023\/12\/24\/thomas-verro-ce-qui-me-plait-le-plus-est-devoluer-dans-le-milieu-de-lathletisme-un-domaine-familier\/\"},\"wordCount\":858,\"commentCount\":0,\"publisher\":{\"@id\":\"https:\/\/newsestlyonnais.fr\/site\/#organization\"},\"image\":{\"@id\":\"https:\/\/newsestlyonnais.fr\/site\/2023\/12\/24\/thomas-verro-ce-qui-me-plait-le-plus-est-devoluer-dans-le-milieu-de-lathletisme-un-domaine-familier\/#primaryimage\"},\"thumbnailUrl\":\"https:\/\/newsestlyonnais.fr\/site\/wp-content\/uploads\/2023\/12\/IMG_4704.jpeg\",\"keywords\":[\"JEUX PARALYMPIQUES\",\"Lyon Athl\u00e9tisme\",\"Thomas Verro\"],\"articleSection\":[\"Arbitrage | B\u00e9n\u00e9volat | Coaching\",\"Athl\u00e9 | Course pied | Marche\",\"Interview \u00e0 la une\",\"Interviews\",\"Lyon\"],\"inLanguage\":\"fr-FR\",\"potentialAction\":[{\"@type\":\"CommentAction\",\"name\":\"Comment\",\"target\":[\"https:\/\/newsestlyonnais.fr\/site\/2023\/12\/24\/thomas-verro-ce-qui-me-plait-le-plus-est-devoluer-dans-le-milieu-de-lathletisme-un-domaine-familier\/#respond\"]}]},{\"@type\":\"WebPage\",\"@id\":\"https:\/\/newsestlyonnais.fr\/site\/2023\/12\/24\/thomas-verro-ce-qui-me-plait-le-plus-est-devoluer-dans-le-milieu-de-lathletisme-un-domaine-familier\/\",\"url\":\"https:\/\/newsestlyonnais.fr\/site\/2023\/12\/24\/thomas-verro-ce-qui-me-plait-le-plus-est-devoluer-dans-le-milieu-de-lathletisme-un-domaine-familier\/\",\"name\":\"Thomas Verro \u00ab Ce qui me plait le plus est d\u2019\u00e9voluer dans le milieu de l\u2019athl\u00e9tisme, un domaine familier \u00bb - News Est Lyonnais\",\"isPartOf\":{\"@id\":\"https:\/\/newsestlyonnais.fr\/site\/#website\"},\"primaryImageOfPage\":{\"@id\":\"https:\/\/newsestlyonnais.fr\/site\/2023\/12\/24\/thomas-verro-ce-qui-me-plait-le-plus-est-devoluer-dans-le-milieu-de-lathletisme-un-domaine-familier\/#primaryimage\"},\"image\":{\"@id\":\"https:\/\/newsestlyonnais.fr\/site\/2023\/12\/24\/thomas-verro-ce-qui-me-plait-le-plus-est-devoluer-dans-le-milieu-de-lathletisme-un-domaine-familier\/#primaryimage\"},\"thumbnailUrl\":\"https:\/\/newsestlyonnais.fr\/site\/wp-content\/uploads\/2023\/12\/IMG_4704.jpeg\",\"datePublished\":\"2023-12-24T15:46:57+00:00\",\"dateModified\":\"2023-12-26T05:31:14+00:00\",\"description\":\"Thomas Verro \u00ab Ce qui me plait le plus est d\u2019\u00e9voluer dans le milieu de l\u2019athl\u00e9tisme, un domaine familier \u00bb\",\"breadcrumb\":{\"@id\":\"https:\/\/newsestlyonnais.fr\/site\/2023\/12\/24\/thomas-verro-ce-qui-me-plait-le-plus-est-devoluer-dans-le-milieu-de-lathletisme-un-domaine-familier\/#breadcrumb\"},\"inLanguage\":\"fr-FR\",\"potentialAction\":[{\"@type\":\"ReadAction\",\"target\":[\"https:\/\/newsestlyonnais.fr\/site\/2023\/12\/24\/thomas-verro-ce-qui-me-plait-le-plus-est-devoluer-dans-le-milieu-de-lathletisme-un-domaine-familier\/\"]}]},{\"@type\":\"ImageObject\",\"inLanguage\":\"fr-FR\",\"@id\":\"https:\/\/newsestlyonnais.fr\/site\/2023\/12\/24\/thomas-verro-ce-qui-me-plait-le-plus-est-devoluer-dans-le-milieu-de-lathletisme-un-domaine-familier\/#primaryimage\",\"url\":\"https:\/\/newsestlyonnais.fr\/site\/wp-content\/uploads\/2023\/12\/IMG_4704.jpeg\",\"contentUrl\":\"https:\/\/newsestlyonnais.fr\/site\/wp-content\/uploads\/2023\/12\/IMG_4704.jpeg\",\"width\":898,\"height\":864},{\"@type\":\"BreadcrumbList\",\"@id\":\"https:\/\/newsestlyonnais.fr\/site\/2023\/12\/24\/thomas-verro-ce-qui-me-plait-le-plus-est-devoluer-dans-le-milieu-de-lathletisme-un-domaine-familier\/#breadcrumb\",\"itemListElement\":[{\"@type\":\"ListItem\",\"position\":1,\"name\":\"Accueil\",\"item\":\"https:\/\/newsestlyonnais.fr\/site\/\"},{\"@type\":\"ListItem\",\"position\":2,\"name\":\"Thomas Verro \u00ab Ce qui me plait le plus est d\u2019\u00e9voluer dans le milieu de l\u2019athl\u00e9tisme, un domaine familier \u00bb\"}]},{\"@type\":\"WebSite\",\"@id\":\"https:\/\/newsestlyonnais.fr\/site\/#website\",\"url\":\"https:\/\/newsestlyonnais.fr\/site\/\",\"name\":\"News Est Lyonnais\",\"description\":\"L&#039;actualit\u00e9 au plus pr\u00e8s\",\"publisher\":{\"@id\":\"https:\/\/newsestlyonnais.fr\/site\/#organization\"},\"potentialAction\":[{\"@type\":\"SearchAction\",\"target\":{\"@type\":\"EntryPoint\",\"urlTemplate\":\"https:\/\/newsestlyonnais.fr\/site\/?s={search_term_string}\"},\"query-input\":{\"@type\":\"PropertyValueSpecification\",\"valueRequired\":true,\"valueName\":\"search_term_string\"}}],\"inLanguage\":\"fr-FR\"},{\"@type\":\"Organization\",\"@id\":\"https:\/\/newsestlyonnais.fr\/site\/#organization\",\"name\":\"News EST LYONNAIS\",\"url\":\"https:\/\/newsestlyonnais.fr\/site\/\",\"logo\":{\"@type\":\"ImageObject\",\"inLanguage\":\"fr-FR\",\"@id\":\"https:\/\/newsestlyonnais.fr\/site\/#\/schema\/logo\/image\/\",\"url\":\"\",\"contentUrl\":\"\",\"caption\":\"News EST LYONNAIS\"},\"image\":{\"@id\":\"https:\/\/newsestlyonnais.fr\/site\/#\/schema\/logo\/image\/\"}},{\"@type\":\"Person\",\"@id\":\"https:\/\/newsestlyonnais.fr\/site\/#\/schema\/person\/3230d5615f390bb808365d673001e887\",\"name\":\"R\u00e9dac. NEWS\",\"sameAs\":[\"http:\/\/www.newsestlyonnais.fr\",\"https:\/\/www.facebook.com\/pascal.oberson.1?fref=ts\",\"https:\/\/fr.linkedin.com\/in\/pascal-oberson-b17045113\"],\"url\":\"https:\/\/newsestlyonnais.fr\/site\/author\/nel\/\"}]}<\/script>\n<!-- \/ Yoast SEO plugin. -->","yoast_head_json":{"title":"Thomas Verro \u00ab Ce qui me plait le plus est d\u2019\u00e9voluer dans le milieu de l\u2019athl\u00e9tisme, un domaine familier \u00bb - News Est Lyonnais","description":"Thomas Verro \u00ab Ce qui me plait le plus est d\u2019\u00e9voluer dans le milieu de l\u2019athl\u00e9tisme, un domaine familier \u00bb","robots":{"index":"index","follow":"follow","max-snippet":"max-snippet:-1","max-image-preview":"max-image-preview:large","max-video-preview":"max-video-preview:-1"},"canonical":"https:\/\/newsestlyonnais.fr\/site\/2023\/12\/24\/thomas-verro-ce-qui-me-plait-le-plus-est-devoluer-dans-le-milieu-de-lathletisme-un-domaine-familier\/","og_locale":"fr_FR","og_type":"article","og_title":"Thomas Verro \u00ab Ce qui me plait le plus est d\u2019\u00e9voluer dans le milieu de l\u2019athl\u00e9tisme, un domaine familier \u00bb - News Est Lyonnais","og_description":"Thomas Verro \u00ab Ce qui me plait le plus est d\u2019\u00e9voluer dans le milieu de l\u2019athl\u00e9tisme, un domaine familier \u00bb","og_url":"https:\/\/newsestlyonnais.fr\/site\/2023\/12\/24\/thomas-verro-ce-qui-me-plait-le-plus-est-devoluer-dans-le-milieu-de-lathletisme-un-domaine-familier\/","og_site_name":"News Est Lyonnais","article_author":"https:\/\/www.facebook.com\/pascal.oberson.1?fref=ts","article_published_time":"2023-12-24T15:46:57+00:00","article_modified_time":"2023-12-26T05:31:14+00:00","og_image":[{"width":898,"height":864,"url":"https:\/\/newsestlyonnais.fr\/site\/wp-content\/uploads\/2023\/12\/IMG_4704.jpeg","type":"image\/jpeg"}],"author":"R\u00e9dac. NEWS","twitter_card":"summary_large_image","twitter_misc":{"\u00c9crit par":"R\u00e9dac. NEWS","Dur\u00e9e de lecture estim\u00e9e":"5 minutes"},"schema":{"@context":"https:\/\/schema.org","@graph":[{"@type":"Article","@id":"https:\/\/newsestlyonnais.fr\/site\/2023\/12\/24\/thomas-verro-ce-qui-me-plait-le-plus-est-devoluer-dans-le-milieu-de-lathletisme-un-domaine-familier\/#article","isPartOf":{"@id":"https:\/\/newsestlyonnais.fr\/site\/2023\/12\/24\/thomas-verro-ce-qui-me-plait-le-plus-est-devoluer-dans-le-milieu-de-lathletisme-un-domaine-familier\/"},"author":{"name":"R\u00e9dac. NEWS","@id":"https:\/\/newsestlyonnais.fr\/site\/#\/schema\/person\/3230d5615f390bb808365d673001e887"},"headline":"Thomas Verro \u00ab Ce qui me plait le plus est d\u2019\u00e9voluer dans le milieu de l\u2019athl\u00e9tisme, un domaine familier \u00bb","datePublished":"2023-12-24T15:46:57+00:00","dateModified":"2023-12-26T05:31:14+00:00","mainEntityOfPage":{"@id":"https:\/\/newsestlyonnais.fr\/site\/2023\/12\/24\/thomas-verro-ce-qui-me-plait-le-plus-est-devoluer-dans-le-milieu-de-lathletisme-un-domaine-familier\/"},"wordCount":858,"commentCount":0,"publisher":{"@id":"https:\/\/newsestlyonnais.fr\/site\/#organization"},"image":{"@id":"https:\/\/newsestlyonnais.fr\/site\/2023\/12\/24\/thomas-verro-ce-qui-me-plait-le-plus-est-devoluer-dans-le-milieu-de-lathletisme-un-domaine-familier\/#primaryimage"},"thumbnailUrl":"https:\/\/newsestlyonnais.fr\/site\/wp-content\/uploads\/2023\/12\/IMG_4704.jpeg","keywords":["JEUX PARALYMPIQUES","Lyon Athl\u00e9tisme","Thomas Verro"],"articleSection":["Arbitrage | B\u00e9n\u00e9volat | Coaching","Athl\u00e9 | Course pied | Marche","Interview \u00e0 la une","Interviews","Lyon"],"inLanguage":"fr-FR","potentialAction":[{"@type":"CommentAction","name":"Comment","target":["https:\/\/newsestlyonnais.fr\/site\/2023\/12\/24\/thomas-verro-ce-qui-me-plait-le-plus-est-devoluer-dans-le-milieu-de-lathletisme-un-domaine-familier\/#respond"]}]},{"@type":"WebPage","@id":"https:\/\/newsestlyonnais.fr\/site\/2023\/12\/24\/thomas-verro-ce-qui-me-plait-le-plus-est-devoluer-dans-le-milieu-de-lathletisme-un-domaine-familier\/","url":"https:\/\/newsestlyonnais.fr\/site\/2023\/12\/24\/thomas-verro-ce-qui-me-plait-le-plus-est-devoluer-dans-le-milieu-de-lathletisme-un-domaine-familier\/","name":"Thomas Verro \u00ab Ce qui me plait le plus est d\u2019\u00e9voluer dans le milieu de l\u2019athl\u00e9tisme, un domaine familier \u00bb - News Est Lyonnais","isPartOf":{"@id":"https:\/\/newsestlyonnais.fr\/site\/#website"},"primaryImageOfPage":{"@id":"https:\/\/newsestlyonnais.fr\/site\/2023\/12\/24\/thomas-verro-ce-qui-me-plait-le-plus-est-devoluer-dans-le-milieu-de-lathletisme-un-domaine-familier\/#primaryimage"},"image":{"@id":"https:\/\/newsestlyonnais.fr\/site\/2023\/12\/24\/thomas-verro-ce-qui-me-plait-le-plus-est-devoluer-dans-le-milieu-de-lathletisme-un-domaine-familier\/#primaryimage"},"thumbnailUrl":"https:\/\/newsestlyonnais.fr\/site\/wp-content\/uploads\/2023\/12\/IMG_4704.jpeg","datePublished":"2023-12-24T15:46:57+00:00","dateModified":"2023-12-26T05:31:14+00:00","description":"Thomas Verro \u00ab Ce qui me plait le plus est d\u2019\u00e9voluer dans le milieu de l\u2019athl\u00e9tisme, un domaine familier \u00bb","breadcrumb":{"@id":"https:\/\/newsestlyonnais.fr\/site\/2023\/12\/24\/thomas-verro-ce-qui-me-plait-le-plus-est-devoluer-dans-le-milieu-de-lathletisme-un-domaine-familier\/#breadcrumb"},"inLanguage":"fr-FR","potentialAction":[{"@type":"ReadAction","target":["https:\/\/newsestlyonnais.fr\/site\/2023\/12\/24\/thomas-verro-ce-qui-me-plait-le-plus-est-devoluer-dans-le-milieu-de-lathletisme-un-domaine-familier\/"]}]},{"@type":"ImageObject","inLanguage":"fr-FR","@id":"https:\/\/newsestlyonnais.fr\/site\/2023\/12\/24\/thomas-verro-ce-qui-me-plait-le-plus-est-devoluer-dans-le-milieu-de-lathletisme-un-domaine-familier\/#primaryimage","url":"https:\/\/newsestlyonnais.fr\/site\/wp-content\/uploads\/2023\/12\/IMG_4704.jpeg","contentUrl":"https:\/\/newsestlyonnais.fr\/site\/wp-content\/uploads\/2023\/12\/IMG_4704.jpeg","width":898,"height":864},{"@type":"BreadcrumbList","@id":"https:\/\/newsestlyonnais.fr\/site\/2023\/12\/24\/thomas-verro-ce-qui-me-plait-le-plus-est-devoluer-dans-le-milieu-de-lathletisme-un-domaine-familier\/#breadcrumb","itemListElement":[{"@type":"ListItem","position":1,"name":"Accueil","item":"https:\/\/newsestlyonnais.fr\/site\/"},{"@type":"ListItem","position":2,"name":"Thomas Verro \u00ab Ce qui me plait le plus est d\u2019\u00e9voluer dans le milieu de l\u2019athl\u00e9tisme, un domaine familier \u00bb"}]},{"@type":"WebSite","@id":"https:\/\/newsestlyonnais.fr\/site\/#website","url":"https:\/\/newsestlyonnais.fr\/site\/","name":"News Est Lyonnais","description":"L&#039;actualit\u00e9 au plus pr\u00e8s","publisher":{"@id":"https:\/\/newsestlyonnais.fr\/site\/#organization"},"potentialAction":[{"@type":"SearchAction","target":{"@type":"EntryPoint","urlTemplate":"https:\/\/newsestlyonnais.fr\/site\/?s={search_term_string}"},"query-input":{"@type":"PropertyValueSpecification","valueRequired":true,"valueName":"search_term_string"}}],"inLanguage":"fr-FR"},{"@type":"Organization","@id":"https:\/\/newsestlyonnais.fr\/site\/#organization","name":"News EST LYONNAIS","url":"https:\/\/newsestlyonnais.fr\/site\/","logo":{"@type":"ImageObject","inLanguage":"fr-FR","@id":"https:\/\/newsestlyonnais.fr\/site\/#\/schema\/logo\/image\/","url":"","contentUrl":"","caption":"News EST LYONNAIS"},"image":{"@id":"https:\/\/newsestlyonnais.fr\/site\/#\/schema\/logo\/image\/"}},{"@type":"Person","@id":"https:\/\/newsestlyonnais.fr\/site\/#\/schema\/person\/3230d5615f390bb808365d673001e887","name":"R\u00e9dac. NEWS","sameAs":["http:\/\/www.newsestlyonnais.fr","https:\/\/www.facebook.com\/pascal.oberson.1?fref=ts","https:\/\/fr.linkedin.com\/in\/pascal-oberson-b17045113"],"url":"https:\/\/newsestlyonnais.fr\/site\/author\/nel\/"}]}},"_links":{"self":[{"href":"https:\/\/newsestlyonnais.fr\/site\/wp-json\/wp\/v2\/posts\/197412","targetHints":{"allow":["GET"]}}],"collection":[{"href":"https:\/\/newsestlyonnais.fr\/site\/wp-json\/wp\/v2\/posts"}],"about":[{"href":"https:\/\/newsestlyonnais.fr\/site\/wp-json\/wp\/v2\/types\/post"}],"author":[{"embeddable":true,"href":"https:\/\/newsestlyonnais.fr\/site\/wp-json\/wp\/v2\/users\/4"}],"replies":[{"embeddable":true,"href":"https:\/\/newsestlyonnais.fr\/site\/wp-json\/wp\/v2\/comments?post=197412"}],"version-history":[{"count":0,"href":"https:\/\/newsestlyonnais.fr\/site\/wp-json\/wp\/v2\/posts\/197412\/revisions"}],"wp:featuredmedia":[{"embeddable":true,"href":"https:\/\/newsestlyonnais.fr\/site\/wp-json\/wp\/v2\/media\/197416"}],"wp:attachment":[{"href":"https:\/\/newsestlyonnais.fr\/site\/wp-json\/wp\/v2\/media?parent=197412"}],"wp:term":[{"taxonomy":"category","embeddable":true,"href":"https:\/\/newsestlyonnais.fr\/site\/wp-json\/wp\/v2\/categories?post=197412"},{"taxonomy":"post_tag","embeddable":true,"href":"https:\/\/newsestlyonnais.fr\/site\/wp-json\/wp\/v2\/tags?post=197412"}],"curies":[{"name":"wp","href":"https:\/\/api.w.org\/{rel}","templated":true}]}}