{"id":19812,"date":"2017-01-27T06:05:02","date_gmt":"2017-01-27T05:05:02","guid":{"rendered":"http:\/\/newsestlyonnais.fr\/site\/?p=19812"},"modified":"2020-11-16T19:19:00","modified_gmt":"2020-11-16T18:19:00","slug":"vilelurbanne-premier-bilan-de-la-charte-pour-une-construction-economiquement-et-socialement-responsable","status":"publish","type":"post","link":"https:\/\/newsestlyonnais.fr\/site\/2017\/01\/27\/vilelurbanne-premier-bilan-de-la-charte-pour-une-construction-economiquement-et-socialement-responsable\/","title":{"rendered":"VILLEURBANNE | Premier bilan charte pour une construction \u00e9conomiquement et socialement responsable"},"content":{"rendered":"<h5 class=\"ox-e60527283d-MsoNormal\">En juin 2015, la ville de Villeurbanne proposait aux promoteurs immobiliers de signer une Charte pour une construction \u00e9conomiquement et socialement plus responsable. Ils s\u2019engageaient ainsi \u00e0 introduire des clauses sociales dans leurs march\u00e9s pour favoriser l\u2019insertion des demandeurs d\u2019emplois.<\/h5>\n<p class=\"ox-e60527283d-MsoNormal\"><span style=\"text-decoration: underline\">Dix-huit mois plus tard, un premier bilan a \u00e9t\u00e9 \u00e9tabli:<\/span><\/p>\n<p class=\"ox-e60527283d-MsoNormal\">Parmi les onze premiers signataires de la Charte, huit ont d\u00e9j\u00e0 mis en place des clauses d\u2019insertion, repr\u00e9sentant 17 programmes immobiliers de logements et b\u00e2timents tertiaires. Cet engagement a permis \u00e0 des personnes en insertion professionnelle d\u2019acc\u00e9der \u00e0 des postes de travail. Elles ont acquis pour certaines une premi\u00e8re exp\u00e9rience ou de nouvelles comp\u00e9tences.<\/p>\n<h3 class=\"ox-e60527283d-MsoNormal\"><b>Le premier bilan de la Charte sera pr\u00e9sent\u00e9 ce vendredi 27 janvier \u00e0 17 h au Palais du travail, 9 place Lazare-Goujon, \u00e0 Villeurbanne, en pr\u00e9sence de :<br \/>\n<\/b><\/h3>\n<ul>\n<li class=\"ox-e60527283d-MsoNormal\">Jean-Paul Bret, maire de Villeurbanne,<\/li>\n<li class=\"ox-e60527283d-MsoNormal\">Agn\u00e8s Thouvenot, adjointe en charge de l\u2019Emploi et de l\u2019insertion<\/li>\n<li class=\"ox-e60527283d-MsoNormal\">Philippe Lavigne, directeur g\u00e9n\u00e9ral de SLC PITANCE<\/li>\n<li class=\"ox-e60527283d-MsoNormal\">Laurent Putzu, directeur d\u2019ADIM LYON<\/li>\n<li class=\"ox-e60527283d-MsoNormal\">Philippe Hyvernat, directeur de NEXITY Promotion<\/li>\n<li class=\"ox-e60527283d-MsoNormal\">Didier Caudard-Breille, pr\u00e9sident du groupe DCB International<\/li>\n<li class=\"ox-e60527283d-MsoNormal\">Fran\u00e7ois-Xavier Delfour, directeur de KAUFMAN &amp; BROAD<\/li>\n<li class=\"ox-e60527283d-MsoNormal\">St\u00e9phane Raymond, directeur g\u00e9n\u00e9ral adjoint de VINCI IMMOBILIER<\/li>\n<li class=\"ox-e60527283d-MsoNormal\">Philippe Meunier, directeur de SLCI promotion<\/li>\n<li class=\"ox-e60527283d-MsoNormal\">Sylvie Collier, directrice des NOUVEAUX CONSTRUCTEURS<\/li>\n<li class=\"ox-e60527283d-MsoNormal\">Fran\u00e7oise Forot, directrice r\u00e9gionale d\u2019ICADE<\/li>\n<li class=\"ox-e60527283d-MsoNormal\">Romain Barry, directeur r\u00e9gional de PROMOGIM<\/li>\n<li class=\"ox-e60527283d-MsoNormal\">Philippe Di Palma, directeur r\u00e9gional de PRESTIBAT<\/li>\n<li class=\"ox-e60527283d-MsoNormal\">Gr\u00e9gory Gaume, directeur r\u00e9gional d\u2019OGIC<\/li>\n<li class=\"ox-e60527283d-MsoNormal\">Guillaume Berthier, directeur de la promotion de COGEDIM GRAND LYON<\/li>\n<li class=\"ox-e60527283d-MsoNormal\">Charles Magat, directeur d\u2019agence de BPD MARIGNAN<\/li>\n<li class=\"ox-e60527283d-MsoNormal\">Philippe Warsmann, PDG d\u2019UTEI<\/li>\n<li class=\"ox-e60527283d-MsoNormal\">Pierre-Marie Le Gloanec, directeur de l\u2019agence Rh\u00f4ne-Alpes de NACARAT<\/li>\n<\/ul>\n","protected":false},"excerpt":{"rendered":"<p>En juin 2015, la ville de Villeurbanne proposait aux promoteurs immobiliers de signer une Charte pour une construction \u00e9conomiquement et socialement plus responsable. Ils s\u2019engageaient ainsi \u00e0 introduire des clauses sociales dans leurs march\u00e9s pour favoriser l\u2019insertion des demandeurs d\u2019emplois. Dix-huit mois plus tard, un premier bilan a \u00e9t\u00e9 \u00e9tabli: Parmi les onze premiers signataires [&hellip;]<\/p>\n","protected":false},"author":4,"featured_media":12277,"comment_status":"open","ping_status":"open","sticky":false,"template":"","format":"standard","meta":{"footnotes":""},"categories":[172,29],"tags":[],"class_list":["post-19812","post","type-post","status-publish","format-standard","has-post-thumbnail","hentry","category-travaux-amenagements","category-villeurbanne"],"yoast_head":"<!-- This site is optimized with the Yoast SEO plugin v27.2 - https:\/\/yoast.com\/product\/yoast-seo-wordpress\/ -->\n<title>VILLEURBANNE : Premier bilan de la charte pour une construction \u00e9conomique et responsable<\/title>\n<meta name=\"description\" content=\"VILLEURBANNE : Premier bilan de la charte pour une construction \u00e9conomique et responsable dress\u00e9 ce jour au Palis du Travail\" \/>\n<meta name=\"robots\" content=\"index, follow, max-snippet:-1, max-image-preview:large, max-video-preview:-1\" \/>\n<link rel=\"canonical\" href=\"https:\/\/newsestlyonnais.fr\/site\/2017\/01\/27\/vilelurbanne-premier-bilan-de-la-charte-pour-une-construction-economiquement-et-socialement-responsable\/\" \/>\n<meta property=\"og:locale\" content=\"fr_FR\" \/>\n<meta property=\"og:type\" content=\"article\" \/>\n<meta property=\"og:title\" content=\"VILLEURBANNE : Premier bilan de la charte pour une construction \u00e9conomique et responsable\" \/>\n<meta property=\"og:description\" content=\"VILLEURBANNE : Premier bilan de la charte pour une construction \u00e9conomique et responsable dress\u00e9 ce jour au Palis du Travail\" \/>\n<meta property=\"og:url\" content=\"https:\/\/newsestlyonnais.fr\/site\/2017\/01\/27\/vilelurbanne-premier-bilan-de-la-charte-pour-une-construction-economiquement-et-socialement-responsable\/\" \/>\n<meta property=\"og:site_name\" content=\"News Est Lyonnais\" \/>\n<meta property=\"article:author\" content=\"https:\/\/www.facebook.com\/pascal.oberson.1?fref=ts\" \/>\n<meta property=\"article:published_time\" content=\"2017-01-27T05:05:02+00:00\" \/>\n<meta property=\"article:modified_time\" content=\"2020-11-16T18:19:00+00:00\" \/>\n<meta property=\"og:image\" content=\"https:\/\/i0.wp.com\/newsestlyonnais.fr\/site\/wp-content\/uploads\/2016\/09\/NEWSESTLYONNAIS-PANNEAUVILLEURBANNE.jpg?fit=1000%2C750&ssl=1\" \/>\n\t<meta property=\"og:image:width\" content=\"1000\" \/>\n\t<meta property=\"og:image:height\" content=\"750\" \/>\n\t<meta property=\"og:image:type\" content=\"image\/jpeg\" \/>\n<meta name=\"author\" content=\"R\u00e9dac. NEWS\" \/>\n<meta name=\"twitter:card\" content=\"summary_large_image\" \/>\n<meta name=\"twitter:label1\" content=\"\u00c9crit par\" \/>\n\t<meta name=\"twitter:data1\" content=\"R\u00e9dac. NEWS\" \/>\n\t<meta name=\"twitter:label2\" content=\"Dur\u00e9e de lecture estim\u00e9e\" \/>\n\t<meta name=\"twitter:data2\" content=\"1 minute\" \/>\n<script type=\"application\/ld+json\" class=\"yoast-schema-graph\">{\"@context\":\"https:\/\/schema.org\",\"@graph\":[{\"@type\":\"Article\",\"@id\":\"https:\/\/newsestlyonnais.fr\/site\/2017\/01\/27\/vilelurbanne-premier-bilan-de-la-charte-pour-une-construction-economiquement-et-socialement-responsable\/#article\",\"isPartOf\":{\"@id\":\"https:\/\/newsestlyonnais.fr\/site\/2017\/01\/27\/vilelurbanne-premier-bilan-de-la-charte-pour-une-construction-economiquement-et-socialement-responsable\/\"},\"author\":{\"name\":\"R\u00e9dac. NEWS\",\"@id\":\"https:\/\/newsestlyonnais.fr\/site\/#\/schema\/person\/3230d5615f390bb808365d673001e887\"},\"headline\":\"VILLEURBANNE | Premier bilan charte pour une construction \u00e9conomiquement et socialement responsable\",\"datePublished\":\"2017-01-27T05:05:02+00:00\",\"dateModified\":\"2020-11-16T18:19:00+00:00\",\"mainEntityOfPage\":{\"@id\":\"https:\/\/newsestlyonnais.fr\/site\/2017\/01\/27\/vilelurbanne-premier-bilan-de-la-charte-pour-une-construction-economiquement-et-socialement-responsable\/\"},\"wordCount\":290,\"commentCount\":0,\"publisher\":{\"@id\":\"https:\/\/newsestlyonnais.fr\/site\/#organization\"},\"image\":{\"@id\":\"https:\/\/newsestlyonnais.fr\/site\/2017\/01\/27\/vilelurbanne-premier-bilan-de-la-charte-pour-une-construction-economiquement-et-socialement-responsable\/#primaryimage\"},\"thumbnailUrl\":\"https:\/\/newsestlyonnais.fr\/site\/wp-content\/uploads\/2016\/09\/NEWSESTLYONNAIS-PANNEAUVILLEURBANNE.jpg\",\"articleSection\":[\"Travaux | Am\u00e9nagements\",\"Villeurbanne\"],\"inLanguage\":\"fr-FR\",\"potentialAction\":[{\"@type\":\"CommentAction\",\"name\":\"Comment\",\"target\":[\"https:\/\/newsestlyonnais.fr\/site\/2017\/01\/27\/vilelurbanne-premier-bilan-de-la-charte-pour-une-construction-economiquement-et-socialement-responsable\/#respond\"]}]},{\"@type\":\"WebPage\",\"@id\":\"https:\/\/newsestlyonnais.fr\/site\/2017\/01\/27\/vilelurbanne-premier-bilan-de-la-charte-pour-une-construction-economiquement-et-socialement-responsable\/\",\"url\":\"https:\/\/newsestlyonnais.fr\/site\/2017\/01\/27\/vilelurbanne-premier-bilan-de-la-charte-pour-une-construction-economiquement-et-socialement-responsable\/\",\"name\":\"VILLEURBANNE : Premier bilan de la charte pour une construction \u00e9conomique et responsable\",\"isPartOf\":{\"@id\":\"https:\/\/newsestlyonnais.fr\/site\/#website\"},\"primaryImageOfPage\":{\"@id\":\"https:\/\/newsestlyonnais.fr\/site\/2017\/01\/27\/vilelurbanne-premier-bilan-de-la-charte-pour-une-construction-economiquement-et-socialement-responsable\/#primaryimage\"},\"image\":{\"@id\":\"https:\/\/newsestlyonnais.fr\/site\/2017\/01\/27\/vilelurbanne-premier-bilan-de-la-charte-pour-une-construction-economiquement-et-socialement-responsable\/#primaryimage\"},\"thumbnailUrl\":\"https:\/\/newsestlyonnais.fr\/site\/wp-content\/uploads\/2016\/09\/NEWSESTLYONNAIS-PANNEAUVILLEURBANNE.jpg\",\"datePublished\":\"2017-01-27T05:05:02+00:00\",\"dateModified\":\"2020-11-16T18:19:00+00:00\",\"description\":\"VILLEURBANNE : Premier bilan de la charte pour une construction \u00e9conomique et responsable dress\u00e9 ce jour au Palis du Travail\",\"breadcrumb\":{\"@id\":\"https:\/\/newsestlyonnais.fr\/site\/2017\/01\/27\/vilelurbanne-premier-bilan-de-la-charte-pour-une-construction-economiquement-et-socialement-responsable\/#breadcrumb\"},\"inLanguage\":\"fr-FR\",\"potentialAction\":[{\"@type\":\"ReadAction\",\"target\":[\"https:\/\/newsestlyonnais.fr\/site\/2017\/01\/27\/vilelurbanne-premier-bilan-de-la-charte-pour-une-construction-economiquement-et-socialement-responsable\/\"]}]},{\"@type\":\"ImageObject\",\"inLanguage\":\"fr-FR\",\"@id\":\"https:\/\/newsestlyonnais.fr\/site\/2017\/01\/27\/vilelurbanne-premier-bilan-de-la-charte-pour-une-construction-economiquement-et-socialement-responsable\/#primaryimage\",\"url\":\"https:\/\/newsestlyonnais.fr\/site\/wp-content\/uploads\/2016\/09\/NEWSESTLYONNAIS-PANNEAUVILLEURBANNE.jpg\",\"contentUrl\":\"https:\/\/newsestlyonnais.fr\/site\/wp-content\/uploads\/2016\/09\/NEWSESTLYONNAIS-PANNEAUVILLEURBANNE.jpg\",\"width\":1000,\"height\":750,\"caption\":\"newsestlyonnais-panneauvilleurbanne\"},{\"@type\":\"BreadcrumbList\",\"@id\":\"https:\/\/newsestlyonnais.fr\/site\/2017\/01\/27\/vilelurbanne-premier-bilan-de-la-charte-pour-une-construction-economiquement-et-socialement-responsable\/#breadcrumb\",\"itemListElement\":[{\"@type\":\"ListItem\",\"position\":1,\"name\":\"Accueil\",\"item\":\"https:\/\/newsestlyonnais.fr\/site\/\"},{\"@type\":\"ListItem\",\"position\":2,\"name\":\"VILLEURBANNE | Premier bilan charte pour une construction \u00e9conomiquement et socialement responsable\"}]},{\"@type\":\"WebSite\",\"@id\":\"https:\/\/newsestlyonnais.fr\/site\/#website\",\"url\":\"https:\/\/newsestlyonnais.fr\/site\/\",\"name\":\"News Est Lyonnais\",\"description\":\"L&#039;actualit\u00e9 au plus pr\u00e8s\",\"publisher\":{\"@id\":\"https:\/\/newsestlyonnais.fr\/site\/#organization\"},\"potentialAction\":[{\"@type\":\"SearchAction\",\"target\":{\"@type\":\"EntryPoint\",\"urlTemplate\":\"https:\/\/newsestlyonnais.fr\/site\/?s={search_term_string}\"},\"query-input\":{\"@type\":\"PropertyValueSpecification\",\"valueRequired\":true,\"valueName\":\"search_term_string\"}}],\"inLanguage\":\"fr-FR\"},{\"@type\":\"Organization\",\"@id\":\"https:\/\/newsestlyonnais.fr\/site\/#organization\",\"name\":\"News EST LYONNAIS\",\"url\":\"https:\/\/newsestlyonnais.fr\/site\/\",\"logo\":{\"@type\":\"ImageObject\",\"inLanguage\":\"fr-FR\",\"@id\":\"https:\/\/newsestlyonnais.fr\/site\/#\/schema\/logo\/image\/\",\"url\":\"\",\"contentUrl\":\"\",\"caption\":\"News EST LYONNAIS\"},\"image\":{\"@id\":\"https:\/\/newsestlyonnais.fr\/site\/#\/schema\/logo\/image\/\"}},{\"@type\":\"Person\",\"@id\":\"https:\/\/newsestlyonnais.fr\/site\/#\/schema\/person\/3230d5615f390bb808365d673001e887\",\"name\":\"R\u00e9dac. NEWS\",\"sameAs\":[\"http:\/\/www.newsestlyonnais.fr\",\"https:\/\/www.facebook.com\/pascal.oberson.1?fref=ts\",\"https:\/\/fr.linkedin.com\/in\/pascal-oberson-b17045113\"],\"url\":\"https:\/\/newsestlyonnais.fr\/site\/author\/nel\/\"}]}<\/script>\n<!-- \/ Yoast SEO plugin. -->","yoast_head_json":{"title":"VILLEURBANNE : Premier bilan de la charte pour une construction \u00e9conomique et responsable","description":"VILLEURBANNE : Premier bilan de la charte pour une construction \u00e9conomique et responsable dress\u00e9 ce jour au Palis du Travail","robots":{"index":"index","follow":"follow","max-snippet":"max-snippet:-1","max-image-preview":"max-image-preview:large","max-video-preview":"max-video-preview:-1"},"canonical":"https:\/\/newsestlyonnais.fr\/site\/2017\/01\/27\/vilelurbanne-premier-bilan-de-la-charte-pour-une-construction-economiquement-et-socialement-responsable\/","og_locale":"fr_FR","og_type":"article","og_title":"VILLEURBANNE : Premier bilan de la charte pour une construction \u00e9conomique et responsable","og_description":"VILLEURBANNE : Premier bilan de la charte pour une construction \u00e9conomique et responsable dress\u00e9 ce jour au Palis du Travail","og_url":"https:\/\/newsestlyonnais.fr\/site\/2017\/01\/27\/vilelurbanne-premier-bilan-de-la-charte-pour-une-construction-economiquement-et-socialement-responsable\/","og_site_name":"News Est Lyonnais","article_author":"https:\/\/www.facebook.com\/pascal.oberson.1?fref=ts","article_published_time":"2017-01-27T05:05:02+00:00","article_modified_time":"2020-11-16T18:19:00+00:00","og_image":[{"width":1000,"height":750,"url":"https:\/\/i0.wp.com\/newsestlyonnais.fr\/site\/wp-content\/uploads\/2016\/09\/NEWSESTLYONNAIS-PANNEAUVILLEURBANNE.jpg?fit=1000%2C750&ssl=1","type":"image\/jpeg"}],"author":"R\u00e9dac. NEWS","twitter_card":"summary_large_image","twitter_misc":{"\u00c9crit par":"R\u00e9dac. NEWS","Dur\u00e9e de lecture estim\u00e9e":"1 minute"},"schema":{"@context":"https:\/\/schema.org","@graph":[{"@type":"Article","@id":"https:\/\/newsestlyonnais.fr\/site\/2017\/01\/27\/vilelurbanne-premier-bilan-de-la-charte-pour-une-construction-economiquement-et-socialement-responsable\/#article","isPartOf":{"@id":"https:\/\/newsestlyonnais.fr\/site\/2017\/01\/27\/vilelurbanne-premier-bilan-de-la-charte-pour-une-construction-economiquement-et-socialement-responsable\/"},"author":{"name":"R\u00e9dac. NEWS","@id":"https:\/\/newsestlyonnais.fr\/site\/#\/schema\/person\/3230d5615f390bb808365d673001e887"},"headline":"VILLEURBANNE | Premier bilan charte pour une construction \u00e9conomiquement et socialement responsable","datePublished":"2017-01-27T05:05:02+00:00","dateModified":"2020-11-16T18:19:00+00:00","mainEntityOfPage":{"@id":"https:\/\/newsestlyonnais.fr\/site\/2017\/01\/27\/vilelurbanne-premier-bilan-de-la-charte-pour-une-construction-economiquement-et-socialement-responsable\/"},"wordCount":290,"commentCount":0,"publisher":{"@id":"https:\/\/newsestlyonnais.fr\/site\/#organization"},"image":{"@id":"https:\/\/newsestlyonnais.fr\/site\/2017\/01\/27\/vilelurbanne-premier-bilan-de-la-charte-pour-une-construction-economiquement-et-socialement-responsable\/#primaryimage"},"thumbnailUrl":"https:\/\/newsestlyonnais.fr\/site\/wp-content\/uploads\/2016\/09\/NEWSESTLYONNAIS-PANNEAUVILLEURBANNE.jpg","articleSection":["Travaux | Am\u00e9nagements","Villeurbanne"],"inLanguage":"fr-FR","potentialAction":[{"@type":"CommentAction","name":"Comment","target":["https:\/\/newsestlyonnais.fr\/site\/2017\/01\/27\/vilelurbanne-premier-bilan-de-la-charte-pour-une-construction-economiquement-et-socialement-responsable\/#respond"]}]},{"@type":"WebPage","@id":"https:\/\/newsestlyonnais.fr\/site\/2017\/01\/27\/vilelurbanne-premier-bilan-de-la-charte-pour-une-construction-economiquement-et-socialement-responsable\/","url":"https:\/\/newsestlyonnais.fr\/site\/2017\/01\/27\/vilelurbanne-premier-bilan-de-la-charte-pour-une-construction-economiquement-et-socialement-responsable\/","name":"VILLEURBANNE : Premier bilan de la charte pour une construction \u00e9conomique et responsable","isPartOf":{"@id":"https:\/\/newsestlyonnais.fr\/site\/#website"},"primaryImageOfPage":{"@id":"https:\/\/newsestlyonnais.fr\/site\/2017\/01\/27\/vilelurbanne-premier-bilan-de-la-charte-pour-une-construction-economiquement-et-socialement-responsable\/#primaryimage"},"image":{"@id":"https:\/\/newsestlyonnais.fr\/site\/2017\/01\/27\/vilelurbanne-premier-bilan-de-la-charte-pour-une-construction-economiquement-et-socialement-responsable\/#primaryimage"},"thumbnailUrl":"https:\/\/newsestlyonnais.fr\/site\/wp-content\/uploads\/2016\/09\/NEWSESTLYONNAIS-PANNEAUVILLEURBANNE.jpg","datePublished":"2017-01-27T05:05:02+00:00","dateModified":"2020-11-16T18:19:00+00:00","description":"VILLEURBANNE : Premier bilan de la charte pour une construction \u00e9conomique et responsable dress\u00e9 ce jour au Palis du Travail","breadcrumb":{"@id":"https:\/\/newsestlyonnais.fr\/site\/2017\/01\/27\/vilelurbanne-premier-bilan-de-la-charte-pour-une-construction-economiquement-et-socialement-responsable\/#breadcrumb"},"inLanguage":"fr-FR","potentialAction":[{"@type":"ReadAction","target":["https:\/\/newsestlyonnais.fr\/site\/2017\/01\/27\/vilelurbanne-premier-bilan-de-la-charte-pour-une-construction-economiquement-et-socialement-responsable\/"]}]},{"@type":"ImageObject","inLanguage":"fr-FR","@id":"https:\/\/newsestlyonnais.fr\/site\/2017\/01\/27\/vilelurbanne-premier-bilan-de-la-charte-pour-une-construction-economiquement-et-socialement-responsable\/#primaryimage","url":"https:\/\/newsestlyonnais.fr\/site\/wp-content\/uploads\/2016\/09\/NEWSESTLYONNAIS-PANNEAUVILLEURBANNE.jpg","contentUrl":"https:\/\/newsestlyonnais.fr\/site\/wp-content\/uploads\/2016\/09\/NEWSESTLYONNAIS-PANNEAUVILLEURBANNE.jpg","width":1000,"height":750,"caption":"newsestlyonnais-panneauvilleurbanne"},{"@type":"BreadcrumbList","@id":"https:\/\/newsestlyonnais.fr\/site\/2017\/01\/27\/vilelurbanne-premier-bilan-de-la-charte-pour-une-construction-economiquement-et-socialement-responsable\/#breadcrumb","itemListElement":[{"@type":"ListItem","position":1,"name":"Accueil","item":"https:\/\/newsestlyonnais.fr\/site\/"},{"@type":"ListItem","position":2,"name":"VILLEURBANNE | Premier bilan charte pour une construction \u00e9conomiquement et socialement responsable"}]},{"@type":"WebSite","@id":"https:\/\/newsestlyonnais.fr\/site\/#website","url":"https:\/\/newsestlyonnais.fr\/site\/","name":"News Est Lyonnais","description":"L&#039;actualit\u00e9 au plus pr\u00e8s","publisher":{"@id":"https:\/\/newsestlyonnais.fr\/site\/#organization"},"potentialAction":[{"@type":"SearchAction","target":{"@type":"EntryPoint","urlTemplate":"https:\/\/newsestlyonnais.fr\/site\/?s={search_term_string}"},"query-input":{"@type":"PropertyValueSpecification","valueRequired":true,"valueName":"search_term_string"}}],"inLanguage":"fr-FR"},{"@type":"Organization","@id":"https:\/\/newsestlyonnais.fr\/site\/#organization","name":"News EST LYONNAIS","url":"https:\/\/newsestlyonnais.fr\/site\/","logo":{"@type":"ImageObject","inLanguage":"fr-FR","@id":"https:\/\/newsestlyonnais.fr\/site\/#\/schema\/logo\/image\/","url":"","contentUrl":"","caption":"News EST LYONNAIS"},"image":{"@id":"https:\/\/newsestlyonnais.fr\/site\/#\/schema\/logo\/image\/"}},{"@type":"Person","@id":"https:\/\/newsestlyonnais.fr\/site\/#\/schema\/person\/3230d5615f390bb808365d673001e887","name":"R\u00e9dac. NEWS","sameAs":["http:\/\/www.newsestlyonnais.fr","https:\/\/www.facebook.com\/pascal.oberson.1?fref=ts","https:\/\/fr.linkedin.com\/in\/pascal-oberson-b17045113"],"url":"https:\/\/newsestlyonnais.fr\/site\/author\/nel\/"}]}},"_links":{"self":[{"href":"https:\/\/newsestlyonnais.fr\/site\/wp-json\/wp\/v2\/posts\/19812","targetHints":{"allow":["GET"]}}],"collection":[{"href":"https:\/\/newsestlyonnais.fr\/site\/wp-json\/wp\/v2\/posts"}],"about":[{"href":"https:\/\/newsestlyonnais.fr\/site\/wp-json\/wp\/v2\/types\/post"}],"author":[{"embeddable":true,"href":"https:\/\/newsestlyonnais.fr\/site\/wp-json\/wp\/v2\/users\/4"}],"replies":[{"embeddable":true,"href":"https:\/\/newsestlyonnais.fr\/site\/wp-json\/wp\/v2\/comments?post=19812"}],"version-history":[{"count":0,"href":"https:\/\/newsestlyonnais.fr\/site\/wp-json\/wp\/v2\/posts\/19812\/revisions"}],"wp:featuredmedia":[{"embeddable":true,"href":"https:\/\/newsestlyonnais.fr\/site\/wp-json\/wp\/v2\/media\/12277"}],"wp:attachment":[{"href":"https:\/\/newsestlyonnais.fr\/site\/wp-json\/wp\/v2\/media?parent=19812"}],"wp:term":[{"taxonomy":"category","embeddable":true,"href":"https:\/\/newsestlyonnais.fr\/site\/wp-json\/wp\/v2\/categories?post=19812"},{"taxonomy":"post_tag","embeddable":true,"href":"https:\/\/newsestlyonnais.fr\/site\/wp-json\/wp\/v2\/tags?post=19812"}],"curies":[{"name":"wp","href":"https:\/\/api.w.org\/{rel}","templated":true}]}}