{"id":19817,"date":"2017-01-27T06:30:13","date_gmt":"2017-01-27T05:30:13","guid":{"rendered":"http:\/\/newsestlyonnais.fr\/site\/?p=19817"},"modified":"2020-11-03T13:56:30","modified_gmt":"2020-11-03T12:56:30","slug":"diffusion-finales-mondial-handball-au-villeurbanne-hand-assocation","status":"publish","type":"post","link":"https:\/\/newsestlyonnais.fr\/site\/2017\/01\/27\/diffusion-finales-mondial-handball-au-villeurbanne-hand-assocation\/","title":{"rendered":"VILLEURBANNE | VHA ,premier supporter des Bleus va diffuser les finales du Mondial"},"content":{"rendered":"<h5>Le Villeurbanne Handball Association (VHA) en partenariat avec Skynignt, la Ligue du Lyonnais de Handball, et Virgin Radio diffuseront <strong>la Finale du Mondial 2017<\/strong> \u00e0 la Fan Zone de Villeurbanne.<\/h5>\n<p>Dans le cadre du 25\u00b0 championnat du monde de handball qui a se d\u00e9roule en France depuis le 11 janvier dernier, le VHA avec les partenaires pr\u00e9cit\u00e9s est heureux d&rsquo;annoncer la diffusion des FINALES de cet \u00e9v\u00e9nement \u00e0 la FAN ZONE de Villeurbanne (Salle des Gratte-Ciel \u2013 98 avenue Francis de Pressens\u00e9 \u2013 69100 Villeurbanne \u2013 M\u00e9tro R\u00e9publique, Ligne A).<br \/>\nTout au long de la comp\u00e9tition, le VHA a ouvert ses portes pour accueillir les supporters et suivre le ph\u00e9nom\u00e9nal parcours des Bleus dans ce mondial de handball.<\/p>\n<ul>\n<li>Retransmission des matchs de l\u2019\u00e9quipe de France sur ECRAN GEANT<\/li>\n<li>\u00a0OUVERTURE 1 HEURE AVANT le d\u00e9but de la rencontre<\/li>\n<li>ANIMATIONS avant la rencontre, pendant la mi-temps: DJ, mascottes du Mondial, tombola, danse. Blind Test.<\/li>\n<li>\u00a0Entr\u00e9e GRATUITE<\/li>\n<li>\u00a0RESTAURATION sur place payante<\/li>\n<li>\u00a0<span style=\"text-decoration: underline\"><strong>Programme des finalit\u00e9s<\/strong><\/span>:\u00a0 Petite finale: Samedi 28 janvier \u00e0 20 h 45 et Finale: Dimanche 29 janvier \u00e0 17 h 30.<br \/>\nEn famille ou entre amis, venez suivre dans une ambiance conviviale et festive la finale de cet \u00e9v\u00e9nement<\/li>\n<\/ul>\n<h5>Retrouvez toute l&rsquo;ACTU du club sur: <a href=\"http:\/\/www.villeurbanneha.fr\" target=\"_blank\" rel=\"noopener noreferrer\">http:\/\/www.villeurbanneha.fr<\/a><\/h5>\n","protected":false},"excerpt":{"rendered":"<p>Le Villeurbanne Handball Association (VHA) en partenariat avec Skynignt, la Ligue du Lyonnais de Handball, et Virgin Radio diffuseront la Finale du Mondial 2017 \u00e0 la Fan Zone de Villeurbanne. Dans le cadre du 25\u00b0 championnat du monde de handball qui a se d\u00e9roule en France depuis le 11 janvier dernier, le VHA avec les [&hellip;]<\/p>\n","protected":false},"author":4,"featured_media":13213,"comment_status":"open","ping_status":"open","sticky":false,"template":"","format":"standard","meta":{"footnotes":""},"categories":[2975,1358,29],"tags":[],"class_list":["post-19817","post","type-post","status-publish","format-standard","has-post-thumbnail","hentry","category-basket-hand-volley-sports","category-hand","category-villeurbanne"],"yoast_head":"<!-- This site is optimized with the Yoast SEO plugin v27.2 - https:\/\/yoast.com\/product\/yoast-seo-wordpress\/ -->\n<title>DIFFUSION FINALES DU MONDIAL DE HANDBALL PAR LE Villeurbanne HAnd assocation<\/title>\n<meta name=\"description\" content=\"DIFFUSION DU MONDIAL DE HANDBALL PAR LE VHA AVEC SES PARTENAIRES A LA SALLE DES GRATTE-CIEL DIMANCHE 29 JANVIER 2017\" \/>\n<meta name=\"robots\" content=\"index, follow, max-snippet:-1, max-image-preview:large, max-video-preview:-1\" \/>\n<link rel=\"canonical\" href=\"https:\/\/newsestlyonnais.fr\/site\/2017\/01\/27\/diffusion-finales-mondial-handball-au-villeurbanne-hand-assocation\/\" \/>\n<meta property=\"og:locale\" content=\"fr_FR\" \/>\n<meta property=\"og:type\" content=\"article\" \/>\n<meta property=\"og:title\" content=\"DIFFUSION FINALES DU MONDIAL DE HANDBALL PAR LE Villeurbanne HAnd assocation\" \/>\n<meta property=\"og:description\" content=\"DIFFUSION DU MONDIAL DE HANDBALL PAR LE VHA AVEC SES PARTENAIRES A LA SALLE DES GRATTE-CIEL DIMANCHE 29 JANVIER 2017\" \/>\n<meta property=\"og:url\" content=\"https:\/\/newsestlyonnais.fr\/site\/2017\/01\/27\/diffusion-finales-mondial-handball-au-villeurbanne-hand-assocation\/\" \/>\n<meta property=\"og:site_name\" content=\"News Est Lyonnais\" \/>\n<meta property=\"article:author\" content=\"https:\/\/www.facebook.com\/pascal.oberson.1?fref=ts\" \/>\n<meta property=\"article:published_time\" content=\"2017-01-27T05:30:13+00:00\" \/>\n<meta property=\"article:modified_time\" content=\"2020-11-03T12:56:30+00:00\" \/>\n<meta property=\"og:image\" content=\"https:\/\/i0.wp.com\/newsestlyonnais.fr\/site\/wp-content\/uploads\/2016\/09\/NEWSESTLYONNAIS-Logo-VHA_2015-2016.jpg?fit=1000%2C750&ssl=1\" \/>\n\t<meta property=\"og:image:width\" content=\"1000\" \/>\n\t<meta property=\"og:image:height\" content=\"750\" \/>\n\t<meta property=\"og:image:type\" content=\"image\/jpeg\" \/>\n<meta name=\"author\" content=\"R\u00e9dac. NEWS\" \/>\n<meta name=\"twitter:card\" content=\"summary_large_image\" \/>\n<meta name=\"twitter:label1\" content=\"\u00c9crit par\" \/>\n\t<meta name=\"twitter:data1\" content=\"R\u00e9dac. NEWS\" \/>\n\t<meta name=\"twitter:label2\" content=\"Dur\u00e9e de lecture estim\u00e9e\" \/>\n\t<meta name=\"twitter:data2\" content=\"1 minute\" \/>\n<script type=\"application\/ld+json\" class=\"yoast-schema-graph\">{\"@context\":\"https:\/\/schema.org\",\"@graph\":[{\"@type\":\"Article\",\"@id\":\"https:\/\/newsestlyonnais.fr\/site\/2017\/01\/27\/diffusion-finales-mondial-handball-au-villeurbanne-hand-assocation\/#article\",\"isPartOf\":{\"@id\":\"https:\/\/newsestlyonnais.fr\/site\/2017\/01\/27\/diffusion-finales-mondial-handball-au-villeurbanne-hand-assocation\/\"},\"author\":{\"name\":\"R\u00e9dac. NEWS\",\"@id\":\"https:\/\/newsestlyonnais.fr\/site\/#\/schema\/person\/3230d5615f390bb808365d673001e887\"},\"headline\":\"VILLEURBANNE | VHA ,premier supporter des Bleus va diffuser les finales du Mondial\",\"datePublished\":\"2017-01-27T05:30:13+00:00\",\"dateModified\":\"2020-11-03T12:56:30+00:00\",\"mainEntityOfPage\":{\"@id\":\"https:\/\/newsestlyonnais.fr\/site\/2017\/01\/27\/diffusion-finales-mondial-handball-au-villeurbanne-hand-assocation\/\"},\"wordCount\":216,\"commentCount\":0,\"publisher\":{\"@id\":\"https:\/\/newsestlyonnais.fr\/site\/#organization\"},\"image\":{\"@id\":\"https:\/\/newsestlyonnais.fr\/site\/2017\/01\/27\/diffusion-finales-mondial-handball-au-villeurbanne-hand-assocation\/#primaryimage\"},\"thumbnailUrl\":\"https:\/\/newsestlyonnais.fr\/site\/wp-content\/uploads\/2016\/09\/NEWSESTLYONNAIS-Logo-VHA_2015-2016.jpg\",\"articleSection\":[\"Basket | Hand | Volley\",\"Hand\",\"Villeurbanne\"],\"inLanguage\":\"fr-FR\",\"potentialAction\":[{\"@type\":\"CommentAction\",\"name\":\"Comment\",\"target\":[\"https:\/\/newsestlyonnais.fr\/site\/2017\/01\/27\/diffusion-finales-mondial-handball-au-villeurbanne-hand-assocation\/#respond\"]}]},{\"@type\":\"WebPage\",\"@id\":\"https:\/\/newsestlyonnais.fr\/site\/2017\/01\/27\/diffusion-finales-mondial-handball-au-villeurbanne-hand-assocation\/\",\"url\":\"https:\/\/newsestlyonnais.fr\/site\/2017\/01\/27\/diffusion-finales-mondial-handball-au-villeurbanne-hand-assocation\/\",\"name\":\"DIFFUSION FINALES DU MONDIAL DE HANDBALL PAR LE Villeurbanne HAnd assocation\",\"isPartOf\":{\"@id\":\"https:\/\/newsestlyonnais.fr\/site\/#website\"},\"primaryImageOfPage\":{\"@id\":\"https:\/\/newsestlyonnais.fr\/site\/2017\/01\/27\/diffusion-finales-mondial-handball-au-villeurbanne-hand-assocation\/#primaryimage\"},\"image\":{\"@id\":\"https:\/\/newsestlyonnais.fr\/site\/2017\/01\/27\/diffusion-finales-mondial-handball-au-villeurbanne-hand-assocation\/#primaryimage\"},\"thumbnailUrl\":\"https:\/\/newsestlyonnais.fr\/site\/wp-content\/uploads\/2016\/09\/NEWSESTLYONNAIS-Logo-VHA_2015-2016.jpg\",\"datePublished\":\"2017-01-27T05:30:13+00:00\",\"dateModified\":\"2020-11-03T12:56:30+00:00\",\"description\":\"DIFFUSION DU MONDIAL DE HANDBALL PAR LE VHA AVEC SES PARTENAIRES A LA SALLE DES GRATTE-CIEL DIMANCHE 29 JANVIER 2017\",\"breadcrumb\":{\"@id\":\"https:\/\/newsestlyonnais.fr\/site\/2017\/01\/27\/diffusion-finales-mondial-handball-au-villeurbanne-hand-assocation\/#breadcrumb\"},\"inLanguage\":\"fr-FR\",\"potentialAction\":[{\"@type\":\"ReadAction\",\"target\":[\"https:\/\/newsestlyonnais.fr\/site\/2017\/01\/27\/diffusion-finales-mondial-handball-au-villeurbanne-hand-assocation\/\"]}]},{\"@type\":\"ImageObject\",\"inLanguage\":\"fr-FR\",\"@id\":\"https:\/\/newsestlyonnais.fr\/site\/2017\/01\/27\/diffusion-finales-mondial-handball-au-villeurbanne-hand-assocation\/#primaryimage\",\"url\":\"https:\/\/newsestlyonnais.fr\/site\/wp-content\/uploads\/2016\/09\/NEWSESTLYONNAIS-Logo-VHA_2015-2016.jpg\",\"contentUrl\":\"https:\/\/newsestlyonnais.fr\/site\/wp-content\/uploads\/2016\/09\/NEWSESTLYONNAIS-Logo-VHA_2015-2016.jpg\",\"width\":1000,\"height\":750,\"caption\":\"newsestlyonnais-logo-vha_2015-2016\"},{\"@type\":\"BreadcrumbList\",\"@id\":\"https:\/\/newsestlyonnais.fr\/site\/2017\/01\/27\/diffusion-finales-mondial-handball-au-villeurbanne-hand-assocation\/#breadcrumb\",\"itemListElement\":[{\"@type\":\"ListItem\",\"position\":1,\"name\":\"Accueil\",\"item\":\"https:\/\/newsestlyonnais.fr\/site\/\"},{\"@type\":\"ListItem\",\"position\":2,\"name\":\"VILLEURBANNE | VHA ,premier supporter des Bleus va diffuser les finales du Mondial\"}]},{\"@type\":\"WebSite\",\"@id\":\"https:\/\/newsestlyonnais.fr\/site\/#website\",\"url\":\"https:\/\/newsestlyonnais.fr\/site\/\",\"name\":\"News Est Lyonnais\",\"description\":\"L&#039;actualit\u00e9 au plus pr\u00e8s\",\"publisher\":{\"@id\":\"https:\/\/newsestlyonnais.fr\/site\/#organization\"},\"potentialAction\":[{\"@type\":\"SearchAction\",\"target\":{\"@type\":\"EntryPoint\",\"urlTemplate\":\"https:\/\/newsestlyonnais.fr\/site\/?s={search_term_string}\"},\"query-input\":{\"@type\":\"PropertyValueSpecification\",\"valueRequired\":true,\"valueName\":\"search_term_string\"}}],\"inLanguage\":\"fr-FR\"},{\"@type\":\"Organization\",\"@id\":\"https:\/\/newsestlyonnais.fr\/site\/#organization\",\"name\":\"News EST LYONNAIS\",\"url\":\"https:\/\/newsestlyonnais.fr\/site\/\",\"logo\":{\"@type\":\"ImageObject\",\"inLanguage\":\"fr-FR\",\"@id\":\"https:\/\/newsestlyonnais.fr\/site\/#\/schema\/logo\/image\/\",\"url\":\"\",\"contentUrl\":\"\",\"caption\":\"News EST LYONNAIS\"},\"image\":{\"@id\":\"https:\/\/newsestlyonnais.fr\/site\/#\/schema\/logo\/image\/\"}},{\"@type\":\"Person\",\"@id\":\"https:\/\/newsestlyonnais.fr\/site\/#\/schema\/person\/3230d5615f390bb808365d673001e887\",\"name\":\"R\u00e9dac. NEWS\",\"sameAs\":[\"http:\/\/www.newsestlyonnais.fr\",\"https:\/\/www.facebook.com\/pascal.oberson.1?fref=ts\",\"https:\/\/fr.linkedin.com\/in\/pascal-oberson-b17045113\"],\"url\":\"https:\/\/newsestlyonnais.fr\/site\/author\/nel\/\"}]}<\/script>\n<!-- \/ Yoast SEO plugin. -->","yoast_head_json":{"title":"DIFFUSION FINALES DU MONDIAL DE HANDBALL PAR LE Villeurbanne HAnd assocation","description":"DIFFUSION DU MONDIAL DE HANDBALL PAR LE VHA AVEC SES PARTENAIRES A LA SALLE DES GRATTE-CIEL DIMANCHE 29 JANVIER 2017","robots":{"index":"index","follow":"follow","max-snippet":"max-snippet:-1","max-image-preview":"max-image-preview:large","max-video-preview":"max-video-preview:-1"},"canonical":"https:\/\/newsestlyonnais.fr\/site\/2017\/01\/27\/diffusion-finales-mondial-handball-au-villeurbanne-hand-assocation\/","og_locale":"fr_FR","og_type":"article","og_title":"DIFFUSION FINALES DU MONDIAL DE HANDBALL PAR LE Villeurbanne HAnd assocation","og_description":"DIFFUSION DU MONDIAL DE HANDBALL PAR LE VHA AVEC SES PARTENAIRES A LA SALLE DES GRATTE-CIEL DIMANCHE 29 JANVIER 2017","og_url":"https:\/\/newsestlyonnais.fr\/site\/2017\/01\/27\/diffusion-finales-mondial-handball-au-villeurbanne-hand-assocation\/","og_site_name":"News Est Lyonnais","article_author":"https:\/\/www.facebook.com\/pascal.oberson.1?fref=ts","article_published_time":"2017-01-27T05:30:13+00:00","article_modified_time":"2020-11-03T12:56:30+00:00","og_image":[{"width":1000,"height":750,"url":"https:\/\/i0.wp.com\/newsestlyonnais.fr\/site\/wp-content\/uploads\/2016\/09\/NEWSESTLYONNAIS-Logo-VHA_2015-2016.jpg?fit=1000%2C750&ssl=1","type":"image\/jpeg"}],"author":"R\u00e9dac. NEWS","twitter_card":"summary_large_image","twitter_misc":{"\u00c9crit par":"R\u00e9dac. NEWS","Dur\u00e9e de lecture estim\u00e9e":"1 minute"},"schema":{"@context":"https:\/\/schema.org","@graph":[{"@type":"Article","@id":"https:\/\/newsestlyonnais.fr\/site\/2017\/01\/27\/diffusion-finales-mondial-handball-au-villeurbanne-hand-assocation\/#article","isPartOf":{"@id":"https:\/\/newsestlyonnais.fr\/site\/2017\/01\/27\/diffusion-finales-mondial-handball-au-villeurbanne-hand-assocation\/"},"author":{"name":"R\u00e9dac. NEWS","@id":"https:\/\/newsestlyonnais.fr\/site\/#\/schema\/person\/3230d5615f390bb808365d673001e887"},"headline":"VILLEURBANNE | VHA ,premier supporter des Bleus va diffuser les finales du Mondial","datePublished":"2017-01-27T05:30:13+00:00","dateModified":"2020-11-03T12:56:30+00:00","mainEntityOfPage":{"@id":"https:\/\/newsestlyonnais.fr\/site\/2017\/01\/27\/diffusion-finales-mondial-handball-au-villeurbanne-hand-assocation\/"},"wordCount":216,"commentCount":0,"publisher":{"@id":"https:\/\/newsestlyonnais.fr\/site\/#organization"},"image":{"@id":"https:\/\/newsestlyonnais.fr\/site\/2017\/01\/27\/diffusion-finales-mondial-handball-au-villeurbanne-hand-assocation\/#primaryimage"},"thumbnailUrl":"https:\/\/newsestlyonnais.fr\/site\/wp-content\/uploads\/2016\/09\/NEWSESTLYONNAIS-Logo-VHA_2015-2016.jpg","articleSection":["Basket | Hand | Volley","Hand","Villeurbanne"],"inLanguage":"fr-FR","potentialAction":[{"@type":"CommentAction","name":"Comment","target":["https:\/\/newsestlyonnais.fr\/site\/2017\/01\/27\/diffusion-finales-mondial-handball-au-villeurbanne-hand-assocation\/#respond"]}]},{"@type":"WebPage","@id":"https:\/\/newsestlyonnais.fr\/site\/2017\/01\/27\/diffusion-finales-mondial-handball-au-villeurbanne-hand-assocation\/","url":"https:\/\/newsestlyonnais.fr\/site\/2017\/01\/27\/diffusion-finales-mondial-handball-au-villeurbanne-hand-assocation\/","name":"DIFFUSION FINALES DU MONDIAL DE HANDBALL PAR LE Villeurbanne HAnd assocation","isPartOf":{"@id":"https:\/\/newsestlyonnais.fr\/site\/#website"},"primaryImageOfPage":{"@id":"https:\/\/newsestlyonnais.fr\/site\/2017\/01\/27\/diffusion-finales-mondial-handball-au-villeurbanne-hand-assocation\/#primaryimage"},"image":{"@id":"https:\/\/newsestlyonnais.fr\/site\/2017\/01\/27\/diffusion-finales-mondial-handball-au-villeurbanne-hand-assocation\/#primaryimage"},"thumbnailUrl":"https:\/\/newsestlyonnais.fr\/site\/wp-content\/uploads\/2016\/09\/NEWSESTLYONNAIS-Logo-VHA_2015-2016.jpg","datePublished":"2017-01-27T05:30:13+00:00","dateModified":"2020-11-03T12:56:30+00:00","description":"DIFFUSION DU MONDIAL DE HANDBALL PAR LE VHA AVEC SES PARTENAIRES A LA SALLE DES GRATTE-CIEL DIMANCHE 29 JANVIER 2017","breadcrumb":{"@id":"https:\/\/newsestlyonnais.fr\/site\/2017\/01\/27\/diffusion-finales-mondial-handball-au-villeurbanne-hand-assocation\/#breadcrumb"},"inLanguage":"fr-FR","potentialAction":[{"@type":"ReadAction","target":["https:\/\/newsestlyonnais.fr\/site\/2017\/01\/27\/diffusion-finales-mondial-handball-au-villeurbanne-hand-assocation\/"]}]},{"@type":"ImageObject","inLanguage":"fr-FR","@id":"https:\/\/newsestlyonnais.fr\/site\/2017\/01\/27\/diffusion-finales-mondial-handball-au-villeurbanne-hand-assocation\/#primaryimage","url":"https:\/\/newsestlyonnais.fr\/site\/wp-content\/uploads\/2016\/09\/NEWSESTLYONNAIS-Logo-VHA_2015-2016.jpg","contentUrl":"https:\/\/newsestlyonnais.fr\/site\/wp-content\/uploads\/2016\/09\/NEWSESTLYONNAIS-Logo-VHA_2015-2016.jpg","width":1000,"height":750,"caption":"newsestlyonnais-logo-vha_2015-2016"},{"@type":"BreadcrumbList","@id":"https:\/\/newsestlyonnais.fr\/site\/2017\/01\/27\/diffusion-finales-mondial-handball-au-villeurbanne-hand-assocation\/#breadcrumb","itemListElement":[{"@type":"ListItem","position":1,"name":"Accueil","item":"https:\/\/newsestlyonnais.fr\/site\/"},{"@type":"ListItem","position":2,"name":"VILLEURBANNE | VHA ,premier supporter des Bleus va diffuser les finales du Mondial"}]},{"@type":"WebSite","@id":"https:\/\/newsestlyonnais.fr\/site\/#website","url":"https:\/\/newsestlyonnais.fr\/site\/","name":"News Est Lyonnais","description":"L&#039;actualit\u00e9 au plus pr\u00e8s","publisher":{"@id":"https:\/\/newsestlyonnais.fr\/site\/#organization"},"potentialAction":[{"@type":"SearchAction","target":{"@type":"EntryPoint","urlTemplate":"https:\/\/newsestlyonnais.fr\/site\/?s={search_term_string}"},"query-input":{"@type":"PropertyValueSpecification","valueRequired":true,"valueName":"search_term_string"}}],"inLanguage":"fr-FR"},{"@type":"Organization","@id":"https:\/\/newsestlyonnais.fr\/site\/#organization","name":"News EST LYONNAIS","url":"https:\/\/newsestlyonnais.fr\/site\/","logo":{"@type":"ImageObject","inLanguage":"fr-FR","@id":"https:\/\/newsestlyonnais.fr\/site\/#\/schema\/logo\/image\/","url":"","contentUrl":"","caption":"News EST LYONNAIS"},"image":{"@id":"https:\/\/newsestlyonnais.fr\/site\/#\/schema\/logo\/image\/"}},{"@type":"Person","@id":"https:\/\/newsestlyonnais.fr\/site\/#\/schema\/person\/3230d5615f390bb808365d673001e887","name":"R\u00e9dac. NEWS","sameAs":["http:\/\/www.newsestlyonnais.fr","https:\/\/www.facebook.com\/pascal.oberson.1?fref=ts","https:\/\/fr.linkedin.com\/in\/pascal-oberson-b17045113"],"url":"https:\/\/newsestlyonnais.fr\/site\/author\/nel\/"}]}},"_links":{"self":[{"href":"https:\/\/newsestlyonnais.fr\/site\/wp-json\/wp\/v2\/posts\/19817","targetHints":{"allow":["GET"]}}],"collection":[{"href":"https:\/\/newsestlyonnais.fr\/site\/wp-json\/wp\/v2\/posts"}],"about":[{"href":"https:\/\/newsestlyonnais.fr\/site\/wp-json\/wp\/v2\/types\/post"}],"author":[{"embeddable":true,"href":"https:\/\/newsestlyonnais.fr\/site\/wp-json\/wp\/v2\/users\/4"}],"replies":[{"embeddable":true,"href":"https:\/\/newsestlyonnais.fr\/site\/wp-json\/wp\/v2\/comments?post=19817"}],"version-history":[{"count":0,"href":"https:\/\/newsestlyonnais.fr\/site\/wp-json\/wp\/v2\/posts\/19817\/revisions"}],"wp:featuredmedia":[{"embeddable":true,"href":"https:\/\/newsestlyonnais.fr\/site\/wp-json\/wp\/v2\/media\/13213"}],"wp:attachment":[{"href":"https:\/\/newsestlyonnais.fr\/site\/wp-json\/wp\/v2\/media?parent=19817"}],"wp:term":[{"taxonomy":"category","embeddable":true,"href":"https:\/\/newsestlyonnais.fr\/site\/wp-json\/wp\/v2\/categories?post=19817"},{"taxonomy":"post_tag","embeddable":true,"href":"https:\/\/newsestlyonnais.fr\/site\/wp-json\/wp\/v2\/tags?post=19817"}],"curies":[{"name":"wp","href":"https:\/\/api.w.org\/{rel}","templated":true}]}}