{"id":198403,"date":"2024-01-11T11:44:07","date_gmt":"2024-01-11T10:44:07","guid":{"rendered":"https:\/\/newsestlyonnais.fr\/site\/?p=198403"},"modified":"2024-01-11T11:44:07","modified_gmt":"2024-01-11T10:44:07","slug":"meyzieu-nouveau-centre-ville-la-metropole-de-lyon-organise-une-concertation","status":"publish","type":"post","link":"https:\/\/newsestlyonnais.fr\/site\/2024\/01\/11\/meyzieu-nouveau-centre-ville-la-metropole-de-lyon-organise-une-concertation\/","title":{"rendered":"MEYZIEU | Nouveau Centre-Ville : la M\u00e9tropole de Lyon organise une concertation"},"content":{"rendered":"<p class=\"heading__teaser\">Dans le cadre du projet de transformation de l\u2019hypercentre de Meyzieu, <strong>une nouvelle place va voir le jour : la place de la concorde.<\/strong><\/p>\n<p class=\"heading__teaser\">Afin de recueillir les attentes et id\u00e9es sur les am\u00e9nagements de cette place, <strong>la M\u00e9tropole de Lyon organise une concertation du 26 janvier au 26 f\u00e9vrier 2024.<\/strong><\/p>\n<p>Pour en savoir plus sur le projet et ce sur quoi porte pr\u00e9cis\u00e9ment la concertation, <span style=\"background-color: #000000; color: #ffffff;\"><strong>participez \u00e0 la\u00a0r\u00e9union publique du lundi 5 f\u00e9vrier \u00e0 18 h 30 \u00e0 la salle des f\u00eates de Meyzieu,<\/strong>\u00a0<strong>6 place Andr\u00e9 Marie Burignat.<\/strong><\/span><\/p>\n<hr \/>\n<p><a href=\"https:\/\/www.meyzieu.fr\/information-transversale\/nos-actus\/nouveau-centre-ville-votre-avis-compte-4049\"><span style=\"color: #0000ff;\"><strong><span style=\"font-size: 14pt;\">+ d&rsquo;infos.<\/span> <\/strong><\/span><\/a><\/p>\n","protected":false},"excerpt":{"rendered":"<p>Organis\u00e9e dans le cadre du projet de transformation de l\u2019hypercentre, elle aura lieu du 26 janvier au 26 f\u00e9vrier 2024. <\/p>\n","protected":false},"author":4,"featured_media":101256,"comment_status":"open","ping_status":"open","sticky":false,"template":"","format":"standard","meta":{"footnotes":""},"categories":[24,4948,172],"tags":[2631,2642,2081,2127],"class_list":["post-198403","post","type-post","status-publish","format-standard","has-post-thumbnail","hentry","category-meyzieu","category-que-de-breves","category-travaux-amenagements","tag-amenagement","tag-metropole-de-lyon","tag-meyzieu","tag-travaux"],"yoast_head":"<!-- This site is optimized with the Yoast SEO plugin v27.2 - https:\/\/yoast.com\/product\/yoast-seo-wordpress\/ -->\n<title>MEYZIEU | Nouveau Centre-Ville : la M\u00e9tropole de Lyon organise une concertation - News Est Lyonnais<\/title>\n<meta name=\"description\" content=\"MEYZIEU | Nouveau Centre-Ville : la M\u00e9tropole de Lyon organise une concertation\" \/>\n<meta name=\"robots\" content=\"index, follow, max-snippet:-1, max-image-preview:large, max-video-preview:-1\" \/>\n<link rel=\"canonical\" href=\"https:\/\/newsestlyonnais.fr\/site\/2024\/01\/11\/meyzieu-nouveau-centre-ville-la-metropole-de-lyon-organise-une-concertation\/\" \/>\n<meta property=\"og:locale\" content=\"fr_FR\" \/>\n<meta property=\"og:type\" content=\"article\" \/>\n<meta property=\"og:title\" content=\"MEYZIEU | Nouveau Centre-Ville : la M\u00e9tropole de Lyon organise une concertation - News Est Lyonnais\" \/>\n<meta property=\"og:description\" content=\"MEYZIEU | Nouveau Centre-Ville : la M\u00e9tropole de Lyon organise une concertation\" \/>\n<meta property=\"og:url\" content=\"https:\/\/newsestlyonnais.fr\/site\/2024\/01\/11\/meyzieu-nouveau-centre-ville-la-metropole-de-lyon-organise-une-concertation\/\" \/>\n<meta property=\"og:site_name\" content=\"News Est Lyonnais\" \/>\n<meta property=\"article:author\" content=\"https:\/\/www.facebook.com\/pascal.oberson.1?fref=ts\" \/>\n<meta property=\"article:published_time\" content=\"2024-01-11T10:44:07+00:00\" \/>\n<meta property=\"og:image\" content=\"https:\/\/newsestlyonnais.fr\/site\/wp-content\/uploads\/2020\/05\/NEWSESTLYONNAIS-VUE-MEYZIEU.jpg\" \/>\n\t<meta property=\"og:image:width\" content=\"1280\" \/>\n\t<meta property=\"og:image:height\" content=\"960\" \/>\n\t<meta property=\"og:image:type\" content=\"image\/jpeg\" \/>\n<meta name=\"author\" content=\"R\u00e9dac. NEWS\" \/>\n<meta name=\"twitter:card\" content=\"summary_large_image\" \/>\n<meta name=\"twitter:label1\" content=\"\u00c9crit par\" \/>\n\t<meta name=\"twitter:data1\" content=\"R\u00e9dac. NEWS\" \/>\n\t<meta name=\"twitter:label2\" content=\"Dur\u00e9e de lecture estim\u00e9e\" \/>\n\t<meta name=\"twitter:data2\" content=\"1 minute\" \/>\n<script type=\"application\/ld+json\" class=\"yoast-schema-graph\">{\"@context\":\"https:\/\/schema.org\",\"@graph\":[{\"@type\":\"Article\",\"@id\":\"https:\/\/newsestlyonnais.fr\/site\/2024\/01\/11\/meyzieu-nouveau-centre-ville-la-metropole-de-lyon-organise-une-concertation\/#article\",\"isPartOf\":{\"@id\":\"https:\/\/newsestlyonnais.fr\/site\/2024\/01\/11\/meyzieu-nouveau-centre-ville-la-metropole-de-lyon-organise-une-concertation\/\"},\"author\":{\"name\":\"R\u00e9dac. NEWS\",\"@id\":\"https:\/\/newsestlyonnais.fr\/site\/#\/schema\/person\/3230d5615f390bb808365d673001e887\"},\"headline\":\"MEYZIEU | Nouveau Centre-Ville : la M\u00e9tropole de Lyon organise une concertation\",\"datePublished\":\"2024-01-11T10:44:07+00:00\",\"mainEntityOfPage\":{\"@id\":\"https:\/\/newsestlyonnais.fr\/site\/2024\/01\/11\/meyzieu-nouveau-centre-ville-la-metropole-de-lyon-organise-une-concertation\/\"},\"wordCount\":103,\"commentCount\":1,\"publisher\":{\"@id\":\"https:\/\/newsestlyonnais.fr\/site\/#organization\"},\"image\":{\"@id\":\"https:\/\/newsestlyonnais.fr\/site\/2024\/01\/11\/meyzieu-nouveau-centre-ville-la-metropole-de-lyon-organise-une-concertation\/#primaryimage\"},\"thumbnailUrl\":\"https:\/\/newsestlyonnais.fr\/site\/wp-content\/uploads\/2020\/05\/NEWSESTLYONNAIS-VUE-MEYZIEU.jpg\",\"keywords\":[\"AMENAGEMENT\",\"M\u00e9tropole de Lyon\",\"MEYZIEU\",\"TRAVAUX\"],\"articleSection\":[\"Meyzieu\",\"Que de br\u00e8ves ...\",\"Travaux | Am\u00e9nagements\"],\"inLanguage\":\"fr-FR\",\"potentialAction\":[{\"@type\":\"CommentAction\",\"name\":\"Comment\",\"target\":[\"https:\/\/newsestlyonnais.fr\/site\/2024\/01\/11\/meyzieu-nouveau-centre-ville-la-metropole-de-lyon-organise-une-concertation\/#respond\"]}]},{\"@type\":\"WebPage\",\"@id\":\"https:\/\/newsestlyonnais.fr\/site\/2024\/01\/11\/meyzieu-nouveau-centre-ville-la-metropole-de-lyon-organise-une-concertation\/\",\"url\":\"https:\/\/newsestlyonnais.fr\/site\/2024\/01\/11\/meyzieu-nouveau-centre-ville-la-metropole-de-lyon-organise-une-concertation\/\",\"name\":\"MEYZIEU | Nouveau Centre-Ville : la M\u00e9tropole de Lyon organise une concertation - News Est Lyonnais\",\"isPartOf\":{\"@id\":\"https:\/\/newsestlyonnais.fr\/site\/#website\"},\"primaryImageOfPage\":{\"@id\":\"https:\/\/newsestlyonnais.fr\/site\/2024\/01\/11\/meyzieu-nouveau-centre-ville-la-metropole-de-lyon-organise-une-concertation\/#primaryimage\"},\"image\":{\"@id\":\"https:\/\/newsestlyonnais.fr\/site\/2024\/01\/11\/meyzieu-nouveau-centre-ville-la-metropole-de-lyon-organise-une-concertation\/#primaryimage\"},\"thumbnailUrl\":\"https:\/\/newsestlyonnais.fr\/site\/wp-content\/uploads\/2020\/05\/NEWSESTLYONNAIS-VUE-MEYZIEU.jpg\",\"datePublished\":\"2024-01-11T10:44:07+00:00\",\"description\":\"MEYZIEU | Nouveau Centre-Ville : la M\u00e9tropole de Lyon organise une concertation\",\"breadcrumb\":{\"@id\":\"https:\/\/newsestlyonnais.fr\/site\/2024\/01\/11\/meyzieu-nouveau-centre-ville-la-metropole-de-lyon-organise-une-concertation\/#breadcrumb\"},\"inLanguage\":\"fr-FR\",\"potentialAction\":[{\"@type\":\"ReadAction\",\"target\":[\"https:\/\/newsestlyonnais.fr\/site\/2024\/01\/11\/meyzieu-nouveau-centre-ville-la-metropole-de-lyon-organise-une-concertation\/\"]}]},{\"@type\":\"ImageObject\",\"inLanguage\":\"fr-FR\",\"@id\":\"https:\/\/newsestlyonnais.fr\/site\/2024\/01\/11\/meyzieu-nouveau-centre-ville-la-metropole-de-lyon-organise-une-concertation\/#primaryimage\",\"url\":\"https:\/\/newsestlyonnais.fr\/site\/wp-content\/uploads\/2020\/05\/NEWSESTLYONNAIS-VUE-MEYZIEU.jpg\",\"contentUrl\":\"https:\/\/newsestlyonnais.fr\/site\/wp-content\/uploads\/2020\/05\/NEWSESTLYONNAIS-VUE-MEYZIEU.jpg\",\"width\":1280,\"height\":960},{\"@type\":\"BreadcrumbList\",\"@id\":\"https:\/\/newsestlyonnais.fr\/site\/2024\/01\/11\/meyzieu-nouveau-centre-ville-la-metropole-de-lyon-organise-une-concertation\/#breadcrumb\",\"itemListElement\":[{\"@type\":\"ListItem\",\"position\":1,\"name\":\"Accueil\",\"item\":\"https:\/\/newsestlyonnais.fr\/site\/\"},{\"@type\":\"ListItem\",\"position\":2,\"name\":\"MEYZIEU | Nouveau Centre-Ville : la M\u00e9tropole de Lyon organise une concertation\"}]},{\"@type\":\"WebSite\",\"@id\":\"https:\/\/newsestlyonnais.fr\/site\/#website\",\"url\":\"https:\/\/newsestlyonnais.fr\/site\/\",\"name\":\"News Est Lyonnais\",\"description\":\"L&#039;actualit\u00e9 au plus pr\u00e8s\",\"publisher\":{\"@id\":\"https:\/\/newsestlyonnais.fr\/site\/#organization\"},\"potentialAction\":[{\"@type\":\"SearchAction\",\"target\":{\"@type\":\"EntryPoint\",\"urlTemplate\":\"https:\/\/newsestlyonnais.fr\/site\/?s={search_term_string}\"},\"query-input\":{\"@type\":\"PropertyValueSpecification\",\"valueRequired\":true,\"valueName\":\"search_term_string\"}}],\"inLanguage\":\"fr-FR\"},{\"@type\":\"Organization\",\"@id\":\"https:\/\/newsestlyonnais.fr\/site\/#organization\",\"name\":\"News EST LYONNAIS\",\"url\":\"https:\/\/newsestlyonnais.fr\/site\/\",\"logo\":{\"@type\":\"ImageObject\",\"inLanguage\":\"fr-FR\",\"@id\":\"https:\/\/newsestlyonnais.fr\/site\/#\/schema\/logo\/image\/\",\"url\":\"\",\"contentUrl\":\"\",\"caption\":\"News EST LYONNAIS\"},\"image\":{\"@id\":\"https:\/\/newsestlyonnais.fr\/site\/#\/schema\/logo\/image\/\"}},{\"@type\":\"Person\",\"@id\":\"https:\/\/newsestlyonnais.fr\/site\/#\/schema\/person\/3230d5615f390bb808365d673001e887\",\"name\":\"R\u00e9dac. NEWS\",\"sameAs\":[\"http:\/\/www.newsestlyonnais.fr\",\"https:\/\/www.facebook.com\/pascal.oberson.1?fref=ts\",\"https:\/\/fr.linkedin.com\/in\/pascal-oberson-b17045113\"],\"url\":\"https:\/\/newsestlyonnais.fr\/site\/author\/nel\/\"}]}<\/script>\n<!-- \/ Yoast SEO plugin. -->","yoast_head_json":{"title":"MEYZIEU | Nouveau Centre-Ville : la M\u00e9tropole de Lyon organise une concertation - News Est Lyonnais","description":"MEYZIEU | Nouveau Centre-Ville : la M\u00e9tropole de Lyon organise une concertation","robots":{"index":"index","follow":"follow","max-snippet":"max-snippet:-1","max-image-preview":"max-image-preview:large","max-video-preview":"max-video-preview:-1"},"canonical":"https:\/\/newsestlyonnais.fr\/site\/2024\/01\/11\/meyzieu-nouveau-centre-ville-la-metropole-de-lyon-organise-une-concertation\/","og_locale":"fr_FR","og_type":"article","og_title":"MEYZIEU | Nouveau Centre-Ville : la M\u00e9tropole de Lyon organise une concertation - News Est Lyonnais","og_description":"MEYZIEU | Nouveau Centre-Ville : la M\u00e9tropole de Lyon organise une concertation","og_url":"https:\/\/newsestlyonnais.fr\/site\/2024\/01\/11\/meyzieu-nouveau-centre-ville-la-metropole-de-lyon-organise-une-concertation\/","og_site_name":"News Est Lyonnais","article_author":"https:\/\/www.facebook.com\/pascal.oberson.1?fref=ts","article_published_time":"2024-01-11T10:44:07+00:00","og_image":[{"width":1280,"height":960,"url":"https:\/\/newsestlyonnais.fr\/site\/wp-content\/uploads\/2020\/05\/NEWSESTLYONNAIS-VUE-MEYZIEU.jpg","type":"image\/jpeg"}],"author":"R\u00e9dac. NEWS","twitter_card":"summary_large_image","twitter_misc":{"\u00c9crit par":"R\u00e9dac. NEWS","Dur\u00e9e de lecture estim\u00e9e":"1 minute"},"schema":{"@context":"https:\/\/schema.org","@graph":[{"@type":"Article","@id":"https:\/\/newsestlyonnais.fr\/site\/2024\/01\/11\/meyzieu-nouveau-centre-ville-la-metropole-de-lyon-organise-une-concertation\/#article","isPartOf":{"@id":"https:\/\/newsestlyonnais.fr\/site\/2024\/01\/11\/meyzieu-nouveau-centre-ville-la-metropole-de-lyon-organise-une-concertation\/"},"author":{"name":"R\u00e9dac. NEWS","@id":"https:\/\/newsestlyonnais.fr\/site\/#\/schema\/person\/3230d5615f390bb808365d673001e887"},"headline":"MEYZIEU | Nouveau Centre-Ville : la M\u00e9tropole de Lyon organise une concertation","datePublished":"2024-01-11T10:44:07+00:00","mainEntityOfPage":{"@id":"https:\/\/newsestlyonnais.fr\/site\/2024\/01\/11\/meyzieu-nouveau-centre-ville-la-metropole-de-lyon-organise-une-concertation\/"},"wordCount":103,"commentCount":1,"publisher":{"@id":"https:\/\/newsestlyonnais.fr\/site\/#organization"},"image":{"@id":"https:\/\/newsestlyonnais.fr\/site\/2024\/01\/11\/meyzieu-nouveau-centre-ville-la-metropole-de-lyon-organise-une-concertation\/#primaryimage"},"thumbnailUrl":"https:\/\/newsestlyonnais.fr\/site\/wp-content\/uploads\/2020\/05\/NEWSESTLYONNAIS-VUE-MEYZIEU.jpg","keywords":["AMENAGEMENT","M\u00e9tropole de Lyon","MEYZIEU","TRAVAUX"],"articleSection":["Meyzieu","Que de br\u00e8ves ...","Travaux | Am\u00e9nagements"],"inLanguage":"fr-FR","potentialAction":[{"@type":"CommentAction","name":"Comment","target":["https:\/\/newsestlyonnais.fr\/site\/2024\/01\/11\/meyzieu-nouveau-centre-ville-la-metropole-de-lyon-organise-une-concertation\/#respond"]}]},{"@type":"WebPage","@id":"https:\/\/newsestlyonnais.fr\/site\/2024\/01\/11\/meyzieu-nouveau-centre-ville-la-metropole-de-lyon-organise-une-concertation\/","url":"https:\/\/newsestlyonnais.fr\/site\/2024\/01\/11\/meyzieu-nouveau-centre-ville-la-metropole-de-lyon-organise-une-concertation\/","name":"MEYZIEU | Nouveau Centre-Ville : la M\u00e9tropole de Lyon organise une concertation - News Est Lyonnais","isPartOf":{"@id":"https:\/\/newsestlyonnais.fr\/site\/#website"},"primaryImageOfPage":{"@id":"https:\/\/newsestlyonnais.fr\/site\/2024\/01\/11\/meyzieu-nouveau-centre-ville-la-metropole-de-lyon-organise-une-concertation\/#primaryimage"},"image":{"@id":"https:\/\/newsestlyonnais.fr\/site\/2024\/01\/11\/meyzieu-nouveau-centre-ville-la-metropole-de-lyon-organise-une-concertation\/#primaryimage"},"thumbnailUrl":"https:\/\/newsestlyonnais.fr\/site\/wp-content\/uploads\/2020\/05\/NEWSESTLYONNAIS-VUE-MEYZIEU.jpg","datePublished":"2024-01-11T10:44:07+00:00","description":"MEYZIEU | Nouveau Centre-Ville : la M\u00e9tropole de Lyon organise une concertation","breadcrumb":{"@id":"https:\/\/newsestlyonnais.fr\/site\/2024\/01\/11\/meyzieu-nouveau-centre-ville-la-metropole-de-lyon-organise-une-concertation\/#breadcrumb"},"inLanguage":"fr-FR","potentialAction":[{"@type":"ReadAction","target":["https:\/\/newsestlyonnais.fr\/site\/2024\/01\/11\/meyzieu-nouveau-centre-ville-la-metropole-de-lyon-organise-une-concertation\/"]}]},{"@type":"ImageObject","inLanguage":"fr-FR","@id":"https:\/\/newsestlyonnais.fr\/site\/2024\/01\/11\/meyzieu-nouveau-centre-ville-la-metropole-de-lyon-organise-une-concertation\/#primaryimage","url":"https:\/\/newsestlyonnais.fr\/site\/wp-content\/uploads\/2020\/05\/NEWSESTLYONNAIS-VUE-MEYZIEU.jpg","contentUrl":"https:\/\/newsestlyonnais.fr\/site\/wp-content\/uploads\/2020\/05\/NEWSESTLYONNAIS-VUE-MEYZIEU.jpg","width":1280,"height":960},{"@type":"BreadcrumbList","@id":"https:\/\/newsestlyonnais.fr\/site\/2024\/01\/11\/meyzieu-nouveau-centre-ville-la-metropole-de-lyon-organise-une-concertation\/#breadcrumb","itemListElement":[{"@type":"ListItem","position":1,"name":"Accueil","item":"https:\/\/newsestlyonnais.fr\/site\/"},{"@type":"ListItem","position":2,"name":"MEYZIEU | Nouveau Centre-Ville : la M\u00e9tropole de Lyon organise une concertation"}]},{"@type":"WebSite","@id":"https:\/\/newsestlyonnais.fr\/site\/#website","url":"https:\/\/newsestlyonnais.fr\/site\/","name":"News Est Lyonnais","description":"L&#039;actualit\u00e9 au plus pr\u00e8s","publisher":{"@id":"https:\/\/newsestlyonnais.fr\/site\/#organization"},"potentialAction":[{"@type":"SearchAction","target":{"@type":"EntryPoint","urlTemplate":"https:\/\/newsestlyonnais.fr\/site\/?s={search_term_string}"},"query-input":{"@type":"PropertyValueSpecification","valueRequired":true,"valueName":"search_term_string"}}],"inLanguage":"fr-FR"},{"@type":"Organization","@id":"https:\/\/newsestlyonnais.fr\/site\/#organization","name":"News EST LYONNAIS","url":"https:\/\/newsestlyonnais.fr\/site\/","logo":{"@type":"ImageObject","inLanguage":"fr-FR","@id":"https:\/\/newsestlyonnais.fr\/site\/#\/schema\/logo\/image\/","url":"","contentUrl":"","caption":"News EST LYONNAIS"},"image":{"@id":"https:\/\/newsestlyonnais.fr\/site\/#\/schema\/logo\/image\/"}},{"@type":"Person","@id":"https:\/\/newsestlyonnais.fr\/site\/#\/schema\/person\/3230d5615f390bb808365d673001e887","name":"R\u00e9dac. NEWS","sameAs":["http:\/\/www.newsestlyonnais.fr","https:\/\/www.facebook.com\/pascal.oberson.1?fref=ts","https:\/\/fr.linkedin.com\/in\/pascal-oberson-b17045113"],"url":"https:\/\/newsestlyonnais.fr\/site\/author\/nel\/"}]}},"_links":{"self":[{"href":"https:\/\/newsestlyonnais.fr\/site\/wp-json\/wp\/v2\/posts\/198403","targetHints":{"allow":["GET"]}}],"collection":[{"href":"https:\/\/newsestlyonnais.fr\/site\/wp-json\/wp\/v2\/posts"}],"about":[{"href":"https:\/\/newsestlyonnais.fr\/site\/wp-json\/wp\/v2\/types\/post"}],"author":[{"embeddable":true,"href":"https:\/\/newsestlyonnais.fr\/site\/wp-json\/wp\/v2\/users\/4"}],"replies":[{"embeddable":true,"href":"https:\/\/newsestlyonnais.fr\/site\/wp-json\/wp\/v2\/comments?post=198403"}],"version-history":[{"count":0,"href":"https:\/\/newsestlyonnais.fr\/site\/wp-json\/wp\/v2\/posts\/198403\/revisions"}],"wp:featuredmedia":[{"embeddable":true,"href":"https:\/\/newsestlyonnais.fr\/site\/wp-json\/wp\/v2\/media\/101256"}],"wp:attachment":[{"href":"https:\/\/newsestlyonnais.fr\/site\/wp-json\/wp\/v2\/media?parent=198403"}],"wp:term":[{"taxonomy":"category","embeddable":true,"href":"https:\/\/newsestlyonnais.fr\/site\/wp-json\/wp\/v2\/categories?post=198403"},{"taxonomy":"post_tag","embeddable":true,"href":"https:\/\/newsestlyonnais.fr\/site\/wp-json\/wp\/v2\/tags?post=198403"}],"curies":[{"name":"wp","href":"https:\/\/api.w.org\/{rel}","templated":true}]}}