{"id":198509,"date":"2024-01-12T09:15:18","date_gmt":"2024-01-12T08:15:18","guid":{"rendered":"https:\/\/newsestlyonnais.fr\/site\/?p=198509"},"modified":"2024-01-12T09:26:24","modified_gmt":"2024-01-12T08:26:24","slug":"caluire-sept-ateliers-decouvertes-de-la-discipline-positive","status":"publish","type":"post","link":"https:\/\/newsestlyonnais.fr\/site\/2024\/01\/12\/caluire-sept-ateliers-decouvertes-de-la-discipline-positive\/","title":{"rendered":"CALUIRE | Sept ateliers d\u00e9couvertes de la Discipline positive \u00ae"},"content":{"rendered":"<p>\u00c9labor\u00e9e par deux th\u00e9rapeutes familiales am\u00e9ricaines dans les ann\u00e9es 80, <strong>la Discipline positive\u00ae aide les parents \u00e0 d\u00e9velopper les comp\u00e9tences sociales, relationnelles et communicationnelles des enfants.<\/strong><\/p>\n<p>Elle pr\u00f4ne la bienveillance, la fermet\u00e9 et repose sur sept principes : bienveillance, encouragement, enseignement des comp\u00e9tences sociales et relationnelles, coop\u00e9ration, \u00e9tablissement de limites claires et respectueuses, r\u00e9solution de probl\u00e8mes ensemble, apprentissage par l\u2019erreur.<br \/>\nGr\u00e2ce \u00e0 des activit\u00e9s interactives et exp\u00e9rientielles (jeux de r\u00f4le, mises en situation), les participants aux ateliers pourront r\u00e9fl\u00e9chir sur leur posture de parent, mieux comprendre leur enfant et d\u00e9coder ses comportements, mais aussi pratiquer une autorit\u00e9 bienveillante.<\/p>\n<hr \/>\n<p><span style=\"background-color: #000000; color: #ffffff; font-size: 14pt;\"><strong>Maison de la parentalit\u00e9, 19 Mont\u00e9e des Forts \/ de 9 h 30 \u00e0 12 h<\/strong><\/span><\/p>\n<p><strong>Samedi 13 janvier 2024<\/strong><br \/>\nAtelier 1 : Pr\u00e9sentation du dispositif et cr\u00e9ation du cadre de coop\u00e9ration<\/p>\n<p><strong>Samedi 20 janvier 2024<\/strong><br \/>\nAtelier 2 : Concept de fermet\u00e9 et de bienveillance<\/p>\n<p><strong>Samedi 27 janvier 2024<\/strong><br \/>\nAtelier 3 : Changer de regard sur les comportements<\/p>\n<p><strong>Samedi 10 f\u00e9vrier 2024<\/strong><br \/>\nAtelier 4 : Recherche de solutions de coop\u00e9ration<\/p>\n<p><strong>Samedi 9 mars 2024<\/strong><br \/>\nAtelier 5 : Gestion des conflits, r\u00f4le des \u00e9motions, fonctionnement du cerveau<\/p>\n<p><strong>Samedi 16 mars 2024<\/strong><br \/>\nAtelier 6 : Se comprendre, construire ensemble, recherche de solutions<\/p>\n<p><strong>Samedi 23 mars 2024<\/strong><br \/>\nAtelier 7 : Bilan, le continuum du changement<\/p>\n<hr \/>\n<p><strong>Ateliers r\u00e9serv\u00e9s aux Caluirards <\/strong><\/p>\n<p><strong>Inscription obligatoire pour tous les ateliers : <span style=\"font-size: 10pt;\"><a href=\"mailto:maisonparentalite@ville-caluire.fr\"><span style=\"color: #0000ff;\">maisonparentalite@ville-caluire.fr<\/span><\/a><\/span><\/strong><\/p>\n<hr \/>\n<hr \/>\n<p>&nbsp;<\/p>\n","protected":false},"excerpt":{"rendered":"<p>R\u00e9serv\u00e9s aux Caluirards, ils se d\u00e9rouleront de janvier \u00e0 mars, sur la th\u00e9matique \u201cS\u2019outiller pour \u00e9duquer : les outils de l\u2019autorit\u00e9 bienveillante\u201d.<\/p>\n","protected":false},"author":4,"featured_media":198513,"comment_status":"open","ping_status":"open","sticky":false,"template":"","format":"standard","meta":{"footnotes":""},"categories":[1620,4152,4948,18],"tags":[3670,2337],"class_list":["post-198509","post","type-post","status-publish","format-standard","has-post-thumbnail","hentry","category-caluire","category-caluire-rillieux-la-pape","category-que-de-breves","category-sante-bien-etre-solidarite","tag-atelier","tag-caluire"],"yoast_head":"<!-- This site is optimized with the Yoast SEO plugin v27.2 - https:\/\/yoast.com\/product\/yoast-seo-wordpress\/ -->\n<title>CALUIRE | Sept ateliers d\u00e9couvertes de la Discipline positive \u00ae - News Est Lyonnais<\/title>\n<meta name=\"description\" content=\"CALUIRE | Sept ateliers d\u00e9couvertes de la Discipline positive \u00ae\" \/>\n<meta name=\"robots\" content=\"index, follow, max-snippet:-1, max-image-preview:large, max-video-preview:-1\" \/>\n<link rel=\"canonical\" href=\"https:\/\/newsestlyonnais.fr\/site\/2024\/01\/12\/caluire-sept-ateliers-decouvertes-de-la-discipline-positive\/\" \/>\n<meta property=\"og:locale\" content=\"fr_FR\" \/>\n<meta property=\"og:type\" content=\"article\" \/>\n<meta property=\"og:title\" content=\"CALUIRE | Sept ateliers d\u00e9couvertes de la Discipline positive \u00ae - News Est Lyonnais\" \/>\n<meta property=\"og:description\" content=\"CALUIRE | Sept ateliers d\u00e9couvertes de la Discipline positive \u00ae\" \/>\n<meta property=\"og:url\" content=\"https:\/\/newsestlyonnais.fr\/site\/2024\/01\/12\/caluire-sept-ateliers-decouvertes-de-la-discipline-positive\/\" \/>\n<meta property=\"og:site_name\" content=\"News Est Lyonnais\" \/>\n<meta property=\"article:author\" content=\"https:\/\/www.facebook.com\/pascal.oberson.1?fref=ts\" \/>\n<meta property=\"article:published_time\" content=\"2024-01-12T08:15:18+00:00\" \/>\n<meta property=\"article:modified_time\" content=\"2024-01-12T08:26:24+00:00\" \/>\n<meta property=\"og:image\" content=\"https:\/\/newsestlyonnais.fr\/site\/wp-content\/uploads\/2024\/01\/20220519_135418.jpg\" \/>\n\t<meta property=\"og:image:width\" content=\"1200\" \/>\n\t<meta property=\"og:image:height\" content=\"675\" \/>\n\t<meta property=\"og:image:type\" content=\"image\/jpeg\" \/>\n<meta name=\"author\" content=\"R\u00e9dac. NEWS\" \/>\n<meta name=\"twitter:card\" content=\"summary_large_image\" \/>\n<meta name=\"twitter:label1\" content=\"\u00c9crit par\" \/>\n\t<meta name=\"twitter:data1\" content=\"R\u00e9dac. NEWS\" \/>\n\t<meta name=\"twitter:label2\" content=\"Dur\u00e9e de lecture estim\u00e9e\" \/>\n\t<meta name=\"twitter:data2\" content=\"2 minutes\" \/>\n<script type=\"application\/ld+json\" class=\"yoast-schema-graph\">{\"@context\":\"https:\/\/schema.org\",\"@graph\":[{\"@type\":\"Article\",\"@id\":\"https:\/\/newsestlyonnais.fr\/site\/2024\/01\/12\/caluire-sept-ateliers-decouvertes-de-la-discipline-positive\/#article\",\"isPartOf\":{\"@id\":\"https:\/\/newsestlyonnais.fr\/site\/2024\/01\/12\/caluire-sept-ateliers-decouvertes-de-la-discipline-positive\/\"},\"author\":{\"name\":\"R\u00e9dac. NEWS\",\"@id\":\"https:\/\/newsestlyonnais.fr\/site\/#\/schema\/person\/3230d5615f390bb808365d673001e887\"},\"headline\":\"CALUIRE | Sept ateliers d\u00e9couvertes de la Discipline positive \u00ae\",\"datePublished\":\"2024-01-12T08:15:18+00:00\",\"dateModified\":\"2024-01-12T08:26:24+00:00\",\"mainEntityOfPage\":{\"@id\":\"https:\/\/newsestlyonnais.fr\/site\/2024\/01\/12\/caluire-sept-ateliers-decouvertes-de-la-discipline-positive\/\"},\"wordCount\":223,\"commentCount\":0,\"publisher\":{\"@id\":\"https:\/\/newsestlyonnais.fr\/site\/#organization\"},\"image\":{\"@id\":\"https:\/\/newsestlyonnais.fr\/site\/2024\/01\/12\/caluire-sept-ateliers-decouvertes-de-la-discipline-positive\/#primaryimage\"},\"thumbnailUrl\":\"https:\/\/newsestlyonnais.fr\/site\/wp-content\/uploads\/2024\/01\/20220519_135418.jpg\",\"keywords\":[\"ATELIER\",\"CALUIRE\"],\"articleSection\":[\"Caluire\",\"CALUIRE | RILLIEUX LA PAPE\",\"Que de br\u00e8ves ...\",\"Sant\u00e9 | Bien Etre | Solidarit\u00e9\"],\"inLanguage\":\"fr-FR\",\"potentialAction\":[{\"@type\":\"CommentAction\",\"name\":\"Comment\",\"target\":[\"https:\/\/newsestlyonnais.fr\/site\/2024\/01\/12\/caluire-sept-ateliers-decouvertes-de-la-discipline-positive\/#respond\"]}]},{\"@type\":\"WebPage\",\"@id\":\"https:\/\/newsestlyonnais.fr\/site\/2024\/01\/12\/caluire-sept-ateliers-decouvertes-de-la-discipline-positive\/\",\"url\":\"https:\/\/newsestlyonnais.fr\/site\/2024\/01\/12\/caluire-sept-ateliers-decouvertes-de-la-discipline-positive\/\",\"name\":\"CALUIRE | Sept ateliers d\u00e9couvertes de la Discipline positive \u00ae - News Est Lyonnais\",\"isPartOf\":{\"@id\":\"https:\/\/newsestlyonnais.fr\/site\/#website\"},\"primaryImageOfPage\":{\"@id\":\"https:\/\/newsestlyonnais.fr\/site\/2024\/01\/12\/caluire-sept-ateliers-decouvertes-de-la-discipline-positive\/#primaryimage\"},\"image\":{\"@id\":\"https:\/\/newsestlyonnais.fr\/site\/2024\/01\/12\/caluire-sept-ateliers-decouvertes-de-la-discipline-positive\/#primaryimage\"},\"thumbnailUrl\":\"https:\/\/newsestlyonnais.fr\/site\/wp-content\/uploads\/2024\/01\/20220519_135418.jpg\",\"datePublished\":\"2024-01-12T08:15:18+00:00\",\"dateModified\":\"2024-01-12T08:26:24+00:00\",\"description\":\"CALUIRE | Sept ateliers d\u00e9couvertes de la Discipline positive \u00ae\",\"breadcrumb\":{\"@id\":\"https:\/\/newsestlyonnais.fr\/site\/2024\/01\/12\/caluire-sept-ateliers-decouvertes-de-la-discipline-positive\/#breadcrumb\"},\"inLanguage\":\"fr-FR\",\"potentialAction\":[{\"@type\":\"ReadAction\",\"target\":[\"https:\/\/newsestlyonnais.fr\/site\/2024\/01\/12\/caluire-sept-ateliers-decouvertes-de-la-discipline-positive\/\"]}]},{\"@type\":\"ImageObject\",\"inLanguage\":\"fr-FR\",\"@id\":\"https:\/\/newsestlyonnais.fr\/site\/2024\/01\/12\/caluire-sept-ateliers-decouvertes-de-la-discipline-positive\/#primaryimage\",\"url\":\"https:\/\/newsestlyonnais.fr\/site\/wp-content\/uploads\/2024\/01\/20220519_135418.jpg\",\"contentUrl\":\"https:\/\/newsestlyonnais.fr\/site\/wp-content\/uploads\/2024\/01\/20220519_135418.jpg\",\"width\":1200,\"height\":675},{\"@type\":\"BreadcrumbList\",\"@id\":\"https:\/\/newsestlyonnais.fr\/site\/2024\/01\/12\/caluire-sept-ateliers-decouvertes-de-la-discipline-positive\/#breadcrumb\",\"itemListElement\":[{\"@type\":\"ListItem\",\"position\":1,\"name\":\"Accueil\",\"item\":\"https:\/\/newsestlyonnais.fr\/site\/\"},{\"@type\":\"ListItem\",\"position\":2,\"name\":\"CALUIRE | Sept ateliers d\u00e9couvertes de la Discipline positive \u00ae\"}]},{\"@type\":\"WebSite\",\"@id\":\"https:\/\/newsestlyonnais.fr\/site\/#website\",\"url\":\"https:\/\/newsestlyonnais.fr\/site\/\",\"name\":\"News Est Lyonnais\",\"description\":\"L&#039;actualit\u00e9 au plus pr\u00e8s\",\"publisher\":{\"@id\":\"https:\/\/newsestlyonnais.fr\/site\/#organization\"},\"potentialAction\":[{\"@type\":\"SearchAction\",\"target\":{\"@type\":\"EntryPoint\",\"urlTemplate\":\"https:\/\/newsestlyonnais.fr\/site\/?s={search_term_string}\"},\"query-input\":{\"@type\":\"PropertyValueSpecification\",\"valueRequired\":true,\"valueName\":\"search_term_string\"}}],\"inLanguage\":\"fr-FR\"},{\"@type\":\"Organization\",\"@id\":\"https:\/\/newsestlyonnais.fr\/site\/#organization\",\"name\":\"News EST LYONNAIS\",\"url\":\"https:\/\/newsestlyonnais.fr\/site\/\",\"logo\":{\"@type\":\"ImageObject\",\"inLanguage\":\"fr-FR\",\"@id\":\"https:\/\/newsestlyonnais.fr\/site\/#\/schema\/logo\/image\/\",\"url\":\"\",\"contentUrl\":\"\",\"caption\":\"News EST LYONNAIS\"},\"image\":{\"@id\":\"https:\/\/newsestlyonnais.fr\/site\/#\/schema\/logo\/image\/\"}},{\"@type\":\"Person\",\"@id\":\"https:\/\/newsestlyonnais.fr\/site\/#\/schema\/person\/3230d5615f390bb808365d673001e887\",\"name\":\"R\u00e9dac. NEWS\",\"sameAs\":[\"http:\/\/www.newsestlyonnais.fr\",\"https:\/\/www.facebook.com\/pascal.oberson.1?fref=ts\",\"https:\/\/fr.linkedin.com\/in\/pascal-oberson-b17045113\"],\"url\":\"https:\/\/newsestlyonnais.fr\/site\/author\/nel\/\"}]}<\/script>\n<!-- \/ Yoast SEO plugin. -->","yoast_head_json":{"title":"CALUIRE | Sept ateliers d\u00e9couvertes de la Discipline positive \u00ae - News Est Lyonnais","description":"CALUIRE | Sept ateliers d\u00e9couvertes de la Discipline positive \u00ae","robots":{"index":"index","follow":"follow","max-snippet":"max-snippet:-1","max-image-preview":"max-image-preview:large","max-video-preview":"max-video-preview:-1"},"canonical":"https:\/\/newsestlyonnais.fr\/site\/2024\/01\/12\/caluire-sept-ateliers-decouvertes-de-la-discipline-positive\/","og_locale":"fr_FR","og_type":"article","og_title":"CALUIRE | Sept ateliers d\u00e9couvertes de la Discipline positive \u00ae - News Est Lyonnais","og_description":"CALUIRE | Sept ateliers d\u00e9couvertes de la Discipline positive \u00ae","og_url":"https:\/\/newsestlyonnais.fr\/site\/2024\/01\/12\/caluire-sept-ateliers-decouvertes-de-la-discipline-positive\/","og_site_name":"News Est Lyonnais","article_author":"https:\/\/www.facebook.com\/pascal.oberson.1?fref=ts","article_published_time":"2024-01-12T08:15:18+00:00","article_modified_time":"2024-01-12T08:26:24+00:00","og_image":[{"width":1200,"height":675,"url":"https:\/\/newsestlyonnais.fr\/site\/wp-content\/uploads\/2024\/01\/20220519_135418.jpg","type":"image\/jpeg"}],"author":"R\u00e9dac. NEWS","twitter_card":"summary_large_image","twitter_misc":{"\u00c9crit par":"R\u00e9dac. NEWS","Dur\u00e9e de lecture estim\u00e9e":"2 minutes"},"schema":{"@context":"https:\/\/schema.org","@graph":[{"@type":"Article","@id":"https:\/\/newsestlyonnais.fr\/site\/2024\/01\/12\/caluire-sept-ateliers-decouvertes-de-la-discipline-positive\/#article","isPartOf":{"@id":"https:\/\/newsestlyonnais.fr\/site\/2024\/01\/12\/caluire-sept-ateliers-decouvertes-de-la-discipline-positive\/"},"author":{"name":"R\u00e9dac. NEWS","@id":"https:\/\/newsestlyonnais.fr\/site\/#\/schema\/person\/3230d5615f390bb808365d673001e887"},"headline":"CALUIRE | Sept ateliers d\u00e9couvertes de la Discipline positive \u00ae","datePublished":"2024-01-12T08:15:18+00:00","dateModified":"2024-01-12T08:26:24+00:00","mainEntityOfPage":{"@id":"https:\/\/newsestlyonnais.fr\/site\/2024\/01\/12\/caluire-sept-ateliers-decouvertes-de-la-discipline-positive\/"},"wordCount":223,"commentCount":0,"publisher":{"@id":"https:\/\/newsestlyonnais.fr\/site\/#organization"},"image":{"@id":"https:\/\/newsestlyonnais.fr\/site\/2024\/01\/12\/caluire-sept-ateliers-decouvertes-de-la-discipline-positive\/#primaryimage"},"thumbnailUrl":"https:\/\/newsestlyonnais.fr\/site\/wp-content\/uploads\/2024\/01\/20220519_135418.jpg","keywords":["ATELIER","CALUIRE"],"articleSection":["Caluire","CALUIRE | RILLIEUX LA PAPE","Que de br\u00e8ves ...","Sant\u00e9 | Bien Etre | Solidarit\u00e9"],"inLanguage":"fr-FR","potentialAction":[{"@type":"CommentAction","name":"Comment","target":["https:\/\/newsestlyonnais.fr\/site\/2024\/01\/12\/caluire-sept-ateliers-decouvertes-de-la-discipline-positive\/#respond"]}]},{"@type":"WebPage","@id":"https:\/\/newsestlyonnais.fr\/site\/2024\/01\/12\/caluire-sept-ateliers-decouvertes-de-la-discipline-positive\/","url":"https:\/\/newsestlyonnais.fr\/site\/2024\/01\/12\/caluire-sept-ateliers-decouvertes-de-la-discipline-positive\/","name":"CALUIRE | Sept ateliers d\u00e9couvertes de la Discipline positive \u00ae - News Est Lyonnais","isPartOf":{"@id":"https:\/\/newsestlyonnais.fr\/site\/#website"},"primaryImageOfPage":{"@id":"https:\/\/newsestlyonnais.fr\/site\/2024\/01\/12\/caluire-sept-ateliers-decouvertes-de-la-discipline-positive\/#primaryimage"},"image":{"@id":"https:\/\/newsestlyonnais.fr\/site\/2024\/01\/12\/caluire-sept-ateliers-decouvertes-de-la-discipline-positive\/#primaryimage"},"thumbnailUrl":"https:\/\/newsestlyonnais.fr\/site\/wp-content\/uploads\/2024\/01\/20220519_135418.jpg","datePublished":"2024-01-12T08:15:18+00:00","dateModified":"2024-01-12T08:26:24+00:00","description":"CALUIRE | Sept ateliers d\u00e9couvertes de la Discipline positive \u00ae","breadcrumb":{"@id":"https:\/\/newsestlyonnais.fr\/site\/2024\/01\/12\/caluire-sept-ateliers-decouvertes-de-la-discipline-positive\/#breadcrumb"},"inLanguage":"fr-FR","potentialAction":[{"@type":"ReadAction","target":["https:\/\/newsestlyonnais.fr\/site\/2024\/01\/12\/caluire-sept-ateliers-decouvertes-de-la-discipline-positive\/"]}]},{"@type":"ImageObject","inLanguage":"fr-FR","@id":"https:\/\/newsestlyonnais.fr\/site\/2024\/01\/12\/caluire-sept-ateliers-decouvertes-de-la-discipline-positive\/#primaryimage","url":"https:\/\/newsestlyonnais.fr\/site\/wp-content\/uploads\/2024\/01\/20220519_135418.jpg","contentUrl":"https:\/\/newsestlyonnais.fr\/site\/wp-content\/uploads\/2024\/01\/20220519_135418.jpg","width":1200,"height":675},{"@type":"BreadcrumbList","@id":"https:\/\/newsestlyonnais.fr\/site\/2024\/01\/12\/caluire-sept-ateliers-decouvertes-de-la-discipline-positive\/#breadcrumb","itemListElement":[{"@type":"ListItem","position":1,"name":"Accueil","item":"https:\/\/newsestlyonnais.fr\/site\/"},{"@type":"ListItem","position":2,"name":"CALUIRE | Sept ateliers d\u00e9couvertes de la Discipline positive \u00ae"}]},{"@type":"WebSite","@id":"https:\/\/newsestlyonnais.fr\/site\/#website","url":"https:\/\/newsestlyonnais.fr\/site\/","name":"News Est Lyonnais","description":"L&#039;actualit\u00e9 au plus pr\u00e8s","publisher":{"@id":"https:\/\/newsestlyonnais.fr\/site\/#organization"},"potentialAction":[{"@type":"SearchAction","target":{"@type":"EntryPoint","urlTemplate":"https:\/\/newsestlyonnais.fr\/site\/?s={search_term_string}"},"query-input":{"@type":"PropertyValueSpecification","valueRequired":true,"valueName":"search_term_string"}}],"inLanguage":"fr-FR"},{"@type":"Organization","@id":"https:\/\/newsestlyonnais.fr\/site\/#organization","name":"News EST LYONNAIS","url":"https:\/\/newsestlyonnais.fr\/site\/","logo":{"@type":"ImageObject","inLanguage":"fr-FR","@id":"https:\/\/newsestlyonnais.fr\/site\/#\/schema\/logo\/image\/","url":"","contentUrl":"","caption":"News EST LYONNAIS"},"image":{"@id":"https:\/\/newsestlyonnais.fr\/site\/#\/schema\/logo\/image\/"}},{"@type":"Person","@id":"https:\/\/newsestlyonnais.fr\/site\/#\/schema\/person\/3230d5615f390bb808365d673001e887","name":"R\u00e9dac. NEWS","sameAs":["http:\/\/www.newsestlyonnais.fr","https:\/\/www.facebook.com\/pascal.oberson.1?fref=ts","https:\/\/fr.linkedin.com\/in\/pascal-oberson-b17045113"],"url":"https:\/\/newsestlyonnais.fr\/site\/author\/nel\/"}]}},"_links":{"self":[{"href":"https:\/\/newsestlyonnais.fr\/site\/wp-json\/wp\/v2\/posts\/198509","targetHints":{"allow":["GET"]}}],"collection":[{"href":"https:\/\/newsestlyonnais.fr\/site\/wp-json\/wp\/v2\/posts"}],"about":[{"href":"https:\/\/newsestlyonnais.fr\/site\/wp-json\/wp\/v2\/types\/post"}],"author":[{"embeddable":true,"href":"https:\/\/newsestlyonnais.fr\/site\/wp-json\/wp\/v2\/users\/4"}],"replies":[{"embeddable":true,"href":"https:\/\/newsestlyonnais.fr\/site\/wp-json\/wp\/v2\/comments?post=198509"}],"version-history":[{"count":0,"href":"https:\/\/newsestlyonnais.fr\/site\/wp-json\/wp\/v2\/posts\/198509\/revisions"}],"wp:featuredmedia":[{"embeddable":true,"href":"https:\/\/newsestlyonnais.fr\/site\/wp-json\/wp\/v2\/media\/198513"}],"wp:attachment":[{"href":"https:\/\/newsestlyonnais.fr\/site\/wp-json\/wp\/v2\/media?parent=198509"}],"wp:term":[{"taxonomy":"category","embeddable":true,"href":"https:\/\/newsestlyonnais.fr\/site\/wp-json\/wp\/v2\/categories?post=198509"},{"taxonomy":"post_tag","embeddable":true,"href":"https:\/\/newsestlyonnais.fr\/site\/wp-json\/wp\/v2\/tags?post=198509"}],"curies":[{"name":"wp","href":"https:\/\/api.w.org\/{rel}","templated":true}]}}