{"id":198547,"date":"2024-01-16T14:59:19","date_gmt":"2024-01-16T13:59:19","guid":{"rendered":"https:\/\/newsestlyonnais.fr\/site\/?p=198547"},"modified":"2024-01-18T08:25:19","modified_gmt":"2024-01-18T07:25:19","slug":"lyon-un-nouveau-record-battu-pour-lyon-gr","status":"publish","type":"post","link":"https:\/\/newsestlyonnais.fr\/site\/2024\/01\/16\/lyon-un-nouveau-record-battu-pour-lyon-gr\/","title":{"rendered":"LYON | Un nouveau record battu pour Lyon GR"},"content":{"rendered":"<ul>\n<li><strong>l\u2019or et un titre de Championne de France<\/strong> en Nat C 10-11 ans pour<strong> Jude Govou<\/strong><\/li>\n<li><strong>l\u2019argent <\/strong>pour<strong> Juliette Brugui\u00e8re<\/strong>, Vice-championne de France en Nat C \u2013 de 17 ans<\/li>\n<li><strong>le bronze <\/strong>pour<strong> Ali\u00e7ia Adamenko<\/strong>, sur la 3\u00b0 marche du podium des Nat C 10-11 ans, un beau doubl\u00e9 d\u2019ailleurs dans cette cat\u00e9gorie !<\/li>\n<\/ul>\n<p>Et ce n\u2019est pas tout, <strong>3 autres gymnastes s\u2019offrent le top 5<\/strong> des classements dans leur cat\u00e9gories :<\/p>\n<ul>\n<li><strong>No\u00e9mie Dijoux<\/strong> : 4\u00b0 \u00e0 0,05 point de la 3\u00b0 place en TF 10\/11 ans<\/li>\n<li><strong>Oriane Scheurer<\/strong> : 5\u00b0 en Nat C + 18 ans<\/li>\n<li><strong>Polina Maramzin<\/strong> : 5\u00b0 en TF 12-13 ans.<\/li>\n<\/ul>\n<p>Apr\u00e8s avoir <strong>qualifi\u00e9 ce d\u00e9but de saison 19 gymnastes aux 2 Championnats de France<\/strong> Individuelles GR, un score historique :<\/p>\n<ul>\n<li>15 gyms ces 13\/14 janvier \u00e0 Boulogne-sur-Mer<\/li>\n<li>4 autres dans 15 jours, les 27 et 28 janvier \u00e0 Villeneuve d\u2019Ascq pour les Nationales A et B.<\/li>\n<\/ul>\n<p><span style=\"background-color: #000000; color: #ffffff;\">Lyon GR devenait ainsi num\u00e9ro 1 national et r\u00e9gional avec ce nombre de qualifi\u00e9es pour ce week-end et num\u00e9ro 1 r\u00e9gional et dans le top 5 national au total de ces 2 comp\u00e9titions !<\/span><\/p>\n<p>Gr\u00e2ce au soutien de la ville de Lyon, qui a install\u00e9 une longe dans son gymnase de pratique \u00e0 St Rambert le 12 janvier dernier pour faciliter les entra\u00eenements acrobatiques, laquelle sera inaugur\u00e9e lors d\u2019une animation gymnique le 31 janvier prochain, de la M\u00e9tropole de Lyon dans les nombreux projets du club et de la R\u00e9gion AURA pour l\u2019acquisition de petit mat\u00e9riel ; fort \u00e9galement d\u2019<strong>un nombre de licenci\u00e9s en augmentation constante, + de 350 cette saison 2023\/2024<\/strong> (une centaine de plus qu\u2019en 2021), d\u2019une section Gymnastique Acrobatique en plein d\u00e9veloppement, de ses 5 entra\u00eeneurs professionnels en GR, GAC et danse et d\u2019une \u00e9quipe dirigeante renforc\u00e9e, le club a, d\u00e8s la saison derni\u00e8re apr\u00e8s les freins de la crise sanitaire, repris son ascension : 1 titre de Championnes de France en Ensemble GR pour son \u00e9quipe de division nationale et 3 titres de Vice-champions de France pour 2 unit\u00e9s Nationales B et pour l\u2019\u00e9quipe F\u00e9d\u00e9rale en Gym Acro permettant au club, dans cette discipline, l\u2019accession au niveau Elite et \u00e0 la Nationale 2 ! Ascension confirm\u00e9e ce d\u00e9but de saison donc avec les qualifications des 19 individuelles GR en Championnats de France et d\u00e9j\u00e0 1 titre et 3 podiums\u2026<\/p>\n<hr \/>\n<p>Lyon GR s\u2019investit par ailleurs au niveau local, national et f\u00e9d\u00e9ral : importante mobilisation sur l\u2019action des Bo\u00eetes de No\u00ebl de la Mairie du 9e ainsi qu\u2019aux illuminations des murs de la Duch\u00e8re \u00e0 l\u2019occasion du 8 d\u00e9cembre, nombreuses d\u00e9monstrations de sa troupe de spectacle, Lyon Acrorytmic Show (L\u2019AS), et de ses gyms lors d\u2019\u00e9v\u00e8nements lyonnais, organisation d\u2019une comp\u00e9tition Interd\u00e9partementale et d\u2019un Challenge Inter-clubs loisirs en mars 2024, de rencontres USEP avec les \u00e9coles du secteur, et des sensibilisations \u00e0 l\u2019inclusion des publics en situation de handicap et \u00e0 la diversit\u00e9 lors de nos stages animations pendant les vacances pour les enfants et jeunes filles non licenci\u00e9s du quartier et gr\u00e2ce aux actions Multigym.<\/p>\n<hr \/>\n<p>Enfin, un <strong>grand rendez-vous cette ann\u00e9e, les 7, 8 et 9 juin 2024 au Palais des Sports de Lyon<\/strong>, que le club co-organisera avec la Convention Gymnique de Lyon : <strong>le Championnat de France Elite de Gymnastique Artistique et Rythmique<\/strong> qui r\u00e9unira les meilleurs gymnastes f\u00e9minines et masculins des \u00e9quipes de France, derni\u00e8re \u00e9tape avant les jeux de Paris 2024 lors de laquelle seront d\u00e9voil\u00e9es les noms des gymnastes f\u00e9minines qui porteront les couleurs de la France aux JO \u00e0 Paris !<\/p>\n<p><span style=\"font-size: 14pt;\"><strong><span style=\"background-color: #000000; color: #ffcc00;\">\u00a0Contact : Site : <span style=\"color: #3366ff;\"><a style=\"color: #3366ff;\" href=\"http:\/\/www.lyongr.fr\">www.lyongr.fr<\/a><\/span> \/ Mail : <span style=\"color: #3366ff;\">lyongr69@gmail.com<\/span> \/ T\u00e9l : <span style=\"color: #3366ff;\">07 49 10 06 99<\/span><\/span><\/strong><\/span><\/p>\n<hr \/>\n<p><span style=\"font-size: 12pt;\"><em><strong>Source<\/strong> : communiqu\u00e9 du club de LYON GR \/ <\/em><\/span><span style=\"font-size: 14pt;\"><span style=\"font-size: 12pt;\"><em><strong>Photo \u00e0 la une<\/strong> : Jude et Alicia sur le podium<\/em><\/span><strong><em><br \/>\n<\/em><\/strong><\/span><\/p>\n<hr \/>\n<div id='gallery-1' class='gallery galleryid-198547 gallery-columns-2 gallery-size-large'><figure class='gallery-item'>\n\t\t\t<div class='gallery-icon portrait'>\n\t\t\t\t<a href='https:\/\/newsestlyonnais.fr\/site\/2024\/01\/16\/lyon-un-nouveau-record-battu-pour-lyon-gr\/lyon-gr_alicia-adamenko-et-jude-govou\/'><img loading=\"lazy\" decoding=\"async\" width=\"431\" height=\"575\" src=\"https:\/\/newsestlyonnais.fr\/site\/wp-content\/uploads\/2024\/01\/LYON-GR_Alicia-Adamenko-et-Jude-Govou.jpg\" class=\"attachment-large size-large\" alt=\"\" aria-describedby=\"gallery-1-198944\" srcset=\"https:\/\/newsestlyonnais.fr\/site\/wp-content\/uploads\/2024\/01\/LYON-GR_Alicia-Adamenko-et-Jude-Govou.jpg 431w, https:\/\/newsestlyonnais.fr\/site\/wp-content\/uploads\/2024\/01\/LYON-GR_Alicia-Adamenko-et-Jude-Govou-400x534.jpg 400w, https:\/\/newsestlyonnais.fr\/site\/wp-content\/uploads\/2024\/01\/LYON-GR_Alicia-Adamenko-et-Jude-Govou-250x334.jpg 250w, https:\/\/newsestlyonnais.fr\/site\/wp-content\/uploads\/2024\/01\/LYON-GR_Alicia-Adamenko-et-Jude-Govou-150x200.jpg 150w, https:\/\/newsestlyonnais.fr\/site\/wp-content\/uploads\/2024\/01\/LYON-GR_Alicia-Adamenko-et-Jude-Govou-50x67.jpg 50w, https:\/\/newsestlyonnais.fr\/site\/wp-content\/uploads\/2024\/01\/LYON-GR_Alicia-Adamenko-et-Jude-Govou-100x133.jpg 100w, https:\/\/newsestlyonnais.fr\/site\/wp-content\/uploads\/2024\/01\/LYON-GR_Alicia-Adamenko-et-Jude-Govou-200x267.jpg 200w, https:\/\/newsestlyonnais.fr\/site\/wp-content\/uploads\/2024\/01\/LYON-GR_Alicia-Adamenko-et-Jude-Govou-300x400.jpg 300w, https:\/\/newsestlyonnais.fr\/site\/wp-content\/uploads\/2024\/01\/LYON-GR_Alicia-Adamenko-et-Jude-Govou-350x467.jpg 350w\" sizes=\"auto, (max-width: 431px) 100vw, 431px\" \/><\/a>\n\t\t\t<\/div>\n\t\t\t\t<figcaption class='wp-caption-text gallery-caption' id='gallery-1-198944'>\n\t\t\t\tAli\u00e7ia Adamenko et Jude Govou\n\t\t\t\t<\/figcaption><\/figure><figure class='gallery-item'>\n\t\t\t<div class='gallery-icon portrait'>\n\t\t\t\t<a href='https:\/\/newsestlyonnais.fr\/site\/2024\/01\/16\/lyon-un-nouveau-record-battu-pour-lyon-gr\/lyon-gr_juliette-burguiere\/'><img loading=\"lazy\" decoding=\"async\" width=\"431\" height=\"575\" src=\"https:\/\/newsestlyonnais.fr\/site\/wp-content\/uploads\/2024\/01\/LYON-GR_Juliette-Burguiere.jpg\" class=\"attachment-large size-large\" alt=\"\" aria-describedby=\"gallery-1-198945\" srcset=\"https:\/\/newsestlyonnais.fr\/site\/wp-content\/uploads\/2024\/01\/LYON-GR_Juliette-Burguiere.jpg 431w, https:\/\/newsestlyonnais.fr\/site\/wp-content\/uploads\/2024\/01\/LYON-GR_Juliette-Burguiere-400x534.jpg 400w, https:\/\/newsestlyonnais.fr\/site\/wp-content\/uploads\/2024\/01\/LYON-GR_Juliette-Burguiere-250x334.jpg 250w, https:\/\/newsestlyonnais.fr\/site\/wp-content\/uploads\/2024\/01\/LYON-GR_Juliette-Burguiere-150x200.jpg 150w, https:\/\/newsestlyonnais.fr\/site\/wp-content\/uploads\/2024\/01\/LYON-GR_Juliette-Burguiere-50x67.jpg 50w, https:\/\/newsestlyonnais.fr\/site\/wp-content\/uploads\/2024\/01\/LYON-GR_Juliette-Burguiere-100x133.jpg 100w, https:\/\/newsestlyonnais.fr\/site\/wp-content\/uploads\/2024\/01\/LYON-GR_Juliette-Burguiere-200x267.jpg 200w, https:\/\/newsestlyonnais.fr\/site\/wp-content\/uploads\/2024\/01\/LYON-GR_Juliette-Burguiere-300x400.jpg 300w\" sizes=\"auto, (max-width: 431px) 100vw, 431px\" \/><\/a>\n\t\t\t<\/div>\n\t\t\t\t<figcaption class='wp-caption-text gallery-caption' id='gallery-1-198945'>\n\t\t\t\tJuliette Burgui\u00e8re\n\t\t\t\t<\/figcaption><\/figure>\n\t\t<\/div>\n\n","protected":false},"excerpt":{"rendered":"<p>Le club lyonnais est revenu du Championnat de France F\u00e9d\u00e9ral et National C Individuelles GR, disput\u00e9 le week-end dernier \u00e0 Boulogne-sur-Mer, avec 3 m\u00e9dailles !<\/p>\n","protected":false},"author":4,"featured_media":198937,"comment_status":"open","ping_status":"open","sticky":false,"template":"","format":"standard","meta":{"footnotes":""},"categories":[1319,1625,2],"tags":[3257,2077,3458],"class_list":["post-198547","post","type-post","status-publish","format-standard","has-post-thumbnail","hentry","category-gymnastique-grs-gv","category-lyon","category-sports","tag-gym","tag-lyon","tag-lyon-gr"],"yoast_head":"<!-- This site is optimized with the Yoast SEO plugin v27.2 - https:\/\/yoast.com\/product\/yoast-seo-wordpress\/ -->\n<title>LYON | Un nouveau record battu pour Lyon GR - News Est Lyonnais<\/title>\n<meta name=\"description\" content=\"LYON | Un nouveau record battu pour Lyon GR\" \/>\n<meta name=\"robots\" content=\"index, follow, max-snippet:-1, max-image-preview:large, max-video-preview:-1\" \/>\n<link rel=\"canonical\" href=\"https:\/\/newsestlyonnais.fr\/site\/2024\/01\/16\/lyon-un-nouveau-record-battu-pour-lyon-gr\/\" \/>\n<meta property=\"og:locale\" content=\"fr_FR\" \/>\n<meta property=\"og:type\" content=\"article\" \/>\n<meta property=\"og:title\" content=\"LYON | Un nouveau record battu pour Lyon GR - News Est Lyonnais\" \/>\n<meta property=\"og:description\" content=\"LYON | Un nouveau record battu pour Lyon GR\" \/>\n<meta property=\"og:url\" content=\"https:\/\/newsestlyonnais.fr\/site\/2024\/01\/16\/lyon-un-nouveau-record-battu-pour-lyon-gr\/\" \/>\n<meta property=\"og:site_name\" content=\"News Est Lyonnais\" \/>\n<meta property=\"article:author\" content=\"https:\/\/www.facebook.com\/pascal.oberson.1?fref=ts\" \/>\n<meta property=\"article:published_time\" content=\"2024-01-16T13:59:19+00:00\" \/>\n<meta property=\"article:modified_time\" content=\"2024-01-18T07:25:19+00:00\" \/>\n<meta property=\"og:image\" content=\"https:\/\/newsestlyonnais.fr\/site\/wp-content\/uploads\/2024\/01\/LYON-GR_Sur-le-podium-Jude-et-Alicia.jpg\" \/>\n\t<meta property=\"og:image:width\" content=\"404\" \/>\n\t<meta property=\"og:image:height\" content=\"352\" \/>\n\t<meta property=\"og:image:type\" content=\"image\/jpeg\" \/>\n<meta name=\"author\" content=\"R\u00e9dac. NEWS\" \/>\n<meta name=\"twitter:card\" content=\"summary_large_image\" \/>\n<meta name=\"twitter:label1\" content=\"\u00c9crit par\" \/>\n\t<meta name=\"twitter:data1\" content=\"R\u00e9dac. NEWS\" \/>\n\t<meta name=\"twitter:label2\" content=\"Dur\u00e9e de lecture estim\u00e9e\" \/>\n\t<meta name=\"twitter:data2\" content=\"4 minutes\" \/>\n<script type=\"application\/ld+json\" class=\"yoast-schema-graph\">{\"@context\":\"https:\/\/schema.org\",\"@graph\":[{\"@type\":\"Article\",\"@id\":\"https:\/\/newsestlyonnais.fr\/site\/2024\/01\/16\/lyon-un-nouveau-record-battu-pour-lyon-gr\/#article\",\"isPartOf\":{\"@id\":\"https:\/\/newsestlyonnais.fr\/site\/2024\/01\/16\/lyon-un-nouveau-record-battu-pour-lyon-gr\/\"},\"author\":{\"name\":\"R\u00e9dac. NEWS\",\"@id\":\"https:\/\/newsestlyonnais.fr\/site\/#\/schema\/person\/3230d5615f390bb808365d673001e887\"},\"headline\":\"LYON | Un nouveau record battu pour Lyon GR\",\"datePublished\":\"2024-01-16T13:59:19+00:00\",\"dateModified\":\"2024-01-18T07:25:19+00:00\",\"mainEntityOfPage\":{\"@id\":\"https:\/\/newsestlyonnais.fr\/site\/2024\/01\/16\/lyon-un-nouveau-record-battu-pour-lyon-gr\/\"},\"wordCount\":628,\"commentCount\":0,\"publisher\":{\"@id\":\"https:\/\/newsestlyonnais.fr\/site\/#organization\"},\"image\":{\"@id\":\"https:\/\/newsestlyonnais.fr\/site\/2024\/01\/16\/lyon-un-nouveau-record-battu-pour-lyon-gr\/#primaryimage\"},\"thumbnailUrl\":\"https:\/\/newsestlyonnais.fr\/site\/wp-content\/uploads\/2024\/01\/LYON-GR_Sur-le-podium-Jude-et-Alicia.jpg\",\"keywords\":[\"GYM\",\"LYON\",\"LYON GR\"],\"articleSection\":[\"Gymnastique | Grs | Gv\",\"Lyon\",\"Sports\"],\"inLanguage\":\"fr-FR\",\"potentialAction\":[{\"@type\":\"CommentAction\",\"name\":\"Comment\",\"target\":[\"https:\/\/newsestlyonnais.fr\/site\/2024\/01\/16\/lyon-un-nouveau-record-battu-pour-lyon-gr\/#respond\"]}]},{\"@type\":\"WebPage\",\"@id\":\"https:\/\/newsestlyonnais.fr\/site\/2024\/01\/16\/lyon-un-nouveau-record-battu-pour-lyon-gr\/\",\"url\":\"https:\/\/newsestlyonnais.fr\/site\/2024\/01\/16\/lyon-un-nouveau-record-battu-pour-lyon-gr\/\",\"name\":\"LYON | Un nouveau record battu pour Lyon GR - News Est Lyonnais\",\"isPartOf\":{\"@id\":\"https:\/\/newsestlyonnais.fr\/site\/#website\"},\"primaryImageOfPage\":{\"@id\":\"https:\/\/newsestlyonnais.fr\/site\/2024\/01\/16\/lyon-un-nouveau-record-battu-pour-lyon-gr\/#primaryimage\"},\"image\":{\"@id\":\"https:\/\/newsestlyonnais.fr\/site\/2024\/01\/16\/lyon-un-nouveau-record-battu-pour-lyon-gr\/#primaryimage\"},\"thumbnailUrl\":\"https:\/\/newsestlyonnais.fr\/site\/wp-content\/uploads\/2024\/01\/LYON-GR_Sur-le-podium-Jude-et-Alicia.jpg\",\"datePublished\":\"2024-01-16T13:59:19+00:00\",\"dateModified\":\"2024-01-18T07:25:19+00:00\",\"description\":\"LYON | Un nouveau record battu pour Lyon GR\",\"breadcrumb\":{\"@id\":\"https:\/\/newsestlyonnais.fr\/site\/2024\/01\/16\/lyon-un-nouveau-record-battu-pour-lyon-gr\/#breadcrumb\"},\"inLanguage\":\"fr-FR\",\"potentialAction\":[{\"@type\":\"ReadAction\",\"target\":[\"https:\/\/newsestlyonnais.fr\/site\/2024\/01\/16\/lyon-un-nouveau-record-battu-pour-lyon-gr\/\"]}]},{\"@type\":\"ImageObject\",\"inLanguage\":\"fr-FR\",\"@id\":\"https:\/\/newsestlyonnais.fr\/site\/2024\/01\/16\/lyon-un-nouveau-record-battu-pour-lyon-gr\/#primaryimage\",\"url\":\"https:\/\/newsestlyonnais.fr\/site\/wp-content\/uploads\/2024\/01\/LYON-GR_Sur-le-podium-Jude-et-Alicia.jpg\",\"contentUrl\":\"https:\/\/newsestlyonnais.fr\/site\/wp-content\/uploads\/2024\/01\/LYON-GR_Sur-le-podium-Jude-et-Alicia.jpg\",\"width\":404,\"height\":352},{\"@type\":\"BreadcrumbList\",\"@id\":\"https:\/\/newsestlyonnais.fr\/site\/2024\/01\/16\/lyon-un-nouveau-record-battu-pour-lyon-gr\/#breadcrumb\",\"itemListElement\":[{\"@type\":\"ListItem\",\"position\":1,\"name\":\"Accueil\",\"item\":\"https:\/\/newsestlyonnais.fr\/site\/\"},{\"@type\":\"ListItem\",\"position\":2,\"name\":\"LYON | Un nouveau record battu pour Lyon GR\"}]},{\"@type\":\"WebSite\",\"@id\":\"https:\/\/newsestlyonnais.fr\/site\/#website\",\"url\":\"https:\/\/newsestlyonnais.fr\/site\/\",\"name\":\"News Est Lyonnais\",\"description\":\"L&#039;actualit\u00e9 au plus pr\u00e8s\",\"publisher\":{\"@id\":\"https:\/\/newsestlyonnais.fr\/site\/#organization\"},\"potentialAction\":[{\"@type\":\"SearchAction\",\"target\":{\"@type\":\"EntryPoint\",\"urlTemplate\":\"https:\/\/newsestlyonnais.fr\/site\/?s={search_term_string}\"},\"query-input\":{\"@type\":\"PropertyValueSpecification\",\"valueRequired\":true,\"valueName\":\"search_term_string\"}}],\"inLanguage\":\"fr-FR\"},{\"@type\":\"Organization\",\"@id\":\"https:\/\/newsestlyonnais.fr\/site\/#organization\",\"name\":\"News EST LYONNAIS\",\"url\":\"https:\/\/newsestlyonnais.fr\/site\/\",\"logo\":{\"@type\":\"ImageObject\",\"inLanguage\":\"fr-FR\",\"@id\":\"https:\/\/newsestlyonnais.fr\/site\/#\/schema\/logo\/image\/\",\"url\":\"\",\"contentUrl\":\"\",\"caption\":\"News EST LYONNAIS\"},\"image\":{\"@id\":\"https:\/\/newsestlyonnais.fr\/site\/#\/schema\/logo\/image\/\"}},{\"@type\":\"Person\",\"@id\":\"https:\/\/newsestlyonnais.fr\/site\/#\/schema\/person\/3230d5615f390bb808365d673001e887\",\"name\":\"R\u00e9dac. NEWS\",\"sameAs\":[\"http:\/\/www.newsestlyonnais.fr\",\"https:\/\/www.facebook.com\/pascal.oberson.1?fref=ts\",\"https:\/\/fr.linkedin.com\/in\/pascal-oberson-b17045113\"],\"url\":\"https:\/\/newsestlyonnais.fr\/site\/author\/nel\/\"}]}<\/script>\n<!-- \/ Yoast SEO plugin. -->","yoast_head_json":{"title":"LYON | Un nouveau record battu pour Lyon GR - News Est Lyonnais","description":"LYON | Un nouveau record battu pour Lyon GR","robots":{"index":"index","follow":"follow","max-snippet":"max-snippet:-1","max-image-preview":"max-image-preview:large","max-video-preview":"max-video-preview:-1"},"canonical":"https:\/\/newsestlyonnais.fr\/site\/2024\/01\/16\/lyon-un-nouveau-record-battu-pour-lyon-gr\/","og_locale":"fr_FR","og_type":"article","og_title":"LYON | Un nouveau record battu pour Lyon GR - News Est Lyonnais","og_description":"LYON | Un nouveau record battu pour Lyon GR","og_url":"https:\/\/newsestlyonnais.fr\/site\/2024\/01\/16\/lyon-un-nouveau-record-battu-pour-lyon-gr\/","og_site_name":"News Est Lyonnais","article_author":"https:\/\/www.facebook.com\/pascal.oberson.1?fref=ts","article_published_time":"2024-01-16T13:59:19+00:00","article_modified_time":"2024-01-18T07:25:19+00:00","og_image":[{"width":404,"height":352,"url":"https:\/\/newsestlyonnais.fr\/site\/wp-content\/uploads\/2024\/01\/LYON-GR_Sur-le-podium-Jude-et-Alicia.jpg","type":"image\/jpeg"}],"author":"R\u00e9dac. NEWS","twitter_card":"summary_large_image","twitter_misc":{"\u00c9crit par":"R\u00e9dac. NEWS","Dur\u00e9e de lecture estim\u00e9e":"4 minutes"},"schema":{"@context":"https:\/\/schema.org","@graph":[{"@type":"Article","@id":"https:\/\/newsestlyonnais.fr\/site\/2024\/01\/16\/lyon-un-nouveau-record-battu-pour-lyon-gr\/#article","isPartOf":{"@id":"https:\/\/newsestlyonnais.fr\/site\/2024\/01\/16\/lyon-un-nouveau-record-battu-pour-lyon-gr\/"},"author":{"name":"R\u00e9dac. NEWS","@id":"https:\/\/newsestlyonnais.fr\/site\/#\/schema\/person\/3230d5615f390bb808365d673001e887"},"headline":"LYON | Un nouveau record battu pour Lyon GR","datePublished":"2024-01-16T13:59:19+00:00","dateModified":"2024-01-18T07:25:19+00:00","mainEntityOfPage":{"@id":"https:\/\/newsestlyonnais.fr\/site\/2024\/01\/16\/lyon-un-nouveau-record-battu-pour-lyon-gr\/"},"wordCount":628,"commentCount":0,"publisher":{"@id":"https:\/\/newsestlyonnais.fr\/site\/#organization"},"image":{"@id":"https:\/\/newsestlyonnais.fr\/site\/2024\/01\/16\/lyon-un-nouveau-record-battu-pour-lyon-gr\/#primaryimage"},"thumbnailUrl":"https:\/\/newsestlyonnais.fr\/site\/wp-content\/uploads\/2024\/01\/LYON-GR_Sur-le-podium-Jude-et-Alicia.jpg","keywords":["GYM","LYON","LYON GR"],"articleSection":["Gymnastique | Grs | Gv","Lyon","Sports"],"inLanguage":"fr-FR","potentialAction":[{"@type":"CommentAction","name":"Comment","target":["https:\/\/newsestlyonnais.fr\/site\/2024\/01\/16\/lyon-un-nouveau-record-battu-pour-lyon-gr\/#respond"]}]},{"@type":"WebPage","@id":"https:\/\/newsestlyonnais.fr\/site\/2024\/01\/16\/lyon-un-nouveau-record-battu-pour-lyon-gr\/","url":"https:\/\/newsestlyonnais.fr\/site\/2024\/01\/16\/lyon-un-nouveau-record-battu-pour-lyon-gr\/","name":"LYON | Un nouveau record battu pour Lyon GR - News Est Lyonnais","isPartOf":{"@id":"https:\/\/newsestlyonnais.fr\/site\/#website"},"primaryImageOfPage":{"@id":"https:\/\/newsestlyonnais.fr\/site\/2024\/01\/16\/lyon-un-nouveau-record-battu-pour-lyon-gr\/#primaryimage"},"image":{"@id":"https:\/\/newsestlyonnais.fr\/site\/2024\/01\/16\/lyon-un-nouveau-record-battu-pour-lyon-gr\/#primaryimage"},"thumbnailUrl":"https:\/\/newsestlyonnais.fr\/site\/wp-content\/uploads\/2024\/01\/LYON-GR_Sur-le-podium-Jude-et-Alicia.jpg","datePublished":"2024-01-16T13:59:19+00:00","dateModified":"2024-01-18T07:25:19+00:00","description":"LYON | Un nouveau record battu pour Lyon GR","breadcrumb":{"@id":"https:\/\/newsestlyonnais.fr\/site\/2024\/01\/16\/lyon-un-nouveau-record-battu-pour-lyon-gr\/#breadcrumb"},"inLanguage":"fr-FR","potentialAction":[{"@type":"ReadAction","target":["https:\/\/newsestlyonnais.fr\/site\/2024\/01\/16\/lyon-un-nouveau-record-battu-pour-lyon-gr\/"]}]},{"@type":"ImageObject","inLanguage":"fr-FR","@id":"https:\/\/newsestlyonnais.fr\/site\/2024\/01\/16\/lyon-un-nouveau-record-battu-pour-lyon-gr\/#primaryimage","url":"https:\/\/newsestlyonnais.fr\/site\/wp-content\/uploads\/2024\/01\/LYON-GR_Sur-le-podium-Jude-et-Alicia.jpg","contentUrl":"https:\/\/newsestlyonnais.fr\/site\/wp-content\/uploads\/2024\/01\/LYON-GR_Sur-le-podium-Jude-et-Alicia.jpg","width":404,"height":352},{"@type":"BreadcrumbList","@id":"https:\/\/newsestlyonnais.fr\/site\/2024\/01\/16\/lyon-un-nouveau-record-battu-pour-lyon-gr\/#breadcrumb","itemListElement":[{"@type":"ListItem","position":1,"name":"Accueil","item":"https:\/\/newsestlyonnais.fr\/site\/"},{"@type":"ListItem","position":2,"name":"LYON | Un nouveau record battu pour Lyon GR"}]},{"@type":"WebSite","@id":"https:\/\/newsestlyonnais.fr\/site\/#website","url":"https:\/\/newsestlyonnais.fr\/site\/","name":"News Est Lyonnais","description":"L&#039;actualit\u00e9 au plus pr\u00e8s","publisher":{"@id":"https:\/\/newsestlyonnais.fr\/site\/#organization"},"potentialAction":[{"@type":"SearchAction","target":{"@type":"EntryPoint","urlTemplate":"https:\/\/newsestlyonnais.fr\/site\/?s={search_term_string}"},"query-input":{"@type":"PropertyValueSpecification","valueRequired":true,"valueName":"search_term_string"}}],"inLanguage":"fr-FR"},{"@type":"Organization","@id":"https:\/\/newsestlyonnais.fr\/site\/#organization","name":"News EST LYONNAIS","url":"https:\/\/newsestlyonnais.fr\/site\/","logo":{"@type":"ImageObject","inLanguage":"fr-FR","@id":"https:\/\/newsestlyonnais.fr\/site\/#\/schema\/logo\/image\/","url":"","contentUrl":"","caption":"News EST LYONNAIS"},"image":{"@id":"https:\/\/newsestlyonnais.fr\/site\/#\/schema\/logo\/image\/"}},{"@type":"Person","@id":"https:\/\/newsestlyonnais.fr\/site\/#\/schema\/person\/3230d5615f390bb808365d673001e887","name":"R\u00e9dac. NEWS","sameAs":["http:\/\/www.newsestlyonnais.fr","https:\/\/www.facebook.com\/pascal.oberson.1?fref=ts","https:\/\/fr.linkedin.com\/in\/pascal-oberson-b17045113"],"url":"https:\/\/newsestlyonnais.fr\/site\/author\/nel\/"}]}},"_links":{"self":[{"href":"https:\/\/newsestlyonnais.fr\/site\/wp-json\/wp\/v2\/posts\/198547","targetHints":{"allow":["GET"]}}],"collection":[{"href":"https:\/\/newsestlyonnais.fr\/site\/wp-json\/wp\/v2\/posts"}],"about":[{"href":"https:\/\/newsestlyonnais.fr\/site\/wp-json\/wp\/v2\/types\/post"}],"author":[{"embeddable":true,"href":"https:\/\/newsestlyonnais.fr\/site\/wp-json\/wp\/v2\/users\/4"}],"replies":[{"embeddable":true,"href":"https:\/\/newsestlyonnais.fr\/site\/wp-json\/wp\/v2\/comments?post=198547"}],"version-history":[{"count":0,"href":"https:\/\/newsestlyonnais.fr\/site\/wp-json\/wp\/v2\/posts\/198547\/revisions"}],"wp:featuredmedia":[{"embeddable":true,"href":"https:\/\/newsestlyonnais.fr\/site\/wp-json\/wp\/v2\/media\/198937"}],"wp:attachment":[{"href":"https:\/\/newsestlyonnais.fr\/site\/wp-json\/wp\/v2\/media?parent=198547"}],"wp:term":[{"taxonomy":"category","embeddable":true,"href":"https:\/\/newsestlyonnais.fr\/site\/wp-json\/wp\/v2\/categories?post=198547"},{"taxonomy":"post_tag","embeddable":true,"href":"https:\/\/newsestlyonnais.fr\/site\/wp-json\/wp\/v2\/tags?post=198547"}],"curies":[{"name":"wp","href":"https:\/\/api.w.org\/{rel}","templated":true}]}}