{"id":199123,"date":"2024-01-18T11:04:04","date_gmt":"2024-01-18T10:04:04","guid":{"rendered":"https:\/\/newsestlyonnais.fr\/site\/?p=199123"},"modified":"2024-01-26T15:41:49","modified_gmt":"2024-01-26T14:41:49","slug":"le-fil-infos-hebdo-sports-2","status":"publish","type":"post","link":"https:\/\/newsestlyonnais.fr\/site\/2024\/01\/18\/le-fil-infos-hebdo-sports-2\/","title":{"rendered":"LE FIL INFOS HEBDO \u00ab SPORTS \u00bb"},"content":{"rendered":"<p style=\"text-align: center;\"><span style=\"font-size: 18pt; background-color: #000000; color: #ffcc00;\"><strong>COURSE A PIED <\/strong><\/span><\/p>\n<p><strong><img loading=\"lazy\" decoding=\"async\" class=\"alignleft wp-image-199129 size-thumbnail\" src=\"https:\/\/newsestlyonnais.fr\/site\/wp-content\/uploads\/2024\/01\/413838483_380298714525205_957725660386512213_n-250x93.jpg\" alt=\"\" width=\"150\" height=\"56\" data-attachment-id=\"198436\" data-permalink=\"https:\/\/newsestlyonnais.fr\/site\/2024\/01\/11\/le-fil-infos-hebdo-sports\/416054602_24658331967143422_5191586605293461890_n\/\" data-orig-file=\"https:\/\/newsestlyonnais.fr\/site\/wp-content\/uploads\/2024\/01\/416054602_24658331967143422_5191586605293461890_n.jpg\" data-orig-size=\"1200,686\" data-comments-opened=\"1\" data-image-meta=\"{&quot;aperture&quot;:&quot;0&quot;,&quot;credit&quot;:&quot;&quot;,&quot;camera&quot;:&quot;&quot;,&quot;caption&quot;:&quot;&quot;,&quot;created_timestamp&quot;:&quot;0&quot;,&quot;copyright&quot;:&quot;&quot;,&quot;focal_length&quot;:&quot;0&quot;,&quot;iso&quot;:&quot;0&quot;,&quot;shutter_speed&quot;:&quot;0&quot;,&quot;title&quot;:&quot;&quot;,&quot;orientation&quot;:&quot;0&quot;}\" data-image-title=\"416054602_24658331967143422_5191586605293461890_n\" data-image-description=\"\" data-image-caption=\"\" data-medium-file=\"https:\/\/newsestlyonnais.fr\/site\/wp-content\/uploads\/2024\/01\/416054602_24658331967143422_5191586605293461890_n-400x229.jpg\" data-large-file=\"https:\/\/newsestlyonnais.fr\/site\/wp-content\/uploads\/2024\/01\/416054602_24658331967143422_5191586605293461890_n-650x372.jpg\" srcset=\"https:\/\/newsestlyonnais.fr\/site\/wp-content\/uploads\/2024\/01\/413838483_380298714525205_957725660386512213_n-250x93.jpg 250w, https:\/\/newsestlyonnais.fr\/site\/wp-content\/uploads\/2024\/01\/413838483_380298714525205_957725660386512213_n-400x148.jpg 400w, https:\/\/newsestlyonnais.fr\/site\/wp-content\/uploads\/2024\/01\/413838483_380298714525205_957725660386512213_n-650x241.jpg 650w, https:\/\/newsestlyonnais.fr\/site\/wp-content\/uploads\/2024\/01\/413838483_380298714525205_957725660386512213_n-768x284.jpg 768w, https:\/\/newsestlyonnais.fr\/site\/wp-content\/uploads\/2024\/01\/413838483_380298714525205_957725660386512213_n-150x56.jpg 150w, https:\/\/newsestlyonnais.fr\/site\/wp-content\/uploads\/2024\/01\/413838483_380298714525205_957725660386512213_n-50x19.jpg 50w, https:\/\/newsestlyonnais.fr\/site\/wp-content\/uploads\/2024\/01\/413838483_380298714525205_957725660386512213_n-100x37.jpg 100w, https:\/\/newsestlyonnais.fr\/site\/wp-content\/uploads\/2024\/01\/413838483_380298714525205_957725660386512213_n-200x74.jpg 200w, https:\/\/newsestlyonnais.fr\/site\/wp-content\/uploads\/2024\/01\/413838483_380298714525205_957725660386512213_n-300x111.jpg 300w, https:\/\/newsestlyonnais.fr\/site\/wp-content\/uploads\/2024\/01\/413838483_380298714525205_957725660386512213_n-350x130.jpg 350w, https:\/\/newsestlyonnais.fr\/site\/wp-content\/uploads\/2024\/01\/413838483_380298714525205_957725660386512213_n-450x167.jpg 450w, https:\/\/newsestlyonnais.fr\/site\/wp-content\/uploads\/2024\/01\/413838483_380298714525205_957725660386512213_n-500x185.jpg 500w, https:\/\/newsestlyonnais.fr\/site\/wp-content\/uploads\/2024\/01\/413838483_380298714525205_957725660386512213_n-550x204.jpg 550w, https:\/\/newsestlyonnais.fr\/site\/wp-content\/uploads\/2024\/01\/413838483_380298714525205_957725660386512213_n-800x296.jpg 800w, https:\/\/newsestlyonnais.fr\/site\/wp-content\/uploads\/2024\/01\/413838483_380298714525205_957725660386512213_n.jpg 851w\" sizes=\"auto, (max-width: 150px) 100vw, 150px\" \/><span style=\"background-color: #000000; color: #ffffff;\">DECINES <\/span><\/strong><\/p>\n<p><strong><span class=\"x193iq5w xeuugli x13faqbe x1vvkbs x1xmvt09 x1lliihq x1s928wv xhkezso x1gmr53x x1cpjm7i x1fgarty x1943h6x xudqn12 x3x7a5m x6prxxf xvq8zen xo1l8bm xzsf02u\" dir=\"auto\">3\u00b0 \u00e9dition du <\/span>D\u00e9ci&rsquo;Run<\/strong> \/ Di<span class=\"x193iq5w xeuugli x13faqbe x1vvkbs x1xmvt09 x1lliihq x1s928wv xhkezso x1gmr53x x1cpjm7i x1fgarty x1943h6x xudqn12 x3x7a5m x6prxxf xvq8zen xo1l8bm xzsf02u\" dir=\"auto\">manche 6 avril 2024. <a href=\"https:\/\/inscriptions-terrederunning.com\/decirundecines2024\/select_competition\"><span style=\"color: #0000ff;\"><strong>Inscriptions ouvertes<\/strong><\/span><\/a>.<br \/>\n<\/span><\/p>\n<p><span style=\"color: #ffffff; background-color: #000000;\"><img loading=\"lazy\" decoding=\"async\" class=\"alignleft size-thumbnail wp-image-199132\" src=\"https:\/\/newsestlyonnais.fr\/site\/wp-content\/uploads\/2024\/01\/409004173_122113995956114453_7881595332170358687_n-250x356.jpg\" alt=\"\" width=\"105\" height=\"150\" srcset=\"https:\/\/newsestlyonnais.fr\/site\/wp-content\/uploads\/2024\/01\/409004173_122113995956114453_7881595332170358687_n-250x356.jpg 250w, https:\/\/newsestlyonnais.fr\/site\/wp-content\/uploads\/2024\/01\/409004173_122113995956114453_7881595332170358687_n-400x570.jpg 400w, https:\/\/newsestlyonnais.fr\/site\/wp-content\/uploads\/2024\/01\/409004173_122113995956114453_7881595332170358687_n-650x927.jpg 650w, https:\/\/newsestlyonnais.fr\/site\/wp-content\/uploads\/2024\/01\/409004173_122113995956114453_7881595332170358687_n-150x214.jpg 150w, https:\/\/newsestlyonnais.fr\/site\/wp-content\/uploads\/2024\/01\/409004173_122113995956114453_7881595332170358687_n-50x71.jpg 50w, https:\/\/newsestlyonnais.fr\/site\/wp-content\/uploads\/2024\/01\/409004173_122113995956114453_7881595332170358687_n-100x143.jpg 100w, https:\/\/newsestlyonnais.fr\/site\/wp-content\/uploads\/2024\/01\/409004173_122113995956114453_7881595332170358687_n-200x285.jpg 200w, https:\/\/newsestlyonnais.fr\/site\/wp-content\/uploads\/2024\/01\/409004173_122113995956114453_7881595332170358687_n-300x428.jpg 300w, https:\/\/newsestlyonnais.fr\/site\/wp-content\/uploads\/2024\/01\/409004173_122113995956114453_7881595332170358687_n-350x499.jpg 350w, https:\/\/newsestlyonnais.fr\/site\/wp-content\/uploads\/2024\/01\/409004173_122113995956114453_7881595332170358687_n-450x642.jpg 450w, https:\/\/newsestlyonnais.fr\/site\/wp-content\/uploads\/2024\/01\/409004173_122113995956114453_7881595332170358687_n-500x713.jpg 500w, https:\/\/newsestlyonnais.fr\/site\/wp-content\/uploads\/2024\/01\/409004173_122113995956114453_7881595332170358687_n-550x784.jpg 550w, https:\/\/newsestlyonnais.fr\/site\/wp-content\/uploads\/2024\/01\/409004173_122113995956114453_7881595332170358687_n.jpg 665w\" sizes=\"auto, (max-width: 105px) 100vw, 105px\" \/><\/span><\/p>\n<p>&nbsp;<\/p>\n<p><span style=\"color: #ffffff; background-color: #000000;\"><strong>SAINT-PRIEST<\/strong><\/span><\/p>\n<p><b>28\u00b0 \u00e9dition<\/b> <strong>des <\/strong><b>Foul\u00e9es San-priotes \/ <\/b>Dimanche 18 F\u00e9vrier 2024. <a href=\"https:\/\/foulees-sanpriotes.fr\"><strong><span style=\"color: #0000ff;\">+ d&rsquo;infos<\/span><\/strong><\/a>.<\/p>\n<hr \/>\n<p style=\"text-align: center;\"><span style=\"background-color: #000000; color: #ffcc00;\"><strong><span style=\"font-size: 18pt; background-color: #000000;\">FOOT<\/span><\/strong><\/span><\/p>\n<p><span class=\"x193iq5w xeuugli x13faqbe x1vvkbs x1xmvt09 x1lliihq x1s928wv xhkezso x1gmr53x x1cpjm7i x1fgarty x1943h6x xudqn12 x3x7a5m x6prxxf xvq8zen xo1l8bm xzsf02u x1yc453h\" dir=\"auto\"><img loading=\"lazy\" decoding=\"async\" class=\"alignleft size-thumbnail wp-image-199200\" src=\"https:\/\/newsestlyonnais.fr\/site\/wp-content\/uploads\/2024\/01\/419734184_354635730614370_7797009447862070756_n-250x210.jpg\" alt=\"\" width=\"150\" height=\"126\" srcset=\"https:\/\/newsestlyonnais.fr\/site\/wp-content\/uploads\/2024\/01\/419734184_354635730614370_7797009447862070756_n-250x210.jpg 250w, https:\/\/newsestlyonnais.fr\/site\/wp-content\/uploads\/2024\/01\/419734184_354635730614370_7797009447862070756_n-400x335.jpg 400w, https:\/\/newsestlyonnais.fr\/site\/wp-content\/uploads\/2024\/01\/419734184_354635730614370_7797009447862070756_n-650x545.jpg 650w, https:\/\/newsestlyonnais.fr\/site\/wp-content\/uploads\/2024\/01\/419734184_354635730614370_7797009447862070756_n-768x644.jpg 768w, https:\/\/newsestlyonnais.fr\/site\/wp-content\/uploads\/2024\/01\/419734184_354635730614370_7797009447862070756_n-150x126.jpg 150w, https:\/\/newsestlyonnais.fr\/site\/wp-content\/uploads\/2024\/01\/419734184_354635730614370_7797009447862070756_n-50x42.jpg 50w, https:\/\/newsestlyonnais.fr\/site\/wp-content\/uploads\/2024\/01\/419734184_354635730614370_7797009447862070756_n-100x84.jpg 100w, https:\/\/newsestlyonnais.fr\/site\/wp-content\/uploads\/2024\/01\/419734184_354635730614370_7797009447862070756_n-200x168.jpg 200w, https:\/\/newsestlyonnais.fr\/site\/wp-content\/uploads\/2024\/01\/419734184_354635730614370_7797009447862070756_n-300x251.jpg 300w, https:\/\/newsestlyonnais.fr\/site\/wp-content\/uploads\/2024\/01\/419734184_354635730614370_7797009447862070756_n-350x293.jpg 350w, https:\/\/newsestlyonnais.fr\/site\/wp-content\/uploads\/2024\/01\/419734184_354635730614370_7797009447862070756_n-450x377.jpg 450w, https:\/\/newsestlyonnais.fr\/site\/wp-content\/uploads\/2024\/01\/419734184_354635730614370_7797009447862070756_n-500x419.jpg 500w, https:\/\/newsestlyonnais.fr\/site\/wp-content\/uploads\/2024\/01\/419734184_354635730614370_7797009447862070756_n-550x461.jpg 550w, https:\/\/newsestlyonnais.fr\/site\/wp-content\/uploads\/2024\/01\/419734184_354635730614370_7797009447862070756_n-800x671.jpg 800w, https:\/\/newsestlyonnais.fr\/site\/wp-content\/uploads\/2024\/01\/419734184_354635730614370_7797009447862070756_n.jpg 940w\" sizes=\"auto, (max-width: 150px) 100vw, 150px\" \/><\/span><\/p>\n<p><strong><span style=\"background-color: #000000; color: #ffffff;\">VILLEURBANNE<\/span><\/strong><\/p>\n<p><span class=\"x193iq5w xeuugli x13faqbe x1vvkbs x1xmvt09 x1lliihq x1s928wv xhkezso x1gmr53x x1cpjm7i x1fgarty x1943h6x xudqn12 x3x7a5m x6prxxf xvq8zen xo1l8bm xzsf02u x1yc453h\" dir=\"auto\"><span style=\"color: #0000ff;\"><a style=\"color: #0000ff;\" href=\"https:\/\/www.facebook.com\/search\/top\/?q=JACSM\"><strong>Village Lyon CAN Zone 2024<\/strong><\/a><\/span>, initiative n\u00e9e du partenariat d&rsquo;une dizaine d&rsquo;associations de la diaspora africaine et de l&rsquo;entreprise Villa69Events, permet de vivre tous les matchs de la CAN dans une ambiance conviviale \u00e0 l&rsquo;Espace Galline. <\/span><\/p>\n<hr \/>\n<p style=\"text-align: center;\"><span style=\"background-color: #000000; color: #ffcc00;\"><strong><span style=\"font-size: 18pt; background-color: #000000;\">GYMNASTIQUE<\/span><\/strong><\/span><\/p>\n<p class=\"entry-title post-title\"><strong><span style=\"background-color: #000000; color: #ffffff;\"><img loading=\"lazy\" decoding=\"async\" class=\"alignleft size-thumbnail wp-image-198937\" src=\"https:\/\/newsestlyonnais.fr\/site\/wp-content\/uploads\/2024\/01\/LYON-GR_Sur-le-podium-Jude-et-Alicia-250x218.jpg\" alt=\"\" width=\"150\" height=\"131\" srcset=\"https:\/\/newsestlyonnais.fr\/site\/wp-content\/uploads\/2024\/01\/LYON-GR_Sur-le-podium-Jude-et-Alicia-250x218.jpg 250w, https:\/\/newsestlyonnais.fr\/site\/wp-content\/uploads\/2024\/01\/LYON-GR_Sur-le-podium-Jude-et-Alicia-400x349.jpg 400w, https:\/\/newsestlyonnais.fr\/site\/wp-content\/uploads\/2024\/01\/LYON-GR_Sur-le-podium-Jude-et-Alicia-150x131.jpg 150w, https:\/\/newsestlyonnais.fr\/site\/wp-content\/uploads\/2024\/01\/LYON-GR_Sur-le-podium-Jude-et-Alicia-50x44.jpg 50w, https:\/\/newsestlyonnais.fr\/site\/wp-content\/uploads\/2024\/01\/LYON-GR_Sur-le-podium-Jude-et-Alicia-100x87.jpg 100w, https:\/\/newsestlyonnais.fr\/site\/wp-content\/uploads\/2024\/01\/LYON-GR_Sur-le-podium-Jude-et-Alicia-200x174.jpg 200w, https:\/\/newsestlyonnais.fr\/site\/wp-content\/uploads\/2024\/01\/LYON-GR_Sur-le-podium-Jude-et-Alicia-300x261.jpg 300w, https:\/\/newsestlyonnais.fr\/site\/wp-content\/uploads\/2024\/01\/LYON-GR_Sur-le-podium-Jude-et-Alicia-350x305.jpg 350w, https:\/\/newsestlyonnais.fr\/site\/wp-content\/uploads\/2024\/01\/LYON-GR_Sur-le-podium-Jude-et-Alicia.jpg 404w\" sizes=\"auto, (max-width: 150px) 100vw, 150px\" \/>LYON <\/span><\/strong><\/p>\n<p class=\"entry-title post-title\"><a href=\"https:\/\/newsestlyonnais.fr\/site\/2024\/01\/16\/lyon-un-nouveau-record-battu-pour-lyon-gr\/\"><span style=\"color: #0000ff;\"><strong>Un nouveau record battu pour Lyon GR<\/strong><\/span><\/a><\/p>\n<p class=\"entry-excerpt\"><strong><span style=\"font-size: 10pt;\">Le club lyonnais est revenu du Championnat de France F\u00e9d\u00e9ral et National C Individuelles GR, disput\u00e9 le week-end dernier \u00e0 Boulogne-sur-Mer, avec 3 m\u00e9dailles !<\/span><\/strong><\/p>\n<hr \/>\n<p style=\"text-align: center;\"><strong><span style=\"font-size: 18pt; background-color: #000000; color: #ffcc00;\">SPORTS DE COMBAT<\/span><br \/>\n<\/strong><\/p>\n<p class=\"entry-title post-title\"><strong><img loading=\"lazy\" decoding=\"async\" class=\"alignleft wp-image-198870 size-thumbnail\" src=\"https:\/\/newsestlyonnais.fr\/site\/wp-content\/uploads\/2024\/01\/IMG_20240114_175514-250x187.jpg\" alt=\"\" width=\"150\" height=\"112\" data-attachment-id=\"198112\" data-permalink=\"https:\/\/newsestlyonnais.fr\/site\/2024\/01\/07\/jonage-lensemble-des-clubs-de-la-region-au-challenge-regional-de-sambo\/img_1385\/\" data-orig-file=\"https:\/\/newsestlyonnais.fr\/site\/wp-content\/uploads\/2024\/01\/IMG_1385.jpg\" data-orig-size=\"890,875\" data-comments-opened=\"1\" data-image-meta=\"{&quot;aperture&quot;:&quot;0&quot;,&quot;credit&quot;:&quot;&quot;,&quot;camera&quot;:&quot;&quot;,&quot;caption&quot;:&quot;&quot;,&quot;created_timestamp&quot;:&quot;0&quot;,&quot;copyright&quot;:&quot;&quot;,&quot;focal_length&quot;:&quot;0&quot;,&quot;iso&quot;:&quot;0&quot;,&quot;shutter_speed&quot;:&quot;0&quot;,&quot;title&quot;:&quot;&quot;,&quot;orientation&quot;:&quot;0&quot;}\" data-image-title=\"IMG_1385\" data-image-description=\"\" data-image-caption=\"\" data-medium-file=\"https:\/\/newsestlyonnais.fr\/site\/wp-content\/uploads\/2024\/01\/IMG_1385-400x393.jpg\" data-large-file=\"https:\/\/newsestlyonnais.fr\/site\/wp-content\/uploads\/2024\/01\/IMG_1385-650x639.jpg\" srcset=\"https:\/\/newsestlyonnais.fr\/site\/wp-content\/uploads\/2024\/01\/IMG_20240114_175514-250x187.jpg 250w, https:\/\/newsestlyonnais.fr\/site\/wp-content\/uploads\/2024\/01\/IMG_20240114_175514-400x300.jpg 400w, https:\/\/newsestlyonnais.fr\/site\/wp-content\/uploads\/2024\/01\/IMG_20240114_175514-650x487.jpg 650w, https:\/\/newsestlyonnais.fr\/site\/wp-content\/uploads\/2024\/01\/IMG_20240114_175514-150x112.jpg 150w, https:\/\/newsestlyonnais.fr\/site\/wp-content\/uploads\/2024\/01\/IMG_20240114_175514-50x37.jpg 50w, https:\/\/newsestlyonnais.fr\/site\/wp-content\/uploads\/2024\/01\/IMG_20240114_175514-100x75.jpg 100w, https:\/\/newsestlyonnais.fr\/site\/wp-content\/uploads\/2024\/01\/IMG_20240114_175514-200x150.jpg 200w, https:\/\/newsestlyonnais.fr\/site\/wp-content\/uploads\/2024\/01\/IMG_20240114_175514-300x225.jpg 300w, https:\/\/newsestlyonnais.fr\/site\/wp-content\/uploads\/2024\/01\/IMG_20240114_175514-350x262.jpg 350w, https:\/\/newsestlyonnais.fr\/site\/wp-content\/uploads\/2024\/01\/IMG_20240114_175514-450x337.jpg 450w, https:\/\/newsestlyonnais.fr\/site\/wp-content\/uploads\/2024\/01\/IMG_20240114_175514-500x375.jpg 500w, https:\/\/newsestlyonnais.fr\/site\/wp-content\/uploads\/2024\/01\/IMG_20240114_175514-550x412.jpg 550w, https:\/\/newsestlyonnais.fr\/site\/wp-content\/uploads\/2024\/01\/IMG_20240114_175514.jpg 767w\" sizes=\"auto, (max-width: 150px) 100vw, 150px\" \/><\/strong><\/p>\n<p class=\"entry-title post-title\"><span style=\"background-color: #000000; color: #ffffff;\"><strong>VENISSIEUX<\/strong><\/span><\/p>\n<p class=\"entry-title post-title\"><a href=\"https:\/\/newsestlyonnais.fr\/site\/2024\/01\/15\/venissieux-victoires-et-podiums-pour-le-bkd-boxing\/\"><strong><span style=\"color: #0000ff;\">Victoires et podiums pour le BKD Boxing<\/span><\/strong><\/a>.<\/p>\n<p class=\"entry-title post-title\">Les combattants du club v\u00e9nissian participaient ce week-end \u00e0 la Coupe de France light-contact et full-contact \u00e0 N\u00eemes.<\/p>\n<hr \/>\n<p style=\"text-align: center;\"><span style=\"font-size: 18pt; background-color: #000000; color: #ffcc00;\"><strong>TENNIS<\/strong><\/span><\/p>\n<p><strong><img loading=\"lazy\" decoding=\"async\" class=\"alignleft wp-image-92866\" src=\"https:\/\/newsestlyonnais.fr\/site\/wp-content\/uploads\/2020\/01\/NEWSESTLYONNAIS-TENNIS-DIVERS.jpg\" sizes=\"auto, (max-width: 178px) 100vw, 178px\" srcset=\"https:\/\/newsestlyonnais.fr\/site\/wp-content\/uploads\/2020\/01\/NEWSESTLYONNAIS-TENNIS-DIVERS.jpg 178w, https:\/\/newsestlyonnais.fr\/site\/wp-content\/uploads\/2020\/01\/NEWSESTLYONNAIS-TENNIS-DIVERS-150x101.jpg 150w, https:\/\/newsestlyonnais.fr\/site\/wp-content\/uploads\/2020\/01\/NEWSESTLYONNAIS-TENNIS-DIVERS-50x34.jpg 50w, https:\/\/newsestlyonnais.fr\/site\/wp-content\/uploads\/2020\/01\/NEWSESTLYONNAIS-TENNIS-DIVERS-100x67.jpg 100w\" alt=\"\" width=\"178\" height=\"120\" data-attachment-id=\"92866\" data-permalink=\"https:\/\/newsestlyonnais.fr\/site\/2020\/01\/13\/caluire-le-tournoi-open-de-las-caluire-tennis-demarre-jeudi\/newsestlyonnais-tennis-divers-2\/\" data-orig-file=\"https:\/\/newsestlyonnais.fr\/site\/wp-content\/uploads\/2020\/01\/NEWSESTLYONNAIS-TENNIS-DIVERS.jpg\" data-orig-size=\"178,120\" data-comments-opened=\"1\" data-image-meta=\"{&quot;aperture&quot;:&quot;0&quot;,&quot;credit&quot;:&quot;&quot;,&quot;camera&quot;:&quot;&quot;,&quot;caption&quot;:&quot;&quot;,&quot;created_timestamp&quot;:&quot;0&quot;,&quot;copyright&quot;:&quot;&quot;,&quot;focal_length&quot;:&quot;0&quot;,&quot;iso&quot;:&quot;0&quot;,&quot;shutter_speed&quot;:&quot;0&quot;,&quot;title&quot;:&quot;&quot;,&quot;orientation&quot;:&quot;0&quot;}\" data-image-title=\"NEWSESTLYONNAIS TENNIS DIVERS\" data-image-description=\"&lt;p&gt;NEWSESTLYONNAIS TENNIS DIVERS&lt;\/p&gt; \" data-image-caption=\"\" data-medium-file=\"https:\/\/newsestlyonnais.fr\/site\/wp-content\/uploads\/2020\/01\/NEWSESTLYONNAIS-TENNIS-DIVERS.jpg\" data-large-file=\"https:\/\/newsestlyonnais.fr\/site\/wp-content\/uploads\/2020\/01\/NEWSESTLYONNAIS-TENNIS-DIVERS.jpg\" \/><span style=\"background-color: #000000; color: #ffffff;\">MEYZIEU<\/span><\/strong><\/p>\n<p><strong><a href=\"https:\/\/newsestlyonnais.fr\/site\/sports\/tennis-tennis-table-sports\/tennis-padel\/\"><span style=\"color: #0000ff;\">Le tournoi \u00bb France Escudier \u00bb<\/span><\/a><\/strong> . Retrouvez au quotidien les r\u00e9sultats jusqu\u2019aux finales programm\u00e9es le dimanche 28 janvier 2024.<\/p>\n<hr \/>\n<p style=\"text-align: center;\"><span style=\"font-size: 18pt; background-color: #000000; color: #ffcc00;\"><strong>DIVERS<\/strong><\/span><\/p>\n<p class=\"entry-title post-title\"><strong><img loading=\"lazy\" decoding=\"async\" class=\"alignleft size-thumbnail wp-image-148755\" src=\"https:\/\/newsestlyonnais.fr\/site\/wp-content\/uploads\/2022\/02\/sunset-4832054_960_720-250x167.jpg\" alt=\"\" width=\"150\" height=\"100\" srcset=\"https:\/\/newsestlyonnais.fr\/site\/wp-content\/uploads\/2022\/02\/sunset-4832054_960_720-250x167.jpg 250w, https:\/\/newsestlyonnais.fr\/site\/wp-content\/uploads\/2022\/02\/sunset-4832054_960_720-400x267.jpg 400w, https:\/\/newsestlyonnais.fr\/site\/wp-content\/uploads\/2022\/02\/sunset-4832054_960_720-650x433.jpg 650w, https:\/\/newsestlyonnais.fr\/site\/wp-content\/uploads\/2022\/02\/sunset-4832054_960_720-768x512.jpg 768w, https:\/\/newsestlyonnais.fr\/site\/wp-content\/uploads\/2022\/02\/sunset-4832054_960_720-150x100.jpg 150w, https:\/\/newsestlyonnais.fr\/site\/wp-content\/uploads\/2022\/02\/sunset-4832054_960_720-50x33.jpg 50w, https:\/\/newsestlyonnais.fr\/site\/wp-content\/uploads\/2022\/02\/sunset-4832054_960_720-100x67.jpg 100w, https:\/\/newsestlyonnais.fr\/site\/wp-content\/uploads\/2022\/02\/sunset-4832054_960_720-200x133.jpg 200w, https:\/\/newsestlyonnais.fr\/site\/wp-content\/uploads\/2022\/02\/sunset-4832054_960_720-300x200.jpg 300w, https:\/\/newsestlyonnais.fr\/site\/wp-content\/uploads\/2022\/02\/sunset-4832054_960_720-350x233.jpg 350w, https:\/\/newsestlyonnais.fr\/site\/wp-content\/uploads\/2022\/02\/sunset-4832054_960_720-450x300.jpg 450w, https:\/\/newsestlyonnais.fr\/site\/wp-content\/uploads\/2022\/02\/sunset-4832054_960_720-500x333.jpg 500w, https:\/\/newsestlyonnais.fr\/site\/wp-content\/uploads\/2022\/02\/sunset-4832054_960_720-550x367.jpg 550w, https:\/\/newsestlyonnais.fr\/site\/wp-content\/uploads\/2022\/02\/sunset-4832054_960_720-800x533.jpg 800w, https:\/\/newsestlyonnais.fr\/site\/wp-content\/uploads\/2022\/02\/sunset-4832054_960_720.jpg 960w\" sizes=\"auto, (max-width: 150px) 100vw, 150px\" \/><\/strong><\/p>\n<p class=\"entry-title post-title\"><span style=\"color: #0000ff;\"><strong><a style=\"color: #0000ff;\" href=\"https:\/\/newsestlyonnais.fr\/site\/2023\/12\/14\/les-bilans-sportifs-de-lannee-2023\/\">Les 14 bilans sportifs de l\u2019ann\u00e9e 2023 d\u00e9j\u00e0 publi\u00e9s<\/a>. <\/strong><\/span><\/p>\n<p class=\"entry-title post-title\"><strong>Comme pour 2021 &amp; 2022, sportives et sportifs de la r\u00e9gion font le point sur leur derni\u00e8re ann\u00e9e et leurs projets pour 2024.<\/strong><\/p>\n<hr \/>\n<p><strong><img loading=\"lazy\" decoding=\"async\" class=\"alignleft size-full wp-image-190764\" src=\"https:\/\/newsestlyonnais.fr\/site\/wp-content\/uploads\/2023\/10\/calendar-icon-symbol-sign-vector.jpg\" sizes=\"auto, (max-width: 150px) 100vw, 150px\" srcset=\"https:\/\/newsestlyonnais.fr\/site\/wp-content\/uploads\/2023\/10\/calendar-icon-symbol-sign-vector.jpg 150w, https:\/\/newsestlyonnais.fr\/site\/wp-content\/uploads\/2023\/10\/calendar-icon-symbol-sign-vector-50x33.jpg 50w, https:\/\/newsestlyonnais.fr\/site\/wp-content\/uploads\/2023\/10\/calendar-icon-symbol-sign-vector-100x67.jpg 100w\" alt=\"\" width=\"150\" height=\"100\" data-attachment-id=\"190764\" data-permalink=\"https:\/\/newsestlyonnais.fr\/site\/2023\/10\/08\/ptites-news-breves-et-scoops-2\/calendar-icon-symbol-sign-vector-3\/\" data-orig-file=\"https:\/\/newsestlyonnais.fr\/site\/wp-content\/uploads\/2023\/10\/calendar-icon-symbol-sign-vector.jpg\" data-orig-size=\"150,100\" data-comments-opened=\"1\" data-image-meta=\"{&quot;aperture&quot;:&quot;0&quot;,&quot;credit&quot;:&quot;&quot;,&quot;camera&quot;:&quot;&quot;,&quot;caption&quot;:&quot;&quot;,&quot;created_timestamp&quot;:&quot;0&quot;,&quot;copyright&quot;:&quot;&quot;,&quot;focal_length&quot;:&quot;0&quot;,&quot;iso&quot;:&quot;0&quot;,&quot;shutter_speed&quot;:&quot;0&quot;,&quot;title&quot;:&quot;&quot;,&quot;orientation&quot;:&quot;0&quot;}\" data-image-title=\"calendar-icon-symbol-sign-vector\" data-image-description=\"\" data-image-caption=\"\" data-medium-file=\"https:\/\/newsestlyonnais.fr\/site\/wp-content\/uploads\/2023\/10\/calendar-icon-symbol-sign-vector.jpg\" data-large-file=\"https:\/\/newsestlyonnais.fr\/site\/wp-content\/uploads\/2023\/10\/calendar-icon-symbol-sign-vector.jpg\" \/><\/strong><\/p>\n<p style=\"text-align: center;\"><span style=\"background-color: #000000; color: #ff6600; font-size: 18pt;\"><strong>Dans l\u2019agenda sportif du prochain week-end : <\/strong><\/span><\/p>\n<p>&nbsp;<\/p>\n<p><strong><span style=\"background-color: #000000; color: #ffcc00;\">Samedi 20 janvier 2024<\/span><\/strong><\/p>\n<ul>\n<li><strong><span style=\"background-color: #000000; color: #ffffff;\">Bourgoin-Jallieu<\/span><\/strong> &gt; <strong>Rugby : CSBJ \/ Vienne<\/strong><\/li>\n<\/ul>\n<p><span style=\"background-color: #000000; color: #ffcc00;\"><strong>Dimanche 21 janvier 2024<\/strong><\/span><\/p>\n<ul>\n<li><span style=\"background-color: #000000; color: #ffffff;\"><strong>DECINES<\/strong><\/span> &gt; <span class=\"evoet_c3 evoet_cx evcal_desc hide_eventtopdata \"><span class=\"evoet_title evcal_desc2 evcal_event_title\"><strong>Aviron : <\/strong>Championnat r\u00e9gional longue distance<\/span><\/span><\/li>\n<li><strong><span class=\"evoet_c3 evoet_cx evcal_desc hide_eventtopdata \"><span class=\"evoet_title evcal_desc2 evcal_event_title\"><span style=\"background-color: #000000; color: #ffffff;\">LYON<\/span><\/span><\/span><span class=\"evoet_c3 evoet_cx evcal_desc hide_eventtopdata \"><span class=\"evoet_title evcal_desc2 evcal_event_title\"> &gt; 43\u00b0 Travers\u00e9e de Lyon \u00e0 la nage avec palmes\u00a0<\/span><\/span><\/strong><\/li>\n<\/ul>\n<div id='gallery-1' class='gallery galleryid-199123 gallery-columns-3 gallery-size-large'><figure class='gallery-item'>\n\t\t\t<div class='gallery-icon landscape'>\n\t\t\t\t<a href='https:\/\/newsestlyonnais.fr\/site\/2024\/01\/18\/le-fil-infos-hebdo-sports-2\/419788176_882262937234707_476923361610363368_n\/'><img loading=\"lazy\" decoding=\"async\" width=\"640\" height=\"360\" src=\"https:\/\/newsestlyonnais.fr\/site\/wp-content\/uploads\/2024\/01\/419788176_882262937234707_476923361610363368_n-650x366.jpg\" class=\"attachment-large size-large\" alt=\"\" srcset=\"https:\/\/newsestlyonnais.fr\/site\/wp-content\/uploads\/2024\/01\/419788176_882262937234707_476923361610363368_n-650x366.jpg 650w, https:\/\/newsestlyonnais.fr\/site\/wp-content\/uploads\/2024\/01\/419788176_882262937234707_476923361610363368_n-400x225.jpg 400w, https:\/\/newsestlyonnais.fr\/site\/wp-content\/uploads\/2024\/01\/419788176_882262937234707_476923361610363368_n-250x141.jpg 250w, https:\/\/newsestlyonnais.fr\/site\/wp-content\/uploads\/2024\/01\/419788176_882262937234707_476923361610363368_n-768x432.jpg 768w, https:\/\/newsestlyonnais.fr\/site\/wp-content\/uploads\/2024\/01\/419788176_882262937234707_476923361610363368_n-150x84.jpg 150w, https:\/\/newsestlyonnais.fr\/site\/wp-content\/uploads\/2024\/01\/419788176_882262937234707_476923361610363368_n-50x28.jpg 50w, https:\/\/newsestlyonnais.fr\/site\/wp-content\/uploads\/2024\/01\/419788176_882262937234707_476923361610363368_n-100x56.jpg 100w, https:\/\/newsestlyonnais.fr\/site\/wp-content\/uploads\/2024\/01\/419788176_882262937234707_476923361610363368_n-200x113.jpg 200w, https:\/\/newsestlyonnais.fr\/site\/wp-content\/uploads\/2024\/01\/419788176_882262937234707_476923361610363368_n-300x169.jpg 300w, https:\/\/newsestlyonnais.fr\/site\/wp-content\/uploads\/2024\/01\/419788176_882262937234707_476923361610363368_n-350x197.jpg 350w, https:\/\/newsestlyonnais.fr\/site\/wp-content\/uploads\/2024\/01\/419788176_882262937234707_476923361610363368_n-450x253.jpg 450w, https:\/\/newsestlyonnais.fr\/site\/wp-content\/uploads\/2024\/01\/419788176_882262937234707_476923361610363368_n-500x281.jpg 500w, https:\/\/newsestlyonnais.fr\/site\/wp-content\/uploads\/2024\/01\/419788176_882262937234707_476923361610363368_n-550x309.jpg 550w, https:\/\/newsestlyonnais.fr\/site\/wp-content\/uploads\/2024\/01\/419788176_882262937234707_476923361610363368_n-800x450.jpg 800w, https:\/\/newsestlyonnais.fr\/site\/wp-content\/uploads\/2024\/01\/419788176_882262937234707_476923361610363368_n.jpg 1200w\" sizes=\"auto, (max-width: 640px) 100vw, 640px\" \/><\/a>\n\t\t\t<\/div><\/figure><figure class='gallery-item'>\n\t\t\t<div class='gallery-icon portrait'>\n\t\t\t\t<a href='https:\/\/newsestlyonnais.fr\/site\/events\/decines-aviron-championnat-regional-longue-distance-3\/photo-crld-2024\/'><img loading=\"lazy\" decoding=\"async\" width=\"512\" height=\"640\" src=\"https:\/\/newsestlyonnais.fr\/site\/wp-content\/uploads\/2024\/01\/Photo-CRLD-2024.jpg\" class=\"attachment-large size-large\" alt=\"\" srcset=\"https:\/\/newsestlyonnais.fr\/site\/wp-content\/uploads\/2024\/01\/Photo-CRLD-2024.jpg 512w, https:\/\/newsestlyonnais.fr\/site\/wp-content\/uploads\/2024\/01\/Photo-CRLD-2024-400x500.jpg 400w, https:\/\/newsestlyonnais.fr\/site\/wp-content\/uploads\/2024\/01\/Photo-CRLD-2024-250x313.jpg 250w, https:\/\/newsestlyonnais.fr\/site\/wp-content\/uploads\/2024\/01\/Photo-CRLD-2024-150x188.jpg 150w, https:\/\/newsestlyonnais.fr\/site\/wp-content\/uploads\/2024\/01\/Photo-CRLD-2024-50x63.jpg 50w, https:\/\/newsestlyonnais.fr\/site\/wp-content\/uploads\/2024\/01\/Photo-CRLD-2024-100x125.jpg 100w, https:\/\/newsestlyonnais.fr\/site\/wp-content\/uploads\/2024\/01\/Photo-CRLD-2024-200x250.jpg 200w, https:\/\/newsestlyonnais.fr\/site\/wp-content\/uploads\/2024\/01\/Photo-CRLD-2024-300x375.jpg 300w, https:\/\/newsestlyonnais.fr\/site\/wp-content\/uploads\/2024\/01\/Photo-CRLD-2024-350x438.jpg 350w, https:\/\/newsestlyonnais.fr\/site\/wp-content\/uploads\/2024\/01\/Photo-CRLD-2024-450x563.jpg 450w, https:\/\/newsestlyonnais.fr\/site\/wp-content\/uploads\/2024\/01\/Photo-CRLD-2024-500x625.jpg 500w\" sizes=\"auto, (max-width: 512px) 100vw, 512px\" \/><\/a>\n\t\t\t<\/div><\/figure><figure class='gallery-item'>\n\t\t\t<div class='gallery-icon portrait'>\n\t\t\t\t<a href='https:\/\/newsestlyonnais.fr\/site\/2023\/10\/26\/ptites-news-breves-et-scoops-12\/381045418_786413593494573_7657336199933740065_n\/'><img loading=\"lazy\" decoding=\"async\" width=\"500\" height=\"750\" src=\"https:\/\/newsestlyonnais.fr\/site\/wp-content\/uploads\/2023\/10\/381045418_786413593494573_7657336199933740065_n-650x975.jpg\" class=\"attachment-large size-large\" alt=\"\" srcset=\"https:\/\/newsestlyonnais.fr\/site\/wp-content\/uploads\/2023\/10\/381045418_786413593494573_7657336199933740065_n-650x975.jpg 650w, https:\/\/newsestlyonnais.fr\/site\/wp-content\/uploads\/2023\/10\/381045418_786413593494573_7657336199933740065_n-400x600.jpg 400w, https:\/\/newsestlyonnais.fr\/site\/wp-content\/uploads\/2023\/10\/381045418_786413593494573_7657336199933740065_n-250x375.jpg 250w, https:\/\/newsestlyonnais.fr\/site\/wp-content\/uploads\/2023\/10\/381045418_786413593494573_7657336199933740065_n-768x1152.jpg 768w, https:\/\/newsestlyonnais.fr\/site\/wp-content\/uploads\/2023\/10\/381045418_786413593494573_7657336199933740065_n-150x225.jpg 150w, https:\/\/newsestlyonnais.fr\/site\/wp-content\/uploads\/2023\/10\/381045418_786413593494573_7657336199933740065_n-50x75.jpg 50w, https:\/\/newsestlyonnais.fr\/site\/wp-content\/uploads\/2023\/10\/381045418_786413593494573_7657336199933740065_n-100x150.jpg 100w, https:\/\/newsestlyonnais.fr\/site\/wp-content\/uploads\/2023\/10\/381045418_786413593494573_7657336199933740065_n-200x300.jpg 200w, https:\/\/newsestlyonnais.fr\/site\/wp-content\/uploads\/2023\/10\/381045418_786413593494573_7657336199933740065_n-300x450.jpg 300w, https:\/\/newsestlyonnais.fr\/site\/wp-content\/uploads\/2023\/10\/381045418_786413593494573_7657336199933740065_n-350x525.jpg 350w, https:\/\/newsestlyonnais.fr\/site\/wp-content\/uploads\/2023\/10\/381045418_786413593494573_7657336199933740065_n-450x675.jpg 450w, https:\/\/newsestlyonnais.fr\/site\/wp-content\/uploads\/2023\/10\/381045418_786413593494573_7657336199933740065_n-500x750.jpg 500w, https:\/\/newsestlyonnais.fr\/site\/wp-content\/uploads\/2023\/10\/381045418_786413593494573_7657336199933740065_n-550x825.jpg 550w, https:\/\/newsestlyonnais.fr\/site\/wp-content\/uploads\/2023\/10\/381045418_786413593494573_7657336199933740065_n.jpg 800w\" sizes=\"auto, (max-width: 500px) 100vw, 500px\" \/><\/a>\n\t\t\t<\/div><\/figure>\n\t\t<\/div>\n\n","protected":false},"excerpt":{"rendered":"<p>Semaine 3 : Course \u00e0 pied (D\u00e9cines, St Priest), Foot (Villeurbanne), Gym (Lyon), Sports de combat (V\u00e9nissieux), Tennis (Meyzieu), bilans sportifs 2023, agenda sportif du week-end.<\/p>\n","protected":false},"author":4,"featured_media":198311,"comment_status":"open","ping_status":"open","sticky":false,"template":"","format":"standard","meta":{"footnotes":""},"categories":[2968,1329,1319],"tags":[4992,2106],"class_list":["post-199123","post","type-post","status-publish","format-standard","has-post-thumbnail","hentry","category-athle-course-pied-marche","category-foot","category-gymnastique-grs-gv","tag-fil-infos-sports","tag-sports"],"yoast_head":"<!-- This site is optimized with the Yoast SEO plugin v27.2 - https:\/\/yoast.com\/product\/yoast-seo-wordpress\/ -->\n<title>LE FIL INFOS HEBDO \u00ab SPORTS \u00bb - News Est Lyonnais<\/title>\n<meta name=\"description\" content=\"LE FIL INFOS HEBDO \u00ab SPORTS \u00bb\" \/>\n<meta name=\"robots\" content=\"index, follow, max-snippet:-1, max-image-preview:large, max-video-preview:-1\" \/>\n<link rel=\"canonical\" href=\"https:\/\/newsestlyonnais.fr\/site\/2024\/01\/18\/le-fil-infos-hebdo-sports-2\/\" \/>\n<meta property=\"og:locale\" content=\"fr_FR\" \/>\n<meta property=\"og:type\" content=\"article\" \/>\n<meta property=\"og:title\" content=\"LE FIL INFOS HEBDO \u00ab SPORTS \u00bb - News Est Lyonnais\" \/>\n<meta property=\"og:description\" content=\"LE FIL INFOS HEBDO \u00ab SPORTS \u00bb\" \/>\n<meta property=\"og:url\" content=\"https:\/\/newsestlyonnais.fr\/site\/2024\/01\/18\/le-fil-infos-hebdo-sports-2\/\" \/>\n<meta property=\"og:site_name\" content=\"News Est Lyonnais\" \/>\n<meta property=\"article:author\" content=\"https:\/\/www.facebook.com\/pascal.oberson.1?fref=ts\" \/>\n<meta property=\"article:published_time\" content=\"2024-01-18T10:04:04+00:00\" \/>\n<meta property=\"article:modified_time\" content=\"2024-01-26T14:41:49+00:00\" \/>\n<meta property=\"og:image\" content=\"https:\/\/newsestlyonnais.fr\/site\/wp-content\/uploads\/2024\/01\/divers-istockphoto-1162632977-612x612-1-400x400-1.jpg\" \/>\n\t<meta property=\"og:image:width\" content=\"200\" \/>\n\t<meta property=\"og:image:height\" content=\"200\" \/>\n\t<meta property=\"og:image:type\" content=\"image\/jpeg\" \/>\n<meta name=\"author\" content=\"R\u00e9dac. NEWS\" \/>\n<meta name=\"twitter:card\" content=\"summary_large_image\" \/>\n<meta name=\"twitter:label1\" content=\"\u00c9crit par\" \/>\n\t<meta name=\"twitter:data1\" content=\"R\u00e9dac. NEWS\" \/>\n\t<meta name=\"twitter:label2\" content=\"Dur\u00e9e de lecture estim\u00e9e\" \/>\n\t<meta name=\"twitter:data2\" content=\"3 minutes\" \/>\n<script type=\"application\/ld+json\" class=\"yoast-schema-graph\">{\"@context\":\"https:\/\/schema.org\",\"@graph\":[{\"@type\":\"Article\",\"@id\":\"https:\/\/newsestlyonnais.fr\/site\/2024\/01\/18\/le-fil-infos-hebdo-sports-2\/#article\",\"isPartOf\":{\"@id\":\"https:\/\/newsestlyonnais.fr\/site\/2024\/01\/18\/le-fil-infos-hebdo-sports-2\/\"},\"author\":{\"name\":\"R\u00e9dac. NEWS\",\"@id\":\"https:\/\/newsestlyonnais.fr\/site\/#\/schema\/person\/3230d5615f390bb808365d673001e887\"},\"headline\":\"LE FIL INFOS HEBDO \u00ab SPORTS \u00bb\",\"datePublished\":\"2024-01-18T10:04:04+00:00\",\"dateModified\":\"2024-01-26T14:41:49+00:00\",\"mainEntityOfPage\":{\"@id\":\"https:\/\/newsestlyonnais.fr\/site\/2024\/01\/18\/le-fil-infos-hebdo-sports-2\/\"},\"wordCount\":231,\"commentCount\":0,\"publisher\":{\"@id\":\"https:\/\/newsestlyonnais.fr\/site\/#organization\"},\"image\":{\"@id\":\"https:\/\/newsestlyonnais.fr\/site\/2024\/01\/18\/le-fil-infos-hebdo-sports-2\/#primaryimage\"},\"thumbnailUrl\":\"https:\/\/newsestlyonnais.fr\/site\/wp-content\/uploads\/2024\/01\/divers-istockphoto-1162632977-612x612-1-400x400-1.jpg\",\"keywords\":[\"FIL INFOS \u00ab SPORTS \u00bb\",\"SPORTS\"],\"articleSection\":[\"Athl\u00e9 | Course pied | Marche\",\"Foot | Futsal\",\"Gymnastique | Grs | Gv\"],\"inLanguage\":\"fr-FR\",\"potentialAction\":[{\"@type\":\"CommentAction\",\"name\":\"Comment\",\"target\":[\"https:\/\/newsestlyonnais.fr\/site\/2024\/01\/18\/le-fil-infos-hebdo-sports-2\/#respond\"]}]},{\"@type\":\"WebPage\",\"@id\":\"https:\/\/newsestlyonnais.fr\/site\/2024\/01\/18\/le-fil-infos-hebdo-sports-2\/\",\"url\":\"https:\/\/newsestlyonnais.fr\/site\/2024\/01\/18\/le-fil-infos-hebdo-sports-2\/\",\"name\":\"LE FIL INFOS HEBDO \u00ab SPORTS \u00bb - News Est Lyonnais\",\"isPartOf\":{\"@id\":\"https:\/\/newsestlyonnais.fr\/site\/#website\"},\"primaryImageOfPage\":{\"@id\":\"https:\/\/newsestlyonnais.fr\/site\/2024\/01\/18\/le-fil-infos-hebdo-sports-2\/#primaryimage\"},\"image\":{\"@id\":\"https:\/\/newsestlyonnais.fr\/site\/2024\/01\/18\/le-fil-infos-hebdo-sports-2\/#primaryimage\"},\"thumbnailUrl\":\"https:\/\/newsestlyonnais.fr\/site\/wp-content\/uploads\/2024\/01\/divers-istockphoto-1162632977-612x612-1-400x400-1.jpg\",\"datePublished\":\"2024-01-18T10:04:04+00:00\",\"dateModified\":\"2024-01-26T14:41:49+00:00\",\"description\":\"LE FIL INFOS HEBDO \u00ab SPORTS \u00bb\",\"breadcrumb\":{\"@id\":\"https:\/\/newsestlyonnais.fr\/site\/2024\/01\/18\/le-fil-infos-hebdo-sports-2\/#breadcrumb\"},\"inLanguage\":\"fr-FR\",\"potentialAction\":[{\"@type\":\"ReadAction\",\"target\":[\"https:\/\/newsestlyonnais.fr\/site\/2024\/01\/18\/le-fil-infos-hebdo-sports-2\/\"]}]},{\"@type\":\"ImageObject\",\"inLanguage\":\"fr-FR\",\"@id\":\"https:\/\/newsestlyonnais.fr\/site\/2024\/01\/18\/le-fil-infos-hebdo-sports-2\/#primaryimage\",\"url\":\"https:\/\/newsestlyonnais.fr\/site\/wp-content\/uploads\/2024\/01\/divers-istockphoto-1162632977-612x612-1-400x400-1.jpg\",\"contentUrl\":\"https:\/\/newsestlyonnais.fr\/site\/wp-content\/uploads\/2024\/01\/divers-istockphoto-1162632977-612x612-1-400x400-1.jpg\",\"width\":200,\"height\":200},{\"@type\":\"BreadcrumbList\",\"@id\":\"https:\/\/newsestlyonnais.fr\/site\/2024\/01\/18\/le-fil-infos-hebdo-sports-2\/#breadcrumb\",\"itemListElement\":[{\"@type\":\"ListItem\",\"position\":1,\"name\":\"Accueil\",\"item\":\"https:\/\/newsestlyonnais.fr\/site\/\"},{\"@type\":\"ListItem\",\"position\":2,\"name\":\"LE FIL INFOS HEBDO \u00ab SPORTS \u00bb\"}]},{\"@type\":\"WebSite\",\"@id\":\"https:\/\/newsestlyonnais.fr\/site\/#website\",\"url\":\"https:\/\/newsestlyonnais.fr\/site\/\",\"name\":\"News Est Lyonnais\",\"description\":\"L&#039;actualit\u00e9 au plus pr\u00e8s\",\"publisher\":{\"@id\":\"https:\/\/newsestlyonnais.fr\/site\/#organization\"},\"potentialAction\":[{\"@type\":\"SearchAction\",\"target\":{\"@type\":\"EntryPoint\",\"urlTemplate\":\"https:\/\/newsestlyonnais.fr\/site\/?s={search_term_string}\"},\"query-input\":{\"@type\":\"PropertyValueSpecification\",\"valueRequired\":true,\"valueName\":\"search_term_string\"}}],\"inLanguage\":\"fr-FR\"},{\"@type\":\"Organization\",\"@id\":\"https:\/\/newsestlyonnais.fr\/site\/#organization\",\"name\":\"News EST LYONNAIS\",\"url\":\"https:\/\/newsestlyonnais.fr\/site\/\",\"logo\":{\"@type\":\"ImageObject\",\"inLanguage\":\"fr-FR\",\"@id\":\"https:\/\/newsestlyonnais.fr\/site\/#\/schema\/logo\/image\/\",\"url\":\"\",\"contentUrl\":\"\",\"caption\":\"News EST LYONNAIS\"},\"image\":{\"@id\":\"https:\/\/newsestlyonnais.fr\/site\/#\/schema\/logo\/image\/\"}},{\"@type\":\"Person\",\"@id\":\"https:\/\/newsestlyonnais.fr\/site\/#\/schema\/person\/3230d5615f390bb808365d673001e887\",\"name\":\"R\u00e9dac. NEWS\",\"sameAs\":[\"http:\/\/www.newsestlyonnais.fr\",\"https:\/\/www.facebook.com\/pascal.oberson.1?fref=ts\",\"https:\/\/fr.linkedin.com\/in\/pascal-oberson-b17045113\"],\"url\":\"https:\/\/newsestlyonnais.fr\/site\/author\/nel\/\"}]}<\/script>\n<!-- \/ Yoast SEO plugin. -->","yoast_head_json":{"title":"LE FIL INFOS HEBDO \u00ab SPORTS \u00bb - News Est Lyonnais","description":"LE FIL INFOS HEBDO \u00ab SPORTS \u00bb","robots":{"index":"index","follow":"follow","max-snippet":"max-snippet:-1","max-image-preview":"max-image-preview:large","max-video-preview":"max-video-preview:-1"},"canonical":"https:\/\/newsestlyonnais.fr\/site\/2024\/01\/18\/le-fil-infos-hebdo-sports-2\/","og_locale":"fr_FR","og_type":"article","og_title":"LE FIL INFOS HEBDO \u00ab SPORTS \u00bb - News Est Lyonnais","og_description":"LE FIL INFOS HEBDO \u00ab SPORTS \u00bb","og_url":"https:\/\/newsestlyonnais.fr\/site\/2024\/01\/18\/le-fil-infos-hebdo-sports-2\/","og_site_name":"News Est Lyonnais","article_author":"https:\/\/www.facebook.com\/pascal.oberson.1?fref=ts","article_published_time":"2024-01-18T10:04:04+00:00","article_modified_time":"2024-01-26T14:41:49+00:00","og_image":[{"width":200,"height":200,"url":"https:\/\/newsestlyonnais.fr\/site\/wp-content\/uploads\/2024\/01\/divers-istockphoto-1162632977-612x612-1-400x400-1.jpg","type":"image\/jpeg"}],"author":"R\u00e9dac. NEWS","twitter_card":"summary_large_image","twitter_misc":{"\u00c9crit par":"R\u00e9dac. NEWS","Dur\u00e9e de lecture estim\u00e9e":"3 minutes"},"schema":{"@context":"https:\/\/schema.org","@graph":[{"@type":"Article","@id":"https:\/\/newsestlyonnais.fr\/site\/2024\/01\/18\/le-fil-infos-hebdo-sports-2\/#article","isPartOf":{"@id":"https:\/\/newsestlyonnais.fr\/site\/2024\/01\/18\/le-fil-infos-hebdo-sports-2\/"},"author":{"name":"R\u00e9dac. NEWS","@id":"https:\/\/newsestlyonnais.fr\/site\/#\/schema\/person\/3230d5615f390bb808365d673001e887"},"headline":"LE FIL INFOS HEBDO \u00ab SPORTS \u00bb","datePublished":"2024-01-18T10:04:04+00:00","dateModified":"2024-01-26T14:41:49+00:00","mainEntityOfPage":{"@id":"https:\/\/newsestlyonnais.fr\/site\/2024\/01\/18\/le-fil-infos-hebdo-sports-2\/"},"wordCount":231,"commentCount":0,"publisher":{"@id":"https:\/\/newsestlyonnais.fr\/site\/#organization"},"image":{"@id":"https:\/\/newsestlyonnais.fr\/site\/2024\/01\/18\/le-fil-infos-hebdo-sports-2\/#primaryimage"},"thumbnailUrl":"https:\/\/newsestlyonnais.fr\/site\/wp-content\/uploads\/2024\/01\/divers-istockphoto-1162632977-612x612-1-400x400-1.jpg","keywords":["FIL INFOS \u00ab SPORTS \u00bb","SPORTS"],"articleSection":["Athl\u00e9 | Course pied | Marche","Foot | Futsal","Gymnastique | Grs | Gv"],"inLanguage":"fr-FR","potentialAction":[{"@type":"CommentAction","name":"Comment","target":["https:\/\/newsestlyonnais.fr\/site\/2024\/01\/18\/le-fil-infos-hebdo-sports-2\/#respond"]}]},{"@type":"WebPage","@id":"https:\/\/newsestlyonnais.fr\/site\/2024\/01\/18\/le-fil-infos-hebdo-sports-2\/","url":"https:\/\/newsestlyonnais.fr\/site\/2024\/01\/18\/le-fil-infos-hebdo-sports-2\/","name":"LE FIL INFOS HEBDO \u00ab SPORTS \u00bb - News Est Lyonnais","isPartOf":{"@id":"https:\/\/newsestlyonnais.fr\/site\/#website"},"primaryImageOfPage":{"@id":"https:\/\/newsestlyonnais.fr\/site\/2024\/01\/18\/le-fil-infos-hebdo-sports-2\/#primaryimage"},"image":{"@id":"https:\/\/newsestlyonnais.fr\/site\/2024\/01\/18\/le-fil-infos-hebdo-sports-2\/#primaryimage"},"thumbnailUrl":"https:\/\/newsestlyonnais.fr\/site\/wp-content\/uploads\/2024\/01\/divers-istockphoto-1162632977-612x612-1-400x400-1.jpg","datePublished":"2024-01-18T10:04:04+00:00","dateModified":"2024-01-26T14:41:49+00:00","description":"LE FIL INFOS HEBDO \u00ab SPORTS \u00bb","breadcrumb":{"@id":"https:\/\/newsestlyonnais.fr\/site\/2024\/01\/18\/le-fil-infos-hebdo-sports-2\/#breadcrumb"},"inLanguage":"fr-FR","potentialAction":[{"@type":"ReadAction","target":["https:\/\/newsestlyonnais.fr\/site\/2024\/01\/18\/le-fil-infos-hebdo-sports-2\/"]}]},{"@type":"ImageObject","inLanguage":"fr-FR","@id":"https:\/\/newsestlyonnais.fr\/site\/2024\/01\/18\/le-fil-infos-hebdo-sports-2\/#primaryimage","url":"https:\/\/newsestlyonnais.fr\/site\/wp-content\/uploads\/2024\/01\/divers-istockphoto-1162632977-612x612-1-400x400-1.jpg","contentUrl":"https:\/\/newsestlyonnais.fr\/site\/wp-content\/uploads\/2024\/01\/divers-istockphoto-1162632977-612x612-1-400x400-1.jpg","width":200,"height":200},{"@type":"BreadcrumbList","@id":"https:\/\/newsestlyonnais.fr\/site\/2024\/01\/18\/le-fil-infos-hebdo-sports-2\/#breadcrumb","itemListElement":[{"@type":"ListItem","position":1,"name":"Accueil","item":"https:\/\/newsestlyonnais.fr\/site\/"},{"@type":"ListItem","position":2,"name":"LE FIL INFOS HEBDO \u00ab SPORTS \u00bb"}]},{"@type":"WebSite","@id":"https:\/\/newsestlyonnais.fr\/site\/#website","url":"https:\/\/newsestlyonnais.fr\/site\/","name":"News Est Lyonnais","description":"L&#039;actualit\u00e9 au plus pr\u00e8s","publisher":{"@id":"https:\/\/newsestlyonnais.fr\/site\/#organization"},"potentialAction":[{"@type":"SearchAction","target":{"@type":"EntryPoint","urlTemplate":"https:\/\/newsestlyonnais.fr\/site\/?s={search_term_string}"},"query-input":{"@type":"PropertyValueSpecification","valueRequired":true,"valueName":"search_term_string"}}],"inLanguage":"fr-FR"},{"@type":"Organization","@id":"https:\/\/newsestlyonnais.fr\/site\/#organization","name":"News EST LYONNAIS","url":"https:\/\/newsestlyonnais.fr\/site\/","logo":{"@type":"ImageObject","inLanguage":"fr-FR","@id":"https:\/\/newsestlyonnais.fr\/site\/#\/schema\/logo\/image\/","url":"","contentUrl":"","caption":"News EST LYONNAIS"},"image":{"@id":"https:\/\/newsestlyonnais.fr\/site\/#\/schema\/logo\/image\/"}},{"@type":"Person","@id":"https:\/\/newsestlyonnais.fr\/site\/#\/schema\/person\/3230d5615f390bb808365d673001e887","name":"R\u00e9dac. NEWS","sameAs":["http:\/\/www.newsestlyonnais.fr","https:\/\/www.facebook.com\/pascal.oberson.1?fref=ts","https:\/\/fr.linkedin.com\/in\/pascal-oberson-b17045113"],"url":"https:\/\/newsestlyonnais.fr\/site\/author\/nel\/"}]}},"_links":{"self":[{"href":"https:\/\/newsestlyonnais.fr\/site\/wp-json\/wp\/v2\/posts\/199123","targetHints":{"allow":["GET"]}}],"collection":[{"href":"https:\/\/newsestlyonnais.fr\/site\/wp-json\/wp\/v2\/posts"}],"about":[{"href":"https:\/\/newsestlyonnais.fr\/site\/wp-json\/wp\/v2\/types\/post"}],"author":[{"embeddable":true,"href":"https:\/\/newsestlyonnais.fr\/site\/wp-json\/wp\/v2\/users\/4"}],"replies":[{"embeddable":true,"href":"https:\/\/newsestlyonnais.fr\/site\/wp-json\/wp\/v2\/comments?post=199123"}],"version-history":[{"count":0,"href":"https:\/\/newsestlyonnais.fr\/site\/wp-json\/wp\/v2\/posts\/199123\/revisions"}],"wp:featuredmedia":[{"embeddable":true,"href":"https:\/\/newsestlyonnais.fr\/site\/wp-json\/wp\/v2\/media\/198311"}],"wp:attachment":[{"href":"https:\/\/newsestlyonnais.fr\/site\/wp-json\/wp\/v2\/media?parent=199123"}],"wp:term":[{"taxonomy":"category","embeddable":true,"href":"https:\/\/newsestlyonnais.fr\/site\/wp-json\/wp\/v2\/categories?post=199123"},{"taxonomy":"post_tag","embeddable":true,"href":"https:\/\/newsestlyonnais.fr\/site\/wp-json\/wp\/v2\/tags?post=199123"}],"curies":[{"name":"wp","href":"https:\/\/api.w.org\/{rel}","templated":true}]}}