{"id":199643,"date":"2024-01-23T13:51:40","date_gmt":"2024-01-23T12:51:40","guid":{"rendered":"https:\/\/newsestlyonnais.fr\/site\/?p=199643"},"modified":"2024-01-23T13:51:40","modified_gmt":"2024-01-23T12:51:40","slug":"meyzieu-denomination-de-la-nouvelle-place-du-centre-ville","status":"publish","type":"post","link":"https:\/\/newsestlyonnais.fr\/site\/2024\/01\/23\/meyzieu-denomination-de-la-nouvelle-place-du-centre-ville\/","title":{"rendered":"MEYZIEU | D\u00e9nomination de la nouvelle place du centre-ville"},"content":{"rendered":"<p>Projet de grande ampleur de l\u2019\u00e9quipe municipale, <strong>le nouveau centre-ville de Meyzieu verra le jour dans le p\u00e9rim\u00e8tre de l\u2019ex-h\u00f4tel La R\u00e9gence<\/strong>. Ce secteur sera totalement revu et apais\u00e9, avec des espaces publics formant une nouvelle place et une halle couverte pour accueillir une partie du march\u00e9 forain.<\/p>\n<p><strong>L\u2019avenue du Dauphin\u00e9 et la rue Louis Saulnier seront en partie pi\u00e9tonnis\u00e9es<\/strong>. Une brasserie verra \u00e9galement le jour pour conforter la convivialit\u00e9 des lieux. Ce projet permettra aussi aux commer\u00e7ants d\u00e9j\u00e0 \u00e9tablis de conna\u00eetre une activit\u00e9 plus florissante.<\/p>\n<hr \/>\n<p><span style=\"font-size: 14pt;\"><strong><span style=\"background-color: #000000; color: #ffffff;\">Pourquoi la concorde ?<\/span><\/strong><\/span><\/p>\n<p><strong>Histoire<\/strong> : En choisissant le nom \u00ab Place de la concorde \u00bb, la Ville rend hommage \u00e0 l\u2019histoire de notre pays en rappelant le r\u00f4le central qu\u2019a jou\u00e9 la concorde dans son d\u00e9veloppement et son \u00e9volution.<\/p>\n<p><strong>Symbole<\/strong> : Le mot \u00ab concorde \u00bb incarne l\u2019id\u00e9e d\u2019harmonie, de paix et d\u2019unit\u00e9. En nommant la place ainsi, la Ville aspire \u00e0 cr\u00e9er un lieu o\u00f9 les Majolans peuvent se r\u00e9unir, interagir, \u00e9changer ; un vrai lieu de rassemblement et de socialisation.<\/p>\n<p><strong>Reconnaissance<\/strong> : En donnant \u00e0 cette place un nom aussi significatif, la Municipalit\u00e9 place notre ville sur la carte en lui offrant une identit\u00e9 forte et reconnaissable. Conscients des enjeux quant \u00e0 la restructuration du centre-ville, ce projet continue de renforcer l\u2019attractivit\u00e9 communale pour un plus grand dynamisme commercial et un rapport gagnant-gagnant commer\u00e7ants\/habitants.<\/p>\n<p><strong>M\u00e9moire collective<\/strong> : Nommer cet espace \u00ab Place de la concorde \u00bb suscite \u00e9galement une r\u00e9flexion sur les valeurs que notre soci\u00e9t\u00e9 souhaite promouvoir et rappeler l\u2019importance de la tol\u00e9rance, de la compr\u00e9hension mutuelle et du respect des autres et de l\u2019autorit\u00e9. Le respect au sens large.<\/p>\n<hr \/>\n<p><span style=\"color: #ffcc00; background-color: #000000;\">Concertation sur les am\u00e9nagements de la nouvelle place au Centre-Ville \/ Lundi 5 f\u00e9vrier \u00e0 18 h 30 \/ Salle des f\u00eates, 6 place Andr\u00e9 Marie Burignat \u00e0 Meyzieu<\/span><\/p>\n<p>Dans le cadre du projet de transformation de l\u2019hypercentre de Meyzieu, une nouvelle place va voir le jour : la place de la concorde. Elle se situera \u00e0 l\u2019angle de l\u2019avenue du Dauphin\u00e9 et de la rue Saulnier.<br \/>\nLe centre de Meyzieu concernant bien au-del\u00e0 des seuls habitants et commerces de ce quartier, sonder les souhaits de l\u2019ensemble de Majolans sur le devenir du coeur de leur ville est incontournable.<\/p>\n<p>Ainsi, apr\u00e8s la concertation men\u00e9e sur la halle, en cours d\u2019analyse, c\u2019est en lien avec la M\u00e9tropole de Lyon que la Ville de Meyzieu propose aux Majolans <span style=\"background-color: #000000; color: #ffffff;\"><strong>une concertation sur l\u2019am\u00e9nagement de cette nouvelle place du 26 janvier au 26 f\u00e9vrier 2024.<\/strong><\/span><\/p>\n<p>Pour en savoir plus sur le projet et sur cette concertation, <span style=\"background-color: #000000; color: #ffffff;\"><strong><span style=\"color: #ffcc00;\">une r\u00e9union publique<\/span> est organis\u00e9e en pr\u00e9sence de Fabien Bagnon (Vice-pr\u00e9sident de la M\u00e9tropole de Lyon en charge de la voirie et des mobilit\u00e9s actives) et Christophe Quiniou (Maire de Meyzieu, Conseiller de la M\u00e9tropole de Lyon) <\/strong><\/span><span style=\"background-color: #000000; color: #ffcc00;\"><strong>lundi 5 f\u00e9vrier \u00e0 18 h 30 \u00e0 la Salle de f\u00eates de Meyzieu.<\/strong><\/span><\/p>\n<p>Pour contribuer \u00e0 la d\u00e9finition de ce futur espace public, les Majolans peuvent faire part de leurs <strong>avis, remarques, commentaires du 26 janvier au 26 f\u00e9vrier 2024 :<\/strong><\/p>\n<ul>\n<li>par courriel \u00e0 concertation-meyzieu-place-concorde@grandlyon.com<\/li>\n<li>sur la plateforme de la M\u00e9tropole<span style=\"color: #0000ff;\"><a style=\"color: #0000ff;\" href=\"http:\/\/jeparticipe.grandlyon.com\"> jeparticipe.grandlyon.com<\/a><\/span><\/li>\n<\/ul>\n<hr \/>\n<p><span style=\"color: #3366ff;\"><strong><span style=\"background-color: #000000; font-size: 14pt;\">Source : communiqu\u00e9 du 22 janvier 2024 de la Ville de Meyzieu<\/span><\/strong><\/span><\/p>\n","protected":false},"excerpt":{"rendered":"<p>\u00c0 l\u2019occasion du conseil municipal du 14 d\u00e9cembre 2023, la Majorit\u00e9 municipale a propos\u00e9 aux \u00e9lus de la d\u00e9nommer : Place de la Concorde.<\/p>\n","protected":false},"author":4,"featured_media":101256,"comment_status":"open","ping_status":"open","sticky":false,"template":"","format":"standard","meta":{"footnotes":""},"categories":[24,4948,172],"tags":[2631,5016,2081,2004,2127],"class_list":["post-199643","post","type-post","status-publish","format-standard","has-post-thumbnail","hentry","category-meyzieu","category-que-de-breves","category-travaux-amenagements","tag-amenagement","tag-centre-ville","tag-meyzieu","tag-place","tag-travaux"],"yoast_head":"<!-- This site is optimized with the Yoast SEO plugin v27.2 - https:\/\/yoast.com\/product\/yoast-seo-wordpress\/ -->\n<title>MEYZIEU | D\u00e9nomination de la nouvelle place du centre-ville - News Est Lyonnais<\/title>\n<meta name=\"description\" content=\"MEYZIEU | D\u00e9nomination de la nouvelle place du centre-ville\" \/>\n<meta name=\"robots\" content=\"index, follow, max-snippet:-1, max-image-preview:large, max-video-preview:-1\" \/>\n<link rel=\"canonical\" href=\"https:\/\/newsestlyonnais.fr\/site\/2024\/01\/23\/meyzieu-denomination-de-la-nouvelle-place-du-centre-ville\/\" \/>\n<meta property=\"og:locale\" content=\"fr_FR\" \/>\n<meta property=\"og:type\" content=\"article\" \/>\n<meta property=\"og:title\" content=\"MEYZIEU | D\u00e9nomination de la nouvelle place du centre-ville - News Est Lyonnais\" \/>\n<meta property=\"og:description\" content=\"MEYZIEU | D\u00e9nomination de la nouvelle place du centre-ville\" \/>\n<meta property=\"og:url\" content=\"https:\/\/newsestlyonnais.fr\/site\/2024\/01\/23\/meyzieu-denomination-de-la-nouvelle-place-du-centre-ville\/\" \/>\n<meta property=\"og:site_name\" content=\"News Est Lyonnais\" \/>\n<meta property=\"article:author\" content=\"https:\/\/www.facebook.com\/pascal.oberson.1?fref=ts\" \/>\n<meta property=\"article:published_time\" content=\"2024-01-23T12:51:40+00:00\" \/>\n<meta property=\"og:image\" content=\"https:\/\/newsestlyonnais.fr\/site\/wp-content\/uploads\/2020\/05\/NEWSESTLYONNAIS-VUE-MEYZIEU.jpg\" \/>\n\t<meta property=\"og:image:width\" content=\"1280\" \/>\n\t<meta property=\"og:image:height\" content=\"960\" \/>\n\t<meta property=\"og:image:type\" content=\"image\/jpeg\" \/>\n<meta name=\"author\" content=\"R\u00e9dac. NEWS\" \/>\n<meta name=\"twitter:card\" content=\"summary_large_image\" \/>\n<meta name=\"twitter:label1\" content=\"\u00c9crit par\" \/>\n\t<meta name=\"twitter:data1\" content=\"R\u00e9dac. NEWS\" \/>\n\t<meta name=\"twitter:label2\" content=\"Dur\u00e9e de lecture estim\u00e9e\" \/>\n\t<meta name=\"twitter:data2\" content=\"3 minutes\" \/>\n<script type=\"application\/ld+json\" class=\"yoast-schema-graph\">{\"@context\":\"https:\/\/schema.org\",\"@graph\":[{\"@type\":\"Article\",\"@id\":\"https:\/\/newsestlyonnais.fr\/site\/2024\/01\/23\/meyzieu-denomination-de-la-nouvelle-place-du-centre-ville\/#article\",\"isPartOf\":{\"@id\":\"https:\/\/newsestlyonnais.fr\/site\/2024\/01\/23\/meyzieu-denomination-de-la-nouvelle-place-du-centre-ville\/\"},\"author\":{\"name\":\"R\u00e9dac. NEWS\",\"@id\":\"https:\/\/newsestlyonnais.fr\/site\/#\/schema\/person\/3230d5615f390bb808365d673001e887\"},\"headline\":\"MEYZIEU | D\u00e9nomination de la nouvelle place du centre-ville\",\"datePublished\":\"2024-01-23T12:51:40+00:00\",\"mainEntityOfPage\":{\"@id\":\"https:\/\/newsestlyonnais.fr\/site\/2024\/01\/23\/meyzieu-denomination-de-la-nouvelle-place-du-centre-ville\/\"},\"wordCount\":553,\"commentCount\":0,\"publisher\":{\"@id\":\"https:\/\/newsestlyonnais.fr\/site\/#organization\"},\"image\":{\"@id\":\"https:\/\/newsestlyonnais.fr\/site\/2024\/01\/23\/meyzieu-denomination-de-la-nouvelle-place-du-centre-ville\/#primaryimage\"},\"thumbnailUrl\":\"https:\/\/newsestlyonnais.fr\/site\/wp-content\/uploads\/2020\/05\/NEWSESTLYONNAIS-VUE-MEYZIEU.jpg\",\"keywords\":[\"AMENAGEMENT\",\"centre-ville\",\"MEYZIEU\",\"PLACE\",\"TRAVAUX\"],\"articleSection\":[\"Meyzieu\",\"Que de br\u00e8ves ...\",\"Travaux | Am\u00e9nagements\"],\"inLanguage\":\"fr-FR\",\"potentialAction\":[{\"@type\":\"CommentAction\",\"name\":\"Comment\",\"target\":[\"https:\/\/newsestlyonnais.fr\/site\/2024\/01\/23\/meyzieu-denomination-de-la-nouvelle-place-du-centre-ville\/#respond\"]}]},{\"@type\":\"WebPage\",\"@id\":\"https:\/\/newsestlyonnais.fr\/site\/2024\/01\/23\/meyzieu-denomination-de-la-nouvelle-place-du-centre-ville\/\",\"url\":\"https:\/\/newsestlyonnais.fr\/site\/2024\/01\/23\/meyzieu-denomination-de-la-nouvelle-place-du-centre-ville\/\",\"name\":\"MEYZIEU | D\u00e9nomination de la nouvelle place du centre-ville - News Est Lyonnais\",\"isPartOf\":{\"@id\":\"https:\/\/newsestlyonnais.fr\/site\/#website\"},\"primaryImageOfPage\":{\"@id\":\"https:\/\/newsestlyonnais.fr\/site\/2024\/01\/23\/meyzieu-denomination-de-la-nouvelle-place-du-centre-ville\/#primaryimage\"},\"image\":{\"@id\":\"https:\/\/newsestlyonnais.fr\/site\/2024\/01\/23\/meyzieu-denomination-de-la-nouvelle-place-du-centre-ville\/#primaryimage\"},\"thumbnailUrl\":\"https:\/\/newsestlyonnais.fr\/site\/wp-content\/uploads\/2020\/05\/NEWSESTLYONNAIS-VUE-MEYZIEU.jpg\",\"datePublished\":\"2024-01-23T12:51:40+00:00\",\"description\":\"MEYZIEU | D\u00e9nomination de la nouvelle place du centre-ville\",\"breadcrumb\":{\"@id\":\"https:\/\/newsestlyonnais.fr\/site\/2024\/01\/23\/meyzieu-denomination-de-la-nouvelle-place-du-centre-ville\/#breadcrumb\"},\"inLanguage\":\"fr-FR\",\"potentialAction\":[{\"@type\":\"ReadAction\",\"target\":[\"https:\/\/newsestlyonnais.fr\/site\/2024\/01\/23\/meyzieu-denomination-de-la-nouvelle-place-du-centre-ville\/\"]}]},{\"@type\":\"ImageObject\",\"inLanguage\":\"fr-FR\",\"@id\":\"https:\/\/newsestlyonnais.fr\/site\/2024\/01\/23\/meyzieu-denomination-de-la-nouvelle-place-du-centre-ville\/#primaryimage\",\"url\":\"https:\/\/newsestlyonnais.fr\/site\/wp-content\/uploads\/2020\/05\/NEWSESTLYONNAIS-VUE-MEYZIEU.jpg\",\"contentUrl\":\"https:\/\/newsestlyonnais.fr\/site\/wp-content\/uploads\/2020\/05\/NEWSESTLYONNAIS-VUE-MEYZIEU.jpg\",\"width\":1280,\"height\":960},{\"@type\":\"BreadcrumbList\",\"@id\":\"https:\/\/newsestlyonnais.fr\/site\/2024\/01\/23\/meyzieu-denomination-de-la-nouvelle-place-du-centre-ville\/#breadcrumb\",\"itemListElement\":[{\"@type\":\"ListItem\",\"position\":1,\"name\":\"Accueil\",\"item\":\"https:\/\/newsestlyonnais.fr\/site\/\"},{\"@type\":\"ListItem\",\"position\":2,\"name\":\"MEYZIEU | D\u00e9nomination de la nouvelle place du centre-ville\"}]},{\"@type\":\"WebSite\",\"@id\":\"https:\/\/newsestlyonnais.fr\/site\/#website\",\"url\":\"https:\/\/newsestlyonnais.fr\/site\/\",\"name\":\"News Est Lyonnais\",\"description\":\"L&#039;actualit\u00e9 au plus pr\u00e8s\",\"publisher\":{\"@id\":\"https:\/\/newsestlyonnais.fr\/site\/#organization\"},\"potentialAction\":[{\"@type\":\"SearchAction\",\"target\":{\"@type\":\"EntryPoint\",\"urlTemplate\":\"https:\/\/newsestlyonnais.fr\/site\/?s={search_term_string}\"},\"query-input\":{\"@type\":\"PropertyValueSpecification\",\"valueRequired\":true,\"valueName\":\"search_term_string\"}}],\"inLanguage\":\"fr-FR\"},{\"@type\":\"Organization\",\"@id\":\"https:\/\/newsestlyonnais.fr\/site\/#organization\",\"name\":\"News EST LYONNAIS\",\"url\":\"https:\/\/newsestlyonnais.fr\/site\/\",\"logo\":{\"@type\":\"ImageObject\",\"inLanguage\":\"fr-FR\",\"@id\":\"https:\/\/newsestlyonnais.fr\/site\/#\/schema\/logo\/image\/\",\"url\":\"\",\"contentUrl\":\"\",\"caption\":\"News EST LYONNAIS\"},\"image\":{\"@id\":\"https:\/\/newsestlyonnais.fr\/site\/#\/schema\/logo\/image\/\"}},{\"@type\":\"Person\",\"@id\":\"https:\/\/newsestlyonnais.fr\/site\/#\/schema\/person\/3230d5615f390bb808365d673001e887\",\"name\":\"R\u00e9dac. NEWS\",\"sameAs\":[\"http:\/\/www.newsestlyonnais.fr\",\"https:\/\/www.facebook.com\/pascal.oberson.1?fref=ts\",\"https:\/\/fr.linkedin.com\/in\/pascal-oberson-b17045113\"],\"url\":\"https:\/\/newsestlyonnais.fr\/site\/author\/nel\/\"}]}<\/script>\n<!-- \/ Yoast SEO plugin. -->","yoast_head_json":{"title":"MEYZIEU | D\u00e9nomination de la nouvelle place du centre-ville - News Est Lyonnais","description":"MEYZIEU | D\u00e9nomination de la nouvelle place du centre-ville","robots":{"index":"index","follow":"follow","max-snippet":"max-snippet:-1","max-image-preview":"max-image-preview:large","max-video-preview":"max-video-preview:-1"},"canonical":"https:\/\/newsestlyonnais.fr\/site\/2024\/01\/23\/meyzieu-denomination-de-la-nouvelle-place-du-centre-ville\/","og_locale":"fr_FR","og_type":"article","og_title":"MEYZIEU | D\u00e9nomination de la nouvelle place du centre-ville - News Est Lyonnais","og_description":"MEYZIEU | D\u00e9nomination de la nouvelle place du centre-ville","og_url":"https:\/\/newsestlyonnais.fr\/site\/2024\/01\/23\/meyzieu-denomination-de-la-nouvelle-place-du-centre-ville\/","og_site_name":"News Est Lyonnais","article_author":"https:\/\/www.facebook.com\/pascal.oberson.1?fref=ts","article_published_time":"2024-01-23T12:51:40+00:00","og_image":[{"width":1280,"height":960,"url":"https:\/\/newsestlyonnais.fr\/site\/wp-content\/uploads\/2020\/05\/NEWSESTLYONNAIS-VUE-MEYZIEU.jpg","type":"image\/jpeg"}],"author":"R\u00e9dac. NEWS","twitter_card":"summary_large_image","twitter_misc":{"\u00c9crit par":"R\u00e9dac. NEWS","Dur\u00e9e de lecture estim\u00e9e":"3 minutes"},"schema":{"@context":"https:\/\/schema.org","@graph":[{"@type":"Article","@id":"https:\/\/newsestlyonnais.fr\/site\/2024\/01\/23\/meyzieu-denomination-de-la-nouvelle-place-du-centre-ville\/#article","isPartOf":{"@id":"https:\/\/newsestlyonnais.fr\/site\/2024\/01\/23\/meyzieu-denomination-de-la-nouvelle-place-du-centre-ville\/"},"author":{"name":"R\u00e9dac. NEWS","@id":"https:\/\/newsestlyonnais.fr\/site\/#\/schema\/person\/3230d5615f390bb808365d673001e887"},"headline":"MEYZIEU | D\u00e9nomination de la nouvelle place du centre-ville","datePublished":"2024-01-23T12:51:40+00:00","mainEntityOfPage":{"@id":"https:\/\/newsestlyonnais.fr\/site\/2024\/01\/23\/meyzieu-denomination-de-la-nouvelle-place-du-centre-ville\/"},"wordCount":553,"commentCount":0,"publisher":{"@id":"https:\/\/newsestlyonnais.fr\/site\/#organization"},"image":{"@id":"https:\/\/newsestlyonnais.fr\/site\/2024\/01\/23\/meyzieu-denomination-de-la-nouvelle-place-du-centre-ville\/#primaryimage"},"thumbnailUrl":"https:\/\/newsestlyonnais.fr\/site\/wp-content\/uploads\/2020\/05\/NEWSESTLYONNAIS-VUE-MEYZIEU.jpg","keywords":["AMENAGEMENT","centre-ville","MEYZIEU","PLACE","TRAVAUX"],"articleSection":["Meyzieu","Que de br\u00e8ves ...","Travaux | Am\u00e9nagements"],"inLanguage":"fr-FR","potentialAction":[{"@type":"CommentAction","name":"Comment","target":["https:\/\/newsestlyonnais.fr\/site\/2024\/01\/23\/meyzieu-denomination-de-la-nouvelle-place-du-centre-ville\/#respond"]}]},{"@type":"WebPage","@id":"https:\/\/newsestlyonnais.fr\/site\/2024\/01\/23\/meyzieu-denomination-de-la-nouvelle-place-du-centre-ville\/","url":"https:\/\/newsestlyonnais.fr\/site\/2024\/01\/23\/meyzieu-denomination-de-la-nouvelle-place-du-centre-ville\/","name":"MEYZIEU | D\u00e9nomination de la nouvelle place du centre-ville - News Est Lyonnais","isPartOf":{"@id":"https:\/\/newsestlyonnais.fr\/site\/#website"},"primaryImageOfPage":{"@id":"https:\/\/newsestlyonnais.fr\/site\/2024\/01\/23\/meyzieu-denomination-de-la-nouvelle-place-du-centre-ville\/#primaryimage"},"image":{"@id":"https:\/\/newsestlyonnais.fr\/site\/2024\/01\/23\/meyzieu-denomination-de-la-nouvelle-place-du-centre-ville\/#primaryimage"},"thumbnailUrl":"https:\/\/newsestlyonnais.fr\/site\/wp-content\/uploads\/2020\/05\/NEWSESTLYONNAIS-VUE-MEYZIEU.jpg","datePublished":"2024-01-23T12:51:40+00:00","description":"MEYZIEU | D\u00e9nomination de la nouvelle place du centre-ville","breadcrumb":{"@id":"https:\/\/newsestlyonnais.fr\/site\/2024\/01\/23\/meyzieu-denomination-de-la-nouvelle-place-du-centre-ville\/#breadcrumb"},"inLanguage":"fr-FR","potentialAction":[{"@type":"ReadAction","target":["https:\/\/newsestlyonnais.fr\/site\/2024\/01\/23\/meyzieu-denomination-de-la-nouvelle-place-du-centre-ville\/"]}]},{"@type":"ImageObject","inLanguage":"fr-FR","@id":"https:\/\/newsestlyonnais.fr\/site\/2024\/01\/23\/meyzieu-denomination-de-la-nouvelle-place-du-centre-ville\/#primaryimage","url":"https:\/\/newsestlyonnais.fr\/site\/wp-content\/uploads\/2020\/05\/NEWSESTLYONNAIS-VUE-MEYZIEU.jpg","contentUrl":"https:\/\/newsestlyonnais.fr\/site\/wp-content\/uploads\/2020\/05\/NEWSESTLYONNAIS-VUE-MEYZIEU.jpg","width":1280,"height":960},{"@type":"BreadcrumbList","@id":"https:\/\/newsestlyonnais.fr\/site\/2024\/01\/23\/meyzieu-denomination-de-la-nouvelle-place-du-centre-ville\/#breadcrumb","itemListElement":[{"@type":"ListItem","position":1,"name":"Accueil","item":"https:\/\/newsestlyonnais.fr\/site\/"},{"@type":"ListItem","position":2,"name":"MEYZIEU | D\u00e9nomination de la nouvelle place du centre-ville"}]},{"@type":"WebSite","@id":"https:\/\/newsestlyonnais.fr\/site\/#website","url":"https:\/\/newsestlyonnais.fr\/site\/","name":"News Est Lyonnais","description":"L&#039;actualit\u00e9 au plus pr\u00e8s","publisher":{"@id":"https:\/\/newsestlyonnais.fr\/site\/#organization"},"potentialAction":[{"@type":"SearchAction","target":{"@type":"EntryPoint","urlTemplate":"https:\/\/newsestlyonnais.fr\/site\/?s={search_term_string}"},"query-input":{"@type":"PropertyValueSpecification","valueRequired":true,"valueName":"search_term_string"}}],"inLanguage":"fr-FR"},{"@type":"Organization","@id":"https:\/\/newsestlyonnais.fr\/site\/#organization","name":"News EST LYONNAIS","url":"https:\/\/newsestlyonnais.fr\/site\/","logo":{"@type":"ImageObject","inLanguage":"fr-FR","@id":"https:\/\/newsestlyonnais.fr\/site\/#\/schema\/logo\/image\/","url":"","contentUrl":"","caption":"News EST LYONNAIS"},"image":{"@id":"https:\/\/newsestlyonnais.fr\/site\/#\/schema\/logo\/image\/"}},{"@type":"Person","@id":"https:\/\/newsestlyonnais.fr\/site\/#\/schema\/person\/3230d5615f390bb808365d673001e887","name":"R\u00e9dac. NEWS","sameAs":["http:\/\/www.newsestlyonnais.fr","https:\/\/www.facebook.com\/pascal.oberson.1?fref=ts","https:\/\/fr.linkedin.com\/in\/pascal-oberson-b17045113"],"url":"https:\/\/newsestlyonnais.fr\/site\/author\/nel\/"}]}},"_links":{"self":[{"href":"https:\/\/newsestlyonnais.fr\/site\/wp-json\/wp\/v2\/posts\/199643","targetHints":{"allow":["GET"]}}],"collection":[{"href":"https:\/\/newsestlyonnais.fr\/site\/wp-json\/wp\/v2\/posts"}],"about":[{"href":"https:\/\/newsestlyonnais.fr\/site\/wp-json\/wp\/v2\/types\/post"}],"author":[{"embeddable":true,"href":"https:\/\/newsestlyonnais.fr\/site\/wp-json\/wp\/v2\/users\/4"}],"replies":[{"embeddable":true,"href":"https:\/\/newsestlyonnais.fr\/site\/wp-json\/wp\/v2\/comments?post=199643"}],"version-history":[{"count":0,"href":"https:\/\/newsestlyonnais.fr\/site\/wp-json\/wp\/v2\/posts\/199643\/revisions"}],"wp:featuredmedia":[{"embeddable":true,"href":"https:\/\/newsestlyonnais.fr\/site\/wp-json\/wp\/v2\/media\/101256"}],"wp:attachment":[{"href":"https:\/\/newsestlyonnais.fr\/site\/wp-json\/wp\/v2\/media?parent=199643"}],"wp:term":[{"taxonomy":"category","embeddable":true,"href":"https:\/\/newsestlyonnais.fr\/site\/wp-json\/wp\/v2\/categories?post=199643"},{"taxonomy":"post_tag","embeddable":true,"href":"https:\/\/newsestlyonnais.fr\/site\/wp-json\/wp\/v2\/tags?post=199643"}],"curies":[{"name":"wp","href":"https:\/\/api.w.org\/{rel}","templated":true}]}}