{"id":19967,"date":"2017-01-30T06:45:54","date_gmt":"2017-01-30T05:45:54","guid":{"rendered":"http:\/\/newsestlyonnais.fr\/site\/?p=19967"},"modified":"2020-11-04T16:30:33","modified_gmt":"2020-11-04T15:30:33","slug":"vaulx-en-velin-boules-lyonnaises-les-equipes-peyratou-et-theuil-en-finale-de-la-coupe-de-lamitie","status":"publish","type":"post","link":"https:\/\/newsestlyonnais.fr\/site\/2017\/01\/30\/vaulx-en-velin-boules-lyonnaises-les-equipes-peyratou-et-theuil-en-finale-de-la-coupe-de-lamitie\/","title":{"rendered":"VAULX-EN-VELIN | Boules Lyonnaises > Peyratou et Theuil finalistes de la coupe de l&rsquo;Amiti\u00e9"},"content":{"rendered":"<p>Un concours 16 quadrettes (3\u00b0 &amp; 4\u00b0 divisions promo par poules) qui affichait complet depuis plus d&rsquo;un mois et qui a malheureusement vu dans la semaine le forfait de 2 \u00e9quipes et d&rsquo;une autre le jour m\u00eame de la comp\u00e9tition, pour aller jouer ailleurs !<\/p>\n<p>Malgr\u00e9 toutes ces p\u00e9rip\u00e9ties, le concours a \u00e9t\u00e9 plut\u00f4t r\u00e9lev\u00e9 et s&rsquo;est ensuite bien d\u00e9roul\u00e9.<\/p>\n<ul>\n<li>Les \u00e9quipes Peyratou (La Merlin) et Theuil (ALBEU) disputeront la <strong>finale<\/strong><br \/>\n<strong> de la coupe de l&rsquo; Amiti\u00e9 le vendredi 3 f\u00e9vrier au boulodrome \u00e0 18 heures.<\/strong><\/li>\n<\/ul>\n<p>________________________________________________________________________________<\/p>\n<p><strong><span style=\"text-decoration: underline\">Les r\u00e9sultats <\/span>:<\/strong><\/p>\n<ul>\n<li>Perdants 1\/4 finale: Charamel (Eclose) &#8211; Buatois (Point du Jour) &#8211; Caslani (Ravat) &#8211; Dupont (St. Fons)<\/li>\n<li>1\/2 finale: <strong>Peyratou<\/strong> bat Badet &#8211; Duni\u00e8re &#8211; Saunier &#8211; Gullotto &#8211; Scappaticci (La Merlin) \u00e0 1 &amp; <strong>Theuil<\/strong> bat D&rsquo; Alo\u00efa &#8211; Grouleau &#8211; Jeune &#8211; Monnet &#8211; Caruana (La Merlin) \u00e0 8<\/li>\n<\/ul>\n<p>________________________________________________________________________________<\/p>\n<h4>NOTA : Prochain concours le 18 f\u00e9vrier Concours PC. Faure<\/h4>\n","protected":false},"excerpt":{"rendered":"<p>Organis\u00e9e par l&rsquo;Association Bouliste Vaudaise, la Coupe de l&rsquo; Amiti\u00e9 d\u00e9marrait\u00a0 samedi au boulodrome couvert de Vaulx en Velin.<\/p>\n","protected":false},"author":4,"featured_media":19971,"comment_status":"open","ping_status":"open","sticky":false,"template":"","format":"standard","meta":{"footnotes":""},"categories":[2977,1341,28],"tags":[],"class_list":["post-19967","post","type-post","status-publish","format-standard","has-post-thumbnail","hentry","category-boules-petanque-sports","category-boules-lyonnaises","category-vaulx-en-velin"],"yoast_head":"<!-- This site is optimized with the Yoast SEO plugin v27.2 - https:\/\/yoast.com\/product\/yoast-seo-wordpress\/ -->\n<title>VAULX EN VELIN: Boules Lyonnaises: Les \u00e9quipes Peyratou et Theuil en finale de la coupe de l&#039;Amiti\u00e9<\/title>\n<meta name=\"description\" content=\"VAULX EN VELIN: Boules Lyonnaises: Peyratou et Theuil en finale de la coupe de l&#039;Amiti\u00e9\" \/>\n<meta name=\"robots\" content=\"index, follow, max-snippet:-1, max-image-preview:large, max-video-preview:-1\" \/>\n<link rel=\"canonical\" href=\"https:\/\/newsestlyonnais.fr\/site\/2017\/01\/30\/vaulx-en-velin-boules-lyonnaises-les-equipes-peyratou-et-theuil-en-finale-de-la-coupe-de-lamitie\/\" \/>\n<meta property=\"og:locale\" content=\"fr_FR\" \/>\n<meta property=\"og:type\" content=\"article\" \/>\n<meta property=\"og:title\" content=\"VAULX EN VELIN: Boules Lyonnaises: Les \u00e9quipes Peyratou et Theuil en finale de la coupe de l&#039;Amiti\u00e9\" \/>\n<meta property=\"og:description\" content=\"VAULX EN VELIN: Boules Lyonnaises: Peyratou et Theuil en finale de la coupe de l&#039;Amiti\u00e9\" \/>\n<meta property=\"og:url\" content=\"https:\/\/newsestlyonnais.fr\/site\/2017\/01\/30\/vaulx-en-velin-boules-lyonnaises-les-equipes-peyratou-et-theuil-en-finale-de-la-coupe-de-lamitie\/\" \/>\n<meta property=\"og:site_name\" content=\"News Est Lyonnais\" \/>\n<meta property=\"article:author\" content=\"https:\/\/www.facebook.com\/pascal.oberson.1?fref=ts\" \/>\n<meta property=\"article:published_time\" content=\"2017-01-30T05:45:54+00:00\" \/>\n<meta property=\"article:modified_time\" content=\"2020-11-04T15:30:33+00:00\" \/>\n<meta property=\"og:image\" content=\"https:\/\/i1.wp.com\/newsestlyonnais.fr\/site\/wp-content\/uploads\/2017\/01\/NEWSESTLYONNAIS-COUPE-AMITIE-BOULES-VAULX-1-1.jpg?fit=1000%2C750&ssl=1\" \/>\n\t<meta property=\"og:image:width\" content=\"1000\" \/>\n\t<meta property=\"og:image:height\" content=\"750\" \/>\n\t<meta property=\"og:image:type\" content=\"image\/jpeg\" \/>\n<meta name=\"author\" content=\"R\u00e9dac. NEWS\" \/>\n<meta name=\"twitter:card\" content=\"summary_large_image\" \/>\n<meta name=\"twitter:label1\" content=\"\u00c9crit par\" \/>\n\t<meta name=\"twitter:data1\" content=\"R\u00e9dac. NEWS\" \/>\n\t<meta name=\"twitter:label2\" content=\"Dur\u00e9e de lecture estim\u00e9e\" \/>\n\t<meta name=\"twitter:data2\" content=\"1 minute\" \/>\n<script type=\"application\/ld+json\" class=\"yoast-schema-graph\">{\"@context\":\"https:\/\/schema.org\",\"@graph\":[{\"@type\":\"Article\",\"@id\":\"https:\/\/newsestlyonnais.fr\/site\/2017\/01\/30\/vaulx-en-velin-boules-lyonnaises-les-equipes-peyratou-et-theuil-en-finale-de-la-coupe-de-lamitie\/#article\",\"isPartOf\":{\"@id\":\"https:\/\/newsestlyonnais.fr\/site\/2017\/01\/30\/vaulx-en-velin-boules-lyonnaises-les-equipes-peyratou-et-theuil-en-finale-de-la-coupe-de-lamitie\/\"},\"author\":{\"name\":\"R\u00e9dac. NEWS\",\"@id\":\"https:\/\/newsestlyonnais.fr\/site\/#\/schema\/person\/3230d5615f390bb808365d673001e887\"},\"headline\":\"VAULX-EN-VELIN | Boules Lyonnaises > Peyratou et Theuil finalistes de la coupe de l&rsquo;Amiti\u00e9\",\"datePublished\":\"2017-01-30T05:45:54+00:00\",\"dateModified\":\"2020-11-04T15:30:33+00:00\",\"mainEntityOfPage\":{\"@id\":\"https:\/\/newsestlyonnais.fr\/site\/2017\/01\/30\/vaulx-en-velin-boules-lyonnaises-les-equipes-peyratou-et-theuil-en-finale-de-la-coupe-de-lamitie\/\"},\"wordCount\":161,\"commentCount\":0,\"publisher\":{\"@id\":\"https:\/\/newsestlyonnais.fr\/site\/#organization\"},\"image\":{\"@id\":\"https:\/\/newsestlyonnais.fr\/site\/2017\/01\/30\/vaulx-en-velin-boules-lyonnaises-les-equipes-peyratou-et-theuil-en-finale-de-la-coupe-de-lamitie\/#primaryimage\"},\"thumbnailUrl\":\"https:\/\/newsestlyonnais.fr\/site\/wp-content\/uploads\/2017\/01\/NEWSESTLYONNAIS-COUPE-AMITIE-BOULES-VAULX-1-1.jpg\",\"articleSection\":[\"Boules | P\u00e9tanque\",\"Boules Lyonnaises\",\"Vaulx-en-Velin\"],\"inLanguage\":\"fr-FR\",\"potentialAction\":[{\"@type\":\"CommentAction\",\"name\":\"Comment\",\"target\":[\"https:\/\/newsestlyonnais.fr\/site\/2017\/01\/30\/vaulx-en-velin-boules-lyonnaises-les-equipes-peyratou-et-theuil-en-finale-de-la-coupe-de-lamitie\/#respond\"]}]},{\"@type\":\"WebPage\",\"@id\":\"https:\/\/newsestlyonnais.fr\/site\/2017\/01\/30\/vaulx-en-velin-boules-lyonnaises-les-equipes-peyratou-et-theuil-en-finale-de-la-coupe-de-lamitie\/\",\"url\":\"https:\/\/newsestlyonnais.fr\/site\/2017\/01\/30\/vaulx-en-velin-boules-lyonnaises-les-equipes-peyratou-et-theuil-en-finale-de-la-coupe-de-lamitie\/\",\"name\":\"VAULX EN VELIN: Boules Lyonnaises: Les \u00e9quipes Peyratou et Theuil en finale de la coupe de l'Amiti\u00e9\",\"isPartOf\":{\"@id\":\"https:\/\/newsestlyonnais.fr\/site\/#website\"},\"primaryImageOfPage\":{\"@id\":\"https:\/\/newsestlyonnais.fr\/site\/2017\/01\/30\/vaulx-en-velin-boules-lyonnaises-les-equipes-peyratou-et-theuil-en-finale-de-la-coupe-de-lamitie\/#primaryimage\"},\"image\":{\"@id\":\"https:\/\/newsestlyonnais.fr\/site\/2017\/01\/30\/vaulx-en-velin-boules-lyonnaises-les-equipes-peyratou-et-theuil-en-finale-de-la-coupe-de-lamitie\/#primaryimage\"},\"thumbnailUrl\":\"https:\/\/newsestlyonnais.fr\/site\/wp-content\/uploads\/2017\/01\/NEWSESTLYONNAIS-COUPE-AMITIE-BOULES-VAULX-1-1.jpg\",\"datePublished\":\"2017-01-30T05:45:54+00:00\",\"dateModified\":\"2020-11-04T15:30:33+00:00\",\"description\":\"VAULX EN VELIN: Boules Lyonnaises: Peyratou et Theuil en finale de la coupe de l'Amiti\u00e9\",\"breadcrumb\":{\"@id\":\"https:\/\/newsestlyonnais.fr\/site\/2017\/01\/30\/vaulx-en-velin-boules-lyonnaises-les-equipes-peyratou-et-theuil-en-finale-de-la-coupe-de-lamitie\/#breadcrumb\"},\"inLanguage\":\"fr-FR\",\"potentialAction\":[{\"@type\":\"ReadAction\",\"target\":[\"https:\/\/newsestlyonnais.fr\/site\/2017\/01\/30\/vaulx-en-velin-boules-lyonnaises-les-equipes-peyratou-et-theuil-en-finale-de-la-coupe-de-lamitie\/\"]}]},{\"@type\":\"ImageObject\",\"inLanguage\":\"fr-FR\",\"@id\":\"https:\/\/newsestlyonnais.fr\/site\/2017\/01\/30\/vaulx-en-velin-boules-lyonnaises-les-equipes-peyratou-et-theuil-en-finale-de-la-coupe-de-lamitie\/#primaryimage\",\"url\":\"https:\/\/newsestlyonnais.fr\/site\/wp-content\/uploads\/2017\/01\/NEWSESTLYONNAIS-COUPE-AMITIE-BOULES-VAULX-1-1.jpg\",\"contentUrl\":\"https:\/\/newsestlyonnais.fr\/site\/wp-content\/uploads\/2017\/01\/NEWSESTLYONNAIS-COUPE-AMITIE-BOULES-VAULX-1-1.jpg\",\"width\":1000,\"height\":750},{\"@type\":\"BreadcrumbList\",\"@id\":\"https:\/\/newsestlyonnais.fr\/site\/2017\/01\/30\/vaulx-en-velin-boules-lyonnaises-les-equipes-peyratou-et-theuil-en-finale-de-la-coupe-de-lamitie\/#breadcrumb\",\"itemListElement\":[{\"@type\":\"ListItem\",\"position\":1,\"name\":\"Accueil\",\"item\":\"https:\/\/newsestlyonnais.fr\/site\/\"},{\"@type\":\"ListItem\",\"position\":2,\"name\":\"VAULX-EN-VELIN | Boules Lyonnaises > Peyratou et Theuil finalistes de la coupe de l&rsquo;Amiti\u00e9\"}]},{\"@type\":\"WebSite\",\"@id\":\"https:\/\/newsestlyonnais.fr\/site\/#website\",\"url\":\"https:\/\/newsestlyonnais.fr\/site\/\",\"name\":\"News Est Lyonnais\",\"description\":\"L&#039;actualit\u00e9 au plus pr\u00e8s\",\"publisher\":{\"@id\":\"https:\/\/newsestlyonnais.fr\/site\/#organization\"},\"potentialAction\":[{\"@type\":\"SearchAction\",\"target\":{\"@type\":\"EntryPoint\",\"urlTemplate\":\"https:\/\/newsestlyonnais.fr\/site\/?s={search_term_string}\"},\"query-input\":{\"@type\":\"PropertyValueSpecification\",\"valueRequired\":true,\"valueName\":\"search_term_string\"}}],\"inLanguage\":\"fr-FR\"},{\"@type\":\"Organization\",\"@id\":\"https:\/\/newsestlyonnais.fr\/site\/#organization\",\"name\":\"News EST LYONNAIS\",\"url\":\"https:\/\/newsestlyonnais.fr\/site\/\",\"logo\":{\"@type\":\"ImageObject\",\"inLanguage\":\"fr-FR\",\"@id\":\"https:\/\/newsestlyonnais.fr\/site\/#\/schema\/logo\/image\/\",\"url\":\"\",\"contentUrl\":\"\",\"caption\":\"News EST LYONNAIS\"},\"image\":{\"@id\":\"https:\/\/newsestlyonnais.fr\/site\/#\/schema\/logo\/image\/\"}},{\"@type\":\"Person\",\"@id\":\"https:\/\/newsestlyonnais.fr\/site\/#\/schema\/person\/3230d5615f390bb808365d673001e887\",\"name\":\"R\u00e9dac. NEWS\",\"sameAs\":[\"http:\/\/www.newsestlyonnais.fr\",\"https:\/\/www.facebook.com\/pascal.oberson.1?fref=ts\",\"https:\/\/fr.linkedin.com\/in\/pascal-oberson-b17045113\"],\"url\":\"https:\/\/newsestlyonnais.fr\/site\/author\/nel\/\"}]}<\/script>\n<!-- \/ Yoast SEO plugin. -->","yoast_head_json":{"title":"VAULX EN VELIN: Boules Lyonnaises: Les \u00e9quipes Peyratou et Theuil en finale de la coupe de l'Amiti\u00e9","description":"VAULX EN VELIN: Boules Lyonnaises: Peyratou et Theuil en finale de la coupe de l'Amiti\u00e9","robots":{"index":"index","follow":"follow","max-snippet":"max-snippet:-1","max-image-preview":"max-image-preview:large","max-video-preview":"max-video-preview:-1"},"canonical":"https:\/\/newsestlyonnais.fr\/site\/2017\/01\/30\/vaulx-en-velin-boules-lyonnaises-les-equipes-peyratou-et-theuil-en-finale-de-la-coupe-de-lamitie\/","og_locale":"fr_FR","og_type":"article","og_title":"VAULX EN VELIN: Boules Lyonnaises: Les \u00e9quipes Peyratou et Theuil en finale de la coupe de l'Amiti\u00e9","og_description":"VAULX EN VELIN: Boules Lyonnaises: Peyratou et Theuil en finale de la coupe de l'Amiti\u00e9","og_url":"https:\/\/newsestlyonnais.fr\/site\/2017\/01\/30\/vaulx-en-velin-boules-lyonnaises-les-equipes-peyratou-et-theuil-en-finale-de-la-coupe-de-lamitie\/","og_site_name":"News Est Lyonnais","article_author":"https:\/\/www.facebook.com\/pascal.oberson.1?fref=ts","article_published_time":"2017-01-30T05:45:54+00:00","article_modified_time":"2020-11-04T15:30:33+00:00","og_image":[{"width":1000,"height":750,"url":"https:\/\/i1.wp.com\/newsestlyonnais.fr\/site\/wp-content\/uploads\/2017\/01\/NEWSESTLYONNAIS-COUPE-AMITIE-BOULES-VAULX-1-1.jpg?fit=1000%2C750&ssl=1","type":"image\/jpeg"}],"author":"R\u00e9dac. NEWS","twitter_card":"summary_large_image","twitter_misc":{"\u00c9crit par":"R\u00e9dac. NEWS","Dur\u00e9e de lecture estim\u00e9e":"1 minute"},"schema":{"@context":"https:\/\/schema.org","@graph":[{"@type":"Article","@id":"https:\/\/newsestlyonnais.fr\/site\/2017\/01\/30\/vaulx-en-velin-boules-lyonnaises-les-equipes-peyratou-et-theuil-en-finale-de-la-coupe-de-lamitie\/#article","isPartOf":{"@id":"https:\/\/newsestlyonnais.fr\/site\/2017\/01\/30\/vaulx-en-velin-boules-lyonnaises-les-equipes-peyratou-et-theuil-en-finale-de-la-coupe-de-lamitie\/"},"author":{"name":"R\u00e9dac. NEWS","@id":"https:\/\/newsestlyonnais.fr\/site\/#\/schema\/person\/3230d5615f390bb808365d673001e887"},"headline":"VAULX-EN-VELIN | Boules Lyonnaises > Peyratou et Theuil finalistes de la coupe de l&rsquo;Amiti\u00e9","datePublished":"2017-01-30T05:45:54+00:00","dateModified":"2020-11-04T15:30:33+00:00","mainEntityOfPage":{"@id":"https:\/\/newsestlyonnais.fr\/site\/2017\/01\/30\/vaulx-en-velin-boules-lyonnaises-les-equipes-peyratou-et-theuil-en-finale-de-la-coupe-de-lamitie\/"},"wordCount":161,"commentCount":0,"publisher":{"@id":"https:\/\/newsestlyonnais.fr\/site\/#organization"},"image":{"@id":"https:\/\/newsestlyonnais.fr\/site\/2017\/01\/30\/vaulx-en-velin-boules-lyonnaises-les-equipes-peyratou-et-theuil-en-finale-de-la-coupe-de-lamitie\/#primaryimage"},"thumbnailUrl":"https:\/\/newsestlyonnais.fr\/site\/wp-content\/uploads\/2017\/01\/NEWSESTLYONNAIS-COUPE-AMITIE-BOULES-VAULX-1-1.jpg","articleSection":["Boules | P\u00e9tanque","Boules Lyonnaises","Vaulx-en-Velin"],"inLanguage":"fr-FR","potentialAction":[{"@type":"CommentAction","name":"Comment","target":["https:\/\/newsestlyonnais.fr\/site\/2017\/01\/30\/vaulx-en-velin-boules-lyonnaises-les-equipes-peyratou-et-theuil-en-finale-de-la-coupe-de-lamitie\/#respond"]}]},{"@type":"WebPage","@id":"https:\/\/newsestlyonnais.fr\/site\/2017\/01\/30\/vaulx-en-velin-boules-lyonnaises-les-equipes-peyratou-et-theuil-en-finale-de-la-coupe-de-lamitie\/","url":"https:\/\/newsestlyonnais.fr\/site\/2017\/01\/30\/vaulx-en-velin-boules-lyonnaises-les-equipes-peyratou-et-theuil-en-finale-de-la-coupe-de-lamitie\/","name":"VAULX EN VELIN: Boules Lyonnaises: Les \u00e9quipes Peyratou et Theuil en finale de la coupe de l'Amiti\u00e9","isPartOf":{"@id":"https:\/\/newsestlyonnais.fr\/site\/#website"},"primaryImageOfPage":{"@id":"https:\/\/newsestlyonnais.fr\/site\/2017\/01\/30\/vaulx-en-velin-boules-lyonnaises-les-equipes-peyratou-et-theuil-en-finale-de-la-coupe-de-lamitie\/#primaryimage"},"image":{"@id":"https:\/\/newsestlyonnais.fr\/site\/2017\/01\/30\/vaulx-en-velin-boules-lyonnaises-les-equipes-peyratou-et-theuil-en-finale-de-la-coupe-de-lamitie\/#primaryimage"},"thumbnailUrl":"https:\/\/newsestlyonnais.fr\/site\/wp-content\/uploads\/2017\/01\/NEWSESTLYONNAIS-COUPE-AMITIE-BOULES-VAULX-1-1.jpg","datePublished":"2017-01-30T05:45:54+00:00","dateModified":"2020-11-04T15:30:33+00:00","description":"VAULX EN VELIN: Boules Lyonnaises: Peyratou et Theuil en finale de la coupe de l'Amiti\u00e9","breadcrumb":{"@id":"https:\/\/newsestlyonnais.fr\/site\/2017\/01\/30\/vaulx-en-velin-boules-lyonnaises-les-equipes-peyratou-et-theuil-en-finale-de-la-coupe-de-lamitie\/#breadcrumb"},"inLanguage":"fr-FR","potentialAction":[{"@type":"ReadAction","target":["https:\/\/newsestlyonnais.fr\/site\/2017\/01\/30\/vaulx-en-velin-boules-lyonnaises-les-equipes-peyratou-et-theuil-en-finale-de-la-coupe-de-lamitie\/"]}]},{"@type":"ImageObject","inLanguage":"fr-FR","@id":"https:\/\/newsestlyonnais.fr\/site\/2017\/01\/30\/vaulx-en-velin-boules-lyonnaises-les-equipes-peyratou-et-theuil-en-finale-de-la-coupe-de-lamitie\/#primaryimage","url":"https:\/\/newsestlyonnais.fr\/site\/wp-content\/uploads\/2017\/01\/NEWSESTLYONNAIS-COUPE-AMITIE-BOULES-VAULX-1-1.jpg","contentUrl":"https:\/\/newsestlyonnais.fr\/site\/wp-content\/uploads\/2017\/01\/NEWSESTLYONNAIS-COUPE-AMITIE-BOULES-VAULX-1-1.jpg","width":1000,"height":750},{"@type":"BreadcrumbList","@id":"https:\/\/newsestlyonnais.fr\/site\/2017\/01\/30\/vaulx-en-velin-boules-lyonnaises-les-equipes-peyratou-et-theuil-en-finale-de-la-coupe-de-lamitie\/#breadcrumb","itemListElement":[{"@type":"ListItem","position":1,"name":"Accueil","item":"https:\/\/newsestlyonnais.fr\/site\/"},{"@type":"ListItem","position":2,"name":"VAULX-EN-VELIN | Boules Lyonnaises > Peyratou et Theuil finalistes de la coupe de l&rsquo;Amiti\u00e9"}]},{"@type":"WebSite","@id":"https:\/\/newsestlyonnais.fr\/site\/#website","url":"https:\/\/newsestlyonnais.fr\/site\/","name":"News Est Lyonnais","description":"L&#039;actualit\u00e9 au plus pr\u00e8s","publisher":{"@id":"https:\/\/newsestlyonnais.fr\/site\/#organization"},"potentialAction":[{"@type":"SearchAction","target":{"@type":"EntryPoint","urlTemplate":"https:\/\/newsestlyonnais.fr\/site\/?s={search_term_string}"},"query-input":{"@type":"PropertyValueSpecification","valueRequired":true,"valueName":"search_term_string"}}],"inLanguage":"fr-FR"},{"@type":"Organization","@id":"https:\/\/newsestlyonnais.fr\/site\/#organization","name":"News EST LYONNAIS","url":"https:\/\/newsestlyonnais.fr\/site\/","logo":{"@type":"ImageObject","inLanguage":"fr-FR","@id":"https:\/\/newsestlyonnais.fr\/site\/#\/schema\/logo\/image\/","url":"","contentUrl":"","caption":"News EST LYONNAIS"},"image":{"@id":"https:\/\/newsestlyonnais.fr\/site\/#\/schema\/logo\/image\/"}},{"@type":"Person","@id":"https:\/\/newsestlyonnais.fr\/site\/#\/schema\/person\/3230d5615f390bb808365d673001e887","name":"R\u00e9dac. NEWS","sameAs":["http:\/\/www.newsestlyonnais.fr","https:\/\/www.facebook.com\/pascal.oberson.1?fref=ts","https:\/\/fr.linkedin.com\/in\/pascal-oberson-b17045113"],"url":"https:\/\/newsestlyonnais.fr\/site\/author\/nel\/"}]}},"_links":{"self":[{"href":"https:\/\/newsestlyonnais.fr\/site\/wp-json\/wp\/v2\/posts\/19967","targetHints":{"allow":["GET"]}}],"collection":[{"href":"https:\/\/newsestlyonnais.fr\/site\/wp-json\/wp\/v2\/posts"}],"about":[{"href":"https:\/\/newsestlyonnais.fr\/site\/wp-json\/wp\/v2\/types\/post"}],"author":[{"embeddable":true,"href":"https:\/\/newsestlyonnais.fr\/site\/wp-json\/wp\/v2\/users\/4"}],"replies":[{"embeddable":true,"href":"https:\/\/newsestlyonnais.fr\/site\/wp-json\/wp\/v2\/comments?post=19967"}],"version-history":[{"count":0,"href":"https:\/\/newsestlyonnais.fr\/site\/wp-json\/wp\/v2\/posts\/19967\/revisions"}],"wp:featuredmedia":[{"embeddable":true,"href":"https:\/\/newsestlyonnais.fr\/site\/wp-json\/wp\/v2\/media\/19971"}],"wp:attachment":[{"href":"https:\/\/newsestlyonnais.fr\/site\/wp-json\/wp\/v2\/media?parent=19967"}],"wp:term":[{"taxonomy":"category","embeddable":true,"href":"https:\/\/newsestlyonnais.fr\/site\/wp-json\/wp\/v2\/categories?post=19967"},{"taxonomy":"post_tag","embeddable":true,"href":"https:\/\/newsestlyonnais.fr\/site\/wp-json\/wp\/v2\/tags?post=19967"}],"curies":[{"name":"wp","href":"https:\/\/api.w.org\/{rel}","templated":true}]}}