{"id":199740,"date":"2024-01-24T11:49:28","date_gmt":"2024-01-24T10:49:28","guid":{"rendered":"https:\/\/newsestlyonnais.fr\/site\/?p=199740"},"modified":"2024-01-24T14:05:58","modified_gmt":"2024-01-24T13:05:58","slug":"christophe-baud-jai-teste-le-trail-je-me-suis-pris-au-jeu-et-jai-augmente-les-distances-et-le-denivele","status":"publish","type":"post","link":"https:\/\/newsestlyonnais.fr\/site\/2024\/01\/24\/christophe-baud-jai-teste-le-trail-je-me-suis-pris-au-jeu-et-jai-augmente-les-distances-et-le-denivele\/","title":{"rendered":"Christophe Baud \u00bb J\u2019ai test\u00e9 le trail, je me suis pris au jeu et j&rsquo;ai augment\u00e9 les distances et le d\u00e9nivel\u00e9 \u00ab"},"content":{"rendered":"<p><strong><span style=\"background-color: #000000; color: #ffffff;\">Petite pr\u00e9sentation <\/span><\/strong><\/p>\n<p>\u00bb J&rsquo;habite F\u00e9ternes, pr\u00e8s d&rsquo;\u00c9vian en Haute-Savoie, j\u2019ai 38 ans et je suis Policier \u00ab.<\/p>\n<hr \/>\n<p><strong><span style=\"background-color: #000000; color: #ffffff;\">Pr\u00e9sentation sommaire de votre pass\u00e9 sportif, niveau et \u00e9ventuel palmar\u00e8s :<\/span><\/strong><\/p>\n<p>\u00bb Mari\u00e9, 3 enfants, <strong>j&rsquo;ai commenc\u00e9 la course \u00e0 pied avec des cross, puis j\u2019ai rallong\u00e9 vers les semi-marathons jusqu&rsquo;au marathon<\/strong>, notamment celui de Paris car j&rsquo;\u00e9tais en r\u00e9gion \u00cele de France pour le travail.<\/p>\n<p>Quand je suis revenu dans mes montagnes natales de Haute-Savoie, le trail \u00e9tait en plein essor, j\u2019ai test\u00e9 car c\u2019\u00e9tait un peu \u201c\u00e0 la mode\u201d&#8230; au d\u00e9but c&rsquo;\u00e9tait dur, vraiment une autre discipline mais <strong>je me suis pris au jeu et j&rsquo;ai augment\u00e9 les distances et le d\u00e9nivel\u00e9.<\/strong>\u00a0 J&rsquo;ai rapidement \u00e9t\u00e9 attir\u00e9 par le plus long, ce que l\u2019on appelle \u201cl\u2019ultra\u201d&#8230;. Ah la la, ce besoin de faire toujours plus\u2026 \u00ab.<\/p>\n<p><strong><span style=\"background-color: #000000; color: #ffffff;\">Vos points forts et distances pr\u00e9f\u00e9r\u00e9es ? et combien d\u2019heures d\u2019entrainement par semaine ?<\/span><\/strong><\/p>\n<p>\u00bb Mes points forts : pers\u00e9v\u00e9rance, r\u00e9silience, r\u00e9sistance, motivation et mes points faibles : alimentation, organisation<\/p>\n<p>Distance pr\u00e9f\u00e9r\u00e9e : <strong>J\u2019aime bien quand \u00e7a devient long, avoir \u00e0 passer dans un mode de gestion c&rsquo;est \u00e7a qui me pla\u00eet<\/strong>. Mais je prends \u00e9galement beaucoup de plaisir \u00e0 participer \u00e0 des courses plus petites et plus locales.<\/p>\n<p>Entra\u00eenement : environ 10 h\/semaine, j&rsquo;essaye de sortir tous les jours et de varier avec ski de rando l\u2019hiver et le cyclisme l\u2019\u00e9t\u00e9 et surtout jongler avec mon travail de nuit et la vie de famille ! \u00ab<\/p>\n<hr \/>\n<p><span style=\"background-color: #000000; color: #ffffff;\"><strong>Quelles courses disput\u00e9es ?<\/strong><\/span><\/p>\n<p><strong>\u00bb A mon actif, juste quelques courses notables :<\/strong><\/p>\n<ul>\n<li>UTMB 2017<\/li>\n<li>SANTELYON 2013\/2014\/2015\/2016\/2018\/2021<\/li>\n<li>LYONSAINTELYON 2023<\/li>\n<li>OCC 2014<\/li>\n<li>CCC 2015<\/li>\n<li>TEMPLIERS<\/li>\n<li>MARATHON DU MONT-BLANC 2016<\/li>\n<li>TDS 2018\/2023<\/li>\n<li>90 Km du MONT-BLANC 2021<\/li>\n<li>PTL 2022<\/li>\n<li>BACKYARD CHARTREUSE 2023<\/li>\n<li>BACKYARD CHATONNAY \u201cPARKINSON TRAIL TOUR\u201d 2023<\/li>\n<li>BACKYARD DIJON INFINITY TRAIL 2023<\/li>\n<li>BIGS DOG BACKYARD TENNESSEE 2023 \u201cWORLD CHAMPIONSHIP\u201d \u00ab.<\/li>\n<\/ul>\n<hr \/>\n<p><strong><span style=\"background-color: #000000; color: #ffffff;\">Comment qualifierez-vous cette ann\u00e9e 2023 ?<\/span><\/strong><\/p>\n<p>\u00bb Son bilan : ce fut <strong>une ann\u00e9e exceptionnelle avec ce record aux \u00c9tats-Unis lors de la <span style=\"background-color: #000000; color: #ffcc00;\">BACKYARD*<\/span><\/strong> (16\u00b0 mondial et record de France) \u00ab.<\/p>\n<p><span style=\"background-color: #000000; color: #ffcc00;\">* <strong>La Backyard est une course d\u2019endurance \u00e0 \u00e9limination<\/strong> invent\u00e9e par un Am\u00e9ricain, le c\u00e9l\u00e8bre et excentrique Lazarus Lake. Le principe est de donner un d\u00e9part toutes les heures pour une boucle de 6.7 km. <\/span><span style=\"background-color: #000000; color: #ffcc00;\"><strong>Le coureur doit g\u00e9rer son temps et son allure pour se ravitailler avant le prochain d\u00e9part<\/strong>. La course continue jusqu\u2019\u00e0 ce qu\u2019il n\u2019en reste plus qu\u2019un, <strong>c\u2019est le principe du dernier homme debout.<\/strong><\/span><\/p>\n<p><strong><span style=\"background-color: #000000; color: #ffffff;\">Quel est votre programme pour 2024 ?<\/span><\/strong><\/p>\n<p><strong>\u00bb Mondiaux de Backyard<\/strong> en \u00e9quipes en octobre + <strong>UTMB puisque je viens fra\u00eechement d&rsquo;\u00eatre tir\u00e9 au sort<\/strong> ! \u00ab<\/p>\n<hr \/>\n<p><strong><span style=\"background-color: #000000; color: #ffffff;\">Et une petite anecdote pour conclure ?<\/span><\/strong><\/p>\n<p><strong>\u00bb Les nombreuses hallucinations qui m&rsquo;ont jou\u00e9 des tours pendant mes courses<\/strong>, notamment aux \u00c9tats-Unis quand le manque de sommeil se fait sentir et que je demande \u00e0 mon assistance o\u00f9 nous sommes, en quoi consiste la course et si on va nous fournir des v\u00e9los\u2026 la fatigue me fait perdre les p\u00e9dales, c&rsquo;est le cas de le dire ! <strong>Je fais partie du b\u00eatisier maintenant ! \u00ab<br \/>\n<\/strong><\/p>\n<hr \/>\n<div id='gallery-1' class='gallery galleryid-199740 gallery-columns-2 gallery-size-large'><figure class='gallery-item'>\n\t\t\t<div class='gallery-icon portrait'>\n\t\t\t\t<a href='https:\/\/newsestlyonnais.fr\/site\/2024\/01\/24\/christophe-baud-jai-teste-le-trail-je-me-suis-pris-au-jeu-et-jai-augmente-les-distances-et-le-denivele\/attachment\/1000056658\/'><img loading=\"lazy\" decoding=\"async\" width=\"500\" height=\"750\" src=\"https:\/\/newsestlyonnais.fr\/site\/wp-content\/uploads\/2024\/01\/1000056658-650x975.jpg\" class=\"attachment-large size-large\" alt=\"\" srcset=\"https:\/\/newsestlyonnais.fr\/site\/wp-content\/uploads\/2024\/01\/1000056658-650x975.jpg 650w, https:\/\/newsestlyonnais.fr\/site\/wp-content\/uploads\/2024\/01\/1000056658-400x600.jpg 400w, https:\/\/newsestlyonnais.fr\/site\/wp-content\/uploads\/2024\/01\/1000056658-250x375.jpg 250w, https:\/\/newsestlyonnais.fr\/site\/wp-content\/uploads\/2024\/01\/1000056658-150x225.jpg 150w, https:\/\/newsestlyonnais.fr\/site\/wp-content\/uploads\/2024\/01\/1000056658-50x75.jpg 50w, https:\/\/newsestlyonnais.fr\/site\/wp-content\/uploads\/2024\/01\/1000056658-100x150.jpg 100w, https:\/\/newsestlyonnais.fr\/site\/wp-content\/uploads\/2024\/01\/1000056658-200x300.jpg 200w, https:\/\/newsestlyonnais.fr\/site\/wp-content\/uploads\/2024\/01\/1000056658-300x450.jpg 300w, https:\/\/newsestlyonnais.fr\/site\/wp-content\/uploads\/2024\/01\/1000056658-350x525.jpg 350w, https:\/\/newsestlyonnais.fr\/site\/wp-content\/uploads\/2024\/01\/1000056658-450x675.jpg 450w, https:\/\/newsestlyonnais.fr\/site\/wp-content\/uploads\/2024\/01\/1000056658-500x750.jpg 500w, https:\/\/newsestlyonnais.fr\/site\/wp-content\/uploads\/2024\/01\/1000056658-550x825.jpg 550w, https:\/\/newsestlyonnais.fr\/site\/wp-content\/uploads\/2024\/01\/1000056658.jpg 697w\" sizes=\"auto, (max-width: 500px) 100vw, 500px\" \/><\/a>\n\t\t\t<\/div><\/figure><figure class='gallery-item'>\n\t\t\t<div class='gallery-icon landscape'>\n\t\t\t\t<a href='https:\/\/newsestlyonnais.fr\/site\/2024\/01\/24\/christophe-baud-jai-teste-le-trail-je-me-suis-pris-au-jeu-et-jai-augmente-les-distances-et-le-denivele\/attachment\/1000056660\/'><img loading=\"lazy\" decoding=\"async\" width=\"640\" height=\"426\" src=\"https:\/\/newsestlyonnais.fr\/site\/wp-content\/uploads\/2024\/01\/1000056660-650x433.jpg\" class=\"attachment-large size-large\" alt=\"\" srcset=\"https:\/\/newsestlyonnais.fr\/site\/wp-content\/uploads\/2024\/01\/1000056660-650x433.jpg 650w, https:\/\/newsestlyonnais.fr\/site\/wp-content\/uploads\/2024\/01\/1000056660-400x267.jpg 400w, https:\/\/newsestlyonnais.fr\/site\/wp-content\/uploads\/2024\/01\/1000056660-250x167.jpg 250w, https:\/\/newsestlyonnais.fr\/site\/wp-content\/uploads\/2024\/01\/1000056660-768x512.jpg 768w, https:\/\/newsestlyonnais.fr\/site\/wp-content\/uploads\/2024\/01\/1000056660-150x100.jpg 150w, https:\/\/newsestlyonnais.fr\/site\/wp-content\/uploads\/2024\/01\/1000056660-50x33.jpg 50w, https:\/\/newsestlyonnais.fr\/site\/wp-content\/uploads\/2024\/01\/1000056660-100x67.jpg 100w, https:\/\/newsestlyonnais.fr\/site\/wp-content\/uploads\/2024\/01\/1000056660-200x133.jpg 200w, https:\/\/newsestlyonnais.fr\/site\/wp-content\/uploads\/2024\/01\/1000056660-300x200.jpg 300w, https:\/\/newsestlyonnais.fr\/site\/wp-content\/uploads\/2024\/01\/1000056660-350x233.jpg 350w, https:\/\/newsestlyonnais.fr\/site\/wp-content\/uploads\/2024\/01\/1000056660-450x300.jpg 450w, https:\/\/newsestlyonnais.fr\/site\/wp-content\/uploads\/2024\/01\/1000056660-500x333.jpg 500w, https:\/\/newsestlyonnais.fr\/site\/wp-content\/uploads\/2024\/01\/1000056660-550x367.jpg 550w, https:\/\/newsestlyonnais.fr\/site\/wp-content\/uploads\/2024\/01\/1000056660-800x533.jpg 800w, https:\/\/newsestlyonnais.fr\/site\/wp-content\/uploads\/2024\/01\/1000056660.jpg 960w\" sizes=\"auto, (max-width: 640px) 100vw, 640px\" \/><\/a>\n\t\t\t<\/div><\/figure>\n\t\t<\/div>\n\n<hr \/>\n<p><span style=\"background-color: #000000; color: #ffcc00;\"><strong>Prochain bilan &gt; Olivier Gaillard (Course \u00e0 pied)<\/strong><\/span><\/p>\n","protected":false},"excerpt":{"rendered":"<p>Le coureur haut-savoyard, s&rsquo;est pris de passion, pour la Backyard, course d\u2019endurance \u00e0 \u00e9limination, battant en 2023 le record de France (77 tours, 515 km) et class\u00e9 16\u00b0 mondial.  <\/p>\n","protected":false},"author":4,"featured_media":199771,"comment_status":"open","ping_status":"open","sticky":false,"template":"","format":"standard","meta":{"footnotes":""},"categories":[2968,4548,4286,137],"tags":[5022,5021,5023],"class_list":["post-199740","post","type-post","status-publish","format-standard","has-post-thumbnail","hentry","category-athle-course-pied-marche","category-autres-departements","category-interview-a-la-une","category-interviews","tag-backyard","tag-christophe-baud","tag-haute-savoie"],"yoast_head":"<!-- This site is optimized with the Yoast SEO plugin v27.2 - https:\/\/yoast.com\/product\/yoast-seo-wordpress\/ -->\n<title>Christophe Baud \u00bb J\u2019ai test\u00e9 le trail, je me suis pris au jeu et j&#039;ai augment\u00e9 les distances et le d\u00e9nivel\u00e9 \u00ab - News Est Lyonnais<\/title>\n<meta name=\"description\" content=\"Christophe Baud \u00bb J\u2019ai test\u00e9 le trail, je me suis pris au jeu et j&#039;ai augment\u00e9 les distances et le d\u00e9nivel\u00e9 \u00ab\" \/>\n<meta name=\"robots\" content=\"index, follow, max-snippet:-1, max-image-preview:large, max-video-preview:-1\" \/>\n<link rel=\"canonical\" href=\"https:\/\/newsestlyonnais.fr\/site\/2024\/01\/24\/christophe-baud-jai-teste-le-trail-je-me-suis-pris-au-jeu-et-jai-augmente-les-distances-et-le-denivele\/\" \/>\n<meta property=\"og:locale\" content=\"fr_FR\" \/>\n<meta property=\"og:type\" content=\"article\" \/>\n<meta property=\"og:title\" content=\"Christophe Baud \u00bb J\u2019ai test\u00e9 le trail, je me suis pris au jeu et j&#039;ai augment\u00e9 les distances et le d\u00e9nivel\u00e9 \u00ab - News Est Lyonnais\" \/>\n<meta property=\"og:description\" content=\"Christophe Baud \u00bb J\u2019ai test\u00e9 le trail, je me suis pris au jeu et j&#039;ai augment\u00e9 les distances et le d\u00e9nivel\u00e9 \u00ab\" \/>\n<meta property=\"og:url\" content=\"https:\/\/newsestlyonnais.fr\/site\/2024\/01\/24\/christophe-baud-jai-teste-le-trail-je-me-suis-pris-au-jeu-et-jai-augmente-les-distances-et-le-denivele\/\" \/>\n<meta property=\"og:site_name\" content=\"News Est Lyonnais\" \/>\n<meta property=\"article:author\" content=\"https:\/\/www.facebook.com\/pascal.oberson.1?fref=ts\" \/>\n<meta property=\"article:published_time\" content=\"2024-01-24T10:49:28+00:00\" \/>\n<meta property=\"article:modified_time\" content=\"2024-01-24T13:05:58+00:00\" \/>\n<meta property=\"og:image\" content=\"https:\/\/newsestlyonnais.fr\/site\/wp-content\/uploads\/2024\/01\/1000056659.jpg\" \/>\n\t<meta property=\"og:image:width\" content=\"900\" \/>\n\t<meta property=\"og:image:height\" content=\"925\" \/>\n\t<meta property=\"og:image:type\" content=\"image\/jpeg\" \/>\n<meta name=\"author\" content=\"R\u00e9dac. NEWS\" \/>\n<meta name=\"twitter:card\" content=\"summary_large_image\" \/>\n<meta name=\"twitter:label1\" content=\"\u00c9crit par\" \/>\n\t<meta name=\"twitter:data1\" content=\"R\u00e9dac. NEWS\" \/>\n\t<meta name=\"twitter:label2\" content=\"Dur\u00e9e de lecture estim\u00e9e\" \/>\n\t<meta name=\"twitter:data2\" content=\"3 minutes\" \/>\n<script type=\"application\/ld+json\" class=\"yoast-schema-graph\">{\"@context\":\"https:\/\/schema.org\",\"@graph\":[{\"@type\":\"Article\",\"@id\":\"https:\/\/newsestlyonnais.fr\/site\/2024\/01\/24\/christophe-baud-jai-teste-le-trail-je-me-suis-pris-au-jeu-et-jai-augmente-les-distances-et-le-denivele\/#article\",\"isPartOf\":{\"@id\":\"https:\/\/newsestlyonnais.fr\/site\/2024\/01\/24\/christophe-baud-jai-teste-le-trail-je-me-suis-pris-au-jeu-et-jai-augmente-les-distances-et-le-denivele\/\"},\"author\":{\"name\":\"R\u00e9dac. NEWS\",\"@id\":\"https:\/\/newsestlyonnais.fr\/site\/#\/schema\/person\/3230d5615f390bb808365d673001e887\"},\"headline\":\"Christophe Baud \u00bb J\u2019ai test\u00e9 le trail, je me suis pris au jeu et j&rsquo;ai augment\u00e9 les distances et le d\u00e9nivel\u00e9 \u00ab\",\"datePublished\":\"2024-01-24T10:49:28+00:00\",\"dateModified\":\"2024-01-24T13:05:58+00:00\",\"mainEntityOfPage\":{\"@id\":\"https:\/\/newsestlyonnais.fr\/site\/2024\/01\/24\/christophe-baud-jai-teste-le-trail-je-me-suis-pris-au-jeu-et-jai-augmente-les-distances-et-le-denivele\/\"},\"wordCount\":541,\"commentCount\":0,\"publisher\":{\"@id\":\"https:\/\/newsestlyonnais.fr\/site\/#organization\"},\"image\":{\"@id\":\"https:\/\/newsestlyonnais.fr\/site\/2024\/01\/24\/christophe-baud-jai-teste-le-trail-je-me-suis-pris-au-jeu-et-jai-augmente-les-distances-et-le-denivele\/#primaryimage\"},\"thumbnailUrl\":\"https:\/\/newsestlyonnais.fr\/site\/wp-content\/uploads\/2024\/01\/1000056659.jpg\",\"keywords\":[\"Backyard\",\"Christophe Baud\",\"Haute-savoie\"],\"articleSection\":[\"Athl\u00e9 | Course pied | Marche\",\"Autres d\u00e9partements\",\"Interview \u00e0 la une\",\"Interviews\"],\"inLanguage\":\"fr-FR\",\"potentialAction\":[{\"@type\":\"CommentAction\",\"name\":\"Comment\",\"target\":[\"https:\/\/newsestlyonnais.fr\/site\/2024\/01\/24\/christophe-baud-jai-teste-le-trail-je-me-suis-pris-au-jeu-et-jai-augmente-les-distances-et-le-denivele\/#respond\"]}]},{\"@type\":\"WebPage\",\"@id\":\"https:\/\/newsestlyonnais.fr\/site\/2024\/01\/24\/christophe-baud-jai-teste-le-trail-je-me-suis-pris-au-jeu-et-jai-augmente-les-distances-et-le-denivele\/\",\"url\":\"https:\/\/newsestlyonnais.fr\/site\/2024\/01\/24\/christophe-baud-jai-teste-le-trail-je-me-suis-pris-au-jeu-et-jai-augmente-les-distances-et-le-denivele\/\",\"name\":\"Christophe Baud \u00bb J\u2019ai test\u00e9 le trail, je me suis pris au jeu et j'ai augment\u00e9 les distances et le d\u00e9nivel\u00e9 \u00ab - News Est Lyonnais\",\"isPartOf\":{\"@id\":\"https:\/\/newsestlyonnais.fr\/site\/#website\"},\"primaryImageOfPage\":{\"@id\":\"https:\/\/newsestlyonnais.fr\/site\/2024\/01\/24\/christophe-baud-jai-teste-le-trail-je-me-suis-pris-au-jeu-et-jai-augmente-les-distances-et-le-denivele\/#primaryimage\"},\"image\":{\"@id\":\"https:\/\/newsestlyonnais.fr\/site\/2024\/01\/24\/christophe-baud-jai-teste-le-trail-je-me-suis-pris-au-jeu-et-jai-augmente-les-distances-et-le-denivele\/#primaryimage\"},\"thumbnailUrl\":\"https:\/\/newsestlyonnais.fr\/site\/wp-content\/uploads\/2024\/01\/1000056659.jpg\",\"datePublished\":\"2024-01-24T10:49:28+00:00\",\"dateModified\":\"2024-01-24T13:05:58+00:00\",\"description\":\"Christophe Baud \u00bb J\u2019ai test\u00e9 le trail, je me suis pris au jeu et j'ai augment\u00e9 les distances et le d\u00e9nivel\u00e9 \u00ab\",\"breadcrumb\":{\"@id\":\"https:\/\/newsestlyonnais.fr\/site\/2024\/01\/24\/christophe-baud-jai-teste-le-trail-je-me-suis-pris-au-jeu-et-jai-augmente-les-distances-et-le-denivele\/#breadcrumb\"},\"inLanguage\":\"fr-FR\",\"potentialAction\":[{\"@type\":\"ReadAction\",\"target\":[\"https:\/\/newsestlyonnais.fr\/site\/2024\/01\/24\/christophe-baud-jai-teste-le-trail-je-me-suis-pris-au-jeu-et-jai-augmente-les-distances-et-le-denivele\/\"]}]},{\"@type\":\"ImageObject\",\"inLanguage\":\"fr-FR\",\"@id\":\"https:\/\/newsestlyonnais.fr\/site\/2024\/01\/24\/christophe-baud-jai-teste-le-trail-je-me-suis-pris-au-jeu-et-jai-augmente-les-distances-et-le-denivele\/#primaryimage\",\"url\":\"https:\/\/newsestlyonnais.fr\/site\/wp-content\/uploads\/2024\/01\/1000056659.jpg\",\"contentUrl\":\"https:\/\/newsestlyonnais.fr\/site\/wp-content\/uploads\/2024\/01\/1000056659.jpg\",\"width\":900,\"height\":925},{\"@type\":\"BreadcrumbList\",\"@id\":\"https:\/\/newsestlyonnais.fr\/site\/2024\/01\/24\/christophe-baud-jai-teste-le-trail-je-me-suis-pris-au-jeu-et-jai-augmente-les-distances-et-le-denivele\/#breadcrumb\",\"itemListElement\":[{\"@type\":\"ListItem\",\"position\":1,\"name\":\"Accueil\",\"item\":\"https:\/\/newsestlyonnais.fr\/site\/\"},{\"@type\":\"ListItem\",\"position\":2,\"name\":\"Christophe Baud \u00bb J\u2019ai test\u00e9 le trail, je me suis pris au jeu et j&rsquo;ai augment\u00e9 les distances et le d\u00e9nivel\u00e9 \u00ab\"}]},{\"@type\":\"WebSite\",\"@id\":\"https:\/\/newsestlyonnais.fr\/site\/#website\",\"url\":\"https:\/\/newsestlyonnais.fr\/site\/\",\"name\":\"News Est Lyonnais\",\"description\":\"L&#039;actualit\u00e9 au plus pr\u00e8s\",\"publisher\":{\"@id\":\"https:\/\/newsestlyonnais.fr\/site\/#organization\"},\"potentialAction\":[{\"@type\":\"SearchAction\",\"target\":{\"@type\":\"EntryPoint\",\"urlTemplate\":\"https:\/\/newsestlyonnais.fr\/site\/?s={search_term_string}\"},\"query-input\":{\"@type\":\"PropertyValueSpecification\",\"valueRequired\":true,\"valueName\":\"search_term_string\"}}],\"inLanguage\":\"fr-FR\"},{\"@type\":\"Organization\",\"@id\":\"https:\/\/newsestlyonnais.fr\/site\/#organization\",\"name\":\"News EST LYONNAIS\",\"url\":\"https:\/\/newsestlyonnais.fr\/site\/\",\"logo\":{\"@type\":\"ImageObject\",\"inLanguage\":\"fr-FR\",\"@id\":\"https:\/\/newsestlyonnais.fr\/site\/#\/schema\/logo\/image\/\",\"url\":\"\",\"contentUrl\":\"\",\"caption\":\"News EST LYONNAIS\"},\"image\":{\"@id\":\"https:\/\/newsestlyonnais.fr\/site\/#\/schema\/logo\/image\/\"}},{\"@type\":\"Person\",\"@id\":\"https:\/\/newsestlyonnais.fr\/site\/#\/schema\/person\/3230d5615f390bb808365d673001e887\",\"name\":\"R\u00e9dac. NEWS\",\"sameAs\":[\"http:\/\/www.newsestlyonnais.fr\",\"https:\/\/www.facebook.com\/pascal.oberson.1?fref=ts\",\"https:\/\/fr.linkedin.com\/in\/pascal-oberson-b17045113\"],\"url\":\"https:\/\/newsestlyonnais.fr\/site\/author\/nel\/\"}]}<\/script>\n<!-- \/ Yoast SEO plugin. -->","yoast_head_json":{"title":"Christophe Baud \u00bb J\u2019ai test\u00e9 le trail, je me suis pris au jeu et j'ai augment\u00e9 les distances et le d\u00e9nivel\u00e9 \u00ab - News Est Lyonnais","description":"Christophe Baud \u00bb J\u2019ai test\u00e9 le trail, je me suis pris au jeu et j'ai augment\u00e9 les distances et le d\u00e9nivel\u00e9 \u00ab","robots":{"index":"index","follow":"follow","max-snippet":"max-snippet:-1","max-image-preview":"max-image-preview:large","max-video-preview":"max-video-preview:-1"},"canonical":"https:\/\/newsestlyonnais.fr\/site\/2024\/01\/24\/christophe-baud-jai-teste-le-trail-je-me-suis-pris-au-jeu-et-jai-augmente-les-distances-et-le-denivele\/","og_locale":"fr_FR","og_type":"article","og_title":"Christophe Baud \u00bb J\u2019ai test\u00e9 le trail, je me suis pris au jeu et j'ai augment\u00e9 les distances et le d\u00e9nivel\u00e9 \u00ab - News Est Lyonnais","og_description":"Christophe Baud \u00bb J\u2019ai test\u00e9 le trail, je me suis pris au jeu et j'ai augment\u00e9 les distances et le d\u00e9nivel\u00e9 \u00ab","og_url":"https:\/\/newsestlyonnais.fr\/site\/2024\/01\/24\/christophe-baud-jai-teste-le-trail-je-me-suis-pris-au-jeu-et-jai-augmente-les-distances-et-le-denivele\/","og_site_name":"News Est Lyonnais","article_author":"https:\/\/www.facebook.com\/pascal.oberson.1?fref=ts","article_published_time":"2024-01-24T10:49:28+00:00","article_modified_time":"2024-01-24T13:05:58+00:00","og_image":[{"width":900,"height":925,"url":"https:\/\/newsestlyonnais.fr\/site\/wp-content\/uploads\/2024\/01\/1000056659.jpg","type":"image\/jpeg"}],"author":"R\u00e9dac. NEWS","twitter_card":"summary_large_image","twitter_misc":{"\u00c9crit par":"R\u00e9dac. NEWS","Dur\u00e9e de lecture estim\u00e9e":"3 minutes"},"schema":{"@context":"https:\/\/schema.org","@graph":[{"@type":"Article","@id":"https:\/\/newsestlyonnais.fr\/site\/2024\/01\/24\/christophe-baud-jai-teste-le-trail-je-me-suis-pris-au-jeu-et-jai-augmente-les-distances-et-le-denivele\/#article","isPartOf":{"@id":"https:\/\/newsestlyonnais.fr\/site\/2024\/01\/24\/christophe-baud-jai-teste-le-trail-je-me-suis-pris-au-jeu-et-jai-augmente-les-distances-et-le-denivele\/"},"author":{"name":"R\u00e9dac. NEWS","@id":"https:\/\/newsestlyonnais.fr\/site\/#\/schema\/person\/3230d5615f390bb808365d673001e887"},"headline":"Christophe Baud \u00bb J\u2019ai test\u00e9 le trail, je me suis pris au jeu et j&rsquo;ai augment\u00e9 les distances et le d\u00e9nivel\u00e9 \u00ab","datePublished":"2024-01-24T10:49:28+00:00","dateModified":"2024-01-24T13:05:58+00:00","mainEntityOfPage":{"@id":"https:\/\/newsestlyonnais.fr\/site\/2024\/01\/24\/christophe-baud-jai-teste-le-trail-je-me-suis-pris-au-jeu-et-jai-augmente-les-distances-et-le-denivele\/"},"wordCount":541,"commentCount":0,"publisher":{"@id":"https:\/\/newsestlyonnais.fr\/site\/#organization"},"image":{"@id":"https:\/\/newsestlyonnais.fr\/site\/2024\/01\/24\/christophe-baud-jai-teste-le-trail-je-me-suis-pris-au-jeu-et-jai-augmente-les-distances-et-le-denivele\/#primaryimage"},"thumbnailUrl":"https:\/\/newsestlyonnais.fr\/site\/wp-content\/uploads\/2024\/01\/1000056659.jpg","keywords":["Backyard","Christophe Baud","Haute-savoie"],"articleSection":["Athl\u00e9 | Course pied | Marche","Autres d\u00e9partements","Interview \u00e0 la une","Interviews"],"inLanguage":"fr-FR","potentialAction":[{"@type":"CommentAction","name":"Comment","target":["https:\/\/newsestlyonnais.fr\/site\/2024\/01\/24\/christophe-baud-jai-teste-le-trail-je-me-suis-pris-au-jeu-et-jai-augmente-les-distances-et-le-denivele\/#respond"]}]},{"@type":"WebPage","@id":"https:\/\/newsestlyonnais.fr\/site\/2024\/01\/24\/christophe-baud-jai-teste-le-trail-je-me-suis-pris-au-jeu-et-jai-augmente-les-distances-et-le-denivele\/","url":"https:\/\/newsestlyonnais.fr\/site\/2024\/01\/24\/christophe-baud-jai-teste-le-trail-je-me-suis-pris-au-jeu-et-jai-augmente-les-distances-et-le-denivele\/","name":"Christophe Baud \u00bb J\u2019ai test\u00e9 le trail, je me suis pris au jeu et j'ai augment\u00e9 les distances et le d\u00e9nivel\u00e9 \u00ab - News Est Lyonnais","isPartOf":{"@id":"https:\/\/newsestlyonnais.fr\/site\/#website"},"primaryImageOfPage":{"@id":"https:\/\/newsestlyonnais.fr\/site\/2024\/01\/24\/christophe-baud-jai-teste-le-trail-je-me-suis-pris-au-jeu-et-jai-augmente-les-distances-et-le-denivele\/#primaryimage"},"image":{"@id":"https:\/\/newsestlyonnais.fr\/site\/2024\/01\/24\/christophe-baud-jai-teste-le-trail-je-me-suis-pris-au-jeu-et-jai-augmente-les-distances-et-le-denivele\/#primaryimage"},"thumbnailUrl":"https:\/\/newsestlyonnais.fr\/site\/wp-content\/uploads\/2024\/01\/1000056659.jpg","datePublished":"2024-01-24T10:49:28+00:00","dateModified":"2024-01-24T13:05:58+00:00","description":"Christophe Baud \u00bb J\u2019ai test\u00e9 le trail, je me suis pris au jeu et j'ai augment\u00e9 les distances et le d\u00e9nivel\u00e9 \u00ab","breadcrumb":{"@id":"https:\/\/newsestlyonnais.fr\/site\/2024\/01\/24\/christophe-baud-jai-teste-le-trail-je-me-suis-pris-au-jeu-et-jai-augmente-les-distances-et-le-denivele\/#breadcrumb"},"inLanguage":"fr-FR","potentialAction":[{"@type":"ReadAction","target":["https:\/\/newsestlyonnais.fr\/site\/2024\/01\/24\/christophe-baud-jai-teste-le-trail-je-me-suis-pris-au-jeu-et-jai-augmente-les-distances-et-le-denivele\/"]}]},{"@type":"ImageObject","inLanguage":"fr-FR","@id":"https:\/\/newsestlyonnais.fr\/site\/2024\/01\/24\/christophe-baud-jai-teste-le-trail-je-me-suis-pris-au-jeu-et-jai-augmente-les-distances-et-le-denivele\/#primaryimage","url":"https:\/\/newsestlyonnais.fr\/site\/wp-content\/uploads\/2024\/01\/1000056659.jpg","contentUrl":"https:\/\/newsestlyonnais.fr\/site\/wp-content\/uploads\/2024\/01\/1000056659.jpg","width":900,"height":925},{"@type":"BreadcrumbList","@id":"https:\/\/newsestlyonnais.fr\/site\/2024\/01\/24\/christophe-baud-jai-teste-le-trail-je-me-suis-pris-au-jeu-et-jai-augmente-les-distances-et-le-denivele\/#breadcrumb","itemListElement":[{"@type":"ListItem","position":1,"name":"Accueil","item":"https:\/\/newsestlyonnais.fr\/site\/"},{"@type":"ListItem","position":2,"name":"Christophe Baud \u00bb J\u2019ai test\u00e9 le trail, je me suis pris au jeu et j&rsquo;ai augment\u00e9 les distances et le d\u00e9nivel\u00e9 \u00ab"}]},{"@type":"WebSite","@id":"https:\/\/newsestlyonnais.fr\/site\/#website","url":"https:\/\/newsestlyonnais.fr\/site\/","name":"News Est Lyonnais","description":"L&#039;actualit\u00e9 au plus pr\u00e8s","publisher":{"@id":"https:\/\/newsestlyonnais.fr\/site\/#organization"},"potentialAction":[{"@type":"SearchAction","target":{"@type":"EntryPoint","urlTemplate":"https:\/\/newsestlyonnais.fr\/site\/?s={search_term_string}"},"query-input":{"@type":"PropertyValueSpecification","valueRequired":true,"valueName":"search_term_string"}}],"inLanguage":"fr-FR"},{"@type":"Organization","@id":"https:\/\/newsestlyonnais.fr\/site\/#organization","name":"News EST LYONNAIS","url":"https:\/\/newsestlyonnais.fr\/site\/","logo":{"@type":"ImageObject","inLanguage":"fr-FR","@id":"https:\/\/newsestlyonnais.fr\/site\/#\/schema\/logo\/image\/","url":"","contentUrl":"","caption":"News EST LYONNAIS"},"image":{"@id":"https:\/\/newsestlyonnais.fr\/site\/#\/schema\/logo\/image\/"}},{"@type":"Person","@id":"https:\/\/newsestlyonnais.fr\/site\/#\/schema\/person\/3230d5615f390bb808365d673001e887","name":"R\u00e9dac. NEWS","sameAs":["http:\/\/www.newsestlyonnais.fr","https:\/\/www.facebook.com\/pascal.oberson.1?fref=ts","https:\/\/fr.linkedin.com\/in\/pascal-oberson-b17045113"],"url":"https:\/\/newsestlyonnais.fr\/site\/author\/nel\/"}]}},"_links":{"self":[{"href":"https:\/\/newsestlyonnais.fr\/site\/wp-json\/wp\/v2\/posts\/199740","targetHints":{"allow":["GET"]}}],"collection":[{"href":"https:\/\/newsestlyonnais.fr\/site\/wp-json\/wp\/v2\/posts"}],"about":[{"href":"https:\/\/newsestlyonnais.fr\/site\/wp-json\/wp\/v2\/types\/post"}],"author":[{"embeddable":true,"href":"https:\/\/newsestlyonnais.fr\/site\/wp-json\/wp\/v2\/users\/4"}],"replies":[{"embeddable":true,"href":"https:\/\/newsestlyonnais.fr\/site\/wp-json\/wp\/v2\/comments?post=199740"}],"version-history":[{"count":0,"href":"https:\/\/newsestlyonnais.fr\/site\/wp-json\/wp\/v2\/posts\/199740\/revisions"}],"wp:featuredmedia":[{"embeddable":true,"href":"https:\/\/newsestlyonnais.fr\/site\/wp-json\/wp\/v2\/media\/199771"}],"wp:attachment":[{"href":"https:\/\/newsestlyonnais.fr\/site\/wp-json\/wp\/v2\/media?parent=199740"}],"wp:term":[{"taxonomy":"category","embeddable":true,"href":"https:\/\/newsestlyonnais.fr\/site\/wp-json\/wp\/v2\/categories?post=199740"},{"taxonomy":"post_tag","embeddable":true,"href":"https:\/\/newsestlyonnais.fr\/site\/wp-json\/wp\/v2\/tags?post=199740"}],"curies":[{"name":"wp","href":"https:\/\/api.w.org\/{rel}","templated":true}]}}