{"id":199906,"date":"2024-01-26T14:36:17","date_gmt":"2024-01-26T13:36:17","guid":{"rendered":"https:\/\/newsestlyonnais.fr\/site\/?p=199906"},"modified":"2024-01-26T14:36:17","modified_gmt":"2024-01-26T13:36:17","slug":"olivier-gaillard-je-suis-toujours-dans-loptique-de-profiter-tant-que-je-prends-du-plaisir-a-mentrainer","status":"publish","type":"post","link":"https:\/\/newsestlyonnais.fr\/site\/2024\/01\/26\/olivier-gaillard-je-suis-toujours-dans-loptique-de-profiter-tant-que-je-prends-du-plaisir-a-mentrainer\/","title":{"rendered":"Olivier Gaillard \u00bb Je suis toujours dans l\u2019optique de profiter tant que je prends du plaisir \u00e0 m\u2019entra\u00eener \u00ab"},"content":{"rendered":"<p><span style=\"background-color: #000000; color: #ffffff;\"><strong>Petite pr\u00e9sentation<\/strong><\/span><\/p>\n<p>\u00bb J\u2019habite Sathonay-Camp, j\u2019ai 41 ans et je suis <strong>salari\u00e9 du Comit\u00e9 d\u2019Athl\u00e9tisme Rh\u00f4ne M\u00e9tropole Lyon. <\/strong>Je suis<strong> licenci\u00e9 et entra\u00eeneur \u00e0 l\u2019AS Caluire \u00ab.<\/strong><\/p>\n<hr \/>\n<p><span style=\"background-color: #000000; color: #ffffff;\"><strong>\u00a0Apr\u00e8s une ann\u00e9e 2022 o\u00f9 tu as notamment c\u00e9l\u00e9br\u00e9 tes 40 ans et choisi New York pour ton 9\u00b0 marathon, comment as-tu abord\u00e9 2023 ?<\/strong><\/span><\/p>\n<p>\u00bb Je suis <strong>toujours dans l\u2019optique de profiter tant que je prends du plaisir \u00e0 m\u2019entra\u00eener<\/strong>, <strong>que mon corps reste \u00e9pargn\u00e9 par les blessures<\/strong>. Et comme j\u2019ai du mal \u00e0 choisir,<strong> j\u2019ai pratiqu\u00e9 en cross, sur route, et sur piste\u00a0<\/strong>!<\/p>\n<p>En tant qu\u2019entraineur, beaucoup de moments forts \u00e9galement v\u00e9cus sur les comp\u00e9titions o\u00f9 je n\u2019ai pas couru \u00ab.<\/p>\n<p><strong><span style=\"background-color: #000000; color: #ffffff;\">Avant de la d\u00e9tailler, comment qualifierais-tu, cette ann\u00e9e 2023 ?<\/span><\/strong><\/p>\n<p><strong>\u00bb Riche<\/strong>\u00a0! <strong>Tant sur les encha\u00eenements d\u2019objectifs compl\u00e9tement diff\u00e9rents, que sur les moments de partage<\/strong> lors des comp\u00e9titions \u00ab.<\/p>\n<p><strong><span style=\"background-color: #000000; color: #ffffff;\">Combien de comp\u00e9titions disput\u00e9es, quels r\u00e9sultats ?<\/span><\/strong><\/p>\n<p><strong>\u00bb 5 cross, 7 courses sur route, et 10 comp\u00e9titions sur piste (800\/1500m)<\/strong>. Ce qui fait 22 en tout, c\u2019est beaucoup mais<strong> la majorit\u00e9 a \u00e9t\u00e9 courue sur des courtes distances <\/strong>notamment en saison estivale.<\/p>\n<p>J\u2019ai pu d\u00e9crocher <strong>2 m\u00e9dailles de bronze aux championnats de France masters sur 800 et 1.500 m<\/strong>, ce ne sont pas des comp\u00e9titions de gros niveaux, mais <strong>on s\u2019y amuse comme des cadets<\/strong> ! \u00ab<\/p>\n<p><strong>\u00a0<span style=\"background-color: #000000; color: #ffffff;\">Quel en a \u00e9t\u00e9 le moment fort et as-tu atteint tes objectifs ?<\/span><\/strong><\/p>\n<p><strong>\u00bb J\u2019ai atteint tous mes objectifs \u00e0 l\u2019exception du semi-marathon de Copenhague<\/strong> o\u00f9 je me suis trou\u00e9 complet\u00a0!<\/p>\n<p>Mais <strong>les moments les plus forts ont \u00e9t\u00e9 v\u00e9cus par procuration<\/strong>, le partage avec des athl\u00e8tes battant leur record personnel, et le <strong>marathon de Valence que j\u2019ai couru pour la premi\u00e8re fois en int\u00e9gralit\u00e9 pour aider ma compagne Suzanne Cariant<\/strong> \u00e0 battre son record personnel. Les 10 derniers km ont \u00e9t\u00e9 tellement difficiles pour aller chercher son record, que <strong>les \u00e9motions ont \u00e9t\u00e9 d\u00e9cupl\u00e9es en passant la ligne d\u2019arriv\u00e9e \u00ab.<\/strong><\/p>\n<hr \/>\n<p><strong><span style=\"background-color: #000000; color: #ffffff;\">Quel est ton programme pour 2024 ?<\/span><\/strong><\/p>\n<p>\u00bb Les cross jusqu\u2019aux championnats de France, le championnat de France masters en salle puisque ce sera \u00e0 domicile cette ann\u00e9e le premier week-end de mars, puis la saison estivale toujours sur 1.500 m avec l\u00e0 encore les championnats de France masters au mois de juin.<\/p>\n<p><strong>Le gros temps fort se fera en seconde partie de saison avec le marathon de Berlin<\/strong> au mois de septembre \u00ab.<\/p>\n<hr \/>\n<p><span style=\"background-color: #000000; color: #ffffff;\"><strong>Une ou deux petites anecdotes pour conclure ?<\/strong><\/span><\/p>\n<p>\u00bb J\u2019avais <strong>d\u00e9cid\u00e9 de me challenger cette ann\u00e9e \u00e0 plus de 40 ans en revenant sur 800 m\u00e8tres, dix ann\u00e9es apr\u00e8s mon dernier<\/strong> et avec le r\u00eave de repasser sous les 2 min. J\u2019ai (presque) eu l\u2019impression de retrouver une seconde jeunesse et m\u00eame si j\u2019ai \u00e9chou\u00e9 de quelques centi\u00e8mes (2\u201900\u2019\u201909) je me suis vraiment repris au jeu !<\/p>\n<p><strong>Du coup on va retenter le coup en 2024 et apprendre \u00e0 mieux casser sur la ligne,<\/strong> je demanderai conseils \u00e0 Christophe Lema\u00eetre pour qu\u2019il m\u2019enseigne son fameux cass\u00e9 du renard ! \u00ab<\/p>\n<hr \/>\n<div id='gallery-1' class='gallery galleryid-199906 gallery-columns-2 gallery-size-large'><figure class='gallery-item'>\n\t\t\t<div class='gallery-icon portrait'>\n\t\t\t\t<a href='https:\/\/newsestlyonnais.fr\/site\/2024\/01\/26\/olivier-gaillard-je-suis-toujours-dans-loptique-de-profiter-tant-que-je-prends-du-plaisir-a-mentrainer\/oliv-issy-2023-8\/'><img loading=\"lazy\" decoding=\"async\" width=\"633\" height=\"750\" src=\"https:\/\/newsestlyonnais.fr\/site\/wp-content\/uploads\/2024\/01\/Oliv-Issy-2023-8-650x770.jpg\" class=\"attachment-large size-large\" alt=\"\" srcset=\"https:\/\/newsestlyonnais.fr\/site\/wp-content\/uploads\/2024\/01\/Oliv-Issy-2023-8-650x770.jpg 650w, https:\/\/newsestlyonnais.fr\/site\/wp-content\/uploads\/2024\/01\/Oliv-Issy-2023-8-400x474.jpg 400w, https:\/\/newsestlyonnais.fr\/site\/wp-content\/uploads\/2024\/01\/Oliv-Issy-2023-8-250x296.jpg 250w, https:\/\/newsestlyonnais.fr\/site\/wp-content\/uploads\/2024\/01\/Oliv-Issy-2023-8-768x910.jpg 768w, https:\/\/newsestlyonnais.fr\/site\/wp-content\/uploads\/2024\/01\/Oliv-Issy-2023-8-150x178.jpg 150w, https:\/\/newsestlyonnais.fr\/site\/wp-content\/uploads\/2024\/01\/Oliv-Issy-2023-8-50x59.jpg 50w, https:\/\/newsestlyonnais.fr\/site\/wp-content\/uploads\/2024\/01\/Oliv-Issy-2023-8-100x118.jpg 100w, https:\/\/newsestlyonnais.fr\/site\/wp-content\/uploads\/2024\/01\/Oliv-Issy-2023-8-200x237.jpg 200w, https:\/\/newsestlyonnais.fr\/site\/wp-content\/uploads\/2024\/01\/Oliv-Issy-2023-8-300x355.jpg 300w, https:\/\/newsestlyonnais.fr\/site\/wp-content\/uploads\/2024\/01\/Oliv-Issy-2023-8-350x415.jpg 350w, https:\/\/newsestlyonnais.fr\/site\/wp-content\/uploads\/2024\/01\/Oliv-Issy-2023-8-450x533.jpg 450w, https:\/\/newsestlyonnais.fr\/site\/wp-content\/uploads\/2024\/01\/Oliv-Issy-2023-8-500x592.jpg 500w, https:\/\/newsestlyonnais.fr\/site\/wp-content\/uploads\/2024\/01\/Oliv-Issy-2023-8-550x652.jpg 550w, https:\/\/newsestlyonnais.fr\/site\/wp-content\/uploads\/2024\/01\/Oliv-Issy-2023-8-800x948.jpg 800w, https:\/\/newsestlyonnais.fr\/site\/wp-content\/uploads\/2024\/01\/Oliv-Issy-2023-8.jpg 1013w\" sizes=\"auto, (max-width: 633px) 100vw, 633px\" \/><\/a>\n\t\t\t<\/div><\/figure><figure class='gallery-item'>\n\t\t\t<div class='gallery-icon landscape'>\n\t\t\t\t<a href='https:\/\/newsestlyonnais.fr\/site\/2024\/01\/26\/olivier-gaillard-je-suis-toujours-dans-loptique-de-profiter-tant-que-je-prends-du-plaisir-a-mentrainer\/sathonay-camp-2023\/'><img loading=\"lazy\" decoding=\"async\" width=\"640\" height=\"426\" src=\"https:\/\/newsestlyonnais.fr\/site\/wp-content\/uploads\/2024\/01\/VP-20230302-248-Edit-650x433.jpg\" class=\"attachment-large size-large\" alt=\"\" aria-describedby=\"gallery-1-200004\" srcset=\"https:\/\/newsestlyonnais.fr\/site\/wp-content\/uploads\/2024\/01\/VP-20230302-248-Edit-650x433.jpg 650w, https:\/\/newsestlyonnais.fr\/site\/wp-content\/uploads\/2024\/01\/VP-20230302-248-Edit-400x267.jpg 400w, https:\/\/newsestlyonnais.fr\/site\/wp-content\/uploads\/2024\/01\/VP-20230302-248-Edit-250x167.jpg 250w, https:\/\/newsestlyonnais.fr\/site\/wp-content\/uploads\/2024\/01\/VP-20230302-248-Edit-768x512.jpg 768w, https:\/\/newsestlyonnais.fr\/site\/wp-content\/uploads\/2024\/01\/VP-20230302-248-Edit-150x100.jpg 150w, https:\/\/newsestlyonnais.fr\/site\/wp-content\/uploads\/2024\/01\/VP-20230302-248-Edit-50x33.jpg 50w, https:\/\/newsestlyonnais.fr\/site\/wp-content\/uploads\/2024\/01\/VP-20230302-248-Edit-100x67.jpg 100w, https:\/\/newsestlyonnais.fr\/site\/wp-content\/uploads\/2024\/01\/VP-20230302-248-Edit-200x133.jpg 200w, https:\/\/newsestlyonnais.fr\/site\/wp-content\/uploads\/2024\/01\/VP-20230302-248-Edit-300x200.jpg 300w, https:\/\/newsestlyonnais.fr\/site\/wp-content\/uploads\/2024\/01\/VP-20230302-248-Edit-350x233.jpg 350w, https:\/\/newsestlyonnais.fr\/site\/wp-content\/uploads\/2024\/01\/VP-20230302-248-Edit-450x300.jpg 450w, https:\/\/newsestlyonnais.fr\/site\/wp-content\/uploads\/2024\/01\/VP-20230302-248-Edit-500x333.jpg 500w, https:\/\/newsestlyonnais.fr\/site\/wp-content\/uploads\/2024\/01\/VP-20230302-248-Edit-550x367.jpg 550w, https:\/\/newsestlyonnais.fr\/site\/wp-content\/uploads\/2024\/01\/VP-20230302-248-Edit-800x533.jpg 800w, https:\/\/newsestlyonnais.fr\/site\/wp-content\/uploads\/2024\/01\/VP-20230302-248-Edit.jpg 1200w\" sizes=\"auto, (max-width: 640px) 100vw, 640px\" \/><\/a>\n\t\t\t<\/div>\n\t\t\t\t<figcaption class='wp-caption-text gallery-caption' id='gallery-1-200004'>\n\t\t\t\tSathonay Camp, 2023.\n\t\t\t\t<\/figcaption><\/figure>\n\t\t<\/div>\n\n<hr \/>\n<p><span style=\"background-color: #000000; color: #ffcc00; font-size: 14pt;\"><strong>Prochain bilan &gt;\u00a0Anthony Gomes<\/strong> <strong>(Course \u00e0 pied)<\/strong><\/span><\/p>\n","protected":false},"excerpt":{"rendered":"<p>Objectifs pratiquement tous atteints en 2023 pour le coureur et entraineur de l&rsquo;AS Caluire dont les moments les plus forts ont \u00e9t\u00e9 v\u00e9cus par procuration en partage avec des athl\u00e8tes. <\/p>\n","protected":false},"author":4,"featured_media":199908,"comment_status":"open","ping_status":"open","sticky":false,"template":"","format":"standard","meta":{"footnotes":""},"categories":[4626,2968,1620,4152,4286,137],"tags":[4002,4009,4663,4081],"class_list":["post-199906","post","type-post","status-publish","format-standard","has-post-thumbnail","hentry","category-arbitrage-benevolat-coaching","category-athle-course-pied-marche","category-caluire","category-caluire-rillieux-la-pape","category-interview-a-la-une","category-interviews","tag-as-caluire-athle","tag-course","tag-entrainement","tag-olivier-gaillard"],"yoast_head":"<!-- This site is optimized with the Yoast SEO plugin v27.2 - https:\/\/yoast.com\/product\/yoast-seo-wordpress\/ -->\n<title>Olivier Gaillard \u00bb Je suis toujours dans l\u2019optique de profiter tant que je prends du plaisir \u00e0 m\u2019entra\u00eener \u00ab - News Est Lyonnais<\/title>\n<meta name=\"description\" content=\"Olivier Gaillard \u00bb Je suis toujours dans l\u2019optique de profiter tant que je prends du plaisir \u00e0 m\u2019entra\u00eener \u00ab\" \/>\n<meta name=\"robots\" content=\"index, follow, max-snippet:-1, max-image-preview:large, max-video-preview:-1\" \/>\n<link rel=\"canonical\" href=\"https:\/\/newsestlyonnais.fr\/site\/2024\/01\/26\/olivier-gaillard-je-suis-toujours-dans-loptique-de-profiter-tant-que-je-prends-du-plaisir-a-mentrainer\/\" \/>\n<meta property=\"og:locale\" content=\"fr_FR\" \/>\n<meta property=\"og:type\" content=\"article\" \/>\n<meta property=\"og:title\" content=\"Olivier Gaillard \u00bb Je suis toujours dans l\u2019optique de profiter tant que je prends du plaisir \u00e0 m\u2019entra\u00eener \u00ab - News Est Lyonnais\" \/>\n<meta property=\"og:description\" content=\"Olivier Gaillard \u00bb Je suis toujours dans l\u2019optique de profiter tant que je prends du plaisir \u00e0 m\u2019entra\u00eener \u00ab\" \/>\n<meta property=\"og:url\" content=\"https:\/\/newsestlyonnais.fr\/site\/2024\/01\/26\/olivier-gaillard-je-suis-toujours-dans-loptique-de-profiter-tant-que-je-prends-du-plaisir-a-mentrainer\/\" \/>\n<meta property=\"og:site_name\" content=\"News Est Lyonnais\" \/>\n<meta property=\"article:author\" content=\"https:\/\/www.facebook.com\/pascal.oberson.1?fref=ts\" \/>\n<meta property=\"article:published_time\" content=\"2024-01-26T13:36:17+00:00\" \/>\n<meta property=\"og:image\" content=\"https:\/\/newsestlyonnais.fr\/site\/wp-content\/uploads\/2024\/01\/IMG_2598.jpg\" \/>\n\t<meta property=\"og:image:width\" content=\"1200\" \/>\n\t<meta property=\"og:image:height\" content=\"1193\" \/>\n\t<meta property=\"og:image:type\" content=\"image\/jpeg\" \/>\n<meta name=\"author\" content=\"R\u00e9dac. NEWS\" \/>\n<meta name=\"twitter:card\" content=\"summary_large_image\" \/>\n<meta name=\"twitter:label1\" content=\"\u00c9crit par\" \/>\n\t<meta name=\"twitter:data1\" content=\"R\u00e9dac. NEWS\" \/>\n\t<meta name=\"twitter:label2\" content=\"Dur\u00e9e de lecture estim\u00e9e\" \/>\n\t<meta name=\"twitter:data2\" content=\"3 minutes\" \/>\n<script type=\"application\/ld+json\" class=\"yoast-schema-graph\">{\"@context\":\"https:\/\/schema.org\",\"@graph\":[{\"@type\":\"Article\",\"@id\":\"https:\/\/newsestlyonnais.fr\/site\/2024\/01\/26\/olivier-gaillard-je-suis-toujours-dans-loptique-de-profiter-tant-que-je-prends-du-plaisir-a-mentrainer\/#article\",\"isPartOf\":{\"@id\":\"https:\/\/newsestlyonnais.fr\/site\/2024\/01\/26\/olivier-gaillard-je-suis-toujours-dans-loptique-de-profiter-tant-que-je-prends-du-plaisir-a-mentrainer\/\"},\"author\":{\"name\":\"R\u00e9dac. NEWS\",\"@id\":\"https:\/\/newsestlyonnais.fr\/site\/#\/schema\/person\/3230d5615f390bb808365d673001e887\"},\"headline\":\"Olivier Gaillard \u00bb Je suis toujours dans l\u2019optique de profiter tant que je prends du plaisir \u00e0 m\u2019entra\u00eener \u00ab\",\"datePublished\":\"2024-01-26T13:36:17+00:00\",\"mainEntityOfPage\":{\"@id\":\"https:\/\/newsestlyonnais.fr\/site\/2024\/01\/26\/olivier-gaillard-je-suis-toujours-dans-loptique-de-profiter-tant-que-je-prends-du-plaisir-a-mentrainer\/\"},\"wordCount\":538,\"commentCount\":0,\"publisher\":{\"@id\":\"https:\/\/newsestlyonnais.fr\/site\/#organization\"},\"image\":{\"@id\":\"https:\/\/newsestlyonnais.fr\/site\/2024\/01\/26\/olivier-gaillard-je-suis-toujours-dans-loptique-de-profiter-tant-que-je-prends-du-plaisir-a-mentrainer\/#primaryimage\"},\"thumbnailUrl\":\"https:\/\/newsestlyonnais.fr\/site\/wp-content\/uploads\/2024\/01\/IMG_2598.jpg\",\"keywords\":[\"AS CALUIRE ATHLE\",\"COURSE\",\"Entrainement\",\"Olivier Gaillard\"],\"articleSection\":[\"Arbitrage | B\u00e9n\u00e9volat | Coaching\",\"Athl\u00e9 | Course pied | Marche\",\"Caluire\",\"CALUIRE | RILLIEUX LA PAPE\",\"Interview \u00e0 la une\",\"Interviews\"],\"inLanguage\":\"fr-FR\",\"potentialAction\":[{\"@type\":\"CommentAction\",\"name\":\"Comment\",\"target\":[\"https:\/\/newsestlyonnais.fr\/site\/2024\/01\/26\/olivier-gaillard-je-suis-toujours-dans-loptique-de-profiter-tant-que-je-prends-du-plaisir-a-mentrainer\/#respond\"]}]},{\"@type\":\"WebPage\",\"@id\":\"https:\/\/newsestlyonnais.fr\/site\/2024\/01\/26\/olivier-gaillard-je-suis-toujours-dans-loptique-de-profiter-tant-que-je-prends-du-plaisir-a-mentrainer\/\",\"url\":\"https:\/\/newsestlyonnais.fr\/site\/2024\/01\/26\/olivier-gaillard-je-suis-toujours-dans-loptique-de-profiter-tant-que-je-prends-du-plaisir-a-mentrainer\/\",\"name\":\"Olivier Gaillard \u00bb Je suis toujours dans l\u2019optique de profiter tant que je prends du plaisir \u00e0 m\u2019entra\u00eener \u00ab - News Est Lyonnais\",\"isPartOf\":{\"@id\":\"https:\/\/newsestlyonnais.fr\/site\/#website\"},\"primaryImageOfPage\":{\"@id\":\"https:\/\/newsestlyonnais.fr\/site\/2024\/01\/26\/olivier-gaillard-je-suis-toujours-dans-loptique-de-profiter-tant-que-je-prends-du-plaisir-a-mentrainer\/#primaryimage\"},\"image\":{\"@id\":\"https:\/\/newsestlyonnais.fr\/site\/2024\/01\/26\/olivier-gaillard-je-suis-toujours-dans-loptique-de-profiter-tant-que-je-prends-du-plaisir-a-mentrainer\/#primaryimage\"},\"thumbnailUrl\":\"https:\/\/newsestlyonnais.fr\/site\/wp-content\/uploads\/2024\/01\/IMG_2598.jpg\",\"datePublished\":\"2024-01-26T13:36:17+00:00\",\"description\":\"Olivier Gaillard \u00bb Je suis toujours dans l\u2019optique de profiter tant que je prends du plaisir \u00e0 m\u2019entra\u00eener \u00ab\",\"breadcrumb\":{\"@id\":\"https:\/\/newsestlyonnais.fr\/site\/2024\/01\/26\/olivier-gaillard-je-suis-toujours-dans-loptique-de-profiter-tant-que-je-prends-du-plaisir-a-mentrainer\/#breadcrumb\"},\"inLanguage\":\"fr-FR\",\"potentialAction\":[{\"@type\":\"ReadAction\",\"target\":[\"https:\/\/newsestlyonnais.fr\/site\/2024\/01\/26\/olivier-gaillard-je-suis-toujours-dans-loptique-de-profiter-tant-que-je-prends-du-plaisir-a-mentrainer\/\"]}]},{\"@type\":\"ImageObject\",\"inLanguage\":\"fr-FR\",\"@id\":\"https:\/\/newsestlyonnais.fr\/site\/2024\/01\/26\/olivier-gaillard-je-suis-toujours-dans-loptique-de-profiter-tant-que-je-prends-du-plaisir-a-mentrainer\/#primaryimage\",\"url\":\"https:\/\/newsestlyonnais.fr\/site\/wp-content\/uploads\/2024\/01\/IMG_2598.jpg\",\"contentUrl\":\"https:\/\/newsestlyonnais.fr\/site\/wp-content\/uploads\/2024\/01\/IMG_2598.jpg\",\"width\":1200,\"height\":1193},{\"@type\":\"BreadcrumbList\",\"@id\":\"https:\/\/newsestlyonnais.fr\/site\/2024\/01\/26\/olivier-gaillard-je-suis-toujours-dans-loptique-de-profiter-tant-que-je-prends-du-plaisir-a-mentrainer\/#breadcrumb\",\"itemListElement\":[{\"@type\":\"ListItem\",\"position\":1,\"name\":\"Accueil\",\"item\":\"https:\/\/newsestlyonnais.fr\/site\/\"},{\"@type\":\"ListItem\",\"position\":2,\"name\":\"Olivier Gaillard \u00bb Je suis toujours dans l\u2019optique de profiter tant que je prends du plaisir \u00e0 m\u2019entra\u00eener \u00ab\"}]},{\"@type\":\"WebSite\",\"@id\":\"https:\/\/newsestlyonnais.fr\/site\/#website\",\"url\":\"https:\/\/newsestlyonnais.fr\/site\/\",\"name\":\"News Est Lyonnais\",\"description\":\"L&#039;actualit\u00e9 au plus pr\u00e8s\",\"publisher\":{\"@id\":\"https:\/\/newsestlyonnais.fr\/site\/#organization\"},\"potentialAction\":[{\"@type\":\"SearchAction\",\"target\":{\"@type\":\"EntryPoint\",\"urlTemplate\":\"https:\/\/newsestlyonnais.fr\/site\/?s={search_term_string}\"},\"query-input\":{\"@type\":\"PropertyValueSpecification\",\"valueRequired\":true,\"valueName\":\"search_term_string\"}}],\"inLanguage\":\"fr-FR\"},{\"@type\":\"Organization\",\"@id\":\"https:\/\/newsestlyonnais.fr\/site\/#organization\",\"name\":\"News EST LYONNAIS\",\"url\":\"https:\/\/newsestlyonnais.fr\/site\/\",\"logo\":{\"@type\":\"ImageObject\",\"inLanguage\":\"fr-FR\",\"@id\":\"https:\/\/newsestlyonnais.fr\/site\/#\/schema\/logo\/image\/\",\"url\":\"\",\"contentUrl\":\"\",\"caption\":\"News EST LYONNAIS\"},\"image\":{\"@id\":\"https:\/\/newsestlyonnais.fr\/site\/#\/schema\/logo\/image\/\"}},{\"@type\":\"Person\",\"@id\":\"https:\/\/newsestlyonnais.fr\/site\/#\/schema\/person\/3230d5615f390bb808365d673001e887\",\"name\":\"R\u00e9dac. NEWS\",\"sameAs\":[\"http:\/\/www.newsestlyonnais.fr\",\"https:\/\/www.facebook.com\/pascal.oberson.1?fref=ts\",\"https:\/\/fr.linkedin.com\/in\/pascal-oberson-b17045113\"],\"url\":\"https:\/\/newsestlyonnais.fr\/site\/author\/nel\/\"}]}<\/script>\n<!-- \/ Yoast SEO plugin. -->","yoast_head_json":{"title":"Olivier Gaillard \u00bb Je suis toujours dans l\u2019optique de profiter tant que je prends du plaisir \u00e0 m\u2019entra\u00eener \u00ab - News Est Lyonnais","description":"Olivier Gaillard \u00bb Je suis toujours dans l\u2019optique de profiter tant que je prends du plaisir \u00e0 m\u2019entra\u00eener \u00ab","robots":{"index":"index","follow":"follow","max-snippet":"max-snippet:-1","max-image-preview":"max-image-preview:large","max-video-preview":"max-video-preview:-1"},"canonical":"https:\/\/newsestlyonnais.fr\/site\/2024\/01\/26\/olivier-gaillard-je-suis-toujours-dans-loptique-de-profiter-tant-que-je-prends-du-plaisir-a-mentrainer\/","og_locale":"fr_FR","og_type":"article","og_title":"Olivier Gaillard \u00bb Je suis toujours dans l\u2019optique de profiter tant que je prends du plaisir \u00e0 m\u2019entra\u00eener \u00ab - News Est Lyonnais","og_description":"Olivier Gaillard \u00bb Je suis toujours dans l\u2019optique de profiter tant que je prends du plaisir \u00e0 m\u2019entra\u00eener \u00ab","og_url":"https:\/\/newsestlyonnais.fr\/site\/2024\/01\/26\/olivier-gaillard-je-suis-toujours-dans-loptique-de-profiter-tant-que-je-prends-du-plaisir-a-mentrainer\/","og_site_name":"News Est Lyonnais","article_author":"https:\/\/www.facebook.com\/pascal.oberson.1?fref=ts","article_published_time":"2024-01-26T13:36:17+00:00","og_image":[{"width":1200,"height":1193,"url":"https:\/\/newsestlyonnais.fr\/site\/wp-content\/uploads\/2024\/01\/IMG_2598.jpg","type":"image\/jpeg"}],"author":"R\u00e9dac. NEWS","twitter_card":"summary_large_image","twitter_misc":{"\u00c9crit par":"R\u00e9dac. NEWS","Dur\u00e9e de lecture estim\u00e9e":"3 minutes"},"schema":{"@context":"https:\/\/schema.org","@graph":[{"@type":"Article","@id":"https:\/\/newsestlyonnais.fr\/site\/2024\/01\/26\/olivier-gaillard-je-suis-toujours-dans-loptique-de-profiter-tant-que-je-prends-du-plaisir-a-mentrainer\/#article","isPartOf":{"@id":"https:\/\/newsestlyonnais.fr\/site\/2024\/01\/26\/olivier-gaillard-je-suis-toujours-dans-loptique-de-profiter-tant-que-je-prends-du-plaisir-a-mentrainer\/"},"author":{"name":"R\u00e9dac. NEWS","@id":"https:\/\/newsestlyonnais.fr\/site\/#\/schema\/person\/3230d5615f390bb808365d673001e887"},"headline":"Olivier Gaillard \u00bb Je suis toujours dans l\u2019optique de profiter tant que je prends du plaisir \u00e0 m\u2019entra\u00eener \u00ab","datePublished":"2024-01-26T13:36:17+00:00","mainEntityOfPage":{"@id":"https:\/\/newsestlyonnais.fr\/site\/2024\/01\/26\/olivier-gaillard-je-suis-toujours-dans-loptique-de-profiter-tant-que-je-prends-du-plaisir-a-mentrainer\/"},"wordCount":538,"commentCount":0,"publisher":{"@id":"https:\/\/newsestlyonnais.fr\/site\/#organization"},"image":{"@id":"https:\/\/newsestlyonnais.fr\/site\/2024\/01\/26\/olivier-gaillard-je-suis-toujours-dans-loptique-de-profiter-tant-que-je-prends-du-plaisir-a-mentrainer\/#primaryimage"},"thumbnailUrl":"https:\/\/newsestlyonnais.fr\/site\/wp-content\/uploads\/2024\/01\/IMG_2598.jpg","keywords":["AS CALUIRE ATHLE","COURSE","Entrainement","Olivier Gaillard"],"articleSection":["Arbitrage | B\u00e9n\u00e9volat | Coaching","Athl\u00e9 | Course pied | Marche","Caluire","CALUIRE | RILLIEUX LA PAPE","Interview \u00e0 la une","Interviews"],"inLanguage":"fr-FR","potentialAction":[{"@type":"CommentAction","name":"Comment","target":["https:\/\/newsestlyonnais.fr\/site\/2024\/01\/26\/olivier-gaillard-je-suis-toujours-dans-loptique-de-profiter-tant-que-je-prends-du-plaisir-a-mentrainer\/#respond"]}]},{"@type":"WebPage","@id":"https:\/\/newsestlyonnais.fr\/site\/2024\/01\/26\/olivier-gaillard-je-suis-toujours-dans-loptique-de-profiter-tant-que-je-prends-du-plaisir-a-mentrainer\/","url":"https:\/\/newsestlyonnais.fr\/site\/2024\/01\/26\/olivier-gaillard-je-suis-toujours-dans-loptique-de-profiter-tant-que-je-prends-du-plaisir-a-mentrainer\/","name":"Olivier Gaillard \u00bb Je suis toujours dans l\u2019optique de profiter tant que je prends du plaisir \u00e0 m\u2019entra\u00eener \u00ab - News Est Lyonnais","isPartOf":{"@id":"https:\/\/newsestlyonnais.fr\/site\/#website"},"primaryImageOfPage":{"@id":"https:\/\/newsestlyonnais.fr\/site\/2024\/01\/26\/olivier-gaillard-je-suis-toujours-dans-loptique-de-profiter-tant-que-je-prends-du-plaisir-a-mentrainer\/#primaryimage"},"image":{"@id":"https:\/\/newsestlyonnais.fr\/site\/2024\/01\/26\/olivier-gaillard-je-suis-toujours-dans-loptique-de-profiter-tant-que-je-prends-du-plaisir-a-mentrainer\/#primaryimage"},"thumbnailUrl":"https:\/\/newsestlyonnais.fr\/site\/wp-content\/uploads\/2024\/01\/IMG_2598.jpg","datePublished":"2024-01-26T13:36:17+00:00","description":"Olivier Gaillard \u00bb Je suis toujours dans l\u2019optique de profiter tant que je prends du plaisir \u00e0 m\u2019entra\u00eener \u00ab","breadcrumb":{"@id":"https:\/\/newsestlyonnais.fr\/site\/2024\/01\/26\/olivier-gaillard-je-suis-toujours-dans-loptique-de-profiter-tant-que-je-prends-du-plaisir-a-mentrainer\/#breadcrumb"},"inLanguage":"fr-FR","potentialAction":[{"@type":"ReadAction","target":["https:\/\/newsestlyonnais.fr\/site\/2024\/01\/26\/olivier-gaillard-je-suis-toujours-dans-loptique-de-profiter-tant-que-je-prends-du-plaisir-a-mentrainer\/"]}]},{"@type":"ImageObject","inLanguage":"fr-FR","@id":"https:\/\/newsestlyonnais.fr\/site\/2024\/01\/26\/olivier-gaillard-je-suis-toujours-dans-loptique-de-profiter-tant-que-je-prends-du-plaisir-a-mentrainer\/#primaryimage","url":"https:\/\/newsestlyonnais.fr\/site\/wp-content\/uploads\/2024\/01\/IMG_2598.jpg","contentUrl":"https:\/\/newsestlyonnais.fr\/site\/wp-content\/uploads\/2024\/01\/IMG_2598.jpg","width":1200,"height":1193},{"@type":"BreadcrumbList","@id":"https:\/\/newsestlyonnais.fr\/site\/2024\/01\/26\/olivier-gaillard-je-suis-toujours-dans-loptique-de-profiter-tant-que-je-prends-du-plaisir-a-mentrainer\/#breadcrumb","itemListElement":[{"@type":"ListItem","position":1,"name":"Accueil","item":"https:\/\/newsestlyonnais.fr\/site\/"},{"@type":"ListItem","position":2,"name":"Olivier Gaillard \u00bb Je suis toujours dans l\u2019optique de profiter tant que je prends du plaisir \u00e0 m\u2019entra\u00eener \u00ab"}]},{"@type":"WebSite","@id":"https:\/\/newsestlyonnais.fr\/site\/#website","url":"https:\/\/newsestlyonnais.fr\/site\/","name":"News Est Lyonnais","description":"L&#039;actualit\u00e9 au plus pr\u00e8s","publisher":{"@id":"https:\/\/newsestlyonnais.fr\/site\/#organization"},"potentialAction":[{"@type":"SearchAction","target":{"@type":"EntryPoint","urlTemplate":"https:\/\/newsestlyonnais.fr\/site\/?s={search_term_string}"},"query-input":{"@type":"PropertyValueSpecification","valueRequired":true,"valueName":"search_term_string"}}],"inLanguage":"fr-FR"},{"@type":"Organization","@id":"https:\/\/newsestlyonnais.fr\/site\/#organization","name":"News EST LYONNAIS","url":"https:\/\/newsestlyonnais.fr\/site\/","logo":{"@type":"ImageObject","inLanguage":"fr-FR","@id":"https:\/\/newsestlyonnais.fr\/site\/#\/schema\/logo\/image\/","url":"","contentUrl":"","caption":"News EST LYONNAIS"},"image":{"@id":"https:\/\/newsestlyonnais.fr\/site\/#\/schema\/logo\/image\/"}},{"@type":"Person","@id":"https:\/\/newsestlyonnais.fr\/site\/#\/schema\/person\/3230d5615f390bb808365d673001e887","name":"R\u00e9dac. NEWS","sameAs":["http:\/\/www.newsestlyonnais.fr","https:\/\/www.facebook.com\/pascal.oberson.1?fref=ts","https:\/\/fr.linkedin.com\/in\/pascal-oberson-b17045113"],"url":"https:\/\/newsestlyonnais.fr\/site\/author\/nel\/"}]}},"_links":{"self":[{"href":"https:\/\/newsestlyonnais.fr\/site\/wp-json\/wp\/v2\/posts\/199906","targetHints":{"allow":["GET"]}}],"collection":[{"href":"https:\/\/newsestlyonnais.fr\/site\/wp-json\/wp\/v2\/posts"}],"about":[{"href":"https:\/\/newsestlyonnais.fr\/site\/wp-json\/wp\/v2\/types\/post"}],"author":[{"embeddable":true,"href":"https:\/\/newsestlyonnais.fr\/site\/wp-json\/wp\/v2\/users\/4"}],"replies":[{"embeddable":true,"href":"https:\/\/newsestlyonnais.fr\/site\/wp-json\/wp\/v2\/comments?post=199906"}],"version-history":[{"count":0,"href":"https:\/\/newsestlyonnais.fr\/site\/wp-json\/wp\/v2\/posts\/199906\/revisions"}],"wp:featuredmedia":[{"embeddable":true,"href":"https:\/\/newsestlyonnais.fr\/site\/wp-json\/wp\/v2\/media\/199908"}],"wp:attachment":[{"href":"https:\/\/newsestlyonnais.fr\/site\/wp-json\/wp\/v2\/media?parent=199906"}],"wp:term":[{"taxonomy":"category","embeddable":true,"href":"https:\/\/newsestlyonnais.fr\/site\/wp-json\/wp\/v2\/categories?post=199906"},{"taxonomy":"post_tag","embeddable":true,"href":"https:\/\/newsestlyonnais.fr\/site\/wp-json\/wp\/v2\/tags?post=199906"}],"curies":[{"name":"wp","href":"https:\/\/api.w.org\/{rel}","templated":true}]}}