{"id":200153,"date":"2024-01-28T19:56:39","date_gmt":"2024-01-28T18:56:39","guid":{"rendered":"https:\/\/newsestlyonnais.fr\/site\/?p=200153"},"modified":"2024-01-31T16:51:43","modified_gmt":"2024-01-31T15:51:43","slug":"meyzieu-le-tournoi-france-escudier-de-tennis-a-pris-fin","status":"publish","type":"post","link":"https:\/\/newsestlyonnais.fr\/site\/2024\/01\/28\/meyzieu-le-tournoi-france-escudier-de-tennis-a-pris-fin\/","title":{"rendered":"MEYZIEU | Le tournoi \u00ab France Escudier \u00bb de tennis a pris fin"},"content":{"rendered":"<p><em><strong><img loading=\"lazy\" decoding=\"async\" class=\"alignleft wp-image-200211\" src=\"https:\/\/newsestlyonnais.fr\/site\/wp-content\/uploads\/2024\/01\/P1500734-400x300.jpg\" alt=\"\" width=\"333\" height=\"250\" srcset=\"https:\/\/newsestlyonnais.fr\/site\/wp-content\/uploads\/2024\/01\/P1500734-400x300.jpg 400w, https:\/\/newsestlyonnais.fr\/site\/wp-content\/uploads\/2024\/01\/P1500734-650x488.jpg 650w, https:\/\/newsestlyonnais.fr\/site\/wp-content\/uploads\/2024\/01\/P1500734-250x188.jpg 250w, https:\/\/newsestlyonnais.fr\/site\/wp-content\/uploads\/2024\/01\/P1500734-768x576.jpg 768w, https:\/\/newsestlyonnais.fr\/site\/wp-content\/uploads\/2024\/01\/P1500734-150x113.jpg 150w, https:\/\/newsestlyonnais.fr\/site\/wp-content\/uploads\/2024\/01\/P1500734-50x38.jpg 50w, https:\/\/newsestlyonnais.fr\/site\/wp-content\/uploads\/2024\/01\/P1500734-100x75.jpg 100w, https:\/\/newsestlyonnais.fr\/site\/wp-content\/uploads\/2024\/01\/P1500734-200x150.jpg 200w, https:\/\/newsestlyonnais.fr\/site\/wp-content\/uploads\/2024\/01\/P1500734-300x225.jpg 300w, https:\/\/newsestlyonnais.fr\/site\/wp-content\/uploads\/2024\/01\/P1500734-350x263.jpg 350w, https:\/\/newsestlyonnais.fr\/site\/wp-content\/uploads\/2024\/01\/P1500734-450x338.jpg 450w, https:\/\/newsestlyonnais.fr\/site\/wp-content\/uploads\/2024\/01\/P1500734-500x375.jpg 500w, https:\/\/newsestlyonnais.fr\/site\/wp-content\/uploads\/2024\/01\/P1500734-550x413.jpg 550w, https:\/\/newsestlyonnais.fr\/site\/wp-content\/uploads\/2024\/01\/P1500734-800x600.jpg 800w, https:\/\/newsestlyonnais.fr\/site\/wp-content\/uploads\/2024\/01\/P1500734.jpg 1200w\" sizes=\"auto, (max-width: 333px) 100vw, 333px\" \/><\/strong><\/em><\/p>\n<p>&nbsp;<\/p>\n<p><span style=\"background-color: #000000; color: #ffffff;\"><em><strong>Un tournoi, qui avec 134 messieurs et 22 dames, soit un total de 156, a connu une participation quasi similaire \u00e0 l&rsquo;an dernier et \u00e9tait supervis\u00e9 par la juge-arbitre Marie-Isabelle Ponsson assist\u00e9e d&rsquo;Anne Nosengo.<\/strong><\/em><\/span><\/p>\n<p>&nbsp;<\/p>\n<hr \/>\n<p style=\"text-align: center;\"><span style=\"background-color: #000000; color: #ff6600; font-size: 18pt;\"><strong><span style=\"background-color: #000000;\">Les r\u00e9sultats des finales<\/span><\/strong><\/span><\/p>\n<p style=\"text-align: center;\"><span style=\"background-color: #000000; color: #ffcc00; font-size: 14pt;\"><strong>Tableau f\u00e9minin<\/strong><\/span><\/p>\n<p><span style=\"color: #ffffff; background-color: #000000;\"><strong><img loading=\"lazy\" decoding=\"async\" class=\"alignleft size-medium wp-image-200179\" src=\"https:\/\/newsestlyonnais.fr\/site\/wp-content\/uploads\/2024\/01\/P1500738-400x300.jpg\" alt=\"\" width=\"400\" height=\"300\" srcset=\"https:\/\/newsestlyonnais.fr\/site\/wp-content\/uploads\/2024\/01\/P1500738-400x300.jpg 400w, https:\/\/newsestlyonnais.fr\/site\/wp-content\/uploads\/2024\/01\/P1500738-650x488.jpg 650w, https:\/\/newsestlyonnais.fr\/site\/wp-content\/uploads\/2024\/01\/P1500738-250x188.jpg 250w, https:\/\/newsestlyonnais.fr\/site\/wp-content\/uploads\/2024\/01\/P1500738-768x576.jpg 768w, https:\/\/newsestlyonnais.fr\/site\/wp-content\/uploads\/2024\/01\/P1500738-150x113.jpg 150w, https:\/\/newsestlyonnais.fr\/site\/wp-content\/uploads\/2024\/01\/P1500738-50x38.jpg 50w, https:\/\/newsestlyonnais.fr\/site\/wp-content\/uploads\/2024\/01\/P1500738-100x75.jpg 100w, https:\/\/newsestlyonnais.fr\/site\/wp-content\/uploads\/2024\/01\/P1500738-200x150.jpg 200w, https:\/\/newsestlyonnais.fr\/site\/wp-content\/uploads\/2024\/01\/P1500738-300x225.jpg 300w, https:\/\/newsestlyonnais.fr\/site\/wp-content\/uploads\/2024\/01\/P1500738-350x263.jpg 350w, https:\/\/newsestlyonnais.fr\/site\/wp-content\/uploads\/2024\/01\/P1500738-450x338.jpg 450w, https:\/\/newsestlyonnais.fr\/site\/wp-content\/uploads\/2024\/01\/P1500738-500x375.jpg 500w, https:\/\/newsestlyonnais.fr\/site\/wp-content\/uploads\/2024\/01\/P1500738-550x413.jpg 550w, https:\/\/newsestlyonnais.fr\/site\/wp-content\/uploads\/2024\/01\/P1500738-800x600.jpg 800w, https:\/\/newsestlyonnais.fr\/site\/wp-content\/uploads\/2024\/01\/P1500738.jpg 1200w\" sizes=\"auto, (max-width: 400px) 100vw, 400px\" \/>45 ans + <\/strong>(22 joueuses)<\/span><strong><br \/>\n<\/strong><\/p>\n<ul>\n<li><strong>S\u00e9verine Soubeyrand<\/strong> (TC Arbresle, 15\/3) bat Nathalie Cartiaux (TC Isle d\u2019Abeau, 15\/3) \u00a0\u00a0 <strong>6\/3, 6\/3<\/strong>.<\/li>\n<\/ul>\n<p><strong>Une des finalistes pr\u00e9vues, Chrystele Colin (TC Corbas), s&rsquo;\u00e9tant bless\u00e9e, c&rsquo;est S\u00e9verine Soubeyrand, qui a \u00e9t\u00e9 rep\u00each\u00e9e et qui s&rsquo;impose en finale face \u00e0 son adversaire is\u00e9roise.<\/strong><\/p>\n<hr \/>\n<hr \/>\n<p style=\"text-align: center;\"><span style=\"background-color: #000000; color: #ffcc00; font-size: 14pt;\"><strong>Tableaux masculins <\/strong><\/span><\/p>\n<p><span style=\"background-color: #000000; color: #ffffff;\"><strong><img loading=\"lazy\" decoding=\"async\" class=\"size-medium wp-image-200191 alignright\" src=\"https:\/\/newsestlyonnais.fr\/site\/wp-content\/uploads\/2024\/01\/P1500746-400x300.jpg\" alt=\"\" width=\"400\" height=\"300\" srcset=\"https:\/\/newsestlyonnais.fr\/site\/wp-content\/uploads\/2024\/01\/P1500746-400x300.jpg 400w, https:\/\/newsestlyonnais.fr\/site\/wp-content\/uploads\/2024\/01\/P1500746-650x488.jpg 650w, https:\/\/newsestlyonnais.fr\/site\/wp-content\/uploads\/2024\/01\/P1500746-250x188.jpg 250w, https:\/\/newsestlyonnais.fr\/site\/wp-content\/uploads\/2024\/01\/P1500746-768x576.jpg 768w, https:\/\/newsestlyonnais.fr\/site\/wp-content\/uploads\/2024\/01\/P1500746-150x113.jpg 150w, https:\/\/newsestlyonnais.fr\/site\/wp-content\/uploads\/2024\/01\/P1500746-50x38.jpg 50w, https:\/\/newsestlyonnais.fr\/site\/wp-content\/uploads\/2024\/01\/P1500746-100x75.jpg 100w, https:\/\/newsestlyonnais.fr\/site\/wp-content\/uploads\/2024\/01\/P1500746-200x150.jpg 200w, https:\/\/newsestlyonnais.fr\/site\/wp-content\/uploads\/2024\/01\/P1500746-300x225.jpg 300w, https:\/\/newsestlyonnais.fr\/site\/wp-content\/uploads\/2024\/01\/P1500746-350x263.jpg 350w, https:\/\/newsestlyonnais.fr\/site\/wp-content\/uploads\/2024\/01\/P1500746-450x338.jpg 450w, https:\/\/newsestlyonnais.fr\/site\/wp-content\/uploads\/2024\/01\/P1500746-500x375.jpg 500w, https:\/\/newsestlyonnais.fr\/site\/wp-content\/uploads\/2024\/01\/P1500746-550x413.jpg 550w, https:\/\/newsestlyonnais.fr\/site\/wp-content\/uploads\/2024\/01\/P1500746-800x600.jpg 800w, https:\/\/newsestlyonnais.fr\/site\/wp-content\/uploads\/2024\/01\/P1500746.jpg 1200w\" sizes=\"auto, (max-width: 400px) 100vw, 400px\" \/>45 ans + <\/strong>(69 joueurs) <\/span><\/p>\n<ul>\n<li><strong>Florian Soulerin<\/strong> (TC St Priest, 15) bat Pascal Anayahan (Ct\u00e9 Rh\u00f4ne M\u00e9tropole Lyon Tennis, 15\/1) \u00a0\u00a0 <strong>6\/3, 6\/4<\/strong>.<\/li>\n<\/ul>\n<p><strong>Le san-priot s&rsquo;est une nouvelle fois impos\u00e9 en terres majolanes et ceci face \u00e0 un adversaire licenci\u00e9 au Comit\u00e9 du Rh\u00f4ne.<\/strong><\/p>\n<p>&nbsp;<\/p>\n<hr \/>\n<p><span style=\"background-color: #000000; color: #ffffff;\"><strong><img loading=\"lazy\" decoding=\"async\" class=\"alignleft size-medium wp-image-200204\" src=\"https:\/\/newsestlyonnais.fr\/site\/wp-content\/uploads\/2024\/01\/P1500744-400x300.jpg\" alt=\"\" width=\"400\" height=\"300\" srcset=\"https:\/\/newsestlyonnais.fr\/site\/wp-content\/uploads\/2024\/01\/P1500744-400x300.jpg 400w, https:\/\/newsestlyonnais.fr\/site\/wp-content\/uploads\/2024\/01\/P1500744-650x488.jpg 650w, https:\/\/newsestlyonnais.fr\/site\/wp-content\/uploads\/2024\/01\/P1500744-250x188.jpg 250w, https:\/\/newsestlyonnais.fr\/site\/wp-content\/uploads\/2024\/01\/P1500744-768x576.jpg 768w, https:\/\/newsestlyonnais.fr\/site\/wp-content\/uploads\/2024\/01\/P1500744-150x113.jpg 150w, https:\/\/newsestlyonnais.fr\/site\/wp-content\/uploads\/2024\/01\/P1500744-50x38.jpg 50w, https:\/\/newsestlyonnais.fr\/site\/wp-content\/uploads\/2024\/01\/P1500744-100x75.jpg 100w, https:\/\/newsestlyonnais.fr\/site\/wp-content\/uploads\/2024\/01\/P1500744-200x150.jpg 200w, https:\/\/newsestlyonnais.fr\/site\/wp-content\/uploads\/2024\/01\/P1500744-300x225.jpg 300w, https:\/\/newsestlyonnais.fr\/site\/wp-content\/uploads\/2024\/01\/P1500744-350x263.jpg 350w, https:\/\/newsestlyonnais.fr\/site\/wp-content\/uploads\/2024\/01\/P1500744-450x338.jpg 450w, https:\/\/newsestlyonnais.fr\/site\/wp-content\/uploads\/2024\/01\/P1500744-500x375.jpg 500w, https:\/\/newsestlyonnais.fr\/site\/wp-content\/uploads\/2024\/01\/P1500744-550x413.jpg 550w, https:\/\/newsestlyonnais.fr\/site\/wp-content\/uploads\/2024\/01\/P1500744-800x600.jpg 800w, https:\/\/newsestlyonnais.fr\/site\/wp-content\/uploads\/2024\/01\/P1500744.jpg 1200w\" sizes=\"auto, (max-width: 400px) 100vw, 400px\" \/>55 ans + <\/strong>(28 joueurs)<\/span><\/p>\n<p>&nbsp;<\/p>\n<ul>\n<li><strong>Serge Bonura<\/strong> (AT Francheville, 15\/3) bat Philippe Defaye (TC La Pape, 15\/2) \u00a0 <strong>6\/3, 6\/1<\/strong>.<\/li>\n<\/ul>\n<p><strong>Succ\u00e8s lors de l&rsquo;ultime partie du tennisman de l&rsquo;Ouest lyonnais face \u00e0 son adversaire rilliard en 2 sets.<\/strong><\/p>\n<p>&nbsp;<\/p>\n<hr \/>\n<p><span style=\"background-color: #000000; color: #ffffff;\"><strong><img loading=\"lazy\" decoding=\"async\" class=\"size-medium wp-image-200187 alignright\" src=\"https:\/\/newsestlyonnais.fr\/site\/wp-content\/uploads\/2024\/01\/P1500742-400x300.jpg\" alt=\"\" width=\"400\" height=\"300\" srcset=\"https:\/\/newsestlyonnais.fr\/site\/wp-content\/uploads\/2024\/01\/P1500742-400x300.jpg 400w, https:\/\/newsestlyonnais.fr\/site\/wp-content\/uploads\/2024\/01\/P1500742-650x488.jpg 650w, https:\/\/newsestlyonnais.fr\/site\/wp-content\/uploads\/2024\/01\/P1500742-250x188.jpg 250w, https:\/\/newsestlyonnais.fr\/site\/wp-content\/uploads\/2024\/01\/P1500742-768x576.jpg 768w, https:\/\/newsestlyonnais.fr\/site\/wp-content\/uploads\/2024\/01\/P1500742-150x113.jpg 150w, https:\/\/newsestlyonnais.fr\/site\/wp-content\/uploads\/2024\/01\/P1500742-50x38.jpg 50w, https:\/\/newsestlyonnais.fr\/site\/wp-content\/uploads\/2024\/01\/P1500742-100x75.jpg 100w, https:\/\/newsestlyonnais.fr\/site\/wp-content\/uploads\/2024\/01\/P1500742-200x150.jpg 200w, https:\/\/newsestlyonnais.fr\/site\/wp-content\/uploads\/2024\/01\/P1500742-300x225.jpg 300w, https:\/\/newsestlyonnais.fr\/site\/wp-content\/uploads\/2024\/01\/P1500742-350x263.jpg 350w, https:\/\/newsestlyonnais.fr\/site\/wp-content\/uploads\/2024\/01\/P1500742-450x338.jpg 450w, https:\/\/newsestlyonnais.fr\/site\/wp-content\/uploads\/2024\/01\/P1500742-500x375.jpg 500w, https:\/\/newsestlyonnais.fr\/site\/wp-content\/uploads\/2024\/01\/P1500742-550x413.jpg 550w, https:\/\/newsestlyonnais.fr\/site\/wp-content\/uploads\/2024\/01\/P1500742-800x600.jpg 800w, https:\/\/newsestlyonnais.fr\/site\/wp-content\/uploads\/2024\/01\/P1500742.jpg 1200w\" sizes=\"auto, (max-width: 400px) 100vw, 400px\" \/>65 ans + <\/strong>(14 joueurs)<\/span><\/p>\n<ul>\n<li><strong>Jean-Luc Gaillard<\/strong> (TC Irigny, 15\/5) bat Maurice Belforte (TC D\u00e9cines, 15\/5) \u00a0 \u00a0\u00a0\u00a0\u00a0 <strong>6\/2, 4\/6, 10\/4<\/strong>.<\/li>\n<\/ul>\n<p><strong>Dans cette seule finale conclue en trois sets et opposant deux joueurs au classement similaire le tennisman d&rsquo;Irigny l&rsquo;a emport\u00e9 face au d\u00e9cinois.<\/strong><\/p>\n<p>&nbsp;<\/p>\n<hr \/>\n<p>.<span style=\"background-color: #000000; color: #ffffff;\"><strong><img loading=\"lazy\" decoding=\"async\" class=\"alignleft size-medium wp-image-200183\" src=\"https:\/\/newsestlyonnais.fr\/site\/wp-content\/uploads\/2024\/01\/P1500740-400x300.jpg\" alt=\"\" width=\"400\" height=\"300\" srcset=\"https:\/\/newsestlyonnais.fr\/site\/wp-content\/uploads\/2024\/01\/P1500740-400x300.jpg 400w, https:\/\/newsestlyonnais.fr\/site\/wp-content\/uploads\/2024\/01\/P1500740-650x488.jpg 650w, https:\/\/newsestlyonnais.fr\/site\/wp-content\/uploads\/2024\/01\/P1500740-250x188.jpg 250w, https:\/\/newsestlyonnais.fr\/site\/wp-content\/uploads\/2024\/01\/P1500740-768x576.jpg 768w, https:\/\/newsestlyonnais.fr\/site\/wp-content\/uploads\/2024\/01\/P1500740-150x113.jpg 150w, https:\/\/newsestlyonnais.fr\/site\/wp-content\/uploads\/2024\/01\/P1500740-50x38.jpg 50w, https:\/\/newsestlyonnais.fr\/site\/wp-content\/uploads\/2024\/01\/P1500740-100x75.jpg 100w, https:\/\/newsestlyonnais.fr\/site\/wp-content\/uploads\/2024\/01\/P1500740-200x150.jpg 200w, https:\/\/newsestlyonnais.fr\/site\/wp-content\/uploads\/2024\/01\/P1500740-300x225.jpg 300w, https:\/\/newsestlyonnais.fr\/site\/wp-content\/uploads\/2024\/01\/P1500740-350x263.jpg 350w, https:\/\/newsestlyonnais.fr\/site\/wp-content\/uploads\/2024\/01\/P1500740-450x338.jpg 450w, https:\/\/newsestlyonnais.fr\/site\/wp-content\/uploads\/2024\/01\/P1500740-500x375.jpg 500w, https:\/\/newsestlyonnais.fr\/site\/wp-content\/uploads\/2024\/01\/P1500740-550x413.jpg 550w, https:\/\/newsestlyonnais.fr\/site\/wp-content\/uploads\/2024\/01\/P1500740-800x600.jpg 800w, https:\/\/newsestlyonnais.fr\/site\/wp-content\/uploads\/2024\/01\/P1500740.jpg 1200w\" sizes=\"auto, (max-width: 400px) 100vw, 400px\" \/><\/strong><\/span><\/p>\n<p><span style=\"background-color: #000000; color: #ffffff;\"><strong>70 ans + <\/strong>(23 joueurs) <\/span><\/p>\n<ul>\n<li><strong>Gilles Aymard<\/strong> (TC Lyon, 15\/4) bat G\u00e9rard Baas (TC Lyon, 15\/4)\u00a0\u00a0\u00a0 <strong>6\/1, 6\/1<\/strong>.<\/li>\n<\/ul>\n<p>A l&rsquo;issue de cette finale 100 % lyonnaise opposant m\u00eame deux joueurs du m\u00eame club (TCL), Gilles Aymard l&rsquo;a facilement emport\u00e9 en deux manches face \u00e0 son a\u00een\u00e9.<\/p>\n<hr \/>\n<p>&nbsp;<\/p>\n","protected":false},"excerpt":{"rendered":"<p>Apr\u00e8s pr\u00e8s de 3 semaines de comp\u00e9tition, cette \u00e9preuve \u00ab\u00a0v\u00e9t\u00e9rans\u00a0\u00bb programm\u00e9e en 5 tableaux s&rsquo;achevait dimanche apr\u00e8s-midi sur les courts couverts du Meyzieu Tennis.<\/p>\n","protected":false},"author":4,"featured_media":200163,"comment_status":"open","ping_status":"open","sticky":false,"template":"","format":"standard","meta":{"footnotes":""},"categories":[24,2,2992,2991],"tags":[4562,2081,2548,2049,2216],"class_list":["post-200153","post","type-post","status-publish","format-standard","has-post-thumbnail","hentry","category-meyzieu","category-sports","category-tennis-padel","category-tennis-tennis-table-sports","tag-france-escudier","tag-meyzieu","tag-meyzieu-tennis","tag-tennis","tag-tournoi"],"yoast_head":"<!-- This site is optimized with the Yoast SEO plugin v27.2 - https:\/\/yoast.com\/product\/yoast-seo-wordpress\/ -->\n<title>MEYZIEU | Le tournoi \u00ab France Escudier \u00bb de tennis a pris fin - News Est Lyonnais<\/title>\n<meta name=\"description\" content=\"MEYZIEU | Le tournoi \u00ab France Escudier \u00bb de tennis a pris fin\" \/>\n<meta name=\"robots\" content=\"index, follow, max-snippet:-1, max-image-preview:large, max-video-preview:-1\" \/>\n<link rel=\"canonical\" href=\"https:\/\/newsestlyonnais.fr\/site\/2024\/01\/28\/meyzieu-le-tournoi-france-escudier-de-tennis-a-pris-fin\/\" \/>\n<meta property=\"og:locale\" content=\"fr_FR\" \/>\n<meta property=\"og:type\" content=\"article\" \/>\n<meta property=\"og:title\" content=\"MEYZIEU | Le tournoi \u00ab France Escudier \u00bb de tennis a pris fin - News Est Lyonnais\" \/>\n<meta property=\"og:description\" content=\"MEYZIEU | Le tournoi \u00ab France Escudier \u00bb de tennis a pris fin\" \/>\n<meta property=\"og:url\" content=\"https:\/\/newsestlyonnais.fr\/site\/2024\/01\/28\/meyzieu-le-tournoi-france-escudier-de-tennis-a-pris-fin\/\" \/>\n<meta property=\"og:site_name\" content=\"News Est Lyonnais\" \/>\n<meta property=\"article:author\" content=\"https:\/\/www.facebook.com\/pascal.oberson.1?fref=ts\" \/>\n<meta property=\"article:published_time\" content=\"2024-01-28T18:56:39+00:00\" \/>\n<meta property=\"article:modified_time\" content=\"2024-01-31T15:51:43+00:00\" \/>\n<meta property=\"og:image\" content=\"https:\/\/newsestlyonnais.fr\/site\/wp-content\/uploads\/2024\/01\/P1500747-1-scaled.jpg\" \/>\n\t<meta property=\"og:image:width\" content=\"2560\" \/>\n\t<meta property=\"og:image:height\" content=\"1151\" \/>\n\t<meta property=\"og:image:type\" content=\"image\/jpeg\" \/>\n<meta name=\"author\" content=\"R\u00e9dac. NEWS\" \/>\n<meta name=\"twitter:card\" content=\"summary_large_image\" \/>\n<meta name=\"twitter:label1\" content=\"\u00c9crit par\" \/>\n\t<meta name=\"twitter:data1\" content=\"R\u00e9dac. NEWS\" \/>\n\t<meta name=\"twitter:label2\" content=\"Dur\u00e9e de lecture estim\u00e9e\" \/>\n\t<meta name=\"twitter:data2\" content=\"3 minutes\" \/>\n<script type=\"application\/ld+json\" class=\"yoast-schema-graph\">{\"@context\":\"https:\/\/schema.org\",\"@graph\":[{\"@type\":\"Article\",\"@id\":\"https:\/\/newsestlyonnais.fr\/site\/2024\/01\/28\/meyzieu-le-tournoi-france-escudier-de-tennis-a-pris-fin\/#article\",\"isPartOf\":{\"@id\":\"https:\/\/newsestlyonnais.fr\/site\/2024\/01\/28\/meyzieu-le-tournoi-france-escudier-de-tennis-a-pris-fin\/\"},\"author\":{\"name\":\"R\u00e9dac. NEWS\",\"@id\":\"https:\/\/newsestlyonnais.fr\/site\/#\/schema\/person\/3230d5615f390bb808365d673001e887\"},\"headline\":\"MEYZIEU | Le tournoi \u00ab France Escudier \u00bb de tennis a pris fin\",\"datePublished\":\"2024-01-28T18:56:39+00:00\",\"dateModified\":\"2024-01-31T15:51:43+00:00\",\"mainEntityOfPage\":{\"@id\":\"https:\/\/newsestlyonnais.fr\/site\/2024\/01\/28\/meyzieu-le-tournoi-france-escudier-de-tennis-a-pris-fin\/\"},\"wordCount\":259,\"commentCount\":0,\"publisher\":{\"@id\":\"https:\/\/newsestlyonnais.fr\/site\/#organization\"},\"image\":{\"@id\":\"https:\/\/newsestlyonnais.fr\/site\/2024\/01\/28\/meyzieu-le-tournoi-france-escudier-de-tennis-a-pris-fin\/#primaryimage\"},\"thumbnailUrl\":\"https:\/\/newsestlyonnais.fr\/site\/wp-content\/uploads\/2024\/01\/P1500747-1-scaled.jpg\",\"keywords\":[\"France Escudier\",\"MEYZIEU\",\"MEYZIEU TENNIS\",\"TENNIS\",\"TOURNOI\"],\"articleSection\":[\"Meyzieu\",\"Sports\",\"Tennis | Padel\",\"Tennis | Tennis de table\"],\"inLanguage\":\"fr-FR\",\"potentialAction\":[{\"@type\":\"CommentAction\",\"name\":\"Comment\",\"target\":[\"https:\/\/newsestlyonnais.fr\/site\/2024\/01\/28\/meyzieu-le-tournoi-france-escudier-de-tennis-a-pris-fin\/#respond\"]}]},{\"@type\":\"WebPage\",\"@id\":\"https:\/\/newsestlyonnais.fr\/site\/2024\/01\/28\/meyzieu-le-tournoi-france-escudier-de-tennis-a-pris-fin\/\",\"url\":\"https:\/\/newsestlyonnais.fr\/site\/2024\/01\/28\/meyzieu-le-tournoi-france-escudier-de-tennis-a-pris-fin\/\",\"name\":\"MEYZIEU | Le tournoi \u00ab France Escudier \u00bb de tennis a pris fin - News Est Lyonnais\",\"isPartOf\":{\"@id\":\"https:\/\/newsestlyonnais.fr\/site\/#website\"},\"primaryImageOfPage\":{\"@id\":\"https:\/\/newsestlyonnais.fr\/site\/2024\/01\/28\/meyzieu-le-tournoi-france-escudier-de-tennis-a-pris-fin\/#primaryimage\"},\"image\":{\"@id\":\"https:\/\/newsestlyonnais.fr\/site\/2024\/01\/28\/meyzieu-le-tournoi-france-escudier-de-tennis-a-pris-fin\/#primaryimage\"},\"thumbnailUrl\":\"https:\/\/newsestlyonnais.fr\/site\/wp-content\/uploads\/2024\/01\/P1500747-1-scaled.jpg\",\"datePublished\":\"2024-01-28T18:56:39+00:00\",\"dateModified\":\"2024-01-31T15:51:43+00:00\",\"description\":\"MEYZIEU | Le tournoi \u00ab France Escudier \u00bb de tennis a pris fin\",\"breadcrumb\":{\"@id\":\"https:\/\/newsestlyonnais.fr\/site\/2024\/01\/28\/meyzieu-le-tournoi-france-escudier-de-tennis-a-pris-fin\/#breadcrumb\"},\"inLanguage\":\"fr-FR\",\"potentialAction\":[{\"@type\":\"ReadAction\",\"target\":[\"https:\/\/newsestlyonnais.fr\/site\/2024\/01\/28\/meyzieu-le-tournoi-france-escudier-de-tennis-a-pris-fin\/\"]}]},{\"@type\":\"ImageObject\",\"inLanguage\":\"fr-FR\",\"@id\":\"https:\/\/newsestlyonnais.fr\/site\/2024\/01\/28\/meyzieu-le-tournoi-france-escudier-de-tennis-a-pris-fin\/#primaryimage\",\"url\":\"https:\/\/newsestlyonnais.fr\/site\/wp-content\/uploads\/2024\/01\/P1500747-1-scaled.jpg\",\"contentUrl\":\"https:\/\/newsestlyonnais.fr\/site\/wp-content\/uploads\/2024\/01\/P1500747-1-scaled.jpg\",\"width\":2560,\"height\":1151},{\"@type\":\"BreadcrumbList\",\"@id\":\"https:\/\/newsestlyonnais.fr\/site\/2024\/01\/28\/meyzieu-le-tournoi-france-escudier-de-tennis-a-pris-fin\/#breadcrumb\",\"itemListElement\":[{\"@type\":\"ListItem\",\"position\":1,\"name\":\"Accueil\",\"item\":\"https:\/\/newsestlyonnais.fr\/site\/\"},{\"@type\":\"ListItem\",\"position\":2,\"name\":\"MEYZIEU | Le tournoi \u00ab France Escudier \u00bb de tennis a pris fin\"}]},{\"@type\":\"WebSite\",\"@id\":\"https:\/\/newsestlyonnais.fr\/site\/#website\",\"url\":\"https:\/\/newsestlyonnais.fr\/site\/\",\"name\":\"News Est Lyonnais\",\"description\":\"L&#039;actualit\u00e9 au plus pr\u00e8s\",\"publisher\":{\"@id\":\"https:\/\/newsestlyonnais.fr\/site\/#organization\"},\"potentialAction\":[{\"@type\":\"SearchAction\",\"target\":{\"@type\":\"EntryPoint\",\"urlTemplate\":\"https:\/\/newsestlyonnais.fr\/site\/?s={search_term_string}\"},\"query-input\":{\"@type\":\"PropertyValueSpecification\",\"valueRequired\":true,\"valueName\":\"search_term_string\"}}],\"inLanguage\":\"fr-FR\"},{\"@type\":\"Organization\",\"@id\":\"https:\/\/newsestlyonnais.fr\/site\/#organization\",\"name\":\"News EST LYONNAIS\",\"url\":\"https:\/\/newsestlyonnais.fr\/site\/\",\"logo\":{\"@type\":\"ImageObject\",\"inLanguage\":\"fr-FR\",\"@id\":\"https:\/\/newsestlyonnais.fr\/site\/#\/schema\/logo\/image\/\",\"url\":\"\",\"contentUrl\":\"\",\"caption\":\"News EST LYONNAIS\"},\"image\":{\"@id\":\"https:\/\/newsestlyonnais.fr\/site\/#\/schema\/logo\/image\/\"}},{\"@type\":\"Person\",\"@id\":\"https:\/\/newsestlyonnais.fr\/site\/#\/schema\/person\/3230d5615f390bb808365d673001e887\",\"name\":\"R\u00e9dac. NEWS\",\"sameAs\":[\"http:\/\/www.newsestlyonnais.fr\",\"https:\/\/www.facebook.com\/pascal.oberson.1?fref=ts\",\"https:\/\/fr.linkedin.com\/in\/pascal-oberson-b17045113\"],\"url\":\"https:\/\/newsestlyonnais.fr\/site\/author\/nel\/\"}]}<\/script>\n<!-- \/ Yoast SEO plugin. -->","yoast_head_json":{"title":"MEYZIEU | Le tournoi \u00ab France Escudier \u00bb de tennis a pris fin - News Est Lyonnais","description":"MEYZIEU | Le tournoi \u00ab France Escudier \u00bb de tennis a pris fin","robots":{"index":"index","follow":"follow","max-snippet":"max-snippet:-1","max-image-preview":"max-image-preview:large","max-video-preview":"max-video-preview:-1"},"canonical":"https:\/\/newsestlyonnais.fr\/site\/2024\/01\/28\/meyzieu-le-tournoi-france-escudier-de-tennis-a-pris-fin\/","og_locale":"fr_FR","og_type":"article","og_title":"MEYZIEU | Le tournoi \u00ab France Escudier \u00bb de tennis a pris fin - News Est Lyonnais","og_description":"MEYZIEU | Le tournoi \u00ab France Escudier \u00bb de tennis a pris fin","og_url":"https:\/\/newsestlyonnais.fr\/site\/2024\/01\/28\/meyzieu-le-tournoi-france-escudier-de-tennis-a-pris-fin\/","og_site_name":"News Est Lyonnais","article_author":"https:\/\/www.facebook.com\/pascal.oberson.1?fref=ts","article_published_time":"2024-01-28T18:56:39+00:00","article_modified_time":"2024-01-31T15:51:43+00:00","og_image":[{"width":2560,"height":1151,"url":"https:\/\/newsestlyonnais.fr\/site\/wp-content\/uploads\/2024\/01\/P1500747-1-scaled.jpg","type":"image\/jpeg"}],"author":"R\u00e9dac. NEWS","twitter_card":"summary_large_image","twitter_misc":{"\u00c9crit par":"R\u00e9dac. NEWS","Dur\u00e9e de lecture estim\u00e9e":"3 minutes"},"schema":{"@context":"https:\/\/schema.org","@graph":[{"@type":"Article","@id":"https:\/\/newsestlyonnais.fr\/site\/2024\/01\/28\/meyzieu-le-tournoi-france-escudier-de-tennis-a-pris-fin\/#article","isPartOf":{"@id":"https:\/\/newsestlyonnais.fr\/site\/2024\/01\/28\/meyzieu-le-tournoi-france-escudier-de-tennis-a-pris-fin\/"},"author":{"name":"R\u00e9dac. NEWS","@id":"https:\/\/newsestlyonnais.fr\/site\/#\/schema\/person\/3230d5615f390bb808365d673001e887"},"headline":"MEYZIEU | Le tournoi \u00ab France Escudier \u00bb de tennis a pris fin","datePublished":"2024-01-28T18:56:39+00:00","dateModified":"2024-01-31T15:51:43+00:00","mainEntityOfPage":{"@id":"https:\/\/newsestlyonnais.fr\/site\/2024\/01\/28\/meyzieu-le-tournoi-france-escudier-de-tennis-a-pris-fin\/"},"wordCount":259,"commentCount":0,"publisher":{"@id":"https:\/\/newsestlyonnais.fr\/site\/#organization"},"image":{"@id":"https:\/\/newsestlyonnais.fr\/site\/2024\/01\/28\/meyzieu-le-tournoi-france-escudier-de-tennis-a-pris-fin\/#primaryimage"},"thumbnailUrl":"https:\/\/newsestlyonnais.fr\/site\/wp-content\/uploads\/2024\/01\/P1500747-1-scaled.jpg","keywords":["France Escudier","MEYZIEU","MEYZIEU TENNIS","TENNIS","TOURNOI"],"articleSection":["Meyzieu","Sports","Tennis | Padel","Tennis | Tennis de table"],"inLanguage":"fr-FR","potentialAction":[{"@type":"CommentAction","name":"Comment","target":["https:\/\/newsestlyonnais.fr\/site\/2024\/01\/28\/meyzieu-le-tournoi-france-escudier-de-tennis-a-pris-fin\/#respond"]}]},{"@type":"WebPage","@id":"https:\/\/newsestlyonnais.fr\/site\/2024\/01\/28\/meyzieu-le-tournoi-france-escudier-de-tennis-a-pris-fin\/","url":"https:\/\/newsestlyonnais.fr\/site\/2024\/01\/28\/meyzieu-le-tournoi-france-escudier-de-tennis-a-pris-fin\/","name":"MEYZIEU | Le tournoi \u00ab France Escudier \u00bb de tennis a pris fin - News Est Lyonnais","isPartOf":{"@id":"https:\/\/newsestlyonnais.fr\/site\/#website"},"primaryImageOfPage":{"@id":"https:\/\/newsestlyonnais.fr\/site\/2024\/01\/28\/meyzieu-le-tournoi-france-escudier-de-tennis-a-pris-fin\/#primaryimage"},"image":{"@id":"https:\/\/newsestlyonnais.fr\/site\/2024\/01\/28\/meyzieu-le-tournoi-france-escudier-de-tennis-a-pris-fin\/#primaryimage"},"thumbnailUrl":"https:\/\/newsestlyonnais.fr\/site\/wp-content\/uploads\/2024\/01\/P1500747-1-scaled.jpg","datePublished":"2024-01-28T18:56:39+00:00","dateModified":"2024-01-31T15:51:43+00:00","description":"MEYZIEU | Le tournoi \u00ab France Escudier \u00bb de tennis a pris fin","breadcrumb":{"@id":"https:\/\/newsestlyonnais.fr\/site\/2024\/01\/28\/meyzieu-le-tournoi-france-escudier-de-tennis-a-pris-fin\/#breadcrumb"},"inLanguage":"fr-FR","potentialAction":[{"@type":"ReadAction","target":["https:\/\/newsestlyonnais.fr\/site\/2024\/01\/28\/meyzieu-le-tournoi-france-escudier-de-tennis-a-pris-fin\/"]}]},{"@type":"ImageObject","inLanguage":"fr-FR","@id":"https:\/\/newsestlyonnais.fr\/site\/2024\/01\/28\/meyzieu-le-tournoi-france-escudier-de-tennis-a-pris-fin\/#primaryimage","url":"https:\/\/newsestlyonnais.fr\/site\/wp-content\/uploads\/2024\/01\/P1500747-1-scaled.jpg","contentUrl":"https:\/\/newsestlyonnais.fr\/site\/wp-content\/uploads\/2024\/01\/P1500747-1-scaled.jpg","width":2560,"height":1151},{"@type":"BreadcrumbList","@id":"https:\/\/newsestlyonnais.fr\/site\/2024\/01\/28\/meyzieu-le-tournoi-france-escudier-de-tennis-a-pris-fin\/#breadcrumb","itemListElement":[{"@type":"ListItem","position":1,"name":"Accueil","item":"https:\/\/newsestlyonnais.fr\/site\/"},{"@type":"ListItem","position":2,"name":"MEYZIEU | Le tournoi \u00ab France Escudier \u00bb de tennis a pris fin"}]},{"@type":"WebSite","@id":"https:\/\/newsestlyonnais.fr\/site\/#website","url":"https:\/\/newsestlyonnais.fr\/site\/","name":"News Est Lyonnais","description":"L&#039;actualit\u00e9 au plus pr\u00e8s","publisher":{"@id":"https:\/\/newsestlyonnais.fr\/site\/#organization"},"potentialAction":[{"@type":"SearchAction","target":{"@type":"EntryPoint","urlTemplate":"https:\/\/newsestlyonnais.fr\/site\/?s={search_term_string}"},"query-input":{"@type":"PropertyValueSpecification","valueRequired":true,"valueName":"search_term_string"}}],"inLanguage":"fr-FR"},{"@type":"Organization","@id":"https:\/\/newsestlyonnais.fr\/site\/#organization","name":"News EST LYONNAIS","url":"https:\/\/newsestlyonnais.fr\/site\/","logo":{"@type":"ImageObject","inLanguage":"fr-FR","@id":"https:\/\/newsestlyonnais.fr\/site\/#\/schema\/logo\/image\/","url":"","contentUrl":"","caption":"News EST LYONNAIS"},"image":{"@id":"https:\/\/newsestlyonnais.fr\/site\/#\/schema\/logo\/image\/"}},{"@type":"Person","@id":"https:\/\/newsestlyonnais.fr\/site\/#\/schema\/person\/3230d5615f390bb808365d673001e887","name":"R\u00e9dac. NEWS","sameAs":["http:\/\/www.newsestlyonnais.fr","https:\/\/www.facebook.com\/pascal.oberson.1?fref=ts","https:\/\/fr.linkedin.com\/in\/pascal-oberson-b17045113"],"url":"https:\/\/newsestlyonnais.fr\/site\/author\/nel\/"}]}},"_links":{"self":[{"href":"https:\/\/newsestlyonnais.fr\/site\/wp-json\/wp\/v2\/posts\/200153","targetHints":{"allow":["GET"]}}],"collection":[{"href":"https:\/\/newsestlyonnais.fr\/site\/wp-json\/wp\/v2\/posts"}],"about":[{"href":"https:\/\/newsestlyonnais.fr\/site\/wp-json\/wp\/v2\/types\/post"}],"author":[{"embeddable":true,"href":"https:\/\/newsestlyonnais.fr\/site\/wp-json\/wp\/v2\/users\/4"}],"replies":[{"embeddable":true,"href":"https:\/\/newsestlyonnais.fr\/site\/wp-json\/wp\/v2\/comments?post=200153"}],"version-history":[{"count":0,"href":"https:\/\/newsestlyonnais.fr\/site\/wp-json\/wp\/v2\/posts\/200153\/revisions"}],"wp:featuredmedia":[{"embeddable":true,"href":"https:\/\/newsestlyonnais.fr\/site\/wp-json\/wp\/v2\/media\/200163"}],"wp:attachment":[{"href":"https:\/\/newsestlyonnais.fr\/site\/wp-json\/wp\/v2\/media?parent=200153"}],"wp:term":[{"taxonomy":"category","embeddable":true,"href":"https:\/\/newsestlyonnais.fr\/site\/wp-json\/wp\/v2\/categories?post=200153"},{"taxonomy":"post_tag","embeddable":true,"href":"https:\/\/newsestlyonnais.fr\/site\/wp-json\/wp\/v2\/tags?post=200153"}],"curies":[{"name":"wp","href":"https:\/\/api.w.org\/{rel}","templated":true}]}}